{"id":5284,"date":"2026-03-06T12:59:51","date_gmt":"2026-03-06T12:59:51","guid":{"rendered":"https:\/\/migracja.inzynier.rzeszow.pl\/?p=5284"},"modified":"2026-04-09T11:42:21","modified_gmt":"2026-04-09T10:42:21","slug":"wyjazd-sanatoryjny-do-crr-krus-kresowiak-w-horyncu-zdroju-20-29-09-2026-r","status":"publish","type":"post","link":"https:\/\/inzynier.rzeszow.pl\/index.php\/2026\/03\/06\/wyjazd-sanatoryjny-do-crr-krus-kresowiak-w-horyncu-zdroju-20-29-09-2026-r\/","title":{"rendered":"Wyjazd sanatoryjny do CRR KRUS \u201eKRESOWIAK\u201d w Hory\u0144cu-Zdroju &#8211; 20-29.09.2026 r."},"content":{"rendered":"\t\t<div data-elementor-type=\"wp-post\" data-elementor-id=\"5284\" class=\"elementor elementor-5284\" data-elementor-post-type=\"post\">\n\t\t\t\t<div class=\"elementor-element elementor-element-a86bb8d e-flex e-con-boxed e-con e-parent\" data-id=\"a86bb8d\" data-element_type=\"container\" data-e-type=\"container\">\n\t\t\t\t\t<div class=\"e-con-inner\">\n\t\t<div class=\"elementor-element elementor-element-410f3d0 e-con-full e-flex e-con e-child\" data-id=\"410f3d0\" data-element_type=\"container\" data-e-type=\"container\">\n\t\t<div class=\"elementor-element elementor-element-0161690 e-con-full e-flex e-con e-child\" data-id=\"0161690\" data-element_type=\"container\" data-e-type=\"container\">\n\t\t\t\t<div class=\"elementor-element elementor-element-833a258 elementor-widget elementor-widget-image\" data-id=\"833a258\" data-element_type=\"widget\" data-e-type=\"widget\" data-widget_type=\"image.default\">\n\t\t\t\t\t\t\t\t\t\t\t\t\t\t\t<img fetchpriority=\"high\" decoding=\"async\" width=\"1024\" height=\"683\" src=\"https:\/\/inzynier.rzeszow.pl\/wp-content\/uploads\/2026\/03\/Wyjazd-sanatoryjny_1200-x-800-px-1024x683.webp\" class=\"attachment-large size-large wp-image-5287\" alt=\"\" srcset=\"https:\/\/inzynier.rzeszow.pl\/wp-content\/uploads\/2026\/03\/Wyjazd-sanatoryjny_1200-x-800-px-1024x683.webp 1024w, https:\/\/inzynier.rzeszow.pl\/wp-content\/uploads\/2026\/03\/Wyjazd-sanatoryjny_1200-x-800-px-300x200.png 300w, https:\/\/inzynier.rzeszow.pl\/wp-content\/uploads\/2026\/03\/Wyjazd-sanatoryjny_1200-x-800-px-768x512.webp 768w, https:\/\/inzynier.rzeszow.pl\/wp-content\/uploads\/2026\/03\/Wyjazd-sanatoryjny_1200-x-800-px.webp 1200w\" sizes=\"(max-width: 1024px) 100vw, 1024px\" \/>\t\t\t\t\t\t\t\t\t\t\t\t\t\t\t<\/div>\n\t\t\t\t<\/div>\n\t\t<div class=\"elementor-element elementor-element-ba0eba7 e-con-full e-flex e-con e-child\" data-id=\"ba0eba7\" data-element_type=\"container\" data-e-type=\"container\">\n\t\t\t\t<div class=\"elementor-element elementor-element-43c5e2f elementor-widget elementor-widget-text-editor\" data-id=\"43c5e2f\" data-element_type=\"widget\" data-e-type=\"widget\" data-widget_type=\"text-editor.default\">\n\t\t\t\t\t\t\t\t\t<p><strong>Komisja Doskonalenia Zawodowego PDK OIIB, uwzgl\u0119dniaj\u0105c pro\u015bby zg\u0142aszane przez cz\u0142onk\u00f3w, podj\u0119\u0142a decyzj\u0119 o zorganizowaniu wyjazdu sanatoryjnego do <br \/>CRR KRUS \u201eKRESOWIAK\u201d w Hory\u0144cu-Zdroju.<br \/><\/strong>Podkarpacka Okr\u0119gowa Izba In\u017cynier\u00f3w Budownictwa zaprasza wszystkich czynnych cz\u0142onk\u00f3w wraz z osobami towarzysz\u0105cymi na <strong>wyjazd sanatoryjny do CRR KRUS \u201eKRESOWIAK\u201d w Hory\u0144cu-Zdroju.<\/strong><\/p><p><strong>Nab\u00f3r wniosk\u00f3w w terminie: od 09.03.2026 (poniedzia\u0142ek) do 09.06.2026 r. (wtorek) lub do wcze\u015bniejszego wyczerpania miejsc.<\/strong><\/p><p><strong>TERMIN POBYTU: 20.09.2026 &#8211; 29.09.2026 (10 dni)<\/strong><\/p><table style=\"height: 164px;\" width=\"577\"><tbody><tr><td width=\"258\"><p><u>TYP\u00a0POKOJU<\/u><\/p><\/td><td width=\"258\"><p><u>CENA\u00a0ZA\u00a0POBYT\u00a0OD\u00a01\u00a0OSOBY<\/u><\/p><\/td><\/tr><tr><td width=\"258\"><p>Pok\u00f3j\u00a01-osobowy<\/p><\/td><td width=\"258\"><p>2\u00a0900,00\u00a0z\u0142<\/p><\/td><\/tr><tr><td width=\"258\"><p>Pok\u00f3j\u00a02-osobowy<\/p><\/td><td width=\"258\"><p>2\u00a0620,00\u00a0z\u0142<\/p><\/td><\/tr><\/tbody><\/table>\t\t\t\t\t\t\t\t<\/div>\n\t\t\t\t<\/div>\n\t\t\t\t<\/div>\n\t\t\t\t\t<\/div>\n\t\t\t\t<\/div>\n\t\t<div class=\"elementor-element elementor-element-a545f15 e-flex e-con-boxed e-con e-parent\" data-id=\"a545f15\" data-element_type=\"container\" data-e-type=\"container\">\n\t\t\t\t\t<div class=\"e-con-inner\">\n\t\t\t\t<div class=\"elementor-element elementor-element-7f810c7 elementor-widget__width-inherit elementor-icon-list--layout-traditional elementor-list-item-link-full_width elementor-widget elementor-widget-icon-list\" data-id=\"7f810c7\" data-element_type=\"widget\" data-e-type=\"widget\" data-widget_type=\"icon-list.default\">\n\t\t\t\t\t\t\t<ul class=\"elementor-icon-list-items\">\n\t\t\t\t\t\t\t<li class=\"elementor-icon-list-item\">\n\t\t\t\t\t\t\t\t\t\t\t<a href=\"https:\/\/inzynier.rzeszow.pl\/wp-content\/uploads\/2026\/03\/Oferta_CRR_KRUS_Kresowiak_Horync-Zdroj_2026.pdf\" target=\"_blank\">\n\n\t\t\t\t\t\t\t\t\t\t\t\t<span class=\"elementor-icon-list-icon\">\n\t\t\t\t\t\t\t<svg aria-hidden=\"true\" class=\"e-font-icon-svg e-fas-arrow-circle-right\" viewBox=\"0 0 512 512\" xmlns=\"http:\/\/www.w3.org\/2000\/svg\"><path d=\"M256 8c137 0 248 111 248 248S393 504 256 504 8 393 8 256 119 8 256 8zm-28.9 143.6l75.5 72.4H120c-13.3 0-24 10.7-24 24v16c0 13.3 10.7 24 24 24h182.6l-75.5 72.4c-9.7 9.3-9.9 24.8-.4 34.3l11 10.9c9.4 9.4 24.6 9.4 33.9 0L404.3 273c9.4-9.4 9.4-24.6 0-33.9L271.6 106.3c-9.4-9.4-24.6-9.4-33.9 0l-11 10.9c-9.5 9.6-9.3 25.1.4 34.4z\"><\/path><\/svg>\t\t\t\t\t\t<\/span>\n\t\t\t\t\t\t\t\t\t\t<span class=\"elementor-icon-list-text\">OFERTA POBYTU<\/span>\n\t\t\t\t\t\t\t\t\t\t\t<\/a>\n\t\t\t\t\t\t\t\t\t<\/li>\n\t\t\t\t\t\t<\/ul>\n\t\t\t\t\t\t<\/div>\n\t\t\t\t\t<\/div>\n\t\t\t\t<\/div>\n\t\t<div class=\"elementor-element elementor-element-4bf74a4 e-flex e-con-boxed e-con e-parent\" data-id=\"4bf74a4\" data-element_type=\"container\" data-e-type=\"container\">\n\t\t\t\t\t<div class=\"e-con-inner\">\n\t\t\t\t<div class=\"elementor-element elementor-element-10aece0 elementor-widget elementor-widget-text-editor\" data-id=\"10aece0\" data-element_type=\"widget\" data-e-type=\"widget\" data-widget_type=\"text-editor.default\">\n\t\t\t\t\t\t\t\t\t<p><strong>W CENIE POBYTU REHABILITACYJNEGO:<\/strong><\/p><p>&#8211; konsultacje lekarskie, ordynacja zabieg\u00f3w;<br \/>&#8211; zabiegi fizjoterapeutyczne wed\u0142ug wskaza\u0144 lekarza w kwocie rycza\u0142towej 56 z\u0142\/osobodzie\u0144 z wy\u0142\u0105czeniem masa\u017cy klasycznych \u2013 zbiegi ponad limit p\u0142atne s\u0105 wed\u0142ug cennika \u2013 <em>za\u0142\u0105cznik nr 1 do oferty <br \/><\/em>&#8211; ca\u0142odobow\u0105 opiek\u0119 medyczn\u0105;<br \/>&#8211; zakwaterowanie\u00a0w pokojach z \u0142azienk\u0105, z dost\u0119pem do Internetu (WiFi), z TV, telefonem, czajnikiem;<br \/>&#8211; ca\u0142odzienne wy\u017cywienie; (\u015bniadania i kolacje w formie bufetu szwedzkiego, obiady serwowane);<br \/>&#8211; ca\u0142odzienne korzystanie z kompleksu basenowego \u201eWodny \u015awiat&#8221; bez limitu czasu w godzinach otwarcia (basen p\u0142ywacki, basen rekreacyjno-rehabilitacyjny, hydromasa\u017ce, le\u017canki powietrzne, zje\u017cd\u017calnia rurowa, wanna whirpool, natryski p\u0142aszczowe);<br \/>&#8211; korzystanie z: rower\u00f3w, biblioteki, bilardu, tenisa sto\u0142owego, kijk\u00f3w Nordic Walking, przyrz\u0105d\u00f3w do \u0107wicze\u0144 si\u0142owych pod opiek\u0105 fizjoterapeuty, boisk sportowych.<\/p><p><strong>DODATKOWO P\u0141ATNE:<\/strong><\/p><p><strong>&#8211;<\/strong> parking (monitorowany 24h\/dob\u0119, zamykany na noc);<br \/>&#8211; rowery elektryczne;<br \/>&#8211; w kompleksie basenowym: sauny fi\u0144skie, jaskinia solna, przyrz\u0105dy do \u0107wicze\u0144, platforma wibracyjna;<br \/>&#8211; badania laboratoryjne;<br \/>&#8211; analiza sk\u0142adu masy ca\u0142a;<br \/>&#8211; pralnia samoobs\u0142ugowa;<br \/>&#8211; zagospodarowanie czasu wolnego (wycieczki organizowane<\/p><p><strong>W dniu przyjazdu pobierana jest obowi\u0105zkowa op\u0142ata uzdrowiskowa w wysoko\u015bci 6,67 z\u0142 za ka\u017cd\u0105 rozpocz\u0119t\u0105 dob\u0119 pobytu (tj. 6,67 x 10 = 66,70 z\u0142)<\/strong><\/p><p><strong>WA\u017bNE INFORMACJE!<br \/><\/strong>&#8211; Pobyty rehabilitacyjne rozpoczynaj\u0105 si\u0119 obiadem w dniu przyjazdu, a ko\u0144cz\u0105 \u015bniadaniem w dniu wyjazdu.<br \/>&#8211; Doba hotelowa rozpoczyna si\u0119 o godzinie 12:00, a ko\u0144czy o godzinie 10:00 zwolnieniem pokoju.<br \/>&#8211; Godziny wydawania posi\u0142k\u00f3w: \u015bniadanie 7:30-10:30, obiad 12:30-14:00, kolacja 17:00-19:00. W ofercie diety: podstawowa, lekkostrawna i cukrzycowa.<br \/>&#8211; Zabiegi wykonywane s\u0105 od poniedzia\u0142ku do soboty z wy\u0142\u0105czeniem \u015bwi\u0105t pa\u0144stwowych.<br \/>&#8211; Pacjent nie powinien mie\u0107 przeciwwskaza\u0144 do leczenia uzdrowiskowego i by\u0107 zdolny do samoobs\u0142ugi. W\u0105tpliwo\u015bci prosimy konsultowa\u0107 z lekarzem Centrum. Prosimy o zabranie na konsultacj\u0119 aktualnych bada\u0144 laboratoryjnych (OB, morfologia, mocz), EKG oraz dokumentacji z dotychczasowego leczenia.<br \/>&#8211; Skr\u00f3cenie pobytu lub niewykorzystanie cz\u0119\u015bci \u015bwiadcze\u0144 zawartych w cenie turnusu nie upowa\u017cnia do zwrotu.<\/p><p><strong><br \/>Dla zainteresowanych wyjazdem informujemy, \u017ce wnioski przyjmowane b\u0119d\u0105\u00a0od 09.03.2026 (poniedzia\u0142ek) do 09.06.2026 r. (wtorek) lub do wcze\u015bniejszego wyczerpania miejsc.<br \/><\/strong><em>Decyduje kolejno\u015b\u0107 zg\u0142osze\u0144. Wnioski z\u0142o\u017cone przed i po wyznaczonym terminie nie b\u0119d\u0105 brane pod uwag\u0119.\u00a0Osob\u0119 towarzysz\u0105c\u0105 nale\u017cy zg\u0142asza\u0107 na wniosku wraz z cz\u0142onkiem Izby.<br \/><\/em><strong><u><br \/><\/u><\/strong>Zg\u0142oszenia ch\u0119ci uczestnictwa w wyje\u017adzie (wnioski) prosimy przesy\u0142a\u0107 na druku\u00a0<a href=\"https:\/\/inzynier.rzeszow.pl\/pliki_do_pobrania\/Szkolenia\/wniosek%20o%20dofinansowanie%20udzialu%20w%20turnusach%20sanat.lub%20rehabil.%20dla%20poratowania%20zdrowia.doc\">wniosek o dofinansowanie turnusu sanatoryjnego lub rehabilitacyjnego<\/a>\u00a0(organizowanego przez PDK OIIB) w terminie wy\u017cej opisanym do biura PDK OIIB:<\/p><p>&#8211; drog\u0105 elektroniczn\u0105 na adres e-mailowy:\u00a0<a href=\"mailto:dofinansowania@inzynier.rzeszow.pl\">dofinansowania@inzynier.rzeszow.pl<\/a><br \/>&#8211; osobi\u015bcie: ul Krakowska 289, pok. 108, tel. 17\u00a0777 64 55.<em>\u00a0<\/em><\/p><p><em>Zgodnie Regulaminem wspierania doskonalenia zawodowego ka\u017cdy czynny cz\u0142onek Izby mo\u017ce z\u0142o\u017cy\u0107 wniosek do Komisji Doskonalenia Zawodowego i uzyska\u0107 dofinansowanie do 50% koszt\u00f3w wyjazdu, lecz nie wi\u0119cej ni\u017c 700 z\u0142 w zale\u017cno\u015bci od wykorzystanego ju\u017c w danym roku dofinansowania.<br \/>Osob\u0119 towarzysz\u0105c\u0105 nale\u017cy zg\u0142asza\u0107 na wniosku wraz z cz\u0142onkiem Izby. Odp\u0142atno\u015b\u0107 za udzia\u0142 os\u00f3b towarzysz\u0105cych nieb\u0119d\u0105cych cz\u0142onkami PDK OIIB wynosi 100% koszt\u00f3w wycieczki.<br \/>Ponadto:<br \/>W przypadku rezygnacji uczestnika &#8211; cz\u0142onka PDK OIIB po terminie rezygnacji okre\u015blonym przez organizatora wyjazdu i bez wykupienia polisy ubezpieczeniowej &#8211; zwrot koszt\u00f3w w przypadku rezygnacji, uczestnik mo\u017ce na swoje miejsce znale\u017a\u0107 osob\u0119 na zast\u0119pstwo &#8211; cz\u0142onka PDK OIIB.<br \/>Osobie, kt\u00f3ra zast\u0105pi uczestnika przys\u0142uguje dofinansowanie przys\u0142uguj\u0105ce jej na dany rok.<br \/>Uczestnik, kt\u00f3ry zrezygnowa\u0142 po terminie okre\u015blonym przez organizatora, w kt\u00f3rym mo\u017cna odst\u0105pi\u0107 od udzia\u0142u w wyje\u017adzie, nie wykupi\u0142 polisy ubezpieczeniowej &#8211; zwrot koszt\u00f3w w przypadku rezygnacji i nie znalaz\u0142 osoby &#8211; cz\u0142onka PDK OIIB na zast\u0119pstwo nie otrzymuje zwrotu wp\u0142aconych pieni\u0119dzy tytu\u0142em udzia\u0142u w wyje\u017adzie i traci przyznane dofinansowanie na dany rok.<br \/>Powy\u017csze informacje dotycz\u0105 r\u00f3wnie\u017c os\u00f3b towarzysz\u0105cych.<\/em><\/p>\t\t\t\t\t\t\t\t<\/div>\n\t\t\t\t\t<\/div>\n\t\t\t\t<\/div>\n\t\t\t\t<\/div>\n\t\t","protected":false},"excerpt":{"rendered":"<p>Komisja Doskonalenia Zawodowego PDK OIIB, uwzgl\u0119dniaj\u0105c pro\u015bby zg\u0142aszane przez cz\u0142onk\u00f3w, podj\u0119\u0142a decyzj\u0119 o zorganizowaniu wyjazdu sanatoryjnego do CRR KRUS \u201eKRESOWIAK\u201d [&hellip;]<\/p>\n","protected":false},"author":5,"featured_media":5287,"comment_status":"closed","ping_status":"closed","sticky":false,"template":"","format":"standard","meta":{"site-sidebar-layout":"default","site-content-layout":"","ast-site-content-layout":"default","site-content-style":"default","site-sidebar-style":"default","ast-global-header-display":"","ast-banner-title-visibility":"","ast-main-header-display":"","ast-hfb-above-header-display":"","ast-hfb-below-header-display":"","ast-hfb-mobile-header-display":"","site-post-title":"","ast-breadcrumbs-content":"","ast-featured-img":"","footer-sml-layout":"","ast-disable-related-posts":"","theme-transparent-header-meta":"","adv-header-id-meta":"","stick-header-meta":"","header-above-stick-meta":"","header-main-stick-meta":"","header-below-stick-meta":"","astra-migrate-meta-layouts":"default","ast-page-background-enabled":"default","ast-page-background-meta":{"desktop":{"background-color":"var(--ast-global-color-5)","background-image":"","background-repeat":"repeat","background-position":"center center","background-size":"auto","background-attachment":"scroll","background-type":"","background-media":"","overlay-type":"","overlay-color":"","overlay-opacity":"","overlay-gradient":""},"tablet":{"background-color":"","background-image":"","background-repeat":"repeat","background-position":"center center","background-size":"auto","background-attachment":"scroll","background-type":"","background-media":"","overlay-type":"","overlay-color":"","overlay-opacity":"","overlay-gradient":""},"mobile":{"background-color":"","background-image":"","background-repeat":"repeat","background-position":"center center","background-size":"auto","background-attachment":"scroll","background-type":"","background-media":"","overlay-type":"","overlay-color":"","overlay-opacity":"","overlay-gradient":""}},"ast-content-background-meta":{"desktop":{"background-color":"var(--ast-global-color-4)","background-image":"","background-repeat":"repeat","background-position":"center center","background-size":"auto","background-attachment":"scroll","background-type":"","background-media":"","overlay-type":"","overlay-color":"","overlay-opacity":"","overlay-gradient":""},"tablet":{"background-color":"var(--ast-global-color-4)","background-image":"","background-repeat":"repeat","background-position":"center center","background-size":"auto","background-attachment":"scroll","background-type":"","background-media":"","overlay-type":"","overlay-color":"","overlay-opacity":"","overlay-gradient":""},"mobile":{"background-color":"var(--ast-global-color-4)","background-image":"","background-repeat":"repeat","background-position":"center center","background-size":"auto","background-attachment":"scroll","background-type":"","background-media":"","overlay-type":"","overlay-color":"","overlay-opacity":"","overlay-gradient":""}},"footnotes":""},"categories":[6,9,11],"tags":[],"class_list":["post-5284","post","type-post","status-publish","format-standard","has-post-thumbnail","hentry","category-aktualnosci","category-wycieczki","category-wycieczki-integracyjne-rok-2026"],"yoast_head":"<!-- This site is optimized with the Yoast SEO plugin v27.5 - https:\/\/yoast.com\/product\/yoast-seo-wordpress\/ -->\n<title>Wyjazd sanatoryjny do CRR KRUS \u201eKRESOWIAK\u201d w Hory\u0144cu-Zdroju - 20-29.09.2026 r. - Podkarpacka Okregowa Izba Inzynierow Budownictwa<\/title>\n<meta name=\"robots\" content=\"index, follow, max-snippet:-1, max-image-preview:large, max-video-preview:-1\" \/>\n<link rel=\"canonical\" href=\"https:\/\/inzynier.rzeszow.pl\/index.php\/2026\/03\/06\/wyjazd-sanatoryjny-do-crr-krus-kresowiak-w-horyncu-zdroju-20-29-09-2026-r\/\" \/>\n<meta property=\"og:locale\" content=\"pl_PL\" \/>\n<meta property=\"og:type\" content=\"article\" \/>\n<meta property=\"og:title\" content=\"Wyjazd sanatoryjny do CRR KRUS \u201eKRESOWIAK\u201d w Hory\u0144cu-Zdroju - 20-29.09.2026 r. - Podkarpacka Okregowa Izba Inzynierow Budownictwa\" \/>\n<meta property=\"og:description\" content=\"Komisja Doskonalenia Zawodowego PDK OIIB, uwzgl\u0119dniaj\u0105c pro\u015bby zg\u0142aszane przez cz\u0142onk\u00f3w, podj\u0119\u0142a decyzj\u0119 o zorganizowaniu wyjazdu sanatoryjnego do CRR KRUS \u201eKRESOWIAK\u201d [&hellip;]\" \/>\n<meta property=\"og:url\" content=\"https:\/\/inzynier.rzeszow.pl\/index.php\/2026\/03\/06\/wyjazd-sanatoryjny-do-crr-krus-kresowiak-w-horyncu-zdroju-20-29-09-2026-r\/\" \/>\n<meta property=\"og:site_name\" content=\"Podkarpacka Okregowa Izba Inzynierow Budownictwa\" \/>\n<meta property=\"article:published_time\" content=\"2026-03-06T12:59:51+00:00\" \/>\n<meta property=\"article:modified_time\" content=\"2026-04-09T10:42:21+00:00\" \/>\n<meta property=\"og:image\" content=\"https:\/\/inzynier.rzeszow.pl\/wp-content\/uploads\/2026\/03\/Wyjazd-sanatoryjny_1200-x-800-px.webp\" \/>\n\t<meta property=\"og:image:width\" content=\"1200\" \/>\n\t<meta property=\"og:image:height\" content=\"800\" \/>\n\t<meta property=\"og:image:type\" content=\"image\/png\" \/>\n<meta name=\"author\" content=\"Bo\u017cena Baron\" \/>\n<meta name=\"twitter:card\" content=\"summary_large_image\" \/>\n<meta name=\"twitter:label1\" content=\"Napisane przez\" \/>\n\t<meta name=\"twitter:data1\" content=\"Bo\u017cena Baron\" \/>\n\t<meta name=\"twitter:label2\" content=\"Szacowany czas czytania\" \/>\n\t<meta name=\"twitter:data2\" content=\"4 minuty\" \/>\n<script type=\"application\/ld+json\" class=\"yoast-schema-graph\">{\"@context\":\"https:\\\/\\\/schema.org\",\"@graph\":[{\"@type\":\"Article\",\"@id\":\"https:\\\/\\\/inzynier.rzeszow.pl\\\/index.php\\\/2026\\\/03\\\/06\\\/wyjazd-sanatoryjny-do-crr-krus-kresowiak-w-horyncu-zdroju-20-29-09-2026-r\\\/#article\",\"isPartOf\":{\"@id\":\"https:\\\/\\\/inzynier.rzeszow.pl\\\/index.php\\\/2026\\\/03\\\/06\\\/wyjazd-sanatoryjny-do-crr-krus-kresowiak-w-horyncu-zdroju-20-29-09-2026-r\\\/\"},\"author\":{\"name\":\"Bo\u017cena Baron\",\"@id\":\"https:\\\/\\\/inzynier.rzeszow.pl\\\/#\\\/schema\\\/person\\\/ec07c863f467b839fc7e660b5dc9fb2e\"},\"headline\":\"Wyjazd sanatoryjny do CRR KRUS \u201eKRESOWIAK\u201d w Hory\u0144cu-Zdroju &#8211; 20-29.09.2026 r.\",\"datePublished\":\"2026-03-06T12:59:51+00:00\",\"dateModified\":\"2026-04-09T10:42:21+00:00\",\"mainEntityOfPage\":{\"@id\":\"https:\\\/\\\/inzynier.rzeszow.pl\\\/index.php\\\/2026\\\/03\\\/06\\\/wyjazd-sanatoryjny-do-crr-krus-kresowiak-w-horyncu-zdroju-20-29-09-2026-r\\\/\"},\"wordCount\":769,\"image\":{\"@id\":\"https:\\\/\\\/inzynier.rzeszow.pl\\\/index.php\\\/2026\\\/03\\\/06\\\/wyjazd-sanatoryjny-do-crr-krus-kresowiak-w-horyncu-zdroju-20-29-09-2026-r\\\/#primaryimage\"},\"thumbnailUrl\":\"https:\\\/\\\/inzynier.rzeszow.pl\\\/wp-content\\\/uploads\\\/2026\\\/03\\\/Wyjazd-sanatoryjny_1200-x-800-px.webp\",\"articleSection\":[\"Aktualno\u015bci\",\"Wycieczki\",\"Wycieczki integracyjne Rok 2026\"],\"inLanguage\":\"pl-PL\"},{\"@type\":\"WebPage\",\"@id\":\"https:\\\/\\\/inzynier.rzeszow.pl\\\/index.php\\\/2026\\\/03\\\/06\\\/wyjazd-sanatoryjny-do-crr-krus-kresowiak-w-horyncu-zdroju-20-29-09-2026-r\\\/\",\"url\":\"https:\\\/\\\/inzynier.rzeszow.pl\\\/index.php\\\/2026\\\/03\\\/06\\\/wyjazd-sanatoryjny-do-crr-krus-kresowiak-w-horyncu-zdroju-20-29-09-2026-r\\\/\",\"name\":\"Wyjazd sanatoryjny do CRR KRUS \u201eKRESOWIAK\u201d w Hory\u0144cu-Zdroju - 20-29.09.2026 r. - Podkarpacka Okregowa Izba Inzynierow Budownictwa\",\"isPartOf\":{\"@id\":\"https:\\\/\\\/inzynier.rzeszow.pl\\\/#website\"},\"primaryImageOfPage\":{\"@id\":\"https:\\\/\\\/inzynier.rzeszow.pl\\\/index.php\\\/2026\\\/03\\\/06\\\/wyjazd-sanatoryjny-do-crr-krus-kresowiak-w-horyncu-zdroju-20-29-09-2026-r\\\/#primaryimage\"},\"image\":{\"@id\":\"https:\\\/\\\/inzynier.rzeszow.pl\\\/index.php\\\/2026\\\/03\\\/06\\\/wyjazd-sanatoryjny-do-crr-krus-kresowiak-w-horyncu-zdroju-20-29-09-2026-r\\\/#primaryimage\"},\"thumbnailUrl\":\"https:\\\/\\\/inzynier.rzeszow.pl\\\/wp-content\\\/uploads\\\/2026\\\/03\\\/Wyjazd-sanatoryjny_1200-x-800-px.webp\",\"datePublished\":\"2026-03-06T12:59:51+00:00\",\"dateModified\":\"2026-04-09T10:42:21+00:00\",\"author\":{\"@id\":\"https:\\\/\\\/inzynier.rzeszow.pl\\\/#\\\/schema\\\/person\\\/ec07c863f467b839fc7e660b5dc9fb2e\"},\"breadcrumb\":{\"@id\":\"https:\\\/\\\/inzynier.rzeszow.pl\\\/index.php\\\/2026\\\/03\\\/06\\\/wyjazd-sanatoryjny-do-crr-krus-kresowiak-w-horyncu-zdroju-20-29-09-2026-r\\\/#breadcrumb\"},\"inLanguage\":\"pl-PL\",\"potentialAction\":[{\"@type\":\"ReadAction\",\"target\":[\"https:\\\/\\\/inzynier.rzeszow.pl\\\/index.php\\\/2026\\\/03\\\/06\\\/wyjazd-sanatoryjny-do-crr-krus-kresowiak-w-horyncu-zdroju-20-29-09-2026-r\\\/\"]}]},{\"@type\":\"ImageObject\",\"inLanguage\":\"pl-PL\",\"@id\":\"https:\\\/\\\/inzynier.rzeszow.pl\\\/index.php\\\/2026\\\/03\\\/06\\\/wyjazd-sanatoryjny-do-crr-krus-kresowiak-w-horyncu-zdroju-20-29-09-2026-r\\\/#primaryimage\",\"url\":\"https:\\\/\\\/inzynier.rzeszow.pl\\\/wp-content\\\/uploads\\\/2026\\\/03\\\/Wyjazd-sanatoryjny_1200-x-800-px.webp\",\"contentUrl\":\"https:\\\/\\\/inzynier.rzeszow.pl\\\/wp-content\\\/uploads\\\/2026\\\/03\\\/Wyjazd-sanatoryjny_1200-x-800-px.webp\",\"width\":1200,\"height\":800},{\"@type\":\"BreadcrumbList\",\"@id\":\"https:\\\/\\\/inzynier.rzeszow.pl\\\/index.php\\\/2026\\\/03\\\/06\\\/wyjazd-sanatoryjny-do-crr-krus-kresowiak-w-horyncu-zdroju-20-29-09-2026-r\\\/#breadcrumb\",\"itemListElement\":[{\"@type\":\"ListItem\",\"position\":1,\"name\":\"Strona g\u0142\u00f3wna\",\"item\":\"https:\\\/\\\/inzynier.rzeszow.pl\\\/\"},{\"@type\":\"ListItem\",\"position\":2,\"name\":\"Wyjazd sanatoryjny do CRR KRUS \u201eKRESOWIAK\u201d w Hory\u0144cu-Zdroju &#8211; 20-29.09.2026 r.\"}]},{\"@type\":\"WebSite\",\"@id\":\"https:\\\/\\\/inzynier.rzeszow.pl\\\/#website\",\"url\":\"https:\\\/\\\/inzynier.rzeszow.pl\\\/\",\"name\":\"Podkarpacka Okregowa Izba Inzynierow Budownictwa\",\"description\":\"\",\"potentialAction\":[{\"@type\":\"SearchAction\",\"target\":{\"@type\":\"EntryPoint\",\"urlTemplate\":\"https:\\\/\\\/inzynier.rzeszow.pl\\\/?s={search_term_string}\"},\"query-input\":{\"@type\":\"PropertyValueSpecification\",\"valueRequired\":true,\"valueName\":\"search_term_string\"}}],\"inLanguage\":\"pl-PL\"},{\"@type\":\"Person\",\"@id\":\"https:\\\/\\\/inzynier.rzeszow.pl\\\/#\\\/schema\\\/person\\\/ec07c863f467b839fc7e660b5dc9fb2e\",\"name\":\"Bo\u017cena Baron\",\"image\":{\"@type\":\"ImageObject\",\"inLanguage\":\"pl-PL\",\"@id\":\"https:\\\/\\\/secure.gravatar.com\\\/avatar\\\/dc24f9f547b68193b482e414f07e83a64e13c1604f2bed475a9489b4f809aef4?s=96&d=mm&r=g\",\"url\":\"https:\\\/\\\/secure.gravatar.com\\\/avatar\\\/dc24f9f547b68193b482e414f07e83a64e13c1604f2bed475a9489b4f809aef4?s=96&d=mm&r=g\",\"contentUrl\":\"https:\\\/\\\/secure.gravatar.com\\\/avatar\\\/dc24f9f547b68193b482e414f07e83a64e13c1604f2bed475a9489b4f809aef4?s=96&d=mm&r=g\",\"caption\":\"Bo\u017cena Baron\"},\"url\":\"https:\\\/\\\/inzynier.rzeszow.pl\\\/index.php\\\/author\\\/bbaron\\\/\"}]}<\/script>\n<!-- \/ Yoast SEO plugin. -->","yoast_head_json":{"title":"Wyjazd sanatoryjny do CRR KRUS \u201eKRESOWIAK\u201d w Hory\u0144cu-Zdroju - 20-29.09.2026 r. - Podkarpacka Okregowa Izba Inzynierow Budownictwa","robots":{"index":"index","follow":"follow","max-snippet":"max-snippet:-1","max-image-preview":"max-image-preview:large","max-video-preview":"max-video-preview:-1"},"canonical":"https:\/\/inzynier.rzeszow.pl\/index.php\/2026\/03\/06\/wyjazd-sanatoryjny-do-crr-krus-kresowiak-w-horyncu-zdroju-20-29-09-2026-r\/","og_locale":"pl_PL","og_type":"article","og_title":"Wyjazd sanatoryjny do CRR KRUS \u201eKRESOWIAK\u201d w Hory\u0144cu-Zdroju - 20-29.09.2026 r. - Podkarpacka Okregowa Izba Inzynierow Budownictwa","og_description":"Komisja Doskonalenia Zawodowego PDK OIIB, uwzgl\u0119dniaj\u0105c pro\u015bby zg\u0142aszane przez cz\u0142onk\u00f3w, podj\u0119\u0142a decyzj\u0119 o zorganizowaniu wyjazdu sanatoryjnego do CRR KRUS \u201eKRESOWIAK\u201d [&hellip;]","og_url":"https:\/\/inzynier.rzeszow.pl\/index.php\/2026\/03\/06\/wyjazd-sanatoryjny-do-crr-krus-kresowiak-w-horyncu-zdroju-20-29-09-2026-r\/","og_site_name":"Podkarpacka Okregowa Izba Inzynierow Budownictwa","article_published_time":"2026-03-06T12:59:51+00:00","article_modified_time":"2026-04-09T10:42:21+00:00","og_image":[{"width":1200,"height":800,"url":"https:\/\/inzynier.rzeszow.pl\/wp-content\/uploads\/2026\/03\/Wyjazd-sanatoryjny_1200-x-800-px.webp","type":"image\/png"}],"author":"Bo\u017cena Baron","twitter_card":"summary_large_image","twitter_misc":{"Napisane przez":"Bo\u017cena Baron","Szacowany czas czytania":"4 minuty"},"schema":{"@context":"https:\/\/schema.org","@graph":[{"@type":"Article","@id":"https:\/\/inzynier.rzeszow.pl\/index.php\/2026\/03\/06\/wyjazd-sanatoryjny-do-crr-krus-kresowiak-w-horyncu-zdroju-20-29-09-2026-r\/#article","isPartOf":{"@id":"https:\/\/inzynier.rzeszow.pl\/index.php\/2026\/03\/06\/wyjazd-sanatoryjny-do-crr-krus-kresowiak-w-horyncu-zdroju-20-29-09-2026-r\/"},"author":{"name":"Bo\u017cena Baron","@id":"https:\/\/inzynier.rzeszow.pl\/#\/schema\/person\/ec07c863f467b839fc7e660b5dc9fb2e"},"headline":"Wyjazd sanatoryjny do CRR KRUS \u201eKRESOWIAK\u201d w Hory\u0144cu-Zdroju &#8211; 20-29.09.2026 r.","datePublished":"2026-03-06T12:59:51+00:00","dateModified":"2026-04-09T10:42:21+00:00","mainEntityOfPage":{"@id":"https:\/\/inzynier.rzeszow.pl\/index.php\/2026\/03\/06\/wyjazd-sanatoryjny-do-crr-krus-kresowiak-w-horyncu-zdroju-20-29-09-2026-r\/"},"wordCount":769,"image":{"@id":"https:\/\/inzynier.rzeszow.pl\/index.php\/2026\/03\/06\/wyjazd-sanatoryjny-do-crr-krus-kresowiak-w-horyncu-zdroju-20-29-09-2026-r\/#primaryimage"},"thumbnailUrl":"https:\/\/inzynier.rzeszow.pl\/wp-content\/uploads\/2026\/03\/Wyjazd-sanatoryjny_1200-x-800-px.webp","articleSection":["Aktualno\u015bci","Wycieczki","Wycieczki integracyjne Rok 2026"],"inLanguage":"pl-PL"},{"@type":"WebPage","@id":"https:\/\/inzynier.rzeszow.pl\/index.php\/2026\/03\/06\/wyjazd-sanatoryjny-do-crr-krus-kresowiak-w-horyncu-zdroju-20-29-09-2026-r\/","url":"https:\/\/inzynier.rzeszow.pl\/index.php\/2026\/03\/06\/wyjazd-sanatoryjny-do-crr-krus-kresowiak-w-horyncu-zdroju-20-29-09-2026-r\/","name":"Wyjazd sanatoryjny do CRR KRUS \u201eKRESOWIAK\u201d w Hory\u0144cu-Zdroju - 20-29.09.2026 r. - Podkarpacka Okregowa Izba Inzynierow Budownictwa","isPartOf":{"@id":"https:\/\/inzynier.rzeszow.pl\/#website"},"primaryImageOfPage":{"@id":"https:\/\/inzynier.rzeszow.pl\/index.php\/2026\/03\/06\/wyjazd-sanatoryjny-do-crr-krus-kresowiak-w-horyncu-zdroju-20-29-09-2026-r\/#primaryimage"},"image":{"@id":"https:\/\/inzynier.rzeszow.pl\/index.php\/2026\/03\/06\/wyjazd-sanatoryjny-do-crr-krus-kresowiak-w-horyncu-zdroju-20-29-09-2026-r\/#primaryimage"},"thumbnailUrl":"https:\/\/inzynier.rzeszow.pl\/wp-content\/uploads\/2026\/03\/Wyjazd-sanatoryjny_1200-x-800-px.webp","datePublished":"2026-03-06T12:59:51+00:00","dateModified":"2026-04-09T10:42:21+00:00","author":{"@id":"https:\/\/inzynier.rzeszow.pl\/#\/schema\/person\/ec07c863f467b839fc7e660b5dc9fb2e"},"breadcrumb":{"@id":"https:\/\/inzynier.rzeszow.pl\/index.php\/2026\/03\/06\/wyjazd-sanatoryjny-do-crr-krus-kresowiak-w-horyncu-zdroju-20-29-09-2026-r\/#breadcrumb"},"inLanguage":"pl-PL","potentialAction":[{"@type":"ReadAction","target":["https:\/\/inzynier.rzeszow.pl\/index.php\/2026\/03\/06\/wyjazd-sanatoryjny-do-crr-krus-kresowiak-w-horyncu-zdroju-20-29-09-2026-r\/"]}]},{"@type":"ImageObject","inLanguage":"pl-PL","@id":"https:\/\/inzynier.rzeszow.pl\/index.php\/2026\/03\/06\/wyjazd-sanatoryjny-do-crr-krus-kresowiak-w-horyncu-zdroju-20-29-09-2026-r\/#primaryimage","url":"https:\/\/inzynier.rzeszow.pl\/wp-content\/uploads\/2026\/03\/Wyjazd-sanatoryjny_1200-x-800-px.webp","contentUrl":"https:\/\/inzynier.rzeszow.pl\/wp-content\/uploads\/2026\/03\/Wyjazd-sanatoryjny_1200-x-800-px.webp","width":1200,"height":800},{"@type":"BreadcrumbList","@id":"https:\/\/inzynier.rzeszow.pl\/index.php\/2026\/03\/06\/wyjazd-sanatoryjny-do-crr-krus-kresowiak-w-horyncu-zdroju-20-29-09-2026-r\/#breadcrumb","itemListElement":[{"@type":"ListItem","position":1,"name":"Strona g\u0142\u00f3wna","item":"https:\/\/inzynier.rzeszow.pl\/"},{"@type":"ListItem","position":2,"name":"Wyjazd sanatoryjny do CRR KRUS \u201eKRESOWIAK\u201d w Hory\u0144cu-Zdroju &#8211; 20-29.09.2026 r."}]},{"@type":"WebSite","@id":"https:\/\/inzynier.rzeszow.pl\/#website","url":"https:\/\/inzynier.rzeszow.pl\/","name":"Podkarpacka Okregowa Izba Inzynierow Budownictwa","description":"","potentialAction":[{"@type":"SearchAction","target":{"@type":"EntryPoint","urlTemplate":"https:\/\/inzynier.rzeszow.pl\/?s={search_term_string}"},"query-input":{"@type":"PropertyValueSpecification","valueRequired":true,"valueName":"search_term_string"}}],"inLanguage":"pl-PL"},{"@type":"Person","@id":"https:\/\/inzynier.rzeszow.pl\/#\/schema\/person\/ec07c863f467b839fc7e660b5dc9fb2e","name":"Bo\u017cena Baron","image":{"@type":"ImageObject","inLanguage":"pl-PL","@id":"https:\/\/secure.gravatar.com\/avatar\/dc24f9f547b68193b482e414f07e83a64e13c1604f2bed475a9489b4f809aef4?s=96&d=mm&r=g","url":"https:\/\/secure.gravatar.com\/avatar\/dc24f9f547b68193b482e414f07e83a64e13c1604f2bed475a9489b4f809aef4?s=96&d=mm&r=g","contentUrl":"https:\/\/secure.gravatar.com\/avatar\/dc24f9f547b68193b482e414f07e83a64e13c1604f2bed475a9489b4f809aef4?s=96&d=mm&r=g","caption":"Bo\u017cena Baron"},"url":"https:\/\/inzynier.rzeszow.pl\/index.php\/author\/bbaron\/"}]}},"rttpg_featured_image_url":{"full":["https:\/\/inzynier.rzeszow.pl\/wp-content\/uploads\/2026\/03\/Wyjazd-sanatoryjny_1200-x-800-px.webp",1200,800,false],"landscape":["https:\/\/inzynier.rzeszow.pl\/wp-content\/uploads\/2026\/03\/Wyjazd-sanatoryjny_1200-x-800-px.webp",1200,800,false],"portraits":["https:\/\/inzynier.rzeszow.pl\/wp-content\/uploads\/2026\/03\/Wyjazd-sanatoryjny_1200-x-800-px.webp",1200,800,false],"thumbnail":["https:\/\/inzynier.rzeszow.pl\/wp-content\/uploads\/2026\/03\/Wyjazd-sanatoryjny_1200-x-800-px-150x150.png",150,150,true],"medium":["https:\/\/inzynier.rzeszow.pl\/wp-content\/uploads\/2026\/03\/Wyjazd-sanatoryjny_1200-x-800-px-300x200.png",300,200,true],"large":["https:\/\/inzynier.rzeszow.pl\/wp-content\/uploads\/2026\/03\/Wyjazd-sanatoryjny_1200-x-800-px-1024x683.webp",1024,683,true],"1536x1536":["https:\/\/inzynier.rzeszow.pl\/wp-content\/uploads\/2026\/03\/Wyjazd-sanatoryjny_1200-x-800-px.webp",1200,800,false],"2048x2048":["https:\/\/inzynier.rzeszow.pl\/wp-content\/uploads\/2026\/03\/Wyjazd-sanatoryjny_1200-x-800-px.webp",1200,800,false]},"rttpg_author":{"display_name":"Bo\u017cena Baron","author_link":"https:\/\/inzynier.rzeszow.pl\/index.php\/author\/bbaron\/"},"rttpg_comment":0,"rttpg_category":"<a href=\"https:\/\/inzynier.rzeszow.pl\/index.php\/category\/aktualnosci\/\" rel=\"category tag\">Aktualno\u015bci<\/a> <a href=\"https:\/\/inzynier.rzeszow.pl\/index.php\/category\/wycieczki\/\" rel=\"category tag\">Wycieczki<\/a> <a href=\"https:\/\/inzynier.rzeszow.pl\/index.php\/category\/wycieczki\/wycieczki-integracyjne-rok-2026\/\" rel=\"category tag\">Wycieczki integracyjne Rok 2026<\/a>","rttpg_excerpt":"Komisja Doskonalenia Zawodowego PDK OIIB, uwzgl\u0119dniaj\u0105c pro\u015bby zg\u0142aszane przez cz\u0142onk\u00f3w, podj\u0119\u0142a decyzj\u0119 o zorganizowaniu wyjazdu sanatoryjnego do CRR KRUS \u201eKRESOWIAK\u201d [&hellip;]","_links":{"self":[{"href":"https:\/\/inzynier.rzeszow.pl\/index.php\/wp-json\/wp\/v2\/posts\/5284","targetHints":{"allow":["GET"]}}],"collection":[{"href":"https:\/\/inzynier.rzeszow.pl\/index.php\/wp-json\/wp\/v2\/posts"}],"about":[{"href":"https:\/\/inzynier.rzeszow.pl\/index.php\/wp-json\/wp\/v2\/types\/post"}],"author":[{"embeddable":true,"href":"https:\/\/inzynier.rzeszow.pl\/index.php\/wp-json\/wp\/v2\/users\/5"}],"replies":[{"embeddable":true,"href":"https:\/\/inzynier.rzeszow.pl\/index.php\/wp-json\/wp\/v2\/comments?post=5284"}],"version-history":[{"count":18,"href":"https:\/\/inzynier.rzeszow.pl\/index.php\/wp-json\/wp\/v2\/posts\/5284\/revisions"}],"predecessor-version":[{"id":8518,"href":"https:\/\/inzynier.rzeszow.pl\/index.php\/wp-json\/wp\/v2\/posts\/5284\/revisions\/8518"}],"wp:featuredmedia":[{"embeddable":true,"href":"https:\/\/inzynier.rzeszow.pl\/index.php\/wp-json\/wp\/v2\/media\/5287"}],"wp:attachment":[{"href":"https:\/\/inzynier.rzeszow.pl\/index.php\/wp-json\/wp\/v2\/media?parent=5284"}],"wp:term":[{"taxonomy":"category","embeddable":true,"href":"https:\/\/inzynier.rzeszow.pl\/index.php\/wp-json\/wp\/v2\/categories?post=5284"},{"taxonomy":"post_tag","embeddable":true,"href":"https:\/\/inzynier.rzeszow.pl\/index.php\/wp-json\/wp\/v2\/tags?post=5284"}],"curies":[{"name":"wp","href":"https:\/\/api.w.org\/{rel}","templated":true}]}}