{"id":4799,"date":"2026-03-04T06:42:45","date_gmt":"2026-03-04T06:42:45","guid":{"rendered":"https:\/\/migracja.inzynier.rzeszow.pl\/?p=4799"},"modified":"2026-04-20T10:10:41","modified_gmt":"2026-04-20T09:10:41","slug":"podkarpacka-oiib-partnerem-mieleckich-targow-nieruchomosci-15-03-2026-r","status":"publish","type":"post","link":"https:\/\/inzynier.rzeszow.pl\/index.php\/2026\/03\/04\/podkarpacka-oiib-partnerem-mieleckich-targow-nieruchomosci-15-03-2026-r\/","title":{"rendered":"Podkarpacka OIIB partnerem Mieleckich Targ\u00f3w Nieruchomo\u015bci &#8211; 15.03.2026 r."},"content":{"rendered":"\t\t<div data-elementor-type=\"wp-post\" data-elementor-id=\"4799\" class=\"elementor elementor-4799\" data-elementor-post-type=\"post\">\n\t\t\t\t<div class=\"elementor-element elementor-element-4f70bb6 e-flex e-con-boxed e-con e-parent\" data-id=\"4f70bb6\" data-element_type=\"container\" data-e-type=\"container\">\n\t\t\t\t\t<div class=\"e-con-inner\">\n\t\t<div class=\"elementor-element elementor-element-44b5713 e-con-full e-flex e-con e-child\" data-id=\"44b5713\" data-element_type=\"container\" data-e-type=\"container\">\n\t\t\t\t<div class=\"elementor-element elementor-element-f3497ff elementor-widget elementor-widget-image\" data-id=\"f3497ff\" data-element_type=\"widget\" data-e-type=\"widget\" data-widget_type=\"image.default\">\n\t\t\t\t\t\t\t\t\t\t\t\t\t\t\t<img fetchpriority=\"high\" decoding=\"async\" width=\"819\" height=\"1024\" src=\"https:\/\/inzynier.rzeszow.pl\/wp-content\/uploads\/2026\/03\/Targi_mielec_26-819x1024.webp\" class=\"attachment-large size-large wp-image-4800\" alt=\"\" srcset=\"https:\/\/inzynier.rzeszow.pl\/wp-content\/uploads\/2026\/03\/Targi_mielec_26-819x1024.webp 819w, https:\/\/inzynier.rzeszow.pl\/wp-content\/uploads\/2026\/03\/Targi_mielec_26-240x300.png 240w, https:\/\/inzynier.rzeszow.pl\/wp-content\/uploads\/2026\/03\/Targi_mielec_26-768x960.webp 768w, https:\/\/inzynier.rzeszow.pl\/wp-content\/uploads\/2026\/03\/Targi_mielec_26.webp 1080w\" sizes=\"(max-width: 819px) 100vw, 819px\" \/>\t\t\t\t\t\t\t\t\t\t\t\t\t\t\t<\/div>\n\t\t\t\t<\/div>\n\t\t<div class=\"elementor-element elementor-element-5c2e3bd e-con-full e-flex e-con e-child\" data-id=\"5c2e3bd\" data-element_type=\"container\" data-e-type=\"container\">\n\t\t\t\t<div class=\"elementor-element elementor-element-d681aaf elementor-widget elementor-widget-text-editor\" data-id=\"d681aaf\" data-element_type=\"widget\" data-e-type=\"widget\" data-widget_type=\"text-editor.default\">\n\t\t\t\t\t\t\t\t\t<p>15 marca 2026 r. w Miejskiej Bibliotece Publicznej SCK w Mielcu odb\u0119d\u0105 si\u0119 Mieleckie Targi Nieruchomo\u015bci \u2013 wydarzenie skierowane do wszystkich, kt\u00f3rzy planuj\u0105 zakup, sprzeda\u017c lub budow\u0119 nieruchomo\u015bci. Na odwiedzaj\u0105cych czeka\u0107 b\u0119d\u0105 tak\u017ce promocje targowe.<\/p><p>Uczestnicy targ\u00f3w mog\u0105 liczy\u0107 na specjalne vouchery oraz oferty dost\u0119pne wy\u0142\u0105cznie w dniu wydarzenia. Program obejmuje r\u00f3wnie\u017c prelekcje specjalist\u00f3w dotycz\u0105ce aktualnej sytuacji na rynku nieruchomo\u015bci oraz praktycznych aspekt\u00f3w budowy i finansowania inwestycji. Nie zabraknie r\u00f3wnie\u017c atrakcji dla ca\u0142ej rodziny.<\/p><p>Podkarpacka Okr\u0119gowa Izba In\u017cynier\u00f3w Budownictwa jako partner wydarzenia r\u00f3wnie\u017c b\u0119dzie mia\u0142a swoje stoisko, na kt\u00f3re serdecznie zapraszamy.<\/p><p>Targi nieruchomo\u015bci to najlepsza okazja do tego, \u017ceby w \u0142atwy spos\u00f3b dotrze\u0107 do wybranych przedstawicieli z bran\u017cy deweloperskiej, a tak\u017ce biur nieruchomo\u015bci, bank\u00f3w i doradc\u00f3w finansowych, radc\u00f3w prawnych, producent\u00f3w i dystrybutor\u00f3w materia\u0142\u00f3w budowlanych, in\u017cynier\u00f3w, konstruktor\u00f3w, pracowni projektowych oraz projektant\u00f3w wn\u0119trz.<\/p><p>Targi odb\u0119d\u0105 si\u0119 15 marca w niedziel\u0119 w godzinach od 10:00 do 18:00 w budynku Mieleckiej Biblioteki Publicznej w Mielcu.<\/p><p>Serdecznie zapraszamy do udzia\u0142u.<\/p>\t\t\t\t\t\t\t\t<\/div>\n\t\t\t\t<\/div>\n\t\t\t\t\t<\/div>\n\t\t\t\t<\/div>\n\t\t\t\t<\/div>\n\t\t","protected":false},"excerpt":{"rendered":"<p>15 marca 2026 r. w Miejskiej Bibliotece Publicznej SCK w Mielcu odb\u0119d\u0105 si\u0119 Mieleckie Targi Nieruchomo\u015bci \u2013 wydarzenie skierowane do [&hellip;]<\/p>\n","protected":false},"author":5,"featured_media":4800,"comment_status":"closed","ping_status":"closed","sticky":false,"template":"","format":"standard","meta":{"site-sidebar-layout":"default","site-content-layout":"","ast-site-content-layout":"default","site-content-style":"default","site-sidebar-style":"default","ast-global-header-display":"","ast-banner-title-visibility":"","ast-main-header-display":"","ast-hfb-above-header-display":"","ast-hfb-below-header-display":"","ast-hfb-mobile-header-display":"","site-post-title":"","ast-breadcrumbs-content":"","ast-featured-img":"","footer-sml-layout":"","ast-disable-related-posts":"","theme-transparent-header-meta":"","adv-header-id-meta":"","stick-header-meta":"","header-above-stick-meta":"","header-main-stick-meta":"","header-below-stick-meta":"","astra-migrate-meta-layouts":"default","ast-page-background-enabled":"default","ast-page-background-meta":{"desktop":{"background-color":"var(--ast-global-color-5)","background-image":"","background-repeat":"repeat","background-position":"center center","background-size":"auto","background-attachment":"scroll","background-type":"","background-media":"","overlay-type":"","overlay-color":"","overlay-opacity":"","overlay-gradient":""},"tablet":{"background-color":"","background-image":"","background-repeat":"repeat","background-position":"center center","background-size":"auto","background-attachment":"scroll","background-type":"","background-media":"","overlay-type":"","overlay-color":"","overlay-opacity":"","overlay-gradient":""},"mobile":{"background-color":"","background-image":"","background-repeat":"repeat","background-position":"center center","background-size":"auto","background-attachment":"scroll","background-type":"","background-media":"","overlay-type":"","overlay-color":"","overlay-opacity":"","overlay-gradient":""}},"ast-content-background-meta":{"desktop":{"background-color":"var(--ast-global-color-4)","background-image":"","background-repeat":"repeat","background-position":"center center","background-size":"auto","background-attachment":"scroll","background-type":"","background-media":"","overlay-type":"","overlay-color":"","overlay-opacity":"","overlay-gradient":""},"tablet":{"background-color":"var(--ast-global-color-4)","background-image":"","background-repeat":"repeat","background-position":"center center","background-size":"auto","background-attachment":"scroll","background-type":"","background-media":"","overlay-type":"","overlay-color":"","overlay-opacity":"","overlay-gradient":""},"mobile":{"background-color":"var(--ast-global-color-4)","background-image":"","background-repeat":"repeat","background-position":"center center","background-size":"auto","background-attachment":"scroll","background-type":"","background-media":"","overlay-type":"","overlay-color":"","overlay-opacity":"","overlay-gradient":""}},"footnotes":""},"categories":[6,63,7,16,19],"tags":[],"class_list":["post-4799","post","type-post","status-publish","format-standard","has-post-thumbnail","hentry","category-aktualnosci","category-targi-i-konferencje","category-wydarzenia","category-z-zycia-izby","category-z-zycia-izby-rok-2026"],"yoast_head":"<!-- This site is optimized with the Yoast SEO plugin v27.5 - https:\/\/yoast.com\/product\/yoast-seo-wordpress\/ -->\n<title>Podkarpacka OIIB partnerem Mieleckich Targ\u00f3w Nieruchomo\u015bci - 15.03.2026 r. - Podkarpacka Okregowa Izba Inzynierow Budownictwa<\/title>\n<meta name=\"robots\" content=\"index, follow, max-snippet:-1, max-image-preview:large, max-video-preview:-1\" \/>\n<link rel=\"canonical\" href=\"https:\/\/inzynier.rzeszow.pl\/index.php\/2026\/03\/04\/podkarpacka-oiib-partnerem-mieleckich-targow-nieruchomosci-15-03-2026-r\/\" \/>\n<meta property=\"og:locale\" content=\"pl_PL\" \/>\n<meta property=\"og:type\" content=\"article\" \/>\n<meta property=\"og:title\" content=\"Podkarpacka OIIB partnerem Mieleckich Targ\u00f3w Nieruchomo\u015bci - 15.03.2026 r. - Podkarpacka Okregowa Izba Inzynierow Budownictwa\" \/>\n<meta property=\"og:description\" content=\"15 marca 2026 r. w Miejskiej Bibliotece Publicznej SCK w Mielcu odb\u0119d\u0105 si\u0119 Mieleckie Targi Nieruchomo\u015bci \u2013 wydarzenie skierowane do [&hellip;]\" \/>\n<meta property=\"og:url\" content=\"https:\/\/inzynier.rzeszow.pl\/index.php\/2026\/03\/04\/podkarpacka-oiib-partnerem-mieleckich-targow-nieruchomosci-15-03-2026-r\/\" \/>\n<meta property=\"og:site_name\" content=\"Podkarpacka Okregowa Izba Inzynierow Budownictwa\" \/>\n<meta property=\"article:published_time\" content=\"2026-03-04T06:42:45+00:00\" \/>\n<meta property=\"article:modified_time\" content=\"2026-04-20T09:10:41+00:00\" \/>\n<meta property=\"og:image\" content=\"https:\/\/inzynier.rzeszow.pl\/wp-content\/uploads\/2026\/03\/Targi_mielec_26.webp\" \/>\n\t<meta property=\"og:image:width\" content=\"1080\" \/>\n\t<meta property=\"og:image:height\" content=\"1350\" \/>\n\t<meta property=\"og:image:type\" content=\"image\/webp\" \/>\n<meta name=\"author\" content=\"Bo\u017cena Baron\" \/>\n<meta name=\"twitter:card\" content=\"summary_large_image\" \/>\n<meta name=\"twitter:label1\" content=\"Napisane przez\" \/>\n\t<meta name=\"twitter:data1\" content=\"Bo\u017cena Baron\" \/>\n\t<meta name=\"twitter:label2\" content=\"Szacowany czas czytania\" \/>\n\t<meta name=\"twitter:data2\" content=\"1 minuta\" \/>\n<script type=\"application\/ld+json\" class=\"yoast-schema-graph\">{\"@context\":\"https:\\\/\\\/schema.org\",\"@graph\":[{\"@type\":\"Article\",\"@id\":\"https:\\\/\\\/inzynier.rzeszow.pl\\\/index.php\\\/2026\\\/03\\\/04\\\/podkarpacka-oiib-partnerem-mieleckich-targow-nieruchomosci-15-03-2026-r\\\/#article\",\"isPartOf\":{\"@id\":\"https:\\\/\\\/inzynier.rzeszow.pl\\\/index.php\\\/2026\\\/03\\\/04\\\/podkarpacka-oiib-partnerem-mieleckich-targow-nieruchomosci-15-03-2026-r\\\/\"},\"author\":{\"name\":\"Bo\u017cena Baron\",\"@id\":\"https:\\\/\\\/inzynier.rzeszow.pl\\\/#\\\/schema\\\/person\\\/ec07c863f467b839fc7e660b5dc9fb2e\"},\"headline\":\"Podkarpacka OIIB partnerem Mieleckich Targ\u00f3w Nieruchomo\u015bci &#8211; 15.03.2026 r.\",\"datePublished\":\"2026-03-04T06:42:45+00:00\",\"dateModified\":\"2026-04-20T09:10:41+00:00\",\"mainEntityOfPage\":{\"@id\":\"https:\\\/\\\/inzynier.rzeszow.pl\\\/index.php\\\/2026\\\/03\\\/04\\\/podkarpacka-oiib-partnerem-mieleckich-targow-nieruchomosci-15-03-2026-r\\\/\"},\"wordCount\":201,\"image\":{\"@id\":\"https:\\\/\\\/inzynier.rzeszow.pl\\\/index.php\\\/2026\\\/03\\\/04\\\/podkarpacka-oiib-partnerem-mieleckich-targow-nieruchomosci-15-03-2026-r\\\/#primaryimage\"},\"thumbnailUrl\":\"https:\\\/\\\/inzynier.rzeszow.pl\\\/wp-content\\\/uploads\\\/2026\\\/03\\\/Targi_mielec_26.webp\",\"articleSection\":[\"Aktualno\u015bci\",\"Targi i konferencje\",\"Wydarzenia\",\"Z \u017cycia izby\",\"Z \u017cycia izby Rok 2026\"],\"inLanguage\":\"pl-PL\"},{\"@type\":\"WebPage\",\"@id\":\"https:\\\/\\\/inzynier.rzeszow.pl\\\/index.php\\\/2026\\\/03\\\/04\\\/podkarpacka-oiib-partnerem-mieleckich-targow-nieruchomosci-15-03-2026-r\\\/\",\"url\":\"https:\\\/\\\/inzynier.rzeszow.pl\\\/index.php\\\/2026\\\/03\\\/04\\\/podkarpacka-oiib-partnerem-mieleckich-targow-nieruchomosci-15-03-2026-r\\\/\",\"name\":\"Podkarpacka OIIB partnerem Mieleckich Targ\u00f3w Nieruchomo\u015bci - 15.03.2026 r. - Podkarpacka Okregowa Izba Inzynierow Budownictwa\",\"isPartOf\":{\"@id\":\"https:\\\/\\\/inzynier.rzeszow.pl\\\/#website\"},\"primaryImageOfPage\":{\"@id\":\"https:\\\/\\\/inzynier.rzeszow.pl\\\/index.php\\\/2026\\\/03\\\/04\\\/podkarpacka-oiib-partnerem-mieleckich-targow-nieruchomosci-15-03-2026-r\\\/#primaryimage\"},\"image\":{\"@id\":\"https:\\\/\\\/inzynier.rzeszow.pl\\\/index.php\\\/2026\\\/03\\\/04\\\/podkarpacka-oiib-partnerem-mieleckich-targow-nieruchomosci-15-03-2026-r\\\/#primaryimage\"},\"thumbnailUrl\":\"https:\\\/\\\/inzynier.rzeszow.pl\\\/wp-content\\\/uploads\\\/2026\\\/03\\\/Targi_mielec_26.webp\",\"datePublished\":\"2026-03-04T06:42:45+00:00\",\"dateModified\":\"2026-04-20T09:10:41+00:00\",\"author\":{\"@id\":\"https:\\\/\\\/inzynier.rzeszow.pl\\\/#\\\/schema\\\/person\\\/ec07c863f467b839fc7e660b5dc9fb2e\"},\"breadcrumb\":{\"@id\":\"https:\\\/\\\/inzynier.rzeszow.pl\\\/index.php\\\/2026\\\/03\\\/04\\\/podkarpacka-oiib-partnerem-mieleckich-targow-nieruchomosci-15-03-2026-r\\\/#breadcrumb\"},\"inLanguage\":\"pl-PL\",\"potentialAction\":[{\"@type\":\"ReadAction\",\"target\":[\"https:\\\/\\\/inzynier.rzeszow.pl\\\/index.php\\\/2026\\\/03\\\/04\\\/podkarpacka-oiib-partnerem-mieleckich-targow-nieruchomosci-15-03-2026-r\\\/\"]}]},{\"@type\":\"ImageObject\",\"inLanguage\":\"pl-PL\",\"@id\":\"https:\\\/\\\/inzynier.rzeszow.pl\\\/index.php\\\/2026\\\/03\\\/04\\\/podkarpacka-oiib-partnerem-mieleckich-targow-nieruchomosci-15-03-2026-r\\\/#primaryimage\",\"url\":\"https:\\\/\\\/inzynier.rzeszow.pl\\\/wp-content\\\/uploads\\\/2026\\\/03\\\/Targi_mielec_26.webp\",\"contentUrl\":\"https:\\\/\\\/inzynier.rzeszow.pl\\\/wp-content\\\/uploads\\\/2026\\\/03\\\/Targi_mielec_26.webp\",\"width\":1080,\"height\":1350},{\"@type\":\"BreadcrumbList\",\"@id\":\"https:\\\/\\\/inzynier.rzeszow.pl\\\/index.php\\\/2026\\\/03\\\/04\\\/podkarpacka-oiib-partnerem-mieleckich-targow-nieruchomosci-15-03-2026-r\\\/#breadcrumb\",\"itemListElement\":[{\"@type\":\"ListItem\",\"position\":1,\"name\":\"Strona g\u0142\u00f3wna\",\"item\":\"https:\\\/\\\/inzynier.rzeszow.pl\\\/\"},{\"@type\":\"ListItem\",\"position\":2,\"name\":\"Podkarpacka OIIB partnerem Mieleckich Targ\u00f3w Nieruchomo\u015bci &#8211; 15.03.2026 r.\"}]},{\"@type\":\"WebSite\",\"@id\":\"https:\\\/\\\/inzynier.rzeszow.pl\\\/#website\",\"url\":\"https:\\\/\\\/inzynier.rzeszow.pl\\\/\",\"name\":\"Podkarpacka Okregowa Izba Inzynierow Budownictwa\",\"description\":\"\",\"potentialAction\":[{\"@type\":\"SearchAction\",\"target\":{\"@type\":\"EntryPoint\",\"urlTemplate\":\"https:\\\/\\\/inzynier.rzeszow.pl\\\/?s={search_term_string}\"},\"query-input\":{\"@type\":\"PropertyValueSpecification\",\"valueRequired\":true,\"valueName\":\"search_term_string\"}}],\"inLanguage\":\"pl-PL\"},{\"@type\":\"Person\",\"@id\":\"https:\\\/\\\/inzynier.rzeszow.pl\\\/#\\\/schema\\\/person\\\/ec07c863f467b839fc7e660b5dc9fb2e\",\"name\":\"Bo\u017cena Baron\",\"image\":{\"@type\":\"ImageObject\",\"inLanguage\":\"pl-PL\",\"@id\":\"https:\\\/\\\/secure.gravatar.com\\\/avatar\\\/dc24f9f547b68193b482e414f07e83a64e13c1604f2bed475a9489b4f809aef4?s=96&d=mm&r=g\",\"url\":\"https:\\\/\\\/secure.gravatar.com\\\/avatar\\\/dc24f9f547b68193b482e414f07e83a64e13c1604f2bed475a9489b4f809aef4?s=96&d=mm&r=g\",\"contentUrl\":\"https:\\\/\\\/secure.gravatar.com\\\/avatar\\\/dc24f9f547b68193b482e414f07e83a64e13c1604f2bed475a9489b4f809aef4?s=96&d=mm&r=g\",\"caption\":\"Bo\u017cena Baron\"},\"url\":\"https:\\\/\\\/inzynier.rzeszow.pl\\\/index.php\\\/author\\\/bbaron\\\/\"}]}<\/script>\n<!-- \/ Yoast SEO plugin. -->","yoast_head_json":{"title":"Podkarpacka OIIB partnerem Mieleckich Targ\u00f3w Nieruchomo\u015bci - 15.03.2026 r. - Podkarpacka Okregowa Izba Inzynierow Budownictwa","robots":{"index":"index","follow":"follow","max-snippet":"max-snippet:-1","max-image-preview":"max-image-preview:large","max-video-preview":"max-video-preview:-1"},"canonical":"https:\/\/inzynier.rzeszow.pl\/index.php\/2026\/03\/04\/podkarpacka-oiib-partnerem-mieleckich-targow-nieruchomosci-15-03-2026-r\/","og_locale":"pl_PL","og_type":"article","og_title":"Podkarpacka OIIB partnerem Mieleckich Targ\u00f3w Nieruchomo\u015bci - 15.03.2026 r. - Podkarpacka Okregowa Izba Inzynierow Budownictwa","og_description":"15 marca 2026 r. w Miejskiej Bibliotece Publicznej SCK w Mielcu odb\u0119d\u0105 si\u0119 Mieleckie Targi Nieruchomo\u015bci \u2013 wydarzenie skierowane do [&hellip;]","og_url":"https:\/\/inzynier.rzeszow.pl\/index.php\/2026\/03\/04\/podkarpacka-oiib-partnerem-mieleckich-targow-nieruchomosci-15-03-2026-r\/","og_site_name":"Podkarpacka Okregowa Izba Inzynierow Budownictwa","article_published_time":"2026-03-04T06:42:45+00:00","article_modified_time":"2026-04-20T09:10:41+00:00","og_image":[{"width":1080,"height":1350,"url":"https:\/\/inzynier.rzeszow.pl\/wp-content\/uploads\/2026\/03\/Targi_mielec_26.webp","type":"image\/webp"}],"author":"Bo\u017cena Baron","twitter_card":"summary_large_image","twitter_misc":{"Napisane przez":"Bo\u017cena Baron","Szacowany czas czytania":"1 minuta"},"schema":{"@context":"https:\/\/schema.org","@graph":[{"@type":"Article","@id":"https:\/\/inzynier.rzeszow.pl\/index.php\/2026\/03\/04\/podkarpacka-oiib-partnerem-mieleckich-targow-nieruchomosci-15-03-2026-r\/#article","isPartOf":{"@id":"https:\/\/inzynier.rzeszow.pl\/index.php\/2026\/03\/04\/podkarpacka-oiib-partnerem-mieleckich-targow-nieruchomosci-15-03-2026-r\/"},"author":{"name":"Bo\u017cena Baron","@id":"https:\/\/inzynier.rzeszow.pl\/#\/schema\/person\/ec07c863f467b839fc7e660b5dc9fb2e"},"headline":"Podkarpacka OIIB partnerem Mieleckich Targ\u00f3w Nieruchomo\u015bci &#8211; 15.03.2026 r.","datePublished":"2026-03-04T06:42:45+00:00","dateModified":"2026-04-20T09:10:41+00:00","mainEntityOfPage":{"@id":"https:\/\/inzynier.rzeszow.pl\/index.php\/2026\/03\/04\/podkarpacka-oiib-partnerem-mieleckich-targow-nieruchomosci-15-03-2026-r\/"},"wordCount":201,"image":{"@id":"https:\/\/inzynier.rzeszow.pl\/index.php\/2026\/03\/04\/podkarpacka-oiib-partnerem-mieleckich-targow-nieruchomosci-15-03-2026-r\/#primaryimage"},"thumbnailUrl":"https:\/\/inzynier.rzeszow.pl\/wp-content\/uploads\/2026\/03\/Targi_mielec_26.webp","articleSection":["Aktualno\u015bci","Targi i konferencje","Wydarzenia","Z \u017cycia izby","Z \u017cycia izby Rok 2026"],"inLanguage":"pl-PL"},{"@type":"WebPage","@id":"https:\/\/inzynier.rzeszow.pl\/index.php\/2026\/03\/04\/podkarpacka-oiib-partnerem-mieleckich-targow-nieruchomosci-15-03-2026-r\/","url":"https:\/\/inzynier.rzeszow.pl\/index.php\/2026\/03\/04\/podkarpacka-oiib-partnerem-mieleckich-targow-nieruchomosci-15-03-2026-r\/","name":"Podkarpacka OIIB partnerem Mieleckich Targ\u00f3w Nieruchomo\u015bci - 15.03.2026 r. - Podkarpacka Okregowa Izba Inzynierow Budownictwa","isPartOf":{"@id":"https:\/\/inzynier.rzeszow.pl\/#website"},"primaryImageOfPage":{"@id":"https:\/\/inzynier.rzeszow.pl\/index.php\/2026\/03\/04\/podkarpacka-oiib-partnerem-mieleckich-targow-nieruchomosci-15-03-2026-r\/#primaryimage"},"image":{"@id":"https:\/\/inzynier.rzeszow.pl\/index.php\/2026\/03\/04\/podkarpacka-oiib-partnerem-mieleckich-targow-nieruchomosci-15-03-2026-r\/#primaryimage"},"thumbnailUrl":"https:\/\/inzynier.rzeszow.pl\/wp-content\/uploads\/2026\/03\/Targi_mielec_26.webp","datePublished":"2026-03-04T06:42:45+00:00","dateModified":"2026-04-20T09:10:41+00:00","author":{"@id":"https:\/\/inzynier.rzeszow.pl\/#\/schema\/person\/ec07c863f467b839fc7e660b5dc9fb2e"},"breadcrumb":{"@id":"https:\/\/inzynier.rzeszow.pl\/index.php\/2026\/03\/04\/podkarpacka-oiib-partnerem-mieleckich-targow-nieruchomosci-15-03-2026-r\/#breadcrumb"},"inLanguage":"pl-PL","potentialAction":[{"@type":"ReadAction","target":["https:\/\/inzynier.rzeszow.pl\/index.php\/2026\/03\/04\/podkarpacka-oiib-partnerem-mieleckich-targow-nieruchomosci-15-03-2026-r\/"]}]},{"@type":"ImageObject","inLanguage":"pl-PL","@id":"https:\/\/inzynier.rzeszow.pl\/index.php\/2026\/03\/04\/podkarpacka-oiib-partnerem-mieleckich-targow-nieruchomosci-15-03-2026-r\/#primaryimage","url":"https:\/\/inzynier.rzeszow.pl\/wp-content\/uploads\/2026\/03\/Targi_mielec_26.webp","contentUrl":"https:\/\/inzynier.rzeszow.pl\/wp-content\/uploads\/2026\/03\/Targi_mielec_26.webp","width":1080,"height":1350},{"@type":"BreadcrumbList","@id":"https:\/\/inzynier.rzeszow.pl\/index.php\/2026\/03\/04\/podkarpacka-oiib-partnerem-mieleckich-targow-nieruchomosci-15-03-2026-r\/#breadcrumb","itemListElement":[{"@type":"ListItem","position":1,"name":"Strona g\u0142\u00f3wna","item":"https:\/\/inzynier.rzeszow.pl\/"},{"@type":"ListItem","position":2,"name":"Podkarpacka OIIB partnerem Mieleckich Targ\u00f3w Nieruchomo\u015bci &#8211; 15.03.2026 r."}]},{"@type":"WebSite","@id":"https:\/\/inzynier.rzeszow.pl\/#website","url":"https:\/\/inzynier.rzeszow.pl\/","name":"Podkarpacka Okregowa Izba Inzynierow Budownictwa","description":"","potentialAction":[{"@type":"SearchAction","target":{"@type":"EntryPoint","urlTemplate":"https:\/\/inzynier.rzeszow.pl\/?s={search_term_string}"},"query-input":{"@type":"PropertyValueSpecification","valueRequired":true,"valueName":"search_term_string"}}],"inLanguage":"pl-PL"},{"@type":"Person","@id":"https:\/\/inzynier.rzeszow.pl\/#\/schema\/person\/ec07c863f467b839fc7e660b5dc9fb2e","name":"Bo\u017cena Baron","image":{"@type":"ImageObject","inLanguage":"pl-PL","@id":"https:\/\/secure.gravatar.com\/avatar\/dc24f9f547b68193b482e414f07e83a64e13c1604f2bed475a9489b4f809aef4?s=96&d=mm&r=g","url":"https:\/\/secure.gravatar.com\/avatar\/dc24f9f547b68193b482e414f07e83a64e13c1604f2bed475a9489b4f809aef4?s=96&d=mm&r=g","contentUrl":"https:\/\/secure.gravatar.com\/avatar\/dc24f9f547b68193b482e414f07e83a64e13c1604f2bed475a9489b4f809aef4?s=96&d=mm&r=g","caption":"Bo\u017cena Baron"},"url":"https:\/\/inzynier.rzeszow.pl\/index.php\/author\/bbaron\/"}]}},"rttpg_featured_image_url":{"full":["https:\/\/inzynier.rzeszow.pl\/wp-content\/uploads\/2026\/03\/Targi_mielec_26.webp",1080,1350,false],"landscape":["https:\/\/inzynier.rzeszow.pl\/wp-content\/uploads\/2026\/03\/Targi_mielec_26.webp",1080,1350,false],"portraits":["https:\/\/inzynier.rzeszow.pl\/wp-content\/uploads\/2026\/03\/Targi_mielec_26.webp",1080,1350,false],"thumbnail":["https:\/\/inzynier.rzeszow.pl\/wp-content\/uploads\/2026\/03\/Targi_mielec_26-150x150.png",150,150,true],"medium":["https:\/\/inzynier.rzeszow.pl\/wp-content\/uploads\/2026\/03\/Targi_mielec_26-240x300.png",240,300,true],"large":["https:\/\/inzynier.rzeszow.pl\/wp-content\/uploads\/2026\/03\/Targi_mielec_26-819x1024.webp",819,1024,true],"1536x1536":["https:\/\/inzynier.rzeszow.pl\/wp-content\/uploads\/2026\/03\/Targi_mielec_26.webp",1080,1350,false],"2048x2048":["https:\/\/inzynier.rzeszow.pl\/wp-content\/uploads\/2026\/03\/Targi_mielec_26.webp",1080,1350,false]},"rttpg_author":{"display_name":"Bo\u017cena Baron","author_link":"https:\/\/inzynier.rzeszow.pl\/index.php\/author\/bbaron\/"},"rttpg_comment":0,"rttpg_category":"<a href=\"https:\/\/inzynier.rzeszow.pl\/index.php\/category\/aktualnosci\/\" rel=\"category tag\">Aktualno\u015bci<\/a> <a href=\"https:\/\/inzynier.rzeszow.pl\/index.php\/category\/targi-i-konferencje\/\" rel=\"category tag\">Targi i konferencje<\/a> <a href=\"https:\/\/inzynier.rzeszow.pl\/index.php\/category\/wydarzenia\/\" rel=\"category tag\">Wydarzenia<\/a> <a href=\"https:\/\/inzynier.rzeszow.pl\/index.php\/category\/z-zycia-izby\/\" rel=\"category tag\">Z \u017cycia izby<\/a> <a href=\"https:\/\/inzynier.rzeszow.pl\/index.php\/category\/z-zycia-izby\/z-zycia-izby-rok-2026\/\" rel=\"category tag\">Z \u017cycia izby Rok 2026<\/a>","rttpg_excerpt":"15 marca 2026 r. w Miejskiej Bibliotece Publicznej SCK w Mielcu odb\u0119d\u0105 si\u0119 Mieleckie Targi Nieruchomo\u015bci \u2013 wydarzenie skierowane do [&hellip;]","_links":{"self":[{"href":"https:\/\/inzynier.rzeszow.pl\/index.php\/wp-json\/wp\/v2\/posts\/4799","targetHints":{"allow":["GET"]}}],"collection":[{"href":"https:\/\/inzynier.rzeszow.pl\/index.php\/wp-json\/wp\/v2\/posts"}],"about":[{"href":"https:\/\/inzynier.rzeszow.pl\/index.php\/wp-json\/wp\/v2\/types\/post"}],"author":[{"embeddable":true,"href":"https:\/\/inzynier.rzeszow.pl\/index.php\/wp-json\/wp\/v2\/users\/5"}],"replies":[{"embeddable":true,"href":"https:\/\/inzynier.rzeszow.pl\/index.php\/wp-json\/wp\/v2\/comments?post=4799"}],"version-history":[{"count":16,"href":"https:\/\/inzynier.rzeszow.pl\/index.php\/wp-json\/wp\/v2\/posts\/4799\/revisions"}],"predecessor-version":[{"id":9098,"href":"https:\/\/inzynier.rzeszow.pl\/index.php\/wp-json\/wp\/v2\/posts\/4799\/revisions\/9098"}],"wp:featuredmedia":[{"embeddable":true,"href":"https:\/\/inzynier.rzeszow.pl\/index.php\/wp-json\/wp\/v2\/media\/4800"}],"wp:attachment":[{"href":"https:\/\/inzynier.rzeszow.pl\/index.php\/wp-json\/wp\/v2\/media?parent=4799"}],"wp:term":[{"taxonomy":"category","embeddable":true,"href":"https:\/\/inzynier.rzeszow.pl\/index.php\/wp-json\/wp\/v2\/categories?post=4799"},{"taxonomy":"post_tag","embeddable":true,"href":"https:\/\/inzynier.rzeszow.pl\/index.php\/wp-json\/wp\/v2\/tags?post=4799"}],"curies":[{"name":"wp","href":"https:\/\/api.w.org\/{rel}","templated":true}]}}