{"id":4257,"date":"2026-02-07T10:39:49","date_gmt":"2026-02-07T10:39:49","guid":{"rendered":"https:\/\/migracja.inzynier.rzeszow.pl\/?p=4257"},"modified":"2026-03-13T08:37:59","modified_gmt":"2026-03-13T08:37:59","slug":"spotkanie-informacyjno-integracyjne-czlonkow-naszej-izby-z-powiatu-przemyskiego-2026-r","status":"publish","type":"post","link":"https:\/\/inzynier.rzeszow.pl\/index.php\/2026\/02\/07\/spotkanie-informacyjno-integracyjne-czlonkow-naszej-izby-z-powiatu-przemyskiego-2026-r\/","title":{"rendered":"Spotkanie informacyjno-integracyjne cz\u0142onk\u00f3w naszej Izby z powiatu przemyskiego 2026 r."},"content":{"rendered":"\t\t<div data-elementor-type=\"wp-post\" data-elementor-id=\"4257\" class=\"elementor elementor-4257\" data-elementor-post-type=\"post\">\n\t\t\t\t<div class=\"elementor-element elementor-element-a86bb8d e-flex e-con-boxed e-con e-parent\" data-id=\"a86bb8d\" data-element_type=\"container\" data-e-type=\"container\">\n\t\t\t\t\t<div class=\"e-con-inner\">\n\t\t<div class=\"elementor-element elementor-element-410f3d0 e-con-full e-flex e-con e-child\" data-id=\"410f3d0\" data-element_type=\"container\" data-e-type=\"container\">\n\t\t<div class=\"elementor-element elementor-element-0161690 e-con-full e-flex e-con e-child\" data-id=\"0161690\" data-element_type=\"container\" data-e-type=\"container\">\n\t\t\t\t<div class=\"elementor-element elementor-element-833a258 elementor-widget elementor-widget-image\" data-id=\"833a258\" data-element_type=\"widget\" data-e-type=\"widget\" data-widget_type=\"image.default\">\n\t\t\t\t\t\t\t\t\t\t\t\t\t\t\t<img fetchpriority=\"high\" decoding=\"async\" width=\"1024\" height=\"768\" src=\"https:\/\/inzynier.rzeszow.pl\/wp-content\/uploads\/2026\/02\/2026-02-06_integracja_przemysl_1-1024x768.webp\" class=\"attachment-large size-large wp-image-4259\" alt=\"\" srcset=\"https:\/\/inzynier.rzeszow.pl\/wp-content\/uploads\/2026\/02\/2026-02-06_integracja_przemysl_1-1024x768.webp 1024w, https:\/\/inzynier.rzeszow.pl\/wp-content\/uploads\/2026\/02\/2026-02-06_integracja_przemysl_1-300x225.jpg 300w, https:\/\/inzynier.rzeszow.pl\/wp-content\/uploads\/2026\/02\/2026-02-06_integracja_przemysl_1-768x576.webp 768w, https:\/\/inzynier.rzeszow.pl\/wp-content\/uploads\/2026\/02\/2026-02-06_integracja_przemysl_1-1536x1152.webp 1536w, https:\/\/inzynier.rzeszow.pl\/wp-content\/uploads\/2026\/02\/2026-02-06_integracja_przemysl_1-scaled.webp 1920w\" sizes=\"(max-width: 1024px) 100vw, 1024px\" \/>\t\t\t\t\t\t\t\t\t\t\t\t\t\t\t<\/div>\n\t\t\t\t<\/div>\n\t\t<div class=\"elementor-element elementor-element-ba0eba7 e-con-full e-flex e-con e-child\" data-id=\"ba0eba7\" data-element_type=\"container\" data-e-type=\"container\">\n\t\t\t\t<div class=\"elementor-element elementor-element-43c5e2f elementor-widget elementor-widget-text-editor\" data-id=\"43c5e2f\" data-element_type=\"widget\" data-e-type=\"widget\" data-widget_type=\"text-editor.default\">\n\t\t\t\t\t\t\t\t\t<p>W dniu 06 lutego 2026 r. w restauracji hotelu \u201eGloria&#8221; w Przemy\u015blu odby\u0142o si\u0119 spotkanie informacyjno-integracyjne cz\u0142onk\u00f3w PDK OIIB z terenu powiatu przemyskiego.\u00a0<br \/>Swoj\u0105 obecno\u015bci\u0105 zaszczyci\u0142 je Powiatowy Inspektor Nadzoru Budowlanego dla miasta Przemy\u015bla Rafa\u0142 Wach.\u00a0<br \/>W\u0142adze Okr\u0119gowej Izby reprezentowa\u0142 natomiast zast\u0119pca przewodnicz\u0105cego Okr\u0119gowej Rady PDK OIIB Wac\u0142aw Kami\u0144ski.<\/p><p>Cz\u0142onk\u00f3w z regionu przemyskiego powitali i przywitali zaproszonych go\u015bci zast\u0119pca przewodnicz\u0105cego Okr\u0119gowej Rady PDK OIIB Wac\u0142aw Kami\u0144ski, przewodnicz\u0105cy Okr\u0119gowego S\u0105du Dyscyplinarnego PDK OIIB Jerzy Madera, przewodnicz\u0105cy Okr\u0119gowej Komisji Rewizyjnej PDK OIIB Dariusz Nowakowski i cz\u0142onek Okr\u0119gowej Rady PDK OIIB Jacek Miko\u0142ajewski.<\/p><p>Nast\u0119pnie kol. Wac\u0142aw Kami\u0144ski przedstawi\u0142 gar\u015b\u0107 danych statystycznych, informacj\u0119 o szeregu imprez organizowanych przez Izb\u0119 oraz korzy\u015bciach, jakie daje cz\u0142onkostwo w naszej Izbie.<\/p>\t\t\t\t\t\t\t\t<\/div>\n\t\t\t\t<\/div>\n\t\t\t\t<\/div>\n\t\t\t\t\t<\/div>\n\t\t\t\t<\/div>\n\t\t<div class=\"elementor-element elementor-element-71f201a e-flex e-con-boxed e-con e-parent\" data-id=\"71f201a\" data-element_type=\"container\" data-e-type=\"container\">\n\t\t\t\t\t<div class=\"e-con-inner\">\n\t\t\t\t<div class=\"elementor-element elementor-element-6f753a0 elementor-widget elementor-widget-text-editor\" data-id=\"6f753a0\" data-element_type=\"widget\" data-e-type=\"widget\" data-widget_type=\"text-editor.default\">\n\t\t\t\t\t\t\t\t\t<p>Podczas uroczystego powitania zebranych uczestnik\u00f3w i okoliczno\u015bciowych przem\u00f3wieniach wr\u0119czono pami\u0105tkowe medale oraz listy gratulacyjne wieloletnim cz\u0142onkom pe\u0142ni\u0105cym samodzielne funkcje techniczne w budownictwie.<br \/>Pami\u0105tkowe medale otrzymali: Wies\u0142aw Janowicz, Tadeusz Krawczyk, Henryk Grz\u0105dziel oraz Jan Duda.<\/p><p>Po uroczystej kolacji mia\u0142a miejsce mniej oficjalna cz\u0119\u015b\u0107 spotkania. Przy rytmach muzycznych mo\u017cna by\u0142o r\u00f3wnie\u017c pota\u0144czy\u0107, a cz\u0119\u015b\u0107 biesiadna spotkania, zabawa przy muzyce i dyskusje pomi\u0119dzy kolegami trwa\u0142y do p\u00f3\u017anej nocy.<br \/>Dzi\u0119kujemy wszystkim za przybycie oraz fantastyczn\u0105 zabaw\u0119.<\/p><p align=\"right\">Opracowa\u0142, fot.: Jacek Miko\u0142ajewsk<\/p>\t\t\t\t\t\t\t\t<\/div>\n\t\t\t\t\t<\/div>\n\t\t\t\t<\/div>\n\t\t<div class=\"elementor-element elementor-element-9daec5d e-flex e-con-boxed e-con e-parent\" data-id=\"9daec5d\" data-element_type=\"container\" data-e-type=\"container\">\n\t\t\t\t\t<div class=\"e-con-inner\">\n\t\t\t\t<div class=\"elementor-element elementor-element-068b431 elementor-widget__width-inherit elementor-widget elementor-widget-shortcode\" data-id=\"068b431\" data-element_type=\"widget\" data-e-type=\"widget\" data-widget_type=\"shortcode.default\">\n\t\t\t\t\t\t\t<div class=\"elementor-shortcode\"><style type=\"text\/css\">\n#foogallery-gallery-4330.fg-justified .fg-item { margin-right: 10px; margin-bottom: 10px; }\n#foogallery-gallery-4330.fg-justified .fg-image { height: 200px; }<\/style>\n\t\t\t<div class=\"foogallery foogallery-container foogallery-justified foogallery-lightbox-foogallery fg-justified fg-ready fg-light fg-shadow-outline fg-loading-default fg-loaded-fade-in fg-caption-always fg-hover-fade fg-hover-zoom2\" id=\"foogallery-gallery-4330\" data-foogallery=\"{&quot;item&quot;:{&quot;showCaptionTitle&quot;:false,&quot;showCaptionDescription&quot;:false},&quot;lazy&quot;:true,&quot;paging&quot;:{&quot;type&quot;:&quot;dots&quot;,&quot;size&quot;:2,&quot;position&quot;:&quot;&quot;,&quot;scrollToTop&quot;:false,&quot;output&quot;:&quot;&quot;},&quot;template&quot;:{&quot;rowHeight&quot;:200,&quot;maxRowHeight&quot;:300,&quot;margins&quot;:10,&quot;align&quot;:&quot;center&quot;,&quot;lastRow&quot;:&quot;smart&quot;}}\" data-foogallery-lightbox=\"{&quot;thumbs&quot;:&quot;bottom&quot;,&quot;thumbsCaptions&quot;:false,&quot;thumbsBestFit&quot;:false,&quot;thumbsSmall&quot;:false,&quot;thumbsCaptionsAlign&quot;:&quot;default&quot;,&quot;info&quot;:&quot;bottom&quot;,&quot;infoVisible&quot;:true,&quot;infoOverlay&quot;:true,&quot;infoAlign&quot;:&quot;default&quot;,&quot;transition&quot;:&quot;fade&quot;,&quot;hoverButtons&quot;:false,&quot;fitMedia&quot;:false,&quot;noScrollbars&quot;:true,&quot;preserveButtonSpace&quot;:true,&quot;buttons&quot;:{&quot;fullscreen&quot;:true,&quot;info&quot;:true,&quot;thumbs&quot;:false},&quot;video&quot;:{&quot;autoPlay&quot;:true}}\" style=\"--fg-title-line-clamp: 1; --fg-description-line-clamp: 2;\" >\n\t<div class=\"fg-item fg-type-image fg-idle\"><figure class=\"fg-item-inner\"><a href=\"https:\/\/inzynier.rzeszow.pl\/wp-content\/uploads\/2026\/02\/640187738_1362045295960534_3882680077523667212_n.webp\" data-attachment-id=\"4265\" data-e-disable-page-transition=\"true\" data-type=\"image\" class=\"fg-thumb\"><span class=\"fg-image-wrap\"><img decoding=\"async\" height=\"300\" width=\"400\" class=\"skip-lazy fg-image\" data-src-fg=\"https:\/\/inzynier.rzeszow.pl\/wp-content\/uploads\/cache\/2026\/02\/640187738_1362045295960534_3882680077523667212_n\/1788016545.webp\" src=\"data:image\/svg+xml,%3Csvg%20xmlns%3D%22http%3A%2F%2Fwww.w3.org%2F2000%2Fsvg%22%20width%3D%22400%22%20height%3D%22300%22%20viewBox%3D%220%200%20400%20300%22%3E%3C%2Fsvg%3E\" loading=\"eager\"><\/span><span class=\"fg-image-overlay\"><\/span><\/a><\/figure><div class=\"fg-loader\"><\/div><\/div><div class=\"fg-item fg-type-image fg-idle\"><figure class=\"fg-item-inner\"><a href=\"https:\/\/inzynier.rzeszow.pl\/wp-content\/uploads\/2026\/02\/641128975_1362045002627230_680294080927181978_n.webp\" data-attachment-id=\"4269\" data-e-disable-page-transition=\"true\" data-type=\"image\" class=\"fg-thumb\"><span class=\"fg-image-wrap\"><img decoding=\"async\" height=\"300\" width=\"533\" class=\"skip-lazy fg-image\" data-src-fg=\"https:\/\/inzynier.rzeszow.pl\/wp-content\/uploads\/cache\/2026\/02\/641128975_1362045002627230_680294080927181978_n\/2947282484.webp\" src=\"data:image\/svg+xml,%3Csvg%20xmlns%3D%22http%3A%2F%2Fwww.w3.org%2F2000%2Fsvg%22%20width%3D%22533%22%20height%3D%22300%22%20viewBox%3D%220%200%20533%20300%22%3E%3C%2Fsvg%3E\" loading=\"eager\"><\/span><span class=\"fg-image-overlay\"><\/span><\/a><\/figure><div class=\"fg-loader\"><\/div><\/div><\/div>\n<script type=\"text\/javascript\">  window[\"foogallery-gallery-4330_items\"] = [{\"href\":\"https:\/\/inzynier.rzeszow.pl\/wp-content\/uploads\/2026\/02\/641115467_1362044629293934_7826937010564784265_n.webp\",\"type\":\"image\",\"src\":\"https:\/\/inzynier.rzeszow.pl\/wp-content\/uploads\/cache\/2026\/02\/641115467_1362044629293934_7826937010564784265_n\/814720369.webp\",\"width\":225,\"height\":300,\"alt\":\"\",\"id\":4268,\"attr\":{\"anchor\":{\"data-attachment-id\":4268,\"data-e-disable-page-transition\":\"true\",\"class\":\"fg-thumb\"}}}, {\"href\":\"https:\/\/inzynier.rzeszow.pl\/wp-content\/uploads\/2026\/02\/641264975_1362044419293955_5109829948900078385_n.webp\",\"type\":\"image\",\"src\":\"https:\/\/inzynier.rzeszow.pl\/wp-content\/uploads\/cache\/2026\/02\/641264975_1362044419293955_5109829948900078385_n\/432429064.webp\",\"width\":225,\"height\":300,\"alt\":\"\",\"id\":4270,\"attr\":{\"anchor\":{\"data-attachment-id\":4270,\"data-e-disable-page-transition\":\"true\",\"class\":\"fg-thumb\"}}}, {\"href\":\"https:\/\/inzynier.rzeszow.pl\/wp-content\/uploads\/2026\/02\/641516162_1362044955960568_206279100195722864_n.webp\",\"type\":\"image\",\"src\":\"https:\/\/inzynier.rzeszow.pl\/wp-content\/uploads\/cache\/2026\/02\/641516162_1362044955960568_206279100195722864_n\/3147603240.webp\",\"width\":533,\"height\":300,\"alt\":\"\",\"id\":4276,\"attr\":{\"anchor\":{\"data-attachment-id\":4276,\"data-e-disable-page-transition\":\"true\",\"class\":\"fg-thumb\"}}}, {\"href\":\"https:\/\/inzynier.rzeszow.pl\/wp-content\/uploads\/2026\/02\/640353354_1362044645960599_1443789965510847864_n.webp\",\"type\":\"image\",\"src\":\"https:\/\/inzynier.rzeszow.pl\/wp-content\/uploads\/cache\/2026\/02\/640353354_1362044645960599_1443789965510847864_n\/1577760732.webp\",\"width\":225,\"height\":300,\"alt\":\"\",\"id\":4266,\"attr\":{\"anchor\":{\"data-attachment-id\":4266,\"data-e-disable-page-transition\":\"true\",\"class\":\"fg-thumb\"}}}, {\"href\":\"https:\/\/inzynier.rzeszow.pl\/wp-content\/uploads\/2026\/02\/641346298_1362044862627244_2332957672632353465_n.webp\",\"type\":\"image\",\"src\":\"https:\/\/inzynier.rzeszow.pl\/wp-content\/uploads\/cache\/2026\/02\/641346298_1362044862627244_2332957672632353465_n\/1165021481.webp\",\"width\":534,\"height\":300,\"alt\":\"\",\"id\":4275,\"attr\":{\"anchor\":{\"data-attachment-id\":4275,\"data-e-disable-page-transition\":\"true\",\"class\":\"fg-thumb\"}}}, {\"href\":\"https:\/\/inzynier.rzeszow.pl\/wp-content\/uploads\/2026\/02\/641296157_1362044882627242_3581001834444793139_n.webp\",\"type\":\"image\",\"src\":\"https:\/\/inzynier.rzeszow.pl\/wp-content\/uploads\/cache\/2026\/02\/641296157_1362044882627242_3581001834444793139_n\/125054977.webp\",\"width\":533,\"height\":300,\"alt\":\"\",\"id\":4274,\"attr\":{\"anchor\":{\"data-attachment-id\":4274,\"data-e-disable-page-transition\":\"true\",\"class\":\"fg-thumb\"}}}, {\"href\":\"https:\/\/inzynier.rzeszow.pl\/wp-content\/uploads\/2026\/02\/641293294_1362044399293957_8272381592621347963_n.webp\",\"type\":\"image\",\"src\":\"https:\/\/inzynier.rzeszow.pl\/wp-content\/uploads\/cache\/2026\/02\/641293294_1362044399293957_8272381592621347963_n\/2385206922.webp\",\"width\":400,\"height\":300,\"alt\":\"\",\"id\":4273,\"attr\":{\"anchor\":{\"data-attachment-id\":4273,\"data-e-disable-page-transition\":\"true\",\"class\":\"fg-thumb\"}}}, {\"href\":\"https:\/\/inzynier.rzeszow.pl\/wp-content\/uploads\/2026\/02\/641281375_1362044962627234_6852747646545268197_n.webp\",\"type\":\"image\",\"src\":\"https:\/\/inzynier.rzeszow.pl\/wp-content\/uploads\/cache\/2026\/02\/641281375_1362044962627234_6852747646545268197_n\/1802510552.webp\",\"width\":533,\"height\":300,\"alt\":\"\",\"id\":4272,\"attr\":{\"anchor\":{\"data-attachment-id\":4272,\"data-e-disable-page-transition\":\"true\",\"class\":\"fg-thumb\"}}}, {\"href\":\"https:\/\/inzynier.rzeszow.pl\/wp-content\/uploads\/2026\/02\/641074527_1362044932627237_5850936651403152439_n.webp\",\"type\":\"image\",\"src\":\"https:\/\/inzynier.rzeszow.pl\/wp-content\/uploads\/cache\/2026\/02\/641074527_1362044932627237_5850936651403152439_n\/4271987522.webp\",\"width\":533,\"height\":300,\"alt\":\"\",\"id\":4277,\"attr\":{\"anchor\":{\"data-attachment-id\":4277,\"data-e-disable-page-transition\":\"true\",\"class\":\"fg-thumb\"}}}, {\"href\":\"https:\/\/inzynier.rzeszow.pl\/wp-content\/uploads\/2026\/02\/641280049_1362044902627240_5343606143038375389_n.webp\",\"type\":\"image\",\"src\":\"https:\/\/inzynier.rzeszow.pl\/wp-content\/uploads\/cache\/2026\/02\/641280049_1362044902627240_5343606143038375389_n\/1709935112.webp\",\"width\":533,\"height\":300,\"alt\":\"\",\"id\":4271,\"attr\":{\"anchor\":{\"data-attachment-id\":4271,\"data-e-disable-page-transition\":\"true\",\"class\":\"fg-thumb\"}}}, {\"href\":\"https:\/\/inzynier.rzeszow.pl\/wp-content\/uploads\/2026\/02\/640535674_1362044972627233_8056053457801439457_n.webp\",\"type\":\"image\",\"src\":\"https:\/\/inzynier.rzeszow.pl\/wp-content\/uploads\/cache\/2026\/02\/640535674_1362044972627233_8056053457801439457_n\/4109933826.webp\",\"width\":533,\"height\":300,\"alt\":\"\",\"id\":4267,\"attr\":{\"anchor\":{\"data-attachment-id\":4267,\"data-e-disable-page-transition\":\"true\",\"class\":\"fg-thumb\"}}}, {\"href\":\"https:\/\/inzynier.rzeszow.pl\/wp-content\/uploads\/2026\/02\/640011007_1362044825960581_2217941466383914711_n.webp\",\"type\":\"image\",\"src\":\"https:\/\/inzynier.rzeszow.pl\/wp-content\/uploads\/cache\/2026\/02\/640011007_1362044825960581_2217941466383914711_n\/2515476319.webp\",\"width\":533,\"height\":300,\"alt\":\"\",\"id\":4264,\"attr\":{\"anchor\":{\"data-attachment-id\":4264,\"data-e-disable-page-transition\":\"true\",\"class\":\"fg-thumb\"}}}, {\"href\":\"https:\/\/inzynier.rzeszow.pl\/wp-content\/uploads\/2026\/02\/638242145_1362045315960532_8374150259827258758_n.webp\",\"type\":\"image\",\"src\":\"https:\/\/inzynier.rzeszow.pl\/wp-content\/uploads\/cache\/2026\/02\/638242145_1362045315960532_8374150259827258758_n\/1318651234.webp\",\"width\":400,\"height\":300,\"alt\":\"\",\"id\":4263,\"attr\":{\"anchor\":{\"data-attachment-id\":4263,\"data-e-disable-page-transition\":\"true\",\"class\":\"fg-thumb\"}}}  ];<\/script><\/div>\n\t\t\t\t\t\t<\/div>\n\t\t\t\t\t<\/div>\n\t\t\t\t<\/div>\n\t\t\t\t<\/div>\n\t\t","protected":false},"excerpt":{"rendered":"<p>W dniu 06 lutego 2026 r. w restauracji hotelu \u201eGloria&#8221; w Przemy\u015blu odby\u0142o si\u0119 spotkanie informacyjno-integracyjne cz\u0142onk\u00f3w PDK OIIB z [&hellip;]<\/p>\n","protected":false},"author":1,"featured_media":4259,"comment_status":"closed","ping_status":"closed","sticky":false,"template":"","format":"standard","meta":{"site-sidebar-layout":"default","site-content-layout":"","ast-site-content-layout":"default","site-content-style":"default","site-sidebar-style":"default","ast-global-header-display":"","ast-banner-title-visibility":"","ast-main-header-display":"","ast-hfb-above-header-display":"","ast-hfb-below-header-display":"","ast-hfb-mobile-header-display":"","site-post-title":"","ast-breadcrumbs-content":"","ast-featured-img":"","footer-sml-layout":"","ast-disable-related-posts":"","theme-transparent-header-meta":"","adv-header-id-meta":"","stick-header-meta":"","header-above-stick-meta":"","header-main-stick-meta":"","header-below-stick-meta":"","astra-migrate-meta-layouts":"default","ast-page-background-enabled":"default","ast-page-background-meta":{"desktop":{"background-color":"var(--ast-global-color-5)","background-image":"","background-repeat":"repeat","background-position":"center center","background-size":"auto","background-attachment":"scroll","background-type":"","background-media":"","overlay-type":"","overlay-color":"","overlay-opacity":"","overlay-gradient":""},"tablet":{"background-color":"","background-image":"","background-repeat":"repeat","background-position":"center center","background-size":"auto","background-attachment":"scroll","background-type":"","background-media":"","overlay-type":"","overlay-color":"","overlay-opacity":"","overlay-gradient":""},"mobile":{"background-color":"","background-image":"","background-repeat":"repeat","background-position":"center center","background-size":"auto","background-attachment":"scroll","background-type":"","background-media":"","overlay-type":"","overlay-color":"","overlay-opacity":"","overlay-gradient":""}},"ast-content-background-meta":{"desktop":{"background-color":"var(--ast-global-color-4)","background-image":"","background-repeat":"repeat","background-position":"center center","background-size":"auto","background-attachment":"scroll","background-type":"","background-media":"","overlay-type":"","overlay-color":"","overlay-opacity":"","overlay-gradient":""},"tablet":{"background-color":"var(--ast-global-color-4)","background-image":"","background-repeat":"repeat","background-position":"center center","background-size":"auto","background-attachment":"scroll","background-type":"","background-media":"","overlay-type":"","overlay-color":"","overlay-opacity":"","overlay-gradient":""},"mobile":{"background-color":"var(--ast-global-color-4)","background-image":"","background-repeat":"repeat","background-position":"center center","background-size":"auto","background-attachment":"scroll","background-type":"","background-media":"","overlay-type":"","overlay-color":"","overlay-opacity":"","overlay-gradient":""}},"footnotes":""},"categories":[6,7,16,19],"tags":[],"class_list":["post-4257","post","type-post","status-publish","format-standard","has-post-thumbnail","hentry","category-aktualnosci","category-wydarzenia","category-z-zycia-izby","category-z-zycia-izby-rok-2026"],"yoast_head":"<!-- This site is optimized with the Yoast SEO plugin v27.5 - https:\/\/yoast.com\/product\/yoast-seo-wordpress\/ -->\n<title>Spotkanie informacyjno-integracyjne cz\u0142onk\u00f3w naszej Izby z powiatu przemyskiego 2026 r. - Podkarpacka Okregowa Izba Inzynierow Budownictwa<\/title>\n<meta name=\"robots\" content=\"index, follow, max-snippet:-1, max-image-preview:large, max-video-preview:-1\" \/>\n<link rel=\"canonical\" href=\"https:\/\/inzynier.rzeszow.pl\/index.php\/2026\/02\/07\/spotkanie-informacyjno-integracyjne-czlonkow-naszej-izby-z-powiatu-przemyskiego-2026-r\/\" \/>\n<meta property=\"og:locale\" content=\"pl_PL\" \/>\n<meta property=\"og:type\" content=\"article\" \/>\n<meta property=\"og:title\" content=\"Spotkanie informacyjno-integracyjne cz\u0142onk\u00f3w naszej Izby z powiatu przemyskiego 2026 r. - Podkarpacka Okregowa Izba Inzynierow Budownictwa\" \/>\n<meta property=\"og:description\" content=\"W dniu 06 lutego 2026 r. w restauracji hotelu \u201eGloria&#8221; w Przemy\u015blu odby\u0142o si\u0119 spotkanie informacyjno-integracyjne cz\u0142onk\u00f3w PDK OIIB z [&hellip;]\" \/>\n<meta property=\"og:url\" content=\"https:\/\/inzynier.rzeszow.pl\/index.php\/2026\/02\/07\/spotkanie-informacyjno-integracyjne-czlonkow-naszej-izby-z-powiatu-przemyskiego-2026-r\/\" \/>\n<meta property=\"og:site_name\" content=\"Podkarpacka Okregowa Izba Inzynierow Budownictwa\" \/>\n<meta property=\"article:published_time\" content=\"2026-02-07T10:39:49+00:00\" \/>\n<meta property=\"article:modified_time\" content=\"2026-03-13T08:37:59+00:00\" \/>\n<meta property=\"og:image\" content=\"https:\/\/inzynier.rzeszow.pl\/wp-content\/uploads\/2026\/02\/2026-02-06_integracja_przemysl_1-scaled.jpg\" \/>\n\t<meta property=\"og:image:width\" content=\"2560\" \/>\n\t<meta property=\"og:image:height\" content=\"1920\" \/>\n\t<meta property=\"og:image:type\" content=\"image\/jpeg\" \/>\n<meta name=\"author\" content=\"admin\" \/>\n<meta name=\"twitter:card\" content=\"summary_large_image\" \/>\n<meta name=\"twitter:label1\" content=\"Napisane przez\" \/>\n\t<meta name=\"twitter:data1\" content=\"admin\" \/>\n\t<meta name=\"twitter:label2\" content=\"Szacowany czas czytania\" \/>\n\t<meta name=\"twitter:data2\" content=\"2 minuty\" \/>\n<script type=\"application\/ld+json\" class=\"yoast-schema-graph\">{\"@context\":\"https:\\\/\\\/schema.org\",\"@graph\":[{\"@type\":\"Article\",\"@id\":\"https:\\\/\\\/inzynier.rzeszow.pl\\\/index.php\\\/2026\\\/02\\\/07\\\/spotkanie-informacyjno-integracyjne-czlonkow-naszej-izby-z-powiatu-przemyskiego-2026-r\\\/#article\",\"isPartOf\":{\"@id\":\"https:\\\/\\\/inzynier.rzeszow.pl\\\/index.php\\\/2026\\\/02\\\/07\\\/spotkanie-informacyjno-integracyjne-czlonkow-naszej-izby-z-powiatu-przemyskiego-2026-r\\\/\"},\"author\":{\"name\":\"admin\",\"@id\":\"https:\\\/\\\/inzynier.rzeszow.pl\\\/#\\\/schema\\\/person\\\/21ca162d893bdc5760a95d704e9b1e39\"},\"headline\":\"Spotkanie informacyjno-integracyjne cz\u0142onk\u00f3w naszej Izby z powiatu przemyskiego 2026 r.\",\"datePublished\":\"2026-02-07T10:39:49+00:00\",\"dateModified\":\"2026-03-13T08:37:59+00:00\",\"mainEntityOfPage\":{\"@id\":\"https:\\\/\\\/inzynier.rzeszow.pl\\\/index.php\\\/2026\\\/02\\\/07\\\/spotkanie-informacyjno-integracyjne-czlonkow-naszej-izby-z-powiatu-przemyskiego-2026-r\\\/\"},\"wordCount\":255,\"image\":{\"@id\":\"https:\\\/\\\/inzynier.rzeszow.pl\\\/index.php\\\/2026\\\/02\\\/07\\\/spotkanie-informacyjno-integracyjne-czlonkow-naszej-izby-z-powiatu-przemyskiego-2026-r\\\/#primaryimage\"},\"thumbnailUrl\":\"https:\\\/\\\/inzynier.rzeszow.pl\\\/wp-content\\\/uploads\\\/2026\\\/02\\\/2026-02-06_integracja_przemysl_1-scaled.webp\",\"articleSection\":[\"Aktualno\u015bci\",\"Wydarzenia\",\"Z \u017cycia izby\",\"Z \u017cycia izby Rok 2026\"],\"inLanguage\":\"pl-PL\"},{\"@type\":\"WebPage\",\"@id\":\"https:\\\/\\\/inzynier.rzeszow.pl\\\/index.php\\\/2026\\\/02\\\/07\\\/spotkanie-informacyjno-integracyjne-czlonkow-naszej-izby-z-powiatu-przemyskiego-2026-r\\\/\",\"url\":\"https:\\\/\\\/inzynier.rzeszow.pl\\\/index.php\\\/2026\\\/02\\\/07\\\/spotkanie-informacyjno-integracyjne-czlonkow-naszej-izby-z-powiatu-przemyskiego-2026-r\\\/\",\"name\":\"Spotkanie informacyjno-integracyjne cz\u0142onk\u00f3w naszej Izby z powiatu przemyskiego 2026 r. - Podkarpacka Okregowa Izba Inzynierow Budownictwa\",\"isPartOf\":{\"@id\":\"https:\\\/\\\/inzynier.rzeszow.pl\\\/#website\"},\"primaryImageOfPage\":{\"@id\":\"https:\\\/\\\/inzynier.rzeszow.pl\\\/index.php\\\/2026\\\/02\\\/07\\\/spotkanie-informacyjno-integracyjne-czlonkow-naszej-izby-z-powiatu-przemyskiego-2026-r\\\/#primaryimage\"},\"image\":{\"@id\":\"https:\\\/\\\/inzynier.rzeszow.pl\\\/index.php\\\/2026\\\/02\\\/07\\\/spotkanie-informacyjno-integracyjne-czlonkow-naszej-izby-z-powiatu-przemyskiego-2026-r\\\/#primaryimage\"},\"thumbnailUrl\":\"https:\\\/\\\/inzynier.rzeszow.pl\\\/wp-content\\\/uploads\\\/2026\\\/02\\\/2026-02-06_integracja_przemysl_1-scaled.webp\",\"datePublished\":\"2026-02-07T10:39:49+00:00\",\"dateModified\":\"2026-03-13T08:37:59+00:00\",\"author\":{\"@id\":\"https:\\\/\\\/inzynier.rzeszow.pl\\\/#\\\/schema\\\/person\\\/21ca162d893bdc5760a95d704e9b1e39\"},\"breadcrumb\":{\"@id\":\"https:\\\/\\\/inzynier.rzeszow.pl\\\/index.php\\\/2026\\\/02\\\/07\\\/spotkanie-informacyjno-integracyjne-czlonkow-naszej-izby-z-powiatu-przemyskiego-2026-r\\\/#breadcrumb\"},\"inLanguage\":\"pl-PL\",\"potentialAction\":[{\"@type\":\"ReadAction\",\"target\":[\"https:\\\/\\\/inzynier.rzeszow.pl\\\/index.php\\\/2026\\\/02\\\/07\\\/spotkanie-informacyjno-integracyjne-czlonkow-naszej-izby-z-powiatu-przemyskiego-2026-r\\\/\"]}]},{\"@type\":\"ImageObject\",\"inLanguage\":\"pl-PL\",\"@id\":\"https:\\\/\\\/inzynier.rzeszow.pl\\\/index.php\\\/2026\\\/02\\\/07\\\/spotkanie-informacyjno-integracyjne-czlonkow-naszej-izby-z-powiatu-przemyskiego-2026-r\\\/#primaryimage\",\"url\":\"https:\\\/\\\/inzynier.rzeszow.pl\\\/wp-content\\\/uploads\\\/2026\\\/02\\\/2026-02-06_integracja_przemysl_1-scaled.webp\",\"contentUrl\":\"https:\\\/\\\/inzynier.rzeszow.pl\\\/wp-content\\\/uploads\\\/2026\\\/02\\\/2026-02-06_integracja_przemysl_1-scaled.webp\",\"width\":1920,\"height\":1440},{\"@type\":\"BreadcrumbList\",\"@id\":\"https:\\\/\\\/inzynier.rzeszow.pl\\\/index.php\\\/2026\\\/02\\\/07\\\/spotkanie-informacyjno-integracyjne-czlonkow-naszej-izby-z-powiatu-przemyskiego-2026-r\\\/#breadcrumb\",\"itemListElement\":[{\"@type\":\"ListItem\",\"position\":1,\"name\":\"Strona g\u0142\u00f3wna\",\"item\":\"https:\\\/\\\/inzynier.rzeszow.pl\\\/\"},{\"@type\":\"ListItem\",\"position\":2,\"name\":\"Spotkanie informacyjno-integracyjne cz\u0142onk\u00f3w naszej Izby z powiatu przemyskiego 2026 r.\"}]},{\"@type\":\"WebSite\",\"@id\":\"https:\\\/\\\/inzynier.rzeszow.pl\\\/#website\",\"url\":\"https:\\\/\\\/inzynier.rzeszow.pl\\\/\",\"name\":\"Podkarpacka Okregowa Izba Inzynierow Budownictwa\",\"description\":\"\",\"potentialAction\":[{\"@type\":\"SearchAction\",\"target\":{\"@type\":\"EntryPoint\",\"urlTemplate\":\"https:\\\/\\\/inzynier.rzeszow.pl\\\/?s={search_term_string}\"},\"query-input\":{\"@type\":\"PropertyValueSpecification\",\"valueRequired\":true,\"valueName\":\"search_term_string\"}}],\"inLanguage\":\"pl-PL\"},{\"@type\":\"Person\",\"@id\":\"https:\\\/\\\/inzynier.rzeszow.pl\\\/#\\\/schema\\\/person\\\/21ca162d893bdc5760a95d704e9b1e39\",\"name\":\"admin\",\"image\":{\"@type\":\"ImageObject\",\"inLanguage\":\"pl-PL\",\"@id\":\"https:\\\/\\\/secure.gravatar.com\\\/avatar\\\/d5d1959f10b94c8abcf928274f8bb5b8c7370b0dfadb0590911bacad18965f21?s=96&d=mm&r=g\",\"url\":\"https:\\\/\\\/secure.gravatar.com\\\/avatar\\\/d5d1959f10b94c8abcf928274f8bb5b8c7370b0dfadb0590911bacad18965f21?s=96&d=mm&r=g\",\"contentUrl\":\"https:\\\/\\\/secure.gravatar.com\\\/avatar\\\/d5d1959f10b94c8abcf928274f8bb5b8c7370b0dfadb0590911bacad18965f21?s=96&d=mm&r=g\",\"caption\":\"admin\"},\"sameAs\":[\"https:\\\/\\\/migracja.inzynier.rzeszow.pl\"],\"url\":\"https:\\\/\\\/inzynier.rzeszow.pl\\\/index.php\\\/author\\\/kwojcik\\\/\"}]}<\/script>\n<!-- \/ Yoast SEO plugin. -->","yoast_head_json":{"title":"Spotkanie informacyjno-integracyjne cz\u0142onk\u00f3w naszej Izby z powiatu przemyskiego 2026 r. - Podkarpacka Okregowa Izba Inzynierow Budownictwa","robots":{"index":"index","follow":"follow","max-snippet":"max-snippet:-1","max-image-preview":"max-image-preview:large","max-video-preview":"max-video-preview:-1"},"canonical":"https:\/\/inzynier.rzeszow.pl\/index.php\/2026\/02\/07\/spotkanie-informacyjno-integracyjne-czlonkow-naszej-izby-z-powiatu-przemyskiego-2026-r\/","og_locale":"pl_PL","og_type":"article","og_title":"Spotkanie informacyjno-integracyjne cz\u0142onk\u00f3w naszej Izby z powiatu przemyskiego 2026 r. - Podkarpacka Okregowa Izba Inzynierow Budownictwa","og_description":"W dniu 06 lutego 2026 r. w restauracji hotelu \u201eGloria&#8221; w Przemy\u015blu odby\u0142o si\u0119 spotkanie informacyjno-integracyjne cz\u0142onk\u00f3w PDK OIIB z [&hellip;]","og_url":"https:\/\/inzynier.rzeszow.pl\/index.php\/2026\/02\/07\/spotkanie-informacyjno-integracyjne-czlonkow-naszej-izby-z-powiatu-przemyskiego-2026-r\/","og_site_name":"Podkarpacka Okregowa Izba Inzynierow Budownictwa","article_published_time":"2026-02-07T10:39:49+00:00","article_modified_time":"2026-03-13T08:37:59+00:00","og_image":[{"width":2560,"height":1920,"url":"https:\/\/inzynier.rzeszow.pl\/wp-content\/uploads\/2026\/02\/2026-02-06_integracja_przemysl_1-scaled.jpg","type":"image\/jpeg"}],"author":"admin","twitter_card":"summary_large_image","twitter_misc":{"Napisane przez":"admin","Szacowany czas czytania":"2 minuty"},"schema":{"@context":"https:\/\/schema.org","@graph":[{"@type":"Article","@id":"https:\/\/inzynier.rzeszow.pl\/index.php\/2026\/02\/07\/spotkanie-informacyjno-integracyjne-czlonkow-naszej-izby-z-powiatu-przemyskiego-2026-r\/#article","isPartOf":{"@id":"https:\/\/inzynier.rzeszow.pl\/index.php\/2026\/02\/07\/spotkanie-informacyjno-integracyjne-czlonkow-naszej-izby-z-powiatu-przemyskiego-2026-r\/"},"author":{"name":"admin","@id":"https:\/\/inzynier.rzeszow.pl\/#\/schema\/person\/21ca162d893bdc5760a95d704e9b1e39"},"headline":"Spotkanie informacyjno-integracyjne cz\u0142onk\u00f3w naszej Izby z powiatu przemyskiego 2026 r.","datePublished":"2026-02-07T10:39:49+00:00","dateModified":"2026-03-13T08:37:59+00:00","mainEntityOfPage":{"@id":"https:\/\/inzynier.rzeszow.pl\/index.php\/2026\/02\/07\/spotkanie-informacyjno-integracyjne-czlonkow-naszej-izby-z-powiatu-przemyskiego-2026-r\/"},"wordCount":255,"image":{"@id":"https:\/\/inzynier.rzeszow.pl\/index.php\/2026\/02\/07\/spotkanie-informacyjno-integracyjne-czlonkow-naszej-izby-z-powiatu-przemyskiego-2026-r\/#primaryimage"},"thumbnailUrl":"https:\/\/inzynier.rzeszow.pl\/wp-content\/uploads\/2026\/02\/2026-02-06_integracja_przemysl_1-scaled.webp","articleSection":["Aktualno\u015bci","Wydarzenia","Z \u017cycia izby","Z \u017cycia izby Rok 2026"],"inLanguage":"pl-PL"},{"@type":"WebPage","@id":"https:\/\/inzynier.rzeszow.pl\/index.php\/2026\/02\/07\/spotkanie-informacyjno-integracyjne-czlonkow-naszej-izby-z-powiatu-przemyskiego-2026-r\/","url":"https:\/\/inzynier.rzeszow.pl\/index.php\/2026\/02\/07\/spotkanie-informacyjno-integracyjne-czlonkow-naszej-izby-z-powiatu-przemyskiego-2026-r\/","name":"Spotkanie informacyjno-integracyjne cz\u0142onk\u00f3w naszej Izby z powiatu przemyskiego 2026 r. - Podkarpacka Okregowa Izba Inzynierow Budownictwa","isPartOf":{"@id":"https:\/\/inzynier.rzeszow.pl\/#website"},"primaryImageOfPage":{"@id":"https:\/\/inzynier.rzeszow.pl\/index.php\/2026\/02\/07\/spotkanie-informacyjno-integracyjne-czlonkow-naszej-izby-z-powiatu-przemyskiego-2026-r\/#primaryimage"},"image":{"@id":"https:\/\/inzynier.rzeszow.pl\/index.php\/2026\/02\/07\/spotkanie-informacyjno-integracyjne-czlonkow-naszej-izby-z-powiatu-przemyskiego-2026-r\/#primaryimage"},"thumbnailUrl":"https:\/\/inzynier.rzeszow.pl\/wp-content\/uploads\/2026\/02\/2026-02-06_integracja_przemysl_1-scaled.webp","datePublished":"2026-02-07T10:39:49+00:00","dateModified":"2026-03-13T08:37:59+00:00","author":{"@id":"https:\/\/inzynier.rzeszow.pl\/#\/schema\/person\/21ca162d893bdc5760a95d704e9b1e39"},"breadcrumb":{"@id":"https:\/\/inzynier.rzeszow.pl\/index.php\/2026\/02\/07\/spotkanie-informacyjno-integracyjne-czlonkow-naszej-izby-z-powiatu-przemyskiego-2026-r\/#breadcrumb"},"inLanguage":"pl-PL","potentialAction":[{"@type":"ReadAction","target":["https:\/\/inzynier.rzeszow.pl\/index.php\/2026\/02\/07\/spotkanie-informacyjno-integracyjne-czlonkow-naszej-izby-z-powiatu-przemyskiego-2026-r\/"]}]},{"@type":"ImageObject","inLanguage":"pl-PL","@id":"https:\/\/inzynier.rzeszow.pl\/index.php\/2026\/02\/07\/spotkanie-informacyjno-integracyjne-czlonkow-naszej-izby-z-powiatu-przemyskiego-2026-r\/#primaryimage","url":"https:\/\/inzynier.rzeszow.pl\/wp-content\/uploads\/2026\/02\/2026-02-06_integracja_przemysl_1-scaled.webp","contentUrl":"https:\/\/inzynier.rzeszow.pl\/wp-content\/uploads\/2026\/02\/2026-02-06_integracja_przemysl_1-scaled.webp","width":1920,"height":1440},{"@type":"BreadcrumbList","@id":"https:\/\/inzynier.rzeszow.pl\/index.php\/2026\/02\/07\/spotkanie-informacyjno-integracyjne-czlonkow-naszej-izby-z-powiatu-przemyskiego-2026-r\/#breadcrumb","itemListElement":[{"@type":"ListItem","position":1,"name":"Strona g\u0142\u00f3wna","item":"https:\/\/inzynier.rzeszow.pl\/"},{"@type":"ListItem","position":2,"name":"Spotkanie informacyjno-integracyjne cz\u0142onk\u00f3w naszej Izby z powiatu przemyskiego 2026 r."}]},{"@type":"WebSite","@id":"https:\/\/inzynier.rzeszow.pl\/#website","url":"https:\/\/inzynier.rzeszow.pl\/","name":"Podkarpacka Okregowa Izba Inzynierow Budownictwa","description":"","potentialAction":[{"@type":"SearchAction","target":{"@type":"EntryPoint","urlTemplate":"https:\/\/inzynier.rzeszow.pl\/?s={search_term_string}"},"query-input":{"@type":"PropertyValueSpecification","valueRequired":true,"valueName":"search_term_string"}}],"inLanguage":"pl-PL"},{"@type":"Person","@id":"https:\/\/inzynier.rzeszow.pl\/#\/schema\/person\/21ca162d893bdc5760a95d704e9b1e39","name":"admin","image":{"@type":"ImageObject","inLanguage":"pl-PL","@id":"https:\/\/secure.gravatar.com\/avatar\/d5d1959f10b94c8abcf928274f8bb5b8c7370b0dfadb0590911bacad18965f21?s=96&d=mm&r=g","url":"https:\/\/secure.gravatar.com\/avatar\/d5d1959f10b94c8abcf928274f8bb5b8c7370b0dfadb0590911bacad18965f21?s=96&d=mm&r=g","contentUrl":"https:\/\/secure.gravatar.com\/avatar\/d5d1959f10b94c8abcf928274f8bb5b8c7370b0dfadb0590911bacad18965f21?s=96&d=mm&r=g","caption":"admin"},"sameAs":["https:\/\/migracja.inzynier.rzeszow.pl"],"url":"https:\/\/inzynier.rzeszow.pl\/index.php\/author\/kwojcik\/"}]}},"rttpg_featured_image_url":{"full":["https:\/\/inzynier.rzeszow.pl\/wp-content\/uploads\/2026\/02\/2026-02-06_integracja_przemysl_1-scaled.webp",1920,1440,false],"landscape":["https:\/\/inzynier.rzeszow.pl\/wp-content\/uploads\/2026\/02\/2026-02-06_integracja_przemysl_1-scaled.webp",1920,1440,false],"portraits":["https:\/\/inzynier.rzeszow.pl\/wp-content\/uploads\/2026\/02\/2026-02-06_integracja_przemysl_1-scaled.webp",1920,1440,false],"thumbnail":["https:\/\/inzynier.rzeszow.pl\/wp-content\/uploads\/2026\/02\/2026-02-06_integracja_przemysl_1-150x150.jpg",150,150,true],"medium":["https:\/\/inzynier.rzeszow.pl\/wp-content\/uploads\/2026\/02\/2026-02-06_integracja_przemysl_1-300x225.jpg",300,225,true],"large":["https:\/\/inzynier.rzeszow.pl\/wp-content\/uploads\/2026\/02\/2026-02-06_integracja_przemysl_1-1024x768.webp",1024,768,true],"1536x1536":["https:\/\/inzynier.rzeszow.pl\/wp-content\/uploads\/2026\/02\/2026-02-06_integracja_przemysl_1-1536x1152.webp",1536,1152,true],"2048x2048":["https:\/\/inzynier.rzeszow.pl\/wp-content\/uploads\/2026\/02\/2026-02-06_integracja_przemysl_1-2048x1536.webp",1920,1440,true]},"rttpg_author":{"display_name":"admin","author_link":"https:\/\/inzynier.rzeszow.pl\/index.php\/author\/kwojcik\/"},"rttpg_comment":0,"rttpg_category":"<a href=\"https:\/\/inzynier.rzeszow.pl\/index.php\/category\/aktualnosci\/\" rel=\"category tag\">Aktualno\u015bci<\/a> <a href=\"https:\/\/inzynier.rzeszow.pl\/index.php\/category\/wydarzenia\/\" rel=\"category tag\">Wydarzenia<\/a> <a href=\"https:\/\/inzynier.rzeszow.pl\/index.php\/category\/z-zycia-izby\/\" rel=\"category tag\">Z \u017cycia izby<\/a> <a href=\"https:\/\/inzynier.rzeszow.pl\/index.php\/category\/z-zycia-izby\/z-zycia-izby-rok-2026\/\" rel=\"category tag\">Z \u017cycia izby Rok 2026<\/a>","rttpg_excerpt":"W dniu 06 lutego 2026 r. w restauracji hotelu \u201eGloria&#8221; w Przemy\u015blu odby\u0142o si\u0119 spotkanie informacyjno-integracyjne cz\u0142onk\u00f3w PDK OIIB z [&hellip;]","_links":{"self":[{"href":"https:\/\/inzynier.rzeszow.pl\/index.php\/wp-json\/wp\/v2\/posts\/4257","targetHints":{"allow":["GET"]}}],"collection":[{"href":"https:\/\/inzynier.rzeszow.pl\/index.php\/wp-json\/wp\/v2\/posts"}],"about":[{"href":"https:\/\/inzynier.rzeszow.pl\/index.php\/wp-json\/wp\/v2\/types\/post"}],"author":[{"embeddable":true,"href":"https:\/\/inzynier.rzeszow.pl\/index.php\/wp-json\/wp\/v2\/users\/1"}],"replies":[{"embeddable":true,"href":"https:\/\/inzynier.rzeszow.pl\/index.php\/wp-json\/wp\/v2\/comments?post=4257"}],"version-history":[{"count":26,"href":"https:\/\/inzynier.rzeszow.pl\/index.php\/wp-json\/wp\/v2\/posts\/4257\/revisions"}],"predecessor-version":[{"id":4507,"href":"https:\/\/inzynier.rzeszow.pl\/index.php\/wp-json\/wp\/v2\/posts\/4257\/revisions\/4507"}],"wp:featuredmedia":[{"embeddable":true,"href":"https:\/\/inzynier.rzeszow.pl\/index.php\/wp-json\/wp\/v2\/media\/4259"}],"wp:attachment":[{"href":"https:\/\/inzynier.rzeszow.pl\/index.php\/wp-json\/wp\/v2\/media?parent=4257"}],"wp:term":[{"taxonomy":"category","embeddable":true,"href":"https:\/\/inzynier.rzeszow.pl\/index.php\/wp-json\/wp\/v2\/categories?post=4257"},{"taxonomy":"post_tag","embeddable":true,"href":"https:\/\/inzynier.rzeszow.pl\/index.php\/wp-json\/wp\/v2\/tags?post=4257"}],"curies":[{"name":"wp","href":"https:\/\/api.w.org\/{rel}","templated":true}]}}