{"id":4220,"date":"2026-02-19T12:12:33","date_gmt":"2026-02-19T12:12:33","guid":{"rendered":"https:\/\/migracja.inzynier.rzeszow.pl\/?p=4220"},"modified":"2026-03-11T07:46:26","modified_gmt":"2026-03-11T07:46:26","slug":"wycieczka-do-szwajcarii-instytut-cern-15-19-07-2026","status":"publish","type":"post","link":"https:\/\/inzynier.rzeszow.pl\/index.php\/2026\/02\/19\/wycieczka-do-szwajcarii-instytut-cern-15-19-07-2026\/","title":{"rendered":"Wycieczka do SZWAJCARII \u2013 INSTYTUT CERN &#8211; 15-19.07.2026"},"content":{"rendered":"\t\t<div data-elementor-type=\"wp-post\" data-elementor-id=\"4220\" class=\"elementor elementor-4220\" data-elementor-post-type=\"post\">\n\t\t\t\t<div class=\"elementor-element elementor-element-a86bb8d e-flex e-con-boxed e-con e-parent\" data-id=\"a86bb8d\" data-element_type=\"container\" data-e-type=\"container\">\n\t\t\t\t\t<div class=\"e-con-inner\">\n\t\t<div class=\"elementor-element elementor-element-410f3d0 e-con-full e-flex e-con e-child\" data-id=\"410f3d0\" data-element_type=\"container\" data-e-type=\"container\">\n\t\t<div class=\"elementor-element elementor-element-0161690 e-con-full e-flex e-con e-child\" data-id=\"0161690\" data-element_type=\"container\" data-e-type=\"container\">\n\t\t\t\t<div class=\"elementor-element elementor-element-833a258 elementor-widget elementor-widget-image\" data-id=\"833a258\" data-element_type=\"widget\" data-e-type=\"widget\" data-widget_type=\"image.default\">\n\t\t\t\t\t\t\t\t\t\t\t\t\t\t\t<img fetchpriority=\"high\" decoding=\"async\" width=\"1024\" height=\"560\" src=\"https:\/\/inzynier.rzeszow.pl\/wp-content\/uploads\/2026\/02\/Szwajcaria-instytut-CENR-II-e1774514812298-1024x560.webp\" class=\"attachment-large size-large wp-image-4481\" alt=\"\" srcset=\"https:\/\/inzynier.rzeszow.pl\/wp-content\/uploads\/2026\/02\/Szwajcaria-instytut-CENR-II-e1774514812298-1024x560.webp 1024w, https:\/\/inzynier.rzeszow.pl\/wp-content\/uploads\/2026\/02\/Szwajcaria-instytut-CENR-II-e1774514812298-300x164.png 300w, https:\/\/inzynier.rzeszow.pl\/wp-content\/uploads\/2026\/02\/Szwajcaria-instytut-CENR-II-e1774514812298-768x420.webp 768w, https:\/\/inzynier.rzeszow.pl\/wp-content\/uploads\/2026\/02\/Szwajcaria-instytut-CENR-II-e1774514812298.webp 1148w\" sizes=\"(max-width: 1024px) 100vw, 1024px\" \/>\t\t\t\t\t\t\t\t\t\t\t\t\t\t\t<\/div>\n\t\t\t\t<\/div>\n\t\t<div class=\"elementor-element elementor-element-ba0eba7 e-con-full e-flex e-con e-child\" data-id=\"ba0eba7\" data-element_type=\"container\" data-e-type=\"container\">\n\t\t\t\t<div class=\"elementor-element elementor-element-43c5e2f elementor-widget elementor-widget-text-editor\" data-id=\"43c5e2f\" data-element_type=\"widget\" data-e-type=\"widget\" data-widget_type=\"text-editor.default\">\n\t\t\t\t\t\t\t\t\t<p align=\"left\"><strong>Komisja Doskonalenia Zawodowego PDK OIIB, wychodz\u0105c naprzeciw du\u017cemu zainteresowaniu wyjazdem do Szwajcarii &#8211; Instytutu CERN, zdecydowa\u0142a o organizacji dodatkowego terminu wyjazdu.<\/strong><\/p><p>Podkarpacka Okr\u0119gowa Izba In\u017cynier\u00f3w Budownictwa zaprasza wszystkich czynnych cz\u0142onk\u00f3w wraz z osobami towarzysz\u0105cymi na wycieczk\u0119 do<strong>\u00a0SZWAJCARII &#8211; INSTYTUT CERN<\/strong>, organizowan\u0105 przez biuro podr\u00f3\u017cy Bis Pol.<br \/><em>Uczestnikami wyjazdu b\u0119d\u0105 tak\u017ce cz\u0142onkowie SEP Oddzia\u0142u Rzeszowskiego.<strong><br \/><\/strong><\/em><\/p><p align=\"center\"><strong><span style=\"color: #ff0000;\">Nab\u00f3r wniosk\u00f3w w terminie od 23.02.2026 r. (poniedzia\u0142ek) do 23.03.2026 r. (poniedzia\u0142ek)<br \/>\u00a0lub do wcze\u015bniejszego wyczerpania miejsc.<\/span><\/strong><\/p>\t\t\t\t\t\t\t\t<\/div>\n\t\t\t\t<\/div>\n\t\t\t\t<\/div>\n\t\t\t\t\t<\/div>\n\t\t\t\t<\/div>\n\t\t<div class=\"elementor-element elementor-element-efe4a58 e-flex e-con-boxed e-con e-parent\" data-id=\"efe4a58\" data-element_type=\"container\" data-e-type=\"container\">\n\t\t\t\t\t<div class=\"e-con-inner\">\n\t\t\t\t<div class=\"elementor-element elementor-element-5ecb51e elementor-widget elementor-widget-text-editor\" data-id=\"5ecb51e\" data-element_type=\"widget\" data-e-type=\"widget\" data-widget_type=\"text-editor.default\">\n\t\t\t\t\t\t\t\t\t<p><strong>TERMIN WYJAZDU:\u00a0<u>15.07.2026 &#8211; 19.07.2026<br \/><\/u><\/strong><strong>CENA WYAJZDU:<\/strong>\u00a0<strong>2 350 z\u0142\/osoba*<br \/><\/strong><strong><em>*dodatkowo p\u0142atne\u00a0<\/em><\/strong><em>bilety wst\u0119pu<strong>\u00a0<\/strong>do zwiedzanych obiekt\u00f3w: Aiguille du Midi (85 EUR), tarasy widokowe na wodospady Rheinfall (5CHF).<\/em><\/p>\t\t\t\t\t\t\t\t<\/div>\n\t\t\t\t\t<\/div>\n\t\t\t\t<\/div>\n\t\t<div class=\"elementor-element elementor-element-a545f15 e-flex e-con-boxed e-con e-parent\" data-id=\"a545f15\" data-element_type=\"container\" data-e-type=\"container\">\n\t\t\t\t\t<div class=\"e-con-inner\">\n\t\t\t\t<div class=\"elementor-element elementor-element-7f810c7 elementor-widget__width-inherit elementor-icon-list--layout-traditional elementor-list-item-link-full_width elementor-widget elementor-widget-icon-list\" data-id=\"7f810c7\" data-element_type=\"widget\" data-e-type=\"widget\" data-widget_type=\"icon-list.default\">\n\t\t\t\t\t\t\t<ul class=\"elementor-icon-list-items\">\n\t\t\t\t\t\t\t<li class=\"elementor-icon-list-item\">\n\t\t\t\t\t\t\t\t\t\t\t<a href=\"https:\/\/inzynier.rzeszow.pl\/wp-content\/uploads\/2026\/02\/Szwajcaria_CERN_lipiec_2026_.pdf\" target=\"_blank\">\n\n\t\t\t\t\t\t\t\t\t\t\t\t<span class=\"elementor-icon-list-icon\">\n\t\t\t\t\t\t\t<svg aria-hidden=\"true\" class=\"e-font-icon-svg e-fas-arrow-circle-right\" viewBox=\"0 0 512 512\" xmlns=\"http:\/\/www.w3.org\/2000\/svg\"><path d=\"M256 8c137 0 248 111 248 248S393 504 256 504 8 393 8 256 119 8 256 8zm-28.9 143.6l75.5 72.4H120c-13.3 0-24 10.7-24 24v16c0 13.3 10.7 24 24 24h182.6l-75.5 72.4c-9.7 9.3-9.9 24.8-.4 34.3l11 10.9c9.4 9.4 24.6 9.4 33.9 0L404.3 273c9.4-9.4 9.4-24.6 0-33.9L271.6 106.3c-9.4-9.4-24.6-9.4-33.9 0l-11 10.9c-9.5 9.6-9.3 25.1.4 34.4z\"><\/path><\/svg>\t\t\t\t\t\t<\/span>\n\t\t\t\t\t\t\t\t\t\t<span class=\"elementor-icon-list-text\">RAMOWY PROGRAM WYJAZDU<\/span>\n\t\t\t\t\t\t\t\t\t\t\t<\/a>\n\t\t\t\t\t\t\t\t\t<\/li>\n\t\t\t\t\t\t<\/ul>\n\t\t\t\t\t\t<\/div>\n\t\t\t\t\t<\/div>\n\t\t\t\t<\/div>\n\t\t<div class=\"elementor-element elementor-element-4bf74a4 e-flex e-con-boxed e-con e-parent\" data-id=\"4bf74a4\" data-element_type=\"container\" data-e-type=\"container\">\n\t\t\t\t\t<div class=\"e-con-inner\">\n\t\t\t\t<div class=\"elementor-element elementor-element-10aece0 elementor-widget elementor-widget-text-editor\" data-id=\"10aece0\" data-element_type=\"widget\" data-e-type=\"widget\" data-widget_type=\"text-editor.default\">\n\t\t\t\t\t\t\t\t\t<p><strong>\u00a0Dzie\u0144 1 15.07.2026 (\u015broda)<\/strong><\/p><p>Wyjazd z Rzeszowa w godzinach popo\u0142udniowych, nocny przejazd przez Niemcy do Szwajcarii.<\/p><p><strong>Dzie\u0144 2 16.07.2026 (czwartek)<\/strong><\/p><p>W godzinach porannych przyjazd do Szwajcarii, post\u00f3j w miejscowo\u015bci Laufen-Uhwiesen, podziwianie z taras\u00f3w widokowych najwi\u0119kszego pod wzgl\u0119dem przep\u0142ywu wodospadu w Europie &#8211; Rheinfall. Nast\u0119pnie przyjazd do Lucerny, zwiedzanie miasta: Most Kapliczny, Wie\u017ca Ci\u015bnie\u0144, Most M\u0142y\u0144ski, Ratusz, Pa\u0142ac Rycerski, Baszta Zegarowa, Ko\u015bci\u00f3\u0142 \u015aw. Leodegara i Ko\u015bci\u00f3\u0142 Jezuit\u00f3w. W godzinach popo\u0142udniowych ci\u0105g dalszy przejazdu w kierunku Genewy. Zakwaterowanie w hotelu, obiadokolacja, nocleg.<\/p><p><strong>Dzie\u0144 3 17.07.2026 (pi\u0105tek)<\/strong><\/p><p>\u015aniadanie, przejazd do Instytutu CERN, wizyta w Instytucie: zwiedzanie w towarzystwie pracownik\u00f3w CERN jednego lub dw\u00f3ch teren\u00f3w eksperymentalnych (dost\u0119pnych w dniu wizyty) spo\u015br\u00f3d: ALICE, ATLAS, LEIR, PS, Data Center, SM18, CCC oraz zwiedzanie interaktywnych wystaw (Quantum World, Our Universe, Discover CERN), W godzinach popo\u0142udniowych przejazd do Genewy, spacer po mie\u015bcie: Mur Reformator\u00f3w, Maison Tavel, Arsena\u0142, Hotel de Ville, Katedra \u015bw. Piotra, Audytorium Kalwina, Ogr\u00f3d Angielski z pomnikiem przy\u0142\u0105czenia Genewy do Konfederacji Szwajcarskiej, zegarem kwiatowym oraz widokiem na jezioro Genewskie i fontann\u0119 Jet d&#8217;eau. Po zwiedzaniu przejazd na obiadokolacj\u0119, powr\u00f3t do hotelu, nocleg.<\/p><p><strong>Dzie\u0144 4 18.07.2026 (sobota)<\/strong><\/p><p>\u015aniadanie, wykwaterowanie z hotelu. Ci\u0105g dalszy programu przejazd do miejscowo\u015bci Chamonix-Mont-Blanc, wjazd kolejk\u0105 na szczyt Aiguille du Midi, podziwianie panoramy Masywu Mont Blanc lub wjazd kolejk\u0105 na szczyt Montenvers, podziwianie panoramy najwi\u0119kszego francuskiego lodowca &#8211; Mer de Glace z mo\u017cliwo\u015bci\u0105 wej\u015bcia do groty wydr\u0105\u017conej w lodowcu.<br \/>Po realizacji programu wyjazd w drog\u0119 powrotn\u0105 do Polski, na trasie obiadokolacja. Nocny przejazd przez Niemcy.<\/p><p><strong>Dzie\u0144 5 (19.07.2026) niedziela<\/strong><\/p><p>Przyjazd do Rzeszowa w godzinach popo\u0142udniowych.<\/p><p><strong>CENA ZAWIERA:<\/strong><\/p><ul class=\"unIndentedList\"><li>transport autokarem na trasie wycieczki,<\/li><li>zakwaterowanie: 2 noclegi w hotelu*** w pokojach 2-osobowych,<br \/><em>Hotel:\u00a0<\/em><a href=\"https:\/\/all.accor.com\/hotel\/C2F5\/index.en.shtml\"><em>Ibis Styles Prevessin Geneve Airport<\/em><\/a><\/li><li>wy\u017cywienie: 2 \u015bniadania, 3 obiadokolacje,<\/li><li>opieka pilota i przewodnika lokalnego,<\/li><li>ubezpieczenie NNW, KL, baga\u017c, CP, op\u0142aty drogowe, parkingi, obowi\u0105zkowe sk\u0142adki TFG i TFP, podatek vat.<\/li><\/ul><p><strong>CENA NIE ZAWIERA:<\/strong><\/p><ul class=\"unIndentedList\"><li>bilet\u00f3w wst\u0119pu do zwiedzanych obiekt\u00f3w:<ul><li>Aiguille du Midi (85 EUR),<\/li><li>tarasy widokowe na wodospady Rheinfall (5CHF).<\/li><\/ul><\/li><\/ul><p align=\"center\"><strong>Pytania dotycz\u0105ce programu wyjazdu<br \/><\/strong>prosz\u0119 kierowa\u0107 bezpo\u015brednio do biura podr\u00f3\u017cy Bis Pol (+48 721 148\u00a0102)<strong>\u00a0<\/strong><\/p><p>Dla zainteresowanych wyjazdem informujemy, \u017ce wnioski przyjmowane b\u0119d\u0105\u00a0<strong>od 23.02.2026 r. (poniedzia\u0142ek) do 23.03.2026 r. (poniedzia\u0142ek) lub do wcze\u015bniejszego wyczerpania miejsc.<\/strong><\/p><p>Decyduje kolejno\u015b\u0107 zg\u0142osze\u0144. Wnioski z\u0142o\u017cone po wyznaczonym terminie nie b\u0119d\u0105 brane pod uwag\u0119.\u00a0<\/p><p><strong>Zg\u0142oszenia ch\u0119ci uczestnictwa w wyje\u017adzie (wnioski) prosimy przesy\u0142a\u0107 na druku\u00a0<\/strong><a href=\"https:\/\/inzynier.rzeszow.pl\/pliki_do_pobrania\/Szkolenia\/wniosek%20o%20dofinansowanie%20wycieczki%20(organizowanej%20lub%20wspolorganizowanej%20przez%20PDK%20OIIB).doc\" target=\"_blank\" rel=\"noopener\"><strong>wniosek o dofinansowanie wycieczki<\/strong><\/a><strong>\u00a0(organizowanej przez PDK OIIB) w terminie wy\u017cej opisanym do biura PDK OIIB:<\/strong><\/p><p>&#8211; drog\u0105 elektroniczn\u0105 na adres e-mailowy:\u00a0<a href=\"mailto:dofinansowania@inzynier.rzeszow.pl\" target=\"_blank\" rel=\"noopener\">dofinansowania@inzynier.rzeszow.pl<\/a><br \/>&#8211; osobi\u015bcie: ul Krakowska 289, pok. 108, tel. 17\u00a0777 64 55.<\/p><p>W zwi\u0105zku z konieczno\u015bci\u0105 wp\u0142aty\u00a0<strong>zaliczki\u00a0<\/strong>na poczet rezerwacji informujemy, \u017ce osoby zg\u0142aszaj\u0105ce ch\u0119\u0107 uczestnictwa w wyje\u017adzie i zakwalifikowane wst\u0119pnie na list\u0119 uczestnik\u00f3w\u00a0<strong>zostan\u0105 zobowi\u0105zane do bezzw\u0142ocznego uiszczenia wp\u0142aty zaliczki w wysoko\u015bci 30% kwoty wyjazdu.<\/strong><\/p><p><em>Zgodnie Regulaminem wspierania doskonalenia zawodowego ka\u017cdy czynny cz\u0142onek Izby mo\u017ce z\u0142o\u017cy\u0107 wniosek do Komisji Doskonalenia Zawodowego i uzyska\u0107 dofinansowanie do 50% koszt\u00f3w wyjazdu, lecz nie wi\u0119cej ni\u017c 700 z\u0142 w zale\u017cno\u015bci od wykorzystanego ju\u017c w danym roku dofinansowania.<\/em><\/p><p><em>Osob\u0119 towarzysz\u0105c\u0105 nale\u017cy zg\u0142asza\u0107 na wniosku wraz z cz\u0142onkiem Izby. Odp\u0142atno\u015b\u0107 za udzia\u0142 os\u00f3b towarzysz\u0105cych nieb\u0119d\u0105cych cz\u0142onkami PDK OIIB wynosi 100% koszt\u00f3w wycieczki.<\/em><\/p><p><em>Ponadto:<br \/>W przypadku rezygnacji uczestnika &#8211; cz\u0142onka PDK OIIB po terminie rezygnacji okre\u015blonym przez organizatora wyjazdu i bez wykupienia polisy ubezpieczeniowej &#8211; zwrot koszt\u00f3w w przypadku rezygnacji, uczestnik mo\u017ce na swoje miejsce znale\u017a\u0107 osob\u0119 na zast\u0119pstwo &#8211; cz\u0142onka PDK OIIB.<br \/>Osobie, kt\u00f3ra zast\u0105pi uczestnika przys\u0142uguje dofinansowanie przys\u0142uguj\u0105ce jej na dany rok.<\/em><\/p><p><em>Uczestnik, kt\u00f3ry zrezygnowa\u0142 po terminie okre\u015blonym przez organizatora, w kt\u00f3rym mo\u017cna odst\u0105pi\u0107 od udzia\u0142u w wyje\u017adzie, nie wykupi\u0142 polisy ubezpieczeniowej &#8211; zwrot koszt\u00f3w w przypadku rezygnacji i nie znalaz\u0142 osoby &#8211; cz\u0142onka PDK OIIB na zast\u0119pstwo nie otrzymuje zwrotu wp\u0142aconych pieni\u0119dzy tytu\u0142em udzia\u0142u w wyje\u017adzie i traci przyznane dofinansowanie na dany rok.<\/em><\/p><p><em>Powy\u017csze informacje dotycz\u0105 r\u00f3wnie\u017c os\u00f3b towarzysz\u0105cych.<\/em><\/p>\t\t\t\t\t\t\t\t<\/div>\n\t\t\t\t\t<\/div>\n\t\t\t\t<\/div>\n\t\t\t\t<\/div>\n\t\t","protected":false},"excerpt":{"rendered":"<p>Komisja Doskonalenia Zawodowego PDK OIIB, wychodz\u0105c naprzeciw du\u017cemu zainteresowaniu wyjazdem do Szwajcarii &#8211; Instytutu CERN, zdecydowa\u0142a o organizacji dodatkowego terminu [&hellip;]<\/p>\n","protected":false},"author":1,"featured_media":4481,"comment_status":"closed","ping_status":"closed","sticky":false,"template":"","format":"standard","meta":{"site-sidebar-layout":"default","site-content-layout":"","ast-site-content-layout":"default","site-content-style":"default","site-sidebar-style":"default","ast-global-header-display":"","ast-banner-title-visibility":"","ast-main-header-display":"","ast-hfb-above-header-display":"","ast-hfb-below-header-display":"","ast-hfb-mobile-header-display":"","site-post-title":"","ast-breadcrumbs-content":"","ast-featured-img":"","footer-sml-layout":"","ast-disable-related-posts":"","theme-transparent-header-meta":"","adv-header-id-meta":"","stick-header-meta":"","header-above-stick-meta":"","header-main-stick-meta":"","header-below-stick-meta":"","astra-migrate-meta-layouts":"default","ast-page-background-enabled":"default","ast-page-background-meta":{"desktop":{"background-color":"var(--ast-global-color-5)","background-image":"","background-repeat":"repeat","background-position":"center center","background-size":"auto","background-attachment":"scroll","background-type":"","background-media":"","overlay-type":"","overlay-color":"","overlay-opacity":"","overlay-gradient":""},"tablet":{"background-color":"","background-image":"","background-repeat":"repeat","background-position":"center center","background-size":"auto","background-attachment":"scroll","background-type":"","background-media":"","overlay-type":"","overlay-color":"","overlay-opacity":"","overlay-gradient":""},"mobile":{"background-color":"","background-image":"","background-repeat":"repeat","background-position":"center center","background-size":"auto","background-attachment":"scroll","background-type":"","background-media":"","overlay-type":"","overlay-color":"","overlay-opacity":"","overlay-gradient":""}},"ast-content-background-meta":{"desktop":{"background-color":"var(--ast-global-color-4)","background-image":"","background-repeat":"repeat","background-position":"center center","background-size":"auto","background-attachment":"scroll","background-type":"","background-media":"","overlay-type":"","overlay-color":"","overlay-opacity":"","overlay-gradient":""},"tablet":{"background-color":"var(--ast-global-color-4)","background-image":"","background-repeat":"repeat","background-position":"center center","background-size":"auto","background-attachment":"scroll","background-type":"","background-media":"","overlay-type":"","overlay-color":"","overlay-opacity":"","overlay-gradient":""},"mobile":{"background-color":"var(--ast-global-color-4)","background-image":"","background-repeat":"repeat","background-position":"center center","background-size":"auto","background-attachment":"scroll","background-type":"","background-media":"","overlay-type":"","overlay-color":"","overlay-opacity":"","overlay-gradient":""}},"footnotes":""},"categories":[6,9,11],"tags":[],"class_list":["post-4220","post","type-post","status-publish","format-standard","has-post-thumbnail","hentry","category-aktualnosci","category-wycieczki","category-wycieczki-integracyjne-rok-2026"],"yoast_head":"<!-- This site is optimized with the Yoast SEO plugin v27.5 - https:\/\/yoast.com\/product\/yoast-seo-wordpress\/ -->\n<title>Wycieczka do SZWAJCARII \u2013 INSTYTUT CERN - 15-19.07.2026 - Podkarpacka Okregowa Izba Inzynierow Budownictwa<\/title>\n<meta name=\"robots\" content=\"index, follow, max-snippet:-1, max-image-preview:large, max-video-preview:-1\" \/>\n<link rel=\"canonical\" href=\"https:\/\/inzynier.rzeszow.pl\/index.php\/2026\/02\/19\/wycieczka-do-szwajcarii-instytut-cern-15-19-07-2026\/\" \/>\n<meta property=\"og:locale\" content=\"pl_PL\" \/>\n<meta property=\"og:type\" content=\"article\" \/>\n<meta property=\"og:title\" content=\"Wycieczka do SZWAJCARII \u2013 INSTYTUT CERN - 15-19.07.2026 - Podkarpacka Okregowa Izba Inzynierow Budownictwa\" \/>\n<meta property=\"og:description\" content=\"Komisja Doskonalenia Zawodowego PDK OIIB, wychodz\u0105c naprzeciw du\u017cemu zainteresowaniu wyjazdem do Szwajcarii &#8211; Instytutu CERN, zdecydowa\u0142a o organizacji dodatkowego terminu [&hellip;]\" \/>\n<meta property=\"og:url\" content=\"https:\/\/inzynier.rzeszow.pl\/index.php\/2026\/02\/19\/wycieczka-do-szwajcarii-instytut-cern-15-19-07-2026\/\" \/>\n<meta property=\"og:site_name\" content=\"Podkarpacka Okregowa Izba Inzynierow Budownictwa\" \/>\n<meta property=\"article:published_time\" content=\"2026-02-19T12:12:33+00:00\" \/>\n<meta property=\"article:modified_time\" content=\"2026-03-11T07:46:26+00:00\" \/>\n<meta property=\"og:image\" content=\"https:\/\/inzynier.rzeszow.pl\/wp-content\/uploads\/2026\/02\/Szwajcaria-instytut-CENR-II.png\" \/>\n\t<meta property=\"og:image:width\" content=\"1200\" \/>\n\t<meta property=\"og:image:height\" content=\"628\" \/>\n\t<meta property=\"og:image:type\" content=\"image\/png\" \/>\n<meta name=\"author\" content=\"admin\" \/>\n<meta name=\"twitter:card\" content=\"summary_large_image\" \/>\n<meta name=\"twitter:label1\" content=\"Napisane przez\" \/>\n\t<meta name=\"twitter:data1\" content=\"admin\" \/>\n\t<meta name=\"twitter:label2\" content=\"Szacowany czas czytania\" \/>\n\t<meta name=\"twitter:data2\" content=\"5 minut\" \/>\n<script type=\"application\/ld+json\" class=\"yoast-schema-graph\">{\"@context\":\"https:\\\/\\\/schema.org\",\"@graph\":[{\"@type\":\"Article\",\"@id\":\"https:\\\/\\\/inzynier.rzeszow.pl\\\/index.php\\\/2026\\\/02\\\/19\\\/wycieczka-do-szwajcarii-instytut-cern-15-19-07-2026\\\/#article\",\"isPartOf\":{\"@id\":\"https:\\\/\\\/inzynier.rzeszow.pl\\\/index.php\\\/2026\\\/02\\\/19\\\/wycieczka-do-szwajcarii-instytut-cern-15-19-07-2026\\\/\"},\"author\":{\"name\":\"admin\",\"@id\":\"https:\\\/\\\/inzynier.rzeszow.pl\\\/#\\\/schema\\\/person\\\/21ca162d893bdc5760a95d704e9b1e39\"},\"headline\":\"Wycieczka do SZWAJCARII \u2013 INSTYTUT CERN &#8211; 15-19.07.2026\",\"datePublished\":\"2026-02-19T12:12:33+00:00\",\"dateModified\":\"2026-03-11T07:46:26+00:00\",\"mainEntityOfPage\":{\"@id\":\"https:\\\/\\\/inzynier.rzeszow.pl\\\/index.php\\\/2026\\\/02\\\/19\\\/wycieczka-do-szwajcarii-instytut-cern-15-19-07-2026\\\/\"},\"wordCount\":842,\"image\":{\"@id\":\"https:\\\/\\\/inzynier.rzeszow.pl\\\/index.php\\\/2026\\\/02\\\/19\\\/wycieczka-do-szwajcarii-instytut-cern-15-19-07-2026\\\/#primaryimage\"},\"thumbnailUrl\":\"https:\\\/\\\/inzynier.rzeszow.pl\\\/wp-content\\\/uploads\\\/2026\\\/02\\\/Szwajcaria-instytut-CENR-II-e1774514812298.webp\",\"articleSection\":[\"Aktualno\u015bci\",\"Wycieczki\",\"Wycieczki integracyjne Rok 2026\"],\"inLanguage\":\"pl-PL\"},{\"@type\":\"WebPage\",\"@id\":\"https:\\\/\\\/inzynier.rzeszow.pl\\\/index.php\\\/2026\\\/02\\\/19\\\/wycieczka-do-szwajcarii-instytut-cern-15-19-07-2026\\\/\",\"url\":\"https:\\\/\\\/inzynier.rzeszow.pl\\\/index.php\\\/2026\\\/02\\\/19\\\/wycieczka-do-szwajcarii-instytut-cern-15-19-07-2026\\\/\",\"name\":\"Wycieczka do SZWAJCARII \u2013 INSTYTUT CERN - 15-19.07.2026 - Podkarpacka Okregowa Izba Inzynierow Budownictwa\",\"isPartOf\":{\"@id\":\"https:\\\/\\\/inzynier.rzeszow.pl\\\/#website\"},\"primaryImageOfPage\":{\"@id\":\"https:\\\/\\\/inzynier.rzeszow.pl\\\/index.php\\\/2026\\\/02\\\/19\\\/wycieczka-do-szwajcarii-instytut-cern-15-19-07-2026\\\/#primaryimage\"},\"image\":{\"@id\":\"https:\\\/\\\/inzynier.rzeszow.pl\\\/index.php\\\/2026\\\/02\\\/19\\\/wycieczka-do-szwajcarii-instytut-cern-15-19-07-2026\\\/#primaryimage\"},\"thumbnailUrl\":\"https:\\\/\\\/inzynier.rzeszow.pl\\\/wp-content\\\/uploads\\\/2026\\\/02\\\/Szwajcaria-instytut-CENR-II-e1774514812298.webp\",\"datePublished\":\"2026-02-19T12:12:33+00:00\",\"dateModified\":\"2026-03-11T07:46:26+00:00\",\"author\":{\"@id\":\"https:\\\/\\\/inzynier.rzeszow.pl\\\/#\\\/schema\\\/person\\\/21ca162d893bdc5760a95d704e9b1e39\"},\"breadcrumb\":{\"@id\":\"https:\\\/\\\/inzynier.rzeszow.pl\\\/index.php\\\/2026\\\/02\\\/19\\\/wycieczka-do-szwajcarii-instytut-cern-15-19-07-2026\\\/#breadcrumb\"},\"inLanguage\":\"pl-PL\",\"potentialAction\":[{\"@type\":\"ReadAction\",\"target\":[\"https:\\\/\\\/inzynier.rzeszow.pl\\\/index.php\\\/2026\\\/02\\\/19\\\/wycieczka-do-szwajcarii-instytut-cern-15-19-07-2026\\\/\"]}]},{\"@type\":\"ImageObject\",\"inLanguage\":\"pl-PL\",\"@id\":\"https:\\\/\\\/inzynier.rzeszow.pl\\\/index.php\\\/2026\\\/02\\\/19\\\/wycieczka-do-szwajcarii-instytut-cern-15-19-07-2026\\\/#primaryimage\",\"url\":\"https:\\\/\\\/inzynier.rzeszow.pl\\\/wp-content\\\/uploads\\\/2026\\\/02\\\/Szwajcaria-instytut-CENR-II-e1774514812298.webp\",\"contentUrl\":\"https:\\\/\\\/inzynier.rzeszow.pl\\\/wp-content\\\/uploads\\\/2026\\\/02\\\/Szwajcaria-instytut-CENR-II-e1774514812298.webp\",\"width\":1148,\"height\":628},{\"@type\":\"BreadcrumbList\",\"@id\":\"https:\\\/\\\/inzynier.rzeszow.pl\\\/index.php\\\/2026\\\/02\\\/19\\\/wycieczka-do-szwajcarii-instytut-cern-15-19-07-2026\\\/#breadcrumb\",\"itemListElement\":[{\"@type\":\"ListItem\",\"position\":1,\"name\":\"Strona g\u0142\u00f3wna\",\"item\":\"https:\\\/\\\/inzynier.rzeszow.pl\\\/\"},{\"@type\":\"ListItem\",\"position\":2,\"name\":\"Wycieczka do SZWAJCARII \u2013 INSTYTUT CERN &#8211; 15-19.07.2026\"}]},{\"@type\":\"WebSite\",\"@id\":\"https:\\\/\\\/inzynier.rzeszow.pl\\\/#website\",\"url\":\"https:\\\/\\\/inzynier.rzeszow.pl\\\/\",\"name\":\"Podkarpacka Okregowa Izba Inzynierow Budownictwa\",\"description\":\"\",\"potentialAction\":[{\"@type\":\"SearchAction\",\"target\":{\"@type\":\"EntryPoint\",\"urlTemplate\":\"https:\\\/\\\/inzynier.rzeszow.pl\\\/?s={search_term_string}\"},\"query-input\":{\"@type\":\"PropertyValueSpecification\",\"valueRequired\":true,\"valueName\":\"search_term_string\"}}],\"inLanguage\":\"pl-PL\"},{\"@type\":\"Person\",\"@id\":\"https:\\\/\\\/inzynier.rzeszow.pl\\\/#\\\/schema\\\/person\\\/21ca162d893bdc5760a95d704e9b1e39\",\"name\":\"admin\",\"image\":{\"@type\":\"ImageObject\",\"inLanguage\":\"pl-PL\",\"@id\":\"https:\\\/\\\/secure.gravatar.com\\\/avatar\\\/d5d1959f10b94c8abcf928274f8bb5b8c7370b0dfadb0590911bacad18965f21?s=96&d=mm&r=g\",\"url\":\"https:\\\/\\\/secure.gravatar.com\\\/avatar\\\/d5d1959f10b94c8abcf928274f8bb5b8c7370b0dfadb0590911bacad18965f21?s=96&d=mm&r=g\",\"contentUrl\":\"https:\\\/\\\/secure.gravatar.com\\\/avatar\\\/d5d1959f10b94c8abcf928274f8bb5b8c7370b0dfadb0590911bacad18965f21?s=96&d=mm&r=g\",\"caption\":\"admin\"},\"sameAs\":[\"https:\\\/\\\/migracja.inzynier.rzeszow.pl\"],\"url\":\"https:\\\/\\\/inzynier.rzeszow.pl\\\/index.php\\\/author\\\/kwojcik\\\/\"}]}<\/script>\n<!-- \/ Yoast SEO plugin. -->","yoast_head_json":{"title":"Wycieczka do SZWAJCARII \u2013 INSTYTUT CERN - 15-19.07.2026 - Podkarpacka Okregowa Izba Inzynierow Budownictwa","robots":{"index":"index","follow":"follow","max-snippet":"max-snippet:-1","max-image-preview":"max-image-preview:large","max-video-preview":"max-video-preview:-1"},"canonical":"https:\/\/inzynier.rzeszow.pl\/index.php\/2026\/02\/19\/wycieczka-do-szwajcarii-instytut-cern-15-19-07-2026\/","og_locale":"pl_PL","og_type":"article","og_title":"Wycieczka do SZWAJCARII \u2013 INSTYTUT CERN - 15-19.07.2026 - Podkarpacka Okregowa Izba Inzynierow Budownictwa","og_description":"Komisja Doskonalenia Zawodowego PDK OIIB, wychodz\u0105c naprzeciw du\u017cemu zainteresowaniu wyjazdem do Szwajcarii &#8211; Instytutu CERN, zdecydowa\u0142a o organizacji dodatkowego terminu [&hellip;]","og_url":"https:\/\/inzynier.rzeszow.pl\/index.php\/2026\/02\/19\/wycieczka-do-szwajcarii-instytut-cern-15-19-07-2026\/","og_site_name":"Podkarpacka Okregowa Izba Inzynierow Budownictwa","article_published_time":"2026-02-19T12:12:33+00:00","article_modified_time":"2026-03-11T07:46:26+00:00","og_image":[{"width":1200,"height":628,"url":"https:\/\/inzynier.rzeszow.pl\/wp-content\/uploads\/2026\/02\/Szwajcaria-instytut-CENR-II.png","type":"image\/png"}],"author":"admin","twitter_card":"summary_large_image","twitter_misc":{"Napisane przez":"admin","Szacowany czas czytania":"5 minut"},"schema":{"@context":"https:\/\/schema.org","@graph":[{"@type":"Article","@id":"https:\/\/inzynier.rzeszow.pl\/index.php\/2026\/02\/19\/wycieczka-do-szwajcarii-instytut-cern-15-19-07-2026\/#article","isPartOf":{"@id":"https:\/\/inzynier.rzeszow.pl\/index.php\/2026\/02\/19\/wycieczka-do-szwajcarii-instytut-cern-15-19-07-2026\/"},"author":{"name":"admin","@id":"https:\/\/inzynier.rzeszow.pl\/#\/schema\/person\/21ca162d893bdc5760a95d704e9b1e39"},"headline":"Wycieczka do SZWAJCARII \u2013 INSTYTUT CERN &#8211; 15-19.07.2026","datePublished":"2026-02-19T12:12:33+00:00","dateModified":"2026-03-11T07:46:26+00:00","mainEntityOfPage":{"@id":"https:\/\/inzynier.rzeszow.pl\/index.php\/2026\/02\/19\/wycieczka-do-szwajcarii-instytut-cern-15-19-07-2026\/"},"wordCount":842,"image":{"@id":"https:\/\/inzynier.rzeszow.pl\/index.php\/2026\/02\/19\/wycieczka-do-szwajcarii-instytut-cern-15-19-07-2026\/#primaryimage"},"thumbnailUrl":"https:\/\/inzynier.rzeszow.pl\/wp-content\/uploads\/2026\/02\/Szwajcaria-instytut-CENR-II-e1774514812298.webp","articleSection":["Aktualno\u015bci","Wycieczki","Wycieczki integracyjne Rok 2026"],"inLanguage":"pl-PL"},{"@type":"WebPage","@id":"https:\/\/inzynier.rzeszow.pl\/index.php\/2026\/02\/19\/wycieczka-do-szwajcarii-instytut-cern-15-19-07-2026\/","url":"https:\/\/inzynier.rzeszow.pl\/index.php\/2026\/02\/19\/wycieczka-do-szwajcarii-instytut-cern-15-19-07-2026\/","name":"Wycieczka do SZWAJCARII \u2013 INSTYTUT CERN - 15-19.07.2026 - Podkarpacka Okregowa Izba Inzynierow Budownictwa","isPartOf":{"@id":"https:\/\/inzynier.rzeszow.pl\/#website"},"primaryImageOfPage":{"@id":"https:\/\/inzynier.rzeszow.pl\/index.php\/2026\/02\/19\/wycieczka-do-szwajcarii-instytut-cern-15-19-07-2026\/#primaryimage"},"image":{"@id":"https:\/\/inzynier.rzeszow.pl\/index.php\/2026\/02\/19\/wycieczka-do-szwajcarii-instytut-cern-15-19-07-2026\/#primaryimage"},"thumbnailUrl":"https:\/\/inzynier.rzeszow.pl\/wp-content\/uploads\/2026\/02\/Szwajcaria-instytut-CENR-II-e1774514812298.webp","datePublished":"2026-02-19T12:12:33+00:00","dateModified":"2026-03-11T07:46:26+00:00","author":{"@id":"https:\/\/inzynier.rzeszow.pl\/#\/schema\/person\/21ca162d893bdc5760a95d704e9b1e39"},"breadcrumb":{"@id":"https:\/\/inzynier.rzeszow.pl\/index.php\/2026\/02\/19\/wycieczka-do-szwajcarii-instytut-cern-15-19-07-2026\/#breadcrumb"},"inLanguage":"pl-PL","potentialAction":[{"@type":"ReadAction","target":["https:\/\/inzynier.rzeszow.pl\/index.php\/2026\/02\/19\/wycieczka-do-szwajcarii-instytut-cern-15-19-07-2026\/"]}]},{"@type":"ImageObject","inLanguage":"pl-PL","@id":"https:\/\/inzynier.rzeszow.pl\/index.php\/2026\/02\/19\/wycieczka-do-szwajcarii-instytut-cern-15-19-07-2026\/#primaryimage","url":"https:\/\/inzynier.rzeszow.pl\/wp-content\/uploads\/2026\/02\/Szwajcaria-instytut-CENR-II-e1774514812298.webp","contentUrl":"https:\/\/inzynier.rzeszow.pl\/wp-content\/uploads\/2026\/02\/Szwajcaria-instytut-CENR-II-e1774514812298.webp","width":1148,"height":628},{"@type":"BreadcrumbList","@id":"https:\/\/inzynier.rzeszow.pl\/index.php\/2026\/02\/19\/wycieczka-do-szwajcarii-instytut-cern-15-19-07-2026\/#breadcrumb","itemListElement":[{"@type":"ListItem","position":1,"name":"Strona g\u0142\u00f3wna","item":"https:\/\/inzynier.rzeszow.pl\/"},{"@type":"ListItem","position":2,"name":"Wycieczka do SZWAJCARII \u2013 INSTYTUT CERN &#8211; 15-19.07.2026"}]},{"@type":"WebSite","@id":"https:\/\/inzynier.rzeszow.pl\/#website","url":"https:\/\/inzynier.rzeszow.pl\/","name":"Podkarpacka Okregowa Izba Inzynierow Budownictwa","description":"","potentialAction":[{"@type":"SearchAction","target":{"@type":"EntryPoint","urlTemplate":"https:\/\/inzynier.rzeszow.pl\/?s={search_term_string}"},"query-input":{"@type":"PropertyValueSpecification","valueRequired":true,"valueName":"search_term_string"}}],"inLanguage":"pl-PL"},{"@type":"Person","@id":"https:\/\/inzynier.rzeszow.pl\/#\/schema\/person\/21ca162d893bdc5760a95d704e9b1e39","name":"admin","image":{"@type":"ImageObject","inLanguage":"pl-PL","@id":"https:\/\/secure.gravatar.com\/avatar\/d5d1959f10b94c8abcf928274f8bb5b8c7370b0dfadb0590911bacad18965f21?s=96&d=mm&r=g","url":"https:\/\/secure.gravatar.com\/avatar\/d5d1959f10b94c8abcf928274f8bb5b8c7370b0dfadb0590911bacad18965f21?s=96&d=mm&r=g","contentUrl":"https:\/\/secure.gravatar.com\/avatar\/d5d1959f10b94c8abcf928274f8bb5b8c7370b0dfadb0590911bacad18965f21?s=96&d=mm&r=g","caption":"admin"},"sameAs":["https:\/\/migracja.inzynier.rzeszow.pl"],"url":"https:\/\/inzynier.rzeszow.pl\/index.php\/author\/kwojcik\/"}]}},"rttpg_featured_image_url":{"full":["https:\/\/inzynier.rzeszow.pl\/wp-content\/uploads\/2026\/02\/Szwajcaria-instytut-CENR-II-e1774514812298.webp",1148,628,false],"landscape":["https:\/\/inzynier.rzeszow.pl\/wp-content\/uploads\/2026\/02\/Szwajcaria-instytut-CENR-II-e1774514812298.webp",1148,628,false],"portraits":["https:\/\/inzynier.rzeszow.pl\/wp-content\/uploads\/2026\/02\/Szwajcaria-instytut-CENR-II-e1774514812298.webp",1148,628,false],"thumbnail":["https:\/\/inzynier.rzeszow.pl\/wp-content\/uploads\/2026\/02\/Szwajcaria-instytut-CENR-II-e1774514812298-150x150.png",150,150,true],"medium":["https:\/\/inzynier.rzeszow.pl\/wp-content\/uploads\/2026\/02\/Szwajcaria-instytut-CENR-II-e1774514812298-300x164.png",300,164,true],"large":["https:\/\/inzynier.rzeszow.pl\/wp-content\/uploads\/2026\/02\/Szwajcaria-instytut-CENR-II-e1774514812298-1024x560.webp",1024,560,true],"1536x1536":["https:\/\/inzynier.rzeszow.pl\/wp-content\/uploads\/2026\/02\/Szwajcaria-instytut-CENR-II-e1774514812298.webp",1148,628,false],"2048x2048":["https:\/\/inzynier.rzeszow.pl\/wp-content\/uploads\/2026\/02\/Szwajcaria-instytut-CENR-II-e1774514812298.webp",1148,628,false]},"rttpg_author":{"display_name":"admin","author_link":"https:\/\/inzynier.rzeszow.pl\/index.php\/author\/kwojcik\/"},"rttpg_comment":0,"rttpg_category":"<a href=\"https:\/\/inzynier.rzeszow.pl\/index.php\/category\/aktualnosci\/\" rel=\"category tag\">Aktualno\u015bci<\/a> <a href=\"https:\/\/inzynier.rzeszow.pl\/index.php\/category\/wycieczki\/\" rel=\"category tag\">Wycieczki<\/a> <a href=\"https:\/\/inzynier.rzeszow.pl\/index.php\/category\/wycieczki\/wycieczki-integracyjne-rok-2026\/\" rel=\"category tag\">Wycieczki integracyjne Rok 2026<\/a>","rttpg_excerpt":"Komisja Doskonalenia Zawodowego PDK OIIB, wychodz\u0105c naprzeciw du\u017cemu zainteresowaniu wyjazdem do Szwajcarii &#8211; Instytutu CERN, zdecydowa\u0142a o organizacji dodatkowego terminu [&hellip;]","_links":{"self":[{"href":"https:\/\/inzynier.rzeszow.pl\/index.php\/wp-json\/wp\/v2\/posts\/4220","targetHints":{"allow":["GET"]}}],"collection":[{"href":"https:\/\/inzynier.rzeszow.pl\/index.php\/wp-json\/wp\/v2\/posts"}],"about":[{"href":"https:\/\/inzynier.rzeszow.pl\/index.php\/wp-json\/wp\/v2\/types\/post"}],"author":[{"embeddable":true,"href":"https:\/\/inzynier.rzeszow.pl\/index.php\/wp-json\/wp\/v2\/users\/1"}],"replies":[{"embeddable":true,"href":"https:\/\/inzynier.rzeszow.pl\/index.php\/wp-json\/wp\/v2\/comments?post=4220"}],"version-history":[{"count":9,"href":"https:\/\/inzynier.rzeszow.pl\/index.php\/wp-json\/wp\/v2\/posts\/4220\/revisions"}],"predecessor-version":[{"id":4485,"href":"https:\/\/inzynier.rzeszow.pl\/index.php\/wp-json\/wp\/v2\/posts\/4220\/revisions\/4485"}],"wp:featuredmedia":[{"embeddable":true,"href":"https:\/\/inzynier.rzeszow.pl\/index.php\/wp-json\/wp\/v2\/media\/4481"}],"wp:attachment":[{"href":"https:\/\/inzynier.rzeszow.pl\/index.php\/wp-json\/wp\/v2\/media?parent=4220"}],"wp:term":[{"taxonomy":"category","embeddable":true,"href":"https:\/\/inzynier.rzeszow.pl\/index.php\/wp-json\/wp\/v2\/categories?post=4220"},{"taxonomy":"post_tag","embeddable":true,"href":"https:\/\/inzynier.rzeszow.pl\/index.php\/wp-json\/wp\/v2\/tags?post=4220"}],"curies":[{"name":"wp","href":"https:\/\/api.w.org\/{rel}","templated":true}]}}