{"id":4068,"date":"2026-02-08T08:31:23","date_gmt":"2026-02-08T08:31:23","guid":{"rendered":"https:\/\/migracja.inzynier.rzeszow.pl\/?p=4068"},"modified":"2026-03-17T13:00:06","modified_gmt":"2026-03-17T12:00:06","slug":"miedzynarodowe-targi-budownictwa-i-architektury-budma-2026-3-6-02-2026-r-poznan","status":"publish","type":"post","link":"https:\/\/inzynier.rzeszow.pl\/index.php\/2026\/02\/08\/miedzynarodowe-targi-budownictwa-i-architektury-budma-2026-3-6-02-2026-r-poznan\/","title":{"rendered":"Mi\u0119dzynarodowe Targi Budownictwa i Architektury BUDMA 2026 &#8211; 3-6.02.2026 r., Pozna\u0144"},"content":{"rendered":"\t\t<div data-elementor-type=\"wp-post\" data-elementor-id=\"4068\" class=\"elementor elementor-4068\" data-elementor-post-type=\"post\">\n\t\t\t\t<div class=\"elementor-element elementor-element-4f70bb6 e-flex e-con-boxed e-con e-parent\" data-id=\"4f70bb6\" data-element_type=\"container\" data-e-type=\"container\">\n\t\t\t\t\t<div class=\"e-con-inner\">\n\t\t<div class=\"elementor-element elementor-element-44b5713 e-con-full e-flex e-con e-child\" data-id=\"44b5713\" data-element_type=\"container\" data-e-type=\"container\">\n\t\t\t\t<div class=\"elementor-element elementor-element-f3497ff elementor-widget elementor-widget-image\" data-id=\"f3497ff\" data-element_type=\"widget\" data-e-type=\"widget\" data-widget_type=\"image.default\">\n\t\t\t\t\t\t\t\t\t\t\t\t\t\t\t<img fetchpriority=\"high\" decoding=\"async\" width=\"1024\" height=\"768\" src=\"https:\/\/inzynier.rzeszow.pl\/wp-content\/uploads\/2026\/02\/obraz_2026-02-17_083639146-1024x768.webp\" class=\"attachment-large size-large wp-image-4070\" alt=\"\" srcset=\"https:\/\/inzynier.rzeszow.pl\/wp-content\/uploads\/2026\/02\/obraz_2026-02-17_083639146-1024x768.webp 1024w, https:\/\/inzynier.rzeszow.pl\/wp-content\/uploads\/2026\/02\/obraz_2026-02-17_083639146-300x225.png 300w, https:\/\/inzynier.rzeszow.pl\/wp-content\/uploads\/2026\/02\/obraz_2026-02-17_083639146-768x576.webp 768w, https:\/\/inzynier.rzeszow.pl\/wp-content\/uploads\/2026\/02\/obraz_2026-02-17_083639146-1536x1152.webp 1536w, https:\/\/inzynier.rzeszow.pl\/wp-content\/uploads\/2026\/02\/obraz_2026-02-17_083639146.webp 1600w\" sizes=\"(max-width: 1024px) 100vw, 1024px\" \/>\t\t\t\t\t\t\t\t\t\t\t\t\t\t\t<\/div>\n\t\t\t\t<\/div>\n\t\t<div class=\"elementor-element elementor-element-5c2e3bd e-con-full e-flex e-con e-child\" data-id=\"5c2e3bd\" data-element_type=\"container\" data-e-type=\"container\">\n\t\t\t\t<div class=\"elementor-element elementor-element-d681aaf elementor-widget elementor-widget-text-editor\" data-id=\"d681aaf\" data-element_type=\"widget\" data-e-type=\"widget\" data-widget_type=\"text-editor.default\">\n\t\t\t\t\t\t\t\t\t<p style=\"font-weight: 400;\">Mi\u0119dzynarodowe Targi Budownictwa i Architektury, stanowi\u0105ce jeden z kluczowych punkt\u00f3w w kalendarzu bran\u017cowym, odbywaj\u0105 si\u0119 w dniach 3\u20136 lutego 2026 r. W gronie uczestnik\u00f3w s\u0105 r\u00f3wnie\u017c reprezentanci Polskiej Izby In\u017cynier\u00f3w Budownictwa, do stolicy Wielkopolski przybyli przewodnicz\u0105cy izb okr\u0119gowych, w tym przewodnicz\u0105cy OR Podkarpackiej OIIB Grzegorz Dubik, aby wsp\u00f3lnie dyskutowa\u0107 o przysz\u0142o\u015bci polskiego budownictwa.<br \/>To presti\u017cowe wydarzenie, kt\u00f3re od lat wyznacza kierunki rozwoju, przyci\u0105ga cenionych architekt\u00f3w, wizjonerskich inwestor\u00f3w, do\u015bwiadczonych wykonawc\u00f3w oraz czo\u0142owych przedstawicieli handlu i produkcji.<\/p><p style=\"font-weight: 400;\">Program targ\u00f3w zosta\u0142 zaprojektowany, by odpowiada\u0107 na najbardziej pal\u0105ce wyzwania wsp\u00f3\u0142czesno\u015bci. Uczestnicy b\u0119d\u0105 mogli wzi\u0105\u0107 udzia\u0142 w prelekcjach, merytorycznych konferencjach oraz wyk\u0142adach, kt\u00f3rych tematyka obejmuje spectrum od nowoczesnych technologii prefabrykacji, przez zaawansowane systemy bezpiecze\u0144stwa po\u017carowego, po naj\u015bwie\u017csze trendy w zr\u00f3wnowa\u017conym i inteligentnym projektowaniu.<br \/>Targi to nie tylko prezentacja innowacji, ale przede wszystkim przestrze\u0144 do nawi\u0105zywania partnerskich relacji i wymiany do\u015bwiadcze\u0144.<\/p>\t\t\t\t\t\t\t\t<\/div>\n\t\t\t\t<\/div>\n\t\t\t\t\t<\/div>\n\t\t\t\t<\/div>\n\t\t\t\t<\/div>\n\t\t","protected":false},"excerpt":{"rendered":"<p>Mi\u0119dzynarodowe Targi Budownictwa i Architektury, stanowi\u0105ce jeden z kluczowych punkt\u00f3w w kalendarzu bran\u017cowym, odbywaj\u0105 si\u0119 w dniach 3\u20136 lutego 2026 [&hellip;]<\/p>\n","protected":false},"author":1,"featured_media":4070,"comment_status":"closed","ping_status":"closed","sticky":false,"template":"","format":"standard","meta":{"site-sidebar-layout":"default","site-content-layout":"","ast-site-content-layout":"default","site-content-style":"default","site-sidebar-style":"default","ast-global-header-display":"","ast-banner-title-visibility":"","ast-main-header-display":"","ast-hfb-above-header-display":"","ast-hfb-below-header-display":"","ast-hfb-mobile-header-display":"","site-post-title":"","ast-breadcrumbs-content":"","ast-featured-img":"","footer-sml-layout":"","ast-disable-related-posts":"","theme-transparent-header-meta":"","adv-header-id-meta":"","stick-header-meta":"","header-above-stick-meta":"","header-main-stick-meta":"","header-below-stick-meta":"","astra-migrate-meta-layouts":"default","ast-page-background-enabled":"default","ast-page-background-meta":{"desktop":{"background-color":"var(--ast-global-color-5)","background-image":"","background-repeat":"repeat","background-position":"center center","background-size":"auto","background-attachment":"scroll","background-type":"","background-media":"","overlay-type":"","overlay-color":"","overlay-opacity":"","overlay-gradient":""},"tablet":{"background-color":"","background-image":"","background-repeat":"repeat","background-position":"center center","background-size":"auto","background-attachment":"scroll","background-type":"","background-media":"","overlay-type":"","overlay-color":"","overlay-opacity":"","overlay-gradient":""},"mobile":{"background-color":"","background-image":"","background-repeat":"repeat","background-position":"center center","background-size":"auto","background-attachment":"scroll","background-type":"","background-media":"","overlay-type":"","overlay-color":"","overlay-opacity":"","overlay-gradient":""}},"ast-content-background-meta":{"desktop":{"background-color":"var(--ast-global-color-4)","background-image":"","background-repeat":"repeat","background-position":"center center","background-size":"auto","background-attachment":"scroll","background-type":"","background-media":"","overlay-type":"","overlay-color":"","overlay-opacity":"","overlay-gradient":""},"tablet":{"background-color":"var(--ast-global-color-4)","background-image":"","background-repeat":"repeat","background-position":"center center","background-size":"auto","background-attachment":"scroll","background-type":"","background-media":"","overlay-type":"","overlay-color":"","overlay-opacity":"","overlay-gradient":""},"mobile":{"background-color":"var(--ast-global-color-4)","background-image":"","background-repeat":"repeat","background-position":"center center","background-size":"auto","background-attachment":"scroll","background-type":"","background-media":"","overlay-type":"","overlay-color":"","overlay-opacity":"","overlay-gradient":""}},"footnotes":""},"categories":[6,63,16,19],"tags":[],"class_list":["post-4068","post","type-post","status-publish","format-standard","has-post-thumbnail","hentry","category-aktualnosci","category-targi-i-konferencje","category-z-zycia-izby","category-z-zycia-izby-rok-2026"],"yoast_head":"<!-- This site is optimized with the Yoast SEO plugin v27.5 - https:\/\/yoast.com\/product\/yoast-seo-wordpress\/ -->\n<title>Mi\u0119dzynarodowe Targi Budownictwa i Architektury BUDMA 2026 - 3-6.02.2026 r., Pozna\u0144 - Podkarpacka Okregowa Izba Inzynierow Budownictwa<\/title>\n<meta name=\"robots\" content=\"index, follow, max-snippet:-1, max-image-preview:large, max-video-preview:-1\" \/>\n<link rel=\"canonical\" href=\"https:\/\/inzynier.rzeszow.pl\/index.php\/2026\/02\/08\/miedzynarodowe-targi-budownictwa-i-architektury-budma-2026-3-6-02-2026-r-poznan\/\" \/>\n<meta property=\"og:locale\" content=\"pl_PL\" \/>\n<meta property=\"og:type\" content=\"article\" \/>\n<meta property=\"og:title\" content=\"Mi\u0119dzynarodowe Targi Budownictwa i Architektury BUDMA 2026 - 3-6.02.2026 r., Pozna\u0144 - Podkarpacka Okregowa Izba Inzynierow Budownictwa\" \/>\n<meta property=\"og:description\" content=\"Mi\u0119dzynarodowe Targi Budownictwa i Architektury, stanowi\u0105ce jeden z kluczowych punkt\u00f3w w kalendarzu bran\u017cowym, odbywaj\u0105 si\u0119 w dniach 3\u20136 lutego 2026 [&hellip;]\" \/>\n<meta property=\"og:url\" content=\"https:\/\/inzynier.rzeszow.pl\/index.php\/2026\/02\/08\/miedzynarodowe-targi-budownictwa-i-architektury-budma-2026-3-6-02-2026-r-poznan\/\" \/>\n<meta property=\"og:site_name\" content=\"Podkarpacka Okregowa Izba Inzynierow Budownictwa\" \/>\n<meta property=\"article:published_time\" content=\"2026-02-08T08:31:23+00:00\" \/>\n<meta property=\"article:modified_time\" content=\"2026-03-17T12:00:06+00:00\" \/>\n<meta property=\"og:image\" content=\"https:\/\/inzynier.rzeszow.pl\/wp-content\/uploads\/2026\/02\/obraz_2026-02-17_083639146.png\" \/>\n\t<meta property=\"og:image:width\" content=\"1600\" \/>\n\t<meta property=\"og:image:height\" content=\"1200\" \/>\n\t<meta property=\"og:image:type\" content=\"image\/png\" \/>\n<meta name=\"author\" content=\"admin\" \/>\n<meta name=\"twitter:card\" content=\"summary_large_image\" \/>\n<meta name=\"twitter:label1\" content=\"Napisane przez\" \/>\n\t<meta name=\"twitter:data1\" content=\"admin\" \/>\n\t<meta name=\"twitter:label2\" content=\"Szacowany czas czytania\" \/>\n\t<meta name=\"twitter:data2\" content=\"1 minuta\" \/>\n<script type=\"application\/ld+json\" class=\"yoast-schema-graph\">{\"@context\":\"https:\\\/\\\/schema.org\",\"@graph\":[{\"@type\":\"Article\",\"@id\":\"https:\\\/\\\/inzynier.rzeszow.pl\\\/index.php\\\/2026\\\/02\\\/08\\\/miedzynarodowe-targi-budownictwa-i-architektury-budma-2026-3-6-02-2026-r-poznan\\\/#article\",\"isPartOf\":{\"@id\":\"https:\\\/\\\/inzynier.rzeszow.pl\\\/index.php\\\/2026\\\/02\\\/08\\\/miedzynarodowe-targi-budownictwa-i-architektury-budma-2026-3-6-02-2026-r-poznan\\\/\"},\"author\":{\"name\":\"admin\",\"@id\":\"https:\\\/\\\/inzynier.rzeszow.pl\\\/#\\\/schema\\\/person\\\/21ca162d893bdc5760a95d704e9b1e39\"},\"headline\":\"Mi\u0119dzynarodowe Targi Budownictwa i Architektury BUDMA 2026 &#8211; 3-6.02.2026 r., Pozna\u0144\",\"datePublished\":\"2026-02-08T08:31:23+00:00\",\"dateModified\":\"2026-03-17T12:00:06+00:00\",\"mainEntityOfPage\":{\"@id\":\"https:\\\/\\\/inzynier.rzeszow.pl\\\/index.php\\\/2026\\\/02\\\/08\\\/miedzynarodowe-targi-budownictwa-i-architektury-budma-2026-3-6-02-2026-r-poznan\\\/\"},\"wordCount\":181,\"image\":{\"@id\":\"https:\\\/\\\/inzynier.rzeszow.pl\\\/index.php\\\/2026\\\/02\\\/08\\\/miedzynarodowe-targi-budownictwa-i-architektury-budma-2026-3-6-02-2026-r-poznan\\\/#primaryimage\"},\"thumbnailUrl\":\"https:\\\/\\\/inzynier.rzeszow.pl\\\/wp-content\\\/uploads\\\/2026\\\/02\\\/obraz_2026-02-17_083639146.webp\",\"articleSection\":[\"Aktualno\u015bci\",\"Targi i konferencje\",\"Z \u017cycia izby\",\"Z \u017cycia izby Rok 2026\"],\"inLanguage\":\"pl-PL\"},{\"@type\":\"WebPage\",\"@id\":\"https:\\\/\\\/inzynier.rzeszow.pl\\\/index.php\\\/2026\\\/02\\\/08\\\/miedzynarodowe-targi-budownictwa-i-architektury-budma-2026-3-6-02-2026-r-poznan\\\/\",\"url\":\"https:\\\/\\\/inzynier.rzeszow.pl\\\/index.php\\\/2026\\\/02\\\/08\\\/miedzynarodowe-targi-budownictwa-i-architektury-budma-2026-3-6-02-2026-r-poznan\\\/\",\"name\":\"Mi\u0119dzynarodowe Targi Budownictwa i Architektury BUDMA 2026 - 3-6.02.2026 r., Pozna\u0144 - Podkarpacka Okregowa Izba Inzynierow Budownictwa\",\"isPartOf\":{\"@id\":\"https:\\\/\\\/inzynier.rzeszow.pl\\\/#website\"},\"primaryImageOfPage\":{\"@id\":\"https:\\\/\\\/inzynier.rzeszow.pl\\\/index.php\\\/2026\\\/02\\\/08\\\/miedzynarodowe-targi-budownictwa-i-architektury-budma-2026-3-6-02-2026-r-poznan\\\/#primaryimage\"},\"image\":{\"@id\":\"https:\\\/\\\/inzynier.rzeszow.pl\\\/index.php\\\/2026\\\/02\\\/08\\\/miedzynarodowe-targi-budownictwa-i-architektury-budma-2026-3-6-02-2026-r-poznan\\\/#primaryimage\"},\"thumbnailUrl\":\"https:\\\/\\\/inzynier.rzeszow.pl\\\/wp-content\\\/uploads\\\/2026\\\/02\\\/obraz_2026-02-17_083639146.webp\",\"datePublished\":\"2026-02-08T08:31:23+00:00\",\"dateModified\":\"2026-03-17T12:00:06+00:00\",\"author\":{\"@id\":\"https:\\\/\\\/inzynier.rzeszow.pl\\\/#\\\/schema\\\/person\\\/21ca162d893bdc5760a95d704e9b1e39\"},\"breadcrumb\":{\"@id\":\"https:\\\/\\\/inzynier.rzeszow.pl\\\/index.php\\\/2026\\\/02\\\/08\\\/miedzynarodowe-targi-budownictwa-i-architektury-budma-2026-3-6-02-2026-r-poznan\\\/#breadcrumb\"},\"inLanguage\":\"pl-PL\",\"potentialAction\":[{\"@type\":\"ReadAction\",\"target\":[\"https:\\\/\\\/inzynier.rzeszow.pl\\\/index.php\\\/2026\\\/02\\\/08\\\/miedzynarodowe-targi-budownictwa-i-architektury-budma-2026-3-6-02-2026-r-poznan\\\/\"]}]},{\"@type\":\"ImageObject\",\"inLanguage\":\"pl-PL\",\"@id\":\"https:\\\/\\\/inzynier.rzeszow.pl\\\/index.php\\\/2026\\\/02\\\/08\\\/miedzynarodowe-targi-budownictwa-i-architektury-budma-2026-3-6-02-2026-r-poznan\\\/#primaryimage\",\"url\":\"https:\\\/\\\/inzynier.rzeszow.pl\\\/wp-content\\\/uploads\\\/2026\\\/02\\\/obraz_2026-02-17_083639146.webp\",\"contentUrl\":\"https:\\\/\\\/inzynier.rzeszow.pl\\\/wp-content\\\/uploads\\\/2026\\\/02\\\/obraz_2026-02-17_083639146.webp\",\"width\":1600,\"height\":1200},{\"@type\":\"BreadcrumbList\",\"@id\":\"https:\\\/\\\/inzynier.rzeszow.pl\\\/index.php\\\/2026\\\/02\\\/08\\\/miedzynarodowe-targi-budownictwa-i-architektury-budma-2026-3-6-02-2026-r-poznan\\\/#breadcrumb\",\"itemListElement\":[{\"@type\":\"ListItem\",\"position\":1,\"name\":\"Strona g\u0142\u00f3wna\",\"item\":\"https:\\\/\\\/inzynier.rzeszow.pl\\\/\"},{\"@type\":\"ListItem\",\"position\":2,\"name\":\"Mi\u0119dzynarodowe Targi Budownictwa i Architektury BUDMA 2026 &#8211; 3-6.02.2026 r., Pozna\u0144\"}]},{\"@type\":\"WebSite\",\"@id\":\"https:\\\/\\\/inzynier.rzeszow.pl\\\/#website\",\"url\":\"https:\\\/\\\/inzynier.rzeszow.pl\\\/\",\"name\":\"Podkarpacka Okregowa Izba Inzynierow Budownictwa\",\"description\":\"\",\"potentialAction\":[{\"@type\":\"SearchAction\",\"target\":{\"@type\":\"EntryPoint\",\"urlTemplate\":\"https:\\\/\\\/inzynier.rzeszow.pl\\\/?s={search_term_string}\"},\"query-input\":{\"@type\":\"PropertyValueSpecification\",\"valueRequired\":true,\"valueName\":\"search_term_string\"}}],\"inLanguage\":\"pl-PL\"},{\"@type\":\"Person\",\"@id\":\"https:\\\/\\\/inzynier.rzeszow.pl\\\/#\\\/schema\\\/person\\\/21ca162d893bdc5760a95d704e9b1e39\",\"name\":\"admin\",\"image\":{\"@type\":\"ImageObject\",\"inLanguage\":\"pl-PL\",\"@id\":\"https:\\\/\\\/secure.gravatar.com\\\/avatar\\\/d5d1959f10b94c8abcf928274f8bb5b8c7370b0dfadb0590911bacad18965f21?s=96&d=mm&r=g\",\"url\":\"https:\\\/\\\/secure.gravatar.com\\\/avatar\\\/d5d1959f10b94c8abcf928274f8bb5b8c7370b0dfadb0590911bacad18965f21?s=96&d=mm&r=g\",\"contentUrl\":\"https:\\\/\\\/secure.gravatar.com\\\/avatar\\\/d5d1959f10b94c8abcf928274f8bb5b8c7370b0dfadb0590911bacad18965f21?s=96&d=mm&r=g\",\"caption\":\"admin\"},\"sameAs\":[\"https:\\\/\\\/migracja.inzynier.rzeszow.pl\"],\"url\":\"https:\\\/\\\/inzynier.rzeszow.pl\\\/index.php\\\/author\\\/kwojcik\\\/\"}]}<\/script>\n<!-- \/ Yoast SEO plugin. -->","yoast_head_json":{"title":"Mi\u0119dzynarodowe Targi Budownictwa i Architektury BUDMA 2026 - 3-6.02.2026 r., Pozna\u0144 - Podkarpacka Okregowa Izba Inzynierow Budownictwa","robots":{"index":"index","follow":"follow","max-snippet":"max-snippet:-1","max-image-preview":"max-image-preview:large","max-video-preview":"max-video-preview:-1"},"canonical":"https:\/\/inzynier.rzeszow.pl\/index.php\/2026\/02\/08\/miedzynarodowe-targi-budownictwa-i-architektury-budma-2026-3-6-02-2026-r-poznan\/","og_locale":"pl_PL","og_type":"article","og_title":"Mi\u0119dzynarodowe Targi Budownictwa i Architektury BUDMA 2026 - 3-6.02.2026 r., Pozna\u0144 - Podkarpacka Okregowa Izba Inzynierow Budownictwa","og_description":"Mi\u0119dzynarodowe Targi Budownictwa i Architektury, stanowi\u0105ce jeden z kluczowych punkt\u00f3w w kalendarzu bran\u017cowym, odbywaj\u0105 si\u0119 w dniach 3\u20136 lutego 2026 [&hellip;]","og_url":"https:\/\/inzynier.rzeszow.pl\/index.php\/2026\/02\/08\/miedzynarodowe-targi-budownictwa-i-architektury-budma-2026-3-6-02-2026-r-poznan\/","og_site_name":"Podkarpacka Okregowa Izba Inzynierow Budownictwa","article_published_time":"2026-02-08T08:31:23+00:00","article_modified_time":"2026-03-17T12:00:06+00:00","og_image":[{"width":1600,"height":1200,"url":"https:\/\/inzynier.rzeszow.pl\/wp-content\/uploads\/2026\/02\/obraz_2026-02-17_083639146.png","type":"image\/png"}],"author":"admin","twitter_card":"summary_large_image","twitter_misc":{"Napisane przez":"admin","Szacowany czas czytania":"1 minuta"},"schema":{"@context":"https:\/\/schema.org","@graph":[{"@type":"Article","@id":"https:\/\/inzynier.rzeszow.pl\/index.php\/2026\/02\/08\/miedzynarodowe-targi-budownictwa-i-architektury-budma-2026-3-6-02-2026-r-poznan\/#article","isPartOf":{"@id":"https:\/\/inzynier.rzeszow.pl\/index.php\/2026\/02\/08\/miedzynarodowe-targi-budownictwa-i-architektury-budma-2026-3-6-02-2026-r-poznan\/"},"author":{"name":"admin","@id":"https:\/\/inzynier.rzeszow.pl\/#\/schema\/person\/21ca162d893bdc5760a95d704e9b1e39"},"headline":"Mi\u0119dzynarodowe Targi Budownictwa i Architektury BUDMA 2026 &#8211; 3-6.02.2026 r., Pozna\u0144","datePublished":"2026-02-08T08:31:23+00:00","dateModified":"2026-03-17T12:00:06+00:00","mainEntityOfPage":{"@id":"https:\/\/inzynier.rzeszow.pl\/index.php\/2026\/02\/08\/miedzynarodowe-targi-budownictwa-i-architektury-budma-2026-3-6-02-2026-r-poznan\/"},"wordCount":181,"image":{"@id":"https:\/\/inzynier.rzeszow.pl\/index.php\/2026\/02\/08\/miedzynarodowe-targi-budownictwa-i-architektury-budma-2026-3-6-02-2026-r-poznan\/#primaryimage"},"thumbnailUrl":"https:\/\/inzynier.rzeszow.pl\/wp-content\/uploads\/2026\/02\/obraz_2026-02-17_083639146.webp","articleSection":["Aktualno\u015bci","Targi i konferencje","Z \u017cycia izby","Z \u017cycia izby Rok 2026"],"inLanguage":"pl-PL"},{"@type":"WebPage","@id":"https:\/\/inzynier.rzeszow.pl\/index.php\/2026\/02\/08\/miedzynarodowe-targi-budownictwa-i-architektury-budma-2026-3-6-02-2026-r-poznan\/","url":"https:\/\/inzynier.rzeszow.pl\/index.php\/2026\/02\/08\/miedzynarodowe-targi-budownictwa-i-architektury-budma-2026-3-6-02-2026-r-poznan\/","name":"Mi\u0119dzynarodowe Targi Budownictwa i Architektury BUDMA 2026 - 3-6.02.2026 r., Pozna\u0144 - Podkarpacka Okregowa Izba Inzynierow Budownictwa","isPartOf":{"@id":"https:\/\/inzynier.rzeszow.pl\/#website"},"primaryImageOfPage":{"@id":"https:\/\/inzynier.rzeszow.pl\/index.php\/2026\/02\/08\/miedzynarodowe-targi-budownictwa-i-architektury-budma-2026-3-6-02-2026-r-poznan\/#primaryimage"},"image":{"@id":"https:\/\/inzynier.rzeszow.pl\/index.php\/2026\/02\/08\/miedzynarodowe-targi-budownictwa-i-architektury-budma-2026-3-6-02-2026-r-poznan\/#primaryimage"},"thumbnailUrl":"https:\/\/inzynier.rzeszow.pl\/wp-content\/uploads\/2026\/02\/obraz_2026-02-17_083639146.webp","datePublished":"2026-02-08T08:31:23+00:00","dateModified":"2026-03-17T12:00:06+00:00","author":{"@id":"https:\/\/inzynier.rzeszow.pl\/#\/schema\/person\/21ca162d893bdc5760a95d704e9b1e39"},"breadcrumb":{"@id":"https:\/\/inzynier.rzeszow.pl\/index.php\/2026\/02\/08\/miedzynarodowe-targi-budownictwa-i-architektury-budma-2026-3-6-02-2026-r-poznan\/#breadcrumb"},"inLanguage":"pl-PL","potentialAction":[{"@type":"ReadAction","target":["https:\/\/inzynier.rzeszow.pl\/index.php\/2026\/02\/08\/miedzynarodowe-targi-budownictwa-i-architektury-budma-2026-3-6-02-2026-r-poznan\/"]}]},{"@type":"ImageObject","inLanguage":"pl-PL","@id":"https:\/\/inzynier.rzeszow.pl\/index.php\/2026\/02\/08\/miedzynarodowe-targi-budownictwa-i-architektury-budma-2026-3-6-02-2026-r-poznan\/#primaryimage","url":"https:\/\/inzynier.rzeszow.pl\/wp-content\/uploads\/2026\/02\/obraz_2026-02-17_083639146.webp","contentUrl":"https:\/\/inzynier.rzeszow.pl\/wp-content\/uploads\/2026\/02\/obraz_2026-02-17_083639146.webp","width":1600,"height":1200},{"@type":"BreadcrumbList","@id":"https:\/\/inzynier.rzeszow.pl\/index.php\/2026\/02\/08\/miedzynarodowe-targi-budownictwa-i-architektury-budma-2026-3-6-02-2026-r-poznan\/#breadcrumb","itemListElement":[{"@type":"ListItem","position":1,"name":"Strona g\u0142\u00f3wna","item":"https:\/\/inzynier.rzeszow.pl\/"},{"@type":"ListItem","position":2,"name":"Mi\u0119dzynarodowe Targi Budownictwa i Architektury BUDMA 2026 &#8211; 3-6.02.2026 r., Pozna\u0144"}]},{"@type":"WebSite","@id":"https:\/\/inzynier.rzeszow.pl\/#website","url":"https:\/\/inzynier.rzeszow.pl\/","name":"Podkarpacka Okregowa Izba Inzynierow Budownictwa","description":"","potentialAction":[{"@type":"SearchAction","target":{"@type":"EntryPoint","urlTemplate":"https:\/\/inzynier.rzeszow.pl\/?s={search_term_string}"},"query-input":{"@type":"PropertyValueSpecification","valueRequired":true,"valueName":"search_term_string"}}],"inLanguage":"pl-PL"},{"@type":"Person","@id":"https:\/\/inzynier.rzeszow.pl\/#\/schema\/person\/21ca162d893bdc5760a95d704e9b1e39","name":"admin","image":{"@type":"ImageObject","inLanguage":"pl-PL","@id":"https:\/\/secure.gravatar.com\/avatar\/d5d1959f10b94c8abcf928274f8bb5b8c7370b0dfadb0590911bacad18965f21?s=96&d=mm&r=g","url":"https:\/\/secure.gravatar.com\/avatar\/d5d1959f10b94c8abcf928274f8bb5b8c7370b0dfadb0590911bacad18965f21?s=96&d=mm&r=g","contentUrl":"https:\/\/secure.gravatar.com\/avatar\/d5d1959f10b94c8abcf928274f8bb5b8c7370b0dfadb0590911bacad18965f21?s=96&d=mm&r=g","caption":"admin"},"sameAs":["https:\/\/migracja.inzynier.rzeszow.pl"],"url":"https:\/\/inzynier.rzeszow.pl\/index.php\/author\/kwojcik\/"}]}},"rttpg_featured_image_url":{"full":["https:\/\/inzynier.rzeszow.pl\/wp-content\/uploads\/2026\/02\/obraz_2026-02-17_083639146.webp",1600,1200,false],"landscape":["https:\/\/inzynier.rzeszow.pl\/wp-content\/uploads\/2026\/02\/obraz_2026-02-17_083639146.webp",1600,1200,false],"portraits":["https:\/\/inzynier.rzeszow.pl\/wp-content\/uploads\/2026\/02\/obraz_2026-02-17_083639146.webp",1600,1200,false],"thumbnail":["https:\/\/inzynier.rzeszow.pl\/wp-content\/uploads\/2026\/02\/obraz_2026-02-17_083639146-150x150.png",150,150,true],"medium":["https:\/\/inzynier.rzeszow.pl\/wp-content\/uploads\/2026\/02\/obraz_2026-02-17_083639146-300x225.png",300,225,true],"large":["https:\/\/inzynier.rzeszow.pl\/wp-content\/uploads\/2026\/02\/obraz_2026-02-17_083639146-1024x768.webp",1024,768,true],"1536x1536":["https:\/\/inzynier.rzeszow.pl\/wp-content\/uploads\/2026\/02\/obraz_2026-02-17_083639146-1536x1152.webp",1536,1152,true],"2048x2048":["https:\/\/inzynier.rzeszow.pl\/wp-content\/uploads\/2026\/02\/obraz_2026-02-17_083639146.webp",1600,1200,false]},"rttpg_author":{"display_name":"admin","author_link":"https:\/\/inzynier.rzeszow.pl\/index.php\/author\/kwojcik\/"},"rttpg_comment":0,"rttpg_category":"<a href=\"https:\/\/inzynier.rzeszow.pl\/index.php\/category\/aktualnosci\/\" rel=\"category tag\">Aktualno\u015bci<\/a> <a href=\"https:\/\/inzynier.rzeszow.pl\/index.php\/category\/targi-i-konferencje\/\" rel=\"category tag\">Targi i konferencje<\/a> <a href=\"https:\/\/inzynier.rzeszow.pl\/index.php\/category\/z-zycia-izby\/\" rel=\"category tag\">Z \u017cycia izby<\/a> <a href=\"https:\/\/inzynier.rzeszow.pl\/index.php\/category\/z-zycia-izby\/z-zycia-izby-rok-2026\/\" rel=\"category tag\">Z \u017cycia izby Rok 2026<\/a>","rttpg_excerpt":"Mi\u0119dzynarodowe Targi Budownictwa i Architektury, stanowi\u0105ce jeden z kluczowych punkt\u00f3w w kalendarzu bran\u017cowym, odbywaj\u0105 si\u0119 w dniach 3\u20136 lutego 2026 [&hellip;]","_links":{"self":[{"href":"https:\/\/inzynier.rzeszow.pl\/index.php\/wp-json\/wp\/v2\/posts\/4068","targetHints":{"allow":["GET"]}}],"collection":[{"href":"https:\/\/inzynier.rzeszow.pl\/index.php\/wp-json\/wp\/v2\/posts"}],"about":[{"href":"https:\/\/inzynier.rzeszow.pl\/index.php\/wp-json\/wp\/v2\/types\/post"}],"author":[{"embeddable":true,"href":"https:\/\/inzynier.rzeszow.pl\/index.php\/wp-json\/wp\/v2\/users\/1"}],"replies":[{"embeddable":true,"href":"https:\/\/inzynier.rzeszow.pl\/index.php\/wp-json\/wp\/v2\/comments?post=4068"}],"version-history":[{"count":4,"href":"https:\/\/inzynier.rzeszow.pl\/index.php\/wp-json\/wp\/v2\/posts\/4068\/revisions"}],"predecessor-version":[{"id":4073,"href":"https:\/\/inzynier.rzeszow.pl\/index.php\/wp-json\/wp\/v2\/posts\/4068\/revisions\/4073"}],"wp:featuredmedia":[{"embeddable":true,"href":"https:\/\/inzynier.rzeszow.pl\/index.php\/wp-json\/wp\/v2\/media\/4070"}],"wp:attachment":[{"href":"https:\/\/inzynier.rzeszow.pl\/index.php\/wp-json\/wp\/v2\/media?parent=4068"}],"wp:term":[{"taxonomy":"category","embeddable":true,"href":"https:\/\/inzynier.rzeszow.pl\/index.php\/wp-json\/wp\/v2\/categories?post=4068"},{"taxonomy":"post_tag","embeddable":true,"href":"https:\/\/inzynier.rzeszow.pl\/index.php\/wp-json\/wp\/v2\/tags?post=4068"}],"curies":[{"name":"wp","href":"https:\/\/api.w.org\/{rel}","templated":true}]}}