{"id":4067,"date":"2026-02-10T10:31:16","date_gmt":"2026-02-10T10:31:16","guid":{"rendered":"https:\/\/migracja.inzynier.rzeszow.pl\/?p=4067"},"modified":"2026-04-09T12:43:56","modified_gmt":"2026-04-09T11:43:56","slug":"targi-nowoczesnego-budownictwa-modern-home-14-15-marca-2026-r-hala-podpromie","status":"publish","type":"post","link":"https:\/\/inzynier.rzeszow.pl\/index.php\/2026\/02\/10\/targi-nowoczesnego-budownictwa-modern-home-14-15-marca-2026-r-hala-podpromie\/","title":{"rendered":"Targi Nowoczesnego Budownictwa Modern Home &#8211; 14-15 marca 2026 r., Hala Podpromie"},"content":{"rendered":"\t\t<div data-elementor-type=\"wp-post\" data-elementor-id=\"4067\" class=\"elementor elementor-4067\" data-elementor-post-type=\"post\">\n\t\t\t\t<div class=\"elementor-element elementor-element-4f70bb6 e-flex e-con-boxed e-con e-parent\" data-id=\"4f70bb6\" data-element_type=\"container\" data-e-type=\"container\">\n\t\t\t\t\t<div class=\"e-con-inner\">\n\t\t<div class=\"elementor-element elementor-element-44b5713 e-con-full e-flex e-con e-child\" data-id=\"44b5713\" data-element_type=\"container\" data-e-type=\"container\">\n\t\t\t\t<div class=\"elementor-element elementor-element-f3497ff elementor-widget elementor-widget-image\" data-id=\"f3497ff\" data-element_type=\"widget\" data-e-type=\"widget\" data-widget_type=\"image.default\">\n\t\t\t\t\t\t\t\t\t\t\t\t\t\t\t<img fetchpriority=\"high\" decoding=\"async\" width=\"1024\" height=\"683\" src=\"https:\/\/inzynier.rzeszow.pl\/wp-content\/uploads\/2026\/02\/obraz_2026-02-17_083903534-1024x683.webp\" class=\"attachment-large size-large wp-image-4075\" alt=\"\" srcset=\"https:\/\/inzynier.rzeszow.pl\/wp-content\/uploads\/2026\/02\/obraz_2026-02-17_083903534-1024x683.webp 1024w, https:\/\/inzynier.rzeszow.pl\/wp-content\/uploads\/2026\/02\/obraz_2026-02-17_083903534-300x200.png 300w, https:\/\/inzynier.rzeszow.pl\/wp-content\/uploads\/2026\/02\/obraz_2026-02-17_083903534-768x512.webp 768w, https:\/\/inzynier.rzeszow.pl\/wp-content\/uploads\/2026\/02\/obraz_2026-02-17_083903534.webp 1200w\" sizes=\"(max-width: 1024px) 100vw, 1024px\" \/>\t\t\t\t\t\t\t\t\t\t\t\t\t\t\t<\/div>\n\t\t\t\t<\/div>\n\t\t<div class=\"elementor-element elementor-element-5c2e3bd e-con-full e-flex e-con e-child\" data-id=\"5c2e3bd\" data-element_type=\"container\" data-e-type=\"container\">\n\t\t\t\t<div class=\"elementor-element elementor-element-d681aaf elementor-widget elementor-widget-text-editor\" data-id=\"d681aaf\" data-element_type=\"widget\" data-e-type=\"widget\" data-widget_type=\"text-editor.default\">\n\t\t\t\t\t\t\t\t\t<p>Podkarpacka Okr\u0119gowa Izba In\u017cynier\u00f3w Budownictwa jako partner wydarzenia zaprasza na <strong>Targi Nowoczesnego Budownictwa<\/strong>\u00a0<strong>Modern Home,<\/strong>\u00a0kt\u00f3re odb\u0119d\u0105 si\u0119\u00a0<strong>w dniach 14 &#8211; 15 marca 2026 r.\u00a0<\/strong>na Hali Podpromie w Rzeszowie.<\/p><p>Spotkaj si\u0119 z In\u017cynierem Budownictwa &#8211; in\u017cynierowie &#8211; <span class=\"x193iq5w xeuugli x13faqbe x1vvkbs x1xmvt09 x1lliihq x1s928wv xhkezso x1gmr53x x1cpjm7i x1fgarty x1943h6x xudqn12 x3x7a5m x1f6kntn xvq8zen xo1l8bm xzsf02u\">wraz z przedstawicielami Stowarzyszenia Elektryk\u00f3w Polskich Oddzia\u0142 Rzeszowski<\/span>, eksperci w specjalnej strefie b\u0119d\u0105 prowadzi\u0107 bezp\u0142atne porady.<\/p><p>Potrzebujesz wsparcia w kwestiach technicznych? Przyjd\u017a na stoisko \u2013 nasi eksperci na \u017cywo odpowiedz\u0105 na pytania, pomog\u0105 dobra\u0107 optymalne technologie i rozwiej\u0105 wszelkie w\u0105tpliwo\u015bci zwi\u0105zane z realizacj\u0105 inwestycji.<\/p>\t\t\t\t\t\t\t\t<\/div>\n\t\t\t\t<\/div>\n\t\t\t\t\t<\/div>\n\t\t\t\t<\/div>\n\t\t<div class=\"elementor-element elementor-element-3af0429 e-flex e-con-boxed e-con e-parent\" data-id=\"3af0429\" data-element_type=\"container\" data-e-type=\"container\">\n\t\t\t\t\t<div class=\"e-con-inner\">\n\t\t<div class=\"elementor-element elementor-element-074840a e-con-full e-flex e-con e-child\" data-id=\"074840a\" data-element_type=\"container\" data-e-type=\"container\">\n\t\t\t\t<div class=\"elementor-element elementor-element-68f4405 elementor-widget elementor-widget-text-editor\" data-id=\"68f4405\" data-element_type=\"widget\" data-e-type=\"widget\" data-widget_type=\"text-editor.default\">\n\t\t\t\t\t\t\t\t\t<p>W dniach 14-15 marca 2026 roku w Hali PODPROMIE w Rzeszowie odb\u0119d\u0105 si\u0119 <strong>Targi Nowoczesnego Budownictwa MODERN HOME<\/strong> &#8211; jedno z najwa\u017cniejszych wydarze\u0144 bran\u017cy budowlanej i nieruchomo\u015bci w regionie &#8211; wraz z towarzysz\u0105c\u0105 im <strong>Podkarpack\u0105 Gie\u0142d\u0105 Dom\u00f3w i Mieszka\u0144<\/strong>. To dwa dni intensywnych spotka\u0144, prezentacji innowacyjnych technologii oraz bezpo\u015brednich konsultacji z ekspertami rynku budowlanego i finansowego.<\/p><p>Nowoczesne technologie i energooszcz\u0119dne rozwi\u0105zania<br \/>Celem targ\u00f3w jest prezentacja najnowszych technologii, materia\u0142\u00f3w, rozwi\u0105za\u0144 i trend\u00f3w w nowoczesnym i energooszcz\u0119dnym budownictwie.<br \/>Zwiedzaj\u0105cy b\u0119d\u0105 mogli zapozna\u0107 si\u0119 m.in. z:<br \/>&#8211; systemami inteligentnego zarz\u0105dzania budynkiem (smart home),<br \/>&#8211; nowoczesnymi instalacjami grzewczymi i wentylacyjnymi,<br \/>&#8211; rozwi\u0105zaniami z zakresu odnawialnych \u017ar\u00f3de\u0142 energii,<br \/>&#8211; ekologicznymi materia\u0142ami budowlanymi,<br \/>&#8211; technologiami poprawiaj\u0105cymi efektywno\u015b\u0107 energetyczn\u0105.<br \/>Uczestnicy zyskaj\u0105 mo\u017cliwo\u015b\u0107 bezpo\u015brednich rozm\u00f3w z producentami i dostawcami, por\u00f3wnania ofert oraz nawi\u0105zania kontakt\u00f3w biznesowych. To miejsce, gdzie teoria spotyka si\u0119 z praktyk\u0105, a najnowsze trendy b\u0119dzie mo\u017cna zobaczy\u0107 na \u017cywo.\u00a0<\/p>\t\t\t\t\t\t\t\t<\/div>\n\t\t\t\t<div class=\"elementor-element elementor-element-cad0936 elementor-widget elementor-widget-text-editor\" data-id=\"cad0936\" data-element_type=\"widget\" data-e-type=\"widget\" data-widget_type=\"text-editor.default\">\n\t\t\t\t\t\t\t\t\t<p>Wojew\u00f3dzki Fundusz Ochrony \u015arodowiska i Gospodarki Wodnej w Rzeszowie ma zaszczyt zaprosi\u0107 na konferencj\u0119 pn.: \u201eBudowa, modernizacja domu &#8211; etapy i \u017ar\u00f3d\u0142a finansowania&#8221;, kt\u00f3ra odb\u0119dzie si\u0119 14 marca 2026 r. w ramach <strong><a href=\"https:\/\/targirzeszowskie.pl\/modern-home\/\" target=\"_blank\" rel=\"noopener\">Targ\u00f3w Nowoczesnego Budownictwa MODERN HOME <\/a><\/strong>w Rzeszowie, w Hali Podpromie.<br \/>Wst\u0119p na Targi MODERN HOME w dniu 14 marca 2026 r. dla uczestnik\u00f3w konferencji jest bezp\u0142atny.<\/p><p>Podczas konferencji Dorady Klimatyczno-Energetyczni wraz z zaproszonymi ekspertami Wydzia\u0142u Architektury Urz\u0119du Miasta Rzeszowa, PDK OIIB, BO\u015a Banku przedstawi\u0105 informacje na temat:<\/p><p>&#8211; aktualnych procedur uzyskiwania pozwole\u0144 na budow\u0119,<br \/>&#8211; obowi\u0105zk\u00f3w zwi\u0105zanych z rozpocz\u0119ciem i zako\u0144czeniem rob\u00f3t budowlanych (remont, przebudowa, zmiana sposobu u\u017cytkowania, budowa), a tak\u017ce u\u017cytkowaniem budynku,<br \/>&#8211; prawid\u0142owego zaplanowania i realizacji termomodernizacji budynku,<br \/>&#8211; wsparcia finansowego budowy i modernizacji budynk\u00f3w.<\/p><p>W ramach konferencji b\u0119dzie te\u017c mo\u017cliwo\u015b\u0107 indywidualnych spotka\u0144 z Doradcami Klimatyczno-Energetycznymi oraz zaproszonymi ekspertami.<\/p><p><strong>Udzia\u0142 w wydarzeniu jest bezp\u0142atny, jednak wymaga wcze\u015bniejszej rejestracji. Liczba miejsc jest ograniczona, o mo\u017cliwo\u015bci uczestnictwa decyduje kolejno\u015b\u0107 zg\u0142osze\u0144.<br \/><\/strong><\/p><p><strong><a href=\"https:\/\/bip.wfosigw.rzeszow.pl\/images\/PROGRAM_KONFERENCJI_new.pdf\" target=\"_blank\" rel=\"noopener\">Program Konferencji do pobrania<\/a><\/strong><\/p><p><strong>Formularz rejestracyjny:<\/strong> <strong><a href=\"https:\/\/forms.gle\/GfnCvi9PVBCybcAWA\" target=\"_blank\" rel=\"noopener\">https:\/\/forms.gle\/GfnCvi9PVBCybcAWA\u00a0<\/a><\/strong><\/p><p><strong>Wszelkie dodatkowe informacje organizacyjne mo\u017cna uzyska\u0107 pod numerem telefonu: +48 887 447 727 oraz pod adresem<\/strong> <strong><a href=\"mailto:teresa.moron@wfosigw.rzeszow.pl\" target=\"_blank\" rel=\"noopener\">teresa.moron@wfosigw.rzeszow.pl<\/a><\/strong><\/p><p>Wydarzenie realizowane jest w ramach Projektu Doradztwa Energetycznego, finansowanego z<em> Programu Fundusze Europejskie na Infrastruktur\u0119, Klimat, \u015arodowisko 2021-2027, Priorytet FENX.01 &#8211; Wsparcie sektor\u00f3w energetyka i \u015brodowisko z Funduszu Sp\u00f3jno\u015bci<\/em><\/p>\t\t\t\t\t\t\t\t<\/div>\n\t\t\t\t<\/div>\n\t\t\t\t\t<\/div>\n\t\t\t\t<\/div>\n\t\t<div class=\"elementor-element elementor-element-ceee9d3 e-grid e-con-boxed e-con e-parent\" data-id=\"ceee9d3\" data-element_type=\"container\" data-e-type=\"container\">\n\t\t\t\t\t<div class=\"e-con-inner\">\n\t\t\t\t<div class=\"elementor-element elementor-element-6fffa0c elementor-widget elementor-widget-image\" data-id=\"6fffa0c\" data-element_type=\"widget\" data-e-type=\"widget\" data-widget_type=\"image.default\">\n\t\t\t\t\t\t\t\t\t\t\t\t\t\t\t<img decoding=\"async\" width=\"1024\" height=\"1024\" src=\"https:\/\/inzynier.rzeszow.pl\/wp-content\/uploads\/2026\/02\/Konferencja-Budowa-modernizacja-domu-etapy-i-zrodla-finansowania_Grafika-1-1024x1024.webp\" class=\"attachment-large size-large wp-image-4369\" alt=\"\" srcset=\"https:\/\/inzynier.rzeszow.pl\/wp-content\/uploads\/2026\/02\/Konferencja-Budowa-modernizacja-domu-etapy-i-zrodla-finansowania_Grafika-1-1024x1024.webp 1024w, https:\/\/inzynier.rzeszow.pl\/wp-content\/uploads\/2026\/02\/Konferencja-Budowa-modernizacja-domu-etapy-i-zrodla-finansowania_Grafika-1-300x300.jpg 300w, https:\/\/inzynier.rzeszow.pl\/wp-content\/uploads\/2026\/02\/Konferencja-Budowa-modernizacja-domu-etapy-i-zrodla-finansowania_Grafika-1-150x150.jpg 150w, https:\/\/inzynier.rzeszow.pl\/wp-content\/uploads\/2026\/02\/Konferencja-Budowa-modernizacja-domu-etapy-i-zrodla-finansowania_Grafika-1-768x768.webp 768w, https:\/\/inzynier.rzeszow.pl\/wp-content\/uploads\/2026\/02\/Konferencja-Budowa-modernizacja-domu-etapy-i-zrodla-finansowania_Grafika-1-1536x1536.webp 1536w, https:\/\/inzynier.rzeszow.pl\/wp-content\/uploads\/2026\/02\/Konferencja-Budowa-modernizacja-domu-etapy-i-zrodla-finansowania_Grafika-1.webp 1920w\" sizes=\"(max-width: 1024px) 100vw, 1024px\" \/>\t\t\t\t\t\t\t\t\t\t\t\t\t\t\t<\/div>\n\t\t\t\t<div class=\"elementor-element elementor-element-867d696 elementor-widget elementor-widget-image\" data-id=\"867d696\" data-element_type=\"widget\" data-e-type=\"widget\" data-widget_type=\"image.default\">\n\t\t\t\t\t\t\t\t\t\t\t\t\t\t\t<img decoding=\"async\" width=\"1024\" height=\"1024\" src=\"https:\/\/inzynier.rzeszow.pl\/wp-content\/uploads\/2026\/02\/Konferencja-Budowa-modernizacja-domu-etapy-i-zrodla-finansowania_Grafika-2-1024x1024.webp\" class=\"attachment-large size-large wp-image-4370\" alt=\"Wojew\u00f3dzki Fundusz Ochrony \u015arodowiska i Gospodarki Wodnej w Rzeszowie ma zaszczyt zaprosi\u0107 na konferencj\u0119 pn.: \u201eBudowa, modernizacja domu - etapy i \u017ar\u00f3d\u0142a finansowania&quot;, kt\u00f3ra odb\u0119dzie si\u0119 14 marca 2026 r. w ramach Targ\u00f3w Nowoczesnego Budownictwa MODERN HOME w Rzeszowie, w Hali Podpromie. Wst\u0119p na Targi MODERN HOME w dniu 14 marca 2026 r. dla uczestnik\u00f3w konferencji jest bezp\u0142atny.\" srcset=\"https:\/\/inzynier.rzeszow.pl\/wp-content\/uploads\/2026\/02\/Konferencja-Budowa-modernizacja-domu-etapy-i-zrodla-finansowania_Grafika-2-1024x1024.webp 1024w, https:\/\/inzynier.rzeszow.pl\/wp-content\/uploads\/2026\/02\/Konferencja-Budowa-modernizacja-domu-etapy-i-zrodla-finansowania_Grafika-2-300x300.jpg 300w, https:\/\/inzynier.rzeszow.pl\/wp-content\/uploads\/2026\/02\/Konferencja-Budowa-modernizacja-domu-etapy-i-zrodla-finansowania_Grafika-2-150x150.jpg 150w, https:\/\/inzynier.rzeszow.pl\/wp-content\/uploads\/2026\/02\/Konferencja-Budowa-modernizacja-domu-etapy-i-zrodla-finansowania_Grafika-2-768x768.webp 768w, https:\/\/inzynier.rzeszow.pl\/wp-content\/uploads\/2026\/02\/Konferencja-Budowa-modernizacja-domu-etapy-i-zrodla-finansowania_Grafika-2-1536x1536.webp 1536w, https:\/\/inzynier.rzeszow.pl\/wp-content\/uploads\/2026\/02\/Konferencja-Budowa-modernizacja-domu-etapy-i-zrodla-finansowania_Grafika-2.webp 1920w\" sizes=\"(max-width: 1024px) 100vw, 1024px\" \/>\t\t\t\t\t\t\t\t\t\t\t\t\t\t\t<\/div>\n\t\t\t\t\t<\/div>\n\t\t\t\t<\/div>\n\t\t<div class=\"elementor-element elementor-element-f2bf61e e-flex e-con-boxed e-con e-parent\" data-id=\"f2bf61e\" data-element_type=\"container\" data-e-type=\"container\">\n\t\t\t\t\t<div class=\"e-con-inner\">\n\t\t\t\t<div class=\"elementor-element elementor-element-c3f2ef6 elementor-widget elementor-widget-text-editor\" data-id=\"c3f2ef6\" data-element_type=\"widget\" data-e-type=\"widget\" data-widget_type=\"text-editor.default\">\n\t\t\t\t\t\t\t\t\t<p><strong><span style=\"font-size: small;\">Podkarpacka Gie\u0142da Dom\u00f3w i Mieszka\u0144 &#8211; wszystko w jednym miejscu<\/span><\/strong><\/p><p>Wydarzeniem towarzysz\u0105cym targom b\u0119dzie Podkarpacka Gie\u0142da Dom\u00f3w i Mieszka\u0144 &#8211; propozycja dla os\u00f3b planuj\u0105cych zakup nieruchomo\u015bci, zar\u00f3wno mieszkania, jak i domu gotowego \u201epod klucz&#8221;.<br \/>To wyj\u0105tkowa okazja, by w ci\u0105gu jednego weekendu por\u00f3wna\u0107 oferty, skonsultowa\u0107 zdolno\u015b\u0107 kredytow\u0105, zapozna\u0107 si\u0119 z aktualnymi warunkami finansowania oraz rozpocz\u0105\u0107 realne dzia\u0142ania prowadz\u0105ce do zakupu wymarzonego domu lub mieszkania.<\/p>\t\t\t\t\t\t\t\t<\/div>\n\t\t\t\t\t<\/div>\n\t\t\t\t<\/div>\n\t\t\t\t<\/div>\n\t\t","protected":false},"excerpt":{"rendered":"<p>Podkarpacka Okr\u0119gowa Izba In\u017cynier\u00f3w Budownictwa jako partner wydarzenia zaprasza na Targi Nowoczesnego Budownictwa\u00a0Modern Home,\u00a0kt\u00f3re odb\u0119d\u0105 si\u0119\u00a0w dniach 14 &#8211; 15 [&hellip;]<\/p>\n","protected":false},"author":1,"featured_media":4075,"comment_status":"closed","ping_status":"closed","sticky":false,"template":"","format":"standard","meta":{"site-sidebar-layout":"default","site-content-layout":"","ast-site-content-layout":"default","site-content-style":"default","site-sidebar-style":"default","ast-global-header-display":"","ast-banner-title-visibility":"","ast-main-header-display":"","ast-hfb-above-header-display":"","ast-hfb-below-header-display":"","ast-hfb-mobile-header-display":"","site-post-title":"","ast-breadcrumbs-content":"","ast-featured-img":"","footer-sml-layout":"","ast-disable-related-posts":"","theme-transparent-header-meta":"","adv-header-id-meta":"","stick-header-meta":"","header-above-stick-meta":"","header-main-stick-meta":"","header-below-stick-meta":"","astra-migrate-meta-layouts":"default","ast-page-background-enabled":"default","ast-page-background-meta":{"desktop":{"background-color":"var(--ast-global-color-5)","background-image":"","background-repeat":"repeat","background-position":"center center","background-size":"auto","background-attachment":"scroll","background-type":"","background-media":"","overlay-type":"","overlay-color":"","overlay-opacity":"","overlay-gradient":""},"tablet":{"background-color":"","background-image":"","background-repeat":"repeat","background-position":"center center","background-size":"auto","background-attachment":"scroll","background-type":"","background-media":"","overlay-type":"","overlay-color":"","overlay-opacity":"","overlay-gradient":""},"mobile":{"background-color":"","background-image":"","background-repeat":"repeat","background-position":"center center","background-size":"auto","background-attachment":"scroll","background-type":"","background-media":"","overlay-type":"","overlay-color":"","overlay-opacity":"","overlay-gradient":""}},"ast-content-background-meta":{"desktop":{"background-color":"var(--ast-global-color-4)","background-image":"","background-repeat":"repeat","background-position":"center center","background-size":"auto","background-attachment":"scroll","background-type":"","background-media":"","overlay-type":"","overlay-color":"","overlay-opacity":"","overlay-gradient":""},"tablet":{"background-color":"var(--ast-global-color-4)","background-image":"","background-repeat":"repeat","background-position":"center center","background-size":"auto","background-attachment":"scroll","background-type":"","background-media":"","overlay-type":"","overlay-color":"","overlay-opacity":"","overlay-gradient":""},"mobile":{"background-color":"var(--ast-global-color-4)","background-image":"","background-repeat":"repeat","background-position":"center center","background-size":"auto","background-attachment":"scroll","background-type":"","background-media":"","overlay-type":"","overlay-color":"","overlay-opacity":"","overlay-gradient":""}},"footnotes":""},"categories":[6,63,7,16,19],"tags":[],"class_list":["post-4067","post","type-post","status-publish","format-standard","has-post-thumbnail","hentry","category-aktualnosci","category-targi-i-konferencje","category-wydarzenia","category-z-zycia-izby","category-z-zycia-izby-rok-2026"],"yoast_head":"<!-- This site is optimized with the Yoast SEO plugin v27.5 - https:\/\/yoast.com\/product\/yoast-seo-wordpress\/ -->\n<title>Targi Nowoczesnego Budownictwa Modern Home - 14-15 marca 2026 r., Hala Podpromie - Podkarpacka Okregowa Izba Inzynierow Budownictwa<\/title>\n<meta name=\"robots\" content=\"index, follow, max-snippet:-1, max-image-preview:large, max-video-preview:-1\" \/>\n<link rel=\"canonical\" href=\"https:\/\/inzynier.rzeszow.pl\/index.php\/2026\/02\/10\/targi-nowoczesnego-budownictwa-modern-home-14-15-marca-2026-r-hala-podpromie\/\" \/>\n<meta property=\"og:locale\" content=\"pl_PL\" \/>\n<meta property=\"og:type\" content=\"article\" \/>\n<meta property=\"og:title\" content=\"Targi Nowoczesnego Budownictwa Modern Home - 14-15 marca 2026 r., Hala Podpromie - Podkarpacka Okregowa Izba Inzynierow Budownictwa\" \/>\n<meta property=\"og:description\" content=\"Podkarpacka Okr\u0119gowa Izba In\u017cynier\u00f3w Budownictwa jako partner wydarzenia zaprasza na Targi Nowoczesnego Budownictwa\u00a0Modern Home,\u00a0kt\u00f3re odb\u0119d\u0105 si\u0119\u00a0w dniach 14 &#8211; 15 [&hellip;]\" \/>\n<meta property=\"og:url\" content=\"https:\/\/inzynier.rzeszow.pl\/index.php\/2026\/02\/10\/targi-nowoczesnego-budownictwa-modern-home-14-15-marca-2026-r-hala-podpromie\/\" \/>\n<meta property=\"og:site_name\" content=\"Podkarpacka Okregowa Izba Inzynierow Budownictwa\" \/>\n<meta property=\"article:published_time\" content=\"2026-02-10T10:31:16+00:00\" \/>\n<meta property=\"article:modified_time\" content=\"2026-04-09T11:43:56+00:00\" \/>\n<meta property=\"og:image\" content=\"https:\/\/inzynier.rzeszow.pl\/wp-content\/uploads\/2026\/02\/obraz_2026-02-17_083903534.webp\" \/>\n\t<meta property=\"og:image:width\" content=\"1200\" \/>\n\t<meta property=\"og:image:height\" content=\"800\" \/>\n\t<meta property=\"og:image:type\" content=\"image\/png\" \/>\n<meta name=\"author\" content=\"admin\" \/>\n<meta name=\"twitter:card\" content=\"summary_large_image\" \/>\n<meta name=\"twitter:label1\" content=\"Napisane przez\" \/>\n\t<meta name=\"twitter:data1\" content=\"admin\" \/>\n\t<meta name=\"twitter:label2\" content=\"Szacowany czas czytania\" \/>\n\t<meta name=\"twitter:data2\" content=\"3 minuty\" \/>\n<script type=\"application\/ld+json\" class=\"yoast-schema-graph\">{\"@context\":\"https:\\\/\\\/schema.org\",\"@graph\":[{\"@type\":\"Article\",\"@id\":\"https:\\\/\\\/inzynier.rzeszow.pl\\\/index.php\\\/2026\\\/02\\\/10\\\/targi-nowoczesnego-budownictwa-modern-home-14-15-marca-2026-r-hala-podpromie\\\/#article\",\"isPartOf\":{\"@id\":\"https:\\\/\\\/inzynier.rzeszow.pl\\\/index.php\\\/2026\\\/02\\\/10\\\/targi-nowoczesnego-budownictwa-modern-home-14-15-marca-2026-r-hala-podpromie\\\/\"},\"author\":{\"name\":\"admin\",\"@id\":\"https:\\\/\\\/inzynier.rzeszow.pl\\\/#\\\/schema\\\/person\\\/21ca162d893bdc5760a95d704e9b1e39\"},\"headline\":\"Targi Nowoczesnego Budownictwa Modern Home &#8211; 14-15 marca 2026 r., Hala Podpromie\",\"datePublished\":\"2026-02-10T10:31:16+00:00\",\"dateModified\":\"2026-04-09T11:43:56+00:00\",\"mainEntityOfPage\":{\"@id\":\"https:\\\/\\\/inzynier.rzeszow.pl\\\/index.php\\\/2026\\\/02\\\/10\\\/targi-nowoczesnego-budownictwa-modern-home-14-15-marca-2026-r-hala-podpromie\\\/\"},\"wordCount\":592,\"image\":{\"@id\":\"https:\\\/\\\/inzynier.rzeszow.pl\\\/index.php\\\/2026\\\/02\\\/10\\\/targi-nowoczesnego-budownictwa-modern-home-14-15-marca-2026-r-hala-podpromie\\\/#primaryimage\"},\"thumbnailUrl\":\"https:\\\/\\\/inzynier.rzeszow.pl\\\/wp-content\\\/uploads\\\/2026\\\/02\\\/obraz_2026-02-17_083903534.webp\",\"articleSection\":[\"Aktualno\u015bci\",\"Targi i konferencje\",\"Wydarzenia\",\"Z \u017cycia izby\",\"Z \u017cycia izby Rok 2026\"],\"inLanguage\":\"pl-PL\"},{\"@type\":\"WebPage\",\"@id\":\"https:\\\/\\\/inzynier.rzeszow.pl\\\/index.php\\\/2026\\\/02\\\/10\\\/targi-nowoczesnego-budownictwa-modern-home-14-15-marca-2026-r-hala-podpromie\\\/\",\"url\":\"https:\\\/\\\/inzynier.rzeszow.pl\\\/index.php\\\/2026\\\/02\\\/10\\\/targi-nowoczesnego-budownictwa-modern-home-14-15-marca-2026-r-hala-podpromie\\\/\",\"name\":\"Targi Nowoczesnego Budownictwa Modern Home - 14-15 marca 2026 r., Hala Podpromie - Podkarpacka Okregowa Izba Inzynierow Budownictwa\",\"isPartOf\":{\"@id\":\"https:\\\/\\\/inzynier.rzeszow.pl\\\/#website\"},\"primaryImageOfPage\":{\"@id\":\"https:\\\/\\\/inzynier.rzeszow.pl\\\/index.php\\\/2026\\\/02\\\/10\\\/targi-nowoczesnego-budownictwa-modern-home-14-15-marca-2026-r-hala-podpromie\\\/#primaryimage\"},\"image\":{\"@id\":\"https:\\\/\\\/inzynier.rzeszow.pl\\\/index.php\\\/2026\\\/02\\\/10\\\/targi-nowoczesnego-budownictwa-modern-home-14-15-marca-2026-r-hala-podpromie\\\/#primaryimage\"},\"thumbnailUrl\":\"https:\\\/\\\/inzynier.rzeszow.pl\\\/wp-content\\\/uploads\\\/2026\\\/02\\\/obraz_2026-02-17_083903534.webp\",\"datePublished\":\"2026-02-10T10:31:16+00:00\",\"dateModified\":\"2026-04-09T11:43:56+00:00\",\"author\":{\"@id\":\"https:\\\/\\\/inzynier.rzeszow.pl\\\/#\\\/schema\\\/person\\\/21ca162d893bdc5760a95d704e9b1e39\"},\"breadcrumb\":{\"@id\":\"https:\\\/\\\/inzynier.rzeszow.pl\\\/index.php\\\/2026\\\/02\\\/10\\\/targi-nowoczesnego-budownictwa-modern-home-14-15-marca-2026-r-hala-podpromie\\\/#breadcrumb\"},\"inLanguage\":\"pl-PL\",\"potentialAction\":[{\"@type\":\"ReadAction\",\"target\":[\"https:\\\/\\\/inzynier.rzeszow.pl\\\/index.php\\\/2026\\\/02\\\/10\\\/targi-nowoczesnego-budownictwa-modern-home-14-15-marca-2026-r-hala-podpromie\\\/\"]}]},{\"@type\":\"ImageObject\",\"inLanguage\":\"pl-PL\",\"@id\":\"https:\\\/\\\/inzynier.rzeszow.pl\\\/index.php\\\/2026\\\/02\\\/10\\\/targi-nowoczesnego-budownictwa-modern-home-14-15-marca-2026-r-hala-podpromie\\\/#primaryimage\",\"url\":\"https:\\\/\\\/inzynier.rzeszow.pl\\\/wp-content\\\/uploads\\\/2026\\\/02\\\/obraz_2026-02-17_083903534.webp\",\"contentUrl\":\"https:\\\/\\\/inzynier.rzeszow.pl\\\/wp-content\\\/uploads\\\/2026\\\/02\\\/obraz_2026-02-17_083903534.webp\",\"width\":1200,\"height\":800},{\"@type\":\"BreadcrumbList\",\"@id\":\"https:\\\/\\\/inzynier.rzeszow.pl\\\/index.php\\\/2026\\\/02\\\/10\\\/targi-nowoczesnego-budownictwa-modern-home-14-15-marca-2026-r-hala-podpromie\\\/#breadcrumb\",\"itemListElement\":[{\"@type\":\"ListItem\",\"position\":1,\"name\":\"Strona g\u0142\u00f3wna\",\"item\":\"https:\\\/\\\/inzynier.rzeszow.pl\\\/\"},{\"@type\":\"ListItem\",\"position\":2,\"name\":\"Targi Nowoczesnego Budownictwa Modern Home &#8211; 14-15 marca 2026 r., Hala Podpromie\"}]},{\"@type\":\"WebSite\",\"@id\":\"https:\\\/\\\/inzynier.rzeszow.pl\\\/#website\",\"url\":\"https:\\\/\\\/inzynier.rzeszow.pl\\\/\",\"name\":\"Podkarpacka Okregowa Izba Inzynierow Budownictwa\",\"description\":\"\",\"potentialAction\":[{\"@type\":\"SearchAction\",\"target\":{\"@type\":\"EntryPoint\",\"urlTemplate\":\"https:\\\/\\\/inzynier.rzeszow.pl\\\/?s={search_term_string}\"},\"query-input\":{\"@type\":\"PropertyValueSpecification\",\"valueRequired\":true,\"valueName\":\"search_term_string\"}}],\"inLanguage\":\"pl-PL\"},{\"@type\":\"Person\",\"@id\":\"https:\\\/\\\/inzynier.rzeszow.pl\\\/#\\\/schema\\\/person\\\/21ca162d893bdc5760a95d704e9b1e39\",\"name\":\"admin\",\"image\":{\"@type\":\"ImageObject\",\"inLanguage\":\"pl-PL\",\"@id\":\"https:\\\/\\\/secure.gravatar.com\\\/avatar\\\/d5d1959f10b94c8abcf928274f8bb5b8c7370b0dfadb0590911bacad18965f21?s=96&d=mm&r=g\",\"url\":\"https:\\\/\\\/secure.gravatar.com\\\/avatar\\\/d5d1959f10b94c8abcf928274f8bb5b8c7370b0dfadb0590911bacad18965f21?s=96&d=mm&r=g\",\"contentUrl\":\"https:\\\/\\\/secure.gravatar.com\\\/avatar\\\/d5d1959f10b94c8abcf928274f8bb5b8c7370b0dfadb0590911bacad18965f21?s=96&d=mm&r=g\",\"caption\":\"admin\"},\"sameAs\":[\"https:\\\/\\\/migracja.inzynier.rzeszow.pl\"],\"url\":\"https:\\\/\\\/inzynier.rzeszow.pl\\\/index.php\\\/author\\\/kwojcik\\\/\"}]}<\/script>\n<!-- \/ Yoast SEO plugin. -->","yoast_head_json":{"title":"Targi Nowoczesnego Budownictwa Modern Home - 14-15 marca 2026 r., Hala Podpromie - Podkarpacka Okregowa Izba Inzynierow Budownictwa","robots":{"index":"index","follow":"follow","max-snippet":"max-snippet:-1","max-image-preview":"max-image-preview:large","max-video-preview":"max-video-preview:-1"},"canonical":"https:\/\/inzynier.rzeszow.pl\/index.php\/2026\/02\/10\/targi-nowoczesnego-budownictwa-modern-home-14-15-marca-2026-r-hala-podpromie\/","og_locale":"pl_PL","og_type":"article","og_title":"Targi Nowoczesnego Budownictwa Modern Home - 14-15 marca 2026 r., Hala Podpromie - Podkarpacka Okregowa Izba Inzynierow Budownictwa","og_description":"Podkarpacka Okr\u0119gowa Izba In\u017cynier\u00f3w Budownictwa jako partner wydarzenia zaprasza na Targi Nowoczesnego Budownictwa\u00a0Modern Home,\u00a0kt\u00f3re odb\u0119d\u0105 si\u0119\u00a0w dniach 14 &#8211; 15 [&hellip;]","og_url":"https:\/\/inzynier.rzeszow.pl\/index.php\/2026\/02\/10\/targi-nowoczesnego-budownictwa-modern-home-14-15-marca-2026-r-hala-podpromie\/","og_site_name":"Podkarpacka Okregowa Izba Inzynierow Budownictwa","article_published_time":"2026-02-10T10:31:16+00:00","article_modified_time":"2026-04-09T11:43:56+00:00","og_image":[{"width":1200,"height":800,"url":"https:\/\/inzynier.rzeszow.pl\/wp-content\/uploads\/2026\/02\/obraz_2026-02-17_083903534.webp","type":"image\/png"}],"author":"admin","twitter_card":"summary_large_image","twitter_misc":{"Napisane przez":"admin","Szacowany czas czytania":"3 minuty"},"schema":{"@context":"https:\/\/schema.org","@graph":[{"@type":"Article","@id":"https:\/\/inzynier.rzeszow.pl\/index.php\/2026\/02\/10\/targi-nowoczesnego-budownictwa-modern-home-14-15-marca-2026-r-hala-podpromie\/#article","isPartOf":{"@id":"https:\/\/inzynier.rzeszow.pl\/index.php\/2026\/02\/10\/targi-nowoczesnego-budownictwa-modern-home-14-15-marca-2026-r-hala-podpromie\/"},"author":{"name":"admin","@id":"https:\/\/inzynier.rzeszow.pl\/#\/schema\/person\/21ca162d893bdc5760a95d704e9b1e39"},"headline":"Targi Nowoczesnego Budownictwa Modern Home &#8211; 14-15 marca 2026 r., Hala Podpromie","datePublished":"2026-02-10T10:31:16+00:00","dateModified":"2026-04-09T11:43:56+00:00","mainEntityOfPage":{"@id":"https:\/\/inzynier.rzeszow.pl\/index.php\/2026\/02\/10\/targi-nowoczesnego-budownictwa-modern-home-14-15-marca-2026-r-hala-podpromie\/"},"wordCount":592,"image":{"@id":"https:\/\/inzynier.rzeszow.pl\/index.php\/2026\/02\/10\/targi-nowoczesnego-budownictwa-modern-home-14-15-marca-2026-r-hala-podpromie\/#primaryimage"},"thumbnailUrl":"https:\/\/inzynier.rzeszow.pl\/wp-content\/uploads\/2026\/02\/obraz_2026-02-17_083903534.webp","articleSection":["Aktualno\u015bci","Targi i konferencje","Wydarzenia","Z \u017cycia izby","Z \u017cycia izby Rok 2026"],"inLanguage":"pl-PL"},{"@type":"WebPage","@id":"https:\/\/inzynier.rzeszow.pl\/index.php\/2026\/02\/10\/targi-nowoczesnego-budownictwa-modern-home-14-15-marca-2026-r-hala-podpromie\/","url":"https:\/\/inzynier.rzeszow.pl\/index.php\/2026\/02\/10\/targi-nowoczesnego-budownictwa-modern-home-14-15-marca-2026-r-hala-podpromie\/","name":"Targi Nowoczesnego Budownictwa Modern Home - 14-15 marca 2026 r., Hala Podpromie - Podkarpacka Okregowa Izba Inzynierow Budownictwa","isPartOf":{"@id":"https:\/\/inzynier.rzeszow.pl\/#website"},"primaryImageOfPage":{"@id":"https:\/\/inzynier.rzeszow.pl\/index.php\/2026\/02\/10\/targi-nowoczesnego-budownictwa-modern-home-14-15-marca-2026-r-hala-podpromie\/#primaryimage"},"image":{"@id":"https:\/\/inzynier.rzeszow.pl\/index.php\/2026\/02\/10\/targi-nowoczesnego-budownictwa-modern-home-14-15-marca-2026-r-hala-podpromie\/#primaryimage"},"thumbnailUrl":"https:\/\/inzynier.rzeszow.pl\/wp-content\/uploads\/2026\/02\/obraz_2026-02-17_083903534.webp","datePublished":"2026-02-10T10:31:16+00:00","dateModified":"2026-04-09T11:43:56+00:00","author":{"@id":"https:\/\/inzynier.rzeszow.pl\/#\/schema\/person\/21ca162d893bdc5760a95d704e9b1e39"},"breadcrumb":{"@id":"https:\/\/inzynier.rzeszow.pl\/index.php\/2026\/02\/10\/targi-nowoczesnego-budownictwa-modern-home-14-15-marca-2026-r-hala-podpromie\/#breadcrumb"},"inLanguage":"pl-PL","potentialAction":[{"@type":"ReadAction","target":["https:\/\/inzynier.rzeszow.pl\/index.php\/2026\/02\/10\/targi-nowoczesnego-budownictwa-modern-home-14-15-marca-2026-r-hala-podpromie\/"]}]},{"@type":"ImageObject","inLanguage":"pl-PL","@id":"https:\/\/inzynier.rzeszow.pl\/index.php\/2026\/02\/10\/targi-nowoczesnego-budownictwa-modern-home-14-15-marca-2026-r-hala-podpromie\/#primaryimage","url":"https:\/\/inzynier.rzeszow.pl\/wp-content\/uploads\/2026\/02\/obraz_2026-02-17_083903534.webp","contentUrl":"https:\/\/inzynier.rzeszow.pl\/wp-content\/uploads\/2026\/02\/obraz_2026-02-17_083903534.webp","width":1200,"height":800},{"@type":"BreadcrumbList","@id":"https:\/\/inzynier.rzeszow.pl\/index.php\/2026\/02\/10\/targi-nowoczesnego-budownictwa-modern-home-14-15-marca-2026-r-hala-podpromie\/#breadcrumb","itemListElement":[{"@type":"ListItem","position":1,"name":"Strona g\u0142\u00f3wna","item":"https:\/\/inzynier.rzeszow.pl\/"},{"@type":"ListItem","position":2,"name":"Targi Nowoczesnego Budownictwa Modern Home &#8211; 14-15 marca 2026 r., Hala Podpromie"}]},{"@type":"WebSite","@id":"https:\/\/inzynier.rzeszow.pl\/#website","url":"https:\/\/inzynier.rzeszow.pl\/","name":"Podkarpacka Okregowa Izba Inzynierow Budownictwa","description":"","potentialAction":[{"@type":"SearchAction","target":{"@type":"EntryPoint","urlTemplate":"https:\/\/inzynier.rzeszow.pl\/?s={search_term_string}"},"query-input":{"@type":"PropertyValueSpecification","valueRequired":true,"valueName":"search_term_string"}}],"inLanguage":"pl-PL"},{"@type":"Person","@id":"https:\/\/inzynier.rzeszow.pl\/#\/schema\/person\/21ca162d893bdc5760a95d704e9b1e39","name":"admin","image":{"@type":"ImageObject","inLanguage":"pl-PL","@id":"https:\/\/secure.gravatar.com\/avatar\/d5d1959f10b94c8abcf928274f8bb5b8c7370b0dfadb0590911bacad18965f21?s=96&d=mm&r=g","url":"https:\/\/secure.gravatar.com\/avatar\/d5d1959f10b94c8abcf928274f8bb5b8c7370b0dfadb0590911bacad18965f21?s=96&d=mm&r=g","contentUrl":"https:\/\/secure.gravatar.com\/avatar\/d5d1959f10b94c8abcf928274f8bb5b8c7370b0dfadb0590911bacad18965f21?s=96&d=mm&r=g","caption":"admin"},"sameAs":["https:\/\/migracja.inzynier.rzeszow.pl"],"url":"https:\/\/inzynier.rzeszow.pl\/index.php\/author\/kwojcik\/"}]}},"rttpg_featured_image_url":{"full":["https:\/\/inzynier.rzeszow.pl\/wp-content\/uploads\/2026\/02\/obraz_2026-02-17_083903534.webp",1200,800,false],"landscape":["https:\/\/inzynier.rzeszow.pl\/wp-content\/uploads\/2026\/02\/obraz_2026-02-17_083903534.webp",1200,800,false],"portraits":["https:\/\/inzynier.rzeszow.pl\/wp-content\/uploads\/2026\/02\/obraz_2026-02-17_083903534.webp",1200,800,false],"thumbnail":["https:\/\/inzynier.rzeszow.pl\/wp-content\/uploads\/2026\/02\/obraz_2026-02-17_083903534-150x150.png",150,150,true],"medium":["https:\/\/inzynier.rzeszow.pl\/wp-content\/uploads\/2026\/02\/obraz_2026-02-17_083903534-300x200.png",300,200,true],"large":["https:\/\/inzynier.rzeszow.pl\/wp-content\/uploads\/2026\/02\/obraz_2026-02-17_083903534-1024x683.webp",1024,683,true],"1536x1536":["https:\/\/inzynier.rzeszow.pl\/wp-content\/uploads\/2026\/02\/obraz_2026-02-17_083903534.webp",1200,800,false],"2048x2048":["https:\/\/inzynier.rzeszow.pl\/wp-content\/uploads\/2026\/02\/obraz_2026-02-17_083903534.webp",1200,800,false]},"rttpg_author":{"display_name":"admin","author_link":"https:\/\/inzynier.rzeszow.pl\/index.php\/author\/kwojcik\/"},"rttpg_comment":0,"rttpg_category":"<a href=\"https:\/\/inzynier.rzeszow.pl\/index.php\/category\/aktualnosci\/\" rel=\"category tag\">Aktualno\u015bci<\/a> <a href=\"https:\/\/inzynier.rzeszow.pl\/index.php\/category\/targi-i-konferencje\/\" rel=\"category tag\">Targi i konferencje<\/a> <a href=\"https:\/\/inzynier.rzeszow.pl\/index.php\/category\/wydarzenia\/\" rel=\"category tag\">Wydarzenia<\/a> <a href=\"https:\/\/inzynier.rzeszow.pl\/index.php\/category\/z-zycia-izby\/\" rel=\"category tag\">Z \u017cycia izby<\/a> <a href=\"https:\/\/inzynier.rzeszow.pl\/index.php\/category\/z-zycia-izby\/z-zycia-izby-rok-2026\/\" rel=\"category tag\">Z \u017cycia izby Rok 2026<\/a>","rttpg_excerpt":"Podkarpacka Okr\u0119gowa Izba In\u017cynier\u00f3w Budownictwa jako partner wydarzenia zaprasza na Targi Nowoczesnego Budownictwa\u00a0Modern Home,\u00a0kt\u00f3re odb\u0119d\u0105 si\u0119\u00a0w dniach 14 &#8211; 15 [&hellip;]","_links":{"self":[{"href":"https:\/\/inzynier.rzeszow.pl\/index.php\/wp-json\/wp\/v2\/posts\/4067","targetHints":{"allow":["GET"]}}],"collection":[{"href":"https:\/\/inzynier.rzeszow.pl\/index.php\/wp-json\/wp\/v2\/posts"}],"about":[{"href":"https:\/\/inzynier.rzeszow.pl\/index.php\/wp-json\/wp\/v2\/types\/post"}],"author":[{"embeddable":true,"href":"https:\/\/inzynier.rzeszow.pl\/index.php\/wp-json\/wp\/v2\/users\/1"}],"replies":[{"embeddable":true,"href":"https:\/\/inzynier.rzeszow.pl\/index.php\/wp-json\/wp\/v2\/comments?post=4067"}],"version-history":[{"count":31,"href":"https:\/\/inzynier.rzeszow.pl\/index.php\/wp-json\/wp\/v2\/posts\/4067\/revisions"}],"predecessor-version":[{"id":8566,"href":"https:\/\/inzynier.rzeszow.pl\/index.php\/wp-json\/wp\/v2\/posts\/4067\/revisions\/8566"}],"wp:featuredmedia":[{"embeddable":true,"href":"https:\/\/inzynier.rzeszow.pl\/index.php\/wp-json\/wp\/v2\/media\/4075"}],"wp:attachment":[{"href":"https:\/\/inzynier.rzeszow.pl\/index.php\/wp-json\/wp\/v2\/media?parent=4067"}],"wp:term":[{"taxonomy":"category","embeddable":true,"href":"https:\/\/inzynier.rzeszow.pl\/index.php\/wp-json\/wp\/v2\/categories?post=4067"},{"taxonomy":"post_tag","embeddable":true,"href":"https:\/\/inzynier.rzeszow.pl\/index.php\/wp-json\/wp\/v2\/tags?post=4067"}],"curies":[{"name":"wp","href":"https:\/\/api.w.org\/{rel}","templated":true}]}}