{"id":3982,"date":"2025-08-24T11:16:06","date_gmt":"2025-08-24T11:16:06","guid":{"rendered":"https:\/\/migracja.inzynier.rzeszow.pl\/?p=3982"},"modified":"2026-04-09T12:48:32","modified_gmt":"2026-04-09T11:48:32","slug":"vi-otwarte-mistrzostwa-pdk-oiib-w-marszu-na-orientacje-2025-r","status":"publish","type":"post","link":"https:\/\/inzynier.rzeszow.pl\/index.php\/2025\/08\/24\/vi-otwarte-mistrzostwa-pdk-oiib-w-marszu-na-orientacje-2025-r\/","title":{"rendered":"VI Otwarte Mistrzostwa PDK OIIB w Marszu na Orientacj\u0119 &#8211; 2025 r."},"content":{"rendered":"\t\t<div data-elementor-type=\"wp-post\" data-elementor-id=\"3982\" class=\"elementor elementor-3982\" data-elementor-post-type=\"post\">\n\t\t\t\t<div class=\"elementor-element elementor-element-4f70bb6 e-flex e-con-boxed e-con e-parent\" data-id=\"4f70bb6\" data-element_type=\"container\" data-e-type=\"container\">\n\t\t\t\t\t<div class=\"e-con-inner\">\n\t\t<div class=\"elementor-element elementor-element-44b5713 e-con-full e-flex e-con e-child\" data-id=\"44b5713\" data-element_type=\"container\" data-e-type=\"container\">\n\t\t\t\t<div class=\"elementor-element elementor-element-f3497ff elementor-widget elementor-widget-image\" data-id=\"f3497ff\" data-element_type=\"widget\" data-e-type=\"widget\" data-widget_type=\"image.default\">\n\t\t\t\t\t\t\t\t\t\t\t\t\t\t\t<img fetchpriority=\"high\" decoding=\"async\" width=\"1024\" height=\"682\" src=\"https:\/\/inzynier.rzeszow.pl\/wp-content\/uploads\/2025\/08\/obraz_2026-02-05_151703987-1024x682.webp\" class=\"attachment-large size-large wp-image-3984\" alt=\"\" srcset=\"https:\/\/inzynier.rzeszow.pl\/wp-content\/uploads\/2025\/08\/obraz_2026-02-05_151703987-1024x682.webp 1024w, https:\/\/inzynier.rzeszow.pl\/wp-content\/uploads\/2025\/08\/obraz_2026-02-05_151703987-300x200.png 300w, https:\/\/inzynier.rzeszow.pl\/wp-content\/uploads\/2025\/08\/obraz_2026-02-05_151703987-768x512.webp 768w, https:\/\/inzynier.rzeszow.pl\/wp-content\/uploads\/2025\/08\/obraz_2026-02-05_151703987-1536x1024.webp 1536w, https:\/\/inzynier.rzeszow.pl\/wp-content\/uploads\/2025\/08\/obraz_2026-02-05_151703987.webp 1920w\" sizes=\"(max-width: 1024px) 100vw, 1024px\" \/>\t\t\t\t\t\t\t\t\t\t\t\t\t\t\t<\/div>\n\t\t\t\t<\/div>\n\t\t<div class=\"elementor-element elementor-element-5c2e3bd e-con-full e-flex e-con e-child\" data-id=\"5c2e3bd\" data-element_type=\"container\" data-e-type=\"container\">\n\t\t\t\t<div class=\"elementor-element elementor-element-d681aaf elementor-widget elementor-widget-text-editor\" data-id=\"d681aaf\" data-element_type=\"widget\" data-e-type=\"widget\" data-widget_type=\"text-editor.default\">\n\t\t\t\t\t\t\t\t\t<p style=\"font-weight: 400;\">23 sierpnia 2025 r. po raz sz\u00f3sty spotkali\u015bmy si\u0119 w Mucznem na Otwartych Mistrzostwach PDK OIIB w Marszu na Orientacj\u0119.<\/p><p style=\"font-weight: 400;\">Przewodnicz\u0105cy Okr\u0119gowej Rady PDK OIIB Grzegorz Dubik wraz z osobami wchodz\u0105cymi w sk\u0142ad prezydium Okr\u0119gowej Rady uroczy\u015bcie powita\u0142 uczestnik\u00f3w i zaprosi\u0142 do wsp\u00f3lnej in\u017cynierskiej sportowej imprezy, a wyruszaj\u0105cym na bieszczadzkie trasy zawodnikom \u017cyczy\u0142 udanej rywalizacji.<\/p><p style=\"font-weight: 400;\">W\u015br\u00f3d przyby\u0142ych go\u015bci Polsk\u0105 Izb\u0119 In\u017cynier\u00f3w Budownictwa reprezentowali:<br \/>&#8211; wiceprezes KR PIIB Mieczys\u0142aw Grodzki b\u0119d\u0105cy r\u00f3wnie\u017c Prezesem Zarz\u0105du Krajowej Rady Sp\u00f3\u0142dzielczej,<br \/>&#8211; wiceprezes KR PIIB Filip Pachla,<br \/>&#8211; sekretarz Krajowej Rady Polskiej Izby In\u017cynier\u00f3w Budownictwa Cezary W\u00f3jcik,<br \/>&#8211; cz\u0142onek prezydium Krajowej Rady Polskiej Izby In\u017cynier\u00f3w Budownictwa Tomasz Radziewski.<br \/><br \/>W gronie go\u015bci byli przedstawiciele Okr\u0119gowych Izb In\u017cynier\u00f3w Budownictwa:<\/p>\t\t\t\t\t\t\t\t<\/div>\n\t\t\t\t<\/div>\n\t\t\t\t\t<\/div>\n\t\t\t\t<\/div>\n\t\t<div class=\"elementor-element elementor-element-9e80422 e-flex e-con-boxed e-con e-parent\" data-id=\"9e80422\" data-element_type=\"container\" data-e-type=\"container\">\n\t\t\t\t\t<div class=\"e-con-inner\">\n\t\t\t\t<div class=\"elementor-element elementor-element-9d40443 elementor-widget elementor-widget-text-editor\" data-id=\"9d40443\" data-element_type=\"widget\" data-e-type=\"widget\" data-widget_type=\"text-editor.default\">\n\t\t\t\t\t\t\t\t\t<p>Joanna Gieroba &#8211; przewodnicz\u0105ca Lubelskiej Okr\u0119gowej Izby,<br \/>Renata Staszak &#8211; przewodnicz\u0105ca Kujawsko- Pomorskiej Okr\u0119gowej Izby,\u00a0<br \/>Ewa Skiba &#8211; przewodnicz\u0105ca \u015awi\u0119tokrzyskiej Okr\u0119gowej Izby,<br \/>Janusz Szczepa\u0144ski &#8211; przewodnicz\u0105cy Dolno\u015bl\u0105skiej Okr\u0119gowej Izby,<br \/>Roman Karwowski &#8211; przewodnicz\u0105cy \u015al\u0105skiej Okr\u0119gowej Izby,<br \/>Jacek Szer &#8211; przewodnicz\u0105cy \u0141\u00f3dzkiej Okr\u0119gowej Izby,<br \/>Miros\u0142aw Boryczko &#8211; przewodnicz\u0105cy Ma\u0142opolskiej Okr\u0119gowej Izby,<br \/>Jaros\u0142aw Kukli\u0144ski &#8211; przewodnicz\u0105cy Warmi\u0144sko-Mazurskiej Okr\u0119gowej Izby,<br \/>Wojciech Por\u0119ba &#8211; przewodnicz\u0105cy Lubuskiej Okr\u0119gowej Izby,<br \/>Krzysztof Ciu\u0144czyk &#8211; przewodnicz\u0105cy Podlaskiej Okr\u0119gowej Izby,<br \/>Krzysztof Wilde &#8211; przewodnicz\u0105cy Pomorskiej Okr\u0119gowej Izby oraz Rektora Politechniki Gda\u0144skiej.<img decoding=\"async\" src=\"https:\/\/inzynier.rzeszow.pl\/download\/konkursy\/2025-08-23_muczne_2.jpg\" width=\"450\" height=\"300\" align=\"right\" border=\"0\" hspace=\"10\" vspace=\"10\" \/><br \/>Robert Respondek &#8211; zast\u0119pca przewodnicz\u0105cego Opolskiej Okr\u0119gowej Izby,<br \/>Adam Korzystka &#8211; zast\u0119pca przewodnicz\u0105cego Wielkopolskiej Okr\u0119gowej Izby,<br \/>Ilona \u0141\u0105cka &#8211; przewodnicz\u0105ca Okr\u0119gowej Komisji Kwalifikacyjnej Mazowieckiej Okr\u0119gowej Izby,<\/p><p>oraz\u00a0<br \/>Marcin Der\u0119gowski &#8211; zast\u0119pca prezydenta Miasta Rzeszowa,<br \/>prof. dr hab. in\u017c. Piotra Koszelnik &#8211; Rektor Politechniki Rzeszowskiej,<br \/>prof. dr hab. in\u017c. Andrzeja Szarata &#8211; Rektor Politechniki Krakowskiej,<br \/>Andrzej Sowa &#8211; Kanclerz Politechniki Rzeszowskiej,<br \/>Marek Grabarz- zast\u0119pca Kanclerza Politechniki Rzeszowskiej,<br \/>Dr in\u017c. Krzysztof Boryczko &#8211; prodziekan ds. Kszta\u0142cenia Politechniki Rzeszowskiej,<br \/>Piotra Mi\u0105so &#8211; Dyrektor Podkarpackiego Zarz\u0105du Dr\u00f3g Wojew\u00f3dzkich w Rzeszowie,<br \/>Marek Ustrobi\u0144ski &#8211; Dyrektor Oddzia\u0142u Rzeszowskiego, Generalnej Dyrekcji Dr\u00f3g Krajowych i Autostrad,<br \/>Edward S\u0142upek &#8211; Cz\u0142onek Zgromadzenia Og\u00f3lnego Krajowej Rady Sp\u00f3\u0142dzielczej, przewodnicz\u0105cy Komisji Sp\u00f3\u0142dzielczo\u015bci Mieszkaniowej, Prezes Sp\u00f3\u0142dzielni Zodiak<br \/>Mateusz Maciejczyk &#8211; Radny Miasta Rzeszowa,<br \/>Ewa Tkacz &#8211; Nadle\u015bniczy z Nadle\u015bnictwa Stuposiany,<br \/>Janusz Krupa &#8211; W\u00f3jt Gminy Lutowiska.<\/p>\t\t\t\t\t\t\t\t<\/div>\n\t\t\t\t\t<\/div>\n\t\t\t\t<\/div>\n\t\t<div class=\"elementor-element elementor-element-8a9efad e-flex e-con-boxed e-con e-parent\" data-id=\"8a9efad\" data-element_type=\"container\" data-e-type=\"container\">\n\t\t\t\t\t<div class=\"e-con-inner\">\n\t\t<div class=\"elementor-element elementor-element-2e1fcc8 e-con-full e-flex e-con e-child\" data-id=\"2e1fcc8\" data-element_type=\"container\" data-e-type=\"container\">\n\t\t\t\t<div class=\"elementor-element elementor-element-3515672 elementor-widget elementor-widget-image\" data-id=\"3515672\" data-element_type=\"widget\" data-e-type=\"widget\" data-widget_type=\"image.default\">\n\t\t\t\t\t\t\t\t\t\t\t\t\t\t\t<img decoding=\"async\" width=\"1024\" height=\"682\" src=\"https:\/\/inzynier.rzeszow.pl\/wp-content\/uploads\/2025\/08\/obraz_2026-02-05_151817899-1024x682.webp\" class=\"attachment-large size-large wp-image-3985\" alt=\"\" srcset=\"https:\/\/inzynier.rzeszow.pl\/wp-content\/uploads\/2025\/08\/obraz_2026-02-05_151817899-1024x682.webp 1024w, https:\/\/inzynier.rzeszow.pl\/wp-content\/uploads\/2025\/08\/obraz_2026-02-05_151817899-300x200.png 300w, https:\/\/inzynier.rzeszow.pl\/wp-content\/uploads\/2025\/08\/obraz_2026-02-05_151817899-768x512.webp 768w, https:\/\/inzynier.rzeszow.pl\/wp-content\/uploads\/2025\/08\/obraz_2026-02-05_151817899-1536x1024.webp 1536w, https:\/\/inzynier.rzeszow.pl\/wp-content\/uploads\/2025\/08\/obraz_2026-02-05_151817899.webp 1920w\" sizes=\"(max-width: 1024px) 100vw, 1024px\" \/>\t\t\t\t\t\t\t\t\t\t\t\t\t\t\t<\/div>\n\t\t\t\t<\/div>\n\t\t<div class=\"elementor-element elementor-element-7d5e5ac e-con-full e-flex e-con e-child\" data-id=\"7d5e5ac\" data-element_type=\"container\" data-e-type=\"container\">\n\t\t\t\t<div class=\"elementor-element elementor-element-4fa5d80 elementor-widget elementor-widget-text-editor\" data-id=\"4fa5d80\" data-element_type=\"widget\" data-e-type=\"widget\" data-widget_type=\"text-editor.default\">\n\t\t\t\t\t\t\t\t\t<p><strong>Patronatem honorowym wydarzenie obj\u0119\u0142y:<br \/><\/strong>&#8211; Polska Izba In\u017cynier\u00f3w Budownictwa &#8211; Prezes Mariusz Dobrzeniecki<br \/>&#8211; Wojewoda Podkarpacki &#8211; Teresa Kubas-Hul<br \/>&#8211; Marsza\u0142ek Wojew\u00f3dztwa Podkarpackiego &#8211; W\u0142adys\u0142aw Ortyl<br \/>&#8211; Prezydent Miasta Rzeszowa &#8211; Konrad Fijo\u0142ek<br \/>&#8211; Rektor Politechniki Rzeszowskiej &#8211; prof. dr hab. in\u017c. Piotr Koszelnik\u00a0<br \/>&#8211; Gmina Lutowiska &#8211; W\u00f3jt Janusz Krupa<br \/>&#8211; Nadle\u015bnictwo Stuposiany &#8211; Nadle\u015bniczy Ewa Tkacz<br \/>&#8211; Podkarpacki Zarz\u0105d Dr\u00f3g Wojew\u00f3dzkich &#8211; Dyrektor Piotr Mi\u0105so<\/p><p><strong>Partnerami wydarzenia byli:<br \/><\/strong>Generalna Dyrekcja Dr\u00f3g Krajowych i Autostrad &#8211; Dyrektor Marek Ustrobi\u0144ski, oraz PZU Sport.<\/p><p>\u00a0<\/p>\t\t\t\t\t\t\t\t<\/div>\n\t\t\t\t<\/div>\n\t\t\t\t\t<\/div>\n\t\t\t\t<\/div>\n\t\t<div class=\"elementor-element elementor-element-52d77df e-flex e-con-boxed e-con e-parent\" data-id=\"52d77df\" data-element_type=\"container\" data-e-type=\"container\">\n\t\t\t\t\t<div class=\"e-con-inner\">\n\t\t\t\t<div class=\"elementor-element elementor-element-de1ea6e elementor-widget elementor-widget-text-editor\" data-id=\"de1ea6e\" data-element_type=\"widget\" data-e-type=\"widget\" data-widget_type=\"text-editor.default\">\n\t\t\t\t\t\t\t\t\t<p><strong>Patronat Medialny obj\u0119\u0142y:<br \/><\/strong>Wydawnictwo Polskiej Izby In\u017cynier\u00f3w Budownictwa, KORSO 24.pl Podkarpacie, poradnikbudowlany.eu, wBieszczady.pl, czytajRzeszow.pl, BIZNESiSTYL.pl, Gazeta codzienna Nowiny, NOWINY24.pl, Polskie Radio Rzesz\u00f3w, TVP 3 Rzesz\u00f3w.<\/p><p>W\u015br\u00f3d sponsor\u00f3w i partner\u00f3w wydarzenia znalaz\u0142y si\u0119 zar\u00f3wno zupe\u0142nie nowe firmy, jak i te, kt\u00f3re ju\u017c wspiera\u0142y nas w poprzednich edycjach.<\/p><p>W tym roku nasza impreza zgromadzi\u0142a w Mucznem 573 osoby, a na starcie stan\u0119\u0142o 500 uczestnik\u00f3w w tym 123 dzieci.<br \/>Marsz na Orientacj\u0119 zosta\u0142 rozegrany w 5 kategoriach: Okr\u0119gowe Izby In\u017cynier\u00f3w Budownictwa, Firmy budowlane i Sponsorzy, OPEN i Rodzinna w dw\u00f3ch kategoriach: dzieci do lat 10 i od 10 lat do 16 lat i po raz pierwszy w tej edycji marszu w kategorii Studenci. \u00a0<\/p><p><img loading=\"lazy\" decoding=\"async\" src=\"https:\/\/inzynier.rzeszow.pl\/download\/z_zycia\/reprezentacja_pdk_oiib_25.jpg\" width=\"278\" height=\"370\" align=\"left\" border=\"0\" hspace=\"10\" vspace=\"10\" \/>Zanim uczestnicy wyruszyli na tras\u0119 marszu na orientacj\u0119, PZU Sport zorganizowa\u0142 profesjonaln\u0105 rozgrzewk\u0119 dla uczestnik\u00f3w. Dzi\u0119ki niej zawodnicy nabrali energii i byli w pe\u0142ni gotowi na sportowe wyzwania!\u00a0\u00a0<br \/><br \/>Na tras\u0119 wysz\u0142o:<br \/>&#8211; 19 dwuosobowych za\u0142\u00f3g z 10 Okr\u0119gowych Izb In\u017cynier\u00f3w Budownictwa,<br \/>&#8211; 66 za\u0142\u00f3g dwuosobowych wystawionych przez Firmy budowlane i Sponsor\u00f3w,<br \/>&#8211; 45 za\u0142\u00f3g w kategorii OPEN,<br \/>&#8211; 35 za\u0142ogi w kategorii Rodzinna: do lat 10,<br \/>&#8211; 25 za\u0142\u00f3g w kategorii Rodzinna: od 10 lat do 16 lat,<br \/>&#8211; 2 za\u0142ogi w kategorii Studenci.<\/p>\t\t\t\t\t\t\t\t<\/div>\n\t\t\t\t\t<\/div>\n\t\t\t\t<\/div>\n\t\t<div class=\"elementor-element elementor-element-4c5351a e-flex e-con-boxed e-con e-parent\" data-id=\"4c5351a\" data-element_type=\"container\" data-e-type=\"container\">\n\t\t\t\t\t<div class=\"e-con-inner\">\n\t\t<div class=\"elementor-element elementor-element-46ae551 e-con-full e-flex e-con e-child\" data-id=\"46ae551\" data-element_type=\"container\" data-e-type=\"container\">\n\t\t\t\t<div class=\"elementor-element elementor-element-b805eb6 elementor-widget elementor-widget-image\" data-id=\"b805eb6\" data-element_type=\"widget\" data-e-type=\"widget\" data-widget_type=\"image.default\">\n\t\t\t\t\t\t\t\t\t\t\t\t\t\t\t<img loading=\"lazy\" decoding=\"async\" width=\"1024\" height=\"682\" src=\"https:\/\/inzynier.rzeszow.pl\/wp-content\/uploads\/2025\/08\/obraz_2026-02-05_151936783-1024x682.webp\" class=\"attachment-large size-large wp-image-3986\" alt=\"\" srcset=\"https:\/\/inzynier.rzeszow.pl\/wp-content\/uploads\/2025\/08\/obraz_2026-02-05_151936783-1024x682.webp 1024w, https:\/\/inzynier.rzeszow.pl\/wp-content\/uploads\/2025\/08\/obraz_2026-02-05_151936783-300x200.png 300w, https:\/\/inzynier.rzeszow.pl\/wp-content\/uploads\/2025\/08\/obraz_2026-02-05_151936783-768x512.webp 768w, https:\/\/inzynier.rzeszow.pl\/wp-content\/uploads\/2025\/08\/obraz_2026-02-05_151936783-1536x1024.webp 1536w, https:\/\/inzynier.rzeszow.pl\/wp-content\/uploads\/2025\/08\/obraz_2026-02-05_151936783.webp 1920w\" sizes=\"(max-width: 1024px) 100vw, 1024px\" \/>\t\t\t\t\t\t\t\t\t\t\t\t\t\t\t<\/div>\n\t\t\t\t<\/div>\n\t\t<div class=\"elementor-element elementor-element-00a1cdf e-con-full e-flex e-con e-child\" data-id=\"00a1cdf\" data-element_type=\"container\" data-e-type=\"container\">\n\t\t\t\t<div class=\"elementor-element elementor-element-5c9a57c elementor-widget elementor-widget-text-editor\" data-id=\"5c9a57c\" data-element_type=\"widget\" data-e-type=\"widget\" data-widget_type=\"text-editor.default\">\n\t\t\t\t\t\t\t\t\t<p>W oczekiwaniu na powr\u00f3t zawodnik\u00f3w mo\u017cna by\u0142o skorzysta\u0107 z licznych atrakcji takich jak tyrolka, dmucha\u0144ce dla dzieci, strzelanie do celu, gry i zabawy, przejazd busem do zagrody \u017cubr\u00f3w, zwiedzanie muzeum fauny i flory przy CPL, stoisko edukacyjne Nadle\u015bnictwa Stuposiany, euro bungy, malowanie twarzy, stanowisko zaplatania kolorowych warkoczyk\u00f3w i chodz\u0105ca maskotka.<\/p><p>Nie zabrak\u0142o rozgrywek sportowych: przeci\u0105ganie liny, spacer farmera, rzutki oraz limbo. Mo\u017cna by\u0142o skorzysta\u0107 z opieki fizjoterapeut\u00f3w w miasteczku zdrowia i zrobi\u0107 pami\u0105tkowe zdj\u0119cie w fotobudkach.<br \/>Odby\u0142y si\u0119 spotkania autorskie z Kazimierzem N\u00f3\u017ck\u0105 dla zaproszonych go\u015bci i uczestnik\u00f3w (aula w CPL), kt\u00f3ry jest jednym z najbardziej rozpoznawanych w le\u015bnik\u00f3w w naszym kraju. Publikowane przez niego filmy i zdj\u0119cia, przedstawiaj\u0105ce \u017cycie bieszczadzkich las\u00f3w, ciesz\u0105 si\u0119 ogromnym zainteresowaniem w\u015br\u00f3d internaut\u00f3w. Jest te\u017c wsp\u00f3\u0142autorem ksi\u0105\u017cek o tematyce dotykaj\u0105cej zawodu le\u015bnika, pracy w lesie, ludzi Bieszczad\u00f3w oraz pi\u0119kna przyrody bieszczadzkich las\u00f3w. Jest zwi\u0105zany z lasem od ponad 50 lat.<\/p>\t\t\t\t\t\t\t\t<\/div>\n\t\t\t\t<\/div>\n\t\t\t\t\t<\/div>\n\t\t\t\t<\/div>\n\t\t<div class=\"elementor-element elementor-element-a5128dd e-flex e-con-boxed e-con e-parent\" data-id=\"a5128dd\" data-element_type=\"container\" data-e-type=\"container\">\n\t\t\t\t\t<div class=\"e-con-inner\">\n\t\t<div class=\"elementor-element elementor-element-0941ea3 e-con-full e-flex e-con e-child\" data-id=\"0941ea3\" data-element_type=\"container\" data-e-type=\"container\">\n\t\t\t\t<div class=\"elementor-element elementor-element-474581d elementor-widget elementor-widget-image\" data-id=\"474581d\" data-element_type=\"widget\" data-e-type=\"widget\" data-widget_type=\"image.default\">\n\t\t\t\t\t\t\t\t\t\t\t\t\t\t\t<img loading=\"lazy\" decoding=\"async\" width=\"1024\" height=\"682\" src=\"https:\/\/inzynier.rzeszow.pl\/wp-content\/uploads\/2025\/08\/obraz_2026-02-05_152008812-1024x682.webp\" class=\"attachment-large size-large wp-image-3987\" alt=\"\" srcset=\"https:\/\/inzynier.rzeszow.pl\/wp-content\/uploads\/2025\/08\/obraz_2026-02-05_152008812-1024x682.webp 1024w, https:\/\/inzynier.rzeszow.pl\/wp-content\/uploads\/2025\/08\/obraz_2026-02-05_152008812-300x200.png 300w, https:\/\/inzynier.rzeszow.pl\/wp-content\/uploads\/2025\/08\/obraz_2026-02-05_152008812-768x512.webp 768w, https:\/\/inzynier.rzeszow.pl\/wp-content\/uploads\/2025\/08\/obraz_2026-02-05_152008812-1536x1024.webp 1536w, https:\/\/inzynier.rzeszow.pl\/wp-content\/uploads\/2025\/08\/obraz_2026-02-05_152008812.webp 1920w\" sizes=\"(max-width: 1024px) 100vw, 1024px\" \/>\t\t\t\t\t\t\t\t\t\t\t\t\t\t\t<\/div>\n\t\t\t\t<\/div>\n\t\t<div class=\"elementor-element elementor-element-9a447fa e-con-full e-flex e-con e-child\" data-id=\"9a447fa\" data-element_type=\"container\" data-e-type=\"container\">\n\t\t\t\t<div class=\"elementor-element elementor-element-f04b2a5 elementor-widget elementor-widget-text-editor\" data-id=\"f04b2a5\" data-element_type=\"widget\" data-e-type=\"widget\" data-widget_type=\"text-editor.default\">\n\t\t\t\t\t\t\t\t\t<p><strong><a href=\"https:\/\/inzynier.rzeszow.pl\/download\/konkursy\/2025_Mistrzostwa_Marsz_Orientacja.pdf\" target=\"_blank\" rel=\"noopener\">Wyniki Marszu na Orientacj\u0119 2025 &gt;&gt;<\/a>\u00a0\u00a0\u00a0<\/strong><\/p><p><strong>w kategorii &#8211; Okr\u0119gowe Izby In\u017cynier\u00f3w Budownictwa<br \/><\/strong>&#8211; I miejsce &#8211; za\u0142oga Ma\u0142opolska OIIB &#8211; Maria Wala\u015b, Waldemar Wala\u015b<br \/>&#8211; II miejsce &#8211; za\u0142oga Podkarpacka OIIB &#8211; Wojciech Kalandyk, Dawid G\u0142\u00f3d<br \/>&#8211; III miejsce &#8211; za\u0142oga Mazowiecka OIIB &#8211; Micha\u0142 Boros, Mateusz Jurczyk<\/p><p><strong>w kategorii &#8211; Firmy budowlane i Sponsorzy<\/strong><br \/>&#8211; I miejsce &#8211; \u0141ukasz Le\u015b, Kamil Rewucha &#8211; ADAMIETZ<br \/>&#8211; II miejsce &#8211; \u00a0Jakub Kosek, Jakub Miko\u0142ajczak, Edgar Kacperski &#8211; STRABAG<br \/>&#8211; III miejsce &#8211; Dariusz Oboza, Artur Wysocki, Ewelina Reizer &#8211; PROMOST<\/p><p><strong>w kategorii &#8211; OPEN<\/strong><br \/>&#8211; I miejsce &#8211; \u0141ukasz Szarek, Gerard Jaszak<br \/>&#8211; II miejsce &#8211; Ma\u0142gorzata Dec, Dawid Dec<br \/>&#8211; III miejsce &#8211; Katarzyna Jamro\u017cy, Pawe\u0142 \u015awider<\/p>\t\t\t\t\t\t\t\t<\/div>\n\t\t\t\t<\/div>\n\t\t\t\t\t<\/div>\n\t\t\t\t<\/div>\n\t\t<div class=\"elementor-element elementor-element-e06ccce e-flex e-con-boxed e-con e-parent\" data-id=\"e06ccce\" data-element_type=\"container\" data-e-type=\"container\">\n\t\t\t\t\t<div class=\"e-con-inner\">\n\t\t<div class=\"elementor-element elementor-element-fcf44ad e-con-full e-flex e-con e-child\" data-id=\"fcf44ad\" data-element_type=\"container\" data-e-type=\"container\">\n\t\t\t\t<div class=\"elementor-element elementor-element-7d4f58c elementor-widget elementor-widget-image\" data-id=\"7d4f58c\" data-element_type=\"widget\" data-e-type=\"widget\" data-widget_type=\"image.default\">\n\t\t\t\t\t\t\t\t\t\t\t\t\t\t\t<img loading=\"lazy\" decoding=\"async\" width=\"1024\" height=\"682\" src=\"https:\/\/inzynier.rzeszow.pl\/wp-content\/uploads\/2025\/08\/obraz_2026-02-05_152017245-1024x682.webp\" class=\"attachment-large size-large wp-image-3988\" alt=\"\" srcset=\"https:\/\/inzynier.rzeszow.pl\/wp-content\/uploads\/2025\/08\/obraz_2026-02-05_152017245-1024x682.webp 1024w, https:\/\/inzynier.rzeszow.pl\/wp-content\/uploads\/2025\/08\/obraz_2026-02-05_152017245-300x200.png 300w, https:\/\/inzynier.rzeszow.pl\/wp-content\/uploads\/2025\/08\/obraz_2026-02-05_152017245-768x512.webp 768w, https:\/\/inzynier.rzeszow.pl\/wp-content\/uploads\/2025\/08\/obraz_2026-02-05_152017245-1536x1024.webp 1536w, https:\/\/inzynier.rzeszow.pl\/wp-content\/uploads\/2025\/08\/obraz_2026-02-05_152017245.webp 1920w\" sizes=\"(max-width: 1024px) 100vw, 1024px\" \/>\t\t\t\t\t\t\t\t\t\t\t\t\t\t\t<\/div>\n\t\t\t\t<\/div>\n\t\t<div class=\"elementor-element elementor-element-ad4c845 e-con-full e-flex e-con e-child\" data-id=\"ad4c845\" data-element_type=\"container\" data-e-type=\"container\">\n\t\t\t\t<div class=\"elementor-element elementor-element-d21f4e0 elementor-widget elementor-widget-text-editor\" data-id=\"d21f4e0\" data-element_type=\"widget\" data-e-type=\"widget\" data-widget_type=\"text-editor.default\">\n\t\t\t\t\t\t\t\t\t<p><strong>w kategorii &#8211; Rodzinna do lat 10<\/strong><br \/>&#8211; I miejsce &#8211; Ryszard Kempa, Monika Kempa,\u00a0 Matylda Kempa, Helena J\u0119drzejek, Karol Kempa<br \/>&#8211; II miejsce &#8211; Szymon Ryciuk, Kaja Bielak-Ryciuk, Mirela Ryciuk, Bianka Ryciuk<br \/>&#8211; III miejsce &#8211; Tomasz Kulpa, Barbara Kulpa, Paulina Kulpa, Gabriela Kulpa<\/p><p><strong>w kategorii &#8211; Rodzinna od lat 10 do lat 16<\/strong><br \/>&#8211; I miejsce &#8211; Mariusz Sroczy\u0144ski, Wilhelmina Sroczy\u0144ska, Oskar Sroczy\u0144ski, Blanka Sroczy\u0144ska<br \/>&#8211; II miejsce &#8211; Adam Drapa\u0142a, Bartosz Drapa\u0142a, Piotr Drapa\u0142a<br \/>&#8211; III miejsce &#8211; Iwona Warzybok, Dawid Warzybok, Micha\u0142 Warzybok<\/p><p><strong>w kategorii &#8211; Studenci<br \/><\/strong>&#8211; I miejsce &#8211; Adriana Dubik, Kamil Stelmaszczyk<br \/>&#8211; II miejsce &#8211; Urszula Domaga\u0142a, Tomasz Malinowski<br \/><br \/>Nagrod\u0119 dla najm\u0142odszego uczestnika zawod\u00f3w ufundowa\u0142a firma Nasza drukarnia dzi\u0119ki kt\u00f3rej uczestnicy zostali wyposa\u017ceni w mapy z przebiegiem trasy Marszu na Orientacj\u0119. Nagrod\u0119 dla najm\u0142odszego uczestnika otrzyma\u0142a roczna Oliwia.<\/p>\t\t\t\t\t\t\t\t<\/div>\n\t\t\t\t<\/div>\n\t\t\t\t\t<\/div>\n\t\t\t\t<\/div>\n\t\t<div class=\"elementor-element elementor-element-aff7ca1 e-flex e-con-boxed e-con e-parent\" data-id=\"aff7ca1\" data-element_type=\"container\" data-e-type=\"container\">\n\t\t\t\t\t<div class=\"e-con-inner\">\n\t\t\t\t<div class=\"elementor-element elementor-element-5fd3c57 elementor-widget elementor-widget-text-editor\" data-id=\"5fd3c57\" data-element_type=\"widget\" data-e-type=\"widget\" data-widget_type=\"text-editor.default\">\n\t\t\t\t\t\t\t\t\t<p>Dzi\u0119kujemy za olbrzymi wk\u0142ad w organizacj\u0119 imprezy zast\u0119pcy przewodnicz\u0105cego Okr\u0119gowej Rady PDK OIIB Wac\u0142awowi Kami\u0144skiemu, kt\u00f3ry wspomaga\u0142 dzia\u0142ania Zespo\u0142u ds. Promocji i Integracji na czele z jego przewodnicz\u0105cym \u0141ukaszem Ze\u0144ko oraz pracownikom biura PDK OIIB odpowiedzialnym za organizacj\u0119 imprezy.<\/p><table border=\"0\" width=\"100%\"><tbody><tr><td><img loading=\"lazy\" decoding=\"async\" src=\"https:\/\/inzynier.rzeszow.pl\/download\/konkursy\/medal_1.jpg\" width=\"180\" height=\"240\" border=\"0\" \/>\u00a0<img loading=\"lazy\" decoding=\"async\" src=\"https:\/\/inzynier.rzeszow.pl\/download\/konkursy\/medal_2.jpg\" width=\"180\" height=\"240\" border=\"0\" \/><\/td><td>\u00a0<\/td><td><strong>Pami\u0105tkowe medale &#8211; Mi\u0119dzynarodowy Rok Sp\u00f3\u0142dzielczo\u015bci 2025.<\/strong><br \/>Mi\u0142ym akcentem podczas wydarzenia by\u0142o wr\u0119czenie przez wiceprezesa KR PIIB Mieczys\u0142awa Grodzkiego b\u0119d\u0105cego r\u00f3wnie\u017c Prezesem Zarz\u0105du Krajowej Rady Sp\u00f3\u0142dzielczej oraz Edwarda S\u0142upka Cz\u0142onka Zgromadzenia Og\u00f3lnego Krajowej Rady Sp\u00f3\u0142dzielczej, przewodnicz\u0105cego Komisji Sp\u00f3\u0142dzielczo\u015bci Mieszkaniowej, Prezesa Sp\u00f3\u0142dzielni Zodiak w Rzeszowie pami\u0105tkowych medali przewodnicz\u0105cemu OR PDK OIIB Grzegorzowi Dubikowi i zast\u0119pcy przewodnicz\u0105cego OR PDK OIIB Wac\u0142awowi Kami\u0144skiemu.\u00a0<br \/>Organizacja Narod\u00f3w Zjednoczonych ustanowi\u0142a rok 2025 Mi\u0119dzynarodowym Rokiem Sp\u00f3\u0142dzielczo\u015bci.<br \/>W roku 2025 przypada 100-lecie obchod\u00f3w Dnia Sp\u00f3\u0142dzielczo\u015bci i jest obchodzony na ca\u0142ym \u015bwiecie pod has\u0142em \u201eSp\u00f3\u0142dzielnie buduj\u0105 lepszy \u015bwiat&#8221;. Jest to rok na rzecz promowania sp\u00f3\u0142dzielczo\u015bci oraz do podnoszenia w spo\u0142ecznych kr\u0119gach \u015bwiadomo\u015bci na temat jej znaczenia.<br \/>\u00a0\u00a0<\/td><\/tr><tr><td><strong><br \/><\/strong><img loading=\"lazy\" decoding=\"async\" src=\"https:\/\/inzynier.rzeszow.pl\/download\/konkursy\/2025-09-01_toyota_.jpg\" width=\"280\" height=\"187\" align=\"left\" border=\"0\" hspace=\"5\" vspace=\"5\" \/><strong><br \/><br \/>Dakar Toyota Rzesz\u00f3w i Lexus Rzesz\u00f3w\u00a0<\/strong>byli fundatorami dw\u00f3ch samochod\u00f3w na weekend dla pierwszego miejsca w kategorii OPEN.<br \/><br \/><br \/><\/td><td>\u00a0<\/td><td><img loading=\"lazy\" decoding=\"async\" src=\"https:\/\/inzynier.rzeszow.pl\/download\/konkursy\/nasza_drukarnia_25.jpg\" width=\"165\" height=\"220\" align=\"left\" border=\"0\" hspace=\"5\" vspace=\"5\" \/><br \/><br \/><br \/><br \/><br \/><br \/><strong>Nasza drukarnia<\/strong>\u00a0fundatorem nagrody dla najm\u0142odszego uczestnika.\u00a0\u00a0<\/td><\/tr><tr><td><img loading=\"lazy\" decoding=\"async\" src=\"https:\/\/inzynier.rzeszow.pl\/download\/konkursy\/Foto_Budka_Muczne_25.png\" width=\"280\" height=\"187\" align=\"right\" border=\"0\" \/>\u00a0<\/td><td>\u00a0<\/td><td>\u00a0<span class=\"x193iq5w xeuugli x13faqbe x1vvkbs x1xmvt09 x1lliihq x1s928wv xhkezso x1gmr53x x1cpjm7i x1fgarty x1943h6x xudqn12 x3x7a5m x1f6kntn xvq8zen xo1l8bm xzsf02u x1yc453h\">Magiczne chwile i rado\u015b\u0107 uczestnik\u00f3w Marszu na Orientacj\u0119 perfekcyjnie utrwali\u0142a ekipa\u00a0<strong><span class=\"html-span xdj266r x14z9mp xat24cr x1lziwak xexx8yu xyri2b x18d9i69 x1c1uobl x1hl2dhg x16tdsg8 x1vvkbs\"><a href=\"https:\/\/www.facebook.com\/rzeszowfotobudka?__cft__[0]=AZUb3-8DqWSOi_uF7uvOOg0pXA4gI-FvyRIwyb6pnvhRD30012irQXoiMNK_X8Np6fJ3eANHyrRxxaRCGu0KiYPAWgOjF397CWWMQ-CNnsHLJExFm-cHJPYILe0uNJudIfBQRbSiRg37zvOdlJuM61Ss&amp;__tn__=-]K-R\" target=\"_blank\" rel=\"noopener\"><span class=\"xt0psk2\"><span class=\"xjp7ctv\">Fotobudka-Rzesz\u00f3w<\/span><\/span><\/a><\/span>\u00a0<span class=\"html-span xdj266r x14z9mp xat24cr x1lziwak xexx8yu xyri2b x18d9i69 x1c1uobl x1hl2dhg x16tdsg8 x1vvkbs\"><a href=\"https:\/\/www.facebook.com\/profile.php?id=100057360433848&amp;__cft__[0]=AZUb3-8DqWSOi_uF7uvOOg0pXA4gI-FvyRIwyb6pnvhRD30012irQXoiMNK_X8Np6fJ3eANHyrRxxaRCGu0KiYPAWgOjF397CWWMQ-CNnsHLJExFm-cHJPYILe0uNJudIfBQRbSiRg37zvOdlJuM61Ss&amp;__tn__=-]K-R\" target=\"_blank\" rel=\"noopener\"><span class=\"xt0psk2\"><span class=\"xjp7ctv\">360Fotobudka Rzesz\u00f3w<\/span><\/span><\/a><\/span><\/strong>\u00a0! To ju\u017c tradycja, \u017ce stoj\u0105 z nami rami\u0119 w rami\u0119, uwieczniaj\u0105c kluczowe momenty naszych wydarze\u0144. Ich fotografie i fotobudka360, to prawdziwe historie pe\u0142ne emocji, kt\u00f3re idealnie podsumowuj\u0105 radosny czas, do kt\u00f3rych mo\u017cna wraca\u0107 przez lata.<\/span><\/td><\/tr><tr><td colspan=\"3\"><p><img loading=\"lazy\" decoding=\"async\" src=\"https:\/\/inzynier.rzeszow.pl\/download\/konkursy\/Foto_muczne_KKulpa.JPG\" width=\"240\" height=\"218\" align=\"right\" border=\"0\" hspace=\"10\" vspace=\"10\" \/><br \/><strong><br \/><a href=\"https:\/\/www.facebook.com\/PodkarpackaOIIB\/posts\/pfbid02karXhLvES21AMhHPFiWVfTwTtQLD1nFHep6fxHK7cUSyJR3CdmtUyM1bhDEUNMhLl\" target=\"_blank\" rel=\"noopener\"><br \/><br \/><br \/><br \/>Galeria fotograficzna VI Otwarte Mistrzostwa PDK OIIB w Marszu na Orientacj\u0119 &#8211; 23.08.2025 r. &gt;&gt;<\/a>\u00a0<\/strong>\u00a0<strong>fot.: Kamil Kulpa<\/strong><br \/><br \/>Zobaczcie najlepsze kadry z tego wyj\u0105tkowego dnia. Kogo nie ma &#8211; no c\u00f3\u017c przyje\u017cd\u017ca za rok! Poprawimy si\u0119 !\u00a0<br \/>Wi\u0119ksza ilo\u015b\u0107 do pobrania:\u00a0<a href=\"https:\/\/gofile.me\/68cFk\/yXkpxqM9p\" target=\"_blank\" rel=\"noopener\">https:\/\/gofile.me\/68cFk\/yXkpxqM9p<\/a><\/p><\/td><\/tr><\/tbody><\/table>\t\t\t\t\t\t\t\t<\/div>\n\t\t\t\t\t<\/div>\n\t\t\t\t<\/div>\n\t\t<div class=\"elementor-element elementor-element-0b499ba e-flex e-con-boxed e-con e-parent\" data-id=\"0b499ba\" data-element_type=\"container\" data-e-type=\"container\">\n\t\t\t\t\t<div class=\"e-con-inner\">\n\t\t<div class=\"elementor-element elementor-element-eb35ab3 e-con-full e-flex e-con e-child\" data-id=\"eb35ab3\" data-element_type=\"container\" data-e-type=\"container\">\n\t\t\t\t<div class=\"elementor-element elementor-element-d104916 elementor-widget elementor-widget-video\" data-id=\"d104916\" data-element_type=\"widget\" data-e-type=\"widget\" data-settings=\"{&quot;youtube_url&quot;:&quot;https:\\\/\\\/youtu.be\\\/XRyYyOwM-a4?si=Ln-okTpujP2piC3e&quot;,&quot;video_type&quot;:&quot;youtube&quot;,&quot;controls&quot;:&quot;yes&quot;}\" data-widget_type=\"video.default\">\n\t\t\t\t\t\t\t<div class=\"elementor-wrapper elementor-open-inline\">\n\t\t\t<div class=\"elementor-video\"><\/div>\t\t<\/div>\n\t\t\t\t\t\t<\/div>\n\t\t\t\t<\/div>\n\t\t<div class=\"elementor-element elementor-element-9a81fd3 e-con-full e-flex e-con e-child\" data-id=\"9a81fd3\" data-element_type=\"container\" data-e-type=\"container\">\n\t\t\t\t<div class=\"elementor-element elementor-element-fb9c6c2 elementor-widget elementor-widget-text-editor\" data-id=\"fb9c6c2\" data-element_type=\"widget\" data-e-type=\"widget\" data-widget_type=\"text-editor.default\">\n\t\t\t\t\t\t\t\t\t<p>Zapraszamy do obejrzenia relacji filmowej z VI Otwartych Mistrzostw PDK OIIB w Marszu na Orientacj\u0119 &#8211; 2025 r.<br \/><strong>Realizacja: \u0141ABUDZKI Projekt<\/strong><br \/><strong><a href=\"https:\/\/youtu.be\/XRyYyOwM-a4?si=Ln-okTpujP2piC3e\">wi\u0119cej&gt;&gt;<\/a><\/strong><\/p>\t\t\t\t\t\t\t\t<\/div>\n\t\t\t\t<\/div>\n\t\t\t\t\t<\/div>\n\t\t\t\t<\/div>\n\t\t<div class=\"elementor-element elementor-element-463a63b e-flex e-con-boxed e-con e-parent\" data-id=\"463a63b\" data-element_type=\"container\" data-e-type=\"container\">\n\t\t\t\t\t<div class=\"e-con-inner\">\n\t\t<div class=\"elementor-element elementor-element-de59b19 e-con-full e-flex e-con e-child\" data-id=\"de59b19\" data-element_type=\"container\" data-e-type=\"container\">\n\t\t\t\t<div class=\"elementor-element elementor-element-4fde6d3 elementor-widget elementor-widget-image\" data-id=\"4fde6d3\" data-element_type=\"widget\" data-e-type=\"widget\" data-widget_type=\"image.default\">\n\t\t\t\t\t\t\t\t\t\t\t\t\t\t\t\t<a href=\"https:\/\/www.facebook.com\/PodkarpackaOIIB\/posts\/pfbid029g6U9Xje4n7v1PEFPzoyj5qYjgM7AT61XtjkuqSNaEpQ5BZvUSFSRKNbHLQh3t3ml\" target=\"_blank\">\n\t\t\t\t\t\t\t<img loading=\"lazy\" decoding=\"async\" width=\"604\" height=\"760\" src=\"https:\/\/inzynier.rzeszow.pl\/wp-content\/uploads\/2025\/08\/obraz_2026-02-05_152315360.webp\" class=\"attachment-large size-large wp-image-3989\" alt=\"\" srcset=\"https:\/\/inzynier.rzeszow.pl\/wp-content\/uploads\/2025\/08\/obraz_2026-02-05_152315360.webp 604w, https:\/\/inzynier.rzeszow.pl\/wp-content\/uploads\/2025\/08\/obraz_2026-02-05_152315360-238x300.png 238w\" sizes=\"(max-width: 604px) 100vw, 604px\" \/>\t\t\t\t\t\t\t\t<\/a>\n\t\t\t\t\t\t\t\t\t\t\t\t\t\t\t<\/div>\n\t\t\t\t<\/div>\n\t\t<div class=\"elementor-element elementor-element-ef1e04e e-con-full e-flex e-con e-child\" data-id=\"ef1e04e\" data-element_type=\"container\" data-e-type=\"container\">\n\t\t\t\t<div class=\"elementor-element elementor-element-3b1cdd3 elementor-widget elementor-widget-image\" data-id=\"3b1cdd3\" data-element_type=\"widget\" data-e-type=\"widget\" data-widget_type=\"image.default\">\n\t\t\t\t\t\t\t\t\t\t\t\t\t\t\t\t<a href=\"https:\/\/www.facebook.com\/PodkarpackaOIIB\/posts\/pfbid0SCJhnCKUrNbQCjdygnG9bgjpjiHsaJ252B1imc8APJoQxh5emJ6pAqVGt88K4kJRl\" target=\"_blank\">\n\t\t\t\t\t\t\t<img loading=\"lazy\" decoding=\"async\" width=\"608\" height=\"695\" src=\"https:\/\/inzynier.rzeszow.pl\/wp-content\/uploads\/2025\/08\/obraz_2026-02-05_152323825.webp\" class=\"attachment-large size-large wp-image-3990\" alt=\"\" srcset=\"https:\/\/inzynier.rzeszow.pl\/wp-content\/uploads\/2025\/08\/obraz_2026-02-05_152323825.webp 608w, https:\/\/inzynier.rzeszow.pl\/wp-content\/uploads\/2025\/08\/obraz_2026-02-05_152323825-262x300.png 262w\" sizes=\"(max-width: 608px) 100vw, 608px\" \/>\t\t\t\t\t\t\t\t<\/a>\n\t\t\t\t\t\t\t\t\t\t\t\t\t\t\t<\/div>\n\t\t\t\t<\/div>\n\t\t<div class=\"elementor-element elementor-element-98601b5 e-con-full e-flex e-con e-child\" data-id=\"98601b5\" data-element_type=\"container\" data-e-type=\"container\">\n\t\t\t\t<div class=\"elementor-element elementor-element-abf616a elementor-widget elementor-widget-image\" data-id=\"abf616a\" data-element_type=\"widget\" data-e-type=\"widget\" data-widget_type=\"image.default\">\n\t\t\t\t\t\t\t\t\t\t\t\t\t\t\t\t<a href=\"https:\/\/www.facebook.com\/PodkarpackaOIIB\/posts\/pfbid02o5Z5ZXYc8CJPhT4Li2m8btcwnSgqh4qenJCEJhhmwt2fqnsuwkxitfxMHp3TmJCXl\" target=\"_blank\">\n\t\t\t\t\t\t\t<img loading=\"lazy\" decoding=\"async\" width=\"602\" height=\"696\" src=\"https:\/\/inzynier.rzeszow.pl\/wp-content\/uploads\/2025\/08\/obraz_2026-02-05_152328767.webp\" class=\"attachment-large size-large wp-image-3991\" alt=\"\" srcset=\"https:\/\/inzynier.rzeszow.pl\/wp-content\/uploads\/2025\/08\/obraz_2026-02-05_152328767.webp 602w, https:\/\/inzynier.rzeszow.pl\/wp-content\/uploads\/2025\/08\/obraz_2026-02-05_152328767-259x300.png 259w\" sizes=\"(max-width: 602px) 100vw, 602px\" \/>\t\t\t\t\t\t\t\t<\/a>\n\t\t\t\t\t\t\t\t\t\t\t\t\t\t\t<\/div>\n\t\t\t\t<\/div>\n\t\t<div class=\"elementor-element elementor-element-5962825 e-con-full e-flex e-con e-child\" data-id=\"5962825\" data-element_type=\"container\" data-e-type=\"container\">\n\t\t\t\t<div class=\"elementor-element elementor-element-dfdbcbd elementor-widget elementor-widget-image\" data-id=\"dfdbcbd\" data-element_type=\"widget\" data-e-type=\"widget\" data-widget_type=\"image.default\">\n\t\t\t\t\t\t\t\t\t\t\t\t\t\t\t\t<a href=\"https:\/\/www.facebook.com\/PodkarpackaOIIB\/posts\/pfbid0j78Co157R1JsLs2jQVNUUvDp2TYLU4fN4tvux43RgSksUDysh7cUVyfCxLh7sNBsl\">\n\t\t\t\t\t\t\t<img loading=\"lazy\" decoding=\"async\" width=\"430\" height=\"732\" src=\"https:\/\/inzynier.rzeszow.pl\/wp-content\/uploads\/2025\/08\/obraz_2026-02-05_152332585.webp\" class=\"attachment-large size-large wp-image-3992\" alt=\"\" srcset=\"https:\/\/inzynier.rzeszow.pl\/wp-content\/uploads\/2025\/08\/obraz_2026-02-05_152332585.webp 430w, https:\/\/inzynier.rzeszow.pl\/wp-content\/uploads\/2025\/08\/obraz_2026-02-05_152332585-176x300.png 176w\" sizes=\"(max-width: 430px) 100vw, 430px\" \/>\t\t\t\t\t\t\t\t<\/a>\n\t\t\t\t\t\t\t\t\t\t\t\t\t\t\t<\/div>\n\t\t\t\t<\/div>\n\t\t\t\t\t<\/div>\n\t\t\t\t<\/div>\n\t\t<div class=\"elementor-element elementor-element-38206f5 e-flex e-con-boxed e-con e-parent\" data-id=\"38206f5\" data-element_type=\"container\" data-e-type=\"container\">\n\t\t\t\t\t<div class=\"e-con-inner\">\n\t\t<div class=\"elementor-element elementor-element-2a2f186 e-con-full e-flex e-con e-child\" data-id=\"2a2f186\" data-element_type=\"container\" data-e-type=\"container\">\n\t\t\t\t<div class=\"elementor-element elementor-element-596c969 elementor-widget elementor-widget-image\" data-id=\"596c969\" data-element_type=\"widget\" data-e-type=\"widget\" data-widget_type=\"image.default\">\n\t\t\t\t\t\t\t\t\t\t\t\t\t\t\t<img loading=\"lazy\" decoding=\"async\" width=\"1024\" height=\"731\" src=\"https:\/\/inzynier.rzeszow.pl\/wp-content\/uploads\/2025\/08\/obraz_2026-02-05_152838229-1024x731.webp\" class=\"attachment-large size-large wp-image-3994\" alt=\"\" srcset=\"https:\/\/inzynier.rzeszow.pl\/wp-content\/uploads\/2025\/08\/obraz_2026-02-05_152838229-1024x731.webp 1024w, https:\/\/inzynier.rzeszow.pl\/wp-content\/uploads\/2025\/08\/obraz_2026-02-05_152838229-300x214.png 300w, https:\/\/inzynier.rzeszow.pl\/wp-content\/uploads\/2025\/08\/obraz_2026-02-05_152838229-768x548.webp 768w, https:\/\/inzynier.rzeszow.pl\/wp-content\/uploads\/2025\/08\/obraz_2026-02-05_152838229.webp 1080w\" sizes=\"(max-width: 1024px) 100vw, 1024px\" \/>\t\t\t\t\t\t\t\t\t\t\t\t\t\t\t<\/div>\n\t\t\t\t<\/div>\n\t\t<div class=\"elementor-element elementor-element-0bd396f e-con-full e-flex e-con e-child\" data-id=\"0bd396f\" data-element_type=\"container\" data-e-type=\"container\">\n\t\t\t\t<div class=\"elementor-element elementor-element-7dcd5c5 elementor-widget elementor-widget-text-editor\" data-id=\"7dcd5c5\" data-element_type=\"widget\" data-e-type=\"widget\" data-widget_type=\"text-editor.default\">\n\t\t\t\t\t\t\t\t\t<p>Niezapomniana przygoda na szlakach,\u00a0<br \/>Prawdziwie mistrzowska rywalizacja,<strong>\u00a0<\/strong>\u00a0<br \/>Blisko\u015b\u0107 natury i pi\u0119kno Podkarpacia,\u00a0<br \/>Spotkanie z pasjonatami orientacji i budownictwa.\u00a0<br \/><strong>Spotykamy si\u0119 za rok !<br \/><a href=\"https:\/\/www.facebook.com\/share\/r\/16u2fti5N2\/\" target=\"_blank\" rel=\"noopener\">&#8230;wi\u0119cej&gt;&gt;<\/a><\/strong><\/p>\t\t\t\t\t\t\t\t<\/div>\n\t\t\t\t<\/div>\n\t\t\t\t\t<\/div>\n\t\t\t\t<\/div>\n\t\t<div class=\"elementor-element elementor-element-931954b e-flex e-con-boxed e-con e-parent\" data-id=\"931954b\" data-element_type=\"container\" data-e-type=\"container\" data-settings=\"{&quot;background_background&quot;:&quot;classic&quot;}\">\n\t\t\t\t\t<div class=\"e-con-inner\">\n\t\t<div class=\"elementor-element elementor-element-b927ab7 e-con-full e-flex e-con e-child\" data-id=\"b927ab7\" data-element_type=\"container\" data-e-type=\"container\" data-settings=\"{&quot;background_background&quot;:&quot;classic&quot;}\">\n\t\t\t\t<div class=\"elementor-element elementor-element-d1dd89f elementor-widget elementor-widget-heading\" data-id=\"d1dd89f\" data-element_type=\"widget\" data-e-type=\"widget\" data-widget_type=\"heading.default\">\n\t\t\t\t\t<h1 class=\"elementor-heading-title elementor-size-default\">Foto-wyzwanie - konkurs fotograficzny: \"Bieszczadzka dziko\u015b\u0107 w 3 s\u0142owach\"!  <\/h1>\t\t\t\t<\/div>\n\t\t\t\t<\/div>\n\t\t\t\t\t<\/div>\n\t\t\t\t<\/div>\n\t\t<div class=\"elementor-element elementor-element-7af013d e-flex e-con-boxed e-con e-parent\" data-id=\"7af013d\" data-element_type=\"container\" data-e-type=\"container\">\n\t\t\t\t\t<div class=\"e-con-inner\">\n\t\t<div class=\"elementor-element elementor-element-612e65b e-con-full e-flex e-con e-child\" data-id=\"612e65b\" data-element_type=\"container\" data-e-type=\"container\">\n\t\t\t\t<div class=\"elementor-element elementor-element-16bdc61 elementor-widget elementor-widget-image\" data-id=\"16bdc61\" data-element_type=\"widget\" data-e-type=\"widget\" data-widget_type=\"image.default\">\n\t\t\t\t\t\t\t\t\t\t\t\t\t\t\t<img loading=\"lazy\" decoding=\"async\" width=\"1024\" height=\"683\" src=\"https:\/\/inzynier.rzeszow.pl\/wp-content\/uploads\/2025\/01\/obraz_2026-02-03_131009727-1024x683.png\" class=\"attachment-large size-large wp-image-3665\" alt=\"\" srcset=\"https:\/\/inzynier.rzeszow.pl\/wp-content\/uploads\/2025\/01\/obraz_2026-02-03_131009727-1024x683.png 1024w, https:\/\/inzynier.rzeszow.pl\/wp-content\/uploads\/2025\/01\/obraz_2026-02-03_131009727-300x200.png 300w, https:\/\/inzynier.rzeszow.pl\/wp-content\/uploads\/2025\/01\/obraz_2026-02-03_131009727-768x512.png 768w, https:\/\/inzynier.rzeszow.pl\/wp-content\/uploads\/2025\/01\/obraz_2026-02-03_131009727.png 1200w\" sizes=\"(max-width: 1024px) 100vw, 1024px\" \/>\t\t\t\t\t\t\t\t\t\t\t\t\t\t\t<\/div>\n\t\t\t\t<\/div>\n\t\t<div class=\"elementor-element elementor-element-3633a48 e-con-full e-flex e-con e-child\" data-id=\"3633a48\" data-element_type=\"container\" data-e-type=\"container\">\n\t\t\t\t<div class=\"elementor-element elementor-element-d7e633e elementor-widget elementor-widget-text-editor\" data-id=\"d7e633e\" data-element_type=\"widget\" data-e-type=\"widget\" data-widget_type=\"text-editor.default\">\n\t\t\t\t\t\t\t\t\t<p><strong>Konkurs<\/strong>\u00a0<strong>fotograficzny\u00a0<\/strong>dla wszystkich uczestnik\u00f3w\u00a0<strong>VI Otwartych Mistrzostw PDK OIIB w Marszu na Orientacj\u0119\u00a0<\/strong>&#8211; 23 sierpnia 2025 r., Muczne.<br \/><strong>Wasze zadanie jest proste:<\/strong>\u00a0zr\u00f3b zdj\u0119cie w trakcie marszu, kt\u00f3re idealnie pasuje do has\u0142a\u00a0<strong>\u201eBieszczadzka dziko\u015b\u0107 w 3 s\u0142owach&#8221;!<\/strong>\u00a0Oznacz nasz profil na FB w swoim po\u015bcie Podkarpacka Okr\u0119gowa Izba In\u017cynier\u00f3w Budownictwa (@PodkarpackaOIIB)<br \/>Najkreatywniejsze fotki zostan\u0105 nagradzone.\u00a0\u00a0<br \/><br \/><strong><a href=\"https:\/\/inzynier.rzeszow.pl\/index.php?&amp;sRC=N&amp;pageTarget=article&amp;AIndex=MUZART25&amp;menId=85&amp;mId=355&amp;sMId=782\">Muczne \u017carty dozwolone &#8211; Regulamin imprezy &#8211; survival z przymru\u017ceniem oka! &gt;&gt;<\/a><\/strong><\/p>\t\t\t\t\t\t\t\t<\/div>\n\t\t\t\t<\/div>\n\t\t\t\t\t<\/div>\n\t\t\t\t<\/div>\n\t\t<div class=\"elementor-element elementor-element-29bfe1e e-flex e-con-boxed e-con e-parent\" data-id=\"29bfe1e\" data-element_type=\"container\" data-e-type=\"container\">\n\t\t\t\t\t<div class=\"e-con-inner\">\n\t\t<div class=\"elementor-element elementor-element-5e88e9b e-con-full e-flex e-con e-child\" data-id=\"5e88e9b\" data-element_type=\"container\" data-e-type=\"container\">\n\t\t\t\t<div class=\"elementor-element elementor-element-f509350 elementor-widget elementor-widget-image\" data-id=\"f509350\" data-element_type=\"widget\" data-e-type=\"widget\" data-widget_type=\"image.default\">\n\t\t\t\t\t\t\t\t\t\t\t\t\t\t\t<img loading=\"lazy\" decoding=\"async\" width=\"1024\" height=\"691\" src=\"https:\/\/inzynier.rzeszow.pl\/wp-content\/uploads\/2025\/08\/obraz_2026-02-05_153044632-1024x691.webp\" class=\"attachment-large size-large wp-image-3995\" alt=\"\" srcset=\"https:\/\/inzynier.rzeszow.pl\/wp-content\/uploads\/2025\/08\/obraz_2026-02-05_153044632-1024x691.webp 1024w, https:\/\/inzynier.rzeszow.pl\/wp-content\/uploads\/2025\/08\/obraz_2026-02-05_153044632-300x203.png 300w, https:\/\/inzynier.rzeszow.pl\/wp-content\/uploads\/2025\/08\/obraz_2026-02-05_153044632-768x518.webp 768w, https:\/\/inzynier.rzeszow.pl\/wp-content\/uploads\/2025\/08\/obraz_2026-02-05_153044632.webp 1080w\" sizes=\"(max-width: 1024px) 100vw, 1024px\" \/>\t\t\t\t\t\t\t\t\t\t\t\t\t\t\t<\/div>\n\t\t\t\t<\/div>\n\t\t<div class=\"elementor-element elementor-element-194c8d6 e-con-full e-flex e-con e-child\" data-id=\"194c8d6\" data-element_type=\"container\" data-e-type=\"container\">\n\t\t\t\t<div class=\"elementor-element elementor-element-ca240c4 elementor-widget elementor-widget-text-editor\" data-id=\"ca240c4\" data-element_type=\"widget\" data-e-type=\"widget\" data-widget_type=\"text-editor.default\">\n\t\t\t\t\t\t\t\t\t<p>Rozstrzygni\u0119cie Konkursu Foto-wyzwanie &#8222;Bieszczadzka dziko\u015b\u0107 w 3 s\u0142owach&#8221;.\u00a0<strong>Zainspirowani Waszymi publikacjami dodali\u015bmy do tytu\u0142u konkursu &#8230;i rado\u015b\u0107!\u00a0<\/strong>Dzi\u0119kujemy za ka\u017cd\u0105 histori\u0119, to by\u0142a fantastyczna przygoda. Laureatom serdecznie gratulujemy!\u00a0<br \/><strong><a href=\"https:\/\/www.facebook.com\/share\/r\/19W2HvBHEp\/\" target=\"_blank\" rel=\"noopener\">&#8230;wi\u0119cej&gt;&gt;<\/a>\u00a0<\/strong>\u00a0<\/p>\t\t\t\t\t\t\t\t<\/div>\n\t\t\t\t<\/div>\n\t\t\t\t\t<\/div>\n\t\t\t\t<\/div>\n\t\t<div class=\"elementor-element elementor-element-b6eca7c e-flex e-con-boxed e-con e-parent\" data-id=\"b6eca7c\" data-element_type=\"container\" data-e-type=\"container\">\n\t\t\t\t\t<div class=\"e-con-inner\">\n\t\t<div class=\"elementor-element elementor-element-aa9a362 e-con-full e-flex e-con e-child\" data-id=\"aa9a362\" data-element_type=\"container\" data-e-type=\"container\">\n\t\t\t\t<div class=\"elementor-element elementor-element-44ba54b elementor-widget elementor-widget-image\" data-id=\"44ba54b\" data-element_type=\"widget\" data-e-type=\"widget\" data-widget_type=\"image.default\">\n\t\t\t\t\t\t\t\t\t\t\t\t\t\t\t<img loading=\"lazy\" decoding=\"async\" width=\"940\" height=\"788\" src=\"https:\/\/inzynier.rzeszow.pl\/wp-content\/uploads\/2025\/08\/obraz_2026-02-05_153200208.webp\" class=\"attachment-large size-large wp-image-3996\" alt=\"\" srcset=\"https:\/\/inzynier.rzeszow.pl\/wp-content\/uploads\/2025\/08\/obraz_2026-02-05_153200208.webp 940w, https:\/\/inzynier.rzeszow.pl\/wp-content\/uploads\/2025\/08\/obraz_2026-02-05_153200208-300x251.png 300w, https:\/\/inzynier.rzeszow.pl\/wp-content\/uploads\/2025\/08\/obraz_2026-02-05_153200208-768x644.webp 768w\" sizes=\"(max-width: 940px) 100vw, 940px\" \/>\t\t\t\t\t\t\t\t\t\t\t\t\t\t\t<\/div>\n\t\t\t\t<\/div>\n\t\t<div class=\"elementor-element elementor-element-33f0cfb e-con-full e-flex e-con e-child\" data-id=\"33f0cfb\" data-element_type=\"container\" data-e-type=\"container\">\n\t\t\t\t<div class=\"elementor-element elementor-element-1d7000d elementor-widget elementor-widget-text-editor\" data-id=\"1d7000d\" data-element_type=\"widget\" data-e-type=\"widget\" data-widget_type=\"text-editor.default\">\n\t\t\t\t\t\t\t\t\t<p>Pokazywali\u015bmy ich na slajdach, a teraz przyszed\u0142 czas, by g\u0142o\u015bno i wyra\u017anie powiedzie\u0107: DZI\u0118KUJEMY! &#8211; VI Otwarte Mistrzostwa PDK OIIB w Marszu na Orientacj\u0119 nie mog\u0142yby si\u0119 odby\u0107 bez wsparcia tych wielu firm i instytucji. Nasi Drodzy Sponsorzy i Patronowie &#8211; Jeste\u015bcie nie tylko wsparciem, ale i cz\u0119\u015bci\u0105 naszej Podkarpackiej Orientacyjnej Izby In\u017cynier\u00f3w Budownictwa !<br \/><strong><a href=\"https:\/\/youtu.be\/gpPIOzW2mQQ?si=6k6w84IugotFkOx5\" target=\"_blank\" rel=\"noopener\">Dzi\u0119kujemy za Wasz\u0105 obecno\u015b\u0107 &gt;&gt;<\/a><\/strong><\/p>\t\t\t\t\t\t\t\t<\/div>\n\t\t\t\t<\/div>\n\t\t\t\t\t<\/div>\n\t\t\t\t<\/div>\n\t\t<div class=\"elementor-element elementor-element-cc70a21 e-flex e-con-boxed e-con e-parent\" data-id=\"cc70a21\" data-element_type=\"container\" data-e-type=\"container\">\n\t\t\t\t\t<div class=\"e-con-inner\">\n\t\t<div class=\"elementor-element elementor-element-4bb6a10 e-con-full e-flex e-con e-child\" data-id=\"4bb6a10\" data-element_type=\"container\" data-e-type=\"container\">\n\t\t\t\t<div class=\"elementor-element elementor-element-e2725bc elementor-widget elementor-widget-image\" data-id=\"e2725bc\" data-element_type=\"widget\" data-e-type=\"widget\" data-widget_type=\"image.default\">\n\t\t\t\t\t\t\t\t\t\t\t\t\t\t\t<img loading=\"lazy\" decoding=\"async\" width=\"362\" height=\"788\" src=\"https:\/\/inzynier.rzeszow.pl\/wp-content\/uploads\/2025\/08\/obraz_2026-02-05_153325700.webp\" class=\"attachment-large size-large wp-image-3997\" alt=\"\" srcset=\"https:\/\/inzynier.rzeszow.pl\/wp-content\/uploads\/2025\/08\/obraz_2026-02-05_153325700.webp 362w, https:\/\/inzynier.rzeszow.pl\/wp-content\/uploads\/2025\/08\/obraz_2026-02-05_153325700-138x300.png 138w\" sizes=\"(max-width: 362px) 100vw, 362px\" \/>\t\t\t\t\t\t\t\t\t\t\t\t\t\t\t<\/div>\n\t\t\t\t<\/div>\n\t\t<div class=\"elementor-element elementor-element-abf4445 e-con-full e-flex e-con e-child\" data-id=\"abf4445\" data-element_type=\"container\" data-e-type=\"container\">\n\t\t\t\t<div class=\"elementor-element elementor-element-242acc6 elementor-widget__width-initial elementor-widget elementor-widget-image\" data-id=\"242acc6\" data-element_type=\"widget\" data-e-type=\"widget\" data-widget_type=\"image.default\">\n\t\t\t\t\t\t\t\t\t\t\t\t\t\t\t<img loading=\"lazy\" decoding=\"async\" width=\"567\" height=\"788\" src=\"https:\/\/inzynier.rzeszow.pl\/wp-content\/uploads\/2025\/08\/obraz_2026-02-05_153344259.webp\" class=\"attachment-large size-large wp-image-3998\" alt=\"\" srcset=\"https:\/\/inzynier.rzeszow.pl\/wp-content\/uploads\/2025\/08\/obraz_2026-02-05_153344259.webp 567w, https:\/\/inzynier.rzeszow.pl\/wp-content\/uploads\/2025\/08\/obraz_2026-02-05_153344259-216x300.png 216w\" sizes=\"(max-width: 567px) 100vw, 567px\" \/>\t\t\t\t\t\t\t\t\t\t\t\t\t\t\t<\/div>\n\t\t\t\t<\/div>\n\t\t\t\t\t<\/div>\n\t\t\t\t<\/div>\n\t\t<div class=\"elementor-element elementor-element-adf946f e-flex e-con-boxed e-con e-parent\" data-id=\"adf946f\" data-element_type=\"container\" data-e-type=\"container\">\n\t\t\t\t\t<div class=\"e-con-inner\">\n\t\t<div class=\"elementor-element elementor-element-60b76e9 e-con-full e-flex e-con e-child\" data-id=\"60b76e9\" data-element_type=\"container\" data-e-type=\"container\">\n\t\t\t\t<div class=\"elementor-element elementor-element-4c4add0 elementor-widget elementor-widget-image\" data-id=\"4c4add0\" data-element_type=\"widget\" data-e-type=\"widget\" data-widget_type=\"image.default\">\n\t\t\t\t\t\t\t\t\t\t\t\t\t\t\t<img loading=\"lazy\" decoding=\"async\" width=\"1013\" height=\"502\" src=\"https:\/\/inzynier.rzeszow.pl\/wp-content\/uploads\/2026\/02\/obraz_2026-02-03_135358437.png\" class=\"attachment-large size-large wp-image-3681\" alt=\"\" srcset=\"https:\/\/inzynier.rzeszow.pl\/wp-content\/uploads\/2026\/02\/obraz_2026-02-03_135358437.png 1013w, https:\/\/inzynier.rzeszow.pl\/wp-content\/uploads\/2026\/02\/obraz_2026-02-03_135358437-300x149.png 300w, https:\/\/inzynier.rzeszow.pl\/wp-content\/uploads\/2026\/02\/obraz_2026-02-03_135358437-768x381.png 768w\" sizes=\"(max-width: 1013px) 100vw, 1013px\" \/>\t\t\t\t\t\t\t\t\t\t\t\t\t\t\t<\/div>\n\t\t\t\t<\/div>\n\t\t<div class=\"elementor-element elementor-element-f1d087b e-con-full e-flex e-con e-child\" data-id=\"f1d087b\" data-element_type=\"container\" data-e-type=\"container\">\n\t\t\t\t<div class=\"elementor-element elementor-element-0d10376 elementor-widget elementor-widget-image\" data-id=\"0d10376\" data-element_type=\"widget\" data-e-type=\"widget\" data-widget_type=\"image.default\">\n\t\t\t\t\t\t\t\t\t\t\t\t\t\t\t<img loading=\"lazy\" decoding=\"async\" width=\"450\" height=\"300\" src=\"https:\/\/inzynier.rzeszow.pl\/wp-content\/uploads\/2026\/02\/obraz_2026-02-03_135413694.png\" class=\"attachment-large size-large wp-image-3682\" alt=\"\" srcset=\"https:\/\/inzynier.rzeszow.pl\/wp-content\/uploads\/2026\/02\/obraz_2026-02-03_135413694.png 450w, https:\/\/inzynier.rzeszow.pl\/wp-content\/uploads\/2026\/02\/obraz_2026-02-03_135413694-300x200.png 300w\" sizes=\"(max-width: 450px) 100vw, 450px\" \/>\t\t\t\t\t\t\t\t\t\t\t\t\t\t\t<\/div>\n\t\t\t\t<\/div>\n\t\t\t\t\t<\/div>\n\t\t\t\t<\/div>\n\t\t\t\t<\/div>\n\t\t","protected":false},"excerpt":{"rendered":"<p>VI Otwarte Mistrzostwa PDK OIIB w Marszu na Orientacj\u0119 2025 zgromadzi\u0142y uczestnik\u00f3w z r\u00f3\u017cnych region\u00f3w, \u0142\u0105cz\u0105c rywalizacj\u0119 z zabaw\u0105 i umiej\u0119tno\u015bci\u0105 pracy z map\u0105. Wydarzenie by\u0142o doskona\u0142\u0105 okazj\u0105 do integracji \u015brodowiska in\u017cynierskiego oraz promowania aktywnego sp\u0119dzania czasu na \u015bwie\u017cym powietrzu. Relacja z mistrzostw przedstawia przebieg zmaga\u0144, wyniki oraz najciekawsze momenty imprezy.<\/p>\n","protected":false},"author":1,"featured_media":3984,"comment_status":"closed","ping_status":"closed","sticky":false,"template":"","format":"standard","meta":{"site-sidebar-layout":"default","site-content-layout":"","ast-site-content-layout":"default","site-content-style":"default","site-sidebar-style":"default","ast-global-header-display":"","ast-banner-title-visibility":"","ast-main-header-display":"","ast-hfb-above-header-display":"","ast-hfb-below-header-display":"","ast-hfb-mobile-header-display":"","site-post-title":"","ast-breadcrumbs-content":"","ast-featured-img":"","footer-sml-layout":"","ast-disable-related-posts":"","theme-transparent-header-meta":"","adv-header-id-meta":"","stick-header-meta":"","header-above-stick-meta":"","header-main-stick-meta":"","header-below-stick-meta":"","astra-migrate-meta-layouts":"default","ast-page-background-enabled":"default","ast-page-background-meta":{"desktop":{"background-color":"var(--ast-global-color-5)","background-image":"","background-repeat":"repeat","background-position":"center center","background-size":"auto","background-attachment":"scroll","background-type":"","background-media":"","overlay-type":"","overlay-color":"","overlay-opacity":"","overlay-gradient":""},"tablet":{"background-color":"","background-image":"","background-repeat":"repeat","background-position":"center center","background-size":"auto","background-attachment":"scroll","background-type":"","background-media":"","overlay-type":"","overlay-color":"","overlay-opacity":"","overlay-gradient":""},"mobile":{"background-color":"","background-image":"","background-repeat":"repeat","background-position":"center center","background-size":"auto","background-attachment":"scroll","background-type":"","background-media":"","overlay-type":"","overlay-color":"","overlay-opacity":"","overlay-gradient":""}},"ast-content-background-meta":{"desktop":{"background-color":"var(--ast-global-color-4)","background-image":"","background-repeat":"repeat","background-position":"center center","background-size":"auto","background-attachment":"scroll","background-type":"","background-media":"","overlay-type":"","overlay-color":"","overlay-opacity":"","overlay-gradient":""},"tablet":{"background-color":"var(--ast-global-color-4)","background-image":"","background-repeat":"repeat","background-position":"center center","background-size":"auto","background-attachment":"scroll","background-type":"","background-media":"","overlay-type":"","overlay-color":"","overlay-opacity":"","overlay-gradient":""},"mobile":{"background-color":"var(--ast-global-color-4)","background-image":"","background-repeat":"repeat","background-position":"center center","background-size":"auto","background-attachment":"scroll","background-type":"","background-media":"","overlay-type":"","overlay-color":"","overlay-opacity":"","overlay-gradient":""}},"footnotes":""},"categories":[15,35,16],"tags":[],"class_list":["post-3982","post","type-post","status-publish","format-standard","has-post-thumbnail","hentry","category-konkursy-pdk-oiib","category-mistrzostwa-w-marszu-na-orientacje-muczne","category-z-zycia-izby"],"yoast_head":"<!-- This site is optimized with the Yoast SEO plugin v27.5 - https:\/\/yoast.com\/product\/yoast-seo-wordpress\/ -->\n<title>VI Otwarte Mistrzostwa PDK OIIB w Marszu na Orientacj\u0119 - 2025 r. - Podkarpacka Okregowa Izba Inzynierow Budownictwa<\/title>\n<meta name=\"robots\" content=\"index, follow, max-snippet:-1, max-image-preview:large, max-video-preview:-1\" \/>\n<link rel=\"canonical\" href=\"https:\/\/inzynier.rzeszow.pl\/index.php\/2025\/08\/24\/vi-otwarte-mistrzostwa-pdk-oiib-w-marszu-na-orientacje-2025-r\/\" \/>\n<meta property=\"og:locale\" content=\"pl_PL\" \/>\n<meta property=\"og:type\" content=\"article\" \/>\n<meta property=\"og:title\" content=\"VI Otwarte Mistrzostwa PDK OIIB w Marszu na Orientacj\u0119 - 2025 r. - Podkarpacka Okregowa Izba Inzynierow Budownictwa\" \/>\n<meta property=\"og:description\" content=\"VI Otwarte Mistrzostwa PDK OIIB w Marszu na Orientacj\u0119 2025 zgromadzi\u0142y uczestnik\u00f3w z r\u00f3\u017cnych region\u00f3w, \u0142\u0105cz\u0105c rywalizacj\u0119 z zabaw\u0105 i umiej\u0119tno\u015bci\u0105 pracy z map\u0105. Wydarzenie by\u0142o doskona\u0142\u0105 okazj\u0105 do integracji \u015brodowiska in\u017cynierskiego oraz promowania aktywnego sp\u0119dzania czasu na \u015bwie\u017cym powietrzu. Relacja z mistrzostw przedstawia przebieg zmaga\u0144, wyniki oraz najciekawsze momenty imprezy.\" \/>\n<meta property=\"og:url\" content=\"https:\/\/inzynier.rzeszow.pl\/index.php\/2025\/08\/24\/vi-otwarte-mistrzostwa-pdk-oiib-w-marszu-na-orientacje-2025-r\/\" \/>\n<meta property=\"og:site_name\" content=\"Podkarpacka Okregowa Izba Inzynierow Budownictwa\" \/>\n<meta property=\"article:published_time\" content=\"2025-08-24T11:16:06+00:00\" \/>\n<meta property=\"article:modified_time\" content=\"2026-04-09T11:48:32+00:00\" \/>\n<meta property=\"og:image\" content=\"https:\/\/inzynier.rzeszow.pl\/wp-content\/uploads\/2025\/08\/obraz_2026-02-05_151703987.webp\" \/>\n\t<meta property=\"og:image:width\" content=\"1920\" \/>\n\t<meta property=\"og:image:height\" content=\"1280\" \/>\n\t<meta property=\"og:image:type\" content=\"image\/png\" \/>\n<meta name=\"author\" content=\"admin\" \/>\n<meta name=\"twitter:card\" content=\"summary_large_image\" \/>\n<meta name=\"twitter:label1\" content=\"Napisane przez\" \/>\n\t<meta name=\"twitter:data1\" content=\"admin\" \/>\n\t<meta name=\"twitter:label2\" content=\"Szacowany czas czytania\" \/>\n\t<meta name=\"twitter:data2\" content=\"11 minut\" \/>\n<script type=\"application\/ld+json\" class=\"yoast-schema-graph\">{\"@context\":\"https:\\\/\\\/schema.org\",\"@graph\":[{\"@type\":\"Article\",\"@id\":\"https:\\\/\\\/inzynier.rzeszow.pl\\\/index.php\\\/2025\\\/08\\\/24\\\/vi-otwarte-mistrzostwa-pdk-oiib-w-marszu-na-orientacje-2025-r\\\/#article\",\"isPartOf\":{\"@id\":\"https:\\\/\\\/inzynier.rzeszow.pl\\\/index.php\\\/2025\\\/08\\\/24\\\/vi-otwarte-mistrzostwa-pdk-oiib-w-marszu-na-orientacje-2025-r\\\/\"},\"author\":{\"name\":\"admin\",\"@id\":\"https:\\\/\\\/inzynier.rzeszow.pl\\\/#\\\/schema\\\/person\\\/21ca162d893bdc5760a95d704e9b1e39\"},\"headline\":\"VI Otwarte Mistrzostwa PDK OIIB w Marszu na Orientacj\u0119 &#8211; 2025 r.\",\"datePublished\":\"2025-08-24T11:16:06+00:00\",\"dateModified\":\"2026-04-09T11:48:32+00:00\",\"mainEntityOfPage\":{\"@id\":\"https:\\\/\\\/inzynier.rzeszow.pl\\\/index.php\\\/2025\\\/08\\\/24\\\/vi-otwarte-mistrzostwa-pdk-oiib-w-marszu-na-orientacje-2025-r\\\/\"},\"wordCount\":1785,\"image\":{\"@id\":\"https:\\\/\\\/inzynier.rzeszow.pl\\\/index.php\\\/2025\\\/08\\\/24\\\/vi-otwarte-mistrzostwa-pdk-oiib-w-marszu-na-orientacje-2025-r\\\/#primaryimage\"},\"thumbnailUrl\":\"https:\\\/\\\/inzynier.rzeszow.pl\\\/wp-content\\\/uploads\\\/2025\\\/08\\\/obraz_2026-02-05_151703987.webp\",\"articleSection\":[\"Konkursy PDK OIIB\",\"Mistrzostwa w Marszu na Orientacj\u0119 - Muczne\",\"Z \u017cycia izby\"],\"inLanguage\":\"pl-PL\"},{\"@type\":\"WebPage\",\"@id\":\"https:\\\/\\\/inzynier.rzeszow.pl\\\/index.php\\\/2025\\\/08\\\/24\\\/vi-otwarte-mistrzostwa-pdk-oiib-w-marszu-na-orientacje-2025-r\\\/\",\"url\":\"https:\\\/\\\/inzynier.rzeszow.pl\\\/index.php\\\/2025\\\/08\\\/24\\\/vi-otwarte-mistrzostwa-pdk-oiib-w-marszu-na-orientacje-2025-r\\\/\",\"name\":\"VI Otwarte Mistrzostwa PDK OIIB w Marszu na Orientacj\u0119 - 2025 r. - Podkarpacka Okregowa Izba Inzynierow Budownictwa\",\"isPartOf\":{\"@id\":\"https:\\\/\\\/inzynier.rzeszow.pl\\\/#website\"},\"primaryImageOfPage\":{\"@id\":\"https:\\\/\\\/inzynier.rzeszow.pl\\\/index.php\\\/2025\\\/08\\\/24\\\/vi-otwarte-mistrzostwa-pdk-oiib-w-marszu-na-orientacje-2025-r\\\/#primaryimage\"},\"image\":{\"@id\":\"https:\\\/\\\/inzynier.rzeszow.pl\\\/index.php\\\/2025\\\/08\\\/24\\\/vi-otwarte-mistrzostwa-pdk-oiib-w-marszu-na-orientacje-2025-r\\\/#primaryimage\"},\"thumbnailUrl\":\"https:\\\/\\\/inzynier.rzeszow.pl\\\/wp-content\\\/uploads\\\/2025\\\/08\\\/obraz_2026-02-05_151703987.webp\",\"datePublished\":\"2025-08-24T11:16:06+00:00\",\"dateModified\":\"2026-04-09T11:48:32+00:00\",\"author\":{\"@id\":\"https:\\\/\\\/inzynier.rzeszow.pl\\\/#\\\/schema\\\/person\\\/21ca162d893bdc5760a95d704e9b1e39\"},\"breadcrumb\":{\"@id\":\"https:\\\/\\\/inzynier.rzeszow.pl\\\/index.php\\\/2025\\\/08\\\/24\\\/vi-otwarte-mistrzostwa-pdk-oiib-w-marszu-na-orientacje-2025-r\\\/#breadcrumb\"},\"inLanguage\":\"pl-PL\",\"potentialAction\":[{\"@type\":\"ReadAction\",\"target\":[\"https:\\\/\\\/inzynier.rzeszow.pl\\\/index.php\\\/2025\\\/08\\\/24\\\/vi-otwarte-mistrzostwa-pdk-oiib-w-marszu-na-orientacje-2025-r\\\/\"]}]},{\"@type\":\"ImageObject\",\"inLanguage\":\"pl-PL\",\"@id\":\"https:\\\/\\\/inzynier.rzeszow.pl\\\/index.php\\\/2025\\\/08\\\/24\\\/vi-otwarte-mistrzostwa-pdk-oiib-w-marszu-na-orientacje-2025-r\\\/#primaryimage\",\"url\":\"https:\\\/\\\/inzynier.rzeszow.pl\\\/wp-content\\\/uploads\\\/2025\\\/08\\\/obraz_2026-02-05_151703987.webp\",\"contentUrl\":\"https:\\\/\\\/inzynier.rzeszow.pl\\\/wp-content\\\/uploads\\\/2025\\\/08\\\/obraz_2026-02-05_151703987.webp\",\"width\":1920,\"height\":1280},{\"@type\":\"BreadcrumbList\",\"@id\":\"https:\\\/\\\/inzynier.rzeszow.pl\\\/index.php\\\/2025\\\/08\\\/24\\\/vi-otwarte-mistrzostwa-pdk-oiib-w-marszu-na-orientacje-2025-r\\\/#breadcrumb\",\"itemListElement\":[{\"@type\":\"ListItem\",\"position\":1,\"name\":\"Strona g\u0142\u00f3wna\",\"item\":\"https:\\\/\\\/inzynier.rzeszow.pl\\\/\"},{\"@type\":\"ListItem\",\"position\":2,\"name\":\"VI Otwarte Mistrzostwa PDK OIIB w Marszu na Orientacj\u0119 &#8211; 2025 r.\"}]},{\"@type\":\"WebSite\",\"@id\":\"https:\\\/\\\/inzynier.rzeszow.pl\\\/#website\",\"url\":\"https:\\\/\\\/inzynier.rzeszow.pl\\\/\",\"name\":\"Podkarpacka Okregowa Izba Inzynierow Budownictwa\",\"description\":\"\",\"potentialAction\":[{\"@type\":\"SearchAction\",\"target\":{\"@type\":\"EntryPoint\",\"urlTemplate\":\"https:\\\/\\\/inzynier.rzeszow.pl\\\/?s={search_term_string}\"},\"query-input\":{\"@type\":\"PropertyValueSpecification\",\"valueRequired\":true,\"valueName\":\"search_term_string\"}}],\"inLanguage\":\"pl-PL\"},{\"@type\":\"Person\",\"@id\":\"https:\\\/\\\/inzynier.rzeszow.pl\\\/#\\\/schema\\\/person\\\/21ca162d893bdc5760a95d704e9b1e39\",\"name\":\"admin\",\"image\":{\"@type\":\"ImageObject\",\"inLanguage\":\"pl-PL\",\"@id\":\"https:\\\/\\\/secure.gravatar.com\\\/avatar\\\/d5d1959f10b94c8abcf928274f8bb5b8c7370b0dfadb0590911bacad18965f21?s=96&d=mm&r=g\",\"url\":\"https:\\\/\\\/secure.gravatar.com\\\/avatar\\\/d5d1959f10b94c8abcf928274f8bb5b8c7370b0dfadb0590911bacad18965f21?s=96&d=mm&r=g\",\"contentUrl\":\"https:\\\/\\\/secure.gravatar.com\\\/avatar\\\/d5d1959f10b94c8abcf928274f8bb5b8c7370b0dfadb0590911bacad18965f21?s=96&d=mm&r=g\",\"caption\":\"admin\"},\"sameAs\":[\"https:\\\/\\\/migracja.inzynier.rzeszow.pl\"],\"url\":\"https:\\\/\\\/inzynier.rzeszow.pl\\\/index.php\\\/author\\\/kwojcik\\\/\"}]}<\/script>\n<!-- \/ Yoast SEO plugin. -->","yoast_head_json":{"title":"VI Otwarte Mistrzostwa PDK OIIB w Marszu na Orientacj\u0119 - 2025 r. - Podkarpacka Okregowa Izba Inzynierow Budownictwa","robots":{"index":"index","follow":"follow","max-snippet":"max-snippet:-1","max-image-preview":"max-image-preview:large","max-video-preview":"max-video-preview:-1"},"canonical":"https:\/\/inzynier.rzeszow.pl\/index.php\/2025\/08\/24\/vi-otwarte-mistrzostwa-pdk-oiib-w-marszu-na-orientacje-2025-r\/","og_locale":"pl_PL","og_type":"article","og_title":"VI Otwarte Mistrzostwa PDK OIIB w Marszu na Orientacj\u0119 - 2025 r. - Podkarpacka Okregowa Izba Inzynierow Budownictwa","og_description":"VI Otwarte Mistrzostwa PDK OIIB w Marszu na Orientacj\u0119 2025 zgromadzi\u0142y uczestnik\u00f3w z r\u00f3\u017cnych region\u00f3w, \u0142\u0105cz\u0105c rywalizacj\u0119 z zabaw\u0105 i umiej\u0119tno\u015bci\u0105 pracy z map\u0105. Wydarzenie by\u0142o doskona\u0142\u0105 okazj\u0105 do integracji \u015brodowiska in\u017cynierskiego oraz promowania aktywnego sp\u0119dzania czasu na \u015bwie\u017cym powietrzu. Relacja z mistrzostw przedstawia przebieg zmaga\u0144, wyniki oraz najciekawsze momenty imprezy.","og_url":"https:\/\/inzynier.rzeszow.pl\/index.php\/2025\/08\/24\/vi-otwarte-mistrzostwa-pdk-oiib-w-marszu-na-orientacje-2025-r\/","og_site_name":"Podkarpacka Okregowa Izba Inzynierow Budownictwa","article_published_time":"2025-08-24T11:16:06+00:00","article_modified_time":"2026-04-09T11:48:32+00:00","og_image":[{"width":1920,"height":1280,"url":"https:\/\/inzynier.rzeszow.pl\/wp-content\/uploads\/2025\/08\/obraz_2026-02-05_151703987.webp","type":"image\/png"}],"author":"admin","twitter_card":"summary_large_image","twitter_misc":{"Napisane przez":"admin","Szacowany czas czytania":"11 minut"},"schema":{"@context":"https:\/\/schema.org","@graph":[{"@type":"Article","@id":"https:\/\/inzynier.rzeszow.pl\/index.php\/2025\/08\/24\/vi-otwarte-mistrzostwa-pdk-oiib-w-marszu-na-orientacje-2025-r\/#article","isPartOf":{"@id":"https:\/\/inzynier.rzeszow.pl\/index.php\/2025\/08\/24\/vi-otwarte-mistrzostwa-pdk-oiib-w-marszu-na-orientacje-2025-r\/"},"author":{"name":"admin","@id":"https:\/\/inzynier.rzeszow.pl\/#\/schema\/person\/21ca162d893bdc5760a95d704e9b1e39"},"headline":"VI Otwarte Mistrzostwa PDK OIIB w Marszu na Orientacj\u0119 &#8211; 2025 r.","datePublished":"2025-08-24T11:16:06+00:00","dateModified":"2026-04-09T11:48:32+00:00","mainEntityOfPage":{"@id":"https:\/\/inzynier.rzeszow.pl\/index.php\/2025\/08\/24\/vi-otwarte-mistrzostwa-pdk-oiib-w-marszu-na-orientacje-2025-r\/"},"wordCount":1785,"image":{"@id":"https:\/\/inzynier.rzeszow.pl\/index.php\/2025\/08\/24\/vi-otwarte-mistrzostwa-pdk-oiib-w-marszu-na-orientacje-2025-r\/#primaryimage"},"thumbnailUrl":"https:\/\/inzynier.rzeszow.pl\/wp-content\/uploads\/2025\/08\/obraz_2026-02-05_151703987.webp","articleSection":["Konkursy PDK OIIB","Mistrzostwa w Marszu na Orientacj\u0119 - Muczne","Z \u017cycia izby"],"inLanguage":"pl-PL"},{"@type":"WebPage","@id":"https:\/\/inzynier.rzeszow.pl\/index.php\/2025\/08\/24\/vi-otwarte-mistrzostwa-pdk-oiib-w-marszu-na-orientacje-2025-r\/","url":"https:\/\/inzynier.rzeszow.pl\/index.php\/2025\/08\/24\/vi-otwarte-mistrzostwa-pdk-oiib-w-marszu-na-orientacje-2025-r\/","name":"VI Otwarte Mistrzostwa PDK OIIB w Marszu na Orientacj\u0119 - 2025 r. - Podkarpacka Okregowa Izba Inzynierow Budownictwa","isPartOf":{"@id":"https:\/\/inzynier.rzeszow.pl\/#website"},"primaryImageOfPage":{"@id":"https:\/\/inzynier.rzeszow.pl\/index.php\/2025\/08\/24\/vi-otwarte-mistrzostwa-pdk-oiib-w-marszu-na-orientacje-2025-r\/#primaryimage"},"image":{"@id":"https:\/\/inzynier.rzeszow.pl\/index.php\/2025\/08\/24\/vi-otwarte-mistrzostwa-pdk-oiib-w-marszu-na-orientacje-2025-r\/#primaryimage"},"thumbnailUrl":"https:\/\/inzynier.rzeszow.pl\/wp-content\/uploads\/2025\/08\/obraz_2026-02-05_151703987.webp","datePublished":"2025-08-24T11:16:06+00:00","dateModified":"2026-04-09T11:48:32+00:00","author":{"@id":"https:\/\/inzynier.rzeszow.pl\/#\/schema\/person\/21ca162d893bdc5760a95d704e9b1e39"},"breadcrumb":{"@id":"https:\/\/inzynier.rzeszow.pl\/index.php\/2025\/08\/24\/vi-otwarte-mistrzostwa-pdk-oiib-w-marszu-na-orientacje-2025-r\/#breadcrumb"},"inLanguage":"pl-PL","potentialAction":[{"@type":"ReadAction","target":["https:\/\/inzynier.rzeszow.pl\/index.php\/2025\/08\/24\/vi-otwarte-mistrzostwa-pdk-oiib-w-marszu-na-orientacje-2025-r\/"]}]},{"@type":"ImageObject","inLanguage":"pl-PL","@id":"https:\/\/inzynier.rzeszow.pl\/index.php\/2025\/08\/24\/vi-otwarte-mistrzostwa-pdk-oiib-w-marszu-na-orientacje-2025-r\/#primaryimage","url":"https:\/\/inzynier.rzeszow.pl\/wp-content\/uploads\/2025\/08\/obraz_2026-02-05_151703987.webp","contentUrl":"https:\/\/inzynier.rzeszow.pl\/wp-content\/uploads\/2025\/08\/obraz_2026-02-05_151703987.webp","width":1920,"height":1280},{"@type":"BreadcrumbList","@id":"https:\/\/inzynier.rzeszow.pl\/index.php\/2025\/08\/24\/vi-otwarte-mistrzostwa-pdk-oiib-w-marszu-na-orientacje-2025-r\/#breadcrumb","itemListElement":[{"@type":"ListItem","position":1,"name":"Strona g\u0142\u00f3wna","item":"https:\/\/inzynier.rzeszow.pl\/"},{"@type":"ListItem","position":2,"name":"VI Otwarte Mistrzostwa PDK OIIB w Marszu na Orientacj\u0119 &#8211; 2025 r."}]},{"@type":"WebSite","@id":"https:\/\/inzynier.rzeszow.pl\/#website","url":"https:\/\/inzynier.rzeszow.pl\/","name":"Podkarpacka Okregowa Izba Inzynierow Budownictwa","description":"","potentialAction":[{"@type":"SearchAction","target":{"@type":"EntryPoint","urlTemplate":"https:\/\/inzynier.rzeszow.pl\/?s={search_term_string}"},"query-input":{"@type":"PropertyValueSpecification","valueRequired":true,"valueName":"search_term_string"}}],"inLanguage":"pl-PL"},{"@type":"Person","@id":"https:\/\/inzynier.rzeszow.pl\/#\/schema\/person\/21ca162d893bdc5760a95d704e9b1e39","name":"admin","image":{"@type":"ImageObject","inLanguage":"pl-PL","@id":"https:\/\/secure.gravatar.com\/avatar\/d5d1959f10b94c8abcf928274f8bb5b8c7370b0dfadb0590911bacad18965f21?s=96&d=mm&r=g","url":"https:\/\/secure.gravatar.com\/avatar\/d5d1959f10b94c8abcf928274f8bb5b8c7370b0dfadb0590911bacad18965f21?s=96&d=mm&r=g","contentUrl":"https:\/\/secure.gravatar.com\/avatar\/d5d1959f10b94c8abcf928274f8bb5b8c7370b0dfadb0590911bacad18965f21?s=96&d=mm&r=g","caption":"admin"},"sameAs":["https:\/\/migracja.inzynier.rzeszow.pl"],"url":"https:\/\/inzynier.rzeszow.pl\/index.php\/author\/kwojcik\/"}]}},"rttpg_featured_image_url":{"full":["https:\/\/inzynier.rzeszow.pl\/wp-content\/uploads\/2025\/08\/obraz_2026-02-05_151703987.webp",1920,1280,false],"landscape":["https:\/\/inzynier.rzeszow.pl\/wp-content\/uploads\/2025\/08\/obraz_2026-02-05_151703987.webp",1920,1280,false],"portraits":["https:\/\/inzynier.rzeszow.pl\/wp-content\/uploads\/2025\/08\/obraz_2026-02-05_151703987.webp",1920,1280,false],"thumbnail":["https:\/\/inzynier.rzeszow.pl\/wp-content\/uploads\/2025\/08\/obraz_2026-02-05_151703987-150x150.png",150,150,true],"medium":["https:\/\/inzynier.rzeszow.pl\/wp-content\/uploads\/2025\/08\/obraz_2026-02-05_151703987-300x200.png",300,200,true],"large":["https:\/\/inzynier.rzeszow.pl\/wp-content\/uploads\/2025\/08\/obraz_2026-02-05_151703987-1024x682.webp",1024,682,true],"1536x1536":["https:\/\/inzynier.rzeszow.pl\/wp-content\/uploads\/2025\/08\/obraz_2026-02-05_151703987-1536x1024.webp",1536,1024,true],"2048x2048":["https:\/\/inzynier.rzeszow.pl\/wp-content\/uploads\/2025\/08\/obraz_2026-02-05_151703987.webp",1920,1280,false]},"rttpg_author":{"display_name":"admin","author_link":"https:\/\/inzynier.rzeszow.pl\/index.php\/author\/kwojcik\/"},"rttpg_comment":0,"rttpg_category":"<a href=\"https:\/\/inzynier.rzeszow.pl\/index.php\/category\/konkursy-pdk-oiib\/\" rel=\"category tag\">Konkursy PDK OIIB<\/a> <a href=\"https:\/\/inzynier.rzeszow.pl\/index.php\/category\/konkursy-pdk-oiib\/mistrzostwa-w-marszu-na-orientacje-muczne\/\" rel=\"category tag\">Mistrzostwa w Marszu na Orientacj\u0119 - Muczne<\/a> <a href=\"https:\/\/inzynier.rzeszow.pl\/index.php\/category\/z-zycia-izby\/\" rel=\"category tag\">Z \u017cycia izby<\/a>","rttpg_excerpt":"VI Otwarte Mistrzostwa PDK OIIB w Marszu na Orientacj\u0119 2025 zgromadzi\u0142y uczestnik\u00f3w z r\u00f3\u017cnych region\u00f3w, \u0142\u0105cz\u0105c rywalizacj\u0119 z zabaw\u0105 i umiej\u0119tno\u015bci\u0105 pracy z map\u0105. Wydarzenie by\u0142o doskona\u0142\u0105 okazj\u0105 do integracji \u015brodowiska in\u017cynierskiego oraz promowania aktywnego sp\u0119dzania czasu na \u015bwie\u017cym powietrzu. Relacja z mistrzostw przedstawia przebieg zmaga\u0144, wyniki oraz najciekawsze momenty imprezy.","_links":{"self":[{"href":"https:\/\/inzynier.rzeszow.pl\/index.php\/wp-json\/wp\/v2\/posts\/3982","targetHints":{"allow":["GET"]}}],"collection":[{"href":"https:\/\/inzynier.rzeszow.pl\/index.php\/wp-json\/wp\/v2\/posts"}],"about":[{"href":"https:\/\/inzynier.rzeszow.pl\/index.php\/wp-json\/wp\/v2\/types\/post"}],"author":[{"embeddable":true,"href":"https:\/\/inzynier.rzeszow.pl\/index.php\/wp-json\/wp\/v2\/users\/1"}],"replies":[{"embeddable":true,"href":"https:\/\/inzynier.rzeszow.pl\/index.php\/wp-json\/wp\/v2\/comments?post=3982"}],"version-history":[{"count":34,"href":"https:\/\/inzynier.rzeszow.pl\/index.php\/wp-json\/wp\/v2\/posts\/3982\/revisions"}],"predecessor-version":[{"id":8590,"href":"https:\/\/inzynier.rzeszow.pl\/index.php\/wp-json\/wp\/v2\/posts\/3982\/revisions\/8590"}],"wp:featuredmedia":[{"embeddable":true,"href":"https:\/\/inzynier.rzeszow.pl\/index.php\/wp-json\/wp\/v2\/media\/3984"}],"wp:attachment":[{"href":"https:\/\/inzynier.rzeszow.pl\/index.php\/wp-json\/wp\/v2\/media?parent=3982"}],"wp:term":[{"taxonomy":"category","embeddable":true,"href":"https:\/\/inzynier.rzeszow.pl\/index.php\/wp-json\/wp\/v2\/categories?post=3982"},{"taxonomy":"post_tag","embeddable":true,"href":"https:\/\/inzynier.rzeszow.pl\/index.php\/wp-json\/wp\/v2\/tags?post=3982"}],"curies":[{"name":"wp","href":"https:\/\/api.w.org\/{rel}","templated":true}]}}