{"id":3877,"date":"2025-11-13T14:50:59","date_gmt":"2025-11-13T14:50:59","guid":{"rendered":"https:\/\/migracja.inzynier.rzeszow.pl\/?p=3877"},"modified":"2026-03-14T08:35:56","modified_gmt":"2026-03-14T08:35:56","slug":"xvi-bal-z-okazji-dnia-budowlanych-2025-r","status":"publish","type":"post","link":"https:\/\/inzynier.rzeszow.pl\/index.php\/2025\/11\/13\/xvi-bal-z-okazji-dnia-budowlanych-2025-r\/","title":{"rendered":"XVI Bal z okazji Dnia Budowlanych \u2013 2025 r."},"content":{"rendered":"\t\t<div data-elementor-type=\"wp-post\" data-elementor-id=\"3877\" class=\"elementor elementor-3877\" data-elementor-post-type=\"post\">\n\t\t\t\t<div class=\"elementor-element elementor-element-a86bb8d e-flex e-con-boxed e-con e-parent\" data-id=\"a86bb8d\" data-element_type=\"container\" data-e-type=\"container\">\n\t\t\t\t\t<div class=\"e-con-inner\">\n\t\t<div class=\"elementor-element elementor-element-410f3d0 e-con-full e-flex e-con e-child\" data-id=\"410f3d0\" data-element_type=\"container\" data-e-type=\"container\">\n\t\t<div class=\"elementor-element elementor-element-0161690 e-con-full e-flex e-con e-child\" data-id=\"0161690\" data-element_type=\"container\" data-e-type=\"container\">\n\t\t\t\t<div class=\"elementor-element elementor-element-833a258 elementor-widget elementor-widget-image\" data-id=\"833a258\" data-element_type=\"widget\" data-e-type=\"widget\" data-widget_type=\"image.default\">\n\t\t\t\t\t\t\t\t\t\t\t\t\t\t\t<img fetchpriority=\"high\" decoding=\"async\" width=\"1024\" height=\"682\" src=\"https:\/\/inzynier.rzeszow.pl\/wp-content\/uploads\/2025\/08\/obraz_2026-02-04_155225609-1024x682.webp\" class=\"attachment-large size-large wp-image-3879\" alt=\"\" srcset=\"https:\/\/inzynier.rzeszow.pl\/wp-content\/uploads\/2025\/08\/obraz_2026-02-04_155225609-1024x682.webp 1024w, https:\/\/inzynier.rzeszow.pl\/wp-content\/uploads\/2025\/08\/obraz_2026-02-04_155225609-300x200.png 300w, https:\/\/inzynier.rzeszow.pl\/wp-content\/uploads\/2025\/08\/obraz_2026-02-04_155225609-768x512.webp 768w, https:\/\/inzynier.rzeszow.pl\/wp-content\/uploads\/2025\/08\/obraz_2026-02-04_155225609-1536x1024.webp 1536w, https:\/\/inzynier.rzeszow.pl\/wp-content\/uploads\/2025\/08\/obraz_2026-02-04_155225609.webp 1920w\" sizes=\"(max-width: 1024px) 100vw, 1024px\" \/>\t\t\t\t\t\t\t\t\t\t\t\t\t\t\t<\/div>\n\t\t\t\t<\/div>\n\t\t<div class=\"elementor-element elementor-element-ba0eba7 e-con-full e-flex e-con e-child\" data-id=\"ba0eba7\" data-element_type=\"container\" data-e-type=\"container\">\n\t\t\t\t<div class=\"elementor-element elementor-element-43c5e2f elementor-widget elementor-widget-text-editor\" data-id=\"43c5e2f\" data-element_type=\"widget\" data-e-type=\"widget\" data-widget_type=\"text-editor.default\">\n\t\t\t\t\t\t\t\t\t<p>\u201eI ja tam go\u015bci\u0142em, dobrze si\u0119 bawi\u0142em i pi\u0119kne chwile prze\u017cy\u0142em&#8230;&#8221;<\/p><p>Rezydencja Alabaster przy ul. Ks. J\u00f3zefa Stafieja 8 sta\u0142a si\u0119 ju\u017c miejscem corocznego Balu z okazji Dnia Budowlanych. Wydarzenie, kt\u00f3re odby\u0142o si\u0119 8 listopada 2025 r. zgromadzi\u0142o \u0142\u0105cznie 304 osoby &#8211; naszych cz\u0142onk\u00f3w wraz z osobami towarzysz\u0105cymi.<br \/>Ta wyj\u0105tkowa impreza by\u0142a doskona\u0142\u0105 okazj\u0105 do wsp\u00f3lnego \u015bwi\u0119towania, budowania relacji i integrowania \u015brodowiska technik\u00f3w i in\u017cynier\u00f3w budownictwa. Podkre\u015bli\u0142a ogromn\u0105 rol\u0119, jak\u0105 zawody budowlane odgrywaj\u0105 w \u017cyciu spo\u0142eczno-gospodarczym naszego regionu.<\/p><p>Uroczystego powitania przyby\u0142ych go\u015bci dokona\u0142 przewodnicz\u0105cy Okr\u0119gowej Rady PDK OIIB Grzegorz Dubik, kt\u00f3ry \u017cyczy\u0142 wszystkim wspania\u0142ej zabawy i symbolicznym przem\u00f3wieniem oficjalnie otworzy\u0142 bal. Towarzyszyli mu cz\u0142onkowie prezydium OR PDK OIIB: Wac\u0142aw Kami\u0144ski, Anna Malinowska, Iwona Warzybok oraz \u0141ukasz Ze\u0144ko.<\/p>\t\t\t\t\t\t\t\t<\/div>\n\t\t\t\t<\/div>\n\t\t\t\t<\/div>\n\t\t\t\t\t<\/div>\n\t\t\t\t<\/div>\n\t\t<div class=\"elementor-element elementor-element-efe4a58 e-flex e-con-boxed e-con e-parent\" data-id=\"efe4a58\" data-element_type=\"container\" data-e-type=\"container\">\n\t\t\t\t\t<div class=\"e-con-inner\">\n\t\t\t\t<div class=\"elementor-element elementor-element-5ecb51e elementor-widget elementor-widget-text-editor\" data-id=\"5ecb51e\" data-element_type=\"widget\" data-e-type=\"widget\" data-widget_type=\"text-editor.default\">\n\t\t\t\t\t\t\t\t\t<p>Do ta\u0144ca po raz drugi zagra\u0142 zesp\u00f3\u0142 muzyczny THE eFF band z bogatym i r\u00f3\u017cnorodnym repertuarem. W tym roku na go\u015bci czeka\u0142y wyj\u0105tkowe atrakcje. Jedn\u0105 z nich by\u0142 open bar, kt\u00f3ry cieszy\u0142 si\u0119 ogromnym powodzeniem. Prawdziwym hitem okaza\u0142y si\u0119 dwie fotobudki, gdzie uczestnicy balu mogli otrzyma\u0107 swoje pami\u0105tkowe zdj\u0119cia w niecodziennej charakteryzacji &#8211; jak\u017ce odmiennej od tej codziennej. Szczeg\u00f3lne zainteresowanie wzbudza\u0142a Fotobudka 360, przy kt\u00f3rej ustawia\u0142y si\u0119 kolejki.<br \/><br \/>Dla uczestnik\u00f3w przygotowano bufet z przek\u0105skami oraz ciep\u0142ymi daniami. W przerwach mi\u0119dzy zabaw\u0105 uczestnicy mieli okazj\u0119 do rozm\u00f3w oraz bli\u017cszego poznania koleg\u00f3w i kole\u017canek z bran\u017cy. To w\u0142a\u015bnie te chwile pozwalaj\u0105 umocni\u0107 zawodowe wi\u0119zi w mi\u0142ej, nieformalnej atmosferze.<br \/><br \/>Tegoroczn\u0105 edycj\u0119 balu u\u015bwietni\u0142o obecno\u015bci\u0105 304 osoby. Z satysfakcj\u0105 obserwujemy, \u017ce z roku na rok coraz wi\u0119cej os\u00f3b wybiera w\u0142a\u015bnie t\u0119 form\u0119 celebrowania naszego bran\u017cowego \u015bwi\u0119ta, pobijaj\u0105c kolejne rekordy frekwencji. Wiecz\u00f3r up\u0142yn\u0105\u0142 w niezwykle przyjaznej, radosnej atmosferze, jedzenie przepyszne, a muzyka taneczna r\u00f3\u017cnorodna tematycznie.<br \/><br \/>Bal z okazji Dnia Budowlanych zako\u0144czy\u0142 si\u0119 pe\u0142nym sukcesem. By\u0142 nie tylko \u015bwietn\u0105 okazj\u0105 do wsp\u00f3lnej zabawy, ale tak\u017ce momentem integracji spo\u0142eczno\u015bci budowlanej. Spotka\u0142 si\u0119 z bardzo pozytywnym odbiorem, a s\u0142owa uznania uczestnik\u00f3w i deklaracje udzia\u0142u w przysz\u0142orocznej edycji s\u0105 dla nas najwi\u0119ksz\u0105 motywacj\u0105.<br \/><br \/>Bal zako\u0144czy\u0142 Wac\u0142aw Kami\u0144ski, dzi\u0119kuj\u0105c pozosta\u0142ym go\u015bciom za wytrwa\u0142o\u015b\u0107 i wsp\u00f3ln\u0105 zabaw\u0119 jednocze\u015bnie zapraszaj\u0105c na bal za rok.<br \/><br \/>Mamy przyjemno\u015b\u0107 udost\u0119pni\u0107 galeri\u0119 fotograficzn\u0105, kt\u00f3ra oddaje magiczn\u0105 atmosfer\u0119 tegorocznego balu : <a href=\"https:\/\/gofile.me\/68cFk\/h3cDVHi2C\">https:\/\/gofile.me\/68cFk\/h3cDVHi2C<\/a><\/p><p align=\"right\">Opracowa\u0142: Wac\u0142aw Kami\u0144ski<br \/>fot.: Kamil Kulpa<\/p>\t\t\t\t\t\t\t\t<\/div>\n\t\t\t\t\t<\/div>\n\t\t\t\t<\/div>\n\t\t<div class=\"elementor-element elementor-element-0224930 e-flex e-con-boxed e-con e-parent\" data-id=\"0224930\" data-element_type=\"container\" data-e-type=\"container\">\n\t\t\t\t\t<div class=\"e-con-inner\">\n\t\t<div class=\"elementor-element elementor-element-0bd2371 e-con-full e-flex e-con e-child\" data-id=\"0bd2371\" data-element_type=\"container\" data-e-type=\"container\">\n\t\t<div class=\"elementor-element elementor-element-38883c6 e-con-full e-flex e-con e-child\" data-id=\"38883c6\" data-element_type=\"container\" data-e-type=\"container\">\n\t\t\t\t<div class=\"elementor-element elementor-element-9f299a8 elementor-widget elementor-widget-video\" data-id=\"9f299a8\" data-element_type=\"widget\" data-e-type=\"widget\" data-settings=\"{&quot;youtube_url&quot;:&quot;https:\\\/\\\/www.youtube.com\\\/watch?v=R_YBjpuoLuw&quot;,&quot;video_type&quot;:&quot;youtube&quot;,&quot;controls&quot;:&quot;yes&quot;}\" data-widget_type=\"video.default\">\n\t\t\t\t\t\t\t<div class=\"elementor-wrapper elementor-open-inline\">\n\t\t\t<div class=\"elementor-video\"><\/div>\t\t<\/div>\n\t\t\t\t\t\t<\/div>\n\t\t\t\t<\/div>\n\t\t<div class=\"elementor-element elementor-element-a3fa413 e-con-full e-flex e-con e-child\" data-id=\"a3fa413\" data-element_type=\"container\" data-e-type=\"container\">\n\t\t\t\t<div class=\"elementor-element elementor-element-18ac717 elementor-widget elementor-widget-text-editor\" data-id=\"18ac717\" data-element_type=\"widget\" data-e-type=\"widget\" data-widget_type=\"text-editor.default\">\n\t\t\t\t\t\t\t\t\t<p>Bal z okazji Dnia Budowlanych w ca\u0142ej okaza\u0142o\u015bci \u2013 ta\u0144ce do utraty tchu i energia, kt\u00f3ra mog\u0142aby zasili\u0107 niejeden plac budowy!\u00a0<br \/>Film z Balu Budowlanych! Takiego wieczoru si\u0119 nie zapomina!\u00a0<strong><br \/><\/strong>realizacja: Kamil Kupla<strong><a href=\"https:\/\/youtu.be\/R_YBjpuoLuw?si=rcF4n9_l2F9e4uDc\" target=\"_blank\" rel=\"noopener\"><br \/>&#8230;wi\u0119cej &gt;&gt;<\/a><\/strong><\/p>\t\t\t\t\t\t\t\t<\/div>\n\t\t\t\t<\/div>\n\t\t\t\t<\/div>\n\t\t\t\t\t<\/div>\n\t\t\t\t<\/div>\n\t\t<div class=\"elementor-element elementor-element-a545f15 e-flex e-con-boxed e-con e-parent\" data-id=\"a545f15\" data-element_type=\"container\" data-e-type=\"container\">\n\t\t\t\t\t<div class=\"e-con-inner\">\n\t\t\t\t<div class=\"elementor-element elementor-element-7f810c7 elementor-widget__width-inherit elementor-icon-list--layout-traditional elementor-list-item-link-full_width elementor-widget elementor-widget-icon-list\" data-id=\"7f810c7\" data-element_type=\"widget\" data-e-type=\"widget\" data-widget_type=\"icon-list.default\">\n\t\t\t\t\t\t\t<ul class=\"elementor-icon-list-items\">\n\t\t\t\t\t\t\t<li class=\"elementor-icon-list-item\">\n\t\t\t\t\t\t\t\t\t\t\t<a href=\"https:\/\/gofile.me\/68cFk\/h3cDVHi2C\">\n\n\t\t\t\t\t\t\t\t\t\t\t\t<span class=\"elementor-icon-list-icon\">\n\t\t\t\t\t\t\t<svg aria-hidden=\"true\" class=\"e-font-icon-svg e-fas-arrow-circle-right\" viewBox=\"0 0 512 512\" xmlns=\"http:\/\/www.w3.org\/2000\/svg\"><path d=\"M256 8c137 0 248 111 248 248S393 504 256 504 8 393 8 256 119 8 256 8zm-28.9 143.6l75.5 72.4H120c-13.3 0-24 10.7-24 24v16c0 13.3 10.7 24 24 24h182.6l-75.5 72.4c-9.7 9.3-9.9 24.8-.4 34.3l11 10.9c9.4 9.4 24.6 9.4 33.9 0L404.3 273c9.4-9.4 9.4-24.6 0-33.9L271.6 106.3c-9.4-9.4-24.6-9.4-33.9 0l-11 10.9c-9.5 9.6-9.3 25.1.4 34.4z\"><\/path><\/svg>\t\t\t\t\t\t<\/span>\n\t\t\t\t\t\t\t\t\t\t<span class=\"elementor-icon-list-text\">Galeria fotograficzna z XVI Balu z okazji Dnia Budowlanych \u2013 08.11.2025 r. -  fot.: Kamil Kulpa<\/span>\n\t\t\t\t\t\t\t\t\t\t\t<\/a>\n\t\t\t\t\t\t\t\t\t<\/li>\n\t\t\t\t\t\t<\/ul>\n\t\t\t\t\t\t<\/div>\n\t\t\t\t\t<\/div>\n\t\t\t\t<\/div>\n\t\t<div class=\"elementor-element elementor-element-756db20 e-flex e-con-boxed e-con e-parent\" data-id=\"756db20\" data-element_type=\"container\" data-e-type=\"container\">\n\t\t\t\t\t<div class=\"e-con-inner\">\n\t\t\t\t<div class=\"elementor-element elementor-element-e471809 elementor-widget elementor-widget-gallery\" data-id=\"e471809\" data-element_type=\"widget\" data-e-type=\"widget\" data-settings=\"{&quot;columns&quot;:3,&quot;lazyload&quot;:&quot;yes&quot;,&quot;gallery_layout&quot;:&quot;grid&quot;,&quot;columns_tablet&quot;:2,&quot;columns_mobile&quot;:1,&quot;gap&quot;:{&quot;unit&quot;:&quot;px&quot;,&quot;size&quot;:10,&quot;sizes&quot;:[]},&quot;gap_tablet&quot;:{&quot;unit&quot;:&quot;px&quot;,&quot;size&quot;:10,&quot;sizes&quot;:[]},&quot;gap_mobile&quot;:{&quot;unit&quot;:&quot;px&quot;,&quot;size&quot;:10,&quot;sizes&quot;:[]},&quot;link_to&quot;:&quot;file&quot;,&quot;aspect_ratio&quot;:&quot;3:2&quot;,&quot;overlay_background&quot;:&quot;yes&quot;,&quot;content_hover_animation&quot;:&quot;fade-in&quot;}\" data-widget_type=\"gallery.default\">\n\t\t\t\t\t\t\t<div class=\"elementor-gallery__container\">\n\t\t\t\t\t\t\t<a class=\"e-gallery-item elementor-gallery-item elementor-animated-content\" href=\"https:\/\/inzynier.rzeszow.pl\/wp-content\/uploads\/2025\/08\/obraz_2026-02-04_155452901.webp\" data-elementor-open-lightbox=\"yes\" data-elementor-lightbox-slideshow=\"e471809\" data-e-action-hash=\"#elementor-action%3Aaction%3Dlightbox%26settings%3DeyJpZCI6Mzg4MCwidXJsIjoiaHR0cHM6XC9cL2luenluaWVyLnJ6ZXN6b3cucGxcL3dwLWNvbnRlbnRcL3VwbG9hZHNcLzIwMjVcLzA4XC9vYnJhel8yMDI2LTAyLTA0XzE1NTQ1MjkwMS53ZWJwIiwic2xpZGVzaG93IjoiZTQ3MTgwOSJ9\">\n\t\t\t\t\t<div class=\"e-gallery-image elementor-gallery-item__image\" data-thumbnail=\"https:\/\/inzynier.rzeszow.pl\/wp-content\/uploads\/2025\/08\/obraz_2026-02-04_155452901-768x512.webp\" data-width=\"768\" data-height=\"512\" aria-label=\"\" role=\"img\" ><\/div>\n\t\t\t\t\t\t\t\t\t\t\t<div class=\"elementor-gallery-item__overlay\"><\/div>\n\t\t\t\t\t\t\t\t\t\t\t\t\t\t<\/a>\n\t\t\t\t\t\t\t<a class=\"e-gallery-item elementor-gallery-item elementor-animated-content\" href=\"https:\/\/inzynier.rzeszow.pl\/wp-content\/uploads\/2025\/08\/obraz_2026-02-04_155501419.webp\" data-elementor-open-lightbox=\"yes\" data-elementor-lightbox-slideshow=\"e471809\" data-e-action-hash=\"#elementor-action%3Aaction%3Dlightbox%26settings%3DeyJpZCI6Mzg4MSwidXJsIjoiaHR0cHM6XC9cL2luenluaWVyLnJ6ZXN6b3cucGxcL3dwLWNvbnRlbnRcL3VwbG9hZHNcLzIwMjVcLzA4XC9vYnJhel8yMDI2LTAyLTA0XzE1NTUwMTQxOS53ZWJwIiwic2xpZGVzaG93IjoiZTQ3MTgwOSJ9\">\n\t\t\t\t\t<div class=\"e-gallery-image elementor-gallery-item__image\" data-thumbnail=\"https:\/\/inzynier.rzeszow.pl\/wp-content\/uploads\/2025\/08\/obraz_2026-02-04_155501419-768x512.webp\" data-width=\"768\" data-height=\"512\" aria-label=\"\" role=\"img\" ><\/div>\n\t\t\t\t\t\t\t\t\t\t\t<div class=\"elementor-gallery-item__overlay\"><\/div>\n\t\t\t\t\t\t\t\t\t\t\t\t\t\t<\/a>\n\t\t\t\t\t\t\t<a class=\"e-gallery-item elementor-gallery-item elementor-animated-content\" href=\"https:\/\/inzynier.rzeszow.pl\/wp-content\/uploads\/2025\/08\/obraz_2026-02-04_155508310.webp\" data-elementor-open-lightbox=\"yes\" data-elementor-lightbox-slideshow=\"e471809\" data-e-action-hash=\"#elementor-action%3Aaction%3Dlightbox%26settings%3DeyJpZCI6Mzg4MiwidXJsIjoiaHR0cHM6XC9cL2luenluaWVyLnJ6ZXN6b3cucGxcL3dwLWNvbnRlbnRcL3VwbG9hZHNcLzIwMjVcLzA4XC9vYnJhel8yMDI2LTAyLTA0XzE1NTUwODMxMC53ZWJwIiwic2xpZGVzaG93IjoiZTQ3MTgwOSJ9\">\n\t\t\t\t\t<div class=\"e-gallery-image elementor-gallery-item__image\" data-thumbnail=\"https:\/\/inzynier.rzeszow.pl\/wp-content\/uploads\/2025\/08\/obraz_2026-02-04_155508310-768x512.webp\" data-width=\"768\" data-height=\"512\" aria-label=\"\" role=\"img\" ><\/div>\n\t\t\t\t\t\t\t\t\t\t\t<div class=\"elementor-gallery-item__overlay\"><\/div>\n\t\t\t\t\t\t\t\t\t\t\t\t\t\t<\/a>\n\t\t\t\t\t\t\t<a class=\"e-gallery-item elementor-gallery-item elementor-animated-content\" href=\"https:\/\/inzynier.rzeszow.pl\/wp-content\/uploads\/2025\/08\/obraz_2026-02-04_155514983.webp\" data-elementor-open-lightbox=\"yes\" data-elementor-lightbox-slideshow=\"e471809\" data-e-action-hash=\"#elementor-action%3Aaction%3Dlightbox%26settings%3DeyJpZCI6Mzg4MywidXJsIjoiaHR0cHM6XC9cL2luenluaWVyLnJ6ZXN6b3cucGxcL3dwLWNvbnRlbnRcL3VwbG9hZHNcLzIwMjVcLzA4XC9vYnJhel8yMDI2LTAyLTA0XzE1NTUxNDk4My53ZWJwIiwic2xpZGVzaG93IjoiZTQ3MTgwOSJ9\">\n\t\t\t\t\t<div class=\"e-gallery-image elementor-gallery-item__image\" data-thumbnail=\"https:\/\/inzynier.rzeszow.pl\/wp-content\/uploads\/2025\/08\/obraz_2026-02-04_155514983-768x512.webp\" data-width=\"768\" data-height=\"512\" aria-label=\"\" role=\"img\" ><\/div>\n\t\t\t\t\t\t\t\t\t\t\t<div class=\"elementor-gallery-item__overlay\"><\/div>\n\t\t\t\t\t\t\t\t\t\t\t\t\t\t<\/a>\n\t\t\t\t\t\t\t<a class=\"e-gallery-item elementor-gallery-item elementor-animated-content\" href=\"https:\/\/inzynier.rzeszow.pl\/wp-content\/uploads\/2025\/08\/obraz_2026-02-04_155522150.webp\" data-elementor-open-lightbox=\"yes\" data-elementor-lightbox-slideshow=\"e471809\" data-e-action-hash=\"#elementor-action%3Aaction%3Dlightbox%26settings%3DeyJpZCI6Mzg4NCwidXJsIjoiaHR0cHM6XC9cL2luenluaWVyLnJ6ZXN6b3cucGxcL3dwLWNvbnRlbnRcL3VwbG9hZHNcLzIwMjVcLzA4XC9vYnJhel8yMDI2LTAyLTA0XzE1NTUyMjE1MC53ZWJwIiwic2xpZGVzaG93IjoiZTQ3MTgwOSJ9\">\n\t\t\t\t\t<div class=\"e-gallery-image elementor-gallery-item__image\" data-thumbnail=\"https:\/\/inzynier.rzeszow.pl\/wp-content\/uploads\/2025\/08\/obraz_2026-02-04_155522150-768x512.webp\" data-width=\"768\" data-height=\"512\" aria-label=\"\" role=\"img\" ><\/div>\n\t\t\t\t\t\t\t\t\t\t\t<div class=\"elementor-gallery-item__overlay\"><\/div>\n\t\t\t\t\t\t\t\t\t\t\t\t\t\t<\/a>\n\t\t\t\t\t\t\t<a class=\"e-gallery-item elementor-gallery-item elementor-animated-content\" href=\"https:\/\/inzynier.rzeszow.pl\/wp-content\/uploads\/2025\/08\/obraz_2026-02-04_155530868.webp\" data-elementor-open-lightbox=\"yes\" data-elementor-lightbox-slideshow=\"e471809\" data-e-action-hash=\"#elementor-action%3Aaction%3Dlightbox%26settings%3DeyJpZCI6Mzg4NSwidXJsIjoiaHR0cHM6XC9cL2luenluaWVyLnJ6ZXN6b3cucGxcL3dwLWNvbnRlbnRcL3VwbG9hZHNcLzIwMjVcLzA4XC9vYnJhel8yMDI2LTAyLTA0XzE1NTUzMDg2OC53ZWJwIiwic2xpZGVzaG93IjoiZTQ3MTgwOSJ9\">\n\t\t\t\t\t<div class=\"e-gallery-image elementor-gallery-item__image\" data-thumbnail=\"https:\/\/inzynier.rzeszow.pl\/wp-content\/uploads\/2025\/08\/obraz_2026-02-04_155530868-768x512.webp\" data-width=\"768\" data-height=\"512\" aria-label=\"\" role=\"img\" ><\/div>\n\t\t\t\t\t\t\t\t\t\t\t<div class=\"elementor-gallery-item__overlay\"><\/div>\n\t\t\t\t\t\t\t\t\t\t\t\t\t\t<\/a>\n\t\t\t\t\t<\/div>\n\t\t\t\t\t<\/div>\n\t\t\t\t\t<\/div>\n\t\t\t\t<\/div>\n\t\t\t\t<\/div>\n\t\t","protected":false},"excerpt":{"rendered":"<p>8 listopada 2025 r. odby\u0142 si\u0119 XVI Bal z okazji Dnia Budowlanych, kt\u00f3ry zgromadzi\u0142 cz\u0142onk\u00f3w Podkarpackiej Okr\u0119gowej Izby In\u017cynier\u00f3w Budownictwa wraz z osobami towarzysz\u0105cymi. Wydarzenie by\u0142o okazj\u0105 do wsp\u00f3lnego \u015bwi\u0119towania, integracji \u015brodowiska budowlanego oraz sp\u0119dzenia czasu w uroczystej i przyjaznej atmosferze.<\/p>\n","protected":false},"author":1,"featured_media":3879,"comment_status":"closed","ping_status":"closed","sticky":false,"template":"","format":"standard","meta":{"site-sidebar-layout":"default","site-content-layout":"","ast-site-content-layout":"default","site-content-style":"default","site-sidebar-style":"default","ast-global-header-display":"","ast-banner-title-visibility":"","ast-main-header-display":"","ast-hfb-above-header-display":"","ast-hfb-below-header-display":"","ast-hfb-mobile-header-display":"","site-post-title":"","ast-breadcrumbs-content":"","ast-featured-img":"","footer-sml-layout":"","ast-disable-related-posts":"","theme-transparent-header-meta":"","adv-header-id-meta":"","stick-header-meta":"","header-above-stick-meta":"","header-main-stick-meta":"","header-below-stick-meta":"","astra-migrate-meta-layouts":"default","ast-page-background-enabled":"default","ast-page-background-meta":{"desktop":{"background-color":"var(--ast-global-color-5)","background-image":"","background-repeat":"repeat","background-position":"center center","background-size":"auto","background-attachment":"scroll","background-type":"","background-media":"","overlay-type":"","overlay-color":"","overlay-opacity":"","overlay-gradient":""},"tablet":{"background-color":"","background-image":"","background-repeat":"repeat","background-position":"center center","background-size":"auto","background-attachment":"scroll","background-type":"","background-media":"","overlay-type":"","overlay-color":"","overlay-opacity":"","overlay-gradient":""},"mobile":{"background-color":"","background-image":"","background-repeat":"repeat","background-position":"center center","background-size":"auto","background-attachment":"scroll","background-type":"","background-media":"","overlay-type":"","overlay-color":"","overlay-opacity":"","overlay-gradient":""}},"ast-content-background-meta":{"desktop":{"background-color":"var(--ast-global-color-4)","background-image":"","background-repeat":"repeat","background-position":"center center","background-size":"auto","background-attachment":"scroll","background-type":"","background-media":"","overlay-type":"","overlay-color":"","overlay-opacity":"","overlay-gradient":""},"tablet":{"background-color":"var(--ast-global-color-4)","background-image":"","background-repeat":"repeat","background-position":"center center","background-size":"auto","background-attachment":"scroll","background-type":"","background-media":"","overlay-type":"","overlay-color":"","overlay-opacity":"","overlay-gradient":""},"mobile":{"background-color":"var(--ast-global-color-4)","background-image":"","background-repeat":"repeat","background-position":"center center","background-size":"auto","background-attachment":"scroll","background-type":"","background-media":"","overlay-type":"","overlay-color":"","overlay-opacity":"","overlay-gradient":""}},"footnotes":""},"categories":[8,16,55],"tags":[],"class_list":["post-3877","post","type-post","status-publish","format-standard","has-post-thumbnail","hentry","category-bal-z-okazji-dnia-budowlanych","category-z-zycia-izby","category-z-zycia-izby-rok-2025"],"yoast_head":"<!-- This site is optimized with the Yoast SEO plugin v27.5 - https:\/\/yoast.com\/product\/yoast-seo-wordpress\/ -->\n<title>XVI Bal z okazji Dnia Budowlanych \u2013 2025 r. - Podkarpacka Okregowa Izba Inzynierow Budownictwa<\/title>\n<meta name=\"robots\" content=\"index, follow, max-snippet:-1, max-image-preview:large, max-video-preview:-1\" \/>\n<link rel=\"canonical\" href=\"https:\/\/inzynier.rzeszow.pl\/index.php\/2025\/11\/13\/xvi-bal-z-okazji-dnia-budowlanych-2025-r\/\" \/>\n<meta property=\"og:locale\" content=\"pl_PL\" \/>\n<meta property=\"og:type\" content=\"article\" \/>\n<meta property=\"og:title\" content=\"XVI Bal z okazji Dnia Budowlanych \u2013 2025 r. - Podkarpacka Okregowa Izba Inzynierow Budownictwa\" \/>\n<meta property=\"og:description\" content=\"8 listopada 2025 r. odby\u0142 si\u0119 XVI Bal z okazji Dnia Budowlanych, kt\u00f3ry zgromadzi\u0142 cz\u0142onk\u00f3w Podkarpackiej Okr\u0119gowej Izby In\u017cynier\u00f3w Budownictwa wraz z osobami towarzysz\u0105cymi. Wydarzenie by\u0142o okazj\u0105 do wsp\u00f3lnego \u015bwi\u0119towania, integracji \u015brodowiska budowlanego oraz sp\u0119dzenia czasu w uroczystej i przyjaznej atmosferze.\" \/>\n<meta property=\"og:url\" content=\"https:\/\/inzynier.rzeszow.pl\/index.php\/2025\/11\/13\/xvi-bal-z-okazji-dnia-budowlanych-2025-r\/\" \/>\n<meta property=\"og:site_name\" content=\"Podkarpacka Okregowa Izba Inzynierow Budownictwa\" \/>\n<meta property=\"article:published_time\" content=\"2025-11-13T14:50:59+00:00\" \/>\n<meta property=\"article:modified_time\" content=\"2026-03-14T08:35:56+00:00\" \/>\n<meta property=\"og:image\" content=\"https:\/\/inzynier.rzeszow.pl\/wp-content\/uploads\/2025\/08\/obraz_2026-02-04_155225609-1024x682.png\" \/>\n\t<meta property=\"og:image:width\" content=\"1024\" \/>\n\t<meta property=\"og:image:height\" content=\"682\" \/>\n\t<meta property=\"og:image:type\" content=\"image\/png\" \/>\n<meta name=\"author\" content=\"admin\" \/>\n<meta name=\"twitter:card\" content=\"summary_large_image\" \/>\n<meta name=\"twitter:label1\" content=\"Napisane przez\" \/>\n\t<meta name=\"twitter:data1\" content=\"admin\" \/>\n\t<meta name=\"twitter:label2\" content=\"Szacowany czas czytania\" \/>\n\t<meta name=\"twitter:data2\" content=\"3 minuty\" \/>\n<script type=\"application\/ld+json\" class=\"yoast-schema-graph\">{\"@context\":\"https:\\\/\\\/schema.org\",\"@graph\":[{\"@type\":\"Article\",\"@id\":\"https:\\\/\\\/inzynier.rzeszow.pl\\\/index.php\\\/2025\\\/11\\\/13\\\/xvi-bal-z-okazji-dnia-budowlanych-2025-r\\\/#article\",\"isPartOf\":{\"@id\":\"https:\\\/\\\/inzynier.rzeszow.pl\\\/index.php\\\/2025\\\/11\\\/13\\\/xvi-bal-z-okazji-dnia-budowlanych-2025-r\\\/\"},\"author\":{\"name\":\"admin\",\"@id\":\"https:\\\/\\\/inzynier.rzeszow.pl\\\/#\\\/schema\\\/person\\\/21ca162d893bdc5760a95d704e9b1e39\"},\"headline\":\"XVI Bal z okazji Dnia Budowlanych \u2013 2025 r.\",\"datePublished\":\"2025-11-13T14:50:59+00:00\",\"dateModified\":\"2026-03-14T08:35:56+00:00\",\"mainEntityOfPage\":{\"@id\":\"https:\\\/\\\/inzynier.rzeszow.pl\\\/index.php\\\/2025\\\/11\\\/13\\\/xvi-bal-z-okazji-dnia-budowlanych-2025-r\\\/\"},\"wordCount\":516,\"image\":{\"@id\":\"https:\\\/\\\/inzynier.rzeszow.pl\\\/index.php\\\/2025\\\/11\\\/13\\\/xvi-bal-z-okazji-dnia-budowlanych-2025-r\\\/#primaryimage\"},\"thumbnailUrl\":\"https:\\\/\\\/inzynier.rzeszow.pl\\\/wp-content\\\/uploads\\\/2025\\\/08\\\/obraz_2026-02-04_155225609.webp\",\"articleSection\":[\"Bal z okazji Dnia Budowlanych\",\"Z \u017cycia izby\",\"Z \u017cycia Izby Rok 2025\"],\"inLanguage\":\"pl-PL\"},{\"@type\":\"WebPage\",\"@id\":\"https:\\\/\\\/inzynier.rzeszow.pl\\\/index.php\\\/2025\\\/11\\\/13\\\/xvi-bal-z-okazji-dnia-budowlanych-2025-r\\\/\",\"url\":\"https:\\\/\\\/inzynier.rzeszow.pl\\\/index.php\\\/2025\\\/11\\\/13\\\/xvi-bal-z-okazji-dnia-budowlanych-2025-r\\\/\",\"name\":\"XVI Bal z okazji Dnia Budowlanych \u2013 2025 r. - Podkarpacka Okregowa Izba Inzynierow Budownictwa\",\"isPartOf\":{\"@id\":\"https:\\\/\\\/inzynier.rzeszow.pl\\\/#website\"},\"primaryImageOfPage\":{\"@id\":\"https:\\\/\\\/inzynier.rzeszow.pl\\\/index.php\\\/2025\\\/11\\\/13\\\/xvi-bal-z-okazji-dnia-budowlanych-2025-r\\\/#primaryimage\"},\"image\":{\"@id\":\"https:\\\/\\\/inzynier.rzeszow.pl\\\/index.php\\\/2025\\\/11\\\/13\\\/xvi-bal-z-okazji-dnia-budowlanych-2025-r\\\/#primaryimage\"},\"thumbnailUrl\":\"https:\\\/\\\/inzynier.rzeszow.pl\\\/wp-content\\\/uploads\\\/2025\\\/08\\\/obraz_2026-02-04_155225609.webp\",\"datePublished\":\"2025-11-13T14:50:59+00:00\",\"dateModified\":\"2026-03-14T08:35:56+00:00\",\"author\":{\"@id\":\"https:\\\/\\\/inzynier.rzeszow.pl\\\/#\\\/schema\\\/person\\\/21ca162d893bdc5760a95d704e9b1e39\"},\"breadcrumb\":{\"@id\":\"https:\\\/\\\/inzynier.rzeszow.pl\\\/index.php\\\/2025\\\/11\\\/13\\\/xvi-bal-z-okazji-dnia-budowlanych-2025-r\\\/#breadcrumb\"},\"inLanguage\":\"pl-PL\",\"potentialAction\":[{\"@type\":\"ReadAction\",\"target\":[\"https:\\\/\\\/inzynier.rzeszow.pl\\\/index.php\\\/2025\\\/11\\\/13\\\/xvi-bal-z-okazji-dnia-budowlanych-2025-r\\\/\"]}]},{\"@type\":\"ImageObject\",\"inLanguage\":\"pl-PL\",\"@id\":\"https:\\\/\\\/inzynier.rzeszow.pl\\\/index.php\\\/2025\\\/11\\\/13\\\/xvi-bal-z-okazji-dnia-budowlanych-2025-r\\\/#primaryimage\",\"url\":\"https:\\\/\\\/inzynier.rzeszow.pl\\\/wp-content\\\/uploads\\\/2025\\\/08\\\/obraz_2026-02-04_155225609.webp\",\"contentUrl\":\"https:\\\/\\\/inzynier.rzeszow.pl\\\/wp-content\\\/uploads\\\/2025\\\/08\\\/obraz_2026-02-04_155225609.webp\",\"width\":1920,\"height\":1280},{\"@type\":\"BreadcrumbList\",\"@id\":\"https:\\\/\\\/inzynier.rzeszow.pl\\\/index.php\\\/2025\\\/11\\\/13\\\/xvi-bal-z-okazji-dnia-budowlanych-2025-r\\\/#breadcrumb\",\"itemListElement\":[{\"@type\":\"ListItem\",\"position\":1,\"name\":\"Strona g\u0142\u00f3wna\",\"item\":\"https:\\\/\\\/inzynier.rzeszow.pl\\\/\"},{\"@type\":\"ListItem\",\"position\":2,\"name\":\"XVI Bal z okazji Dnia Budowlanych \u2013 2025 r.\"}]},{\"@type\":\"WebSite\",\"@id\":\"https:\\\/\\\/inzynier.rzeszow.pl\\\/#website\",\"url\":\"https:\\\/\\\/inzynier.rzeszow.pl\\\/\",\"name\":\"Podkarpacka Okregowa Izba Inzynierow Budownictwa\",\"description\":\"\",\"potentialAction\":[{\"@type\":\"SearchAction\",\"target\":{\"@type\":\"EntryPoint\",\"urlTemplate\":\"https:\\\/\\\/inzynier.rzeszow.pl\\\/?s={search_term_string}\"},\"query-input\":{\"@type\":\"PropertyValueSpecification\",\"valueRequired\":true,\"valueName\":\"search_term_string\"}}],\"inLanguage\":\"pl-PL\"},{\"@type\":\"Person\",\"@id\":\"https:\\\/\\\/inzynier.rzeszow.pl\\\/#\\\/schema\\\/person\\\/21ca162d893bdc5760a95d704e9b1e39\",\"name\":\"admin\",\"image\":{\"@type\":\"ImageObject\",\"inLanguage\":\"pl-PL\",\"@id\":\"https:\\\/\\\/secure.gravatar.com\\\/avatar\\\/d5d1959f10b94c8abcf928274f8bb5b8c7370b0dfadb0590911bacad18965f21?s=96&d=mm&r=g\",\"url\":\"https:\\\/\\\/secure.gravatar.com\\\/avatar\\\/d5d1959f10b94c8abcf928274f8bb5b8c7370b0dfadb0590911bacad18965f21?s=96&d=mm&r=g\",\"contentUrl\":\"https:\\\/\\\/secure.gravatar.com\\\/avatar\\\/d5d1959f10b94c8abcf928274f8bb5b8c7370b0dfadb0590911bacad18965f21?s=96&d=mm&r=g\",\"caption\":\"admin\"},\"sameAs\":[\"https:\\\/\\\/migracja.inzynier.rzeszow.pl\"],\"url\":\"https:\\\/\\\/inzynier.rzeszow.pl\\\/index.php\\\/author\\\/kwojcik\\\/\"}]}<\/script>\n<!-- \/ Yoast SEO plugin. -->","yoast_head_json":{"title":"XVI Bal z okazji Dnia Budowlanych \u2013 2025 r. - Podkarpacka Okregowa Izba Inzynierow Budownictwa","robots":{"index":"index","follow":"follow","max-snippet":"max-snippet:-1","max-image-preview":"max-image-preview:large","max-video-preview":"max-video-preview:-1"},"canonical":"https:\/\/inzynier.rzeszow.pl\/index.php\/2025\/11\/13\/xvi-bal-z-okazji-dnia-budowlanych-2025-r\/","og_locale":"pl_PL","og_type":"article","og_title":"XVI Bal z okazji Dnia Budowlanych \u2013 2025 r. - Podkarpacka Okregowa Izba Inzynierow Budownictwa","og_description":"8 listopada 2025 r. odby\u0142 si\u0119 XVI Bal z okazji Dnia Budowlanych, kt\u00f3ry zgromadzi\u0142 cz\u0142onk\u00f3w Podkarpackiej Okr\u0119gowej Izby In\u017cynier\u00f3w Budownictwa wraz z osobami towarzysz\u0105cymi. Wydarzenie by\u0142o okazj\u0105 do wsp\u00f3lnego \u015bwi\u0119towania, integracji \u015brodowiska budowlanego oraz sp\u0119dzenia czasu w uroczystej i przyjaznej atmosferze.","og_url":"https:\/\/inzynier.rzeszow.pl\/index.php\/2025\/11\/13\/xvi-bal-z-okazji-dnia-budowlanych-2025-r\/","og_site_name":"Podkarpacka Okregowa Izba Inzynierow Budownictwa","article_published_time":"2025-11-13T14:50:59+00:00","article_modified_time":"2026-03-14T08:35:56+00:00","og_image":[{"width":1024,"height":682,"url":"https:\/\/inzynier.rzeszow.pl\/wp-content\/uploads\/2025\/08\/obraz_2026-02-04_155225609-1024x682.png","type":"image\/png"}],"author":"admin","twitter_card":"summary_large_image","twitter_misc":{"Napisane przez":"admin","Szacowany czas czytania":"3 minuty"},"schema":{"@context":"https:\/\/schema.org","@graph":[{"@type":"Article","@id":"https:\/\/inzynier.rzeszow.pl\/index.php\/2025\/11\/13\/xvi-bal-z-okazji-dnia-budowlanych-2025-r\/#article","isPartOf":{"@id":"https:\/\/inzynier.rzeszow.pl\/index.php\/2025\/11\/13\/xvi-bal-z-okazji-dnia-budowlanych-2025-r\/"},"author":{"name":"admin","@id":"https:\/\/inzynier.rzeszow.pl\/#\/schema\/person\/21ca162d893bdc5760a95d704e9b1e39"},"headline":"XVI Bal z okazji Dnia Budowlanych \u2013 2025 r.","datePublished":"2025-11-13T14:50:59+00:00","dateModified":"2026-03-14T08:35:56+00:00","mainEntityOfPage":{"@id":"https:\/\/inzynier.rzeszow.pl\/index.php\/2025\/11\/13\/xvi-bal-z-okazji-dnia-budowlanych-2025-r\/"},"wordCount":516,"image":{"@id":"https:\/\/inzynier.rzeszow.pl\/index.php\/2025\/11\/13\/xvi-bal-z-okazji-dnia-budowlanych-2025-r\/#primaryimage"},"thumbnailUrl":"https:\/\/inzynier.rzeszow.pl\/wp-content\/uploads\/2025\/08\/obraz_2026-02-04_155225609.webp","articleSection":["Bal z okazji Dnia Budowlanych","Z \u017cycia izby","Z \u017cycia Izby Rok 2025"],"inLanguage":"pl-PL"},{"@type":"WebPage","@id":"https:\/\/inzynier.rzeszow.pl\/index.php\/2025\/11\/13\/xvi-bal-z-okazji-dnia-budowlanych-2025-r\/","url":"https:\/\/inzynier.rzeszow.pl\/index.php\/2025\/11\/13\/xvi-bal-z-okazji-dnia-budowlanych-2025-r\/","name":"XVI Bal z okazji Dnia Budowlanych \u2013 2025 r. - Podkarpacka Okregowa Izba Inzynierow Budownictwa","isPartOf":{"@id":"https:\/\/inzynier.rzeszow.pl\/#website"},"primaryImageOfPage":{"@id":"https:\/\/inzynier.rzeszow.pl\/index.php\/2025\/11\/13\/xvi-bal-z-okazji-dnia-budowlanych-2025-r\/#primaryimage"},"image":{"@id":"https:\/\/inzynier.rzeszow.pl\/index.php\/2025\/11\/13\/xvi-bal-z-okazji-dnia-budowlanych-2025-r\/#primaryimage"},"thumbnailUrl":"https:\/\/inzynier.rzeszow.pl\/wp-content\/uploads\/2025\/08\/obraz_2026-02-04_155225609.webp","datePublished":"2025-11-13T14:50:59+00:00","dateModified":"2026-03-14T08:35:56+00:00","author":{"@id":"https:\/\/inzynier.rzeszow.pl\/#\/schema\/person\/21ca162d893bdc5760a95d704e9b1e39"},"breadcrumb":{"@id":"https:\/\/inzynier.rzeszow.pl\/index.php\/2025\/11\/13\/xvi-bal-z-okazji-dnia-budowlanych-2025-r\/#breadcrumb"},"inLanguage":"pl-PL","potentialAction":[{"@type":"ReadAction","target":["https:\/\/inzynier.rzeszow.pl\/index.php\/2025\/11\/13\/xvi-bal-z-okazji-dnia-budowlanych-2025-r\/"]}]},{"@type":"ImageObject","inLanguage":"pl-PL","@id":"https:\/\/inzynier.rzeszow.pl\/index.php\/2025\/11\/13\/xvi-bal-z-okazji-dnia-budowlanych-2025-r\/#primaryimage","url":"https:\/\/inzynier.rzeszow.pl\/wp-content\/uploads\/2025\/08\/obraz_2026-02-04_155225609.webp","contentUrl":"https:\/\/inzynier.rzeszow.pl\/wp-content\/uploads\/2025\/08\/obraz_2026-02-04_155225609.webp","width":1920,"height":1280},{"@type":"BreadcrumbList","@id":"https:\/\/inzynier.rzeszow.pl\/index.php\/2025\/11\/13\/xvi-bal-z-okazji-dnia-budowlanych-2025-r\/#breadcrumb","itemListElement":[{"@type":"ListItem","position":1,"name":"Strona g\u0142\u00f3wna","item":"https:\/\/inzynier.rzeszow.pl\/"},{"@type":"ListItem","position":2,"name":"XVI Bal z okazji Dnia Budowlanych \u2013 2025 r."}]},{"@type":"WebSite","@id":"https:\/\/inzynier.rzeszow.pl\/#website","url":"https:\/\/inzynier.rzeszow.pl\/","name":"Podkarpacka Okregowa Izba Inzynierow Budownictwa","description":"","potentialAction":[{"@type":"SearchAction","target":{"@type":"EntryPoint","urlTemplate":"https:\/\/inzynier.rzeszow.pl\/?s={search_term_string}"},"query-input":{"@type":"PropertyValueSpecification","valueRequired":true,"valueName":"search_term_string"}}],"inLanguage":"pl-PL"},{"@type":"Person","@id":"https:\/\/inzynier.rzeszow.pl\/#\/schema\/person\/21ca162d893bdc5760a95d704e9b1e39","name":"admin","image":{"@type":"ImageObject","inLanguage":"pl-PL","@id":"https:\/\/secure.gravatar.com\/avatar\/d5d1959f10b94c8abcf928274f8bb5b8c7370b0dfadb0590911bacad18965f21?s=96&d=mm&r=g","url":"https:\/\/secure.gravatar.com\/avatar\/d5d1959f10b94c8abcf928274f8bb5b8c7370b0dfadb0590911bacad18965f21?s=96&d=mm&r=g","contentUrl":"https:\/\/secure.gravatar.com\/avatar\/d5d1959f10b94c8abcf928274f8bb5b8c7370b0dfadb0590911bacad18965f21?s=96&d=mm&r=g","caption":"admin"},"sameAs":["https:\/\/migracja.inzynier.rzeszow.pl"],"url":"https:\/\/inzynier.rzeszow.pl\/index.php\/author\/kwojcik\/"}]}},"rttpg_featured_image_url":{"full":["https:\/\/inzynier.rzeszow.pl\/wp-content\/uploads\/2025\/08\/obraz_2026-02-04_155225609.webp",1920,1280,false],"landscape":["https:\/\/inzynier.rzeszow.pl\/wp-content\/uploads\/2025\/08\/obraz_2026-02-04_155225609.webp",1920,1280,false],"portraits":["https:\/\/inzynier.rzeszow.pl\/wp-content\/uploads\/2025\/08\/obraz_2026-02-04_155225609.webp",1920,1280,false],"thumbnail":["https:\/\/inzynier.rzeszow.pl\/wp-content\/uploads\/2025\/08\/obraz_2026-02-04_155225609-150x150.png",150,150,true],"medium":["https:\/\/inzynier.rzeszow.pl\/wp-content\/uploads\/2025\/08\/obraz_2026-02-04_155225609-300x200.png",300,200,true],"large":["https:\/\/inzynier.rzeszow.pl\/wp-content\/uploads\/2025\/08\/obraz_2026-02-04_155225609-1024x682.webp",1024,682,true],"1536x1536":["https:\/\/inzynier.rzeszow.pl\/wp-content\/uploads\/2025\/08\/obraz_2026-02-04_155225609-1536x1024.webp",1536,1024,true],"2048x2048":["https:\/\/inzynier.rzeszow.pl\/wp-content\/uploads\/2025\/08\/obraz_2026-02-04_155225609.webp",1920,1280,false]},"rttpg_author":{"display_name":"admin","author_link":"https:\/\/inzynier.rzeszow.pl\/index.php\/author\/kwojcik\/"},"rttpg_comment":0,"rttpg_category":"<a href=\"https:\/\/inzynier.rzeszow.pl\/index.php\/category\/bal-z-okazji-dnia-budowlanych\/\" rel=\"category tag\">Bal z okazji Dnia Budowlanych<\/a> <a href=\"https:\/\/inzynier.rzeszow.pl\/index.php\/category\/z-zycia-izby\/\" rel=\"category tag\">Z \u017cycia izby<\/a> <a href=\"https:\/\/inzynier.rzeszow.pl\/index.php\/category\/z-zycia-izby\/z-zycia-izby-rok-2025\/\" rel=\"category tag\">Z \u017cycia Izby Rok 2025<\/a>","rttpg_excerpt":"8 listopada 2025 r. odby\u0142 si\u0119 XVI Bal z okazji Dnia Budowlanych, kt\u00f3ry zgromadzi\u0142 cz\u0142onk\u00f3w Podkarpackiej Okr\u0119gowej Izby In\u017cynier\u00f3w Budownictwa wraz z osobami towarzysz\u0105cymi. Wydarzenie by\u0142o okazj\u0105 do wsp\u00f3lnego \u015bwi\u0119towania, integracji \u015brodowiska budowlanego oraz sp\u0119dzenia czasu w uroczystej i przyjaznej atmosferze.","_links":{"self":[{"href":"https:\/\/inzynier.rzeszow.pl\/index.php\/wp-json\/wp\/v2\/posts\/3877","targetHints":{"allow":["GET"]}}],"collection":[{"href":"https:\/\/inzynier.rzeszow.pl\/index.php\/wp-json\/wp\/v2\/posts"}],"about":[{"href":"https:\/\/inzynier.rzeszow.pl\/index.php\/wp-json\/wp\/v2\/types\/post"}],"author":[{"embeddable":true,"href":"https:\/\/inzynier.rzeszow.pl\/index.php\/wp-json\/wp\/v2\/users\/1"}],"replies":[{"embeddable":true,"href":"https:\/\/inzynier.rzeszow.pl\/index.php\/wp-json\/wp\/v2\/comments?post=3877"}],"version-history":[{"count":5,"href":"https:\/\/inzynier.rzeszow.pl\/index.php\/wp-json\/wp\/v2\/posts\/3877\/revisions"}],"predecessor-version":[{"id":6471,"href":"https:\/\/inzynier.rzeszow.pl\/index.php\/wp-json\/wp\/v2\/posts\/3877\/revisions\/6471"}],"wp:featuredmedia":[{"embeddable":true,"href":"https:\/\/inzynier.rzeszow.pl\/index.php\/wp-json\/wp\/v2\/media\/3879"}],"wp:attachment":[{"href":"https:\/\/inzynier.rzeszow.pl\/index.php\/wp-json\/wp\/v2\/media?parent=3877"}],"wp:term":[{"taxonomy":"category","embeddable":true,"href":"https:\/\/inzynier.rzeszow.pl\/index.php\/wp-json\/wp\/v2\/categories?post=3877"},{"taxonomy":"post_tag","embeddable":true,"href":"https:\/\/inzynier.rzeszow.pl\/index.php\/wp-json\/wp\/v2\/tags?post=3877"}],"curies":[{"name":"wp","href":"https:\/\/api.w.org\/{rel}","templated":true}]}}