{"id":3576,"date":"2025-03-04T10:58:33","date_gmt":"2025-03-04T10:58:33","guid":{"rendered":"https:\/\/migracja.inzynier.rzeszow.pl\/?p=3576"},"modified":"2026-02-13T13:42:29","modified_gmt":"2026-02-13T13:42:29","slug":"rozstrzygniecie-konkursu-na-projekt-statuetki-i-tablicy-upamietniajacej-prof-stanislawa-kusia","status":"publish","type":"post","link":"https:\/\/inzynier.rzeszow.pl\/index.php\/2025\/03\/04\/rozstrzygniecie-konkursu-na-projekt-statuetki-i-tablicy-upamietniajacej-prof-stanislawa-kusia\/","title":{"rendered":"Rozstrzygni\u0119cie Konkursu na projekt statuetki i tablicy upami\u0119tniaj\u0105cej prof. Stanis\u0142awa Kusia"},"content":{"rendered":"\t\t<div data-elementor-type=\"wp-post\" data-elementor-id=\"3576\" class=\"elementor elementor-3576\" data-elementor-post-type=\"post\">\n\t\t\t\t<div class=\"elementor-element elementor-element-a86bb8d e-flex e-con-boxed e-con e-parent\" data-id=\"a86bb8d\" data-element_type=\"container\" data-e-type=\"container\">\n\t\t\t\t\t<div class=\"e-con-inner\">\n\t\t<div class=\"elementor-element elementor-element-410f3d0 e-con-full e-flex e-con e-child\" data-id=\"410f3d0\" data-element_type=\"container\" data-e-type=\"container\">\n\t\t<div class=\"elementor-element elementor-element-0161690 e-con-full e-flex e-con e-child\" data-id=\"0161690\" data-element_type=\"container\" data-e-type=\"container\">\n\t\t\t\t<div class=\"elementor-element elementor-element-833a258 elementor-widget elementor-widget-image\" data-id=\"833a258\" data-element_type=\"widget\" data-e-type=\"widget\" data-widget_type=\"image.default\">\n\t\t\t\t\t\t\t\t\t\t\t\t\t\t\t<img fetchpriority=\"high\" decoding=\"async\" width=\"1024\" height=\"680\" src=\"https:\/\/inzynier.rzeszow.pl\/wp-content\/uploads\/2025\/03\/obraz_2026-02-03_115933483-1024x680.png\" class=\"attachment-large size-large wp-image-3578\" alt=\"\" srcset=\"https:\/\/inzynier.rzeszow.pl\/wp-content\/uploads\/2025\/03\/obraz_2026-02-03_115933483-1024x680.png 1024w, https:\/\/inzynier.rzeszow.pl\/wp-content\/uploads\/2025\/03\/obraz_2026-02-03_115933483-300x199.png 300w, https:\/\/inzynier.rzeszow.pl\/wp-content\/uploads\/2025\/03\/obraz_2026-02-03_115933483-768x510.png 768w, https:\/\/inzynier.rzeszow.pl\/wp-content\/uploads\/2025\/03\/obraz_2026-02-03_115933483-1536x1020.png 1536w, https:\/\/inzynier.rzeszow.pl\/wp-content\/uploads\/2025\/03\/obraz_2026-02-03_115933483.png 2000w\" sizes=\"(max-width: 1024px) 100vw, 1024px\" \/>\t\t\t\t\t\t\t\t\t\t\t\t\t\t\t<\/div>\n\t\t\t\t<\/div>\n\t\t<div class=\"elementor-element elementor-element-ba0eba7 e-con-full e-flex e-con e-child\" data-id=\"ba0eba7\" data-element_type=\"container\" data-e-type=\"container\">\n\t\t\t\t<div class=\"elementor-element elementor-element-43c5e2f elementor-widget elementor-widget-text-editor\" data-id=\"43c5e2f\" data-element_type=\"widget\" data-e-type=\"widget\" data-widget_type=\"text-editor.default\">\n\t\t\t\t\t\t\t\t\t<p>W dniu 03 marca 2025 r. w siedzibie PDK OIIB odby\u0142o rozstrzygni\u0119cie Konkursu na projekt statuetki i tablicy upami\u0119tniaj\u0105cej prof. Stanis\u0142awa Kusia. Zgromadzonych laureat\u00f3w konkursu oraz cz\u0142onk\u00f3w S\u0105du Konkursowego powita\u0142 przewodnicz\u0105cy OR PDK OIIB Grzegorz Dubik.<\/p><p>Organizatorami konkursu byli:<br \/>&#8211; Podkarpacka Okr\u0119gowa Izba In\u017cynier\u00f3w Budownictwa,<br \/>&#8211; Wydzia\u0142 Budownictwa, In\u017cynierii \u015arodowiska i Architektury\u00a0Politechniki Rzeszowskiej Ignacego \u0141ukasiewicza,<br \/>&#8211; Rzeszowski Oddzia\u0142 Polskiego Zwi\u0105zku In\u017cynier\u00f3w i Technik\u00f3w Budownictwa.<\/p><p><strong>Sk\u0142ad S\u0105du Konkursowego:<\/strong><br \/>&#8211; Olga Skomorowska &#8211; przedstawicielka rodziny Profesora St. Kusia,<br \/>&#8211; mgr in\u017c. Grzegorz Dubik &#8211; przewodnicz\u0105cy OR Podkarpackiej Okr\u0119gowej Izby In\u017cynier\u00f3w Budownictwa,<\/p>\t\t\t\t\t\t\t\t<\/div>\n\t\t\t\t<\/div>\n\t\t\t\t<\/div>\n\t\t\t\t\t<\/div>\n\t\t\t\t<\/div>\n\t\t<div class=\"elementor-element elementor-element-2b2d875 e-con-full e-flex e-con e-parent\" data-id=\"2b2d875\" data-element_type=\"container\" data-e-type=\"container\">\n\t\t\t\t<div class=\"elementor-element elementor-element-27513f9 elementor-widget__width-initial elementor-widget elementor-widget-text-editor\" data-id=\"27513f9\" data-element_type=\"widget\" data-e-type=\"widget\" data-widget_type=\"text-editor.default\">\n\t\t\t\t\t\t\t\t\t<p>&#8211; dr hab. In\u017c. Lidia Buda-O\u017c\u00f3g &#8211; przewodnicz\u0105ca Oddzia\u0142u PZITB w Rzeszowie, prof. PRz,<br \/>&#8211; prof. dr hab. in\u017c. Aleksander Koz\u0142owski,<br \/>&#8211; dr hab. in\u017c. Lucjan \u015al\u0119czka, prof. PRz,<br \/>&#8211; dr in\u017c. arch. Anna Sikora, prof. PRz,<br \/>&#8211; dr in\u017c. arch. Joanna Dudek.<\/p><p><strong>Nagrody w konkursie na projekt statuetki im. Profesora St. Kusia<br \/><\/strong>&#8211; Maria Yanko &#8211; I nagroda<br \/>&#8211; Mi\u0142osz Tomkowicz &#8211; wyr\u00f3\u017cnienie I stopnia<br \/>&#8211; Sylwia Tworek, Dominika Wa\u0142czyk &#8211; wyr\u00f3\u017cnienie I stopnia<br \/><br \/><strong>Nagrody w konkursie na projekt tablicy po\u015bwi\u0119conej\u00a0 im. Profesora St. Kusia<br \/><\/strong>&#8211; Julia Krzywi\u0144ska &#8211; wyr\u00f3\u017cnienie I stopnia<br \/>&#8211; Patrycja Maty\u015b, Jakub Siekierski &#8211; wyr\u00f3\u017cnienie II stopnia<br \/>&#8211; Emilia \u0141obaza, Tetiana Klets, Rafa\u0142 Kiero\u0144ski &#8211; wyr\u00f3\u017cnienie II stopnia.<\/p>\t\t\t\t\t\t\t\t<\/div>\n\t\t\t\t<div class=\"elementor-element elementor-element-88b7f7b elementor-widget__width-initial elementor-widget elementor-widget-image\" data-id=\"88b7f7b\" data-element_type=\"widget\" data-e-type=\"widget\" data-widget_type=\"image.default\">\n\t\t\t\t\t\t\t\t\t\t\t\t\t\t\t<img decoding=\"async\" width=\"1024\" height=\"680\" src=\"https:\/\/inzynier.rzeszow.pl\/wp-content\/uploads\/2025\/03\/obraz_2026-02-03_120021282-1024x680.png\" class=\"attachment-large size-large wp-image-3579\" alt=\"\" srcset=\"https:\/\/inzynier.rzeszow.pl\/wp-content\/uploads\/2025\/03\/obraz_2026-02-03_120021282-1024x680.png 1024w, https:\/\/inzynier.rzeszow.pl\/wp-content\/uploads\/2025\/03\/obraz_2026-02-03_120021282-300x199.png 300w, https:\/\/inzynier.rzeszow.pl\/wp-content\/uploads\/2025\/03\/obraz_2026-02-03_120021282-768x510.png 768w, https:\/\/inzynier.rzeszow.pl\/wp-content\/uploads\/2025\/03\/obraz_2026-02-03_120021282-1536x1020.png 1536w, https:\/\/inzynier.rzeszow.pl\/wp-content\/uploads\/2025\/03\/obraz_2026-02-03_120021282.png 2000w\" sizes=\"(max-width: 1024px) 100vw, 1024px\" \/>\t\t\t\t\t\t\t\t\t\t\t\t\t\t\t<\/div>\n\t\t\t\t<\/div>\n\t\t<div class=\"elementor-element elementor-element-aff5f1d e-flex e-con-boxed e-con e-parent\" data-id=\"aff5f1d\" data-element_type=\"container\" data-e-type=\"container\">\n\t\t\t\t\t<div class=\"e-con-inner\">\n\t\t\t\t<div class=\"elementor-element elementor-element-ad96428 elementor-widget elementor-widget-text-editor\" data-id=\"ad96428\" data-element_type=\"widget\" data-e-type=\"widget\" data-widget_type=\"text-editor.default\">\n\t\t\t\t\t\t\t\t\t<p style=\"font-weight: 400;\">Za\u0142o\u017ceniem konkurs by\u0142o, i\u017c statuetka im. Profesora Stanis\u0142awa Kusia oraz tablica upami\u0119tniaj\u0105ca b\u0119d\u0105 nawi\u0105zywa\u0107 do osoby Profesora konstruktora, in\u017cyniera budownictwa, rektora Politechniki Rzeszowskiej, Honorowego Obywatela Miasta Rzeszowa oraz autora wielu rozwi\u0105za\u0144 konstrukcyjnych nierozerwalnie po\u0142\u0105czonych z miastem Rzesz\u00f3w, takich jak np.: hala Podpromie czy zadaszenie Hali Targowej przy ul. 8 marca.<br \/><br \/><strong><a href=\"https:\/\/inzynier.rzeszow.pl\/index.php?&amp;sRC=N&amp;pageTarget=article&amp;AIndex=KONKUS24&amp;menId=85&amp;mId=339&amp;sMId=707\">Nagroda im. prof. Stanis\u0142awa Kusia &#8211; uhonorowanie pami\u0119ci wybitnego in\u017cyniera budownictwa i naukowca prof. Stanis\u0142awa Kusia &gt;&gt;<\/a><\/strong><\/p><p style=\"font-weight: 400;\">Zwyci\u0119ski projekt b\u0119dzie stanowi\u0107 materia\u0142 pomocniczy dla dalszych rozwa\u017ca\u0144 projektowych i b\u0119dzie realizowany po jego uszczeg\u00f3\u0142owieniu.<\/p><p style=\"font-weight: 400;\">Serdecznie dzi\u0119kujemy wszystkim uczestnikom konkursu za zaanga\u017cowanie, kreatywno\u015b\u0107 i wysi\u0142ek w\u0142o\u017cony w przygotowanie projekt\u00f3w. Wasze prace stanowi\u0105 nieoceniony wk\u0142ad w upami\u0119tnienie osoby prof. Stanis\u0142awa Kusia, kt\u00f3rego dorobek in\u017cynierski i spo\u0142eczny wci\u0105\u017c inspiruje kolejne pokolenia.<strong><a href=\"https:\/\/inzynier.rzeszow.pl\/index.php?&amp;sRC=N&amp;pageTarget=article&amp;AIndex=KONKUS24&amp;menId=85&amp;mId=339&amp;sMId=707\"><br \/><\/a><\/strong><\/p><p style=\"font-weight: 400;\">Wydarzenie by\u0142o r\u00f3wnie\u017c okazj\u0105 do chwili rozmowy przy kawie i s\u0142odkim pocz\u0119stunku oraz do zwiedzenia wystawy malarstwa Sylwestra Stabry\u0142y &#8211; Istota Ludzka w artystycznej.<\/p>\t\t\t\t\t\t\t\t<\/div>\n\t\t\t\t\t<\/div>\n\t\t\t\t<\/div>\n\t\t<div class=\"elementor-element elementor-element-beebacc e-flex e-con-boxed e-con e-parent\" data-id=\"beebacc\" data-element_type=\"container\" data-e-type=\"container\">\n\t\t\t\t\t<div class=\"e-con-inner\">\n\t\t\t\t<div class=\"elementor-element elementor-element-ae7fa80 elementor-widget__width-inherit elementor-icon-list--layout-traditional elementor-list-item-link-full_width elementor-widget elementor-widget-icon-list\" data-id=\"ae7fa80\" data-element_type=\"widget\" data-e-type=\"widget\" data-widget_type=\"icon-list.default\">\n\t\t\t\t\t\t\t<ul class=\"elementor-icon-list-items\">\n\t\t\t\t\t\t\t<li class=\"elementor-icon-list-item\">\n\t\t\t\t\t\t\t\t\t\t\t<a href=\"https:\/\/inzynier.rzeszow.pl\/index.php\/galeria-integracyjna-pdk-oiib-2025\/\" target=\"_blank\">\n\n\t\t\t\t\t\t\t\t\t\t\t\t<span class=\"elementor-icon-list-icon\">\n\t\t\t\t\t\t\t<svg aria-hidden=\"true\" class=\"e-font-icon-svg e-fas-arrow-circle-right\" viewBox=\"0 0 512 512\" xmlns=\"http:\/\/www.w3.org\/2000\/svg\"><path d=\"M256 8c137 0 248 111 248 248S393 504 256 504 8 393 8 256 119 8 256 8zm-28.9 143.6l75.5 72.4H120c-13.3 0-24 10.7-24 24v16c0 13.3 10.7 24 24 24h182.6l-75.5 72.4c-9.7 9.3-9.9 24.8-.4 34.3l11 10.9c9.4 9.4 24.6 9.4 33.9 0L404.3 273c9.4-9.4 9.4-24.6 0-33.9L271.6 106.3c-9.4-9.4-24.6-9.4-33.9 0l-11 10.9c-9.5 9.6-9.3 25.1.4 34.4z\"><\/path><\/svg>\t\t\t\t\t\t<\/span>\n\t\t\t\t\t\t\t\t\t\t<span class=\"elementor-icon-list-text\">Galerii Integracyjnej PDK OIIB<\/span>\n\t\t\t\t\t\t\t\t\t\t\t<\/a>\n\t\t\t\t\t\t\t\t\t<\/li>\n\t\t\t\t\t\t<\/ul>\n\t\t\t\t\t\t<\/div>\n\t\t\t\t\t<\/div>\n\t\t\t\t<\/div>\n\t\t<div class=\"elementor-element elementor-element-2bc2fa3 e-flex e-con-boxed e-con e-parent\" data-id=\"2bc2fa3\" data-element_type=\"container\" data-e-type=\"container\">\n\t\t\t\t\t<div class=\"e-con-inner\">\n\t\t<div class=\"elementor-element elementor-element-ecd5cdb e-con-full e-flex e-con e-child\" data-id=\"ecd5cdb\" data-element_type=\"container\" data-e-type=\"container\">\n\t\t\t\t<div class=\"elementor-element elementor-element-fc7874c elementor-widget elementor-widget-text-editor\" data-id=\"fc7874c\" data-element_type=\"widget\" data-e-type=\"widget\" data-widget_type=\"text-editor.default\">\n\t\t\t\t\t\t\t\t\t<strong>Relacja z\u00a0Rozstrzygni\u0119cia Konkursu na projekt statuetki i tablicy upami\u0119tniaj\u0105cej prof. Stanis\u0142awa Kusia<\/strong>\t\t\t\t\t\t\t\t<\/div>\n\t\t\t\t<div class=\"elementor-element elementor-element-b7ad10a elementor-widget elementor-widget-image\" data-id=\"b7ad10a\" data-element_type=\"widget\" data-e-type=\"widget\" data-widget_type=\"image.default\">\n\t\t\t\t\t\t\t\t\t\t\t\t\t\t\t<img decoding=\"async\" width=\"759\" height=\"504\" src=\"https:\/\/inzynier.rzeszow.pl\/wp-content\/uploads\/2025\/03\/obraz_2026-02-03_120935119.png\" class=\"attachment-large size-large wp-image-3584\" alt=\"\" srcset=\"https:\/\/inzynier.rzeszow.pl\/wp-content\/uploads\/2025\/03\/obraz_2026-02-03_120935119.png 759w, https:\/\/inzynier.rzeszow.pl\/wp-content\/uploads\/2025\/03\/obraz_2026-02-03_120935119-300x199.png 300w\" sizes=\"(max-width: 759px) 100vw, 759px\" \/>\t\t\t\t\t\t\t\t\t\t\t\t\t\t\t<\/div>\n\t\t\t\t<div class=\"elementor-element elementor-element-cb43375 elementor-widget elementor-widget-text-editor\" data-id=\"cb43375\" data-element_type=\"widget\" data-e-type=\"widget\" data-widget_type=\"text-editor.default\">\n\t\t\t\t\t\t\t\t\t<p><strong><a href=\"https:\/\/youtu.be\/X9Y1DPAlswE\" target=\"_blank\" rel=\"noopener\">Relacja z wydarzenia &gt;&gt;<br \/><\/a><\/strong><em><br \/>( 03-03-2025 r.)<\/em><\/p>\t\t\t\t\t\t\t\t<\/div>\n\t\t\t\t<\/div>\n\t\t<div class=\"elementor-element elementor-element-755aa16 e-con-full e-flex e-con e-child\" data-id=\"755aa16\" data-element_type=\"container\" data-e-type=\"container\">\n\t\t\t\t<div class=\"elementor-element elementor-element-e13a702 elementor-widget elementor-widget-text-editor\" data-id=\"e13a702\" data-element_type=\"widget\" data-e-type=\"widget\" data-widget_type=\"text-editor.default\">\n\t\t\t\t\t\t\t\t\t<strong>Kulisy powstawania statuetki imienia prof. Stanis\u0142awa Kusia &#8211; realizacja Franciszek Szczepaniec<\/strong>\t\t\t\t\t\t\t\t<\/div>\n\t\t\t\t<div class=\"elementor-element elementor-element-3609e9b elementor-widget elementor-widget-image\" data-id=\"3609e9b\" data-element_type=\"widget\" data-e-type=\"widget\" data-widget_type=\"image.default\">\n\t\t\t\t\t\t\t\t\t\t\t\t\t\t\t<img loading=\"lazy\" decoding=\"async\" width=\"1024\" height=\"683\" src=\"https:\/\/inzynier.rzeszow.pl\/wp-content\/uploads\/2025\/03\/obraz_2026-02-03_121039657-1024x683.png\" class=\"attachment-large size-large wp-image-3585\" alt=\"\" srcset=\"https:\/\/inzynier.rzeszow.pl\/wp-content\/uploads\/2025\/03\/obraz_2026-02-03_121039657-1024x683.png 1024w, https:\/\/inzynier.rzeszow.pl\/wp-content\/uploads\/2025\/03\/obraz_2026-02-03_121039657-300x200.png 300w, https:\/\/inzynier.rzeszow.pl\/wp-content\/uploads\/2025\/03\/obraz_2026-02-03_121039657-768x512.png 768w, https:\/\/inzynier.rzeszow.pl\/wp-content\/uploads\/2025\/03\/obraz_2026-02-03_121039657.png 1200w\" sizes=\"(max-width: 1024px) 100vw, 1024px\" \/>\t\t\t\t\t\t\t\t\t\t\t\t\t\t\t<\/div>\n\t\t\t\t<div class=\"elementor-element elementor-element-611fed4 elementor-widget elementor-widget-text-editor\" data-id=\"611fed4\" data-element_type=\"widget\" data-e-type=\"widget\" data-widget_type=\"text-editor.default\">\n\t\t\t\t\t\t\t\t\t<p>Trwaj\u0105 intensywne przygotowania do wyj\u0105tkowego wydarzenia &#8211; u\u015bwietnienia pami\u0119ci prof. Stanis\u0142awa Kusia podczas jubileuszowej X Konferencji Naukowo-Technicznej Kszta\u0142towanie Konstrukcji i Budowli 2025, kt\u00f3ra odb\u0119dzie si\u0119\u00a0<strong>w dniach 4-6 czerwca 2025 r.<\/strong>\u00a0Podczas sesji otwieraj\u0105cej w siedzibie PDK OIIB nast\u0105pi uroczyste\u00a0<strong>wr\u0119czenie nagrody imienia prof. St. Kusia<\/strong>:\u00a0<strong>Innowacyjna my\u015bl techniczna profesora Stanis\u0142awa Kusia w obiektach zrealizowanych na terenie Rzeszowa<\/strong>. To wyr\u00f3\u017cnienie ma na celu podkre\u015blenie trwa\u0142ego wp\u0142ywu Profesora na rozw\u00f3j budownictwa i przestrzeni miejskiej. A tym czasem\u00a0<strong>prezentujemy kulisy powstawania statuetki<\/strong>, kt\u00f3ra b\u0119dzie symbolem tej presti\u017cowej nagrody.\u00a0<strong><a href=\"https:\/\/youtu.be\/9t3GhDSs5pA\" target=\"_blank\" rel=\"noopener\">&#8230;wi\u0119cej&gt;&gt;<br \/><br \/><\/a><\/strong><em>( 24-04-2025 r. )<\/em><\/p>\t\t\t\t\t\t\t\t<\/div>\n\t\t\t\t<\/div>\n\t\t\t\t\t<\/div>\n\t\t\t\t<\/div>\n\t\t<div class=\"elementor-element elementor-element-8f0feec e-flex e-con-boxed e-con e-parent\" data-id=\"8f0feec\" data-element_type=\"container\" data-e-type=\"container\">\n\t\t\t\t\t<div class=\"e-con-inner\">\n\t\t\t\t<div class=\"elementor-element elementor-element-bc1211a elementor-widget__width-inherit elementor-icon-list--layout-traditional elementor-list-item-link-full_width elementor-widget elementor-widget-icon-list\" data-id=\"bc1211a\" data-element_type=\"widget\" data-e-type=\"widget\" data-widget_type=\"icon-list.default\">\n\t\t\t\t\t\t\t<ul class=\"elementor-icon-list-items\">\n\t\t\t\t\t\t\t<li class=\"elementor-icon-list-item\">\n\t\t\t\t\t\t\t\t\t\t\t<a href=\"https:\/\/www.facebook.com\/PodkarpackaOIIB\/posts\/pfbid02hCwPuCJQAfLaERJY275QFrv1kdUHP9N4oKa8QdWNSv94feRFSdwLjgEnYAVnrxiDl\" target=\"_blank\">\n\n\t\t\t\t\t\t\t\t\t\t\t\t<span class=\"elementor-icon-list-icon\">\n\t\t\t\t\t\t\t<svg aria-hidden=\"true\" class=\"e-font-icon-svg e-fas-arrow-circle-right\" viewBox=\"0 0 512 512\" xmlns=\"http:\/\/www.w3.org\/2000\/svg\"><path d=\"M256 8c137 0 248 111 248 248S393 504 256 504 8 393 8 256 119 8 256 8zm-28.9 143.6l75.5 72.4H120c-13.3 0-24 10.7-24 24v16c0 13.3 10.7 24 24 24h182.6l-75.5 72.4c-9.7 9.3-9.9 24.8-.4 34.3l11 10.9c9.4 9.4 24.6 9.4 33.9 0L404.3 273c9.4-9.4 9.4-24.6 0-33.9L271.6 106.3c-9.4-9.4-24.6-9.4-33.9 0l-11 10.9c-9.5 9.6-9.3 25.1.4 34.4z\"><\/path><\/svg>\t\t\t\t\t\t<\/span>\n\t\t\t\t\t\t\t\t\t\t<span class=\"elementor-icon-list-text\">Galeria fotograficzna z rozstrzygni\u0119cia Konkursu na projekt statuetki i tablicy upami\u0119tniaj\u0105cej prof. Stanis\u0142awa Kusia \u2013 03.03.2025 r.<\/span>\n\t\t\t\t\t\t\t\t\t\t\t<\/a>\n\t\t\t\t\t\t\t\t\t<\/li>\n\t\t\t\t\t\t<\/ul>\n\t\t\t\t\t\t<\/div>\n\t\t\t\t\t<\/div>\n\t\t\t\t<\/div>\n\t\t<div class=\"elementor-element elementor-element-3256f5f e-flex e-con-boxed e-con e-parent\" data-id=\"3256f5f\" data-element_type=\"container\" data-e-type=\"container\">\n\t\t\t\t\t<div class=\"e-con-inner\">\n\t\t\t\t<div class=\"elementor-element elementor-element-a658be2 elementor-widget elementor-widget-gallery\" data-id=\"a658be2\" data-element_type=\"widget\" data-e-type=\"widget\" data-settings=\"{&quot;columns&quot;:3,&quot;lazyload&quot;:&quot;yes&quot;,&quot;gallery_layout&quot;:&quot;grid&quot;,&quot;columns_tablet&quot;:2,&quot;columns_mobile&quot;:1,&quot;gap&quot;:{&quot;unit&quot;:&quot;px&quot;,&quot;size&quot;:10,&quot;sizes&quot;:[]},&quot;gap_tablet&quot;:{&quot;unit&quot;:&quot;px&quot;,&quot;size&quot;:10,&quot;sizes&quot;:[]},&quot;gap_mobile&quot;:{&quot;unit&quot;:&quot;px&quot;,&quot;size&quot;:10,&quot;sizes&quot;:[]},&quot;link_to&quot;:&quot;file&quot;,&quot;aspect_ratio&quot;:&quot;3:2&quot;,&quot;overlay_background&quot;:&quot;yes&quot;,&quot;content_hover_animation&quot;:&quot;fade-in&quot;}\" data-widget_type=\"gallery.default\">\n\t\t\t\t\t\t\t<div class=\"elementor-gallery__container\">\n\t\t\t\t\t\t\t<a class=\"e-gallery-item elementor-gallery-item elementor-animated-content\" href=\"https:\/\/inzynier.rzeszow.pl\/wp-content\/uploads\/2025\/03\/obraz_2026-02-03_121205427.png\" data-elementor-open-lightbox=\"yes\" data-elementor-lightbox-slideshow=\"a658be2\" data-e-action-hash=\"#elementor-action%3Aaction%3Dlightbox%26settings%3DeyJpZCI6MzU4NiwidXJsIjoiaHR0cHM6XC9cL2luenluaWVyLnJ6ZXN6b3cucGxcL3dwLWNvbnRlbnRcL3VwbG9hZHNcLzIwMjVcLzAzXC9vYnJhel8yMDI2LTAyLTAzXzEyMTIwNTQyNy5wbmciLCJzbGlkZXNob3ciOiJhNjU4YmUyIn0%3D\">\n\t\t\t\t\t<div class=\"e-gallery-image elementor-gallery-item__image\" data-thumbnail=\"https:\/\/inzynier.rzeszow.pl\/wp-content\/uploads\/2025\/03\/obraz_2026-02-03_121205427-768x510.png\" data-width=\"768\" data-height=\"510\" aria-label=\"\" role=\"img\" ><\/div>\n\t\t\t\t\t\t\t\t\t\t\t<div class=\"elementor-gallery-item__overlay\"><\/div>\n\t\t\t\t\t\t\t\t\t\t\t\t\t\t<\/a>\n\t\t\t\t\t\t\t<a class=\"e-gallery-item elementor-gallery-item elementor-animated-content\" href=\"https:\/\/inzynier.rzeszow.pl\/wp-content\/uploads\/2025\/03\/obraz_2026-02-03_121214177.png\" data-elementor-open-lightbox=\"yes\" data-elementor-lightbox-slideshow=\"a658be2\" data-e-action-hash=\"#elementor-action%3Aaction%3Dlightbox%26settings%3DeyJpZCI6MzU4NywidXJsIjoiaHR0cHM6XC9cL2luenluaWVyLnJ6ZXN6b3cucGxcL3dwLWNvbnRlbnRcL3VwbG9hZHNcLzIwMjVcLzAzXC9vYnJhel8yMDI2LTAyLTAzXzEyMTIxNDE3Ny5wbmciLCJzbGlkZXNob3ciOiJhNjU4YmUyIn0%3D\">\n\t\t\t\t\t<div class=\"e-gallery-image elementor-gallery-item__image\" data-thumbnail=\"https:\/\/inzynier.rzeszow.pl\/wp-content\/uploads\/2025\/03\/obraz_2026-02-03_121214177-768x510.png\" data-width=\"768\" data-height=\"510\" aria-label=\"\" role=\"img\" ><\/div>\n\t\t\t\t\t\t\t\t\t\t\t<div class=\"elementor-gallery-item__overlay\"><\/div>\n\t\t\t\t\t\t\t\t\t\t\t\t\t\t<\/a>\n\t\t\t\t\t\t\t<a class=\"e-gallery-item elementor-gallery-item elementor-animated-content\" href=\"https:\/\/inzynier.rzeszow.pl\/wp-content\/uploads\/2025\/03\/obraz_2026-02-03_121302676.png\" data-elementor-open-lightbox=\"yes\" data-elementor-lightbox-slideshow=\"a658be2\" data-e-action-hash=\"#elementor-action%3Aaction%3Dlightbox%26settings%3DeyJpZCI6MzU4OCwidXJsIjoiaHR0cHM6XC9cL2luenluaWVyLnJ6ZXN6b3cucGxcL3dwLWNvbnRlbnRcL3VwbG9hZHNcLzIwMjVcLzAzXC9vYnJhel8yMDI2LTAyLTAzXzEyMTMwMjY3Ni5wbmciLCJzbGlkZXNob3ciOiJhNjU4YmUyIn0%3D\">\n\t\t\t\t\t<div class=\"e-gallery-image elementor-gallery-item__image\" data-thumbnail=\"https:\/\/inzynier.rzeszow.pl\/wp-content\/uploads\/2025\/03\/obraz_2026-02-03_121302676-768x510.png\" data-width=\"768\" data-height=\"510\" aria-label=\"\" role=\"img\" ><\/div>\n\t\t\t\t\t\t\t\t\t\t\t<div class=\"elementor-gallery-item__overlay\"><\/div>\n\t\t\t\t\t\t\t\t\t\t\t\t\t\t<\/a>\n\t\t\t\t\t\t\t<a class=\"e-gallery-item elementor-gallery-item elementor-animated-content\" href=\"https:\/\/inzynier.rzeszow.pl\/wp-content\/uploads\/2025\/03\/obraz_2026-02-03_121308980.png\" data-elementor-open-lightbox=\"yes\" data-elementor-lightbox-slideshow=\"a658be2\" data-e-action-hash=\"#elementor-action%3Aaction%3Dlightbox%26settings%3DeyJpZCI6MzU4OSwidXJsIjoiaHR0cHM6XC9cL2luenluaWVyLnJ6ZXN6b3cucGxcL3dwLWNvbnRlbnRcL3VwbG9hZHNcLzIwMjVcLzAzXC9vYnJhel8yMDI2LTAyLTAzXzEyMTMwODk4MC5wbmciLCJzbGlkZXNob3ciOiJhNjU4YmUyIn0%3D\">\n\t\t\t\t\t<div class=\"e-gallery-image elementor-gallery-item__image\" data-thumbnail=\"https:\/\/inzynier.rzeszow.pl\/wp-content\/uploads\/2025\/03\/obraz_2026-02-03_121308980-768x510.png\" data-width=\"768\" data-height=\"510\" aria-label=\"\" role=\"img\" ><\/div>\n\t\t\t\t\t\t\t\t\t\t\t<div class=\"elementor-gallery-item__overlay\"><\/div>\n\t\t\t\t\t\t\t\t\t\t\t\t\t\t<\/a>\n\t\t\t\t\t\t\t<a class=\"e-gallery-item elementor-gallery-item elementor-animated-content\" href=\"https:\/\/inzynier.rzeszow.pl\/wp-content\/uploads\/2025\/03\/obraz_2026-02-03_121318567.png\" data-elementor-open-lightbox=\"yes\" data-elementor-lightbox-slideshow=\"a658be2\" data-e-action-hash=\"#elementor-action%3Aaction%3Dlightbox%26settings%3DeyJpZCI6MzU5MCwidXJsIjoiaHR0cHM6XC9cL2luenluaWVyLnJ6ZXN6b3cucGxcL3dwLWNvbnRlbnRcL3VwbG9hZHNcLzIwMjVcLzAzXC9vYnJhel8yMDI2LTAyLTAzXzEyMTMxODU2Ny5wbmciLCJzbGlkZXNob3ciOiJhNjU4YmUyIn0%3D\">\n\t\t\t\t\t<div class=\"e-gallery-image elementor-gallery-item__image\" data-thumbnail=\"https:\/\/inzynier.rzeszow.pl\/wp-content\/uploads\/2025\/03\/obraz_2026-02-03_121318567-768x510.png\" data-width=\"768\" data-height=\"510\" aria-label=\"\" role=\"img\" ><\/div>\n\t\t\t\t\t\t\t\t\t\t\t<div class=\"elementor-gallery-item__overlay\"><\/div>\n\t\t\t\t\t\t\t\t\t\t\t\t\t\t<\/a>\n\t\t\t\t\t\t\t<a class=\"e-gallery-item elementor-gallery-item elementor-animated-content\" href=\"https:\/\/inzynier.rzeszow.pl\/wp-content\/uploads\/2025\/03\/obraz_2026-02-03_121323964.png\" data-elementor-open-lightbox=\"yes\" data-elementor-lightbox-slideshow=\"a658be2\" data-e-action-hash=\"#elementor-action%3Aaction%3Dlightbox%26settings%3DeyJpZCI6MzU5MSwidXJsIjoiaHR0cHM6XC9cL2luenluaWVyLnJ6ZXN6b3cucGxcL3dwLWNvbnRlbnRcL3VwbG9hZHNcLzIwMjVcLzAzXC9vYnJhel8yMDI2LTAyLTAzXzEyMTMyMzk2NC5wbmciLCJzbGlkZXNob3ciOiJhNjU4YmUyIn0%3D\">\n\t\t\t\t\t<div class=\"e-gallery-image elementor-gallery-item__image\" data-thumbnail=\"https:\/\/inzynier.rzeszow.pl\/wp-content\/uploads\/2025\/03\/obraz_2026-02-03_121323964-768x496.png\" data-width=\"768\" data-height=\"496\" aria-label=\"\" role=\"img\" ><\/div>\n\t\t\t\t\t\t\t\t\t\t\t<div class=\"elementor-gallery-item__overlay\"><\/div>\n\t\t\t\t\t\t\t\t\t\t\t\t\t\t<\/a>\n\t\t\t\t\t<\/div>\n\t\t\t\t\t<\/div>\n\t\t\t\t\t<\/div>\n\t\t\t\t<\/div>\n\t\t\t\t<\/div>\n\t\t","protected":false},"excerpt":{"rendered":"<p>W dniu 03 marca 2025 r. w siedzibie PDK OIIB odby\u0142o rozstrzygni\u0119cie Konkursu na projekt statuetki i tablicy upami\u0119tniaj\u0105cej prof. [&hellip;]<\/p>\n","protected":false},"author":1,"featured_media":3578,"comment_status":"closed","ping_status":"closed","sticky":false,"template":"","format":"standard","meta":{"site-sidebar-layout":"default","site-content-layout":"","ast-site-content-layout":"default","site-content-style":"default","site-sidebar-style":"default","ast-global-header-display":"","ast-banner-title-visibility":"","ast-main-header-display":"","ast-hfb-above-header-display":"","ast-hfb-below-header-display":"","ast-hfb-mobile-header-display":"","site-post-title":"","ast-breadcrumbs-content":"","ast-featured-img":"","footer-sml-layout":"","ast-disable-related-posts":"","theme-transparent-header-meta":"","adv-header-id-meta":"","stick-header-meta":"","header-above-stick-meta":"","header-main-stick-meta":"","header-below-stick-meta":"","astra-migrate-meta-layouts":"default","ast-page-background-enabled":"default","ast-page-background-meta":{"desktop":{"background-color":"var(--ast-global-color-5)","background-image":"","background-repeat":"repeat","background-position":"center center","background-size":"auto","background-attachment":"scroll","background-type":"","background-media":"","overlay-type":"","overlay-color":"","overlay-opacity":"","overlay-gradient":""},"tablet":{"background-color":"","background-image":"","background-repeat":"repeat","background-position":"center center","background-size":"auto","background-attachment":"scroll","background-type":"","background-media":"","overlay-type":"","overlay-color":"","overlay-opacity":"","overlay-gradient":""},"mobile":{"background-color":"","background-image":"","background-repeat":"repeat","background-position":"center center","background-size":"auto","background-attachment":"scroll","background-type":"","background-media":"","overlay-type":"","overlay-color":"","overlay-opacity":"","overlay-gradient":""}},"ast-content-background-meta":{"desktop":{"background-color":"var(--ast-global-color-4)","background-image":"","background-repeat":"repeat","background-position":"center center","background-size":"auto","background-attachment":"scroll","background-type":"","background-media":"","overlay-type":"","overlay-color":"","overlay-opacity":"","overlay-gradient":""},"tablet":{"background-color":"var(--ast-global-color-4)","background-image":"","background-repeat":"repeat","background-position":"center center","background-size":"auto","background-attachment":"scroll","background-type":"","background-media":"","overlay-type":"","overlay-color":"","overlay-opacity":"","overlay-gradient":""},"mobile":{"background-color":"var(--ast-global-color-4)","background-image":"","background-repeat":"repeat","background-position":"center center","background-size":"auto","background-attachment":"scroll","background-type":"","background-media":"","overlay-type":"","overlay-color":"","overlay-opacity":"","overlay-gradient":""}},"footnotes":""},"categories":[7,16,55],"tags":[],"class_list":["post-3576","post","type-post","status-publish","format-standard","has-post-thumbnail","hentry","category-wydarzenia","category-z-zycia-izby","category-z-zycia-izby-rok-2025"],"yoast_head":"<!-- This site is optimized with the Yoast SEO plugin v27.5 - https:\/\/yoast.com\/product\/yoast-seo-wordpress\/ -->\n<title>Rozstrzygni\u0119cie Konkursu na projekt statuetki i tablicy upami\u0119tniaj\u0105cej prof. Stanis\u0142awa Kusia - Podkarpacka Okregowa Izba Inzynierow Budownictwa<\/title>\n<meta name=\"robots\" content=\"index, follow, max-snippet:-1, max-image-preview:large, max-video-preview:-1\" \/>\n<link rel=\"canonical\" href=\"https:\/\/inzynier.rzeszow.pl\/index.php\/2025\/03\/04\/rozstrzygniecie-konkursu-na-projekt-statuetki-i-tablicy-upamietniajacej-prof-stanislawa-kusia\/\" \/>\n<meta property=\"og:locale\" content=\"pl_PL\" \/>\n<meta property=\"og:type\" content=\"article\" \/>\n<meta property=\"og:title\" content=\"Rozstrzygni\u0119cie Konkursu na projekt statuetki i tablicy upami\u0119tniaj\u0105cej prof. Stanis\u0142awa Kusia - Podkarpacka Okregowa Izba Inzynierow Budownictwa\" \/>\n<meta property=\"og:description\" content=\"W dniu 03 marca 2025 r. w siedzibie PDK OIIB odby\u0142o rozstrzygni\u0119cie Konkursu na projekt statuetki i tablicy upami\u0119tniaj\u0105cej prof. [&hellip;]\" \/>\n<meta property=\"og:url\" content=\"https:\/\/inzynier.rzeszow.pl\/index.php\/2025\/03\/04\/rozstrzygniecie-konkursu-na-projekt-statuetki-i-tablicy-upamietniajacej-prof-stanislawa-kusia\/\" \/>\n<meta property=\"og:site_name\" content=\"Podkarpacka Okregowa Izba Inzynierow Budownictwa\" \/>\n<meta property=\"article:published_time\" content=\"2025-03-04T10:58:33+00:00\" \/>\n<meta property=\"article:modified_time\" content=\"2026-02-13T13:42:29+00:00\" \/>\n<meta property=\"og:image\" content=\"https:\/\/inzynier.rzeszow.pl\/wp-content\/uploads\/2025\/03\/obraz_2026-02-03_115933483-1024x680.png\" \/>\n\t<meta property=\"og:image:width\" content=\"1024\" \/>\n\t<meta property=\"og:image:height\" content=\"680\" \/>\n\t<meta property=\"og:image:type\" content=\"image\/png\" \/>\n<meta name=\"author\" content=\"admin\" \/>\n<meta name=\"twitter:card\" content=\"summary_large_image\" \/>\n<meta name=\"twitter:label1\" content=\"Napisane przez\" \/>\n\t<meta name=\"twitter:data1\" content=\"admin\" \/>\n\t<meta name=\"twitter:label2\" content=\"Szacowany czas czytania\" \/>\n\t<meta name=\"twitter:data2\" content=\"3 minuty\" \/>\n<script type=\"application\/ld+json\" class=\"yoast-schema-graph\">{\"@context\":\"https:\\\/\\\/schema.org\",\"@graph\":[{\"@type\":\"Article\",\"@id\":\"https:\\\/\\\/inzynier.rzeszow.pl\\\/index.php\\\/2025\\\/03\\\/04\\\/rozstrzygniecie-konkursu-na-projekt-statuetki-i-tablicy-upamietniajacej-prof-stanislawa-kusia\\\/#article\",\"isPartOf\":{\"@id\":\"https:\\\/\\\/inzynier.rzeszow.pl\\\/index.php\\\/2025\\\/03\\\/04\\\/rozstrzygniecie-konkursu-na-projekt-statuetki-i-tablicy-upamietniajacej-prof-stanislawa-kusia\\\/\"},\"author\":{\"name\":\"admin\",\"@id\":\"https:\\\/\\\/inzynier.rzeszow.pl\\\/#\\\/schema\\\/person\\\/21ca162d893bdc5760a95d704e9b1e39\"},\"headline\":\"Rozstrzygni\u0119cie Konkursu na projekt statuetki i tablicy upami\u0119tniaj\u0105cej prof. Stanis\u0142awa Kusia\",\"datePublished\":\"2025-03-04T10:58:33+00:00\",\"dateModified\":\"2026-02-13T13:42:29+00:00\",\"mainEntityOfPage\":{\"@id\":\"https:\\\/\\\/inzynier.rzeszow.pl\\\/index.php\\\/2025\\\/03\\\/04\\\/rozstrzygniecie-konkursu-na-projekt-statuetki-i-tablicy-upamietniajacej-prof-stanislawa-kusia\\\/\"},\"wordCount\":602,\"image\":{\"@id\":\"https:\\\/\\\/inzynier.rzeszow.pl\\\/index.php\\\/2025\\\/03\\\/04\\\/rozstrzygniecie-konkursu-na-projekt-statuetki-i-tablicy-upamietniajacej-prof-stanislawa-kusia\\\/#primaryimage\"},\"thumbnailUrl\":\"https:\\\/\\\/inzynier.rzeszow.pl\\\/wp-content\\\/uploads\\\/2025\\\/03\\\/obraz_2026-02-03_115933483.png\",\"articleSection\":[\"Wydarzenia\",\"Z \u017cycia izby\",\"Z \u017cycia Izby Rok 2025\"],\"inLanguage\":\"pl-PL\"},{\"@type\":\"WebPage\",\"@id\":\"https:\\\/\\\/inzynier.rzeszow.pl\\\/index.php\\\/2025\\\/03\\\/04\\\/rozstrzygniecie-konkursu-na-projekt-statuetki-i-tablicy-upamietniajacej-prof-stanislawa-kusia\\\/\",\"url\":\"https:\\\/\\\/inzynier.rzeszow.pl\\\/index.php\\\/2025\\\/03\\\/04\\\/rozstrzygniecie-konkursu-na-projekt-statuetki-i-tablicy-upamietniajacej-prof-stanislawa-kusia\\\/\",\"name\":\"Rozstrzygni\u0119cie Konkursu na projekt statuetki i tablicy upami\u0119tniaj\u0105cej prof. Stanis\u0142awa Kusia - Podkarpacka Okregowa Izba Inzynierow Budownictwa\",\"isPartOf\":{\"@id\":\"https:\\\/\\\/inzynier.rzeszow.pl\\\/#website\"},\"primaryImageOfPage\":{\"@id\":\"https:\\\/\\\/inzynier.rzeszow.pl\\\/index.php\\\/2025\\\/03\\\/04\\\/rozstrzygniecie-konkursu-na-projekt-statuetki-i-tablicy-upamietniajacej-prof-stanislawa-kusia\\\/#primaryimage\"},\"image\":{\"@id\":\"https:\\\/\\\/inzynier.rzeszow.pl\\\/index.php\\\/2025\\\/03\\\/04\\\/rozstrzygniecie-konkursu-na-projekt-statuetki-i-tablicy-upamietniajacej-prof-stanislawa-kusia\\\/#primaryimage\"},\"thumbnailUrl\":\"https:\\\/\\\/inzynier.rzeszow.pl\\\/wp-content\\\/uploads\\\/2025\\\/03\\\/obraz_2026-02-03_115933483.png\",\"datePublished\":\"2025-03-04T10:58:33+00:00\",\"dateModified\":\"2026-02-13T13:42:29+00:00\",\"author\":{\"@id\":\"https:\\\/\\\/inzynier.rzeszow.pl\\\/#\\\/schema\\\/person\\\/21ca162d893bdc5760a95d704e9b1e39\"},\"breadcrumb\":{\"@id\":\"https:\\\/\\\/inzynier.rzeszow.pl\\\/index.php\\\/2025\\\/03\\\/04\\\/rozstrzygniecie-konkursu-na-projekt-statuetki-i-tablicy-upamietniajacej-prof-stanislawa-kusia\\\/#breadcrumb\"},\"inLanguage\":\"pl-PL\",\"potentialAction\":[{\"@type\":\"ReadAction\",\"target\":[\"https:\\\/\\\/inzynier.rzeszow.pl\\\/index.php\\\/2025\\\/03\\\/04\\\/rozstrzygniecie-konkursu-na-projekt-statuetki-i-tablicy-upamietniajacej-prof-stanislawa-kusia\\\/\"]}]},{\"@type\":\"ImageObject\",\"inLanguage\":\"pl-PL\",\"@id\":\"https:\\\/\\\/inzynier.rzeszow.pl\\\/index.php\\\/2025\\\/03\\\/04\\\/rozstrzygniecie-konkursu-na-projekt-statuetki-i-tablicy-upamietniajacej-prof-stanislawa-kusia\\\/#primaryimage\",\"url\":\"https:\\\/\\\/inzynier.rzeszow.pl\\\/wp-content\\\/uploads\\\/2025\\\/03\\\/obraz_2026-02-03_115933483.png\",\"contentUrl\":\"https:\\\/\\\/inzynier.rzeszow.pl\\\/wp-content\\\/uploads\\\/2025\\\/03\\\/obraz_2026-02-03_115933483.png\",\"width\":2000,\"height\":1328},{\"@type\":\"BreadcrumbList\",\"@id\":\"https:\\\/\\\/inzynier.rzeszow.pl\\\/index.php\\\/2025\\\/03\\\/04\\\/rozstrzygniecie-konkursu-na-projekt-statuetki-i-tablicy-upamietniajacej-prof-stanislawa-kusia\\\/#breadcrumb\",\"itemListElement\":[{\"@type\":\"ListItem\",\"position\":1,\"name\":\"Strona g\u0142\u00f3wna\",\"item\":\"https:\\\/\\\/inzynier.rzeszow.pl\\\/\"},{\"@type\":\"ListItem\",\"position\":2,\"name\":\"Rozstrzygni\u0119cie Konkursu na projekt statuetki i tablicy upami\u0119tniaj\u0105cej prof. Stanis\u0142awa Kusia\"}]},{\"@type\":\"WebSite\",\"@id\":\"https:\\\/\\\/inzynier.rzeszow.pl\\\/#website\",\"url\":\"https:\\\/\\\/inzynier.rzeszow.pl\\\/\",\"name\":\"Podkarpacka Okregowa Izba Inzynierow Budownictwa\",\"description\":\"\",\"potentialAction\":[{\"@type\":\"SearchAction\",\"target\":{\"@type\":\"EntryPoint\",\"urlTemplate\":\"https:\\\/\\\/inzynier.rzeszow.pl\\\/?s={search_term_string}\"},\"query-input\":{\"@type\":\"PropertyValueSpecification\",\"valueRequired\":true,\"valueName\":\"search_term_string\"}}],\"inLanguage\":\"pl-PL\"},{\"@type\":\"Person\",\"@id\":\"https:\\\/\\\/inzynier.rzeszow.pl\\\/#\\\/schema\\\/person\\\/21ca162d893bdc5760a95d704e9b1e39\",\"name\":\"admin\",\"image\":{\"@type\":\"ImageObject\",\"inLanguage\":\"pl-PL\",\"@id\":\"https:\\\/\\\/secure.gravatar.com\\\/avatar\\\/d5d1959f10b94c8abcf928274f8bb5b8c7370b0dfadb0590911bacad18965f21?s=96&d=mm&r=g\",\"url\":\"https:\\\/\\\/secure.gravatar.com\\\/avatar\\\/d5d1959f10b94c8abcf928274f8bb5b8c7370b0dfadb0590911bacad18965f21?s=96&d=mm&r=g\",\"contentUrl\":\"https:\\\/\\\/secure.gravatar.com\\\/avatar\\\/d5d1959f10b94c8abcf928274f8bb5b8c7370b0dfadb0590911bacad18965f21?s=96&d=mm&r=g\",\"caption\":\"admin\"},\"sameAs\":[\"https:\\\/\\\/migracja.inzynier.rzeszow.pl\"],\"url\":\"https:\\\/\\\/inzynier.rzeszow.pl\\\/index.php\\\/author\\\/kwojcik\\\/\"}]}<\/script>\n<!-- \/ Yoast SEO plugin. -->","yoast_head_json":{"title":"Rozstrzygni\u0119cie Konkursu na projekt statuetki i tablicy upami\u0119tniaj\u0105cej prof. Stanis\u0142awa Kusia - Podkarpacka Okregowa Izba Inzynierow Budownictwa","robots":{"index":"index","follow":"follow","max-snippet":"max-snippet:-1","max-image-preview":"max-image-preview:large","max-video-preview":"max-video-preview:-1"},"canonical":"https:\/\/inzynier.rzeszow.pl\/index.php\/2025\/03\/04\/rozstrzygniecie-konkursu-na-projekt-statuetki-i-tablicy-upamietniajacej-prof-stanislawa-kusia\/","og_locale":"pl_PL","og_type":"article","og_title":"Rozstrzygni\u0119cie Konkursu na projekt statuetki i tablicy upami\u0119tniaj\u0105cej prof. Stanis\u0142awa Kusia - Podkarpacka Okregowa Izba Inzynierow Budownictwa","og_description":"W dniu 03 marca 2025 r. w siedzibie PDK OIIB odby\u0142o rozstrzygni\u0119cie Konkursu na projekt statuetki i tablicy upami\u0119tniaj\u0105cej prof. [&hellip;]","og_url":"https:\/\/inzynier.rzeszow.pl\/index.php\/2025\/03\/04\/rozstrzygniecie-konkursu-na-projekt-statuetki-i-tablicy-upamietniajacej-prof-stanislawa-kusia\/","og_site_name":"Podkarpacka Okregowa Izba Inzynierow Budownictwa","article_published_time":"2025-03-04T10:58:33+00:00","article_modified_time":"2026-02-13T13:42:29+00:00","og_image":[{"width":1024,"height":680,"url":"https:\/\/inzynier.rzeszow.pl\/wp-content\/uploads\/2025\/03\/obraz_2026-02-03_115933483-1024x680.png","type":"image\/png"}],"author":"admin","twitter_card":"summary_large_image","twitter_misc":{"Napisane przez":"admin","Szacowany czas czytania":"3 minuty"},"schema":{"@context":"https:\/\/schema.org","@graph":[{"@type":"Article","@id":"https:\/\/inzynier.rzeszow.pl\/index.php\/2025\/03\/04\/rozstrzygniecie-konkursu-na-projekt-statuetki-i-tablicy-upamietniajacej-prof-stanislawa-kusia\/#article","isPartOf":{"@id":"https:\/\/inzynier.rzeszow.pl\/index.php\/2025\/03\/04\/rozstrzygniecie-konkursu-na-projekt-statuetki-i-tablicy-upamietniajacej-prof-stanislawa-kusia\/"},"author":{"name":"admin","@id":"https:\/\/inzynier.rzeszow.pl\/#\/schema\/person\/21ca162d893bdc5760a95d704e9b1e39"},"headline":"Rozstrzygni\u0119cie Konkursu na projekt statuetki i tablicy upami\u0119tniaj\u0105cej prof. Stanis\u0142awa Kusia","datePublished":"2025-03-04T10:58:33+00:00","dateModified":"2026-02-13T13:42:29+00:00","mainEntityOfPage":{"@id":"https:\/\/inzynier.rzeszow.pl\/index.php\/2025\/03\/04\/rozstrzygniecie-konkursu-na-projekt-statuetki-i-tablicy-upamietniajacej-prof-stanislawa-kusia\/"},"wordCount":602,"image":{"@id":"https:\/\/inzynier.rzeszow.pl\/index.php\/2025\/03\/04\/rozstrzygniecie-konkursu-na-projekt-statuetki-i-tablicy-upamietniajacej-prof-stanislawa-kusia\/#primaryimage"},"thumbnailUrl":"https:\/\/inzynier.rzeszow.pl\/wp-content\/uploads\/2025\/03\/obraz_2026-02-03_115933483.png","articleSection":["Wydarzenia","Z \u017cycia izby","Z \u017cycia Izby Rok 2025"],"inLanguage":"pl-PL"},{"@type":"WebPage","@id":"https:\/\/inzynier.rzeszow.pl\/index.php\/2025\/03\/04\/rozstrzygniecie-konkursu-na-projekt-statuetki-i-tablicy-upamietniajacej-prof-stanislawa-kusia\/","url":"https:\/\/inzynier.rzeszow.pl\/index.php\/2025\/03\/04\/rozstrzygniecie-konkursu-na-projekt-statuetki-i-tablicy-upamietniajacej-prof-stanislawa-kusia\/","name":"Rozstrzygni\u0119cie Konkursu na projekt statuetki i tablicy upami\u0119tniaj\u0105cej prof. Stanis\u0142awa Kusia - Podkarpacka Okregowa Izba Inzynierow Budownictwa","isPartOf":{"@id":"https:\/\/inzynier.rzeszow.pl\/#website"},"primaryImageOfPage":{"@id":"https:\/\/inzynier.rzeszow.pl\/index.php\/2025\/03\/04\/rozstrzygniecie-konkursu-na-projekt-statuetki-i-tablicy-upamietniajacej-prof-stanislawa-kusia\/#primaryimage"},"image":{"@id":"https:\/\/inzynier.rzeszow.pl\/index.php\/2025\/03\/04\/rozstrzygniecie-konkursu-na-projekt-statuetki-i-tablicy-upamietniajacej-prof-stanislawa-kusia\/#primaryimage"},"thumbnailUrl":"https:\/\/inzynier.rzeszow.pl\/wp-content\/uploads\/2025\/03\/obraz_2026-02-03_115933483.png","datePublished":"2025-03-04T10:58:33+00:00","dateModified":"2026-02-13T13:42:29+00:00","author":{"@id":"https:\/\/inzynier.rzeszow.pl\/#\/schema\/person\/21ca162d893bdc5760a95d704e9b1e39"},"breadcrumb":{"@id":"https:\/\/inzynier.rzeszow.pl\/index.php\/2025\/03\/04\/rozstrzygniecie-konkursu-na-projekt-statuetki-i-tablicy-upamietniajacej-prof-stanislawa-kusia\/#breadcrumb"},"inLanguage":"pl-PL","potentialAction":[{"@type":"ReadAction","target":["https:\/\/inzynier.rzeszow.pl\/index.php\/2025\/03\/04\/rozstrzygniecie-konkursu-na-projekt-statuetki-i-tablicy-upamietniajacej-prof-stanislawa-kusia\/"]}]},{"@type":"ImageObject","inLanguage":"pl-PL","@id":"https:\/\/inzynier.rzeszow.pl\/index.php\/2025\/03\/04\/rozstrzygniecie-konkursu-na-projekt-statuetki-i-tablicy-upamietniajacej-prof-stanislawa-kusia\/#primaryimage","url":"https:\/\/inzynier.rzeszow.pl\/wp-content\/uploads\/2025\/03\/obraz_2026-02-03_115933483.png","contentUrl":"https:\/\/inzynier.rzeszow.pl\/wp-content\/uploads\/2025\/03\/obraz_2026-02-03_115933483.png","width":2000,"height":1328},{"@type":"BreadcrumbList","@id":"https:\/\/inzynier.rzeszow.pl\/index.php\/2025\/03\/04\/rozstrzygniecie-konkursu-na-projekt-statuetki-i-tablicy-upamietniajacej-prof-stanislawa-kusia\/#breadcrumb","itemListElement":[{"@type":"ListItem","position":1,"name":"Strona g\u0142\u00f3wna","item":"https:\/\/inzynier.rzeszow.pl\/"},{"@type":"ListItem","position":2,"name":"Rozstrzygni\u0119cie Konkursu na projekt statuetki i tablicy upami\u0119tniaj\u0105cej prof. Stanis\u0142awa Kusia"}]},{"@type":"WebSite","@id":"https:\/\/inzynier.rzeszow.pl\/#website","url":"https:\/\/inzynier.rzeszow.pl\/","name":"Podkarpacka Okregowa Izba Inzynierow Budownictwa","description":"","potentialAction":[{"@type":"SearchAction","target":{"@type":"EntryPoint","urlTemplate":"https:\/\/inzynier.rzeszow.pl\/?s={search_term_string}"},"query-input":{"@type":"PropertyValueSpecification","valueRequired":true,"valueName":"search_term_string"}}],"inLanguage":"pl-PL"},{"@type":"Person","@id":"https:\/\/inzynier.rzeszow.pl\/#\/schema\/person\/21ca162d893bdc5760a95d704e9b1e39","name":"admin","image":{"@type":"ImageObject","inLanguage":"pl-PL","@id":"https:\/\/secure.gravatar.com\/avatar\/d5d1959f10b94c8abcf928274f8bb5b8c7370b0dfadb0590911bacad18965f21?s=96&d=mm&r=g","url":"https:\/\/secure.gravatar.com\/avatar\/d5d1959f10b94c8abcf928274f8bb5b8c7370b0dfadb0590911bacad18965f21?s=96&d=mm&r=g","contentUrl":"https:\/\/secure.gravatar.com\/avatar\/d5d1959f10b94c8abcf928274f8bb5b8c7370b0dfadb0590911bacad18965f21?s=96&d=mm&r=g","caption":"admin"},"sameAs":["https:\/\/migracja.inzynier.rzeszow.pl"],"url":"https:\/\/inzynier.rzeszow.pl\/index.php\/author\/kwojcik\/"}]}},"rttpg_featured_image_url":{"full":["https:\/\/inzynier.rzeszow.pl\/wp-content\/uploads\/2025\/03\/obraz_2026-02-03_115933483.png",2000,1328,false],"landscape":["https:\/\/inzynier.rzeszow.pl\/wp-content\/uploads\/2025\/03\/obraz_2026-02-03_115933483.png",2000,1328,false],"portraits":["https:\/\/inzynier.rzeszow.pl\/wp-content\/uploads\/2025\/03\/obraz_2026-02-03_115933483.png",2000,1328,false],"thumbnail":["https:\/\/inzynier.rzeszow.pl\/wp-content\/uploads\/2025\/03\/obraz_2026-02-03_115933483-150x150.png",150,150,true],"medium":["https:\/\/inzynier.rzeszow.pl\/wp-content\/uploads\/2025\/03\/obraz_2026-02-03_115933483-300x199.png",300,199,true],"large":["https:\/\/inzynier.rzeszow.pl\/wp-content\/uploads\/2025\/03\/obraz_2026-02-03_115933483-1024x680.png",1024,680,true],"1536x1536":["https:\/\/inzynier.rzeszow.pl\/wp-content\/uploads\/2025\/03\/obraz_2026-02-03_115933483-1536x1020.png",1536,1020,true],"2048x2048":["https:\/\/inzynier.rzeszow.pl\/wp-content\/uploads\/2025\/03\/obraz_2026-02-03_115933483.png",2000,1328,false]},"rttpg_author":{"display_name":"admin","author_link":"https:\/\/inzynier.rzeszow.pl\/index.php\/author\/kwojcik\/"},"rttpg_comment":0,"rttpg_category":"<a href=\"https:\/\/inzynier.rzeszow.pl\/index.php\/category\/wydarzenia\/\" rel=\"category tag\">Wydarzenia<\/a> <a href=\"https:\/\/inzynier.rzeszow.pl\/index.php\/category\/z-zycia-izby\/\" rel=\"category tag\">Z \u017cycia izby<\/a> <a href=\"https:\/\/inzynier.rzeszow.pl\/index.php\/category\/z-zycia-izby\/z-zycia-izby-rok-2025\/\" rel=\"category tag\">Z \u017cycia Izby Rok 2025<\/a>","rttpg_excerpt":"W dniu 03 marca 2025 r. w siedzibie PDK OIIB odby\u0142o rozstrzygni\u0119cie Konkursu na projekt statuetki i tablicy upami\u0119tniaj\u0105cej prof. [&hellip;]","_links":{"self":[{"href":"https:\/\/inzynier.rzeszow.pl\/index.php\/wp-json\/wp\/v2\/posts\/3576","targetHints":{"allow":["GET"]}}],"collection":[{"href":"https:\/\/inzynier.rzeszow.pl\/index.php\/wp-json\/wp\/v2\/posts"}],"about":[{"href":"https:\/\/inzynier.rzeszow.pl\/index.php\/wp-json\/wp\/v2\/types\/post"}],"author":[{"embeddable":true,"href":"https:\/\/inzynier.rzeszow.pl\/index.php\/wp-json\/wp\/v2\/users\/1"}],"replies":[{"embeddable":true,"href":"https:\/\/inzynier.rzeszow.pl\/index.php\/wp-json\/wp\/v2\/comments?post=3576"}],"version-history":[{"count":4,"href":"https:\/\/inzynier.rzeszow.pl\/index.php\/wp-json\/wp\/v2\/posts\/3576\/revisions"}],"predecessor-version":[{"id":3594,"href":"https:\/\/inzynier.rzeszow.pl\/index.php\/wp-json\/wp\/v2\/posts\/3576\/revisions\/3594"}],"wp:featuredmedia":[{"embeddable":true,"href":"https:\/\/inzynier.rzeszow.pl\/index.php\/wp-json\/wp\/v2\/media\/3578"}],"wp:attachment":[{"href":"https:\/\/inzynier.rzeszow.pl\/index.php\/wp-json\/wp\/v2\/media?parent=3576"}],"wp:term":[{"taxonomy":"category","embeddable":true,"href":"https:\/\/inzynier.rzeszow.pl\/index.php\/wp-json\/wp\/v2\/categories?post=3576"},{"taxonomy":"post_tag","embeddable":true,"href":"https:\/\/inzynier.rzeszow.pl\/index.php\/wp-json\/wp\/v2\/tags?post=3576"}],"curies":[{"name":"wp","href":"https:\/\/api.w.org\/{rel}","templated":true}]}}