{"id":3570,"date":"2025-02-03T14:22:13","date_gmt":"2025-02-03T14:22:13","guid":{"rendered":"https:\/\/migracja.inzynier.rzeszow.pl\/?p=3570"},"modified":"2026-03-14T08:42:13","modified_gmt":"2026-03-14T08:42:13","slug":"ii-ostatki-inzynierskie","status":"publish","type":"post","link":"https:\/\/inzynier.rzeszow.pl\/index.php\/2025\/02\/03\/ii-ostatki-inzynierskie\/","title":{"rendered":"II Ostatki In\u017cynierskie &#8211; 01.02.2025 r., Fabryka Smaku"},"content":{"rendered":"\t\t<div data-elementor-type=\"wp-post\" data-elementor-id=\"3570\" class=\"elementor elementor-3570\" data-elementor-post-type=\"post\">\n\t\t\t\t<div class=\"elementor-element elementor-element-a86bb8d e-flex e-con-boxed e-con e-parent\" data-id=\"a86bb8d\" data-element_type=\"container\" data-e-type=\"container\">\n\t\t\t\t\t<div class=\"e-con-inner\">\n\t\t<div class=\"elementor-element elementor-element-410f3d0 e-con-full e-flex e-con e-child\" data-id=\"410f3d0\" data-element_type=\"container\" data-e-type=\"container\">\n\t\t<div class=\"elementor-element elementor-element-0161690 e-con-full e-flex e-con e-child\" data-id=\"0161690\" data-element_type=\"container\" data-e-type=\"container\">\n\t\t\t\t<div class=\"elementor-element elementor-element-833a258 elementor-widget elementor-widget-image\" data-id=\"833a258\" data-element_type=\"widget\" data-e-type=\"widget\" data-widget_type=\"image.default\">\n\t\t\t\t\t\t\t\t\t\t\t\t\t\t\t<img fetchpriority=\"high\" decoding=\"async\" width=\"1024\" height=\"683\" src=\"https:\/\/inzynier.rzeszow.pl\/wp-content\/uploads\/2025\/02\/obraz_2026-02-03_123953472-1024x683.png\" class=\"attachment-large size-large wp-image-3631\" alt=\"\" srcset=\"https:\/\/inzynier.rzeszow.pl\/wp-content\/uploads\/2025\/02\/obraz_2026-02-03_123953472-1024x683.png 1024w, https:\/\/inzynier.rzeszow.pl\/wp-content\/uploads\/2025\/02\/obraz_2026-02-03_123953472-300x200.png 300w, https:\/\/inzynier.rzeszow.pl\/wp-content\/uploads\/2025\/02\/obraz_2026-02-03_123953472-768x512.png 768w, https:\/\/inzynier.rzeszow.pl\/wp-content\/uploads\/2025\/02\/obraz_2026-02-03_123953472.png 1200w\" sizes=\"(max-width: 1024px) 100vw, 1024px\" \/>\t\t\t\t\t\t\t\t\t\t\t\t\t\t\t<\/div>\n\t\t\t\t<\/div>\n\t\t<div class=\"elementor-element elementor-element-ba0eba7 e-con-full e-flex e-con e-child\" data-id=\"ba0eba7\" data-element_type=\"container\" data-e-type=\"container\">\n\t\t\t\t<div class=\"elementor-element elementor-element-43c5e2f elementor-widget elementor-widget-text-editor\" data-id=\"43c5e2f\" data-element_type=\"widget\" data-e-type=\"widget\" data-widget_type=\"text-editor.default\">\n\t\t\t\t\t\t\t\t\t<p>1 lutego 2025 r. w restauracji Fabryka Smaku odby\u0142y si\u0119 II Ostatki In\u017cynierskie, zorganizowane przez Podkarpack\u0105 Okr\u0119gow\u0105 Izb\u0119 In\u017cynier\u00f3w Budownictwa. Uczestnik\u00f3w przywita\u0142a skarbnik PDK OIIB Iwona Warzybok.<br \/><br \/>W wydarzeniu wzi\u0119li udzia\u0142 cz\u0142onkowie Okr\u0119gowej Rady PDK OIIB: Anna D\u0105browska-Lasko\u015b, Marcin Waszkiewicz, Zygmunt Sobczyk, Arkadiusz Dubiel z Zespo\u0142u ds. Zam\u00f3wie\u0144 PDK OIIB oraz Marek \u0141abudzki z Zespo\u0142u ds. Promocji i Integracji PDK OIIB.<br \/>Jedn\u0105 z atrakcji wieczoru by\u0142o losowanie gad\u017cet\u00f3w z logo Izby dla obecnych cz\u0142onk\u00f3w. Oko\u0142o 100 os\u00f3b bawi\u0142o si\u0119 przy muzyce DJ-a do wczesnych godzin porannych.<\/p><p>Atmosfera by\u0142a wyj\u0105tkowa, a uczestnicy zgodnie podkre\u015blali, \u017ce impreza by\u0142a nie tylko okazj\u0105 do integracji \u015brodowiska in\u017cynierskiego, ale tak\u017ce do wspania\u0142ej zabawy. Organizatorzy zadbali o ka\u017cdy detal, zapewniaj\u0105c doskona\u0142\u0105 opraw\u0119 muzyczn\u0105 i liczne atrakcje, kt\u00f3re na d\u0142ugo pozostan\u0105 w pami\u0119ci uczestnik\u00f3w.<\/p><p align=\"right\">Oprac.: Iwona Warzybok<\/p>\t\t\t\t\t\t\t\t<\/div>\n\t\t\t\t<\/div>\n\t\t\t\t<\/div>\n\t\t\t\t\t<\/div>\n\t\t\t\t<\/div>\n\t\t<div class=\"elementor-element elementor-element-eb2f48c e-flex e-con-boxed e-con e-parent\" data-id=\"eb2f48c\" data-element_type=\"container\" data-e-type=\"container\">\n\t\t\t\t\t<div class=\"e-con-inner\">\n\t\t\t\t<div class=\"elementor-element elementor-element-7fd6018 elementor-widget__width-inherit elementor-icon-list--layout-traditional elementor-list-item-link-full_width elementor-widget elementor-widget-icon-list\" data-id=\"7fd6018\" data-element_type=\"widget\" data-e-type=\"widget\" data-widget_type=\"icon-list.default\">\n\t\t\t\t\t\t\t<ul class=\"elementor-icon-list-items\">\n\t\t\t\t\t\t\t<li class=\"elementor-icon-list-item\">\n\t\t\t\t\t\t\t\t\t\t\t<a href=\"https:\/\/youtu.be\/swqjSBQE70E?si=uuS4SorCzYns0Mzg\" target=\"_blank\">\n\n\t\t\t\t\t\t\t\t\t\t\t\t<span class=\"elementor-icon-list-icon\">\n\t\t\t\t\t\t\t<svg aria-hidden=\"true\" class=\"e-font-icon-svg e-fas-arrow-circle-right\" viewBox=\"0 0 512 512\" xmlns=\"http:\/\/www.w3.org\/2000\/svg\"><path d=\"M256 8c137 0 248 111 248 248S393 504 256 504 8 393 8 256 119 8 256 8zm-28.9 143.6l75.5 72.4H120c-13.3 0-24 10.7-24 24v16c0 13.3 10.7 24 24 24h182.6l-75.5 72.4c-9.7 9.3-9.9 24.8-.4 34.3l11 10.9c9.4 9.4 24.6 9.4 33.9 0L404.3 273c9.4-9.4 9.4-24.6 0-33.9L271.6 106.3c-9.4-9.4-24.6-9.4-33.9 0l-11 10.9c-9.5 9.6-9.3 25.1.4 34.4z\"><\/path><\/svg>\t\t\t\t\t\t<\/span>\n\t\t\t\t\t\t\t\t\t\t<span class=\"elementor-icon-list-text\">Film II Ostatki In\u017cynierskie 2025  -  realizacja: \u0141ABUDZKI Project<\/span>\n\t\t\t\t\t\t\t\t\t\t\t<\/a>\n\t\t\t\t\t\t\t\t\t<\/li>\n\t\t\t\t\t\t<\/ul>\n\t\t\t\t\t\t<\/div>\n\t\t\t\t\t<\/div>\n\t\t\t\t<\/div>\n\t\t<div class=\"elementor-element elementor-element-b6c1148 e-flex e-con-boxed e-con e-parent\" data-id=\"b6c1148\" data-element_type=\"container\" data-e-type=\"container\">\n\t\t\t\t\t<div class=\"e-con-inner\">\n\t\t\t\t<div class=\"elementor-element elementor-element-1f72e2b elementor-widget__width-inherit elementor-icon-list--layout-traditional elementor-list-item-link-full_width elementor-widget elementor-widget-icon-list\" data-id=\"1f72e2b\" data-element_type=\"widget\" data-e-type=\"widget\" data-widget_type=\"icon-list.default\">\n\t\t\t\t\t\t\t<ul class=\"elementor-icon-list-items\">\n\t\t\t\t\t\t\t<li class=\"elementor-icon-list-item\">\n\t\t\t\t\t\t\t\t\t\t\t<a href=\"https:\/\/www.facebook.com\/media\/set\/?vanity=PodkarpackaOIIB&#038;set=a.1048532127311854\" target=\"_blank\">\n\n\t\t\t\t\t\t\t\t\t\t\t\t<span class=\"elementor-icon-list-icon\">\n\t\t\t\t\t\t\t<svg aria-hidden=\"true\" class=\"e-font-icon-svg e-fas-arrow-circle-right\" viewBox=\"0 0 512 512\" xmlns=\"http:\/\/www.w3.org\/2000\/svg\"><path d=\"M256 8c137 0 248 111 248 248S393 504 256 504 8 393 8 256 119 8 256 8zm-28.9 143.6l75.5 72.4H120c-13.3 0-24 10.7-24 24v16c0 13.3 10.7 24 24 24h182.6l-75.5 72.4c-9.7 9.3-9.9 24.8-.4 34.3l11 10.9c9.4 9.4 24.6 9.4 33.9 0L404.3 273c9.4-9.4 9.4-24.6 0-33.9L271.6 106.3c-9.4-9.4-24.6-9.4-33.9 0l-11 10.9c-9.5 9.6-9.3 25.1.4 34.4z\"><\/path><\/svg>\t\t\t\t\t\t<\/span>\n\t\t\t\t\t\t\t\t\t\t<span class=\"elementor-icon-list-text\">Galeria fotograficzna z Ostatki In\u017cynierskie - 01.02.2025 r.  -  fot. Iwona Warzybok, Marek \u0141abudzki <\/span>\n\t\t\t\t\t\t\t\t\t\t\t<\/a>\n\t\t\t\t\t\t\t\t\t<\/li>\n\t\t\t\t\t\t<\/ul>\n\t\t\t\t\t\t<\/div>\n\t\t\t\t\t<\/div>\n\t\t\t\t<\/div>\n\t\t<div class=\"elementor-element elementor-element-0581a52 e-flex e-con-boxed e-con e-parent\" data-id=\"0581a52\" data-element_type=\"container\" data-e-type=\"container\">\n\t\t\t\t\t<div class=\"e-con-inner\">\n\t\t\t\t<div class=\"elementor-element elementor-element-90eecc4 elementor-widget elementor-widget-gallery\" data-id=\"90eecc4\" data-element_type=\"widget\" data-e-type=\"widget\" data-settings=\"{&quot;columns&quot;:3,&quot;lazyload&quot;:&quot;yes&quot;,&quot;gallery_layout&quot;:&quot;grid&quot;,&quot;columns_tablet&quot;:2,&quot;columns_mobile&quot;:1,&quot;gap&quot;:{&quot;unit&quot;:&quot;px&quot;,&quot;size&quot;:10,&quot;sizes&quot;:[]},&quot;gap_tablet&quot;:{&quot;unit&quot;:&quot;px&quot;,&quot;size&quot;:10,&quot;sizes&quot;:[]},&quot;gap_mobile&quot;:{&quot;unit&quot;:&quot;px&quot;,&quot;size&quot;:10,&quot;sizes&quot;:[]},&quot;link_to&quot;:&quot;file&quot;,&quot;aspect_ratio&quot;:&quot;3:2&quot;,&quot;overlay_background&quot;:&quot;yes&quot;,&quot;content_hover_animation&quot;:&quot;fade-in&quot;}\" data-widget_type=\"gallery.default\">\n\t\t\t\t\t\t\t<div class=\"elementor-gallery__container\">\n\t\t\t\t\t\t\t<a class=\"e-gallery-item elementor-gallery-item elementor-animated-content\" href=\"https:\/\/inzynier.rzeszow.pl\/wp-content\/uploads\/2025\/02\/obraz_2026-02-03_124553476.png\" data-elementor-open-lightbox=\"yes\" data-elementor-lightbox-slideshow=\"90eecc4\" data-e-action-hash=\"#elementor-action%3Aaction%3Dlightbox%26settings%3DeyJpZCI6MzYzMywidXJsIjoiaHR0cHM6XC9cL2luenluaWVyLnJ6ZXN6b3cucGxcL3dwLWNvbnRlbnRcL3VwbG9hZHNcLzIwMjVcLzAyXC9vYnJhel8yMDI2LTAyLTAzXzEyNDU1MzQ3Ni5wbmciLCJzbGlkZXNob3ciOiI5MGVlY2M0In0%3D\">\n\t\t\t\t\t<div class=\"e-gallery-image elementor-gallery-item__image\" data-thumbnail=\"https:\/\/inzynier.rzeszow.pl\/wp-content\/uploads\/2025\/02\/obraz_2026-02-03_124553476-768x576.png\" data-width=\"768\" data-height=\"576\" aria-label=\"\" role=\"img\" ><\/div>\n\t\t\t\t\t\t\t\t\t\t\t<div class=\"elementor-gallery-item__overlay\"><\/div>\n\t\t\t\t\t\t\t\t\t\t\t\t\t\t<\/a>\n\t\t\t\t\t\t\t<a class=\"e-gallery-item elementor-gallery-item elementor-animated-content\" href=\"https:\/\/inzynier.rzeszow.pl\/wp-content\/uploads\/2025\/02\/obraz_2026-02-03_124600771.png\" data-elementor-open-lightbox=\"yes\" data-elementor-lightbox-slideshow=\"90eecc4\" data-e-action-hash=\"#elementor-action%3Aaction%3Dlightbox%26settings%3DeyJpZCI6MzYzNCwidXJsIjoiaHR0cHM6XC9cL2luenluaWVyLnJ6ZXN6b3cucGxcL3dwLWNvbnRlbnRcL3VwbG9hZHNcLzIwMjVcLzAyXC9vYnJhel8yMDI2LTAyLTAzXzEyNDYwMDc3MS5wbmciLCJzbGlkZXNob3ciOiI5MGVlY2M0In0%3D\">\n\t\t\t\t\t<div class=\"e-gallery-image elementor-gallery-item__image\" data-thumbnail=\"https:\/\/inzynier.rzeszow.pl\/wp-content\/uploads\/2025\/02\/obraz_2026-02-03_124600771-768x576.png\" data-width=\"768\" data-height=\"576\" aria-label=\"\" role=\"img\" ><\/div>\n\t\t\t\t\t\t\t\t\t\t\t<div class=\"elementor-gallery-item__overlay\"><\/div>\n\t\t\t\t\t\t\t\t\t\t\t\t\t\t<\/a>\n\t\t\t\t\t\t\t<a class=\"e-gallery-item elementor-gallery-item elementor-animated-content\" href=\"https:\/\/inzynier.rzeszow.pl\/wp-content\/uploads\/2025\/02\/obraz_2026-02-03_124608753.png\" data-elementor-open-lightbox=\"yes\" data-elementor-lightbox-slideshow=\"90eecc4\" data-e-action-hash=\"#elementor-action%3Aaction%3Dlightbox%26settings%3DeyJpZCI6MzYzNSwidXJsIjoiaHR0cHM6XC9cL2luenluaWVyLnJ6ZXN6b3cucGxcL3dwLWNvbnRlbnRcL3VwbG9hZHNcLzIwMjVcLzAyXC9vYnJhel8yMDI2LTAyLTAzXzEyNDYwODc1My5wbmciLCJzbGlkZXNob3ciOiI5MGVlY2M0In0%3D\">\n\t\t\t\t\t<div class=\"e-gallery-image elementor-gallery-item__image\" data-thumbnail=\"https:\/\/inzynier.rzeszow.pl\/wp-content\/uploads\/2025\/02\/obraz_2026-02-03_124608753-768x576.png\" data-width=\"768\" data-height=\"576\" aria-label=\"\" role=\"img\" ><\/div>\n\t\t\t\t\t\t\t\t\t\t\t<div class=\"elementor-gallery-item__overlay\"><\/div>\n\t\t\t\t\t\t\t\t\t\t\t\t\t\t<\/a>\n\t\t\t\t\t\t\t<a class=\"e-gallery-item elementor-gallery-item elementor-animated-content\" href=\"https:\/\/inzynier.rzeszow.pl\/wp-content\/uploads\/2025\/02\/obraz_2026-02-03_124615902.png\" data-elementor-open-lightbox=\"yes\" data-elementor-lightbox-slideshow=\"90eecc4\" data-e-action-hash=\"#elementor-action%3Aaction%3Dlightbox%26settings%3DeyJpZCI6MzYzNiwidXJsIjoiaHR0cHM6XC9cL2luenluaWVyLnJ6ZXN6b3cucGxcL3dwLWNvbnRlbnRcL3VwbG9hZHNcLzIwMjVcLzAyXC9vYnJhel8yMDI2LTAyLTAzXzEyNDYxNTkwMi5wbmciLCJzbGlkZXNob3ciOiI5MGVlY2M0In0%3D\">\n\t\t\t\t\t<div class=\"e-gallery-image elementor-gallery-item__image\" data-thumbnail=\"https:\/\/inzynier.rzeszow.pl\/wp-content\/uploads\/2025\/02\/obraz_2026-02-03_124615902-768x576.png\" data-width=\"768\" data-height=\"576\" aria-label=\"\" role=\"img\" ><\/div>\n\t\t\t\t\t\t\t\t\t\t\t<div class=\"elementor-gallery-item__overlay\"><\/div>\n\t\t\t\t\t\t\t\t\t\t\t\t\t\t<\/a>\n\t\t\t\t\t\t\t<a class=\"e-gallery-item elementor-gallery-item elementor-animated-content\" href=\"https:\/\/inzynier.rzeszow.pl\/wp-content\/uploads\/2025\/02\/obraz_2026-02-03_124621749.png\" data-elementor-open-lightbox=\"yes\" data-elementor-lightbox-slideshow=\"90eecc4\" data-e-action-hash=\"#elementor-action%3Aaction%3Dlightbox%26settings%3DeyJpZCI6MzYzNywidXJsIjoiaHR0cHM6XC9cL2luenluaWVyLnJ6ZXN6b3cucGxcL3dwLWNvbnRlbnRcL3VwbG9hZHNcLzIwMjVcLzAyXC9vYnJhel8yMDI2LTAyLTAzXzEyNDYyMTc0OS5wbmciLCJzbGlkZXNob3ciOiI5MGVlY2M0In0%3D\">\n\t\t\t\t\t<div class=\"e-gallery-image elementor-gallery-item__image\" data-thumbnail=\"https:\/\/inzynier.rzeszow.pl\/wp-content\/uploads\/2025\/02\/obraz_2026-02-03_124621749-768x576.png\" data-width=\"768\" data-height=\"576\" aria-label=\"\" role=\"img\" ><\/div>\n\t\t\t\t\t\t\t\t\t\t\t<div class=\"elementor-gallery-item__overlay\"><\/div>\n\t\t\t\t\t\t\t\t\t\t\t\t\t\t<\/a>\n\t\t\t\t\t\t\t<a class=\"e-gallery-item elementor-gallery-item elementor-animated-content\" href=\"https:\/\/inzynier.rzeszow.pl\/wp-content\/uploads\/2025\/02\/obraz_2026-02-03_124627930.png\" data-elementor-open-lightbox=\"yes\" data-elementor-lightbox-slideshow=\"90eecc4\" data-e-action-hash=\"#elementor-action%3Aaction%3Dlightbox%26settings%3DeyJpZCI6MzYzOCwidXJsIjoiaHR0cHM6XC9cL2luenluaWVyLnJ6ZXN6b3cucGxcL3dwLWNvbnRlbnRcL3VwbG9hZHNcLzIwMjVcLzAyXC9vYnJhel8yMDI2LTAyLTAzXzEyNDYyNzkzMC5wbmciLCJzbGlkZXNob3ciOiI5MGVlY2M0In0%3D\">\n\t\t\t\t\t<div class=\"e-gallery-image elementor-gallery-item__image\" data-thumbnail=\"https:\/\/inzynier.rzeszow.pl\/wp-content\/uploads\/2025\/02\/obraz_2026-02-03_124627930-768x576.png\" data-width=\"768\" data-height=\"576\" aria-label=\"\" role=\"img\" ><\/div>\n\t\t\t\t\t\t\t\t\t\t\t<div class=\"elementor-gallery-item__overlay\"><\/div>\n\t\t\t\t\t\t\t\t\t\t\t\t\t\t<\/a>\n\t\t\t\t\t<\/div>\n\t\t\t\t\t<\/div>\n\t\t\t\t\t<\/div>\n\t\t\t\t<\/div>\n\t\t\t\t<\/div>\n\t\t","protected":false},"excerpt":{"rendered":"<p>II Ostatki In\u017cynierskie by\u0142y okazj\u0105 do spotkania i integracji cz\u0142onk\u00f3w Podkarpackiej Okr\u0119gowej Izby In\u017cynier\u00f3w Budownictwa. Wydarzenie odby\u0142o si\u0119 w karnawa\u0142owej atmosferze, sprzyjaj\u0105c wsp\u00f3lnej zabawie oraz budowaniu relacji w \u015brodowisku in\u017cynierskim.<\/p>\n","protected":false},"author":1,"featured_media":3631,"comment_status":"closed","ping_status":"closed","sticky":false,"template":"","format":"standard","meta":{"site-sidebar-layout":"default","site-content-layout":"","ast-site-content-layout":"default","site-content-style":"default","site-sidebar-style":"default","ast-global-header-display":"","ast-banner-title-visibility":"","ast-main-header-display":"","ast-hfb-above-header-display":"","ast-hfb-below-header-display":"","ast-hfb-mobile-header-display":"","site-post-title":"","ast-breadcrumbs-content":"","ast-featured-img":"","footer-sml-layout":"","ast-disable-related-posts":"","theme-transparent-header-meta":"","adv-header-id-meta":"","stick-header-meta":"","header-above-stick-meta":"","header-main-stick-meta":"","header-below-stick-meta":"","astra-migrate-meta-layouts":"default","ast-page-background-enabled":"default","ast-page-background-meta":{"desktop":{"background-color":"var(--ast-global-color-5)","background-image":"","background-repeat":"repeat","background-position":"center center","background-size":"auto","background-attachment":"scroll","background-type":"","background-media":"","overlay-type":"","overlay-color":"","overlay-opacity":"","overlay-gradient":""},"tablet":{"background-color":"","background-image":"","background-repeat":"repeat","background-position":"center center","background-size":"auto","background-attachment":"scroll","background-type":"","background-media":"","overlay-type":"","overlay-color":"","overlay-opacity":"","overlay-gradient":""},"mobile":{"background-color":"","background-image":"","background-repeat":"repeat","background-position":"center center","background-size":"auto","background-attachment":"scroll","background-type":"","background-media":"","overlay-type":"","overlay-color":"","overlay-opacity":"","overlay-gradient":""}},"ast-content-background-meta":{"desktop":{"background-color":"var(--ast-global-color-4)","background-image":"","background-repeat":"repeat","background-position":"center center","background-size":"auto","background-attachment":"scroll","background-type":"","background-media":"","overlay-type":"","overlay-color":"","overlay-opacity":"","overlay-gradient":""},"tablet":{"background-color":"var(--ast-global-color-4)","background-image":"","background-repeat":"repeat","background-position":"center center","background-size":"auto","background-attachment":"scroll","background-type":"","background-media":"","overlay-type":"","overlay-color":"","overlay-opacity":"","overlay-gradient":""},"mobile":{"background-color":"var(--ast-global-color-4)","background-image":"","background-repeat":"repeat","background-position":"center center","background-size":"auto","background-attachment":"scroll","background-type":"","background-media":"","overlay-type":"","overlay-color":"","overlay-opacity":"","overlay-gradient":""}},"footnotes":""},"categories":[60,7,16,55],"tags":[],"class_list":["post-3570","post","type-post","status-publish","format-standard","has-post-thumbnail","hentry","category-ostatki-inzynierskie","category-wydarzenia","category-z-zycia-izby","category-z-zycia-izby-rok-2025"],"yoast_head":"<!-- This site is optimized with the Yoast SEO plugin v27.5 - https:\/\/yoast.com\/product\/yoast-seo-wordpress\/ -->\n<title>II Ostatki In\u017cynierskie - 01.02.2025 r., Fabryka Smaku - Podkarpacka Okregowa Izba Inzynierow Budownictwa<\/title>\n<meta name=\"robots\" content=\"index, follow, max-snippet:-1, max-image-preview:large, max-video-preview:-1\" \/>\n<link rel=\"canonical\" href=\"https:\/\/inzynier.rzeszow.pl\/index.php\/2025\/02\/03\/ii-ostatki-inzynierskie\/\" \/>\n<meta property=\"og:locale\" content=\"pl_PL\" \/>\n<meta property=\"og:type\" content=\"article\" \/>\n<meta property=\"og:title\" content=\"II Ostatki In\u017cynierskie - 01.02.2025 r., Fabryka Smaku - Podkarpacka Okregowa Izba Inzynierow Budownictwa\" \/>\n<meta property=\"og:description\" content=\"II Ostatki In\u017cynierskie by\u0142y okazj\u0105 do spotkania i integracji cz\u0142onk\u00f3w Podkarpackiej Okr\u0119gowej Izby In\u017cynier\u00f3w Budownictwa. Wydarzenie odby\u0142o si\u0119 w karnawa\u0142owej atmosferze, sprzyjaj\u0105c wsp\u00f3lnej zabawie oraz budowaniu relacji w \u015brodowisku in\u017cynierskim.\" \/>\n<meta property=\"og:url\" content=\"https:\/\/inzynier.rzeszow.pl\/index.php\/2025\/02\/03\/ii-ostatki-inzynierskie\/\" \/>\n<meta property=\"og:site_name\" content=\"Podkarpacka Okregowa Izba Inzynierow Budownictwa\" \/>\n<meta property=\"article:published_time\" content=\"2025-02-03T14:22:13+00:00\" \/>\n<meta property=\"article:modified_time\" content=\"2026-03-14T08:42:13+00:00\" \/>\n<meta property=\"og:image\" content=\"https:\/\/inzynier.rzeszow.pl\/wp-content\/uploads\/2025\/02\/obraz_2026-02-03_123953472.png\" \/>\n\t<meta property=\"og:image:width\" content=\"1200\" \/>\n\t<meta property=\"og:image:height\" content=\"800\" \/>\n\t<meta property=\"og:image:type\" content=\"image\/png\" \/>\n<meta name=\"author\" content=\"admin\" \/>\n<meta name=\"twitter:card\" content=\"summary_large_image\" \/>\n<meta name=\"twitter:label1\" content=\"Napisane przez\" \/>\n\t<meta name=\"twitter:data1\" content=\"admin\" \/>\n\t<meta name=\"twitter:label2\" content=\"Szacowany czas czytania\" \/>\n\t<meta name=\"twitter:data2\" content=\"2 minuty\" \/>\n<script type=\"application\/ld+json\" class=\"yoast-schema-graph\">{\"@context\":\"https:\\\/\\\/schema.org\",\"@graph\":[{\"@type\":\"Article\",\"@id\":\"https:\\\/\\\/inzynier.rzeszow.pl\\\/index.php\\\/2025\\\/02\\\/03\\\/ii-ostatki-inzynierskie\\\/#article\",\"isPartOf\":{\"@id\":\"https:\\\/\\\/inzynier.rzeszow.pl\\\/index.php\\\/2025\\\/02\\\/03\\\/ii-ostatki-inzynierskie\\\/\"},\"author\":{\"name\":\"admin\",\"@id\":\"https:\\\/\\\/inzynier.rzeszow.pl\\\/#\\\/schema\\\/person\\\/21ca162d893bdc5760a95d704e9b1e39\"},\"headline\":\"II Ostatki In\u017cynierskie &#8211; 01.02.2025 r., Fabryka Smaku\",\"datePublished\":\"2025-02-03T14:22:13+00:00\",\"dateModified\":\"2026-03-14T08:42:13+00:00\",\"mainEntityOfPage\":{\"@id\":\"https:\\\/\\\/inzynier.rzeszow.pl\\\/index.php\\\/2025\\\/02\\\/03\\\/ii-ostatki-inzynierskie\\\/\"},\"wordCount\":193,\"image\":{\"@id\":\"https:\\\/\\\/inzynier.rzeszow.pl\\\/index.php\\\/2025\\\/02\\\/03\\\/ii-ostatki-inzynierskie\\\/#primaryimage\"},\"thumbnailUrl\":\"https:\\\/\\\/inzynier.rzeszow.pl\\\/wp-content\\\/uploads\\\/2025\\\/02\\\/obraz_2026-02-03_123953472.png\",\"articleSection\":[\"Ostatki In\u017cynierskie\",\"Wydarzenia\",\"Z \u017cycia izby\",\"Z \u017cycia Izby Rok 2025\"],\"inLanguage\":\"pl-PL\"},{\"@type\":\"WebPage\",\"@id\":\"https:\\\/\\\/inzynier.rzeszow.pl\\\/index.php\\\/2025\\\/02\\\/03\\\/ii-ostatki-inzynierskie\\\/\",\"url\":\"https:\\\/\\\/inzynier.rzeszow.pl\\\/index.php\\\/2025\\\/02\\\/03\\\/ii-ostatki-inzynierskie\\\/\",\"name\":\"II Ostatki In\u017cynierskie - 01.02.2025 r., Fabryka Smaku - Podkarpacka Okregowa Izba Inzynierow Budownictwa\",\"isPartOf\":{\"@id\":\"https:\\\/\\\/inzynier.rzeszow.pl\\\/#website\"},\"primaryImageOfPage\":{\"@id\":\"https:\\\/\\\/inzynier.rzeszow.pl\\\/index.php\\\/2025\\\/02\\\/03\\\/ii-ostatki-inzynierskie\\\/#primaryimage\"},\"image\":{\"@id\":\"https:\\\/\\\/inzynier.rzeszow.pl\\\/index.php\\\/2025\\\/02\\\/03\\\/ii-ostatki-inzynierskie\\\/#primaryimage\"},\"thumbnailUrl\":\"https:\\\/\\\/inzynier.rzeszow.pl\\\/wp-content\\\/uploads\\\/2025\\\/02\\\/obraz_2026-02-03_123953472.png\",\"datePublished\":\"2025-02-03T14:22:13+00:00\",\"dateModified\":\"2026-03-14T08:42:13+00:00\",\"author\":{\"@id\":\"https:\\\/\\\/inzynier.rzeszow.pl\\\/#\\\/schema\\\/person\\\/21ca162d893bdc5760a95d704e9b1e39\"},\"breadcrumb\":{\"@id\":\"https:\\\/\\\/inzynier.rzeszow.pl\\\/index.php\\\/2025\\\/02\\\/03\\\/ii-ostatki-inzynierskie\\\/#breadcrumb\"},\"inLanguage\":\"pl-PL\",\"potentialAction\":[{\"@type\":\"ReadAction\",\"target\":[\"https:\\\/\\\/inzynier.rzeszow.pl\\\/index.php\\\/2025\\\/02\\\/03\\\/ii-ostatki-inzynierskie\\\/\"]}]},{\"@type\":\"ImageObject\",\"inLanguage\":\"pl-PL\",\"@id\":\"https:\\\/\\\/inzynier.rzeszow.pl\\\/index.php\\\/2025\\\/02\\\/03\\\/ii-ostatki-inzynierskie\\\/#primaryimage\",\"url\":\"https:\\\/\\\/inzynier.rzeszow.pl\\\/wp-content\\\/uploads\\\/2025\\\/02\\\/obraz_2026-02-03_123953472.png\",\"contentUrl\":\"https:\\\/\\\/inzynier.rzeszow.pl\\\/wp-content\\\/uploads\\\/2025\\\/02\\\/obraz_2026-02-03_123953472.png\",\"width\":1200,\"height\":800},{\"@type\":\"BreadcrumbList\",\"@id\":\"https:\\\/\\\/inzynier.rzeszow.pl\\\/index.php\\\/2025\\\/02\\\/03\\\/ii-ostatki-inzynierskie\\\/#breadcrumb\",\"itemListElement\":[{\"@type\":\"ListItem\",\"position\":1,\"name\":\"Strona g\u0142\u00f3wna\",\"item\":\"https:\\\/\\\/inzynier.rzeszow.pl\\\/\"},{\"@type\":\"ListItem\",\"position\":2,\"name\":\"II Ostatki In\u017cynierskie &#8211; 01.02.2025 r., Fabryka Smaku\"}]},{\"@type\":\"WebSite\",\"@id\":\"https:\\\/\\\/inzynier.rzeszow.pl\\\/#website\",\"url\":\"https:\\\/\\\/inzynier.rzeszow.pl\\\/\",\"name\":\"Podkarpacka Okregowa Izba Inzynierow Budownictwa\",\"description\":\"\",\"potentialAction\":[{\"@type\":\"SearchAction\",\"target\":{\"@type\":\"EntryPoint\",\"urlTemplate\":\"https:\\\/\\\/inzynier.rzeszow.pl\\\/?s={search_term_string}\"},\"query-input\":{\"@type\":\"PropertyValueSpecification\",\"valueRequired\":true,\"valueName\":\"search_term_string\"}}],\"inLanguage\":\"pl-PL\"},{\"@type\":\"Person\",\"@id\":\"https:\\\/\\\/inzynier.rzeszow.pl\\\/#\\\/schema\\\/person\\\/21ca162d893bdc5760a95d704e9b1e39\",\"name\":\"admin\",\"image\":{\"@type\":\"ImageObject\",\"inLanguage\":\"pl-PL\",\"@id\":\"https:\\\/\\\/secure.gravatar.com\\\/avatar\\\/d5d1959f10b94c8abcf928274f8bb5b8c7370b0dfadb0590911bacad18965f21?s=96&d=mm&r=g\",\"url\":\"https:\\\/\\\/secure.gravatar.com\\\/avatar\\\/d5d1959f10b94c8abcf928274f8bb5b8c7370b0dfadb0590911bacad18965f21?s=96&d=mm&r=g\",\"contentUrl\":\"https:\\\/\\\/secure.gravatar.com\\\/avatar\\\/d5d1959f10b94c8abcf928274f8bb5b8c7370b0dfadb0590911bacad18965f21?s=96&d=mm&r=g\",\"caption\":\"admin\"},\"sameAs\":[\"https:\\\/\\\/migracja.inzynier.rzeszow.pl\"],\"url\":\"https:\\\/\\\/inzynier.rzeszow.pl\\\/index.php\\\/author\\\/kwojcik\\\/\"}]}<\/script>\n<!-- \/ Yoast SEO plugin. -->","yoast_head_json":{"title":"II Ostatki In\u017cynierskie - 01.02.2025 r., Fabryka Smaku - Podkarpacka Okregowa Izba Inzynierow Budownictwa","robots":{"index":"index","follow":"follow","max-snippet":"max-snippet:-1","max-image-preview":"max-image-preview:large","max-video-preview":"max-video-preview:-1"},"canonical":"https:\/\/inzynier.rzeszow.pl\/index.php\/2025\/02\/03\/ii-ostatki-inzynierskie\/","og_locale":"pl_PL","og_type":"article","og_title":"II Ostatki In\u017cynierskie - 01.02.2025 r., Fabryka Smaku - Podkarpacka Okregowa Izba Inzynierow Budownictwa","og_description":"II Ostatki In\u017cynierskie by\u0142y okazj\u0105 do spotkania i integracji cz\u0142onk\u00f3w Podkarpackiej Okr\u0119gowej Izby In\u017cynier\u00f3w Budownictwa. Wydarzenie odby\u0142o si\u0119 w karnawa\u0142owej atmosferze, sprzyjaj\u0105c wsp\u00f3lnej zabawie oraz budowaniu relacji w \u015brodowisku in\u017cynierskim.","og_url":"https:\/\/inzynier.rzeszow.pl\/index.php\/2025\/02\/03\/ii-ostatki-inzynierskie\/","og_site_name":"Podkarpacka Okregowa Izba Inzynierow Budownictwa","article_published_time":"2025-02-03T14:22:13+00:00","article_modified_time":"2026-03-14T08:42:13+00:00","og_image":[{"width":1200,"height":800,"url":"https:\/\/inzynier.rzeszow.pl\/wp-content\/uploads\/2025\/02\/obraz_2026-02-03_123953472.png","type":"image\/png"}],"author":"admin","twitter_card":"summary_large_image","twitter_misc":{"Napisane przez":"admin","Szacowany czas czytania":"2 minuty"},"schema":{"@context":"https:\/\/schema.org","@graph":[{"@type":"Article","@id":"https:\/\/inzynier.rzeszow.pl\/index.php\/2025\/02\/03\/ii-ostatki-inzynierskie\/#article","isPartOf":{"@id":"https:\/\/inzynier.rzeszow.pl\/index.php\/2025\/02\/03\/ii-ostatki-inzynierskie\/"},"author":{"name":"admin","@id":"https:\/\/inzynier.rzeszow.pl\/#\/schema\/person\/21ca162d893bdc5760a95d704e9b1e39"},"headline":"II Ostatki In\u017cynierskie &#8211; 01.02.2025 r., Fabryka Smaku","datePublished":"2025-02-03T14:22:13+00:00","dateModified":"2026-03-14T08:42:13+00:00","mainEntityOfPage":{"@id":"https:\/\/inzynier.rzeszow.pl\/index.php\/2025\/02\/03\/ii-ostatki-inzynierskie\/"},"wordCount":193,"image":{"@id":"https:\/\/inzynier.rzeszow.pl\/index.php\/2025\/02\/03\/ii-ostatki-inzynierskie\/#primaryimage"},"thumbnailUrl":"https:\/\/inzynier.rzeszow.pl\/wp-content\/uploads\/2025\/02\/obraz_2026-02-03_123953472.png","articleSection":["Ostatki In\u017cynierskie","Wydarzenia","Z \u017cycia izby","Z \u017cycia Izby Rok 2025"],"inLanguage":"pl-PL"},{"@type":"WebPage","@id":"https:\/\/inzynier.rzeszow.pl\/index.php\/2025\/02\/03\/ii-ostatki-inzynierskie\/","url":"https:\/\/inzynier.rzeszow.pl\/index.php\/2025\/02\/03\/ii-ostatki-inzynierskie\/","name":"II Ostatki In\u017cynierskie - 01.02.2025 r., Fabryka Smaku - Podkarpacka Okregowa Izba Inzynierow Budownictwa","isPartOf":{"@id":"https:\/\/inzynier.rzeszow.pl\/#website"},"primaryImageOfPage":{"@id":"https:\/\/inzynier.rzeszow.pl\/index.php\/2025\/02\/03\/ii-ostatki-inzynierskie\/#primaryimage"},"image":{"@id":"https:\/\/inzynier.rzeszow.pl\/index.php\/2025\/02\/03\/ii-ostatki-inzynierskie\/#primaryimage"},"thumbnailUrl":"https:\/\/inzynier.rzeszow.pl\/wp-content\/uploads\/2025\/02\/obraz_2026-02-03_123953472.png","datePublished":"2025-02-03T14:22:13+00:00","dateModified":"2026-03-14T08:42:13+00:00","author":{"@id":"https:\/\/inzynier.rzeszow.pl\/#\/schema\/person\/21ca162d893bdc5760a95d704e9b1e39"},"breadcrumb":{"@id":"https:\/\/inzynier.rzeszow.pl\/index.php\/2025\/02\/03\/ii-ostatki-inzynierskie\/#breadcrumb"},"inLanguage":"pl-PL","potentialAction":[{"@type":"ReadAction","target":["https:\/\/inzynier.rzeszow.pl\/index.php\/2025\/02\/03\/ii-ostatki-inzynierskie\/"]}]},{"@type":"ImageObject","inLanguage":"pl-PL","@id":"https:\/\/inzynier.rzeszow.pl\/index.php\/2025\/02\/03\/ii-ostatki-inzynierskie\/#primaryimage","url":"https:\/\/inzynier.rzeszow.pl\/wp-content\/uploads\/2025\/02\/obraz_2026-02-03_123953472.png","contentUrl":"https:\/\/inzynier.rzeszow.pl\/wp-content\/uploads\/2025\/02\/obraz_2026-02-03_123953472.png","width":1200,"height":800},{"@type":"BreadcrumbList","@id":"https:\/\/inzynier.rzeszow.pl\/index.php\/2025\/02\/03\/ii-ostatki-inzynierskie\/#breadcrumb","itemListElement":[{"@type":"ListItem","position":1,"name":"Strona g\u0142\u00f3wna","item":"https:\/\/inzynier.rzeszow.pl\/"},{"@type":"ListItem","position":2,"name":"II Ostatki In\u017cynierskie &#8211; 01.02.2025 r., Fabryka Smaku"}]},{"@type":"WebSite","@id":"https:\/\/inzynier.rzeszow.pl\/#website","url":"https:\/\/inzynier.rzeszow.pl\/","name":"Podkarpacka Okregowa Izba Inzynierow Budownictwa","description":"","potentialAction":[{"@type":"SearchAction","target":{"@type":"EntryPoint","urlTemplate":"https:\/\/inzynier.rzeszow.pl\/?s={search_term_string}"},"query-input":{"@type":"PropertyValueSpecification","valueRequired":true,"valueName":"search_term_string"}}],"inLanguage":"pl-PL"},{"@type":"Person","@id":"https:\/\/inzynier.rzeszow.pl\/#\/schema\/person\/21ca162d893bdc5760a95d704e9b1e39","name":"admin","image":{"@type":"ImageObject","inLanguage":"pl-PL","@id":"https:\/\/secure.gravatar.com\/avatar\/d5d1959f10b94c8abcf928274f8bb5b8c7370b0dfadb0590911bacad18965f21?s=96&d=mm&r=g","url":"https:\/\/secure.gravatar.com\/avatar\/d5d1959f10b94c8abcf928274f8bb5b8c7370b0dfadb0590911bacad18965f21?s=96&d=mm&r=g","contentUrl":"https:\/\/secure.gravatar.com\/avatar\/d5d1959f10b94c8abcf928274f8bb5b8c7370b0dfadb0590911bacad18965f21?s=96&d=mm&r=g","caption":"admin"},"sameAs":["https:\/\/migracja.inzynier.rzeszow.pl"],"url":"https:\/\/inzynier.rzeszow.pl\/index.php\/author\/kwojcik\/"}]}},"rttpg_featured_image_url":{"full":["https:\/\/inzynier.rzeszow.pl\/wp-content\/uploads\/2025\/02\/obraz_2026-02-03_123953472.png",1200,800,false],"landscape":["https:\/\/inzynier.rzeszow.pl\/wp-content\/uploads\/2025\/02\/obraz_2026-02-03_123953472.png",1200,800,false],"portraits":["https:\/\/inzynier.rzeszow.pl\/wp-content\/uploads\/2025\/02\/obraz_2026-02-03_123953472.png",1200,800,false],"thumbnail":["https:\/\/inzynier.rzeszow.pl\/wp-content\/uploads\/2025\/02\/obraz_2026-02-03_123953472-150x150.png",150,150,true],"medium":["https:\/\/inzynier.rzeszow.pl\/wp-content\/uploads\/2025\/02\/obraz_2026-02-03_123953472-300x200.png",300,200,true],"large":["https:\/\/inzynier.rzeszow.pl\/wp-content\/uploads\/2025\/02\/obraz_2026-02-03_123953472-1024x683.png",1024,683,true],"1536x1536":["https:\/\/inzynier.rzeszow.pl\/wp-content\/uploads\/2025\/02\/obraz_2026-02-03_123953472.png",1200,800,false],"2048x2048":["https:\/\/inzynier.rzeszow.pl\/wp-content\/uploads\/2025\/02\/obraz_2026-02-03_123953472.png",1200,800,false]},"rttpg_author":{"display_name":"admin","author_link":"https:\/\/inzynier.rzeszow.pl\/index.php\/author\/kwojcik\/"},"rttpg_comment":0,"rttpg_category":"<a href=\"https:\/\/inzynier.rzeszow.pl\/index.php\/category\/ostatki-inzynierskie\/\" rel=\"category tag\">Ostatki In\u017cynierskie<\/a> <a href=\"https:\/\/inzynier.rzeszow.pl\/index.php\/category\/wydarzenia\/\" rel=\"category tag\">Wydarzenia<\/a> <a href=\"https:\/\/inzynier.rzeszow.pl\/index.php\/category\/z-zycia-izby\/\" rel=\"category tag\">Z \u017cycia izby<\/a> <a href=\"https:\/\/inzynier.rzeszow.pl\/index.php\/category\/z-zycia-izby\/z-zycia-izby-rok-2025\/\" rel=\"category tag\">Z \u017cycia Izby Rok 2025<\/a>","rttpg_excerpt":"II Ostatki In\u017cynierskie by\u0142y okazj\u0105 do spotkania i integracji cz\u0142onk\u00f3w Podkarpackiej Okr\u0119gowej Izby In\u017cynier\u00f3w Budownictwa. Wydarzenie odby\u0142o si\u0119 w karnawa\u0142owej atmosferze, sprzyjaj\u0105c wsp\u00f3lnej zabawie oraz budowaniu relacji w \u015brodowisku in\u017cynierskim.","_links":{"self":[{"href":"https:\/\/inzynier.rzeszow.pl\/index.php\/wp-json\/wp\/v2\/posts\/3570","targetHints":{"allow":["GET"]}}],"collection":[{"href":"https:\/\/inzynier.rzeszow.pl\/index.php\/wp-json\/wp\/v2\/posts"}],"about":[{"href":"https:\/\/inzynier.rzeszow.pl\/index.php\/wp-json\/wp\/v2\/types\/post"}],"author":[{"embeddable":true,"href":"https:\/\/inzynier.rzeszow.pl\/index.php\/wp-json\/wp\/v2\/users\/1"}],"replies":[{"embeddable":true,"href":"https:\/\/inzynier.rzeszow.pl\/index.php\/wp-json\/wp\/v2\/comments?post=3570"}],"version-history":[{"count":8,"href":"https:\/\/inzynier.rzeszow.pl\/index.php\/wp-json\/wp\/v2\/posts\/3570\/revisions"}],"predecessor-version":[{"id":6477,"href":"https:\/\/inzynier.rzeszow.pl\/index.php\/wp-json\/wp\/v2\/posts\/3570\/revisions\/6477"}],"wp:featuredmedia":[{"embeddable":true,"href":"https:\/\/inzynier.rzeszow.pl\/index.php\/wp-json\/wp\/v2\/media\/3631"}],"wp:attachment":[{"href":"https:\/\/inzynier.rzeszow.pl\/index.php\/wp-json\/wp\/v2\/media?parent=3570"}],"wp:term":[{"taxonomy":"category","embeddable":true,"href":"https:\/\/inzynier.rzeszow.pl\/index.php\/wp-json\/wp\/v2\/categories?post=3570"},{"taxonomy":"post_tag","embeddable":true,"href":"https:\/\/inzynier.rzeszow.pl\/index.php\/wp-json\/wp\/v2\/tags?post=3570"}],"curies":[{"name":"wp","href":"https:\/\/api.w.org\/{rel}","templated":true}]}}