{"id":3568,"date":"2025-01-23T15:12:06","date_gmt":"2025-01-23T15:12:06","guid":{"rendered":"https:\/\/migracja.inzynier.rzeszow.pl\/?p=3568"},"modified":"2026-02-13T13:42:52","modified_gmt":"2026-02-13T13:42:52","slug":"galeria-integracyjna-sylwester-stabryla-istota-ludzka","status":"publish","type":"post","link":"https:\/\/inzynier.rzeszow.pl\/index.php\/2025\/01\/23\/galeria-integracyjna-sylwester-stabryla-istota-ludzka\/","title":{"rendered":"Galeria Integracyjna &#8211; Sylwester Stabry\u0142a &#8211; Istota Ludzka"},"content":{"rendered":"\t\t<div data-elementor-type=\"wp-post\" data-elementor-id=\"3568\" class=\"elementor elementor-3568\" data-elementor-post-type=\"post\">\n\t\t\t\t<div class=\"elementor-element elementor-element-a86bb8d e-flex e-con-boxed e-con e-parent\" data-id=\"a86bb8d\" data-element_type=\"container\" data-e-type=\"container\">\n\t\t\t\t\t<div class=\"e-con-inner\">\n\t\t<div class=\"elementor-element elementor-element-410f3d0 e-con-full e-flex e-con e-child\" data-id=\"410f3d0\" data-element_type=\"container\" data-e-type=\"container\">\n\t\t<div class=\"elementor-element elementor-element-0161690 e-con-full e-flex e-con e-child\" data-id=\"0161690\" data-element_type=\"container\" data-e-type=\"container\">\n\t\t\t\t<div class=\"elementor-element elementor-element-833a258 elementor-widget elementor-widget-image\" data-id=\"833a258\" data-element_type=\"widget\" data-e-type=\"widget\" data-widget_type=\"image.default\">\n\t\t\t\t\t\t\t\t\t\t\t\t\t\t\t<img fetchpriority=\"high\" decoding=\"async\" width=\"1024\" height=\"546\" src=\"https:\/\/inzynier.rzeszow.pl\/wp-content\/uploads\/2025\/01\/obraz_2026-02-03_125100513-1024x546.png\" class=\"attachment-large size-large wp-image-3650\" alt=\"\" srcset=\"https:\/\/inzynier.rzeszow.pl\/wp-content\/uploads\/2025\/01\/obraz_2026-02-03_125100513-1024x546.png 1024w, https:\/\/inzynier.rzeszow.pl\/wp-content\/uploads\/2025\/01\/obraz_2026-02-03_125100513-300x160.png 300w, https:\/\/inzynier.rzeszow.pl\/wp-content\/uploads\/2025\/01\/obraz_2026-02-03_125100513-768x410.png 768w, https:\/\/inzynier.rzeszow.pl\/wp-content\/uploads\/2025\/01\/obraz_2026-02-03_125100513.png 1200w\" sizes=\"(max-width: 1024px) 100vw, 1024px\" \/>\t\t\t\t\t\t\t\t\t\t\t\t\t\t\t<\/div>\n\t\t\t\t<\/div>\n\t\t<div class=\"elementor-element elementor-element-ba0eba7 e-con-full e-flex e-con e-child\" data-id=\"ba0eba7\" data-element_type=\"container\" data-e-type=\"container\">\n\t\t\t\t<div class=\"elementor-element elementor-element-43c5e2f elementor-widget elementor-widget-text-editor\" data-id=\"43c5e2f\" data-element_type=\"widget\" data-e-type=\"widget\" data-widget_type=\"text-editor.default\">\n\t\t\t\t\t\t\t\t\t<p>W dniu 22 stycznia 2025 r. o godzinie 18.00 odby\u0142 si\u0119 wernisa\u017c i uroczyste otwarcie wystawy malarstwa Sylwestra Stabry\u0142y zatytu\u0142owanej Istota Ludzka w artystycznej Galerii Integracyjnej w siedzibie Podkarpackiej Okr\u0119gowej Izby In\u017cynier\u00f3w Budownictwa w Rzeszowie, ul. Krakowska 289.<br \/><br \/>Przyby\u0142ych go\u015bci powita\u0142 przewodnicz\u0105cy OR PDK OIIB Grzegorz Dubik, a kurator wystawy dr hab. Anna Baran, wprowadzi\u0142a uczestnik\u00f3w w \u015bwiat tw\u00f3rczo\u015bci artysty. Z okazji wydarzenia na r\u0119ce przewodnicz\u0105cego wp\u0142yn\u0105\u0142 list gratulacyjny od Wojewody Podkarpackiego wyra\u017caj\u0105cy uznanie dla inicjatywy. W uroczysto\u015bci uczestniczy\u0142a tak\u017ce sekretarz OR PDK OIIB Liliana Serafin.<\/p>\t\t\t\t\t\t\t\t<\/div>\n\t\t\t\t<\/div>\n\t\t\t\t<\/div>\n\t\t\t\t\t<\/div>\n\t\t\t\t<\/div>\n\t\t<div class=\"elementor-element elementor-element-2b2d875 e-con-full e-flex e-con e-parent\" data-id=\"2b2d875\" data-element_type=\"container\" data-e-type=\"container\">\n\t\t\t\t<div class=\"elementor-element elementor-element-27513f9 elementor-widget__width-initial elementor-widget elementor-widget-text-editor\" data-id=\"27513f9\" data-element_type=\"widget\" data-e-type=\"widget\" data-widget_type=\"text-editor.default\">\n\t\t\t\t\t\t\t\t\t<p>\u201eArtyst\u00f3w od zawsze inspiruje cz\u0142owiek &#8211; jego duchowo\u015b\u0107, uczucia, emocje, wyra\u017cone wprost przez mimik\u0119, gesty, spojrzenia. To w\u0142a\u015bnie przykuwa uwag\u0119 Sylwestra. Cz\u0142owiek z wymown\u0105 cielesno\u015bci\u0105 dominuje na jego p\u0142\u00f3tnach, o nieokre\u015blonej, jakby nic nieznacz\u0105cej przestrzeni, wyczyszczonych ze zb\u0119dnego sztafa\u017cu i z naturalistycznego koloru. W pierwszym odczuciu stajemy nie tyle przed konkretnymi osobami, co przed czyst\u0105 emocj\u0105, w kt\u00f3r\u0105 do\u015b\u0107 \u0142atwo si\u0119 wczu\u0107. By\u0107 mo\u017ce dlatego, \u017ce mimo odmienno\u015bci, jako ludzie tak bardzo si\u0119 zn\u00f3w nie r\u00f3\u017cnimy.&#8221;<\/p><p align=\"right\">Justyna Gonga\u0142a<\/p><p>\u201e&#8230;. portretuj\u0105c konkretne osoby, Stabry\u0142a skupia si\u0119 na wydobywaniu z nich cech i warto\u015bci uniwersalnych. Wra\u017cenie tej typizacji wzmaga ujednolicona stylistyka poszczeg\u00f3lnych prac, monochromatyczna paleta barw i powtarzaj\u0105ca si\u0119 kompozycja. Towarzysz\u0105ce postaciom rekwizyty nie s\u0105 przypadkowe, ale pe\u0142ni\u0105 funkcj\u0119 mniej lub bardziej czytelnych symboli. Cz\u0142owiek z konkretnym atrybutem odgrywa tu rol\u0119 alegorii walki, sprawiedliwo\u015bci, wolno\u015bci, niewoli czy strachu oraz wielu innych, cz\u0119sto niejednoznacznych odczu\u0107. Ich interpretacj\u0119 determinuje z reszt\u0105 szerokie spectrum inspiracji artysty &#8211; czerpanych z otaczaj\u0105cej go rzeczywisto\u015bci &#8211; w tym szeroko poj\u0119tej kultury: film\u00f3w, ba\u015bni, mit\u00f3w.&#8221;<\/p><p align=\"right\"><em>Justyna Gonga\u0142a<\/em><\/p><p><em>\u201eTropi\u0105c rzeczywisto\u015b\u0107 odnajduj\u0119 nierealny \u015bwiat. Staram si\u0119 opowiada\u0107 o prawdach uniwersalnych, ideach, cz\u0142owieku i jego kondycji w spos\u00f3b prosty i szczery. Pokazywa\u0107 \u015bwiat, kt\u00f3ry znajduje si\u0119 gdzie\u015b bardzo daleko, a jednocze\u015bnie blisko nas. Czynnikiem do powstania obrazu mo\u017ce sta\u0107 si\u0119 prawie wszystko: rozmowa z kim\u015b bliskim, charakterystyczne rysy twarzy znajomego, historia kt\u00f3ra mia\u0142a miejsce tu\u017c \u201eza rogiem&#8221;, pewna poza modela, gest postaci lub zwyk\u0142y przedmiot codziennego u\u017cytku.&#8221;<\/em><\/p><p align=\"right\">Sylwester Stabry\u0142a<\/p><p>Wystawa czynna od 20 stycznia 2025 r. do 28 marca 2025 r.<\/p>\t\t\t\t\t\t\t\t<\/div>\n\t\t\t\t<\/div>\n\t\t<div class=\"elementor-element elementor-element-fc0c848 e-flex e-con-boxed e-con e-parent\" data-id=\"fc0c848\" data-element_type=\"container\" data-e-type=\"container\">\n\t\t\t\t\t<div class=\"e-con-inner\">\n\t\t\t\t<div class=\"elementor-element elementor-element-7e2c253 elementor-widget__width-initial elementor-widget elementor-widget-image\" data-id=\"7e2c253\" data-element_type=\"widget\" data-e-type=\"widget\" data-widget_type=\"image.default\">\n\t\t\t\t\t\t\t\t\t\t\t\t\t\t\t<img decoding=\"async\" width=\"267\" height=\"400\" src=\"https:\/\/inzynier.rzeszow.pl\/wp-content\/uploads\/2025\/01\/obraz_2026-02-03_125326847.png\" class=\"attachment-large size-large wp-image-3651\" alt=\"\" srcset=\"https:\/\/inzynier.rzeszow.pl\/wp-content\/uploads\/2025\/01\/obraz_2026-02-03_125326847.png 267w, https:\/\/inzynier.rzeszow.pl\/wp-content\/uploads\/2025\/01\/obraz_2026-02-03_125326847-200x300.png 200w\" sizes=\"(max-width: 267px) 100vw, 267px\" \/>\t\t\t\t\t\t\t\t\t\t\t\t\t\t\t<\/div>\n\t\t<div class=\"elementor-element elementor-element-71214de e-con-full e-flex e-con e-child\" data-id=\"71214de\" data-element_type=\"container\" data-e-type=\"container\">\n\t\t\t\t<div class=\"elementor-element elementor-element-f7e4f1f elementor-widget elementor-widget-heading\" data-id=\"f7e4f1f\" data-element_type=\"widget\" data-e-type=\"widget\" data-widget_type=\"heading.default\">\n\t\t\t\t\t<h2 class=\"elementor-heading-title elementor-size-default\">Sylwester Stabry\u0142a<\/h2>\t\t\t\t<\/div>\n\t\t\t\t<div class=\"elementor-element elementor-element-d4c240a elementor-widget elementor-widget-text-editor\" data-id=\"d4c240a\" data-element_type=\"widget\" data-e-type=\"widget\" data-widget_type=\"text-editor.default\">\n\t\t\t\t\t\t\t\t\t<p>Absolwent Wydzia\u0142u Sztuki Uniwersytetu Technologiczno &#8211; Humanistycznego\u00a0 im. Kazimierza Pu\u0142awskiego w Radomiu. Rok uko\u0144czenia &#8211; 2002. Dyplom z malarstwa &#8211; prof. Andrzej Gieraga, aneks z grafiki &#8211; prof. Krzysztof Wyzner.\u00a0Zajmuje si\u0119 malarstwem, grafik\u0105, rysunkiem. Autor prac formuj\u0105cych si\u0119 w obszerniejsze cykle : \u201eTrue Story&#8221; , \u201eSearching for Reality&#8221;, \u201e Raj Utracony&#8221;, \u201eDuzi Ch\u0142opcy&#8221;, \u201eDom dla kuracjuszek&#8221;, \u201ePrzed burz\u0105&#8221;, \u201eKamufla\u017c&#8221;. Uczestnik wielu wystaw\u00a0 w kraju i za granic\u0105, zdobywca nagr\u00f3d i wyr\u00f3\u017cnie\u0144. Finalista 43 Biennale Malarstwa Bielska Jesie\u0144.\u00a0 Laureat Festiwalu Polskiego Malarstwa Wsp\u00f3\u0142czesnego. Zdobywca Grand Prix \u201eGenius Saeculi&#8221; w ho\u0142dzie Magdalenie Abakanowicz\u00a0 oraz Grand Prix w Og\u00f3lnopolskim Konkursie \u201eMateria Medicinalis, Materia Artificialis&#8221;. Nagroda Miasta Sanoka za szczeg\u00f3lne osi\u0105gni\u0119cia w dziedzinie \u201eKultura i Sztuka&#8221;. Stypendium MKiDN za projekt &#8222;Ikonostas&#8221;. Czynny udzia\u0142 w sympozjach i plenerach malarskich.<\/p>\t\t\t\t\t\t\t\t<\/div>\n\t\t\t\t<\/div>\n\t\t\t\t\t<\/div>\n\t\t\t\t<\/div>\n\t\t<div class=\"elementor-element elementor-element-1cbda5d e-flex e-con-boxed e-con e-parent\" data-id=\"1cbda5d\" data-element_type=\"container\" data-e-type=\"container\">\n\t\t\t\t\t<div class=\"e-con-inner\">\n\t\t<div class=\"elementor-element elementor-element-4abee9d e-con-full e-flex e-con e-child\" data-id=\"4abee9d\" data-element_type=\"container\" data-e-type=\"container\">\n\t\t\t\t<div class=\"elementor-element elementor-element-fde7546 elementor-widget elementor-widget-heading\" data-id=\"fde7546\" data-element_type=\"widget\" data-e-type=\"widget\" data-widget_type=\"heading.default\">\n\t\t\t\t\t<h2 class=\"elementor-heading-title elementor-size-default\">List od Wojewody Podkarpackiego\n \t<\/h2>\t\t\t\t<\/div>\n\t\t\t\t<div class=\"elementor-element elementor-element-9dfee55 elementor-widget elementor-widget-image\" data-id=\"9dfee55\" data-element_type=\"widget\" data-e-type=\"widget\" data-widget_type=\"image.default\">\n\t\t\t\t\t\t\t\t\t\t\t\t\t\t\t\t<a href=\"https:\/\/inzynier.rzeszow.pl\/download\/galeria_integracyjna\/pismo-up_stabryla_25.pdf\" target=\"_blank\">\n\t\t\t\t\t\t\t<img decoding=\"async\" width=\"404\" height=\"578\" src=\"https:\/\/inzynier.rzeszow.pl\/wp-content\/uploads\/2025\/01\/obraz_2026-02-03_125510551.png\" class=\"attachment-large size-large wp-image-3652\" alt=\"\" srcset=\"https:\/\/inzynier.rzeszow.pl\/wp-content\/uploads\/2025\/01\/obraz_2026-02-03_125510551.png 404w, https:\/\/inzynier.rzeszow.pl\/wp-content\/uploads\/2025\/01\/obraz_2026-02-03_125510551-210x300.png 210w\" sizes=\"(max-width: 404px) 100vw, 404px\" \/>\t\t\t\t\t\t\t\t<\/a>\n\t\t\t\t\t\t\t\t\t\t\t\t\t\t\t<\/div>\n\t\t\t\t<\/div>\n\t\t<div class=\"elementor-element elementor-element-29949cf e-con-full e-flex e-con e-child\" data-id=\"29949cf\" data-element_type=\"container\" data-e-type=\"container\">\n\t\t\t\t<div class=\"elementor-element elementor-element-6f57b21 elementor-widget elementor-widget-heading\" data-id=\"6f57b21\" data-element_type=\"widget\" data-e-type=\"widget\" data-widget_type=\"heading.default\">\n\t\t\t\t\t<h2 class=\"elementor-heading-title elementor-size-default\">Serwis informacyjny Urz\u0119du Miasta Rzeszowa\n- zaprasza do Galerii Integracyjnej<\/h2>\t\t\t\t<\/div>\n\t\t\t\t<div class=\"elementor-element elementor-element-c2c641e elementor-widget elementor-widget-image\" data-id=\"c2c641e\" data-element_type=\"widget\" data-e-type=\"widget\" data-widget_type=\"image.default\">\n\t\t\t\t\t\t\t\t\t\t\t\t\t\t\t\t<a href=\"https:\/\/www.erzeszow.pl\/pl\/41-miasto-rzeszow\/6241-kalendarz-imprez.html#tresc\" target=\"_blank\">\n\t\t\t\t\t\t\t<img loading=\"lazy\" decoding=\"async\" width=\"736\" height=\"463\" src=\"https:\/\/inzynier.rzeszow.pl\/wp-content\/uploads\/2025\/01\/obraz_2026-02-03_125528526.png\" class=\"attachment-large size-large wp-image-3653\" alt=\"\" srcset=\"https:\/\/inzynier.rzeszow.pl\/wp-content\/uploads\/2025\/01\/obraz_2026-02-03_125528526.png 736w, https:\/\/inzynier.rzeszow.pl\/wp-content\/uploads\/2025\/01\/obraz_2026-02-03_125528526-300x189.png 300w\" sizes=\"(max-width: 736px) 100vw, 736px\" \/>\t\t\t\t\t\t\t\t<\/a>\n\t\t\t\t\t\t\t\t\t\t\t\t\t\t\t<\/div>\n\t\t\t\t<\/div>\n\t\t\t\t\t<\/div>\n\t\t\t\t<\/div>\n\t\t<div class=\"elementor-element elementor-element-81708b6 e-flex e-con-boxed e-con e-parent\" data-id=\"81708b6\" data-element_type=\"container\" data-e-type=\"container\">\n\t\t\t\t\t<div class=\"e-con-inner\">\n\t\t\t\t<div class=\"elementor-element elementor-element-1a6f0ac elementor-widget__width-inherit elementor-icon-list--layout-traditional elementor-list-item-link-full_width elementor-widget elementor-widget-icon-list\" data-id=\"1a6f0ac\" data-element_type=\"widget\" data-e-type=\"widget\" data-widget_type=\"icon-list.default\">\n\t\t\t\t\t\t\t<ul class=\"elementor-icon-list-items\">\n\t\t\t\t\t\t\t<li class=\"elementor-icon-list-item\">\n\t\t\t\t\t\t\t\t\t\t\t<a href=\"https:\/\/www.facebook.com\/media\/set?vanity=PodkarpackaOIIB&#038;set=a.1039929844838749\" target=\"_blank\">\n\n\t\t\t\t\t\t\t\t\t\t\t\t<span class=\"elementor-icon-list-icon\">\n\t\t\t\t\t\t\t<svg aria-hidden=\"true\" class=\"e-font-icon-svg e-fas-arrow-circle-right\" viewBox=\"0 0 512 512\" xmlns=\"http:\/\/www.w3.org\/2000\/svg\"><path d=\"M256 8c137 0 248 111 248 248S393 504 256 504 8 393 8 256 119 8 256 8zm-28.9 143.6l75.5 72.4H120c-13.3 0-24 10.7-24 24v16c0 13.3 10.7 24 24 24h182.6l-75.5 72.4c-9.7 9.3-9.9 24.8-.4 34.3l11 10.9c9.4 9.4 24.6 9.4 33.9 0L404.3 273c9.4-9.4 9.4-24.6 0-33.9L271.6 106.3c-9.4-9.4-24.6-9.4-33.9 0l-11 10.9c-9.5 9.6-9.3 25.1.4 34.4z\"><\/path><\/svg>\t\t\t\t\t\t<\/span>\n\t\t\t\t\t\t\t\t\t\t<span class=\"elementor-icon-list-text\">Galeria fotograficzna z Galeria Integracyjna - Sylwester Stabry\u0142a - Istota Ludzka - 22.01.2025 r.<\/span>\n\t\t\t\t\t\t\t\t\t\t\t<\/a>\n\t\t\t\t\t\t\t\t\t<\/li>\n\t\t\t\t\t\t<\/ul>\n\t\t\t\t\t\t<\/div>\n\t\t\t\t\t<\/div>\n\t\t\t\t<\/div>\n\t\t<div class=\"elementor-element elementor-element-39f1b92 e-flex e-con-boxed e-con e-parent\" data-id=\"39f1b92\" data-element_type=\"container\" data-e-type=\"container\">\n\t\t\t\t\t<div class=\"e-con-inner\">\n\t\t\t\t<div class=\"elementor-element elementor-element-f445b7c elementor-widget elementor-widget-gallery\" data-id=\"f445b7c\" data-element_type=\"widget\" data-e-type=\"widget\" data-settings=\"{&quot;columns&quot;:3,&quot;lazyload&quot;:&quot;yes&quot;,&quot;gallery_layout&quot;:&quot;grid&quot;,&quot;columns_tablet&quot;:2,&quot;columns_mobile&quot;:1,&quot;gap&quot;:{&quot;unit&quot;:&quot;px&quot;,&quot;size&quot;:10,&quot;sizes&quot;:[]},&quot;gap_tablet&quot;:{&quot;unit&quot;:&quot;px&quot;,&quot;size&quot;:10,&quot;sizes&quot;:[]},&quot;gap_mobile&quot;:{&quot;unit&quot;:&quot;px&quot;,&quot;size&quot;:10,&quot;sizes&quot;:[]},&quot;link_to&quot;:&quot;file&quot;,&quot;aspect_ratio&quot;:&quot;3:2&quot;,&quot;overlay_background&quot;:&quot;yes&quot;,&quot;content_hover_animation&quot;:&quot;fade-in&quot;}\" data-widget_type=\"gallery.default\">\n\t\t\t\t\t\t\t<div class=\"elementor-gallery__container\">\n\t\t\t\t\t\t\t<a class=\"e-gallery-item elementor-gallery-item elementor-animated-content\" href=\"https:\/\/inzynier.rzeszow.pl\/wp-content\/uploads\/2025\/01\/obraz_2026-02-03_125812962.png\" data-elementor-open-lightbox=\"yes\" data-elementor-lightbox-slideshow=\"f445b7c\" data-e-action-hash=\"#elementor-action%3Aaction%3Dlightbox%26settings%3DeyJpZCI6MzY1NCwidXJsIjoiaHR0cHM6XC9cL2luenluaWVyLnJ6ZXN6b3cucGxcL3dwLWNvbnRlbnRcL3VwbG9hZHNcLzIwMjVcLzAxXC9vYnJhel8yMDI2LTAyLTAzXzEyNTgxMjk2Mi5wbmciLCJzbGlkZXNob3ciOiJmNDQ1YjdjIn0%3D\">\n\t\t\t\t\t<div class=\"e-gallery-image elementor-gallery-item__image\" data-thumbnail=\"https:\/\/inzynier.rzeszow.pl\/wp-content\/uploads\/2025\/01\/obraz_2026-02-03_125812962-768x510.png\" data-width=\"768\" data-height=\"510\" aria-label=\"\" role=\"img\" ><\/div>\n\t\t\t\t\t\t\t\t\t\t\t<div class=\"elementor-gallery-item__overlay\"><\/div>\n\t\t\t\t\t\t\t\t\t\t\t\t\t\t<\/a>\n\t\t\t\t\t\t\t<a class=\"e-gallery-item elementor-gallery-item elementor-animated-content\" href=\"https:\/\/inzynier.rzeszow.pl\/wp-content\/uploads\/2025\/01\/obraz_2026-02-03_125818747.png\" data-elementor-open-lightbox=\"yes\" data-elementor-lightbox-slideshow=\"f445b7c\" data-e-action-hash=\"#elementor-action%3Aaction%3Dlightbox%26settings%3DeyJpZCI6MzY1NSwidXJsIjoiaHR0cHM6XC9cL2luenluaWVyLnJ6ZXN6b3cucGxcL3dwLWNvbnRlbnRcL3VwbG9hZHNcLzIwMjVcLzAxXC9vYnJhel8yMDI2LTAyLTAzXzEyNTgxODc0Ny5wbmciLCJzbGlkZXNob3ciOiJmNDQ1YjdjIn0%3D\">\n\t\t\t\t\t<div class=\"e-gallery-image elementor-gallery-item__image\" data-thumbnail=\"https:\/\/inzynier.rzeszow.pl\/wp-content\/uploads\/2025\/01\/obraz_2026-02-03_125818747-768x510.png\" data-width=\"768\" data-height=\"510\" aria-label=\"\" role=\"img\" ><\/div>\n\t\t\t\t\t\t\t\t\t\t\t<div class=\"elementor-gallery-item__overlay\"><\/div>\n\t\t\t\t\t\t\t\t\t\t\t\t\t\t<\/a>\n\t\t\t\t\t\t\t<a class=\"e-gallery-item elementor-gallery-item elementor-animated-content\" href=\"https:\/\/inzynier.rzeszow.pl\/wp-content\/uploads\/2025\/01\/obraz_2026-02-03_125825140.png\" data-elementor-open-lightbox=\"yes\" data-elementor-lightbox-slideshow=\"f445b7c\" data-e-action-hash=\"#elementor-action%3Aaction%3Dlightbox%26settings%3DeyJpZCI6MzY1NiwidXJsIjoiaHR0cHM6XC9cL2luenluaWVyLnJ6ZXN6b3cucGxcL3dwLWNvbnRlbnRcL3VwbG9hZHNcLzIwMjVcLzAxXC9vYnJhel8yMDI2LTAyLTAzXzEyNTgyNTE0MC5wbmciLCJzbGlkZXNob3ciOiJmNDQ1YjdjIn0%3D\">\n\t\t\t\t\t<div class=\"e-gallery-image elementor-gallery-item__image\" data-thumbnail=\"https:\/\/inzynier.rzeszow.pl\/wp-content\/uploads\/2025\/01\/obraz_2026-02-03_125825140-768x510.png\" data-width=\"768\" data-height=\"510\" aria-label=\"\" role=\"img\" ><\/div>\n\t\t\t\t\t\t\t\t\t\t\t<div class=\"elementor-gallery-item__overlay\"><\/div>\n\t\t\t\t\t\t\t\t\t\t\t\t\t\t<\/a>\n\t\t\t\t\t\t\t<a class=\"e-gallery-item elementor-gallery-item elementor-animated-content\" href=\"https:\/\/inzynier.rzeszow.pl\/wp-content\/uploads\/2025\/01\/obraz_2026-02-03_125830502.png\" data-elementor-open-lightbox=\"yes\" data-elementor-lightbox-slideshow=\"f445b7c\" data-e-action-hash=\"#elementor-action%3Aaction%3Dlightbox%26settings%3DeyJpZCI6MzY1NywidXJsIjoiaHR0cHM6XC9cL2luenluaWVyLnJ6ZXN6b3cucGxcL3dwLWNvbnRlbnRcL3VwbG9hZHNcLzIwMjVcLzAxXC9vYnJhel8yMDI2LTAyLTAzXzEyNTgzMDUwMi5wbmciLCJzbGlkZXNob3ciOiJmNDQ1YjdjIn0%3D\">\n\t\t\t\t\t<div class=\"e-gallery-image elementor-gallery-item__image\" data-thumbnail=\"https:\/\/inzynier.rzeszow.pl\/wp-content\/uploads\/2025\/01\/obraz_2026-02-03_125830502-768x510.png\" data-width=\"768\" data-height=\"510\" aria-label=\"\" role=\"img\" ><\/div>\n\t\t\t\t\t\t\t\t\t\t\t<div class=\"elementor-gallery-item__overlay\"><\/div>\n\t\t\t\t\t\t\t\t\t\t\t\t\t\t<\/a>\n\t\t\t\t\t\t\t<a class=\"e-gallery-item elementor-gallery-item elementor-animated-content\" href=\"https:\/\/inzynier.rzeszow.pl\/wp-content\/uploads\/2025\/01\/obraz_2026-02-03_125836192.png\" data-elementor-open-lightbox=\"yes\" data-elementor-lightbox-slideshow=\"f445b7c\" data-e-action-hash=\"#elementor-action%3Aaction%3Dlightbox%26settings%3DeyJpZCI6MzY1OCwidXJsIjoiaHR0cHM6XC9cL2luenluaWVyLnJ6ZXN6b3cucGxcL3dwLWNvbnRlbnRcL3VwbG9hZHNcLzIwMjVcLzAxXC9vYnJhel8yMDI2LTAyLTAzXzEyNTgzNjE5Mi5wbmciLCJzbGlkZXNob3ciOiJmNDQ1YjdjIn0%3D\">\n\t\t\t\t\t<div class=\"e-gallery-image elementor-gallery-item__image\" data-thumbnail=\"https:\/\/inzynier.rzeszow.pl\/wp-content\/uploads\/2025\/01\/obraz_2026-02-03_125836192-768x510.png\" data-width=\"768\" data-height=\"510\" aria-label=\"\" role=\"img\" ><\/div>\n\t\t\t\t\t\t\t\t\t\t\t<div class=\"elementor-gallery-item__overlay\"><\/div>\n\t\t\t\t\t\t\t\t\t\t\t\t\t\t<\/a>\n\t\t\t\t\t\t\t<a class=\"e-gallery-item elementor-gallery-item elementor-animated-content\" href=\"https:\/\/inzynier.rzeszow.pl\/wp-content\/uploads\/2025\/01\/obraz_2026-02-03_125842153.png\" data-elementor-open-lightbox=\"yes\" data-elementor-lightbox-slideshow=\"f445b7c\" data-e-action-hash=\"#elementor-action%3Aaction%3Dlightbox%26settings%3DeyJpZCI6MzY1OSwidXJsIjoiaHR0cHM6XC9cL2luenluaWVyLnJ6ZXN6b3cucGxcL3dwLWNvbnRlbnRcL3VwbG9hZHNcLzIwMjVcLzAxXC9vYnJhel8yMDI2LTAyLTAzXzEyNTg0MjE1My5wbmciLCJzbGlkZXNob3ciOiJmNDQ1YjdjIn0%3D\">\n\t\t\t\t\t<div class=\"e-gallery-image elementor-gallery-item__image\" data-thumbnail=\"https:\/\/inzynier.rzeszow.pl\/wp-content\/uploads\/2025\/01\/obraz_2026-02-03_125842153-768x510.png\" data-width=\"768\" data-height=\"510\" aria-label=\"\" role=\"img\" ><\/div>\n\t\t\t\t\t\t\t\t\t\t\t<div class=\"elementor-gallery-item__overlay\"><\/div>\n\t\t\t\t\t\t\t\t\t\t\t\t\t\t<\/a>\n\t\t\t\t\t<\/div>\n\t\t\t\t\t<\/div>\n\t\t\t\t\t<\/div>\n\t\t\t\t<\/div>\n\t\t<div class=\"elementor-element elementor-element-c7552f3 e-flex e-con-boxed e-con e-parent\" data-id=\"c7552f3\" data-element_type=\"container\" data-e-type=\"container\">\n\t\t\t\t\t<div class=\"e-con-inner\">\n\t\t\t\t<div class=\"elementor-element elementor-element-c8d3440 elementor-widget elementor-widget-text-editor\" data-id=\"c8d3440\" data-element_type=\"widget\" data-e-type=\"widget\" data-widget_type=\"text-editor.default\">\n\t\t\t\t\t\t\t\t\t<div align=\"left\"><table border=\"0\" width=\"100%\"><tbody><tr><td><a href=\"https:\/\/texom.pl\/\" target=\"_blank\" rel=\"noopener\"><img loading=\"lazy\" decoding=\"async\" src=\"https:\/\/inzynier.rzeszow.pl\/download\/galeria_integracyjna\/TEXOM_logo-2_GI.jpg\" width=\"180\" height=\"47\" align=\"left\" border=\"0\" hspace=\"5\" vspace=\"5\" \/><\/a><strong>Mecenas<br \/>Galerii Integracyjnej PDK OIIB<\/strong><\/td><td><div align=\"right\"><span class=\"x4k7w5x x1h91t0o x1h9r5lt xv2umb2 x1beo9mf xaigb6o x12ejxvf x3igimt xarpa2k xedcshv x1lytzrv x1t2pt76 x7ja8zs x1qrby5j x1jfb8zj\">Galeria Integracyjna PDK OIIB czynna jest<\/span><\/div><div align=\"right\"><span class=\"x4k7w5x x1h91t0o x1h9r5lt xv2umb2 x1beo9mf xaigb6o x12ejxvf x3igimt xarpa2k xedcshv x1lytzrv x1t2pt76 x7ja8zs x1qrby5j x1jfb8zj\">dla zwiedzaj\u0105cych w godzinach pracy biura PDK OIIB<\/span><\/div><div align=\"right\"><span class=\"x4k7w5x x1h91t0o x1h9r5lt xv2umb2 x1beo9mf xaigb6o x12ejxvf x3igimt xarpa2k xedcshv x1lytzrv x1t2pt76 x7ja8zs x1qrby5j x1jfb8zj\">lub po wcze\u015bniejszym um\u00f3wieniu telefonicznym.<\/span><\/div><\/td><\/tr><\/tbody><\/table><\/div><table border=\"0\"><tbody><tr><td colspan=\"3\"><strong>Patroni Galerii Integracyjnej<\/strong><\/td><\/tr><tr><td colspan=\"3\">\u00a0<\/td><\/tr><tr><td colspan=\"3\"><p>\u00a0<img loading=\"lazy\" decoding=\"async\" src=\"https:\/\/inzynier.rzeszow.pl\/download\/z_zycia\/patronaty\/logo_marszalka_wojewodztwa.png\" width=\"42\" height=\"50\" border=\"0\" \/>\u00a0\u00a0\u00a0\u00a0\u00a0<img loading=\"lazy\" decoding=\"async\" src=\"https:\/\/inzynier.rzeszow.pl\/download\/z_zycia\/patronaty\/logo_rz_pl.jpg\" width=\"163\" height=\"50\" border=\"0\" \/>\u00a0\u00a0 \u00a0\u00a0<img loading=\"lazy\" decoding=\"async\" src=\"https:\/\/inzynier.rzeszow.pl\/download\/z_zycia\/patronaty\/logo-piib.svg\" width=\"107\" height=\"50\" border=\"0\" \/>\u00a0 \u00a0\u00a0<img loading=\"lazy\" decoding=\"async\" src=\"https:\/\/inzynier.rzeszow.pl\/download\/z_zycia\/patronaty\/prz_pl.jpg\" width=\"126\" height=\"50\" border=\"0\" \/>\u00a0\u00a0<img loading=\"lazy\" decoding=\"async\" src=\"https:\/\/inzynier.rzeszow.pl\/download\/z_zycia\/patronaty\/logo_not.jpg\" width=\"50\" height=\"50\" border=\"0\" \/>\u00a0\u00a0\u00a0<img loading=\"lazy\" decoding=\"async\" src=\"https:\/\/inzynier.rzeszow.pl\/download\/z_zycia\/patronaty\/BWA-logo.jpg\" width=\"50\" height=\"51\" border=\"0\" \/><\/p><p><img loading=\"lazy\" decoding=\"async\" src=\"https:\/\/inzynier.rzeszow.pl\/download\/z_zycia\/patronaty\/tvp_3_niebieskie.jpg\" width=\"74\" height=\"50\" border=\"0\" \/>\u00a0 \u00a0\u00a0\u00a0<img loading=\"lazy\" decoding=\"async\" src=\"https:\/\/inzynier.rzeszow.pl\/download\/z_zycia\/patronaty\/logo_rrz.jpg\" width=\"105\" height=\"45\" border=\"0\" \/>\u00a0\u00a0\u00a0<img loading=\"lazy\" decoding=\"async\" src=\"https:\/\/inzynier.rzeszow.pl\/download\/z_zycia\/patronaty\/nowiny_logo.jpg\" width=\"101\" height=\"30\" border=\"0\" \/>\u00a0\u00a0\u00a0<img loading=\"lazy\" decoding=\"async\" src=\"https:\/\/inzynier.rzeszow.pl\/download\/z_zycia\/patronaty\/nowiny24_logo.jpg\" width=\"139\" height=\"30\" border=\"0\" \/>\u00a0\u00a0\u00a0<img loading=\"lazy\" decoding=\"async\" src=\"https:\/\/inzynier.rzeszow.pl\/download\/z_zycia\/patronaty\/biznesistyl_logo.JPG\" width=\"129\" height=\"30\" border=\"0\" \/>\u00a0<\/p><\/td><\/tr><\/tbody><\/table><div align=\"left\">\u00a0<\/div>\t\t\t\t\t\t\t\t<\/div>\n\t\t\t\t\t<\/div>\n\t\t\t\t<\/div>\n\t\t\t\t<\/div>\n\t\t","protected":false},"excerpt":{"rendered":"<p>W dniu 22 stycznia 2025 r. o godzinie 18.00 odby\u0142 si\u0119 wernisa\u017c i uroczyste otwarcie wystawy malarstwa Sylwestra Stabry\u0142y zatytu\u0142owanej [&hellip;]<\/p>\n","protected":false},"author":1,"featured_media":3650,"comment_status":"closed","ping_status":"closed","sticky":false,"template":"","format":"standard","meta":{"site-sidebar-layout":"default","site-content-layout":"","ast-site-content-layout":"default","site-content-style":"default","site-sidebar-style":"default","ast-global-header-display":"","ast-banner-title-visibility":"","ast-main-header-display":"","ast-hfb-above-header-display":"","ast-hfb-below-header-display":"","ast-hfb-mobile-header-display":"","site-post-title":"","ast-breadcrumbs-content":"","ast-featured-img":"","footer-sml-layout":"","ast-disable-related-posts":"","theme-transparent-header-meta":"","adv-header-id-meta":"","stick-header-meta":"","header-above-stick-meta":"","header-main-stick-meta":"","header-below-stick-meta":"","astra-migrate-meta-layouts":"default","ast-page-background-enabled":"default","ast-page-background-meta":{"desktop":{"background-color":"var(--ast-global-color-5)","background-image":"","background-repeat":"repeat","background-position":"center center","background-size":"auto","background-attachment":"scroll","background-type":"","background-media":"","overlay-type":"","overlay-color":"","overlay-opacity":"","overlay-gradient":""},"tablet":{"background-color":"","background-image":"","background-repeat":"repeat","background-position":"center center","background-size":"auto","background-attachment":"scroll","background-type":"","background-media":"","overlay-type":"","overlay-color":"","overlay-opacity":"","overlay-gradient":""},"mobile":{"background-color":"","background-image":"","background-repeat":"repeat","background-position":"center center","background-size":"auto","background-attachment":"scroll","background-type":"","background-media":"","overlay-type":"","overlay-color":"","overlay-opacity":"","overlay-gradient":""}},"ast-content-background-meta":{"desktop":{"background-color":"var(--ast-global-color-4)","background-image":"","background-repeat":"repeat","background-position":"center center","background-size":"auto","background-attachment":"scroll","background-type":"","background-media":"","overlay-type":"","overlay-color":"","overlay-opacity":"","overlay-gradient":""},"tablet":{"background-color":"var(--ast-global-color-4)","background-image":"","background-repeat":"repeat","background-position":"center center","background-size":"auto","background-attachment":"scroll","background-type":"","background-media":"","overlay-type":"","overlay-color":"","overlay-opacity":"","overlay-gradient":""},"mobile":{"background-color":"var(--ast-global-color-4)","background-image":"","background-repeat":"repeat","background-position":"center center","background-size":"auto","background-attachment":"scroll","background-type":"","background-media":"","overlay-type":"","overlay-color":"","overlay-opacity":"","overlay-gradient":""}},"footnotes":""},"categories":[7,16,55],"tags":[],"class_list":["post-3568","post","type-post","status-publish","format-standard","has-post-thumbnail","hentry","category-wydarzenia","category-z-zycia-izby","category-z-zycia-izby-rok-2025"],"yoast_head":"<!-- This site is optimized with the Yoast SEO plugin v27.5 - https:\/\/yoast.com\/product\/yoast-seo-wordpress\/ -->\n<title>Galeria Integracyjna - Sylwester Stabry\u0142a - Istota Ludzka - Podkarpacka Okregowa Izba Inzynierow Budownictwa<\/title>\n<meta name=\"robots\" content=\"index, follow, max-snippet:-1, max-image-preview:large, max-video-preview:-1\" \/>\n<link rel=\"canonical\" href=\"https:\/\/inzynier.rzeszow.pl\/index.php\/2025\/01\/23\/galeria-integracyjna-sylwester-stabryla-istota-ludzka\/\" \/>\n<meta property=\"og:locale\" content=\"pl_PL\" \/>\n<meta property=\"og:type\" content=\"article\" \/>\n<meta property=\"og:title\" content=\"Galeria Integracyjna - Sylwester Stabry\u0142a - Istota Ludzka - Podkarpacka Okregowa Izba Inzynierow Budownictwa\" \/>\n<meta property=\"og:description\" content=\"W dniu 22 stycznia 2025 r. o godzinie 18.00 odby\u0142 si\u0119 wernisa\u017c i uroczyste otwarcie wystawy malarstwa Sylwestra Stabry\u0142y zatytu\u0142owanej [&hellip;]\" \/>\n<meta property=\"og:url\" content=\"https:\/\/inzynier.rzeszow.pl\/index.php\/2025\/01\/23\/galeria-integracyjna-sylwester-stabryla-istota-ludzka\/\" \/>\n<meta property=\"og:site_name\" content=\"Podkarpacka Okregowa Izba Inzynierow Budownictwa\" \/>\n<meta property=\"article:published_time\" content=\"2025-01-23T15:12:06+00:00\" \/>\n<meta property=\"article:modified_time\" content=\"2026-02-13T13:42:52+00:00\" \/>\n<meta property=\"og:image\" content=\"https:\/\/inzynier.rzeszow.pl\/wp-content\/uploads\/2025\/01\/obraz_2026-02-03_125100513.png\" \/>\n\t<meta property=\"og:image:width\" content=\"1200\" \/>\n\t<meta property=\"og:image:height\" content=\"640\" \/>\n\t<meta property=\"og:image:type\" content=\"image\/png\" \/>\n<meta name=\"author\" content=\"admin\" \/>\n<meta name=\"twitter:card\" content=\"summary_large_image\" \/>\n<meta name=\"twitter:label1\" content=\"Napisane przez\" \/>\n\t<meta name=\"twitter:data1\" content=\"admin\" \/>\n\t<meta name=\"twitter:label2\" content=\"Szacowany czas czytania\" \/>\n\t<meta name=\"twitter:data2\" content=\"3 minuty\" \/>\n<script type=\"application\/ld+json\" class=\"yoast-schema-graph\">{\"@context\":\"https:\\\/\\\/schema.org\",\"@graph\":[{\"@type\":\"Article\",\"@id\":\"https:\\\/\\\/inzynier.rzeszow.pl\\\/index.php\\\/2025\\\/01\\\/23\\\/galeria-integracyjna-sylwester-stabryla-istota-ludzka\\\/#article\",\"isPartOf\":{\"@id\":\"https:\\\/\\\/inzynier.rzeszow.pl\\\/index.php\\\/2025\\\/01\\\/23\\\/galeria-integracyjna-sylwester-stabryla-istota-ludzka\\\/\"},\"author\":{\"name\":\"admin\",\"@id\":\"https:\\\/\\\/inzynier.rzeszow.pl\\\/#\\\/schema\\\/person\\\/21ca162d893bdc5760a95d704e9b1e39\"},\"headline\":\"Galeria Integracyjna &#8211; Sylwester Stabry\u0142a &#8211; Istota Ludzka\",\"datePublished\":\"2025-01-23T15:12:06+00:00\",\"dateModified\":\"2026-02-13T13:42:52+00:00\",\"mainEntityOfPage\":{\"@id\":\"https:\\\/\\\/inzynier.rzeszow.pl\\\/index.php\\\/2025\\\/01\\\/23\\\/galeria-integracyjna-sylwester-stabryla-istota-ludzka\\\/\"},\"wordCount\":595,\"image\":{\"@id\":\"https:\\\/\\\/inzynier.rzeszow.pl\\\/index.php\\\/2025\\\/01\\\/23\\\/galeria-integracyjna-sylwester-stabryla-istota-ludzka\\\/#primaryimage\"},\"thumbnailUrl\":\"https:\\\/\\\/inzynier.rzeszow.pl\\\/wp-content\\\/uploads\\\/2025\\\/01\\\/obraz_2026-02-03_125100513.png\",\"articleSection\":[\"Wydarzenia\",\"Z \u017cycia izby\",\"Z \u017cycia Izby Rok 2025\"],\"inLanguage\":\"pl-PL\"},{\"@type\":\"WebPage\",\"@id\":\"https:\\\/\\\/inzynier.rzeszow.pl\\\/index.php\\\/2025\\\/01\\\/23\\\/galeria-integracyjna-sylwester-stabryla-istota-ludzka\\\/\",\"url\":\"https:\\\/\\\/inzynier.rzeszow.pl\\\/index.php\\\/2025\\\/01\\\/23\\\/galeria-integracyjna-sylwester-stabryla-istota-ludzka\\\/\",\"name\":\"Galeria Integracyjna - Sylwester Stabry\u0142a - Istota Ludzka - Podkarpacka Okregowa Izba Inzynierow Budownictwa\",\"isPartOf\":{\"@id\":\"https:\\\/\\\/inzynier.rzeszow.pl\\\/#website\"},\"primaryImageOfPage\":{\"@id\":\"https:\\\/\\\/inzynier.rzeszow.pl\\\/index.php\\\/2025\\\/01\\\/23\\\/galeria-integracyjna-sylwester-stabryla-istota-ludzka\\\/#primaryimage\"},\"image\":{\"@id\":\"https:\\\/\\\/inzynier.rzeszow.pl\\\/index.php\\\/2025\\\/01\\\/23\\\/galeria-integracyjna-sylwester-stabryla-istota-ludzka\\\/#primaryimage\"},\"thumbnailUrl\":\"https:\\\/\\\/inzynier.rzeszow.pl\\\/wp-content\\\/uploads\\\/2025\\\/01\\\/obraz_2026-02-03_125100513.png\",\"datePublished\":\"2025-01-23T15:12:06+00:00\",\"dateModified\":\"2026-02-13T13:42:52+00:00\",\"author\":{\"@id\":\"https:\\\/\\\/inzynier.rzeszow.pl\\\/#\\\/schema\\\/person\\\/21ca162d893bdc5760a95d704e9b1e39\"},\"breadcrumb\":{\"@id\":\"https:\\\/\\\/inzynier.rzeszow.pl\\\/index.php\\\/2025\\\/01\\\/23\\\/galeria-integracyjna-sylwester-stabryla-istota-ludzka\\\/#breadcrumb\"},\"inLanguage\":\"pl-PL\",\"potentialAction\":[{\"@type\":\"ReadAction\",\"target\":[\"https:\\\/\\\/inzynier.rzeszow.pl\\\/index.php\\\/2025\\\/01\\\/23\\\/galeria-integracyjna-sylwester-stabryla-istota-ludzka\\\/\"]}]},{\"@type\":\"ImageObject\",\"inLanguage\":\"pl-PL\",\"@id\":\"https:\\\/\\\/inzynier.rzeszow.pl\\\/index.php\\\/2025\\\/01\\\/23\\\/galeria-integracyjna-sylwester-stabryla-istota-ludzka\\\/#primaryimage\",\"url\":\"https:\\\/\\\/inzynier.rzeszow.pl\\\/wp-content\\\/uploads\\\/2025\\\/01\\\/obraz_2026-02-03_125100513.png\",\"contentUrl\":\"https:\\\/\\\/inzynier.rzeszow.pl\\\/wp-content\\\/uploads\\\/2025\\\/01\\\/obraz_2026-02-03_125100513.png\",\"width\":1200,\"height\":640},{\"@type\":\"BreadcrumbList\",\"@id\":\"https:\\\/\\\/inzynier.rzeszow.pl\\\/index.php\\\/2025\\\/01\\\/23\\\/galeria-integracyjna-sylwester-stabryla-istota-ludzka\\\/#breadcrumb\",\"itemListElement\":[{\"@type\":\"ListItem\",\"position\":1,\"name\":\"Strona g\u0142\u00f3wna\",\"item\":\"https:\\\/\\\/inzynier.rzeszow.pl\\\/\"},{\"@type\":\"ListItem\",\"position\":2,\"name\":\"Galeria Integracyjna &#8211; Sylwester Stabry\u0142a &#8211; Istota Ludzka\"}]},{\"@type\":\"WebSite\",\"@id\":\"https:\\\/\\\/inzynier.rzeszow.pl\\\/#website\",\"url\":\"https:\\\/\\\/inzynier.rzeszow.pl\\\/\",\"name\":\"Podkarpacka Okregowa Izba Inzynierow Budownictwa\",\"description\":\"\",\"potentialAction\":[{\"@type\":\"SearchAction\",\"target\":{\"@type\":\"EntryPoint\",\"urlTemplate\":\"https:\\\/\\\/inzynier.rzeszow.pl\\\/?s={search_term_string}\"},\"query-input\":{\"@type\":\"PropertyValueSpecification\",\"valueRequired\":true,\"valueName\":\"search_term_string\"}}],\"inLanguage\":\"pl-PL\"},{\"@type\":\"Person\",\"@id\":\"https:\\\/\\\/inzynier.rzeszow.pl\\\/#\\\/schema\\\/person\\\/21ca162d893bdc5760a95d704e9b1e39\",\"name\":\"admin\",\"image\":{\"@type\":\"ImageObject\",\"inLanguage\":\"pl-PL\",\"@id\":\"https:\\\/\\\/secure.gravatar.com\\\/avatar\\\/d5d1959f10b94c8abcf928274f8bb5b8c7370b0dfadb0590911bacad18965f21?s=96&d=mm&r=g\",\"url\":\"https:\\\/\\\/secure.gravatar.com\\\/avatar\\\/d5d1959f10b94c8abcf928274f8bb5b8c7370b0dfadb0590911bacad18965f21?s=96&d=mm&r=g\",\"contentUrl\":\"https:\\\/\\\/secure.gravatar.com\\\/avatar\\\/d5d1959f10b94c8abcf928274f8bb5b8c7370b0dfadb0590911bacad18965f21?s=96&d=mm&r=g\",\"caption\":\"admin\"},\"sameAs\":[\"https:\\\/\\\/migracja.inzynier.rzeszow.pl\"],\"url\":\"https:\\\/\\\/inzynier.rzeszow.pl\\\/index.php\\\/author\\\/kwojcik\\\/\"}]}<\/script>\n<!-- \/ Yoast SEO plugin. -->","yoast_head_json":{"title":"Galeria Integracyjna - Sylwester Stabry\u0142a - Istota Ludzka - Podkarpacka Okregowa Izba Inzynierow Budownictwa","robots":{"index":"index","follow":"follow","max-snippet":"max-snippet:-1","max-image-preview":"max-image-preview:large","max-video-preview":"max-video-preview:-1"},"canonical":"https:\/\/inzynier.rzeszow.pl\/index.php\/2025\/01\/23\/galeria-integracyjna-sylwester-stabryla-istota-ludzka\/","og_locale":"pl_PL","og_type":"article","og_title":"Galeria Integracyjna - Sylwester Stabry\u0142a - Istota Ludzka - Podkarpacka Okregowa Izba Inzynierow Budownictwa","og_description":"W dniu 22 stycznia 2025 r. o godzinie 18.00 odby\u0142 si\u0119 wernisa\u017c i uroczyste otwarcie wystawy malarstwa Sylwestra Stabry\u0142y zatytu\u0142owanej [&hellip;]","og_url":"https:\/\/inzynier.rzeszow.pl\/index.php\/2025\/01\/23\/galeria-integracyjna-sylwester-stabryla-istota-ludzka\/","og_site_name":"Podkarpacka Okregowa Izba Inzynierow Budownictwa","article_published_time":"2025-01-23T15:12:06+00:00","article_modified_time":"2026-02-13T13:42:52+00:00","og_image":[{"width":1200,"height":640,"url":"https:\/\/inzynier.rzeszow.pl\/wp-content\/uploads\/2025\/01\/obraz_2026-02-03_125100513.png","type":"image\/png"}],"author":"admin","twitter_card":"summary_large_image","twitter_misc":{"Napisane przez":"admin","Szacowany czas czytania":"3 minuty"},"schema":{"@context":"https:\/\/schema.org","@graph":[{"@type":"Article","@id":"https:\/\/inzynier.rzeszow.pl\/index.php\/2025\/01\/23\/galeria-integracyjna-sylwester-stabryla-istota-ludzka\/#article","isPartOf":{"@id":"https:\/\/inzynier.rzeszow.pl\/index.php\/2025\/01\/23\/galeria-integracyjna-sylwester-stabryla-istota-ludzka\/"},"author":{"name":"admin","@id":"https:\/\/inzynier.rzeszow.pl\/#\/schema\/person\/21ca162d893bdc5760a95d704e9b1e39"},"headline":"Galeria Integracyjna &#8211; Sylwester Stabry\u0142a &#8211; Istota Ludzka","datePublished":"2025-01-23T15:12:06+00:00","dateModified":"2026-02-13T13:42:52+00:00","mainEntityOfPage":{"@id":"https:\/\/inzynier.rzeszow.pl\/index.php\/2025\/01\/23\/galeria-integracyjna-sylwester-stabryla-istota-ludzka\/"},"wordCount":595,"image":{"@id":"https:\/\/inzynier.rzeszow.pl\/index.php\/2025\/01\/23\/galeria-integracyjna-sylwester-stabryla-istota-ludzka\/#primaryimage"},"thumbnailUrl":"https:\/\/inzynier.rzeszow.pl\/wp-content\/uploads\/2025\/01\/obraz_2026-02-03_125100513.png","articleSection":["Wydarzenia","Z \u017cycia izby","Z \u017cycia Izby Rok 2025"],"inLanguage":"pl-PL"},{"@type":"WebPage","@id":"https:\/\/inzynier.rzeszow.pl\/index.php\/2025\/01\/23\/galeria-integracyjna-sylwester-stabryla-istota-ludzka\/","url":"https:\/\/inzynier.rzeszow.pl\/index.php\/2025\/01\/23\/galeria-integracyjna-sylwester-stabryla-istota-ludzka\/","name":"Galeria Integracyjna - Sylwester Stabry\u0142a - Istota Ludzka - Podkarpacka Okregowa Izba Inzynierow Budownictwa","isPartOf":{"@id":"https:\/\/inzynier.rzeszow.pl\/#website"},"primaryImageOfPage":{"@id":"https:\/\/inzynier.rzeszow.pl\/index.php\/2025\/01\/23\/galeria-integracyjna-sylwester-stabryla-istota-ludzka\/#primaryimage"},"image":{"@id":"https:\/\/inzynier.rzeszow.pl\/index.php\/2025\/01\/23\/galeria-integracyjna-sylwester-stabryla-istota-ludzka\/#primaryimage"},"thumbnailUrl":"https:\/\/inzynier.rzeszow.pl\/wp-content\/uploads\/2025\/01\/obraz_2026-02-03_125100513.png","datePublished":"2025-01-23T15:12:06+00:00","dateModified":"2026-02-13T13:42:52+00:00","author":{"@id":"https:\/\/inzynier.rzeszow.pl\/#\/schema\/person\/21ca162d893bdc5760a95d704e9b1e39"},"breadcrumb":{"@id":"https:\/\/inzynier.rzeszow.pl\/index.php\/2025\/01\/23\/galeria-integracyjna-sylwester-stabryla-istota-ludzka\/#breadcrumb"},"inLanguage":"pl-PL","potentialAction":[{"@type":"ReadAction","target":["https:\/\/inzynier.rzeszow.pl\/index.php\/2025\/01\/23\/galeria-integracyjna-sylwester-stabryla-istota-ludzka\/"]}]},{"@type":"ImageObject","inLanguage":"pl-PL","@id":"https:\/\/inzynier.rzeszow.pl\/index.php\/2025\/01\/23\/galeria-integracyjna-sylwester-stabryla-istota-ludzka\/#primaryimage","url":"https:\/\/inzynier.rzeszow.pl\/wp-content\/uploads\/2025\/01\/obraz_2026-02-03_125100513.png","contentUrl":"https:\/\/inzynier.rzeszow.pl\/wp-content\/uploads\/2025\/01\/obraz_2026-02-03_125100513.png","width":1200,"height":640},{"@type":"BreadcrumbList","@id":"https:\/\/inzynier.rzeszow.pl\/index.php\/2025\/01\/23\/galeria-integracyjna-sylwester-stabryla-istota-ludzka\/#breadcrumb","itemListElement":[{"@type":"ListItem","position":1,"name":"Strona g\u0142\u00f3wna","item":"https:\/\/inzynier.rzeszow.pl\/"},{"@type":"ListItem","position":2,"name":"Galeria Integracyjna &#8211; Sylwester Stabry\u0142a &#8211; Istota Ludzka"}]},{"@type":"WebSite","@id":"https:\/\/inzynier.rzeszow.pl\/#website","url":"https:\/\/inzynier.rzeszow.pl\/","name":"Podkarpacka Okregowa Izba Inzynierow Budownictwa","description":"","potentialAction":[{"@type":"SearchAction","target":{"@type":"EntryPoint","urlTemplate":"https:\/\/inzynier.rzeszow.pl\/?s={search_term_string}"},"query-input":{"@type":"PropertyValueSpecification","valueRequired":true,"valueName":"search_term_string"}}],"inLanguage":"pl-PL"},{"@type":"Person","@id":"https:\/\/inzynier.rzeszow.pl\/#\/schema\/person\/21ca162d893bdc5760a95d704e9b1e39","name":"admin","image":{"@type":"ImageObject","inLanguage":"pl-PL","@id":"https:\/\/secure.gravatar.com\/avatar\/d5d1959f10b94c8abcf928274f8bb5b8c7370b0dfadb0590911bacad18965f21?s=96&d=mm&r=g","url":"https:\/\/secure.gravatar.com\/avatar\/d5d1959f10b94c8abcf928274f8bb5b8c7370b0dfadb0590911bacad18965f21?s=96&d=mm&r=g","contentUrl":"https:\/\/secure.gravatar.com\/avatar\/d5d1959f10b94c8abcf928274f8bb5b8c7370b0dfadb0590911bacad18965f21?s=96&d=mm&r=g","caption":"admin"},"sameAs":["https:\/\/migracja.inzynier.rzeszow.pl"],"url":"https:\/\/inzynier.rzeszow.pl\/index.php\/author\/kwojcik\/"}]}},"rttpg_featured_image_url":{"full":["https:\/\/inzynier.rzeszow.pl\/wp-content\/uploads\/2025\/01\/obraz_2026-02-03_125100513.png",1200,640,false],"landscape":["https:\/\/inzynier.rzeszow.pl\/wp-content\/uploads\/2025\/01\/obraz_2026-02-03_125100513.png",1200,640,false],"portraits":["https:\/\/inzynier.rzeszow.pl\/wp-content\/uploads\/2025\/01\/obraz_2026-02-03_125100513.png",1200,640,false],"thumbnail":["https:\/\/inzynier.rzeszow.pl\/wp-content\/uploads\/2025\/01\/obraz_2026-02-03_125100513-150x150.png",150,150,true],"medium":["https:\/\/inzynier.rzeszow.pl\/wp-content\/uploads\/2025\/01\/obraz_2026-02-03_125100513-300x160.png",300,160,true],"large":["https:\/\/inzynier.rzeszow.pl\/wp-content\/uploads\/2025\/01\/obraz_2026-02-03_125100513-1024x546.png",1024,546,true],"1536x1536":["https:\/\/inzynier.rzeszow.pl\/wp-content\/uploads\/2025\/01\/obraz_2026-02-03_125100513.png",1200,640,false],"2048x2048":["https:\/\/inzynier.rzeszow.pl\/wp-content\/uploads\/2025\/01\/obraz_2026-02-03_125100513.png",1200,640,false]},"rttpg_author":{"display_name":"admin","author_link":"https:\/\/inzynier.rzeszow.pl\/index.php\/author\/kwojcik\/"},"rttpg_comment":0,"rttpg_category":"<a href=\"https:\/\/inzynier.rzeszow.pl\/index.php\/category\/wydarzenia\/\" rel=\"category tag\">Wydarzenia<\/a> <a href=\"https:\/\/inzynier.rzeszow.pl\/index.php\/category\/z-zycia-izby\/\" rel=\"category tag\">Z \u017cycia izby<\/a> <a href=\"https:\/\/inzynier.rzeszow.pl\/index.php\/category\/z-zycia-izby\/z-zycia-izby-rok-2025\/\" rel=\"category tag\">Z \u017cycia Izby Rok 2025<\/a>","rttpg_excerpt":"W dniu 22 stycznia 2025 r. o godzinie 18.00 odby\u0142 si\u0119 wernisa\u017c i uroczyste otwarcie wystawy malarstwa Sylwestra Stabry\u0142y zatytu\u0142owanej [&hellip;]","_links":{"self":[{"href":"https:\/\/inzynier.rzeszow.pl\/index.php\/wp-json\/wp\/v2\/posts\/3568","targetHints":{"allow":["GET"]}}],"collection":[{"href":"https:\/\/inzynier.rzeszow.pl\/index.php\/wp-json\/wp\/v2\/posts"}],"about":[{"href":"https:\/\/inzynier.rzeszow.pl\/index.php\/wp-json\/wp\/v2\/types\/post"}],"author":[{"embeddable":true,"href":"https:\/\/inzynier.rzeszow.pl\/index.php\/wp-json\/wp\/v2\/users\/1"}],"replies":[{"embeddable":true,"href":"https:\/\/inzynier.rzeszow.pl\/index.php\/wp-json\/wp\/v2\/comments?post=3568"}],"version-history":[{"count":4,"href":"https:\/\/inzynier.rzeszow.pl\/index.php\/wp-json\/wp\/v2\/posts\/3568\/revisions"}],"predecessor-version":[{"id":3662,"href":"https:\/\/inzynier.rzeszow.pl\/index.php\/wp-json\/wp\/v2\/posts\/3568\/revisions\/3662"}],"wp:featuredmedia":[{"embeddable":true,"href":"https:\/\/inzynier.rzeszow.pl\/index.php\/wp-json\/wp\/v2\/media\/3650"}],"wp:attachment":[{"href":"https:\/\/inzynier.rzeszow.pl\/index.php\/wp-json\/wp\/v2\/media?parent=3568"}],"wp:term":[{"taxonomy":"category","embeddable":true,"href":"https:\/\/inzynier.rzeszow.pl\/index.php\/wp-json\/wp\/v2\/categories?post=3568"},{"taxonomy":"post_tag","embeddable":true,"href":"https:\/\/inzynier.rzeszow.pl\/index.php\/wp-json\/wp\/v2\/tags?post=3568"}],"curies":[{"name":"wp","href":"https:\/\/api.w.org\/{rel}","templated":true}]}}