{"id":3545,"date":"2025-03-12T15:42:58","date_gmt":"2025-03-12T15:42:58","guid":{"rendered":"https:\/\/migracja.inzynier.rzeszow.pl\/?p=3545"},"modified":"2026-02-13T13:42:29","modified_gmt":"2026-02-13T13:42:29","slug":"spotkanie-integracyjne-powiatu-tarnobrzeskiego-2","status":"publish","type":"post","link":"https:\/\/inzynier.rzeszow.pl\/index.php\/2025\/03\/12\/spotkanie-integracyjne-powiatu-tarnobrzeskiego-2\/","title":{"rendered":"Spotkanie integracyjne powiatu tarnobrzeskiego"},"content":{"rendered":"\t\t<div data-elementor-type=\"wp-post\" data-elementor-id=\"3545\" class=\"elementor elementor-3545\" data-elementor-post-type=\"post\">\n\t\t\t\t<div class=\"elementor-element elementor-element-a86bb8d e-flex e-con-boxed e-con e-parent\" data-id=\"a86bb8d\" data-element_type=\"container\" data-e-type=\"container\">\n\t\t\t\t\t<div class=\"e-con-inner\">\n\t\t<div class=\"elementor-element elementor-element-410f3d0 e-con-full e-flex e-con e-child\" data-id=\"410f3d0\" data-element_type=\"container\" data-e-type=\"container\">\n\t\t<div class=\"elementor-element elementor-element-0161690 e-con-full e-flex e-con e-child\" data-id=\"0161690\" data-element_type=\"container\" data-e-type=\"container\">\n\t\t\t\t<div class=\"elementor-element elementor-element-833a258 elementor-widget elementor-widget-image\" data-id=\"833a258\" data-element_type=\"widget\" data-e-type=\"widget\" data-widget_type=\"image.default\">\n\t\t\t\t\t\t\t\t\t\t\t\t\t\t\t<img fetchpriority=\"high\" decoding=\"async\" width=\"1024\" height=\"683\" src=\"https:\/\/inzynier.rzeszow.pl\/wp-content\/uploads\/2025\/03\/obraz_2026-02-02_184423375-1024x683.png\" class=\"attachment-large size-large wp-image-3548\" alt=\"\" srcset=\"https:\/\/inzynier.rzeszow.pl\/wp-content\/uploads\/2025\/03\/obraz_2026-02-02_184423375-1024x683.png 1024w, https:\/\/inzynier.rzeszow.pl\/wp-content\/uploads\/2025\/03\/obraz_2026-02-02_184423375-300x200.png 300w, https:\/\/inzynier.rzeszow.pl\/wp-content\/uploads\/2025\/03\/obraz_2026-02-02_184423375-768x512.png 768w, https:\/\/inzynier.rzeszow.pl\/wp-content\/uploads\/2025\/03\/obraz_2026-02-02_184423375.png 1200w\" sizes=\"(max-width: 1024px) 100vw, 1024px\" \/>\t\t\t\t\t\t\t\t\t\t\t\t\t\t\t<\/div>\n\t\t\t\t<\/div>\n\t\t<div class=\"elementor-element elementor-element-ba0eba7 e-con-full e-flex e-con e-child\" data-id=\"ba0eba7\" data-element_type=\"container\" data-e-type=\"container\">\n\t\t\t\t<div class=\"elementor-element elementor-element-43c5e2f elementor-widget elementor-widget-text-editor\" data-id=\"43c5e2f\" data-element_type=\"widget\" data-e-type=\"widget\" data-widget_type=\"text-editor.default\">\n\t\t\t\t\t\t\t\t\t<p>W dniu 12 marca 2025 r. w Wojew\u00f3dzkim Inspektoracie Nadzoru Budowlanego w Rzeszowie odby\u0142o si\u0119 spotkanie przedstawicieli PDK OIIB oraz organ\u00f3w nadzoru budowlanego, b\u0119d\u0105ce kontynuacj\u0105 wcze\u015bniejszych rozm\u00f3w i wsp\u00f3ln\u0105 inicjatyw\u0105 dotycz\u0105c\u0105 kluczowych zagadnie\u0144 bran\u017cowych.<br \/><br \/>Na zaproszenie Podkarpackiego Wojew\u00f3dzkiego Inspektora Nadzoru Budowlanego Marka W\u00f3jcika w naradzie wzi\u0119li udzia\u0142 przedstawiciele Powiatowych Inspektorat\u00f3w Nadzoru Budowlanego, Wojew\u00f3dzkiego Inspektoratu Nadzoru Budowlanego oraz reprezentanci PDK OIIB w sk\u0142adzie:<br \/><br \/>&#8211; przewodnicz\u0105cy OR PDK OIIB Grzegorz Dubik<br \/>&#8211; zast\u0119pca przewodnicz\u0105cego OR PDK OIIB Jaros\u0142aw Suchora<br \/>&#8211; przewodnicz\u0105cy OKK PDK OIIB Zbigniew Plewako<br \/>&#8211; zast\u0119pca przewodnicz\u0105cego OKK PDK OIIB Henryk Kalisz<br \/>&#8211; zast\u0119pca przewodnicz\u0105cego OSD PDK OIIB Tomasz Mazur<br \/>&#8211; rzecznik koordynator OROZ PDK OIIB El\u017cbieta Kosior.<\/p>\t\t\t\t\t\t\t\t<\/div>\n\t\t\t\t<\/div>\n\t\t\t\t<\/div>\n\t\t\t\t\t<\/div>\n\t\t\t\t<\/div>\n\t\t<div class=\"elementor-element elementor-element-2b2d875 e-con-full e-flex e-con e-parent\" data-id=\"2b2d875\" data-element_type=\"container\" data-e-type=\"container\">\n\t\t\t\t<div class=\"elementor-element elementor-element-27513f9 elementor-widget__width-initial elementor-widget elementor-widget-text-editor\" data-id=\"27513f9\" data-element_type=\"widget\" data-e-type=\"widget\" data-widget_type=\"text-editor.default\">\n\t\t\t\t\t\t\t\t\t<p>Tematyka spotkania by\u0142a niezwykle istotna, a dyskusje skoncentrowa\u0142y si\u0119 na funkcjonowaniu s\u0105du i rzecznika przy Podkarpackiej OIIB, jak r\u00f3wnie\u017c na wa\u017cnych zagadnieniach zwi\u0105zanych z uprawnieniami budowlanymi. Om\u00f3wiono kwestie interpretacji przepis\u00f3w dotycz\u0105cych uprawnie\u0144 budowlanych, co pozwoli\u0142o uczestnikom lepiej wychwyci\u0107 r\u00f3\u017cnice w ich stosowaniu i wymaganiach. Poruszono r\u00f3wnie\u017c temat mo\u017cliwo\u015bci zdobycia uprawnie\u0144 w WINB-ie co wzbudzi\u0142o du\u017ce zainteresowanie w\u015br\u00f3d zebranych.<\/p><p>Spotkanie mia\u0142o na celu zar\u00f3wno wymian\u0119 do\u015bwiadcze\u0144, jak i poszukiwanie wsp\u00f3lnych rozwi\u0105za\u0144 dotycz\u0105cych wyzwa\u0144, przed kt\u00f3rymi stoi \u015brodowisko in\u017cynier\u00f3w budownictwa.<br \/>Dialog uczestnik\u00f3w by\u0142 rzeczowy i konstruktywny, a wydarzenie to zapewne przyczyni\u0142o si\u0119 do wypracowania rekomendacji, kt\u00f3re mog\u0105 mie\u0107 pozytywny wp\u0142yw na przysz\u0142o\u015b\u0107 wzajemnych relacji os\u00f3b zaanga\u017cowanych w proces budowlany ze strony organ\u00f3w nadzoru budowlanego i Podkarpackiej OIIB.<br \/>Wydarzenie by\u0142o doskona\u0142\u0105 okazj\u0105 do budowania wsp\u00f3\u0142pracy i wzajemnego zrozumienia w tak wa\u017cnej i odpowiedzialnej bran\u017cy.<\/p>\t\t\t\t\t\t\t\t<\/div>\n\t\t\t\t<\/div>\n\t\t\t\t<\/div>\n\t\t","protected":false},"excerpt":{"rendered":"<p>W dniu 12 marca 2025 r. w Wojew\u00f3dzkim Inspektoracie Nadzoru Budowlanego w Rzeszowie odby\u0142o si\u0119 spotkanie przedstawicieli PDK OIIB oraz [&hellip;]<\/p>\n","protected":false},"author":1,"featured_media":3547,"comment_status":"closed","ping_status":"closed","sticky":false,"template":"","format":"standard","meta":{"site-sidebar-layout":"default","site-content-layout":"","ast-site-content-layout":"default","site-content-style":"default","site-sidebar-style":"default","ast-global-header-display":"","ast-banner-title-visibility":"","ast-main-header-display":"","ast-hfb-above-header-display":"","ast-hfb-below-header-display":"","ast-hfb-mobile-header-display":"","site-post-title":"","ast-breadcrumbs-content":"","ast-featured-img":"","footer-sml-layout":"","ast-disable-related-posts":"","theme-transparent-header-meta":"","adv-header-id-meta":"","stick-header-meta":"","header-above-stick-meta":"","header-main-stick-meta":"","header-below-stick-meta":"","astra-migrate-meta-layouts":"default","ast-page-background-enabled":"default","ast-page-background-meta":{"desktop":{"background-color":"var(--ast-global-color-5)","background-image":"","background-repeat":"repeat","background-position":"center center","background-size":"auto","background-attachment":"scroll","background-type":"","background-media":"","overlay-type":"","overlay-color":"","overlay-opacity":"","overlay-gradient":""},"tablet":{"background-color":"","background-image":"","background-repeat":"repeat","background-position":"center center","background-size":"auto","background-attachment":"scroll","background-type":"","background-media":"","overlay-type":"","overlay-color":"","overlay-opacity":"","overlay-gradient":""},"mobile":{"background-color":"","background-image":"","background-repeat":"repeat","background-position":"center center","background-size":"auto","background-attachment":"scroll","background-type":"","background-media":"","overlay-type":"","overlay-color":"","overlay-opacity":"","overlay-gradient":""}},"ast-content-background-meta":{"desktop":{"background-color":"var(--ast-global-color-4)","background-image":"","background-repeat":"repeat","background-position":"center center","background-size":"auto","background-attachment":"scroll","background-type":"","background-media":"","overlay-type":"","overlay-color":"","overlay-opacity":"","overlay-gradient":""},"tablet":{"background-color":"var(--ast-global-color-4)","background-image":"","background-repeat":"repeat","background-position":"center center","background-size":"auto","background-attachment":"scroll","background-type":"","background-media":"","overlay-type":"","overlay-color":"","overlay-opacity":"","overlay-gradient":""},"mobile":{"background-color":"var(--ast-global-color-4)","background-image":"","background-repeat":"repeat","background-position":"center center","background-size":"auto","background-attachment":"scroll","background-type":"","background-media":"","overlay-type":"","overlay-color":"","overlay-opacity":"","overlay-gradient":""}},"footnotes":""},"categories":[7,16,55],"tags":[],"class_list":["post-3545","post","type-post","status-publish","format-standard","has-post-thumbnail","hentry","category-wydarzenia","category-z-zycia-izby","category-z-zycia-izby-rok-2025"],"yoast_head":"<!-- This site is optimized with the Yoast SEO plugin v27.5 - https:\/\/yoast.com\/product\/yoast-seo-wordpress\/ -->\n<title>Spotkanie integracyjne powiatu tarnobrzeskiego - Podkarpacka Okregowa Izba Inzynierow Budownictwa<\/title>\n<meta name=\"robots\" content=\"index, follow, max-snippet:-1, max-image-preview:large, max-video-preview:-1\" \/>\n<link rel=\"canonical\" href=\"https:\/\/inzynier.rzeszow.pl\/index.php\/2025\/03\/12\/spotkanie-integracyjne-powiatu-tarnobrzeskiego-2\/\" \/>\n<meta property=\"og:locale\" content=\"pl_PL\" \/>\n<meta property=\"og:type\" content=\"article\" \/>\n<meta property=\"og:title\" content=\"Spotkanie integracyjne powiatu tarnobrzeskiego - Podkarpacka Okregowa Izba Inzynierow Budownictwa\" \/>\n<meta property=\"og:description\" content=\"W dniu 12 marca 2025 r. w Wojew\u00f3dzkim Inspektoracie Nadzoru Budowlanego w Rzeszowie odby\u0142o si\u0119 spotkanie przedstawicieli PDK OIIB oraz [&hellip;]\" \/>\n<meta property=\"og:url\" content=\"https:\/\/inzynier.rzeszow.pl\/index.php\/2025\/03\/12\/spotkanie-integracyjne-powiatu-tarnobrzeskiego-2\/\" \/>\n<meta property=\"og:site_name\" content=\"Podkarpacka Okregowa Izba Inzynierow Budownictwa\" \/>\n<meta property=\"article:published_time\" content=\"2025-03-12T15:42:58+00:00\" \/>\n<meta property=\"article:modified_time\" content=\"2026-02-13T13:42:29+00:00\" \/>\n<meta property=\"og:image\" content=\"https:\/\/inzynier.rzeszow.pl\/wp-content\/uploads\/2025\/03\/obraz_2026-02-02_184345372.png\" \/>\n\t<meta property=\"og:image:width\" content=\"1200\" \/>\n\t<meta property=\"og:image:height\" content=\"800\" \/>\n\t<meta property=\"og:image:type\" content=\"image\/png\" \/>\n<meta name=\"author\" content=\"admin\" \/>\n<meta name=\"twitter:card\" content=\"summary_large_image\" \/>\n<meta name=\"twitter:label1\" content=\"Napisane przez\" \/>\n\t<meta name=\"twitter:data1\" content=\"admin\" \/>\n\t<meta name=\"twitter:label2\" content=\"Szacowany czas czytania\" \/>\n\t<meta name=\"twitter:data2\" content=\"1 minuta\" \/>\n<script type=\"application\/ld+json\" class=\"yoast-schema-graph\">{\"@context\":\"https:\\\/\\\/schema.org\",\"@graph\":[{\"@type\":\"Article\",\"@id\":\"https:\\\/\\\/inzynier.rzeszow.pl\\\/index.php\\\/2025\\\/03\\\/12\\\/spotkanie-integracyjne-powiatu-tarnobrzeskiego-2\\\/#article\",\"isPartOf\":{\"@id\":\"https:\\\/\\\/inzynier.rzeszow.pl\\\/index.php\\\/2025\\\/03\\\/12\\\/spotkanie-integracyjne-powiatu-tarnobrzeskiego-2\\\/\"},\"author\":{\"name\":\"admin\",\"@id\":\"https:\\\/\\\/inzynier.rzeszow.pl\\\/#\\\/schema\\\/person\\\/21ca162d893bdc5760a95d704e9b1e39\"},\"headline\":\"Spotkanie integracyjne powiatu tarnobrzeskiego\",\"datePublished\":\"2025-03-12T15:42:58+00:00\",\"dateModified\":\"2026-02-13T13:42:29+00:00\",\"mainEntityOfPage\":{\"@id\":\"https:\\\/\\\/inzynier.rzeszow.pl\\\/index.php\\\/2025\\\/03\\\/12\\\/spotkanie-integracyjne-powiatu-tarnobrzeskiego-2\\\/\"},\"wordCount\":301,\"image\":{\"@id\":\"https:\\\/\\\/inzynier.rzeszow.pl\\\/index.php\\\/2025\\\/03\\\/12\\\/spotkanie-integracyjne-powiatu-tarnobrzeskiego-2\\\/#primaryimage\"},\"thumbnailUrl\":\"https:\\\/\\\/inzynier.rzeszow.pl\\\/wp-content\\\/uploads\\\/2025\\\/03\\\/obraz_2026-02-02_184345372.png\",\"articleSection\":[\"Wydarzenia\",\"Z \u017cycia izby\",\"Z \u017cycia Izby Rok 2025\"],\"inLanguage\":\"pl-PL\"},{\"@type\":\"WebPage\",\"@id\":\"https:\\\/\\\/inzynier.rzeszow.pl\\\/index.php\\\/2025\\\/03\\\/12\\\/spotkanie-integracyjne-powiatu-tarnobrzeskiego-2\\\/\",\"url\":\"https:\\\/\\\/inzynier.rzeszow.pl\\\/index.php\\\/2025\\\/03\\\/12\\\/spotkanie-integracyjne-powiatu-tarnobrzeskiego-2\\\/\",\"name\":\"Spotkanie integracyjne powiatu tarnobrzeskiego - Podkarpacka Okregowa Izba Inzynierow Budownictwa\",\"isPartOf\":{\"@id\":\"https:\\\/\\\/inzynier.rzeszow.pl\\\/#website\"},\"primaryImageOfPage\":{\"@id\":\"https:\\\/\\\/inzynier.rzeszow.pl\\\/index.php\\\/2025\\\/03\\\/12\\\/spotkanie-integracyjne-powiatu-tarnobrzeskiego-2\\\/#primaryimage\"},\"image\":{\"@id\":\"https:\\\/\\\/inzynier.rzeszow.pl\\\/index.php\\\/2025\\\/03\\\/12\\\/spotkanie-integracyjne-powiatu-tarnobrzeskiego-2\\\/#primaryimage\"},\"thumbnailUrl\":\"https:\\\/\\\/inzynier.rzeszow.pl\\\/wp-content\\\/uploads\\\/2025\\\/03\\\/obraz_2026-02-02_184345372.png\",\"datePublished\":\"2025-03-12T15:42:58+00:00\",\"dateModified\":\"2026-02-13T13:42:29+00:00\",\"author\":{\"@id\":\"https:\\\/\\\/inzynier.rzeszow.pl\\\/#\\\/schema\\\/person\\\/21ca162d893bdc5760a95d704e9b1e39\"},\"breadcrumb\":{\"@id\":\"https:\\\/\\\/inzynier.rzeszow.pl\\\/index.php\\\/2025\\\/03\\\/12\\\/spotkanie-integracyjne-powiatu-tarnobrzeskiego-2\\\/#breadcrumb\"},\"inLanguage\":\"pl-PL\",\"potentialAction\":[{\"@type\":\"ReadAction\",\"target\":[\"https:\\\/\\\/inzynier.rzeszow.pl\\\/index.php\\\/2025\\\/03\\\/12\\\/spotkanie-integracyjne-powiatu-tarnobrzeskiego-2\\\/\"]}]},{\"@type\":\"ImageObject\",\"inLanguage\":\"pl-PL\",\"@id\":\"https:\\\/\\\/inzynier.rzeszow.pl\\\/index.php\\\/2025\\\/03\\\/12\\\/spotkanie-integracyjne-powiatu-tarnobrzeskiego-2\\\/#primaryimage\",\"url\":\"https:\\\/\\\/inzynier.rzeszow.pl\\\/wp-content\\\/uploads\\\/2025\\\/03\\\/obraz_2026-02-02_184345372.png\",\"contentUrl\":\"https:\\\/\\\/inzynier.rzeszow.pl\\\/wp-content\\\/uploads\\\/2025\\\/03\\\/obraz_2026-02-02_184345372.png\",\"width\":1200,\"height\":800},{\"@type\":\"BreadcrumbList\",\"@id\":\"https:\\\/\\\/inzynier.rzeszow.pl\\\/index.php\\\/2025\\\/03\\\/12\\\/spotkanie-integracyjne-powiatu-tarnobrzeskiego-2\\\/#breadcrumb\",\"itemListElement\":[{\"@type\":\"ListItem\",\"position\":1,\"name\":\"Strona g\u0142\u00f3wna\",\"item\":\"https:\\\/\\\/inzynier.rzeszow.pl\\\/\"},{\"@type\":\"ListItem\",\"position\":2,\"name\":\"Spotkanie integracyjne powiatu tarnobrzeskiego\"}]},{\"@type\":\"WebSite\",\"@id\":\"https:\\\/\\\/inzynier.rzeszow.pl\\\/#website\",\"url\":\"https:\\\/\\\/inzynier.rzeszow.pl\\\/\",\"name\":\"Podkarpacka Okregowa Izba Inzynierow Budownictwa\",\"description\":\"\",\"potentialAction\":[{\"@type\":\"SearchAction\",\"target\":{\"@type\":\"EntryPoint\",\"urlTemplate\":\"https:\\\/\\\/inzynier.rzeszow.pl\\\/?s={search_term_string}\"},\"query-input\":{\"@type\":\"PropertyValueSpecification\",\"valueRequired\":true,\"valueName\":\"search_term_string\"}}],\"inLanguage\":\"pl-PL\"},{\"@type\":\"Person\",\"@id\":\"https:\\\/\\\/inzynier.rzeszow.pl\\\/#\\\/schema\\\/person\\\/21ca162d893bdc5760a95d704e9b1e39\",\"name\":\"admin\",\"image\":{\"@type\":\"ImageObject\",\"inLanguage\":\"pl-PL\",\"@id\":\"https:\\\/\\\/secure.gravatar.com\\\/avatar\\\/d5d1959f10b94c8abcf928274f8bb5b8c7370b0dfadb0590911bacad18965f21?s=96&d=mm&r=g\",\"url\":\"https:\\\/\\\/secure.gravatar.com\\\/avatar\\\/d5d1959f10b94c8abcf928274f8bb5b8c7370b0dfadb0590911bacad18965f21?s=96&d=mm&r=g\",\"contentUrl\":\"https:\\\/\\\/secure.gravatar.com\\\/avatar\\\/d5d1959f10b94c8abcf928274f8bb5b8c7370b0dfadb0590911bacad18965f21?s=96&d=mm&r=g\",\"caption\":\"admin\"},\"sameAs\":[\"https:\\\/\\\/migracja.inzynier.rzeszow.pl\"],\"url\":\"https:\\\/\\\/inzynier.rzeszow.pl\\\/index.php\\\/author\\\/kwojcik\\\/\"}]}<\/script>\n<!-- \/ Yoast SEO plugin. -->","yoast_head_json":{"title":"Spotkanie integracyjne powiatu tarnobrzeskiego - Podkarpacka Okregowa Izba Inzynierow Budownictwa","robots":{"index":"index","follow":"follow","max-snippet":"max-snippet:-1","max-image-preview":"max-image-preview:large","max-video-preview":"max-video-preview:-1"},"canonical":"https:\/\/inzynier.rzeszow.pl\/index.php\/2025\/03\/12\/spotkanie-integracyjne-powiatu-tarnobrzeskiego-2\/","og_locale":"pl_PL","og_type":"article","og_title":"Spotkanie integracyjne powiatu tarnobrzeskiego - Podkarpacka Okregowa Izba Inzynierow Budownictwa","og_description":"W dniu 12 marca 2025 r. w Wojew\u00f3dzkim Inspektoracie Nadzoru Budowlanego w Rzeszowie odby\u0142o si\u0119 spotkanie przedstawicieli PDK OIIB oraz [&hellip;]","og_url":"https:\/\/inzynier.rzeszow.pl\/index.php\/2025\/03\/12\/spotkanie-integracyjne-powiatu-tarnobrzeskiego-2\/","og_site_name":"Podkarpacka Okregowa Izba Inzynierow Budownictwa","article_published_time":"2025-03-12T15:42:58+00:00","article_modified_time":"2026-02-13T13:42:29+00:00","og_image":[{"width":1200,"height":800,"url":"https:\/\/inzynier.rzeszow.pl\/wp-content\/uploads\/2025\/03\/obraz_2026-02-02_184345372.png","type":"image\/png"}],"author":"admin","twitter_card":"summary_large_image","twitter_misc":{"Napisane przez":"admin","Szacowany czas czytania":"1 minuta"},"schema":{"@context":"https:\/\/schema.org","@graph":[{"@type":"Article","@id":"https:\/\/inzynier.rzeszow.pl\/index.php\/2025\/03\/12\/spotkanie-integracyjne-powiatu-tarnobrzeskiego-2\/#article","isPartOf":{"@id":"https:\/\/inzynier.rzeszow.pl\/index.php\/2025\/03\/12\/spotkanie-integracyjne-powiatu-tarnobrzeskiego-2\/"},"author":{"name":"admin","@id":"https:\/\/inzynier.rzeszow.pl\/#\/schema\/person\/21ca162d893bdc5760a95d704e9b1e39"},"headline":"Spotkanie integracyjne powiatu tarnobrzeskiego","datePublished":"2025-03-12T15:42:58+00:00","dateModified":"2026-02-13T13:42:29+00:00","mainEntityOfPage":{"@id":"https:\/\/inzynier.rzeszow.pl\/index.php\/2025\/03\/12\/spotkanie-integracyjne-powiatu-tarnobrzeskiego-2\/"},"wordCount":301,"image":{"@id":"https:\/\/inzynier.rzeszow.pl\/index.php\/2025\/03\/12\/spotkanie-integracyjne-powiatu-tarnobrzeskiego-2\/#primaryimage"},"thumbnailUrl":"https:\/\/inzynier.rzeszow.pl\/wp-content\/uploads\/2025\/03\/obraz_2026-02-02_184345372.png","articleSection":["Wydarzenia","Z \u017cycia izby","Z \u017cycia Izby Rok 2025"],"inLanguage":"pl-PL"},{"@type":"WebPage","@id":"https:\/\/inzynier.rzeszow.pl\/index.php\/2025\/03\/12\/spotkanie-integracyjne-powiatu-tarnobrzeskiego-2\/","url":"https:\/\/inzynier.rzeszow.pl\/index.php\/2025\/03\/12\/spotkanie-integracyjne-powiatu-tarnobrzeskiego-2\/","name":"Spotkanie integracyjne powiatu tarnobrzeskiego - Podkarpacka Okregowa Izba Inzynierow Budownictwa","isPartOf":{"@id":"https:\/\/inzynier.rzeszow.pl\/#website"},"primaryImageOfPage":{"@id":"https:\/\/inzynier.rzeszow.pl\/index.php\/2025\/03\/12\/spotkanie-integracyjne-powiatu-tarnobrzeskiego-2\/#primaryimage"},"image":{"@id":"https:\/\/inzynier.rzeszow.pl\/index.php\/2025\/03\/12\/spotkanie-integracyjne-powiatu-tarnobrzeskiego-2\/#primaryimage"},"thumbnailUrl":"https:\/\/inzynier.rzeszow.pl\/wp-content\/uploads\/2025\/03\/obraz_2026-02-02_184345372.png","datePublished":"2025-03-12T15:42:58+00:00","dateModified":"2026-02-13T13:42:29+00:00","author":{"@id":"https:\/\/inzynier.rzeszow.pl\/#\/schema\/person\/21ca162d893bdc5760a95d704e9b1e39"},"breadcrumb":{"@id":"https:\/\/inzynier.rzeszow.pl\/index.php\/2025\/03\/12\/spotkanie-integracyjne-powiatu-tarnobrzeskiego-2\/#breadcrumb"},"inLanguage":"pl-PL","potentialAction":[{"@type":"ReadAction","target":["https:\/\/inzynier.rzeszow.pl\/index.php\/2025\/03\/12\/spotkanie-integracyjne-powiatu-tarnobrzeskiego-2\/"]}]},{"@type":"ImageObject","inLanguage":"pl-PL","@id":"https:\/\/inzynier.rzeszow.pl\/index.php\/2025\/03\/12\/spotkanie-integracyjne-powiatu-tarnobrzeskiego-2\/#primaryimage","url":"https:\/\/inzynier.rzeszow.pl\/wp-content\/uploads\/2025\/03\/obraz_2026-02-02_184345372.png","contentUrl":"https:\/\/inzynier.rzeszow.pl\/wp-content\/uploads\/2025\/03\/obraz_2026-02-02_184345372.png","width":1200,"height":800},{"@type":"BreadcrumbList","@id":"https:\/\/inzynier.rzeszow.pl\/index.php\/2025\/03\/12\/spotkanie-integracyjne-powiatu-tarnobrzeskiego-2\/#breadcrumb","itemListElement":[{"@type":"ListItem","position":1,"name":"Strona g\u0142\u00f3wna","item":"https:\/\/inzynier.rzeszow.pl\/"},{"@type":"ListItem","position":2,"name":"Spotkanie integracyjne powiatu tarnobrzeskiego"}]},{"@type":"WebSite","@id":"https:\/\/inzynier.rzeszow.pl\/#website","url":"https:\/\/inzynier.rzeszow.pl\/","name":"Podkarpacka Okregowa Izba Inzynierow Budownictwa","description":"","potentialAction":[{"@type":"SearchAction","target":{"@type":"EntryPoint","urlTemplate":"https:\/\/inzynier.rzeszow.pl\/?s={search_term_string}"},"query-input":{"@type":"PropertyValueSpecification","valueRequired":true,"valueName":"search_term_string"}}],"inLanguage":"pl-PL"},{"@type":"Person","@id":"https:\/\/inzynier.rzeszow.pl\/#\/schema\/person\/21ca162d893bdc5760a95d704e9b1e39","name":"admin","image":{"@type":"ImageObject","inLanguage":"pl-PL","@id":"https:\/\/secure.gravatar.com\/avatar\/d5d1959f10b94c8abcf928274f8bb5b8c7370b0dfadb0590911bacad18965f21?s=96&d=mm&r=g","url":"https:\/\/secure.gravatar.com\/avatar\/d5d1959f10b94c8abcf928274f8bb5b8c7370b0dfadb0590911bacad18965f21?s=96&d=mm&r=g","contentUrl":"https:\/\/secure.gravatar.com\/avatar\/d5d1959f10b94c8abcf928274f8bb5b8c7370b0dfadb0590911bacad18965f21?s=96&d=mm&r=g","caption":"admin"},"sameAs":["https:\/\/migracja.inzynier.rzeszow.pl"],"url":"https:\/\/inzynier.rzeszow.pl\/index.php\/author\/kwojcik\/"}]}},"rttpg_featured_image_url":{"full":["https:\/\/inzynier.rzeszow.pl\/wp-content\/uploads\/2025\/03\/obraz_2026-02-02_184345372.png",1200,800,false],"landscape":["https:\/\/inzynier.rzeszow.pl\/wp-content\/uploads\/2025\/03\/obraz_2026-02-02_184345372.png",1200,800,false],"portraits":["https:\/\/inzynier.rzeszow.pl\/wp-content\/uploads\/2025\/03\/obraz_2026-02-02_184345372.png",1200,800,false],"thumbnail":["https:\/\/inzynier.rzeszow.pl\/wp-content\/uploads\/2025\/03\/obraz_2026-02-02_184345372-150x150.png",150,150,true],"medium":["https:\/\/inzynier.rzeszow.pl\/wp-content\/uploads\/2025\/03\/obraz_2026-02-02_184345372-300x200.png",300,200,true],"large":["https:\/\/inzynier.rzeszow.pl\/wp-content\/uploads\/2025\/03\/obraz_2026-02-02_184345372-1024x683.png",1024,683,true],"1536x1536":["https:\/\/inzynier.rzeszow.pl\/wp-content\/uploads\/2025\/03\/obraz_2026-02-02_184345372.png",1200,800,false],"2048x2048":["https:\/\/inzynier.rzeszow.pl\/wp-content\/uploads\/2025\/03\/obraz_2026-02-02_184345372.png",1200,800,false]},"rttpg_author":{"display_name":"admin","author_link":"https:\/\/inzynier.rzeszow.pl\/index.php\/author\/kwojcik\/"},"rttpg_comment":0,"rttpg_category":"<a href=\"https:\/\/inzynier.rzeszow.pl\/index.php\/category\/wydarzenia\/\" rel=\"category tag\">Wydarzenia<\/a> <a href=\"https:\/\/inzynier.rzeszow.pl\/index.php\/category\/z-zycia-izby\/\" rel=\"category tag\">Z \u017cycia izby<\/a> <a href=\"https:\/\/inzynier.rzeszow.pl\/index.php\/category\/z-zycia-izby\/z-zycia-izby-rok-2025\/\" rel=\"category tag\">Z \u017cycia Izby Rok 2025<\/a>","rttpg_excerpt":"W dniu 12 marca 2025 r. w Wojew\u00f3dzkim Inspektoracie Nadzoru Budowlanego w Rzeszowie odby\u0142o si\u0119 spotkanie przedstawicieli PDK OIIB oraz [&hellip;]","_links":{"self":[{"href":"https:\/\/inzynier.rzeszow.pl\/index.php\/wp-json\/wp\/v2\/posts\/3545","targetHints":{"allow":["GET"]}}],"collection":[{"href":"https:\/\/inzynier.rzeszow.pl\/index.php\/wp-json\/wp\/v2\/posts"}],"about":[{"href":"https:\/\/inzynier.rzeszow.pl\/index.php\/wp-json\/wp\/v2\/types\/post"}],"author":[{"embeddable":true,"href":"https:\/\/inzynier.rzeszow.pl\/index.php\/wp-json\/wp\/v2\/users\/1"}],"replies":[{"embeddable":true,"href":"https:\/\/inzynier.rzeszow.pl\/index.php\/wp-json\/wp\/v2\/comments?post=3545"}],"version-history":[{"count":4,"href":"https:\/\/inzynier.rzeszow.pl\/index.php\/wp-json\/wp\/v2\/posts\/3545\/revisions"}],"predecessor-version":[{"id":3551,"href":"https:\/\/inzynier.rzeszow.pl\/index.php\/wp-json\/wp\/v2\/posts\/3545\/revisions\/3551"}],"wp:featuredmedia":[{"embeddable":true,"href":"https:\/\/inzynier.rzeszow.pl\/index.php\/wp-json\/wp\/v2\/media\/3547"}],"wp:attachment":[{"href":"https:\/\/inzynier.rzeszow.pl\/index.php\/wp-json\/wp\/v2\/media?parent=3545"}],"wp:term":[{"taxonomy":"category","embeddable":true,"href":"https:\/\/inzynier.rzeszow.pl\/index.php\/wp-json\/wp\/v2\/categories?post=3545"},{"taxonomy":"post_tag","embeddable":true,"href":"https:\/\/inzynier.rzeszow.pl\/index.php\/wp-json\/wp\/v2\/tags?post=3545"}],"curies":[{"name":"wp","href":"https:\/\/api.w.org\/{rel}","templated":true}]}}