{"id":3544,"date":"2025-03-07T10:42:21","date_gmt":"2025-03-07T10:42:21","guid":{"rendered":"https:\/\/migracja.inzynier.rzeszow.pl\/?p=3544"},"modified":"2026-02-13T13:42:29","modified_gmt":"2026-02-13T13:42:29","slug":"spotkanie-integracyjne-powiatu-tarnobrzeskiego-3","status":"publish","type":"post","link":"https:\/\/inzynier.rzeszow.pl\/index.php\/2025\/03\/07\/spotkanie-integracyjne-powiatu-tarnobrzeskiego-3\/","title":{"rendered":"Spotkanie integracyjne powiatu tarnobrzeskiego"},"content":{"rendered":"\t\t<div data-elementor-type=\"wp-post\" data-elementor-id=\"3544\" class=\"elementor elementor-3544\" data-elementor-post-type=\"post\">\n\t\t\t\t<div class=\"elementor-element elementor-element-a86bb8d e-flex e-con-boxed e-con e-parent\" data-id=\"a86bb8d\" data-element_type=\"container\" data-e-type=\"container\">\n\t\t\t\t\t<div class=\"e-con-inner\">\n\t\t<div class=\"elementor-element elementor-element-410f3d0 e-con-full e-flex e-con e-child\" data-id=\"410f3d0\" data-element_type=\"container\" data-e-type=\"container\">\n\t\t<div class=\"elementor-element elementor-element-0161690 e-con-full e-flex e-con e-child\" data-id=\"0161690\" data-element_type=\"container\" data-e-type=\"container\">\n\t\t\t\t<div class=\"elementor-element elementor-element-833a258 elementor-widget elementor-widget-image\" data-id=\"833a258\" data-element_type=\"widget\" data-e-type=\"widget\" data-widget_type=\"image.default\">\n\t\t\t\t\t\t\t\t\t\t\t\t\t\t\t<img fetchpriority=\"high\" decoding=\"async\" width=\"1024\" height=\"768\" src=\"https:\/\/inzynier.rzeszow.pl\/wp-content\/uploads\/2025\/03\/obraz_2026-02-02_184551923-1024x768.png\" class=\"attachment-large size-large wp-image-3553\" alt=\"\" srcset=\"https:\/\/inzynier.rzeszow.pl\/wp-content\/uploads\/2025\/03\/obraz_2026-02-02_184551923-1024x768.png 1024w, https:\/\/inzynier.rzeszow.pl\/wp-content\/uploads\/2025\/03\/obraz_2026-02-02_184551923-300x225.png 300w, https:\/\/inzynier.rzeszow.pl\/wp-content\/uploads\/2025\/03\/obraz_2026-02-02_184551923-768x576.png 768w, https:\/\/inzynier.rzeszow.pl\/wp-content\/uploads\/2025\/03\/obraz_2026-02-02_184551923-1536x1152.png 1536w, https:\/\/inzynier.rzeszow.pl\/wp-content\/uploads\/2025\/03\/obraz_2026-02-02_184551923.png 2000w\" sizes=\"(max-width: 1024px) 100vw, 1024px\" \/>\t\t\t\t\t\t\t\t\t\t\t\t\t\t\t<\/div>\n\t\t\t\t<\/div>\n\t\t<div class=\"elementor-element elementor-element-ba0eba7 e-con-full e-flex e-con e-child\" data-id=\"ba0eba7\" data-element_type=\"container\" data-e-type=\"container\">\n\t\t\t\t<div class=\"elementor-element elementor-element-43c5e2f elementor-widget elementor-widget-text-editor\" data-id=\"43c5e2f\" data-element_type=\"widget\" data-e-type=\"widget\" data-widget_type=\"text-editor.default\">\n\t\t\t\t\t\t\t\t\t<p>nwestowanie w kszta\u0142cenie m\u0142odych pasjonat\u00f3w bran\u017cy technicznej to fundament rozwijaj\u0105cej si\u0119 bran\u017cy. Promuj\u0105c i wspieraj\u0105c edukacj\u0119 oraz rozw\u00f3j przysz\u0142ych in\u017cynier\u00f3w przedstawiciele PDK OIIB skarbnik PDK OIIB Iwona Warzybok oraz zast\u0119pcy przewodnicz\u0105cego OR PDK OIIB Wac\u0142aw Kami\u0144ski i Jaros\u0142aw Suchora uczestniczyli w Zawodach II Etapu Og\u00f3lnopolskich Olimpiad Stowarzyszenia Elektryk\u00f3w Polskich &#8211; EUROELEKTRA, ELEKTROMECHATRON oraz POLTELEINFO.<br \/><br \/><br \/>W dniach 5 i 6 marca b.r. w Politechnice Rzeszowskiej odby\u0142y si\u0119 Zawody Okr\u0119gowe Og\u00f3lnopolskich Olimpiad SEP obejmuj\u0105cych sw\u0105 tematyk\u0105 szeroko rozumian\u0105 elektrotechnik\u0119 i informatyk\u0119 &#8211; ELEKTROMECHATRON oraz POLTELEINFO, kt\u00f3re zorganizowali i koordynowali pracownicy Wydzia\u0142u Elektrotechniki i\u00a0Informatyki &#8211; cz\u0142onkowie Zak\u0142adowego Ko\u0142a Stowarzyszenia Elektryk\u00f3w Polskich przy Politechnice Rzeszowskiej. Olimpiada EUROELEKTRA odby\u0142a si\u0119 w dniu 7 marca br. w Zespole Szk\u00f3\u0142 Energetycznych przy ul W. Pola 1 w Rzeszowie.<\/p>\t\t\t\t\t\t\t\t<\/div>\n\t\t\t\t<\/div>\n\t\t\t\t<\/div>\n\t\t\t\t\t<\/div>\n\t\t\t\t<\/div>\n\t\t<div class=\"elementor-element elementor-element-f6d4612 e-flex e-con-boxed e-con e-parent\" data-id=\"f6d4612\" data-element_type=\"container\" data-e-type=\"container\">\n\t\t\t\t\t<div class=\"e-con-inner\">\n\t\t\t\t<div class=\"elementor-element elementor-element-d4164e5 elementor-widget elementor-widget-text-editor\" data-id=\"d4164e5\" data-element_type=\"widget\" data-e-type=\"widget\" data-widget_type=\"text-editor.default\">\n\t\t\t\t\t\t\t\t\t<p>Og\u00f3lnopolska Olimpiada Wiedzy Elektrycznej i Elektronicznej EUROELEKTRA organizowana jest od 27 lat z inicjatywy Zespo\u0142u Szk\u00f3\u0142 Elektrycznych w Bydgoszczy. Od pocz\u0105tku w realizacj\u0119 tego projektu czynnie w\u0142\u0105cza si\u0119 Stowarzyszenie Elektryk\u00f3w Polskich, kt\u00f3re obecnie jest g\u0142\u00f3wnym organizatorem Olimpiady a w naszym regionie zawody organizowane s\u0105 w \u015bcis\u0142ej wsp\u00f3\u0142pracy z Wydzia\u0142em Elektrotechniki i Informatyki Politechniki Rzeszowskiej. Olimpiada przeznaczona jest dla uczni\u00f3w szk\u00f3\u0142 \u015brednich, ze szczeg\u00f3lnym uwzgl\u0119dnieniem szk\u00f3\u0142 profilu kszta\u0142cenia obejmuj\u0105cym tematyk\u0119 Olimpiady. Ze wzgl\u0119du na wzrastaj\u0105ce zainteresowanie udzia\u0142em w tych zawodach oraz rosn\u0105c\u0105 z roku na rok liczb\u0119 uczestnik\u00f3w dotychczasowa formu\u0142a Olimpiady zosta\u0142a zmodyfikowana. Od roku dw\u00f3ch lat zawody poszczeg\u00f3lnych stopni odbywaj\u0105 si\u0119 w wydzielonych grupach tematycznych i przeprowadzane b\u0119d\u0105 w trzech niezale\u017cnych terminach. Uczniowie o zainteresowaniach z zakresu elektrotechniki i energetyki uczestnicz\u0105 w Olimpiadzie EUROELEKTRA, uczniowie ze szk\u00f3\u0142 o profilu elektronicznym i mechatronicznym startuj\u0105 w Olimpiadzie ELEKTROMECHTRON, natomiast przyszli fachowcy z zakresu telekomunikacji, teleinformatyki\u00a0i\u00a0informatyki zmagaj\u0105 si\u0119 w Olimpiadzie POLTELEINFO.<\/p>\t\t\t\t\t\t\t\t<\/div>\n\t\t\t\t\t<\/div>\n\t\t\t\t<\/div>\n\t\t<div class=\"elementor-element elementor-element-2b2d875 e-con-full e-flex e-con e-parent\" data-id=\"2b2d875\" data-element_type=\"container\" data-e-type=\"container\">\n\t\t\t\t<div class=\"elementor-element elementor-element-27513f9 elementor-widget__width-initial elementor-widget elementor-widget-text-editor\" data-id=\"27513f9\" data-element_type=\"widget\" data-e-type=\"widget\" data-widget_type=\"text-editor.default\">\n\t\t\t\t\t\t\t\t\t<p>Zawody zorganizowa\u0142a i\u00a0przeprowadzi\u0142a Komisja Okr\u0119gowa Olimpiady, pod przewodnictwem dra in\u017c. Kazimierza Kamudy, pe\u0142nomocnika Prezesa O\/Rzeszowskiego SEP do spraw przeprowadzenia Zawod\u00f3w II Etapu Olimpiad EUROELEKTRA, ELEKTROMECHATRON i POLTELEINFO. W jej pracach brali udzia\u0142 pracownicy WEiI: dr in\u017c. Anna SZLACHTA, prof. PRz, dr in\u017c. Robert ZIEMBA, dr in\u017c. Dariusz KLEPCKI, dr in\u017c. Mariusz SKOCZYLAS.<\/p><p>Poza pracownikami WEiI w sk\u0142adzie komisji byli przedstawiciele Stowarzyszenia Elektryk\u00f3w Polskich, Oddzia\u0142 Rzeszowski: mgr in\u017c. Zbigniew Stycze\u0144 &#8211; Prezes O\/Rzeszowskiego SEP, mgr in\u017c. Urszula Turek, a tak\u017ce przedstawiciele Podkarpackiej Izby In\u017cynier\u00f3w Budownictwa: skarbnik PDK OIIB Iwona Warzybok, zast\u0119pcy przewodnicz\u0105cego OR PDK OIIB: Wac\u0142aw Kami\u0144ski i Jaros\u0142aw Suchora oraz pracownik\u00f3w ZSE: mgr in\u017c. Mariusz Pilecki, mgr in\u017c. Zbigniewa Zagrodnika &#8211; Dyrektor ZSE.<\/p><p>Wsp\u00f3\u0142organizatorem wydarzenia by\u0142 Wydzia\u0142 Elektrotechniki i Informatyki Politechniki Rzeszowskiej, kt\u00f3ry podczas wydarzenia reprezentowali:\u00a0 dr in\u017c. Miros\u0142aw Mazurek, dr in\u017c. Mariusz Trojnar &#8211; Prodziekani ds. Kszta\u0142cenia oraz dr hab. in\u017c Roman Zajdel. prof. PRz, &#8211; Dziekan WEiI.<\/p>\t\t\t\t\t\t\t\t<\/div>\n\t\t\t\t<div class=\"elementor-element elementor-element-88b7f7b elementor-widget__width-initial elementor-widget elementor-widget-image\" data-id=\"88b7f7b\" data-element_type=\"widget\" data-e-type=\"widget\" data-widget_type=\"image.default\">\n\t\t\t\t\t\t\t\t\t\t\t\t\t\t\t<img decoding=\"async\" width=\"1024\" height=\"768\" src=\"https:\/\/inzynier.rzeszow.pl\/wp-content\/uploads\/2025\/03\/obraz_2026-02-02_184710230-1024x768.png\" class=\"attachment-large size-large wp-image-3554\" alt=\"\" srcset=\"https:\/\/inzynier.rzeszow.pl\/wp-content\/uploads\/2025\/03\/obraz_2026-02-02_184710230-1024x768.png 1024w, https:\/\/inzynier.rzeszow.pl\/wp-content\/uploads\/2025\/03\/obraz_2026-02-02_184710230-300x225.png 300w, https:\/\/inzynier.rzeszow.pl\/wp-content\/uploads\/2025\/03\/obraz_2026-02-02_184710230-768x576.png 768w, https:\/\/inzynier.rzeszow.pl\/wp-content\/uploads\/2025\/03\/obraz_2026-02-02_184710230-1536x1152.png 1536w, https:\/\/inzynier.rzeszow.pl\/wp-content\/uploads\/2025\/03\/obraz_2026-02-02_184710230.png 2000w\" sizes=\"(max-width: 1024px) 100vw, 1024px\" \/>\t\t\t\t\t\t\t\t\t\t\t\t\t\t\t<\/div>\n\t\t\t\t<\/div>\n\t\t<div class=\"elementor-element elementor-element-4e52d8e e-flex e-con-boxed e-con e-parent\" data-id=\"4e52d8e\" data-element_type=\"container\" data-e-type=\"container\">\n\t\t\t\t\t<div class=\"e-con-inner\">\n\t\t<div class=\"elementor-element elementor-element-ad17cbb e-con-full e-flex e-con e-child\" data-id=\"ad17cbb\" data-element_type=\"container\" data-e-type=\"container\">\n\t\t<div class=\"elementor-element elementor-element-d6e1aa6 e-con-full e-flex e-con e-child\" data-id=\"d6e1aa6\" data-element_type=\"container\" data-e-type=\"container\">\n\t\t\t\t<div class=\"elementor-element elementor-element-316b969 elementor-widget elementor-widget-image\" data-id=\"316b969\" data-element_type=\"widget\" data-e-type=\"widget\" data-widget_type=\"image.default\">\n\t\t\t\t\t\t\t\t\t\t\t\t\t\t\t<img decoding=\"async\" width=\"1024\" height=\"771\" src=\"https:\/\/inzynier.rzeszow.pl\/wp-content\/uploads\/2025\/03\/obraz_2026-02-02_184733576-1024x771.png\" class=\"attachment-large size-large wp-image-3555\" alt=\"\" srcset=\"https:\/\/inzynier.rzeszow.pl\/wp-content\/uploads\/2025\/03\/obraz_2026-02-02_184733576-1024x771.png 1024w, https:\/\/inzynier.rzeszow.pl\/wp-content\/uploads\/2025\/03\/obraz_2026-02-02_184733576-300x226.png 300w, https:\/\/inzynier.rzeszow.pl\/wp-content\/uploads\/2025\/03\/obraz_2026-02-02_184733576-768x578.png 768w, https:\/\/inzynier.rzeszow.pl\/wp-content\/uploads\/2025\/03\/obraz_2026-02-02_184733576-1536x1157.png 1536w, https:\/\/inzynier.rzeszow.pl\/wp-content\/uploads\/2025\/03\/obraz_2026-02-02_184733576.png 2000w\" sizes=\"(max-width: 1024px) 100vw, 1024px\" \/>\t\t\t\t\t\t\t\t\t\t\t\t\t\t\t<\/div>\n\t\t\t\t<\/div>\n\t\t<div class=\"elementor-element elementor-element-efeb321 e-con-full e-flex e-con e-child\" data-id=\"efeb321\" data-element_type=\"container\" data-e-type=\"container\">\n\t\t\t\t<div class=\"elementor-element elementor-element-1a4ba58 elementor-widget elementor-widget-text-editor\" data-id=\"1a4ba58\" data-element_type=\"widget\" data-e-type=\"widget\" data-widget_type=\"text-editor.default\">\n\t\t\t\t\t\t\t\t\t<p>Wi\u0119cej informacji o tegorocznej edycji Olimpiad EUROELEKTRA, ELEKTROMECHATRON oraz POLTELEINFO mo\u017cna znale\u017a\u0107 na stronach internetowych tych olimpiad pod adresami\u00a0<a href=\"http:\/\/www.euroelektra.edu.pl\/\" target=\"_blank\" rel=\"noopener\">www.euroelektra.edu.pl<\/a>,\u00a0<a href=\"http:\/\/www.elektromechatron.edu.pl\/\" target=\"_blank\" rel=\"noopener\">www.elektromechatron.edu.pl<\/a>\u00a0oraz\u00a0<a href=\"http:\/\/www.polteleinfo.edu.pl\/\" target=\"_blank\" rel=\"noopener\">www.polteleinfo.edu.pl<\/a>.<\/p><p>W bie\u017c\u0105cym roku w drugim etapie olimpiad bra\u0142o udzia\u0142 prawie 150 uczni\u00f3w ze szk\u00f3l ponadpodstawowych z Podkarpacia: II Liceum Og\u00f3lnokszta\u0142c\u0105ce im. M. Kopernika w Mielcu Zesp\u00f3\u0142 Szk\u00f3\u0142 Mechanicznych im. gen. W\u0142adys\u0142awa Andersa w Rzeszowie Zesp\u00f3\u0142 Szk\u00f3\u0142 Technicznych w Le\u017cajsku Zesp\u00f3\u0142 Szk\u00f3\u0142 Technicznych w Rzeszowie Powiatowe Centrum Edukacji i Kompetencji Zawodowych w Szczucinie Zesp\u00f3\u0142 Szk\u00f3\u0142 Zawodowych im. Kr\u00f3la Jana III Sobieskiego w Przeworsku Zesp\u00f3\u0142 Szk\u00f3\u0142 Elektronicznych i Og\u00f3lnokszta\u0142c\u0105cych im. prof. Janusza Groszkowskiego w Przemy\u015blu Zesp\u00f3\u0142 Szk\u00f3\u0142 Zawodowych Nr 1 im. Jana Paw\u0142a II w D\u0119bicy Zesp\u00f3\u0142 Szk\u00f3\u0142 nr 4 im. Miko\u0142aja Kopernika w D\u0119bicy Zesp\u00f3\u0142 Szk\u00f3\u0142 Technicznych i Og\u00f3lnokszta\u0142c\u0105cych w Jaros\u0142awiu Zesp\u00f3\u0142 Szk\u00f3\u0142 im. ks. St. Staszica w Tarnobrzegu Zesp\u00f3\u0142 Szk\u00f3\u0142 Elektronicznych w Rzeszowie Zesp\u00f3\u0142 Szk\u00f3\u0142 Elektrycznych i Og\u00f3lnokszta\u0142c\u0105cych w Kro\u015bnie Zesp\u00f3\u0142 Szk\u00f3\u0142 nr 2 im. Eugeniusza Kwiatkowskiego w D\u0119bicy.<\/p><p>Wszystkim uczestnikom \u017cyczymy przej\u015bcia, zakwalifikowania si\u0119 do kolejnego etapu naszych Zawod\u00f3w.<\/p><p style=\"text-align: right;\">Opracowanie:<br \/>dr in\u017c. Anna Szlachta<br \/>fot.: K. Kamuda, M. Pileck<\/p>\t\t\t\t\t\t\t\t<\/div>\n\t\t\t\t<\/div>\n\t\t\t\t<\/div>\n\t\t\t\t\t<\/div>\n\t\t\t\t<\/div>\n\t\t<div class=\"elementor-element elementor-element-9812b30 e-flex e-con-boxed e-con e-parent\" data-id=\"9812b30\" data-element_type=\"container\" data-e-type=\"container\">\n\t\t\t\t\t<div class=\"e-con-inner\">\n\t\t\t\t<div class=\"elementor-element elementor-element-6d111e0 elementor-widget__width-inherit elementor-icon-list--layout-traditional elementor-list-item-link-full_width elementor-widget elementor-widget-icon-list\" data-id=\"6d111e0\" data-element_type=\"widget\" data-e-type=\"widget\" data-widget_type=\"icon-list.default\">\n\t\t\t\t\t\t\t<ul class=\"elementor-icon-list-items\">\n\t\t\t\t\t\t\t<li class=\"elementor-icon-list-item\">\n\t\t\t\t\t\t\t\t\t\t\t<a href=\"https:\/\/www.facebook.com\/PodkarpackaOIIB\/posts\/pfbid02WrWMtz5ouckY1HhH9V8aTN6dgDM2LJhJzg7nwjG36iEmRujbnhkNSQpk3YfGydprl\" target=\"_blank\">\n\n\t\t\t\t\t\t\t\t\t\t\t\t<span class=\"elementor-icon-list-icon\">\n\t\t\t\t\t\t\t<svg aria-hidden=\"true\" class=\"e-font-icon-svg e-fas-arrow-circle-right\" viewBox=\"0 0 512 512\" xmlns=\"http:\/\/www.w3.org\/2000\/svg\"><path d=\"M256 8c137 0 248 111 248 248S393 504 256 504 8 393 8 256 119 8 256 8zm-28.9 143.6l75.5 72.4H120c-13.3 0-24 10.7-24 24v16c0 13.3 10.7 24 24 24h182.6l-75.5 72.4c-9.7 9.3-9.9 24.8-.4 34.3l11 10.9c9.4 9.4 24.6 9.4 33.9 0L404.3 273c9.4-9.4 9.4-24.6 0-33.9L271.6 106.3c-9.4-9.4-24.6-9.4-33.9 0l-11 10.9c-9.5 9.6-9.3 25.1.4 34.4z\"><\/path><\/svg>\t\t\t\t\t\t<\/span>\n\t\t\t\t\t\t\t\t\t\t<span class=\"elementor-icon-list-text\">Galeria fotograficzna z Zawod\u00f3w II Etapu Olimpiad STOWARZYSZENIA ELEKRYK\u00d3W POLSKICH w edycji 2025 w Rzeszowie<\/span>\n\t\t\t\t\t\t\t\t\t\t\t<\/a>\n\t\t\t\t\t\t\t\t\t<\/li>\n\t\t\t\t\t\t<\/ul>\n\t\t\t\t\t\t<\/div>\n\t\t\t\t\t<\/div>\n\t\t\t\t<\/div>\n\t\t<div class=\"elementor-element elementor-element-79dfc59 e-flex e-con-boxed e-con e-parent\" data-id=\"79dfc59\" data-element_type=\"container\" data-e-type=\"container\">\n\t\t\t\t\t<div class=\"e-con-inner\">\n\t\t\t\t<div class=\"elementor-element elementor-element-201bb92 elementor-widget__width-inherit elementor-widget elementor-widget-image\" data-id=\"201bb92\" data-element_type=\"widget\" data-e-type=\"widget\" data-widget_type=\"image.default\">\n\t\t\t\t\t\t\t\t\t\t\t\t\t\t\t<img loading=\"lazy\" decoding=\"async\" width=\"1024\" height=\"257\" src=\"https:\/\/inzynier.rzeszow.pl\/wp-content\/uploads\/2025\/03\/LOGA_OLIMPIAD-1024x257.png\" class=\"attachment-large size-large wp-image-3559\" alt=\"\" srcset=\"https:\/\/inzynier.rzeszow.pl\/wp-content\/uploads\/2025\/03\/LOGA_OLIMPIAD-1024x257.png 1024w, https:\/\/inzynier.rzeszow.pl\/wp-content\/uploads\/2025\/03\/LOGA_OLIMPIAD-300x75.png 300w, https:\/\/inzynier.rzeszow.pl\/wp-content\/uploads\/2025\/03\/LOGA_OLIMPIAD-768x193.png 768w, https:\/\/inzynier.rzeszow.pl\/wp-content\/uploads\/2025\/03\/LOGA_OLIMPIAD-1536x385.png 1536w, https:\/\/inzynier.rzeszow.pl\/wp-content\/uploads\/2025\/03\/LOGA_OLIMPIAD-2048x514.png 2048w\" sizes=\"(max-width: 1024px) 100vw, 1024px\" \/>\t\t\t\t\t\t\t\t\t\t\t\t\t\t\t<\/div>\n\t\t\t\t\t<\/div>\n\t\t\t\t<\/div>\n\t\t\t\t<\/div>\n\t\t","protected":false},"excerpt":{"rendered":"<p>nwestowanie w kszta\u0142cenie m\u0142odych pasjonat\u00f3w bran\u017cy technicznej to fundament rozwijaj\u0105cej si\u0119 bran\u017cy. Promuj\u0105c i wspieraj\u0105c edukacj\u0119 oraz rozw\u00f3j przysz\u0142ych in\u017cynier\u00f3w [&hellip;]<\/p>\n","protected":false},"author":1,"featured_media":3553,"comment_status":"closed","ping_status":"closed","sticky":false,"template":"","format":"standard","meta":{"site-sidebar-layout":"default","site-content-layout":"","ast-site-content-layout":"default","site-content-style":"default","site-sidebar-style":"default","ast-global-header-display":"","ast-banner-title-visibility":"","ast-main-header-display":"","ast-hfb-above-header-display":"","ast-hfb-below-header-display":"","ast-hfb-mobile-header-display":"","site-post-title":"","ast-breadcrumbs-content":"","ast-featured-img":"","footer-sml-layout":"","ast-disable-related-posts":"","theme-transparent-header-meta":"","adv-header-id-meta":"","stick-header-meta":"","header-above-stick-meta":"","header-main-stick-meta":"","header-below-stick-meta":"","astra-migrate-meta-layouts":"default","ast-page-background-enabled":"default","ast-page-background-meta":{"desktop":{"background-color":"var(--ast-global-color-5)","background-image":"","background-repeat":"repeat","background-position":"center center","background-size":"auto","background-attachment":"scroll","background-type":"","background-media":"","overlay-type":"","overlay-color":"","overlay-opacity":"","overlay-gradient":""},"tablet":{"background-color":"","background-image":"","background-repeat":"repeat","background-position":"center center","background-size":"auto","background-attachment":"scroll","background-type":"","background-media":"","overlay-type":"","overlay-color":"","overlay-opacity":"","overlay-gradient":""},"mobile":{"background-color":"","background-image":"","background-repeat":"repeat","background-position":"center center","background-size":"auto","background-attachment":"scroll","background-type":"","background-media":"","overlay-type":"","overlay-color":"","overlay-opacity":"","overlay-gradient":""}},"ast-content-background-meta":{"desktop":{"background-color":"var(--ast-global-color-4)","background-image":"","background-repeat":"repeat","background-position":"center center","background-size":"auto","background-attachment":"scroll","background-type":"","background-media":"","overlay-type":"","overlay-color":"","overlay-opacity":"","overlay-gradient":""},"tablet":{"background-color":"var(--ast-global-color-4)","background-image":"","background-repeat":"repeat","background-position":"center center","background-size":"auto","background-attachment":"scroll","background-type":"","background-media":"","overlay-type":"","overlay-color":"","overlay-opacity":"","overlay-gradient":""},"mobile":{"background-color":"var(--ast-global-color-4)","background-image":"","background-repeat":"repeat","background-position":"center center","background-size":"auto","background-attachment":"scroll","background-type":"","background-media":"","overlay-type":"","overlay-color":"","overlay-opacity":"","overlay-gradient":""}},"footnotes":""},"categories":[7,16,55],"tags":[],"class_list":["post-3544","post","type-post","status-publish","format-standard","has-post-thumbnail","hentry","category-wydarzenia","category-z-zycia-izby","category-z-zycia-izby-rok-2025"],"yoast_head":"<!-- This site is optimized with the Yoast SEO plugin v27.5 - https:\/\/yoast.com\/product\/yoast-seo-wordpress\/ -->\n<title>Spotkanie integracyjne powiatu tarnobrzeskiego - Podkarpacka Okregowa Izba Inzynierow Budownictwa<\/title>\n<meta name=\"robots\" content=\"index, follow, max-snippet:-1, max-image-preview:large, max-video-preview:-1\" \/>\n<link rel=\"canonical\" href=\"https:\/\/inzynier.rzeszow.pl\/index.php\/2025\/03\/07\/spotkanie-integracyjne-powiatu-tarnobrzeskiego-3\/\" \/>\n<meta property=\"og:locale\" content=\"pl_PL\" \/>\n<meta property=\"og:type\" content=\"article\" \/>\n<meta property=\"og:title\" content=\"Spotkanie integracyjne powiatu tarnobrzeskiego - Podkarpacka Okregowa Izba Inzynierow Budownictwa\" \/>\n<meta property=\"og:description\" content=\"nwestowanie w kszta\u0142cenie m\u0142odych pasjonat\u00f3w bran\u017cy technicznej to fundament rozwijaj\u0105cej si\u0119 bran\u017cy. Promuj\u0105c i wspieraj\u0105c edukacj\u0119 oraz rozw\u00f3j przysz\u0142ych in\u017cynier\u00f3w [&hellip;]\" \/>\n<meta property=\"og:url\" content=\"https:\/\/inzynier.rzeszow.pl\/index.php\/2025\/03\/07\/spotkanie-integracyjne-powiatu-tarnobrzeskiego-3\/\" \/>\n<meta property=\"og:site_name\" content=\"Podkarpacka Okregowa Izba Inzynierow Budownictwa\" \/>\n<meta property=\"article:published_time\" content=\"2025-03-07T10:42:21+00:00\" \/>\n<meta property=\"article:modified_time\" content=\"2026-02-13T13:42:29+00:00\" \/>\n<meta property=\"og:image\" content=\"https:\/\/inzynier.rzeszow.pl\/wp-content\/uploads\/2025\/03\/obraz_2026-02-02_184551923-1024x768.png\" \/>\n\t<meta property=\"og:image:width\" content=\"1024\" \/>\n\t<meta property=\"og:image:height\" content=\"768\" \/>\n\t<meta property=\"og:image:type\" content=\"image\/png\" \/>\n<meta name=\"author\" content=\"admin\" \/>\n<meta name=\"twitter:card\" content=\"summary_large_image\" \/>\n<meta name=\"twitter:label1\" content=\"Napisane przez\" \/>\n\t<meta name=\"twitter:data1\" content=\"admin\" \/>\n\t<meta name=\"twitter:label2\" content=\"Szacowany czas czytania\" \/>\n\t<meta name=\"twitter:data2\" content=\"4 minuty\" \/>\n<script type=\"application\/ld+json\" class=\"yoast-schema-graph\">{\"@context\":\"https:\\\/\\\/schema.org\",\"@graph\":[{\"@type\":\"Article\",\"@id\":\"https:\\\/\\\/inzynier.rzeszow.pl\\\/index.php\\\/2025\\\/03\\\/07\\\/spotkanie-integracyjne-powiatu-tarnobrzeskiego-3\\\/#article\",\"isPartOf\":{\"@id\":\"https:\\\/\\\/inzynier.rzeszow.pl\\\/index.php\\\/2025\\\/03\\\/07\\\/spotkanie-integracyjne-powiatu-tarnobrzeskiego-3\\\/\"},\"author\":{\"name\":\"admin\",\"@id\":\"https:\\\/\\\/inzynier.rzeszow.pl\\\/#\\\/schema\\\/person\\\/21ca162d893bdc5760a95d704e9b1e39\"},\"headline\":\"Spotkanie integracyjne powiatu tarnobrzeskiego\",\"datePublished\":\"2025-03-07T10:42:21+00:00\",\"dateModified\":\"2026-02-13T13:42:29+00:00\",\"mainEntityOfPage\":{\"@id\":\"https:\\\/\\\/inzynier.rzeszow.pl\\\/index.php\\\/2025\\\/03\\\/07\\\/spotkanie-integracyjne-powiatu-tarnobrzeskiego-3\\\/\"},\"wordCount\":725,\"image\":{\"@id\":\"https:\\\/\\\/inzynier.rzeszow.pl\\\/index.php\\\/2025\\\/03\\\/07\\\/spotkanie-integracyjne-powiatu-tarnobrzeskiego-3\\\/#primaryimage\"},\"thumbnailUrl\":\"https:\\\/\\\/inzynier.rzeszow.pl\\\/wp-content\\\/uploads\\\/2025\\\/03\\\/obraz_2026-02-02_184551923.png\",\"articleSection\":[\"Wydarzenia\",\"Z \u017cycia izby\",\"Z \u017cycia Izby Rok 2025\"],\"inLanguage\":\"pl-PL\"},{\"@type\":\"WebPage\",\"@id\":\"https:\\\/\\\/inzynier.rzeszow.pl\\\/index.php\\\/2025\\\/03\\\/07\\\/spotkanie-integracyjne-powiatu-tarnobrzeskiego-3\\\/\",\"url\":\"https:\\\/\\\/inzynier.rzeszow.pl\\\/index.php\\\/2025\\\/03\\\/07\\\/spotkanie-integracyjne-powiatu-tarnobrzeskiego-3\\\/\",\"name\":\"Spotkanie integracyjne powiatu tarnobrzeskiego - Podkarpacka Okregowa Izba Inzynierow Budownictwa\",\"isPartOf\":{\"@id\":\"https:\\\/\\\/inzynier.rzeszow.pl\\\/#website\"},\"primaryImageOfPage\":{\"@id\":\"https:\\\/\\\/inzynier.rzeszow.pl\\\/index.php\\\/2025\\\/03\\\/07\\\/spotkanie-integracyjne-powiatu-tarnobrzeskiego-3\\\/#primaryimage\"},\"image\":{\"@id\":\"https:\\\/\\\/inzynier.rzeszow.pl\\\/index.php\\\/2025\\\/03\\\/07\\\/spotkanie-integracyjne-powiatu-tarnobrzeskiego-3\\\/#primaryimage\"},\"thumbnailUrl\":\"https:\\\/\\\/inzynier.rzeszow.pl\\\/wp-content\\\/uploads\\\/2025\\\/03\\\/obraz_2026-02-02_184551923.png\",\"datePublished\":\"2025-03-07T10:42:21+00:00\",\"dateModified\":\"2026-02-13T13:42:29+00:00\",\"author\":{\"@id\":\"https:\\\/\\\/inzynier.rzeszow.pl\\\/#\\\/schema\\\/person\\\/21ca162d893bdc5760a95d704e9b1e39\"},\"breadcrumb\":{\"@id\":\"https:\\\/\\\/inzynier.rzeszow.pl\\\/index.php\\\/2025\\\/03\\\/07\\\/spotkanie-integracyjne-powiatu-tarnobrzeskiego-3\\\/#breadcrumb\"},\"inLanguage\":\"pl-PL\",\"potentialAction\":[{\"@type\":\"ReadAction\",\"target\":[\"https:\\\/\\\/inzynier.rzeszow.pl\\\/index.php\\\/2025\\\/03\\\/07\\\/spotkanie-integracyjne-powiatu-tarnobrzeskiego-3\\\/\"]}]},{\"@type\":\"ImageObject\",\"inLanguage\":\"pl-PL\",\"@id\":\"https:\\\/\\\/inzynier.rzeszow.pl\\\/index.php\\\/2025\\\/03\\\/07\\\/spotkanie-integracyjne-powiatu-tarnobrzeskiego-3\\\/#primaryimage\",\"url\":\"https:\\\/\\\/inzynier.rzeszow.pl\\\/wp-content\\\/uploads\\\/2025\\\/03\\\/obraz_2026-02-02_184551923.png\",\"contentUrl\":\"https:\\\/\\\/inzynier.rzeszow.pl\\\/wp-content\\\/uploads\\\/2025\\\/03\\\/obraz_2026-02-02_184551923.png\",\"width\":2000,\"height\":1500},{\"@type\":\"BreadcrumbList\",\"@id\":\"https:\\\/\\\/inzynier.rzeszow.pl\\\/index.php\\\/2025\\\/03\\\/07\\\/spotkanie-integracyjne-powiatu-tarnobrzeskiego-3\\\/#breadcrumb\",\"itemListElement\":[{\"@type\":\"ListItem\",\"position\":1,\"name\":\"Strona g\u0142\u00f3wna\",\"item\":\"https:\\\/\\\/inzynier.rzeszow.pl\\\/\"},{\"@type\":\"ListItem\",\"position\":2,\"name\":\"Spotkanie integracyjne powiatu tarnobrzeskiego\"}]},{\"@type\":\"WebSite\",\"@id\":\"https:\\\/\\\/inzynier.rzeszow.pl\\\/#website\",\"url\":\"https:\\\/\\\/inzynier.rzeszow.pl\\\/\",\"name\":\"Podkarpacka Okregowa Izba Inzynierow Budownictwa\",\"description\":\"\",\"potentialAction\":[{\"@type\":\"SearchAction\",\"target\":{\"@type\":\"EntryPoint\",\"urlTemplate\":\"https:\\\/\\\/inzynier.rzeszow.pl\\\/?s={search_term_string}\"},\"query-input\":{\"@type\":\"PropertyValueSpecification\",\"valueRequired\":true,\"valueName\":\"search_term_string\"}}],\"inLanguage\":\"pl-PL\"},{\"@type\":\"Person\",\"@id\":\"https:\\\/\\\/inzynier.rzeszow.pl\\\/#\\\/schema\\\/person\\\/21ca162d893bdc5760a95d704e9b1e39\",\"name\":\"admin\",\"image\":{\"@type\":\"ImageObject\",\"inLanguage\":\"pl-PL\",\"@id\":\"https:\\\/\\\/secure.gravatar.com\\\/avatar\\\/d5d1959f10b94c8abcf928274f8bb5b8c7370b0dfadb0590911bacad18965f21?s=96&d=mm&r=g\",\"url\":\"https:\\\/\\\/secure.gravatar.com\\\/avatar\\\/d5d1959f10b94c8abcf928274f8bb5b8c7370b0dfadb0590911bacad18965f21?s=96&d=mm&r=g\",\"contentUrl\":\"https:\\\/\\\/secure.gravatar.com\\\/avatar\\\/d5d1959f10b94c8abcf928274f8bb5b8c7370b0dfadb0590911bacad18965f21?s=96&d=mm&r=g\",\"caption\":\"admin\"},\"sameAs\":[\"https:\\\/\\\/migracja.inzynier.rzeszow.pl\"],\"url\":\"https:\\\/\\\/inzynier.rzeszow.pl\\\/index.php\\\/author\\\/kwojcik\\\/\"}]}<\/script>\n<!-- \/ Yoast SEO plugin. -->","yoast_head_json":{"title":"Spotkanie integracyjne powiatu tarnobrzeskiego - Podkarpacka Okregowa Izba Inzynierow Budownictwa","robots":{"index":"index","follow":"follow","max-snippet":"max-snippet:-1","max-image-preview":"max-image-preview:large","max-video-preview":"max-video-preview:-1"},"canonical":"https:\/\/inzynier.rzeszow.pl\/index.php\/2025\/03\/07\/spotkanie-integracyjne-powiatu-tarnobrzeskiego-3\/","og_locale":"pl_PL","og_type":"article","og_title":"Spotkanie integracyjne powiatu tarnobrzeskiego - Podkarpacka Okregowa Izba Inzynierow Budownictwa","og_description":"nwestowanie w kszta\u0142cenie m\u0142odych pasjonat\u00f3w bran\u017cy technicznej to fundament rozwijaj\u0105cej si\u0119 bran\u017cy. Promuj\u0105c i wspieraj\u0105c edukacj\u0119 oraz rozw\u00f3j przysz\u0142ych in\u017cynier\u00f3w [&hellip;]","og_url":"https:\/\/inzynier.rzeszow.pl\/index.php\/2025\/03\/07\/spotkanie-integracyjne-powiatu-tarnobrzeskiego-3\/","og_site_name":"Podkarpacka Okregowa Izba Inzynierow Budownictwa","article_published_time":"2025-03-07T10:42:21+00:00","article_modified_time":"2026-02-13T13:42:29+00:00","og_image":[{"width":1024,"height":768,"url":"https:\/\/inzynier.rzeszow.pl\/wp-content\/uploads\/2025\/03\/obraz_2026-02-02_184551923-1024x768.png","type":"image\/png"}],"author":"admin","twitter_card":"summary_large_image","twitter_misc":{"Napisane przez":"admin","Szacowany czas czytania":"4 minuty"},"schema":{"@context":"https:\/\/schema.org","@graph":[{"@type":"Article","@id":"https:\/\/inzynier.rzeszow.pl\/index.php\/2025\/03\/07\/spotkanie-integracyjne-powiatu-tarnobrzeskiego-3\/#article","isPartOf":{"@id":"https:\/\/inzynier.rzeszow.pl\/index.php\/2025\/03\/07\/spotkanie-integracyjne-powiatu-tarnobrzeskiego-3\/"},"author":{"name":"admin","@id":"https:\/\/inzynier.rzeszow.pl\/#\/schema\/person\/21ca162d893bdc5760a95d704e9b1e39"},"headline":"Spotkanie integracyjne powiatu tarnobrzeskiego","datePublished":"2025-03-07T10:42:21+00:00","dateModified":"2026-02-13T13:42:29+00:00","mainEntityOfPage":{"@id":"https:\/\/inzynier.rzeszow.pl\/index.php\/2025\/03\/07\/spotkanie-integracyjne-powiatu-tarnobrzeskiego-3\/"},"wordCount":725,"image":{"@id":"https:\/\/inzynier.rzeszow.pl\/index.php\/2025\/03\/07\/spotkanie-integracyjne-powiatu-tarnobrzeskiego-3\/#primaryimage"},"thumbnailUrl":"https:\/\/inzynier.rzeszow.pl\/wp-content\/uploads\/2025\/03\/obraz_2026-02-02_184551923.png","articleSection":["Wydarzenia","Z \u017cycia izby","Z \u017cycia Izby Rok 2025"],"inLanguage":"pl-PL"},{"@type":"WebPage","@id":"https:\/\/inzynier.rzeszow.pl\/index.php\/2025\/03\/07\/spotkanie-integracyjne-powiatu-tarnobrzeskiego-3\/","url":"https:\/\/inzynier.rzeszow.pl\/index.php\/2025\/03\/07\/spotkanie-integracyjne-powiatu-tarnobrzeskiego-3\/","name":"Spotkanie integracyjne powiatu tarnobrzeskiego - Podkarpacka Okregowa Izba Inzynierow Budownictwa","isPartOf":{"@id":"https:\/\/inzynier.rzeszow.pl\/#website"},"primaryImageOfPage":{"@id":"https:\/\/inzynier.rzeszow.pl\/index.php\/2025\/03\/07\/spotkanie-integracyjne-powiatu-tarnobrzeskiego-3\/#primaryimage"},"image":{"@id":"https:\/\/inzynier.rzeszow.pl\/index.php\/2025\/03\/07\/spotkanie-integracyjne-powiatu-tarnobrzeskiego-3\/#primaryimage"},"thumbnailUrl":"https:\/\/inzynier.rzeszow.pl\/wp-content\/uploads\/2025\/03\/obraz_2026-02-02_184551923.png","datePublished":"2025-03-07T10:42:21+00:00","dateModified":"2026-02-13T13:42:29+00:00","author":{"@id":"https:\/\/inzynier.rzeszow.pl\/#\/schema\/person\/21ca162d893bdc5760a95d704e9b1e39"},"breadcrumb":{"@id":"https:\/\/inzynier.rzeszow.pl\/index.php\/2025\/03\/07\/spotkanie-integracyjne-powiatu-tarnobrzeskiego-3\/#breadcrumb"},"inLanguage":"pl-PL","potentialAction":[{"@type":"ReadAction","target":["https:\/\/inzynier.rzeszow.pl\/index.php\/2025\/03\/07\/spotkanie-integracyjne-powiatu-tarnobrzeskiego-3\/"]}]},{"@type":"ImageObject","inLanguage":"pl-PL","@id":"https:\/\/inzynier.rzeszow.pl\/index.php\/2025\/03\/07\/spotkanie-integracyjne-powiatu-tarnobrzeskiego-3\/#primaryimage","url":"https:\/\/inzynier.rzeszow.pl\/wp-content\/uploads\/2025\/03\/obraz_2026-02-02_184551923.png","contentUrl":"https:\/\/inzynier.rzeszow.pl\/wp-content\/uploads\/2025\/03\/obraz_2026-02-02_184551923.png","width":2000,"height":1500},{"@type":"BreadcrumbList","@id":"https:\/\/inzynier.rzeszow.pl\/index.php\/2025\/03\/07\/spotkanie-integracyjne-powiatu-tarnobrzeskiego-3\/#breadcrumb","itemListElement":[{"@type":"ListItem","position":1,"name":"Strona g\u0142\u00f3wna","item":"https:\/\/inzynier.rzeszow.pl\/"},{"@type":"ListItem","position":2,"name":"Spotkanie integracyjne powiatu tarnobrzeskiego"}]},{"@type":"WebSite","@id":"https:\/\/inzynier.rzeszow.pl\/#website","url":"https:\/\/inzynier.rzeszow.pl\/","name":"Podkarpacka Okregowa Izba Inzynierow Budownictwa","description":"","potentialAction":[{"@type":"SearchAction","target":{"@type":"EntryPoint","urlTemplate":"https:\/\/inzynier.rzeszow.pl\/?s={search_term_string}"},"query-input":{"@type":"PropertyValueSpecification","valueRequired":true,"valueName":"search_term_string"}}],"inLanguage":"pl-PL"},{"@type":"Person","@id":"https:\/\/inzynier.rzeszow.pl\/#\/schema\/person\/21ca162d893bdc5760a95d704e9b1e39","name":"admin","image":{"@type":"ImageObject","inLanguage":"pl-PL","@id":"https:\/\/secure.gravatar.com\/avatar\/d5d1959f10b94c8abcf928274f8bb5b8c7370b0dfadb0590911bacad18965f21?s=96&d=mm&r=g","url":"https:\/\/secure.gravatar.com\/avatar\/d5d1959f10b94c8abcf928274f8bb5b8c7370b0dfadb0590911bacad18965f21?s=96&d=mm&r=g","contentUrl":"https:\/\/secure.gravatar.com\/avatar\/d5d1959f10b94c8abcf928274f8bb5b8c7370b0dfadb0590911bacad18965f21?s=96&d=mm&r=g","caption":"admin"},"sameAs":["https:\/\/migracja.inzynier.rzeszow.pl"],"url":"https:\/\/inzynier.rzeszow.pl\/index.php\/author\/kwojcik\/"}]}},"rttpg_featured_image_url":{"full":["https:\/\/inzynier.rzeszow.pl\/wp-content\/uploads\/2025\/03\/obraz_2026-02-02_184551923.png",2000,1500,false],"landscape":["https:\/\/inzynier.rzeszow.pl\/wp-content\/uploads\/2025\/03\/obraz_2026-02-02_184551923.png",2000,1500,false],"portraits":["https:\/\/inzynier.rzeszow.pl\/wp-content\/uploads\/2025\/03\/obraz_2026-02-02_184551923.png",2000,1500,false],"thumbnail":["https:\/\/inzynier.rzeszow.pl\/wp-content\/uploads\/2025\/03\/obraz_2026-02-02_184551923-150x150.png",150,150,true],"medium":["https:\/\/inzynier.rzeszow.pl\/wp-content\/uploads\/2025\/03\/obraz_2026-02-02_184551923-300x225.png",300,225,true],"large":["https:\/\/inzynier.rzeszow.pl\/wp-content\/uploads\/2025\/03\/obraz_2026-02-02_184551923-1024x768.png",1024,768,true],"1536x1536":["https:\/\/inzynier.rzeszow.pl\/wp-content\/uploads\/2025\/03\/obraz_2026-02-02_184551923-1536x1152.png",1536,1152,true],"2048x2048":["https:\/\/inzynier.rzeszow.pl\/wp-content\/uploads\/2025\/03\/obraz_2026-02-02_184551923.png",2000,1500,false]},"rttpg_author":{"display_name":"admin","author_link":"https:\/\/inzynier.rzeszow.pl\/index.php\/author\/kwojcik\/"},"rttpg_comment":0,"rttpg_category":"<a href=\"https:\/\/inzynier.rzeszow.pl\/index.php\/category\/wydarzenia\/\" rel=\"category tag\">Wydarzenia<\/a> <a href=\"https:\/\/inzynier.rzeszow.pl\/index.php\/category\/z-zycia-izby\/\" rel=\"category tag\">Z \u017cycia izby<\/a> <a href=\"https:\/\/inzynier.rzeszow.pl\/index.php\/category\/z-zycia-izby\/z-zycia-izby-rok-2025\/\" rel=\"category tag\">Z \u017cycia Izby Rok 2025<\/a>","rttpg_excerpt":"nwestowanie w kszta\u0142cenie m\u0142odych pasjonat\u00f3w bran\u017cy technicznej to fundament rozwijaj\u0105cej si\u0119 bran\u017cy. Promuj\u0105c i wspieraj\u0105c edukacj\u0119 oraz rozw\u00f3j przysz\u0142ych in\u017cynier\u00f3w [&hellip;]","_links":{"self":[{"href":"https:\/\/inzynier.rzeszow.pl\/index.php\/wp-json\/wp\/v2\/posts\/3544","targetHints":{"allow":["GET"]}}],"collection":[{"href":"https:\/\/inzynier.rzeszow.pl\/index.php\/wp-json\/wp\/v2\/posts"}],"about":[{"href":"https:\/\/inzynier.rzeszow.pl\/index.php\/wp-json\/wp\/v2\/types\/post"}],"author":[{"embeddable":true,"href":"https:\/\/inzynier.rzeszow.pl\/index.php\/wp-json\/wp\/v2\/users\/1"}],"replies":[{"embeddable":true,"href":"https:\/\/inzynier.rzeszow.pl\/index.php\/wp-json\/wp\/v2\/comments?post=3544"}],"version-history":[{"count":4,"href":"https:\/\/inzynier.rzeszow.pl\/index.php\/wp-json\/wp\/v2\/posts\/3544\/revisions"}],"predecessor-version":[{"id":3562,"href":"https:\/\/inzynier.rzeszow.pl\/index.php\/wp-json\/wp\/v2\/posts\/3544\/revisions\/3562"}],"wp:featuredmedia":[{"embeddable":true,"href":"https:\/\/inzynier.rzeszow.pl\/index.php\/wp-json\/wp\/v2\/media\/3553"}],"wp:attachment":[{"href":"https:\/\/inzynier.rzeszow.pl\/index.php\/wp-json\/wp\/v2\/media?parent=3544"}],"wp:term":[{"taxonomy":"category","embeddable":true,"href":"https:\/\/inzynier.rzeszow.pl\/index.php\/wp-json\/wp\/v2\/categories?post=3544"},{"taxonomy":"post_tag","embeddable":true,"href":"https:\/\/inzynier.rzeszow.pl\/index.php\/wp-json\/wp\/v2\/tags?post=3544"}],"curies":[{"name":"wp","href":"https:\/\/api.w.org\/{rel}","templated":true}]}}