{"id":3502,"date":"2025-03-28T13:15:32","date_gmt":"2025-03-28T13:15:32","guid":{"rendered":"https:\/\/migracja.inzynier.rzeszow.pl\/?p=3502"},"modified":"2026-03-25T07:38:11","modified_gmt":"2026-03-25T06:38:11","slug":"galeria-integracyjna-dorota-szwaja-opowiesci-z-ziemi-swietej","status":"publish","type":"post","link":"https:\/\/inzynier.rzeszow.pl\/index.php\/2025\/03\/28\/galeria-integracyjna-dorota-szwaja-opowiesci-z-ziemi-swietej\/","title":{"rendered":"Galeria Integracyjna &#8211; Dorota Szwaja &#8211; Opowie\u015bci z Ziemi \u015awi\u0119tej"},"content":{"rendered":"\t\t<div data-elementor-type=\"wp-post\" data-elementor-id=\"3502\" class=\"elementor elementor-3502\" data-elementor-post-type=\"post\">\n\t\t\t\t<div class=\"elementor-element elementor-element-4f70bb6 e-flex e-con-boxed e-con e-parent\" data-id=\"4f70bb6\" data-element_type=\"container\" data-e-type=\"container\">\n\t\t\t\t\t<div class=\"e-con-inner\">\n\t\t<div class=\"elementor-element elementor-element-44b5713 e-con-full e-flex e-con e-child\" data-id=\"44b5713\" data-element_type=\"container\" data-e-type=\"container\">\n\t\t\t\t<div class=\"elementor-element elementor-element-f3497ff elementor-widget elementor-widget-image\" data-id=\"f3497ff\" data-element_type=\"widget\" data-e-type=\"widget\" data-widget_type=\"image.default\">\n\t\t\t\t\t\t\t\t\t\t\t\t\t\t\t<img fetchpriority=\"high\" decoding=\"async\" width=\"1024\" height=\"576\" src=\"https:\/\/inzynier.rzeszow.pl\/wp-content\/uploads\/2025\/03\/obraz_2026-02-02_182212789-1024x576.png\" class=\"attachment-large size-large wp-image-3511\" alt=\"\" srcset=\"https:\/\/inzynier.rzeszow.pl\/wp-content\/uploads\/2025\/03\/obraz_2026-02-02_182212789-1024x576.png 1024w, https:\/\/inzynier.rzeszow.pl\/wp-content\/uploads\/2025\/03\/obraz_2026-02-02_182212789-300x169.png 300w, https:\/\/inzynier.rzeszow.pl\/wp-content\/uploads\/2025\/03\/obraz_2026-02-02_182212789-768x432.png 768w, https:\/\/inzynier.rzeszow.pl\/wp-content\/uploads\/2025\/03\/obraz_2026-02-02_182212789-1536x864.png 1536w, https:\/\/inzynier.rzeszow.pl\/wp-content\/uploads\/2025\/03\/obraz_2026-02-02_182212789.png 1920w\" sizes=\"(max-width: 1024px) 100vw, 1024px\" \/>\t\t\t\t\t\t\t\t\t\t\t\t\t\t\t<\/div>\n\t\t\t\t<\/div>\n\t\t<div class=\"elementor-element elementor-element-5c2e3bd e-con-full e-flex e-con e-child\" data-id=\"5c2e3bd\" data-element_type=\"container\" data-e-type=\"container\">\n\t\t\t\t<div class=\"elementor-element elementor-element-d681aaf elementor-widget elementor-widget-text-editor\" data-id=\"d681aaf\" data-element_type=\"widget\" data-e-type=\"widget\" data-widget_type=\"text-editor.default\">\n\t\t\t\t\t\t\t\t\t<p>W dniu 27 marca 2025 r. o godzinie 18.00 odby\u0142o si\u0119 w Galerii Integracyjnej PDK OIIB wyj\u0105tkowe spotkanie z podr\u00f3\u017cniczk\u0105 i przewodniczk\u0105 Dorot\u0105 Szwaj\u0105, kt\u00f3ra podczas prelekcji \u201eOpowie\u015bci z Ziemi \u015awi\u0119tej&#8221; podzieli\u0142a si\u0119 swoimi prze\u017cyciami i refleksjami z tego niezwyk\u0142ego regionu.<\/p><p>Przyby\u0142ych go\u015bci powita\u0142 przewodnicz\u0105cy OKK PDK OIIB, Zbigniew Plewako, kt\u00f3ry w kilku s\u0142owach przybli\u017cy\u0142 dzia\u0142alno\u015b\u0107 samorz\u0105du zawodowego in\u017cynier\u00f3w budownictwa. Zach\u0119ci\u0142 r\u00f3wnie\u017c do uczestnictwa w kolejnych wydarzeniach, kt\u00f3re stanowi\u0105 doskona\u0142\u0105 okazj\u0119 do poszerzania horyzont\u00f3w i odkrywania nowych inspiracji.<\/p><p>Ziemia \u015awi\u0119ta &#8211; miejsce o ogromnym znaczeniu historycznym, duchowym i kulturowym &#8211; sta\u0142a si\u0119 t\u0142em opowie\u015bci o ludziach, tradycjach i codziennym \u017cyciu\u00a0<\/p>\t\t\t\t\t\t\t\t<\/div>\n\t\t\t\t<\/div>\n\t\t\t\t\t<\/div>\n\t\t\t\t<\/div>\n\t\t<div class=\"elementor-element elementor-element-9e80422 e-flex e-con-boxed e-con e-parent\" data-id=\"9e80422\" data-element_type=\"container\" data-e-type=\"container\">\n\t\t\t\t\t<div class=\"e-con-inner\">\n\t\t\t\t<div class=\"elementor-element elementor-element-9d40443 elementor-widget elementor-widget-text-editor\" data-id=\"9d40443\" data-element_type=\"widget\" data-e-type=\"widget\" data-widget_type=\"text-editor.default\">\n\t\t\t\t\t\t\t\t\t<p>w regionie, kt\u00f3ry od wiek\u00f3w stanowi mozaik\u0119 r\u00f3\u017cnych religii i kultur. Podczas prelekcji mogli\u015bmy pozna\u0107 nie tylko najwa\u017cniejsze miejsca biblijne, ale r\u00f3wnie\u017c te mniej znane zak\u0105tki, kt\u00f3re skrywaj\u0105 fascynuj\u0105ce historie.<br \/>Podczas spotkania obejrzeli\u015bmy r\u00f3wnie\u017c poruszaj\u0105cy film pt. \u201eNiesiemy nadziej\u0119 &#8211; Dom Pokoju w Betlejem&#8221;, kt\u00f3ry przybli\u017cy\u0142 nam misj\u0119 si\u00f3str el\u017cbietanek nios\u0105cych wsparcie dzieciom w trudnej sytuacji \u017cyciowej. Film ukaza\u0142 nie tylko wyzwania codziennego \u017cycia w Ziemi \u015awi\u0119tej, ale r\u00f3wnie\u017c pi\u0119kno ludzkiej solidarno\u015bci i nadziei, kt\u00f3r\u0105 mo\u017cna odnale\u017a\u0107 nawet w najtrudniejszych warunkach.<br \/><br \/>W\u0119dr\u00f3wka po Ziemi \u015awi\u0119tej by\u0142a niezwyk\u0142ym do\u015bwiadczeniem, pozwalaj\u0105cym nie tylko lepiej pozna\u0107 histori\u0119 tego regionu, ale tak\u017ce dostrzec jego wsp\u00f3\u0142czesne wyzwania i codzienno\u015b\u0107 mieszka\u0144c\u00f3w. Wiele os\u00f3b podkre\u015bla\u0142o, \u017ce prelekcja sk\u0142oni\u0142a ich do refleksji nad znaczeniem tego miejsca, jego wp\u0142ywem na kultur\u0119 i duchowo\u015b\u0107 oraz nad w\u0142asnymi prze\u017cyciami zwi\u0105zanymi z podr\u00f3\u017cami i odkrywaniem nowych kultur.<br \/><br \/>Dzi\u0119kujemy wszystkim uczestnikom za obecno\u015b\u0107, zaanga\u017cowanie oraz inspiruj\u0105ce rozmowy, kt\u00f3re towarzyszy\u0142y temu spotkaniu!<\/p><p>Obszar, kt\u00f3ry nazywamy Ziemi\u0105 \u015awi\u0119t\u0105, le\u017cy na terenie tzw. \u017byznego P\u00f3\u0142ksi\u0119\u017cyca lub inaczej Z\u0142otego Rogu. To pas Ziemi ci\u0105gn\u0105cy si\u0119 od Egiptu po Mezopotami\u0119, obejmuj\u0105cy Zatok\u0119 Persk\u0105, Syri\u0119, Irak, Jordani\u0119, Liban, Palestyn\u0119 i Izrael, a\u017c po P\u00f3\u0142wysep Synaj w Egipcie. To ziemie, kt\u00f3re dzi\u0119ki swojemu po\u0142o\u017ceniu nad rzekami Eufrat, Tygrys i Jordan, sta\u0142y si\u0119 kolebk\u0105 staro\u017cytnych cywilizacji i miejscem, gdzie rozgrywaj\u0105 si\u0119 najwa\u017cniejsze wydarzenia opisane w Starym i Nowym Testamencie.<br \/>Ziemia \u015awi\u0119ta, Ziemia S\u0142owa, Pi\u0105ta Ewangelia, \u017byzny P\u00f3\u0142ksi\u0119\u017cyc, ale te\u017c tygiel kulturowy i religijny&#8230; Ka\u017cdy szuka tu innych wra\u017ce\u0144 i emocji&#8230; &#8222;<br \/>Zabierzemy Pa\u0144stwa na w\u0119dr\u00f3wk\u0119 po wycinku Ziemi \u015awi\u0119tej, \u017ceby &#8211; by\u0107 mo\u017ce &#8211; nowe pok\u0142ady emocji w Was obudzi\u0107.<br \/><strong><br \/>Wst\u0119p wolny<\/strong><\/p>\t\t\t\t\t\t\t\t<\/div>\n\t\t\t\t\t<\/div>\n\t\t\t\t<\/div>\n\t\t<div class=\"elementor-element elementor-element-b27c088 e-flex e-con-boxed e-con e-parent\" data-id=\"b27c088\" data-element_type=\"container\" data-e-type=\"container\">\n\t\t\t\t\t<div class=\"e-con-inner\">\n\t\t<div class=\"elementor-element elementor-element-de3d953 e-con-full e-flex e-con e-child\" data-id=\"de3d953\" data-element_type=\"container\" data-e-type=\"container\">\n\t\t\t\t<div class=\"elementor-element elementor-element-fd51492 elementor-widget elementor-widget-image\" data-id=\"fd51492\" data-element_type=\"widget\" data-e-type=\"widget\" data-widget_type=\"image.default\">\n\t\t\t\t\t\t\t\t\t\t\t\t\t\t\t<img decoding=\"async\" width=\"317\" height=\"432\" src=\"https:\/\/inzynier.rzeszow.pl\/wp-content\/uploads\/2025\/03\/obraz_2026-02-02_182518939.png\" class=\"attachment-large size-large wp-image-3513\" alt=\"\" srcset=\"https:\/\/inzynier.rzeszow.pl\/wp-content\/uploads\/2025\/03\/obraz_2026-02-02_182518939.png 317w, https:\/\/inzynier.rzeszow.pl\/wp-content\/uploads\/2025\/03\/obraz_2026-02-02_182518939-220x300.png 220w\" sizes=\"(max-width: 317px) 100vw, 317px\" \/>\t\t\t\t\t\t\t\t\t\t\t\t\t\t\t<\/div>\n\t\t\t\t<\/div>\n\t\t<div class=\"elementor-element elementor-element-eede379 e-con-full e-flex e-con e-child\" data-id=\"eede379\" data-element_type=\"container\" data-e-type=\"container\">\n\t\t\t\t<div class=\"elementor-element elementor-element-2225b86 elementor-widget elementor-widget-text-editor\" data-id=\"2225b86\" data-element_type=\"widget\" data-e-type=\"widget\" data-widget_type=\"text-editor.default\">\n\t\t\t\t\t\t\t\t\t<p><strong>Dorota Szwaja<br \/><\/strong><br \/>Pilot i przewodniczka od 13 lat. Jej ulubione destynacje to te, gdzie poprzez r\u00f3\u017cnice mentalne, religijne i narodowo\u015bciowe ci\u0105gle zmienia si\u0119 struktura i historia spo\u0142ecze\u0144stw, czyli Bliski Wsch\u00f3d, Ba\u0142kany, i kraje by\u0142ego Zwi\u0105zku Radzieckiego.<br \/>W trakcie licznych podr\u00f3\u017cy z bardzo r\u00f3\u017cnymi lud\u017ami, odkry\u0142a w sobie jeszcze jedn\u0105 pasj\u0119. To fascynacja Bibli\u0105, jako ksi\u0119g\u0105 \u0142\u0105cz\u0105c\u0105 w jedno wszystkie zainteresowania, b\u0119d\u0105c jednocze\u015bnie najlepszym przewodnikiem po Ziemi \u015awi\u0119tej i po&#8230; \u017cyciu.<br \/>Podr\u00f3\u017ce s\u0105 dla niej paliwem nap\u0119dzaj\u0105cym do \u017cycia i do dzia\u0142ania.\u00a0 Kocha ludzi i w podr\u00f3\u017cy stara si\u0119 im przekaza\u0107 nie tylko swoj\u0105 wiedz\u0119, ale r\u00f3wnie\u017c pasj\u0119 i poczucie bezpiecze\u0144stwa.<\/p><p>\u00a0<\/p>\t\t\t\t\t\t\t\t<\/div>\n\t\t\t\t<\/div>\n\t\t\t\t\t<\/div>\n\t\t\t\t<\/div>\n\t\t<div class=\"elementor-element elementor-element-99556f1 e-flex e-con-boxed e-con e-parent\" data-id=\"99556f1\" data-element_type=\"container\" data-e-type=\"container\">\n\t\t\t\t\t<div class=\"e-con-inner\">\n\t\t\t\t<div class=\"elementor-element elementor-element-44f3020 elementor-widget elementor-widget-text-editor\" data-id=\"44f3020\" data-element_type=\"widget\" data-e-type=\"widget\" data-widget_type=\"text-editor.default\">\n\t\t\t\t\t\t\t\t\t<table border=\"0\"><tbody><tr><td><strong>Serwis informacyjny Urz\u0119du Miasta Rzeszowa &#8211; zaprasza do Galerii Integracyjnej<\/strong><\/td><td>\u00a0<\/td><td>\u00a0<\/td><td>\u00a0<\/td><td><strong>Kultura w Rzeszowie\u00a0<\/strong><strong>&#8211; zaprasza do Galerii Integracyjnej<\/strong><\/td><\/tr><tr><td><a href=\"https:\/\/www.erzeszow.pl\/41-miasto-rzeszow\/6241-kalendarz-imprez\/120063-galeria-integracyjna-pdk-oiib-dorota-szwaja-opowiesci-z-ziemi-swietej.html#docContentAkapit\" target=\"_blank\" rel=\"noopener\"><img decoding=\"async\" src=\"https:\/\/inzynier.rzeszow.pl\/download\/galeria_integracyjna\/UM_Galerie-IN_marzec25.jpg\" width=\"240\" height=\"160\" border=\"0\" \/><\/a><\/td><td>\u00a0<\/td><td>\u00a0<\/td><td>\u00a0<\/td><td><img loading=\"lazy\" decoding=\"async\" src=\"https:\/\/inzynier.rzeszow.pl\/Files\/News\/news_szwaja25.jpg\" width=\"240\" height=\"160\" align=\"left\" border=\"0\" hspace=\"5\" vspace=\"5\" \/><br \/><br \/>Kultura w Rzeszowie &#8211; zaprasza na niepowtarzalne spotkanie z podr\u00f3\u017cniczk\u0105 Dorot\u0105 Szwaj\u0105, kt\u00f3ra przeniesie nas w \u015bwiat fascynuj\u0105cych historii podczas prelekcji \u201eOpowie\u015bci z Ziemi \u015awi\u0119tej&#8221; do naszej artystycznej Galerii Integracyjnej.\u00a0<strong><a href=\"http:\/\/www.kultura.erzeszow.pl\/kultura-w-rzeszowie2\/galeria-integracyjna-pdk-oiib-dorota-szwaja-opowiesci-z-ziemi-swietej,2969.html\" target=\"_blank\" rel=\"noopener\">..wi\u0119cej&gt;&gt;<\/a>\u00a0<\/strong><\/td><\/tr><\/tbody><\/table><p align=\"left\">\u00a0<br \/><strong><a href=\"https:\/\/www.facebook.com\/PodkarpackaOIIB\/posts\/pfbid02biPLkJZw98Fo8uJVNac2RwBGYPhHjCEFYo9tGhsujvVbZEDeEb69xJ2Dc3rPcjprl\" target=\"_blank\" rel=\"noopener\">Galeria fotograficzna z Prelekcja w Galerii Integracyjnej &#8211; Dorota Szwaja &#8211; Opowie\u015bci z Ziemi \u015awi\u0119tej &#8211; 27.03.2025 r. &gt;&gt;<\/a><\/strong><\/p>\t\t\t\t\t\t\t\t<\/div>\n\t\t\t\t\t<\/div>\n\t\t\t\t<\/div>\n\t\t<div class=\"elementor-element elementor-element-57bc719 e-flex e-con-boxed e-con e-parent\" data-id=\"57bc719\" data-element_type=\"container\" data-e-type=\"container\">\n\t\t\t\t\t<div class=\"e-con-inner\">\n\t\t\t\t<div class=\"elementor-element elementor-element-1bd0ecb elementor-widget elementor-widget-gallery\" data-id=\"1bd0ecb\" data-element_type=\"widget\" data-e-type=\"widget\" data-settings=\"{&quot;columns&quot;:3,&quot;lazyload&quot;:&quot;yes&quot;,&quot;gallery_layout&quot;:&quot;grid&quot;,&quot;columns_tablet&quot;:2,&quot;columns_mobile&quot;:1,&quot;gap&quot;:{&quot;unit&quot;:&quot;px&quot;,&quot;size&quot;:10,&quot;sizes&quot;:[]},&quot;gap_tablet&quot;:{&quot;unit&quot;:&quot;px&quot;,&quot;size&quot;:10,&quot;sizes&quot;:[]},&quot;gap_mobile&quot;:{&quot;unit&quot;:&quot;px&quot;,&quot;size&quot;:10,&quot;sizes&quot;:[]},&quot;link_to&quot;:&quot;file&quot;,&quot;aspect_ratio&quot;:&quot;3:2&quot;,&quot;overlay_background&quot;:&quot;yes&quot;,&quot;content_hover_animation&quot;:&quot;fade-in&quot;}\" data-widget_type=\"gallery.default\">\n\t\t\t\t\t\t\t<div class=\"elementor-gallery__container\">\n\t\t\t\t\t\t\t<a class=\"e-gallery-item elementor-gallery-item elementor-animated-content\" href=\"https:\/\/inzynier.rzeszow.pl\/wp-content\/uploads\/2025\/03\/obraz_2026-02-02_182756334.png\" data-elementor-open-lightbox=\"yes\" data-elementor-lightbox-slideshow=\"1bd0ecb\" data-e-action-hash=\"#elementor-action%3Aaction%3Dlightbox%26settings%3DeyJpZCI6MzUxNCwidXJsIjoiaHR0cHM6XC9cL2luenluaWVyLnJ6ZXN6b3cucGxcL3dwLWNvbnRlbnRcL3VwbG9hZHNcLzIwMjVcLzAzXC9vYnJhel8yMDI2LTAyLTAyXzE4Mjc1NjMzNC5wbmciLCJzbGlkZXNob3ciOiIxYmQwZWNiIn0%3D\">\n\t\t\t\t\t<div class=\"e-gallery-image elementor-gallery-item__image\" data-thumbnail=\"https:\/\/inzynier.rzeszow.pl\/wp-content\/uploads\/2025\/03\/obraz_2026-02-02_182756334-768x510.png\" data-width=\"768\" data-height=\"510\" aria-label=\"\" role=\"img\" ><\/div>\n\t\t\t\t\t\t\t\t\t\t\t<div class=\"elementor-gallery-item__overlay\"><\/div>\n\t\t\t\t\t\t\t\t\t\t\t\t\t\t<\/a>\n\t\t\t\t\t\t\t<a class=\"e-gallery-item elementor-gallery-item elementor-animated-content\" href=\"https:\/\/inzynier.rzeszow.pl\/wp-content\/uploads\/2025\/03\/obraz_2026-02-02_182802810.png\" data-elementor-open-lightbox=\"yes\" data-elementor-lightbox-slideshow=\"1bd0ecb\" data-e-action-hash=\"#elementor-action%3Aaction%3Dlightbox%26settings%3DeyJpZCI6MzUxNSwidXJsIjoiaHR0cHM6XC9cL2luenluaWVyLnJ6ZXN6b3cucGxcL3dwLWNvbnRlbnRcL3VwbG9hZHNcLzIwMjVcLzAzXC9vYnJhel8yMDI2LTAyLTAyXzE4MjgwMjgxMC5wbmciLCJzbGlkZXNob3ciOiIxYmQwZWNiIn0%3D\">\n\t\t\t\t\t<div class=\"e-gallery-image elementor-gallery-item__image\" data-thumbnail=\"https:\/\/inzynier.rzeszow.pl\/wp-content\/uploads\/2025\/03\/obraz_2026-02-02_182802810-768x510.png\" data-width=\"768\" data-height=\"510\" aria-label=\"\" role=\"img\" ><\/div>\n\t\t\t\t\t\t\t\t\t\t\t<div class=\"elementor-gallery-item__overlay\"><\/div>\n\t\t\t\t\t\t\t\t\t\t\t\t\t\t<\/a>\n\t\t\t\t\t\t\t<a class=\"e-gallery-item elementor-gallery-item elementor-animated-content\" href=\"https:\/\/inzynier.rzeszow.pl\/wp-content\/uploads\/2025\/03\/obraz_2026-02-02_182809028.png\" data-elementor-open-lightbox=\"yes\" data-elementor-lightbox-slideshow=\"1bd0ecb\" data-e-action-hash=\"#elementor-action%3Aaction%3Dlightbox%26settings%3DeyJpZCI6MzUxNiwidXJsIjoiaHR0cHM6XC9cL2luenluaWVyLnJ6ZXN6b3cucGxcL3dwLWNvbnRlbnRcL3VwbG9hZHNcLzIwMjVcLzAzXC9vYnJhel8yMDI2LTAyLTAyXzE4MjgwOTAyOC5wbmciLCJzbGlkZXNob3ciOiIxYmQwZWNiIn0%3D\">\n\t\t\t\t\t<div class=\"e-gallery-image elementor-gallery-item__image\" data-thumbnail=\"https:\/\/inzynier.rzeszow.pl\/wp-content\/uploads\/2025\/03\/obraz_2026-02-02_182809028-768x510.png\" data-width=\"768\" data-height=\"510\" aria-label=\"\" role=\"img\" ><\/div>\n\t\t\t\t\t\t\t\t\t\t\t<div class=\"elementor-gallery-item__overlay\"><\/div>\n\t\t\t\t\t\t\t\t\t\t\t\t\t\t<\/a>\n\t\t\t\t\t\t\t<a class=\"e-gallery-item elementor-gallery-item elementor-animated-content\" href=\"https:\/\/inzynier.rzeszow.pl\/wp-content\/uploads\/2025\/03\/obraz_2026-02-02_182816007.png\" data-elementor-open-lightbox=\"yes\" data-elementor-lightbox-slideshow=\"1bd0ecb\" data-e-action-hash=\"#elementor-action%3Aaction%3Dlightbox%26settings%3DeyJpZCI6MzUxNywidXJsIjoiaHR0cHM6XC9cL2luenluaWVyLnJ6ZXN6b3cucGxcL3dwLWNvbnRlbnRcL3VwbG9hZHNcLzIwMjVcLzAzXC9vYnJhel8yMDI2LTAyLTAyXzE4MjgxNjAwNy5wbmciLCJzbGlkZXNob3ciOiIxYmQwZWNiIn0%3D\">\n\t\t\t\t\t<div class=\"e-gallery-image elementor-gallery-item__image\" data-thumbnail=\"https:\/\/inzynier.rzeszow.pl\/wp-content\/uploads\/2025\/03\/obraz_2026-02-02_182816007-768x510.png\" data-width=\"768\" data-height=\"510\" aria-label=\"\" role=\"img\" ><\/div>\n\t\t\t\t\t\t\t\t\t\t\t<div class=\"elementor-gallery-item__overlay\"><\/div>\n\t\t\t\t\t\t\t\t\t\t\t\t\t\t<\/a>\n\t\t\t\t\t\t\t<a class=\"e-gallery-item elementor-gallery-item elementor-animated-content\" href=\"https:\/\/inzynier.rzeszow.pl\/wp-content\/uploads\/2025\/03\/obraz_2026-02-02_182822989.png\" data-elementor-open-lightbox=\"yes\" data-elementor-lightbox-slideshow=\"1bd0ecb\" data-e-action-hash=\"#elementor-action%3Aaction%3Dlightbox%26settings%3DeyJpZCI6MzUxOCwidXJsIjoiaHR0cHM6XC9cL2luenluaWVyLnJ6ZXN6b3cucGxcL3dwLWNvbnRlbnRcL3VwbG9hZHNcLzIwMjVcLzAzXC9vYnJhel8yMDI2LTAyLTAyXzE4MjgyMjk4OS5wbmciLCJzbGlkZXNob3ciOiIxYmQwZWNiIn0%3D\">\n\t\t\t\t\t<div class=\"e-gallery-image elementor-gallery-item__image\" data-thumbnail=\"https:\/\/inzynier.rzeszow.pl\/wp-content\/uploads\/2025\/03\/obraz_2026-02-02_182822989-768x510.png\" data-width=\"768\" data-height=\"510\" aria-label=\"\" role=\"img\" ><\/div>\n\t\t\t\t\t\t\t\t\t\t\t<div class=\"elementor-gallery-item__overlay\"><\/div>\n\t\t\t\t\t\t\t\t\t\t\t\t\t\t<\/a>\n\t\t\t\t\t\t\t<a class=\"e-gallery-item elementor-gallery-item elementor-animated-content\" href=\"https:\/\/inzynier.rzeszow.pl\/wp-content\/uploads\/2025\/03\/obraz_2026-02-02_182832377.png\" data-elementor-open-lightbox=\"yes\" data-elementor-lightbox-slideshow=\"1bd0ecb\" data-e-action-hash=\"#elementor-action%3Aaction%3Dlightbox%26settings%3DeyJpZCI6MzUxOSwidXJsIjoiaHR0cHM6XC9cL2luenluaWVyLnJ6ZXN6b3cucGxcL3dwLWNvbnRlbnRcL3VwbG9hZHNcLzIwMjVcLzAzXC9vYnJhel8yMDI2LTAyLTAyXzE4MjgzMjM3Ny5wbmciLCJzbGlkZXNob3ciOiIxYmQwZWNiIn0%3D\">\n\t\t\t\t\t<div class=\"e-gallery-image elementor-gallery-item__image\" data-thumbnail=\"https:\/\/inzynier.rzeszow.pl\/wp-content\/uploads\/2025\/03\/obraz_2026-02-02_182832377-768x510.png\" data-width=\"768\" data-height=\"510\" aria-label=\"\" role=\"img\" ><\/div>\n\t\t\t\t\t\t\t\t\t\t\t<div class=\"elementor-gallery-item__overlay\"><\/div>\n\t\t\t\t\t\t\t\t\t\t\t\t\t\t<\/a>\n\t\t\t\t\t<\/div>\n\t\t\t\t\t<\/div>\n\t\t\t\t\t<\/div>\n\t\t\t\t<\/div>\n\t\t<div class=\"elementor-element elementor-element-fb2b680 e-flex e-con-boxed e-con e-parent\" data-id=\"fb2b680\" data-element_type=\"container\" data-e-type=\"container\">\n\t\t\t\t\t<div class=\"e-con-inner\">\n\t\t\t\t<div class=\"elementor-element elementor-element-e3e5d06 elementor-widget elementor-widget-text-editor\" data-id=\"e3e5d06\" data-element_type=\"widget\" data-e-type=\"widget\" data-widget_type=\"text-editor.default\">\n\t\t\t\t\t\t\t\t\t<div align=\"left\"><table border=\"0\" width=\"100%\"><tbody><tr><td><div align=\"right\"><span class=\"x4k7w5x x1h91t0o x1h9r5lt xv2umb2 x1beo9mf xaigb6o x12ejxvf x3igimt xarpa2k xedcshv x1lytzrv x1t2pt76 x7ja8zs x1qrby5j x1jfb8zj\">Galeria Integracyjna PDK OIIB czynna jest<\/span><\/div><div align=\"right\"><span class=\"x4k7w5x x1h91t0o x1h9r5lt xv2umb2 x1beo9mf xaigb6o x12ejxvf x3igimt xarpa2k xedcshv x1lytzrv x1t2pt76 x7ja8zs x1qrby5j x1jfb8zj\">dla zwiedzaj\u0105cych w godzinach pracy biura PDK OIIB<\/span><\/div><div align=\"right\"><span class=\"x4k7w5x x1h91t0o x1h9r5lt xv2umb2 x1beo9mf xaigb6o x12ejxvf x3igimt xarpa2k xedcshv x1lytzrv x1t2pt76 x7ja8zs x1qrby5j x1jfb8zj\">lub po wcze\u015bniejszym um\u00f3wieniu telefonicznym.<\/span><\/div><\/td><\/tr><\/tbody><\/table>\u00a0<br \/><br \/><\/div><table border=\"0\"><tbody><tr><td colspan=\"3\"><strong>Patroni Galerii Integracyjnej<\/strong><\/td><\/tr><tr><td colspan=\"3\">\u00a0<\/td><\/tr><tr><td colspan=\"3\">\u00a0<img loading=\"lazy\" decoding=\"async\" src=\"https:\/\/inzynier.rzeszow.pl\/download\/z_zycia\/patronaty\/logo_marszalka_wojewodztwa.png\" width=\"42\" height=\"50\" border=\"0\" \/>\u00a0\u00a0\u00a0\u00a0\u00a0<img loading=\"lazy\" decoding=\"async\" src=\"https:\/\/inzynier.rzeszow.pl\/download\/z_zycia\/patronaty\/logo_rz_pl.jpg\" width=\"163\" height=\"50\" border=\"0\" \/>\u00a0\u00a0 \u00a0\u00a0<img loading=\"lazy\" decoding=\"async\" src=\"https:\/\/inzynier.rzeszow.pl\/download\/z_zycia\/patronaty\/logo-piib.svg\" width=\"107\" height=\"50\" border=\"0\" \/>\u00a0 \u00a0\u00a0<img loading=\"lazy\" decoding=\"async\" src=\"https:\/\/inzynier.rzeszow.pl\/download\/z_zycia\/patronaty\/prz_pl.jpg\" width=\"126\" height=\"50\" border=\"0\" \/>\u00a0\u00a0<img loading=\"lazy\" decoding=\"async\" src=\"https:\/\/inzynier.rzeszow.pl\/download\/z_zycia\/patronaty\/logo_not.jpg\" width=\"50\" height=\"50\" border=\"0\" \/>\u00a0\u00a0\u00a0<img loading=\"lazy\" decoding=\"async\" src=\"https:\/\/inzynier.rzeszow.pl\/download\/z_zycia\/patronaty\/BWA-logo.jpg\" width=\"50\" height=\"51\" border=\"0\" \/><br \/><br \/><img loading=\"lazy\" decoding=\"async\" src=\"https:\/\/inzynier.rzeszow.pl\/download\/z_zycia\/patronaty\/tvp_3_niebieskie.jpg\" width=\"74\" height=\"50\" border=\"0\" \/>\u00a0 \u00a0\u00a0\u00a0<img loading=\"lazy\" decoding=\"async\" src=\"https:\/\/inzynier.rzeszow.pl\/download\/z_zycia\/patronaty\/logo_rrz.jpg\" width=\"105\" height=\"45\" border=\"0\" \/>\u00a0\u00a0\u00a0<img loading=\"lazy\" decoding=\"async\" src=\"https:\/\/inzynier.rzeszow.pl\/download\/z_zycia\/patronaty\/nowiny_logo.jpg\" width=\"101\" height=\"30\" border=\"0\" \/>\u00a0\u00a0\u00a0<img loading=\"lazy\" decoding=\"async\" src=\"https:\/\/inzynier.rzeszow.pl\/download\/z_zycia\/patronaty\/nowiny24_logo.jpg\" width=\"139\" height=\"30\" border=\"0\" \/>\u00a0\u00a0\u00a0<img loading=\"lazy\" decoding=\"async\" src=\"https:\/\/inzynier.rzeszow.pl\/download\/z_zycia\/patronaty\/biznesistyl_logo.JPG\" width=\"129\" height=\"30\" border=\"0\" \/>\u00a0<\/td><\/tr><\/tbody><\/table>\t\t\t\t\t\t\t\t<\/div>\n\t\t\t\t\t<\/div>\n\t\t\t\t<\/div>\n\t\t\t\t<\/div>\n\t\t","protected":false},"excerpt":{"rendered":"<p>W dniu 27 marca 2025 r. o godzinie 18.00 odby\u0142o si\u0119 w Galerii Integracyjnej PDK OIIB wyj\u0105tkowe spotkanie z podr\u00f3\u017cniczk\u0105 [&hellip;]<\/p>\n","protected":false},"author":1,"featured_media":3511,"comment_status":"closed","ping_status":"closed","sticky":false,"template":"","format":"standard","meta":{"site-sidebar-layout":"default","site-content-layout":"","ast-site-content-layout":"default","site-content-style":"default","site-sidebar-style":"default","ast-global-header-display":"","ast-banner-title-visibility":"","ast-main-header-display":"","ast-hfb-above-header-display":"","ast-hfb-below-header-display":"","ast-hfb-mobile-header-display":"","site-post-title":"","ast-breadcrumbs-content":"","ast-featured-img":"","footer-sml-layout":"","ast-disable-related-posts":"","theme-transparent-header-meta":"","adv-header-id-meta":"","stick-header-meta":"","header-above-stick-meta":"","header-main-stick-meta":"","header-below-stick-meta":"","astra-migrate-meta-layouts":"default","ast-page-background-enabled":"default","ast-page-background-meta":{"desktop":{"background-color":"var(--ast-global-color-5)","background-image":"","background-repeat":"repeat","background-position":"center center","background-size":"auto","background-attachment":"scroll","background-type":"","background-media":"","overlay-type":"","overlay-color":"","overlay-opacity":"","overlay-gradient":""},"tablet":{"background-color":"","background-image":"","background-repeat":"repeat","background-position":"center center","background-size":"auto","background-attachment":"scroll","background-type":"","background-media":"","overlay-type":"","overlay-color":"","overlay-opacity":"","overlay-gradient":""},"mobile":{"background-color":"","background-image":"","background-repeat":"repeat","background-position":"center center","background-size":"auto","background-attachment":"scroll","background-type":"","background-media":"","overlay-type":"","overlay-color":"","overlay-opacity":"","overlay-gradient":""}},"ast-content-background-meta":{"desktop":{"background-color":"var(--ast-global-color-4)","background-image":"","background-repeat":"repeat","background-position":"center center","background-size":"auto","background-attachment":"scroll","background-type":"","background-media":"","overlay-type":"","overlay-color":"","overlay-opacity":"","overlay-gradient":""},"tablet":{"background-color":"var(--ast-global-color-4)","background-image":"","background-repeat":"repeat","background-position":"center center","background-size":"auto","background-attachment":"scroll","background-type":"","background-media":"","overlay-type":"","overlay-color":"","overlay-opacity":"","overlay-gradient":""},"mobile":{"background-color":"var(--ast-global-color-4)","background-image":"","background-repeat":"repeat","background-position":"center center","background-size":"auto","background-attachment":"scroll","background-type":"","background-media":"","overlay-type":"","overlay-color":"","overlay-opacity":"","overlay-gradient":""}},"footnotes":""},"categories":[7,16,55],"tags":[],"class_list":["post-3502","post","type-post","status-publish","format-standard","has-post-thumbnail","hentry","category-wydarzenia","category-z-zycia-izby","category-z-zycia-izby-rok-2025"],"yoast_head":"<!-- This site is optimized with the Yoast SEO plugin v27.5 - https:\/\/yoast.com\/product\/yoast-seo-wordpress\/ -->\n<title>Galeria Integracyjna - Dorota Szwaja - Opowie\u015bci z Ziemi \u015awi\u0119tej - Podkarpacka Okregowa Izba Inzynierow Budownictwa<\/title>\n<meta name=\"robots\" content=\"index, follow, max-snippet:-1, max-image-preview:large, max-video-preview:-1\" \/>\n<link rel=\"canonical\" href=\"https:\/\/inzynier.rzeszow.pl\/index.php\/2025\/03\/28\/galeria-integracyjna-dorota-szwaja-opowiesci-z-ziemi-swietej\/\" \/>\n<meta property=\"og:locale\" content=\"pl_PL\" \/>\n<meta property=\"og:type\" content=\"article\" \/>\n<meta property=\"og:title\" content=\"Galeria Integracyjna - Dorota Szwaja - Opowie\u015bci z Ziemi \u015awi\u0119tej - Podkarpacka Okregowa Izba Inzynierow Budownictwa\" \/>\n<meta property=\"og:description\" content=\"W dniu 27 marca 2025 r. o godzinie 18.00 odby\u0142o si\u0119 w Galerii Integracyjnej PDK OIIB wyj\u0105tkowe spotkanie z podr\u00f3\u017cniczk\u0105 [&hellip;]\" \/>\n<meta property=\"og:url\" content=\"https:\/\/inzynier.rzeszow.pl\/index.php\/2025\/03\/28\/galeria-integracyjna-dorota-szwaja-opowiesci-z-ziemi-swietej\/\" \/>\n<meta property=\"og:site_name\" content=\"Podkarpacka Okregowa Izba Inzynierow Budownictwa\" \/>\n<meta property=\"article:published_time\" content=\"2025-03-28T13:15:32+00:00\" \/>\n<meta property=\"article:modified_time\" content=\"2026-03-25T06:38:11+00:00\" \/>\n<meta property=\"og:image\" content=\"https:\/\/inzynier.rzeszow.pl\/wp-content\/uploads\/2025\/03\/obraz_2026-02-02_182212789-1024x576.png\" \/>\n\t<meta property=\"og:image:width\" content=\"1024\" \/>\n\t<meta property=\"og:image:height\" content=\"576\" \/>\n\t<meta property=\"og:image:type\" content=\"image\/png\" \/>\n<meta name=\"author\" content=\"admin\" \/>\n<meta name=\"twitter:card\" content=\"summary_large_image\" \/>\n<meta name=\"twitter:label1\" content=\"Napisane przez\" \/>\n\t<meta name=\"twitter:data1\" content=\"admin\" \/>\n\t<meta name=\"twitter:label2\" content=\"Szacowany czas czytania\" \/>\n\t<meta name=\"twitter:data2\" content=\"3 minuty\" \/>\n<script type=\"application\/ld+json\" class=\"yoast-schema-graph\">{\"@context\":\"https:\\\/\\\/schema.org\",\"@graph\":[{\"@type\":\"Article\",\"@id\":\"https:\\\/\\\/inzynier.rzeszow.pl\\\/index.php\\\/2025\\\/03\\\/28\\\/galeria-integracyjna-dorota-szwaja-opowiesci-z-ziemi-swietej\\\/#article\",\"isPartOf\":{\"@id\":\"https:\\\/\\\/inzynier.rzeszow.pl\\\/index.php\\\/2025\\\/03\\\/28\\\/galeria-integracyjna-dorota-szwaja-opowiesci-z-ziemi-swietej\\\/\"},\"author\":{\"name\":\"admin\",\"@id\":\"https:\\\/\\\/inzynier.rzeszow.pl\\\/#\\\/schema\\\/person\\\/21ca162d893bdc5760a95d704e9b1e39\"},\"headline\":\"Galeria Integracyjna &#8211; Dorota Szwaja &#8211; Opowie\u015bci z Ziemi \u015awi\u0119tej\",\"datePublished\":\"2025-03-28T13:15:32+00:00\",\"dateModified\":\"2026-03-25T06:38:11+00:00\",\"mainEntityOfPage\":{\"@id\":\"https:\\\/\\\/inzynier.rzeszow.pl\\\/index.php\\\/2025\\\/03\\\/28\\\/galeria-integracyjna-dorota-szwaja-opowiesci-z-ziemi-swietej\\\/\"},\"wordCount\":703,\"image\":{\"@id\":\"https:\\\/\\\/inzynier.rzeszow.pl\\\/index.php\\\/2025\\\/03\\\/28\\\/galeria-integracyjna-dorota-szwaja-opowiesci-z-ziemi-swietej\\\/#primaryimage\"},\"thumbnailUrl\":\"https:\\\/\\\/inzynier.rzeszow.pl\\\/wp-content\\\/uploads\\\/2025\\\/03\\\/obraz_2026-02-02_182212789.png\",\"articleSection\":[\"Wydarzenia\",\"Z \u017cycia izby\",\"Z \u017cycia Izby Rok 2025\"],\"inLanguage\":\"pl-PL\"},{\"@type\":\"WebPage\",\"@id\":\"https:\\\/\\\/inzynier.rzeszow.pl\\\/index.php\\\/2025\\\/03\\\/28\\\/galeria-integracyjna-dorota-szwaja-opowiesci-z-ziemi-swietej\\\/\",\"url\":\"https:\\\/\\\/inzynier.rzeszow.pl\\\/index.php\\\/2025\\\/03\\\/28\\\/galeria-integracyjna-dorota-szwaja-opowiesci-z-ziemi-swietej\\\/\",\"name\":\"Galeria Integracyjna - Dorota Szwaja - Opowie\u015bci z Ziemi \u015awi\u0119tej - Podkarpacka Okregowa Izba Inzynierow Budownictwa\",\"isPartOf\":{\"@id\":\"https:\\\/\\\/inzynier.rzeszow.pl\\\/#website\"},\"primaryImageOfPage\":{\"@id\":\"https:\\\/\\\/inzynier.rzeszow.pl\\\/index.php\\\/2025\\\/03\\\/28\\\/galeria-integracyjna-dorota-szwaja-opowiesci-z-ziemi-swietej\\\/#primaryimage\"},\"image\":{\"@id\":\"https:\\\/\\\/inzynier.rzeszow.pl\\\/index.php\\\/2025\\\/03\\\/28\\\/galeria-integracyjna-dorota-szwaja-opowiesci-z-ziemi-swietej\\\/#primaryimage\"},\"thumbnailUrl\":\"https:\\\/\\\/inzynier.rzeszow.pl\\\/wp-content\\\/uploads\\\/2025\\\/03\\\/obraz_2026-02-02_182212789.png\",\"datePublished\":\"2025-03-28T13:15:32+00:00\",\"dateModified\":\"2026-03-25T06:38:11+00:00\",\"author\":{\"@id\":\"https:\\\/\\\/inzynier.rzeszow.pl\\\/#\\\/schema\\\/person\\\/21ca162d893bdc5760a95d704e9b1e39\"},\"breadcrumb\":{\"@id\":\"https:\\\/\\\/inzynier.rzeszow.pl\\\/index.php\\\/2025\\\/03\\\/28\\\/galeria-integracyjna-dorota-szwaja-opowiesci-z-ziemi-swietej\\\/#breadcrumb\"},\"inLanguage\":\"pl-PL\",\"potentialAction\":[{\"@type\":\"ReadAction\",\"target\":[\"https:\\\/\\\/inzynier.rzeszow.pl\\\/index.php\\\/2025\\\/03\\\/28\\\/galeria-integracyjna-dorota-szwaja-opowiesci-z-ziemi-swietej\\\/\"]}]},{\"@type\":\"ImageObject\",\"inLanguage\":\"pl-PL\",\"@id\":\"https:\\\/\\\/inzynier.rzeszow.pl\\\/index.php\\\/2025\\\/03\\\/28\\\/galeria-integracyjna-dorota-szwaja-opowiesci-z-ziemi-swietej\\\/#primaryimage\",\"url\":\"https:\\\/\\\/inzynier.rzeszow.pl\\\/wp-content\\\/uploads\\\/2025\\\/03\\\/obraz_2026-02-02_182212789.png\",\"contentUrl\":\"https:\\\/\\\/inzynier.rzeszow.pl\\\/wp-content\\\/uploads\\\/2025\\\/03\\\/obraz_2026-02-02_182212789.png\",\"width\":1920,\"height\":1080},{\"@type\":\"BreadcrumbList\",\"@id\":\"https:\\\/\\\/inzynier.rzeszow.pl\\\/index.php\\\/2025\\\/03\\\/28\\\/galeria-integracyjna-dorota-szwaja-opowiesci-z-ziemi-swietej\\\/#breadcrumb\",\"itemListElement\":[{\"@type\":\"ListItem\",\"position\":1,\"name\":\"Strona g\u0142\u00f3wna\",\"item\":\"https:\\\/\\\/inzynier.rzeszow.pl\\\/\"},{\"@type\":\"ListItem\",\"position\":2,\"name\":\"Galeria Integracyjna &#8211; Dorota Szwaja &#8211; Opowie\u015bci z Ziemi \u015awi\u0119tej\"}]},{\"@type\":\"WebSite\",\"@id\":\"https:\\\/\\\/inzynier.rzeszow.pl\\\/#website\",\"url\":\"https:\\\/\\\/inzynier.rzeszow.pl\\\/\",\"name\":\"Podkarpacka Okregowa Izba Inzynierow Budownictwa\",\"description\":\"\",\"potentialAction\":[{\"@type\":\"SearchAction\",\"target\":{\"@type\":\"EntryPoint\",\"urlTemplate\":\"https:\\\/\\\/inzynier.rzeszow.pl\\\/?s={search_term_string}\"},\"query-input\":{\"@type\":\"PropertyValueSpecification\",\"valueRequired\":true,\"valueName\":\"search_term_string\"}}],\"inLanguage\":\"pl-PL\"},{\"@type\":\"Person\",\"@id\":\"https:\\\/\\\/inzynier.rzeszow.pl\\\/#\\\/schema\\\/person\\\/21ca162d893bdc5760a95d704e9b1e39\",\"name\":\"admin\",\"image\":{\"@type\":\"ImageObject\",\"inLanguage\":\"pl-PL\",\"@id\":\"https:\\\/\\\/secure.gravatar.com\\\/avatar\\\/d5d1959f10b94c8abcf928274f8bb5b8c7370b0dfadb0590911bacad18965f21?s=96&d=mm&r=g\",\"url\":\"https:\\\/\\\/secure.gravatar.com\\\/avatar\\\/d5d1959f10b94c8abcf928274f8bb5b8c7370b0dfadb0590911bacad18965f21?s=96&d=mm&r=g\",\"contentUrl\":\"https:\\\/\\\/secure.gravatar.com\\\/avatar\\\/d5d1959f10b94c8abcf928274f8bb5b8c7370b0dfadb0590911bacad18965f21?s=96&d=mm&r=g\",\"caption\":\"admin\"},\"sameAs\":[\"https:\\\/\\\/migracja.inzynier.rzeszow.pl\"],\"url\":\"https:\\\/\\\/inzynier.rzeszow.pl\\\/index.php\\\/author\\\/kwojcik\\\/\"}]}<\/script>\n<!-- \/ Yoast SEO plugin. -->","yoast_head_json":{"title":"Galeria Integracyjna - Dorota Szwaja - Opowie\u015bci z Ziemi \u015awi\u0119tej - Podkarpacka Okregowa Izba Inzynierow Budownictwa","robots":{"index":"index","follow":"follow","max-snippet":"max-snippet:-1","max-image-preview":"max-image-preview:large","max-video-preview":"max-video-preview:-1"},"canonical":"https:\/\/inzynier.rzeszow.pl\/index.php\/2025\/03\/28\/galeria-integracyjna-dorota-szwaja-opowiesci-z-ziemi-swietej\/","og_locale":"pl_PL","og_type":"article","og_title":"Galeria Integracyjna - Dorota Szwaja - Opowie\u015bci z Ziemi \u015awi\u0119tej - Podkarpacka Okregowa Izba Inzynierow Budownictwa","og_description":"W dniu 27 marca 2025 r. o godzinie 18.00 odby\u0142o si\u0119 w Galerii Integracyjnej PDK OIIB wyj\u0105tkowe spotkanie z podr\u00f3\u017cniczk\u0105 [&hellip;]","og_url":"https:\/\/inzynier.rzeszow.pl\/index.php\/2025\/03\/28\/galeria-integracyjna-dorota-szwaja-opowiesci-z-ziemi-swietej\/","og_site_name":"Podkarpacka Okregowa Izba Inzynierow Budownictwa","article_published_time":"2025-03-28T13:15:32+00:00","article_modified_time":"2026-03-25T06:38:11+00:00","og_image":[{"width":1024,"height":576,"url":"https:\/\/inzynier.rzeszow.pl\/wp-content\/uploads\/2025\/03\/obraz_2026-02-02_182212789-1024x576.png","type":"image\/png"}],"author":"admin","twitter_card":"summary_large_image","twitter_misc":{"Napisane przez":"admin","Szacowany czas czytania":"3 minuty"},"schema":{"@context":"https:\/\/schema.org","@graph":[{"@type":"Article","@id":"https:\/\/inzynier.rzeszow.pl\/index.php\/2025\/03\/28\/galeria-integracyjna-dorota-szwaja-opowiesci-z-ziemi-swietej\/#article","isPartOf":{"@id":"https:\/\/inzynier.rzeszow.pl\/index.php\/2025\/03\/28\/galeria-integracyjna-dorota-szwaja-opowiesci-z-ziemi-swietej\/"},"author":{"name":"admin","@id":"https:\/\/inzynier.rzeszow.pl\/#\/schema\/person\/21ca162d893bdc5760a95d704e9b1e39"},"headline":"Galeria Integracyjna &#8211; Dorota Szwaja &#8211; Opowie\u015bci z Ziemi \u015awi\u0119tej","datePublished":"2025-03-28T13:15:32+00:00","dateModified":"2026-03-25T06:38:11+00:00","mainEntityOfPage":{"@id":"https:\/\/inzynier.rzeszow.pl\/index.php\/2025\/03\/28\/galeria-integracyjna-dorota-szwaja-opowiesci-z-ziemi-swietej\/"},"wordCount":703,"image":{"@id":"https:\/\/inzynier.rzeszow.pl\/index.php\/2025\/03\/28\/galeria-integracyjna-dorota-szwaja-opowiesci-z-ziemi-swietej\/#primaryimage"},"thumbnailUrl":"https:\/\/inzynier.rzeszow.pl\/wp-content\/uploads\/2025\/03\/obraz_2026-02-02_182212789.png","articleSection":["Wydarzenia","Z \u017cycia izby","Z \u017cycia Izby Rok 2025"],"inLanguage":"pl-PL"},{"@type":"WebPage","@id":"https:\/\/inzynier.rzeszow.pl\/index.php\/2025\/03\/28\/galeria-integracyjna-dorota-szwaja-opowiesci-z-ziemi-swietej\/","url":"https:\/\/inzynier.rzeszow.pl\/index.php\/2025\/03\/28\/galeria-integracyjna-dorota-szwaja-opowiesci-z-ziemi-swietej\/","name":"Galeria Integracyjna - Dorota Szwaja - Opowie\u015bci z Ziemi \u015awi\u0119tej - Podkarpacka Okregowa Izba Inzynierow Budownictwa","isPartOf":{"@id":"https:\/\/inzynier.rzeszow.pl\/#website"},"primaryImageOfPage":{"@id":"https:\/\/inzynier.rzeszow.pl\/index.php\/2025\/03\/28\/galeria-integracyjna-dorota-szwaja-opowiesci-z-ziemi-swietej\/#primaryimage"},"image":{"@id":"https:\/\/inzynier.rzeszow.pl\/index.php\/2025\/03\/28\/galeria-integracyjna-dorota-szwaja-opowiesci-z-ziemi-swietej\/#primaryimage"},"thumbnailUrl":"https:\/\/inzynier.rzeszow.pl\/wp-content\/uploads\/2025\/03\/obraz_2026-02-02_182212789.png","datePublished":"2025-03-28T13:15:32+00:00","dateModified":"2026-03-25T06:38:11+00:00","author":{"@id":"https:\/\/inzynier.rzeszow.pl\/#\/schema\/person\/21ca162d893bdc5760a95d704e9b1e39"},"breadcrumb":{"@id":"https:\/\/inzynier.rzeszow.pl\/index.php\/2025\/03\/28\/galeria-integracyjna-dorota-szwaja-opowiesci-z-ziemi-swietej\/#breadcrumb"},"inLanguage":"pl-PL","potentialAction":[{"@type":"ReadAction","target":["https:\/\/inzynier.rzeszow.pl\/index.php\/2025\/03\/28\/galeria-integracyjna-dorota-szwaja-opowiesci-z-ziemi-swietej\/"]}]},{"@type":"ImageObject","inLanguage":"pl-PL","@id":"https:\/\/inzynier.rzeszow.pl\/index.php\/2025\/03\/28\/galeria-integracyjna-dorota-szwaja-opowiesci-z-ziemi-swietej\/#primaryimage","url":"https:\/\/inzynier.rzeszow.pl\/wp-content\/uploads\/2025\/03\/obraz_2026-02-02_182212789.png","contentUrl":"https:\/\/inzynier.rzeszow.pl\/wp-content\/uploads\/2025\/03\/obraz_2026-02-02_182212789.png","width":1920,"height":1080},{"@type":"BreadcrumbList","@id":"https:\/\/inzynier.rzeszow.pl\/index.php\/2025\/03\/28\/galeria-integracyjna-dorota-szwaja-opowiesci-z-ziemi-swietej\/#breadcrumb","itemListElement":[{"@type":"ListItem","position":1,"name":"Strona g\u0142\u00f3wna","item":"https:\/\/inzynier.rzeszow.pl\/"},{"@type":"ListItem","position":2,"name":"Galeria Integracyjna &#8211; Dorota Szwaja &#8211; Opowie\u015bci z Ziemi \u015awi\u0119tej"}]},{"@type":"WebSite","@id":"https:\/\/inzynier.rzeszow.pl\/#website","url":"https:\/\/inzynier.rzeszow.pl\/","name":"Podkarpacka Okregowa Izba Inzynierow Budownictwa","description":"","potentialAction":[{"@type":"SearchAction","target":{"@type":"EntryPoint","urlTemplate":"https:\/\/inzynier.rzeszow.pl\/?s={search_term_string}"},"query-input":{"@type":"PropertyValueSpecification","valueRequired":true,"valueName":"search_term_string"}}],"inLanguage":"pl-PL"},{"@type":"Person","@id":"https:\/\/inzynier.rzeszow.pl\/#\/schema\/person\/21ca162d893bdc5760a95d704e9b1e39","name":"admin","image":{"@type":"ImageObject","inLanguage":"pl-PL","@id":"https:\/\/secure.gravatar.com\/avatar\/d5d1959f10b94c8abcf928274f8bb5b8c7370b0dfadb0590911bacad18965f21?s=96&d=mm&r=g","url":"https:\/\/secure.gravatar.com\/avatar\/d5d1959f10b94c8abcf928274f8bb5b8c7370b0dfadb0590911bacad18965f21?s=96&d=mm&r=g","contentUrl":"https:\/\/secure.gravatar.com\/avatar\/d5d1959f10b94c8abcf928274f8bb5b8c7370b0dfadb0590911bacad18965f21?s=96&d=mm&r=g","caption":"admin"},"sameAs":["https:\/\/migracja.inzynier.rzeszow.pl"],"url":"https:\/\/inzynier.rzeszow.pl\/index.php\/author\/kwojcik\/"}]}},"rttpg_featured_image_url":{"full":["https:\/\/inzynier.rzeszow.pl\/wp-content\/uploads\/2025\/03\/obraz_2026-02-02_182212789.png",1920,1080,false],"landscape":["https:\/\/inzynier.rzeszow.pl\/wp-content\/uploads\/2025\/03\/obraz_2026-02-02_182212789.png",1920,1080,false],"portraits":["https:\/\/inzynier.rzeszow.pl\/wp-content\/uploads\/2025\/03\/obraz_2026-02-02_182212789.png",1920,1080,false],"thumbnail":["https:\/\/inzynier.rzeszow.pl\/wp-content\/uploads\/2025\/03\/obraz_2026-02-02_182212789-150x150.png",150,150,true],"medium":["https:\/\/inzynier.rzeszow.pl\/wp-content\/uploads\/2025\/03\/obraz_2026-02-02_182212789-300x169.png",300,169,true],"large":["https:\/\/inzynier.rzeszow.pl\/wp-content\/uploads\/2025\/03\/obraz_2026-02-02_182212789-1024x576.png",1024,576,true],"1536x1536":["https:\/\/inzynier.rzeszow.pl\/wp-content\/uploads\/2025\/03\/obraz_2026-02-02_182212789-1536x864.png",1536,864,true],"2048x2048":["https:\/\/inzynier.rzeszow.pl\/wp-content\/uploads\/2025\/03\/obraz_2026-02-02_182212789.png",1920,1080,false]},"rttpg_author":{"display_name":"admin","author_link":"https:\/\/inzynier.rzeszow.pl\/index.php\/author\/kwojcik\/"},"rttpg_comment":0,"rttpg_category":"<a href=\"https:\/\/inzynier.rzeszow.pl\/index.php\/category\/wydarzenia\/\" rel=\"category tag\">Wydarzenia<\/a> <a href=\"https:\/\/inzynier.rzeszow.pl\/index.php\/category\/z-zycia-izby\/\" rel=\"category tag\">Z \u017cycia izby<\/a> <a href=\"https:\/\/inzynier.rzeszow.pl\/index.php\/category\/z-zycia-izby\/z-zycia-izby-rok-2025\/\" rel=\"category tag\">Z \u017cycia Izby Rok 2025<\/a>","rttpg_excerpt":"W dniu 27 marca 2025 r. o godzinie 18.00 odby\u0142o si\u0119 w Galerii Integracyjnej PDK OIIB wyj\u0105tkowe spotkanie z podr\u00f3\u017cniczk\u0105 [&hellip;]","_links":{"self":[{"href":"https:\/\/inzynier.rzeszow.pl\/index.php\/wp-json\/wp\/v2\/posts\/3502","targetHints":{"allow":["GET"]}}],"collection":[{"href":"https:\/\/inzynier.rzeszow.pl\/index.php\/wp-json\/wp\/v2\/posts"}],"about":[{"href":"https:\/\/inzynier.rzeszow.pl\/index.php\/wp-json\/wp\/v2\/types\/post"}],"author":[{"embeddable":true,"href":"https:\/\/inzynier.rzeszow.pl\/index.php\/wp-json\/wp\/v2\/users\/1"}],"replies":[{"embeddable":true,"href":"https:\/\/inzynier.rzeszow.pl\/index.php\/wp-json\/wp\/v2\/comments?post=3502"}],"version-history":[{"count":4,"href":"https:\/\/inzynier.rzeszow.pl\/index.php\/wp-json\/wp\/v2\/posts\/3502\/revisions"}],"predecessor-version":[{"id":3522,"href":"https:\/\/inzynier.rzeszow.pl\/index.php\/wp-json\/wp\/v2\/posts\/3502\/revisions\/3522"}],"wp:featuredmedia":[{"embeddable":true,"href":"https:\/\/inzynier.rzeszow.pl\/index.php\/wp-json\/wp\/v2\/media\/3511"}],"wp:attachment":[{"href":"https:\/\/inzynier.rzeszow.pl\/index.php\/wp-json\/wp\/v2\/media?parent=3502"}],"wp:term":[{"taxonomy":"category","embeddable":true,"href":"https:\/\/inzynier.rzeszow.pl\/index.php\/wp-json\/wp\/v2\/categories?post=3502"},{"taxonomy":"post_tag","embeddable":true,"href":"https:\/\/inzynier.rzeszow.pl\/index.php\/wp-json\/wp\/v2\/tags?post=3502"}],"curies":[{"name":"wp","href":"https:\/\/api.w.org\/{rel}","templated":true}]}}