{"id":3482,"date":"2025-04-12T11:59:32","date_gmt":"2025-04-12T11:59:32","guid":{"rendered":"https:\/\/migracja.inzynier.rzeszow.pl\/?p=3482"},"modified":"2026-03-25T07:39:39","modified_gmt":"2026-03-25T06:39:39","slug":"final-konkursu-sep-najlepsza-praca-wlasna-uczniow-szkol-ponadpodstawowych-edycja-xv","status":"publish","type":"post","link":"https:\/\/inzynier.rzeszow.pl\/index.php\/2025\/04\/12\/final-konkursu-sep-najlepsza-praca-wlasna-uczniow-szkol-ponadpodstawowych-edycja-xv\/","title":{"rendered":"Fina\u0142 Konkursu SEP &#8211; Najlepsza praca w\u0142asna uczni\u00f3w szk\u00f3\u0142 ponadpodstawowych &#8211; edycja XV"},"content":{"rendered":"\t\t<div data-elementor-type=\"wp-post\" data-elementor-id=\"3482\" class=\"elementor elementor-3482\" data-elementor-post-type=\"post\">\n\t\t\t\t<div class=\"elementor-element elementor-element-f123d81 e-flex e-con-boxed e-con e-parent\" data-id=\"f123d81\" data-element_type=\"container\" data-e-type=\"container\">\n\t\t\t\t\t<div class=\"e-con-inner\">\n\t\t\t\t<div class=\"elementor-element elementor-element-168323c elementor-widget elementor-widget-image\" data-id=\"168323c\" data-element_type=\"widget\" data-e-type=\"widget\" data-widget_type=\"image.default\">\n\t\t\t\t\t\t\t\t\t\t\t\t\t\t\t<img fetchpriority=\"high\" decoding=\"async\" width=\"1024\" height=\"470\" src=\"https:\/\/inzynier.rzeszow.pl\/wp-content\/uploads\/2025\/04\/obraz_2026-02-02_180012414-1024x470.png\" class=\"attachment-large size-large wp-image-3484\" alt=\"\" srcset=\"https:\/\/inzynier.rzeszow.pl\/wp-content\/uploads\/2025\/04\/obraz_2026-02-02_180012414-1024x470.png 1024w, https:\/\/inzynier.rzeszow.pl\/wp-content\/uploads\/2025\/04\/obraz_2026-02-02_180012414-300x138.png 300w, https:\/\/inzynier.rzeszow.pl\/wp-content\/uploads\/2025\/04\/obraz_2026-02-02_180012414-768x352.png 768w, https:\/\/inzynier.rzeszow.pl\/wp-content\/uploads\/2025\/04\/obraz_2026-02-02_180012414-1536x704.png 1536w, https:\/\/inzynier.rzeszow.pl\/wp-content\/uploads\/2025\/04\/obraz_2026-02-02_180012414.png 2000w\" sizes=\"(max-width: 1024px) 100vw, 1024px\" \/>\t\t\t\t\t\t\t\t\t\t\t\t\t\t\t<\/div>\n\t\t\t\t\t<\/div>\n\t\t\t\t<\/div>\n\t\t<div class=\"elementor-element elementor-element-9e80422 e-flex e-con-boxed e-con e-parent\" data-id=\"9e80422\" data-element_type=\"container\" data-e-type=\"container\">\n\t\t\t\t\t<div class=\"e-con-inner\">\n\t\t\t\t<div class=\"elementor-element elementor-element-9d40443 elementor-widget elementor-widget-text-editor\" data-id=\"9d40443\" data-element_type=\"widget\" data-e-type=\"widget\" data-widget_type=\"text-editor.default\">\n\t\t\t\t\t\t\t\t\t<p>W dniu 10 kwietnia 2025 r. w siedzibie Podkarpackiej Okr\u0119gowej Izbie In\u017cynier\u00f3w Budownictwa odby\u0142 si\u0119 fina\u0142 XV edycja konkursu na \u201eNajlepsz\u0105 prac\u0119 w\u0142asn\u0105 uczni\u00f3w szk\u00f3\u0142 ponadpodstawowych&#8221; w kt\u00f3rym uczestniczyli przedstawiciele PDK OIIB: sekretarz OR Liliana Serafin i zast\u0119pca przewodnicz\u0105cego OR PDK OIIB Wac\u0142aw Kami\u0144ski.<\/p><p>Do fina\u0142u zakwalifikowa\u0142y si\u0119 prace uczni\u00f3w wy\u0142onione w etapach szkolnych. Zg\u0142oszonych zosta\u0142o 11 prac z 9 szk\u00f3\u0142 : Rzeszowa,\u00a0 Jaros\u0142awia, Le\u017cajska, Jas\u0142a, Sanoka, Stalowej Woli. Przyby\u0142ych uczestnik\u00f3w i ich opiekun\u00f3w oraz jury przywita\u0142 zast\u0119pca przewodnicz\u0105cego Okr\u0119gowej Rady PDK OIIB Wac\u0142aw Kami\u0144ski. Nast\u0119pnie g\u0142os zabra\u0142 Prezes Stowarzyszenia Elektryk\u00f3w Polskich Oddzia\u0142 Rzeszowski Zbigniew Stycze\u0144, przywita\u0142 go\u015bcia honorowego Dariusza P\u00f3\u0142\u0107wiartka &#8211; I wicekuratora\u00a0 O\u015bwiaty w Rzeszowie a nast\u0119pnie\u00a0 przedstawi\u0142 jury przypomnia\u0142 \u00a0i\u00a0 om\u00f3wi\u0142 zasady prezentacji prac.<\/p><p>Prace w konkursie SEP na ,,Najlepsz\u0105 praca w\u0142asna uczni\u00f3w szk\u00f3\u0142 ponadpodstawowych&#8221;\u00a0 ocenia\u0142o jury w sk\u0142adzie:<\/p>\t\t\t\t\t\t\t\t<\/div>\n\t\t\t\t\t<\/div>\n\t\t\t\t<\/div>\n\t\t<div class=\"elementor-element elementor-element-4f70bb6 e-flex e-con-boxed e-con e-parent\" data-id=\"4f70bb6\" data-element_type=\"container\" data-e-type=\"container\">\n\t\t\t\t\t<div class=\"e-con-inner\">\n\t\t<div class=\"elementor-element elementor-element-44b5713 e-con-full e-flex e-con e-child\" data-id=\"44b5713\" data-element_type=\"container\" data-e-type=\"container\">\n\t\t\t\t<div class=\"elementor-element elementor-element-f3497ff elementor-widget elementor-widget-image\" data-id=\"f3497ff\" data-element_type=\"widget\" data-e-type=\"widget\" data-widget_type=\"image.default\">\n\t\t\t\t\t\t\t\t\t\t\t\t\t\t\t<img decoding=\"async\" width=\"1024\" height=\"768\" src=\"https:\/\/inzynier.rzeszow.pl\/wp-content\/uploads\/2025\/04\/obraz_2026-02-02_180138960-1024x768.png\" class=\"attachment-large size-large wp-image-3485\" alt=\"\" srcset=\"https:\/\/inzynier.rzeszow.pl\/wp-content\/uploads\/2025\/04\/obraz_2026-02-02_180138960-1024x768.png 1024w, https:\/\/inzynier.rzeszow.pl\/wp-content\/uploads\/2025\/04\/obraz_2026-02-02_180138960-300x225.png 300w, https:\/\/inzynier.rzeszow.pl\/wp-content\/uploads\/2025\/04\/obraz_2026-02-02_180138960-768x576.png 768w, https:\/\/inzynier.rzeszow.pl\/wp-content\/uploads\/2025\/04\/obraz_2026-02-02_180138960-1536x1152.png 1536w, https:\/\/inzynier.rzeszow.pl\/wp-content\/uploads\/2025\/04\/obraz_2026-02-02_180138960.png 2000w\" sizes=\"(max-width: 1024px) 100vw, 1024px\" \/>\t\t\t\t\t\t\t\t\t\t\t\t\t\t\t<\/div>\n\t\t\t\t<\/div>\n\t\t<div class=\"elementor-element elementor-element-5c2e3bd e-con-full e-flex e-con e-child\" data-id=\"5c2e3bd\" data-element_type=\"container\" data-e-type=\"container\">\n\t\t\t\t<div class=\"elementor-element elementor-element-d681aaf elementor-widget elementor-widget-text-editor\" data-id=\"d681aaf\" data-element_type=\"widget\" data-e-type=\"widget\" data-widget_type=\"text-editor.default\">\n\t\t\t\t\t\t\t\t\t<p>&#8211; Zbigniew Stycze\u0144 &#8211;\u00a0 Prezes Oddzia\u0142u Rzeszowskiego SEP &#8211; przewodnicz\u0105cy jury.<br \/>&#8211; Dariusz P\u00f3\u0142\u0107wiartek &#8211; I wicekurator\u00a0 O\u015bwiaty w Rzeszowie.<br \/>&#8211; Liliana Serafin &#8211; sekretarz OR Podkarpackiej Okr\u0119gowej Izby In\u017cynier\u00f3w Budownictwa.<br \/>&#8211; Robert Ziemba dr in\u017c. &#8211; cz\u0142onek Komisji ds. m\u0142odzie\u017cy i student\u00f3w, wyk\u0142adowca Politechniki Rzeszowskiej.<br \/>&#8211; Anna\u00a0 Szlachta\u00a0 dr in\u017c.- cz\u0142onek Ko\u0142a SEP przy Politechnice Rzeszowskiej, wyk\u0142adowca Politechniki Rzeszowskiej.<br \/>&#8211; Piotr\u00a0 Bogusz\u00a0 dr hab. in\u017c.- cz\u0142onek Ko\u0142a SEP przy Politechnice Rzeszowskiej, wyk\u0142adowca Politechniki Rzeszowskiej.<br \/>&#8211; Adam Kowalski &#8211;\u00a0 dyrektor ds. marketingu firmy Elektromonta\u017c Rzesz\u00f3w S.A., cz\u0142onek Komisji ds. m\u0142odzie\u017cy i student\u00f3w Oddzia\u0142u Rzeszowskiego SEP<br \/>&#8211; Wojciech Bieda &#8211; Dyrektor techniczny firmy Elektromonta\u017c Rzesz\u00f3w S.A., cz\u0142onek Komisji ds. m\u0142odzie\u017cy i student\u00f3w Oddzia\u0142u Rzeszowskiego SEP.<br \/>&#8211; Turek Urszula &#8211; przewodnicz\u0105ca Komisji ds. m\u0142odzie\u017cy i student\u00f3w, sekretarz Zarz\u0105du Oddzia\u0142u Rzeszowskiego SEP.<br \/>&#8211; Czy\u017c Mieczys\u0142aw &#8211; przewodnicz\u0105cy Komisji Rewizyjnej Oddzia\u0142u Rzeszowskiego SEP, cz\u0142onek Komisji ds. m\u0142odzie\u017cy i student\u00f3w .<br \/>&#8211; Bart\u0142omiej Ku\u017anicki &#8211; manager rozwoju firmy ELECTRA Polska.<\/p>\t\t\t\t\t\t\t\t<\/div>\n\t\t\t\t<\/div>\n\t\t\t\t\t<\/div>\n\t\t\t\t<\/div>\n\t\t<div class=\"elementor-element elementor-element-91e3179 e-flex e-con-boxed e-con e-parent\" data-id=\"91e3179\" data-element_type=\"container\" data-e-type=\"container\">\n\t\t\t\t\t<div class=\"e-con-inner\">\n\t\t\t\t<div class=\"elementor-element elementor-element-46f06cb elementor-widget elementor-widget-text-editor\" data-id=\"46f06cb\" data-element_type=\"widget\" data-e-type=\"widget\" data-widget_type=\"text-editor.default\">\n\t\t\t\t\t\t\t\t\t<p>Komisja konkursowa mia\u0142a bardzo trudne zadanie, ze wzgl\u0119du na wysoki\u00a0 i wyr\u00f3wnany poziom prac. Po d\u0142ugotrwa\u0142ej dyskusji przyznano nagrody i wyr\u00f3\u017cnienia dla nast\u0119puj\u0105cych prac:<\/p>\t\t\t\t\t\t\t\t<\/div>\n\t\t\t\t\t<\/div>\n\t\t\t\t<\/div>\n\t\t<div class=\"elementor-element elementor-element-eef852b e-flex e-con-boxed e-con e-parent\" data-id=\"eef852b\" data-element_type=\"container\" data-e-type=\"container\">\n\t\t\t\t\t<div class=\"e-con-inner\">\n\t\t\t\t<div class=\"elementor-element elementor-element-8eb9134 elementor-widget elementor-widget-text-editor\" data-id=\"8eb9134\" data-element_type=\"widget\" data-e-type=\"widget\" data-widget_type=\"text-editor.default\">\n\t\t\t\t\t\t\t\t\t<table border=\"1\" width=\"652\" cellspacing=\"0\" cellpadding=\"0\"><tbody><tr><td valign=\"top\" width=\"104\"><p align=\"center\"><strong>wynik<\/strong><\/p><\/td><td valign=\"top\" width=\"168\"><p align=\"center\"><strong><br \/>nazwisko i imi\u0119<\/strong><\/p><\/td><td valign=\"top\" width=\"208\"><p align=\"center\"><strong><br \/>temat pracy<\/strong><\/p><\/td><td valign=\"top\" width=\"172\"><p align=\"center\"><strong><br \/>szko\u0142a<br \/><br \/><\/strong><\/p><\/td><\/tr><tr><td valign=\"top\" width=\"104\"><p align=\"center\"><em>\u00a0<\/em>I<\/p><p align=\"center\">miejsce<\/p><\/td><td valign=\"top\" width=\"168\"><p align=\"center\">Mateusz Moskal<br \/>Sebastian \u015alanda<br \/>Tomasz Molita<br \/><em>Opiekun pracy:<\/em><br \/>Robert Maruszak<\/p><\/td><td valign=\"top\" width=\"208\"><p align=\"center\">Robot wielozadaniowy ,,COBRA&#8221;<\/p><\/td><td valign=\"top\" width=\"172\"><p align=\"center\">Zesp\u00f3\u0142 Szk\u00f3\u0142 Technicznych<br \/>w Le\u017cajsku<\/p><p align=\"center\"><em>\u00a0<\/em><\/p><\/td><\/tr><tr><td valign=\"top\" width=\"104\"><p align=\"center\">\u00a0II<\/p><p align=\"center\">miejsce<\/p><\/td><td valign=\"top\" width=\"168\"><p align=\"center\">Damian Iwanicki<br \/>Jakub Lechwar<br \/>Mateusz Zag\u00f3rski<br \/>Szymon Mi\u015bkowicz<br \/><em>Opiekun pracy:<\/em><br \/>Damian Mat\u0142osz<\/p><\/td><td valign=\"top\" width=\"208\"><p align=\"center\">Inteligentne zarz\u0105dzanie wodami deszczowymi<br \/>,,Ekopanol&#8221;<\/p><\/td><td valign=\"top\" width=\"172\"><p align=\"center\">Zesp\u00f3\u0142 Szk\u00f3\u0142<br \/>Nr 3 w Ja\u015ble<\/p><\/td><\/tr><tr><td valign=\"top\" width=\"104\"><p align=\"center\">III<\/p><p align=\"center\">miejsce<\/p><\/td><td valign=\"top\" width=\"168\"><p align=\"center\">Dominik Kawalec<br \/>Krzysztof Sochacki<br \/><em>Opiekun pracy:<\/em><br \/>Joanna Bia\u0142og\u0142owska<\/p><\/td><td valign=\"top\" width=\"208\"><p align=\"center\">Szachownica elektroniczna<\/p><\/td><td valign=\"top\" width=\"172\"><p align=\"center\">Zesp\u00f3\u0142 Szk\u00f3\u0142 Elektronicznych<br \/>w Rzeszowie<\/p><\/td><\/tr><tr><td valign=\"top\" width=\"104\"><p align=\"center\">\u00a0<\/p><p align=\"center\">Wyr\u00f3\u017cnienie<\/p><\/td><td valign=\"top\" width=\"168\"><p align=\"center\">Pawe\u0142 Bator<br \/>Edward Charczok<br \/>Kacper Kosydar<br \/><em>Opiekun pracy:<\/em><br \/>Tomasz Kasprzyk<\/p><\/td><td valign=\"top\" width=\"208\"><p align=\"center\">Rydwan mocy<\/p><\/td><td valign=\"top\" width=\"172\"><p align=\"center\">Zesp\u00f3\u0142 Szk\u00f3\u0142<em><br \/><\/em>Energetycznych<em><br \/><\/em>w Rzeszowie<\/p><p align=\"center\">\u00a0<\/p><\/td><\/tr><tr><td valign=\"top\" width=\"104\"><p align=\"center\">\u00a0<br \/>Wyr\u00f3\u017cnienie<\/p><\/td><td valign=\"top\" width=\"168\"><p align=\"center\">Eryk Ciupak<br \/><em>Opiekun pracy:<\/em><br \/>Piotr Prach<\/p><\/td><td valign=\"top\" width=\"208\"><p align=\"center\">Aplikacja mobilna<br \/>FizSEP<\/p><\/td><td valign=\"top\" width=\"172\"><p align=\"center\">\u00a0\u00a0\u00a0 Technikum TEB Edukacja<br \/>w Rzeszowie<\/p><\/td><\/tr><tr><td valign=\"top\" width=\"104\"><p align=\"center\">\u00a0<\/p><p align=\"center\">Wyr\u00f3\u017cnienie<\/p><\/td><td valign=\"top\" width=\"168\"><p align=\"center\">Dawid Dziadosz<br \/>Krystian Marsza\u0142ek<br \/><em>Opiekun pracy:<\/em><\/p><\/td><td valign=\"top\" width=\"208\"><p align=\"center\">Kreatywne projekty Robo Jas\u0142o Squad<\/p><\/td><td valign=\"top\" width=\"172\"><p align=\"center\">Zesp\u00f3\u0142 Szk\u00f3\u0142<br \/>Nr 3 w Ja\u015ble<\/p><p align=\"center\"><em>\u00a0<\/em><\/p><\/td><\/tr><tr><td valign=\"top\" width=\"104\"><p align=\"center\">\u00a0<br \/>Wyr\u00f3\u017cnienie<\/p><\/td><td valign=\"top\" width=\"168\"><p align=\"center\">Szymon Siorek &#8211; Guli\u0144ski<br \/><em>Opiekun pracy:<\/em><br \/>Piotr Paw\u0142owsk<\/p><\/td><td valign=\"top\" width=\"208\"><p align=\"center\">Magazyn energii na bazie wodoru<\/p><p align=\"center\"><em>\u00a0<\/em><\/p><\/td><td valign=\"top\" width=\"172\"><p align=\"center\">Zesp\u00f3\u0142 Szk\u00f3\u0142<em><br \/><\/em>Technicznych<em><br \/><\/em>w Rzeszowie<\/p><\/td><\/tr><tr><td valign=\"top\" width=\"104\"><p align=\"center\">\u00a0<\/p><p align=\"center\">Wyr\u00f3\u017cnienie<\/p><\/td><td valign=\"top\" width=\"168\"><p align=\"center\">Rados\u0142aw Bedli\u0144ski<br \/>Wiktor Baran<br \/><em>Opiekun pracy:<\/em><br \/>Joanna Bia\u0142og\u0142owska<\/p><\/td><td valign=\"top\" width=\"208\"><p align=\"center\">Sonar ultrad\u017awi\u0119kowy<\/p><p align=\"center\"><em>\u00a0<\/em><\/p><\/td><td valign=\"top\" width=\"172\"><p align=\"center\">Zesp\u00f3\u0142 Szk\u00f3\u0142<em><br \/><\/em>Elektronicznych<em><br \/><\/em>w Rzeszowie<\/p><\/td><\/tr><tr><td valign=\"top\" width=\"104\"><p align=\"center\">\u00a0<\/p><p align=\"center\">\u00a0Wyr\u00f3\u017cnienie<\/p><\/td><td valign=\"top\" width=\"168\"><p align=\"center\">Maksymilian Pogoda<br \/>Natalia Cygan<br \/><em>Opiekun pracy:<\/em><br \/>Gabriela Rubas &#8211; D\u0119bska<br \/>Grzegorz Cygan<\/p><\/td><td valign=\"top\" width=\"208\"><p align=\"center\">Stanowisko do nauki SFC<\/p><\/td><td valign=\"top\" width=\"172\"><p align=\"center\">Centrum Edukacji Zawodowej w Salowej Woli<\/p><p align=\"center\">\u00a0<\/p><\/td><\/tr><tr><td valign=\"top\" width=\"104\"><p align=\"center\">\u00a0<\/p><p align=\"center\">Wyr\u00f3\u017cnienie<\/p><\/td><td valign=\"top\" width=\"168\"><p align=\"center\">Maciej Bogusz<br \/>Antoni Wojnarowski<br \/><em>Opiekun pracy:<\/em><br \/>Joanna Bia\u0142og\u0142owska<\/p><\/td><td valign=\"top\" width=\"208\"><p align=\"center\">Budowa i zastosowanie silnik\u00f3w krokowych<\/p><\/td><td valign=\"top\" width=\"172\"><p align=\"center\">Zesp\u00f3\u0142 Szk\u00f3\u0142<em><br \/><\/em>Elektronicznych<em><br \/><\/em>w Rzeszowie<\/p><\/td><\/tr><\/tbody><\/table>\t\t\t\t\t\t\t\t<\/div>\n\t\t\t\t\t<\/div>\n\t\t\t\t<\/div>\n\t\t<div class=\"elementor-element elementor-element-83ef088 e-flex e-con-boxed e-con e-parent\" data-id=\"83ef088\" data-element_type=\"container\" data-e-type=\"container\">\n\t\t\t\t\t<div class=\"e-con-inner\">\n\t\t\t\t<div class=\"elementor-element elementor-element-0a5291f elementor-widget elementor-widget-text-editor\" data-id=\"0a5291f\" data-element_type=\"widget\" data-e-type=\"widget\" data-widget_type=\"text-editor.default\">\n\t\t\t\t\t\t\t\t\t<p>Zwyci\u0119zcy konkursu oraz wyr\u00f3\u017cnieni otrzymali cenne nagrody ufundowane przez: Stowarzyszenie Elektryk\u00f3w Polskich O\/Rz, Podkarpack\u0105 Okr\u0119gow\u0105 Izb\u0119 In\u017cynier\u00f3w Budownictwa, firmy: Elektromonta\u017c Rzesz\u00f3w S.A, \u00a0ELECTRA Polska oraz KONTAKT &#8211; SIMON \u00a0S.A.<\/p><p>Wszyscy uczestnicy konkursu wraz z opiekunami otrzymali okoliczno\u015bciowe dyplomy i listy gratulacyjne.<\/p><p>Celem konkursu jest budzenie i rozwijanie w\u015br\u00f3d uczni\u00f3w zainteresowania technik\u0105, umiej\u0119tno\u015bciami praktycznymi oraz inwencj\u0105 w doborze temat\u00f3w.<br \/><strong><br \/><a href=\"https:\/\/www.facebook.com\/PodkarpackaOIIB\/posts\/pfbid0mVxrqhbR22Nz4Kp7NoMgEHXVykLygSdDMXVQ1AiN5RWn3eB7nkiQ7EAXzJVusj6fl\" target=\"_blank\" rel=\"noopener\">Galeria fotograficzna z Konkursu SEP &#8211; Najlepsza praca w\u0142asna uczni\u00f3w szk\u00f3\u0142 ponadpodstawowych &#8211;\u00a0 edycja XV &#8211; 10.04.2025 r. &gt;&gt;<\/a><\/strong><\/p><p align=\"right\">\u00a0\u00a0\u00a0\u00a0\u00a0\u00a0\u00a0\u00a0\u00a0\u00a0\u00a0\u00a0\u00a0\u00a0\u00a0\u00a0\u00a0\u00a0\u00a0\u00a0\u00a0\u00a0\u00a0\u00a0\u00a0\u00a0\u00a0\u00a0\u00a0\u00a0\u00a0\u00a0\u00a0\u00a0\u00a0\u00a0\u00a0\u00a0\u00a0\u00a0\u00a0\u00a0\u00a0\u00a0\u00a0\u00a0\u00a0\u00a0\u00a0\u00a0\u00a0\u00a0\u00a0\u00a0\u00a0\u00a0\u00a0\u00a0\u00a0\u00a0\u00a0\u00a0\u00a0\u00a0\u00a0\u00a0\u00a0\u00a0\u00a0\u00a0\u00a0\u00a0\u00a0\u00a0\u00a0\u00a0\u00a0\u00a0\u00a0\u00a0\u00a0\u00a0\u00a0\u00a0\u00a0\u00a0\u00a0\u00a0\u00a0\u00a0\u00a0\u00a0\u00a0\u00a0\u00a0\u00a0\u00a0\u00a0\u00a0\u00a0\u00a0\u00a0\u00a0\u00a0\u00a0\u00a0\u00a0 Opracowanie: Irena Jamr\u00f3z<br \/>Urszula Turek<br \/>fot.: biuro PDK OIIB<\/p>\t\t\t\t\t\t\t\t<\/div>\n\t\t\t\t\t<\/div>\n\t\t\t\t<\/div>\n\t\t\t\t<\/div>\n\t\t","protected":false},"excerpt":{"rendered":"<p>W dniu 10 kwietnia 2025 r. w siedzibie Podkarpackiej Okr\u0119gowej Izbie In\u017cynier\u00f3w Budownictwa odby\u0142 si\u0119 fina\u0142 XV edycja konkursu na [&hellip;]<\/p>\n","protected":false},"author":1,"featured_media":3484,"comment_status":"closed","ping_status":"closed","sticky":false,"template":"","format":"standard","meta":{"site-sidebar-layout":"default","site-content-layout":"","ast-site-content-layout":"default","site-content-style":"default","site-sidebar-style":"default","ast-global-header-display":"","ast-banner-title-visibility":"","ast-main-header-display":"","ast-hfb-above-header-display":"","ast-hfb-below-header-display":"","ast-hfb-mobile-header-display":"","site-post-title":"","ast-breadcrumbs-content":"","ast-featured-img":"","footer-sml-layout":"","ast-disable-related-posts":"","theme-transparent-header-meta":"","adv-header-id-meta":"","stick-header-meta":"","header-above-stick-meta":"","header-main-stick-meta":"","header-below-stick-meta":"","astra-migrate-meta-layouts":"default","ast-page-background-enabled":"default","ast-page-background-meta":{"desktop":{"background-color":"var(--ast-global-color-5)","background-image":"","background-repeat":"repeat","background-position":"center center","background-size":"auto","background-attachment":"scroll","background-type":"","background-media":"","overlay-type":"","overlay-color":"","overlay-opacity":"","overlay-gradient":""},"tablet":{"background-color":"","background-image":"","background-repeat":"repeat","background-position":"center center","background-size":"auto","background-attachment":"scroll","background-type":"","background-media":"","overlay-type":"","overlay-color":"","overlay-opacity":"","overlay-gradient":""},"mobile":{"background-color":"","background-image":"","background-repeat":"repeat","background-position":"center center","background-size":"auto","background-attachment":"scroll","background-type":"","background-media":"","overlay-type":"","overlay-color":"","overlay-opacity":"","overlay-gradient":""}},"ast-content-background-meta":{"desktop":{"background-color":"var(--ast-global-color-4)","background-image":"","background-repeat":"repeat","background-position":"center center","background-size":"auto","background-attachment":"scroll","background-type":"","background-media":"","overlay-type":"","overlay-color":"","overlay-opacity":"","overlay-gradient":""},"tablet":{"background-color":"var(--ast-global-color-4)","background-image":"","background-repeat":"repeat","background-position":"center center","background-size":"auto","background-attachment":"scroll","background-type":"","background-media":"","overlay-type":"","overlay-color":"","overlay-opacity":"","overlay-gradient":""},"mobile":{"background-color":"var(--ast-global-color-4)","background-image":"","background-repeat":"repeat","background-position":"center center","background-size":"auto","background-attachment":"scroll","background-type":"","background-media":"","overlay-type":"","overlay-color":"","overlay-opacity":"","overlay-gradient":""}},"footnotes":""},"categories":[64,7,16,55],"tags":[],"class_list":["post-3482","post","type-post","status-publish","format-standard","has-post-thumbnail","hentry","category-wspolpraca-z-dziecmi-i-mlodzieza","category-wydarzenia","category-z-zycia-izby","category-z-zycia-izby-rok-2025"],"yoast_head":"<!-- This site is optimized with the Yoast SEO plugin v27.5 - https:\/\/yoast.com\/product\/yoast-seo-wordpress\/ -->\n<title>Fina\u0142 Konkursu SEP - Najlepsza praca w\u0142asna uczni\u00f3w szk\u00f3\u0142 ponadpodstawowych - edycja XV - Podkarpacka Okregowa Izba Inzynierow Budownictwa<\/title>\n<meta name=\"robots\" content=\"index, follow, max-snippet:-1, max-image-preview:large, max-video-preview:-1\" \/>\n<link rel=\"canonical\" href=\"https:\/\/inzynier.rzeszow.pl\/index.php\/2025\/04\/12\/final-konkursu-sep-najlepsza-praca-wlasna-uczniow-szkol-ponadpodstawowych-edycja-xv\/\" \/>\n<meta property=\"og:locale\" content=\"pl_PL\" \/>\n<meta property=\"og:type\" content=\"article\" \/>\n<meta property=\"og:title\" content=\"Fina\u0142 Konkursu SEP - Najlepsza praca w\u0142asna uczni\u00f3w szk\u00f3\u0142 ponadpodstawowych - edycja XV - Podkarpacka Okregowa Izba Inzynierow Budownictwa\" \/>\n<meta property=\"og:description\" content=\"W dniu 10 kwietnia 2025 r. w siedzibie Podkarpackiej Okr\u0119gowej Izbie In\u017cynier\u00f3w Budownictwa odby\u0142 si\u0119 fina\u0142 XV edycja konkursu na [&hellip;]\" \/>\n<meta property=\"og:url\" content=\"https:\/\/inzynier.rzeszow.pl\/index.php\/2025\/04\/12\/final-konkursu-sep-najlepsza-praca-wlasna-uczniow-szkol-ponadpodstawowych-edycja-xv\/\" \/>\n<meta property=\"og:site_name\" content=\"Podkarpacka Okregowa Izba Inzynierow Budownictwa\" \/>\n<meta property=\"article:published_time\" content=\"2025-04-12T11:59:32+00:00\" \/>\n<meta property=\"article:modified_time\" content=\"2026-03-25T06:39:39+00:00\" \/>\n<meta property=\"og:image\" content=\"https:\/\/inzynier.rzeszow.pl\/wp-content\/uploads\/2025\/04\/obraz_2026-02-02_180012414.png\" \/>\n\t<meta property=\"og:image:width\" content=\"2000\" \/>\n\t<meta property=\"og:image:height\" content=\"917\" \/>\n\t<meta property=\"og:image:type\" content=\"image\/png\" \/>\n<meta name=\"author\" content=\"admin\" \/>\n<meta name=\"twitter:card\" content=\"summary_large_image\" \/>\n<meta name=\"twitter:label1\" content=\"Napisane przez\" \/>\n\t<meta name=\"twitter:data1\" content=\"admin\" \/>\n\t<meta name=\"twitter:label2\" content=\"Szacowany czas czytania\" \/>\n\t<meta name=\"twitter:data2\" content=\"3 minuty\" \/>\n<script type=\"application\/ld+json\" class=\"yoast-schema-graph\">{\"@context\":\"https:\\\/\\\/schema.org\",\"@graph\":[{\"@type\":\"Article\",\"@id\":\"https:\\\/\\\/inzynier.rzeszow.pl\\\/index.php\\\/2025\\\/04\\\/12\\\/final-konkursu-sep-najlepsza-praca-wlasna-uczniow-szkol-ponadpodstawowych-edycja-xv\\\/#article\",\"isPartOf\":{\"@id\":\"https:\\\/\\\/inzynier.rzeszow.pl\\\/index.php\\\/2025\\\/04\\\/12\\\/final-konkursu-sep-najlepsza-praca-wlasna-uczniow-szkol-ponadpodstawowych-edycja-xv\\\/\"},\"author\":{\"name\":\"admin\",\"@id\":\"https:\\\/\\\/inzynier.rzeszow.pl\\\/#\\\/schema\\\/person\\\/21ca162d893bdc5760a95d704e9b1e39\"},\"headline\":\"Fina\u0142 Konkursu SEP &#8211; Najlepsza praca w\u0142asna uczni\u00f3w szk\u00f3\u0142 ponadpodstawowych &#8211; edycja XV\",\"datePublished\":\"2025-04-12T11:59:32+00:00\",\"dateModified\":\"2026-03-25T06:39:39+00:00\",\"mainEntityOfPage\":{\"@id\":\"https:\\\/\\\/inzynier.rzeszow.pl\\\/index.php\\\/2025\\\/04\\\/12\\\/final-konkursu-sep-najlepsza-praca-wlasna-uczniow-szkol-ponadpodstawowych-edycja-xv\\\/\"},\"wordCount\":728,\"image\":{\"@id\":\"https:\\\/\\\/inzynier.rzeszow.pl\\\/index.php\\\/2025\\\/04\\\/12\\\/final-konkursu-sep-najlepsza-praca-wlasna-uczniow-szkol-ponadpodstawowych-edycja-xv\\\/#primaryimage\"},\"thumbnailUrl\":\"https:\\\/\\\/inzynier.rzeszow.pl\\\/wp-content\\\/uploads\\\/2025\\\/04\\\/obraz_2026-02-02_180012414.png\",\"articleSection\":[\"Wsp\u00f3\u0142praca z dzie\u0107mi i m\u0142odzie\u017c\u0105\",\"Wydarzenia\",\"Z \u017cycia izby\",\"Z \u017cycia Izby Rok 2025\"],\"inLanguage\":\"pl-PL\"},{\"@type\":\"WebPage\",\"@id\":\"https:\\\/\\\/inzynier.rzeszow.pl\\\/index.php\\\/2025\\\/04\\\/12\\\/final-konkursu-sep-najlepsza-praca-wlasna-uczniow-szkol-ponadpodstawowych-edycja-xv\\\/\",\"url\":\"https:\\\/\\\/inzynier.rzeszow.pl\\\/index.php\\\/2025\\\/04\\\/12\\\/final-konkursu-sep-najlepsza-praca-wlasna-uczniow-szkol-ponadpodstawowych-edycja-xv\\\/\",\"name\":\"Fina\u0142 Konkursu SEP - Najlepsza praca w\u0142asna uczni\u00f3w szk\u00f3\u0142 ponadpodstawowych - edycja XV - Podkarpacka Okregowa Izba Inzynierow Budownictwa\",\"isPartOf\":{\"@id\":\"https:\\\/\\\/inzynier.rzeszow.pl\\\/#website\"},\"primaryImageOfPage\":{\"@id\":\"https:\\\/\\\/inzynier.rzeszow.pl\\\/index.php\\\/2025\\\/04\\\/12\\\/final-konkursu-sep-najlepsza-praca-wlasna-uczniow-szkol-ponadpodstawowych-edycja-xv\\\/#primaryimage\"},\"image\":{\"@id\":\"https:\\\/\\\/inzynier.rzeszow.pl\\\/index.php\\\/2025\\\/04\\\/12\\\/final-konkursu-sep-najlepsza-praca-wlasna-uczniow-szkol-ponadpodstawowych-edycja-xv\\\/#primaryimage\"},\"thumbnailUrl\":\"https:\\\/\\\/inzynier.rzeszow.pl\\\/wp-content\\\/uploads\\\/2025\\\/04\\\/obraz_2026-02-02_180012414.png\",\"datePublished\":\"2025-04-12T11:59:32+00:00\",\"dateModified\":\"2026-03-25T06:39:39+00:00\",\"author\":{\"@id\":\"https:\\\/\\\/inzynier.rzeszow.pl\\\/#\\\/schema\\\/person\\\/21ca162d893bdc5760a95d704e9b1e39\"},\"breadcrumb\":{\"@id\":\"https:\\\/\\\/inzynier.rzeszow.pl\\\/index.php\\\/2025\\\/04\\\/12\\\/final-konkursu-sep-najlepsza-praca-wlasna-uczniow-szkol-ponadpodstawowych-edycja-xv\\\/#breadcrumb\"},\"inLanguage\":\"pl-PL\",\"potentialAction\":[{\"@type\":\"ReadAction\",\"target\":[\"https:\\\/\\\/inzynier.rzeszow.pl\\\/index.php\\\/2025\\\/04\\\/12\\\/final-konkursu-sep-najlepsza-praca-wlasna-uczniow-szkol-ponadpodstawowych-edycja-xv\\\/\"]}]},{\"@type\":\"ImageObject\",\"inLanguage\":\"pl-PL\",\"@id\":\"https:\\\/\\\/inzynier.rzeszow.pl\\\/index.php\\\/2025\\\/04\\\/12\\\/final-konkursu-sep-najlepsza-praca-wlasna-uczniow-szkol-ponadpodstawowych-edycja-xv\\\/#primaryimage\",\"url\":\"https:\\\/\\\/inzynier.rzeszow.pl\\\/wp-content\\\/uploads\\\/2025\\\/04\\\/obraz_2026-02-02_180012414.png\",\"contentUrl\":\"https:\\\/\\\/inzynier.rzeszow.pl\\\/wp-content\\\/uploads\\\/2025\\\/04\\\/obraz_2026-02-02_180012414.png\",\"width\":2000,\"height\":917},{\"@type\":\"BreadcrumbList\",\"@id\":\"https:\\\/\\\/inzynier.rzeszow.pl\\\/index.php\\\/2025\\\/04\\\/12\\\/final-konkursu-sep-najlepsza-praca-wlasna-uczniow-szkol-ponadpodstawowych-edycja-xv\\\/#breadcrumb\",\"itemListElement\":[{\"@type\":\"ListItem\",\"position\":1,\"name\":\"Strona g\u0142\u00f3wna\",\"item\":\"https:\\\/\\\/inzynier.rzeszow.pl\\\/\"},{\"@type\":\"ListItem\",\"position\":2,\"name\":\"Fina\u0142 Konkursu SEP &#8211; Najlepsza praca w\u0142asna uczni\u00f3w szk\u00f3\u0142 ponadpodstawowych &#8211; edycja XV\"}]},{\"@type\":\"WebSite\",\"@id\":\"https:\\\/\\\/inzynier.rzeszow.pl\\\/#website\",\"url\":\"https:\\\/\\\/inzynier.rzeszow.pl\\\/\",\"name\":\"Podkarpacka Okregowa Izba Inzynierow Budownictwa\",\"description\":\"\",\"potentialAction\":[{\"@type\":\"SearchAction\",\"target\":{\"@type\":\"EntryPoint\",\"urlTemplate\":\"https:\\\/\\\/inzynier.rzeszow.pl\\\/?s={search_term_string}\"},\"query-input\":{\"@type\":\"PropertyValueSpecification\",\"valueRequired\":true,\"valueName\":\"search_term_string\"}}],\"inLanguage\":\"pl-PL\"},{\"@type\":\"Person\",\"@id\":\"https:\\\/\\\/inzynier.rzeszow.pl\\\/#\\\/schema\\\/person\\\/21ca162d893bdc5760a95d704e9b1e39\",\"name\":\"admin\",\"image\":{\"@type\":\"ImageObject\",\"inLanguage\":\"pl-PL\",\"@id\":\"https:\\\/\\\/secure.gravatar.com\\\/avatar\\\/d5d1959f10b94c8abcf928274f8bb5b8c7370b0dfadb0590911bacad18965f21?s=96&d=mm&r=g\",\"url\":\"https:\\\/\\\/secure.gravatar.com\\\/avatar\\\/d5d1959f10b94c8abcf928274f8bb5b8c7370b0dfadb0590911bacad18965f21?s=96&d=mm&r=g\",\"contentUrl\":\"https:\\\/\\\/secure.gravatar.com\\\/avatar\\\/d5d1959f10b94c8abcf928274f8bb5b8c7370b0dfadb0590911bacad18965f21?s=96&d=mm&r=g\",\"caption\":\"admin\"},\"sameAs\":[\"https:\\\/\\\/migracja.inzynier.rzeszow.pl\"],\"url\":\"https:\\\/\\\/inzynier.rzeszow.pl\\\/index.php\\\/author\\\/kwojcik\\\/\"}]}<\/script>\n<!-- \/ Yoast SEO plugin. -->","yoast_head_json":{"title":"Fina\u0142 Konkursu SEP - Najlepsza praca w\u0142asna uczni\u00f3w szk\u00f3\u0142 ponadpodstawowych - edycja XV - Podkarpacka Okregowa Izba Inzynierow Budownictwa","robots":{"index":"index","follow":"follow","max-snippet":"max-snippet:-1","max-image-preview":"max-image-preview:large","max-video-preview":"max-video-preview:-1"},"canonical":"https:\/\/inzynier.rzeszow.pl\/index.php\/2025\/04\/12\/final-konkursu-sep-najlepsza-praca-wlasna-uczniow-szkol-ponadpodstawowych-edycja-xv\/","og_locale":"pl_PL","og_type":"article","og_title":"Fina\u0142 Konkursu SEP - Najlepsza praca w\u0142asna uczni\u00f3w szk\u00f3\u0142 ponadpodstawowych - edycja XV - Podkarpacka Okregowa Izba Inzynierow Budownictwa","og_description":"W dniu 10 kwietnia 2025 r. w siedzibie Podkarpackiej Okr\u0119gowej Izbie In\u017cynier\u00f3w Budownictwa odby\u0142 si\u0119 fina\u0142 XV edycja konkursu na [&hellip;]","og_url":"https:\/\/inzynier.rzeszow.pl\/index.php\/2025\/04\/12\/final-konkursu-sep-najlepsza-praca-wlasna-uczniow-szkol-ponadpodstawowych-edycja-xv\/","og_site_name":"Podkarpacka Okregowa Izba Inzynierow Budownictwa","article_published_time":"2025-04-12T11:59:32+00:00","article_modified_time":"2026-03-25T06:39:39+00:00","og_image":[{"width":2000,"height":917,"url":"https:\/\/inzynier.rzeszow.pl\/wp-content\/uploads\/2025\/04\/obraz_2026-02-02_180012414.png","type":"image\/png"}],"author":"admin","twitter_card":"summary_large_image","twitter_misc":{"Napisane przez":"admin","Szacowany czas czytania":"3 minuty"},"schema":{"@context":"https:\/\/schema.org","@graph":[{"@type":"Article","@id":"https:\/\/inzynier.rzeszow.pl\/index.php\/2025\/04\/12\/final-konkursu-sep-najlepsza-praca-wlasna-uczniow-szkol-ponadpodstawowych-edycja-xv\/#article","isPartOf":{"@id":"https:\/\/inzynier.rzeszow.pl\/index.php\/2025\/04\/12\/final-konkursu-sep-najlepsza-praca-wlasna-uczniow-szkol-ponadpodstawowych-edycja-xv\/"},"author":{"name":"admin","@id":"https:\/\/inzynier.rzeszow.pl\/#\/schema\/person\/21ca162d893bdc5760a95d704e9b1e39"},"headline":"Fina\u0142 Konkursu SEP &#8211; Najlepsza praca w\u0142asna uczni\u00f3w szk\u00f3\u0142 ponadpodstawowych &#8211; edycja XV","datePublished":"2025-04-12T11:59:32+00:00","dateModified":"2026-03-25T06:39:39+00:00","mainEntityOfPage":{"@id":"https:\/\/inzynier.rzeszow.pl\/index.php\/2025\/04\/12\/final-konkursu-sep-najlepsza-praca-wlasna-uczniow-szkol-ponadpodstawowych-edycja-xv\/"},"wordCount":728,"image":{"@id":"https:\/\/inzynier.rzeszow.pl\/index.php\/2025\/04\/12\/final-konkursu-sep-najlepsza-praca-wlasna-uczniow-szkol-ponadpodstawowych-edycja-xv\/#primaryimage"},"thumbnailUrl":"https:\/\/inzynier.rzeszow.pl\/wp-content\/uploads\/2025\/04\/obraz_2026-02-02_180012414.png","articleSection":["Wsp\u00f3\u0142praca z dzie\u0107mi i m\u0142odzie\u017c\u0105","Wydarzenia","Z \u017cycia izby","Z \u017cycia Izby Rok 2025"],"inLanguage":"pl-PL"},{"@type":"WebPage","@id":"https:\/\/inzynier.rzeszow.pl\/index.php\/2025\/04\/12\/final-konkursu-sep-najlepsza-praca-wlasna-uczniow-szkol-ponadpodstawowych-edycja-xv\/","url":"https:\/\/inzynier.rzeszow.pl\/index.php\/2025\/04\/12\/final-konkursu-sep-najlepsza-praca-wlasna-uczniow-szkol-ponadpodstawowych-edycja-xv\/","name":"Fina\u0142 Konkursu SEP - Najlepsza praca w\u0142asna uczni\u00f3w szk\u00f3\u0142 ponadpodstawowych - edycja XV - Podkarpacka Okregowa Izba Inzynierow Budownictwa","isPartOf":{"@id":"https:\/\/inzynier.rzeszow.pl\/#website"},"primaryImageOfPage":{"@id":"https:\/\/inzynier.rzeszow.pl\/index.php\/2025\/04\/12\/final-konkursu-sep-najlepsza-praca-wlasna-uczniow-szkol-ponadpodstawowych-edycja-xv\/#primaryimage"},"image":{"@id":"https:\/\/inzynier.rzeszow.pl\/index.php\/2025\/04\/12\/final-konkursu-sep-najlepsza-praca-wlasna-uczniow-szkol-ponadpodstawowych-edycja-xv\/#primaryimage"},"thumbnailUrl":"https:\/\/inzynier.rzeszow.pl\/wp-content\/uploads\/2025\/04\/obraz_2026-02-02_180012414.png","datePublished":"2025-04-12T11:59:32+00:00","dateModified":"2026-03-25T06:39:39+00:00","author":{"@id":"https:\/\/inzynier.rzeszow.pl\/#\/schema\/person\/21ca162d893bdc5760a95d704e9b1e39"},"breadcrumb":{"@id":"https:\/\/inzynier.rzeszow.pl\/index.php\/2025\/04\/12\/final-konkursu-sep-najlepsza-praca-wlasna-uczniow-szkol-ponadpodstawowych-edycja-xv\/#breadcrumb"},"inLanguage":"pl-PL","potentialAction":[{"@type":"ReadAction","target":["https:\/\/inzynier.rzeszow.pl\/index.php\/2025\/04\/12\/final-konkursu-sep-najlepsza-praca-wlasna-uczniow-szkol-ponadpodstawowych-edycja-xv\/"]}]},{"@type":"ImageObject","inLanguage":"pl-PL","@id":"https:\/\/inzynier.rzeszow.pl\/index.php\/2025\/04\/12\/final-konkursu-sep-najlepsza-praca-wlasna-uczniow-szkol-ponadpodstawowych-edycja-xv\/#primaryimage","url":"https:\/\/inzynier.rzeszow.pl\/wp-content\/uploads\/2025\/04\/obraz_2026-02-02_180012414.png","contentUrl":"https:\/\/inzynier.rzeszow.pl\/wp-content\/uploads\/2025\/04\/obraz_2026-02-02_180012414.png","width":2000,"height":917},{"@type":"BreadcrumbList","@id":"https:\/\/inzynier.rzeszow.pl\/index.php\/2025\/04\/12\/final-konkursu-sep-najlepsza-praca-wlasna-uczniow-szkol-ponadpodstawowych-edycja-xv\/#breadcrumb","itemListElement":[{"@type":"ListItem","position":1,"name":"Strona g\u0142\u00f3wna","item":"https:\/\/inzynier.rzeszow.pl\/"},{"@type":"ListItem","position":2,"name":"Fina\u0142 Konkursu SEP &#8211; Najlepsza praca w\u0142asna uczni\u00f3w szk\u00f3\u0142 ponadpodstawowych &#8211; edycja XV"}]},{"@type":"WebSite","@id":"https:\/\/inzynier.rzeszow.pl\/#website","url":"https:\/\/inzynier.rzeszow.pl\/","name":"Podkarpacka Okregowa Izba Inzynierow Budownictwa","description":"","potentialAction":[{"@type":"SearchAction","target":{"@type":"EntryPoint","urlTemplate":"https:\/\/inzynier.rzeszow.pl\/?s={search_term_string}"},"query-input":{"@type":"PropertyValueSpecification","valueRequired":true,"valueName":"search_term_string"}}],"inLanguage":"pl-PL"},{"@type":"Person","@id":"https:\/\/inzynier.rzeszow.pl\/#\/schema\/person\/21ca162d893bdc5760a95d704e9b1e39","name":"admin","image":{"@type":"ImageObject","inLanguage":"pl-PL","@id":"https:\/\/secure.gravatar.com\/avatar\/d5d1959f10b94c8abcf928274f8bb5b8c7370b0dfadb0590911bacad18965f21?s=96&d=mm&r=g","url":"https:\/\/secure.gravatar.com\/avatar\/d5d1959f10b94c8abcf928274f8bb5b8c7370b0dfadb0590911bacad18965f21?s=96&d=mm&r=g","contentUrl":"https:\/\/secure.gravatar.com\/avatar\/d5d1959f10b94c8abcf928274f8bb5b8c7370b0dfadb0590911bacad18965f21?s=96&d=mm&r=g","caption":"admin"},"sameAs":["https:\/\/migracja.inzynier.rzeszow.pl"],"url":"https:\/\/inzynier.rzeszow.pl\/index.php\/author\/kwojcik\/"}]}},"rttpg_featured_image_url":{"full":["https:\/\/inzynier.rzeszow.pl\/wp-content\/uploads\/2025\/04\/obraz_2026-02-02_180012414.png",2000,917,false],"landscape":["https:\/\/inzynier.rzeszow.pl\/wp-content\/uploads\/2025\/04\/obraz_2026-02-02_180012414.png",2000,917,false],"portraits":["https:\/\/inzynier.rzeszow.pl\/wp-content\/uploads\/2025\/04\/obraz_2026-02-02_180012414.png",2000,917,false],"thumbnail":["https:\/\/inzynier.rzeszow.pl\/wp-content\/uploads\/2025\/04\/obraz_2026-02-02_180012414-150x150.png",150,150,true],"medium":["https:\/\/inzynier.rzeszow.pl\/wp-content\/uploads\/2025\/04\/obraz_2026-02-02_180012414-300x138.png",300,138,true],"large":["https:\/\/inzynier.rzeszow.pl\/wp-content\/uploads\/2025\/04\/obraz_2026-02-02_180012414-1024x470.png",1024,470,true],"1536x1536":["https:\/\/inzynier.rzeszow.pl\/wp-content\/uploads\/2025\/04\/obraz_2026-02-02_180012414-1536x704.png",1536,704,true],"2048x2048":["https:\/\/inzynier.rzeszow.pl\/wp-content\/uploads\/2025\/04\/obraz_2026-02-02_180012414.png",2000,917,false]},"rttpg_author":{"display_name":"admin","author_link":"https:\/\/inzynier.rzeszow.pl\/index.php\/author\/kwojcik\/"},"rttpg_comment":0,"rttpg_category":"<a href=\"https:\/\/inzynier.rzeszow.pl\/index.php\/category\/wspolpraca-z-dziecmi-i-mlodzieza\/\" rel=\"category tag\">Wsp\u00f3\u0142praca z dzie\u0107mi i m\u0142odzie\u017c\u0105<\/a> <a href=\"https:\/\/inzynier.rzeszow.pl\/index.php\/category\/wydarzenia\/\" rel=\"category tag\">Wydarzenia<\/a> <a href=\"https:\/\/inzynier.rzeszow.pl\/index.php\/category\/z-zycia-izby\/\" rel=\"category tag\">Z \u017cycia izby<\/a> <a href=\"https:\/\/inzynier.rzeszow.pl\/index.php\/category\/z-zycia-izby\/z-zycia-izby-rok-2025\/\" rel=\"category tag\">Z \u017cycia Izby Rok 2025<\/a>","rttpg_excerpt":"W dniu 10 kwietnia 2025 r. w siedzibie Podkarpackiej Okr\u0119gowej Izbie In\u017cynier\u00f3w Budownictwa odby\u0142 si\u0119 fina\u0142 XV edycja konkursu na [&hellip;]","_links":{"self":[{"href":"https:\/\/inzynier.rzeszow.pl\/index.php\/wp-json\/wp\/v2\/posts\/3482","targetHints":{"allow":["GET"]}}],"collection":[{"href":"https:\/\/inzynier.rzeszow.pl\/index.php\/wp-json\/wp\/v2\/posts"}],"about":[{"href":"https:\/\/inzynier.rzeszow.pl\/index.php\/wp-json\/wp\/v2\/types\/post"}],"author":[{"embeddable":true,"href":"https:\/\/inzynier.rzeszow.pl\/index.php\/wp-json\/wp\/v2\/users\/1"}],"replies":[{"embeddable":true,"href":"https:\/\/inzynier.rzeszow.pl\/index.php\/wp-json\/wp\/v2\/comments?post=3482"}],"version-history":[{"count":4,"href":"https:\/\/inzynier.rzeszow.pl\/index.php\/wp-json\/wp\/v2\/posts\/3482\/revisions"}],"predecessor-version":[{"id":3488,"href":"https:\/\/inzynier.rzeszow.pl\/index.php\/wp-json\/wp\/v2\/posts\/3482\/revisions\/3488"}],"wp:featuredmedia":[{"embeddable":true,"href":"https:\/\/inzynier.rzeszow.pl\/index.php\/wp-json\/wp\/v2\/media\/3484"}],"wp:attachment":[{"href":"https:\/\/inzynier.rzeszow.pl\/index.php\/wp-json\/wp\/v2\/media?parent=3482"}],"wp:term":[{"taxonomy":"category","embeddable":true,"href":"https:\/\/inzynier.rzeszow.pl\/index.php\/wp-json\/wp\/v2\/categories?post=3482"},{"taxonomy":"post_tag","embeddable":true,"href":"https:\/\/inzynier.rzeszow.pl\/index.php\/wp-json\/wp\/v2\/tags?post=3482"}],"curies":[{"name":"wp","href":"https:\/\/api.w.org\/{rel}","templated":true}]}}