{"id":3479,"date":"2025-03-22T11:23:19","date_gmt":"2025-03-22T11:23:19","guid":{"rendered":"https:\/\/migracja.inzynier.rzeszow.pl\/?p=3479"},"modified":"2026-03-25T07:36:01","modified_gmt":"2026-03-25T06:36:01","slug":"iii-ostatki-inzynierskie-07-02-2026-r-zloty-palac-rudna-mala-165a-2-2","status":"publish","type":"post","link":"https:\/\/inzynier.rzeszow.pl\/index.php\/2025\/03\/22\/iii-ostatki-inzynierskie-07-02-2026-r-zloty-palac-rudna-mala-165a-2-2\/","title":{"rendered":"XXII Europejski Kongres Informacji Renowacyjnej &#8211; 20-21 marca 2025 r. Krak\u00f3w"},"content":{"rendered":"\t\t<div data-elementor-type=\"wp-post\" data-elementor-id=\"3479\" class=\"elementor elementor-3479\" data-elementor-post-type=\"post\">\n\t\t\t\t<div class=\"elementor-element elementor-element-4f70bb6 e-flex e-con-boxed e-con e-parent\" data-id=\"4f70bb6\" data-element_type=\"container\" data-e-type=\"container\">\n\t\t\t\t\t<div class=\"e-con-inner\">\n\t\t<div class=\"elementor-element elementor-element-44b5713 e-con-full e-flex e-con e-child\" data-id=\"44b5713\" data-element_type=\"container\" data-e-type=\"container\">\n\t\t\t\t<div class=\"elementor-element elementor-element-f3497ff elementor-widget elementor-widget-image\" data-id=\"f3497ff\" data-element_type=\"widget\" data-e-type=\"widget\" data-widget_type=\"image.default\">\n\t\t\t\t\t\t\t\t\t\t\t\t\t\t\t<img fetchpriority=\"high\" decoding=\"async\" width=\"551\" height=\"309\" src=\"https:\/\/inzynier.rzeszow.pl\/wp-content\/uploads\/2025\/03\/obraz_2026-02-02_183740651.png\" class=\"attachment-large size-large wp-image-3539\" alt=\"\" srcset=\"https:\/\/inzynier.rzeszow.pl\/wp-content\/uploads\/2025\/03\/obraz_2026-02-02_183740651.png 551w, https:\/\/inzynier.rzeszow.pl\/wp-content\/uploads\/2025\/03\/obraz_2026-02-02_183740651-300x168.png 300w\" sizes=\"(max-width: 551px) 100vw, 551px\" \/>\t\t\t\t\t\t\t\t\t\t\t\t\t\t\t<\/div>\n\t\t\t\t<\/div>\n\t\t<div class=\"elementor-element elementor-element-5c2e3bd e-con-full e-flex e-con e-child\" data-id=\"5c2e3bd\" data-element_type=\"container\" data-e-type=\"container\">\n\t\t\t\t<div class=\"elementor-element elementor-element-d681aaf elementor-widget elementor-widget-text-editor\" data-id=\"d681aaf\" data-element_type=\"widget\" data-e-type=\"widget\" data-widget_type=\"text-editor.default\">\n\t\t\t\t\t\t\t\t\t<p>Przewodnicz\u0105cy OR PDK OIIB Grzegorz Dubik uczestniczy\u0142 w XXII Europejskim Kongresie Informacji Renowacyjnej\u00a0w dniach 20-21 marca 2025 r. w Krakowie. W relacji filmowej zaprosi\u0142 in\u017cynier\u00f3w by poznawali technologie stosowane w renowacji zabytk\u00f3w i korzystali z wymiany do\u015bwiadcze\u0144 mi\u0119dzy Izbami.<br \/><br \/>Kongres od wielu lat organizowany jest przez kwartalnik Renowacje i Zabytki, a od 5 lat Ma\u0142opolska Okr\u0119gowa Izba In\u017cynier\u00f3w Budownictwa pe\u0142ni rol\u0119 wsp\u00f3\u0142organizatora, przy partnerstwie\u00a0Prezydenta Miasta Krakowa i pomocy merytorycznej\u00a0Wydzia\u0142u Kultury i Dziedzictwa Narodowego Urz\u0119du Miasta oraz Miejskiego i Wojew\u00f3dzkiego Konserwatora Zabytk\u00f3w.<br \/><br \/>Zaanga\u017cowanie in\u017cynier\u00f3w w organizacj\u0119 kongresu podkre\u015bla ich kluczow\u0105 rol\u0119 w procesach renowacyjnych i konserwatorskich. Ich wiedza i do\u015bwiadczenie s\u0105 nieocenione w adaptacji zabytkowych obiekt\u00f3w do wsp\u00f3\u0142czesnych potrzeb, zapewniaj\u0105c jednocze\u015bnie zachowanie ich historycznej warto\u015bci.<\/p>\t\t\t\t\t\t\t\t<\/div>\n\t\t\t\t<\/div>\n\t\t\t\t\t<\/div>\n\t\t\t\t<\/div>\n\t\t<div class=\"elementor-element elementor-element-096ef4b e-flex e-con-boxed e-con e-parent\" data-id=\"096ef4b\" data-element_type=\"container\" data-e-type=\"container\">\n\t\t\t\t\t<div class=\"e-con-inner\">\n\t\t\t\t<div class=\"elementor-element elementor-element-2e4c537 elementor-widget__width-inherit elementor-icon-list--layout-traditional elementor-list-item-link-full_width elementor-widget elementor-widget-icon-list\" data-id=\"2e4c537\" data-element_type=\"widget\" data-e-type=\"widget\" data-widget_type=\"icon-list.default\">\n\t\t\t\t\t\t\t<ul class=\"elementor-icon-list-items\">\n\t\t\t\t\t\t\t<li class=\"elementor-icon-list-item\">\n\t\t\t\t\t\t\t\t\t\t\t<a href=\"https:\/\/www.youtube.com\/watch?v=ukDtFkaxVzI\" target=\"_blank\">\n\n\t\t\t\t\t\t\t\t\t\t\t\t<span class=\"elementor-icon-list-icon\">\n\t\t\t\t\t\t\t<svg aria-hidden=\"true\" class=\"e-font-icon-svg e-fas-arrow-circle-right\" viewBox=\"0 0 512 512\" xmlns=\"http:\/\/www.w3.org\/2000\/svg\"><path d=\"M256 8c137 0 248 111 248 248S393 504 256 504 8 393 8 256 119 8 256 8zm-28.9 143.6l75.5 72.4H120c-13.3 0-24 10.7-24 24v16c0 13.3 10.7 24 24 24h182.6l-75.5 72.4c-9.7 9.3-9.9 24.8-.4 34.3l11 10.9c9.4 9.4 24.6 9.4 33.9 0L404.3 273c9.4-9.4 9.4-24.6 0-33.9L271.6 106.3c-9.4-9.4-24.6-9.4-33.9 0l-11 10.9c-9.5 9.6-9.3 25.1.4 34.4z\"><\/path><\/svg>\t\t\t\t\t\t<\/span>\n\t\t\t\t\t\t\t\t\t\t<span class=\"elementor-icon-list-text\">Relacja filmowa z wydarzenia <\/span>\n\t\t\t\t\t\t\t\t\t\t\t<\/a>\n\t\t\t\t\t\t\t\t\t<\/li>\n\t\t\t\t\t\t<\/ul>\n\t\t\t\t\t\t<\/div>\n\t\t\t\t\t<\/div>\n\t\t\t\t<\/div>\n\t\t<div class=\"elementor-element elementor-element-9e80422 e-flex e-con-boxed e-con e-parent\" data-id=\"9e80422\" data-element_type=\"container\" data-e-type=\"container\">\n\t\t\t\t\t<div class=\"e-con-inner\">\n\t\t\t\t<div class=\"elementor-element elementor-element-9d40443 elementor-widget elementor-widget-text-editor\" data-id=\"9d40443\" data-element_type=\"widget\" data-e-type=\"widget\" data-widget_type=\"text-editor.default\">\n\t\t\t\t\t\t\t\t\t<p>Tematyka wiod\u0105ca:<strong><br \/><\/strong>1. Projektowanie i adaptacja budowli obronnych na cele u\u017cyteczno\u015bci publicznej, dzia\u0142alno\u015b\u0107 komercyjn\u0105 i obiekty schronowe w zespo\u0142ach zabytkowych.<br \/>2. Przekszta\u0142cenia obiekt\u00f3w poprzemys\u0142owych i zabytk\u00f3w rejestrowych do wsp\u00f3\u0142czesnych funkcji.<br \/>3. Nadz\u00f3r i finansowanie remont\u00f3w w obiektach sakralnych.<br \/>Zapraszamy do wys\u0142uchania<\/p><p>Nagrania z wyst\u0105pie\u0144 prelegent\u00f3w i zdj\u0119cia z wydarzenia s\u0105 dost\u0119pne ca\u0142y rok na stronie<\/p>\t\t\t\t\t\t\t\t<\/div>\n\t\t\t\t\t<\/div>\n\t\t\t\t<\/div>\n\t\t<div class=\"elementor-element elementor-element-f6bb7b5 e-flex e-con-boxed e-con e-parent\" data-id=\"f6bb7b5\" data-element_type=\"container\" data-e-type=\"container\">\n\t\t\t\t\t<div class=\"e-con-inner\">\n\t\t\t\t<div class=\"elementor-element elementor-element-27f496c elementor-widget__width-inherit elementor-icon-list--layout-traditional elementor-list-item-link-full_width elementor-widget elementor-widget-icon-list\" data-id=\"27f496c\" data-element_type=\"widget\" data-e-type=\"widget\" data-widget_type=\"icon-list.default\">\n\t\t\t\t\t\t\t<ul class=\"elementor-icon-list-items\">\n\t\t\t\t\t\t\t<li class=\"elementor-icon-list-item\">\n\t\t\t\t\t\t\t\t\t\t\t<a href=\"https:\/\/ekir.pl\/\" target=\"_blank\">\n\n\t\t\t\t\t\t\t\t\t\t\t\t<span class=\"elementor-icon-list-icon\">\n\t\t\t\t\t\t\t<svg aria-hidden=\"true\" class=\"e-font-icon-svg e-fas-arrow-circle-right\" viewBox=\"0 0 512 512\" xmlns=\"http:\/\/www.w3.org\/2000\/svg\"><path d=\"M256 8c137 0 248 111 248 248S393 504 256 504 8 393 8 256 119 8 256 8zm-28.9 143.6l75.5 72.4H120c-13.3 0-24 10.7-24 24v16c0 13.3 10.7 24 24 24h182.6l-75.5 72.4c-9.7 9.3-9.9 24.8-.4 34.3l11 10.9c9.4 9.4 24.6 9.4 33.9 0L404.3 273c9.4-9.4 9.4-24.6 0-33.9L271.6 106.3c-9.4-9.4-24.6-9.4-33.9 0l-11 10.9c-9.5 9.6-9.3 25.1.4 34.4z\"><\/path><\/svg>\t\t\t\t\t\t<\/span>\n\t\t\t\t\t\t\t\t\t\t<span class=\"elementor-icon-list-text\">Europejskiego Kongresu Informacji Renowacyjnej <\/span>\n\t\t\t\t\t\t\t\t\t\t\t<\/a>\n\t\t\t\t\t\t\t\t\t<\/li>\n\t\t\t\t\t\t<\/ul>\n\t\t\t\t\t\t<\/div>\n\t\t\t\t\t<\/div>\n\t\t\t\t<\/div>\n\t\t<div class=\"elementor-element elementor-element-63072f4 e-flex e-con-boxed e-con e-parent\" data-id=\"63072f4\" data-element_type=\"container\" data-e-type=\"container\">\n\t\t\t\t\t<div class=\"e-con-inner\">\n\t\t<div class=\"elementor-element elementor-element-18017d9 e-con-full e-flex e-con e-child\" data-id=\"18017d9\" data-element_type=\"container\" data-e-type=\"container\">\n\t\t\t\t<div class=\"elementor-element elementor-element-1fa950c elementor-widget elementor-widget-image\" data-id=\"1fa950c\" data-element_type=\"widget\" data-e-type=\"widget\" data-widget_type=\"image.default\">\n\t\t\t\t\t\t\t\t\t\t\t\t\t\t\t<img decoding=\"async\" width=\"663\" height=\"500\" src=\"https:\/\/inzynier.rzeszow.pl\/wp-content\/uploads\/2025\/03\/obraz_2026-02-02_183940158.png\" class=\"attachment-large size-large wp-image-3540\" alt=\"\" srcset=\"https:\/\/inzynier.rzeszow.pl\/wp-content\/uploads\/2025\/03\/obraz_2026-02-02_183940158.png 663w, https:\/\/inzynier.rzeszow.pl\/wp-content\/uploads\/2025\/03\/obraz_2026-02-02_183940158-300x226.png 300w\" sizes=\"(max-width: 663px) 100vw, 663px\" \/>\t\t\t\t\t\t\t\t\t\t\t\t\t\t\t<\/div>\n\t\t\t\t<\/div>\n\t\t<div class=\"elementor-element elementor-element-7e7434f e-con-full e-flex e-con e-child\" data-id=\"7e7434f\" data-element_type=\"container\" data-e-type=\"container\">\n\t\t\t\t<div class=\"elementor-element elementor-element-c5d6054 elementor-widget elementor-widget-text-editor\" data-id=\"c5d6054\" data-element_type=\"widget\" data-e-type=\"widget\" data-widget_type=\"text-editor.default\">\n\t\t\t\t\t\t\t\t\t<p>Szczeg\u00f3lnie polecamy wyst\u0105pienie Miejskiego Konserwatora Zabytk\u00f3w w Rzeszowie Edyty Dawidziak, kt\u00f3ra opisuje histori\u0119 powstania obiektu zabytkowego, jakim jest Hala Targowa i Targowiska Jutrzenka w Rzeszowie projektu St. Kusia, oraz plany na przysz\u0142o\u015b\u0107 zwi\u0105zane z obiektem.<br \/><a href=\"https:\/\/www.youtube.com\/live\/9fQrWaapn18?si=74falS8aX15DHj7L\" target=\"_blank\" rel=\"noopener\"><strong>&#8230;wi\u0119cej: 1.42.00 &gt;&gt;<\/strong><\/a><\/p><p align=\"right\"><br \/>\u017ar\u00f3d\u0142o:<br \/>Ma\u0142opolska Okr\u0119gowa Izba In\u017cynier\u00f3w Budownictwa<\/p>\t\t\t\t\t\t\t\t<\/div>\n\t\t\t\t<\/div>\n\t\t\t\t\t<\/div>\n\t\t\t\t<\/div>\n\t\t\t\t<\/div>\n\t\t","protected":false},"excerpt":{"rendered":"<p>Przewodnicz\u0105cy OR PDK OIIB Grzegorz Dubik uczestniczy\u0142 w XXII Europejskim Kongresie Informacji Renowacyjnej\u00a0w dniach 20-21 marca 2025 r. w Krakowie. [&hellip;]<\/p>\n","protected":false},"author":1,"featured_media":3539,"comment_status":"closed","ping_status":"closed","sticky":false,"template":"","format":"standard","meta":{"site-sidebar-layout":"default","site-content-layout":"","ast-site-content-layout":"default","site-content-style":"default","site-sidebar-style":"default","ast-global-header-display":"","ast-banner-title-visibility":"","ast-main-header-display":"","ast-hfb-above-header-display":"","ast-hfb-below-header-display":"","ast-hfb-mobile-header-display":"","site-post-title":"","ast-breadcrumbs-content":"","ast-featured-img":"","footer-sml-layout":"","ast-disable-related-posts":"","theme-transparent-header-meta":"","adv-header-id-meta":"","stick-header-meta":"","header-above-stick-meta":"","header-main-stick-meta":"","header-below-stick-meta":"","astra-migrate-meta-layouts":"default","ast-page-background-enabled":"default","ast-page-background-meta":{"desktop":{"background-color":"var(--ast-global-color-5)","background-image":"","background-repeat":"repeat","background-position":"center center","background-size":"auto","background-attachment":"scroll","background-type":"","background-media":"","overlay-type":"","overlay-color":"","overlay-opacity":"","overlay-gradient":""},"tablet":{"background-color":"","background-image":"","background-repeat":"repeat","background-position":"center center","background-size":"auto","background-attachment":"scroll","background-type":"","background-media":"","overlay-type":"","overlay-color":"","overlay-opacity":"","overlay-gradient":""},"mobile":{"background-color":"","background-image":"","background-repeat":"repeat","background-position":"center center","background-size":"auto","background-attachment":"scroll","background-type":"","background-media":"","overlay-type":"","overlay-color":"","overlay-opacity":"","overlay-gradient":""}},"ast-content-background-meta":{"desktop":{"background-color":"var(--ast-global-color-4)","background-image":"","background-repeat":"repeat","background-position":"center center","background-size":"auto","background-attachment":"scroll","background-type":"","background-media":"","overlay-type":"","overlay-color":"","overlay-opacity":"","overlay-gradient":""},"tablet":{"background-color":"var(--ast-global-color-4)","background-image":"","background-repeat":"repeat","background-position":"center center","background-size":"auto","background-attachment":"scroll","background-type":"","background-media":"","overlay-type":"","overlay-color":"","overlay-opacity":"","overlay-gradient":""},"mobile":{"background-color":"var(--ast-global-color-4)","background-image":"","background-repeat":"repeat","background-position":"center center","background-size":"auto","background-attachment":"scroll","background-type":"","background-media":"","overlay-type":"","overlay-color":"","overlay-opacity":"","overlay-gradient":""}},"footnotes":""},"categories":[7,16,55],"tags":[],"class_list":["post-3479","post","type-post","status-publish","format-standard","has-post-thumbnail","hentry","category-wydarzenia","category-z-zycia-izby","category-z-zycia-izby-rok-2025"],"yoast_head":"<!-- This site is optimized with the Yoast SEO plugin v27.5 - https:\/\/yoast.com\/product\/yoast-seo-wordpress\/ -->\n<title>XXII Europejski Kongres Informacji Renowacyjnej - 20-21 marca 2025 r. Krak\u00f3w - Podkarpacka Okregowa Izba Inzynierow Budownictwa<\/title>\n<meta name=\"robots\" content=\"index, follow, max-snippet:-1, max-image-preview:large, max-video-preview:-1\" \/>\n<link rel=\"canonical\" href=\"https:\/\/inzynier.rzeszow.pl\/index.php\/2025\/03\/22\/iii-ostatki-inzynierskie-07-02-2026-r-zloty-palac-rudna-mala-165a-2-2\/\" \/>\n<meta property=\"og:locale\" content=\"pl_PL\" \/>\n<meta property=\"og:type\" content=\"article\" \/>\n<meta property=\"og:title\" content=\"XXII Europejski Kongres Informacji Renowacyjnej - 20-21 marca 2025 r. Krak\u00f3w - Podkarpacka Okregowa Izba Inzynierow Budownictwa\" \/>\n<meta property=\"og:description\" content=\"Przewodnicz\u0105cy OR PDK OIIB Grzegorz Dubik uczestniczy\u0142 w XXII Europejskim Kongresie Informacji Renowacyjnej\u00a0w dniach 20-21 marca 2025 r. w Krakowie. [&hellip;]\" \/>\n<meta property=\"og:url\" content=\"https:\/\/inzynier.rzeszow.pl\/index.php\/2025\/03\/22\/iii-ostatki-inzynierskie-07-02-2026-r-zloty-palac-rudna-mala-165a-2-2\/\" \/>\n<meta property=\"og:site_name\" content=\"Podkarpacka Okregowa Izba Inzynierow Budownictwa\" \/>\n<meta property=\"article:published_time\" content=\"2025-03-22T11:23:19+00:00\" \/>\n<meta property=\"article:modified_time\" content=\"2026-03-25T06:36:01+00:00\" \/>\n<meta property=\"og:image\" content=\"https:\/\/inzynier.rzeszow.pl\/wp-content\/uploads\/2025\/03\/obraz_2026-02-02_183740651.png\" \/>\n\t<meta property=\"og:image:width\" content=\"551\" \/>\n\t<meta property=\"og:image:height\" content=\"309\" \/>\n\t<meta property=\"og:image:type\" content=\"image\/png\" \/>\n<meta name=\"author\" content=\"admin\" \/>\n<meta name=\"twitter:card\" content=\"summary_large_image\" \/>\n<meta name=\"twitter:label1\" content=\"Napisane przez\" \/>\n\t<meta name=\"twitter:data1\" content=\"admin\" \/>\n\t<meta name=\"twitter:label2\" content=\"Szacowany czas czytania\" \/>\n\t<meta name=\"twitter:data2\" content=\"2 minuty\" \/>\n<script type=\"application\/ld+json\" class=\"yoast-schema-graph\">{\"@context\":\"https:\\\/\\\/schema.org\",\"@graph\":[{\"@type\":\"Article\",\"@id\":\"https:\\\/\\\/inzynier.rzeszow.pl\\\/index.php\\\/2025\\\/03\\\/22\\\/iii-ostatki-inzynierskie-07-02-2026-r-zloty-palac-rudna-mala-165a-2-2\\\/#article\",\"isPartOf\":{\"@id\":\"https:\\\/\\\/inzynier.rzeszow.pl\\\/index.php\\\/2025\\\/03\\\/22\\\/iii-ostatki-inzynierskie-07-02-2026-r-zloty-palac-rudna-mala-165a-2-2\\\/\"},\"author\":{\"name\":\"admin\",\"@id\":\"https:\\\/\\\/inzynier.rzeszow.pl\\\/#\\\/schema\\\/person\\\/21ca162d893bdc5760a95d704e9b1e39\"},\"headline\":\"XXII Europejski Kongres Informacji Renowacyjnej &#8211; 20-21 marca 2025 r. Krak\u00f3w\",\"datePublished\":\"2025-03-22T11:23:19+00:00\",\"dateModified\":\"2026-03-25T06:36:01+00:00\",\"mainEntityOfPage\":{\"@id\":\"https:\\\/\\\/inzynier.rzeszow.pl\\\/index.php\\\/2025\\\/03\\\/22\\\/iii-ostatki-inzynierskie-07-02-2026-r-zloty-palac-rudna-mala-165a-2-2\\\/\"},\"wordCount\":287,\"image\":{\"@id\":\"https:\\\/\\\/inzynier.rzeszow.pl\\\/index.php\\\/2025\\\/03\\\/22\\\/iii-ostatki-inzynierskie-07-02-2026-r-zloty-palac-rudna-mala-165a-2-2\\\/#primaryimage\"},\"thumbnailUrl\":\"https:\\\/\\\/inzynier.rzeszow.pl\\\/wp-content\\\/uploads\\\/2025\\\/03\\\/obraz_2026-02-02_183740651.png\",\"articleSection\":[\"Wydarzenia\",\"Z \u017cycia izby\",\"Z \u017cycia Izby Rok 2025\"],\"inLanguage\":\"pl-PL\"},{\"@type\":\"WebPage\",\"@id\":\"https:\\\/\\\/inzynier.rzeszow.pl\\\/index.php\\\/2025\\\/03\\\/22\\\/iii-ostatki-inzynierskie-07-02-2026-r-zloty-palac-rudna-mala-165a-2-2\\\/\",\"url\":\"https:\\\/\\\/inzynier.rzeszow.pl\\\/index.php\\\/2025\\\/03\\\/22\\\/iii-ostatki-inzynierskie-07-02-2026-r-zloty-palac-rudna-mala-165a-2-2\\\/\",\"name\":\"XXII Europejski Kongres Informacji Renowacyjnej - 20-21 marca 2025 r. Krak\u00f3w - Podkarpacka Okregowa Izba Inzynierow Budownictwa\",\"isPartOf\":{\"@id\":\"https:\\\/\\\/inzynier.rzeszow.pl\\\/#website\"},\"primaryImageOfPage\":{\"@id\":\"https:\\\/\\\/inzynier.rzeszow.pl\\\/index.php\\\/2025\\\/03\\\/22\\\/iii-ostatki-inzynierskie-07-02-2026-r-zloty-palac-rudna-mala-165a-2-2\\\/#primaryimage\"},\"image\":{\"@id\":\"https:\\\/\\\/inzynier.rzeszow.pl\\\/index.php\\\/2025\\\/03\\\/22\\\/iii-ostatki-inzynierskie-07-02-2026-r-zloty-palac-rudna-mala-165a-2-2\\\/#primaryimage\"},\"thumbnailUrl\":\"https:\\\/\\\/inzynier.rzeszow.pl\\\/wp-content\\\/uploads\\\/2025\\\/03\\\/obraz_2026-02-02_183740651.png\",\"datePublished\":\"2025-03-22T11:23:19+00:00\",\"dateModified\":\"2026-03-25T06:36:01+00:00\",\"author\":{\"@id\":\"https:\\\/\\\/inzynier.rzeszow.pl\\\/#\\\/schema\\\/person\\\/21ca162d893bdc5760a95d704e9b1e39\"},\"breadcrumb\":{\"@id\":\"https:\\\/\\\/inzynier.rzeszow.pl\\\/index.php\\\/2025\\\/03\\\/22\\\/iii-ostatki-inzynierskie-07-02-2026-r-zloty-palac-rudna-mala-165a-2-2\\\/#breadcrumb\"},\"inLanguage\":\"pl-PL\",\"potentialAction\":[{\"@type\":\"ReadAction\",\"target\":[\"https:\\\/\\\/inzynier.rzeszow.pl\\\/index.php\\\/2025\\\/03\\\/22\\\/iii-ostatki-inzynierskie-07-02-2026-r-zloty-palac-rudna-mala-165a-2-2\\\/\"]}]},{\"@type\":\"ImageObject\",\"inLanguage\":\"pl-PL\",\"@id\":\"https:\\\/\\\/inzynier.rzeszow.pl\\\/index.php\\\/2025\\\/03\\\/22\\\/iii-ostatki-inzynierskie-07-02-2026-r-zloty-palac-rudna-mala-165a-2-2\\\/#primaryimage\",\"url\":\"https:\\\/\\\/inzynier.rzeszow.pl\\\/wp-content\\\/uploads\\\/2025\\\/03\\\/obraz_2026-02-02_183740651.png\",\"contentUrl\":\"https:\\\/\\\/inzynier.rzeszow.pl\\\/wp-content\\\/uploads\\\/2025\\\/03\\\/obraz_2026-02-02_183740651.png\",\"width\":551,\"height\":309},{\"@type\":\"BreadcrumbList\",\"@id\":\"https:\\\/\\\/inzynier.rzeszow.pl\\\/index.php\\\/2025\\\/03\\\/22\\\/iii-ostatki-inzynierskie-07-02-2026-r-zloty-palac-rudna-mala-165a-2-2\\\/#breadcrumb\",\"itemListElement\":[{\"@type\":\"ListItem\",\"position\":1,\"name\":\"Strona g\u0142\u00f3wna\",\"item\":\"https:\\\/\\\/inzynier.rzeszow.pl\\\/\"},{\"@type\":\"ListItem\",\"position\":2,\"name\":\"XXII Europejski Kongres Informacji Renowacyjnej &#8211; 20-21 marca 2025 r. Krak\u00f3w\"}]},{\"@type\":\"WebSite\",\"@id\":\"https:\\\/\\\/inzynier.rzeszow.pl\\\/#website\",\"url\":\"https:\\\/\\\/inzynier.rzeszow.pl\\\/\",\"name\":\"Podkarpacka Okregowa Izba Inzynierow Budownictwa\",\"description\":\"\",\"potentialAction\":[{\"@type\":\"SearchAction\",\"target\":{\"@type\":\"EntryPoint\",\"urlTemplate\":\"https:\\\/\\\/inzynier.rzeszow.pl\\\/?s={search_term_string}\"},\"query-input\":{\"@type\":\"PropertyValueSpecification\",\"valueRequired\":true,\"valueName\":\"search_term_string\"}}],\"inLanguage\":\"pl-PL\"},{\"@type\":\"Person\",\"@id\":\"https:\\\/\\\/inzynier.rzeszow.pl\\\/#\\\/schema\\\/person\\\/21ca162d893bdc5760a95d704e9b1e39\",\"name\":\"admin\",\"image\":{\"@type\":\"ImageObject\",\"inLanguage\":\"pl-PL\",\"@id\":\"https:\\\/\\\/secure.gravatar.com\\\/avatar\\\/d5d1959f10b94c8abcf928274f8bb5b8c7370b0dfadb0590911bacad18965f21?s=96&d=mm&r=g\",\"url\":\"https:\\\/\\\/secure.gravatar.com\\\/avatar\\\/d5d1959f10b94c8abcf928274f8bb5b8c7370b0dfadb0590911bacad18965f21?s=96&d=mm&r=g\",\"contentUrl\":\"https:\\\/\\\/secure.gravatar.com\\\/avatar\\\/d5d1959f10b94c8abcf928274f8bb5b8c7370b0dfadb0590911bacad18965f21?s=96&d=mm&r=g\",\"caption\":\"admin\"},\"sameAs\":[\"https:\\\/\\\/migracja.inzynier.rzeszow.pl\"],\"url\":\"https:\\\/\\\/inzynier.rzeszow.pl\\\/index.php\\\/author\\\/kwojcik\\\/\"}]}<\/script>\n<!-- \/ Yoast SEO plugin. -->","yoast_head_json":{"title":"XXII Europejski Kongres Informacji Renowacyjnej - 20-21 marca 2025 r. Krak\u00f3w - Podkarpacka Okregowa Izba Inzynierow Budownictwa","robots":{"index":"index","follow":"follow","max-snippet":"max-snippet:-1","max-image-preview":"max-image-preview:large","max-video-preview":"max-video-preview:-1"},"canonical":"https:\/\/inzynier.rzeszow.pl\/index.php\/2025\/03\/22\/iii-ostatki-inzynierskie-07-02-2026-r-zloty-palac-rudna-mala-165a-2-2\/","og_locale":"pl_PL","og_type":"article","og_title":"XXII Europejski Kongres Informacji Renowacyjnej - 20-21 marca 2025 r. Krak\u00f3w - Podkarpacka Okregowa Izba Inzynierow Budownictwa","og_description":"Przewodnicz\u0105cy OR PDK OIIB Grzegorz Dubik uczestniczy\u0142 w XXII Europejskim Kongresie Informacji Renowacyjnej\u00a0w dniach 20-21 marca 2025 r. w Krakowie. [&hellip;]","og_url":"https:\/\/inzynier.rzeszow.pl\/index.php\/2025\/03\/22\/iii-ostatki-inzynierskie-07-02-2026-r-zloty-palac-rudna-mala-165a-2-2\/","og_site_name":"Podkarpacka Okregowa Izba Inzynierow Budownictwa","article_published_time":"2025-03-22T11:23:19+00:00","article_modified_time":"2026-03-25T06:36:01+00:00","og_image":[{"width":551,"height":309,"url":"https:\/\/inzynier.rzeszow.pl\/wp-content\/uploads\/2025\/03\/obraz_2026-02-02_183740651.png","type":"image\/png"}],"author":"admin","twitter_card":"summary_large_image","twitter_misc":{"Napisane przez":"admin","Szacowany czas czytania":"2 minuty"},"schema":{"@context":"https:\/\/schema.org","@graph":[{"@type":"Article","@id":"https:\/\/inzynier.rzeszow.pl\/index.php\/2025\/03\/22\/iii-ostatki-inzynierskie-07-02-2026-r-zloty-palac-rudna-mala-165a-2-2\/#article","isPartOf":{"@id":"https:\/\/inzynier.rzeszow.pl\/index.php\/2025\/03\/22\/iii-ostatki-inzynierskie-07-02-2026-r-zloty-palac-rudna-mala-165a-2-2\/"},"author":{"name":"admin","@id":"https:\/\/inzynier.rzeszow.pl\/#\/schema\/person\/21ca162d893bdc5760a95d704e9b1e39"},"headline":"XXII Europejski Kongres Informacji Renowacyjnej &#8211; 20-21 marca 2025 r. Krak\u00f3w","datePublished":"2025-03-22T11:23:19+00:00","dateModified":"2026-03-25T06:36:01+00:00","mainEntityOfPage":{"@id":"https:\/\/inzynier.rzeszow.pl\/index.php\/2025\/03\/22\/iii-ostatki-inzynierskie-07-02-2026-r-zloty-palac-rudna-mala-165a-2-2\/"},"wordCount":287,"image":{"@id":"https:\/\/inzynier.rzeszow.pl\/index.php\/2025\/03\/22\/iii-ostatki-inzynierskie-07-02-2026-r-zloty-palac-rudna-mala-165a-2-2\/#primaryimage"},"thumbnailUrl":"https:\/\/inzynier.rzeszow.pl\/wp-content\/uploads\/2025\/03\/obraz_2026-02-02_183740651.png","articleSection":["Wydarzenia","Z \u017cycia izby","Z \u017cycia Izby Rok 2025"],"inLanguage":"pl-PL"},{"@type":"WebPage","@id":"https:\/\/inzynier.rzeszow.pl\/index.php\/2025\/03\/22\/iii-ostatki-inzynierskie-07-02-2026-r-zloty-palac-rudna-mala-165a-2-2\/","url":"https:\/\/inzynier.rzeszow.pl\/index.php\/2025\/03\/22\/iii-ostatki-inzynierskie-07-02-2026-r-zloty-palac-rudna-mala-165a-2-2\/","name":"XXII Europejski Kongres Informacji Renowacyjnej - 20-21 marca 2025 r. Krak\u00f3w - Podkarpacka Okregowa Izba Inzynierow Budownictwa","isPartOf":{"@id":"https:\/\/inzynier.rzeszow.pl\/#website"},"primaryImageOfPage":{"@id":"https:\/\/inzynier.rzeszow.pl\/index.php\/2025\/03\/22\/iii-ostatki-inzynierskie-07-02-2026-r-zloty-palac-rudna-mala-165a-2-2\/#primaryimage"},"image":{"@id":"https:\/\/inzynier.rzeszow.pl\/index.php\/2025\/03\/22\/iii-ostatki-inzynierskie-07-02-2026-r-zloty-palac-rudna-mala-165a-2-2\/#primaryimage"},"thumbnailUrl":"https:\/\/inzynier.rzeszow.pl\/wp-content\/uploads\/2025\/03\/obraz_2026-02-02_183740651.png","datePublished":"2025-03-22T11:23:19+00:00","dateModified":"2026-03-25T06:36:01+00:00","author":{"@id":"https:\/\/inzynier.rzeszow.pl\/#\/schema\/person\/21ca162d893bdc5760a95d704e9b1e39"},"breadcrumb":{"@id":"https:\/\/inzynier.rzeszow.pl\/index.php\/2025\/03\/22\/iii-ostatki-inzynierskie-07-02-2026-r-zloty-palac-rudna-mala-165a-2-2\/#breadcrumb"},"inLanguage":"pl-PL","potentialAction":[{"@type":"ReadAction","target":["https:\/\/inzynier.rzeszow.pl\/index.php\/2025\/03\/22\/iii-ostatki-inzynierskie-07-02-2026-r-zloty-palac-rudna-mala-165a-2-2\/"]}]},{"@type":"ImageObject","inLanguage":"pl-PL","@id":"https:\/\/inzynier.rzeszow.pl\/index.php\/2025\/03\/22\/iii-ostatki-inzynierskie-07-02-2026-r-zloty-palac-rudna-mala-165a-2-2\/#primaryimage","url":"https:\/\/inzynier.rzeszow.pl\/wp-content\/uploads\/2025\/03\/obraz_2026-02-02_183740651.png","contentUrl":"https:\/\/inzynier.rzeszow.pl\/wp-content\/uploads\/2025\/03\/obraz_2026-02-02_183740651.png","width":551,"height":309},{"@type":"BreadcrumbList","@id":"https:\/\/inzynier.rzeszow.pl\/index.php\/2025\/03\/22\/iii-ostatki-inzynierskie-07-02-2026-r-zloty-palac-rudna-mala-165a-2-2\/#breadcrumb","itemListElement":[{"@type":"ListItem","position":1,"name":"Strona g\u0142\u00f3wna","item":"https:\/\/inzynier.rzeszow.pl\/"},{"@type":"ListItem","position":2,"name":"XXII Europejski Kongres Informacji Renowacyjnej &#8211; 20-21 marca 2025 r. Krak\u00f3w"}]},{"@type":"WebSite","@id":"https:\/\/inzynier.rzeszow.pl\/#website","url":"https:\/\/inzynier.rzeszow.pl\/","name":"Podkarpacka Okregowa Izba Inzynierow Budownictwa","description":"","potentialAction":[{"@type":"SearchAction","target":{"@type":"EntryPoint","urlTemplate":"https:\/\/inzynier.rzeszow.pl\/?s={search_term_string}"},"query-input":{"@type":"PropertyValueSpecification","valueRequired":true,"valueName":"search_term_string"}}],"inLanguage":"pl-PL"},{"@type":"Person","@id":"https:\/\/inzynier.rzeszow.pl\/#\/schema\/person\/21ca162d893bdc5760a95d704e9b1e39","name":"admin","image":{"@type":"ImageObject","inLanguage":"pl-PL","@id":"https:\/\/secure.gravatar.com\/avatar\/d5d1959f10b94c8abcf928274f8bb5b8c7370b0dfadb0590911bacad18965f21?s=96&d=mm&r=g","url":"https:\/\/secure.gravatar.com\/avatar\/d5d1959f10b94c8abcf928274f8bb5b8c7370b0dfadb0590911bacad18965f21?s=96&d=mm&r=g","contentUrl":"https:\/\/secure.gravatar.com\/avatar\/d5d1959f10b94c8abcf928274f8bb5b8c7370b0dfadb0590911bacad18965f21?s=96&d=mm&r=g","caption":"admin"},"sameAs":["https:\/\/migracja.inzynier.rzeszow.pl"],"url":"https:\/\/inzynier.rzeszow.pl\/index.php\/author\/kwojcik\/"}]}},"rttpg_featured_image_url":{"full":["https:\/\/inzynier.rzeszow.pl\/wp-content\/uploads\/2025\/03\/obraz_2026-02-02_183740651.png",551,309,false],"landscape":["https:\/\/inzynier.rzeszow.pl\/wp-content\/uploads\/2025\/03\/obraz_2026-02-02_183740651.png",551,309,false],"portraits":["https:\/\/inzynier.rzeszow.pl\/wp-content\/uploads\/2025\/03\/obraz_2026-02-02_183740651.png",551,309,false],"thumbnail":["https:\/\/inzynier.rzeszow.pl\/wp-content\/uploads\/2025\/03\/obraz_2026-02-02_183740651-150x150.png",150,150,true],"medium":["https:\/\/inzynier.rzeszow.pl\/wp-content\/uploads\/2025\/03\/obraz_2026-02-02_183740651-300x168.png",300,168,true],"large":["https:\/\/inzynier.rzeszow.pl\/wp-content\/uploads\/2025\/03\/obraz_2026-02-02_183740651.png",551,309,false],"1536x1536":["https:\/\/inzynier.rzeszow.pl\/wp-content\/uploads\/2025\/03\/obraz_2026-02-02_183740651.png",551,309,false],"2048x2048":["https:\/\/inzynier.rzeszow.pl\/wp-content\/uploads\/2025\/03\/obraz_2026-02-02_183740651.png",551,309,false]},"rttpg_author":{"display_name":"admin","author_link":"https:\/\/inzynier.rzeszow.pl\/index.php\/author\/kwojcik\/"},"rttpg_comment":0,"rttpg_category":"<a href=\"https:\/\/inzynier.rzeszow.pl\/index.php\/category\/wydarzenia\/\" rel=\"category tag\">Wydarzenia<\/a> <a href=\"https:\/\/inzynier.rzeszow.pl\/index.php\/category\/z-zycia-izby\/\" rel=\"category tag\">Z \u017cycia izby<\/a> <a href=\"https:\/\/inzynier.rzeszow.pl\/index.php\/category\/z-zycia-izby\/z-zycia-izby-rok-2025\/\" rel=\"category tag\">Z \u017cycia Izby Rok 2025<\/a>","rttpg_excerpt":"Przewodnicz\u0105cy OR PDK OIIB Grzegorz Dubik uczestniczy\u0142 w XXII Europejskim Kongresie Informacji Renowacyjnej\u00a0w dniach 20-21 marca 2025 r. w Krakowie. [&hellip;]","_links":{"self":[{"href":"https:\/\/inzynier.rzeszow.pl\/index.php\/wp-json\/wp\/v2\/posts\/3479","targetHints":{"allow":["GET"]}}],"collection":[{"href":"https:\/\/inzynier.rzeszow.pl\/index.php\/wp-json\/wp\/v2\/posts"}],"about":[{"href":"https:\/\/inzynier.rzeszow.pl\/index.php\/wp-json\/wp\/v2\/types\/post"}],"author":[{"embeddable":true,"href":"https:\/\/inzynier.rzeszow.pl\/index.php\/wp-json\/wp\/v2\/users\/1"}],"replies":[{"embeddable":true,"href":"https:\/\/inzynier.rzeszow.pl\/index.php\/wp-json\/wp\/v2\/comments?post=3479"}],"version-history":[{"count":6,"href":"https:\/\/inzynier.rzeszow.pl\/index.php\/wp-json\/wp\/v2\/posts\/3479\/revisions"}],"predecessor-version":[{"id":6717,"href":"https:\/\/inzynier.rzeszow.pl\/index.php\/wp-json\/wp\/v2\/posts\/3479\/revisions\/6717"}],"wp:featuredmedia":[{"embeddable":true,"href":"https:\/\/inzynier.rzeszow.pl\/index.php\/wp-json\/wp\/v2\/media\/3539"}],"wp:attachment":[{"href":"https:\/\/inzynier.rzeszow.pl\/index.php\/wp-json\/wp\/v2\/media?parent=3479"}],"wp:term":[{"taxonomy":"category","embeddable":true,"href":"https:\/\/inzynier.rzeszow.pl\/index.php\/wp-json\/wp\/v2\/categories?post=3479"},{"taxonomy":"post_tag","embeddable":true,"href":"https:\/\/inzynier.rzeszow.pl\/index.php\/wp-json\/wp\/v2\/tags?post=3479"}],"curies":[{"name":"wp","href":"https:\/\/api.w.org\/{rel}","templated":true}]}}