{"id":3411,"date":"2025-04-24T18:57:49","date_gmt":"2025-04-24T18:57:49","guid":{"rendered":"https:\/\/migracja.inzynier.rzeszow.pl\/?p=3411"},"modified":"2026-03-17T13:49:49","modified_gmt":"2026-03-17T12:49:49","slug":"xxxviii-olimpiada-wiedzy-i-umiejetnosci-budowlanych-w-rzeszowie","status":"publish","type":"post","link":"https:\/\/inzynier.rzeszow.pl\/index.php\/2025\/04\/24\/xxxviii-olimpiada-wiedzy-i-umiejetnosci-budowlanych-w-rzeszowie\/","title":{"rendered":"XXXVIII Olimpiada Wiedzy i Umiej\u0119tno\u015bci Budowlanych w Rzeszowie"},"content":{"rendered":"\t\t<div data-elementor-type=\"wp-post\" data-elementor-id=\"3411\" class=\"elementor elementor-3411\" data-elementor-post-type=\"post\">\n\t\t\t\t<div class=\"elementor-element elementor-element-a86bb8d e-flex e-con-boxed e-con e-parent\" data-id=\"a86bb8d\" data-element_type=\"container\" data-e-type=\"container\">\n\t\t\t\t\t<div class=\"e-con-inner\">\n\t\t<div class=\"elementor-element elementor-element-410f3d0 e-con-full e-flex e-con e-child\" data-id=\"410f3d0\" data-element_type=\"container\" data-e-type=\"container\">\n\t\t<div class=\"elementor-element elementor-element-0161690 e-con-full e-flex e-con e-child\" data-id=\"0161690\" data-element_type=\"container\" data-e-type=\"container\">\n\t\t\t\t<div class=\"elementor-element elementor-element-833a258 elementor-widget elementor-widget-image\" data-id=\"833a258\" data-element_type=\"widget\" data-e-type=\"widget\" data-widget_type=\"image.default\">\n\t\t\t\t\t\t\t\t\t\t\t\t\t\t\t<img fetchpriority=\"high\" decoding=\"async\" width=\"1024\" height=\"769\" src=\"https:\/\/inzynier.rzeszow.pl\/wp-content\/uploads\/2025\/04\/obraz_2026-02-01_195936493-1024x769.png\" class=\"attachment-large size-large wp-image-3413\" alt=\"\" srcset=\"https:\/\/inzynier.rzeszow.pl\/wp-content\/uploads\/2025\/04\/obraz_2026-02-01_195936493-1024x769.png 1024w, https:\/\/inzynier.rzeszow.pl\/wp-content\/uploads\/2025\/04\/obraz_2026-02-01_195936493-300x225.png 300w, https:\/\/inzynier.rzeszow.pl\/wp-content\/uploads\/2025\/04\/obraz_2026-02-01_195936493-768x576.png 768w, https:\/\/inzynier.rzeszow.pl\/wp-content\/uploads\/2025\/04\/obraz_2026-02-01_195936493-1536x1153.png 1536w, https:\/\/inzynier.rzeszow.pl\/wp-content\/uploads\/2025\/04\/obraz_2026-02-01_195936493.png 2000w\" sizes=\"(max-width: 1024px) 100vw, 1024px\" \/>\t\t\t\t\t\t\t\t\t\t\t\t\t\t\t<\/div>\n\t\t\t\t<\/div>\n\t\t<div class=\"elementor-element elementor-element-ba0eba7 e-con-full e-flex e-con e-child\" data-id=\"ba0eba7\" data-element_type=\"container\" data-e-type=\"container\">\n\t\t\t\t<div class=\"elementor-element elementor-element-43c5e2f elementor-widget elementor-widget-text-editor\" data-id=\"43c5e2f\" data-element_type=\"widget\" data-e-type=\"widget\" data-widget_type=\"text-editor.default\">\n\t\t\t\t\t\t\t\t\t<p>Olimpiada Wiedzy i Umiej\u0119tno\u015bci Budowlanych, kt\u00f3rej organizatorem jest Wydzia\u0142 In\u017cynierii L\u0105dowej Politechniki Warszawskiej od lat cieszy si\u0119 du\u017cym zainteresowaniem w\u015br\u00f3d m\u0142odzie\u017cy i nauczycieli \u015brednich szk\u00f3\u0142 bran\u017cowych. W tegorocznych eliminacjach szkolnych w okr\u0119gu rzeszowskim uczestniczy\u0142o 228 uczni\u00f3w szk\u00f3\u0142 budowlanych, w zawodach okr\u0119gowych 1 marca 2025 roku wzi\u0119\u0142o udzia\u0142 57 uczni\u00f3w z 17 szk\u00f3\u0142. Prace uczni\u00f3w oceniali pracownicy naukowi Politechniki Rzeszowskiej pod przewodnictwem prof. dr hab. in\u017c. Lech Licho\u0142ai. Do Fina\u0142u centralnego OWiUB XXXVIII OWiUB, kt\u00f3ry odbywa\u0142 si\u0119 w Pile w dniach 10-12.04.2025 r. zakwalifikowano 80 uczni\u00f3w z 37 szk\u00f3\u0142, w tym 7 uczni\u00f3w z okr\u0119gu rzeszowskiego. Reprezentanci okr\u0119gu rzeszowskiego zaprezentowali wysoki poziom wiedzy i umiej\u0119tno\u015bci, pi\u0119ciu z nich zdoby\u0142o tytu\u0142 laureata i dw\u00f3ch uzyska\u0142o tytu\u0142 finalisty.<\/p><p>W dniu 23 kwietnia 2025 roku na Wydziale Budownictwa, In\u017cynierii \u015arodowiska i Architektury Politechniki Rzeszowskiej odby\u0142o si\u0119 uroczyste podsumowanie zawod\u00f3w okr\u0119gowych XXXVIII Olimpiady Wiedzy i Umiej\u0119tno\u015bci Budowlanych.<\/p>\t\t\t\t\t\t\t\t<\/div>\n\t\t\t\t<\/div>\n\t\t\t\t<\/div>\n\t\t\t\t\t<\/div>\n\t\t\t\t<\/div>\n\t\t<div class=\"elementor-element elementor-element-2b2d875 e-con-full e-flex e-con e-parent\" data-id=\"2b2d875\" data-element_type=\"container\" data-e-type=\"container\">\n\t\t\t\t<div class=\"elementor-element elementor-element-27513f9 elementor-widget__width-initial elementor-widget elementor-widget-text-editor\" data-id=\"27513f9\" data-element_type=\"widget\" data-e-type=\"widget\" data-widget_type=\"text-editor.default\">\n\t\t\t\t\t\t\t\t\t<p>Na uroczysto\u015b\u0107 przybyli Dziekan WBI\u015aiA prof. dr hab. in\u017c. Lech Licho\u0142ai i Prodziekan WBI\u015aiA dr hab. in\u017c. prof.\u00a0PRz Marzena K\u0142os, przewodnicz\u0105ca PZITB w Rzeszowie dr hab. in\u017c. prof.\u00a0PRz Lidia Buda O\u017c\u00f3g. Kuratorium O\u015bwiaty w Rzeszowie reprezentowa\u0142 Pan Marek Kondzio\u0142ka, a Wydzia\u0142 Edukacji Urz\u0119du Miasta Rzeszowa Pani Patrycja Bednarska. Obecni byli nauczyciele akademiccy: dr in\u017c. Zbigniew Plewako (przedstawiciel Podkarpackiej Okr\u0119gowej Izby In\u017cynier\u00f3w Budownictwa), dr in\u017c. arch. prof.\u00a0PRz Anna Sikora,\u00a0 cz\u0142onkowie Zespo\u0142u Sprawdzaj\u0105cego Jury Zawod\u00f3w OWIUB (dr in\u017c. Przemys\u0142aw Mi\u0105sik,dr in\u017c. Joanna Kraso\u0144 i dr in\u017c. Janusz Kulpi\u0144ski) oraz przedstawiciele firm budowlanych: Pan Marcin Michalewicz (STRABAG o\/Rzesz\u00f3w), Pan Pawe\u0142 Smole\u0144 i Pan Pawe\u0142 Popek (Firma Besta), Pan Miros\u0142aw Wi\u0105cek i Adam Szwed (Solbet Kolbuszowa). Na podsumowaniu zawod\u00f3w olimpijskich obecni byli cz\u0142onkowie Komitetu Okr\u0119gowego OWiUB, dyrektorzy szk\u00f3\u0142, uczniowie z nauczycielami i rodzicami.<\/p><p>Nagrodzono 10 uczestnik\u00f3w zawod\u00f3w okr\u0119gowych XXXVIII OWiUB,<strong>\u00a0<\/strong>w tym pi\u0119ciu laureat\u00f3w i 2 finalist\u00f3w zawod\u00f3w centralnych. Najlepsi uczniowie to: 1.Tobiasz Solarz- laureat 38 OWiUB (ZSB Tarn\u00f3w), 2. Karol Chy\u0142a &#8211; laureat 38 OWiUB (ZS NR 2 Stalowa Wola), 3. Szymon Pojasek &#8211; finalista 38 OWiUB (ZSNr1 Rzesz\u00f3w), 4. Kamil Dro\u017cd\u017cal &#8211; laureat 38 OWiUB (ZSB Brzoz\u00f3w), 5. Mi\u0142osz Brzozowski laureat 38 OWiUB (ZSB Tarn\u00f3w), 6.Mateusz Dro\u017cd\u017cal &#8211; finalista 38 OWiUB (ZSB Brzoz\u00f3w), 7. Jakub Bednarski- laureat 38 OWiUB (ZSB Tarn\u00f3w) oraz 8.Patryk Witos, 9. Karol Moskal i 10.Dominik Stec z ZSB w Tarnowie. Uczni\u00f3w uhonorowano dyplomami i nagrodami ufundowanymi przez sponsor\u00f3w: Podkarpack\u0105 Okr\u0119gow\u0105 Izb\u0119 In\u017cynier\u00f3w Budownictwa, Politechnik\u0119 Rzeszowsk\u0105 oraz firmy budowlane: Besta Sp.zo.o, STRABAG, In\u017cynieria Rzesz\u00f3w S.A i Solbet Kolbuszowa S.A.<\/p><p>Wyr\u00f3\u017cniono nauczycieli przygotowuj\u0105cych uczni\u00f3w do zawod\u00f3w: Pana Jacka Ku\u0142ag\u0119 (ZSB Tarn\u00f3w), Pana Marcina Kapu\u015bci\u0144skiego (ZS NR 2 Stalowa Wola), Pana Janusza Szmyda (ZSB Brzoz\u00f3w) oraz Pani\u0105 Aleksandr\u0119 Drabick\u0105 (ZSNr1 Rzesz\u00f3w). Najlepsze szko\u0142y w zawodach okr\u0119gowych II stopnia uhonorowano pucharami i dyplomami.<\/p><p>I miejsce &#8211;\u00a0 Zesp\u00f3\u0142 Szk\u00f3\u0142 Budowlanych w Tarnowie<\/p><p>II miejsce &#8211; Zesp\u00f3\u0142 Szk\u00f3\u0142 Nr 2 im. Tadeusza Ko\u015bciuszki w Stalowej Woli<\/p><p>III miejsce &#8211; Zesp\u00f3\u0142 Szk\u00f3\u0142 Nr 1 im. Ambro\u017cego Towarnickiego w Rzeszowie<\/p><p>Spotkanie mia\u0142o uroczysty charakter, opr\u00f3cz gratulacji i nagr\u00f3d by\u0142a te\u017c okazja do wymiany do\u015bwiadcze\u0144 i spostrze\u017ce\u0144 pomi\u0119dzy przedstawicielami Politechniki Rzeszowskiej, stowarzysze\u0144 budowlanych, pracodawcami, nauczycielami i dyrektorami szk\u00f3\u0142 budowlanych.<br \/><a href=\"https:\/\/www.facebook.com\/PodkarpackaOIIB\/posts\/pfbid02aprXAfroDY6HpXhp7hV2XfvkBDcR2AghamGmv66o8cajcGdoCWz17uoNuCpZzkSjl\" target=\"_blank\" rel=\"noopener\"><br \/><strong>Galeria fotograficzna z podsumowania XXXVIII Olimpiady Wiedzy I Umiej\u0119tno\u015bci Budowlanych w okr\u0119gu rzeszowskim &#8211; 23.04.2025 r. &gt;&gt;<\/strong><\/a><\/p><p align=\"right\">\u00a0\u00a0\u00a0\u00a0\u00a0\u00a0\u00a0\u00a0\u00a0\u00a0\u00a0\u00a0\u00a0\u00a0\u00a0\u00a0\u00a0\u00a0\u00a0\u00a0\u00a0\u00a0\u00a0\u00a0\u00a0\u00a0\u00a0\u00a0\u00a0\u00a0\u00a0\u00a0\u00a0\u00a0\u00a0\u00a0\u00a0\u00a0\u00a0\u00a0\u00a0\u00a0\u00a0\u00a0\u00a0\u00a0\u00a0\u00a0\u00a0\u00a0\u00a0\u00a0\u00a0\u00a0\u00a0\u00a0\u00a0\u00a0\u00a0\u00a0\u00a0\u00a0\u00a0\u00a0\u00a0\u00a0\u00a0\u00a0\u00a0\u00a0\u00a0\u00a0\u00a0\u00a0\u00a0\u00a0\u00a0\u00a0\u00a0\u00a0\u00a0\u00a0\u00a0\u00a0\u00a0\u00a0\u00a0\u00a0\u00a0\u00a0\u00a0\u00a0\u00a0\u00a0\u00a0\u00a0\u00a0\u00a0\u00a0\u00a0\u00a0\u00a0\u00a0\u00a0\u00a0\u00a0\u00a0\u00a0\u00a0\u00a0\u00a0\u00a0\u00a0\u00a0\u00a0\u00a0\u00a0\u00a0\u00a0\u00a0\u00a0\u00a0\u00a0\u00a0\u00a0\u00a0\u00a0\u00a0\u00a0\u00a0\u00a0\u00a0\u00a0\u00a0\u00a0\u00a0\u00a0\u00a0\u00a0\u00a0\u00a0\u00a0\u00a0\u00a0\u00a0\u00a0\u00a0\u00a0\u00a0\u00a0\u00a0\u00a0\u00a0\u00a0\u00a0\u00a0\u00a0\u00a0\u00a0\u00a0\u00a0\u00a0\u00a0\u00a0\u00a0\u00a0 dr in\u017c. Barbara Rusinek<br \/>Przew. Komitetu Okr\u0119gowego OWiUB<br \/>fot.:\u00a0Andrzej Jakubowski<\/p>\t\t\t\t\t\t\t\t<\/div>\n\t\t\t\t<\/div>\n\t\t<div class=\"elementor-element elementor-element-cdb2b40 e-flex e-con-boxed e-con e-parent\" data-id=\"cdb2b40\" data-element_type=\"container\" data-e-type=\"container\">\n\t\t\t\t\t<div class=\"e-con-inner\">\n\t\t\t\t<div class=\"elementor-element elementor-element-2bf84ec elementor-widget elementor-widget-heading\" data-id=\"2bf84ec\" data-element_type=\"widget\" data-e-type=\"widget\" data-widget_type=\"heading.default\">\n\t\t\t\t\t<h2 class=\"elementor-heading-title elementor-size-default\">Eliminacje Okr\u0119gowe XXXVIII Olimpiady  Wiedzy i Umiej\u0119tno\u015bci Budowlanych w Rzeszowie<\/h2>\t\t\t\t<\/div>\n\t\t\t\t\t<\/div>\n\t\t\t\t<\/div>\n\t\t<div class=\"elementor-element elementor-element-b550e8b e-flex e-con-boxed e-con e-parent\" data-id=\"b550e8b\" data-element_type=\"container\" data-e-type=\"container\">\n\t\t\t\t\t<div class=\"e-con-inner\">\n\t\t<div class=\"elementor-element elementor-element-313d5d0 e-con-full e-flex e-con e-child\" data-id=\"313d5d0\" data-element_type=\"container\" data-e-type=\"container\">\n\t\t<div class=\"elementor-element elementor-element-0625410 e-con-full e-flex e-con e-child\" data-id=\"0625410\" data-element_type=\"container\" data-e-type=\"container\">\n\t\t\t\t<div class=\"elementor-element elementor-element-54bf40c elementor-widget elementor-widget-image\" data-id=\"54bf40c\" data-element_type=\"widget\" data-e-type=\"widget\" data-widget_type=\"image.default\">\n\t\t\t\t\t\t\t\t\t\t\t\t\t\t\t<img decoding=\"async\" width=\"1024\" height=\"683\" src=\"https:\/\/inzynier.rzeszow.pl\/wp-content\/uploads\/2025\/04\/obraz_2026-02-01_200419712-1024x683.png\" class=\"attachment-large size-large wp-image-3414\" alt=\"\" srcset=\"https:\/\/inzynier.rzeszow.pl\/wp-content\/uploads\/2025\/04\/obraz_2026-02-01_200419712-1024x683.png 1024w, https:\/\/inzynier.rzeszow.pl\/wp-content\/uploads\/2025\/04\/obraz_2026-02-01_200419712-300x200.png 300w, https:\/\/inzynier.rzeszow.pl\/wp-content\/uploads\/2025\/04\/obraz_2026-02-01_200419712-768x512.png 768w, https:\/\/inzynier.rzeszow.pl\/wp-content\/uploads\/2025\/04\/obraz_2026-02-01_200419712.png 1440w\" sizes=\"(max-width: 1024px) 100vw, 1024px\" \/>\t\t\t\t\t\t\t\t\t\t\t\t\t\t\t<\/div>\n\t\t\t\t<\/div>\n\t\t<div class=\"elementor-element elementor-element-8b11d7b e-con-full e-flex e-con e-child\" data-id=\"8b11d7b\" data-element_type=\"container\" data-e-type=\"container\">\n\t\t\t\t<div class=\"elementor-element elementor-element-ece55a6 elementor-widget elementor-widget-text-editor\" data-id=\"ece55a6\" data-element_type=\"widget\" data-e-type=\"widget\" data-widget_type=\"text-editor.default\">\n\t\t\t\t\t\t\t\t\t<p>W Zespole Szk\u00f3\u0142 Nr 1 im. Ambro\u017cego Towarnickiego w Rzeszowie 1 marca 2025 r. odby\u0142y si\u0119 eliminacje okr\u0119gowe XXXVIII Olimpiady Wiedzy i Umiej\u0119tno\u015bci Budowlanych. G\u0142\u00f3wnym organizatorem olimpiady jest Wydzia\u0142 In\u017cynierii L\u0105dowej Politechniki Warszawskiej, a organem dotuj\u0105cym Ministerstwo Edukacji Narodowej.<\/p><p>Sponsorami generalnymi s\u0105: Polska Izba In\u017cynier\u00f3w Budownictwa, Akademia Techniczna PPD Deco, Stowarzyszenie Producent\u00f3w Cementu, firmy: FAKRO, ERBUD, Budimex i PETRALANA. Organizacj\u0119 zawod\u00f3w okr\u0119gowych wspieraj\u0105 sponsorzy: Podkarpacka Okr\u0119gowa Izba In\u017cynier\u00f3w Budownictwa, Politechnika Rzeszowska, Firmy: Besta, In\u017cynieria Rzesz\u00f3w, Solbet Kolbuszowa i STRABAG.<\/p><p>Na uroczyste rozpocz\u0119cie zawod\u00f3w przybyli zaproszeni go\u015bcie; Dziekan Wydzia\u0142u Budownictwa In\u017cynierii \u015arodowiska i Architektury Politechniki Rzeszowskiej Prof. dr hab. in\u017c. Lech Licho\u0142ai, zast\u0119pca przewodnicz\u0105cego Okr\u0119gowej Rady PDK OIIB\u00a0<\/p>\t\t\t\t\t\t\t\t<\/div>\n\t\t\t\t<\/div>\n\t\t\t\t<\/div>\n\t\t\t\t\t<\/div>\n\t\t\t\t<\/div>\n\t\t<div class=\"elementor-element elementor-element-3b21b42 e-flex e-con-boxed e-con e-parent\" data-id=\"3b21b42\" data-element_type=\"container\" data-e-type=\"container\">\n\t\t\t\t\t<div class=\"e-con-inner\">\n\t\t\t\t<div class=\"elementor-element elementor-element-fef5c39 elementor-widget elementor-widget-text-editor\" data-id=\"fef5c39\" data-element_type=\"widget\" data-e-type=\"widget\" data-widget_type=\"text-editor.default\">\n\t\t\t\t\t\t\t\t\t<p>Wac\u0142aw Kami\u0144ski, Dyrektor oddzia\u0142u Firmy STRABAG w Rzeszowie Marcin Michalewicz i Renata Oscypka reprezentuj\u0105ca firm\u0119 ERBUD International. Obecni byli nauczyciele akademiccy Politechniki Rzeszowskiej, cz\u0142onkowie Komitetu G\u0142\u00f3wnego i Okr\u0119gowego OWiUB, nauczyciele opiekunowie uczni\u00f3w.<\/p><p>W okr\u0119gu VII rzeszowskim w zawodach wzi\u0119\u0142o udzia\u0142 57 uczni\u00f3w reprezentuj\u0105cych 17 \u015brednich szk\u00f3\u0142 budowlanych. Uczniowie rozwi\u0105zywali zadania otwarte (dwie cz\u0119\u015bci po 120 minut) przygotowane przez Komitet G\u0142\u00f3wny Olimpiady. Tematy dotyczy\u0142y wiedzy z zakresu przedmiot\u00f3w zawodowych, wymaga\u0142y wykonywania oblicze\u0144 matematycznych, umiej\u0119tno\u015bci logicznego my\u015blenia i samodzielnego rozwi\u0105zywania problem\u00f3w.<\/p><p>Zakodowane prace ocenia\u0142 Zesp\u00f3\u0142 Sprawdzaj\u0105cy Jury Zawod\u00f3w Okr\u0119gowych, pod przewodnictwem Prof. dr hab. in\u017c. Lecha Licho\u0142ai. Cz\u0142onkami jury byli: prof. PRz dr in\u017c. Marzena K\u0142os, dr in\u017c. Joanna Kraso\u0144, dr in\u017c. Przemys\u0142aw Mi\u0105sik i dr in\u017c. Janusz Kulpi\u0144ski. Ostateczne wyniki os\u00f3b zakwalifikowanych do zawod\u00f3w centralnych og\u0142oszone s\u0105 stronie\u00a0<a href=\"https:\/\/www.olimpiadabudowlana.pl\/\" target=\"_blank\" rel=\"noopener\">https:\/\/www.olimpiadabudowlana.pl\/<\/a>.<br \/><br \/><strong><a href=\"https:\/\/www.facebook.com\/PodkarpackaOIIB\/posts\/pfbid02zv4Pk3wfeLP8RjdySrwEt6HoC7bHLNsQsyyssZFCNgibHzqD2EmRUy4FPzMzbZ5Yl\" target=\"_blank\" rel=\"noopener\">Galeria fotograficzna z Eliminacji Okr\u0119gowych XXXVIII Olimpiady Wiedzy i Umiej\u0119tno\u015bci Budowlanych w Rzeszowie &#8211; 01.03.2025 r. &gt;&gt;<\/a><\/strong><\/p><p align=\"right\">\u00a0\u00a0\u00a0\u00a0\u00a0\u00a0\u00a0\u00a0\u00a0\u00a0\u00a0\u00a0\u00a0\u00a0\u00a0\u00a0\u00a0\u00a0\u00a0\u00a0\u00a0\u00a0\u00a0\u00a0\u00a0\u00a0\u00a0\u00a0\u00a0\u00a0\u00a0\u00a0\u00a0\u00a0\u00a0\u00a0\u00a0\u00a0\u00a0\u00a0\u00a0\u00a0\u00a0\u00a0\u00a0\u00a0\u00a0\u00a0\u00a0\u00a0\u00a0\u00a0\u00a0\u00a0\u00a0\u00a0\u00a0\u00a0\u00a0\u00a0\u00a0\u00a0\u00a0\u00a0\u00a0\u00a0\u00a0\u00a0\u00a0\u00a0\u00a0\u00a0\u00a0\u00a0\u00a0\u00a0\u00a0\u00a0\u00a0\u00a0\u00a0\u00a0\u00a0\u00a0\u00a0\u00a0\u00a0\u00a0\u00a0\u00a0\u00a0\u00a0\u00a0\u00a0\u00a0\u00a0\u00a0\u00a0\u00a0\u00a0\u00a0\u00a0\u00a0 Przew. KO OWIUB<br \/>dr in\u017c. Barbara Rusinek<br \/>fot. Mariusz Szot<\/p>\t\t\t\t\t\t\t\t<\/div>\n\t\t\t\t\t<\/div>\n\t\t\t\t<\/div>\n\t\t\t\t<\/div>\n\t\t","protected":false},"excerpt":{"rendered":"<p>Olimpiada Wiedzy i Umiej\u0119tno\u015bci Budowlanych, kt\u00f3rej organizatorem jest Wydzia\u0142 In\u017cynierii L\u0105dowej Politechniki Warszawskiej od lat cieszy si\u0119 du\u017cym zainteresowaniem w\u015br\u00f3d [&hellip;]<\/p>\n","protected":false},"author":1,"featured_media":3413,"comment_status":"closed","ping_status":"closed","sticky":false,"template":"","format":"standard","meta":{"site-sidebar-layout":"default","site-content-layout":"","ast-site-content-layout":"default","site-content-style":"default","site-sidebar-style":"default","ast-global-header-display":"","ast-banner-title-visibility":"","ast-main-header-display":"","ast-hfb-above-header-display":"","ast-hfb-below-header-display":"","ast-hfb-mobile-header-display":"","site-post-title":"","ast-breadcrumbs-content":"","ast-featured-img":"","footer-sml-layout":"","ast-disable-related-posts":"","theme-transparent-header-meta":"","adv-header-id-meta":"","stick-header-meta":"","header-above-stick-meta":"","header-main-stick-meta":"","header-below-stick-meta":"","astra-migrate-meta-layouts":"default","ast-page-background-enabled":"default","ast-page-background-meta":{"desktop":{"background-color":"var(--ast-global-color-5)","background-image":"","background-repeat":"repeat","background-position":"center center","background-size":"auto","background-attachment":"scroll","background-type":"","background-media":"","overlay-type":"","overlay-color":"","overlay-opacity":"","overlay-gradient":""},"tablet":{"background-color":"","background-image":"","background-repeat":"repeat","background-position":"center center","background-size":"auto","background-attachment":"scroll","background-type":"","background-media":"","overlay-type":"","overlay-color":"","overlay-opacity":"","overlay-gradient":""},"mobile":{"background-color":"","background-image":"","background-repeat":"repeat","background-position":"center center","background-size":"auto","background-attachment":"scroll","background-type":"","background-media":"","overlay-type":"","overlay-color":"","overlay-opacity":"","overlay-gradient":""}},"ast-content-background-meta":{"desktop":{"background-color":"var(--ast-global-color-4)","background-image":"","background-repeat":"repeat","background-position":"center center","background-size":"auto","background-attachment":"scroll","background-type":"","background-media":"","overlay-type":"","overlay-color":"","overlay-opacity":"","overlay-gradient":""},"tablet":{"background-color":"var(--ast-global-color-4)","background-image":"","background-repeat":"repeat","background-position":"center center","background-size":"auto","background-attachment":"scroll","background-type":"","background-media":"","overlay-type":"","overlay-color":"","overlay-opacity":"","overlay-gradient":""},"mobile":{"background-color":"var(--ast-global-color-4)","background-image":"","background-repeat":"repeat","background-position":"center center","background-size":"auto","background-attachment":"scroll","background-type":"","background-media":"","overlay-type":"","overlay-color":"","overlay-opacity":"","overlay-gradient":""}},"footnotes":""},"categories":[64,7,16,55],"tags":[],"class_list":["post-3411","post","type-post","status-publish","format-standard","has-post-thumbnail","hentry","category-wspolpraca-z-dziecmi-i-mlodzieza","category-wydarzenia","category-z-zycia-izby","category-z-zycia-izby-rok-2025"],"yoast_head":"<!-- This site is optimized with the Yoast SEO plugin v27.5 - https:\/\/yoast.com\/product\/yoast-seo-wordpress\/ -->\n<title>XXXVIII Olimpiada Wiedzy i Umiej\u0119tno\u015bci Budowlanych w Rzeszowie - Podkarpacka Okregowa Izba Inzynierow Budownictwa<\/title>\n<meta name=\"robots\" content=\"index, follow, max-snippet:-1, max-image-preview:large, max-video-preview:-1\" \/>\n<link rel=\"canonical\" href=\"https:\/\/inzynier.rzeszow.pl\/index.php\/2025\/04\/24\/xxxviii-olimpiada-wiedzy-i-umiejetnosci-budowlanych-w-rzeszowie\/\" \/>\n<meta property=\"og:locale\" content=\"pl_PL\" \/>\n<meta property=\"og:type\" content=\"article\" \/>\n<meta property=\"og:title\" content=\"XXXVIII Olimpiada Wiedzy i Umiej\u0119tno\u015bci Budowlanych w Rzeszowie - Podkarpacka Okregowa Izba Inzynierow Budownictwa\" \/>\n<meta property=\"og:description\" content=\"Olimpiada Wiedzy i Umiej\u0119tno\u015bci Budowlanych, kt\u00f3rej organizatorem jest Wydzia\u0142 In\u017cynierii L\u0105dowej Politechniki Warszawskiej od lat cieszy si\u0119 du\u017cym zainteresowaniem w\u015br\u00f3d [&hellip;]\" \/>\n<meta property=\"og:url\" content=\"https:\/\/inzynier.rzeszow.pl\/index.php\/2025\/04\/24\/xxxviii-olimpiada-wiedzy-i-umiejetnosci-budowlanych-w-rzeszowie\/\" \/>\n<meta property=\"og:site_name\" content=\"Podkarpacka Okregowa Izba Inzynierow Budownictwa\" \/>\n<meta property=\"article:published_time\" content=\"2025-04-24T18:57:49+00:00\" \/>\n<meta property=\"article:modified_time\" content=\"2026-03-17T12:49:49+00:00\" \/>\n<meta property=\"og:image\" content=\"https:\/\/inzynier.rzeszow.pl\/wp-content\/uploads\/2025\/04\/obraz_2026-02-01_195936493-1024x769.png\" \/>\n\t<meta property=\"og:image:width\" content=\"1024\" \/>\n\t<meta property=\"og:image:height\" content=\"769\" \/>\n\t<meta property=\"og:image:type\" content=\"image\/png\" \/>\n<meta name=\"author\" content=\"admin\" \/>\n<meta name=\"twitter:card\" content=\"summary_large_image\" \/>\n<meta name=\"twitter:label1\" content=\"Napisane przez\" \/>\n\t<meta name=\"twitter:data1\" content=\"admin\" \/>\n\t<meta name=\"twitter:label2\" content=\"Szacowany czas czytania\" \/>\n\t<meta name=\"twitter:data2\" content=\"5 minut\" \/>\n<script type=\"application\/ld+json\" class=\"yoast-schema-graph\">{\"@context\":\"https:\\\/\\\/schema.org\",\"@graph\":[{\"@type\":\"Article\",\"@id\":\"https:\\\/\\\/inzynier.rzeszow.pl\\\/index.php\\\/2025\\\/04\\\/24\\\/xxxviii-olimpiada-wiedzy-i-umiejetnosci-budowlanych-w-rzeszowie\\\/#article\",\"isPartOf\":{\"@id\":\"https:\\\/\\\/inzynier.rzeszow.pl\\\/index.php\\\/2025\\\/04\\\/24\\\/xxxviii-olimpiada-wiedzy-i-umiejetnosci-budowlanych-w-rzeszowie\\\/\"},\"author\":{\"name\":\"admin\",\"@id\":\"https:\\\/\\\/inzynier.rzeszow.pl\\\/#\\\/schema\\\/person\\\/21ca162d893bdc5760a95d704e9b1e39\"},\"headline\":\"XXXVIII Olimpiada Wiedzy i Umiej\u0119tno\u015bci Budowlanych w Rzeszowie\",\"datePublished\":\"2025-04-24T18:57:49+00:00\",\"dateModified\":\"2026-03-17T12:49:49+00:00\",\"mainEntityOfPage\":{\"@id\":\"https:\\\/\\\/inzynier.rzeszow.pl\\\/index.php\\\/2025\\\/04\\\/24\\\/xxxviii-olimpiada-wiedzy-i-umiejetnosci-budowlanych-w-rzeszowie\\\/\"},\"wordCount\":959,\"image\":{\"@id\":\"https:\\\/\\\/inzynier.rzeszow.pl\\\/index.php\\\/2025\\\/04\\\/24\\\/xxxviii-olimpiada-wiedzy-i-umiejetnosci-budowlanych-w-rzeszowie\\\/#primaryimage\"},\"thumbnailUrl\":\"https:\\\/\\\/inzynier.rzeszow.pl\\\/wp-content\\\/uploads\\\/2025\\\/04\\\/obraz_2026-02-01_195936493.png\",\"articleSection\":[\"Wsp\u00f3\u0142praca z dzie\u0107mi i m\u0142odzie\u017c\u0105\",\"Wydarzenia\",\"Z \u017cycia izby\",\"Z \u017cycia Izby Rok 2025\"],\"inLanguage\":\"pl-PL\"},{\"@type\":\"WebPage\",\"@id\":\"https:\\\/\\\/inzynier.rzeszow.pl\\\/index.php\\\/2025\\\/04\\\/24\\\/xxxviii-olimpiada-wiedzy-i-umiejetnosci-budowlanych-w-rzeszowie\\\/\",\"url\":\"https:\\\/\\\/inzynier.rzeszow.pl\\\/index.php\\\/2025\\\/04\\\/24\\\/xxxviii-olimpiada-wiedzy-i-umiejetnosci-budowlanych-w-rzeszowie\\\/\",\"name\":\"XXXVIII Olimpiada Wiedzy i Umiej\u0119tno\u015bci Budowlanych w Rzeszowie - Podkarpacka Okregowa Izba Inzynierow Budownictwa\",\"isPartOf\":{\"@id\":\"https:\\\/\\\/inzynier.rzeszow.pl\\\/#website\"},\"primaryImageOfPage\":{\"@id\":\"https:\\\/\\\/inzynier.rzeszow.pl\\\/index.php\\\/2025\\\/04\\\/24\\\/xxxviii-olimpiada-wiedzy-i-umiejetnosci-budowlanych-w-rzeszowie\\\/#primaryimage\"},\"image\":{\"@id\":\"https:\\\/\\\/inzynier.rzeszow.pl\\\/index.php\\\/2025\\\/04\\\/24\\\/xxxviii-olimpiada-wiedzy-i-umiejetnosci-budowlanych-w-rzeszowie\\\/#primaryimage\"},\"thumbnailUrl\":\"https:\\\/\\\/inzynier.rzeszow.pl\\\/wp-content\\\/uploads\\\/2025\\\/04\\\/obraz_2026-02-01_195936493.png\",\"datePublished\":\"2025-04-24T18:57:49+00:00\",\"dateModified\":\"2026-03-17T12:49:49+00:00\",\"author\":{\"@id\":\"https:\\\/\\\/inzynier.rzeszow.pl\\\/#\\\/schema\\\/person\\\/21ca162d893bdc5760a95d704e9b1e39\"},\"breadcrumb\":{\"@id\":\"https:\\\/\\\/inzynier.rzeszow.pl\\\/index.php\\\/2025\\\/04\\\/24\\\/xxxviii-olimpiada-wiedzy-i-umiejetnosci-budowlanych-w-rzeszowie\\\/#breadcrumb\"},\"inLanguage\":\"pl-PL\",\"potentialAction\":[{\"@type\":\"ReadAction\",\"target\":[\"https:\\\/\\\/inzynier.rzeszow.pl\\\/index.php\\\/2025\\\/04\\\/24\\\/xxxviii-olimpiada-wiedzy-i-umiejetnosci-budowlanych-w-rzeszowie\\\/\"]}]},{\"@type\":\"ImageObject\",\"inLanguage\":\"pl-PL\",\"@id\":\"https:\\\/\\\/inzynier.rzeszow.pl\\\/index.php\\\/2025\\\/04\\\/24\\\/xxxviii-olimpiada-wiedzy-i-umiejetnosci-budowlanych-w-rzeszowie\\\/#primaryimage\",\"url\":\"https:\\\/\\\/inzynier.rzeszow.pl\\\/wp-content\\\/uploads\\\/2025\\\/04\\\/obraz_2026-02-01_195936493.png\",\"contentUrl\":\"https:\\\/\\\/inzynier.rzeszow.pl\\\/wp-content\\\/uploads\\\/2025\\\/04\\\/obraz_2026-02-01_195936493.png\",\"width\":2000,\"height\":1501},{\"@type\":\"BreadcrumbList\",\"@id\":\"https:\\\/\\\/inzynier.rzeszow.pl\\\/index.php\\\/2025\\\/04\\\/24\\\/xxxviii-olimpiada-wiedzy-i-umiejetnosci-budowlanych-w-rzeszowie\\\/#breadcrumb\",\"itemListElement\":[{\"@type\":\"ListItem\",\"position\":1,\"name\":\"Strona g\u0142\u00f3wna\",\"item\":\"https:\\\/\\\/inzynier.rzeszow.pl\\\/\"},{\"@type\":\"ListItem\",\"position\":2,\"name\":\"XXXVIII Olimpiada Wiedzy i Umiej\u0119tno\u015bci Budowlanych w Rzeszowie\"}]},{\"@type\":\"WebSite\",\"@id\":\"https:\\\/\\\/inzynier.rzeszow.pl\\\/#website\",\"url\":\"https:\\\/\\\/inzynier.rzeszow.pl\\\/\",\"name\":\"Podkarpacka Okregowa Izba Inzynierow Budownictwa\",\"description\":\"\",\"potentialAction\":[{\"@type\":\"SearchAction\",\"target\":{\"@type\":\"EntryPoint\",\"urlTemplate\":\"https:\\\/\\\/inzynier.rzeszow.pl\\\/?s={search_term_string}\"},\"query-input\":{\"@type\":\"PropertyValueSpecification\",\"valueRequired\":true,\"valueName\":\"search_term_string\"}}],\"inLanguage\":\"pl-PL\"},{\"@type\":\"Person\",\"@id\":\"https:\\\/\\\/inzynier.rzeszow.pl\\\/#\\\/schema\\\/person\\\/21ca162d893bdc5760a95d704e9b1e39\",\"name\":\"admin\",\"image\":{\"@type\":\"ImageObject\",\"inLanguage\":\"pl-PL\",\"@id\":\"https:\\\/\\\/secure.gravatar.com\\\/avatar\\\/d5d1959f10b94c8abcf928274f8bb5b8c7370b0dfadb0590911bacad18965f21?s=96&d=mm&r=g\",\"url\":\"https:\\\/\\\/secure.gravatar.com\\\/avatar\\\/d5d1959f10b94c8abcf928274f8bb5b8c7370b0dfadb0590911bacad18965f21?s=96&d=mm&r=g\",\"contentUrl\":\"https:\\\/\\\/secure.gravatar.com\\\/avatar\\\/d5d1959f10b94c8abcf928274f8bb5b8c7370b0dfadb0590911bacad18965f21?s=96&d=mm&r=g\",\"caption\":\"admin\"},\"sameAs\":[\"https:\\\/\\\/migracja.inzynier.rzeszow.pl\"],\"url\":\"https:\\\/\\\/inzynier.rzeszow.pl\\\/index.php\\\/author\\\/kwojcik\\\/\"}]}<\/script>\n<!-- \/ Yoast SEO plugin. -->","yoast_head_json":{"title":"XXXVIII Olimpiada Wiedzy i Umiej\u0119tno\u015bci Budowlanych w Rzeszowie - Podkarpacka Okregowa Izba Inzynierow Budownictwa","robots":{"index":"index","follow":"follow","max-snippet":"max-snippet:-1","max-image-preview":"max-image-preview:large","max-video-preview":"max-video-preview:-1"},"canonical":"https:\/\/inzynier.rzeszow.pl\/index.php\/2025\/04\/24\/xxxviii-olimpiada-wiedzy-i-umiejetnosci-budowlanych-w-rzeszowie\/","og_locale":"pl_PL","og_type":"article","og_title":"XXXVIII Olimpiada Wiedzy i Umiej\u0119tno\u015bci Budowlanych w Rzeszowie - Podkarpacka Okregowa Izba Inzynierow Budownictwa","og_description":"Olimpiada Wiedzy i Umiej\u0119tno\u015bci Budowlanych, kt\u00f3rej organizatorem jest Wydzia\u0142 In\u017cynierii L\u0105dowej Politechniki Warszawskiej od lat cieszy si\u0119 du\u017cym zainteresowaniem w\u015br\u00f3d [&hellip;]","og_url":"https:\/\/inzynier.rzeszow.pl\/index.php\/2025\/04\/24\/xxxviii-olimpiada-wiedzy-i-umiejetnosci-budowlanych-w-rzeszowie\/","og_site_name":"Podkarpacka Okregowa Izba Inzynierow Budownictwa","article_published_time":"2025-04-24T18:57:49+00:00","article_modified_time":"2026-03-17T12:49:49+00:00","og_image":[{"width":1024,"height":769,"url":"https:\/\/inzynier.rzeszow.pl\/wp-content\/uploads\/2025\/04\/obraz_2026-02-01_195936493-1024x769.png","type":"image\/png"}],"author":"admin","twitter_card":"summary_large_image","twitter_misc":{"Napisane przez":"admin","Szacowany czas czytania":"5 minut"},"schema":{"@context":"https:\/\/schema.org","@graph":[{"@type":"Article","@id":"https:\/\/inzynier.rzeszow.pl\/index.php\/2025\/04\/24\/xxxviii-olimpiada-wiedzy-i-umiejetnosci-budowlanych-w-rzeszowie\/#article","isPartOf":{"@id":"https:\/\/inzynier.rzeszow.pl\/index.php\/2025\/04\/24\/xxxviii-olimpiada-wiedzy-i-umiejetnosci-budowlanych-w-rzeszowie\/"},"author":{"name":"admin","@id":"https:\/\/inzynier.rzeszow.pl\/#\/schema\/person\/21ca162d893bdc5760a95d704e9b1e39"},"headline":"XXXVIII Olimpiada Wiedzy i Umiej\u0119tno\u015bci Budowlanych w Rzeszowie","datePublished":"2025-04-24T18:57:49+00:00","dateModified":"2026-03-17T12:49:49+00:00","mainEntityOfPage":{"@id":"https:\/\/inzynier.rzeszow.pl\/index.php\/2025\/04\/24\/xxxviii-olimpiada-wiedzy-i-umiejetnosci-budowlanych-w-rzeszowie\/"},"wordCount":959,"image":{"@id":"https:\/\/inzynier.rzeszow.pl\/index.php\/2025\/04\/24\/xxxviii-olimpiada-wiedzy-i-umiejetnosci-budowlanych-w-rzeszowie\/#primaryimage"},"thumbnailUrl":"https:\/\/inzynier.rzeszow.pl\/wp-content\/uploads\/2025\/04\/obraz_2026-02-01_195936493.png","articleSection":["Wsp\u00f3\u0142praca z dzie\u0107mi i m\u0142odzie\u017c\u0105","Wydarzenia","Z \u017cycia izby","Z \u017cycia Izby Rok 2025"],"inLanguage":"pl-PL"},{"@type":"WebPage","@id":"https:\/\/inzynier.rzeszow.pl\/index.php\/2025\/04\/24\/xxxviii-olimpiada-wiedzy-i-umiejetnosci-budowlanych-w-rzeszowie\/","url":"https:\/\/inzynier.rzeszow.pl\/index.php\/2025\/04\/24\/xxxviii-olimpiada-wiedzy-i-umiejetnosci-budowlanych-w-rzeszowie\/","name":"XXXVIII Olimpiada Wiedzy i Umiej\u0119tno\u015bci Budowlanych w Rzeszowie - Podkarpacka Okregowa Izba Inzynierow Budownictwa","isPartOf":{"@id":"https:\/\/inzynier.rzeszow.pl\/#website"},"primaryImageOfPage":{"@id":"https:\/\/inzynier.rzeszow.pl\/index.php\/2025\/04\/24\/xxxviii-olimpiada-wiedzy-i-umiejetnosci-budowlanych-w-rzeszowie\/#primaryimage"},"image":{"@id":"https:\/\/inzynier.rzeszow.pl\/index.php\/2025\/04\/24\/xxxviii-olimpiada-wiedzy-i-umiejetnosci-budowlanych-w-rzeszowie\/#primaryimage"},"thumbnailUrl":"https:\/\/inzynier.rzeszow.pl\/wp-content\/uploads\/2025\/04\/obraz_2026-02-01_195936493.png","datePublished":"2025-04-24T18:57:49+00:00","dateModified":"2026-03-17T12:49:49+00:00","author":{"@id":"https:\/\/inzynier.rzeszow.pl\/#\/schema\/person\/21ca162d893bdc5760a95d704e9b1e39"},"breadcrumb":{"@id":"https:\/\/inzynier.rzeszow.pl\/index.php\/2025\/04\/24\/xxxviii-olimpiada-wiedzy-i-umiejetnosci-budowlanych-w-rzeszowie\/#breadcrumb"},"inLanguage":"pl-PL","potentialAction":[{"@type":"ReadAction","target":["https:\/\/inzynier.rzeszow.pl\/index.php\/2025\/04\/24\/xxxviii-olimpiada-wiedzy-i-umiejetnosci-budowlanych-w-rzeszowie\/"]}]},{"@type":"ImageObject","inLanguage":"pl-PL","@id":"https:\/\/inzynier.rzeszow.pl\/index.php\/2025\/04\/24\/xxxviii-olimpiada-wiedzy-i-umiejetnosci-budowlanych-w-rzeszowie\/#primaryimage","url":"https:\/\/inzynier.rzeszow.pl\/wp-content\/uploads\/2025\/04\/obraz_2026-02-01_195936493.png","contentUrl":"https:\/\/inzynier.rzeszow.pl\/wp-content\/uploads\/2025\/04\/obraz_2026-02-01_195936493.png","width":2000,"height":1501},{"@type":"BreadcrumbList","@id":"https:\/\/inzynier.rzeszow.pl\/index.php\/2025\/04\/24\/xxxviii-olimpiada-wiedzy-i-umiejetnosci-budowlanych-w-rzeszowie\/#breadcrumb","itemListElement":[{"@type":"ListItem","position":1,"name":"Strona g\u0142\u00f3wna","item":"https:\/\/inzynier.rzeszow.pl\/"},{"@type":"ListItem","position":2,"name":"XXXVIII Olimpiada Wiedzy i Umiej\u0119tno\u015bci Budowlanych w Rzeszowie"}]},{"@type":"WebSite","@id":"https:\/\/inzynier.rzeszow.pl\/#website","url":"https:\/\/inzynier.rzeszow.pl\/","name":"Podkarpacka Okregowa Izba Inzynierow Budownictwa","description":"","potentialAction":[{"@type":"SearchAction","target":{"@type":"EntryPoint","urlTemplate":"https:\/\/inzynier.rzeszow.pl\/?s={search_term_string}"},"query-input":{"@type":"PropertyValueSpecification","valueRequired":true,"valueName":"search_term_string"}}],"inLanguage":"pl-PL"},{"@type":"Person","@id":"https:\/\/inzynier.rzeszow.pl\/#\/schema\/person\/21ca162d893bdc5760a95d704e9b1e39","name":"admin","image":{"@type":"ImageObject","inLanguage":"pl-PL","@id":"https:\/\/secure.gravatar.com\/avatar\/d5d1959f10b94c8abcf928274f8bb5b8c7370b0dfadb0590911bacad18965f21?s=96&d=mm&r=g","url":"https:\/\/secure.gravatar.com\/avatar\/d5d1959f10b94c8abcf928274f8bb5b8c7370b0dfadb0590911bacad18965f21?s=96&d=mm&r=g","contentUrl":"https:\/\/secure.gravatar.com\/avatar\/d5d1959f10b94c8abcf928274f8bb5b8c7370b0dfadb0590911bacad18965f21?s=96&d=mm&r=g","caption":"admin"},"sameAs":["https:\/\/migracja.inzynier.rzeszow.pl"],"url":"https:\/\/inzynier.rzeszow.pl\/index.php\/author\/kwojcik\/"}]}},"rttpg_featured_image_url":{"full":["https:\/\/inzynier.rzeszow.pl\/wp-content\/uploads\/2025\/04\/obraz_2026-02-01_195936493.png",2000,1501,false],"landscape":["https:\/\/inzynier.rzeszow.pl\/wp-content\/uploads\/2025\/04\/obraz_2026-02-01_195936493.png",2000,1501,false],"portraits":["https:\/\/inzynier.rzeszow.pl\/wp-content\/uploads\/2025\/04\/obraz_2026-02-01_195936493.png",2000,1501,false],"thumbnail":["https:\/\/inzynier.rzeszow.pl\/wp-content\/uploads\/2025\/04\/obraz_2026-02-01_195936493-150x150.png",150,150,true],"medium":["https:\/\/inzynier.rzeszow.pl\/wp-content\/uploads\/2025\/04\/obraz_2026-02-01_195936493-300x225.png",300,225,true],"large":["https:\/\/inzynier.rzeszow.pl\/wp-content\/uploads\/2025\/04\/obraz_2026-02-01_195936493-1024x769.png",1024,769,true],"1536x1536":["https:\/\/inzynier.rzeszow.pl\/wp-content\/uploads\/2025\/04\/obraz_2026-02-01_195936493-1536x1153.png",1536,1153,true],"2048x2048":["https:\/\/inzynier.rzeszow.pl\/wp-content\/uploads\/2025\/04\/obraz_2026-02-01_195936493.png",2000,1501,false]},"rttpg_author":{"display_name":"admin","author_link":"https:\/\/inzynier.rzeszow.pl\/index.php\/author\/kwojcik\/"},"rttpg_comment":0,"rttpg_category":"<a href=\"https:\/\/inzynier.rzeszow.pl\/index.php\/category\/wspolpraca-z-dziecmi-i-mlodzieza\/\" rel=\"category tag\">Wsp\u00f3\u0142praca z dzie\u0107mi i m\u0142odzie\u017c\u0105<\/a> <a href=\"https:\/\/inzynier.rzeszow.pl\/index.php\/category\/wydarzenia\/\" rel=\"category tag\">Wydarzenia<\/a> <a href=\"https:\/\/inzynier.rzeszow.pl\/index.php\/category\/z-zycia-izby\/\" rel=\"category tag\">Z \u017cycia izby<\/a> <a href=\"https:\/\/inzynier.rzeszow.pl\/index.php\/category\/z-zycia-izby\/z-zycia-izby-rok-2025\/\" rel=\"category tag\">Z \u017cycia Izby Rok 2025<\/a>","rttpg_excerpt":"Olimpiada Wiedzy i Umiej\u0119tno\u015bci Budowlanych, kt\u00f3rej organizatorem jest Wydzia\u0142 In\u017cynierii L\u0105dowej Politechniki Warszawskiej od lat cieszy si\u0119 du\u017cym zainteresowaniem w\u015br\u00f3d [&hellip;]","_links":{"self":[{"href":"https:\/\/inzynier.rzeszow.pl\/index.php\/wp-json\/wp\/v2\/posts\/3411","targetHints":{"allow":["GET"]}}],"collection":[{"href":"https:\/\/inzynier.rzeszow.pl\/index.php\/wp-json\/wp\/v2\/posts"}],"about":[{"href":"https:\/\/inzynier.rzeszow.pl\/index.php\/wp-json\/wp\/v2\/types\/post"}],"author":[{"embeddable":true,"href":"https:\/\/inzynier.rzeszow.pl\/index.php\/wp-json\/wp\/v2\/users\/1"}],"replies":[{"embeddable":true,"href":"https:\/\/inzynier.rzeszow.pl\/index.php\/wp-json\/wp\/v2\/comments?post=3411"}],"version-history":[{"count":7,"href":"https:\/\/inzynier.rzeszow.pl\/index.php\/wp-json\/wp\/v2\/posts\/3411\/revisions"}],"predecessor-version":[{"id":7043,"href":"https:\/\/inzynier.rzeszow.pl\/index.php\/wp-json\/wp\/v2\/posts\/3411\/revisions\/7043"}],"wp:featuredmedia":[{"embeddable":true,"href":"https:\/\/inzynier.rzeszow.pl\/index.php\/wp-json\/wp\/v2\/media\/3413"}],"wp:attachment":[{"href":"https:\/\/inzynier.rzeszow.pl\/index.php\/wp-json\/wp\/v2\/media?parent=3411"}],"wp:term":[{"taxonomy":"category","embeddable":true,"href":"https:\/\/inzynier.rzeszow.pl\/index.php\/wp-json\/wp\/v2\/categories?post=3411"},{"taxonomy":"post_tag","embeddable":true,"href":"https:\/\/inzynier.rzeszow.pl\/index.php\/wp-json\/wp\/v2\/tags?post=3411"}],"curies":[{"name":"wp","href":"https:\/\/api.w.org\/{rel}","templated":true}]}}