{"id":3410,"date":"2025-04-12T11:57:46","date_gmt":"2025-04-12T11:57:46","guid":{"rendered":"https:\/\/migracja.inzynier.rzeszow.pl\/?p=3410"},"modified":"2026-02-13T13:42:29","modified_gmt":"2026-02-13T13:42:29","slug":"galeria-integracyjna-krajobraz-metafizyczny-oleksij-malykh-i-maryna-afanasjewa","status":"publish","type":"post","link":"https:\/\/inzynier.rzeszow.pl\/index.php\/2025\/04\/12\/galeria-integracyjna-krajobraz-metafizyczny-oleksij-malykh-i-maryna-afanasjewa\/","title":{"rendered":"Galeria Integracyjna &#8211; Krajobraz Metafizyczny &#8211; O\u0142eksij Ma\u0142ykh i Maryna Afanasjewa"},"content":{"rendered":"\t\t<div data-elementor-type=\"wp-post\" data-elementor-id=\"3410\" class=\"elementor elementor-3410\" data-elementor-post-type=\"post\">\n\t\t\t\t<div class=\"elementor-element elementor-element-a86bb8d e-flex e-con-boxed e-con e-parent\" data-id=\"a86bb8d\" data-element_type=\"container\" data-e-type=\"container\">\n\t\t\t\t\t<div class=\"e-con-inner\">\n\t\t<div class=\"elementor-element elementor-element-410f3d0 e-con-full e-flex e-con e-child\" data-id=\"410f3d0\" data-element_type=\"container\" data-e-type=\"container\">\n\t\t<div class=\"elementor-element elementor-element-0161690 e-con-full e-flex e-con e-child\" data-id=\"0161690\" data-element_type=\"container\" data-e-type=\"container\">\n\t\t\t\t<div class=\"elementor-element elementor-element-833a258 elementor-widget elementor-widget-image\" data-id=\"833a258\" data-element_type=\"widget\" data-e-type=\"widget\" data-widget_type=\"image.default\">\n\t\t\t\t\t\t\t\t\t\t\t\t\t\t\t<img fetchpriority=\"high\" decoding=\"async\" width=\"1024\" height=\"576\" src=\"https:\/\/inzynier.rzeszow.pl\/wp-content\/uploads\/2025\/04\/obraz_2026-02-01_200937680-1024x576.png\" class=\"attachment-large size-large wp-image-3419\" alt=\"\" srcset=\"https:\/\/inzynier.rzeszow.pl\/wp-content\/uploads\/2025\/04\/obraz_2026-02-01_200937680-1024x576.png 1024w, https:\/\/inzynier.rzeszow.pl\/wp-content\/uploads\/2025\/04\/obraz_2026-02-01_200937680-300x169.png 300w, https:\/\/inzynier.rzeszow.pl\/wp-content\/uploads\/2025\/04\/obraz_2026-02-01_200937680-768x432.png 768w, https:\/\/inzynier.rzeszow.pl\/wp-content\/uploads\/2025\/04\/obraz_2026-02-01_200937680-1536x864.png 1536w, https:\/\/inzynier.rzeszow.pl\/wp-content\/uploads\/2025\/04\/obraz_2026-02-01_200937680.png 1920w\" sizes=\"(max-width: 1024px) 100vw, 1024px\" \/>\t\t\t\t\t\t\t\t\t\t\t\t\t\t\t<\/div>\n\t\t\t\t<\/div>\n\t\t<div class=\"elementor-element elementor-element-ba0eba7 e-con-full e-flex e-con e-child\" data-id=\"ba0eba7\" data-element_type=\"container\" data-e-type=\"container\">\n\t\t\t\t<div class=\"elementor-element elementor-element-43c5e2f elementor-widget elementor-widget-text-editor\" data-id=\"43c5e2f\" data-element_type=\"widget\" data-e-type=\"widget\" data-widget_type=\"text-editor.default\">\n\t\t\t\t\t\t\t\t\t<p>W dniu 11 kwietnia 2025 r. odby\u0142o si\u0119 otwarcie wystawy malarstwa i levkas dw\u00f3ch znakomitych ukrai\u0144skich artyst\u00f3w z Kijowa: O\u0142eksij Ma\u0142ykh (\u041e\u043b\u0435\u043a\u0441\u0456\u0439 \u041c\u0430\u043b\u0438\u0445) i Maryna Afanasjewa (\u041c\u0430\u0440\u0438\u043d\u0430 \u0410\u0444\u0430\u043d\u0430\u0441\u044c\u0454\u0432\u0430) zatytu\u0142owanej: \u201eKRAJOBRAZ METAFIZYCZNY&#8221; (\u041c\u0435\u0442\u0430\u0444\u0456\u0437\u0438\u0447\u043d\u0438\u0439 \u043b\u0430\u043d\u0434\u0448\u0430\u0444\u0442) w Galerii Integracyjnej mieszcz\u0105cej si\u0119 w siedzibie Podkarpackiej Okr\u0119gowej Izby In\u017cynier\u00f3w Budownictwa.<br \/><br \/>Przyby\u0142ych go\u015bci powita\u0142a skarbnik PDK OIIB Iwona Warzybok, kt\u00f3ra przybli\u017cy\u0142a ide\u0119 utworzenia Galerii Integracyjnej, kt\u00f3rej przes\u0142aniem jest stworzenie miejsca, gdzie in\u017cynierowie mog\u0105 na chwil\u0119 zatrzyma\u0107 si\u0119 w codziennym biegu i do\u015bwiadczy\u0107 emocji, kt\u00f3re poruszaj\u0105 i inspiruj\u0105.<\/p><p>W kolejnym wyst\u0105pieniu kurator wystawy, dr hab. Anna Baran, zaprezentowa\u0142a sylwetki artyst\u00f3w i wprowadzi\u0142a uczestnik\u00f3w w \u015bwiat ich tw\u00f3rczo\u015bci.\u00a0<\/p>\t\t\t\t\t\t\t\t<\/div>\n\t\t\t\t<\/div>\n\t\t\t\t<\/div>\n\t\t\t\t\t<\/div>\n\t\t\t\t<\/div>\n\t\t<div class=\"elementor-element elementor-element-2b2d875 e-con-full e-flex e-con e-parent\" data-id=\"2b2d875\" data-element_type=\"container\" data-e-type=\"container\">\n\t\t\t\t<div class=\"elementor-element elementor-element-27513f9 elementor-widget__width-initial elementor-widget elementor-widget-text-editor\" data-id=\"27513f9\" data-element_type=\"widget\" data-e-type=\"widget\" data-widget_type=\"text-editor.default\">\n\t\t\t\t\t\t\t\t\t<p>Swoje refleksje na temat sztuki przedstawili r\u00f3wnie\u017c sami tw\u00f3rcy, dziel\u0105c si\u0119 inspiracjami i osobistym podej\u015bciem do malarstwa, r\u00f3wnie\u017c w rozmowie z dziennikarzem Polskiego Radia Adamem G\u0142aczy\u0144skim.<\/p><p>W kolekcji obraz\u00f3w\u00a0 wystawy \u201eKrajobraz metafizyczny&#8221;, arty\u015bci przedstawiaj\u0105 w\u0142asne indywidualne, subiektywne postrzeganie otaczaj\u0105cej nas przestrzeni egzystencji, w trudnych warunkach wsp\u00f3\u0142czesno\u015bci, nakre\u015blaj\u0105c obszary, w kt\u00f3rych ich stan emocjonalny jest wyra\u017anie odczuwalny. Ich artystycznie wyimaginowane krajobrazy, to ogl\u0105d z innego bardzo osobistego punktu widzenia, gdzie przedmioty i inne elementy obraz\u00f3w, czy to fantasmagoryczne obiekty, ruiny staro\u017cytnych budowli, s\u0105 uciele\u015bnione w metaforach i metaobrazach. Arty\u015bci wpisuj\u0105 swoje przetransponowane z rzeczywisto\u015bci wizje w minimalistyczne, czasem konwencjonalne pejza\u017ce, gdzie fragmenty \u00a0\u015bwiadomo\u015bci, kt\u00f3re wydaj\u0105 si\u0119 wy\u0142ania\u0107 ze sn\u00f3w, \u017cyj\u0105 w\u0142asnym \u017cyciem, istniej\u0105 we w\u0142asnych wymiarach. W tych magicznych, artystycznych przekazach, owianych tajemnic\u0105 szept\u00f3w Ziemi, istnieje iluzja bezcielesnej obecno\u015bci my\u015bli, duszy ludzkiej, a jednocze\u015bnie ich nieobecno\u015bci. Istnieje w nich przestrze\u0144 cichego spokoju, \u00a0a jednocze\u015bnie poczucia pr\u00f3\u017cni i pustki.<\/p><p>Prace artyst\u00f3w zawieraj\u0105 w sobie pragnienie skupienia si\u0119 na czym\u015b bliskim, zapadaj\u0105cym w pami\u0119\u0107, niezwykle wa\u017cnym, tkwi\u0105cym w ludzkim sercu w ekstremalnych warunkach. S\u0105 to uog\u00f3lnione, przetworzone, ale pod\u015bwiadomie rozpoznawalne elementy rzeczywistych krajobraz\u00f3w ich rodzinnej Ukrainy i Polski, kt\u00f3ra sta\u0142a si\u0119 drug\u0105 ojczyzn\u0105 artyst\u00f3w.<\/p><p align=\"right\">O\u0142eksij Ma\u0142ykh (\u041e\u043b\u0435\u043a\u0441\u0456\u0439 \u041c\u0430\u043b\u0438\u0445) i Maryna Afanasjewa (\u041c\u0430\u0440\u0438\u043d\u0430 \u0410\u0444\u0430\u043d\u0430\u0441\u044c\u0454\u0432\u0430)<\/p><p align=\"right\">opracowanie: Anna Baran<\/p>\t\t\t\t\t\t\t\t<\/div>\n\t\t\t\t<\/div>\n\t\t<div class=\"elementor-element elementor-element-3d8cb57 e-flex e-con-boxed e-con e-parent\" data-id=\"3d8cb57\" data-element_type=\"container\" data-e-type=\"container\">\n\t\t\t\t\t<div class=\"e-con-inner\">\n\t\t<div class=\"elementor-element elementor-element-5bc5d16 e-con-full e-flex e-con e-child\" data-id=\"5bc5d16\" data-element_type=\"container\" data-e-type=\"container\">\n\t\t\t\t<div class=\"elementor-element elementor-element-3e00c85 elementor-widget elementor-widget-image\" data-id=\"3e00c85\" data-element_type=\"widget\" data-e-type=\"widget\" data-widget_type=\"image.default\">\n\t\t\t\t\t\t\t\t\t\t\t\t\t\t\t<img decoding=\"async\" width=\"238\" height=\"310\" src=\"https:\/\/inzynier.rzeszow.pl\/wp-content\/uploads\/2025\/04\/obraz_2026-02-01_201214983.png\" class=\"attachment-large size-large wp-image-3420\" alt=\"\" srcset=\"https:\/\/inzynier.rzeszow.pl\/wp-content\/uploads\/2025\/04\/obraz_2026-02-01_201214983.png 238w, https:\/\/inzynier.rzeszow.pl\/wp-content\/uploads\/2025\/04\/obraz_2026-02-01_201214983-230x300.png 230w\" sizes=\"(max-width: 238px) 100vw, 238px\" \/>\t\t\t\t\t\t\t\t\t\t\t\t\t\t\t<\/div>\n\t\t\t\t<div class=\"elementor-element elementor-element-5e9cce2 elementor-widget elementor-widget-text-editor\" data-id=\"5e9cce2\" data-element_type=\"widget\" data-e-type=\"widget\" data-widget_type=\"text-editor.default\">\n\t\t\t\t\t\t\t\t\t<p><strong>O\u0142eksij Ma\u0142ykh<\/strong><br \/><br \/>Ukrai\u0144ski artysta, kurator i pedagog. Mieszka i pracuje w stolicy Ukrainy w Kijowie. Zdoby\u0142 wy\u017csze wykszta\u0142cenie w zakresie malarstwa, grafiki i pedagogiki. Swoj\u0105 dzia\u0142alno\u015b\u0107 wystawiennicz\u0105 rozpocz\u0105\u0142 w 1979 roku. Od 1987 roku bra\u0142 udzia\u0142 w licznych wystawach i projektach, z kt\u00f3rych ponad 70 mia\u0142o charakter indywidualny i odby\u0142o si\u0119 w Ukrainie, Polsce, Niemczech, Francji, Szwajcarii, Hiszpanii, na W\u0119grzech, a tak\u017ce w Chile i Azerbejd\u017canie. Od 1995 roku jest cz\u0142onkiem Narodowego Zwi\u0105zku Artyst\u00f3w Ukrainy. Od 1996 do 2019 by\u0142 wsp\u00f3\u0142kuratorem i jednocze\u015bnie uczestnikiem festiwalu land artu \u201eWiosenny Wiatr&#8221; w Kijowie. Te\u017c uczestniczy\u0142 w Mi\u0119dzynarodowych Sympozjach oraz festiwalach land artu w Ukrainie w takich miejsach jak: Mogritsa &#8211; \u201eBorderland Space&#8221;, Zaporo\u017ce &#8211; \u201eKhortytsia&#8221;, Iwano-Frankowsk &#8211; \u201eCarpathian Space&#8221;. By\u0142 autorem instalacji artystycznych w przestrzeni miejskiej w Ukrainie (Kij\u00f3w, Sumy, Iwano-Frankowsk). Od 2011 roku, wraz z Eugene Buck z USA, jest autorem i kuratorem idei projektu \u201eBreath of the Earth&#8221;. Wydarzenia te mia\u0142y te\u017c miejsce w 2013 oraz 2024 w Kijowie. Od 2018 roku Aleksij Malyh jest kuratorem ukrai\u0144skiej grupy artyst\u00f3w na Mi\u0119dzynarodowym Plenerze \u201eZnaki Pogranicza&#8221; w Polsce, a od 2020 roku r\u00f3wnie\u017c wsp\u00f3\u0142kuratorem Galerii Sztuki Wsp\u00f3\u0142czesnej &#8211; Imagine Point w Ukrainie, w Kijowie. Jest autorem programu w zakresie malarstwa wsp\u00f3\u0142czesnego. Jego prace znajduj\u0105 si\u0119 w zbiorach oko\u0142o 10 muze\u00f3w w Ukrainie, a tak\u017ce w kolekcjach instytucjonalnych i prywatnych w Ukrainie, Polsce, Niemczech, USA, Anglii, Czechach, S\u0142owacji, Bu\u0142garii, Francji, Hiszpanii, Szwajcarii, Chile, Gwatemali, Gruzji i Azerbejd\u017canie.<\/p>\t\t\t\t\t\t\t\t<\/div>\n\t\t\t\t<\/div>\n\t\t<div class=\"elementor-element elementor-element-8dc0b7d e-con-full e-flex e-con e-child\" data-id=\"8dc0b7d\" data-element_type=\"container\" data-e-type=\"container\">\n\t\t\t\t<div class=\"elementor-element elementor-element-567639a elementor-widget elementor-widget-image\" data-id=\"567639a\" data-element_type=\"widget\" data-e-type=\"widget\" data-widget_type=\"image.default\">\n\t\t\t\t\t\t\t\t\t\t\t\t\t\t\t<img decoding=\"async\" width=\"282\" height=\"330\" src=\"https:\/\/inzynier.rzeszow.pl\/wp-content\/uploads\/2025\/04\/obraz_2026-02-01_201229254.png\" class=\"attachment-large size-large wp-image-3421\" alt=\"\" srcset=\"https:\/\/inzynier.rzeszow.pl\/wp-content\/uploads\/2025\/04\/obraz_2026-02-01_201229254.png 282w, https:\/\/inzynier.rzeszow.pl\/wp-content\/uploads\/2025\/04\/obraz_2026-02-01_201229254-256x300.png 256w\" sizes=\"(max-width: 282px) 100vw, 282px\" \/>\t\t\t\t\t\t\t\t\t\t\t\t\t\t\t<\/div>\n\t\t\t\t<div class=\"elementor-element elementor-element-fb317b2 elementor-widget elementor-widget-text-editor\" data-id=\"fb317b2\" data-element_type=\"widget\" data-e-type=\"widget\" data-widget_type=\"text-editor.default\">\n\t\t\t\t\t\t\t\t\t<p><strong>Maryna Afanasjewa\u00a0<\/strong><br \/><br \/>Artystka, filolog. W dziedzinie artystycznej zajmuje si\u0119 malarstwem sztalugowym. Z ogromn\u0105 pasj\u0105 tworzy te\u017c w technice levkas. Mieszka i pracuje w Kijowie. Du\u017co podr\u00f3\u017cuje. W swojej tw\u00f3rczo\u015bci inspiruje si\u0119 kultur\u0105 staro\u017cytnych cywilizacji, majestatem natury i histori\u0105 miast. Swoje wra\u017cenia wynikaj\u0105ce z obserwacji rzeczywistego otoczenia opisuje na p\u0142\u00f3tnach oraz fakturowych deskach poprzez kolor, tajemnicze kszta\u0142ty i symboliczne napisy. Od 2008 roku studiuje w szkole artystycznej O\u0142eksija Ma\u0142ykh. Jest uczestniczk\u0105 wielu wystaw zbiorowych i indywidualnych, te\u017c projekt\u00f3w, festiwali i plener\u00f3w artystycznych w Ukrainie, Polsce i Niemczech. Jako menad\u017cer artystyczny zajmuje si\u0119 badaniem i promocj\u0105 wsp\u00f3\u0142czesnej sztuki ukrai\u0144skiej w Galerii Sztuki Wsp\u00f3\u0142czesnej &#8211; Imagine Point w stolicy Ukrainy, w Kijowie. Jej prace znajduj\u0105 si\u0119 w kolekcjach muzealnych, instytucjonalnych i prywatnych w Ukrainie, Polsce i Niemczech.<\/p>\t\t\t\t\t\t\t\t<\/div>\n\t\t\t\t<\/div>\n\t\t\t\t\t<\/div>\n\t\t\t\t<\/div>\n\t\t<div class=\"elementor-element elementor-element-99fceb1 e-flex e-con-boxed e-con e-parent\" data-id=\"99fceb1\" data-element_type=\"container\" data-e-type=\"container\">\n\t\t\t\t\t<div class=\"e-con-inner\">\n\t\t\t\t<div class=\"elementor-element elementor-element-c485b69 elementor-widget__width-inherit elementor-icon-list--layout-traditional elementor-list-item-link-full_width elementor-widget elementor-widget-icon-list\" data-id=\"c485b69\" data-element_type=\"widget\" data-e-type=\"widget\" data-widget_type=\"icon-list.default\">\n\t\t\t\t\t\t\t<ul class=\"elementor-icon-list-items\">\n\t\t\t\t\t\t\t<li class=\"elementor-icon-list-item\">\n\t\t\t\t\t\t\t\t\t\t\t<a href=\"https:\/\/www.facebook.com\/PodkarpackaOIIB\/posts\/pfbid0FdfwvBrKLg8LFyXiBhMMKwB1fbVvM7QmmizRo9C16VmT8TdMbetytig55PfnhY9Dl\">\n\n\t\t\t\t\t\t\t\t\t\t\t\t<span class=\"elementor-icon-list-icon\">\n\t\t\t\t\t\t\t<svg aria-hidden=\"true\" class=\"e-font-icon-svg e-fas-arrow-circle-right\" viewBox=\"0 0 512 512\" xmlns=\"http:\/\/www.w3.org\/2000\/svg\"><path d=\"M256 8c137 0 248 111 248 248S393 504 256 504 8 393 8 256 119 8 256 8zm-28.9 143.6l75.5 72.4H120c-13.3 0-24 10.7-24 24v16c0 13.3 10.7 24 24 24h182.6l-75.5 72.4c-9.7 9.3-9.9 24.8-.4 34.3l11 10.9c9.4 9.4 24.6 9.4 33.9 0L404.3 273c9.4-9.4 9.4-24.6 0-33.9L271.6 106.3c-9.4-9.4-24.6-9.4-33.9 0l-11 10.9c-9.5 9.6-9.3 25.1.4 34.4z\"><\/path><\/svg>\t\t\t\t\t\t<\/span>\n\t\t\t\t\t\t\t\t\t\t<span class=\"elementor-icon-list-text\">Galeria fotograficzna z Galeria Integracyjna - Krajobraz Metafizyczny - O\u0142eksij Ma\u0142ykh i Maryna Afanasjewa - 11.04.2025 r.<\/span>\n\t\t\t\t\t\t\t\t\t\t\t<\/a>\n\t\t\t\t\t\t\t\t\t<\/li>\n\t\t\t\t\t\t<\/ul>\n\t\t\t\t\t\t<\/div>\n\t\t\t\t\t<\/div>\n\t\t\t\t<\/div>\n\t\t<div class=\"elementor-element elementor-element-9902f71 e-flex e-con-boxed e-con e-parent\" data-id=\"9902f71\" data-element_type=\"container\" data-e-type=\"container\">\n\t\t\t\t\t<div class=\"e-con-inner\">\n\t\t\t\t<div class=\"elementor-element elementor-element-251365e elementor-widget elementor-widget-gallery\" data-id=\"251365e\" data-element_type=\"widget\" data-e-type=\"widget\" data-settings=\"{&quot;columns&quot;:3,&quot;lazyload&quot;:&quot;yes&quot;,&quot;gallery_layout&quot;:&quot;grid&quot;,&quot;columns_tablet&quot;:2,&quot;columns_mobile&quot;:1,&quot;gap&quot;:{&quot;unit&quot;:&quot;px&quot;,&quot;size&quot;:10,&quot;sizes&quot;:[]},&quot;gap_tablet&quot;:{&quot;unit&quot;:&quot;px&quot;,&quot;size&quot;:10,&quot;sizes&quot;:[]},&quot;gap_mobile&quot;:{&quot;unit&quot;:&quot;px&quot;,&quot;size&quot;:10,&quot;sizes&quot;:[]},&quot;link_to&quot;:&quot;file&quot;,&quot;aspect_ratio&quot;:&quot;3:2&quot;,&quot;overlay_background&quot;:&quot;yes&quot;,&quot;content_hover_animation&quot;:&quot;fade-in&quot;}\" data-widget_type=\"gallery.default\">\n\t\t\t\t\t\t\t<div class=\"elementor-gallery__container\">\n\t\t\t\t\t\t\t<a class=\"e-gallery-item elementor-gallery-item elementor-animated-content\" href=\"https:\/\/inzynier.rzeszow.pl\/wp-content\/uploads\/2025\/04\/obraz_2026-02-01_201432894.png\" data-elementor-open-lightbox=\"yes\" data-elementor-lightbox-slideshow=\"251365e\" data-e-action-hash=\"#elementor-action%3Aaction%3Dlightbox%26settings%3DeyJpZCI6MzQyMiwidXJsIjoiaHR0cHM6XC9cL2luenluaWVyLnJ6ZXN6b3cucGxcL3dwLWNvbnRlbnRcL3VwbG9hZHNcLzIwMjVcLzA0XC9vYnJhel8yMDI2LTAyLTAxXzIwMTQzMjg5NC5wbmciLCJzbGlkZXNob3ciOiIyNTEzNjVlIn0%3D\">\n\t\t\t\t\t<div class=\"e-gallery-image elementor-gallery-item__image\" data-thumbnail=\"https:\/\/inzynier.rzeszow.pl\/wp-content\/uploads\/2025\/04\/obraz_2026-02-01_201432894-768x510.png\" data-width=\"768\" data-height=\"510\" aria-label=\"\" role=\"img\" ><\/div>\n\t\t\t\t\t\t\t\t\t\t\t<div class=\"elementor-gallery-item__overlay\"><\/div>\n\t\t\t\t\t\t\t\t\t\t\t\t\t\t<\/a>\n\t\t\t\t\t\t\t<a class=\"e-gallery-item elementor-gallery-item elementor-animated-content\" href=\"https:\/\/inzynier.rzeszow.pl\/wp-content\/uploads\/2025\/04\/obraz_2026-02-01_201443657.png\" data-elementor-open-lightbox=\"yes\" data-elementor-lightbox-slideshow=\"251365e\" data-e-action-hash=\"#elementor-action%3Aaction%3Dlightbox%26settings%3DeyJpZCI6MzQyMywidXJsIjoiaHR0cHM6XC9cL2luenluaWVyLnJ6ZXN6b3cucGxcL3dwLWNvbnRlbnRcL3VwbG9hZHNcLzIwMjVcLzA0XC9vYnJhel8yMDI2LTAyLTAxXzIwMTQ0MzY1Ny5wbmciLCJzbGlkZXNob3ciOiIyNTEzNjVlIn0%3D\">\n\t\t\t\t\t<div class=\"e-gallery-image elementor-gallery-item__image\" data-thumbnail=\"https:\/\/inzynier.rzeszow.pl\/wp-content\/uploads\/2025\/04\/obraz_2026-02-01_201443657-768x510.png\" data-width=\"768\" data-height=\"510\" aria-label=\"\" role=\"img\" ><\/div>\n\t\t\t\t\t\t\t\t\t\t\t<div class=\"elementor-gallery-item__overlay\"><\/div>\n\t\t\t\t\t\t\t\t\t\t\t\t\t\t<\/a>\n\t\t\t\t\t\t\t<a class=\"e-gallery-item elementor-gallery-item elementor-animated-content\" href=\"https:\/\/inzynier.rzeszow.pl\/wp-content\/uploads\/2025\/04\/obraz_2026-02-01_201454585.png\" data-elementor-open-lightbox=\"yes\" data-elementor-lightbox-slideshow=\"251365e\" data-e-action-hash=\"#elementor-action%3Aaction%3Dlightbox%26settings%3DeyJpZCI6MzQyNCwidXJsIjoiaHR0cHM6XC9cL2luenluaWVyLnJ6ZXN6b3cucGxcL3dwLWNvbnRlbnRcL3VwbG9hZHNcLzIwMjVcLzA0XC9vYnJhel8yMDI2LTAyLTAxXzIwMTQ1NDU4NS5wbmciLCJzbGlkZXNob3ciOiIyNTEzNjVlIn0%3D\">\n\t\t\t\t\t<div class=\"e-gallery-image elementor-gallery-item__image\" data-thumbnail=\"https:\/\/inzynier.rzeszow.pl\/wp-content\/uploads\/2025\/04\/obraz_2026-02-01_201454585-768x510.png\" data-width=\"768\" data-height=\"510\" aria-label=\"\" role=\"img\" ><\/div>\n\t\t\t\t\t\t\t\t\t\t\t<div class=\"elementor-gallery-item__overlay\"><\/div>\n\t\t\t\t\t\t\t\t\t\t\t\t\t\t<\/a>\n\t\t\t\t\t\t\t<a class=\"e-gallery-item elementor-gallery-item elementor-animated-content\" href=\"https:\/\/inzynier.rzeszow.pl\/wp-content\/uploads\/2025\/04\/obraz_2026-02-01_201506647.png\" data-elementor-open-lightbox=\"yes\" data-elementor-lightbox-slideshow=\"251365e\" data-e-action-hash=\"#elementor-action%3Aaction%3Dlightbox%26settings%3DeyJpZCI6MzQyNSwidXJsIjoiaHR0cHM6XC9cL2luenluaWVyLnJ6ZXN6b3cucGxcL3dwLWNvbnRlbnRcL3VwbG9hZHNcLzIwMjVcLzA0XC9vYnJhel8yMDI2LTAyLTAxXzIwMTUwNjY0Ny5wbmciLCJzbGlkZXNob3ciOiIyNTEzNjVlIn0%3D\">\n\t\t\t\t\t<div class=\"e-gallery-image elementor-gallery-item__image\" data-thumbnail=\"https:\/\/inzynier.rzeszow.pl\/wp-content\/uploads\/2025\/04\/obraz_2026-02-01_201506647-768x510.png\" data-width=\"768\" data-height=\"510\" aria-label=\"\" role=\"img\" ><\/div>\n\t\t\t\t\t\t\t\t\t\t\t<div class=\"elementor-gallery-item__overlay\"><\/div>\n\t\t\t\t\t\t\t\t\t\t\t\t\t\t<\/a>\n\t\t\t\t\t\t\t<a class=\"e-gallery-item elementor-gallery-item elementor-animated-content\" href=\"https:\/\/inzynier.rzeszow.pl\/wp-content\/uploads\/2025\/04\/obraz_2026-02-01_201518548.png\" data-elementor-open-lightbox=\"yes\" data-elementor-lightbox-slideshow=\"251365e\" data-e-action-hash=\"#elementor-action%3Aaction%3Dlightbox%26settings%3DeyJpZCI6MzQyNywidXJsIjoiaHR0cHM6XC9cL2luenluaWVyLnJ6ZXN6b3cucGxcL3dwLWNvbnRlbnRcL3VwbG9hZHNcLzIwMjVcLzA0XC9vYnJhel8yMDI2LTAyLTAxXzIwMTUxODU0OC5wbmciLCJzbGlkZXNob3ciOiIyNTEzNjVlIn0%3D\">\n\t\t\t\t\t<div class=\"e-gallery-image elementor-gallery-item__image\" data-thumbnail=\"https:\/\/inzynier.rzeszow.pl\/wp-content\/uploads\/2025\/04\/obraz_2026-02-01_201518548-768x510.png\" data-width=\"768\" data-height=\"510\" aria-label=\"\" role=\"img\" ><\/div>\n\t\t\t\t\t\t\t\t\t\t\t<div class=\"elementor-gallery-item__overlay\"><\/div>\n\t\t\t\t\t\t\t\t\t\t\t\t\t\t<\/a>\n\t\t\t\t\t\t\t<a class=\"e-gallery-item elementor-gallery-item elementor-animated-content\" href=\"https:\/\/inzynier.rzeszow.pl\/wp-content\/uploads\/2025\/04\/obraz_2026-02-01_201528051.png\" data-elementor-open-lightbox=\"yes\" data-elementor-lightbox-slideshow=\"251365e\" data-e-action-hash=\"#elementor-action%3Aaction%3Dlightbox%26settings%3DeyJpZCI6MzQyOCwidXJsIjoiaHR0cHM6XC9cL2luenluaWVyLnJ6ZXN6b3cucGxcL3dwLWNvbnRlbnRcL3VwbG9hZHNcLzIwMjVcLzA0XC9vYnJhel8yMDI2LTAyLTAxXzIwMTUyODA1MS5wbmciLCJzbGlkZXNob3ciOiIyNTEzNjVlIn0%3D\">\n\t\t\t\t\t<div class=\"e-gallery-image elementor-gallery-item__image\" data-thumbnail=\"https:\/\/inzynier.rzeszow.pl\/wp-content\/uploads\/2025\/04\/obraz_2026-02-01_201528051-768x512.png\" data-width=\"768\" data-height=\"512\" aria-label=\"\" role=\"img\" ><\/div>\n\t\t\t\t\t\t\t\t\t\t\t<div class=\"elementor-gallery-item__overlay\"><\/div>\n\t\t\t\t\t\t\t\t\t\t\t\t\t\t<\/a>\n\t\t\t\t\t<\/div>\n\t\t\t\t\t<\/div>\n\t\t\t\t\t<\/div>\n\t\t\t\t<\/div>\n\t\t<div class=\"elementor-element elementor-element-62fe57d e-flex e-con-boxed e-con e-parent\" data-id=\"62fe57d\" data-element_type=\"container\" data-e-type=\"container\">\n\t\t\t\t\t<div class=\"e-con-inner\">\n\t\t\t\t<div class=\"elementor-element elementor-element-f5b6521 elementor-widget elementor-widget-text-editor\" data-id=\"f5b6521\" data-element_type=\"widget\" data-e-type=\"widget\" data-widget_type=\"text-editor.default\">\n\t\t\t\t\t\t\t\t\t<table border=\"0\"><tbody><tr><td colspan=\"3\"><strong>Patroni Galerii Integracyjnej<\/strong><\/td><\/tr><tr><td colspan=\"3\">\u00a0<\/td><\/tr><tr><td colspan=\"3\">\u00a0<img loading=\"lazy\" decoding=\"async\" src=\"https:\/\/inzynier.rzeszow.pl\/download\/z_zycia\/patronaty\/logo_marszalka_wojewodztwa.png\" width=\"42\" height=\"50\" border=\"0\" \/>\u00a0\u00a0\u00a0\u00a0\u00a0<img loading=\"lazy\" decoding=\"async\" src=\"https:\/\/inzynier.rzeszow.pl\/download\/z_zycia\/patronaty\/logo_rz_pl.jpg\" width=\"163\" height=\"50\" border=\"0\" \/>\u00a0\u00a0 \u00a0\u00a0<img loading=\"lazy\" decoding=\"async\" src=\"https:\/\/inzynier.rzeszow.pl\/download\/z_zycia\/patronaty\/logo-piib.svg\" width=\"107\" height=\"50\" border=\"0\" \/>\u00a0 \u00a0\u00a0<img loading=\"lazy\" decoding=\"async\" src=\"https:\/\/inzynier.rzeszow.pl\/download\/z_zycia\/patronaty\/prz_pl.jpg\" width=\"126\" height=\"50\" border=\"0\" \/>\u00a0\u00a0<img loading=\"lazy\" decoding=\"async\" src=\"https:\/\/inzynier.rzeszow.pl\/download\/z_zycia\/patronaty\/logo_not.jpg\" width=\"50\" height=\"50\" border=\"0\" \/>\u00a0\u00a0\u00a0<img loading=\"lazy\" decoding=\"async\" src=\"https:\/\/inzynier.rzeszow.pl\/download\/z_zycia\/patronaty\/BWA-logo.jpg\" width=\"50\" height=\"51\" border=\"0\" \/><br \/><br \/><img loading=\"lazy\" decoding=\"async\" src=\"https:\/\/inzynier.rzeszow.pl\/download\/z_zycia\/patronaty\/tvp_3_niebieskie.jpg\" width=\"74\" height=\"50\" border=\"0\" \/>\u00a0 \u00a0\u00a0\u00a0<img loading=\"lazy\" decoding=\"async\" src=\"https:\/\/inzynier.rzeszow.pl\/download\/z_zycia\/patronaty\/logo_rrz.jpg\" width=\"105\" height=\"45\" border=\"0\" \/>\u00a0\u00a0\u00a0<img loading=\"lazy\" decoding=\"async\" src=\"https:\/\/inzynier.rzeszow.pl\/download\/z_zycia\/patronaty\/nowiny_logo.jpg\" width=\"101\" height=\"30\" border=\"0\" \/>\u00a0\u00a0\u00a0<img loading=\"lazy\" decoding=\"async\" src=\"https:\/\/inzynier.rzeszow.pl\/download\/z_zycia\/patronaty\/nowiny24_logo.jpg\" width=\"139\" height=\"30\" border=\"0\" \/>\u00a0\u00a0\u00a0<img loading=\"lazy\" decoding=\"async\" src=\"https:\/\/inzynier.rzeszow.pl\/download\/z_zycia\/patronaty\/biznesistyl_logo.JPG\" width=\"129\" height=\"30\" border=\"0\" \/>\u00a0<\/td><\/tr><\/tbody><\/table>\t\t\t\t\t\t\t\t<\/div>\n\t\t\t\t\t<\/div>\n\t\t\t\t<\/div>\n\t\t\t\t<\/div>\n\t\t","protected":false},"excerpt":{"rendered":"<p>W dniu 11 kwietnia 2025 r. odby\u0142o si\u0119 otwarcie wystawy malarstwa i levkas dw\u00f3ch znakomitych ukrai\u0144skich artyst\u00f3w z Kijowa: O\u0142eksij [&hellip;]<\/p>\n","protected":false},"author":1,"featured_media":3419,"comment_status":"closed","ping_status":"closed","sticky":false,"template":"","format":"standard","meta":{"site-sidebar-layout":"default","site-content-layout":"","ast-site-content-layout":"default","site-content-style":"default","site-sidebar-style":"default","ast-global-header-display":"","ast-banner-title-visibility":"","ast-main-header-display":"","ast-hfb-above-header-display":"","ast-hfb-below-header-display":"","ast-hfb-mobile-header-display":"","site-post-title":"","ast-breadcrumbs-content":"","ast-featured-img":"","footer-sml-layout":"","ast-disable-related-posts":"","theme-transparent-header-meta":"","adv-header-id-meta":"","stick-header-meta":"","header-above-stick-meta":"","header-main-stick-meta":"","header-below-stick-meta":"","astra-migrate-meta-layouts":"default","ast-page-background-enabled":"default","ast-page-background-meta":{"desktop":{"background-color":"var(--ast-global-color-5)","background-image":"","background-repeat":"repeat","background-position":"center center","background-size":"auto","background-attachment":"scroll","background-type":"","background-media":"","overlay-type":"","overlay-color":"","overlay-opacity":"","overlay-gradient":""},"tablet":{"background-color":"","background-image":"","background-repeat":"repeat","background-position":"center center","background-size":"auto","background-attachment":"scroll","background-type":"","background-media":"","overlay-type":"","overlay-color":"","overlay-opacity":"","overlay-gradient":""},"mobile":{"background-color":"","background-image":"","background-repeat":"repeat","background-position":"center center","background-size":"auto","background-attachment":"scroll","background-type":"","background-media":"","overlay-type":"","overlay-color":"","overlay-opacity":"","overlay-gradient":""}},"ast-content-background-meta":{"desktop":{"background-color":"var(--ast-global-color-4)","background-image":"","background-repeat":"repeat","background-position":"center center","background-size":"auto","background-attachment":"scroll","background-type":"","background-media":"","overlay-type":"","overlay-color":"","overlay-opacity":"","overlay-gradient":""},"tablet":{"background-color":"var(--ast-global-color-4)","background-image":"","background-repeat":"repeat","background-position":"center center","background-size":"auto","background-attachment":"scroll","background-type":"","background-media":"","overlay-type":"","overlay-color":"","overlay-opacity":"","overlay-gradient":""},"mobile":{"background-color":"var(--ast-global-color-4)","background-image":"","background-repeat":"repeat","background-position":"center center","background-size":"auto","background-attachment":"scroll","background-type":"","background-media":"","overlay-type":"","overlay-color":"","overlay-opacity":"","overlay-gradient":""}},"footnotes":""},"categories":[7,16,55],"tags":[],"class_list":["post-3410","post","type-post","status-publish","format-standard","has-post-thumbnail","hentry","category-wydarzenia","category-z-zycia-izby","category-z-zycia-izby-rok-2025"],"yoast_head":"<!-- This site is optimized with the Yoast SEO plugin v27.5 - https:\/\/yoast.com\/product\/yoast-seo-wordpress\/ -->\n<title>Galeria Integracyjna - Krajobraz Metafizyczny - O\u0142eksij Ma\u0142ykh i Maryna Afanasjewa - Podkarpacka Okregowa Izba Inzynierow Budownictwa<\/title>\n<meta name=\"robots\" content=\"index, follow, max-snippet:-1, max-image-preview:large, max-video-preview:-1\" \/>\n<link rel=\"canonical\" href=\"https:\/\/inzynier.rzeszow.pl\/index.php\/2025\/04\/12\/galeria-integracyjna-krajobraz-metafizyczny-oleksij-malykh-i-maryna-afanasjewa\/\" \/>\n<meta property=\"og:locale\" content=\"pl_PL\" \/>\n<meta property=\"og:type\" content=\"article\" \/>\n<meta property=\"og:title\" content=\"Galeria Integracyjna - Krajobraz Metafizyczny - O\u0142eksij Ma\u0142ykh i Maryna Afanasjewa - Podkarpacka Okregowa Izba Inzynierow Budownictwa\" \/>\n<meta property=\"og:description\" content=\"W dniu 11 kwietnia 2025 r. odby\u0142o si\u0119 otwarcie wystawy malarstwa i levkas dw\u00f3ch znakomitych ukrai\u0144skich artyst\u00f3w z Kijowa: O\u0142eksij [&hellip;]\" \/>\n<meta property=\"og:url\" content=\"https:\/\/inzynier.rzeszow.pl\/index.php\/2025\/04\/12\/galeria-integracyjna-krajobraz-metafizyczny-oleksij-malykh-i-maryna-afanasjewa\/\" \/>\n<meta property=\"og:site_name\" content=\"Podkarpacka Okregowa Izba Inzynierow Budownictwa\" \/>\n<meta property=\"article:published_time\" content=\"2025-04-12T11:57:46+00:00\" \/>\n<meta property=\"article:modified_time\" content=\"2026-02-13T13:42:29+00:00\" \/>\n<meta property=\"og:image\" content=\"https:\/\/inzynier.rzeszow.pl\/wp-content\/uploads\/2025\/04\/obraz_2026-02-01_200937680.png\" \/>\n\t<meta property=\"og:image:width\" content=\"1920\" \/>\n\t<meta property=\"og:image:height\" content=\"1080\" \/>\n\t<meta property=\"og:image:type\" content=\"image\/png\" \/>\n<meta name=\"author\" content=\"admin\" \/>\n<meta name=\"twitter:card\" content=\"summary_large_image\" \/>\n<meta name=\"twitter:label1\" content=\"Napisane przez\" \/>\n\t<meta name=\"twitter:data1\" content=\"admin\" \/>\n\t<meta name=\"twitter:label2\" content=\"Szacowany czas czytania\" \/>\n\t<meta name=\"twitter:data2\" content=\"4 minuty\" \/>\n<script type=\"application\/ld+json\" class=\"yoast-schema-graph\">{\"@context\":\"https:\\\/\\\/schema.org\",\"@graph\":[{\"@type\":\"Article\",\"@id\":\"https:\\\/\\\/inzynier.rzeszow.pl\\\/index.php\\\/2025\\\/04\\\/12\\\/galeria-integracyjna-krajobraz-metafizyczny-oleksij-malykh-i-maryna-afanasjewa\\\/#article\",\"isPartOf\":{\"@id\":\"https:\\\/\\\/inzynier.rzeszow.pl\\\/index.php\\\/2025\\\/04\\\/12\\\/galeria-integracyjna-krajobraz-metafizyczny-oleksij-malykh-i-maryna-afanasjewa\\\/\"},\"author\":{\"name\":\"admin\",\"@id\":\"https:\\\/\\\/inzynier.rzeszow.pl\\\/#\\\/schema\\\/person\\\/21ca162d893bdc5760a95d704e9b1e39\"},\"headline\":\"Galeria Integracyjna &#8211; Krajobraz Metafizyczny &#8211; O\u0142eksij Ma\u0142ykh i Maryna Afanasjewa\",\"datePublished\":\"2025-04-12T11:57:46+00:00\",\"dateModified\":\"2026-02-13T13:42:29+00:00\",\"mainEntityOfPage\":{\"@id\":\"https:\\\/\\\/inzynier.rzeszow.pl\\\/index.php\\\/2025\\\/04\\\/12\\\/galeria-integracyjna-krajobraz-metafizyczny-oleksij-malykh-i-maryna-afanasjewa\\\/\"},\"wordCount\":873,\"image\":{\"@id\":\"https:\\\/\\\/inzynier.rzeszow.pl\\\/index.php\\\/2025\\\/04\\\/12\\\/galeria-integracyjna-krajobraz-metafizyczny-oleksij-malykh-i-maryna-afanasjewa\\\/#primaryimage\"},\"thumbnailUrl\":\"https:\\\/\\\/inzynier.rzeszow.pl\\\/wp-content\\\/uploads\\\/2025\\\/04\\\/obraz_2026-02-01_200937680.png\",\"articleSection\":[\"Wydarzenia\",\"Z \u017cycia izby\",\"Z \u017cycia Izby Rok 2025\"],\"inLanguage\":\"pl-PL\"},{\"@type\":\"WebPage\",\"@id\":\"https:\\\/\\\/inzynier.rzeszow.pl\\\/index.php\\\/2025\\\/04\\\/12\\\/galeria-integracyjna-krajobraz-metafizyczny-oleksij-malykh-i-maryna-afanasjewa\\\/\",\"url\":\"https:\\\/\\\/inzynier.rzeszow.pl\\\/index.php\\\/2025\\\/04\\\/12\\\/galeria-integracyjna-krajobraz-metafizyczny-oleksij-malykh-i-maryna-afanasjewa\\\/\",\"name\":\"Galeria Integracyjna - Krajobraz Metafizyczny - O\u0142eksij Ma\u0142ykh i Maryna Afanasjewa - Podkarpacka Okregowa Izba Inzynierow Budownictwa\",\"isPartOf\":{\"@id\":\"https:\\\/\\\/inzynier.rzeszow.pl\\\/#website\"},\"primaryImageOfPage\":{\"@id\":\"https:\\\/\\\/inzynier.rzeszow.pl\\\/index.php\\\/2025\\\/04\\\/12\\\/galeria-integracyjna-krajobraz-metafizyczny-oleksij-malykh-i-maryna-afanasjewa\\\/#primaryimage\"},\"image\":{\"@id\":\"https:\\\/\\\/inzynier.rzeszow.pl\\\/index.php\\\/2025\\\/04\\\/12\\\/galeria-integracyjna-krajobraz-metafizyczny-oleksij-malykh-i-maryna-afanasjewa\\\/#primaryimage\"},\"thumbnailUrl\":\"https:\\\/\\\/inzynier.rzeszow.pl\\\/wp-content\\\/uploads\\\/2025\\\/04\\\/obraz_2026-02-01_200937680.png\",\"datePublished\":\"2025-04-12T11:57:46+00:00\",\"dateModified\":\"2026-02-13T13:42:29+00:00\",\"author\":{\"@id\":\"https:\\\/\\\/inzynier.rzeszow.pl\\\/#\\\/schema\\\/person\\\/21ca162d893bdc5760a95d704e9b1e39\"},\"breadcrumb\":{\"@id\":\"https:\\\/\\\/inzynier.rzeszow.pl\\\/index.php\\\/2025\\\/04\\\/12\\\/galeria-integracyjna-krajobraz-metafizyczny-oleksij-malykh-i-maryna-afanasjewa\\\/#breadcrumb\"},\"inLanguage\":\"pl-PL\",\"potentialAction\":[{\"@type\":\"ReadAction\",\"target\":[\"https:\\\/\\\/inzynier.rzeszow.pl\\\/index.php\\\/2025\\\/04\\\/12\\\/galeria-integracyjna-krajobraz-metafizyczny-oleksij-malykh-i-maryna-afanasjewa\\\/\"]}]},{\"@type\":\"ImageObject\",\"inLanguage\":\"pl-PL\",\"@id\":\"https:\\\/\\\/inzynier.rzeszow.pl\\\/index.php\\\/2025\\\/04\\\/12\\\/galeria-integracyjna-krajobraz-metafizyczny-oleksij-malykh-i-maryna-afanasjewa\\\/#primaryimage\",\"url\":\"https:\\\/\\\/inzynier.rzeszow.pl\\\/wp-content\\\/uploads\\\/2025\\\/04\\\/obraz_2026-02-01_200937680.png\",\"contentUrl\":\"https:\\\/\\\/inzynier.rzeszow.pl\\\/wp-content\\\/uploads\\\/2025\\\/04\\\/obraz_2026-02-01_200937680.png\",\"width\":1920,\"height\":1080},{\"@type\":\"BreadcrumbList\",\"@id\":\"https:\\\/\\\/inzynier.rzeszow.pl\\\/index.php\\\/2025\\\/04\\\/12\\\/galeria-integracyjna-krajobraz-metafizyczny-oleksij-malykh-i-maryna-afanasjewa\\\/#breadcrumb\",\"itemListElement\":[{\"@type\":\"ListItem\",\"position\":1,\"name\":\"Strona g\u0142\u00f3wna\",\"item\":\"https:\\\/\\\/inzynier.rzeszow.pl\\\/\"},{\"@type\":\"ListItem\",\"position\":2,\"name\":\"Galeria Integracyjna &#8211; Krajobraz Metafizyczny &#8211; O\u0142eksij Ma\u0142ykh i Maryna Afanasjewa\"}]},{\"@type\":\"WebSite\",\"@id\":\"https:\\\/\\\/inzynier.rzeszow.pl\\\/#website\",\"url\":\"https:\\\/\\\/inzynier.rzeszow.pl\\\/\",\"name\":\"Podkarpacka Okregowa Izba Inzynierow Budownictwa\",\"description\":\"\",\"potentialAction\":[{\"@type\":\"SearchAction\",\"target\":{\"@type\":\"EntryPoint\",\"urlTemplate\":\"https:\\\/\\\/inzynier.rzeszow.pl\\\/?s={search_term_string}\"},\"query-input\":{\"@type\":\"PropertyValueSpecification\",\"valueRequired\":true,\"valueName\":\"search_term_string\"}}],\"inLanguage\":\"pl-PL\"},{\"@type\":\"Person\",\"@id\":\"https:\\\/\\\/inzynier.rzeszow.pl\\\/#\\\/schema\\\/person\\\/21ca162d893bdc5760a95d704e9b1e39\",\"name\":\"admin\",\"image\":{\"@type\":\"ImageObject\",\"inLanguage\":\"pl-PL\",\"@id\":\"https:\\\/\\\/secure.gravatar.com\\\/avatar\\\/d5d1959f10b94c8abcf928274f8bb5b8c7370b0dfadb0590911bacad18965f21?s=96&d=mm&r=g\",\"url\":\"https:\\\/\\\/secure.gravatar.com\\\/avatar\\\/d5d1959f10b94c8abcf928274f8bb5b8c7370b0dfadb0590911bacad18965f21?s=96&d=mm&r=g\",\"contentUrl\":\"https:\\\/\\\/secure.gravatar.com\\\/avatar\\\/d5d1959f10b94c8abcf928274f8bb5b8c7370b0dfadb0590911bacad18965f21?s=96&d=mm&r=g\",\"caption\":\"admin\"},\"sameAs\":[\"https:\\\/\\\/migracja.inzynier.rzeszow.pl\"],\"url\":\"https:\\\/\\\/inzynier.rzeszow.pl\\\/index.php\\\/author\\\/kwojcik\\\/\"}]}<\/script>\n<!-- \/ Yoast SEO plugin. -->","yoast_head_json":{"title":"Galeria Integracyjna - Krajobraz Metafizyczny - O\u0142eksij Ma\u0142ykh i Maryna Afanasjewa - Podkarpacka Okregowa Izba Inzynierow Budownictwa","robots":{"index":"index","follow":"follow","max-snippet":"max-snippet:-1","max-image-preview":"max-image-preview:large","max-video-preview":"max-video-preview:-1"},"canonical":"https:\/\/inzynier.rzeszow.pl\/index.php\/2025\/04\/12\/galeria-integracyjna-krajobraz-metafizyczny-oleksij-malykh-i-maryna-afanasjewa\/","og_locale":"pl_PL","og_type":"article","og_title":"Galeria Integracyjna - Krajobraz Metafizyczny - O\u0142eksij Ma\u0142ykh i Maryna Afanasjewa - Podkarpacka Okregowa Izba Inzynierow Budownictwa","og_description":"W dniu 11 kwietnia 2025 r. odby\u0142o si\u0119 otwarcie wystawy malarstwa i levkas dw\u00f3ch znakomitych ukrai\u0144skich artyst\u00f3w z Kijowa: O\u0142eksij [&hellip;]","og_url":"https:\/\/inzynier.rzeszow.pl\/index.php\/2025\/04\/12\/galeria-integracyjna-krajobraz-metafizyczny-oleksij-malykh-i-maryna-afanasjewa\/","og_site_name":"Podkarpacka Okregowa Izba Inzynierow Budownictwa","article_published_time":"2025-04-12T11:57:46+00:00","article_modified_time":"2026-02-13T13:42:29+00:00","og_image":[{"width":1920,"height":1080,"url":"https:\/\/inzynier.rzeszow.pl\/wp-content\/uploads\/2025\/04\/obraz_2026-02-01_200937680.png","type":"image\/png"}],"author":"admin","twitter_card":"summary_large_image","twitter_misc":{"Napisane przez":"admin","Szacowany czas czytania":"4 minuty"},"schema":{"@context":"https:\/\/schema.org","@graph":[{"@type":"Article","@id":"https:\/\/inzynier.rzeszow.pl\/index.php\/2025\/04\/12\/galeria-integracyjna-krajobraz-metafizyczny-oleksij-malykh-i-maryna-afanasjewa\/#article","isPartOf":{"@id":"https:\/\/inzynier.rzeszow.pl\/index.php\/2025\/04\/12\/galeria-integracyjna-krajobraz-metafizyczny-oleksij-malykh-i-maryna-afanasjewa\/"},"author":{"name":"admin","@id":"https:\/\/inzynier.rzeszow.pl\/#\/schema\/person\/21ca162d893bdc5760a95d704e9b1e39"},"headline":"Galeria Integracyjna &#8211; Krajobraz Metafizyczny &#8211; O\u0142eksij Ma\u0142ykh i Maryna Afanasjewa","datePublished":"2025-04-12T11:57:46+00:00","dateModified":"2026-02-13T13:42:29+00:00","mainEntityOfPage":{"@id":"https:\/\/inzynier.rzeszow.pl\/index.php\/2025\/04\/12\/galeria-integracyjna-krajobraz-metafizyczny-oleksij-malykh-i-maryna-afanasjewa\/"},"wordCount":873,"image":{"@id":"https:\/\/inzynier.rzeszow.pl\/index.php\/2025\/04\/12\/galeria-integracyjna-krajobraz-metafizyczny-oleksij-malykh-i-maryna-afanasjewa\/#primaryimage"},"thumbnailUrl":"https:\/\/inzynier.rzeszow.pl\/wp-content\/uploads\/2025\/04\/obraz_2026-02-01_200937680.png","articleSection":["Wydarzenia","Z \u017cycia izby","Z \u017cycia Izby Rok 2025"],"inLanguage":"pl-PL"},{"@type":"WebPage","@id":"https:\/\/inzynier.rzeszow.pl\/index.php\/2025\/04\/12\/galeria-integracyjna-krajobraz-metafizyczny-oleksij-malykh-i-maryna-afanasjewa\/","url":"https:\/\/inzynier.rzeszow.pl\/index.php\/2025\/04\/12\/galeria-integracyjna-krajobraz-metafizyczny-oleksij-malykh-i-maryna-afanasjewa\/","name":"Galeria Integracyjna - Krajobraz Metafizyczny - O\u0142eksij Ma\u0142ykh i Maryna Afanasjewa - Podkarpacka Okregowa Izba Inzynierow Budownictwa","isPartOf":{"@id":"https:\/\/inzynier.rzeszow.pl\/#website"},"primaryImageOfPage":{"@id":"https:\/\/inzynier.rzeszow.pl\/index.php\/2025\/04\/12\/galeria-integracyjna-krajobraz-metafizyczny-oleksij-malykh-i-maryna-afanasjewa\/#primaryimage"},"image":{"@id":"https:\/\/inzynier.rzeszow.pl\/index.php\/2025\/04\/12\/galeria-integracyjna-krajobraz-metafizyczny-oleksij-malykh-i-maryna-afanasjewa\/#primaryimage"},"thumbnailUrl":"https:\/\/inzynier.rzeszow.pl\/wp-content\/uploads\/2025\/04\/obraz_2026-02-01_200937680.png","datePublished":"2025-04-12T11:57:46+00:00","dateModified":"2026-02-13T13:42:29+00:00","author":{"@id":"https:\/\/inzynier.rzeszow.pl\/#\/schema\/person\/21ca162d893bdc5760a95d704e9b1e39"},"breadcrumb":{"@id":"https:\/\/inzynier.rzeszow.pl\/index.php\/2025\/04\/12\/galeria-integracyjna-krajobraz-metafizyczny-oleksij-malykh-i-maryna-afanasjewa\/#breadcrumb"},"inLanguage":"pl-PL","potentialAction":[{"@type":"ReadAction","target":["https:\/\/inzynier.rzeszow.pl\/index.php\/2025\/04\/12\/galeria-integracyjna-krajobraz-metafizyczny-oleksij-malykh-i-maryna-afanasjewa\/"]}]},{"@type":"ImageObject","inLanguage":"pl-PL","@id":"https:\/\/inzynier.rzeszow.pl\/index.php\/2025\/04\/12\/galeria-integracyjna-krajobraz-metafizyczny-oleksij-malykh-i-maryna-afanasjewa\/#primaryimage","url":"https:\/\/inzynier.rzeszow.pl\/wp-content\/uploads\/2025\/04\/obraz_2026-02-01_200937680.png","contentUrl":"https:\/\/inzynier.rzeszow.pl\/wp-content\/uploads\/2025\/04\/obraz_2026-02-01_200937680.png","width":1920,"height":1080},{"@type":"BreadcrumbList","@id":"https:\/\/inzynier.rzeszow.pl\/index.php\/2025\/04\/12\/galeria-integracyjna-krajobraz-metafizyczny-oleksij-malykh-i-maryna-afanasjewa\/#breadcrumb","itemListElement":[{"@type":"ListItem","position":1,"name":"Strona g\u0142\u00f3wna","item":"https:\/\/inzynier.rzeszow.pl\/"},{"@type":"ListItem","position":2,"name":"Galeria Integracyjna &#8211; Krajobraz Metafizyczny &#8211; O\u0142eksij Ma\u0142ykh i Maryna Afanasjewa"}]},{"@type":"WebSite","@id":"https:\/\/inzynier.rzeszow.pl\/#website","url":"https:\/\/inzynier.rzeszow.pl\/","name":"Podkarpacka Okregowa Izba Inzynierow Budownictwa","description":"","potentialAction":[{"@type":"SearchAction","target":{"@type":"EntryPoint","urlTemplate":"https:\/\/inzynier.rzeszow.pl\/?s={search_term_string}"},"query-input":{"@type":"PropertyValueSpecification","valueRequired":true,"valueName":"search_term_string"}}],"inLanguage":"pl-PL"},{"@type":"Person","@id":"https:\/\/inzynier.rzeszow.pl\/#\/schema\/person\/21ca162d893bdc5760a95d704e9b1e39","name":"admin","image":{"@type":"ImageObject","inLanguage":"pl-PL","@id":"https:\/\/secure.gravatar.com\/avatar\/d5d1959f10b94c8abcf928274f8bb5b8c7370b0dfadb0590911bacad18965f21?s=96&d=mm&r=g","url":"https:\/\/secure.gravatar.com\/avatar\/d5d1959f10b94c8abcf928274f8bb5b8c7370b0dfadb0590911bacad18965f21?s=96&d=mm&r=g","contentUrl":"https:\/\/secure.gravatar.com\/avatar\/d5d1959f10b94c8abcf928274f8bb5b8c7370b0dfadb0590911bacad18965f21?s=96&d=mm&r=g","caption":"admin"},"sameAs":["https:\/\/migracja.inzynier.rzeszow.pl"],"url":"https:\/\/inzynier.rzeszow.pl\/index.php\/author\/kwojcik\/"}]}},"rttpg_featured_image_url":{"full":["https:\/\/inzynier.rzeszow.pl\/wp-content\/uploads\/2025\/04\/obraz_2026-02-01_200937680.png",1920,1080,false],"landscape":["https:\/\/inzynier.rzeszow.pl\/wp-content\/uploads\/2025\/04\/obraz_2026-02-01_200937680.png",1920,1080,false],"portraits":["https:\/\/inzynier.rzeszow.pl\/wp-content\/uploads\/2025\/04\/obraz_2026-02-01_200937680.png",1920,1080,false],"thumbnail":["https:\/\/inzynier.rzeszow.pl\/wp-content\/uploads\/2025\/04\/obraz_2026-02-01_200937680-150x150.png",150,150,true],"medium":["https:\/\/inzynier.rzeszow.pl\/wp-content\/uploads\/2025\/04\/obraz_2026-02-01_200937680-300x169.png",300,169,true],"large":["https:\/\/inzynier.rzeszow.pl\/wp-content\/uploads\/2025\/04\/obraz_2026-02-01_200937680-1024x576.png",1024,576,true],"1536x1536":["https:\/\/inzynier.rzeszow.pl\/wp-content\/uploads\/2025\/04\/obraz_2026-02-01_200937680-1536x864.png",1536,864,true],"2048x2048":["https:\/\/inzynier.rzeszow.pl\/wp-content\/uploads\/2025\/04\/obraz_2026-02-01_200937680.png",1920,1080,false]},"rttpg_author":{"display_name":"admin","author_link":"https:\/\/inzynier.rzeszow.pl\/index.php\/author\/kwojcik\/"},"rttpg_comment":0,"rttpg_category":"<a href=\"https:\/\/inzynier.rzeszow.pl\/index.php\/category\/wydarzenia\/\" rel=\"category tag\">Wydarzenia<\/a> <a href=\"https:\/\/inzynier.rzeszow.pl\/index.php\/category\/z-zycia-izby\/\" rel=\"category tag\">Z \u017cycia izby<\/a> <a href=\"https:\/\/inzynier.rzeszow.pl\/index.php\/category\/z-zycia-izby\/z-zycia-izby-rok-2025\/\" rel=\"category tag\">Z \u017cycia Izby Rok 2025<\/a>","rttpg_excerpt":"W dniu 11 kwietnia 2025 r. odby\u0142o si\u0119 otwarcie wystawy malarstwa i levkas dw\u00f3ch znakomitych ukrai\u0144skich artyst\u00f3w z Kijowa: O\u0142eksij [&hellip;]","_links":{"self":[{"href":"https:\/\/inzynier.rzeszow.pl\/index.php\/wp-json\/wp\/v2\/posts\/3410","targetHints":{"allow":["GET"]}}],"collection":[{"href":"https:\/\/inzynier.rzeszow.pl\/index.php\/wp-json\/wp\/v2\/posts"}],"about":[{"href":"https:\/\/inzynier.rzeszow.pl\/index.php\/wp-json\/wp\/v2\/types\/post"}],"author":[{"embeddable":true,"href":"https:\/\/inzynier.rzeszow.pl\/index.php\/wp-json\/wp\/v2\/users\/1"}],"replies":[{"embeddable":true,"href":"https:\/\/inzynier.rzeszow.pl\/index.php\/wp-json\/wp\/v2\/comments?post=3410"}],"version-history":[{"count":4,"href":"https:\/\/inzynier.rzeszow.pl\/index.php\/wp-json\/wp\/v2\/posts\/3410\/revisions"}],"predecessor-version":[{"id":3431,"href":"https:\/\/inzynier.rzeszow.pl\/index.php\/wp-json\/wp\/v2\/posts\/3410\/revisions\/3431"}],"wp:featuredmedia":[{"embeddable":true,"href":"https:\/\/inzynier.rzeszow.pl\/index.php\/wp-json\/wp\/v2\/media\/3419"}],"wp:attachment":[{"href":"https:\/\/inzynier.rzeszow.pl\/index.php\/wp-json\/wp\/v2\/media?parent=3410"}],"wp:term":[{"taxonomy":"category","embeddable":true,"href":"https:\/\/inzynier.rzeszow.pl\/index.php\/wp-json\/wp\/v2\/categories?post=3410"},{"taxonomy":"post_tag","embeddable":true,"href":"https:\/\/inzynier.rzeszow.pl\/index.php\/wp-json\/wp\/v2\/tags?post=3410"}],"curies":[{"name":"wp","href":"https:\/\/api.w.org\/{rel}","templated":true}]}}