{"id":3409,"date":"2025-04-10T12:34:43","date_gmt":"2025-04-10T12:34:43","guid":{"rendered":"https:\/\/migracja.inzynier.rzeszow.pl\/?p=3409"},"modified":"2026-03-17T13:28:45","modified_gmt":"2026-03-17T12:28:45","slug":"iv-ogolnopolska-olimpiada-wiedzy-o-procesie-inwestycyjno-budowlanym","status":"publish","type":"post","link":"https:\/\/inzynier.rzeszow.pl\/index.php\/2025\/04\/10\/iv-ogolnopolska-olimpiada-wiedzy-o-procesie-inwestycyjno-budowlanym\/","title":{"rendered":"IV Og\u00f3lnopolska Olimpiada Wiedzy o Procesie Inwestycyjno-Budowlanym"},"content":{"rendered":"\t\t<div data-elementor-type=\"wp-post\" data-elementor-id=\"3409\" class=\"elementor elementor-3409\" data-elementor-post-type=\"post\">\n\t\t\t\t<div class=\"elementor-element elementor-element-a86bb8d e-flex e-con-boxed e-con e-parent\" data-id=\"a86bb8d\" data-element_type=\"container\" data-e-type=\"container\">\n\t\t\t\t\t<div class=\"e-con-inner\">\n\t\t<div class=\"elementor-element elementor-element-410f3d0 e-con-full e-flex e-con e-child\" data-id=\"410f3d0\" data-element_type=\"container\" data-e-type=\"container\">\n\t\t<div class=\"elementor-element elementor-element-0161690 e-con-full e-flex e-con e-child\" data-id=\"0161690\" data-element_type=\"container\" data-e-type=\"container\">\n\t\t\t\t<div class=\"elementor-element elementor-element-833a258 elementor-widget elementor-widget-image\" data-id=\"833a258\" data-element_type=\"widget\" data-e-type=\"widget\" data-widget_type=\"image.default\">\n\t\t\t\t\t\t\t\t\t\t\t\t\t\t\t<img fetchpriority=\"high\" decoding=\"async\" width=\"935\" height=\"726\" src=\"https:\/\/inzynier.rzeszow.pl\/wp-content\/uploads\/2025\/04\/obraz_2026-02-01_201940775.png\" class=\"attachment-large size-large wp-image-3434\" alt=\"\" srcset=\"https:\/\/inzynier.rzeszow.pl\/wp-content\/uploads\/2025\/04\/obraz_2026-02-01_201940775.png 935w, https:\/\/inzynier.rzeszow.pl\/wp-content\/uploads\/2025\/04\/obraz_2026-02-01_201940775-300x233.png 300w, https:\/\/inzynier.rzeszow.pl\/wp-content\/uploads\/2025\/04\/obraz_2026-02-01_201940775-768x596.png 768w\" sizes=\"(max-width: 935px) 100vw, 935px\" \/>\t\t\t\t\t\t\t\t\t\t\t\t\t\t\t<\/div>\n\t\t\t\t<\/div>\n\t\t<div class=\"elementor-element elementor-element-ba0eba7 e-con-full e-flex e-con e-child\" data-id=\"ba0eba7\" data-element_type=\"container\" data-e-type=\"container\">\n\t\t\t\t<div class=\"elementor-element elementor-element-43c5e2f elementor-widget elementor-widget-text-editor\" data-id=\"43c5e2f\" data-element_type=\"widget\" data-e-type=\"widget\" data-widget_type=\"text-editor.default\">\n\t\t\t\t\t\t\t\t\t<p>W fina\u0142owej uroczysto\u015bci IV Og\u00f3lnopolskiej Olimpiady Wiedzy o Procesie Inwestycyjno-Budowlanym w Stalowej Woli uczestniczy\u0142a zast\u0119pca przewodnicz\u0105cego OR PDK OIIB Anna Malinowska. PDK OIIB od lat jest wsp\u00f3\u0142organizatorem i sponsorem wydarzenia, wspieramy m\u0142odych pasjonat\u00f3w budownictwa, kt\u00f3rzy z zaanga\u017cowaniem mierz\u0105 si\u0119 z wyzwaniami olimpiady. Wsparcie m\u0142odych talent\u00f3w to podstawa do rozwoju naszej bran\u017cy.<\/p><p>W dniach 7 i 8 kwietnia 2025 roku w Zespole Szk\u00f3\u0142 Nr 2 im. Tadeusza Ko\u015bciuszki w Stalowej Woli odby\u0142 si\u0119 fina\u0142 centralny IV Og\u00f3lnopolskiej Olimpiady Wiedzy o Procesie Inwestycyjno &#8211; Budowlanym. Finali\u015bci olimpiady reprezentowali nast\u0119puj\u0105ce szko\u0142y:<\/p><p>1) Centrum Kszta\u0142cenia Zawodowego i Ustawicznego Nr 1 \u201eBudowlanka&#8221; w Zielonej G\u00f3rze,2) Centrum Nauk Technicznych w Chojnicach,3) Pa\u0144stwowe Szko\u0142y Budownictwa i Geodezji im. Hieronima \u0141opaci\u0144skiego w Lublinie,4) Technikum Architektoniczno-Budowlane im. Stanis\u0142awa Noakowskiego w Warszawie, 5) Technikum Budownictwa i Architektury Nr 1 im. prof. Zdzis\u0142awa M\u0105czy\u0144skiego w Warszawie,<\/p>\t\t\t\t\t\t\t\t<\/div>\n\t\t\t\t<\/div>\n\t\t\t\t<\/div>\n\t\t\t\t\t<\/div>\n\t\t\t\t<\/div>\n\t\t<div class=\"elementor-element elementor-element-2b2d875 e-con-full e-flex e-con e-parent\" data-id=\"2b2d875\" data-element_type=\"container\" data-e-type=\"container\">\n\t\t\t\t<div class=\"elementor-element elementor-element-27513f9 elementor-widget__width-initial elementor-widget elementor-widget-text-editor\" data-id=\"27513f9\" data-element_type=\"widget\" data-e-type=\"widget\" data-widget_type=\"text-editor.default\">\n\t\t\t\t\t\t\t\t\t<p>7) Technikum nr 1 im. Miko\u0142aja Kopernika w \u017borach, 8) Zesp\u00f3l Szk\u00f3\u0142 Nr 3 w Tarnobrzegu, 9) Zesp\u00f3\u0142 Szk\u00f3\u0142 Budowlano-Architektonicznych w Tarnowskich G\u00f3rach, 10) Zesp\u00f3\u0142 Szk\u00f3\u0142 Budowlanych im. Kazimierza Wielkiego w Radomiu, 11) Zesp\u00f3\u0142 Szk\u00f3\u0142 Budowlanych im. \u017bo\u0142nierzy Armii Krajowej w Olsztynie, 12) Zesp\u00f3\u0142 Szk\u00f3\u0142 Budowlanych i Og\u00f3lnokszta\u0142c\u0105cych w Bi\u0142goraju, 13) Zesp\u00f3\u0142 Szk\u00f3\u0142 Budowlanych im. dra W\u0142adys\u0142awa Matlakowskiego w Zakopanem, 14) Zesp\u00f3\u0142 Szk\u00f3\u0142 Budowlanych im. Eugeniusza Kwiatkowskiego w Lublinie, 15) Zesp\u00f3\u0142 Szk\u00f3\u0142 Budowlanych im. Jurija Gagarina w Bydgoszczy, 16) Zesp\u00f3\u0142 Szk\u00f3\u0142 Budowlanych im. Rogera S\u0142awskiego w Poznaniu, 17) Zesp\u00f3\u0142 Szk\u00f3\u0142 Budowlanych im. \u017bo\u0142nierzy Armii Krajowej w Mielcu, 18) Zesp\u00f3\u0142 Szk\u00f3\u0142 im. Ambro\u017cego Towarnickiego Nr 1 w Rzeszowie, 19) Zesp\u00f3\u0142 Szk\u00f3\u0142 im. Bohater\u00f3w Wrze\u015bnia 1939 roku w I\u0142awie, 20) Zesp\u00f3\u0142 Szk\u00f3\u0142 Nr 1 im. J\u00f3zefa Pi\u0142sudskiego w Limanowej, 21) Zesp\u00f3\u0142 Szk\u00f3\u0142 Nr 1 w Wieluniu, 22) Zesp\u00f3\u0142 Szk\u00f3\u0142 nr 7 im. Bronis\u0142awa Bukowskiego w Koszalinie, 23) Zesp\u00f3\u0142 Szk\u00f3\u0142 Nr2 im. Tadeusza Ko\u015bciuszki w Garwolinie, 24) Zesp\u00f3\u0142 Szk\u00f3\u0142 Og\u00f3lnokszta\u0142c\u0105cych i Zawodowych im. ks. prof. J\u00f3zefa Tischnera w Limanowej, 25) Zesp\u00f3\u0142 Szk\u00f3\u0142 Ponadpodstawowych i Plac\u00f3wek Opieku\u0144czo-Wychowawczych Nr 3 im. W\u0142adys\u0142awa Reymonta w Piotrkowie Trybunalskim, 26) Zesp\u00f3\u0142 Szk\u00f3\u0142 Ponadpodstawowych Nr 1 im. Stanis\u0142awa Staszica w Radomsku, 27) Zesp\u00f3\u0142 Szk\u00f3\u0142 Rolniczo-Budowlanych w Lesznie, 28) Zesp\u00f3\u0142 Szk\u00f3\u0142 Technicznych w K\u0142odzku, 29) Zesp\u00f3\u0142 Szk\u00f3\u0142 Technicznych w Szczecinku, 30) Zesp\u00f3\u0142 Szk\u00f3\u0142 Technicznych w Wodzis\u0142awiu \u015al\u0105skim, 31) Zesp\u00f3\u0142 Szk\u00f3\u0142 Zawodowych Nr 1 w Kielcach.<\/p>\t\t\t\t\t\t\t\t<\/div>\n\t\t\t\t<\/div>\n\t\t<div class=\"elementor-element elementor-element-8fe5a54 e-flex e-con-boxed e-con e-parent\" data-id=\"8fe5a54\" data-element_type=\"container\" data-e-type=\"container\">\n\t\t\t\t\t<div class=\"e-con-inner\">\n\t\t<div class=\"elementor-element elementor-element-6b21135 e-con-full e-flex e-con e-child\" data-id=\"6b21135\" data-element_type=\"container\" data-e-type=\"container\">\n\t\t<div class=\"elementor-element elementor-element-889af8d e-con-full e-flex e-con e-child\" data-id=\"889af8d\" data-element_type=\"container\" data-e-type=\"container\">\n\t\t\t\t<div class=\"elementor-element elementor-element-12d5b3e elementor-widget elementor-widget-image\" data-id=\"12d5b3e\" data-element_type=\"widget\" data-e-type=\"widget\" data-widget_type=\"image.default\">\n\t\t\t\t\t\t\t\t\t\t\t\t\t\t\t<img decoding=\"async\" width=\"770\" height=\"540\" src=\"https:\/\/inzynier.rzeszow.pl\/wp-content\/uploads\/2025\/04\/obraz_2026-02-01_202230173.png\" class=\"attachment-large size-large wp-image-3435\" alt=\"\" srcset=\"https:\/\/inzynier.rzeszow.pl\/wp-content\/uploads\/2025\/04\/obraz_2026-02-01_202230173.png 770w, https:\/\/inzynier.rzeszow.pl\/wp-content\/uploads\/2025\/04\/obraz_2026-02-01_202230173-300x210.png 300w, https:\/\/inzynier.rzeszow.pl\/wp-content\/uploads\/2025\/04\/obraz_2026-02-01_202230173-768x539.png 768w\" sizes=\"(max-width: 770px) 100vw, 770px\" \/>\t\t\t\t\t\t\t\t\t\t\t\t\t\t\t<\/div>\n\t\t\t\t<\/div>\n\t\t<div class=\"elementor-element elementor-element-10b7631 e-con-full e-flex e-con e-child\" data-id=\"10b7631\" data-element_type=\"container\" data-e-type=\"container\">\n\t\t\t\t<div class=\"elementor-element elementor-element-d3b7c1a elementor-widget elementor-widget-text-editor\" data-id=\"d3b7c1a\" data-element_type=\"widget\" data-e-type=\"widget\" data-widget_type=\"text-editor.default\">\n\t\t\t\t\t\t\t\t\t<p>Og\u00f3lnopolska Olimpiada Wiedzy o Procesie Inwestycyjno &#8211; Budowlanym. Olimpiada jest kontynuacj\u0105 Wojew\u00f3dzkiego Konkursu \u201ePoznaj Prawo Budowlane&#8221; na terenie Podkarpacia, dw\u00f3ch edycji Mi\u0119dzywojew\u00f3dzkiego Konkursu Wiedzy \u201ePoznaj Prawo Budowlane&#8221; oraz trzech Og\u00f3lnopolskich Olimpiad Wiedzy o Procesie Inwestycyjno &#8211; Budowlanym. Dzi\u015b dobiega ko\u0144ca czwarta edycja olimpiady. Pomys\u0142odawc\u0105 tych konkurs\u00f3w i olimpiad by\u0142 Marian P\u0119dlowski &#8211; Powiatowy Inspektor Nadzoru Budowlanego w Stalowej Woli. Organizowa\u0142 je wsp\u00f3lnie ze Starost\u0105 Stalowowolskim. Wzi\u0119\u0142o w nich udzia\u0142 6 687 uczni\u00f3w z ca\u0142ego kraju.<\/p><p>Organizatorem czwartej edycji olimpiady jest Politechnika Wroc\u0142awska. Zmiana organizatora zwi\u0105zana by\u0142a z konieczno\u015bci\u0105 umieszczenia naszej olimpiady w wykazie olimpiad Ministerstwa Edukacji Narodowej.<\/p><p>Jej wsp\u00f3\u0142organizatorami s\u0105:<\/p>\t\t\t\t\t\t\t\t<\/div>\n\t\t\t\t<\/div>\n\t\t\t\t<\/div>\n\t\t\t\t\t<\/div>\n\t\t\t\t<\/div>\n\t\t<div class=\"elementor-element elementor-element-6423e8a e-flex e-con-boxed e-con e-parent\" data-id=\"6423e8a\" data-element_type=\"container\" data-e-type=\"container\">\n\t\t\t\t\t<div class=\"e-con-inner\">\n\t\t\t\t<div class=\"elementor-element elementor-element-50e7d97 elementor-widget elementor-widget-text-editor\" data-id=\"50e7d97\" data-element_type=\"widget\" data-e-type=\"widget\" data-widget_type=\"text-editor.default\">\n\t\t\t\t\t\t\t\t\t<p>Politechnika Lubelska, Politechnika Krakowska im. Tadeusza Ko\u015bciuszki, Politechnika \u015al\u0105ska, Politechnika \u015awi\u0119tokrzyska, Podkarpacka Okr\u0119gowa Izba In\u017cynier\u00f3w Budownictwa w Rzeszowie, Zesp\u00f3\u0142 Szk\u00f3\u0142 Nr 2 im. Tadeusza Ko\u015bciuszki w Stalowej Woli oraz pozosta\u0142e szko\u0142y, uczestnicz\u0105ce w olimpiadzie. Partnerem organizacyjnym jest Starosta Stalowowolski. Patronat sprawuj\u0105: Minister Edukacji Narodowej, G\u0142\u00f3wny Inspektor Nadzoru Budowlanego, Wojewoda Dolno\u015bl\u0105ski i Wojewoda Podkarpacki, Politechnika Bydgoska, Politechnika Pozna\u0144ska, Dolno\u015bl\u0105ska Okr\u0119gowa Izba In\u017cynier\u00f3w Budownictwa, Lubelska Okr\u0119gowa Izba In\u017cynier\u00f3w Budownictwa, Ma\u0142opolska Okr\u0119gowa Izba In\u017cynier\u00f3w Budownictwa w Krakowie i \u015awi\u0119tokrzyska Okr\u0119gowa Izba In\u017cynier\u00f3w Budownictwa w Kielcach. Celem olimpiady jest popularyzowanie wiedzy o najwa\u017cniejszych regulacjach prawnych z zakresu procesu inwestycyjnego. Jest to jedyna w kraju olimpiada z przepis\u00f3w prawnych, reguluj\u0105cych proces budowlany, dedykowana uczniom szk\u00f3\u0142 ponadpodstawowych o profilu budowlanym z ca\u0142ego kraju. Olimpiada przebiega\u0142a w trzech etapach. W etapie szkolnym uczestniczy\u0142o 1 333. uczni\u00f3w z 77. szk\u00f3\u0142, z 16. wojew\u00f3dztw. Do drugiego etapu na szczeblu dwunastu okr\u0119g\u00f3w, maj\u0105cych siedziby w: Chojnicach, Poznaniu, Inowroc\u0142awiu, Olsztynie, Warszawie, Lublinie, \u017borach, Opolu, Legnicy, Kielcach, Limanowej i w Rzeszowie, awansowa\u0142o 356. uczni\u00f3w, za\u015b do fina\u0142u centralnego &#8211; 44. Warto doda\u0107, i\u017c finali\u015bci i laureaci naszej olimpiady s\u0105 przyjmowani na studia z pomini\u0119ciem procesu rekrutacji w kilku politechnikach i Uniwersytecie Zielonog\u00f3rskim. W tej edycji olimpiada zosta\u0142a umieszczona w wykazie olimpiad Ministra Edukacji Narodowej.<\/p><p>Pierwszego dnia olimpiady przeprowadzone zosta\u0142o zadanie praktyczne, polegaj\u0105ce na sporz\u0105dzeniu rzutu parteru budynku mieszkalnego jednorodzinnego, sk\u0142adaj\u0105cego si\u0119 a\u017c z dwudziestu pomieszcze\u0144. Ponadto uczestnicy i nauczyciele &#8211; opiekunowie zwiedzili Muzeum Centralnego Okr\u0119gu Przemys\u0142owego w Stalowej Woli.<\/p><p>Drugiego dnia uczniowie rozwi\u0105zywali test z 50. pyta\u0144 z: 1) ustawy &#8211; Prawo budowlane, 2) dzia\u0142\u00f3w: II, III i IV rozdzia\u0142 5 i 6 rozporz\u0105dzenia w sprawie warunk\u00f3w technicznych, jakim powinny odpowiada\u0107 budynki i ich usytuowanie, 3) rozdzia\u0142u 5 ustawy z dnia 27 marca 2023 roku o planowaniu i zagospodarowaniu przestrzennym, 4) rozporz\u0105dzenia w sprawie szczeg\u00f3\u0142owego zakresu i formy projektu budowlanego, 5) Kodeksu Zasad Etyki Zawodowej Cz\u0142onk\u00f3w Polskiej Izby In\u017cynier\u00f3w Budownictwa. Autorem test\u00f3w na wszystkich etapach tej edycji olimpiady by\u0142a dr in\u017c. Anna Katarzyna Adamczak &#8211; Bugno &#8211; Politechnika \u015awi\u0119tokrzyska w Kielcach &#8211; Wydzia\u0142 Budownictwa i Architektury &#8211; Katedra Wytrzyma\u0142o\u015bci Materia\u0142\u00f3w i Diagnostyki Konstrukcji.<\/p>\t\t\t\t\t\t\t\t<\/div>\n\t\t\t\t\t<\/div>\n\t\t\t\t<\/div>\n\t\t<div class=\"elementor-element elementor-element-77fe7c4 e-flex e-con-boxed e-con e-parent\" data-id=\"77fe7c4\" data-element_type=\"container\" data-e-type=\"container\">\n\t\t\t\t\t<div class=\"e-con-inner\">\n\t\t<div class=\"elementor-element elementor-element-71916c9 e-con-full e-flex e-con e-child\" data-id=\"71916c9\" data-element_type=\"container\" data-e-type=\"container\">\n\t\t<div class=\"elementor-element elementor-element-3684866 e-con-full e-flex e-con e-child\" data-id=\"3684866\" data-element_type=\"container\" data-e-type=\"container\">\n\t\t\t\t<div class=\"elementor-element elementor-element-9b6a9db elementor-widget elementor-widget-image\" data-id=\"9b6a9db\" data-element_type=\"widget\" data-e-type=\"widget\" data-widget_type=\"image.default\">\n\t\t\t\t\t\t\t\t\t\t\t\t\t\t\t<img decoding=\"async\" width=\"1024\" height=\"681\" src=\"https:\/\/inzynier.rzeszow.pl\/wp-content\/uploads\/2025\/04\/obraz_2026-02-01_202356888-1024x681.png\" class=\"attachment-large size-large wp-image-3436\" alt=\"\" srcset=\"https:\/\/inzynier.rzeszow.pl\/wp-content\/uploads\/2025\/04\/obraz_2026-02-01_202356888-1024x681.png 1024w, https:\/\/inzynier.rzeszow.pl\/wp-content\/uploads\/2025\/04\/obraz_2026-02-01_202356888-300x200.png 300w, https:\/\/inzynier.rzeszow.pl\/wp-content\/uploads\/2025\/04\/obraz_2026-02-01_202356888-768x511.png 768w, https:\/\/inzynier.rzeszow.pl\/wp-content\/uploads\/2025\/04\/obraz_2026-02-01_202356888-1536x1022.png 1536w, https:\/\/inzynier.rzeszow.pl\/wp-content\/uploads\/2025\/04\/obraz_2026-02-01_202356888-2048x1362.png 2048w\" sizes=\"(max-width: 1024px) 100vw, 1024px\" \/>\t\t\t\t\t\t\t\t\t\t\t\t\t\t\t<\/div>\n\t\t\t\t<\/div>\n\t\t<div class=\"elementor-element elementor-element-45c11dd e-con-full e-flex e-con e-child\" data-id=\"45c11dd\" data-element_type=\"container\" data-e-type=\"container\">\n\t\t\t\t<div class=\"elementor-element elementor-element-1c63838 elementor-widget elementor-widget-text-editor\" data-id=\"1c63838\" data-element_type=\"widget\" data-e-type=\"widget\" data-widget_type=\"text-editor.default\">\n\t\t\t\t\t\t\t\t\t<p>W gali og\u0142oszenia wynik\u00f3w fina\u0142u centralnego udzia\u0142 wzi\u0119li: &#8211; Dorota Caba\u0144ska &#8211; G\u0142\u00f3wny Inspektor Nadzoru Budowlanego, &#8211; Magdalena Swoboda &#8211; M\u0142ynarczyk &#8211; Dyrektor Biura Komunikacji G\u0142\u00f3wnego Urz\u0119du Nadzoru Budowlanego, &#8211; Marek W\u00f3jcik &#8211; Podkarpacki Wojew\u00f3dzki Inspektor Nadzoru Budowlanego, &#8211; dr hab. in\u017c. Artur Nowo\u015bwiat &#8211; profesor Politechniki \u015al\u0105skiej &#8211; Prodziekan ds. Nauki i Wsp\u00f3\u0142pracy Wydzia\u0142u Budownictwa Politechniki \u015al\u0105skiej, &#8211; Ma\u0142gorzata Mierczak &#8211; cz\u0142onek Rady Ma\u0142opolskiej Okr\u0119gowej Izba In\u017cynier\u00f3w Budownictwa w Krakowie, &#8211; Tomasz Grzeszczak &#8211; Zast\u0119pca Przewodnicz\u0105cej Lubelskiej Okr\u0119gowej Izby In\u017cynier\u00f3w Budownictwa, &#8211; Anna Malinowska &#8211; Zast\u0119pca Przewodnicz\u0105cego Rady Podkarpackiej Okr\u0119gowej Izby In\u017cynier\u00f3w Budownictwa w Rzeszowie, &#8211; Tomasz Marcinowski &#8211; Zast\u0119pca Przewodnicz\u0105cego Rady \u015awi\u0119tokrzyskiej Okr\u0119gowej Izby In\u017cynier\u00f3w Budownictwa w Kielcach, &#8211; Stanis\u0142aw Sobieraj &#8211; Wicestarosta Stalowowolski, &#8211; Monika Pachacz &#8211; \u015awiderska &#8211; Wiceprezydent Stalowej Woli, &#8211; Paulina Mi\u015bko &#8211; dyrektor Biura Poselskiego pos\u0142a na Sejm RP Rafa\u0142a Webera.<\/p>\t\t\t\t\t\t\t\t<\/div>\n\t\t\t\t<\/div>\n\t\t\t\t<\/div>\n\t\t\t\t\t<\/div>\n\t\t\t\t<\/div>\n\t\t<div class=\"elementor-element elementor-element-4001305 e-flex e-con-boxed e-con e-parent\" data-id=\"4001305\" data-element_type=\"container\" data-e-type=\"container\">\n\t\t\t\t\t<div class=\"e-con-inner\">\n\t\t\t\t<div class=\"elementor-element elementor-element-f821b2b elementor-widget elementor-widget-text-editor\" data-id=\"f821b2b\" data-element_type=\"widget\" data-e-type=\"widget\" data-widget_type=\"text-editor.default\">\n\t\t\t\t\t\t\t\t\t<p>Obecni byli cz\u0142onkowie Komitetu G\u0142\u00f3wnego olimpiady: &#8211; dr hab. in\u017c. Anna Osta\u0144ska prof. Politechniki Lubelskiej &#8211; rzeczoznawca budowlany z listy GUNB, Europejski Certyfikowany Projektant Budynk\u00f3w Pasywnych oraz Mistrz Budownictwa Pasywnego i Energooszcz\u0119dnego, pracownik naukowy Politechniki Lubelskiej, przewodnicz\u0105ca komitetu, &#8211; prof. dr hab. in\u017c. \u0141ukasz Sadowski &#8211; Kierownik Katedry In\u017cynierii Materia\u0142\u00f3w i Proces\u00f3w Budowlanych Politechniki Wroc\u0142awskiej &#8211; zast\u0119pca przewodnicz\u0105cej, &#8211; mgr Marian P\u0119dlowski &#8211; Powiatowy Inspektor Nadzoru Budowlanego w Stalowej Woli &#8211; sekretarz, &#8211; dr in\u017c. arch. Monika Sroka &#8211; Bizo\u0144 &#8211; Politechnika \u015al\u0105ska, &#8211; mgr Grzegorz Janiec &#8211; Naczelnik Wydzia\u0142u Architektoniczno &#8211; Budowlanego Starostwa Powiatowego w Stalowej Woli, &#8211; mgr in\u017c. Dorota Mucha &#8211; nauczyciel przedmiot\u00f3w budowlanych w Zespole Szk\u00f3\u0142 Nr 2 im. Tadeusza Ko\u015bciuszki w Garwolinie, &#8211; dr S\u0142awomir Zwolak &#8211; pracownik naukowy Wy\u017cszej Szko\u0142y Administracji w Stalowej Woli, a tak\u017ce mgr in\u017c. Mateusz Moj &#8211; doktorant. Politechniki Wroc\u0142awskiej.<\/p><p>Na prawid\u0142owo\u015bci\u0105 przebiegu zawod\u00f3w czuwa\u0142a Komisja Centralna w sk\u0142adzie: &#8211; dr in\u017c. Anna Katarzyna Adamczak &#8211; Bugno &#8211; Politechnika \u015awi\u0119tokrzyska w Kielcach, Wydzia\u0142 Budownictwa i Architektury Katedra Wytrzyma\u0142o\u015bci Materia\u0142\u00f3w i Diagnostyki Konstrukcji, &#8211; mgr in\u017c. Beata Wdowiak &#8211; Zast\u0119pca Powiatowego Inspektora Nadzoru Budowlanego w Stalowej Woli, &#8211; mgr Ma\u0142gorzata Kulik &#8211; Starszy Inspektor Nadzoru Budowlanego w Powiatowym Inspektoracie Nadzoru Budowlanego w Stalowej Woli, &#8211; mgr in\u017c. arch. Edyta Rachwa\u0142 &#8211; \u0141ukasik &#8211; Podinspektor w Wydziale Architektoniczno &#8211; Budowlanym Starostwa Powiatowego w Stalowej Woli, &#8211; mgr in\u017c. arch. El\u017cbieta Samel &#8211; ETS Projekt sp. z o.o. w Rudniku nad Sanem, &#8211; mgr in\u017c. Katarzyna Duda &#8211; KAT &#8211; PROJEKT Katarzyna Duda w Gr\u0119bowie.<\/p><p>W gronie sponsor\u00f3w olimpiady znale\u017ali si\u0119: &#8211; Dorota i Pawe\u0142 Madej &#8211; Oficyna Pa\u0142acowa Ordynata w Stalowej Woli, &#8211; Katarzyna, Grzegorz i Jacek Be\u0142zak &#8211; Zajazd \u201eSezam&#8221; w Stalowej Woli, &#8211; firma Hydrotech &#8211; Krzysztof Bar w Soninie woj. podkarpackie, &#8211; firma PORR Sp. z o. o. z Warszawy, &#8211; Pawe\u0142 Dejw\u00f3r &#8211; Prezes Zarz\u0105du firmy \u201eSTALPRZEM&#8221; Sp. z o.o. w Stalowej Woli, &#8211; Dolno\u015bl\u0105ska Okr\u0119gowa Izba In\u017cynier\u00f3w Budownictwa we Wroc\u0142awiu, &#8211; Lubelska Okr\u0119gowa Izba In\u017cynier\u00f3w Budownictwa w Lublinie, &#8211; Ma\u0142opolska Okr\u0119gowa Izba In\u017cynier\u00f3w Budownictwa w Krakowie, &#8211; Podkarpacka Okr\u0119gowa Izba In\u017cynier\u00f3w Budownictwa w Rzeszowie, &#8211; \u015al\u0105ska Okr\u0119gowa Izba In\u017cynier\u00f3w Budownictwa w Katowicach, &#8211; \u015awi\u0119tokrzyska Okr\u0119gowa Izba In\u017cynier\u00f3w Budownictwa w Kielcach, &#8211; dr Piotr Jakubik &#8211; Prezes firmy MY 2050 w Starym Dybowie woj. mazowieckie, &#8211; Bart\u0142omiej Kotwica &#8211; Prezes Zarz\u0105du Grupa PBI Infrastruktura w Sandomierzu, &#8211; Piotr Wa\u0142ek &#8211; Prezes Zarz\u0105du \u201ePRIMBUD&#8221; w Nisku, &#8211; Micha\u0142 Wo\u0142oszynek &#8211; Us\u0142ugi In\u017cynieryjne, kierowanie robotami budowlanymi, nadzory i projektowanie &#8211; Kolonia Zamek woj. lubelskie, &#8211; Zbigniew Konopka &#8211; Zak\u0142ad Us\u0142ug Budowlanych \u201eKONZBUD&#8221; w Stalowej Woli, &#8211; Marcin Pyzara &#8211; Piekarnia &#8211; Cukiernia Staropolska w Stalowej Woli, &#8211; Bart\u0142omiej Drzewi &#8211; Us\u0142ugi Projektowo &#8211; Nadzorcze w Budownictwie &#8222;Projekt-Service&#8221; w Lipie.<\/p><p>Otwarcia olimpiady dokona\u0142 mgr Jacek Bo\u017cek &#8211; dyrektor Zespo\u0142u Szk\u00f3\u0142 Nr 2 im. Tadeusza Ko\u015bciuszki w Stalowej Woli. Cz\u0119\u015b\u0107 artystyczn\u0105 u\u015bwietni\u0142 wyst\u0119p Zespo\u0142u Pie\u015bni i Ta\u0144ca \u201eLasowiacy&#8221;, dzia\u0142aj\u0105cy przy Miejskim Domu Kultury w Stalowej Woli. Wr\u0119czenia za\u015bwiadcze\u0144, podzi\u0119kowa\u0144, nagr\u00f3d i upomink\u00f3w dokonali: &#8211; minister Dorota Caba\u0144ska, &#8211; prof. Anna Osta\u0144ska, &#8211; prof. \u0141ukasz Sadowski, &#8211; Stanis\u0142aw Sobieraj.<\/p><p>Laureatami olimpiady zostali w kolejno\u015bci: 1. Micha\u0142 Kalinowski &#8211; Zesp\u00f3\u0142 Szk\u00f3\u0142 Budowlanych im. \u017bo\u0142nierzy Armii Krajowej w Olsztynie. 2. Martyna \u015alusarek &#8211; Zesp\u00f3\u0142 Szk\u00f3\u0142 Budowlanych im. Rogera S\u0142awskiego w Poznaniu. 3. Micha\u0142 Bernacki &#8211; Zesp\u00f3\u0142 Szk\u00f3\u0142 Nr 7 im. Bronis\u0142awa Bukowskiego w Koszalinie. 4. Karol Burczyk &#8211; Zesp\u00f3\u0142 Szk\u00f3\u0142 Budowlano-Architektonicznych w Tarnowskich G\u00f3rach. 5. Miko\u0142aj Abraham &#8211; Centrum Nauk Technicznych w Chojnicach. 6. Oliwia Kuczy\u0144ska &#8211; Technikum Budowlane Zespo\u0142u Szk\u00f3\u0142 Budowlanych im. gen. W\u0142adys\u0142awa Sikorskiego w Inowroc\u0142awiu.<\/p>\t\t\t\t\t\t\t\t<\/div>\n\t\t\t\t\t<\/div>\n\t\t\t\t<\/div>\n\t\t<div class=\"elementor-element elementor-element-1d8a458 e-flex e-con-boxed e-con e-parent\" data-id=\"1d8a458\" data-element_type=\"container\" data-e-type=\"container\">\n\t\t\t\t\t<div class=\"e-con-inner\">\n\t\t<div class=\"elementor-element elementor-element-3ea64a4 e-con-full e-flex e-con e-child\" data-id=\"3ea64a4\" data-element_type=\"container\" data-e-type=\"container\">\n\t\t<div class=\"elementor-element elementor-element-4c2b98d e-con-full e-flex e-con e-child\" data-id=\"4c2b98d\" data-element_type=\"container\" data-e-type=\"container\">\n\t\t\t\t<div class=\"elementor-element elementor-element-5c7f085 elementor-widget elementor-widget-image\" data-id=\"5c7f085\" data-element_type=\"widget\" data-e-type=\"widget\" data-widget_type=\"image.default\">\n\t\t\t\t\t\t\t\t\t\t\t\t\t\t\t<img loading=\"lazy\" decoding=\"async\" width=\"1024\" height=\"681\" src=\"https:\/\/inzynier.rzeszow.pl\/wp-content\/uploads\/2025\/04\/obraz_2026-02-01_202459087-1024x681.png\" class=\"attachment-large size-large wp-image-3437\" alt=\"\" srcset=\"https:\/\/inzynier.rzeszow.pl\/wp-content\/uploads\/2025\/04\/obraz_2026-02-01_202459087-1024x681.png 1024w, https:\/\/inzynier.rzeszow.pl\/wp-content\/uploads\/2025\/04\/obraz_2026-02-01_202459087-300x200.png 300w, https:\/\/inzynier.rzeszow.pl\/wp-content\/uploads\/2025\/04\/obraz_2026-02-01_202459087-768x511.png 768w, https:\/\/inzynier.rzeszow.pl\/wp-content\/uploads\/2025\/04\/obraz_2026-02-01_202459087-1536x1022.png 1536w, https:\/\/inzynier.rzeszow.pl\/wp-content\/uploads\/2025\/04\/obraz_2026-02-01_202459087-2048x1362.png 2048w\" sizes=\"(max-width: 1024px) 100vw, 1024px\" \/>\t\t\t\t\t\t\t\t\t\t\t\t\t\t\t<\/div>\n\t\t\t\t<\/div>\n\t\t<div class=\"elementor-element elementor-element-945ff30 e-con-full e-flex e-con e-child\" data-id=\"945ff30\" data-element_type=\"container\" data-e-type=\"container\">\n\t\t\t\t<div class=\"elementor-element elementor-element-4e6a710 elementor-widget elementor-widget-text-editor\" data-id=\"4e6a710\" data-element_type=\"widget\" data-e-type=\"widget\" data-widget_type=\"text-editor.default\">\n\t\t\t\t\t\t\t\t\t<p>O bardzo wysokim poziomie przygotowania uczestnik\u00f3w zawod\u00f3w \u015bwiadczy m.in. fakt, i\u017c pierwsza tr\u00f3jka uzyska\u0142a<\/p><p>identyczn\u0105 liczb\u0119 punkt\u00f3w i 87% mo\u017cliwych do zdobycia, a o kolejno\u015bci miejsc zdecydowa\u0142y punkty uzyskane w drugim etapie olimpiady. Laureaci otrzymali pisemne za\u015bwiadczenie, nagrody rzeczowe od organizatora: laptop, tablet, smartfon, power audio, zegarek sportowy, s\u0142uchawki nauszne bezprzewodowe oraz upominki od: &#8211; G\u0142\u00f3wnej Inspektor Nadzoru Budowlanego, &#8211; Starosty Stalowowolskiego, &#8211; Politechniki \u015al\u0105skiej, &#8211; Politechniki Wroc\u0142awskiej, &#8211; Podkarpackiej Okr\u0119gowej Izby In\u017cynier\u00f3w Budownictwa, &#8211; Grupy PBI Infrastruktura w Sandomierzu oraz firmy PORR Sp. z o. o. z Warszawy, kt\u00f3ra ufundowa\u0142a powerbanki.<\/p><p>Nagrod\u0119 specjaln\u0105 dla zwyci\u0119zcy &#8211; panel fotowoltaiczny do samodzielnego monta\u017cu ufundowa\u0142a firma MY 2050 ze Starego Dybowa w woj. mazowieckim. Wr\u0119czenia nagrody dokona\u0142 dr Piotr Jakubik.<\/p>\t\t\t\t\t\t\t\t<\/div>\n\t\t\t\t<\/div>\n\t\t\t\t<\/div>\n\t\t\t\t\t<\/div>\n\t\t\t\t<\/div>\n\t\t<div class=\"elementor-element elementor-element-04197a9 e-flex e-con-boxed e-con e-parent\" data-id=\"04197a9\" data-element_type=\"container\" data-e-type=\"container\">\n\t\t\t\t\t<div class=\"e-con-inner\">\n\t\t\t\t<div class=\"elementor-element elementor-element-1a5d86c elementor-widget elementor-widget-text-editor\" data-id=\"1a5d86c\" data-element_type=\"widget\" data-e-type=\"widget\" data-widget_type=\"text-editor.default\">\n\t\t\t\t\t\t\t\t\t<p>Nauczyciele &#8211; opiekunowie laureat\u00f3w otrzymali pisemne podzi\u0119kowania, a tak\u017ce wysokiej jako\u015bci kubek termiczny, za\u015b ich szko\u0142y kuchenk\u0119 mikrofalow\u0105. Pozostali uczestnicy otrzymali pisemne za\u015bwiadczenia uzyskania tytu\u0142u finalisty olimpiady, a tak\u017ce smartwatche od organizatora i kanistry narz\u0119dziowe od firmy POOR Sp. z o. o. w Warszawie za\u015b ich nauczyciele &#8211; opiekunowie pisemne podzi\u0119kowania oraz wysokiej jako\u015bci kubek termiczny. Specjaln\u0105 nagrod\u0119 dla nauczyciela, kt\u00f3ry przygotowa\u0142 do olimpiady najwi\u0119ksz\u0105 liczb\u0119 52. uczni\u00f3w otrzyma\u0142a Beata Suma &#8211; nauczyciel z Zespo\u0142u Szk\u00f3\u0142 Ponadpodstawowych i Plac\u00f3wek Opieku\u0144czo &#8211; Wychowawczych Nr 3 im. W\u0142adys\u0142awa Reymonta w Piotrkowie Trybunalskich. Nagrod\u0105 by\u0142a drukarka laserowa. Uczniowie i nauczyciele Zesp\u00f3\u0142 Szk\u00f3\u0142 Nr 3 im. Kr\u00f3la Jana III Sobieskiego w Stalowej Woli przygotowali obiady dla uczni\u00f3w i pocz\u0119stunek dla nauczycieli &#8211; opiekun\u00f3w.<\/p><p>Na zako\u0144czenie gali fina\u0142owej g\u0142os zabra\u0142a minister Dorota Caba\u0144ska &#8211; G\u0142\u00f3wny Inspektor Nadzoru Budowlanego. Przede wszystkim pogratulowa\u0142a laureatom i finalistom olimpiady. Podzi\u0119kowa\u0142a r\u00f3wnie\u017c za prac\u0119 w organizacji konkurs\u00f3w i olimpiad Marianowi P\u0119dlowskiemu &#8211; Powiatowemu Inspektorowi Nadzoru Budowlanego w Stalowej Woli, kt\u00f3ry w lipcu br. ko\u0144czy prac\u0119 zawodow\u0105 i przechodzi na emerytur\u0119. Czwarta edycja olimpiady jest jego ostatni\u0105. Podzi\u0119kowania z\u0142o\u017cyli r\u00f3wnie\u017c: Stanis\u0142aw Sobieraj &#8211; Wicestarosta Stalowowolski, prof. \u0141ukasz Sadowski oraz Jacek Bo\u017cek &#8211; dyrektor Zespo\u0142u Szk\u00f3\u0142 Nr 2 im. Tadeusza Ko\u015bciuszki w Stalowej Woli, kt\u00f3ry dokona\u0142 zamkni\u0119cia olimpiady.<\/p><p align=\"right\">\u00a0\u0179r\u00f3d\u0142o:\u00a0<a href=\"https:\/\/stalowowolski.pl\/blog\/2025\/04\/09\/iv-ogolnopolska-olimpiada-wiedzy-o-procesie-inwestycyjno-budowlanym-dobiegla-konca\/?fbclid=IwY2xjawJkOY5leHRuA2FlbQIxMQABHtxB7lHdw9BLTaUowZaNCT-qxyf66oPT0zlTo-JpjKqfDFmNV7twmNQwkl4u_aem_xEdm64Fxydr0R5UUS3Zhog\" target=\"_blank\" rel=\"noopener\">Powiatowy Inspektorat Nadzoru Budowlanego w Stalowej Woli<\/a><\/p><p><strong><span style=\"color: #ff0000; font-size: small;\">Medal Komisji Edukacji Narodowej dla by\u0142ego Powiatowego Inspektora Nadzoru Budowlanego w Stalowej Woli<br \/><\/span><\/strong>Zesp\u00f3\u0142\u00a0<em>( 12-11-2025 )<\/em><\/p><p><img loading=\"lazy\" decoding=\"async\" src=\"https:\/\/inzynier.rzeszow.pl\/Files\/News\/GUNB_pendlowski_25.png\" width=\"240\" height=\"160\" align=\"left\" border=\"0\" hspace=\"5\" vspace=\"5\" \/><br \/><br \/><br \/>Marian P\u0119dlowski, Powiatowy Inspektor Nadzoru Budowlanego w Stalowej Woli w latach 1999-2025, zosta\u0142 uhonorowany Medalem Komisji Edukacji Narodowej. Jest to polskie odznaczenie resortowe nadawane przez Ministra Edukacji za szczeg\u00f3lne zas\u0142ugi dla o\u015bwiaty i wychowania. Medal stanowi uznanie dla wieloletniej dzia\u0142alno\u015bci Mariana P\u0119dlowskiego na rzecz popularyzowania wiedzy o prawie budowlanym i kszta\u0142cenia m\u0142odego pokolenia.\u00a0<strong><a href=\"https:\/\/www.gov.pl\/web\/gunb\/medal-komisji-edukacji-narodowej-dla-bylego-powiatowego-inspektora-nadzoru-budowlanego-w-stalowej-woli\" target=\"_blank\" rel=\"noopener\">&#8230;wi\u0119cej&gt;&gt;<\/a>\u00a0<\/strong>\u00a0<\/p>\t\t\t\t\t\t\t\t<\/div>\n\t\t\t\t\t<\/div>\n\t\t\t\t<\/div>\n\t\t\t\t<\/div>\n\t\t","protected":false},"excerpt":{"rendered":"<p>W fina\u0142owej uroczysto\u015bci IV Og\u00f3lnopolskiej Olimpiady Wiedzy o Procesie Inwestycyjno-Budowlanym w Stalowej Woli uczestniczy\u0142a zast\u0119pca przewodnicz\u0105cego OR PDK OIIB Anna [&hellip;]<\/p>\n","protected":false},"author":1,"featured_media":3433,"comment_status":"closed","ping_status":"closed","sticky":false,"template":"","format":"standard","meta":{"site-sidebar-layout":"default","site-content-layout":"","ast-site-content-layout":"default","site-content-style":"default","site-sidebar-style":"default","ast-global-header-display":"","ast-banner-title-visibility":"","ast-main-header-display":"","ast-hfb-above-header-display":"","ast-hfb-below-header-display":"","ast-hfb-mobile-header-display":"","site-post-title":"","ast-breadcrumbs-content":"","ast-featured-img":"","footer-sml-layout":"","ast-disable-related-posts":"","theme-transparent-header-meta":"","adv-header-id-meta":"","stick-header-meta":"","header-above-stick-meta":"","header-main-stick-meta":"","header-below-stick-meta":"","astra-migrate-meta-layouts":"default","ast-page-background-enabled":"default","ast-page-background-meta":{"desktop":{"background-color":"var(--ast-global-color-5)","background-image":"","background-repeat":"repeat","background-position":"center center","background-size":"auto","background-attachment":"scroll","background-type":"","background-media":"","overlay-type":"","overlay-color":"","overlay-opacity":"","overlay-gradient":""},"tablet":{"background-color":"","background-image":"","background-repeat":"repeat","background-position":"center center","background-size":"auto","background-attachment":"scroll","background-type":"","background-media":"","overlay-type":"","overlay-color":"","overlay-opacity":"","overlay-gradient":""},"mobile":{"background-color":"","background-image":"","background-repeat":"repeat","background-position":"center center","background-size":"auto","background-attachment":"scroll","background-type":"","background-media":"","overlay-type":"","overlay-color":"","overlay-opacity":"","overlay-gradient":""}},"ast-content-background-meta":{"desktop":{"background-color":"var(--ast-global-color-4)","background-image":"","background-repeat":"repeat","background-position":"center center","background-size":"auto","background-attachment":"scroll","background-type":"","background-media":"","overlay-type":"","overlay-color":"","overlay-opacity":"","overlay-gradient":""},"tablet":{"background-color":"var(--ast-global-color-4)","background-image":"","background-repeat":"repeat","background-position":"center center","background-size":"auto","background-attachment":"scroll","background-type":"","background-media":"","overlay-type":"","overlay-color":"","overlay-opacity":"","overlay-gradient":""},"mobile":{"background-color":"var(--ast-global-color-4)","background-image":"","background-repeat":"repeat","background-position":"center center","background-size":"auto","background-attachment":"scroll","background-type":"","background-media":"","overlay-type":"","overlay-color":"","overlay-opacity":"","overlay-gradient":""}},"footnotes":""},"categories":[64,7,16,55],"tags":[],"class_list":["post-3409","post","type-post","status-publish","format-standard","has-post-thumbnail","hentry","category-wspolpraca-z-dziecmi-i-mlodzieza","category-wydarzenia","category-z-zycia-izby","category-z-zycia-izby-rok-2025"],"yoast_head":"<!-- This site is optimized with the Yoast SEO plugin v27.5 - https:\/\/yoast.com\/product\/yoast-seo-wordpress\/ -->\n<title>IV Og\u00f3lnopolska Olimpiada Wiedzy o Procesie Inwestycyjno-Budowlanym - Podkarpacka Okregowa Izba Inzynierow Budownictwa<\/title>\n<meta name=\"robots\" content=\"index, follow, max-snippet:-1, max-image-preview:large, max-video-preview:-1\" \/>\n<link rel=\"canonical\" href=\"https:\/\/inzynier.rzeszow.pl\/index.php\/2025\/04\/10\/iv-ogolnopolska-olimpiada-wiedzy-o-procesie-inwestycyjno-budowlanym\/\" \/>\n<meta property=\"og:locale\" content=\"pl_PL\" \/>\n<meta property=\"og:type\" content=\"article\" \/>\n<meta property=\"og:title\" content=\"IV Og\u00f3lnopolska Olimpiada Wiedzy o Procesie Inwestycyjno-Budowlanym - Podkarpacka Okregowa Izba Inzynierow Budownictwa\" \/>\n<meta property=\"og:description\" content=\"W fina\u0142owej uroczysto\u015bci IV Og\u00f3lnopolskiej Olimpiady Wiedzy o Procesie Inwestycyjno-Budowlanym w Stalowej Woli uczestniczy\u0142a zast\u0119pca przewodnicz\u0105cego OR PDK OIIB Anna [&hellip;]\" \/>\n<meta property=\"og:url\" content=\"https:\/\/inzynier.rzeszow.pl\/index.php\/2025\/04\/10\/iv-ogolnopolska-olimpiada-wiedzy-o-procesie-inwestycyjno-budowlanym\/\" \/>\n<meta property=\"og:site_name\" content=\"Podkarpacka Okregowa Izba Inzynierow Budownictwa\" \/>\n<meta property=\"article:published_time\" content=\"2025-04-10T12:34:43+00:00\" \/>\n<meta property=\"article:modified_time\" content=\"2026-03-17T12:28:45+00:00\" \/>\n<meta property=\"og:image\" content=\"https:\/\/inzynier.rzeszow.pl\/wp-content\/uploads\/2025\/04\/obraz_2026-02-01_201910860.png\" \/>\n\t<meta property=\"og:image:width\" content=\"935\" \/>\n\t<meta property=\"og:image:height\" content=\"726\" \/>\n\t<meta property=\"og:image:type\" content=\"image\/png\" \/>\n<meta name=\"author\" content=\"admin\" \/>\n<meta name=\"twitter:card\" content=\"summary_large_image\" \/>\n<meta name=\"twitter:label1\" content=\"Napisane przez\" \/>\n\t<meta name=\"twitter:data1\" content=\"admin\" \/>\n\t<meta name=\"twitter:label2\" content=\"Szacowany czas czytania\" \/>\n\t<meta name=\"twitter:data2\" content=\"11 minut\" \/>\n<script type=\"application\/ld+json\" class=\"yoast-schema-graph\">{\"@context\":\"https:\\\/\\\/schema.org\",\"@graph\":[{\"@type\":\"Article\",\"@id\":\"https:\\\/\\\/inzynier.rzeszow.pl\\\/index.php\\\/2025\\\/04\\\/10\\\/iv-ogolnopolska-olimpiada-wiedzy-o-procesie-inwestycyjno-budowlanym\\\/#article\",\"isPartOf\":{\"@id\":\"https:\\\/\\\/inzynier.rzeszow.pl\\\/index.php\\\/2025\\\/04\\\/10\\\/iv-ogolnopolska-olimpiada-wiedzy-o-procesie-inwestycyjno-budowlanym\\\/\"},\"author\":{\"name\":\"admin\",\"@id\":\"https:\\\/\\\/inzynier.rzeszow.pl\\\/#\\\/schema\\\/person\\\/21ca162d893bdc5760a95d704e9b1e39\"},\"headline\":\"IV Og\u00f3lnopolska Olimpiada Wiedzy o Procesie Inwestycyjno-Budowlanym\",\"datePublished\":\"2025-04-10T12:34:43+00:00\",\"dateModified\":\"2026-03-17T12:28:45+00:00\",\"mainEntityOfPage\":{\"@id\":\"https:\\\/\\\/inzynier.rzeszow.pl\\\/index.php\\\/2025\\\/04\\\/10\\\/iv-ogolnopolska-olimpiada-wiedzy-o-procesie-inwestycyjno-budowlanym\\\/\"},\"wordCount\":2242,\"image\":{\"@id\":\"https:\\\/\\\/inzynier.rzeszow.pl\\\/index.php\\\/2025\\\/04\\\/10\\\/iv-ogolnopolska-olimpiada-wiedzy-o-procesie-inwestycyjno-budowlanym\\\/#primaryimage\"},\"thumbnailUrl\":\"https:\\\/\\\/inzynier.rzeszow.pl\\\/wp-content\\\/uploads\\\/2025\\\/04\\\/obraz_2026-02-01_201910860.png\",\"articleSection\":[\"Wsp\u00f3\u0142praca z dzie\u0107mi i m\u0142odzie\u017c\u0105\",\"Wydarzenia\",\"Z \u017cycia izby\",\"Z \u017cycia Izby Rok 2025\"],\"inLanguage\":\"pl-PL\"},{\"@type\":\"WebPage\",\"@id\":\"https:\\\/\\\/inzynier.rzeszow.pl\\\/index.php\\\/2025\\\/04\\\/10\\\/iv-ogolnopolska-olimpiada-wiedzy-o-procesie-inwestycyjno-budowlanym\\\/\",\"url\":\"https:\\\/\\\/inzynier.rzeszow.pl\\\/index.php\\\/2025\\\/04\\\/10\\\/iv-ogolnopolska-olimpiada-wiedzy-o-procesie-inwestycyjno-budowlanym\\\/\",\"name\":\"IV Og\u00f3lnopolska Olimpiada Wiedzy o Procesie Inwestycyjno-Budowlanym - Podkarpacka Okregowa Izba Inzynierow Budownictwa\",\"isPartOf\":{\"@id\":\"https:\\\/\\\/inzynier.rzeszow.pl\\\/#website\"},\"primaryImageOfPage\":{\"@id\":\"https:\\\/\\\/inzynier.rzeszow.pl\\\/index.php\\\/2025\\\/04\\\/10\\\/iv-ogolnopolska-olimpiada-wiedzy-o-procesie-inwestycyjno-budowlanym\\\/#primaryimage\"},\"image\":{\"@id\":\"https:\\\/\\\/inzynier.rzeszow.pl\\\/index.php\\\/2025\\\/04\\\/10\\\/iv-ogolnopolska-olimpiada-wiedzy-o-procesie-inwestycyjno-budowlanym\\\/#primaryimage\"},\"thumbnailUrl\":\"https:\\\/\\\/inzynier.rzeszow.pl\\\/wp-content\\\/uploads\\\/2025\\\/04\\\/obraz_2026-02-01_201910860.png\",\"datePublished\":\"2025-04-10T12:34:43+00:00\",\"dateModified\":\"2026-03-17T12:28:45+00:00\",\"author\":{\"@id\":\"https:\\\/\\\/inzynier.rzeszow.pl\\\/#\\\/schema\\\/person\\\/21ca162d893bdc5760a95d704e9b1e39\"},\"breadcrumb\":{\"@id\":\"https:\\\/\\\/inzynier.rzeszow.pl\\\/index.php\\\/2025\\\/04\\\/10\\\/iv-ogolnopolska-olimpiada-wiedzy-o-procesie-inwestycyjno-budowlanym\\\/#breadcrumb\"},\"inLanguage\":\"pl-PL\",\"potentialAction\":[{\"@type\":\"ReadAction\",\"target\":[\"https:\\\/\\\/inzynier.rzeszow.pl\\\/index.php\\\/2025\\\/04\\\/10\\\/iv-ogolnopolska-olimpiada-wiedzy-o-procesie-inwestycyjno-budowlanym\\\/\"]}]},{\"@type\":\"ImageObject\",\"inLanguage\":\"pl-PL\",\"@id\":\"https:\\\/\\\/inzynier.rzeszow.pl\\\/index.php\\\/2025\\\/04\\\/10\\\/iv-ogolnopolska-olimpiada-wiedzy-o-procesie-inwestycyjno-budowlanym\\\/#primaryimage\",\"url\":\"https:\\\/\\\/inzynier.rzeszow.pl\\\/wp-content\\\/uploads\\\/2025\\\/04\\\/obraz_2026-02-01_201910860.png\",\"contentUrl\":\"https:\\\/\\\/inzynier.rzeszow.pl\\\/wp-content\\\/uploads\\\/2025\\\/04\\\/obraz_2026-02-01_201910860.png\",\"width\":935,\"height\":726},{\"@type\":\"BreadcrumbList\",\"@id\":\"https:\\\/\\\/inzynier.rzeszow.pl\\\/index.php\\\/2025\\\/04\\\/10\\\/iv-ogolnopolska-olimpiada-wiedzy-o-procesie-inwestycyjno-budowlanym\\\/#breadcrumb\",\"itemListElement\":[{\"@type\":\"ListItem\",\"position\":1,\"name\":\"Strona g\u0142\u00f3wna\",\"item\":\"https:\\\/\\\/inzynier.rzeszow.pl\\\/\"},{\"@type\":\"ListItem\",\"position\":2,\"name\":\"IV Og\u00f3lnopolska Olimpiada Wiedzy o Procesie Inwestycyjno-Budowlanym\"}]},{\"@type\":\"WebSite\",\"@id\":\"https:\\\/\\\/inzynier.rzeszow.pl\\\/#website\",\"url\":\"https:\\\/\\\/inzynier.rzeszow.pl\\\/\",\"name\":\"Podkarpacka Okregowa Izba Inzynierow Budownictwa\",\"description\":\"\",\"potentialAction\":[{\"@type\":\"SearchAction\",\"target\":{\"@type\":\"EntryPoint\",\"urlTemplate\":\"https:\\\/\\\/inzynier.rzeszow.pl\\\/?s={search_term_string}\"},\"query-input\":{\"@type\":\"PropertyValueSpecification\",\"valueRequired\":true,\"valueName\":\"search_term_string\"}}],\"inLanguage\":\"pl-PL\"},{\"@type\":\"Person\",\"@id\":\"https:\\\/\\\/inzynier.rzeszow.pl\\\/#\\\/schema\\\/person\\\/21ca162d893bdc5760a95d704e9b1e39\",\"name\":\"admin\",\"image\":{\"@type\":\"ImageObject\",\"inLanguage\":\"pl-PL\",\"@id\":\"https:\\\/\\\/secure.gravatar.com\\\/avatar\\\/d5d1959f10b94c8abcf928274f8bb5b8c7370b0dfadb0590911bacad18965f21?s=96&d=mm&r=g\",\"url\":\"https:\\\/\\\/secure.gravatar.com\\\/avatar\\\/d5d1959f10b94c8abcf928274f8bb5b8c7370b0dfadb0590911bacad18965f21?s=96&d=mm&r=g\",\"contentUrl\":\"https:\\\/\\\/secure.gravatar.com\\\/avatar\\\/d5d1959f10b94c8abcf928274f8bb5b8c7370b0dfadb0590911bacad18965f21?s=96&d=mm&r=g\",\"caption\":\"admin\"},\"sameAs\":[\"https:\\\/\\\/migracja.inzynier.rzeszow.pl\"],\"url\":\"https:\\\/\\\/inzynier.rzeszow.pl\\\/index.php\\\/author\\\/kwojcik\\\/\"}]}<\/script>\n<!-- \/ Yoast SEO plugin. -->","yoast_head_json":{"title":"IV Og\u00f3lnopolska Olimpiada Wiedzy o Procesie Inwestycyjno-Budowlanym - Podkarpacka Okregowa Izba Inzynierow Budownictwa","robots":{"index":"index","follow":"follow","max-snippet":"max-snippet:-1","max-image-preview":"max-image-preview:large","max-video-preview":"max-video-preview:-1"},"canonical":"https:\/\/inzynier.rzeszow.pl\/index.php\/2025\/04\/10\/iv-ogolnopolska-olimpiada-wiedzy-o-procesie-inwestycyjno-budowlanym\/","og_locale":"pl_PL","og_type":"article","og_title":"IV Og\u00f3lnopolska Olimpiada Wiedzy o Procesie Inwestycyjno-Budowlanym - Podkarpacka Okregowa Izba Inzynierow Budownictwa","og_description":"W fina\u0142owej uroczysto\u015bci IV Og\u00f3lnopolskiej Olimpiady Wiedzy o Procesie Inwestycyjno-Budowlanym w Stalowej Woli uczestniczy\u0142a zast\u0119pca przewodnicz\u0105cego OR PDK OIIB Anna [&hellip;]","og_url":"https:\/\/inzynier.rzeszow.pl\/index.php\/2025\/04\/10\/iv-ogolnopolska-olimpiada-wiedzy-o-procesie-inwestycyjno-budowlanym\/","og_site_name":"Podkarpacka Okregowa Izba Inzynierow Budownictwa","article_published_time":"2025-04-10T12:34:43+00:00","article_modified_time":"2026-03-17T12:28:45+00:00","og_image":[{"width":935,"height":726,"url":"https:\/\/inzynier.rzeszow.pl\/wp-content\/uploads\/2025\/04\/obraz_2026-02-01_201910860.png","type":"image\/png"}],"author":"admin","twitter_card":"summary_large_image","twitter_misc":{"Napisane przez":"admin","Szacowany czas czytania":"11 minut"},"schema":{"@context":"https:\/\/schema.org","@graph":[{"@type":"Article","@id":"https:\/\/inzynier.rzeszow.pl\/index.php\/2025\/04\/10\/iv-ogolnopolska-olimpiada-wiedzy-o-procesie-inwestycyjno-budowlanym\/#article","isPartOf":{"@id":"https:\/\/inzynier.rzeszow.pl\/index.php\/2025\/04\/10\/iv-ogolnopolska-olimpiada-wiedzy-o-procesie-inwestycyjno-budowlanym\/"},"author":{"name":"admin","@id":"https:\/\/inzynier.rzeszow.pl\/#\/schema\/person\/21ca162d893bdc5760a95d704e9b1e39"},"headline":"IV Og\u00f3lnopolska Olimpiada Wiedzy o Procesie Inwestycyjno-Budowlanym","datePublished":"2025-04-10T12:34:43+00:00","dateModified":"2026-03-17T12:28:45+00:00","mainEntityOfPage":{"@id":"https:\/\/inzynier.rzeszow.pl\/index.php\/2025\/04\/10\/iv-ogolnopolska-olimpiada-wiedzy-o-procesie-inwestycyjno-budowlanym\/"},"wordCount":2242,"image":{"@id":"https:\/\/inzynier.rzeszow.pl\/index.php\/2025\/04\/10\/iv-ogolnopolska-olimpiada-wiedzy-o-procesie-inwestycyjno-budowlanym\/#primaryimage"},"thumbnailUrl":"https:\/\/inzynier.rzeszow.pl\/wp-content\/uploads\/2025\/04\/obraz_2026-02-01_201910860.png","articleSection":["Wsp\u00f3\u0142praca z dzie\u0107mi i m\u0142odzie\u017c\u0105","Wydarzenia","Z \u017cycia izby","Z \u017cycia Izby Rok 2025"],"inLanguage":"pl-PL"},{"@type":"WebPage","@id":"https:\/\/inzynier.rzeszow.pl\/index.php\/2025\/04\/10\/iv-ogolnopolska-olimpiada-wiedzy-o-procesie-inwestycyjno-budowlanym\/","url":"https:\/\/inzynier.rzeszow.pl\/index.php\/2025\/04\/10\/iv-ogolnopolska-olimpiada-wiedzy-o-procesie-inwestycyjno-budowlanym\/","name":"IV Og\u00f3lnopolska Olimpiada Wiedzy o Procesie Inwestycyjno-Budowlanym - Podkarpacka Okregowa Izba Inzynierow Budownictwa","isPartOf":{"@id":"https:\/\/inzynier.rzeszow.pl\/#website"},"primaryImageOfPage":{"@id":"https:\/\/inzynier.rzeszow.pl\/index.php\/2025\/04\/10\/iv-ogolnopolska-olimpiada-wiedzy-o-procesie-inwestycyjno-budowlanym\/#primaryimage"},"image":{"@id":"https:\/\/inzynier.rzeszow.pl\/index.php\/2025\/04\/10\/iv-ogolnopolska-olimpiada-wiedzy-o-procesie-inwestycyjno-budowlanym\/#primaryimage"},"thumbnailUrl":"https:\/\/inzynier.rzeszow.pl\/wp-content\/uploads\/2025\/04\/obraz_2026-02-01_201910860.png","datePublished":"2025-04-10T12:34:43+00:00","dateModified":"2026-03-17T12:28:45+00:00","author":{"@id":"https:\/\/inzynier.rzeszow.pl\/#\/schema\/person\/21ca162d893bdc5760a95d704e9b1e39"},"breadcrumb":{"@id":"https:\/\/inzynier.rzeszow.pl\/index.php\/2025\/04\/10\/iv-ogolnopolska-olimpiada-wiedzy-o-procesie-inwestycyjno-budowlanym\/#breadcrumb"},"inLanguage":"pl-PL","potentialAction":[{"@type":"ReadAction","target":["https:\/\/inzynier.rzeszow.pl\/index.php\/2025\/04\/10\/iv-ogolnopolska-olimpiada-wiedzy-o-procesie-inwestycyjno-budowlanym\/"]}]},{"@type":"ImageObject","inLanguage":"pl-PL","@id":"https:\/\/inzynier.rzeszow.pl\/index.php\/2025\/04\/10\/iv-ogolnopolska-olimpiada-wiedzy-o-procesie-inwestycyjno-budowlanym\/#primaryimage","url":"https:\/\/inzynier.rzeszow.pl\/wp-content\/uploads\/2025\/04\/obraz_2026-02-01_201910860.png","contentUrl":"https:\/\/inzynier.rzeszow.pl\/wp-content\/uploads\/2025\/04\/obraz_2026-02-01_201910860.png","width":935,"height":726},{"@type":"BreadcrumbList","@id":"https:\/\/inzynier.rzeszow.pl\/index.php\/2025\/04\/10\/iv-ogolnopolska-olimpiada-wiedzy-o-procesie-inwestycyjno-budowlanym\/#breadcrumb","itemListElement":[{"@type":"ListItem","position":1,"name":"Strona g\u0142\u00f3wna","item":"https:\/\/inzynier.rzeszow.pl\/"},{"@type":"ListItem","position":2,"name":"IV Og\u00f3lnopolska Olimpiada Wiedzy o Procesie Inwestycyjno-Budowlanym"}]},{"@type":"WebSite","@id":"https:\/\/inzynier.rzeszow.pl\/#website","url":"https:\/\/inzynier.rzeszow.pl\/","name":"Podkarpacka Okregowa Izba Inzynierow Budownictwa","description":"","potentialAction":[{"@type":"SearchAction","target":{"@type":"EntryPoint","urlTemplate":"https:\/\/inzynier.rzeszow.pl\/?s={search_term_string}"},"query-input":{"@type":"PropertyValueSpecification","valueRequired":true,"valueName":"search_term_string"}}],"inLanguage":"pl-PL"},{"@type":"Person","@id":"https:\/\/inzynier.rzeszow.pl\/#\/schema\/person\/21ca162d893bdc5760a95d704e9b1e39","name":"admin","image":{"@type":"ImageObject","inLanguage":"pl-PL","@id":"https:\/\/secure.gravatar.com\/avatar\/d5d1959f10b94c8abcf928274f8bb5b8c7370b0dfadb0590911bacad18965f21?s=96&d=mm&r=g","url":"https:\/\/secure.gravatar.com\/avatar\/d5d1959f10b94c8abcf928274f8bb5b8c7370b0dfadb0590911bacad18965f21?s=96&d=mm&r=g","contentUrl":"https:\/\/secure.gravatar.com\/avatar\/d5d1959f10b94c8abcf928274f8bb5b8c7370b0dfadb0590911bacad18965f21?s=96&d=mm&r=g","caption":"admin"},"sameAs":["https:\/\/migracja.inzynier.rzeszow.pl"],"url":"https:\/\/inzynier.rzeszow.pl\/index.php\/author\/kwojcik\/"}]}},"rttpg_featured_image_url":{"full":["https:\/\/inzynier.rzeszow.pl\/wp-content\/uploads\/2025\/04\/obraz_2026-02-01_201910860.png",935,726,false],"landscape":["https:\/\/inzynier.rzeszow.pl\/wp-content\/uploads\/2025\/04\/obraz_2026-02-01_201910860.png",935,726,false],"portraits":["https:\/\/inzynier.rzeszow.pl\/wp-content\/uploads\/2025\/04\/obraz_2026-02-01_201910860.png",935,726,false],"thumbnail":["https:\/\/inzynier.rzeszow.pl\/wp-content\/uploads\/2025\/04\/obraz_2026-02-01_201910860-150x150.png",150,150,true],"medium":["https:\/\/inzynier.rzeszow.pl\/wp-content\/uploads\/2025\/04\/obraz_2026-02-01_201910860-300x233.png",300,233,true],"large":["https:\/\/inzynier.rzeszow.pl\/wp-content\/uploads\/2025\/04\/obraz_2026-02-01_201910860.png",935,726,false],"1536x1536":["https:\/\/inzynier.rzeszow.pl\/wp-content\/uploads\/2025\/04\/obraz_2026-02-01_201910860.png",935,726,false],"2048x2048":["https:\/\/inzynier.rzeszow.pl\/wp-content\/uploads\/2025\/04\/obraz_2026-02-01_201910860.png",935,726,false]},"rttpg_author":{"display_name":"admin","author_link":"https:\/\/inzynier.rzeszow.pl\/index.php\/author\/kwojcik\/"},"rttpg_comment":0,"rttpg_category":"<a href=\"https:\/\/inzynier.rzeszow.pl\/index.php\/category\/wspolpraca-z-dziecmi-i-mlodzieza\/\" rel=\"category tag\">Wsp\u00f3\u0142praca z dzie\u0107mi i m\u0142odzie\u017c\u0105<\/a> <a href=\"https:\/\/inzynier.rzeszow.pl\/index.php\/category\/wydarzenia\/\" rel=\"category tag\">Wydarzenia<\/a> <a href=\"https:\/\/inzynier.rzeszow.pl\/index.php\/category\/z-zycia-izby\/\" rel=\"category tag\">Z \u017cycia izby<\/a> <a href=\"https:\/\/inzynier.rzeszow.pl\/index.php\/category\/z-zycia-izby\/z-zycia-izby-rok-2025\/\" rel=\"category tag\">Z \u017cycia Izby Rok 2025<\/a>","rttpg_excerpt":"W fina\u0142owej uroczysto\u015bci IV Og\u00f3lnopolskiej Olimpiady Wiedzy o Procesie Inwestycyjno-Budowlanym w Stalowej Woli uczestniczy\u0142a zast\u0119pca przewodnicz\u0105cego OR PDK OIIB Anna [&hellip;]","_links":{"self":[{"href":"https:\/\/inzynier.rzeszow.pl\/index.php\/wp-json\/wp\/v2\/posts\/3409","targetHints":{"allow":["GET"]}}],"collection":[{"href":"https:\/\/inzynier.rzeszow.pl\/index.php\/wp-json\/wp\/v2\/posts"}],"about":[{"href":"https:\/\/inzynier.rzeszow.pl\/index.php\/wp-json\/wp\/v2\/types\/post"}],"author":[{"embeddable":true,"href":"https:\/\/inzynier.rzeszow.pl\/index.php\/wp-json\/wp\/v2\/users\/1"}],"replies":[{"embeddable":true,"href":"https:\/\/inzynier.rzeszow.pl\/index.php\/wp-json\/wp\/v2\/comments?post=3409"}],"version-history":[{"count":4,"href":"https:\/\/inzynier.rzeszow.pl\/index.php\/wp-json\/wp\/v2\/posts\/3409\/revisions"}],"predecessor-version":[{"id":3440,"href":"https:\/\/inzynier.rzeszow.pl\/index.php\/wp-json\/wp\/v2\/posts\/3409\/revisions\/3440"}],"wp:featuredmedia":[{"embeddable":true,"href":"https:\/\/inzynier.rzeszow.pl\/index.php\/wp-json\/wp\/v2\/media\/3433"}],"wp:attachment":[{"href":"https:\/\/inzynier.rzeszow.pl\/index.php\/wp-json\/wp\/v2\/media?parent=3409"}],"wp:term":[{"taxonomy":"category","embeddable":true,"href":"https:\/\/inzynier.rzeszow.pl\/index.php\/wp-json\/wp\/v2\/categories?post=3409"},{"taxonomy":"post_tag","embeddable":true,"href":"https:\/\/inzynier.rzeszow.pl\/index.php\/wp-json\/wp\/v2\/tags?post=3409"}],"curies":[{"name":"wp","href":"https:\/\/api.w.org\/{rel}","templated":true}]}}