{"id":3408,"date":"2025-04-06T13:23:40","date_gmt":"2025-04-06T13:23:40","guid":{"rendered":"https:\/\/migracja.inzynier.rzeszow.pl\/?p=3408"},"modified":"2026-02-13T13:42:29","modified_gmt":"2026-02-13T13:42:29","slug":"xxiv-okregowy-zjazd-sprawozdawczy-pdk-oiib","status":"publish","type":"post","link":"https:\/\/inzynier.rzeszow.pl\/index.php\/2025\/04\/06\/xxiv-okregowy-zjazd-sprawozdawczy-pdk-oiib\/","title":{"rendered":"XXIV Okr\u0119gowy Zjazd Sprawozdawczy PDK OIIB"},"content":{"rendered":"\t\t<div data-elementor-type=\"wp-post\" data-elementor-id=\"3408\" class=\"elementor elementor-3408\" data-elementor-post-type=\"post\">\n\t\t\t\t<div class=\"elementor-element elementor-element-a86bb8d e-flex e-con-boxed e-con e-parent\" data-id=\"a86bb8d\" data-element_type=\"container\" data-e-type=\"container\">\n\t\t\t\t\t<div class=\"e-con-inner\">\n\t\t<div class=\"elementor-element elementor-element-410f3d0 e-con-full e-flex e-con e-child\" data-id=\"410f3d0\" data-element_type=\"container\" data-e-type=\"container\">\n\t\t<div class=\"elementor-element elementor-element-0161690 e-con-full e-flex e-con e-child\" data-id=\"0161690\" data-element_type=\"container\" data-e-type=\"container\">\n\t\t\t\t<div class=\"elementor-element elementor-element-833a258 elementor-widget elementor-widget-image\" data-id=\"833a258\" data-element_type=\"widget\" data-e-type=\"widget\" data-widget_type=\"image.default\">\n\t\t\t\t\t\t\t\t\t\t\t\t\t\t\t<img fetchpriority=\"high\" decoding=\"async\" width=\"1024\" height=\"576\" src=\"https:\/\/inzynier.rzeszow.pl\/wp-content\/uploads\/2025\/04\/obraz_2026-02-01_202717870-1024x576.png\" class=\"attachment-large size-large wp-image-3442\" alt=\"\" srcset=\"https:\/\/inzynier.rzeszow.pl\/wp-content\/uploads\/2025\/04\/obraz_2026-02-01_202717870-1024x576.png 1024w, https:\/\/inzynier.rzeszow.pl\/wp-content\/uploads\/2025\/04\/obraz_2026-02-01_202717870-300x169.png 300w, https:\/\/inzynier.rzeszow.pl\/wp-content\/uploads\/2025\/04\/obraz_2026-02-01_202717870-768x432.png 768w, https:\/\/inzynier.rzeszow.pl\/wp-content\/uploads\/2025\/04\/obraz_2026-02-01_202717870-1536x864.png 1536w, https:\/\/inzynier.rzeszow.pl\/wp-content\/uploads\/2025\/04\/obraz_2026-02-01_202717870.png 1920w\" sizes=\"(max-width: 1024px) 100vw, 1024px\" \/>\t\t\t\t\t\t\t\t\t\t\t\t\t\t\t<\/div>\n\t\t\t\t<\/div>\n\t\t<div class=\"elementor-element elementor-element-ba0eba7 e-con-full e-flex e-con e-child\" data-id=\"ba0eba7\" data-element_type=\"container\" data-e-type=\"container\">\n\t\t\t\t<div class=\"elementor-element elementor-element-43c5e2f elementor-widget elementor-widget-text-editor\" data-id=\"43c5e2f\" data-element_type=\"widget\" data-e-type=\"widget\" data-widget_type=\"text-editor.default\">\n\t\t\t\t\t\t\t\t\t<p>W dniu 5 kwietnia 2025 r. odby\u0142 si\u0119 XXIV Okr\u0119gowy Zjazd Sprawozdawczy PDK OIIB. Wydarzenie zgromadzi\u0142o 108 delegat\u00f3w z 141 delegat\u00f3w oraz liczne grono zaproszonych go\u015bci. Obrady otworzy\u0142 przewodnicz\u0105cy OR PDK OIIB Grzegorz Dubik, kt\u00f3ry powita\u0142 przyby\u0142ych delegat\u00f3w i go\u015bci, w\u015br\u00f3d kt\u00f3rych znale\u017ali si\u0119 m.in. przedstawiciele Krajowej Rady PIIB, \u015bwiata nauki, administracji samorz\u0105dowej oraz stowarzysze\u0144 naukowo-technicznych.<br \/>Po oficjalnym otwarciu delegaci wybrali prezydium Zjazdu, w sk\u0142ad kt\u00f3rego weszli: Jaros\u0142aw Suchora &#8211; przewodnicz\u0105cy, Wac\u0142aw Kami\u0144ski &#8211; wiceprzewodnicz\u0105cy oraz Liliana Serafin &#8211; sekretarz.<\/p><p>Jako pierwszy z zaproszonych go\u015bci wyst\u0105pi\u0142 wiceprezes Krajowej Rady PIIB Mieczys\u0142aw Grodzki, kt\u00f3ry podsumowa\u0142 najwa\u017cniejsze inicjatywy podejmowane przez PIIB w ostatnim czasie, w tym dzia\u0142ania legislacyjne, promocj\u0119 zawodu,<\/p>\t\t\t\t\t\t\t\t<\/div>\n\t\t\t\t<\/div>\n\t\t\t\t<\/div>\n\t\t\t\t\t<\/div>\n\t\t\t\t<\/div>\n\t\t<div class=\"elementor-element elementor-element-2b2d875 e-con-full e-flex e-con e-parent\" data-id=\"2b2d875\" data-element_type=\"container\" data-e-type=\"container\">\n\t\t\t\t<div class=\"elementor-element elementor-element-27513f9 elementor-widget__width-initial elementor-widget elementor-widget-text-editor\" data-id=\"27513f9\" data-element_type=\"widget\" data-e-type=\"widget\" data-widget_type=\"text-editor.default\">\n\t\t\t\t\t\t\t\t\t<p>akcj\u0119 \u201eIn\u017cynierowie Budownictwa w walce ze skutkami powodzi&#8221;, oraz podkre\u015bli\u0142 ogromne znaczenie m\u0142odych in\u017cynier\u00f3w w rozwoju budownictwa i samorz\u0105du. Podzi\u0119kowa\u0142 cz\u0142onkom PDK OIIB za nieszablonowe dzia\u0142ania, \u00a0za zaanga\u017cowanie w pracy w organach PIIB oraz dotychczasow\u0105 bardzo dobr\u0105 wsp\u00f3\u0142prac\u0119 i \u017cyczy\u0142 owocnych obrad.<\/p><p>Renata Knap, wiceprzewodnicz\u0105ca Sejmiku Wojew\u00f3dztwa Podkarpackiego przybli\u017cy\u0142a dzia\u0142alno\u015b\u0107 organizacji Spo\u0142eczna Inicjatywa Mieszkaniowa Stalowa Wola oraz \u00a0pogratulowa\u0142a aktywnej dzia\u0142alno\u015bci PDK OIIB w \u017cyciu mieszka\u0144c\u00f3w Podkarpacia.<\/p><p>G\u0142os zabra\u0142 r\u00f3wnie\u017c dr in\u017c. Piotr Nazarko, prodziekan ds. rozwoju Wydzia\u0142u Budownictwa, In\u017cynierii \u015arodowiska i Architektury PRz, kt\u00f3ry w imieniu prof. dr hab. Piotra Koszelnika Rektora PRz podzi\u0119kowa\u0142 za wzorow\u0105 wsp\u00f3\u0142prac\u0119 uczelni z Izb\u0105. Zwr\u00f3ci\u0142 uwag\u0119 na nowe wyzwania Politechniki Rzeszowskiej zwi\u0105zane ze zmian\u0105 procesu kszta\u0142cenia, w tym na du\u017ce znaczenie AI w procesie kszta\u0142cenia nowej kadry. Na koniec zaprosi\u0142 do kontynuacji dzia\u0142a\u0144 i wsp\u00f3\u0142pracy na rzecz kszta\u0142cenia nowej kadry rzetelnych in\u017cynier\u00f3w budownictwa.<\/p><p>Podczas wyst\u0105pie\u0144 nie zabrak\u0142o r\u00f3wnie\u017c g\u0142osu przedstawicieli stowarzysze\u0144 naukowo-technicznych. Lidia Buda-O\u017c\u00f3g, przewodnicz\u0105ca Rzeszowskiego Oddzia\u0142u PZITB, podzi\u0119kowa\u0142a za wsp\u00f3\u0142prac\u0119 i podkre\u015bli\u0142a wsparcie PDK OIIB w organizacji X Konferencji Naukowo-Technicznej \u201eKszta\u0142towanie konstrukcji i budowli&#8221;. Zbigniew Stycze\u0144, prezes SEP O\/Rzesz\u00f3w, oraz Leszek Kaczmarczyk, prezes Podkarpackiego Oddzia\u0142u PZITS, wyrazili uznanie dla dotychczasowej wsp\u00f3\u0142pracy oraz wsp\u00f3lnych inicjatyw na rzecz \u015brodowiska in\u017cynierskiego.<\/p><p>Podczas Zjazdu wr\u0119czono Odznaki Honorowe PIIB.<\/p><p>Srebrne odznaki honorowe PIIB otrzymali:<br \/>&#8211; kol. Grzegorz O\u017c\u00f3g &#8211; PDK\/BO\/0226\/03<br \/>&#8211; kol. Jan Majcher &#8211; PDK\/BO\/0083\/15<br \/>&#8211; kol. Zygmunt Sobczyk &#8211; PDK\/BO\/0032\/11<br \/>&#8211; kol. Tomasz Mazur &#8211; PDK\/IS\/0446\/04<br \/>&#8211; kol. Stanis\u0142aw Kindel &#8211; PDK\/BO\/0288\/14<br \/>&#8211; kol. Andrzej Nowor\u00f3l &#8211; PDK\/IS\/0830\/02<br \/>&#8211; kol. Krzysztof Kutryba\u0142a &#8211; PDK\/BT\/0287\/06<br \/>&#8211; kol. Wojciech Bieda &#8211; PDK\/IE\/1264\/01<br \/>&#8211; kol. Bogus\u0142aw Czarnik &#8211; PDK\/BD\/1651\/01<\/p><p>Z\u0142ote Odznaki Honorowe PIIB otrzymali:<br \/>&#8211; kol. Piotr Chmura &#8211; PDK\/BO\/0210\/09<br \/>&#8211; kol. Marek Gardu\u0142a &#8211; PDK\/BK\/0113\/10<br \/>&#8211; kol. Andrzej Klecha &#8211; PDK\/BD\/1712\/01<br \/>&#8211; kol. Andrzej Panek &#8211; PDK\/IS\/0375\/03<br \/>&#8211; kol. Danuta Goszczy\u0144ska-Wojtas &#8211; PDK\/IS\/0956\/01<br \/>&#8211; kol. Zbigniew Jajuga &#8211; PDK\/BM\/0214\/03<br \/>&#8211; kol. Bogus\u0142aw Strza\u0142ka &#8211; PDK\/BO\/0852\/01<br \/>&#8211; kol. Marcin Szmyd &#8211; PDK\/BO\/0065\/05<br \/>&#8211; kol. Les\u0142aw Bartoszek &#8211; PDK\/IE\/1324\/03<br \/>&#8211; kol. El\u017cbieta \u0141ado\u015b &#8211; PDK\/IS\/1040\/01<br \/><br \/>Odznaczenia wr\u0119czyli: wiceprezes Krajowej Rady PIIB Mieczys\u0142aw Grodzki, przewodnicz\u0105cy Okr\u0119gowej Rady PDK OIIB Grzegorz Dubik oraz zast\u0119pca przewodnicz\u0105cego Okr\u0119gowej Rady PDK OIIB Wac\u0142aw Kami\u0144ski.<\/p><p>Minut\u0105 ciszy uczczono pami\u0119\u0107 kole\u017canek i koleg\u00f3w, kt\u00f3rzy odeszli w ostatnim czasie, oddaj\u0105c im ho\u0142d za ich wk\u0142ad w rozw\u00f3j budownictwa oraz dzia\u0142alno\u015b\u0107 na rzecz samorz\u0105du zawodowego.<\/p><p>Po wys\u0142uchaniu przewodnicz\u0105cych organ\u00f3w statutowych PDK OIIB relacjonuj\u0105cych dzia\u0142ania swoich organ\u00f3w w 2024 r.<\/p><p>&#8211; z dzia\u0142alno\u015bci Okr\u0119gowej Rady PDK OIIB &#8211; przewodnicz\u0105cy Grzegorz Dubik,<br \/>&#8211; sprawozdanie finansowe &#8211; skarbnik PDK OIIB Iwona Warzybok,<br \/>&#8211; sprawozdanie z dzia\u0142alno\u015bci OKK PDK OIIB &#8211; przewodnicz\u0105cy Zbigniew Plewako,<br \/>&#8211; sprawozdanie OSD PDK OIIB &#8211; przewodnicz\u0105cy Jerzy Madera,<br \/>&#8211; sprawozdanie OROZ PDK OIIB &#8211; rzecznik koordynator El\u017cbieta Kosior,<br \/>&#8211; sprawozdanie OKR PDK OIIB &#8211; przewodnicz\u0105cy Dariusz Nowakowski,<br \/><br \/>i kr\u00f3tkiej dyskusji delegaci podj\u0119li uchwa\u0142y o ich przyj\u0119ciu oraz udzielili Okr\u0119gowej Radzie PDK OIIB absolutorium.<\/p><p>Delegaci wi\u0119kszo\u015bci\u0105 g\u0142os\u00f3w podj\u0119li uchwa\u0142y w sprawie utworzenia Funduszy Celowych i ich regulamin\u00f3w.<\/p><p>Zjazd podj\u0105\u0142 r\u00f3wnie\u017c uchwa\u0142\u0119 o przeznaczeniu nadwy\u017cki przychod\u00f3w nad kosztami za 2024 r. na dzia\u0142alno\u015b\u0107 statutow\u0105 PDK OIIB oraz uchwali\u0142 bud\u017cet na 2025 r.<em><br \/><\/em><br \/>Ko\u0144cz\u0105c Zjazd przewodnicz\u0105cy OR PDK OIIB Grzegorz Dubik podzi\u0119kowa\u0142 wszystkim delegatom za zaanga\u017cowanie i prac\u0119 w mijaj\u0105cej kadencji. Poinformowa\u0142 r\u00f3wnie\u017c, \u017ce nie mo\u017ce ju\u017c kandydowa\u0107 na funkcj\u0119 przewodnicz\u0105cego OR PDK OIIB na kadencj\u0119 2026-2030. Jednocze\u015bnie wyrazi\u0142 pe\u0142ne poparcie dla swojego dotychczasowego zast\u0119pcy Wac\u0142awa Kami\u0144skiego, z kt\u00f3rym od pocz\u0105tku blisko wsp\u00f3\u0142pracowa\u0142. Podkre\u015bli\u0142, \u017ce to najlepsza kandydatura, gwarantuj\u0105ca kontynuacj\u0119 dzia\u0142a\u0144. S\u0142owa te spotka\u0142y si\u0119 z aprobat\u0105 delegat\u00f3w, kt\u00f3rzy nagrodzili je gromkimi oklaskami.<\/p><p>Mi\u0142\u0105 niespodziank\u0105 dla wszystkich delegat\u00f3w Zjazdu by\u0142o wr\u0119czenie pami\u0105tkowych medali, kt\u00f3re stanowi\u0142y symbol uznania i podzi\u0119kowania za pe\u0142nienie funkcji delegata w kadencji 2022-2026. To wyj\u0105tkowe wyr\u00f3\u017cnienie podkre\u015bla zaanga\u017cowanie oraz wk\u0142ad w rozw\u00f3j samorz\u0105du in\u017cynier\u00f3w budownictwa.<\/p><p align=\"right\">Liliana Serafin<br \/>sekretarz Okr\u0119gowej Rady PDK OIIB<\/p><p><strong><br \/><a href=\"https:\/\/www.facebook.com\/media\/set\/?vanity=PodkarpackaOIIB&amp;set=a.1097109859120747\" target=\"_blank\" rel=\"noopener\">Galeria fotograficzna z XXIV Okr\u0119gowego Zjazdu Sprawozdawczego PDK OIIB &#8211; 05.04.2025 r. &gt;&gt;<\/a><\/strong><\/p>\t\t\t\t\t\t\t\t<\/div>\n\t\t\t\t<\/div>\n\t\t<div class=\"elementor-element elementor-element-b31443e e-flex e-con-boxed e-con e-parent\" data-id=\"b31443e\" data-element_type=\"container\" data-e-type=\"container\">\n\t\t\t\t\t<div class=\"e-con-inner\">\n\t\t\t\t<div class=\"elementor-element elementor-element-e68259b elementor-widget elementor-widget-gallery\" data-id=\"e68259b\" data-element_type=\"widget\" data-e-type=\"widget\" data-settings=\"{&quot;columns&quot;:3,&quot;lazyload&quot;:&quot;yes&quot;,&quot;gallery_layout&quot;:&quot;grid&quot;,&quot;columns_tablet&quot;:2,&quot;columns_mobile&quot;:1,&quot;gap&quot;:{&quot;unit&quot;:&quot;px&quot;,&quot;size&quot;:10,&quot;sizes&quot;:[]},&quot;gap_tablet&quot;:{&quot;unit&quot;:&quot;px&quot;,&quot;size&quot;:10,&quot;sizes&quot;:[]},&quot;gap_mobile&quot;:{&quot;unit&quot;:&quot;px&quot;,&quot;size&quot;:10,&quot;sizes&quot;:[]},&quot;link_to&quot;:&quot;file&quot;,&quot;aspect_ratio&quot;:&quot;3:2&quot;,&quot;overlay_background&quot;:&quot;yes&quot;,&quot;content_hover_animation&quot;:&quot;fade-in&quot;}\" data-widget_type=\"gallery.default\">\n\t\t\t\t\t\t\t<div class=\"elementor-gallery__container\">\n\t\t\t\t\t\t\t<a class=\"e-gallery-item elementor-gallery-item elementor-animated-content\" href=\"https:\/\/inzynier.rzeszow.pl\/wp-content\/uploads\/2025\/04\/obraz_2026-02-01_202901068.png\" data-elementor-open-lightbox=\"yes\" data-elementor-lightbox-slideshow=\"e68259b\" data-e-action-hash=\"#elementor-action%3Aaction%3Dlightbox%26settings%3DeyJpZCI6MzQ0MywidXJsIjoiaHR0cHM6XC9cL2luenluaWVyLnJ6ZXN6b3cucGxcL3dwLWNvbnRlbnRcL3VwbG9hZHNcLzIwMjVcLzA0XC9vYnJhel8yMDI2LTAyLTAxXzIwMjkwMTA2OC5wbmciLCJzbGlkZXNob3ciOiJlNjgyNTliIn0%3D\">\n\t\t\t\t\t<div class=\"e-gallery-image elementor-gallery-item__image\" data-thumbnail=\"https:\/\/inzynier.rzeszow.pl\/wp-content\/uploads\/2025\/04\/obraz_2026-02-01_202901068-768x510.png\" data-width=\"768\" data-height=\"510\" aria-label=\"\" role=\"img\" ><\/div>\n\t\t\t\t\t\t\t\t\t\t\t<div class=\"elementor-gallery-item__overlay\"><\/div>\n\t\t\t\t\t\t\t\t\t\t\t\t\t\t<\/a>\n\t\t\t\t\t\t\t<a class=\"e-gallery-item elementor-gallery-item elementor-animated-content\" href=\"https:\/\/inzynier.rzeszow.pl\/wp-content\/uploads\/2025\/04\/obraz_2026-02-01_202910945.png\" data-elementor-open-lightbox=\"yes\" data-elementor-lightbox-slideshow=\"e68259b\" data-e-action-hash=\"#elementor-action%3Aaction%3Dlightbox%26settings%3DeyJpZCI6MzQ0NCwidXJsIjoiaHR0cHM6XC9cL2luenluaWVyLnJ6ZXN6b3cucGxcL3dwLWNvbnRlbnRcL3VwbG9hZHNcLzIwMjVcLzA0XC9vYnJhel8yMDI2LTAyLTAxXzIwMjkxMDk0NS5wbmciLCJzbGlkZXNob3ciOiJlNjgyNTliIn0%3D\">\n\t\t\t\t\t<div class=\"e-gallery-image elementor-gallery-item__image\" data-thumbnail=\"https:\/\/inzynier.rzeszow.pl\/wp-content\/uploads\/2025\/04\/obraz_2026-02-01_202910945-768x510.png\" data-width=\"768\" data-height=\"510\" aria-label=\"\" role=\"img\" ><\/div>\n\t\t\t\t\t\t\t\t\t\t\t<div class=\"elementor-gallery-item__overlay\"><\/div>\n\t\t\t\t\t\t\t\t\t\t\t\t\t\t<\/a>\n\t\t\t\t\t\t\t<a class=\"e-gallery-item elementor-gallery-item elementor-animated-content\" href=\"https:\/\/inzynier.rzeszow.pl\/wp-content\/uploads\/2025\/04\/obraz_2026-02-01_202921201.png\" data-elementor-open-lightbox=\"yes\" data-elementor-lightbox-slideshow=\"e68259b\" data-e-action-hash=\"#elementor-action%3Aaction%3Dlightbox%26settings%3DeyJpZCI6MzQ0NSwidXJsIjoiaHR0cHM6XC9cL2luenluaWVyLnJ6ZXN6b3cucGxcL3dwLWNvbnRlbnRcL3VwbG9hZHNcLzIwMjVcLzA0XC9vYnJhel8yMDI2LTAyLTAxXzIwMjkyMTIwMS5wbmciLCJzbGlkZXNob3ciOiJlNjgyNTliIn0%3D\">\n\t\t\t\t\t<div class=\"e-gallery-image elementor-gallery-item__image\" data-thumbnail=\"https:\/\/inzynier.rzeszow.pl\/wp-content\/uploads\/2025\/04\/obraz_2026-02-01_202921201-768x510.png\" data-width=\"768\" data-height=\"510\" aria-label=\"\" role=\"img\" ><\/div>\n\t\t\t\t\t\t\t\t\t\t\t<div class=\"elementor-gallery-item__overlay\"><\/div>\n\t\t\t\t\t\t\t\t\t\t\t\t\t\t<\/a>\n\t\t\t\t\t\t\t<a class=\"e-gallery-item elementor-gallery-item elementor-animated-content\" href=\"https:\/\/inzynier.rzeszow.pl\/wp-content\/uploads\/2025\/04\/obraz_2026-02-01_202933923.png\" data-elementor-open-lightbox=\"yes\" data-elementor-lightbox-slideshow=\"e68259b\" data-e-action-hash=\"#elementor-action%3Aaction%3Dlightbox%26settings%3DeyJpZCI6MzQ0NiwidXJsIjoiaHR0cHM6XC9cL2luenluaWVyLnJ6ZXN6b3cucGxcL3dwLWNvbnRlbnRcL3VwbG9hZHNcLzIwMjVcLzA0XC9vYnJhel8yMDI2LTAyLTAxXzIwMjkzMzkyMy5wbmciLCJzbGlkZXNob3ciOiJlNjgyNTliIn0%3D\">\n\t\t\t\t\t<div class=\"e-gallery-image elementor-gallery-item__image\" data-thumbnail=\"https:\/\/inzynier.rzeszow.pl\/wp-content\/uploads\/2025\/04\/obraz_2026-02-01_202933923-768x510.png\" data-width=\"768\" data-height=\"510\" aria-label=\"\" role=\"img\" ><\/div>\n\t\t\t\t\t\t\t\t\t\t\t<div class=\"elementor-gallery-item__overlay\"><\/div>\n\t\t\t\t\t\t\t\t\t\t\t\t\t\t<\/a>\n\t\t\t\t\t\t\t<a class=\"e-gallery-item elementor-gallery-item elementor-animated-content\" href=\"https:\/\/inzynier.rzeszow.pl\/wp-content\/uploads\/2025\/04\/obraz_2026-02-01_202943866.png\" data-elementor-open-lightbox=\"yes\" data-elementor-lightbox-slideshow=\"e68259b\" data-e-action-hash=\"#elementor-action%3Aaction%3Dlightbox%26settings%3DeyJpZCI6MzQ0NywidXJsIjoiaHR0cHM6XC9cL2luenluaWVyLnJ6ZXN6b3cucGxcL3dwLWNvbnRlbnRcL3VwbG9hZHNcLzIwMjVcLzA0XC9vYnJhel8yMDI2LTAyLTAxXzIwMjk0Mzg2Ni5wbmciLCJzbGlkZXNob3ciOiJlNjgyNTliIn0%3D\">\n\t\t\t\t\t<div class=\"e-gallery-image elementor-gallery-item__image\" data-thumbnail=\"https:\/\/inzynier.rzeszow.pl\/wp-content\/uploads\/2025\/04\/obraz_2026-02-01_202943866-768x510.png\" data-width=\"768\" data-height=\"510\" aria-label=\"\" role=\"img\" ><\/div>\n\t\t\t\t\t\t\t\t\t\t\t<div class=\"elementor-gallery-item__overlay\"><\/div>\n\t\t\t\t\t\t\t\t\t\t\t\t\t\t<\/a>\n\t\t\t\t\t\t\t<a class=\"e-gallery-item elementor-gallery-item elementor-animated-content\" href=\"https:\/\/inzynier.rzeszow.pl\/wp-content\/uploads\/2025\/04\/obraz_2026-02-01_202952991.png\" data-elementor-open-lightbox=\"yes\" data-elementor-lightbox-slideshow=\"e68259b\" data-e-action-hash=\"#elementor-action%3Aaction%3Dlightbox%26settings%3DeyJpZCI6MzQ0OSwidXJsIjoiaHR0cHM6XC9cL2luenluaWVyLnJ6ZXN6b3cucGxcL3dwLWNvbnRlbnRcL3VwbG9hZHNcLzIwMjVcLzA0XC9vYnJhel8yMDI2LTAyLTAxXzIwMjk1Mjk5MS5wbmciLCJzbGlkZXNob3ciOiJlNjgyNTliIn0%3D\">\n\t\t\t\t\t<div class=\"e-gallery-image elementor-gallery-item__image\" data-thumbnail=\"https:\/\/inzynier.rzeszow.pl\/wp-content\/uploads\/2025\/04\/obraz_2026-02-01_202952991-768x510.png\" data-width=\"768\" data-height=\"510\" aria-label=\"\" role=\"img\" ><\/div>\n\t\t\t\t\t\t\t\t\t\t\t<div class=\"elementor-gallery-item__overlay\"><\/div>\n\t\t\t\t\t\t\t\t\t\t\t\t\t\t<\/a>\n\t\t\t\t\t<\/div>\n\t\t\t\t\t<\/div>\n\t\t\t\t\t<\/div>\n\t\t\t\t<\/div>\n\t\t\t\t<\/div>\n\t\t","protected":false},"excerpt":{"rendered":"<p>W dniu 5 kwietnia 2025 r. odby\u0142 si\u0119 XXIV Okr\u0119gowy Zjazd Sprawozdawczy PDK OIIB. Wydarzenie zgromadzi\u0142o 108 delegat\u00f3w z 141 [&hellip;]<\/p>\n","protected":false},"author":1,"featured_media":3442,"comment_status":"closed","ping_status":"closed","sticky":false,"template":"","format":"standard","meta":{"site-sidebar-layout":"default","site-content-layout":"","ast-site-content-layout":"default","site-content-style":"default","site-sidebar-style":"default","ast-global-header-display":"","ast-banner-title-visibility":"","ast-main-header-display":"","ast-hfb-above-header-display":"","ast-hfb-below-header-display":"","ast-hfb-mobile-header-display":"","site-post-title":"","ast-breadcrumbs-content":"","ast-featured-img":"","footer-sml-layout":"","ast-disable-related-posts":"","theme-transparent-header-meta":"","adv-header-id-meta":"","stick-header-meta":"","header-above-stick-meta":"","header-main-stick-meta":"","header-below-stick-meta":"","astra-migrate-meta-layouts":"default","ast-page-background-enabled":"default","ast-page-background-meta":{"desktop":{"background-color":"var(--ast-global-color-5)","background-image":"","background-repeat":"repeat","background-position":"center center","background-size":"auto","background-attachment":"scroll","background-type":"","background-media":"","overlay-type":"","overlay-color":"","overlay-opacity":"","overlay-gradient":""},"tablet":{"background-color":"","background-image":"","background-repeat":"repeat","background-position":"center center","background-size":"auto","background-attachment":"scroll","background-type":"","background-media":"","overlay-type":"","overlay-color":"","overlay-opacity":"","overlay-gradient":""},"mobile":{"background-color":"","background-image":"","background-repeat":"repeat","background-position":"center center","background-size":"auto","background-attachment":"scroll","background-type":"","background-media":"","overlay-type":"","overlay-color":"","overlay-opacity":"","overlay-gradient":""}},"ast-content-background-meta":{"desktop":{"background-color":"var(--ast-global-color-4)","background-image":"","background-repeat":"repeat","background-position":"center center","background-size":"auto","background-attachment":"scroll","background-type":"","background-media":"","overlay-type":"","overlay-color":"","overlay-opacity":"","overlay-gradient":""},"tablet":{"background-color":"var(--ast-global-color-4)","background-image":"","background-repeat":"repeat","background-position":"center center","background-size":"auto","background-attachment":"scroll","background-type":"","background-media":"","overlay-type":"","overlay-color":"","overlay-opacity":"","overlay-gradient":""},"mobile":{"background-color":"var(--ast-global-color-4)","background-image":"","background-repeat":"repeat","background-position":"center center","background-size":"auto","background-attachment":"scroll","background-type":"","background-media":"","overlay-type":"","overlay-color":"","overlay-opacity":"","overlay-gradient":""}},"footnotes":""},"categories":[7,16,55],"tags":[],"class_list":["post-3408","post","type-post","status-publish","format-standard","has-post-thumbnail","hentry","category-wydarzenia","category-z-zycia-izby","category-z-zycia-izby-rok-2025"],"yoast_head":"<!-- This site is optimized with the Yoast SEO plugin v27.5 - https:\/\/yoast.com\/product\/yoast-seo-wordpress\/ -->\n<title>XXIV Okr\u0119gowy Zjazd Sprawozdawczy PDK OIIB - Podkarpacka Okregowa Izba Inzynierow Budownictwa<\/title>\n<meta name=\"robots\" content=\"index, follow, max-snippet:-1, max-image-preview:large, max-video-preview:-1\" \/>\n<link rel=\"canonical\" href=\"https:\/\/inzynier.rzeszow.pl\/index.php\/2025\/04\/06\/xxiv-okregowy-zjazd-sprawozdawczy-pdk-oiib\/\" \/>\n<meta property=\"og:locale\" content=\"pl_PL\" \/>\n<meta property=\"og:type\" content=\"article\" \/>\n<meta property=\"og:title\" content=\"XXIV Okr\u0119gowy Zjazd Sprawozdawczy PDK OIIB - Podkarpacka Okregowa Izba Inzynierow Budownictwa\" \/>\n<meta property=\"og:description\" content=\"W dniu 5 kwietnia 2025 r. odby\u0142 si\u0119 XXIV Okr\u0119gowy Zjazd Sprawozdawczy PDK OIIB. Wydarzenie zgromadzi\u0142o 108 delegat\u00f3w z 141 [&hellip;]\" \/>\n<meta property=\"og:url\" content=\"https:\/\/inzynier.rzeszow.pl\/index.php\/2025\/04\/06\/xxiv-okregowy-zjazd-sprawozdawczy-pdk-oiib\/\" \/>\n<meta property=\"og:site_name\" content=\"Podkarpacka Okregowa Izba Inzynierow Budownictwa\" \/>\n<meta property=\"article:published_time\" content=\"2025-04-06T13:23:40+00:00\" \/>\n<meta property=\"article:modified_time\" content=\"2026-02-13T13:42:29+00:00\" \/>\n<meta property=\"og:image\" content=\"https:\/\/inzynier.rzeszow.pl\/wp-content\/uploads\/2025\/04\/obraz_2026-02-01_202717870.png\" \/>\n\t<meta property=\"og:image:width\" content=\"1920\" \/>\n\t<meta property=\"og:image:height\" content=\"1080\" \/>\n\t<meta property=\"og:image:type\" content=\"image\/png\" \/>\n<meta name=\"author\" content=\"admin\" \/>\n<meta name=\"twitter:card\" content=\"summary_large_image\" \/>\n<meta name=\"twitter:label1\" content=\"Napisane przez\" \/>\n\t<meta name=\"twitter:data1\" content=\"admin\" \/>\n\t<meta name=\"twitter:label2\" content=\"Szacowany czas czytania\" \/>\n\t<meta name=\"twitter:data2\" content=\"5 minut\" \/>\n<script type=\"application\/ld+json\" class=\"yoast-schema-graph\">{\"@context\":\"https:\\\/\\\/schema.org\",\"@graph\":[{\"@type\":\"Article\",\"@id\":\"https:\\\/\\\/inzynier.rzeszow.pl\\\/index.php\\\/2025\\\/04\\\/06\\\/xxiv-okregowy-zjazd-sprawozdawczy-pdk-oiib\\\/#article\",\"isPartOf\":{\"@id\":\"https:\\\/\\\/inzynier.rzeszow.pl\\\/index.php\\\/2025\\\/04\\\/06\\\/xxiv-okregowy-zjazd-sprawozdawczy-pdk-oiib\\\/\"},\"author\":{\"name\":\"admin\",\"@id\":\"https:\\\/\\\/inzynier.rzeszow.pl\\\/#\\\/schema\\\/person\\\/21ca162d893bdc5760a95d704e9b1e39\"},\"headline\":\"XXIV Okr\u0119gowy Zjazd Sprawozdawczy PDK OIIB\",\"datePublished\":\"2025-04-06T13:23:40+00:00\",\"dateModified\":\"2026-02-13T13:42:29+00:00\",\"mainEntityOfPage\":{\"@id\":\"https:\\\/\\\/inzynier.rzeszow.pl\\\/index.php\\\/2025\\\/04\\\/06\\\/xxiv-okregowy-zjazd-sprawozdawczy-pdk-oiib\\\/\"},\"wordCount\":947,\"image\":{\"@id\":\"https:\\\/\\\/inzynier.rzeszow.pl\\\/index.php\\\/2025\\\/04\\\/06\\\/xxiv-okregowy-zjazd-sprawozdawczy-pdk-oiib\\\/#primaryimage\"},\"thumbnailUrl\":\"https:\\\/\\\/inzynier.rzeszow.pl\\\/wp-content\\\/uploads\\\/2025\\\/04\\\/obraz_2026-02-01_202717870.png\",\"articleSection\":[\"Wydarzenia\",\"Z \u017cycia izby\",\"Z \u017cycia Izby Rok 2025\"],\"inLanguage\":\"pl-PL\"},{\"@type\":\"WebPage\",\"@id\":\"https:\\\/\\\/inzynier.rzeszow.pl\\\/index.php\\\/2025\\\/04\\\/06\\\/xxiv-okregowy-zjazd-sprawozdawczy-pdk-oiib\\\/\",\"url\":\"https:\\\/\\\/inzynier.rzeszow.pl\\\/index.php\\\/2025\\\/04\\\/06\\\/xxiv-okregowy-zjazd-sprawozdawczy-pdk-oiib\\\/\",\"name\":\"XXIV Okr\u0119gowy Zjazd Sprawozdawczy PDK OIIB - Podkarpacka Okregowa Izba Inzynierow Budownictwa\",\"isPartOf\":{\"@id\":\"https:\\\/\\\/inzynier.rzeszow.pl\\\/#website\"},\"primaryImageOfPage\":{\"@id\":\"https:\\\/\\\/inzynier.rzeszow.pl\\\/index.php\\\/2025\\\/04\\\/06\\\/xxiv-okregowy-zjazd-sprawozdawczy-pdk-oiib\\\/#primaryimage\"},\"image\":{\"@id\":\"https:\\\/\\\/inzynier.rzeszow.pl\\\/index.php\\\/2025\\\/04\\\/06\\\/xxiv-okregowy-zjazd-sprawozdawczy-pdk-oiib\\\/#primaryimage\"},\"thumbnailUrl\":\"https:\\\/\\\/inzynier.rzeszow.pl\\\/wp-content\\\/uploads\\\/2025\\\/04\\\/obraz_2026-02-01_202717870.png\",\"datePublished\":\"2025-04-06T13:23:40+00:00\",\"dateModified\":\"2026-02-13T13:42:29+00:00\",\"author\":{\"@id\":\"https:\\\/\\\/inzynier.rzeszow.pl\\\/#\\\/schema\\\/person\\\/21ca162d893bdc5760a95d704e9b1e39\"},\"breadcrumb\":{\"@id\":\"https:\\\/\\\/inzynier.rzeszow.pl\\\/index.php\\\/2025\\\/04\\\/06\\\/xxiv-okregowy-zjazd-sprawozdawczy-pdk-oiib\\\/#breadcrumb\"},\"inLanguage\":\"pl-PL\",\"potentialAction\":[{\"@type\":\"ReadAction\",\"target\":[\"https:\\\/\\\/inzynier.rzeszow.pl\\\/index.php\\\/2025\\\/04\\\/06\\\/xxiv-okregowy-zjazd-sprawozdawczy-pdk-oiib\\\/\"]}]},{\"@type\":\"ImageObject\",\"inLanguage\":\"pl-PL\",\"@id\":\"https:\\\/\\\/inzynier.rzeszow.pl\\\/index.php\\\/2025\\\/04\\\/06\\\/xxiv-okregowy-zjazd-sprawozdawczy-pdk-oiib\\\/#primaryimage\",\"url\":\"https:\\\/\\\/inzynier.rzeszow.pl\\\/wp-content\\\/uploads\\\/2025\\\/04\\\/obraz_2026-02-01_202717870.png\",\"contentUrl\":\"https:\\\/\\\/inzynier.rzeszow.pl\\\/wp-content\\\/uploads\\\/2025\\\/04\\\/obraz_2026-02-01_202717870.png\",\"width\":1920,\"height\":1080},{\"@type\":\"BreadcrumbList\",\"@id\":\"https:\\\/\\\/inzynier.rzeszow.pl\\\/index.php\\\/2025\\\/04\\\/06\\\/xxiv-okregowy-zjazd-sprawozdawczy-pdk-oiib\\\/#breadcrumb\",\"itemListElement\":[{\"@type\":\"ListItem\",\"position\":1,\"name\":\"Strona g\u0142\u00f3wna\",\"item\":\"https:\\\/\\\/inzynier.rzeszow.pl\\\/\"},{\"@type\":\"ListItem\",\"position\":2,\"name\":\"XXIV Okr\u0119gowy Zjazd Sprawozdawczy PDK OIIB\"}]},{\"@type\":\"WebSite\",\"@id\":\"https:\\\/\\\/inzynier.rzeszow.pl\\\/#website\",\"url\":\"https:\\\/\\\/inzynier.rzeszow.pl\\\/\",\"name\":\"Podkarpacka Okregowa Izba Inzynierow Budownictwa\",\"description\":\"\",\"potentialAction\":[{\"@type\":\"SearchAction\",\"target\":{\"@type\":\"EntryPoint\",\"urlTemplate\":\"https:\\\/\\\/inzynier.rzeszow.pl\\\/?s={search_term_string}\"},\"query-input\":{\"@type\":\"PropertyValueSpecification\",\"valueRequired\":true,\"valueName\":\"search_term_string\"}}],\"inLanguage\":\"pl-PL\"},{\"@type\":\"Person\",\"@id\":\"https:\\\/\\\/inzynier.rzeszow.pl\\\/#\\\/schema\\\/person\\\/21ca162d893bdc5760a95d704e9b1e39\",\"name\":\"admin\",\"image\":{\"@type\":\"ImageObject\",\"inLanguage\":\"pl-PL\",\"@id\":\"https:\\\/\\\/secure.gravatar.com\\\/avatar\\\/d5d1959f10b94c8abcf928274f8bb5b8c7370b0dfadb0590911bacad18965f21?s=96&d=mm&r=g\",\"url\":\"https:\\\/\\\/secure.gravatar.com\\\/avatar\\\/d5d1959f10b94c8abcf928274f8bb5b8c7370b0dfadb0590911bacad18965f21?s=96&d=mm&r=g\",\"contentUrl\":\"https:\\\/\\\/secure.gravatar.com\\\/avatar\\\/d5d1959f10b94c8abcf928274f8bb5b8c7370b0dfadb0590911bacad18965f21?s=96&d=mm&r=g\",\"caption\":\"admin\"},\"sameAs\":[\"https:\\\/\\\/migracja.inzynier.rzeszow.pl\"],\"url\":\"https:\\\/\\\/inzynier.rzeszow.pl\\\/index.php\\\/author\\\/kwojcik\\\/\"}]}<\/script>\n<!-- \/ Yoast SEO plugin. -->","yoast_head_json":{"title":"XXIV Okr\u0119gowy Zjazd Sprawozdawczy PDK OIIB - Podkarpacka Okregowa Izba Inzynierow Budownictwa","robots":{"index":"index","follow":"follow","max-snippet":"max-snippet:-1","max-image-preview":"max-image-preview:large","max-video-preview":"max-video-preview:-1"},"canonical":"https:\/\/inzynier.rzeszow.pl\/index.php\/2025\/04\/06\/xxiv-okregowy-zjazd-sprawozdawczy-pdk-oiib\/","og_locale":"pl_PL","og_type":"article","og_title":"XXIV Okr\u0119gowy Zjazd Sprawozdawczy PDK OIIB - Podkarpacka Okregowa Izba Inzynierow Budownictwa","og_description":"W dniu 5 kwietnia 2025 r. odby\u0142 si\u0119 XXIV Okr\u0119gowy Zjazd Sprawozdawczy PDK OIIB. Wydarzenie zgromadzi\u0142o 108 delegat\u00f3w z 141 [&hellip;]","og_url":"https:\/\/inzynier.rzeszow.pl\/index.php\/2025\/04\/06\/xxiv-okregowy-zjazd-sprawozdawczy-pdk-oiib\/","og_site_name":"Podkarpacka Okregowa Izba Inzynierow Budownictwa","article_published_time":"2025-04-06T13:23:40+00:00","article_modified_time":"2026-02-13T13:42:29+00:00","og_image":[{"width":1920,"height":1080,"url":"https:\/\/inzynier.rzeszow.pl\/wp-content\/uploads\/2025\/04\/obraz_2026-02-01_202717870.png","type":"image\/png"}],"author":"admin","twitter_card":"summary_large_image","twitter_misc":{"Napisane przez":"admin","Szacowany czas czytania":"5 minut"},"schema":{"@context":"https:\/\/schema.org","@graph":[{"@type":"Article","@id":"https:\/\/inzynier.rzeszow.pl\/index.php\/2025\/04\/06\/xxiv-okregowy-zjazd-sprawozdawczy-pdk-oiib\/#article","isPartOf":{"@id":"https:\/\/inzynier.rzeszow.pl\/index.php\/2025\/04\/06\/xxiv-okregowy-zjazd-sprawozdawczy-pdk-oiib\/"},"author":{"name":"admin","@id":"https:\/\/inzynier.rzeszow.pl\/#\/schema\/person\/21ca162d893bdc5760a95d704e9b1e39"},"headline":"XXIV Okr\u0119gowy Zjazd Sprawozdawczy PDK OIIB","datePublished":"2025-04-06T13:23:40+00:00","dateModified":"2026-02-13T13:42:29+00:00","mainEntityOfPage":{"@id":"https:\/\/inzynier.rzeszow.pl\/index.php\/2025\/04\/06\/xxiv-okregowy-zjazd-sprawozdawczy-pdk-oiib\/"},"wordCount":947,"image":{"@id":"https:\/\/inzynier.rzeszow.pl\/index.php\/2025\/04\/06\/xxiv-okregowy-zjazd-sprawozdawczy-pdk-oiib\/#primaryimage"},"thumbnailUrl":"https:\/\/inzynier.rzeszow.pl\/wp-content\/uploads\/2025\/04\/obraz_2026-02-01_202717870.png","articleSection":["Wydarzenia","Z \u017cycia izby","Z \u017cycia Izby Rok 2025"],"inLanguage":"pl-PL"},{"@type":"WebPage","@id":"https:\/\/inzynier.rzeszow.pl\/index.php\/2025\/04\/06\/xxiv-okregowy-zjazd-sprawozdawczy-pdk-oiib\/","url":"https:\/\/inzynier.rzeszow.pl\/index.php\/2025\/04\/06\/xxiv-okregowy-zjazd-sprawozdawczy-pdk-oiib\/","name":"XXIV Okr\u0119gowy Zjazd Sprawozdawczy PDK OIIB - Podkarpacka Okregowa Izba Inzynierow Budownictwa","isPartOf":{"@id":"https:\/\/inzynier.rzeszow.pl\/#website"},"primaryImageOfPage":{"@id":"https:\/\/inzynier.rzeszow.pl\/index.php\/2025\/04\/06\/xxiv-okregowy-zjazd-sprawozdawczy-pdk-oiib\/#primaryimage"},"image":{"@id":"https:\/\/inzynier.rzeszow.pl\/index.php\/2025\/04\/06\/xxiv-okregowy-zjazd-sprawozdawczy-pdk-oiib\/#primaryimage"},"thumbnailUrl":"https:\/\/inzynier.rzeszow.pl\/wp-content\/uploads\/2025\/04\/obraz_2026-02-01_202717870.png","datePublished":"2025-04-06T13:23:40+00:00","dateModified":"2026-02-13T13:42:29+00:00","author":{"@id":"https:\/\/inzynier.rzeszow.pl\/#\/schema\/person\/21ca162d893bdc5760a95d704e9b1e39"},"breadcrumb":{"@id":"https:\/\/inzynier.rzeszow.pl\/index.php\/2025\/04\/06\/xxiv-okregowy-zjazd-sprawozdawczy-pdk-oiib\/#breadcrumb"},"inLanguage":"pl-PL","potentialAction":[{"@type":"ReadAction","target":["https:\/\/inzynier.rzeszow.pl\/index.php\/2025\/04\/06\/xxiv-okregowy-zjazd-sprawozdawczy-pdk-oiib\/"]}]},{"@type":"ImageObject","inLanguage":"pl-PL","@id":"https:\/\/inzynier.rzeszow.pl\/index.php\/2025\/04\/06\/xxiv-okregowy-zjazd-sprawozdawczy-pdk-oiib\/#primaryimage","url":"https:\/\/inzynier.rzeszow.pl\/wp-content\/uploads\/2025\/04\/obraz_2026-02-01_202717870.png","contentUrl":"https:\/\/inzynier.rzeszow.pl\/wp-content\/uploads\/2025\/04\/obraz_2026-02-01_202717870.png","width":1920,"height":1080},{"@type":"BreadcrumbList","@id":"https:\/\/inzynier.rzeszow.pl\/index.php\/2025\/04\/06\/xxiv-okregowy-zjazd-sprawozdawczy-pdk-oiib\/#breadcrumb","itemListElement":[{"@type":"ListItem","position":1,"name":"Strona g\u0142\u00f3wna","item":"https:\/\/inzynier.rzeszow.pl\/"},{"@type":"ListItem","position":2,"name":"XXIV Okr\u0119gowy Zjazd Sprawozdawczy PDK OIIB"}]},{"@type":"WebSite","@id":"https:\/\/inzynier.rzeszow.pl\/#website","url":"https:\/\/inzynier.rzeszow.pl\/","name":"Podkarpacka Okregowa Izba Inzynierow Budownictwa","description":"","potentialAction":[{"@type":"SearchAction","target":{"@type":"EntryPoint","urlTemplate":"https:\/\/inzynier.rzeszow.pl\/?s={search_term_string}"},"query-input":{"@type":"PropertyValueSpecification","valueRequired":true,"valueName":"search_term_string"}}],"inLanguage":"pl-PL"},{"@type":"Person","@id":"https:\/\/inzynier.rzeszow.pl\/#\/schema\/person\/21ca162d893bdc5760a95d704e9b1e39","name":"admin","image":{"@type":"ImageObject","inLanguage":"pl-PL","@id":"https:\/\/secure.gravatar.com\/avatar\/d5d1959f10b94c8abcf928274f8bb5b8c7370b0dfadb0590911bacad18965f21?s=96&d=mm&r=g","url":"https:\/\/secure.gravatar.com\/avatar\/d5d1959f10b94c8abcf928274f8bb5b8c7370b0dfadb0590911bacad18965f21?s=96&d=mm&r=g","contentUrl":"https:\/\/secure.gravatar.com\/avatar\/d5d1959f10b94c8abcf928274f8bb5b8c7370b0dfadb0590911bacad18965f21?s=96&d=mm&r=g","caption":"admin"},"sameAs":["https:\/\/migracja.inzynier.rzeszow.pl"],"url":"https:\/\/inzynier.rzeszow.pl\/index.php\/author\/kwojcik\/"}]}},"rttpg_featured_image_url":{"full":["https:\/\/inzynier.rzeszow.pl\/wp-content\/uploads\/2025\/04\/obraz_2026-02-01_202717870.png",1920,1080,false],"landscape":["https:\/\/inzynier.rzeszow.pl\/wp-content\/uploads\/2025\/04\/obraz_2026-02-01_202717870.png",1920,1080,false],"portraits":["https:\/\/inzynier.rzeszow.pl\/wp-content\/uploads\/2025\/04\/obraz_2026-02-01_202717870.png",1920,1080,false],"thumbnail":["https:\/\/inzynier.rzeszow.pl\/wp-content\/uploads\/2025\/04\/obraz_2026-02-01_202717870-150x150.png",150,150,true],"medium":["https:\/\/inzynier.rzeszow.pl\/wp-content\/uploads\/2025\/04\/obraz_2026-02-01_202717870-300x169.png",300,169,true],"large":["https:\/\/inzynier.rzeszow.pl\/wp-content\/uploads\/2025\/04\/obraz_2026-02-01_202717870-1024x576.png",1024,576,true],"1536x1536":["https:\/\/inzynier.rzeszow.pl\/wp-content\/uploads\/2025\/04\/obraz_2026-02-01_202717870-1536x864.png",1536,864,true],"2048x2048":["https:\/\/inzynier.rzeszow.pl\/wp-content\/uploads\/2025\/04\/obraz_2026-02-01_202717870.png",1920,1080,false]},"rttpg_author":{"display_name":"admin","author_link":"https:\/\/inzynier.rzeszow.pl\/index.php\/author\/kwojcik\/"},"rttpg_comment":0,"rttpg_category":"<a href=\"https:\/\/inzynier.rzeszow.pl\/index.php\/category\/wydarzenia\/\" rel=\"category tag\">Wydarzenia<\/a> <a href=\"https:\/\/inzynier.rzeszow.pl\/index.php\/category\/z-zycia-izby\/\" rel=\"category tag\">Z \u017cycia izby<\/a> <a href=\"https:\/\/inzynier.rzeszow.pl\/index.php\/category\/z-zycia-izby\/z-zycia-izby-rok-2025\/\" rel=\"category tag\">Z \u017cycia Izby Rok 2025<\/a>","rttpg_excerpt":"W dniu 5 kwietnia 2025 r. odby\u0142 si\u0119 XXIV Okr\u0119gowy Zjazd Sprawozdawczy PDK OIIB. Wydarzenie zgromadzi\u0142o 108 delegat\u00f3w z 141 [&hellip;]","_links":{"self":[{"href":"https:\/\/inzynier.rzeszow.pl\/index.php\/wp-json\/wp\/v2\/posts\/3408","targetHints":{"allow":["GET"]}}],"collection":[{"href":"https:\/\/inzynier.rzeszow.pl\/index.php\/wp-json\/wp\/v2\/posts"}],"about":[{"href":"https:\/\/inzynier.rzeszow.pl\/index.php\/wp-json\/wp\/v2\/types\/post"}],"author":[{"embeddable":true,"href":"https:\/\/inzynier.rzeszow.pl\/index.php\/wp-json\/wp\/v2\/users\/1"}],"replies":[{"embeddable":true,"href":"https:\/\/inzynier.rzeszow.pl\/index.php\/wp-json\/wp\/v2\/comments?post=3408"}],"version-history":[{"count":4,"href":"https:\/\/inzynier.rzeszow.pl\/index.php\/wp-json\/wp\/v2\/posts\/3408\/revisions"}],"predecessor-version":[{"id":3452,"href":"https:\/\/inzynier.rzeszow.pl\/index.php\/wp-json\/wp\/v2\/posts\/3408\/revisions\/3452"}],"wp:featuredmedia":[{"embeddable":true,"href":"https:\/\/inzynier.rzeszow.pl\/index.php\/wp-json\/wp\/v2\/media\/3442"}],"wp:attachment":[{"href":"https:\/\/inzynier.rzeszow.pl\/index.php\/wp-json\/wp\/v2\/media?parent=3408"}],"wp:term":[{"taxonomy":"category","embeddable":true,"href":"https:\/\/inzynier.rzeszow.pl\/index.php\/wp-json\/wp\/v2\/categories?post=3408"},{"taxonomy":"post_tag","embeddable":true,"href":"https:\/\/inzynier.rzeszow.pl\/index.php\/wp-json\/wp\/v2\/tags?post=3408"}],"curies":[{"name":"wp","href":"https:\/\/api.w.org\/{rel}","templated":true}]}}