{"id":3214,"date":"2025-06-15T11:43:45","date_gmt":"2025-06-15T11:43:45","guid":{"rendered":"https:\/\/migracja.inzynier.rzeszow.pl\/?p=3214"},"modified":"2026-02-13T13:42:03","modified_gmt":"2026-02-13T13:42:03","slug":"xxiv-krajowy-zjazd-sprawozdawczy-piib","status":"publish","type":"post","link":"https:\/\/inzynier.rzeszow.pl\/index.php\/2025\/06\/15\/xxiv-krajowy-zjazd-sprawozdawczy-piib\/","title":{"rendered":"XXIV Krajowy Zjazd Sprawozdawczy PIIB"},"content":{"rendered":"\t\t<div data-elementor-type=\"wp-post\" data-elementor-id=\"3214\" class=\"elementor elementor-3214\" data-elementor-post-type=\"post\">\n\t\t\t\t<div class=\"elementor-element elementor-element-a86bb8d e-flex e-con-boxed e-con e-parent\" data-id=\"a86bb8d\" data-element_type=\"container\" data-e-type=\"container\">\n\t\t\t\t\t<div class=\"e-con-inner\">\n\t\t<div class=\"elementor-element elementor-element-410f3d0 e-con-full e-flex e-con e-child\" data-id=\"410f3d0\" data-element_type=\"container\" data-e-type=\"container\">\n\t\t<div class=\"elementor-element elementor-element-0161690 e-con-full e-flex e-con e-child\" data-id=\"0161690\" data-element_type=\"container\" data-e-type=\"container\">\n\t\t\t\t<div class=\"elementor-element elementor-element-833a258 elementor-widget elementor-widget-image\" data-id=\"833a258\" data-element_type=\"widget\" data-e-type=\"widget\" data-widget_type=\"image.default\">\n\t\t\t\t\t\t\t\t\t\t\t\t\t\t\t<img fetchpriority=\"high\" decoding=\"async\" width=\"1024\" height=\"768\" src=\"https:\/\/inzynier.rzeszow.pl\/wp-content\/uploads\/2025\/06\/obraz_2026-01-28_152254415-1024x768.png\" class=\"attachment-large size-large wp-image-3227\" alt=\"\" srcset=\"https:\/\/inzynier.rzeszow.pl\/wp-content\/uploads\/2025\/06\/obraz_2026-01-28_152254415-1024x768.png 1024w, https:\/\/inzynier.rzeszow.pl\/wp-content\/uploads\/2025\/06\/obraz_2026-01-28_152254415-300x225.png 300w, https:\/\/inzynier.rzeszow.pl\/wp-content\/uploads\/2025\/06\/obraz_2026-01-28_152254415-768x576.png 768w, https:\/\/inzynier.rzeszow.pl\/wp-content\/uploads\/2025\/06\/obraz_2026-01-28_152254415-1536x1152.png 1536w, https:\/\/inzynier.rzeszow.pl\/wp-content\/uploads\/2025\/06\/obraz_2026-01-28_152254415.png 2048w\" sizes=\"(max-width: 1024px) 100vw, 1024px\" \/>\t\t\t\t\t\t\t\t\t\t\t\t\t\t\t<\/div>\n\t\t\t\t<\/div>\n\t\t<div class=\"elementor-element elementor-element-ba0eba7 e-con-full e-flex e-con e-child\" data-id=\"ba0eba7\" data-element_type=\"container\" data-e-type=\"container\">\n\t\t\t\t<div class=\"elementor-element elementor-element-43c5e2f elementor-widget elementor-widget-text-editor\" data-id=\"43c5e2f\" data-element_type=\"widget\" data-e-type=\"widget\" data-widget_type=\"text-editor.default\">\n\t\t\t\t\t\t\t\t\t<p>W dniach 13\u201314 czerwca 2025 r. w Warszawie odby\u0142 si\u0119 XXIV Krajowy Zjazd Sprawozdawczy Polskiej Izby In\u017cynier\u00f3w Budownictwa. W Zje\u017adzie uczestniczy\u0142o 187 delegat\u00f3w, co prze\u0142o\u017cy\u0142o si\u0119 na frekwencj\u0119 wynosz\u0105c\u0105 90,34%. Obrady mia\u0142y charakter sprawozdawczo-decyzyjny i obejmowa\u0142y zar\u00f3wno zatwierdzenie dzia\u0142a\u0144 organ\u00f3w izby za rok 2024, jak i przyj\u0119cie zmian w dokumentach reguluj\u0105cych funkcjonowanie PIIB.<\/p><p>W pierwszym dniu Zjazdu delegaci przyj\u0119li sprawozdania Krajowej Rady (w tym finansowe i z realizacji bud\u017cetu), Krajowej Komisji Kwalifikacyjnej, Krajowego S\u0105du Dyscyplinarnego, Krajowego Rzecznika Odpowiedzialno\u015bci Zawodowej oraz Krajowej Komisji Rewizyjnej. Nast\u0119pnie podj\u0119to uchwa\u0142\u0119 w sprawie udzielenia absolutorium Krajowej Radzie PIIB za rok 2024. Zjazd zatwierdzi\u0142 bud\u017cet Polskiej Izby In\u017cynier\u00f3w Budownictwa na rok 2025.<\/p><p>Zjazd przyj\u0105\u0142 szereg uchwa\u0142 wprowadzaj\u0105cych zmiany w statucie i regulaminach funkcjonowania PIIB. W\u015br\u00f3d nich znalaz\u0142y si\u0119:<\/p>\t\t\t\t\t\t\t\t<\/div>\n\t\t\t\t<\/div>\n\t\t\t\t<\/div>\n\t\t\t\t\t<\/div>\n\t\t\t\t<\/div>\n\t\t<div class=\"elementor-element elementor-element-2b2d875 e-con-full e-flex e-con e-parent\" data-id=\"2b2d875\" data-element_type=\"container\" data-e-type=\"container\">\n\t\t\t\t<div class=\"elementor-element elementor-element-27513f9 elementor-widget__width-initial elementor-widget elementor-widget-text-editor\" data-id=\"27513f9\" data-element_type=\"widget\" data-e-type=\"widget\" data-widget_type=\"text-editor.default\">\n\t\t\t\t\t\t\t\t\t<ul><li><strong>Nowe przepisy dotycz\u0105ce in\u017cynier\u00f3w senior\u00f3w<\/strong>, w tym mo\u017cliwo\u015b\u0107 wpisu na odr\u0119bn\u0105 list\u0119 dla cz\u0142onk\u00f3w, kt\u00f3rzy zako\u0144czyli aktywno\u015b\u0107 zawodow\u0105, spe\u0142nili wymagany sta\u017c i op\u0142acili sk\u0142adki. Wprowadzono odr\u0119bne zasady sk\u0142adkowe oraz potwierdzono zwolnienie z obowi\u0105zku posiadania OC dla tej grupy.<\/li><li><strong>Doprecyzowanie zakazu \u0142\u0105czenia funkcji w organach izby z zatrudnieniem w jej biurach<\/strong>, zar\u00f3wno na poziomie krajowym, jak i okr\u0119gowym.<\/li><li><strong>Rozszerzenie dost\u0119pu do szkole\u0144<\/strong>\u00a0dla cz\u0142onk\u00f3w zawieszonych w prawach cz\u0142onka PIIB z przyczyn \u017cyciowych, takich jak ci\u0105\u017ca, urlopy rodzicielskie czy d\u0142ugotrwa\u0142e leczenie.<\/li><li><strong>Zmiany w regulaminie podnoszenia kwalifikacji zawodowych<\/strong>, potwierdzaj\u0105ce podstawy prawne obowi\u0105zku dokszta\u0142cania si\u0119 oraz zapewniaj\u0105ce dost\u0119pno\u015b\u0107 szkole\u0144 r\u00f3wnie\u017c dla cz\u0142onk\u00f3w czasowo nieaktywnych.<\/li><\/ul><div><p>XXIV Krajowy Zjazd Sprawozdawczy PIIB zamkn\u0105\u0142 cykl prac sprawozdawczych za rok 2024 i wyznaczy\u0142 ramy dzia\u0142ania Izby w kolejnym roku. Podj\u0119te zmiany formalne i organizacyjne maj\u0105 na celu dalsze usprawnienie funkcjonowania samorz\u0105du oraz lepsze dostosowanie jego mechanizm\u00f3w do realnych potrzeb zawodowych i spo\u0142ecznych cz\u0142onk\u00f3w Izby.<\/p><\/div><div align=\"right\"><em>\u0179r\u00f3d\u0142o:\u00a0<a href=\"https:\/\/www.piib.org.pl\/aktualnosci\/informacje-biezace\/5644-xxiv-krajowy-zjazd-sprawozdawczy-piib-decyzje-uchwaly-i-zmiany\" target=\"_blank\" rel=\"noopener\">www.piib.org.pl\u00a0<\/a><\/em><\/div><div align=\"right\">\u00a0<\/div><div>\u00a0<\/div><div align=\"center\"><strong><a href=\"https:\/\/www.facebook.com\/PodkarpackaOIIB\/posts\/pfbid0cdBK4VUAyVjbiDD8PmzR7qkEDy6gZR2vDWEaFGzCnni3J1fh8Dc2kwHMNnUFz5qzl\" target=\"_blank\" rel=\"noopener\">Galeria fotograficzna XXIV Krajowy Zjazd Sprawozdawczy PIIB 13-14.06.2025 &gt;&gt;\u00a0<\/a><\/strong><\/div>\t\t\t\t\t\t\t\t<\/div>\n\t\t\t\t<\/div>\n\t\t\t\t<\/div>\n\t\t","protected":false},"excerpt":{"rendered":"<p>W dniach 13\u201314 czerwca 2025 r. w Warszawie odby\u0142 si\u0119 XXIV Krajowy Zjazd Sprawozdawczy Polskiej Izby In\u017cynier\u00f3w Budownictwa. W Zje\u017adzie [&hellip;]<\/p>\n","protected":false},"author":1,"featured_media":3226,"comment_status":"closed","ping_status":"closed","sticky":false,"template":"","format":"standard","meta":{"site-sidebar-layout":"default","site-content-layout":"","ast-site-content-layout":"default","site-content-style":"default","site-sidebar-style":"default","ast-global-header-display":"","ast-banner-title-visibility":"","ast-main-header-display":"","ast-hfb-above-header-display":"","ast-hfb-below-header-display":"","ast-hfb-mobile-header-display":"","site-post-title":"","ast-breadcrumbs-content":"","ast-featured-img":"","footer-sml-layout":"","ast-disable-related-posts":"","theme-transparent-header-meta":"","adv-header-id-meta":"","stick-header-meta":"","header-above-stick-meta":"","header-main-stick-meta":"","header-below-stick-meta":"","astra-migrate-meta-layouts":"default","ast-page-background-enabled":"default","ast-page-background-meta":{"desktop":{"background-color":"var(--ast-global-color-5)","background-image":"","background-repeat":"repeat","background-position":"center center","background-size":"auto","background-attachment":"scroll","background-type":"","background-media":"","overlay-type":"","overlay-color":"","overlay-opacity":"","overlay-gradient":""},"tablet":{"background-color":"","background-image":"","background-repeat":"repeat","background-position":"center center","background-size":"auto","background-attachment":"scroll","background-type":"","background-media":"","overlay-type":"","overlay-color":"","overlay-opacity":"","overlay-gradient":""},"mobile":{"background-color":"","background-image":"","background-repeat":"repeat","background-position":"center center","background-size":"auto","background-attachment":"scroll","background-type":"","background-media":"","overlay-type":"","overlay-color":"","overlay-opacity":"","overlay-gradient":""}},"ast-content-background-meta":{"desktop":{"background-color":"var(--ast-global-color-4)","background-image":"","background-repeat":"repeat","background-position":"center center","background-size":"auto","background-attachment":"scroll","background-type":"","background-media":"","overlay-type":"","overlay-color":"","overlay-opacity":"","overlay-gradient":""},"tablet":{"background-color":"var(--ast-global-color-4)","background-image":"","background-repeat":"repeat","background-position":"center center","background-size":"auto","background-attachment":"scroll","background-type":"","background-media":"","overlay-type":"","overlay-color":"","overlay-opacity":"","overlay-gradient":""},"mobile":{"background-color":"var(--ast-global-color-4)","background-image":"","background-repeat":"repeat","background-position":"center center","background-size":"auto","background-attachment":"scroll","background-type":"","background-media":"","overlay-type":"","overlay-color":"","overlay-opacity":"","overlay-gradient":""}},"footnotes":""},"categories":[7,16,55],"tags":[],"class_list":["post-3214","post","type-post","status-publish","format-standard","has-post-thumbnail","hentry","category-wydarzenia","category-z-zycia-izby","category-z-zycia-izby-rok-2025"],"yoast_head":"<!-- This site is optimized with the Yoast SEO plugin v27.5 - https:\/\/yoast.com\/product\/yoast-seo-wordpress\/ -->\n<title>XXIV Krajowy Zjazd Sprawozdawczy PIIB - Podkarpacka Okregowa Izba Inzynierow Budownictwa<\/title>\n<meta name=\"robots\" content=\"index, follow, max-snippet:-1, max-image-preview:large, max-video-preview:-1\" \/>\n<link rel=\"canonical\" href=\"https:\/\/inzynier.rzeszow.pl\/index.php\/2025\/06\/15\/xxiv-krajowy-zjazd-sprawozdawczy-piib\/\" \/>\n<meta property=\"og:locale\" content=\"pl_PL\" \/>\n<meta property=\"og:type\" content=\"article\" \/>\n<meta property=\"og:title\" content=\"XXIV Krajowy Zjazd Sprawozdawczy PIIB - Podkarpacka Okregowa Izba Inzynierow Budownictwa\" \/>\n<meta property=\"og:description\" content=\"W dniach 13\u201314 czerwca 2025 r. w Warszawie odby\u0142 si\u0119 XXIV Krajowy Zjazd Sprawozdawczy Polskiej Izby In\u017cynier\u00f3w Budownictwa. W Zje\u017adzie [&hellip;]\" \/>\n<meta property=\"og:url\" content=\"https:\/\/inzynier.rzeszow.pl\/index.php\/2025\/06\/15\/xxiv-krajowy-zjazd-sprawozdawczy-piib\/\" \/>\n<meta property=\"og:site_name\" content=\"Podkarpacka Okregowa Izba Inzynierow Budownictwa\" \/>\n<meta property=\"article:published_time\" content=\"2025-06-15T11:43:45+00:00\" \/>\n<meta property=\"article:modified_time\" content=\"2026-02-13T13:42:03+00:00\" \/>\n<meta property=\"og:image\" content=\"https:\/\/inzynier.rzeszow.pl\/wp-content\/uploads\/2025\/06\/obraz_2026-01-28_152231045-1024x768.png\" \/>\n\t<meta property=\"og:image:width\" content=\"1024\" \/>\n\t<meta property=\"og:image:height\" content=\"768\" \/>\n\t<meta property=\"og:image:type\" content=\"image\/png\" \/>\n<meta name=\"author\" content=\"admin\" \/>\n<meta name=\"twitter:card\" content=\"summary_large_image\" \/>\n<meta name=\"twitter:label1\" content=\"Napisane przez\" \/>\n\t<meta name=\"twitter:data1\" content=\"admin\" \/>\n\t<meta name=\"twitter:label2\" content=\"Szacowany czas czytania\" \/>\n\t<meta name=\"twitter:data2\" content=\"2 minuty\" \/>\n<script type=\"application\/ld+json\" class=\"yoast-schema-graph\">{\"@context\":\"https:\\\/\\\/schema.org\",\"@graph\":[{\"@type\":\"Article\",\"@id\":\"https:\\\/\\\/inzynier.rzeszow.pl\\\/index.php\\\/2025\\\/06\\\/15\\\/xxiv-krajowy-zjazd-sprawozdawczy-piib\\\/#article\",\"isPartOf\":{\"@id\":\"https:\\\/\\\/inzynier.rzeszow.pl\\\/index.php\\\/2025\\\/06\\\/15\\\/xxiv-krajowy-zjazd-sprawozdawczy-piib\\\/\"},\"author\":{\"name\":\"admin\",\"@id\":\"https:\\\/\\\/inzynier.rzeszow.pl\\\/#\\\/schema\\\/person\\\/21ca162d893bdc5760a95d704e9b1e39\"},\"headline\":\"XXIV Krajowy Zjazd Sprawozdawczy PIIB\",\"datePublished\":\"2025-06-15T11:43:45+00:00\",\"dateModified\":\"2026-02-13T13:42:03+00:00\",\"mainEntityOfPage\":{\"@id\":\"https:\\\/\\\/inzynier.rzeszow.pl\\\/index.php\\\/2025\\\/06\\\/15\\\/xxiv-krajowy-zjazd-sprawozdawczy-piib\\\/\"},\"wordCount\":350,\"image\":{\"@id\":\"https:\\\/\\\/inzynier.rzeszow.pl\\\/index.php\\\/2025\\\/06\\\/15\\\/xxiv-krajowy-zjazd-sprawozdawczy-piib\\\/#primaryimage\"},\"thumbnailUrl\":\"https:\\\/\\\/inzynier.rzeszow.pl\\\/wp-content\\\/uploads\\\/2025\\\/06\\\/obraz_2026-01-28_152231045.png\",\"articleSection\":[\"Wydarzenia\",\"Z \u017cycia izby\",\"Z \u017cycia Izby Rok 2025\"],\"inLanguage\":\"pl-PL\"},{\"@type\":\"WebPage\",\"@id\":\"https:\\\/\\\/inzynier.rzeszow.pl\\\/index.php\\\/2025\\\/06\\\/15\\\/xxiv-krajowy-zjazd-sprawozdawczy-piib\\\/\",\"url\":\"https:\\\/\\\/inzynier.rzeszow.pl\\\/index.php\\\/2025\\\/06\\\/15\\\/xxiv-krajowy-zjazd-sprawozdawczy-piib\\\/\",\"name\":\"XXIV Krajowy Zjazd Sprawozdawczy PIIB - Podkarpacka Okregowa Izba Inzynierow Budownictwa\",\"isPartOf\":{\"@id\":\"https:\\\/\\\/inzynier.rzeszow.pl\\\/#website\"},\"primaryImageOfPage\":{\"@id\":\"https:\\\/\\\/inzynier.rzeszow.pl\\\/index.php\\\/2025\\\/06\\\/15\\\/xxiv-krajowy-zjazd-sprawozdawczy-piib\\\/#primaryimage\"},\"image\":{\"@id\":\"https:\\\/\\\/inzynier.rzeszow.pl\\\/index.php\\\/2025\\\/06\\\/15\\\/xxiv-krajowy-zjazd-sprawozdawczy-piib\\\/#primaryimage\"},\"thumbnailUrl\":\"https:\\\/\\\/inzynier.rzeszow.pl\\\/wp-content\\\/uploads\\\/2025\\\/06\\\/obraz_2026-01-28_152231045.png\",\"datePublished\":\"2025-06-15T11:43:45+00:00\",\"dateModified\":\"2026-02-13T13:42:03+00:00\",\"author\":{\"@id\":\"https:\\\/\\\/inzynier.rzeszow.pl\\\/#\\\/schema\\\/person\\\/21ca162d893bdc5760a95d704e9b1e39\"},\"breadcrumb\":{\"@id\":\"https:\\\/\\\/inzynier.rzeszow.pl\\\/index.php\\\/2025\\\/06\\\/15\\\/xxiv-krajowy-zjazd-sprawozdawczy-piib\\\/#breadcrumb\"},\"inLanguage\":\"pl-PL\",\"potentialAction\":[{\"@type\":\"ReadAction\",\"target\":[\"https:\\\/\\\/inzynier.rzeszow.pl\\\/index.php\\\/2025\\\/06\\\/15\\\/xxiv-krajowy-zjazd-sprawozdawczy-piib\\\/\"]}]},{\"@type\":\"ImageObject\",\"inLanguage\":\"pl-PL\",\"@id\":\"https:\\\/\\\/inzynier.rzeszow.pl\\\/index.php\\\/2025\\\/06\\\/15\\\/xxiv-krajowy-zjazd-sprawozdawczy-piib\\\/#primaryimage\",\"url\":\"https:\\\/\\\/inzynier.rzeszow.pl\\\/wp-content\\\/uploads\\\/2025\\\/06\\\/obraz_2026-01-28_152231045.png\",\"contentUrl\":\"https:\\\/\\\/inzynier.rzeszow.pl\\\/wp-content\\\/uploads\\\/2025\\\/06\\\/obraz_2026-01-28_152231045.png\",\"width\":2048,\"height\":1536},{\"@type\":\"BreadcrumbList\",\"@id\":\"https:\\\/\\\/inzynier.rzeszow.pl\\\/index.php\\\/2025\\\/06\\\/15\\\/xxiv-krajowy-zjazd-sprawozdawczy-piib\\\/#breadcrumb\",\"itemListElement\":[{\"@type\":\"ListItem\",\"position\":1,\"name\":\"Strona g\u0142\u00f3wna\",\"item\":\"https:\\\/\\\/inzynier.rzeszow.pl\\\/\"},{\"@type\":\"ListItem\",\"position\":2,\"name\":\"XXIV Krajowy Zjazd Sprawozdawczy PIIB\"}]},{\"@type\":\"WebSite\",\"@id\":\"https:\\\/\\\/inzynier.rzeszow.pl\\\/#website\",\"url\":\"https:\\\/\\\/inzynier.rzeszow.pl\\\/\",\"name\":\"Podkarpacka Okregowa Izba Inzynierow Budownictwa\",\"description\":\"\",\"potentialAction\":[{\"@type\":\"SearchAction\",\"target\":{\"@type\":\"EntryPoint\",\"urlTemplate\":\"https:\\\/\\\/inzynier.rzeszow.pl\\\/?s={search_term_string}\"},\"query-input\":{\"@type\":\"PropertyValueSpecification\",\"valueRequired\":true,\"valueName\":\"search_term_string\"}}],\"inLanguage\":\"pl-PL\"},{\"@type\":\"Person\",\"@id\":\"https:\\\/\\\/inzynier.rzeszow.pl\\\/#\\\/schema\\\/person\\\/21ca162d893bdc5760a95d704e9b1e39\",\"name\":\"admin\",\"image\":{\"@type\":\"ImageObject\",\"inLanguage\":\"pl-PL\",\"@id\":\"https:\\\/\\\/secure.gravatar.com\\\/avatar\\\/d5d1959f10b94c8abcf928274f8bb5b8c7370b0dfadb0590911bacad18965f21?s=96&d=mm&r=g\",\"url\":\"https:\\\/\\\/secure.gravatar.com\\\/avatar\\\/d5d1959f10b94c8abcf928274f8bb5b8c7370b0dfadb0590911bacad18965f21?s=96&d=mm&r=g\",\"contentUrl\":\"https:\\\/\\\/secure.gravatar.com\\\/avatar\\\/d5d1959f10b94c8abcf928274f8bb5b8c7370b0dfadb0590911bacad18965f21?s=96&d=mm&r=g\",\"caption\":\"admin\"},\"sameAs\":[\"https:\\\/\\\/migracja.inzynier.rzeszow.pl\"],\"url\":\"https:\\\/\\\/inzynier.rzeszow.pl\\\/index.php\\\/author\\\/kwojcik\\\/\"}]}<\/script>\n<!-- \/ Yoast SEO plugin. -->","yoast_head_json":{"title":"XXIV Krajowy Zjazd Sprawozdawczy PIIB - Podkarpacka Okregowa Izba Inzynierow Budownictwa","robots":{"index":"index","follow":"follow","max-snippet":"max-snippet:-1","max-image-preview":"max-image-preview:large","max-video-preview":"max-video-preview:-1"},"canonical":"https:\/\/inzynier.rzeszow.pl\/index.php\/2025\/06\/15\/xxiv-krajowy-zjazd-sprawozdawczy-piib\/","og_locale":"pl_PL","og_type":"article","og_title":"XXIV Krajowy Zjazd Sprawozdawczy PIIB - Podkarpacka Okregowa Izba Inzynierow Budownictwa","og_description":"W dniach 13\u201314 czerwca 2025 r. w Warszawie odby\u0142 si\u0119 XXIV Krajowy Zjazd Sprawozdawczy Polskiej Izby In\u017cynier\u00f3w Budownictwa. W Zje\u017adzie [&hellip;]","og_url":"https:\/\/inzynier.rzeszow.pl\/index.php\/2025\/06\/15\/xxiv-krajowy-zjazd-sprawozdawczy-piib\/","og_site_name":"Podkarpacka Okregowa Izba Inzynierow Budownictwa","article_published_time":"2025-06-15T11:43:45+00:00","article_modified_time":"2026-02-13T13:42:03+00:00","og_image":[{"width":1024,"height":768,"url":"https:\/\/inzynier.rzeszow.pl\/wp-content\/uploads\/2025\/06\/obraz_2026-01-28_152231045-1024x768.png","type":"image\/png"}],"author":"admin","twitter_card":"summary_large_image","twitter_misc":{"Napisane przez":"admin","Szacowany czas czytania":"2 minuty"},"schema":{"@context":"https:\/\/schema.org","@graph":[{"@type":"Article","@id":"https:\/\/inzynier.rzeszow.pl\/index.php\/2025\/06\/15\/xxiv-krajowy-zjazd-sprawozdawczy-piib\/#article","isPartOf":{"@id":"https:\/\/inzynier.rzeszow.pl\/index.php\/2025\/06\/15\/xxiv-krajowy-zjazd-sprawozdawczy-piib\/"},"author":{"name":"admin","@id":"https:\/\/inzynier.rzeszow.pl\/#\/schema\/person\/21ca162d893bdc5760a95d704e9b1e39"},"headline":"XXIV Krajowy Zjazd Sprawozdawczy PIIB","datePublished":"2025-06-15T11:43:45+00:00","dateModified":"2026-02-13T13:42:03+00:00","mainEntityOfPage":{"@id":"https:\/\/inzynier.rzeszow.pl\/index.php\/2025\/06\/15\/xxiv-krajowy-zjazd-sprawozdawczy-piib\/"},"wordCount":350,"image":{"@id":"https:\/\/inzynier.rzeszow.pl\/index.php\/2025\/06\/15\/xxiv-krajowy-zjazd-sprawozdawczy-piib\/#primaryimage"},"thumbnailUrl":"https:\/\/inzynier.rzeszow.pl\/wp-content\/uploads\/2025\/06\/obraz_2026-01-28_152231045.png","articleSection":["Wydarzenia","Z \u017cycia izby","Z \u017cycia Izby Rok 2025"],"inLanguage":"pl-PL"},{"@type":"WebPage","@id":"https:\/\/inzynier.rzeszow.pl\/index.php\/2025\/06\/15\/xxiv-krajowy-zjazd-sprawozdawczy-piib\/","url":"https:\/\/inzynier.rzeszow.pl\/index.php\/2025\/06\/15\/xxiv-krajowy-zjazd-sprawozdawczy-piib\/","name":"XXIV Krajowy Zjazd Sprawozdawczy PIIB - Podkarpacka Okregowa Izba Inzynierow Budownictwa","isPartOf":{"@id":"https:\/\/inzynier.rzeszow.pl\/#website"},"primaryImageOfPage":{"@id":"https:\/\/inzynier.rzeszow.pl\/index.php\/2025\/06\/15\/xxiv-krajowy-zjazd-sprawozdawczy-piib\/#primaryimage"},"image":{"@id":"https:\/\/inzynier.rzeszow.pl\/index.php\/2025\/06\/15\/xxiv-krajowy-zjazd-sprawozdawczy-piib\/#primaryimage"},"thumbnailUrl":"https:\/\/inzynier.rzeszow.pl\/wp-content\/uploads\/2025\/06\/obraz_2026-01-28_152231045.png","datePublished":"2025-06-15T11:43:45+00:00","dateModified":"2026-02-13T13:42:03+00:00","author":{"@id":"https:\/\/inzynier.rzeszow.pl\/#\/schema\/person\/21ca162d893bdc5760a95d704e9b1e39"},"breadcrumb":{"@id":"https:\/\/inzynier.rzeszow.pl\/index.php\/2025\/06\/15\/xxiv-krajowy-zjazd-sprawozdawczy-piib\/#breadcrumb"},"inLanguage":"pl-PL","potentialAction":[{"@type":"ReadAction","target":["https:\/\/inzynier.rzeszow.pl\/index.php\/2025\/06\/15\/xxiv-krajowy-zjazd-sprawozdawczy-piib\/"]}]},{"@type":"ImageObject","inLanguage":"pl-PL","@id":"https:\/\/inzynier.rzeszow.pl\/index.php\/2025\/06\/15\/xxiv-krajowy-zjazd-sprawozdawczy-piib\/#primaryimage","url":"https:\/\/inzynier.rzeszow.pl\/wp-content\/uploads\/2025\/06\/obraz_2026-01-28_152231045.png","contentUrl":"https:\/\/inzynier.rzeszow.pl\/wp-content\/uploads\/2025\/06\/obraz_2026-01-28_152231045.png","width":2048,"height":1536},{"@type":"BreadcrumbList","@id":"https:\/\/inzynier.rzeszow.pl\/index.php\/2025\/06\/15\/xxiv-krajowy-zjazd-sprawozdawczy-piib\/#breadcrumb","itemListElement":[{"@type":"ListItem","position":1,"name":"Strona g\u0142\u00f3wna","item":"https:\/\/inzynier.rzeszow.pl\/"},{"@type":"ListItem","position":2,"name":"XXIV Krajowy Zjazd Sprawozdawczy PIIB"}]},{"@type":"WebSite","@id":"https:\/\/inzynier.rzeszow.pl\/#website","url":"https:\/\/inzynier.rzeszow.pl\/","name":"Podkarpacka Okregowa Izba Inzynierow Budownictwa","description":"","potentialAction":[{"@type":"SearchAction","target":{"@type":"EntryPoint","urlTemplate":"https:\/\/inzynier.rzeszow.pl\/?s={search_term_string}"},"query-input":{"@type":"PropertyValueSpecification","valueRequired":true,"valueName":"search_term_string"}}],"inLanguage":"pl-PL"},{"@type":"Person","@id":"https:\/\/inzynier.rzeszow.pl\/#\/schema\/person\/21ca162d893bdc5760a95d704e9b1e39","name":"admin","image":{"@type":"ImageObject","inLanguage":"pl-PL","@id":"https:\/\/secure.gravatar.com\/avatar\/d5d1959f10b94c8abcf928274f8bb5b8c7370b0dfadb0590911bacad18965f21?s=96&d=mm&r=g","url":"https:\/\/secure.gravatar.com\/avatar\/d5d1959f10b94c8abcf928274f8bb5b8c7370b0dfadb0590911bacad18965f21?s=96&d=mm&r=g","contentUrl":"https:\/\/secure.gravatar.com\/avatar\/d5d1959f10b94c8abcf928274f8bb5b8c7370b0dfadb0590911bacad18965f21?s=96&d=mm&r=g","caption":"admin"},"sameAs":["https:\/\/migracja.inzynier.rzeszow.pl"],"url":"https:\/\/inzynier.rzeszow.pl\/index.php\/author\/kwojcik\/"}]}},"rttpg_featured_image_url":{"full":["https:\/\/inzynier.rzeszow.pl\/wp-content\/uploads\/2025\/06\/obraz_2026-01-28_152231045.png",2048,1536,false],"landscape":["https:\/\/inzynier.rzeszow.pl\/wp-content\/uploads\/2025\/06\/obraz_2026-01-28_152231045.png",2048,1536,false],"portraits":["https:\/\/inzynier.rzeszow.pl\/wp-content\/uploads\/2025\/06\/obraz_2026-01-28_152231045.png",2048,1536,false],"thumbnail":["https:\/\/inzynier.rzeszow.pl\/wp-content\/uploads\/2025\/06\/obraz_2026-01-28_152231045-150x150.png",150,150,true],"medium":["https:\/\/inzynier.rzeszow.pl\/wp-content\/uploads\/2025\/06\/obraz_2026-01-28_152231045-300x225.png",300,225,true],"large":["https:\/\/inzynier.rzeszow.pl\/wp-content\/uploads\/2025\/06\/obraz_2026-01-28_152231045-1024x768.png",1024,768,true],"1536x1536":["https:\/\/inzynier.rzeszow.pl\/wp-content\/uploads\/2025\/06\/obraz_2026-01-28_152231045-1536x1152.png",1536,1152,true],"2048x2048":["https:\/\/inzynier.rzeszow.pl\/wp-content\/uploads\/2025\/06\/obraz_2026-01-28_152231045.png",2048,1536,false]},"rttpg_author":{"display_name":"admin","author_link":"https:\/\/inzynier.rzeszow.pl\/index.php\/author\/kwojcik\/"},"rttpg_comment":0,"rttpg_category":"<a href=\"https:\/\/inzynier.rzeszow.pl\/index.php\/category\/wydarzenia\/\" rel=\"category tag\">Wydarzenia<\/a> <a href=\"https:\/\/inzynier.rzeszow.pl\/index.php\/category\/z-zycia-izby\/\" rel=\"category tag\">Z \u017cycia izby<\/a> <a href=\"https:\/\/inzynier.rzeszow.pl\/index.php\/category\/z-zycia-izby\/z-zycia-izby-rok-2025\/\" rel=\"category tag\">Z \u017cycia Izby Rok 2025<\/a>","rttpg_excerpt":"W dniach 13\u201314 czerwca 2025 r. w Warszawie odby\u0142 si\u0119 XXIV Krajowy Zjazd Sprawozdawczy Polskiej Izby In\u017cynier\u00f3w Budownictwa. W Zje\u017adzie [&hellip;]","_links":{"self":[{"href":"https:\/\/inzynier.rzeszow.pl\/index.php\/wp-json\/wp\/v2\/posts\/3214","targetHints":{"allow":["GET"]}}],"collection":[{"href":"https:\/\/inzynier.rzeszow.pl\/index.php\/wp-json\/wp\/v2\/posts"}],"about":[{"href":"https:\/\/inzynier.rzeszow.pl\/index.php\/wp-json\/wp\/v2\/types\/post"}],"author":[{"embeddable":true,"href":"https:\/\/inzynier.rzeszow.pl\/index.php\/wp-json\/wp\/v2\/users\/1"}],"replies":[{"embeddable":true,"href":"https:\/\/inzynier.rzeszow.pl\/index.php\/wp-json\/wp\/v2\/comments?post=3214"}],"version-history":[{"count":7,"href":"https:\/\/inzynier.rzeszow.pl\/index.php\/wp-json\/wp\/v2\/posts\/3214\/revisions"}],"predecessor-version":[{"id":3233,"href":"https:\/\/inzynier.rzeszow.pl\/index.php\/wp-json\/wp\/v2\/posts\/3214\/revisions\/3233"}],"wp:featuredmedia":[{"embeddable":true,"href":"https:\/\/inzynier.rzeszow.pl\/index.php\/wp-json\/wp\/v2\/media\/3226"}],"wp:attachment":[{"href":"https:\/\/inzynier.rzeszow.pl\/index.php\/wp-json\/wp\/v2\/media?parent=3214"}],"wp:term":[{"taxonomy":"category","embeddable":true,"href":"https:\/\/inzynier.rzeszow.pl\/index.php\/wp-json\/wp\/v2\/categories?post=3214"},{"taxonomy":"post_tag","embeddable":true,"href":"https:\/\/inzynier.rzeszow.pl\/index.php\/wp-json\/wp\/v2\/tags?post=3214"}],"curies":[{"name":"wp","href":"https:\/\/api.w.org\/{rel}","templated":true}]}}