{"id":3212,"date":"2025-06-13T01:28:40","date_gmt":"2025-06-13T01:28:40","guid":{"rendered":"https:\/\/migracja.inzynier.rzeszow.pl\/?p=3212"},"modified":"2026-03-17T12:50:01","modified_gmt":"2026-03-17T11:50:01","slug":"konferencja-i-warsztaty-graitec-projektowanie-konstrukcji-12-06-2025-r-siedziba-pdk-oiib","status":"publish","type":"post","link":"https:\/\/inzynier.rzeszow.pl\/index.php\/2025\/06\/13\/konferencja-i-warsztaty-graitec-projektowanie-konstrukcji-12-06-2025-r-siedziba-pdk-oiib\/","title":{"rendered":"Konferencja i warsztaty GRAITEC &#8211; Projektowanie konstrukcji &#8211; 12.06.2025 r., siedziba PDK OIIB"},"content":{"rendered":"\t\t<div data-elementor-type=\"wp-post\" data-elementor-id=\"3212\" class=\"elementor elementor-3212\" data-elementor-post-type=\"post\">\n\t\t\t\t<div class=\"elementor-element elementor-element-a86bb8d e-flex e-con-boxed e-con e-parent\" data-id=\"a86bb8d\" data-element_type=\"container\" data-e-type=\"container\">\n\t\t\t\t\t<div class=\"e-con-inner\">\n\t\t<div class=\"elementor-element elementor-element-410f3d0 e-con-full e-flex e-con e-child\" data-id=\"410f3d0\" data-element_type=\"container\" data-e-type=\"container\">\n\t\t<div class=\"elementor-element elementor-element-0161690 e-con-full e-flex e-con e-child\" data-id=\"0161690\" data-element_type=\"container\" data-e-type=\"container\">\n\t\t\t\t<div class=\"elementor-element elementor-element-833a258 elementor-widget elementor-widget-image\" data-id=\"833a258\" data-element_type=\"widget\" data-e-type=\"widget\" data-widget_type=\"image.default\">\n\t\t\t\t\t\t\t\t\t\t\t\t\t\t\t<img fetchpriority=\"high\" decoding=\"async\" width=\"1024\" height=\"683\" src=\"https:\/\/inzynier.rzeszow.pl\/wp-content\/uploads\/2025\/06\/obraz_2026-01-28_152830207-1024x683.png\" class=\"attachment-large size-large wp-image-3241\" alt=\"\" srcset=\"https:\/\/inzynier.rzeszow.pl\/wp-content\/uploads\/2025\/06\/obraz_2026-01-28_152830207-1024x683.png 1024w, https:\/\/inzynier.rzeszow.pl\/wp-content\/uploads\/2025\/06\/obraz_2026-01-28_152830207-300x200.png 300w, https:\/\/inzynier.rzeszow.pl\/wp-content\/uploads\/2025\/06\/obraz_2026-01-28_152830207-768x512.png 768w, https:\/\/inzynier.rzeszow.pl\/wp-content\/uploads\/2025\/06\/obraz_2026-01-28_152830207.png 1200w\" sizes=\"(max-width: 1024px) 100vw, 1024px\" \/>\t\t\t\t\t\t\t\t\t\t\t\t\t\t\t<\/div>\n\t\t\t\t<\/div>\n\t\t<div class=\"elementor-element elementor-element-ba0eba7 e-con-full e-flex e-con e-child\" data-id=\"ba0eba7\" data-element_type=\"container\" data-e-type=\"container\">\n\t\t\t\t<div class=\"elementor-element elementor-element-43c5e2f elementor-widget elementor-widget-text-editor\" data-id=\"43c5e2f\" data-element_type=\"widget\" data-e-type=\"widget\" data-widget_type=\"text-editor.default\">\n\t\t\t\t\t\t\t\t\t<p>Firma Graitec oraz Podkarpacka Okr\u0119gowa Izba In\u017cynier\u00f3w Budownictwa serdecznie zapraszaj\u0105 na\u00a0<strong>wyj\u0105tkowe wydarzenie bran\u017cowe &#8211; \u201eProjektowanie konstrukcji &#8211; konferencja i warsztaty GRAITEC&#8221;<\/strong>, kt\u00f3re odb\u0119dzie si\u0119\u00a0<strong>12 czerwca 2025 r.<\/strong>\u00a0w siedzibie\u00a0<strong>Podkarpackiej Okr\u0119gowej Izby In\u017cynier\u00f3w Budownictwa w Rzeszowie<\/strong>.<\/p><p><strong>Data:<\/strong>\u00a012 czerwca 2025<br \/><strong>Godzina:<\/strong>\u00a08:30 &#8211; 16:00<br \/><strong>Miejsce:<\/strong>\u00a0Podkarpacka Okr\u0119gowa Izba In\u017cynier\u00f3w Budownictwa, Rzesz\u00f3w<br \/><br \/><strong>Udzia\u0142 w wydarzeniu jest bezp\u0142atny.<\/strong>\u00a0<strong>Wymagana jest wcze\u015bniejsza\u00a0<\/strong><a href=\"https:\/\/forms.office.com\/pages\/responsepage.aspx?id=1mgHvwy2fkKblMS37ntDuLJTRTgrAM5CuUd6kkhpVSJUNjdMWE1HWVJISVVYS09MODFPTTRJMFY1QS4u&amp;route=shorturl&amp;utm_source=Dynamics%20365%20Customer%20Insights%20-%20Journeys&amp;utm_medium=email&amp;utm_term=N%2FA&amp;utm_campaign=&amp;utm_content=PL%20-%20ZAPROSZENIE%20-%2012%20czerwca%20Rzesz%C3%B3w%20Witek#msdynmkt_trackingcontext=16b57937-2cb4-44ed-9505-32f3cea40000\" target=\"_blank\" rel=\"noopener\"><strong>rejestracja<\/strong><\/a><strong>.<\/strong><\/p><p>\u00a0<\/p>\t\t\t\t\t\t\t\t<\/div>\n\t\t\t\t<\/div>\n\t\t\t\t<\/div>\n\t\t\t\t\t<\/div>\n\t\t\t\t<\/div>\n\t\t<div class=\"elementor-element elementor-element-2b2d875 e-con-full e-flex e-con e-parent\" data-id=\"2b2d875\" data-element_type=\"container\" data-e-type=\"container\">\n\t\t\t\t<div class=\"elementor-element elementor-element-27513f9 elementor-widget__width-initial elementor-widget elementor-widget-text-editor\" data-id=\"27513f9\" data-element_type=\"widget\" data-e-type=\"widget\" data-widget_type=\"text-editor.default\">\n\t\t\t\t\t\t\t\t\t<p>W programie konferencja po\u0142\u0105czona z praktycznymi warsztatami, kt\u00f3re poprowadz\u0105 do\u015bwiadczeni eksperci Graitec. To ca\u0142odniowe spotkanie to doskona\u0142a okazja do zapoznania si\u0119 z najnowszymi trendami, technologiami i narz\u0119dziami w projektowaniu konstrukcji.<\/p><p><strong>SESJA 9:00 &#8211; 10:30<br \/>\u201eBIM &#8211; MODELOWANIE NA POZIOMIE &#8211; ZAPISY NORMOWE I KONTRAKTOWE W ZAKRESIE LOIN Z WYKORZYSTANIEM ISO17412 ORAZ ISO19650&#8243; ODB\u0118DZIE SI\u0118 R\u00d3WNIE\u017b W FORMIE ONLINE\u00a0<\/strong><strong>&#8211;\u00a0<a href=\"https:\/\/portal.piib.org.pl\/szkolenia-online\/8da349c0-405e-11f0-addf-0f105afe2ca1\/zapisz\" target=\"_blank\" rel=\"noopener\">ZAPIS NA SZKOLENIE ONLINE &gt;&gt;<\/a><\/strong><\/p><p><strong>AGENDA WYDARZENIA<\/strong><\/p><p align=\"left\">8:30 &#8211; 8:55 Rejestracja<br \/>9:00 &#8211; 10:30\u00a0<strong>BIM &#8211; Modelowanie na poziomie &#8211; zapisy normowe i kontraktowe w zakresie LOIN z wykorzystaniem ISO17412 oraz ISO19650<\/strong>\u00a0Micha\u0142 Zaj\u0105c | Consulting Services Manager<br \/>10:30 &#8211; 10:45 Przerwa kawowa<br \/><strong>10:45 &#8211; 11:00 Future of Structural Engineering, Graitec Vision on Simulate\u00a0<\/strong>Rawad Assaf | Solution Line Director<br \/><strong>11:00 &#8211; 11:15 Rozw\u00f3j Advance Design\u00a0<\/strong>Mateusz Budzi\u0144ski | Product Line Manager<br \/><strong>11:15 &#8211; 12:00 Projektowanie profili zimnogi\u0119tych wg EC3-1-3\u00a0<\/strong>Micha\u0142 Nowicki | Technical Consultant, Mateusz Mat\u0142osz | Technical Solution Specialist<\/p><p align=\"left\">12:00 &#8211; 12:30 Lunch<br \/><strong>12:30 &#8211; 12:45 Dofinansowania i szkolenia we wsp\u00f3\u0142pracy z Graitec\u00a0<\/strong>Micha\u0142 Zaj\u0105c | Consulting Services Manager<br \/><strong>12:45 &#8211; 13:30 Advance Steel &#8211; Model konstrukcji stalowej w dokumentacji i analizie MES\u00a0<\/strong>Micha\u0142 Nowicki | Technical Consultant<br \/><strong>13:30 &#8211; 14:15 Projektuj efektywniej konstrukcje tradycyjne\u00a0<\/strong>Kamil Dziedzic | Technical Solution Specialist<\/p><p align=\"left\">14:15 &#8211; 14:30 Przerwa kawowa<br \/><strong>14:30 &#8211; 16:00:<br \/><\/strong>\ud83d\udd39<strong>Warsztat 1 \u201eOpenBIM dla ka\u017cdego &#8211; otwarte formaty wymiany oraz eksport poprawnego pliku IFC&#8221;\u00a0<\/strong>Micha\u0142 Zaj\u0105c | Consulting Services Manager<\/p><p align=\"left\">\ud83d\udd39<strong>Warsztat 2 \u201eImperfekcje i metody analizy stateczno\u015bci konstrukcji stalowych wed\u0142ug Eurokodu 3&#8243;<\/strong>\u00a0Mateusz Mat\u0142osz | Technical Solution Specialist<\/p>\t\t\t\t\t\t\t\t<\/div>\n\t\t\t\t<\/div>\n\t\t<div class=\"elementor-element elementor-element-a71da7b e-flex e-con-boxed e-con e-parent\" data-id=\"a71da7b\" data-element_type=\"container\" data-e-type=\"container\">\n\t\t\t\t\t<div class=\"e-con-inner\">\n\t\t<div class=\"elementor-element elementor-element-6c8d68f e-con-full e-flex e-con e-child\" data-id=\"6c8d68f\" data-element_type=\"container\" data-e-type=\"container\">\n\t\t\t\t<div class=\"elementor-element elementor-element-08ed910 elementor-widget elementor-widget-image\" data-id=\"08ed910\" data-element_type=\"widget\" data-e-type=\"widget\" data-widget_type=\"image.default\">\n\t\t\t\t\t\t\t\t\t\t\t\t\t\t\t<img decoding=\"async\" width=\"1024\" height=\"1024\" src=\"https:\/\/inzynier.rzeszow.pl\/wp-content\/uploads\/2025\/06\/obraz_2026-01-28_153011833-1024x1024.png\" class=\"attachment-large size-large wp-image-3242\" alt=\"\" srcset=\"https:\/\/inzynier.rzeszow.pl\/wp-content\/uploads\/2025\/06\/obraz_2026-01-28_153011833-1024x1024.png 1024w, https:\/\/inzynier.rzeszow.pl\/wp-content\/uploads\/2025\/06\/obraz_2026-01-28_153011833-300x300.png 300w, https:\/\/inzynier.rzeszow.pl\/wp-content\/uploads\/2025\/06\/obraz_2026-01-28_153011833-150x150.png 150w, https:\/\/inzynier.rzeszow.pl\/wp-content\/uploads\/2025\/06\/obraz_2026-01-28_153011833-768x768.png 768w, https:\/\/inzynier.rzeszow.pl\/wp-content\/uploads\/2025\/06\/obraz_2026-01-28_153011833.png 1080w\" sizes=\"(max-width: 1024px) 100vw, 1024px\" \/>\t\t\t\t\t\t\t\t\t\t\t\t\t\t\t<\/div>\n\t\t\t\t<\/div>\n\t\t<div class=\"elementor-element elementor-element-899c348 e-con-full e-flex e-con e-child\" data-id=\"899c348\" data-element_type=\"container\" data-e-type=\"container\">\n\t\t\t\t<div class=\"elementor-element elementor-element-4edec1c elementor-widget elementor-widget-image\" data-id=\"4edec1c\" data-element_type=\"widget\" data-e-type=\"widget\" data-widget_type=\"image.default\">\n\t\t\t\t\t\t\t\t\t\t\t\t\t\t\t<img decoding=\"async\" width=\"1024\" height=\"1024\" src=\"https:\/\/inzynier.rzeszow.pl\/wp-content\/uploads\/2025\/06\/obraz_2026-01-28_153022883-1024x1024.png\" class=\"attachment-large size-large wp-image-3243\" alt=\"\" srcset=\"https:\/\/inzynier.rzeszow.pl\/wp-content\/uploads\/2025\/06\/obraz_2026-01-28_153022883-1024x1024.png 1024w, https:\/\/inzynier.rzeszow.pl\/wp-content\/uploads\/2025\/06\/obraz_2026-01-28_153022883-300x300.png 300w, https:\/\/inzynier.rzeszow.pl\/wp-content\/uploads\/2025\/06\/obraz_2026-01-28_153022883-150x150.png 150w, https:\/\/inzynier.rzeszow.pl\/wp-content\/uploads\/2025\/06\/obraz_2026-01-28_153022883-768x768.png 768w, https:\/\/inzynier.rzeszow.pl\/wp-content\/uploads\/2025\/06\/obraz_2026-01-28_153022883.png 1080w\" sizes=\"(max-width: 1024px) 100vw, 1024px\" \/>\t\t\t\t\t\t\t\t\t\t\t\t\t\t\t<\/div>\n\t\t\t\t<\/div>\n\t\t\t\t\t<\/div>\n\t\t\t\t<\/div>\n\t\t<div class=\"elementor-element elementor-element-eb35ac1 e-flex e-con-boxed e-con e-parent\" data-id=\"eb35ac1\" data-element_type=\"container\" data-e-type=\"container\">\n\t\t\t\t\t<div class=\"e-con-inner\">\n\t\t\t\t<div class=\"elementor-element elementor-element-26946c2 elementor-widget elementor-widget-text-editor\" data-id=\"26946c2\" data-element_type=\"widget\" data-e-type=\"widget\" data-widget_type=\"text-editor.default\">\n\t\t\t\t\t\t\t\t\t<p align=\"center\"><strong>Zarejestruj si\u0119 ju\u017c dzi\u015b<\/strong>\u00a0i zagwarantuj sobie miejsce na wybranym warsztacie.<\/p><p align=\"center\"><a href=\"https:\/\/forms.office.com\/pages\/responsepage.aspx?id=1mgHvwy2fkKblMS37ntDuLJTRTgrAM5CuUd6kkhpVSJUNjdMWE1HWVJISVVYS09MODFPTTRJMFY1QS4u&amp;route=shorturl&amp;utm_source=Dynamics%20365%20Customer%20Insights%20-%20Journeys&amp;utm_medium=email&amp;utm_term=N%2FA&amp;utm_campaign=&amp;utm_content=PL%20-%20ZAPROSZENIE%20-%2012%20czerwca%20Rzesz%C3%B3w%20Witek#msdynmkt_trackingcontext=16b57937-2cb4-44ed-9505-32f3cea40000\" target=\"_blank\" rel=\"noopener\"><strong>FORMULARZ ZG\u0141OSZENIOWY<\/strong><\/a><\/p><p><strong>Dlaczego warto wzi\u0105\u0107 udzia\u0142?<\/strong><\/p><p>&#8211; Dowiesz si\u0119, jak efektywnie wykorzysta\u0107 narz\u0119dzia Graitec w projektowaniu konstrukcji<br \/>&#8211; Poznasz aktualne standardy BIM i Eurokodu 3<br \/>&#8211; Zdob\u0119dziesz praktyczne umiej\u0119tno\u015bci podczas certyfikowanych warsztat\u00f3w<br \/>&#8211; B\u0119dziesz mie\u0107 okazj\u0119 do rozm\u00f3w z ekspertami i wymiany do\u015bwiadcze\u0144<\/p><p>Udzia\u0142 w wydarzeniu jest bezp\u0142atny. Wymagana jest wcze\u015bniejsza rejestracja.<\/p>\t\t\t\t\t\t\t\t<\/div>\n\t\t\t\t\t<\/div>\n\t\t\t\t<\/div>\n\t\t\t\t<\/div>\n\t\t","protected":false},"excerpt":{"rendered":"<p>Firma Graitec oraz Podkarpacka Okr\u0119gowa Izba In\u017cynier\u00f3w Budownictwa serdecznie zapraszaj\u0105 na\u00a0wyj\u0105tkowe wydarzenie bran\u017cowe &#8211; \u201eProjektowanie konstrukcji &#8211; konferencja i warsztaty [&hellip;]<\/p>\n","protected":false},"author":1,"featured_media":3241,"comment_status":"closed","ping_status":"closed","sticky":false,"template":"","format":"standard","meta":{"site-sidebar-layout":"default","site-content-layout":"","ast-site-content-layout":"default","site-content-style":"default","site-sidebar-style":"default","ast-global-header-display":"","ast-banner-title-visibility":"","ast-main-header-display":"","ast-hfb-above-header-display":"","ast-hfb-below-header-display":"","ast-hfb-mobile-header-display":"","site-post-title":"","ast-breadcrumbs-content":"","ast-featured-img":"","footer-sml-layout":"","ast-disable-related-posts":"","theme-transparent-header-meta":"","adv-header-id-meta":"","stick-header-meta":"","header-above-stick-meta":"","header-main-stick-meta":"","header-below-stick-meta":"","astra-migrate-meta-layouts":"default","ast-page-background-enabled":"default","ast-page-background-meta":{"desktop":{"background-color":"var(--ast-global-color-5)","background-image":"","background-repeat":"repeat","background-position":"center center","background-size":"auto","background-attachment":"scroll","background-type":"","background-media":"","overlay-type":"","overlay-color":"","overlay-opacity":"","overlay-gradient":""},"tablet":{"background-color":"","background-image":"","background-repeat":"repeat","background-position":"center center","background-size":"auto","background-attachment":"scroll","background-type":"","background-media":"","overlay-type":"","overlay-color":"","overlay-opacity":"","overlay-gradient":""},"mobile":{"background-color":"","background-image":"","background-repeat":"repeat","background-position":"center center","background-size":"auto","background-attachment":"scroll","background-type":"","background-media":"","overlay-type":"","overlay-color":"","overlay-opacity":"","overlay-gradient":""}},"ast-content-background-meta":{"desktop":{"background-color":"var(--ast-global-color-4)","background-image":"","background-repeat":"repeat","background-position":"center center","background-size":"auto","background-attachment":"scroll","background-type":"","background-media":"","overlay-type":"","overlay-color":"","overlay-opacity":"","overlay-gradient":""},"tablet":{"background-color":"var(--ast-global-color-4)","background-image":"","background-repeat":"repeat","background-position":"center center","background-size":"auto","background-attachment":"scroll","background-type":"","background-media":"","overlay-type":"","overlay-color":"","overlay-opacity":"","overlay-gradient":""},"mobile":{"background-color":"var(--ast-global-color-4)","background-image":"","background-repeat":"repeat","background-position":"center center","background-size":"auto","background-attachment":"scroll","background-type":"","background-media":"","overlay-type":"","overlay-color":"","overlay-opacity":"","overlay-gradient":""}},"footnotes":""},"categories":[63,7,16,55],"tags":[],"class_list":["post-3212","post","type-post","status-publish","format-standard","has-post-thumbnail","hentry","category-targi-i-konferencje","category-wydarzenia","category-z-zycia-izby","category-z-zycia-izby-rok-2025"],"yoast_head":"<!-- This site is optimized with the Yoast SEO plugin v27.5 - https:\/\/yoast.com\/product\/yoast-seo-wordpress\/ -->\n<title>Konferencja i warsztaty GRAITEC - Projektowanie konstrukcji - 12.06.2025 r., siedziba PDK OIIB - Podkarpacka Okregowa Izba Inzynierow Budownictwa<\/title>\n<meta name=\"robots\" content=\"index, follow, max-snippet:-1, max-image-preview:large, max-video-preview:-1\" \/>\n<link rel=\"canonical\" href=\"https:\/\/inzynier.rzeszow.pl\/index.php\/2025\/06\/13\/konferencja-i-warsztaty-graitec-projektowanie-konstrukcji-12-06-2025-r-siedziba-pdk-oiib\/\" \/>\n<meta property=\"og:locale\" content=\"pl_PL\" \/>\n<meta property=\"og:type\" content=\"article\" \/>\n<meta property=\"og:title\" content=\"Konferencja i warsztaty GRAITEC - Projektowanie konstrukcji - 12.06.2025 r., siedziba PDK OIIB - Podkarpacka Okregowa Izba Inzynierow Budownictwa\" \/>\n<meta property=\"og:description\" content=\"Firma Graitec oraz Podkarpacka Okr\u0119gowa Izba In\u017cynier\u00f3w Budownictwa serdecznie zapraszaj\u0105 na\u00a0wyj\u0105tkowe wydarzenie bran\u017cowe &#8211; \u201eProjektowanie konstrukcji &#8211; konferencja i warsztaty [&hellip;]\" \/>\n<meta property=\"og:url\" content=\"https:\/\/inzynier.rzeszow.pl\/index.php\/2025\/06\/13\/konferencja-i-warsztaty-graitec-projektowanie-konstrukcji-12-06-2025-r-siedziba-pdk-oiib\/\" \/>\n<meta property=\"og:site_name\" content=\"Podkarpacka Okregowa Izba Inzynierow Budownictwa\" \/>\n<meta property=\"article:published_time\" content=\"2025-06-13T01:28:40+00:00\" \/>\n<meta property=\"article:modified_time\" content=\"2026-03-17T11:50:01+00:00\" \/>\n<meta property=\"og:image\" content=\"https:\/\/inzynier.rzeszow.pl\/wp-content\/uploads\/2025\/06\/obraz_2026-01-28_152830207.png\" \/>\n\t<meta property=\"og:image:width\" content=\"1200\" \/>\n\t<meta property=\"og:image:height\" content=\"800\" \/>\n\t<meta property=\"og:image:type\" content=\"image\/png\" \/>\n<meta name=\"author\" content=\"admin\" \/>\n<meta name=\"twitter:card\" content=\"summary_large_image\" \/>\n<meta name=\"twitter:label1\" content=\"Napisane przez\" \/>\n\t<meta name=\"twitter:data1\" content=\"admin\" \/>\n\t<meta name=\"twitter:label2\" content=\"Szacowany czas czytania\" \/>\n\t<meta name=\"twitter:data2\" content=\"2 minuty\" \/>\n<script type=\"application\/ld+json\" class=\"yoast-schema-graph\">{\"@context\":\"https:\\\/\\\/schema.org\",\"@graph\":[{\"@type\":\"Article\",\"@id\":\"https:\\\/\\\/inzynier.rzeszow.pl\\\/index.php\\\/2025\\\/06\\\/13\\\/konferencja-i-warsztaty-graitec-projektowanie-konstrukcji-12-06-2025-r-siedziba-pdk-oiib\\\/#article\",\"isPartOf\":{\"@id\":\"https:\\\/\\\/inzynier.rzeszow.pl\\\/index.php\\\/2025\\\/06\\\/13\\\/konferencja-i-warsztaty-graitec-projektowanie-konstrukcji-12-06-2025-r-siedziba-pdk-oiib\\\/\"},\"author\":{\"name\":\"admin\",\"@id\":\"https:\\\/\\\/inzynier.rzeszow.pl\\\/#\\\/schema\\\/person\\\/21ca162d893bdc5760a95d704e9b1e39\"},\"headline\":\"Konferencja i warsztaty GRAITEC &#8211; Projektowanie konstrukcji &#8211; 12.06.2025 r., siedziba PDK OIIB\",\"datePublished\":\"2025-06-13T01:28:40+00:00\",\"dateModified\":\"2026-03-17T11:50:01+00:00\",\"mainEntityOfPage\":{\"@id\":\"https:\\\/\\\/inzynier.rzeszow.pl\\\/index.php\\\/2025\\\/06\\\/13\\\/konferencja-i-warsztaty-graitec-projektowanie-konstrukcji-12-06-2025-r-siedziba-pdk-oiib\\\/\"},\"wordCount\":387,\"image\":{\"@id\":\"https:\\\/\\\/inzynier.rzeszow.pl\\\/index.php\\\/2025\\\/06\\\/13\\\/konferencja-i-warsztaty-graitec-projektowanie-konstrukcji-12-06-2025-r-siedziba-pdk-oiib\\\/#primaryimage\"},\"thumbnailUrl\":\"https:\\\/\\\/inzynier.rzeszow.pl\\\/wp-content\\\/uploads\\\/2025\\\/06\\\/obraz_2026-01-28_152830207.png\",\"articleSection\":[\"Targi i konferencje\",\"Wydarzenia\",\"Z \u017cycia izby\",\"Z \u017cycia Izby Rok 2025\"],\"inLanguage\":\"pl-PL\"},{\"@type\":\"WebPage\",\"@id\":\"https:\\\/\\\/inzynier.rzeszow.pl\\\/index.php\\\/2025\\\/06\\\/13\\\/konferencja-i-warsztaty-graitec-projektowanie-konstrukcji-12-06-2025-r-siedziba-pdk-oiib\\\/\",\"url\":\"https:\\\/\\\/inzynier.rzeszow.pl\\\/index.php\\\/2025\\\/06\\\/13\\\/konferencja-i-warsztaty-graitec-projektowanie-konstrukcji-12-06-2025-r-siedziba-pdk-oiib\\\/\",\"name\":\"Konferencja i warsztaty GRAITEC - Projektowanie konstrukcji - 12.06.2025 r., siedziba PDK OIIB - Podkarpacka Okregowa Izba Inzynierow Budownictwa\",\"isPartOf\":{\"@id\":\"https:\\\/\\\/inzynier.rzeszow.pl\\\/#website\"},\"primaryImageOfPage\":{\"@id\":\"https:\\\/\\\/inzynier.rzeszow.pl\\\/index.php\\\/2025\\\/06\\\/13\\\/konferencja-i-warsztaty-graitec-projektowanie-konstrukcji-12-06-2025-r-siedziba-pdk-oiib\\\/#primaryimage\"},\"image\":{\"@id\":\"https:\\\/\\\/inzynier.rzeszow.pl\\\/index.php\\\/2025\\\/06\\\/13\\\/konferencja-i-warsztaty-graitec-projektowanie-konstrukcji-12-06-2025-r-siedziba-pdk-oiib\\\/#primaryimage\"},\"thumbnailUrl\":\"https:\\\/\\\/inzynier.rzeszow.pl\\\/wp-content\\\/uploads\\\/2025\\\/06\\\/obraz_2026-01-28_152830207.png\",\"datePublished\":\"2025-06-13T01:28:40+00:00\",\"dateModified\":\"2026-03-17T11:50:01+00:00\",\"author\":{\"@id\":\"https:\\\/\\\/inzynier.rzeszow.pl\\\/#\\\/schema\\\/person\\\/21ca162d893bdc5760a95d704e9b1e39\"},\"breadcrumb\":{\"@id\":\"https:\\\/\\\/inzynier.rzeszow.pl\\\/index.php\\\/2025\\\/06\\\/13\\\/konferencja-i-warsztaty-graitec-projektowanie-konstrukcji-12-06-2025-r-siedziba-pdk-oiib\\\/#breadcrumb\"},\"inLanguage\":\"pl-PL\",\"potentialAction\":[{\"@type\":\"ReadAction\",\"target\":[\"https:\\\/\\\/inzynier.rzeszow.pl\\\/index.php\\\/2025\\\/06\\\/13\\\/konferencja-i-warsztaty-graitec-projektowanie-konstrukcji-12-06-2025-r-siedziba-pdk-oiib\\\/\"]}]},{\"@type\":\"ImageObject\",\"inLanguage\":\"pl-PL\",\"@id\":\"https:\\\/\\\/inzynier.rzeszow.pl\\\/index.php\\\/2025\\\/06\\\/13\\\/konferencja-i-warsztaty-graitec-projektowanie-konstrukcji-12-06-2025-r-siedziba-pdk-oiib\\\/#primaryimage\",\"url\":\"https:\\\/\\\/inzynier.rzeszow.pl\\\/wp-content\\\/uploads\\\/2025\\\/06\\\/obraz_2026-01-28_152830207.png\",\"contentUrl\":\"https:\\\/\\\/inzynier.rzeszow.pl\\\/wp-content\\\/uploads\\\/2025\\\/06\\\/obraz_2026-01-28_152830207.png\",\"width\":1200,\"height\":800},{\"@type\":\"BreadcrumbList\",\"@id\":\"https:\\\/\\\/inzynier.rzeszow.pl\\\/index.php\\\/2025\\\/06\\\/13\\\/konferencja-i-warsztaty-graitec-projektowanie-konstrukcji-12-06-2025-r-siedziba-pdk-oiib\\\/#breadcrumb\",\"itemListElement\":[{\"@type\":\"ListItem\",\"position\":1,\"name\":\"Strona g\u0142\u00f3wna\",\"item\":\"https:\\\/\\\/inzynier.rzeszow.pl\\\/\"},{\"@type\":\"ListItem\",\"position\":2,\"name\":\"Konferencja i warsztaty GRAITEC &#8211; Projektowanie konstrukcji &#8211; 12.06.2025 r., siedziba PDK OIIB\"}]},{\"@type\":\"WebSite\",\"@id\":\"https:\\\/\\\/inzynier.rzeszow.pl\\\/#website\",\"url\":\"https:\\\/\\\/inzynier.rzeszow.pl\\\/\",\"name\":\"Podkarpacka Okregowa Izba Inzynierow Budownictwa\",\"description\":\"\",\"potentialAction\":[{\"@type\":\"SearchAction\",\"target\":{\"@type\":\"EntryPoint\",\"urlTemplate\":\"https:\\\/\\\/inzynier.rzeszow.pl\\\/?s={search_term_string}\"},\"query-input\":{\"@type\":\"PropertyValueSpecification\",\"valueRequired\":true,\"valueName\":\"search_term_string\"}}],\"inLanguage\":\"pl-PL\"},{\"@type\":\"Person\",\"@id\":\"https:\\\/\\\/inzynier.rzeszow.pl\\\/#\\\/schema\\\/person\\\/21ca162d893bdc5760a95d704e9b1e39\",\"name\":\"admin\",\"image\":{\"@type\":\"ImageObject\",\"inLanguage\":\"pl-PL\",\"@id\":\"https:\\\/\\\/secure.gravatar.com\\\/avatar\\\/d5d1959f10b94c8abcf928274f8bb5b8c7370b0dfadb0590911bacad18965f21?s=96&d=mm&r=g\",\"url\":\"https:\\\/\\\/secure.gravatar.com\\\/avatar\\\/d5d1959f10b94c8abcf928274f8bb5b8c7370b0dfadb0590911bacad18965f21?s=96&d=mm&r=g\",\"contentUrl\":\"https:\\\/\\\/secure.gravatar.com\\\/avatar\\\/d5d1959f10b94c8abcf928274f8bb5b8c7370b0dfadb0590911bacad18965f21?s=96&d=mm&r=g\",\"caption\":\"admin\"},\"sameAs\":[\"https:\\\/\\\/migracja.inzynier.rzeszow.pl\"],\"url\":\"https:\\\/\\\/inzynier.rzeszow.pl\\\/index.php\\\/author\\\/kwojcik\\\/\"}]}<\/script>\n<!-- \/ Yoast SEO plugin. -->","yoast_head_json":{"title":"Konferencja i warsztaty GRAITEC - Projektowanie konstrukcji - 12.06.2025 r., siedziba PDK OIIB - Podkarpacka Okregowa Izba Inzynierow Budownictwa","robots":{"index":"index","follow":"follow","max-snippet":"max-snippet:-1","max-image-preview":"max-image-preview:large","max-video-preview":"max-video-preview:-1"},"canonical":"https:\/\/inzynier.rzeszow.pl\/index.php\/2025\/06\/13\/konferencja-i-warsztaty-graitec-projektowanie-konstrukcji-12-06-2025-r-siedziba-pdk-oiib\/","og_locale":"pl_PL","og_type":"article","og_title":"Konferencja i warsztaty GRAITEC - Projektowanie konstrukcji - 12.06.2025 r., siedziba PDK OIIB - Podkarpacka Okregowa Izba Inzynierow Budownictwa","og_description":"Firma Graitec oraz Podkarpacka Okr\u0119gowa Izba In\u017cynier\u00f3w Budownictwa serdecznie zapraszaj\u0105 na\u00a0wyj\u0105tkowe wydarzenie bran\u017cowe &#8211; \u201eProjektowanie konstrukcji &#8211; konferencja i warsztaty [&hellip;]","og_url":"https:\/\/inzynier.rzeszow.pl\/index.php\/2025\/06\/13\/konferencja-i-warsztaty-graitec-projektowanie-konstrukcji-12-06-2025-r-siedziba-pdk-oiib\/","og_site_name":"Podkarpacka Okregowa Izba Inzynierow Budownictwa","article_published_time":"2025-06-13T01:28:40+00:00","article_modified_time":"2026-03-17T11:50:01+00:00","og_image":[{"width":1200,"height":800,"url":"https:\/\/inzynier.rzeszow.pl\/wp-content\/uploads\/2025\/06\/obraz_2026-01-28_152830207.png","type":"image\/png"}],"author":"admin","twitter_card":"summary_large_image","twitter_misc":{"Napisane przez":"admin","Szacowany czas czytania":"2 minuty"},"schema":{"@context":"https:\/\/schema.org","@graph":[{"@type":"Article","@id":"https:\/\/inzynier.rzeszow.pl\/index.php\/2025\/06\/13\/konferencja-i-warsztaty-graitec-projektowanie-konstrukcji-12-06-2025-r-siedziba-pdk-oiib\/#article","isPartOf":{"@id":"https:\/\/inzynier.rzeszow.pl\/index.php\/2025\/06\/13\/konferencja-i-warsztaty-graitec-projektowanie-konstrukcji-12-06-2025-r-siedziba-pdk-oiib\/"},"author":{"name":"admin","@id":"https:\/\/inzynier.rzeszow.pl\/#\/schema\/person\/21ca162d893bdc5760a95d704e9b1e39"},"headline":"Konferencja i warsztaty GRAITEC &#8211; Projektowanie konstrukcji &#8211; 12.06.2025 r., siedziba PDK OIIB","datePublished":"2025-06-13T01:28:40+00:00","dateModified":"2026-03-17T11:50:01+00:00","mainEntityOfPage":{"@id":"https:\/\/inzynier.rzeszow.pl\/index.php\/2025\/06\/13\/konferencja-i-warsztaty-graitec-projektowanie-konstrukcji-12-06-2025-r-siedziba-pdk-oiib\/"},"wordCount":387,"image":{"@id":"https:\/\/inzynier.rzeszow.pl\/index.php\/2025\/06\/13\/konferencja-i-warsztaty-graitec-projektowanie-konstrukcji-12-06-2025-r-siedziba-pdk-oiib\/#primaryimage"},"thumbnailUrl":"https:\/\/inzynier.rzeszow.pl\/wp-content\/uploads\/2025\/06\/obraz_2026-01-28_152830207.png","articleSection":["Targi i konferencje","Wydarzenia","Z \u017cycia izby","Z \u017cycia Izby Rok 2025"],"inLanguage":"pl-PL"},{"@type":"WebPage","@id":"https:\/\/inzynier.rzeszow.pl\/index.php\/2025\/06\/13\/konferencja-i-warsztaty-graitec-projektowanie-konstrukcji-12-06-2025-r-siedziba-pdk-oiib\/","url":"https:\/\/inzynier.rzeszow.pl\/index.php\/2025\/06\/13\/konferencja-i-warsztaty-graitec-projektowanie-konstrukcji-12-06-2025-r-siedziba-pdk-oiib\/","name":"Konferencja i warsztaty GRAITEC - Projektowanie konstrukcji - 12.06.2025 r., siedziba PDK OIIB - Podkarpacka Okregowa Izba Inzynierow Budownictwa","isPartOf":{"@id":"https:\/\/inzynier.rzeszow.pl\/#website"},"primaryImageOfPage":{"@id":"https:\/\/inzynier.rzeszow.pl\/index.php\/2025\/06\/13\/konferencja-i-warsztaty-graitec-projektowanie-konstrukcji-12-06-2025-r-siedziba-pdk-oiib\/#primaryimage"},"image":{"@id":"https:\/\/inzynier.rzeszow.pl\/index.php\/2025\/06\/13\/konferencja-i-warsztaty-graitec-projektowanie-konstrukcji-12-06-2025-r-siedziba-pdk-oiib\/#primaryimage"},"thumbnailUrl":"https:\/\/inzynier.rzeszow.pl\/wp-content\/uploads\/2025\/06\/obraz_2026-01-28_152830207.png","datePublished":"2025-06-13T01:28:40+00:00","dateModified":"2026-03-17T11:50:01+00:00","author":{"@id":"https:\/\/inzynier.rzeszow.pl\/#\/schema\/person\/21ca162d893bdc5760a95d704e9b1e39"},"breadcrumb":{"@id":"https:\/\/inzynier.rzeszow.pl\/index.php\/2025\/06\/13\/konferencja-i-warsztaty-graitec-projektowanie-konstrukcji-12-06-2025-r-siedziba-pdk-oiib\/#breadcrumb"},"inLanguage":"pl-PL","potentialAction":[{"@type":"ReadAction","target":["https:\/\/inzynier.rzeszow.pl\/index.php\/2025\/06\/13\/konferencja-i-warsztaty-graitec-projektowanie-konstrukcji-12-06-2025-r-siedziba-pdk-oiib\/"]}]},{"@type":"ImageObject","inLanguage":"pl-PL","@id":"https:\/\/inzynier.rzeszow.pl\/index.php\/2025\/06\/13\/konferencja-i-warsztaty-graitec-projektowanie-konstrukcji-12-06-2025-r-siedziba-pdk-oiib\/#primaryimage","url":"https:\/\/inzynier.rzeszow.pl\/wp-content\/uploads\/2025\/06\/obraz_2026-01-28_152830207.png","contentUrl":"https:\/\/inzynier.rzeszow.pl\/wp-content\/uploads\/2025\/06\/obraz_2026-01-28_152830207.png","width":1200,"height":800},{"@type":"BreadcrumbList","@id":"https:\/\/inzynier.rzeszow.pl\/index.php\/2025\/06\/13\/konferencja-i-warsztaty-graitec-projektowanie-konstrukcji-12-06-2025-r-siedziba-pdk-oiib\/#breadcrumb","itemListElement":[{"@type":"ListItem","position":1,"name":"Strona g\u0142\u00f3wna","item":"https:\/\/inzynier.rzeszow.pl\/"},{"@type":"ListItem","position":2,"name":"Konferencja i warsztaty GRAITEC &#8211; Projektowanie konstrukcji &#8211; 12.06.2025 r., siedziba PDK OIIB"}]},{"@type":"WebSite","@id":"https:\/\/inzynier.rzeszow.pl\/#website","url":"https:\/\/inzynier.rzeszow.pl\/","name":"Podkarpacka Okregowa Izba Inzynierow Budownictwa","description":"","potentialAction":[{"@type":"SearchAction","target":{"@type":"EntryPoint","urlTemplate":"https:\/\/inzynier.rzeszow.pl\/?s={search_term_string}"},"query-input":{"@type":"PropertyValueSpecification","valueRequired":true,"valueName":"search_term_string"}}],"inLanguage":"pl-PL"},{"@type":"Person","@id":"https:\/\/inzynier.rzeszow.pl\/#\/schema\/person\/21ca162d893bdc5760a95d704e9b1e39","name":"admin","image":{"@type":"ImageObject","inLanguage":"pl-PL","@id":"https:\/\/secure.gravatar.com\/avatar\/d5d1959f10b94c8abcf928274f8bb5b8c7370b0dfadb0590911bacad18965f21?s=96&d=mm&r=g","url":"https:\/\/secure.gravatar.com\/avatar\/d5d1959f10b94c8abcf928274f8bb5b8c7370b0dfadb0590911bacad18965f21?s=96&d=mm&r=g","contentUrl":"https:\/\/secure.gravatar.com\/avatar\/d5d1959f10b94c8abcf928274f8bb5b8c7370b0dfadb0590911bacad18965f21?s=96&d=mm&r=g","caption":"admin"},"sameAs":["https:\/\/migracja.inzynier.rzeszow.pl"],"url":"https:\/\/inzynier.rzeszow.pl\/index.php\/author\/kwojcik\/"}]}},"rttpg_featured_image_url":{"full":["https:\/\/inzynier.rzeszow.pl\/wp-content\/uploads\/2025\/06\/obraz_2026-01-28_152830207.png",1200,800,false],"landscape":["https:\/\/inzynier.rzeszow.pl\/wp-content\/uploads\/2025\/06\/obraz_2026-01-28_152830207.png",1200,800,false],"portraits":["https:\/\/inzynier.rzeszow.pl\/wp-content\/uploads\/2025\/06\/obraz_2026-01-28_152830207.png",1200,800,false],"thumbnail":["https:\/\/inzynier.rzeszow.pl\/wp-content\/uploads\/2025\/06\/obraz_2026-01-28_152830207-150x150.png",150,150,true],"medium":["https:\/\/inzynier.rzeszow.pl\/wp-content\/uploads\/2025\/06\/obraz_2026-01-28_152830207-300x200.png",300,200,true],"large":["https:\/\/inzynier.rzeszow.pl\/wp-content\/uploads\/2025\/06\/obraz_2026-01-28_152830207-1024x683.png",1024,683,true],"1536x1536":["https:\/\/inzynier.rzeszow.pl\/wp-content\/uploads\/2025\/06\/obraz_2026-01-28_152830207.png",1200,800,false],"2048x2048":["https:\/\/inzynier.rzeszow.pl\/wp-content\/uploads\/2025\/06\/obraz_2026-01-28_152830207.png",1200,800,false]},"rttpg_author":{"display_name":"admin","author_link":"https:\/\/inzynier.rzeszow.pl\/index.php\/author\/kwojcik\/"},"rttpg_comment":0,"rttpg_category":"<a href=\"https:\/\/inzynier.rzeszow.pl\/index.php\/category\/targi-i-konferencje\/\" rel=\"category tag\">Targi i konferencje<\/a> <a href=\"https:\/\/inzynier.rzeszow.pl\/index.php\/category\/wydarzenia\/\" rel=\"category tag\">Wydarzenia<\/a> <a href=\"https:\/\/inzynier.rzeszow.pl\/index.php\/category\/z-zycia-izby\/\" rel=\"category tag\">Z \u017cycia izby<\/a> <a href=\"https:\/\/inzynier.rzeszow.pl\/index.php\/category\/z-zycia-izby\/z-zycia-izby-rok-2025\/\" rel=\"category tag\">Z \u017cycia Izby Rok 2025<\/a>","rttpg_excerpt":"Firma Graitec oraz Podkarpacka Okr\u0119gowa Izba In\u017cynier\u00f3w Budownictwa serdecznie zapraszaj\u0105 na\u00a0wyj\u0105tkowe wydarzenie bran\u017cowe &#8211; \u201eProjektowanie konstrukcji &#8211; konferencja i warsztaty [&hellip;]","_links":{"self":[{"href":"https:\/\/inzynier.rzeszow.pl\/index.php\/wp-json\/wp\/v2\/posts\/3212","targetHints":{"allow":["GET"]}}],"collection":[{"href":"https:\/\/inzynier.rzeszow.pl\/index.php\/wp-json\/wp\/v2\/posts"}],"about":[{"href":"https:\/\/inzynier.rzeszow.pl\/index.php\/wp-json\/wp\/v2\/types\/post"}],"author":[{"embeddable":true,"href":"https:\/\/inzynier.rzeszow.pl\/index.php\/wp-json\/wp\/v2\/users\/1"}],"replies":[{"embeddable":true,"href":"https:\/\/inzynier.rzeszow.pl\/index.php\/wp-json\/wp\/v2\/comments?post=3212"}],"version-history":[{"count":4,"href":"https:\/\/inzynier.rzeszow.pl\/index.php\/wp-json\/wp\/v2\/posts\/3212\/revisions"}],"predecessor-version":[{"id":3246,"href":"https:\/\/inzynier.rzeszow.pl\/index.php\/wp-json\/wp\/v2\/posts\/3212\/revisions\/3246"}],"wp:featuredmedia":[{"embeddable":true,"href":"https:\/\/inzynier.rzeszow.pl\/index.php\/wp-json\/wp\/v2\/media\/3241"}],"wp:attachment":[{"href":"https:\/\/inzynier.rzeszow.pl\/index.php\/wp-json\/wp\/v2\/media?parent=3212"}],"wp:term":[{"taxonomy":"category","embeddable":true,"href":"https:\/\/inzynier.rzeszow.pl\/index.php\/wp-json\/wp\/v2\/categories?post=3212"},{"taxonomy":"post_tag","embeddable":true,"href":"https:\/\/inzynier.rzeszow.pl\/index.php\/wp-json\/wp\/v2\/tags?post=3212"}],"curies":[{"name":"wp","href":"https:\/\/api.w.org\/{rel}","templated":true}]}}