{"id":3210,"date":"2025-06-07T11:33:35","date_gmt":"2025-06-07T11:33:35","guid":{"rendered":"https:\/\/migracja.inzynier.rzeszow.pl\/?p=3210"},"modified":"2026-03-17T12:48:24","modified_gmt":"2026-03-17T11:48:24","slug":"sesja-otwierajaca-poswiecona-prof-stanislawowi-kusiowi-x-konferencja-naukowo-techniczna-ksztaltowanie-konstrukcji-i-budowli-2025","status":"publish","type":"post","link":"https:\/\/inzynier.rzeszow.pl\/index.php\/2025\/06\/07\/sesja-otwierajaca-poswiecona-prof-stanislawowi-kusiowi-x-konferencja-naukowo-techniczna-ksztaltowanie-konstrukcji-i-budowli-2025\/","title":{"rendered":"Sesja otwieraj\u0105ca po\u015bwi\u0119cona Prof. Stanis\u0142awowi Kusiowi &#8211; X Konferencja Naukowo-Techniczna Kszta\u0142towanie Konstrukcji i Budowli 2025"},"content":{"rendered":"\t\t<div data-elementor-type=\"wp-post\" data-elementor-id=\"3210\" class=\"elementor elementor-3210\" data-elementor-post-type=\"post\">\n\t\t\t\t<div class=\"elementor-element elementor-element-a86bb8d e-flex e-con-boxed e-con e-parent\" data-id=\"a86bb8d\" data-element_type=\"container\" data-e-type=\"container\">\n\t\t\t\t\t<div class=\"e-con-inner\">\n\t\t<div class=\"elementor-element elementor-element-410f3d0 e-con-full e-flex e-con e-child\" data-id=\"410f3d0\" data-element_type=\"container\" data-e-type=\"container\">\n\t\t<div class=\"elementor-element elementor-element-0161690 e-con-full e-flex e-con e-child\" data-id=\"0161690\" data-element_type=\"container\" data-e-type=\"container\">\n\t\t\t\t<div class=\"elementor-element elementor-element-833a258 elementor-widget elementor-widget-image\" data-id=\"833a258\" data-element_type=\"widget\" data-e-type=\"widget\" data-widget_type=\"image.default\">\n\t\t\t\t\t\t\t\t\t\t\t\t\t\t\t<img fetchpriority=\"high\" decoding=\"async\" width=\"1024\" height=\"682\" src=\"https:\/\/inzynier.rzeszow.pl\/wp-content\/uploads\/2025\/06\/obraz_2026-01-28_154221959-1024x682.png\" class=\"attachment-large size-large wp-image-3261\" alt=\"\" srcset=\"https:\/\/inzynier.rzeszow.pl\/wp-content\/uploads\/2025\/06\/obraz_2026-01-28_154221959-1024x682.png 1024w, https:\/\/inzynier.rzeszow.pl\/wp-content\/uploads\/2025\/06\/obraz_2026-01-28_154221959-300x200.png 300w, https:\/\/inzynier.rzeszow.pl\/wp-content\/uploads\/2025\/06\/obraz_2026-01-28_154221959-768x512.png 768w, https:\/\/inzynier.rzeszow.pl\/wp-content\/uploads\/2025\/06\/obraz_2026-01-28_154221959-1536x1024.png 1536w, https:\/\/inzynier.rzeszow.pl\/wp-content\/uploads\/2025\/06\/obraz_2026-01-28_154221959.png 2000w\" sizes=\"(max-width: 1024px) 100vw, 1024px\" \/>\t\t\t\t\t\t\t\t\t\t\t\t\t\t\t<\/div>\n\t\t\t\t<\/div>\n\t\t<div class=\"elementor-element elementor-element-ba0eba7 e-con-full e-flex e-con e-child\" data-id=\"ba0eba7\" data-element_type=\"container\" data-e-type=\"container\">\n\t\t\t\t<div class=\"elementor-element elementor-element-43c5e2f elementor-widget elementor-widget-text-editor\" data-id=\"43c5e2f\" data-element_type=\"widget\" data-e-type=\"widget\" data-widget_type=\"text-editor.default\">\n\t\t\t\t\t\t\t\t\t<p>W dniach 04 -06 czerwca 2025 r. w siedzibie PDK OIIB oraz budynku P Wydzia\u0142u Budownictwa, In\u017cynierii \u015arodowiska i Architektury Politechniki Rzeszowskiej odby\u0142a si\u0119 X Konferencja Naukowo-Techniczna Kszta\u0142towanie Konstrukcji i Budowli 2025 wraz z sesj\u0105 otwieraj\u0105c\u0105 po\u015bwi\u0119con\u0105 Profesorowi Stanis\u0142awowi Kusiowi, kt\u00f3rej organizatorami byli Katedra Konstrukcji Budowlanych PRz wraz z PZITB oddzia\u0142 Rzesz\u00f3w oraz Podkarpacka Okr\u0119gowa Izba In\u017cynier\u00f3w Budownictwa.<strong>SESJA OTWIERAJ\u0104CA PO\u015aWI\u0118CONA PROFESOROWI STANIS\u0141AWOWI KUSIOWI<br \/><\/strong>W dniu 04 czerwca 2025 r. w siedzibie Podkarpackiej OIIB mia\u0142a miejsce sesja otwieraj\u0105ca po\u015bwi\u0119cona Prof. Stanis\u0142awowi Kusiowi, kt\u00f3r\u0105 poprowadzi\u0142 przewodnicz\u0105cy OR PDK OIIB Grzegorz Dubik.<\/p><p><strong>Powitanie zaproszonych go\u015bci podczas uroczystej sesji otwieraj\u0105cej<br \/><\/strong>Przewodnicz\u0105cy OR PDK OIIB Grzegorz Dubik przywita\u0142 zaproszonych go\u015bci:<\/p>\t\t\t\t\t\t\t\t<\/div>\n\t\t\t\t<\/div>\n\t\t\t\t<\/div>\n\t\t\t\t\t<\/div>\n\t\t\t\t<\/div>\n\t\t<div class=\"elementor-element elementor-element-2b2d875 e-con-full e-flex e-con e-parent\" data-id=\"2b2d875\" data-element_type=\"container\" data-e-type=\"container\">\n\t\t\t\t<div class=\"elementor-element elementor-element-27513f9 elementor-widget elementor-widget-text-editor\" data-id=\"27513f9\" data-element_type=\"widget\" data-e-type=\"widget\" data-widget_type=\"text-editor.default\">\n\t\t\t\t\t\t\t\t\t<p>&#8211; Olg\u0119 Skomorowsk\u0105 &#8211; \u017con\u0119 Profesora Stanis\u0142awa Kusia wraz z c\u00f3rkami i wnukami, kt\u00f3rych obecno\u015b\u0107 nada\u0142a wydarzeniu wyj\u0105tkowego charakteru,<br \/>&#8211; prof. dr. hab. in\u017c. Mari\u0119 Kaszy\u0144sk\u0105 &#8211; Przewodnicz\u0105c\u0105 Komitetu In\u017cynierii L\u0105dowej i Wodnej PAN, Przewodnicz\u0105c\u0105 Polskiego Zwi\u0105zku In\u017cynier\u00f3w i Technik\u00f3w Budownictwa,<br \/>&#8211; Mariusza Dobrzenieckiego &#8211; Prezesa Krajowej Rady Polskiej Izby In\u017cynier\u00f3w Budownictwa,<br \/>&#8211; Joann\u0119 Gierob\u0119 &#8211; przewodnicz\u0105c\u0105 Okr\u0119gowej Rady Lubelskiej Okr\u0119gowej Izby In\u017cynier\u00f3w Budownictwa,<br \/>&#8211; Tomasza Jab\u0142o\u0144skiego &#8211; sekretarza Okr\u0119gowej Rady Lubelskiej Okr\u0119gowej Izby In\u017cynier\u00f3w Budownictwa,<br \/>&#8211; dr hab. in\u017c. Bartosza Millera, prof. PRz<strong>\u00a0&#8211;\u00a0<\/strong>prorektora ds. studenckich i umi\u0119dzynarodowienia,<br \/>&#8211; dr hab. in\u017c. Lidi\u0119 Buda-O\u017c\u00f3g, prof. PRz &#8211; przewodnicz\u0105c\u0105 Polskiego Zwi\u0105zku In\u017cynier\u00f3w i Technik\u00f3w Budownictwa Oddzia\u0142u w Rzeszowie,<br \/>&#8211; cz\u0142onk\u00f3w prezydium OR PDK OIIB: zast\u0119pc\u00f3w przewodnicz\u0105cego OR PDK OIIB: Wac\u0142awa Kami\u0144skiego, Jaros\u0142awa Suchor\u0119, Ann\u0119 Malinowsk\u0105, skarbnik PDK OIIB Iwon\u0119 Warzybok, sekretarza OR PDK OIIB Lilian\u0119 Serafin,<br \/>&#8211; oraz liczne grono wyk\u0142adowc\u00f3w reprezentuj\u0105cych uczelnie techniczne.<\/p>\t\t\t\t\t\t\t\t<\/div>\n\t\t\t\t<\/div>\n\t\t<div class=\"elementor-element elementor-element-735243b e-flex e-con-boxed e-con e-parent\" data-id=\"735243b\" data-element_type=\"container\" data-e-type=\"container\">\n\t\t\t\t\t<div class=\"e-con-inner\">\n\t\t<div class=\"elementor-element elementor-element-8e301ee e-con-full e-flex e-con e-child\" data-id=\"8e301ee\" data-element_type=\"container\" data-e-type=\"container\">\n\t\t<div class=\"elementor-element elementor-element-bbeaae8 e-con-full e-flex e-con e-child\" data-id=\"bbeaae8\" data-element_type=\"container\" data-e-type=\"container\">\n\t\t\t\t<div class=\"elementor-element elementor-element-d65f6be elementor-widget__width-inherit elementor-icon-list--layout-traditional elementor-list-item-link-full_width elementor-widget elementor-widget-icon-list\" data-id=\"d65f6be\" data-element_type=\"widget\" data-e-type=\"widget\" data-widget_type=\"icon-list.default\">\n\t\t\t\t\t\t\t<ul class=\"elementor-icon-list-items\">\n\t\t\t\t\t\t\t<li class=\"elementor-icon-list-item\">\n\t\t\t\t\t\t\t\t\t\t\t<a href=\"https:\/\/rzeszow.tvp.pl\/87093669\/4062025-2130\">\n\n\t\t\t\t\t\t\t\t\t\t\t\t<span class=\"elementor-icon-list-icon\">\n\t\t\t\t\t\t\t<svg aria-hidden=\"true\" class=\"e-font-icon-svg e-fas-arrow-circle-right\" viewBox=\"0 0 512 512\" xmlns=\"http:\/\/www.w3.org\/2000\/svg\"><path d=\"M256 8c137 0 248 111 248 248S393 504 256 504 8 393 8 256 119 8 256 8zm-28.9 143.6l75.5 72.4H120c-13.3 0-24 10.7-24 24v16c0 13.3 10.7 24 24 24h182.6l-75.5 72.4c-9.7 9.3-9.9 24.8-.4 34.3l11 10.9c9.4 9.4 24.6 9.4 33.9 0L404.3 273c9.4-9.4 9.4-24.6 0-33.9L271.6 106.3c-9.4-9.4-24.6-9.4-33.9 0l-11 10.9c-9.5 9.6-9.3 25.1.4 34.4z\"><\/path><\/svg>\t\t\t\t\t\t<\/span>\n\t\t\t\t\t\t\t\t\t\t<span class=\"elementor-icon-list-text\">Relacja filmowa aktualno\u015bci TVP Rzesz\u00f3w -  min 08.30<\/span>\n\t\t\t\t\t\t\t\t\t\t\t<\/a>\n\t\t\t\t\t\t\t\t\t<\/li>\n\t\t\t\t\t\t<\/ul>\n\t\t\t\t\t\t<\/div>\n\t\t\t\t<div class=\"elementor-element elementor-element-519ab0c elementor-widget elementor-widget-image\" data-id=\"519ab0c\" data-element_type=\"widget\" data-e-type=\"widget\" data-widget_type=\"image.default\">\n\t\t\t\t\t\t\t\t\t\t\t\t\t\t\t\t<a href=\"https:\/\/rzeszow.tvp.pl\/87093669\/4062025-2130\">\n\t\t\t\t\t\t\t<img decoding=\"async\" width=\"1024\" height=\"581\" src=\"https:\/\/inzynier.rzeszow.pl\/wp-content\/uploads\/2025\/06\/obraz_2026-01-28_154614238-1024x581.png\" class=\"attachment-large size-large wp-image-3262\" alt=\"\" srcset=\"https:\/\/inzynier.rzeszow.pl\/wp-content\/uploads\/2025\/06\/obraz_2026-01-28_154614238-1024x581.png 1024w, https:\/\/inzynier.rzeszow.pl\/wp-content\/uploads\/2025\/06\/obraz_2026-01-28_154614238-300x170.png 300w, https:\/\/inzynier.rzeszow.pl\/wp-content\/uploads\/2025\/06\/obraz_2026-01-28_154614238-768x435.png 768w, https:\/\/inzynier.rzeszow.pl\/wp-content\/uploads\/2025\/06\/obraz_2026-01-28_154614238-1536x871.png 1536w, https:\/\/inzynier.rzeszow.pl\/wp-content\/uploads\/2025\/06\/obraz_2026-01-28_154614238.png 1905w\" sizes=\"(max-width: 1024px) 100vw, 1024px\" \/>\t\t\t\t\t\t\t\t<\/a>\n\t\t\t\t\t\t\t\t\t\t\t\t\t\t\t<\/div>\n\t\t\t\t<\/div>\n\t\t<div class=\"elementor-element elementor-element-f953b02 e-con-full e-flex e-con e-child\" data-id=\"f953b02\" data-element_type=\"container\" data-e-type=\"container\">\n\t\t\t\t<div class=\"elementor-element elementor-element-e3f94e9 elementor-widget elementor-widget-text-editor\" data-id=\"e3f94e9\" data-element_type=\"widget\" data-e-type=\"widget\" data-widget_type=\"text-editor.default\">\n\t\t\t\t\t\t\t\t\t<p>Mi\u0142ym akcentem by\u0142y wyst\u0105pienia zaproszonych go\u015bci:<br \/>Prof. dr. hab. in\u017c. Marii Kaszy\u0144skiej w swoim wyst\u0105pieniu wspomina\u0142a wsp\u00f3\u0142prac\u0119 z prof. Stanis\u0142awem Kusiem oraz wyrazi\u0142a podzi\u0119kowanie za mo\u017cliwo\u015b\u0107 uczestniczenia w tej konferencji.<\/p><p>Mariusza Dobrzeniecki podkre\u015bli\u0142 zas\u0142ugi prof. St. Kusia, kt\u00f3re doprowadzi\u0142y do uznania zawodu in\u017cyniera budownictwa za zaw\u00f3d zaufania publicznego oraz do powstania Polskiej Izby In\u017cynier\u00f3w Budownictwa.<\/p><p>Przewodnicz\u0105cy Okr\u0119gowej Rady PDK OIIB Grzegorz Dubik, wyra\u017caj\u0105c wdzi\u0119czno\u015b\u0107 i szacunek dla dorobku Profesora Stanis\u0142awa Kusia, wr\u0119czy\u0142 bukiet kwiat\u00f3w Jego Ma\u0142\u017conce. Gest ten by\u0142 wyrazem symbolicznego uhonorowania pami\u0119ci wybitnego in\u017cyniera, a tak\u017ce podzi\u0119kowania za obecno\u015b\u0107 i chwil\u0119 wsp\u00f3lnego wspominania.<\/p>\t\t\t\t\t\t\t\t<\/div>\n\t\t\t\t<\/div>\n\t\t\t\t<\/div>\n\t\t\t\t\t<\/div>\n\t\t\t\t<\/div>\n\t\t<div class=\"elementor-element elementor-element-4c106e7 e-flex e-con-boxed e-con e-parent\" data-id=\"4c106e7\" data-element_type=\"container\" data-e-type=\"container\">\n\t\t\t\t\t<div class=\"e-con-inner\">\n\t\t\t\t<div class=\"elementor-element elementor-element-7e614c9 elementor-widget elementor-widget-text-editor\" data-id=\"7e614c9\" data-element_type=\"widget\" data-e-type=\"widget\" data-widget_type=\"text-editor.default\">\n\t\t\t\t\t\t\t\t\t<strong>Dr hab. in\u017c. Szczepan Woli\u0144ski, prof. PRz\u00a0<\/strong>przybli\u017cy\u0142 uczestnikom sylwetk\u0119 prof. Stanis\u0142awa Kusia podczas prezentacji: Profesor Stanis\u0142aw Ku\u015b (1925-2020): In\u017cynier, Naukowiec, Dzia\u0142acz.\t\t\t\t\t\t\t\t<\/div>\n\t\t\t\t\t<\/div>\n\t\t\t\t<\/div>\n\t\t<div class=\"elementor-element elementor-element-7028d18 e-flex e-con-boxed e-con e-parent\" data-id=\"7028d18\" data-element_type=\"container\" data-e-type=\"container\">\n\t\t\t\t\t<div class=\"e-con-inner\">\n\t\t<div class=\"elementor-element elementor-element-30db76b e-con-full e-flex e-con e-child\" data-id=\"30db76b\" data-element_type=\"container\" data-e-type=\"container\">\n\t\t<div class=\"elementor-element elementor-element-8cbc9d9 e-con-full e-flex e-con e-child\" data-id=\"8cbc9d9\" data-element_type=\"container\" data-e-type=\"container\">\n\t\t\t\t<div class=\"elementor-element elementor-element-1f0702a elementor-widget elementor-widget-image\" data-id=\"1f0702a\" data-element_type=\"widget\" data-e-type=\"widget\" data-widget_type=\"image.default\">\n\t\t\t\t\t\t\t\t\t\t\t\t\t\t\t\t<a href=\"https:\/\/rzeszow.tvp.pl\/87093669\/4062025-2130\">\n\t\t\t\t\t\t\t<img decoding=\"async\" width=\"1024\" height=\"1024\" src=\"https:\/\/inzynier.rzeszow.pl\/wp-content\/uploads\/2025\/06\/obraz_2026-01-28_154925776-1024x1024.png\" class=\"attachment-large size-large wp-image-3263\" alt=\"\" srcset=\"https:\/\/inzynier.rzeszow.pl\/wp-content\/uploads\/2025\/06\/obraz_2026-01-28_154925776-1024x1024.png 1024w, https:\/\/inzynier.rzeszow.pl\/wp-content\/uploads\/2025\/06\/obraz_2026-01-28_154925776-300x300.png 300w, https:\/\/inzynier.rzeszow.pl\/wp-content\/uploads\/2025\/06\/obraz_2026-01-28_154925776-150x150.png 150w, https:\/\/inzynier.rzeszow.pl\/wp-content\/uploads\/2025\/06\/obraz_2026-01-28_154925776-768x768.png 768w, https:\/\/inzynier.rzeszow.pl\/wp-content\/uploads\/2025\/06\/obraz_2026-01-28_154925776.png 1530w\" sizes=\"(max-width: 1024px) 100vw, 1024px\" \/>\t\t\t\t\t\t\t\t<\/a>\n\t\t\t\t\t\t\t\t\t\t\t\t\t\t\t<\/div>\n\t\t\t\t<\/div>\n\t\t<div class=\"elementor-element elementor-element-8c91faa e-con-full e-flex e-con e-child\" data-id=\"8c91faa\" data-element_type=\"container\" data-e-type=\"container\">\n\t\t\t\t<div class=\"elementor-element elementor-element-a2acda6 elementor-widget elementor-widget-text-editor\" data-id=\"a2acda6\" data-element_type=\"widget\" data-e-type=\"widget\" data-widget_type=\"text-editor.default\">\n\t\t\t\t\t\t\t\t\t<p><strong>Prof. dr hab. in\u017c. Stanis\u0142aw Ku\u015b (1925 &#8211; 2020)<br \/><\/strong><br \/>Wybitny uczony znany i wysoko ceniony w polskim oraz mi\u0119dzynarodowym \u015brodowisku akademickim i zawodowym. Rektor Politechniki Rzeszowskiej w latach 1987-1993 (2 kadencje) i 1996-1999 (1 kadencja). W d\u0142ugoletniej karierze naukowej, zawodowej, organizacyjnej i spo\u0142ecznej dost\u0105pi\u0142 wielu zas\u0142u\u017conych wyr\u00f3\u017cnie\u0144 i zaszczyt\u00f3w.<br \/><br \/>Dzia\u0142alno\u015b\u0107 zawodowa Stanis\u0142awa Kusia obejmuje ca\u0142o\u015b\u0107 zagadnie\u0144 &#8211; od kszta\u0142towania obiekt\u00f3w nowych do oceny i naprawy eksploatowanych. Jest autorem oraz wsp\u00f3\u0142autorem wielu projekt\u00f3w konstrukcji typowych hal przemys\u0142owych z betonu spr\u0119\u017conego oraz licznych budowli u\u017cyteczno\u015bci publicznej.<br \/><br \/>Przez nas in\u017cynier\u00f3w Profesor b\u0119dzie zawsze pami\u0119tany jako Ojciec Za\u0142o\u017cyciel samorz\u0105du zawodowego In\u017cynier\u00f3w Budownictwa.<\/p>\t\t\t\t\t\t\t\t<\/div>\n\t\t\t\t<\/div>\n\t\t\t\t<\/div>\n\t\t\t\t\t<\/div>\n\t\t\t\t<\/div>\n\t\t<div class=\"elementor-element elementor-element-7dba117 e-flex e-con-boxed e-con e-parent\" data-id=\"7dba117\" data-element_type=\"container\" data-e-type=\"container\">\n\t\t\t\t\t<div class=\"e-con-inner\">\n\t\t\t\t<div class=\"elementor-element elementor-element-4fd5f4e elementor-widget elementor-widget-text-editor\" data-id=\"4fd5f4e\" data-element_type=\"widget\" data-e-type=\"widget\" data-widget_type=\"text-editor.default\">\n\t\t\t\t\t\t\t\t\t<p><strong>ODS\u0141ONI\u0118CIE TABLICY PAMI\u0104TKOWEJ W AULI PODKARPACKIEJ OIIB<\/strong><br \/>Podczas sesji otwieraj\u0105cej \u017cona prof. Stanis\u0142awa Kusia uroczy\u015bcie ods\u0142oni\u0142a pami\u0105tkow\u0105 tablic\u0119 znajduj\u0105c\u0105 si\u0119 w auli Podkarpackiej OIIB, kt\u00f3ra od tego dnia nosi imi\u0119 Profesora &#8211; wybitnego in\u017cyniera, cenionego nauczyciela akademickiego, uznanego autorytetu w dziedzinie budownictwa oraz wsp\u00f3\u0142tw\u00f3rcy Polskiej Izby In\u017cynier\u00f3w Budownictwa.<br \/>Do wykonania pami\u0105tkowej tablicy zosta\u0142a wykorzystana fotografia prof. Stanis\u0142awa Kusia autorstwa Mariana Misiakiewicza.<\/p><p><strong>WR\u0118CZENIE NAGRODY IMIENIA PROFESORA STANIS\u0141AWA KUSIA<\/strong><\/p><p><strong>Nagroda im. Prof. Stanis\u0142awa Kusia<br \/><\/strong>Celem uhonorowania pami\u0119ci wybitnego in\u017cyniera budownictwa i naukowca prof. dr hab. in\u017c. Stanis\u0142awa Kusia utworzona zosta\u0142a nagroda Jego imienia. Jest to wsp\u00f3lna inicjatywa Podkarpackiej Okr\u0119gowej Izby In\u017cynier\u00f3w Budownictwa, rzeszowskiego oddzia\u0142u Polskiego Zwi\u0105zku In\u017cynier\u00f3w i Technik\u00f3w Budownictwa oraz Katedry Konstrukcji Budowlanych Politechniki Rzeszowskiej, z kt\u00f3rych dzia\u0142alno\u015bci\u0105 prof. dr hab. in\u017c. Stanis\u0142aw Ku\u015b by\u0142 \u015bci\u015ble zwi\u0105zany.<\/p><p>Nagroda ma charakter og\u00f3lnokrajowy, b\u0119dzie przyznawana corocznie osobie lub zespo\u0142om, wykazuj\u0105cym si\u0119 tw\u00f3rczymi, innowacyjnymi oraz nieszablonowymi osi\u0105gni\u0119ciami w dziedzinie budownictwa, szczeg\u00f3lnie w zakresie kszta\u0142towania, projektowania oraz realizacji konstrukcji budowlanych, opartymi na g\u0142\u0119bokiej wiedzy teoretycznej. Nagroda mo\u017ce r\u00f3wnie\u017c zosta\u0107 przyznana osobie wykazuj\u0105cej si\u0119 wyr\u00f3\u017cniaj\u0105c\u0105 dzia\u0142alno\u015bci\u0105 na rzecz budowania autorytetu \u015brodowiska<strong>\u00a0<\/strong>in\u017cynier\u00f3w budownictwa.<\/p><p>Przewodnicz\u0105cy OR PDK OIIB Grzegorz Dubik przybli\u017cy\u0142 w kilku s\u0142owach kulisy og\u0142oszonego konkursu na projekt statuetki i tablicy upami\u0119tniaj\u0105cej prof. Stanis\u0142awa Kusia. Przedstawi\u0142 pokr\u00f3tce laureat\u00f3w oraz prac\u0119 cz\u0142onk\u00f3w S\u0105du Konkursowego. Rozstrzygni\u0119cie Konkursu na projekt statuetki i tablicy upami\u0119tniaj\u0105cej prof. Stanis\u0142awa Kusia odby\u0142o si\u0119 w dniu 03 marca 2025 r. w siedzibie PDK OIIB.<strong>\u00a0<\/strong><a href=\"https:\/\/inzynier.rzeszow.pl\/index.php?&amp;sRC=N&amp;pageTarget=article&amp;AIndex=RKONKU25&amp;menId=85&amp;mId=355&amp;sMId=736\"><strong>&#8230;wi\u0119cej &gt;&gt;<\/strong><\/a><strong>\u00a0.\u00a0<\/strong>Poznali\u015bmy r\u00f3wnie\u017c kulisy p\u00f3\u017aniejszego powstawania statuetki imienia prof. Stanis\u0142awa Kusia w realizacji Franciszka Szczepa\u0144ca, kt\u00f3ra jest symbolem presti\u017cowej nagrody.<\/p><p><strong>LAUREAT NAGRODY IM.PROF.STANIS\u0141AWA KUSIA W ROKU 2025<\/strong><\/p>\t\t\t\t\t\t\t\t<\/div>\n\t\t\t\t\t<\/div>\n\t\t\t\t<\/div>\n\t\t<div class=\"elementor-element elementor-element-187eba0 e-flex e-con-boxed e-con e-parent\" data-id=\"187eba0\" data-element_type=\"container\" data-e-type=\"container\">\n\t\t\t\t\t<div class=\"e-con-inner\">\n\t\t<div class=\"elementor-element elementor-element-742fcc4 e-con-full e-flex e-con e-child\" data-id=\"742fcc4\" data-element_type=\"container\" data-e-type=\"container\">\n\t\t<div class=\"elementor-element elementor-element-f125df3 e-con-full e-flex e-con e-child\" data-id=\"f125df3\" data-element_type=\"container\" data-e-type=\"container\">\n\t\t\t\t<div class=\"elementor-element elementor-element-aa541c5 elementor-widget elementor-widget-image\" data-id=\"aa541c5\" data-element_type=\"widget\" data-e-type=\"widget\" data-widget_type=\"image.default\">\n\t\t\t\t\t\t\t\t\t\t\t\t\t\t\t<img loading=\"lazy\" decoding=\"async\" width=\"240\" height=\"321\" src=\"https:\/\/inzynier.rzeszow.pl\/wp-content\/uploads\/2025\/06\/obraz_2026-01-28_155238119.png\" class=\"attachment-large size-large wp-image-3267\" alt=\"\" srcset=\"https:\/\/inzynier.rzeszow.pl\/wp-content\/uploads\/2025\/06\/obraz_2026-01-28_155238119.png 240w, https:\/\/inzynier.rzeszow.pl\/wp-content\/uploads\/2025\/06\/obraz_2026-01-28_155238119-224x300.png 224w\" sizes=\"(max-width: 240px) 100vw, 240px\" \/>\t\t\t\t\t\t\t\t\t\t\t\t\t\t\t<\/div>\n\t\t\t\t<\/div>\n\t\t<div class=\"elementor-element elementor-element-4d1f022 e-con-full e-flex e-con e-child\" data-id=\"4d1f022\" data-element_type=\"container\" data-e-type=\"container\">\n\t\t\t\t<div class=\"elementor-element elementor-element-11305de elementor-widget elementor-widget-text-editor\" data-id=\"11305de\" data-element_type=\"widget\" data-e-type=\"widget\" data-widget_type=\"text-editor.default\">\n\t\t\t\t\t\t\t\t\t<p><strong>Kazimierz Mrozik &#8211;\u00a0<\/strong>magister in\u017cynier budownictwa l\u0105dowego, absolwent Wydzia\u0142u Budownictwa L\u0105dowego Politechniki Krakowskiej oraz Studium Podyplomowego w zakresie konstrukcji spr\u0119\u017conych i prefabrykacji na Wydziale In\u017cynierii Budowlanej Politechniki Warszawskiej. Posiada uprawnienia budowlane do kierowania robotami budowlano-in\u017cynierskimi oraz uprawnienia budowlane do projektowania w tym zakresie.<br \/><br \/>Przez lata swojej kariery zawodowej zrealizowa\u0142 liczne projekty z zakresu konstrukcji budowlanych i in\u017cynierskich, wdra\u017caj\u0105c szereg wniosk\u00f3w racjonalizatorskich. Ma na swoim koncie r\u00f3wnie\u017c dzia\u0142alno\u015b\u0107 naukow\u0105 i dydaktyczn\u0105.<br \/><br \/>Za swoje zas\u0142ugi zosta\u0142 uhonorowany m.in.: Krzy\u017cem Kawalerskim Orderu Odrodzenia Polski, Z\u0142otym i Srebrnym Krzy\u017cem Zas\u0142ug, a tak\u017ce presti\u017cowymi odznaczeniami bran\u017cowymi takimi jak Z\u0142ota Odznaka Honorowa Polskiej Izby In\u017cynier\u00f3w Budownictwa i Honorowa Odznaka Ministra Rozwoju i Technologii \u201eZa zas\u0142ugi dla Budownictwa&#8221;.<br \/><br \/>Od lat zaanga\u017cowany w dzia\u0142alno\u015b\u0107 spo\u0142eczn\u0105 i charytatywn\u0105, stanowi przyk\u0142ad in\u017cyniera oddanego zar\u00f3wno zawodowi, jak i spo\u0142eczno\u015bci.<\/p>\t\t\t\t\t\t\t\t<\/div>\n\t\t\t\t<\/div>\n\t\t\t\t<\/div>\n\t\t\t\t\t<\/div>\n\t\t\t\t<\/div>\n\t\t<div class=\"elementor-element elementor-element-189d411 e-flex e-con-boxed e-con e-parent\" data-id=\"189d411\" data-element_type=\"container\" data-e-type=\"container\">\n\t\t\t\t\t<div class=\"e-con-inner\">\n\t\t\t\t<div class=\"elementor-element elementor-element-811fcb4 elementor-widget elementor-widget-text-editor\" data-id=\"811fcb4\" data-element_type=\"widget\" data-e-type=\"widget\" data-widget_type=\"text-editor.default\">\n\t\t\t\t\t\t\t\t\t<p>W dalszej cz\u0119\u015bci sesji otwieraj\u0105cej wys\u0142uchali\u015bmy prezentacji wyk\u0142adowc\u00f3w,<u>\u00a0<\/u>kt\u00f3re nawi\u0105zywa\u0142y do dzia\u0142alno\u015bci i kontynuacji my\u015bli prof. Stanis\u0142awa Kusia (doktoranci prof. St. Kusia).<\/p><p><strong>Zakarya Kamel, Zbigniew Kie\u0142basa, Maciej Piekarski, Zbigniew Plewako\u00a0\u00a0<\/strong>&#8211; Innowacyjna my\u015bl techniczna profesora Stanis\u0142awa Kusia w obiektach zrealizowanych na terenie Rzeszowa<\/p><p><strong>Anna Halicka<\/strong>\u00a0&#8211; Utrata stateczno\u015bci betonowych cylindrycznych zbiornik\u00f3w na ciecze i materia\u0142y sypkie wskutek spr\u0119\u017cenia<\/p><p><strong>Aleksander Koz\u0142owski, Ryszard Kowalczyk<\/strong>\u00a0&#8211; Kszta\u0142towanie innowacyjnych super-smuk\u0142ych budynk\u00f3w<\/p><p><img loading=\"lazy\" decoding=\"async\" src=\"https:\/\/inzynier.rzeszow.pl\/Files\/News\/2025-06-09-ulica_prof_kus.JPG\" width=\"240\" height=\"155\" align=\"left\" border=\"0\" hspace=\"5\" vspace=\"5\" \/><\/p><p>\u00a0<\/p><p>W ramach X Konferencji Naukowo-Technicznej Kszta\u0142towanie Konstrukcji i Budowli 2025 i Sesji otwieraj\u0105cej po\u015bwi\u0119conej Prof. Stanis\u0142awowi Kusiowi, kt\u00f3ra odby\u0142a si\u0119 w dniach 04 -06 czerwca 2025 r. w siedzibie PDK OIIB oraz budynku P Wydzia\u0142u Budownictwa, In\u017cynierii \u015arodowiska i Architektury Politechniki Rzeszowskiej odby\u0142a si\u0119 r\u00f3wnie\u017c uroczysto\u015b\u0107 nadania imienia prof. Stanis\u0142awa Kusia jednej z ulic na terenie Politechniki Rzeszowskiej.\u00a0<a href=\"https:\/\/czytajrzeszow.pl\/?idd=10&amp;id=48819&amp;poz=mr1&amp;show=-1&amp;pagebl1=0&amp;fbclid=IwY2xjawKzephleHRuA2FlbQIxMABicmlkETBBY1VacnNlZDVTRTF2WWFsAR6xqAyuPlpjCpWH09UBWnHOUuMMHx0Ot0xoSpXFFHJD9i1chf8J658rMu603Q_aem_H8pBbstc6PnbbomNEs2JFw\" target=\"_blank\" rel=\"noopener\"><strong>&#8230;wi\u0119cej&gt;&gt;<\/strong><\/a><\/p><p>\u00a0<\/p><p align=\"right\">\u00a0Opracowanie:<br \/>Liliana Serafin<\/p><p><strong><a href=\"https:\/\/www.facebook.com\/media\/set\/?vanity=PodkarpackaOIIB&amp;set=a.1147487690749630\" target=\"_blank\" rel=\"noopener\">Galeria fotograficzna z sesji otwieraj\u0105ca po\u015bwi\u0119cona Prof. Stanis\u0142awowi Kusiowi &#8211; X Konferencja Naukowo-Techniczna Kszta\u0142towanie Konstrukcji i Budowli- 04.06.2025 r. &gt;&gt;<\/a>\u00a0<\/strong>fot. Kamil Kulpa<\/p>\t\t\t\t\t\t\t\t<\/div>\n\t\t\t\t\t<\/div>\n\t\t\t\t<\/div>\n\t\t<div class=\"elementor-element elementor-element-07c683c e-flex e-con-boxed e-con e-parent\" data-id=\"07c683c\" data-element_type=\"container\" data-e-type=\"container\">\n\t\t\t\t\t<div class=\"e-con-inner\">\n\t\t\t\t<div class=\"elementor-element elementor-element-0d3ce48 elementor-widget elementor-widget-gallery\" data-id=\"0d3ce48\" data-element_type=\"widget\" data-e-type=\"widget\" data-settings=\"{&quot;columns&quot;:3,&quot;lazyload&quot;:&quot;yes&quot;,&quot;gallery_layout&quot;:&quot;grid&quot;,&quot;columns_tablet&quot;:2,&quot;columns_mobile&quot;:1,&quot;gap&quot;:{&quot;unit&quot;:&quot;px&quot;,&quot;size&quot;:10,&quot;sizes&quot;:[]},&quot;gap_tablet&quot;:{&quot;unit&quot;:&quot;px&quot;,&quot;size&quot;:10,&quot;sizes&quot;:[]},&quot;gap_mobile&quot;:{&quot;unit&quot;:&quot;px&quot;,&quot;size&quot;:10,&quot;sizes&quot;:[]},&quot;link_to&quot;:&quot;file&quot;,&quot;aspect_ratio&quot;:&quot;3:2&quot;,&quot;overlay_background&quot;:&quot;yes&quot;,&quot;content_hover_animation&quot;:&quot;fade-in&quot;}\" data-widget_type=\"gallery.default\">\n\t\t\t\t\t\t\t<div class=\"elementor-gallery__container\">\n\t\t\t\t\t\t\t<a class=\"e-gallery-item elementor-gallery-item elementor-animated-content\" href=\"https:\/\/inzynier.rzeszow.pl\/wp-content\/uploads\/2025\/06\/obraz_2026-01-28_160613182.png\" data-elementor-open-lightbox=\"yes\" data-elementor-lightbox-slideshow=\"0d3ce48\" data-e-action-hash=\"#elementor-action%3Aaction%3Dlightbox%26settings%3DeyJpZCI6MzI2OSwidXJsIjoiaHR0cHM6XC9cL2luenluaWVyLnJ6ZXN6b3cucGxcL3dwLWNvbnRlbnRcL3VwbG9hZHNcLzIwMjVcLzA2XC9vYnJhel8yMDI2LTAxLTI4XzE2MDYxMzE4Mi5wbmciLCJzbGlkZXNob3ciOiIwZDNjZTQ4In0%3D\">\n\t\t\t\t\t<div class=\"e-gallery-image elementor-gallery-item__image\" data-thumbnail=\"https:\/\/inzynier.rzeszow.pl\/wp-content\/uploads\/2025\/06\/obraz_2026-01-28_160613182-300x200.png\" data-width=\"300\" data-height=\"200\" aria-label=\"\" role=\"img\" ><\/div>\n\t\t\t\t\t\t\t\t\t\t\t<div class=\"elementor-gallery-item__overlay\"><\/div>\n\t\t\t\t\t\t\t\t\t\t\t\t\t\t<\/a>\n\t\t\t\t\t\t\t<a class=\"e-gallery-item elementor-gallery-item elementor-animated-content\" href=\"https:\/\/inzynier.rzeszow.pl\/wp-content\/uploads\/2025\/06\/obraz_2026-01-28_160618624.png\" data-elementor-open-lightbox=\"yes\" data-elementor-lightbox-slideshow=\"0d3ce48\" data-e-action-hash=\"#elementor-action%3Aaction%3Dlightbox%26settings%3DeyJpZCI6MzI3MCwidXJsIjoiaHR0cHM6XC9cL2luenluaWVyLnJ6ZXN6b3cucGxcL3dwLWNvbnRlbnRcL3VwbG9hZHNcLzIwMjVcLzA2XC9vYnJhel8yMDI2LTAxLTI4XzE2MDYxODYyNC5wbmciLCJzbGlkZXNob3ciOiIwZDNjZTQ4In0%3D\">\n\t\t\t\t\t<div class=\"e-gallery-image elementor-gallery-item__image\" data-thumbnail=\"https:\/\/inzynier.rzeszow.pl\/wp-content\/uploads\/2025\/06\/obraz_2026-01-28_160618624-300x200.png\" data-width=\"300\" data-height=\"200\" aria-label=\"\" role=\"img\" ><\/div>\n\t\t\t\t\t\t\t\t\t\t\t<div class=\"elementor-gallery-item__overlay\"><\/div>\n\t\t\t\t\t\t\t\t\t\t\t\t\t\t<\/a>\n\t\t\t\t\t\t\t<a class=\"e-gallery-item elementor-gallery-item elementor-animated-content\" href=\"https:\/\/inzynier.rzeszow.pl\/wp-content\/uploads\/2025\/06\/obraz_2026-01-28_160624462.png\" data-elementor-open-lightbox=\"yes\" data-elementor-lightbox-slideshow=\"0d3ce48\" data-e-action-hash=\"#elementor-action%3Aaction%3Dlightbox%26settings%3DeyJpZCI6MzI3MSwidXJsIjoiaHR0cHM6XC9cL2luenluaWVyLnJ6ZXN6b3cucGxcL3dwLWNvbnRlbnRcL3VwbG9hZHNcLzIwMjVcLzA2XC9vYnJhel8yMDI2LTAxLTI4XzE2MDYyNDQ2Mi5wbmciLCJzbGlkZXNob3ciOiIwZDNjZTQ4In0%3D\">\n\t\t\t\t\t<div class=\"e-gallery-image elementor-gallery-item__image\" data-thumbnail=\"https:\/\/inzynier.rzeszow.pl\/wp-content\/uploads\/2025\/06\/obraz_2026-01-28_160624462-300x200.png\" data-width=\"300\" data-height=\"200\" aria-label=\"\" role=\"img\" ><\/div>\n\t\t\t\t\t\t\t\t\t\t\t<div class=\"elementor-gallery-item__overlay\"><\/div>\n\t\t\t\t\t\t\t\t\t\t\t\t\t\t<\/a>\n\t\t\t\t\t\t\t<a class=\"e-gallery-item elementor-gallery-item elementor-animated-content\" href=\"https:\/\/inzynier.rzeszow.pl\/wp-content\/uploads\/2025\/06\/2025-06-04-sesja_kus_4-scaled.jpg\" data-elementor-open-lightbox=\"yes\" data-elementor-lightbox-slideshow=\"0d3ce48\" data-e-action-hash=\"#elementor-action%3Aaction%3Dlightbox%26settings%3DeyJpZCI6MzI3NiwidXJsIjoiaHR0cHM6XC9cL2luenluaWVyLnJ6ZXN6b3cucGxcL3dwLWNvbnRlbnRcL3VwbG9hZHNcLzIwMjVcLzA2XC8yMDI1LTA2LTA0LXNlc2phX2t1c180LXNjYWxlZC5qcGciLCJzbGlkZXNob3ciOiIwZDNjZTQ4In0%3D\">\n\t\t\t\t\t<div class=\"e-gallery-image elementor-gallery-item__image\" data-thumbnail=\"https:\/\/inzynier.rzeszow.pl\/wp-content\/uploads\/2025\/06\/2025-06-04-sesja_kus_4-300x200.jpg\" data-width=\"300\" data-height=\"200\" aria-label=\"\" role=\"img\" ><\/div>\n\t\t\t\t\t\t\t\t\t\t\t<div class=\"elementor-gallery-item__overlay\"><\/div>\n\t\t\t\t\t\t\t\t\t\t\t\t\t\t<\/a>\n\t\t\t\t\t\t\t<a class=\"e-gallery-item elementor-gallery-item elementor-animated-content\" href=\"https:\/\/inzynier.rzeszow.pl\/wp-content\/uploads\/2025\/06\/obraz_2026-01-28_160644975.png\" data-elementor-open-lightbox=\"yes\" data-elementor-lightbox-slideshow=\"0d3ce48\" data-e-action-hash=\"#elementor-action%3Aaction%3Dlightbox%26settings%3DeyJpZCI6MzI3MywidXJsIjoiaHR0cHM6XC9cL2luenluaWVyLnJ6ZXN6b3cucGxcL3dwLWNvbnRlbnRcL3VwbG9hZHNcLzIwMjVcLzA2XC9vYnJhel8yMDI2LTAxLTI4XzE2MDY0NDk3NS5wbmciLCJzbGlkZXNob3ciOiIwZDNjZTQ4In0%3D\">\n\t\t\t\t\t<div class=\"e-gallery-image elementor-gallery-item__image\" data-thumbnail=\"https:\/\/inzynier.rzeszow.pl\/wp-content\/uploads\/2025\/06\/obraz_2026-01-28_160644975-300x200.png\" data-width=\"300\" data-height=\"200\" aria-label=\"\" role=\"img\" ><\/div>\n\t\t\t\t\t\t\t\t\t\t\t<div class=\"elementor-gallery-item__overlay\"><\/div>\n\t\t\t\t\t\t\t\t\t\t\t\t\t\t<\/a>\n\t\t\t\t\t\t\t<a class=\"e-gallery-item elementor-gallery-item elementor-animated-content\" href=\"https:\/\/inzynier.rzeszow.pl\/wp-content\/uploads\/2025\/06\/obraz_2026-01-28_160733222.png\" data-elementor-open-lightbox=\"yes\" data-elementor-lightbox-slideshow=\"0d3ce48\" data-e-action-hash=\"#elementor-action%3Aaction%3Dlightbox%26settings%3DeyJpZCI6MzI3NSwidXJsIjoiaHR0cHM6XC9cL2luenluaWVyLnJ6ZXN6b3cucGxcL3dwLWNvbnRlbnRcL3VwbG9hZHNcLzIwMjVcLzA2XC9vYnJhel8yMDI2LTAxLTI4XzE2MDczMzIyMi5wbmciLCJzbGlkZXNob3ciOiIwZDNjZTQ4In0%3D\">\n\t\t\t\t\t<div class=\"e-gallery-image elementor-gallery-item__image\" data-thumbnail=\"https:\/\/inzynier.rzeszow.pl\/wp-content\/uploads\/2025\/06\/obraz_2026-01-28_160733222-300x200.png\" data-width=\"300\" data-height=\"200\" aria-label=\"\" role=\"img\" ><\/div>\n\t\t\t\t\t\t\t\t\t\t\t<div class=\"elementor-gallery-item__overlay\"><\/div>\n\t\t\t\t\t\t\t\t\t\t\t\t\t\t<\/a>\n\t\t\t\t\t<\/div>\n\t\t\t\t\t<\/div>\n\t\t\t\t\t<\/div>\n\t\t\t\t<\/div>\n\t\t<div class=\"elementor-element elementor-element-3ab6e80 e-flex e-con-boxed e-con e-parent\" data-id=\"3ab6e80\" data-element_type=\"container\" data-e-type=\"container\">\n\t\t\t\t\t<div class=\"e-con-inner\">\n\t\t\t\t<div class=\"elementor-element elementor-element-4703dc2 elementor-widget elementor-widget-text-editor\" data-id=\"4703dc2\" data-element_type=\"widget\" data-e-type=\"widget\" data-widget_type=\"text-editor.default\">\n\t\t\t\t\t\t\t\t\t<p><strong>Budynek Wydzia\u0142u Budownictwa, In\u017cynierii \u015arodowiska i Architektury Politechniki Rzeszowskiej:<br \/>05.06.2025 r<br \/><\/strong>&#8211; Sesja 1A KONSTRUKCJE ZE SZK\u0141A<br \/>&#8211; Sesja 1B KONSTRUKCJE DREWNIANE I MUROWE<br \/>&#8211; Sesja 2A KONSTRUKCJE STALOWE<br \/>&#8211; Sesja 2B KONSTRUKCJE KOMPOZYTOWE<br \/>&#8211; Sesja 3 &#8211; KONSTRUKCJE BETONOWE<\/p><p><strong>06.06.2025 r.:<\/strong><br \/>&#8211; Sesja 4A KONSTRUKCJE \u017bELBETOWE<br \/>&#8211; Sesja 4B KSZTA\u0141TOWANIE KONSTRUKCJI<br \/>&#8211; Sesja 5A NIEZAWODNO\u015a\u0106 I NOWE TECHNOLOGIE<br \/>&#8211; Sesja 5B KSZTA\u0141TOWANIE KONSTRUKCJI<\/p><p><a href=\"https:\/\/kkib2025.prz.edu.pl\/szczegolowy-program-konferencji\" target=\"_blank\" rel=\"noopener\"><strong>SZCZEG\u00d3\u0141OWY PROGRAM KONFERENCJI &#8211; do pobrania &gt;&gt;<\/strong><\/a><\/p><p><strong>Kulisy powstawania statuetki imienia prof. Stanis\u0142awa Kusia &#8211; realizacja Franciszek Szczepaniec<\/strong><\/p>\t\t\t\t\t\t\t\t<\/div>\n\t\t\t\t\t<\/div>\n\t\t\t\t<\/div>\n\t\t<div class=\"elementor-element elementor-element-b198755 e-flex e-con-boxed e-con e-parent\" data-id=\"b198755\" data-element_type=\"container\" data-e-type=\"container\">\n\t\t\t\t\t<div class=\"e-con-inner\">\n\t\t<div class=\"elementor-element elementor-element-956c579 e-con-full e-flex e-con e-child\" data-id=\"956c579\" data-element_type=\"container\" data-e-type=\"container\">\n\t\t<div class=\"elementor-element elementor-element-b0199d2 e-con-full e-flex e-con e-child\" data-id=\"b0199d2\" data-element_type=\"container\" data-e-type=\"container\">\n\t\t\t\t<div class=\"elementor-element elementor-element-25f4f60 elementor-widget elementor-widget-image\" data-id=\"25f4f60\" data-element_type=\"widget\" data-e-type=\"widget\" data-widget_type=\"image.default\">\n\t\t\t\t\t\t\t\t\t\t\t\t\t\t\t<img loading=\"lazy\" decoding=\"async\" width=\"1024\" height=\"683\" src=\"https:\/\/inzynier.rzeszow.pl\/wp-content\/uploads\/2025\/06\/obraz_2026-01-28_160957887-1024x683.png\" class=\"attachment-large size-large wp-image-3277\" alt=\"\" srcset=\"https:\/\/inzynier.rzeszow.pl\/wp-content\/uploads\/2025\/06\/obraz_2026-01-28_160957887-1024x683.png 1024w, https:\/\/inzynier.rzeszow.pl\/wp-content\/uploads\/2025\/06\/obraz_2026-01-28_160957887-300x200.png 300w, https:\/\/inzynier.rzeszow.pl\/wp-content\/uploads\/2025\/06\/obraz_2026-01-28_160957887-768x512.png 768w, https:\/\/inzynier.rzeszow.pl\/wp-content\/uploads\/2025\/06\/obraz_2026-01-28_160957887.png 1200w\" sizes=\"(max-width: 1024px) 100vw, 1024px\" \/>\t\t\t\t\t\t\t\t\t\t\t\t\t\t\t<\/div>\n\t\t\t\t<\/div>\n\t\t<div class=\"elementor-element elementor-element-33ae894 e-con-full e-flex e-con e-child\" data-id=\"33ae894\" data-element_type=\"container\" data-e-type=\"container\">\n\t\t\t\t<div class=\"elementor-element elementor-element-644578e elementor-widget elementor-widget-text-editor\" data-id=\"644578e\" data-element_type=\"widget\" data-e-type=\"widget\" data-widget_type=\"text-editor.default\">\n\t\t\t\t\t\t\t\t\t<p>Kolejny raz podgl\u0105damy z bliska wyj\u0105tkowy proces tworzenia statuetki imienia prof. Stanis\u0142awa Kusia! Za realizacj\u0119 odpowiada uznany artysta rze\u017abiarz &#8211; Franciszek Szczepaniec, kt\u00f3ry z niezwyk\u0142\u0105 precyzj\u0105 i wyczuciem formy nadaje kszta\u0142t i ostateczny wygl\u0105d tej wyj\u0105tkowej nagrodzie. Ka\u017cdy etap &#8211; od szkicu po detale rze\u017abiarskie &#8211; to uk\u0142on dla dziedzictwa Profesora, wybitnego konstruktora, naukowca i autorytetu w dziedzinie budownictwa, rektora Politechniki Rzeszowskiej.<br \/>Statuetka stanie si\u0119 symbolem uhonorowania wybitnej postaci naszego \u015brodowiska in\u017cynierskiego.<strong>\u00a0<a href=\"https:\/\/www.facebook.com\/PodkarpackaOIIB\/videos\/2432235550495024\/\" target=\"_blank\" rel=\"noopener\">&#8230;wi\u0119cej&gt;&gt;<\/a><\/strong><\/p>\t\t\t\t\t\t\t\t<\/div>\n\t\t\t\t<\/div>\n\t\t\t\t<\/div>\n\t\t\t\t\t<\/div>\n\t\t\t\t<\/div>\n\t\t<div class=\"elementor-element elementor-element-40d16a6 e-flex e-con-boxed e-con e-parent\" data-id=\"40d16a6\" data-element_type=\"container\" data-e-type=\"container\">\n\t\t\t\t\t<div class=\"e-con-inner\">\n\t\t<div class=\"elementor-element elementor-element-ee43c20 e-con-full e-flex e-con e-child\" data-id=\"ee43c20\" data-element_type=\"container\" data-e-type=\"container\">\n\t\t<div class=\"elementor-element elementor-element-1061d37 e-con-full e-flex e-con e-child\" data-id=\"1061d37\" data-element_type=\"container\" data-e-type=\"container\">\n\t\t\t\t<div class=\"elementor-element elementor-element-9378dcd elementor-widget elementor-widget-image\" data-id=\"9378dcd\" data-element_type=\"widget\" data-e-type=\"widget\" data-widget_type=\"image.default\">\n\t\t\t\t\t\t\t\t\t\t\t\t\t\t\t<img loading=\"lazy\" decoding=\"async\" width=\"1024\" height=\"683\" src=\"https:\/\/inzynier.rzeszow.pl\/wp-content\/uploads\/2025\/06\/obraz_2026-01-28_161020888-1024x683.png\" class=\"attachment-large size-large wp-image-3278\" alt=\"\" srcset=\"https:\/\/inzynier.rzeszow.pl\/wp-content\/uploads\/2025\/06\/obraz_2026-01-28_161020888-1024x683.png 1024w, https:\/\/inzynier.rzeszow.pl\/wp-content\/uploads\/2025\/06\/obraz_2026-01-28_161020888-300x200.png 300w, https:\/\/inzynier.rzeszow.pl\/wp-content\/uploads\/2025\/06\/obraz_2026-01-28_161020888-768x512.png 768w, https:\/\/inzynier.rzeszow.pl\/wp-content\/uploads\/2025\/06\/obraz_2026-01-28_161020888.png 1200w\" sizes=\"(max-width: 1024px) 100vw, 1024px\" \/>\t\t\t\t\t\t\t\t\t\t\t\t\t\t\t<\/div>\n\t\t\t\t<\/div>\n\t\t<div class=\"elementor-element elementor-element-c4cc488 e-con-full e-flex e-con e-child\" data-id=\"c4cc488\" data-element_type=\"container\" data-e-type=\"container\">\n\t\t\t\t<div class=\"elementor-element elementor-element-d5c8ed0 elementor-widget elementor-widget-text-editor\" data-id=\"d5c8ed0\" data-element_type=\"widget\" data-e-type=\"widget\" data-widget_type=\"text-editor.default\">\n\t\t\t\t\t\t\t\t\t<p>Trwaj\u0105 intensywne przygotowania do wyj\u0105tkowego wydarzenia &#8211; u\u015bwietnienia pami\u0119ci prof. Stanis\u0142awa Kusia podczas jubileuszowej X Konferencji Naukowo-Technicznej Kszta\u0142towanie Konstrukcji i Budowli 2025, kt\u00f3ra odb\u0119dzie si\u0119\u00a0<strong>w dniach 4-6 czerwca 2025 r.<\/strong>\u00a0Podczas sesji otwieraj\u0105cej w siedzibie PDK OIIB nast\u0105pi uroczyste\u00a0<strong>wr\u0119czenie nagrody imienia prof. St. Kusia<\/strong>:\u00a0<strong>Innowacyjna my\u015bl techniczna profesora Stanis\u0142awa Kusia w obiektach zrealizowanych na terenie Rzeszowa<\/strong>. To wyr\u00f3\u017cnienie ma na celu podkre\u015blenie trwa\u0142ego wp\u0142ywu Profesora na rozw\u00f3j budownictwa i przestrzeni miejskiej. A tym czasem\u00a0<strong>prezentujemy kulisy powstawania statuetki<\/strong>, kt\u00f3ra b\u0119dzie symbolem tej presti\u017cowej nagrody.\u00a0<strong><a href=\"https:\/\/youtu.be\/9t3GhDSs5pA\" target=\"_blank\" rel=\"noopener\">&#8230;wi\u0119cej&gt;&gt;<\/a><\/strong><\/p>\t\t\t\t\t\t\t\t<\/div>\n\t\t\t\t<\/div>\n\t\t\t\t<\/div>\n\t\t\t\t\t<\/div>\n\t\t\t\t<\/div>\n\t\t\t\t<\/div>\n\t\t","protected":false},"excerpt":{"rendered":"<p>W dniach 04 -06 czerwca 2025 r. w siedzibie PDK OIIB oraz budynku P Wydzia\u0142u Budownictwa, In\u017cynierii \u015arodowiska i Architektury [&hellip;]<\/p>\n","protected":false},"author":1,"featured_media":3261,"comment_status":"closed","ping_status":"closed","sticky":false,"template":"","format":"standard","meta":{"site-sidebar-layout":"default","site-content-layout":"","ast-site-content-layout":"default","site-content-style":"default","site-sidebar-style":"default","ast-global-header-display":"","ast-banner-title-visibility":"","ast-main-header-display":"","ast-hfb-above-header-display":"","ast-hfb-below-header-display":"","ast-hfb-mobile-header-display":"","site-post-title":"","ast-breadcrumbs-content":"","ast-featured-img":"","footer-sml-layout":"","ast-disable-related-posts":"","theme-transparent-header-meta":"","adv-header-id-meta":"","stick-header-meta":"","header-above-stick-meta":"","header-main-stick-meta":"","header-below-stick-meta":"","astra-migrate-meta-layouts":"default","ast-page-background-enabled":"default","ast-page-background-meta":{"desktop":{"background-color":"var(--ast-global-color-5)","background-image":"","background-repeat":"repeat","background-position":"center center","background-size":"auto","background-attachment":"scroll","background-type":"","background-media":"","overlay-type":"","overlay-color":"","overlay-opacity":"","overlay-gradient":""},"tablet":{"background-color":"","background-image":"","background-repeat":"repeat","background-position":"center center","background-size":"auto","background-attachment":"scroll","background-type":"","background-media":"","overlay-type":"","overlay-color":"","overlay-opacity":"","overlay-gradient":""},"mobile":{"background-color":"","background-image":"","background-repeat":"repeat","background-position":"center center","background-size":"auto","background-attachment":"scroll","background-type":"","background-media":"","overlay-type":"","overlay-color":"","overlay-opacity":"","overlay-gradient":""}},"ast-content-background-meta":{"desktop":{"background-color":"var(--ast-global-color-4)","background-image":"","background-repeat":"repeat","background-position":"center center","background-size":"auto","background-attachment":"scroll","background-type":"","background-media":"","overlay-type":"","overlay-color":"","overlay-opacity":"","overlay-gradient":""},"tablet":{"background-color":"var(--ast-global-color-4)","background-image":"","background-repeat":"repeat","background-position":"center center","background-size":"auto","background-attachment":"scroll","background-type":"","background-media":"","overlay-type":"","overlay-color":"","overlay-opacity":"","overlay-gradient":""},"mobile":{"background-color":"var(--ast-global-color-4)","background-image":"","background-repeat":"repeat","background-position":"center center","background-size":"auto","background-attachment":"scroll","background-type":"","background-media":"","overlay-type":"","overlay-color":"","overlay-opacity":"","overlay-gradient":""}},"footnotes":""},"categories":[63,7,16,55],"tags":[],"class_list":["post-3210","post","type-post","status-publish","format-standard","has-post-thumbnail","hentry","category-targi-i-konferencje","category-wydarzenia","category-z-zycia-izby","category-z-zycia-izby-rok-2025"],"yoast_head":"<!-- This site is optimized with the Yoast SEO plugin v27.5 - https:\/\/yoast.com\/product\/yoast-seo-wordpress\/ -->\n<title>Sesja otwieraj\u0105ca po\u015bwi\u0119cona Prof. Stanis\u0142awowi Kusiowi - X Konferencja Naukowo-Techniczna Kszta\u0142towanie Konstrukcji i Budowli 2025 - Podkarpacka Okregowa Izba Inzynierow Budownictwa<\/title>\n<meta name=\"robots\" content=\"index, follow, max-snippet:-1, max-image-preview:large, max-video-preview:-1\" \/>\n<link rel=\"canonical\" href=\"https:\/\/inzynier.rzeszow.pl\/index.php\/2025\/06\/07\/sesja-otwierajaca-poswiecona-prof-stanislawowi-kusiowi-x-konferencja-naukowo-techniczna-ksztaltowanie-konstrukcji-i-budowli-2025\/\" \/>\n<meta property=\"og:locale\" content=\"pl_PL\" \/>\n<meta property=\"og:type\" content=\"article\" \/>\n<meta property=\"og:title\" content=\"Sesja otwieraj\u0105ca po\u015bwi\u0119cona Prof. Stanis\u0142awowi Kusiowi - X Konferencja Naukowo-Techniczna Kszta\u0142towanie Konstrukcji i Budowli 2025 - Podkarpacka Okregowa Izba Inzynierow Budownictwa\" \/>\n<meta property=\"og:description\" content=\"W dniach 04 -06 czerwca 2025 r. w siedzibie PDK OIIB oraz budynku P Wydzia\u0142u Budownictwa, In\u017cynierii \u015arodowiska i Architektury [&hellip;]\" \/>\n<meta property=\"og:url\" content=\"https:\/\/inzynier.rzeszow.pl\/index.php\/2025\/06\/07\/sesja-otwierajaca-poswiecona-prof-stanislawowi-kusiowi-x-konferencja-naukowo-techniczna-ksztaltowanie-konstrukcji-i-budowli-2025\/\" \/>\n<meta property=\"og:site_name\" content=\"Podkarpacka Okregowa Izba Inzynierow Budownictwa\" \/>\n<meta property=\"article:published_time\" content=\"2025-06-07T11:33:35+00:00\" \/>\n<meta property=\"article:modified_time\" content=\"2026-03-17T11:48:24+00:00\" \/>\n<meta property=\"og:image\" content=\"https:\/\/inzynier.rzeszow.pl\/wp-content\/uploads\/2025\/06\/obraz_2026-01-28_154221959-1024x682.png\" \/>\n\t<meta property=\"og:image:width\" content=\"1024\" \/>\n\t<meta property=\"og:image:height\" content=\"682\" \/>\n\t<meta property=\"og:image:type\" content=\"image\/png\" \/>\n<meta name=\"author\" content=\"admin\" \/>\n<meta name=\"twitter:card\" content=\"summary_large_image\" \/>\n<meta name=\"twitter:label1\" content=\"Napisane przez\" \/>\n\t<meta name=\"twitter:data1\" content=\"admin\" \/>\n\t<meta name=\"twitter:label2\" content=\"Szacowany czas czytania\" \/>\n\t<meta name=\"twitter:data2\" content=\"8 minut\" \/>\n<script type=\"application\/ld+json\" class=\"yoast-schema-graph\">{\"@context\":\"https:\\\/\\\/schema.org\",\"@graph\":[{\"@type\":\"Article\",\"@id\":\"https:\\\/\\\/inzynier.rzeszow.pl\\\/index.php\\\/2025\\\/06\\\/07\\\/sesja-otwierajaca-poswiecona-prof-stanislawowi-kusiowi-x-konferencja-naukowo-techniczna-ksztaltowanie-konstrukcji-i-budowli-2025\\\/#article\",\"isPartOf\":{\"@id\":\"https:\\\/\\\/inzynier.rzeszow.pl\\\/index.php\\\/2025\\\/06\\\/07\\\/sesja-otwierajaca-poswiecona-prof-stanislawowi-kusiowi-x-konferencja-naukowo-techniczna-ksztaltowanie-konstrukcji-i-budowli-2025\\\/\"},\"author\":{\"name\":\"admin\",\"@id\":\"https:\\\/\\\/inzynier.rzeszow.pl\\\/#\\\/schema\\\/person\\\/21ca162d893bdc5760a95d704e9b1e39\"},\"headline\":\"Sesja otwieraj\u0105ca po\u015bwi\u0119cona Prof. Stanis\u0142awowi Kusiowi &#8211; X Konferencja Naukowo-Techniczna Kszta\u0142towanie Konstrukcji i Budowli 2025\",\"datePublished\":\"2025-06-07T11:33:35+00:00\",\"dateModified\":\"2026-03-17T11:48:24+00:00\",\"mainEntityOfPage\":{\"@id\":\"https:\\\/\\\/inzynier.rzeszow.pl\\\/index.php\\\/2025\\\/06\\\/07\\\/sesja-otwierajaca-poswiecona-prof-stanislawowi-kusiowi-x-konferencja-naukowo-techniczna-ksztaltowanie-konstrukcji-i-budowli-2025\\\/\"},\"wordCount\":1602,\"image\":{\"@id\":\"https:\\\/\\\/inzynier.rzeszow.pl\\\/index.php\\\/2025\\\/06\\\/07\\\/sesja-otwierajaca-poswiecona-prof-stanislawowi-kusiowi-x-konferencja-naukowo-techniczna-ksztaltowanie-konstrukcji-i-budowli-2025\\\/#primaryimage\"},\"thumbnailUrl\":\"https:\\\/\\\/inzynier.rzeszow.pl\\\/wp-content\\\/uploads\\\/2025\\\/06\\\/obraz_2026-01-28_154221959.png\",\"articleSection\":[\"Targi i konferencje\",\"Wydarzenia\",\"Z \u017cycia izby\",\"Z \u017cycia Izby Rok 2025\"],\"inLanguage\":\"pl-PL\"},{\"@type\":\"WebPage\",\"@id\":\"https:\\\/\\\/inzynier.rzeszow.pl\\\/index.php\\\/2025\\\/06\\\/07\\\/sesja-otwierajaca-poswiecona-prof-stanislawowi-kusiowi-x-konferencja-naukowo-techniczna-ksztaltowanie-konstrukcji-i-budowli-2025\\\/\",\"url\":\"https:\\\/\\\/inzynier.rzeszow.pl\\\/index.php\\\/2025\\\/06\\\/07\\\/sesja-otwierajaca-poswiecona-prof-stanislawowi-kusiowi-x-konferencja-naukowo-techniczna-ksztaltowanie-konstrukcji-i-budowli-2025\\\/\",\"name\":\"Sesja otwieraj\u0105ca po\u015bwi\u0119cona Prof. Stanis\u0142awowi Kusiowi - X Konferencja Naukowo-Techniczna Kszta\u0142towanie Konstrukcji i Budowli 2025 - Podkarpacka Okregowa Izba Inzynierow Budownictwa\",\"isPartOf\":{\"@id\":\"https:\\\/\\\/inzynier.rzeszow.pl\\\/#website\"},\"primaryImageOfPage\":{\"@id\":\"https:\\\/\\\/inzynier.rzeszow.pl\\\/index.php\\\/2025\\\/06\\\/07\\\/sesja-otwierajaca-poswiecona-prof-stanislawowi-kusiowi-x-konferencja-naukowo-techniczna-ksztaltowanie-konstrukcji-i-budowli-2025\\\/#primaryimage\"},\"image\":{\"@id\":\"https:\\\/\\\/inzynier.rzeszow.pl\\\/index.php\\\/2025\\\/06\\\/07\\\/sesja-otwierajaca-poswiecona-prof-stanislawowi-kusiowi-x-konferencja-naukowo-techniczna-ksztaltowanie-konstrukcji-i-budowli-2025\\\/#primaryimage\"},\"thumbnailUrl\":\"https:\\\/\\\/inzynier.rzeszow.pl\\\/wp-content\\\/uploads\\\/2025\\\/06\\\/obraz_2026-01-28_154221959.png\",\"datePublished\":\"2025-06-07T11:33:35+00:00\",\"dateModified\":\"2026-03-17T11:48:24+00:00\",\"author\":{\"@id\":\"https:\\\/\\\/inzynier.rzeszow.pl\\\/#\\\/schema\\\/person\\\/21ca162d893bdc5760a95d704e9b1e39\"},\"breadcrumb\":{\"@id\":\"https:\\\/\\\/inzynier.rzeszow.pl\\\/index.php\\\/2025\\\/06\\\/07\\\/sesja-otwierajaca-poswiecona-prof-stanislawowi-kusiowi-x-konferencja-naukowo-techniczna-ksztaltowanie-konstrukcji-i-budowli-2025\\\/#breadcrumb\"},\"inLanguage\":\"pl-PL\",\"potentialAction\":[{\"@type\":\"ReadAction\",\"target\":[\"https:\\\/\\\/inzynier.rzeszow.pl\\\/index.php\\\/2025\\\/06\\\/07\\\/sesja-otwierajaca-poswiecona-prof-stanislawowi-kusiowi-x-konferencja-naukowo-techniczna-ksztaltowanie-konstrukcji-i-budowli-2025\\\/\"]}]},{\"@type\":\"ImageObject\",\"inLanguage\":\"pl-PL\",\"@id\":\"https:\\\/\\\/inzynier.rzeszow.pl\\\/index.php\\\/2025\\\/06\\\/07\\\/sesja-otwierajaca-poswiecona-prof-stanislawowi-kusiowi-x-konferencja-naukowo-techniczna-ksztaltowanie-konstrukcji-i-budowli-2025\\\/#primaryimage\",\"url\":\"https:\\\/\\\/inzynier.rzeszow.pl\\\/wp-content\\\/uploads\\\/2025\\\/06\\\/obraz_2026-01-28_154221959.png\",\"contentUrl\":\"https:\\\/\\\/inzynier.rzeszow.pl\\\/wp-content\\\/uploads\\\/2025\\\/06\\\/obraz_2026-01-28_154221959.png\",\"width\":2000,\"height\":1333},{\"@type\":\"BreadcrumbList\",\"@id\":\"https:\\\/\\\/inzynier.rzeszow.pl\\\/index.php\\\/2025\\\/06\\\/07\\\/sesja-otwierajaca-poswiecona-prof-stanislawowi-kusiowi-x-konferencja-naukowo-techniczna-ksztaltowanie-konstrukcji-i-budowli-2025\\\/#breadcrumb\",\"itemListElement\":[{\"@type\":\"ListItem\",\"position\":1,\"name\":\"Strona g\u0142\u00f3wna\",\"item\":\"https:\\\/\\\/inzynier.rzeszow.pl\\\/\"},{\"@type\":\"ListItem\",\"position\":2,\"name\":\"Sesja otwieraj\u0105ca po\u015bwi\u0119cona Prof. Stanis\u0142awowi Kusiowi &#8211; X Konferencja Naukowo-Techniczna Kszta\u0142towanie Konstrukcji i Budowli 2025\"}]},{\"@type\":\"WebSite\",\"@id\":\"https:\\\/\\\/inzynier.rzeszow.pl\\\/#website\",\"url\":\"https:\\\/\\\/inzynier.rzeszow.pl\\\/\",\"name\":\"Podkarpacka Okregowa Izba Inzynierow Budownictwa\",\"description\":\"\",\"potentialAction\":[{\"@type\":\"SearchAction\",\"target\":{\"@type\":\"EntryPoint\",\"urlTemplate\":\"https:\\\/\\\/inzynier.rzeszow.pl\\\/?s={search_term_string}\"},\"query-input\":{\"@type\":\"PropertyValueSpecification\",\"valueRequired\":true,\"valueName\":\"search_term_string\"}}],\"inLanguage\":\"pl-PL\"},{\"@type\":\"Person\",\"@id\":\"https:\\\/\\\/inzynier.rzeszow.pl\\\/#\\\/schema\\\/person\\\/21ca162d893bdc5760a95d704e9b1e39\",\"name\":\"admin\",\"image\":{\"@type\":\"ImageObject\",\"inLanguage\":\"pl-PL\",\"@id\":\"https:\\\/\\\/secure.gravatar.com\\\/avatar\\\/d5d1959f10b94c8abcf928274f8bb5b8c7370b0dfadb0590911bacad18965f21?s=96&d=mm&r=g\",\"url\":\"https:\\\/\\\/secure.gravatar.com\\\/avatar\\\/d5d1959f10b94c8abcf928274f8bb5b8c7370b0dfadb0590911bacad18965f21?s=96&d=mm&r=g\",\"contentUrl\":\"https:\\\/\\\/secure.gravatar.com\\\/avatar\\\/d5d1959f10b94c8abcf928274f8bb5b8c7370b0dfadb0590911bacad18965f21?s=96&d=mm&r=g\",\"caption\":\"admin\"},\"sameAs\":[\"https:\\\/\\\/migracja.inzynier.rzeszow.pl\"],\"url\":\"https:\\\/\\\/inzynier.rzeszow.pl\\\/index.php\\\/author\\\/kwojcik\\\/\"}]}<\/script>\n<!-- \/ Yoast SEO plugin. -->","yoast_head_json":{"title":"Sesja otwieraj\u0105ca po\u015bwi\u0119cona Prof. Stanis\u0142awowi Kusiowi - X Konferencja Naukowo-Techniczna Kszta\u0142towanie Konstrukcji i Budowli 2025 - Podkarpacka Okregowa Izba Inzynierow Budownictwa","robots":{"index":"index","follow":"follow","max-snippet":"max-snippet:-1","max-image-preview":"max-image-preview:large","max-video-preview":"max-video-preview:-1"},"canonical":"https:\/\/inzynier.rzeszow.pl\/index.php\/2025\/06\/07\/sesja-otwierajaca-poswiecona-prof-stanislawowi-kusiowi-x-konferencja-naukowo-techniczna-ksztaltowanie-konstrukcji-i-budowli-2025\/","og_locale":"pl_PL","og_type":"article","og_title":"Sesja otwieraj\u0105ca po\u015bwi\u0119cona Prof. Stanis\u0142awowi Kusiowi - X Konferencja Naukowo-Techniczna Kszta\u0142towanie Konstrukcji i Budowli 2025 - Podkarpacka Okregowa Izba Inzynierow Budownictwa","og_description":"W dniach 04 -06 czerwca 2025 r. w siedzibie PDK OIIB oraz budynku P Wydzia\u0142u Budownictwa, In\u017cynierii \u015arodowiska i Architektury [&hellip;]","og_url":"https:\/\/inzynier.rzeszow.pl\/index.php\/2025\/06\/07\/sesja-otwierajaca-poswiecona-prof-stanislawowi-kusiowi-x-konferencja-naukowo-techniczna-ksztaltowanie-konstrukcji-i-budowli-2025\/","og_site_name":"Podkarpacka Okregowa Izba Inzynierow Budownictwa","article_published_time":"2025-06-07T11:33:35+00:00","article_modified_time":"2026-03-17T11:48:24+00:00","og_image":[{"width":1024,"height":682,"url":"https:\/\/inzynier.rzeszow.pl\/wp-content\/uploads\/2025\/06\/obraz_2026-01-28_154221959-1024x682.png","type":"image\/png"}],"author":"admin","twitter_card":"summary_large_image","twitter_misc":{"Napisane przez":"admin","Szacowany czas czytania":"8 minut"},"schema":{"@context":"https:\/\/schema.org","@graph":[{"@type":"Article","@id":"https:\/\/inzynier.rzeszow.pl\/index.php\/2025\/06\/07\/sesja-otwierajaca-poswiecona-prof-stanislawowi-kusiowi-x-konferencja-naukowo-techniczna-ksztaltowanie-konstrukcji-i-budowli-2025\/#article","isPartOf":{"@id":"https:\/\/inzynier.rzeszow.pl\/index.php\/2025\/06\/07\/sesja-otwierajaca-poswiecona-prof-stanislawowi-kusiowi-x-konferencja-naukowo-techniczna-ksztaltowanie-konstrukcji-i-budowli-2025\/"},"author":{"name":"admin","@id":"https:\/\/inzynier.rzeszow.pl\/#\/schema\/person\/21ca162d893bdc5760a95d704e9b1e39"},"headline":"Sesja otwieraj\u0105ca po\u015bwi\u0119cona Prof. Stanis\u0142awowi Kusiowi &#8211; X Konferencja Naukowo-Techniczna Kszta\u0142towanie Konstrukcji i Budowli 2025","datePublished":"2025-06-07T11:33:35+00:00","dateModified":"2026-03-17T11:48:24+00:00","mainEntityOfPage":{"@id":"https:\/\/inzynier.rzeszow.pl\/index.php\/2025\/06\/07\/sesja-otwierajaca-poswiecona-prof-stanislawowi-kusiowi-x-konferencja-naukowo-techniczna-ksztaltowanie-konstrukcji-i-budowli-2025\/"},"wordCount":1602,"image":{"@id":"https:\/\/inzynier.rzeszow.pl\/index.php\/2025\/06\/07\/sesja-otwierajaca-poswiecona-prof-stanislawowi-kusiowi-x-konferencja-naukowo-techniczna-ksztaltowanie-konstrukcji-i-budowli-2025\/#primaryimage"},"thumbnailUrl":"https:\/\/inzynier.rzeszow.pl\/wp-content\/uploads\/2025\/06\/obraz_2026-01-28_154221959.png","articleSection":["Targi i konferencje","Wydarzenia","Z \u017cycia izby","Z \u017cycia Izby Rok 2025"],"inLanguage":"pl-PL"},{"@type":"WebPage","@id":"https:\/\/inzynier.rzeszow.pl\/index.php\/2025\/06\/07\/sesja-otwierajaca-poswiecona-prof-stanislawowi-kusiowi-x-konferencja-naukowo-techniczna-ksztaltowanie-konstrukcji-i-budowli-2025\/","url":"https:\/\/inzynier.rzeszow.pl\/index.php\/2025\/06\/07\/sesja-otwierajaca-poswiecona-prof-stanislawowi-kusiowi-x-konferencja-naukowo-techniczna-ksztaltowanie-konstrukcji-i-budowli-2025\/","name":"Sesja otwieraj\u0105ca po\u015bwi\u0119cona Prof. Stanis\u0142awowi Kusiowi - X Konferencja Naukowo-Techniczna Kszta\u0142towanie Konstrukcji i Budowli 2025 - Podkarpacka Okregowa Izba Inzynierow Budownictwa","isPartOf":{"@id":"https:\/\/inzynier.rzeszow.pl\/#website"},"primaryImageOfPage":{"@id":"https:\/\/inzynier.rzeszow.pl\/index.php\/2025\/06\/07\/sesja-otwierajaca-poswiecona-prof-stanislawowi-kusiowi-x-konferencja-naukowo-techniczna-ksztaltowanie-konstrukcji-i-budowli-2025\/#primaryimage"},"image":{"@id":"https:\/\/inzynier.rzeszow.pl\/index.php\/2025\/06\/07\/sesja-otwierajaca-poswiecona-prof-stanislawowi-kusiowi-x-konferencja-naukowo-techniczna-ksztaltowanie-konstrukcji-i-budowli-2025\/#primaryimage"},"thumbnailUrl":"https:\/\/inzynier.rzeszow.pl\/wp-content\/uploads\/2025\/06\/obraz_2026-01-28_154221959.png","datePublished":"2025-06-07T11:33:35+00:00","dateModified":"2026-03-17T11:48:24+00:00","author":{"@id":"https:\/\/inzynier.rzeszow.pl\/#\/schema\/person\/21ca162d893bdc5760a95d704e9b1e39"},"breadcrumb":{"@id":"https:\/\/inzynier.rzeszow.pl\/index.php\/2025\/06\/07\/sesja-otwierajaca-poswiecona-prof-stanislawowi-kusiowi-x-konferencja-naukowo-techniczna-ksztaltowanie-konstrukcji-i-budowli-2025\/#breadcrumb"},"inLanguage":"pl-PL","potentialAction":[{"@type":"ReadAction","target":["https:\/\/inzynier.rzeszow.pl\/index.php\/2025\/06\/07\/sesja-otwierajaca-poswiecona-prof-stanislawowi-kusiowi-x-konferencja-naukowo-techniczna-ksztaltowanie-konstrukcji-i-budowli-2025\/"]}]},{"@type":"ImageObject","inLanguage":"pl-PL","@id":"https:\/\/inzynier.rzeszow.pl\/index.php\/2025\/06\/07\/sesja-otwierajaca-poswiecona-prof-stanislawowi-kusiowi-x-konferencja-naukowo-techniczna-ksztaltowanie-konstrukcji-i-budowli-2025\/#primaryimage","url":"https:\/\/inzynier.rzeszow.pl\/wp-content\/uploads\/2025\/06\/obraz_2026-01-28_154221959.png","contentUrl":"https:\/\/inzynier.rzeszow.pl\/wp-content\/uploads\/2025\/06\/obraz_2026-01-28_154221959.png","width":2000,"height":1333},{"@type":"BreadcrumbList","@id":"https:\/\/inzynier.rzeszow.pl\/index.php\/2025\/06\/07\/sesja-otwierajaca-poswiecona-prof-stanislawowi-kusiowi-x-konferencja-naukowo-techniczna-ksztaltowanie-konstrukcji-i-budowli-2025\/#breadcrumb","itemListElement":[{"@type":"ListItem","position":1,"name":"Strona g\u0142\u00f3wna","item":"https:\/\/inzynier.rzeszow.pl\/"},{"@type":"ListItem","position":2,"name":"Sesja otwieraj\u0105ca po\u015bwi\u0119cona Prof. Stanis\u0142awowi Kusiowi &#8211; X Konferencja Naukowo-Techniczna Kszta\u0142towanie Konstrukcji i Budowli 2025"}]},{"@type":"WebSite","@id":"https:\/\/inzynier.rzeszow.pl\/#website","url":"https:\/\/inzynier.rzeszow.pl\/","name":"Podkarpacka Okregowa Izba Inzynierow Budownictwa","description":"","potentialAction":[{"@type":"SearchAction","target":{"@type":"EntryPoint","urlTemplate":"https:\/\/inzynier.rzeszow.pl\/?s={search_term_string}"},"query-input":{"@type":"PropertyValueSpecification","valueRequired":true,"valueName":"search_term_string"}}],"inLanguage":"pl-PL"},{"@type":"Person","@id":"https:\/\/inzynier.rzeszow.pl\/#\/schema\/person\/21ca162d893bdc5760a95d704e9b1e39","name":"admin","image":{"@type":"ImageObject","inLanguage":"pl-PL","@id":"https:\/\/secure.gravatar.com\/avatar\/d5d1959f10b94c8abcf928274f8bb5b8c7370b0dfadb0590911bacad18965f21?s=96&d=mm&r=g","url":"https:\/\/secure.gravatar.com\/avatar\/d5d1959f10b94c8abcf928274f8bb5b8c7370b0dfadb0590911bacad18965f21?s=96&d=mm&r=g","contentUrl":"https:\/\/secure.gravatar.com\/avatar\/d5d1959f10b94c8abcf928274f8bb5b8c7370b0dfadb0590911bacad18965f21?s=96&d=mm&r=g","caption":"admin"},"sameAs":["https:\/\/migracja.inzynier.rzeszow.pl"],"url":"https:\/\/inzynier.rzeszow.pl\/index.php\/author\/kwojcik\/"}]}},"rttpg_featured_image_url":{"full":["https:\/\/inzynier.rzeszow.pl\/wp-content\/uploads\/2025\/06\/obraz_2026-01-28_154221959.png",2000,1333,false],"landscape":["https:\/\/inzynier.rzeszow.pl\/wp-content\/uploads\/2025\/06\/obraz_2026-01-28_154221959.png",2000,1333,false],"portraits":["https:\/\/inzynier.rzeszow.pl\/wp-content\/uploads\/2025\/06\/obraz_2026-01-28_154221959.png",2000,1333,false],"thumbnail":["https:\/\/inzynier.rzeszow.pl\/wp-content\/uploads\/2025\/06\/obraz_2026-01-28_154221959-150x150.png",150,150,true],"medium":["https:\/\/inzynier.rzeszow.pl\/wp-content\/uploads\/2025\/06\/obraz_2026-01-28_154221959-300x200.png",300,200,true],"large":["https:\/\/inzynier.rzeszow.pl\/wp-content\/uploads\/2025\/06\/obraz_2026-01-28_154221959-1024x682.png",1024,682,true],"1536x1536":["https:\/\/inzynier.rzeszow.pl\/wp-content\/uploads\/2025\/06\/obraz_2026-01-28_154221959-1536x1024.png",1536,1024,true],"2048x2048":["https:\/\/inzynier.rzeszow.pl\/wp-content\/uploads\/2025\/06\/obraz_2026-01-28_154221959.png",2000,1333,false]},"rttpg_author":{"display_name":"admin","author_link":"https:\/\/inzynier.rzeszow.pl\/index.php\/author\/kwojcik\/"},"rttpg_comment":0,"rttpg_category":"<a href=\"https:\/\/inzynier.rzeszow.pl\/index.php\/category\/targi-i-konferencje\/\" rel=\"category tag\">Targi i konferencje<\/a> <a href=\"https:\/\/inzynier.rzeszow.pl\/index.php\/category\/wydarzenia\/\" rel=\"category tag\">Wydarzenia<\/a> <a href=\"https:\/\/inzynier.rzeszow.pl\/index.php\/category\/z-zycia-izby\/\" rel=\"category tag\">Z \u017cycia izby<\/a> <a href=\"https:\/\/inzynier.rzeszow.pl\/index.php\/category\/z-zycia-izby\/z-zycia-izby-rok-2025\/\" rel=\"category tag\">Z \u017cycia Izby Rok 2025<\/a>","rttpg_excerpt":"W dniach 04 -06 czerwca 2025 r. w siedzibie PDK OIIB oraz budynku P Wydzia\u0142u Budownictwa, In\u017cynierii \u015arodowiska i Architektury [&hellip;]","_links":{"self":[{"href":"https:\/\/inzynier.rzeszow.pl\/index.php\/wp-json\/wp\/v2\/posts\/3210","targetHints":{"allow":["GET"]}}],"collection":[{"href":"https:\/\/inzynier.rzeszow.pl\/index.php\/wp-json\/wp\/v2\/posts"}],"about":[{"href":"https:\/\/inzynier.rzeszow.pl\/index.php\/wp-json\/wp\/v2\/types\/post"}],"author":[{"embeddable":true,"href":"https:\/\/inzynier.rzeszow.pl\/index.php\/wp-json\/wp\/v2\/users\/1"}],"replies":[{"embeddable":true,"href":"https:\/\/inzynier.rzeszow.pl\/index.php\/wp-json\/wp\/v2\/comments?post=3210"}],"version-history":[{"count":7,"href":"https:\/\/inzynier.rzeszow.pl\/index.php\/wp-json\/wp\/v2\/posts\/3210\/revisions"}],"predecessor-version":[{"id":3281,"href":"https:\/\/inzynier.rzeszow.pl\/index.php\/wp-json\/wp\/v2\/posts\/3210\/revisions\/3281"}],"wp:featuredmedia":[{"embeddable":true,"href":"https:\/\/inzynier.rzeszow.pl\/index.php\/wp-json\/wp\/v2\/media\/3261"}],"wp:attachment":[{"href":"https:\/\/inzynier.rzeszow.pl\/index.php\/wp-json\/wp\/v2\/media?parent=3210"}],"wp:term":[{"taxonomy":"category","embeddable":true,"href":"https:\/\/inzynier.rzeszow.pl\/index.php\/wp-json\/wp\/v2\/categories?post=3210"},{"taxonomy":"post_tag","embeddable":true,"href":"https:\/\/inzynier.rzeszow.pl\/index.php\/wp-json\/wp\/v2\/tags?post=3210"}],"curies":[{"name":"wp","href":"https:\/\/api.w.org\/{rel}","templated":true}]}}