{"id":3209,"date":"2025-06-01T11:08:32","date_gmt":"2025-06-01T11:08:32","guid":{"rendered":"https:\/\/migracja.inzynier.rzeszow.pl\/?p=3209"},"modified":"2026-02-13T13:42:03","modified_gmt":"2026-02-13T13:42:03","slug":"z-wizyta-w-slaskiej-oiib-festyn-rodzinny-bawmy-sie-aktywnie-i-bezpiecznie","status":"publish","type":"post","link":"https:\/\/inzynier.rzeszow.pl\/index.php\/2025\/06\/01\/z-wizyta-w-slaskiej-oiib-festyn-rodzinny-bawmy-sie-aktywnie-i-bezpiecznie\/","title":{"rendered":"Z wizyt\u0105 w \u015al\u0105skiej OIIB &#8211; Festyn rodzinny &#8211; Bawmy si\u0119 aktywnie i bezpiecznie"},"content":{"rendered":"\t\t<div data-elementor-type=\"wp-post\" data-elementor-id=\"3209\" class=\"elementor elementor-3209\" data-elementor-post-type=\"post\">\n\t\t\t\t<div class=\"elementor-element elementor-element-a86bb8d e-flex e-con-boxed e-con e-parent\" data-id=\"a86bb8d\" data-element_type=\"container\" data-e-type=\"container\">\n\t\t\t\t\t<div class=\"e-con-inner\">\n\t\t<div class=\"elementor-element elementor-element-410f3d0 e-con-full e-flex e-con e-child\" data-id=\"410f3d0\" data-element_type=\"container\" data-e-type=\"container\">\n\t\t<div class=\"elementor-element elementor-element-0161690 e-con-full e-flex e-con e-child\" data-id=\"0161690\" data-element_type=\"container\" data-e-type=\"container\">\n\t\t\t\t<div class=\"elementor-element elementor-element-833a258 elementor-widget elementor-widget-image\" data-id=\"833a258\" data-element_type=\"widget\" data-e-type=\"widget\" data-widget_type=\"image.default\">\n\t\t\t\t\t\t\t\t\t\t\t\t\t\t\t<img fetchpriority=\"high\" decoding=\"async\" width=\"819\" height=\"1024\" src=\"https:\/\/inzynier.rzeszow.pl\/wp-content\/uploads\/2025\/06\/obraz_2026-01-28_161126931-819x1024.png\" class=\"attachment-large size-large wp-image-3283\" alt=\"\" srcset=\"https:\/\/inzynier.rzeszow.pl\/wp-content\/uploads\/2025\/06\/obraz_2026-01-28_161126931-819x1024.png 819w, https:\/\/inzynier.rzeszow.pl\/wp-content\/uploads\/2025\/06\/obraz_2026-01-28_161126931-240x300.png 240w, https:\/\/inzynier.rzeszow.pl\/wp-content\/uploads\/2025\/06\/obraz_2026-01-28_161126931-768x960.png 768w, https:\/\/inzynier.rzeszow.pl\/wp-content\/uploads\/2025\/06\/obraz_2026-01-28_161126931.png 1028w\" sizes=\"(max-width: 819px) 100vw, 819px\" \/>\t\t\t\t\t\t\t\t\t\t\t\t\t\t\t<\/div>\n\t\t\t\t<\/div>\n\t\t<div class=\"elementor-element elementor-element-ba0eba7 e-con-full e-flex e-con e-child\" data-id=\"ba0eba7\" data-element_type=\"container\" data-e-type=\"container\">\n\t\t\t\t<div class=\"elementor-element elementor-element-43c5e2f elementor-widget elementor-widget-text-editor\" data-id=\"43c5e2f\" data-element_type=\"widget\" data-e-type=\"widget\" data-widget_type=\"text-editor.default\">\n\t\t\t\t\t\t\t\t\t<p>W sobot\u0119, 31 maja 2025 r., przewodnicz\u0105cy Okr\u0119gowej Rady PDK OIIB Grzegorz Dubik reprezentowa\u0142 Podkarpack\u0105 Okr\u0119gow\u0105 Izb\u0119 In\u017cynier\u00f3w Budownictwa podczas Festynu \u201eBawmy si\u0119 aktywnie i bezpiecznie&#8221;, organizowanego przez \u015al\u0105sk\u0105 OIIB w malowniczym Parku Giszowieckim w Katowicach.<br \/><br \/>Mi\u0142ym akcentem by\u0142o ods\u0142oni\u0119cie przed siedzib\u0105 \u015al\u0105skiej OIIB bebok\u00f3w postaci z \u015bl\u0105skiego folkloru: Emil i Georg budowniczowie Giszowca wyj\u0105tkowego osiedla robotniczego powsta\u0142ego na pocz\u0105tku XX wieku na \u015al\u0105sku.<\/p><p>Festyn mia\u0142 charakter rodzinny i integracyjny &#8211; skierowany by\u0142 nie tylko do cz\u0142onk\u00f3w Izby, ale r\u00f3wnie\u017c do ich rodzin. Tegoroczna edycja przyci\u0105gn\u0119\u0142a rekordow\u0105 liczb\u0119 uczestnik\u00f3w, w tym zaproszonych go\u015bci reprezentuj\u0105cych \u015brodowiska samorz\u0105dowe, naukowe i bran\u017cowe.<\/p><p>Na uczestnik\u00f3w czeka\u0142o wiele atrakcji: pokazy sprz\u0119tu ratowniczego i budowlanego, konkursy z nagrodami, wyst\u0119py artystyczne, strefy edukacyjne i animacje dla dzieci. Wydarzenie by\u0142o r\u00f3wnie\u017c okazj\u0105 do rozm\u00f3w i wymiany do\u015bwiadcze\u0144 mi\u0119dzy in\u017cynierami.<br \/><br \/><br \/><a href=\"https:\/\/www.facebook.com\/SlOIIB\/posts\/pfbid02j5YVkir2EiJ8d8CKfKz1SdYAAiwPWkS7aNhctEWgpBLV2BpqruLcmeXt6BpxpBJNl\" target=\"_blank\" rel=\"noopener\">Galeria fotograficzna z Festynu rodzinnego Bawmy si\u0119 aktywnie i bezpiecznie &#8211; 31.05.2025 r., Katowice &gt;&gt;<\/a><\/p>\t\t\t\t\t\t\t\t<\/div>\n\t\t\t\t<\/div>\n\t\t\t\t<\/div>\n\t\t\t\t\t<\/div>\n\t\t\t\t<\/div>\n\t\t\t\t<\/div>\n\t\t","protected":false},"excerpt":{"rendered":"<p>W sobot\u0119, 31 maja 2025 r., przewodnicz\u0105cy Okr\u0119gowej Rady PDK OIIB Grzegorz Dubik reprezentowa\u0142 Podkarpack\u0105 Okr\u0119gow\u0105 Izb\u0119 In\u017cynier\u00f3w Budownictwa podczas [&hellip;]<\/p>\n","protected":false},"author":1,"featured_media":3283,"comment_status":"closed","ping_status":"closed","sticky":false,"template":"","format":"standard","meta":{"site-sidebar-layout":"default","site-content-layout":"","ast-site-content-layout":"default","site-content-style":"default","site-sidebar-style":"default","ast-global-header-display":"","ast-banner-title-visibility":"","ast-main-header-display":"","ast-hfb-above-header-display":"","ast-hfb-below-header-display":"","ast-hfb-mobile-header-display":"","site-post-title":"","ast-breadcrumbs-content":"","ast-featured-img":"","footer-sml-layout":"","ast-disable-related-posts":"","theme-transparent-header-meta":"","adv-header-id-meta":"","stick-header-meta":"","header-above-stick-meta":"","header-main-stick-meta":"","header-below-stick-meta":"","astra-migrate-meta-layouts":"default","ast-page-background-enabled":"default","ast-page-background-meta":{"desktop":{"background-color":"var(--ast-global-color-5)","background-image":"","background-repeat":"repeat","background-position":"center center","background-size":"auto","background-attachment":"scroll","background-type":"","background-media":"","overlay-type":"","overlay-color":"","overlay-opacity":"","overlay-gradient":""},"tablet":{"background-color":"","background-image":"","background-repeat":"repeat","background-position":"center center","background-size":"auto","background-attachment":"scroll","background-type":"","background-media":"","overlay-type":"","overlay-color":"","overlay-opacity":"","overlay-gradient":""},"mobile":{"background-color":"","background-image":"","background-repeat":"repeat","background-position":"center center","background-size":"auto","background-attachment":"scroll","background-type":"","background-media":"","overlay-type":"","overlay-color":"","overlay-opacity":"","overlay-gradient":""}},"ast-content-background-meta":{"desktop":{"background-color":"var(--ast-global-color-4)","background-image":"","background-repeat":"repeat","background-position":"center center","background-size":"auto","background-attachment":"scroll","background-type":"","background-media":"","overlay-type":"","overlay-color":"","overlay-opacity":"","overlay-gradient":""},"tablet":{"background-color":"var(--ast-global-color-4)","background-image":"","background-repeat":"repeat","background-position":"center center","background-size":"auto","background-attachment":"scroll","background-type":"","background-media":"","overlay-type":"","overlay-color":"","overlay-opacity":"","overlay-gradient":""},"mobile":{"background-color":"var(--ast-global-color-4)","background-image":"","background-repeat":"repeat","background-position":"center center","background-size":"auto","background-attachment":"scroll","background-type":"","background-media":"","overlay-type":"","overlay-color":"","overlay-opacity":"","overlay-gradient":""}},"footnotes":""},"categories":[7,16,55],"tags":[],"class_list":["post-3209","post","type-post","status-publish","format-standard","has-post-thumbnail","hentry","category-wydarzenia","category-z-zycia-izby","category-z-zycia-izby-rok-2025"],"yoast_head":"<!-- This site is optimized with the Yoast SEO plugin v27.5 - https:\/\/yoast.com\/product\/yoast-seo-wordpress\/ -->\n<title>Z wizyt\u0105 w \u015al\u0105skiej OIIB - Festyn rodzinny - Bawmy si\u0119 aktywnie i bezpiecznie - Podkarpacka Okregowa Izba Inzynierow Budownictwa<\/title>\n<meta name=\"robots\" content=\"index, follow, max-snippet:-1, max-image-preview:large, max-video-preview:-1\" \/>\n<link rel=\"canonical\" href=\"https:\/\/inzynier.rzeszow.pl\/index.php\/2025\/06\/01\/z-wizyta-w-slaskiej-oiib-festyn-rodzinny-bawmy-sie-aktywnie-i-bezpiecznie\/\" \/>\n<meta property=\"og:locale\" content=\"pl_PL\" \/>\n<meta property=\"og:type\" content=\"article\" \/>\n<meta property=\"og:title\" content=\"Z wizyt\u0105 w \u015al\u0105skiej OIIB - Festyn rodzinny - Bawmy si\u0119 aktywnie i bezpiecznie - Podkarpacka Okregowa Izba Inzynierow Budownictwa\" \/>\n<meta property=\"og:description\" content=\"W sobot\u0119, 31 maja 2025 r., przewodnicz\u0105cy Okr\u0119gowej Rady PDK OIIB Grzegorz Dubik reprezentowa\u0142 Podkarpack\u0105 Okr\u0119gow\u0105 Izb\u0119 In\u017cynier\u00f3w Budownictwa podczas [&hellip;]\" \/>\n<meta property=\"og:url\" content=\"https:\/\/inzynier.rzeszow.pl\/index.php\/2025\/06\/01\/z-wizyta-w-slaskiej-oiib-festyn-rodzinny-bawmy-sie-aktywnie-i-bezpiecznie\/\" \/>\n<meta property=\"og:site_name\" content=\"Podkarpacka Okregowa Izba Inzynierow Budownictwa\" \/>\n<meta property=\"article:published_time\" content=\"2025-06-01T11:08:32+00:00\" \/>\n<meta property=\"article:modified_time\" content=\"2026-02-13T13:42:03+00:00\" \/>\n<meta property=\"og:image\" content=\"https:\/\/inzynier.rzeszow.pl\/wp-content\/uploads\/2025\/06\/obraz_2026-01-28_161126931.png\" \/>\n\t<meta property=\"og:image:width\" content=\"1028\" \/>\n\t<meta property=\"og:image:height\" content=\"1285\" \/>\n\t<meta property=\"og:image:type\" content=\"image\/png\" \/>\n<meta name=\"author\" content=\"admin\" \/>\n<meta name=\"twitter:card\" content=\"summary_large_image\" \/>\n<meta name=\"twitter:label1\" content=\"Napisane przez\" \/>\n\t<meta name=\"twitter:data1\" content=\"admin\" \/>\n\t<meta name=\"twitter:label2\" content=\"Szacowany czas czytania\" \/>\n\t<meta name=\"twitter:data2\" content=\"1 minuta\" \/>\n<script type=\"application\/ld+json\" class=\"yoast-schema-graph\">{\"@context\":\"https:\\\/\\\/schema.org\",\"@graph\":[{\"@type\":\"Article\",\"@id\":\"https:\\\/\\\/inzynier.rzeszow.pl\\\/index.php\\\/2025\\\/06\\\/01\\\/z-wizyta-w-slaskiej-oiib-festyn-rodzinny-bawmy-sie-aktywnie-i-bezpiecznie\\\/#article\",\"isPartOf\":{\"@id\":\"https:\\\/\\\/inzynier.rzeszow.pl\\\/index.php\\\/2025\\\/06\\\/01\\\/z-wizyta-w-slaskiej-oiib-festyn-rodzinny-bawmy-sie-aktywnie-i-bezpiecznie\\\/\"},\"author\":{\"name\":\"admin\",\"@id\":\"https:\\\/\\\/inzynier.rzeszow.pl\\\/#\\\/schema\\\/person\\\/21ca162d893bdc5760a95d704e9b1e39\"},\"headline\":\"Z wizyt\u0105 w \u015al\u0105skiej OIIB &#8211; Festyn rodzinny &#8211; Bawmy si\u0119 aktywnie i bezpiecznie\",\"datePublished\":\"2025-06-01T11:08:32+00:00\",\"dateModified\":\"2026-02-13T13:42:03+00:00\",\"mainEntityOfPage\":{\"@id\":\"https:\\\/\\\/inzynier.rzeszow.pl\\\/index.php\\\/2025\\\/06\\\/01\\\/z-wizyta-w-slaskiej-oiib-festyn-rodzinny-bawmy-sie-aktywnie-i-bezpiecznie\\\/\"},\"wordCount\":196,\"image\":{\"@id\":\"https:\\\/\\\/inzynier.rzeszow.pl\\\/index.php\\\/2025\\\/06\\\/01\\\/z-wizyta-w-slaskiej-oiib-festyn-rodzinny-bawmy-sie-aktywnie-i-bezpiecznie\\\/#primaryimage\"},\"thumbnailUrl\":\"https:\\\/\\\/inzynier.rzeszow.pl\\\/wp-content\\\/uploads\\\/2025\\\/06\\\/obraz_2026-01-28_161126931.png\",\"articleSection\":[\"Wydarzenia\",\"Z \u017cycia izby\",\"Z \u017cycia Izby Rok 2025\"],\"inLanguage\":\"pl-PL\"},{\"@type\":\"WebPage\",\"@id\":\"https:\\\/\\\/inzynier.rzeszow.pl\\\/index.php\\\/2025\\\/06\\\/01\\\/z-wizyta-w-slaskiej-oiib-festyn-rodzinny-bawmy-sie-aktywnie-i-bezpiecznie\\\/\",\"url\":\"https:\\\/\\\/inzynier.rzeszow.pl\\\/index.php\\\/2025\\\/06\\\/01\\\/z-wizyta-w-slaskiej-oiib-festyn-rodzinny-bawmy-sie-aktywnie-i-bezpiecznie\\\/\",\"name\":\"Z wizyt\u0105 w \u015al\u0105skiej OIIB - Festyn rodzinny - Bawmy si\u0119 aktywnie i bezpiecznie - Podkarpacka Okregowa Izba Inzynierow Budownictwa\",\"isPartOf\":{\"@id\":\"https:\\\/\\\/inzynier.rzeszow.pl\\\/#website\"},\"primaryImageOfPage\":{\"@id\":\"https:\\\/\\\/inzynier.rzeszow.pl\\\/index.php\\\/2025\\\/06\\\/01\\\/z-wizyta-w-slaskiej-oiib-festyn-rodzinny-bawmy-sie-aktywnie-i-bezpiecznie\\\/#primaryimage\"},\"image\":{\"@id\":\"https:\\\/\\\/inzynier.rzeszow.pl\\\/index.php\\\/2025\\\/06\\\/01\\\/z-wizyta-w-slaskiej-oiib-festyn-rodzinny-bawmy-sie-aktywnie-i-bezpiecznie\\\/#primaryimage\"},\"thumbnailUrl\":\"https:\\\/\\\/inzynier.rzeszow.pl\\\/wp-content\\\/uploads\\\/2025\\\/06\\\/obraz_2026-01-28_161126931.png\",\"datePublished\":\"2025-06-01T11:08:32+00:00\",\"dateModified\":\"2026-02-13T13:42:03+00:00\",\"author\":{\"@id\":\"https:\\\/\\\/inzynier.rzeszow.pl\\\/#\\\/schema\\\/person\\\/21ca162d893bdc5760a95d704e9b1e39\"},\"breadcrumb\":{\"@id\":\"https:\\\/\\\/inzynier.rzeszow.pl\\\/index.php\\\/2025\\\/06\\\/01\\\/z-wizyta-w-slaskiej-oiib-festyn-rodzinny-bawmy-sie-aktywnie-i-bezpiecznie\\\/#breadcrumb\"},\"inLanguage\":\"pl-PL\",\"potentialAction\":[{\"@type\":\"ReadAction\",\"target\":[\"https:\\\/\\\/inzynier.rzeszow.pl\\\/index.php\\\/2025\\\/06\\\/01\\\/z-wizyta-w-slaskiej-oiib-festyn-rodzinny-bawmy-sie-aktywnie-i-bezpiecznie\\\/\"]}]},{\"@type\":\"ImageObject\",\"inLanguage\":\"pl-PL\",\"@id\":\"https:\\\/\\\/inzynier.rzeszow.pl\\\/index.php\\\/2025\\\/06\\\/01\\\/z-wizyta-w-slaskiej-oiib-festyn-rodzinny-bawmy-sie-aktywnie-i-bezpiecznie\\\/#primaryimage\",\"url\":\"https:\\\/\\\/inzynier.rzeszow.pl\\\/wp-content\\\/uploads\\\/2025\\\/06\\\/obraz_2026-01-28_161126931.png\",\"contentUrl\":\"https:\\\/\\\/inzynier.rzeszow.pl\\\/wp-content\\\/uploads\\\/2025\\\/06\\\/obraz_2026-01-28_161126931.png\",\"width\":1028,\"height\":1285},{\"@type\":\"BreadcrumbList\",\"@id\":\"https:\\\/\\\/inzynier.rzeszow.pl\\\/index.php\\\/2025\\\/06\\\/01\\\/z-wizyta-w-slaskiej-oiib-festyn-rodzinny-bawmy-sie-aktywnie-i-bezpiecznie\\\/#breadcrumb\",\"itemListElement\":[{\"@type\":\"ListItem\",\"position\":1,\"name\":\"Strona g\u0142\u00f3wna\",\"item\":\"https:\\\/\\\/inzynier.rzeszow.pl\\\/\"},{\"@type\":\"ListItem\",\"position\":2,\"name\":\"Z wizyt\u0105 w \u015al\u0105skiej OIIB &#8211; Festyn rodzinny &#8211; Bawmy si\u0119 aktywnie i bezpiecznie\"}]},{\"@type\":\"WebSite\",\"@id\":\"https:\\\/\\\/inzynier.rzeszow.pl\\\/#website\",\"url\":\"https:\\\/\\\/inzynier.rzeszow.pl\\\/\",\"name\":\"Podkarpacka Okregowa Izba Inzynierow Budownictwa\",\"description\":\"\",\"potentialAction\":[{\"@type\":\"SearchAction\",\"target\":{\"@type\":\"EntryPoint\",\"urlTemplate\":\"https:\\\/\\\/inzynier.rzeszow.pl\\\/?s={search_term_string}\"},\"query-input\":{\"@type\":\"PropertyValueSpecification\",\"valueRequired\":true,\"valueName\":\"search_term_string\"}}],\"inLanguage\":\"pl-PL\"},{\"@type\":\"Person\",\"@id\":\"https:\\\/\\\/inzynier.rzeszow.pl\\\/#\\\/schema\\\/person\\\/21ca162d893bdc5760a95d704e9b1e39\",\"name\":\"admin\",\"image\":{\"@type\":\"ImageObject\",\"inLanguage\":\"pl-PL\",\"@id\":\"https:\\\/\\\/secure.gravatar.com\\\/avatar\\\/d5d1959f10b94c8abcf928274f8bb5b8c7370b0dfadb0590911bacad18965f21?s=96&d=mm&r=g\",\"url\":\"https:\\\/\\\/secure.gravatar.com\\\/avatar\\\/d5d1959f10b94c8abcf928274f8bb5b8c7370b0dfadb0590911bacad18965f21?s=96&d=mm&r=g\",\"contentUrl\":\"https:\\\/\\\/secure.gravatar.com\\\/avatar\\\/d5d1959f10b94c8abcf928274f8bb5b8c7370b0dfadb0590911bacad18965f21?s=96&d=mm&r=g\",\"caption\":\"admin\"},\"sameAs\":[\"https:\\\/\\\/migracja.inzynier.rzeszow.pl\"],\"url\":\"https:\\\/\\\/inzynier.rzeszow.pl\\\/index.php\\\/author\\\/kwojcik\\\/\"}]}<\/script>\n<!-- \/ Yoast SEO plugin. -->","yoast_head_json":{"title":"Z wizyt\u0105 w \u015al\u0105skiej OIIB - Festyn rodzinny - Bawmy si\u0119 aktywnie i bezpiecznie - Podkarpacka Okregowa Izba Inzynierow Budownictwa","robots":{"index":"index","follow":"follow","max-snippet":"max-snippet:-1","max-image-preview":"max-image-preview:large","max-video-preview":"max-video-preview:-1"},"canonical":"https:\/\/inzynier.rzeszow.pl\/index.php\/2025\/06\/01\/z-wizyta-w-slaskiej-oiib-festyn-rodzinny-bawmy-sie-aktywnie-i-bezpiecznie\/","og_locale":"pl_PL","og_type":"article","og_title":"Z wizyt\u0105 w \u015al\u0105skiej OIIB - Festyn rodzinny - Bawmy si\u0119 aktywnie i bezpiecznie - Podkarpacka Okregowa Izba Inzynierow Budownictwa","og_description":"W sobot\u0119, 31 maja 2025 r., przewodnicz\u0105cy Okr\u0119gowej Rady PDK OIIB Grzegorz Dubik reprezentowa\u0142 Podkarpack\u0105 Okr\u0119gow\u0105 Izb\u0119 In\u017cynier\u00f3w Budownictwa podczas [&hellip;]","og_url":"https:\/\/inzynier.rzeszow.pl\/index.php\/2025\/06\/01\/z-wizyta-w-slaskiej-oiib-festyn-rodzinny-bawmy-sie-aktywnie-i-bezpiecznie\/","og_site_name":"Podkarpacka Okregowa Izba Inzynierow Budownictwa","article_published_time":"2025-06-01T11:08:32+00:00","article_modified_time":"2026-02-13T13:42:03+00:00","og_image":[{"width":1028,"height":1285,"url":"https:\/\/inzynier.rzeszow.pl\/wp-content\/uploads\/2025\/06\/obraz_2026-01-28_161126931.png","type":"image\/png"}],"author":"admin","twitter_card":"summary_large_image","twitter_misc":{"Napisane przez":"admin","Szacowany czas czytania":"1 minuta"},"schema":{"@context":"https:\/\/schema.org","@graph":[{"@type":"Article","@id":"https:\/\/inzynier.rzeszow.pl\/index.php\/2025\/06\/01\/z-wizyta-w-slaskiej-oiib-festyn-rodzinny-bawmy-sie-aktywnie-i-bezpiecznie\/#article","isPartOf":{"@id":"https:\/\/inzynier.rzeszow.pl\/index.php\/2025\/06\/01\/z-wizyta-w-slaskiej-oiib-festyn-rodzinny-bawmy-sie-aktywnie-i-bezpiecznie\/"},"author":{"name":"admin","@id":"https:\/\/inzynier.rzeszow.pl\/#\/schema\/person\/21ca162d893bdc5760a95d704e9b1e39"},"headline":"Z wizyt\u0105 w \u015al\u0105skiej OIIB &#8211; Festyn rodzinny &#8211; Bawmy si\u0119 aktywnie i bezpiecznie","datePublished":"2025-06-01T11:08:32+00:00","dateModified":"2026-02-13T13:42:03+00:00","mainEntityOfPage":{"@id":"https:\/\/inzynier.rzeszow.pl\/index.php\/2025\/06\/01\/z-wizyta-w-slaskiej-oiib-festyn-rodzinny-bawmy-sie-aktywnie-i-bezpiecznie\/"},"wordCount":196,"image":{"@id":"https:\/\/inzynier.rzeszow.pl\/index.php\/2025\/06\/01\/z-wizyta-w-slaskiej-oiib-festyn-rodzinny-bawmy-sie-aktywnie-i-bezpiecznie\/#primaryimage"},"thumbnailUrl":"https:\/\/inzynier.rzeszow.pl\/wp-content\/uploads\/2025\/06\/obraz_2026-01-28_161126931.png","articleSection":["Wydarzenia","Z \u017cycia izby","Z \u017cycia Izby Rok 2025"],"inLanguage":"pl-PL"},{"@type":"WebPage","@id":"https:\/\/inzynier.rzeszow.pl\/index.php\/2025\/06\/01\/z-wizyta-w-slaskiej-oiib-festyn-rodzinny-bawmy-sie-aktywnie-i-bezpiecznie\/","url":"https:\/\/inzynier.rzeszow.pl\/index.php\/2025\/06\/01\/z-wizyta-w-slaskiej-oiib-festyn-rodzinny-bawmy-sie-aktywnie-i-bezpiecznie\/","name":"Z wizyt\u0105 w \u015al\u0105skiej OIIB - Festyn rodzinny - Bawmy si\u0119 aktywnie i bezpiecznie - Podkarpacka Okregowa Izba Inzynierow Budownictwa","isPartOf":{"@id":"https:\/\/inzynier.rzeszow.pl\/#website"},"primaryImageOfPage":{"@id":"https:\/\/inzynier.rzeszow.pl\/index.php\/2025\/06\/01\/z-wizyta-w-slaskiej-oiib-festyn-rodzinny-bawmy-sie-aktywnie-i-bezpiecznie\/#primaryimage"},"image":{"@id":"https:\/\/inzynier.rzeszow.pl\/index.php\/2025\/06\/01\/z-wizyta-w-slaskiej-oiib-festyn-rodzinny-bawmy-sie-aktywnie-i-bezpiecznie\/#primaryimage"},"thumbnailUrl":"https:\/\/inzynier.rzeszow.pl\/wp-content\/uploads\/2025\/06\/obraz_2026-01-28_161126931.png","datePublished":"2025-06-01T11:08:32+00:00","dateModified":"2026-02-13T13:42:03+00:00","author":{"@id":"https:\/\/inzynier.rzeszow.pl\/#\/schema\/person\/21ca162d893bdc5760a95d704e9b1e39"},"breadcrumb":{"@id":"https:\/\/inzynier.rzeszow.pl\/index.php\/2025\/06\/01\/z-wizyta-w-slaskiej-oiib-festyn-rodzinny-bawmy-sie-aktywnie-i-bezpiecznie\/#breadcrumb"},"inLanguage":"pl-PL","potentialAction":[{"@type":"ReadAction","target":["https:\/\/inzynier.rzeszow.pl\/index.php\/2025\/06\/01\/z-wizyta-w-slaskiej-oiib-festyn-rodzinny-bawmy-sie-aktywnie-i-bezpiecznie\/"]}]},{"@type":"ImageObject","inLanguage":"pl-PL","@id":"https:\/\/inzynier.rzeszow.pl\/index.php\/2025\/06\/01\/z-wizyta-w-slaskiej-oiib-festyn-rodzinny-bawmy-sie-aktywnie-i-bezpiecznie\/#primaryimage","url":"https:\/\/inzynier.rzeszow.pl\/wp-content\/uploads\/2025\/06\/obraz_2026-01-28_161126931.png","contentUrl":"https:\/\/inzynier.rzeszow.pl\/wp-content\/uploads\/2025\/06\/obraz_2026-01-28_161126931.png","width":1028,"height":1285},{"@type":"BreadcrumbList","@id":"https:\/\/inzynier.rzeszow.pl\/index.php\/2025\/06\/01\/z-wizyta-w-slaskiej-oiib-festyn-rodzinny-bawmy-sie-aktywnie-i-bezpiecznie\/#breadcrumb","itemListElement":[{"@type":"ListItem","position":1,"name":"Strona g\u0142\u00f3wna","item":"https:\/\/inzynier.rzeszow.pl\/"},{"@type":"ListItem","position":2,"name":"Z wizyt\u0105 w \u015al\u0105skiej OIIB &#8211; Festyn rodzinny &#8211; Bawmy si\u0119 aktywnie i bezpiecznie"}]},{"@type":"WebSite","@id":"https:\/\/inzynier.rzeszow.pl\/#website","url":"https:\/\/inzynier.rzeszow.pl\/","name":"Podkarpacka Okregowa Izba Inzynierow Budownictwa","description":"","potentialAction":[{"@type":"SearchAction","target":{"@type":"EntryPoint","urlTemplate":"https:\/\/inzynier.rzeszow.pl\/?s={search_term_string}"},"query-input":{"@type":"PropertyValueSpecification","valueRequired":true,"valueName":"search_term_string"}}],"inLanguage":"pl-PL"},{"@type":"Person","@id":"https:\/\/inzynier.rzeszow.pl\/#\/schema\/person\/21ca162d893bdc5760a95d704e9b1e39","name":"admin","image":{"@type":"ImageObject","inLanguage":"pl-PL","@id":"https:\/\/secure.gravatar.com\/avatar\/d5d1959f10b94c8abcf928274f8bb5b8c7370b0dfadb0590911bacad18965f21?s=96&d=mm&r=g","url":"https:\/\/secure.gravatar.com\/avatar\/d5d1959f10b94c8abcf928274f8bb5b8c7370b0dfadb0590911bacad18965f21?s=96&d=mm&r=g","contentUrl":"https:\/\/secure.gravatar.com\/avatar\/d5d1959f10b94c8abcf928274f8bb5b8c7370b0dfadb0590911bacad18965f21?s=96&d=mm&r=g","caption":"admin"},"sameAs":["https:\/\/migracja.inzynier.rzeszow.pl"],"url":"https:\/\/inzynier.rzeszow.pl\/index.php\/author\/kwojcik\/"}]}},"rttpg_featured_image_url":{"full":["https:\/\/inzynier.rzeszow.pl\/wp-content\/uploads\/2025\/06\/obraz_2026-01-28_161126931.png",1028,1285,false],"landscape":["https:\/\/inzynier.rzeszow.pl\/wp-content\/uploads\/2025\/06\/obraz_2026-01-28_161126931.png",1028,1285,false],"portraits":["https:\/\/inzynier.rzeszow.pl\/wp-content\/uploads\/2025\/06\/obraz_2026-01-28_161126931.png",1028,1285,false],"thumbnail":["https:\/\/inzynier.rzeszow.pl\/wp-content\/uploads\/2025\/06\/obraz_2026-01-28_161126931-150x150.png",150,150,true],"medium":["https:\/\/inzynier.rzeszow.pl\/wp-content\/uploads\/2025\/06\/obraz_2026-01-28_161126931-240x300.png",240,300,true],"large":["https:\/\/inzynier.rzeszow.pl\/wp-content\/uploads\/2025\/06\/obraz_2026-01-28_161126931-819x1024.png",819,1024,true],"1536x1536":["https:\/\/inzynier.rzeszow.pl\/wp-content\/uploads\/2025\/06\/obraz_2026-01-28_161126931.png",1028,1285,false],"2048x2048":["https:\/\/inzynier.rzeszow.pl\/wp-content\/uploads\/2025\/06\/obraz_2026-01-28_161126931.png",1028,1285,false]},"rttpg_author":{"display_name":"admin","author_link":"https:\/\/inzynier.rzeszow.pl\/index.php\/author\/kwojcik\/"},"rttpg_comment":0,"rttpg_category":"<a href=\"https:\/\/inzynier.rzeszow.pl\/index.php\/category\/wydarzenia\/\" rel=\"category tag\">Wydarzenia<\/a> <a href=\"https:\/\/inzynier.rzeszow.pl\/index.php\/category\/z-zycia-izby\/\" rel=\"category tag\">Z \u017cycia izby<\/a> <a href=\"https:\/\/inzynier.rzeszow.pl\/index.php\/category\/z-zycia-izby\/z-zycia-izby-rok-2025\/\" rel=\"category tag\">Z \u017cycia Izby Rok 2025<\/a>","rttpg_excerpt":"W sobot\u0119, 31 maja 2025 r., przewodnicz\u0105cy Okr\u0119gowej Rady PDK OIIB Grzegorz Dubik reprezentowa\u0142 Podkarpack\u0105 Okr\u0119gow\u0105 Izb\u0119 In\u017cynier\u00f3w Budownictwa podczas [&hellip;]","_links":{"self":[{"href":"https:\/\/inzynier.rzeszow.pl\/index.php\/wp-json\/wp\/v2\/posts\/3209","targetHints":{"allow":["GET"]}}],"collection":[{"href":"https:\/\/inzynier.rzeszow.pl\/index.php\/wp-json\/wp\/v2\/posts"}],"about":[{"href":"https:\/\/inzynier.rzeszow.pl\/index.php\/wp-json\/wp\/v2\/types\/post"}],"author":[{"embeddable":true,"href":"https:\/\/inzynier.rzeszow.pl\/index.php\/wp-json\/wp\/v2\/users\/1"}],"replies":[{"embeddable":true,"href":"https:\/\/inzynier.rzeszow.pl\/index.php\/wp-json\/wp\/v2\/comments?post=3209"}],"version-history":[{"count":4,"href":"https:\/\/inzynier.rzeszow.pl\/index.php\/wp-json\/wp\/v2\/posts\/3209\/revisions"}],"predecessor-version":[{"id":3286,"href":"https:\/\/inzynier.rzeszow.pl\/index.php\/wp-json\/wp\/v2\/posts\/3209\/revisions\/3286"}],"wp:featuredmedia":[{"embeddable":true,"href":"https:\/\/inzynier.rzeszow.pl\/index.php\/wp-json\/wp\/v2\/media\/3283"}],"wp:attachment":[{"href":"https:\/\/inzynier.rzeszow.pl\/index.php\/wp-json\/wp\/v2\/media?parent=3209"}],"wp:term":[{"taxonomy":"category","embeddable":true,"href":"https:\/\/inzynier.rzeszow.pl\/index.php\/wp-json\/wp\/v2\/categories?post=3209"},{"taxonomy":"post_tag","embeddable":true,"href":"https:\/\/inzynier.rzeszow.pl\/index.php\/wp-json\/wp\/v2\/tags?post=3209"}],"curies":[{"name":"wp","href":"https:\/\/api.w.org\/{rel}","templated":true}]}}