{"id":3208,"date":"2025-06-01T08:54:29","date_gmt":"2025-06-01T08:54:29","guid":{"rendered":"https:\/\/migracja.inzynier.rzeszow.pl\/?p=3208"},"modified":"2026-02-13T13:42:04","modified_gmt":"2026-02-13T13:42:04","slug":"spotkanie-informacyjno-integracyjne-czlonkow-naszej-izby-z-terenu-powiatu-lancuckiego","status":"publish","type":"post","link":"https:\/\/inzynier.rzeszow.pl\/index.php\/2025\/06\/01\/spotkanie-informacyjno-integracyjne-czlonkow-naszej-izby-z-terenu-powiatu-lancuckiego\/","title":{"rendered":"Spotkanie informacyjno-integracyjne cz\u0142onk\u00f3w naszej Izby z terenu powiatu \u0142a\u0144cuckiego"},"content":{"rendered":"\t\t<div data-elementor-type=\"wp-post\" data-elementor-id=\"3208\" class=\"elementor elementor-3208\" data-elementor-post-type=\"post\">\n\t\t\t\t<div class=\"elementor-element elementor-element-a86bb8d e-con-full e-flex e-con e-parent\" data-id=\"a86bb8d\" data-element_type=\"container\" data-e-type=\"container\">\n\t\t<div class=\"elementor-element elementor-element-410f3d0 e-con-full e-flex e-con e-child\" data-id=\"410f3d0\" data-element_type=\"container\" data-e-type=\"container\">\n\t\t<div class=\"elementor-element elementor-element-0161690 e-con-full e-flex e-con e-child\" data-id=\"0161690\" data-element_type=\"container\" data-e-type=\"container\">\n\t\t\t\t<div class=\"elementor-element elementor-element-833a258 elementor-widget elementor-widget-image\" data-id=\"833a258\" data-element_type=\"widget\" data-e-type=\"widget\" data-widget_type=\"image.default\">\n\t\t\t\t\t\t\t\t\t\t\t\t\t\t\t<img fetchpriority=\"high\" decoding=\"async\" width=\"768\" height=\"1024\" src=\"https:\/\/inzynier.rzeszow.pl\/wp-content\/uploads\/2025\/06\/obraz_2026-01-28_161519548-768x1024.png\" class=\"attachment-large size-large wp-image-3288\" alt=\"\" srcset=\"https:\/\/inzynier.rzeszow.pl\/wp-content\/uploads\/2025\/06\/obraz_2026-01-28_161519548-768x1024.png 768w, https:\/\/inzynier.rzeszow.pl\/wp-content\/uploads\/2025\/06\/obraz_2026-01-28_161519548-225x300.png 225w, https:\/\/inzynier.rzeszow.pl\/wp-content\/uploads\/2025\/06\/obraz_2026-01-28_161519548-1152x1536.png 1152w, https:\/\/inzynier.rzeszow.pl\/wp-content\/uploads\/2025\/06\/obraz_2026-01-28_161519548.png 1500w\" sizes=\"(max-width: 768px) 100vw, 768px\" \/>\t\t\t\t\t\t\t\t\t\t\t\t\t\t\t<\/div>\n\t\t\t\t<\/div>\n\t\t<div class=\"elementor-element elementor-element-ba0eba7 e-con-full e-flex e-con e-child\" data-id=\"ba0eba7\" data-element_type=\"container\" data-e-type=\"container\">\n\t\t\t\t<div class=\"elementor-element elementor-element-43c5e2f elementor-widget elementor-widget-text-editor\" data-id=\"43c5e2f\" data-element_type=\"widget\" data-e-type=\"widget\" data-widget_type=\"text-editor.default\">\n\t\t\t\t\t\t\t\t\t<p>W dniu 31 maja 2025 r. w Restauracji Misiowy Zak\u0105tek w Czarnej odby\u0142o si\u0119 spotkanie integracyjne cz\u0142onk\u00f3w PDK OIIB powiatu \u0142a\u0144cuckiego.<br \/>Na spotkanie zostali zaproszeni przedstawiciele Wydzia\u0142u Architektury i Budownictwa Starostwa w \u0141a\u0144cucie Ma\u0142gorzata Sobek oraz Dyrektor Powiatowego Zarz\u0105du Dr\u00f3g w \u0141a\u0144cucie Aleksandra Cieszy\u0144ska.<br \/>W\u0142adze Podkarpackiej Izby by\u0142 reprezentowany przez zast\u0119pc\u00f3w przewodnicz\u0105cego PDK OIIB Wac\u0142aw Kami\u0144ski i Anna Malinowska.<\/p><p>Obecni byli delegaci Okr\u0119gowego Zjazdu PDK OIIB<strong>\u00a0<\/strong>z powiatu \u0142a\u0144cuckiego sk\u0142adzie:<br \/>&#8211; Grzegorz Bieniasz<br \/>&#8211; Wojciech Ku\u017amicz<br \/>&#8211; Wojciech Parys<br \/>&#8211; \u0141ukasz Szajnar<\/p><p>Licznie zgromadzeni cz\u0142onkowie Podkarpackiej OIIB podczas spotkania prowadzili rozmowy na tematy zawodowe, dziel\u0105c si\u0119 spostrze\u017ceniami, pogl\u0105dami oraz cennymi do\u015bwiadczeniami.<\/p><p>Nestorzy spotkania Maria Ewa Skr\u0119t oraz Aleksander Szczepa\u0144ski zostali uhonorowani pami\u0105tkowymi medalami wraz z listem gratulacyjnym.<\/p><p>Spotkanie trwa\u0142o do p\u00f3\u017anych godzin nocnych.<br \/>Ca\u0142e spotkanie zosta\u0142o przygotowane przez Wojciecha Parysa we wsp\u00f3\u0142pracy z Grzegorzem Bieniaszem i Wojciechem Ku\u017amiczem.<\/p><p><strong><a href=\"https:\/\/www.facebook.com\/PodkarpackaOIIB\/posts\/pfbid027giwnavxiJBWPyErtabTZzmvuvZqXFQMVxipEBt7HxaBHJnn1C8G3RUzwt7cKUgKl\" target=\"_blank\" rel=\"noopener\">Galeria fotograficzna z spotkania informacyjno-integracyjne cz\u0142onk\u00f3w naszej Izby z terenu powiatu \u0142a\u0144cuckiego 31.05.2025 r. &gt;&gt;<\/a><br \/><\/strong><br \/>Opracowa\u0142: Wojciech Parys<br \/>fot.: \u0141ukasz Szajna<\/p>\t\t\t\t\t\t\t\t<\/div>\n\t\t\t\t<\/div>\n\t\t\t\t<\/div>\n\t\t\t\t<\/div>\n\t\t\t\t<\/div>\n\t\t","protected":false},"excerpt":{"rendered":"<p>W dniu 31 maja 2025 r. w Restauracji Misiowy Zak\u0105tek w Czarnej odby\u0142o si\u0119 spotkanie integracyjne cz\u0142onk\u00f3w PDK OIIB powiatu [&hellip;]<\/p>\n","protected":false},"author":1,"featured_media":3288,"comment_status":"closed","ping_status":"closed","sticky":false,"template":"","format":"standard","meta":{"site-sidebar-layout":"default","site-content-layout":"","ast-site-content-layout":"default","site-content-style":"default","site-sidebar-style":"default","ast-global-header-display":"","ast-banner-title-visibility":"","ast-main-header-display":"","ast-hfb-above-header-display":"","ast-hfb-below-header-display":"","ast-hfb-mobile-header-display":"","site-post-title":"","ast-breadcrumbs-content":"","ast-featured-img":"","footer-sml-layout":"","ast-disable-related-posts":"","theme-transparent-header-meta":"","adv-header-id-meta":"","stick-header-meta":"","header-above-stick-meta":"","header-main-stick-meta":"","header-below-stick-meta":"","astra-migrate-meta-layouts":"default","ast-page-background-enabled":"default","ast-page-background-meta":{"desktop":{"background-color":"var(--ast-global-color-5)","background-image":"","background-repeat":"repeat","background-position":"center center","background-size":"auto","background-attachment":"scroll","background-type":"","background-media":"","overlay-type":"","overlay-color":"","overlay-opacity":"","overlay-gradient":""},"tablet":{"background-color":"","background-image":"","background-repeat":"repeat","background-position":"center center","background-size":"auto","background-attachment":"scroll","background-type":"","background-media":"","overlay-type":"","overlay-color":"","overlay-opacity":"","overlay-gradient":""},"mobile":{"background-color":"","background-image":"","background-repeat":"repeat","background-position":"center center","background-size":"auto","background-attachment":"scroll","background-type":"","background-media":"","overlay-type":"","overlay-color":"","overlay-opacity":"","overlay-gradient":""}},"ast-content-background-meta":{"desktop":{"background-color":"var(--ast-global-color-4)","background-image":"","background-repeat":"repeat","background-position":"center center","background-size":"auto","background-attachment":"scroll","background-type":"","background-media":"","overlay-type":"","overlay-color":"","overlay-opacity":"","overlay-gradient":""},"tablet":{"background-color":"var(--ast-global-color-4)","background-image":"","background-repeat":"repeat","background-position":"center center","background-size":"auto","background-attachment":"scroll","background-type":"","background-media":"","overlay-type":"","overlay-color":"","overlay-opacity":"","overlay-gradient":""},"mobile":{"background-color":"var(--ast-global-color-4)","background-image":"","background-repeat":"repeat","background-position":"center center","background-size":"auto","background-attachment":"scroll","background-type":"","background-media":"","overlay-type":"","overlay-color":"","overlay-opacity":"","overlay-gradient":""}},"footnotes":""},"categories":[7,16,55],"tags":[],"class_list":["post-3208","post","type-post","status-publish","format-standard","has-post-thumbnail","hentry","category-wydarzenia","category-z-zycia-izby","category-z-zycia-izby-rok-2025"],"yoast_head":"<!-- This site is optimized with the Yoast SEO plugin v27.5 - https:\/\/yoast.com\/product\/yoast-seo-wordpress\/ -->\n<title>Spotkanie informacyjno-integracyjne cz\u0142onk\u00f3w naszej Izby z terenu powiatu \u0142a\u0144cuckiego - Podkarpacka Okregowa Izba Inzynierow Budownictwa<\/title>\n<meta name=\"robots\" content=\"index, follow, max-snippet:-1, max-image-preview:large, max-video-preview:-1\" \/>\n<link rel=\"canonical\" href=\"https:\/\/inzynier.rzeszow.pl\/index.php\/2025\/06\/01\/spotkanie-informacyjno-integracyjne-czlonkow-naszej-izby-z-terenu-powiatu-lancuckiego\/\" \/>\n<meta property=\"og:locale\" content=\"pl_PL\" \/>\n<meta property=\"og:type\" content=\"article\" \/>\n<meta property=\"og:title\" content=\"Spotkanie informacyjno-integracyjne cz\u0142onk\u00f3w naszej Izby z terenu powiatu \u0142a\u0144cuckiego - Podkarpacka Okregowa Izba Inzynierow Budownictwa\" \/>\n<meta property=\"og:description\" content=\"W dniu 31 maja 2025 r. w Restauracji Misiowy Zak\u0105tek w Czarnej odby\u0142o si\u0119 spotkanie integracyjne cz\u0142onk\u00f3w PDK OIIB powiatu [&hellip;]\" \/>\n<meta property=\"og:url\" content=\"https:\/\/inzynier.rzeszow.pl\/index.php\/2025\/06\/01\/spotkanie-informacyjno-integracyjne-czlonkow-naszej-izby-z-terenu-powiatu-lancuckiego\/\" \/>\n<meta property=\"og:site_name\" content=\"Podkarpacka Okregowa Izba Inzynierow Budownictwa\" \/>\n<meta property=\"article:published_time\" content=\"2025-06-01T08:54:29+00:00\" \/>\n<meta property=\"article:modified_time\" content=\"2026-02-13T13:42:04+00:00\" \/>\n<meta property=\"og:image\" content=\"https:\/\/inzynier.rzeszow.pl\/wp-content\/uploads\/2025\/06\/obraz_2026-01-28_161519548.png\" \/>\n\t<meta property=\"og:image:width\" content=\"1500\" \/>\n\t<meta property=\"og:image:height\" content=\"2000\" \/>\n\t<meta property=\"og:image:type\" content=\"image\/png\" \/>\n<meta name=\"author\" content=\"admin\" \/>\n<meta name=\"twitter:card\" content=\"summary_large_image\" \/>\n<meta name=\"twitter:label1\" content=\"Napisane przez\" \/>\n\t<meta name=\"twitter:data1\" content=\"admin\" \/>\n\t<meta name=\"twitter:label2\" content=\"Szacowany czas czytania\" \/>\n\t<meta name=\"twitter:data2\" content=\"1 minuta\" \/>\n<script type=\"application\/ld+json\" class=\"yoast-schema-graph\">{\"@context\":\"https:\\\/\\\/schema.org\",\"@graph\":[{\"@type\":\"Article\",\"@id\":\"https:\\\/\\\/inzynier.rzeszow.pl\\\/index.php\\\/2025\\\/06\\\/01\\\/spotkanie-informacyjno-integracyjne-czlonkow-naszej-izby-z-terenu-powiatu-lancuckiego\\\/#article\",\"isPartOf\":{\"@id\":\"https:\\\/\\\/inzynier.rzeszow.pl\\\/index.php\\\/2025\\\/06\\\/01\\\/spotkanie-informacyjno-integracyjne-czlonkow-naszej-izby-z-terenu-powiatu-lancuckiego\\\/\"},\"author\":{\"name\":\"admin\",\"@id\":\"https:\\\/\\\/inzynier.rzeszow.pl\\\/#\\\/schema\\\/person\\\/21ca162d893bdc5760a95d704e9b1e39\"},\"headline\":\"Spotkanie informacyjno-integracyjne cz\u0142onk\u00f3w naszej Izby z terenu powiatu \u0142a\u0144cuckiego\",\"datePublished\":\"2025-06-01T08:54:29+00:00\",\"dateModified\":\"2026-02-13T13:42:04+00:00\",\"mainEntityOfPage\":{\"@id\":\"https:\\\/\\\/inzynier.rzeszow.pl\\\/index.php\\\/2025\\\/06\\\/01\\\/spotkanie-informacyjno-integracyjne-czlonkow-naszej-izby-z-terenu-powiatu-lancuckiego\\\/\"},\"wordCount\":204,\"image\":{\"@id\":\"https:\\\/\\\/inzynier.rzeszow.pl\\\/index.php\\\/2025\\\/06\\\/01\\\/spotkanie-informacyjno-integracyjne-czlonkow-naszej-izby-z-terenu-powiatu-lancuckiego\\\/#primaryimage\"},\"thumbnailUrl\":\"https:\\\/\\\/inzynier.rzeszow.pl\\\/wp-content\\\/uploads\\\/2025\\\/06\\\/obraz_2026-01-28_161519548.png\",\"articleSection\":[\"Wydarzenia\",\"Z \u017cycia izby\",\"Z \u017cycia Izby Rok 2025\"],\"inLanguage\":\"pl-PL\"},{\"@type\":\"WebPage\",\"@id\":\"https:\\\/\\\/inzynier.rzeszow.pl\\\/index.php\\\/2025\\\/06\\\/01\\\/spotkanie-informacyjno-integracyjne-czlonkow-naszej-izby-z-terenu-powiatu-lancuckiego\\\/\",\"url\":\"https:\\\/\\\/inzynier.rzeszow.pl\\\/index.php\\\/2025\\\/06\\\/01\\\/spotkanie-informacyjno-integracyjne-czlonkow-naszej-izby-z-terenu-powiatu-lancuckiego\\\/\",\"name\":\"Spotkanie informacyjno-integracyjne cz\u0142onk\u00f3w naszej Izby z terenu powiatu \u0142a\u0144cuckiego - Podkarpacka Okregowa Izba Inzynierow Budownictwa\",\"isPartOf\":{\"@id\":\"https:\\\/\\\/inzynier.rzeszow.pl\\\/#website\"},\"primaryImageOfPage\":{\"@id\":\"https:\\\/\\\/inzynier.rzeszow.pl\\\/index.php\\\/2025\\\/06\\\/01\\\/spotkanie-informacyjno-integracyjne-czlonkow-naszej-izby-z-terenu-powiatu-lancuckiego\\\/#primaryimage\"},\"image\":{\"@id\":\"https:\\\/\\\/inzynier.rzeszow.pl\\\/index.php\\\/2025\\\/06\\\/01\\\/spotkanie-informacyjno-integracyjne-czlonkow-naszej-izby-z-terenu-powiatu-lancuckiego\\\/#primaryimage\"},\"thumbnailUrl\":\"https:\\\/\\\/inzynier.rzeszow.pl\\\/wp-content\\\/uploads\\\/2025\\\/06\\\/obraz_2026-01-28_161519548.png\",\"datePublished\":\"2025-06-01T08:54:29+00:00\",\"dateModified\":\"2026-02-13T13:42:04+00:00\",\"author\":{\"@id\":\"https:\\\/\\\/inzynier.rzeszow.pl\\\/#\\\/schema\\\/person\\\/21ca162d893bdc5760a95d704e9b1e39\"},\"breadcrumb\":{\"@id\":\"https:\\\/\\\/inzynier.rzeszow.pl\\\/index.php\\\/2025\\\/06\\\/01\\\/spotkanie-informacyjno-integracyjne-czlonkow-naszej-izby-z-terenu-powiatu-lancuckiego\\\/#breadcrumb\"},\"inLanguage\":\"pl-PL\",\"potentialAction\":[{\"@type\":\"ReadAction\",\"target\":[\"https:\\\/\\\/inzynier.rzeszow.pl\\\/index.php\\\/2025\\\/06\\\/01\\\/spotkanie-informacyjno-integracyjne-czlonkow-naszej-izby-z-terenu-powiatu-lancuckiego\\\/\"]}]},{\"@type\":\"ImageObject\",\"inLanguage\":\"pl-PL\",\"@id\":\"https:\\\/\\\/inzynier.rzeszow.pl\\\/index.php\\\/2025\\\/06\\\/01\\\/spotkanie-informacyjno-integracyjne-czlonkow-naszej-izby-z-terenu-powiatu-lancuckiego\\\/#primaryimage\",\"url\":\"https:\\\/\\\/inzynier.rzeszow.pl\\\/wp-content\\\/uploads\\\/2025\\\/06\\\/obraz_2026-01-28_161519548.png\",\"contentUrl\":\"https:\\\/\\\/inzynier.rzeszow.pl\\\/wp-content\\\/uploads\\\/2025\\\/06\\\/obraz_2026-01-28_161519548.png\",\"width\":1500,\"height\":2000},{\"@type\":\"BreadcrumbList\",\"@id\":\"https:\\\/\\\/inzynier.rzeszow.pl\\\/index.php\\\/2025\\\/06\\\/01\\\/spotkanie-informacyjno-integracyjne-czlonkow-naszej-izby-z-terenu-powiatu-lancuckiego\\\/#breadcrumb\",\"itemListElement\":[{\"@type\":\"ListItem\",\"position\":1,\"name\":\"Strona g\u0142\u00f3wna\",\"item\":\"https:\\\/\\\/inzynier.rzeszow.pl\\\/\"},{\"@type\":\"ListItem\",\"position\":2,\"name\":\"Spotkanie informacyjno-integracyjne cz\u0142onk\u00f3w naszej Izby z terenu powiatu \u0142a\u0144cuckiego\"}]},{\"@type\":\"WebSite\",\"@id\":\"https:\\\/\\\/inzynier.rzeszow.pl\\\/#website\",\"url\":\"https:\\\/\\\/inzynier.rzeszow.pl\\\/\",\"name\":\"Podkarpacka Okregowa Izba Inzynierow Budownictwa\",\"description\":\"\",\"potentialAction\":[{\"@type\":\"SearchAction\",\"target\":{\"@type\":\"EntryPoint\",\"urlTemplate\":\"https:\\\/\\\/inzynier.rzeszow.pl\\\/?s={search_term_string}\"},\"query-input\":{\"@type\":\"PropertyValueSpecification\",\"valueRequired\":true,\"valueName\":\"search_term_string\"}}],\"inLanguage\":\"pl-PL\"},{\"@type\":\"Person\",\"@id\":\"https:\\\/\\\/inzynier.rzeszow.pl\\\/#\\\/schema\\\/person\\\/21ca162d893bdc5760a95d704e9b1e39\",\"name\":\"admin\",\"image\":{\"@type\":\"ImageObject\",\"inLanguage\":\"pl-PL\",\"@id\":\"https:\\\/\\\/secure.gravatar.com\\\/avatar\\\/d5d1959f10b94c8abcf928274f8bb5b8c7370b0dfadb0590911bacad18965f21?s=96&d=mm&r=g\",\"url\":\"https:\\\/\\\/secure.gravatar.com\\\/avatar\\\/d5d1959f10b94c8abcf928274f8bb5b8c7370b0dfadb0590911bacad18965f21?s=96&d=mm&r=g\",\"contentUrl\":\"https:\\\/\\\/secure.gravatar.com\\\/avatar\\\/d5d1959f10b94c8abcf928274f8bb5b8c7370b0dfadb0590911bacad18965f21?s=96&d=mm&r=g\",\"caption\":\"admin\"},\"sameAs\":[\"https:\\\/\\\/migracja.inzynier.rzeszow.pl\"],\"url\":\"https:\\\/\\\/inzynier.rzeszow.pl\\\/index.php\\\/author\\\/kwojcik\\\/\"}]}<\/script>\n<!-- \/ Yoast SEO plugin. -->","yoast_head_json":{"title":"Spotkanie informacyjno-integracyjne cz\u0142onk\u00f3w naszej Izby z terenu powiatu \u0142a\u0144cuckiego - Podkarpacka Okregowa Izba Inzynierow Budownictwa","robots":{"index":"index","follow":"follow","max-snippet":"max-snippet:-1","max-image-preview":"max-image-preview:large","max-video-preview":"max-video-preview:-1"},"canonical":"https:\/\/inzynier.rzeszow.pl\/index.php\/2025\/06\/01\/spotkanie-informacyjno-integracyjne-czlonkow-naszej-izby-z-terenu-powiatu-lancuckiego\/","og_locale":"pl_PL","og_type":"article","og_title":"Spotkanie informacyjno-integracyjne cz\u0142onk\u00f3w naszej Izby z terenu powiatu \u0142a\u0144cuckiego - Podkarpacka Okregowa Izba Inzynierow Budownictwa","og_description":"W dniu 31 maja 2025 r. w Restauracji Misiowy Zak\u0105tek w Czarnej odby\u0142o si\u0119 spotkanie integracyjne cz\u0142onk\u00f3w PDK OIIB powiatu [&hellip;]","og_url":"https:\/\/inzynier.rzeszow.pl\/index.php\/2025\/06\/01\/spotkanie-informacyjno-integracyjne-czlonkow-naszej-izby-z-terenu-powiatu-lancuckiego\/","og_site_name":"Podkarpacka Okregowa Izba Inzynierow Budownictwa","article_published_time":"2025-06-01T08:54:29+00:00","article_modified_time":"2026-02-13T13:42:04+00:00","og_image":[{"width":1500,"height":2000,"url":"https:\/\/inzynier.rzeszow.pl\/wp-content\/uploads\/2025\/06\/obraz_2026-01-28_161519548.png","type":"image\/png"}],"author":"admin","twitter_card":"summary_large_image","twitter_misc":{"Napisane przez":"admin","Szacowany czas czytania":"1 minuta"},"schema":{"@context":"https:\/\/schema.org","@graph":[{"@type":"Article","@id":"https:\/\/inzynier.rzeszow.pl\/index.php\/2025\/06\/01\/spotkanie-informacyjno-integracyjne-czlonkow-naszej-izby-z-terenu-powiatu-lancuckiego\/#article","isPartOf":{"@id":"https:\/\/inzynier.rzeszow.pl\/index.php\/2025\/06\/01\/spotkanie-informacyjno-integracyjne-czlonkow-naszej-izby-z-terenu-powiatu-lancuckiego\/"},"author":{"name":"admin","@id":"https:\/\/inzynier.rzeszow.pl\/#\/schema\/person\/21ca162d893bdc5760a95d704e9b1e39"},"headline":"Spotkanie informacyjno-integracyjne cz\u0142onk\u00f3w naszej Izby z terenu powiatu \u0142a\u0144cuckiego","datePublished":"2025-06-01T08:54:29+00:00","dateModified":"2026-02-13T13:42:04+00:00","mainEntityOfPage":{"@id":"https:\/\/inzynier.rzeszow.pl\/index.php\/2025\/06\/01\/spotkanie-informacyjno-integracyjne-czlonkow-naszej-izby-z-terenu-powiatu-lancuckiego\/"},"wordCount":204,"image":{"@id":"https:\/\/inzynier.rzeszow.pl\/index.php\/2025\/06\/01\/spotkanie-informacyjno-integracyjne-czlonkow-naszej-izby-z-terenu-powiatu-lancuckiego\/#primaryimage"},"thumbnailUrl":"https:\/\/inzynier.rzeszow.pl\/wp-content\/uploads\/2025\/06\/obraz_2026-01-28_161519548.png","articleSection":["Wydarzenia","Z \u017cycia izby","Z \u017cycia Izby Rok 2025"],"inLanguage":"pl-PL"},{"@type":"WebPage","@id":"https:\/\/inzynier.rzeszow.pl\/index.php\/2025\/06\/01\/spotkanie-informacyjno-integracyjne-czlonkow-naszej-izby-z-terenu-powiatu-lancuckiego\/","url":"https:\/\/inzynier.rzeszow.pl\/index.php\/2025\/06\/01\/spotkanie-informacyjno-integracyjne-czlonkow-naszej-izby-z-terenu-powiatu-lancuckiego\/","name":"Spotkanie informacyjno-integracyjne cz\u0142onk\u00f3w naszej Izby z terenu powiatu \u0142a\u0144cuckiego - Podkarpacka Okregowa Izba Inzynierow Budownictwa","isPartOf":{"@id":"https:\/\/inzynier.rzeszow.pl\/#website"},"primaryImageOfPage":{"@id":"https:\/\/inzynier.rzeszow.pl\/index.php\/2025\/06\/01\/spotkanie-informacyjno-integracyjne-czlonkow-naszej-izby-z-terenu-powiatu-lancuckiego\/#primaryimage"},"image":{"@id":"https:\/\/inzynier.rzeszow.pl\/index.php\/2025\/06\/01\/spotkanie-informacyjno-integracyjne-czlonkow-naszej-izby-z-terenu-powiatu-lancuckiego\/#primaryimage"},"thumbnailUrl":"https:\/\/inzynier.rzeszow.pl\/wp-content\/uploads\/2025\/06\/obraz_2026-01-28_161519548.png","datePublished":"2025-06-01T08:54:29+00:00","dateModified":"2026-02-13T13:42:04+00:00","author":{"@id":"https:\/\/inzynier.rzeszow.pl\/#\/schema\/person\/21ca162d893bdc5760a95d704e9b1e39"},"breadcrumb":{"@id":"https:\/\/inzynier.rzeszow.pl\/index.php\/2025\/06\/01\/spotkanie-informacyjno-integracyjne-czlonkow-naszej-izby-z-terenu-powiatu-lancuckiego\/#breadcrumb"},"inLanguage":"pl-PL","potentialAction":[{"@type":"ReadAction","target":["https:\/\/inzynier.rzeszow.pl\/index.php\/2025\/06\/01\/spotkanie-informacyjno-integracyjne-czlonkow-naszej-izby-z-terenu-powiatu-lancuckiego\/"]}]},{"@type":"ImageObject","inLanguage":"pl-PL","@id":"https:\/\/inzynier.rzeszow.pl\/index.php\/2025\/06\/01\/spotkanie-informacyjno-integracyjne-czlonkow-naszej-izby-z-terenu-powiatu-lancuckiego\/#primaryimage","url":"https:\/\/inzynier.rzeszow.pl\/wp-content\/uploads\/2025\/06\/obraz_2026-01-28_161519548.png","contentUrl":"https:\/\/inzynier.rzeszow.pl\/wp-content\/uploads\/2025\/06\/obraz_2026-01-28_161519548.png","width":1500,"height":2000},{"@type":"BreadcrumbList","@id":"https:\/\/inzynier.rzeszow.pl\/index.php\/2025\/06\/01\/spotkanie-informacyjno-integracyjne-czlonkow-naszej-izby-z-terenu-powiatu-lancuckiego\/#breadcrumb","itemListElement":[{"@type":"ListItem","position":1,"name":"Strona g\u0142\u00f3wna","item":"https:\/\/inzynier.rzeszow.pl\/"},{"@type":"ListItem","position":2,"name":"Spotkanie informacyjno-integracyjne cz\u0142onk\u00f3w naszej Izby z terenu powiatu \u0142a\u0144cuckiego"}]},{"@type":"WebSite","@id":"https:\/\/inzynier.rzeszow.pl\/#website","url":"https:\/\/inzynier.rzeszow.pl\/","name":"Podkarpacka Okregowa Izba Inzynierow Budownictwa","description":"","potentialAction":[{"@type":"SearchAction","target":{"@type":"EntryPoint","urlTemplate":"https:\/\/inzynier.rzeszow.pl\/?s={search_term_string}"},"query-input":{"@type":"PropertyValueSpecification","valueRequired":true,"valueName":"search_term_string"}}],"inLanguage":"pl-PL"},{"@type":"Person","@id":"https:\/\/inzynier.rzeszow.pl\/#\/schema\/person\/21ca162d893bdc5760a95d704e9b1e39","name":"admin","image":{"@type":"ImageObject","inLanguage":"pl-PL","@id":"https:\/\/secure.gravatar.com\/avatar\/d5d1959f10b94c8abcf928274f8bb5b8c7370b0dfadb0590911bacad18965f21?s=96&d=mm&r=g","url":"https:\/\/secure.gravatar.com\/avatar\/d5d1959f10b94c8abcf928274f8bb5b8c7370b0dfadb0590911bacad18965f21?s=96&d=mm&r=g","contentUrl":"https:\/\/secure.gravatar.com\/avatar\/d5d1959f10b94c8abcf928274f8bb5b8c7370b0dfadb0590911bacad18965f21?s=96&d=mm&r=g","caption":"admin"},"sameAs":["https:\/\/migracja.inzynier.rzeszow.pl"],"url":"https:\/\/inzynier.rzeszow.pl\/index.php\/author\/kwojcik\/"}]}},"rttpg_featured_image_url":{"full":["https:\/\/inzynier.rzeszow.pl\/wp-content\/uploads\/2025\/06\/obraz_2026-01-28_161519548.png",1500,2000,false],"landscape":["https:\/\/inzynier.rzeszow.pl\/wp-content\/uploads\/2025\/06\/obraz_2026-01-28_161519548.png",1500,2000,false],"portraits":["https:\/\/inzynier.rzeszow.pl\/wp-content\/uploads\/2025\/06\/obraz_2026-01-28_161519548.png",1500,2000,false],"thumbnail":["https:\/\/inzynier.rzeszow.pl\/wp-content\/uploads\/2025\/06\/obraz_2026-01-28_161519548-150x150.png",150,150,true],"medium":["https:\/\/inzynier.rzeszow.pl\/wp-content\/uploads\/2025\/06\/obraz_2026-01-28_161519548-225x300.png",225,300,true],"large":["https:\/\/inzynier.rzeszow.pl\/wp-content\/uploads\/2025\/06\/obraz_2026-01-28_161519548-768x1024.png",768,1024,true],"1536x1536":["https:\/\/inzynier.rzeszow.pl\/wp-content\/uploads\/2025\/06\/obraz_2026-01-28_161519548-1152x1536.png",1152,1536,true],"2048x2048":["https:\/\/inzynier.rzeszow.pl\/wp-content\/uploads\/2025\/06\/obraz_2026-01-28_161519548.png",1500,2000,false]},"rttpg_author":{"display_name":"admin","author_link":"https:\/\/inzynier.rzeszow.pl\/index.php\/author\/kwojcik\/"},"rttpg_comment":0,"rttpg_category":"<a href=\"https:\/\/inzynier.rzeszow.pl\/index.php\/category\/wydarzenia\/\" rel=\"category tag\">Wydarzenia<\/a> <a href=\"https:\/\/inzynier.rzeszow.pl\/index.php\/category\/z-zycia-izby\/\" rel=\"category tag\">Z \u017cycia izby<\/a> <a href=\"https:\/\/inzynier.rzeszow.pl\/index.php\/category\/z-zycia-izby\/z-zycia-izby-rok-2025\/\" rel=\"category tag\">Z \u017cycia Izby Rok 2025<\/a>","rttpg_excerpt":"W dniu 31 maja 2025 r. w Restauracji Misiowy Zak\u0105tek w Czarnej odby\u0142o si\u0119 spotkanie integracyjne cz\u0142onk\u00f3w PDK OIIB powiatu [&hellip;]","_links":{"self":[{"href":"https:\/\/inzynier.rzeszow.pl\/index.php\/wp-json\/wp\/v2\/posts\/3208","targetHints":{"allow":["GET"]}}],"collection":[{"href":"https:\/\/inzynier.rzeszow.pl\/index.php\/wp-json\/wp\/v2\/posts"}],"about":[{"href":"https:\/\/inzynier.rzeszow.pl\/index.php\/wp-json\/wp\/v2\/types\/post"}],"author":[{"embeddable":true,"href":"https:\/\/inzynier.rzeszow.pl\/index.php\/wp-json\/wp\/v2\/users\/1"}],"replies":[{"embeddable":true,"href":"https:\/\/inzynier.rzeszow.pl\/index.php\/wp-json\/wp\/v2\/comments?post=3208"}],"version-history":[{"count":4,"href":"https:\/\/inzynier.rzeszow.pl\/index.php\/wp-json\/wp\/v2\/posts\/3208\/revisions"}],"predecessor-version":[{"id":3291,"href":"https:\/\/inzynier.rzeszow.pl\/index.php\/wp-json\/wp\/v2\/posts\/3208\/revisions\/3291"}],"wp:featuredmedia":[{"embeddable":true,"href":"https:\/\/inzynier.rzeszow.pl\/index.php\/wp-json\/wp\/v2\/media\/3288"}],"wp:attachment":[{"href":"https:\/\/inzynier.rzeszow.pl\/index.php\/wp-json\/wp\/v2\/media?parent=3208"}],"wp:term":[{"taxonomy":"category","embeddable":true,"href":"https:\/\/inzynier.rzeszow.pl\/index.php\/wp-json\/wp\/v2\/categories?post=3208"},{"taxonomy":"post_tag","embeddable":true,"href":"https:\/\/inzynier.rzeszow.pl\/index.php\/wp-json\/wp\/v2\/tags?post=3208"}],"curies":[{"name":"wp","href":"https:\/\/api.w.org\/{rel}","templated":true}]}}