{"id":3207,"date":"2025-05-31T15:31:26","date_gmt":"2025-05-31T15:31:26","guid":{"rendered":"https:\/\/migracja.inzynier.rzeszow.pl\/?p=3207"},"modified":"2026-02-13T13:42:04","modified_gmt":"2026-02-13T13:42:04","slug":"spotkanie-informacyjno-integracyjne-czlonkow-naszej-izby-z-terenu-powiatu-rzeszowskiego-2025-r","status":"publish","type":"post","link":"https:\/\/inzynier.rzeszow.pl\/index.php\/2025\/05\/31\/spotkanie-informacyjno-integracyjne-czlonkow-naszej-izby-z-terenu-powiatu-rzeszowskiego-2025-r\/","title":{"rendered":"Spotkanie informacyjno-integracyjne cz\u0142onk\u00f3w naszej Izby z terenu powiatu rzeszowskiego 2025 r."},"content":{"rendered":"\t\t<div data-elementor-type=\"wp-post\" data-elementor-id=\"3207\" class=\"elementor elementor-3207\" data-elementor-post-type=\"post\">\n\t\t\t\t<div class=\"elementor-element elementor-element-a86bb8d e-flex e-con-boxed e-con e-parent\" data-id=\"a86bb8d\" data-element_type=\"container\" data-e-type=\"container\">\n\t\t\t\t\t<div class=\"e-con-inner\">\n\t\t<div class=\"elementor-element elementor-element-410f3d0 e-con-full e-flex e-con e-child\" data-id=\"410f3d0\" data-element_type=\"container\" data-e-type=\"container\">\n\t\t<div class=\"elementor-element elementor-element-0161690 e-con-full e-flex e-con e-child\" data-id=\"0161690\" data-element_type=\"container\" data-e-type=\"container\">\n\t\t\t\t<div class=\"elementor-element elementor-element-833a258 elementor-widget elementor-widget-image\" data-id=\"833a258\" data-element_type=\"widget\" data-e-type=\"widget\" data-widget_type=\"image.default\">\n\t\t\t\t\t\t\t\t\t\t\t\t\t\t\t<img fetchpriority=\"high\" decoding=\"async\" width=\"1024\" height=\"768\" src=\"https:\/\/inzynier.rzeszow.pl\/wp-content\/uploads\/2025\/05\/obraz_2026-01-28_161743378-1024x768.png\" class=\"attachment-large size-large wp-image-3293\" alt=\"\" srcset=\"https:\/\/inzynier.rzeszow.pl\/wp-content\/uploads\/2025\/05\/obraz_2026-01-28_161743378-1024x768.png 1024w, https:\/\/inzynier.rzeszow.pl\/wp-content\/uploads\/2025\/05\/obraz_2026-01-28_161743378-300x225.png 300w, https:\/\/inzynier.rzeszow.pl\/wp-content\/uploads\/2025\/05\/obraz_2026-01-28_161743378-768x576.png 768w, https:\/\/inzynier.rzeszow.pl\/wp-content\/uploads\/2025\/05\/obraz_2026-01-28_161743378-1536x1152.png 1536w, https:\/\/inzynier.rzeszow.pl\/wp-content\/uploads\/2025\/05\/obraz_2026-01-28_161743378.png 1600w\" sizes=\"(max-width: 1024px) 100vw, 1024px\" \/>\t\t\t\t\t\t\t\t\t\t\t\t\t\t\t<\/div>\n\t\t\t\t<\/div>\n\t\t<div class=\"elementor-element elementor-element-ba0eba7 e-con-full e-flex e-con e-child\" data-id=\"ba0eba7\" data-element_type=\"container\" data-e-type=\"container\">\n\t\t\t\t<div class=\"elementor-element elementor-element-43c5e2f elementor-widget elementor-widget-text-editor\" data-id=\"43c5e2f\" data-element_type=\"widget\" data-e-type=\"widget\" data-widget_type=\"text-editor.default\">\n\t\t\t\t\t\t\t\t\t<p>Kolejne spotkanie integracyjne za nami. W dniu 31 maja 2025 roku odby\u0142o si\u0119 spotkanie informacyjno &#8211; integracyjne cz\u0142onk\u00f3w naszej Izby z okr\u0119gu rzeszowskiego w restauracji Galaktyka w Rzeszowie.<br \/>Go\u015b\u0107mi wydarzenia byli reprezentanci instytucji:<br \/>&#8211; Jerzy Bednarz &#8211; Wicestarosta Powiatu Rzeszowskiego,<br \/>&#8211; Piotr Bednarski &#8211; Zast\u0119pca Dyrektora ds. Inwestycji Urz\u0119du Miasta Rzeszowa,<br \/>&#8211; Mateusz Maciejczyk &#8211; Radny Miasta Rzeszowa,<br \/>&#8211; Andrzej Sowa &#8211; Kanclerz Politechniki Rzeszowskiej,<br \/>&#8211; Bo\u017cena Babiarz &#8211; Wiceprezes Zarz\u0105du Oddzia\u0142u Podkarpackiego PZITS,<br \/>&#8211; Lidia Buda-O\u017c\u00f3g &#8211; Przewodnicz\u0105ca Zarz\u0105du PZITB Oddzia\u0142 Rzeszowski,<br \/>&#8211; Boles\u0142aw Pa\u0142ac &#8211; Wiceprezes Zarz\u0105du G\u0142\u00f3wnego SEP i wiceprezes Zarz\u0105du Oddzia\u0142u Rzeszowskiego SEP,<br \/>&#8211; Dariusz Kotowicz &#8211; Prezes Zarz\u0105du Miejskiego Przedsi\u0119biorstwa Energetyki Cieplnej w Rzeszowie,<br \/>&#8211; Robert Potoczny &#8211; Dyrektor ds. technicznych MPWiK.<\/p><p>Spotkanie otworzy\u0142 z-ca przewodnicz\u0105cego Okr\u0119gowej Rady PDK OIIB Wac\u0142aw<\/p>\t\t\t\t\t\t\t\t<\/div>\n\t\t\t\t<\/div>\n\t\t\t\t<\/div>\n\t\t\t\t\t<\/div>\n\t\t\t\t<\/div>\n\t\t<div class=\"elementor-element elementor-element-2b2d875 e-con-full e-flex e-con e-parent\" data-id=\"2b2d875\" data-element_type=\"container\" data-e-type=\"container\">\n\t\t\t\t<div class=\"elementor-element elementor-element-27513f9 elementor-widget__width-initial elementor-widget elementor-widget-text-editor\" data-id=\"27513f9\" data-element_type=\"widget\" data-e-type=\"widget\" data-widget_type=\"text-editor.default\">\n\t\t\t\t\t\t\t\t\t<p>Kami\u0144ski, kt\u00f3ry powita\u0142 przyby\u0142ych in\u017cynier\u00f3w i go\u015bci oraz przedstawi\u0142 prezentacj\u0119 dotycz\u0105c\u0105 struktury wiekowej, ilo\u015bci czynnych cz\u0142onk\u00f3w oraz ilo\u015bci cz\u0142onk\u00f3w w uj\u0119ciu bran\u017cowym w powiecie rzeszowskim.<br \/>Wraz ze skarbnik PDK OIIB Iwon\u0105 Warzybok om\u00f3wili dzia\u0142anie naszego samorz\u0105du oraz mo\u017cliwo\u015bci, kt\u00f3re daje przynale\u017cno\u015b\u0107 do Izby. Na zako\u0144czenie zast\u0119pca przewodnicz\u0105cego OR Wac\u0142aw Kami\u0144ski przypomnia\u0142 o pa\u017adziernikowych wyborach delegat\u00f3w na Zjazdy PDK OIIB oraz poinformowa\u0142 o tym, \u017ce zamierza kandydowa\u0107 na przewodnicz\u0105cego OR PDK OIIB na kadencj\u0119 2026-2030. S\u0142owa te spotka\u0142y si\u0119 z aprobat\u0105 uczestnik\u00f3w spotkania, kt\u00f3rzy nagrodzili je gromkimi oklaskami.<\/p><p>Podczas spotkania okoliczno\u015bciowym medalem zostali uhonorowani obecni na sali seniorzy:\u00a0<br \/>&#8211; Romualda Ruci\u0144ska<br \/>&#8211; Czes\u0142aw Krawiec<br \/>&#8211; Jan Kumik<br \/>&#8211; Marian Niedzia\u0142ek<br \/>&#8211; Edward Gala<\/p>\t\t\t\t\t\t\t\t<\/div>\n\t\t\t\t<div class=\"elementor-element elementor-element-88b7f7b elementor-widget__width-initial elementor-widget elementor-widget-image\" data-id=\"88b7f7b\" data-element_type=\"widget\" data-e-type=\"widget\" data-widget_type=\"image.default\">\n\t\t\t\t\t\t\t\t\t\t\t\t\t\t\t<img decoding=\"async\" width=\"1024\" height=\"768\" src=\"https:\/\/inzynier.rzeszow.pl\/wp-content\/uploads\/2025\/05\/obraz_2026-01-28_161940290-1024x768.png\" class=\"attachment-large size-large wp-image-3294\" alt=\"\" srcset=\"https:\/\/inzynier.rzeszow.pl\/wp-content\/uploads\/2025\/05\/obraz_2026-01-28_161940290-1024x768.png 1024w, https:\/\/inzynier.rzeszow.pl\/wp-content\/uploads\/2025\/05\/obraz_2026-01-28_161940290-300x225.png 300w, https:\/\/inzynier.rzeszow.pl\/wp-content\/uploads\/2025\/05\/obraz_2026-01-28_161940290-768x576.png 768w, https:\/\/inzynier.rzeszow.pl\/wp-content\/uploads\/2025\/05\/obraz_2026-01-28_161940290-1536x1152.png 1536w, https:\/\/inzynier.rzeszow.pl\/wp-content\/uploads\/2025\/05\/obraz_2026-01-28_161940290.png 1600w\" sizes=\"(max-width: 1024px) 100vw, 1024px\" \/>\t\t\t\t\t\t\t\t\t\t\t\t\t\t\t<\/div>\n\t\t\t\t<\/div>\n\t\t<div class=\"elementor-element elementor-element-ef2d81b e-flex e-con-boxed e-con e-parent\" data-id=\"ef2d81b\" data-element_type=\"container\" data-e-type=\"container\">\n\t\t\t\t\t<div class=\"e-con-inner\">\n\t\t\t\t<div class=\"elementor-element elementor-element-87b218c elementor-widget elementor-widget-text-editor\" data-id=\"87b218c\" data-element_type=\"widget\" data-e-type=\"widget\" data-widget_type=\"text-editor.default\">\n\t\t\t\t\t\t\t\t\t<p>Pami\u0105tkowe medale i dyplomy seniorem wr\u0119czali z-ca przewodnicz\u0105cego Okr\u0119gowej Rady PDK OIIB Wac\u0142aw Kami\u0144ski, skarbnik PDK OIIB Iwona Warzybok oraz sekretarz OR PDK OIIB Liliana Serafin. W imieniu senior\u00f3w g\u0142os zabra\u0142 Edward Gala, kt\u00f3ry wyrazi\u0142 podzi\u0119kowanie za uhonorowanie oraz za okazan\u0105 pami\u0119\u0107 i uznanie dla wieloletniego dorobku zawodowego.<\/p><p>Po uroczystym posi\u0142ku cz\u0119\u015b\u0107 uczestnik\u00f3w wzi\u0119\u0142a udzia\u0142 w rozgrywkach kr\u0119glarskich na dziesi\u0119ciu torach, natomiast pozostali oddali si\u0119 rozmowom towarzyskim i integracji przy d\u017awi\u0119kach muzyki.<\/p><p>Spotkanie up\u0142yn\u0119\u0142o w bardzo mi\u0142ej i przyjacielskiej atmosferze, wszyscy przybyli uczestnicy opuszczali lokal w p\u00f3\u017anych godzinach wieczornych bardzo zadowoleni, jednocze\u015bnie wyra\u017cali nadziej\u0119, \u017ce takie spotkania b\u0119d\u0105 nadal kontynuowane.<br \/>W trakcie spotkania wszystkim wr\u0119czono drobne pami\u0105tki.<\/p><p><strong><a href=\"https:\/\/youtu.be\/fhTMCAwTIuM\" target=\"_blank\" rel=\"noopener\">Relacja filmowa &gt;&gt;<\/a>\u00a0\u00a0\u00a0<\/strong>realizacja \u0141abudzki PROJECT<\/p><p>Spotkanie integracyjno-informacyjne dla cz\u0142onk\u00f3w PDK OIIB z powiatu rzeszowskiego zorganizowali skarbnik PDK OIIB Iwona Warzybok i cz\u0142onek prezydium OR PDK OIIB \u0141ukasz Ze\u0144ko.<br \/><br \/><strong><a href=\"https:\/\/www.facebook.com\/PodkarpackaOIIB\/posts\/pfbid02NmGz7Nefu9uPvP9rxuPDTPX6FFyGrpAqtYdJa7PFCPRM7GjvnMn3tgrfqpZ6r6L4l\" target=\"_blank\" rel=\"noopener\">Galeria fotograficzna z spotkania informacyjno-integracyjnego cz\u0142onk\u00f3w naszej Izby z terenu powiatu rzeszowskiego 31.05.2025 r. &gt;&gt;<\/a><\/strong><\/p><p align=\"right\">Opracowanie: Liliana Serafin<br \/>fot.: \u0141ukasz Ze\u0144ko<\/p>\t\t\t\t\t\t\t\t<\/div>\n\t\t\t\t\t<\/div>\n\t\t\t\t<\/div>\n\t\t\t\t<\/div>\n\t\t","protected":false},"excerpt":{"rendered":"<p>Kolejne spotkanie integracyjne za nami. W dniu 31 maja 2025 roku odby\u0142o si\u0119 spotkanie informacyjno &#8211; integracyjne cz\u0142onk\u00f3w naszej Izby [&hellip;]<\/p>\n","protected":false},"author":1,"featured_media":3293,"comment_status":"closed","ping_status":"closed","sticky":false,"template":"","format":"standard","meta":{"site-sidebar-layout":"default","site-content-layout":"","ast-site-content-layout":"default","site-content-style":"default","site-sidebar-style":"default","ast-global-header-display":"","ast-banner-title-visibility":"","ast-main-header-display":"","ast-hfb-above-header-display":"","ast-hfb-below-header-display":"","ast-hfb-mobile-header-display":"","site-post-title":"","ast-breadcrumbs-content":"","ast-featured-img":"","footer-sml-layout":"","ast-disable-related-posts":"","theme-transparent-header-meta":"","adv-header-id-meta":"","stick-header-meta":"","header-above-stick-meta":"","header-main-stick-meta":"","header-below-stick-meta":"","astra-migrate-meta-layouts":"default","ast-page-background-enabled":"default","ast-page-background-meta":{"desktop":{"background-color":"var(--ast-global-color-5)","background-image":"","background-repeat":"repeat","background-position":"center center","background-size":"auto","background-attachment":"scroll","background-type":"","background-media":"","overlay-type":"","overlay-color":"","overlay-opacity":"","overlay-gradient":""},"tablet":{"background-color":"","background-image":"","background-repeat":"repeat","background-position":"center center","background-size":"auto","background-attachment":"scroll","background-type":"","background-media":"","overlay-type":"","overlay-color":"","overlay-opacity":"","overlay-gradient":""},"mobile":{"background-color":"","background-image":"","background-repeat":"repeat","background-position":"center center","background-size":"auto","background-attachment":"scroll","background-type":"","background-media":"","overlay-type":"","overlay-color":"","overlay-opacity":"","overlay-gradient":""}},"ast-content-background-meta":{"desktop":{"background-color":"var(--ast-global-color-4)","background-image":"","background-repeat":"repeat","background-position":"center center","background-size":"auto","background-attachment":"scroll","background-type":"","background-media":"","overlay-type":"","overlay-color":"","overlay-opacity":"","overlay-gradient":""},"tablet":{"background-color":"var(--ast-global-color-4)","background-image":"","background-repeat":"repeat","background-position":"center center","background-size":"auto","background-attachment":"scroll","background-type":"","background-media":"","overlay-type":"","overlay-color":"","overlay-opacity":"","overlay-gradient":""},"mobile":{"background-color":"var(--ast-global-color-4)","background-image":"","background-repeat":"repeat","background-position":"center center","background-size":"auto","background-attachment":"scroll","background-type":"","background-media":"","overlay-type":"","overlay-color":"","overlay-opacity":"","overlay-gradient":""}},"footnotes":""},"categories":[7,16,55],"tags":[],"class_list":["post-3207","post","type-post","status-publish","format-standard","has-post-thumbnail","hentry","category-wydarzenia","category-z-zycia-izby","category-z-zycia-izby-rok-2025"],"yoast_head":"<!-- This site is optimized with the Yoast SEO plugin v27.5 - https:\/\/yoast.com\/product\/yoast-seo-wordpress\/ -->\n<title>Spotkanie informacyjno-integracyjne cz\u0142onk\u00f3w naszej Izby z terenu powiatu rzeszowskiego 2025 r. - Podkarpacka Okregowa Izba Inzynierow Budownictwa<\/title>\n<meta name=\"robots\" content=\"index, follow, max-snippet:-1, max-image-preview:large, max-video-preview:-1\" \/>\n<link rel=\"canonical\" href=\"https:\/\/inzynier.rzeszow.pl\/index.php\/2025\/05\/31\/spotkanie-informacyjno-integracyjne-czlonkow-naszej-izby-z-terenu-powiatu-rzeszowskiego-2025-r\/\" \/>\n<meta property=\"og:locale\" content=\"pl_PL\" \/>\n<meta property=\"og:type\" content=\"article\" \/>\n<meta property=\"og:title\" content=\"Spotkanie informacyjno-integracyjne cz\u0142onk\u00f3w naszej Izby z terenu powiatu rzeszowskiego 2025 r. - Podkarpacka Okregowa Izba Inzynierow Budownictwa\" \/>\n<meta property=\"og:description\" content=\"Kolejne spotkanie integracyjne za nami. W dniu 31 maja 2025 roku odby\u0142o si\u0119 spotkanie informacyjno &#8211; integracyjne cz\u0142onk\u00f3w naszej Izby [&hellip;]\" \/>\n<meta property=\"og:url\" content=\"https:\/\/inzynier.rzeszow.pl\/index.php\/2025\/05\/31\/spotkanie-informacyjno-integracyjne-czlonkow-naszej-izby-z-terenu-powiatu-rzeszowskiego-2025-r\/\" \/>\n<meta property=\"og:site_name\" content=\"Podkarpacka Okregowa Izba Inzynierow Budownictwa\" \/>\n<meta property=\"article:published_time\" content=\"2025-05-31T15:31:26+00:00\" \/>\n<meta property=\"article:modified_time\" content=\"2026-02-13T13:42:04+00:00\" \/>\n<meta property=\"og:image\" content=\"https:\/\/inzynier.rzeszow.pl\/wp-content\/uploads\/2025\/05\/obraz_2026-01-28_161743378.png\" \/>\n\t<meta property=\"og:image:width\" content=\"1600\" \/>\n\t<meta property=\"og:image:height\" content=\"1200\" \/>\n\t<meta property=\"og:image:type\" content=\"image\/png\" \/>\n<meta name=\"author\" content=\"admin\" \/>\n<meta name=\"twitter:card\" content=\"summary_large_image\" \/>\n<meta name=\"twitter:label1\" content=\"Napisane przez\" \/>\n\t<meta name=\"twitter:data1\" content=\"admin\" \/>\n\t<meta name=\"twitter:label2\" content=\"Szacowany czas czytania\" \/>\n\t<meta name=\"twitter:data2\" content=\"2 minuty\" \/>\n<script type=\"application\/ld+json\" class=\"yoast-schema-graph\">{\"@context\":\"https:\\\/\\\/schema.org\",\"@graph\":[{\"@type\":\"Article\",\"@id\":\"https:\\\/\\\/inzynier.rzeszow.pl\\\/index.php\\\/2025\\\/05\\\/31\\\/spotkanie-informacyjno-integracyjne-czlonkow-naszej-izby-z-terenu-powiatu-rzeszowskiego-2025-r\\\/#article\",\"isPartOf\":{\"@id\":\"https:\\\/\\\/inzynier.rzeszow.pl\\\/index.php\\\/2025\\\/05\\\/31\\\/spotkanie-informacyjno-integracyjne-czlonkow-naszej-izby-z-terenu-powiatu-rzeszowskiego-2025-r\\\/\"},\"author\":{\"name\":\"admin\",\"@id\":\"https:\\\/\\\/inzynier.rzeszow.pl\\\/#\\\/schema\\\/person\\\/21ca162d893bdc5760a95d704e9b1e39\"},\"headline\":\"Spotkanie informacyjno-integracyjne cz\u0142onk\u00f3w naszej Izby z terenu powiatu rzeszowskiego 2025 r.\",\"datePublished\":\"2025-05-31T15:31:26+00:00\",\"dateModified\":\"2026-02-13T13:42:04+00:00\",\"mainEntityOfPage\":{\"@id\":\"https:\\\/\\\/inzynier.rzeszow.pl\\\/index.php\\\/2025\\\/05\\\/31\\\/spotkanie-informacyjno-integracyjne-czlonkow-naszej-izby-z-terenu-powiatu-rzeszowskiego-2025-r\\\/\"},\"wordCount\":496,\"image\":{\"@id\":\"https:\\\/\\\/inzynier.rzeszow.pl\\\/index.php\\\/2025\\\/05\\\/31\\\/spotkanie-informacyjno-integracyjne-czlonkow-naszej-izby-z-terenu-powiatu-rzeszowskiego-2025-r\\\/#primaryimage\"},\"thumbnailUrl\":\"https:\\\/\\\/inzynier.rzeszow.pl\\\/wp-content\\\/uploads\\\/2025\\\/05\\\/obraz_2026-01-28_161743378.png\",\"articleSection\":[\"Wydarzenia\",\"Z \u017cycia izby\",\"Z \u017cycia Izby Rok 2025\"],\"inLanguage\":\"pl-PL\"},{\"@type\":\"WebPage\",\"@id\":\"https:\\\/\\\/inzynier.rzeszow.pl\\\/index.php\\\/2025\\\/05\\\/31\\\/spotkanie-informacyjno-integracyjne-czlonkow-naszej-izby-z-terenu-powiatu-rzeszowskiego-2025-r\\\/\",\"url\":\"https:\\\/\\\/inzynier.rzeszow.pl\\\/index.php\\\/2025\\\/05\\\/31\\\/spotkanie-informacyjno-integracyjne-czlonkow-naszej-izby-z-terenu-powiatu-rzeszowskiego-2025-r\\\/\",\"name\":\"Spotkanie informacyjno-integracyjne cz\u0142onk\u00f3w naszej Izby z terenu powiatu rzeszowskiego 2025 r. - Podkarpacka Okregowa Izba Inzynierow Budownictwa\",\"isPartOf\":{\"@id\":\"https:\\\/\\\/inzynier.rzeszow.pl\\\/#website\"},\"primaryImageOfPage\":{\"@id\":\"https:\\\/\\\/inzynier.rzeszow.pl\\\/index.php\\\/2025\\\/05\\\/31\\\/spotkanie-informacyjno-integracyjne-czlonkow-naszej-izby-z-terenu-powiatu-rzeszowskiego-2025-r\\\/#primaryimage\"},\"image\":{\"@id\":\"https:\\\/\\\/inzynier.rzeszow.pl\\\/index.php\\\/2025\\\/05\\\/31\\\/spotkanie-informacyjno-integracyjne-czlonkow-naszej-izby-z-terenu-powiatu-rzeszowskiego-2025-r\\\/#primaryimage\"},\"thumbnailUrl\":\"https:\\\/\\\/inzynier.rzeszow.pl\\\/wp-content\\\/uploads\\\/2025\\\/05\\\/obraz_2026-01-28_161743378.png\",\"datePublished\":\"2025-05-31T15:31:26+00:00\",\"dateModified\":\"2026-02-13T13:42:04+00:00\",\"author\":{\"@id\":\"https:\\\/\\\/inzynier.rzeszow.pl\\\/#\\\/schema\\\/person\\\/21ca162d893bdc5760a95d704e9b1e39\"},\"breadcrumb\":{\"@id\":\"https:\\\/\\\/inzynier.rzeszow.pl\\\/index.php\\\/2025\\\/05\\\/31\\\/spotkanie-informacyjno-integracyjne-czlonkow-naszej-izby-z-terenu-powiatu-rzeszowskiego-2025-r\\\/#breadcrumb\"},\"inLanguage\":\"pl-PL\",\"potentialAction\":[{\"@type\":\"ReadAction\",\"target\":[\"https:\\\/\\\/inzynier.rzeszow.pl\\\/index.php\\\/2025\\\/05\\\/31\\\/spotkanie-informacyjno-integracyjne-czlonkow-naszej-izby-z-terenu-powiatu-rzeszowskiego-2025-r\\\/\"]}]},{\"@type\":\"ImageObject\",\"inLanguage\":\"pl-PL\",\"@id\":\"https:\\\/\\\/inzynier.rzeszow.pl\\\/index.php\\\/2025\\\/05\\\/31\\\/spotkanie-informacyjno-integracyjne-czlonkow-naszej-izby-z-terenu-powiatu-rzeszowskiego-2025-r\\\/#primaryimage\",\"url\":\"https:\\\/\\\/inzynier.rzeszow.pl\\\/wp-content\\\/uploads\\\/2025\\\/05\\\/obraz_2026-01-28_161743378.png\",\"contentUrl\":\"https:\\\/\\\/inzynier.rzeszow.pl\\\/wp-content\\\/uploads\\\/2025\\\/05\\\/obraz_2026-01-28_161743378.png\",\"width\":1600,\"height\":1200},{\"@type\":\"BreadcrumbList\",\"@id\":\"https:\\\/\\\/inzynier.rzeszow.pl\\\/index.php\\\/2025\\\/05\\\/31\\\/spotkanie-informacyjno-integracyjne-czlonkow-naszej-izby-z-terenu-powiatu-rzeszowskiego-2025-r\\\/#breadcrumb\",\"itemListElement\":[{\"@type\":\"ListItem\",\"position\":1,\"name\":\"Strona g\u0142\u00f3wna\",\"item\":\"https:\\\/\\\/inzynier.rzeszow.pl\\\/\"},{\"@type\":\"ListItem\",\"position\":2,\"name\":\"Spotkanie informacyjno-integracyjne cz\u0142onk\u00f3w naszej Izby z terenu powiatu rzeszowskiego 2025 r.\"}]},{\"@type\":\"WebSite\",\"@id\":\"https:\\\/\\\/inzynier.rzeszow.pl\\\/#website\",\"url\":\"https:\\\/\\\/inzynier.rzeszow.pl\\\/\",\"name\":\"Podkarpacka Okregowa Izba Inzynierow Budownictwa\",\"description\":\"\",\"potentialAction\":[{\"@type\":\"SearchAction\",\"target\":{\"@type\":\"EntryPoint\",\"urlTemplate\":\"https:\\\/\\\/inzynier.rzeszow.pl\\\/?s={search_term_string}\"},\"query-input\":{\"@type\":\"PropertyValueSpecification\",\"valueRequired\":true,\"valueName\":\"search_term_string\"}}],\"inLanguage\":\"pl-PL\"},{\"@type\":\"Person\",\"@id\":\"https:\\\/\\\/inzynier.rzeszow.pl\\\/#\\\/schema\\\/person\\\/21ca162d893bdc5760a95d704e9b1e39\",\"name\":\"admin\",\"image\":{\"@type\":\"ImageObject\",\"inLanguage\":\"pl-PL\",\"@id\":\"https:\\\/\\\/secure.gravatar.com\\\/avatar\\\/d5d1959f10b94c8abcf928274f8bb5b8c7370b0dfadb0590911bacad18965f21?s=96&d=mm&r=g\",\"url\":\"https:\\\/\\\/secure.gravatar.com\\\/avatar\\\/d5d1959f10b94c8abcf928274f8bb5b8c7370b0dfadb0590911bacad18965f21?s=96&d=mm&r=g\",\"contentUrl\":\"https:\\\/\\\/secure.gravatar.com\\\/avatar\\\/d5d1959f10b94c8abcf928274f8bb5b8c7370b0dfadb0590911bacad18965f21?s=96&d=mm&r=g\",\"caption\":\"admin\"},\"sameAs\":[\"https:\\\/\\\/migracja.inzynier.rzeszow.pl\"],\"url\":\"https:\\\/\\\/inzynier.rzeszow.pl\\\/index.php\\\/author\\\/kwojcik\\\/\"}]}<\/script>\n<!-- \/ Yoast SEO plugin. -->","yoast_head_json":{"title":"Spotkanie informacyjno-integracyjne cz\u0142onk\u00f3w naszej Izby z terenu powiatu rzeszowskiego 2025 r. - Podkarpacka Okregowa Izba Inzynierow Budownictwa","robots":{"index":"index","follow":"follow","max-snippet":"max-snippet:-1","max-image-preview":"max-image-preview:large","max-video-preview":"max-video-preview:-1"},"canonical":"https:\/\/inzynier.rzeszow.pl\/index.php\/2025\/05\/31\/spotkanie-informacyjno-integracyjne-czlonkow-naszej-izby-z-terenu-powiatu-rzeszowskiego-2025-r\/","og_locale":"pl_PL","og_type":"article","og_title":"Spotkanie informacyjno-integracyjne cz\u0142onk\u00f3w naszej Izby z terenu powiatu rzeszowskiego 2025 r. - Podkarpacka Okregowa Izba Inzynierow Budownictwa","og_description":"Kolejne spotkanie integracyjne za nami. W dniu 31 maja 2025 roku odby\u0142o si\u0119 spotkanie informacyjno &#8211; integracyjne cz\u0142onk\u00f3w naszej Izby [&hellip;]","og_url":"https:\/\/inzynier.rzeszow.pl\/index.php\/2025\/05\/31\/spotkanie-informacyjno-integracyjne-czlonkow-naszej-izby-z-terenu-powiatu-rzeszowskiego-2025-r\/","og_site_name":"Podkarpacka Okregowa Izba Inzynierow Budownictwa","article_published_time":"2025-05-31T15:31:26+00:00","article_modified_time":"2026-02-13T13:42:04+00:00","og_image":[{"width":1600,"height":1200,"url":"https:\/\/inzynier.rzeszow.pl\/wp-content\/uploads\/2025\/05\/obraz_2026-01-28_161743378.png","type":"image\/png"}],"author":"admin","twitter_card":"summary_large_image","twitter_misc":{"Napisane przez":"admin","Szacowany czas czytania":"2 minuty"},"schema":{"@context":"https:\/\/schema.org","@graph":[{"@type":"Article","@id":"https:\/\/inzynier.rzeszow.pl\/index.php\/2025\/05\/31\/spotkanie-informacyjno-integracyjne-czlonkow-naszej-izby-z-terenu-powiatu-rzeszowskiego-2025-r\/#article","isPartOf":{"@id":"https:\/\/inzynier.rzeszow.pl\/index.php\/2025\/05\/31\/spotkanie-informacyjno-integracyjne-czlonkow-naszej-izby-z-terenu-powiatu-rzeszowskiego-2025-r\/"},"author":{"name":"admin","@id":"https:\/\/inzynier.rzeszow.pl\/#\/schema\/person\/21ca162d893bdc5760a95d704e9b1e39"},"headline":"Spotkanie informacyjno-integracyjne cz\u0142onk\u00f3w naszej Izby z terenu powiatu rzeszowskiego 2025 r.","datePublished":"2025-05-31T15:31:26+00:00","dateModified":"2026-02-13T13:42:04+00:00","mainEntityOfPage":{"@id":"https:\/\/inzynier.rzeszow.pl\/index.php\/2025\/05\/31\/spotkanie-informacyjno-integracyjne-czlonkow-naszej-izby-z-terenu-powiatu-rzeszowskiego-2025-r\/"},"wordCount":496,"image":{"@id":"https:\/\/inzynier.rzeszow.pl\/index.php\/2025\/05\/31\/spotkanie-informacyjno-integracyjne-czlonkow-naszej-izby-z-terenu-powiatu-rzeszowskiego-2025-r\/#primaryimage"},"thumbnailUrl":"https:\/\/inzynier.rzeszow.pl\/wp-content\/uploads\/2025\/05\/obraz_2026-01-28_161743378.png","articleSection":["Wydarzenia","Z \u017cycia izby","Z \u017cycia Izby Rok 2025"],"inLanguage":"pl-PL"},{"@type":"WebPage","@id":"https:\/\/inzynier.rzeszow.pl\/index.php\/2025\/05\/31\/spotkanie-informacyjno-integracyjne-czlonkow-naszej-izby-z-terenu-powiatu-rzeszowskiego-2025-r\/","url":"https:\/\/inzynier.rzeszow.pl\/index.php\/2025\/05\/31\/spotkanie-informacyjno-integracyjne-czlonkow-naszej-izby-z-terenu-powiatu-rzeszowskiego-2025-r\/","name":"Spotkanie informacyjno-integracyjne cz\u0142onk\u00f3w naszej Izby z terenu powiatu rzeszowskiego 2025 r. - Podkarpacka Okregowa Izba Inzynierow Budownictwa","isPartOf":{"@id":"https:\/\/inzynier.rzeszow.pl\/#website"},"primaryImageOfPage":{"@id":"https:\/\/inzynier.rzeszow.pl\/index.php\/2025\/05\/31\/spotkanie-informacyjno-integracyjne-czlonkow-naszej-izby-z-terenu-powiatu-rzeszowskiego-2025-r\/#primaryimage"},"image":{"@id":"https:\/\/inzynier.rzeszow.pl\/index.php\/2025\/05\/31\/spotkanie-informacyjno-integracyjne-czlonkow-naszej-izby-z-terenu-powiatu-rzeszowskiego-2025-r\/#primaryimage"},"thumbnailUrl":"https:\/\/inzynier.rzeszow.pl\/wp-content\/uploads\/2025\/05\/obraz_2026-01-28_161743378.png","datePublished":"2025-05-31T15:31:26+00:00","dateModified":"2026-02-13T13:42:04+00:00","author":{"@id":"https:\/\/inzynier.rzeszow.pl\/#\/schema\/person\/21ca162d893bdc5760a95d704e9b1e39"},"breadcrumb":{"@id":"https:\/\/inzynier.rzeszow.pl\/index.php\/2025\/05\/31\/spotkanie-informacyjno-integracyjne-czlonkow-naszej-izby-z-terenu-powiatu-rzeszowskiego-2025-r\/#breadcrumb"},"inLanguage":"pl-PL","potentialAction":[{"@type":"ReadAction","target":["https:\/\/inzynier.rzeszow.pl\/index.php\/2025\/05\/31\/spotkanie-informacyjno-integracyjne-czlonkow-naszej-izby-z-terenu-powiatu-rzeszowskiego-2025-r\/"]}]},{"@type":"ImageObject","inLanguage":"pl-PL","@id":"https:\/\/inzynier.rzeszow.pl\/index.php\/2025\/05\/31\/spotkanie-informacyjno-integracyjne-czlonkow-naszej-izby-z-terenu-powiatu-rzeszowskiego-2025-r\/#primaryimage","url":"https:\/\/inzynier.rzeszow.pl\/wp-content\/uploads\/2025\/05\/obraz_2026-01-28_161743378.png","contentUrl":"https:\/\/inzynier.rzeszow.pl\/wp-content\/uploads\/2025\/05\/obraz_2026-01-28_161743378.png","width":1600,"height":1200},{"@type":"BreadcrumbList","@id":"https:\/\/inzynier.rzeszow.pl\/index.php\/2025\/05\/31\/spotkanie-informacyjno-integracyjne-czlonkow-naszej-izby-z-terenu-powiatu-rzeszowskiego-2025-r\/#breadcrumb","itemListElement":[{"@type":"ListItem","position":1,"name":"Strona g\u0142\u00f3wna","item":"https:\/\/inzynier.rzeszow.pl\/"},{"@type":"ListItem","position":2,"name":"Spotkanie informacyjno-integracyjne cz\u0142onk\u00f3w naszej Izby z terenu powiatu rzeszowskiego 2025 r."}]},{"@type":"WebSite","@id":"https:\/\/inzynier.rzeszow.pl\/#website","url":"https:\/\/inzynier.rzeszow.pl\/","name":"Podkarpacka Okregowa Izba Inzynierow Budownictwa","description":"","potentialAction":[{"@type":"SearchAction","target":{"@type":"EntryPoint","urlTemplate":"https:\/\/inzynier.rzeszow.pl\/?s={search_term_string}"},"query-input":{"@type":"PropertyValueSpecification","valueRequired":true,"valueName":"search_term_string"}}],"inLanguage":"pl-PL"},{"@type":"Person","@id":"https:\/\/inzynier.rzeszow.pl\/#\/schema\/person\/21ca162d893bdc5760a95d704e9b1e39","name":"admin","image":{"@type":"ImageObject","inLanguage":"pl-PL","@id":"https:\/\/secure.gravatar.com\/avatar\/d5d1959f10b94c8abcf928274f8bb5b8c7370b0dfadb0590911bacad18965f21?s=96&d=mm&r=g","url":"https:\/\/secure.gravatar.com\/avatar\/d5d1959f10b94c8abcf928274f8bb5b8c7370b0dfadb0590911bacad18965f21?s=96&d=mm&r=g","contentUrl":"https:\/\/secure.gravatar.com\/avatar\/d5d1959f10b94c8abcf928274f8bb5b8c7370b0dfadb0590911bacad18965f21?s=96&d=mm&r=g","caption":"admin"},"sameAs":["https:\/\/migracja.inzynier.rzeszow.pl"],"url":"https:\/\/inzynier.rzeszow.pl\/index.php\/author\/kwojcik\/"}]}},"rttpg_featured_image_url":{"full":["https:\/\/inzynier.rzeszow.pl\/wp-content\/uploads\/2025\/05\/obraz_2026-01-28_161743378.png",1600,1200,false],"landscape":["https:\/\/inzynier.rzeszow.pl\/wp-content\/uploads\/2025\/05\/obraz_2026-01-28_161743378.png",1600,1200,false],"portraits":["https:\/\/inzynier.rzeszow.pl\/wp-content\/uploads\/2025\/05\/obraz_2026-01-28_161743378.png",1600,1200,false],"thumbnail":["https:\/\/inzynier.rzeszow.pl\/wp-content\/uploads\/2025\/05\/obraz_2026-01-28_161743378-150x150.png",150,150,true],"medium":["https:\/\/inzynier.rzeszow.pl\/wp-content\/uploads\/2025\/05\/obraz_2026-01-28_161743378-300x225.png",300,225,true],"large":["https:\/\/inzynier.rzeszow.pl\/wp-content\/uploads\/2025\/05\/obraz_2026-01-28_161743378-1024x768.png",1024,768,true],"1536x1536":["https:\/\/inzynier.rzeszow.pl\/wp-content\/uploads\/2025\/05\/obraz_2026-01-28_161743378-1536x1152.png",1536,1152,true],"2048x2048":["https:\/\/inzynier.rzeszow.pl\/wp-content\/uploads\/2025\/05\/obraz_2026-01-28_161743378.png",1600,1200,false]},"rttpg_author":{"display_name":"admin","author_link":"https:\/\/inzynier.rzeszow.pl\/index.php\/author\/kwojcik\/"},"rttpg_comment":0,"rttpg_category":"<a href=\"https:\/\/inzynier.rzeszow.pl\/index.php\/category\/wydarzenia\/\" rel=\"category tag\">Wydarzenia<\/a> <a href=\"https:\/\/inzynier.rzeszow.pl\/index.php\/category\/z-zycia-izby\/\" rel=\"category tag\">Z \u017cycia izby<\/a> <a href=\"https:\/\/inzynier.rzeszow.pl\/index.php\/category\/z-zycia-izby\/z-zycia-izby-rok-2025\/\" rel=\"category tag\">Z \u017cycia Izby Rok 2025<\/a>","rttpg_excerpt":"Kolejne spotkanie integracyjne za nami. W dniu 31 maja 2025 roku odby\u0142o si\u0119 spotkanie informacyjno &#8211; integracyjne cz\u0142onk\u00f3w naszej Izby [&hellip;]","_links":{"self":[{"href":"https:\/\/inzynier.rzeszow.pl\/index.php\/wp-json\/wp\/v2\/posts\/3207","targetHints":{"allow":["GET"]}}],"collection":[{"href":"https:\/\/inzynier.rzeszow.pl\/index.php\/wp-json\/wp\/v2\/posts"}],"about":[{"href":"https:\/\/inzynier.rzeszow.pl\/index.php\/wp-json\/wp\/v2\/types\/post"}],"author":[{"embeddable":true,"href":"https:\/\/inzynier.rzeszow.pl\/index.php\/wp-json\/wp\/v2\/users\/1"}],"replies":[{"embeddable":true,"href":"https:\/\/inzynier.rzeszow.pl\/index.php\/wp-json\/wp\/v2\/comments?post=3207"}],"version-history":[{"count":4,"href":"https:\/\/inzynier.rzeszow.pl\/index.php\/wp-json\/wp\/v2\/posts\/3207\/revisions"}],"predecessor-version":[{"id":3297,"href":"https:\/\/inzynier.rzeszow.pl\/index.php\/wp-json\/wp\/v2\/posts\/3207\/revisions\/3297"}],"wp:featuredmedia":[{"embeddable":true,"href":"https:\/\/inzynier.rzeszow.pl\/index.php\/wp-json\/wp\/v2\/media\/3293"}],"wp:attachment":[{"href":"https:\/\/inzynier.rzeszow.pl\/index.php\/wp-json\/wp\/v2\/media?parent=3207"}],"wp:term":[{"taxonomy":"category","embeddable":true,"href":"https:\/\/inzynier.rzeszow.pl\/index.php\/wp-json\/wp\/v2\/categories?post=3207"},{"taxonomy":"post_tag","embeddable":true,"href":"https:\/\/inzynier.rzeszow.pl\/index.php\/wp-json\/wp\/v2\/tags?post=3207"}],"curies":[{"name":"wp","href":"https:\/\/api.w.org\/{rel}","templated":true}]}}