{"id":3206,"date":"2025-05-31T13:01:23","date_gmt":"2025-05-31T13:01:23","guid":{"rendered":"https:\/\/migracja.inzynier.rzeszow.pl\/?p=3206"},"modified":"2026-02-13T13:42:04","modified_gmt":"2026-02-13T13:42:04","slug":"galeria-integracyjna-janusz-artur-skowron-z-zakamarkow-wyobrazni","status":"publish","type":"post","link":"https:\/\/inzynier.rzeszow.pl\/index.php\/2025\/05\/31\/galeria-integracyjna-janusz-artur-skowron-z-zakamarkow-wyobrazni\/","title":{"rendered":"Galeria Integracyjna &#8211; Janusz &#038; Artur Skowron &#8211; Z Zakamark\u00f3w Wyobra\u017ani"},"content":{"rendered":"\t\t<div data-elementor-type=\"wp-post\" data-elementor-id=\"3206\" class=\"elementor elementor-3206\" data-elementor-post-type=\"post\">\n\t\t\t\t<div class=\"elementor-element elementor-element-a86bb8d e-flex e-con-boxed e-con e-parent\" data-id=\"a86bb8d\" data-element_type=\"container\" data-e-type=\"container\">\n\t\t\t\t\t<div class=\"e-con-inner\">\n\t\t<div class=\"elementor-element elementor-element-410f3d0 e-con-full e-flex e-con e-child\" data-id=\"410f3d0\" data-element_type=\"container\" data-e-type=\"container\">\n\t\t<div class=\"elementor-element elementor-element-0161690 e-con-full e-flex e-con e-child\" data-id=\"0161690\" data-element_type=\"container\" data-e-type=\"container\">\n\t\t\t\t<div class=\"elementor-element elementor-element-833a258 elementor-widget elementor-widget-image\" data-id=\"833a258\" data-element_type=\"widget\" data-e-type=\"widget\" data-widget_type=\"image.default\">\n\t\t\t\t\t\t\t\t\t\t\t\t\t\t\t<img fetchpriority=\"high\" decoding=\"async\" width=\"1024\" height=\"576\" src=\"https:\/\/inzynier.rzeszow.pl\/wp-content\/uploads\/2025\/05\/obraz_2026-01-28_162308813-1024x576.png\" class=\"attachment-large size-large wp-image-3299\" alt=\"\" srcset=\"https:\/\/inzynier.rzeszow.pl\/wp-content\/uploads\/2025\/05\/obraz_2026-01-28_162308813-1024x576.png 1024w, https:\/\/inzynier.rzeszow.pl\/wp-content\/uploads\/2025\/05\/obraz_2026-01-28_162308813-300x169.png 300w, https:\/\/inzynier.rzeszow.pl\/wp-content\/uploads\/2025\/05\/obraz_2026-01-28_162308813-768x432.png 768w, https:\/\/inzynier.rzeszow.pl\/wp-content\/uploads\/2025\/05\/obraz_2026-01-28_162308813-1536x864.png 1536w, https:\/\/inzynier.rzeszow.pl\/wp-content\/uploads\/2025\/05\/obraz_2026-01-28_162308813.png 1920w\" sizes=\"(max-width: 1024px) 100vw, 1024px\" \/>\t\t\t\t\t\t\t\t\t\t\t\t\t\t\t<\/div>\n\t\t\t\t<\/div>\n\t\t<div class=\"elementor-element elementor-element-ba0eba7 e-con-full e-flex e-con e-child\" data-id=\"ba0eba7\" data-element_type=\"container\" data-e-type=\"container\">\n\t\t\t\t<div class=\"elementor-element elementor-element-43c5e2f elementor-widget elementor-widget-text-editor\" data-id=\"43c5e2f\" data-element_type=\"widget\" data-e-type=\"widget\" data-widget_type=\"text-editor.default\">\n\t\t\t\t\t\t\t\t\t<p>W dniu 30 maja 2025 r. o godzinie 18.00 odby\u0142o si\u0119 otwarcie wystawy malarstwa i rysunk\u00f3w Janusza &amp; Artura Skowron zatytu\u0142owanej:\u00a0Z Zakamark\u00f3w Wyobra\u017ani\u00a0w artystycznej Galerii Integracyjnej w siedzibie Podkarpackiej Okr\u0119gowej Izby In\u017cynier\u00f3w Budownictwa w Rzeszowie przy ulicy Krakowskiej 289.<\/p><p>Janusz Skowron jest nie tylko uznanym malarzem, grafikiem, inspiratorem polonijnego \u017cycia artystycznego w metropolii nowojorskiej, ale r\u00f3wnie\u017c kuratorem, mecenasem, popularyzatorem i animatorem wystaw, w tym wydarze\u0144 artystycznych dla niezliczonej liczby tw\u00f3rc\u00f3w.<br \/>\u015awiat artystyczny Janusza Skowrona, przepuszczony przez emocjonalny filtr do\u015bwiadczenia, jawi si\u0119 jako poetyczna, wyimaginowana opowie\u015b\u0107, zar\u00f3wno w rysunkach jak i malarstwie.<\/p>\t\t\t\t\t\t\t\t<\/div>\n\t\t\t\t<\/div>\n\t\t\t\t<\/div>\n\t\t\t\t\t<\/div>\n\t\t\t\t<\/div>\n\t\t<div class=\"elementor-element elementor-element-1a783a1 e-flex e-con-boxed e-con e-parent\" data-id=\"1a783a1\" data-element_type=\"container\" data-e-type=\"container\">\n\t\t\t\t\t<div class=\"e-con-inner\">\n\t\t\t\t<div class=\"elementor-element elementor-element-bb22b76 elementor-widget elementor-widget-text-editor\" data-id=\"bb22b76\" data-element_type=\"widget\" data-e-type=\"widget\" data-widget_type=\"text-editor.default\">\n\t\t\t\t\t\t\t\t\t<p>W spojrzeniu artysty-poety wa\u017cna jest \u017cywa, rozedrgana kreska oraz feerie barwnych kaskad we wszystkich poruszanych przez artyst\u0119 odmianach malarstwa i rysunku. Artystyczna iluzja rzeczywisto\u015bci, mocno nasycona emocjonalnie, sprawia wra\u017cenie, \u017ce jego prace wydaj\u0105 si\u0119 jakby nietrwa\u0142e, niestabilne i ulotne. Przedstawione obiekty z trudem utrzymuj\u0105 form\u0119 i kszta\u0142t; rozpadaj\u0105 si\u0119 w gmatwanin\u0119 linii, pl\u0105tanin\u0119 kresek, albo przeciwnie &#8211; to w\u0142a\u015bnie z ca\u0142kowitego chaosu materii zaczynaj\u0105 wy\u0142ania\u0107 si\u0119, w ostatecznym akcie stawania si\u0119, zamierzone kszta\u0142ty, wygl\u0105dy, a ci\u0105gle jeszcze nie w pe\u0142ni uformowane, niekompletne.<\/p><p align=\"right\">Czes\u0142aw Karkowski<br \/>Opracowanie Anna Baran<\/p><p align=\"left\">Nazwa \u201eemocjonalizm&#8221;, kt\u00f3ra cz\u0119sto pada w odniesieniu do dzie\u0142 artysty, trafnie oddaje ich nastr\u00f3j, a zarazem w\u0142a\u015bciwie charakteryzuje sp\u00f3jn\u0105 i konsekwentnie rozwijan\u0105 tw\u00f3rczo\u015b\u0107 Janusza Skowrona z kilku ostatnich dekad.<\/p><p align=\"right\">Piotr Majewski<\/p><p><br \/>Artur Skowron &#8211; artysta prawdziwy, wieloznaczny, totalny, dla kt\u00f3rego sztuka jest \u017cyciem, a \u017cycie&#8230;sztuk\u0105. Jego wielk\u0105 osobist\u0105 zas\u0142ug\u0105 jest b\u0142yskotliwe prze\u0142o\u017cenie panteistycznego sposobu rozumienia widzialnego \u015bwiata na malarsk\u0105 abstrakcj\u0119. W swojej tw\u00f3rczo\u015bci, w kompozycjach malarskich, rysunkowych, a te\u017c w fotograficznych, odkrywa obiektywne prawdy i opowiada swoje prywatne historie. Dzie\u0142a artysty same w sobie s\u0105 kompletn\u0105 opowie\u015bci\u0105, dotykaj\u0105c\u0105 historii, wra\u017ce\u0144 i emocji odbijaj\u0105cych jego relacje z zewn\u0119trznym \u015bwiatem.<\/p><p align=\"right\">Bo\u017cena Chlabicz- Polak, Aleksandra Madej<br \/>Opracowanie Anna Baran<\/p>\t\t\t\t\t\t\t\t<\/div>\n\t\t\t\t\t<\/div>\n\t\t\t\t<\/div>\n\t\t<div class=\"elementor-element elementor-element-e09d437 e-flex e-con-boxed e-con e-parent\" data-id=\"e09d437\" data-element_type=\"container\" data-e-type=\"container\">\n\t\t\t\t\t<div class=\"e-con-inner\">\n\t\t<div class=\"elementor-element elementor-element-829bb53 e-con-full e-flex e-con e-child\" data-id=\"829bb53\" data-element_type=\"container\" data-e-type=\"container\">\n\t\t\t\t<div class=\"elementor-element elementor-element-3e8b967 elementor-widget elementor-widget-image\" data-id=\"3e8b967\" data-element_type=\"widget\" data-e-type=\"widget\" data-widget_type=\"image.default\">\n\t\t\t\t\t\t\t\t\t\t\t\t\t\t\t<img decoding=\"async\" width=\"570\" height=\"524\" src=\"https:\/\/inzynier.rzeszow.pl\/wp-content\/uploads\/2025\/05\/obraz_2026-01-28_162458464.png\" class=\"attachment-large size-large wp-image-3300\" alt=\"\" srcset=\"https:\/\/inzynier.rzeszow.pl\/wp-content\/uploads\/2025\/05\/obraz_2026-01-28_162458464.png 570w, https:\/\/inzynier.rzeszow.pl\/wp-content\/uploads\/2025\/05\/obraz_2026-01-28_162458464-300x276.png 300w\" sizes=\"(max-width: 570px) 100vw, 570px\" \/>\t\t\t\t\t\t\t\t\t\t\t\t\t\t\t<\/div>\n\t\t\t\t<div class=\"elementor-element elementor-element-76bfaf2 elementor-widget elementor-widget-text-editor\" data-id=\"76bfaf2\" data-element_type=\"widget\" data-e-type=\"widget\" data-widget_type=\"text-editor.default\">\n\t\t\t\t\t\t\t\t\t<p><strong>Janusz Skowron<\/strong><br \/><br \/>Urodzi\u0142 si\u0119 w Kolbuszowej (1958). Studiowa\u0142 sztuki pi\u0119kne na Uniwersytecie UMCS w Lublinie. Dyplom u prof. D. Ko\u0142wzan-Nowickiej (1983). Od 1989 mieszka i pracuje w Nowym Jorku.<br \/>Jest cz\u0142onkiem mi\u0119dzynarodowej multimedialnej grupy artystycznej \u201eEmotionalism&#8221; (od 1999). Bra\u0142 udzia\u0142 w ponad trzystu wystawach, prezentuj\u0105c swoje prace w Polsce, na W\u0119grzech, w USA, Korei Po\u0142udniowej, Chinach, Francji, Danii, Czechach, Ukrainie i Niemczech.<br \/>Uprawia malarstwo, rysunek, fotografi\u0119 i grafik\u0119. Janusz by\u0142 kuratorem i promotorem ponad dwustu wystaw i promotorem sztuki polskiej w Ameryce. Wsp\u00f3\u0142tworzy\u0142: Galeri\u0119 KONT (Lublin 1978),\u201eShtooka Gallery&#8221;, Starbucks- Gallery oraz za\u0142o\u017cy\u0142 A.R Gallery (Brooklyn, NY).<br \/>Jest cz\u0142onkiem PIASA, Polsko-Ameryka\u0144skiego Klubu Fotografika oraz Rady Instytutu Pi\u0142sudskiego w Nowym Jorku.\u00a0<\/p>\t\t\t\t\t\t\t\t<\/div>\n\t\t\t\t<\/div>\n\t\t<div class=\"elementor-element elementor-element-0cc334d e-con-full e-flex e-con e-child\" data-id=\"0cc334d\" data-element_type=\"container\" data-e-type=\"container\">\n\t\t\t\t<div class=\"elementor-element elementor-element-26bab7b elementor-widget elementor-widget-image\" data-id=\"26bab7b\" data-element_type=\"widget\" data-e-type=\"widget\" data-widget_type=\"image.default\">\n\t\t\t\t\t\t\t\t\t\t\t\t\t\t\t<img decoding=\"async\" width=\"570\" height=\"524\" src=\"https:\/\/inzynier.rzeszow.pl\/wp-content\/uploads\/2025\/05\/obraz_2026-01-28_162509523.png\" class=\"attachment-large size-large wp-image-3301\" alt=\"\" srcset=\"https:\/\/inzynier.rzeszow.pl\/wp-content\/uploads\/2025\/05\/obraz_2026-01-28_162509523.png 570w, https:\/\/inzynier.rzeszow.pl\/wp-content\/uploads\/2025\/05\/obraz_2026-01-28_162509523-300x276.png 300w\" sizes=\"(max-width: 570px) 100vw, 570px\" \/>\t\t\t\t\t\t\t\t\t\t\t\t\t\t\t<\/div>\n\t\t\t\t<div class=\"elementor-element elementor-element-af8da14 elementor-widget elementor-widget-text-editor\" data-id=\"af8da14\" data-element_type=\"widget\" data-e-type=\"widget\" data-widget_type=\"text-editor.default\">\n\t\t\t\t\t\t\t\t\t<p><strong>Artur Skowron<\/strong><br \/><br \/>Urodzi\u0142 si\u0119 w Starachowicach w 1982 roku. Zmar\u0142 w Nowym Jorku w 2022 roku. Polsko-ameryka\u0144ski artysta, muzyk, poeta i pedagog, mieszkaj\u0105cy w Nowym Jorku od 1990 roku.<br \/>Uko\u0144czy\u0142 z wyr\u00f3\u017cnieniem High School of Art &amp; Design na Manhattanie (2000). W latach 2000 &#8211; 2005 studiowa\u0142 sztuk\u0119 i edukacj\u0119 artystyczn\u0105 w Queens College, nast\u0119pnie geologi\u0119 (2005-2007) zdobywaj\u0105c uprawnienia pedagogiczne, po czym kilka lat uczy\u0142 w nowojorskich szko\u0142ach \u015brednich. W roku 2010 uzyska\u0142 tytu\u0142 magistra edukacji artystycznej w Queens College. Artur prezentowa\u0142 swoje prace na ponad czterdziestu wystawach indywidualnych i ponad stu sze\u015b\u0107dziesi\u0119ciu zbiorowych, m.in. w Stanach Zjednoczonych, Polsce, Niemczech, Francji, Korei Po\u0142udniowej i Chinach. Zdoby\u0142 kilka nagr\u00f3d artystycznych i wyr\u00f3\u017cnie\u0144: Stypendium Ralpha J. Sansone (2000), Medal Aleksandra 2000, Stypendium PSC (2001) oraz medal za najlepszy obraz olejny podczas Salonu Artsplash 2009. Artur by\u0142 cz\u0142onkiem Young Talents Group, Polish- American Photographic Club, Emotionalist Artists Group i Rockaway Artist&#8217;s Alliance. By\u0142 uczestnikiem Og\u00f3lnopolskiego Pleneru Malarskiego w Kolbuszowej (2001). Uprawia\u0142 malarstwo sztalugowe, \u015bcienne (murale), grafik\u0119,ilustracj\u0119, rysunek i fotografi\u0119 czarno-bia\u0142\u0105. Bieg\u0142y w obu j\u0119zykach &#8211; angielskim i polskim, t\u0142umaczy\u0142 teksty i poezje. W 2010 roku wyda\u0142 tak\u017ce w j\u0119zyku angielskim tomik poezji \u201eWords and Pictures&#8221;. Przez wiele lat prowadzi\u0142 dla Polonii kursy przygotowuj\u0105ce do egzaminu na obywatelstwo ameryka\u0144skie oraz pracowa\u0142 zar\u00f3wno z polskimi dzie\u0107mi jak i z seniorami. Swoj\u0105 sztuk\u0105 wspiera\u0142 dziesi\u0105tki aukcji charytatywnych. Pasj\u0105 Artura by\u0142a muzyka. Nauk\u0119 gry na fortepianie pobiera\u0142 u prof. Jerzego Stryjniaka w New York Conservatory of Music oraz u Niny Ku\u017amy- Sapiejewskiej. Wyst\u0119powa\u0142 m.in.: w Steinway Hall, CAMI Hall, Konsulacie Generalnym RP, Fundacji Ko\u015bciuszkowskiej i Lincoln Center. Przez wiele lat by\u0142 organist\u0105 w nowojorskich ko\u015bcio\u0142ach. W 2012 skomponowa\u0142 muzyk\u0119 do kilku swoich wierszy, kt\u00f3re nagra\u0142 wraz z zespo\u0142em w studio. Kolejn\u0105 jego pasj\u0105 by\u0142o w\u0119dkarstwo.<\/p>\t\t\t\t\t\t\t\t<\/div>\n\t\t\t\t<\/div>\n\t\t\t\t\t<\/div>\n\t\t\t\t<\/div>\n\t\t<div class=\"elementor-element elementor-element-9eac989 e-flex e-con-boxed e-con e-parent\" data-id=\"9eac989\" data-element_type=\"container\" data-e-type=\"container\">\n\t\t\t\t\t<div class=\"e-con-inner\">\n\t\t\t\t<div class=\"elementor-element elementor-element-1e49910 elementor-widget__width-inherit elementor-icon-list--layout-traditional elementor-list-item-link-full_width elementor-widget elementor-widget-icon-list\" data-id=\"1e49910\" data-element_type=\"widget\" data-e-type=\"widget\" data-widget_type=\"icon-list.default\">\n\t\t\t\t\t\t\t<ul class=\"elementor-icon-list-items\">\n\t\t\t\t\t\t\t<li class=\"elementor-icon-list-item\">\n\t\t\t\t\t\t\t\t\t\t\t<a href=\"https:\/\/www.facebook.com\/PodkarpackaOIIB\/posts\/pfbid06Gi75JwgTXg8yiJqRYzj3KRdBJ4Fyg67vPikvYGiGp5TpFLb5jXwaeGJXRjbMwLGl\">\n\n\t\t\t\t\t\t\t\t\t\t\t\t<span class=\"elementor-icon-list-icon\">\n\t\t\t\t\t\t\t<svg aria-hidden=\"true\" class=\"e-font-icon-svg e-fas-arrow-circle-right\" viewBox=\"0 0 512 512\" xmlns=\"http:\/\/www.w3.org\/2000\/svg\"><path d=\"M256 8c137 0 248 111 248 248S393 504 256 504 8 393 8 256 119 8 256 8zm-28.9 143.6l75.5 72.4H120c-13.3 0-24 10.7-24 24v16c0 13.3 10.7 24 24 24h182.6l-75.5 72.4c-9.7 9.3-9.9 24.8-.4 34.3l11 10.9c9.4 9.4 24.6 9.4 33.9 0L404.3 273c9.4-9.4 9.4-24.6 0-33.9L271.6 106.3c-9.4-9.4-24.6-9.4-33.9 0l-11 10.9c-9.5 9.6-9.3 25.1.4 34.4z\"><\/path><\/svg>\t\t\t\t\t\t<\/span>\n\t\t\t\t\t\t\t\t\t\t<span class=\"elementor-icon-list-text\">Galeria fotograficzna z Galeria Integracyjna - Janusz &amp; Artur Skowron - Z Zakamark\u00f3w Wyobra\u017ani - 30.05.2025 r.<\/span>\n\t\t\t\t\t\t\t\t\t\t\t<\/a>\n\t\t\t\t\t\t\t\t\t<\/li>\n\t\t\t\t\t\t<\/ul>\n\t\t\t\t\t\t<\/div>\n\t\t\t\t\t<\/div>\n\t\t\t\t<\/div>\n\t\t<div class=\"elementor-element elementor-element-a57f61d e-flex e-con-boxed e-con e-parent\" data-id=\"a57f61d\" data-element_type=\"container\" data-e-type=\"container\">\n\t\t\t\t\t<div class=\"e-con-inner\">\n\t\t\t\t<div class=\"elementor-element elementor-element-b8e29f3 elementor-widget elementor-widget-gallery\" data-id=\"b8e29f3\" data-element_type=\"widget\" data-e-type=\"widget\" data-settings=\"{&quot;columns&quot;:3,&quot;lazyload&quot;:&quot;yes&quot;,&quot;gallery_layout&quot;:&quot;grid&quot;,&quot;columns_tablet&quot;:2,&quot;columns_mobile&quot;:1,&quot;gap&quot;:{&quot;unit&quot;:&quot;px&quot;,&quot;size&quot;:10,&quot;sizes&quot;:[]},&quot;gap_tablet&quot;:{&quot;unit&quot;:&quot;px&quot;,&quot;size&quot;:10,&quot;sizes&quot;:[]},&quot;gap_mobile&quot;:{&quot;unit&quot;:&quot;px&quot;,&quot;size&quot;:10,&quot;sizes&quot;:[]},&quot;link_to&quot;:&quot;file&quot;,&quot;aspect_ratio&quot;:&quot;3:2&quot;,&quot;overlay_background&quot;:&quot;yes&quot;,&quot;content_hover_animation&quot;:&quot;fade-in&quot;}\" data-widget_type=\"gallery.default\">\n\t\t\t\t\t\t\t<div class=\"elementor-gallery__container\">\n\t\t\t\t\t\t\t<a class=\"e-gallery-item elementor-gallery-item elementor-animated-content\" href=\"https:\/\/inzynier.rzeszow.pl\/wp-content\/uploads\/2025\/05\/obraz_2026-01-28_162719936.png\" data-elementor-open-lightbox=\"yes\" data-elementor-lightbox-slideshow=\"b8e29f3\" data-e-action-hash=\"#elementor-action%3Aaction%3Dlightbox%26settings%3DeyJpZCI6MzMwMiwidXJsIjoiaHR0cHM6XC9cL2luenluaWVyLnJ6ZXN6b3cucGxcL3dwLWNvbnRlbnRcL3VwbG9hZHNcLzIwMjVcLzA1XC9vYnJhel8yMDI2LTAxLTI4XzE2MjcxOTkzNi5wbmciLCJzbGlkZXNob3ciOiJiOGUyOWYzIn0%3D\">\n\t\t\t\t\t<div class=\"e-gallery-image elementor-gallery-item__image\" data-thumbnail=\"https:\/\/inzynier.rzeszow.pl\/wp-content\/uploads\/2025\/05\/obraz_2026-01-28_162719936-300x199.png\" data-width=\"300\" data-height=\"199\" aria-label=\"\" role=\"img\" ><\/div>\n\t\t\t\t\t\t\t\t\t\t\t<div class=\"elementor-gallery-item__overlay\"><\/div>\n\t\t\t\t\t\t\t\t\t\t\t\t\t\t<\/a>\n\t\t\t\t\t\t\t<a class=\"e-gallery-item elementor-gallery-item elementor-animated-content\" href=\"https:\/\/inzynier.rzeszow.pl\/wp-content\/uploads\/2025\/05\/obraz_2026-01-28_162729155.png\" data-elementor-open-lightbox=\"yes\" data-elementor-lightbox-slideshow=\"b8e29f3\" data-e-action-hash=\"#elementor-action%3Aaction%3Dlightbox%26settings%3DeyJpZCI6MzMwMywidXJsIjoiaHR0cHM6XC9cL2luenluaWVyLnJ6ZXN6b3cucGxcL3dwLWNvbnRlbnRcL3VwbG9hZHNcLzIwMjVcLzA1XC9vYnJhel8yMDI2LTAxLTI4XzE2MjcyOTE1NS5wbmciLCJzbGlkZXNob3ciOiJiOGUyOWYzIn0%3D\">\n\t\t\t\t\t<div class=\"e-gallery-image elementor-gallery-item__image\" data-thumbnail=\"https:\/\/inzynier.rzeszow.pl\/wp-content\/uploads\/2025\/05\/obraz_2026-01-28_162729155-300x199.png\" data-width=\"300\" data-height=\"199\" aria-label=\"\" role=\"img\" ><\/div>\n\t\t\t\t\t\t\t\t\t\t\t<div class=\"elementor-gallery-item__overlay\"><\/div>\n\t\t\t\t\t\t\t\t\t\t\t\t\t\t<\/a>\n\t\t\t\t\t\t\t<a class=\"e-gallery-item elementor-gallery-item elementor-animated-content\" href=\"https:\/\/inzynier.rzeszow.pl\/wp-content\/uploads\/2025\/05\/obraz_2026-01-28_162736924.png\" data-elementor-open-lightbox=\"yes\" data-elementor-lightbox-slideshow=\"b8e29f3\" data-e-action-hash=\"#elementor-action%3Aaction%3Dlightbox%26settings%3DeyJpZCI6MzMwNCwidXJsIjoiaHR0cHM6XC9cL2luenluaWVyLnJ6ZXN6b3cucGxcL3dwLWNvbnRlbnRcL3VwbG9hZHNcLzIwMjVcLzA1XC9vYnJhel8yMDI2LTAxLTI4XzE2MjczNjkyNC5wbmciLCJzbGlkZXNob3ciOiJiOGUyOWYzIn0%3D\">\n\t\t\t\t\t<div class=\"e-gallery-image elementor-gallery-item__image\" data-thumbnail=\"https:\/\/inzynier.rzeszow.pl\/wp-content\/uploads\/2025\/05\/obraz_2026-01-28_162736924-300x199.png\" data-width=\"300\" data-height=\"199\" aria-label=\"\" role=\"img\" ><\/div>\n\t\t\t\t\t\t\t\t\t\t\t<div class=\"elementor-gallery-item__overlay\"><\/div>\n\t\t\t\t\t\t\t\t\t\t\t\t\t\t<\/a>\n\t\t\t\t\t\t\t<a class=\"e-gallery-item elementor-gallery-item elementor-animated-content\" href=\"https:\/\/inzynier.rzeszow.pl\/wp-content\/uploads\/2025\/05\/obraz_2026-01-28_162744642.png\" data-elementor-open-lightbox=\"yes\" data-elementor-lightbox-slideshow=\"b8e29f3\" data-e-action-hash=\"#elementor-action%3Aaction%3Dlightbox%26settings%3DeyJpZCI6MzMwNSwidXJsIjoiaHR0cHM6XC9cL2luenluaWVyLnJ6ZXN6b3cucGxcL3dwLWNvbnRlbnRcL3VwbG9hZHNcLzIwMjVcLzA1XC9vYnJhel8yMDI2LTAxLTI4XzE2Mjc0NDY0Mi5wbmciLCJzbGlkZXNob3ciOiJiOGUyOWYzIn0%3D\">\n\t\t\t\t\t<div class=\"e-gallery-image elementor-gallery-item__image\" data-thumbnail=\"https:\/\/inzynier.rzeszow.pl\/wp-content\/uploads\/2025\/05\/obraz_2026-01-28_162744642-300x199.png\" data-width=\"300\" data-height=\"199\" aria-label=\"\" role=\"img\" ><\/div>\n\t\t\t\t\t\t\t\t\t\t\t<div class=\"elementor-gallery-item__overlay\"><\/div>\n\t\t\t\t\t\t\t\t\t\t\t\t\t\t<\/a>\n\t\t\t\t\t\t\t<a class=\"e-gallery-item elementor-gallery-item elementor-animated-content\" href=\"https:\/\/inzynier.rzeszow.pl\/wp-content\/uploads\/2025\/05\/obraz_2026-01-28_162752391.png\" data-elementor-open-lightbox=\"yes\" data-elementor-lightbox-slideshow=\"b8e29f3\" data-e-action-hash=\"#elementor-action%3Aaction%3Dlightbox%26settings%3DeyJpZCI6MzMwNiwidXJsIjoiaHR0cHM6XC9cL2luenluaWVyLnJ6ZXN6b3cucGxcL3dwLWNvbnRlbnRcL3VwbG9hZHNcLzIwMjVcLzA1XC9vYnJhel8yMDI2LTAxLTI4XzE2Mjc1MjM5MS5wbmciLCJzbGlkZXNob3ciOiJiOGUyOWYzIn0%3D\">\n\t\t\t\t\t<div class=\"e-gallery-image elementor-gallery-item__image\" data-thumbnail=\"https:\/\/inzynier.rzeszow.pl\/wp-content\/uploads\/2025\/05\/obraz_2026-01-28_162752391-300x199.png\" data-width=\"300\" data-height=\"199\" aria-label=\"\" role=\"img\" ><\/div>\n\t\t\t\t\t\t\t\t\t\t\t<div class=\"elementor-gallery-item__overlay\"><\/div>\n\t\t\t\t\t\t\t\t\t\t\t\t\t\t<\/a>\n\t\t\t\t\t\t\t<a class=\"e-gallery-item elementor-gallery-item elementor-animated-content\" href=\"https:\/\/inzynier.rzeszow.pl\/wp-content\/uploads\/2025\/05\/obraz_2026-01-28_162759250.png\" data-elementor-open-lightbox=\"yes\" data-elementor-lightbox-slideshow=\"b8e29f3\" data-e-action-hash=\"#elementor-action%3Aaction%3Dlightbox%26settings%3DeyJpZCI6MzMwNywidXJsIjoiaHR0cHM6XC9cL2luenluaWVyLnJ6ZXN6b3cucGxcL3dwLWNvbnRlbnRcL3VwbG9hZHNcLzIwMjVcLzA1XC9vYnJhel8yMDI2LTAxLTI4XzE2Mjc1OTI1MC5wbmciLCJzbGlkZXNob3ciOiJiOGUyOWYzIn0%3D\">\n\t\t\t\t\t<div class=\"e-gallery-image elementor-gallery-item__image\" data-thumbnail=\"https:\/\/inzynier.rzeszow.pl\/wp-content\/uploads\/2025\/05\/obraz_2026-01-28_162759250-300x199.png\" data-width=\"300\" data-height=\"199\" aria-label=\"\" role=\"img\" ><\/div>\n\t\t\t\t\t\t\t\t\t\t\t<div class=\"elementor-gallery-item__overlay\"><\/div>\n\t\t\t\t\t\t\t\t\t\t\t\t\t\t<\/a>\n\t\t\t\t\t<\/div>\n\t\t\t\t\t<\/div>\n\t\t\t\t\t<\/div>\n\t\t\t\t<\/div>\n\t\t<div class=\"elementor-element elementor-element-5301a59 e-flex e-con-boxed e-con e-parent\" data-id=\"5301a59\" data-element_type=\"container\" data-e-type=\"container\">\n\t\t\t\t\t<div class=\"e-con-inner\">\n\t\t\t\t<div class=\"elementor-element elementor-element-7510db6 elementor-widget elementor-widget-text-editor\" data-id=\"7510db6\" data-element_type=\"widget\" data-e-type=\"widget\" data-widget_type=\"text-editor.default\">\n\t\t\t\t\t\t\t\t\t<table border=\"0\"><tbody><tr><td colspan=\"3\"><strong>Patroni Galerii Integracyjnej<\/strong><\/td><\/tr><tr><td colspan=\"3\">\u00a0<\/td><\/tr><tr><td colspan=\"3\">\u00a0<img loading=\"lazy\" decoding=\"async\" src=\"https:\/\/inzynier.rzeszow.pl\/download\/z_zycia\/patronaty\/logo_marszalka_wojewodztwa.png\" width=\"42\" height=\"50\" border=\"0\" \/>\u00a0\u00a0\u00a0\u00a0\u00a0<img loading=\"lazy\" decoding=\"async\" src=\"https:\/\/inzynier.rzeszow.pl\/download\/z_zycia\/patronaty\/logo_rz_pl.jpg\" width=\"163\" height=\"50\" border=\"0\" \/>\u00a0\u00a0 \u00a0\u00a0<img loading=\"lazy\" decoding=\"async\" src=\"https:\/\/inzynier.rzeszow.pl\/download\/z_zycia\/patronaty\/logo-piib.svg\" width=\"107\" height=\"50\" border=\"0\" \/>\u00a0 \u00a0\u00a0<img loading=\"lazy\" decoding=\"async\" src=\"https:\/\/inzynier.rzeszow.pl\/download\/z_zycia\/patronaty\/prz_pl.jpg\" width=\"126\" height=\"50\" border=\"0\" \/>\u00a0\u00a0<img loading=\"lazy\" decoding=\"async\" src=\"https:\/\/inzynier.rzeszow.pl\/download\/z_zycia\/patronaty\/logo_not.jpg\" width=\"50\" height=\"50\" border=\"0\" \/>\u00a0\u00a0\u00a0<img loading=\"lazy\" decoding=\"async\" src=\"https:\/\/inzynier.rzeszow.pl\/download\/z_zycia\/patronaty\/BWA-logo.jpg\" width=\"50\" height=\"51\" border=\"0\" \/><br \/><br \/><img loading=\"lazy\" decoding=\"async\" src=\"https:\/\/inzynier.rzeszow.pl\/download\/z_zycia\/patronaty\/tvp_3_niebieskie.jpg\" width=\"74\" height=\"50\" border=\"0\" \/>\u00a0 \u00a0\u00a0\u00a0<img loading=\"lazy\" decoding=\"async\" src=\"https:\/\/inzynier.rzeszow.pl\/download\/z_zycia\/patronaty\/logo_rrz.jpg\" width=\"105\" height=\"45\" border=\"0\" \/>\u00a0\u00a0\u00a0<img loading=\"lazy\" decoding=\"async\" src=\"https:\/\/inzynier.rzeszow.pl\/download\/galeria_integracyjna\/RGB-Nowiny%20%28print%29%20PNG%20internet.png\" width=\"89\" height=\"30\" border=\"0\" \/>\u00a0\u00a0\u00a0<img loading=\"lazy\" decoding=\"async\" src=\"https:\/\/inzynier.rzeszow.pl\/download\/galeria_integracyjna\/Nowiny24.pl%20-%20NOWE%20LOGO.jpg\" width=\"111\" height=\"30\" border=\"0\" \/>\u00a0\u00a0\u00a0<img loading=\"lazy\" decoding=\"async\" src=\"https:\/\/inzynier.rzeszow.pl\/download\/z_zycia\/patronaty\/biznesistyl_logo.JPG\" width=\"129\" height=\"30\" border=\"0\" \/>\u00a0<\/td><\/tr><\/tbody><\/table>\t\t\t\t\t\t\t\t<\/div>\n\t\t\t\t\t<\/div>\n\t\t\t\t<\/div>\n\t\t\t\t<\/div>\n\t\t","protected":false},"excerpt":{"rendered":"<p>W dniu 30 maja 2025 r. o godzinie 18.00 odby\u0142o si\u0119 otwarcie wystawy malarstwa i rysunk\u00f3w Janusza &amp; Artura Skowron [&hellip;]<\/p>\n","protected":false},"author":1,"featured_media":3299,"comment_status":"closed","ping_status":"closed","sticky":false,"template":"","format":"standard","meta":{"site-sidebar-layout":"default","site-content-layout":"","ast-site-content-layout":"default","site-content-style":"default","site-sidebar-style":"default","ast-global-header-display":"","ast-banner-title-visibility":"","ast-main-header-display":"","ast-hfb-above-header-display":"","ast-hfb-below-header-display":"","ast-hfb-mobile-header-display":"","site-post-title":"","ast-breadcrumbs-content":"","ast-featured-img":"","footer-sml-layout":"","ast-disable-related-posts":"","theme-transparent-header-meta":"","adv-header-id-meta":"","stick-header-meta":"","header-above-stick-meta":"","header-main-stick-meta":"","header-below-stick-meta":"","astra-migrate-meta-layouts":"default","ast-page-background-enabled":"default","ast-page-background-meta":{"desktop":{"background-color":"var(--ast-global-color-5)","background-image":"","background-repeat":"repeat","background-position":"center center","background-size":"auto","background-attachment":"scroll","background-type":"","background-media":"","overlay-type":"","overlay-color":"","overlay-opacity":"","overlay-gradient":""},"tablet":{"background-color":"","background-image":"","background-repeat":"repeat","background-position":"center center","background-size":"auto","background-attachment":"scroll","background-type":"","background-media":"","overlay-type":"","overlay-color":"","overlay-opacity":"","overlay-gradient":""},"mobile":{"background-color":"","background-image":"","background-repeat":"repeat","background-position":"center center","background-size":"auto","background-attachment":"scroll","background-type":"","background-media":"","overlay-type":"","overlay-color":"","overlay-opacity":"","overlay-gradient":""}},"ast-content-background-meta":{"desktop":{"background-color":"var(--ast-global-color-4)","background-image":"","background-repeat":"repeat","background-position":"center center","background-size":"auto","background-attachment":"scroll","background-type":"","background-media":"","overlay-type":"","overlay-color":"","overlay-opacity":"","overlay-gradient":""},"tablet":{"background-color":"var(--ast-global-color-4)","background-image":"","background-repeat":"repeat","background-position":"center center","background-size":"auto","background-attachment":"scroll","background-type":"","background-media":"","overlay-type":"","overlay-color":"","overlay-opacity":"","overlay-gradient":""},"mobile":{"background-color":"var(--ast-global-color-4)","background-image":"","background-repeat":"repeat","background-position":"center center","background-size":"auto","background-attachment":"scroll","background-type":"","background-media":"","overlay-type":"","overlay-color":"","overlay-opacity":"","overlay-gradient":""}},"footnotes":""},"categories":[7,16,55],"tags":[],"class_list":["post-3206","post","type-post","status-publish","format-standard","has-post-thumbnail","hentry","category-wydarzenia","category-z-zycia-izby","category-z-zycia-izby-rok-2025"],"yoast_head":"<!-- This site is optimized with the Yoast SEO plugin v27.5 - https:\/\/yoast.com\/product\/yoast-seo-wordpress\/ -->\n<title>Galeria Integracyjna - Janusz &amp; Artur Skowron - Z Zakamark\u00f3w Wyobra\u017ani - Podkarpacka Okregowa Izba Inzynierow Budownictwa<\/title>\n<meta name=\"robots\" content=\"index, follow, max-snippet:-1, max-image-preview:large, max-video-preview:-1\" \/>\n<link rel=\"canonical\" href=\"https:\/\/inzynier.rzeszow.pl\/index.php\/2025\/05\/31\/galeria-integracyjna-janusz-artur-skowron-z-zakamarkow-wyobrazni\/\" \/>\n<meta property=\"og:locale\" content=\"pl_PL\" \/>\n<meta property=\"og:type\" content=\"article\" \/>\n<meta property=\"og:title\" content=\"Galeria Integracyjna - Janusz &amp; Artur Skowron - Z Zakamark\u00f3w Wyobra\u017ani - Podkarpacka Okregowa Izba Inzynierow Budownictwa\" \/>\n<meta property=\"og:description\" content=\"W dniu 30 maja 2025 r. o godzinie 18.00 odby\u0142o si\u0119 otwarcie wystawy malarstwa i rysunk\u00f3w Janusza &amp; Artura Skowron [&hellip;]\" \/>\n<meta property=\"og:url\" content=\"https:\/\/inzynier.rzeszow.pl\/index.php\/2025\/05\/31\/galeria-integracyjna-janusz-artur-skowron-z-zakamarkow-wyobrazni\/\" \/>\n<meta property=\"og:site_name\" content=\"Podkarpacka Okregowa Izba Inzynierow Budownictwa\" \/>\n<meta property=\"article:published_time\" content=\"2025-05-31T13:01:23+00:00\" \/>\n<meta property=\"article:modified_time\" content=\"2026-02-13T13:42:04+00:00\" \/>\n<meta property=\"og:image\" content=\"https:\/\/inzynier.rzeszow.pl\/wp-content\/uploads\/2025\/05\/obraz_2026-01-28_162308813.png\" \/>\n\t<meta property=\"og:image:width\" content=\"1920\" \/>\n\t<meta property=\"og:image:height\" content=\"1080\" \/>\n\t<meta property=\"og:image:type\" content=\"image\/png\" \/>\n<meta name=\"author\" content=\"admin\" \/>\n<meta name=\"twitter:card\" content=\"summary_large_image\" \/>\n<meta name=\"twitter:label1\" content=\"Napisane przez\" \/>\n\t<meta name=\"twitter:data1\" content=\"admin\" \/>\n\t<meta name=\"twitter:label2\" content=\"Szacowany czas czytania\" \/>\n\t<meta name=\"twitter:data2\" content=\"4 minuty\" \/>\n<script type=\"application\/ld+json\" class=\"yoast-schema-graph\">{\"@context\":\"https:\\\/\\\/schema.org\",\"@graph\":[{\"@type\":\"Article\",\"@id\":\"https:\\\/\\\/inzynier.rzeszow.pl\\\/index.php\\\/2025\\\/05\\\/31\\\/galeria-integracyjna-janusz-artur-skowron-z-zakamarkow-wyobrazni\\\/#article\",\"isPartOf\":{\"@id\":\"https:\\\/\\\/inzynier.rzeszow.pl\\\/index.php\\\/2025\\\/05\\\/31\\\/galeria-integracyjna-janusz-artur-skowron-z-zakamarkow-wyobrazni\\\/\"},\"author\":{\"name\":\"admin\",\"@id\":\"https:\\\/\\\/inzynier.rzeszow.pl\\\/#\\\/schema\\\/person\\\/21ca162d893bdc5760a95d704e9b1e39\"},\"headline\":\"Galeria Integracyjna &#8211; Janusz &#038; Artur Skowron &#8211; Z Zakamark\u00f3w Wyobra\u017ani\",\"datePublished\":\"2025-05-31T13:01:23+00:00\",\"dateModified\":\"2026-02-13T13:42:04+00:00\",\"mainEntityOfPage\":{\"@id\":\"https:\\\/\\\/inzynier.rzeszow.pl\\\/index.php\\\/2025\\\/05\\\/31\\\/galeria-integracyjna-janusz-artur-skowron-z-zakamarkow-wyobrazni\\\/\"},\"wordCount\":794,\"image\":{\"@id\":\"https:\\\/\\\/inzynier.rzeszow.pl\\\/index.php\\\/2025\\\/05\\\/31\\\/galeria-integracyjna-janusz-artur-skowron-z-zakamarkow-wyobrazni\\\/#primaryimage\"},\"thumbnailUrl\":\"https:\\\/\\\/inzynier.rzeszow.pl\\\/wp-content\\\/uploads\\\/2025\\\/05\\\/obraz_2026-01-28_162308813.png\",\"articleSection\":[\"Wydarzenia\",\"Z \u017cycia izby\",\"Z \u017cycia Izby Rok 2025\"],\"inLanguage\":\"pl-PL\"},{\"@type\":\"WebPage\",\"@id\":\"https:\\\/\\\/inzynier.rzeszow.pl\\\/index.php\\\/2025\\\/05\\\/31\\\/galeria-integracyjna-janusz-artur-skowron-z-zakamarkow-wyobrazni\\\/\",\"url\":\"https:\\\/\\\/inzynier.rzeszow.pl\\\/index.php\\\/2025\\\/05\\\/31\\\/galeria-integracyjna-janusz-artur-skowron-z-zakamarkow-wyobrazni\\\/\",\"name\":\"Galeria Integracyjna - Janusz & Artur Skowron - Z Zakamark\u00f3w Wyobra\u017ani - Podkarpacka Okregowa Izba Inzynierow Budownictwa\",\"isPartOf\":{\"@id\":\"https:\\\/\\\/inzynier.rzeszow.pl\\\/#website\"},\"primaryImageOfPage\":{\"@id\":\"https:\\\/\\\/inzynier.rzeszow.pl\\\/index.php\\\/2025\\\/05\\\/31\\\/galeria-integracyjna-janusz-artur-skowron-z-zakamarkow-wyobrazni\\\/#primaryimage\"},\"image\":{\"@id\":\"https:\\\/\\\/inzynier.rzeszow.pl\\\/index.php\\\/2025\\\/05\\\/31\\\/galeria-integracyjna-janusz-artur-skowron-z-zakamarkow-wyobrazni\\\/#primaryimage\"},\"thumbnailUrl\":\"https:\\\/\\\/inzynier.rzeszow.pl\\\/wp-content\\\/uploads\\\/2025\\\/05\\\/obraz_2026-01-28_162308813.png\",\"datePublished\":\"2025-05-31T13:01:23+00:00\",\"dateModified\":\"2026-02-13T13:42:04+00:00\",\"author\":{\"@id\":\"https:\\\/\\\/inzynier.rzeszow.pl\\\/#\\\/schema\\\/person\\\/21ca162d893bdc5760a95d704e9b1e39\"},\"breadcrumb\":{\"@id\":\"https:\\\/\\\/inzynier.rzeszow.pl\\\/index.php\\\/2025\\\/05\\\/31\\\/galeria-integracyjna-janusz-artur-skowron-z-zakamarkow-wyobrazni\\\/#breadcrumb\"},\"inLanguage\":\"pl-PL\",\"potentialAction\":[{\"@type\":\"ReadAction\",\"target\":[\"https:\\\/\\\/inzynier.rzeszow.pl\\\/index.php\\\/2025\\\/05\\\/31\\\/galeria-integracyjna-janusz-artur-skowron-z-zakamarkow-wyobrazni\\\/\"]}]},{\"@type\":\"ImageObject\",\"inLanguage\":\"pl-PL\",\"@id\":\"https:\\\/\\\/inzynier.rzeszow.pl\\\/index.php\\\/2025\\\/05\\\/31\\\/galeria-integracyjna-janusz-artur-skowron-z-zakamarkow-wyobrazni\\\/#primaryimage\",\"url\":\"https:\\\/\\\/inzynier.rzeszow.pl\\\/wp-content\\\/uploads\\\/2025\\\/05\\\/obraz_2026-01-28_162308813.png\",\"contentUrl\":\"https:\\\/\\\/inzynier.rzeszow.pl\\\/wp-content\\\/uploads\\\/2025\\\/05\\\/obraz_2026-01-28_162308813.png\",\"width\":1920,\"height\":1080},{\"@type\":\"BreadcrumbList\",\"@id\":\"https:\\\/\\\/inzynier.rzeszow.pl\\\/index.php\\\/2025\\\/05\\\/31\\\/galeria-integracyjna-janusz-artur-skowron-z-zakamarkow-wyobrazni\\\/#breadcrumb\",\"itemListElement\":[{\"@type\":\"ListItem\",\"position\":1,\"name\":\"Strona g\u0142\u00f3wna\",\"item\":\"https:\\\/\\\/inzynier.rzeszow.pl\\\/\"},{\"@type\":\"ListItem\",\"position\":2,\"name\":\"Galeria Integracyjna &#8211; Janusz &#038; Artur Skowron &#8211; Z Zakamark\u00f3w Wyobra\u017ani\"}]},{\"@type\":\"WebSite\",\"@id\":\"https:\\\/\\\/inzynier.rzeszow.pl\\\/#website\",\"url\":\"https:\\\/\\\/inzynier.rzeszow.pl\\\/\",\"name\":\"Podkarpacka Okregowa Izba Inzynierow Budownictwa\",\"description\":\"\",\"potentialAction\":[{\"@type\":\"SearchAction\",\"target\":{\"@type\":\"EntryPoint\",\"urlTemplate\":\"https:\\\/\\\/inzynier.rzeszow.pl\\\/?s={search_term_string}\"},\"query-input\":{\"@type\":\"PropertyValueSpecification\",\"valueRequired\":true,\"valueName\":\"search_term_string\"}}],\"inLanguage\":\"pl-PL\"},{\"@type\":\"Person\",\"@id\":\"https:\\\/\\\/inzynier.rzeszow.pl\\\/#\\\/schema\\\/person\\\/21ca162d893bdc5760a95d704e9b1e39\",\"name\":\"admin\",\"image\":{\"@type\":\"ImageObject\",\"inLanguage\":\"pl-PL\",\"@id\":\"https:\\\/\\\/secure.gravatar.com\\\/avatar\\\/d5d1959f10b94c8abcf928274f8bb5b8c7370b0dfadb0590911bacad18965f21?s=96&d=mm&r=g\",\"url\":\"https:\\\/\\\/secure.gravatar.com\\\/avatar\\\/d5d1959f10b94c8abcf928274f8bb5b8c7370b0dfadb0590911bacad18965f21?s=96&d=mm&r=g\",\"contentUrl\":\"https:\\\/\\\/secure.gravatar.com\\\/avatar\\\/d5d1959f10b94c8abcf928274f8bb5b8c7370b0dfadb0590911bacad18965f21?s=96&d=mm&r=g\",\"caption\":\"admin\"},\"sameAs\":[\"https:\\\/\\\/migracja.inzynier.rzeszow.pl\"],\"url\":\"https:\\\/\\\/inzynier.rzeszow.pl\\\/index.php\\\/author\\\/kwojcik\\\/\"}]}<\/script>\n<!-- \/ Yoast SEO plugin. -->","yoast_head_json":{"title":"Galeria Integracyjna - Janusz & Artur Skowron - Z Zakamark\u00f3w Wyobra\u017ani - Podkarpacka Okregowa Izba Inzynierow Budownictwa","robots":{"index":"index","follow":"follow","max-snippet":"max-snippet:-1","max-image-preview":"max-image-preview:large","max-video-preview":"max-video-preview:-1"},"canonical":"https:\/\/inzynier.rzeszow.pl\/index.php\/2025\/05\/31\/galeria-integracyjna-janusz-artur-skowron-z-zakamarkow-wyobrazni\/","og_locale":"pl_PL","og_type":"article","og_title":"Galeria Integracyjna - Janusz & Artur Skowron - Z Zakamark\u00f3w Wyobra\u017ani - Podkarpacka Okregowa Izba Inzynierow Budownictwa","og_description":"W dniu 30 maja 2025 r. o godzinie 18.00 odby\u0142o si\u0119 otwarcie wystawy malarstwa i rysunk\u00f3w Janusza &amp; Artura Skowron [&hellip;]","og_url":"https:\/\/inzynier.rzeszow.pl\/index.php\/2025\/05\/31\/galeria-integracyjna-janusz-artur-skowron-z-zakamarkow-wyobrazni\/","og_site_name":"Podkarpacka Okregowa Izba Inzynierow Budownictwa","article_published_time":"2025-05-31T13:01:23+00:00","article_modified_time":"2026-02-13T13:42:04+00:00","og_image":[{"width":1920,"height":1080,"url":"https:\/\/inzynier.rzeszow.pl\/wp-content\/uploads\/2025\/05\/obraz_2026-01-28_162308813.png","type":"image\/png"}],"author":"admin","twitter_card":"summary_large_image","twitter_misc":{"Napisane przez":"admin","Szacowany czas czytania":"4 minuty"},"schema":{"@context":"https:\/\/schema.org","@graph":[{"@type":"Article","@id":"https:\/\/inzynier.rzeszow.pl\/index.php\/2025\/05\/31\/galeria-integracyjna-janusz-artur-skowron-z-zakamarkow-wyobrazni\/#article","isPartOf":{"@id":"https:\/\/inzynier.rzeszow.pl\/index.php\/2025\/05\/31\/galeria-integracyjna-janusz-artur-skowron-z-zakamarkow-wyobrazni\/"},"author":{"name":"admin","@id":"https:\/\/inzynier.rzeszow.pl\/#\/schema\/person\/21ca162d893bdc5760a95d704e9b1e39"},"headline":"Galeria Integracyjna &#8211; Janusz &#038; Artur Skowron &#8211; Z Zakamark\u00f3w Wyobra\u017ani","datePublished":"2025-05-31T13:01:23+00:00","dateModified":"2026-02-13T13:42:04+00:00","mainEntityOfPage":{"@id":"https:\/\/inzynier.rzeszow.pl\/index.php\/2025\/05\/31\/galeria-integracyjna-janusz-artur-skowron-z-zakamarkow-wyobrazni\/"},"wordCount":794,"image":{"@id":"https:\/\/inzynier.rzeszow.pl\/index.php\/2025\/05\/31\/galeria-integracyjna-janusz-artur-skowron-z-zakamarkow-wyobrazni\/#primaryimage"},"thumbnailUrl":"https:\/\/inzynier.rzeszow.pl\/wp-content\/uploads\/2025\/05\/obraz_2026-01-28_162308813.png","articleSection":["Wydarzenia","Z \u017cycia izby","Z \u017cycia Izby Rok 2025"],"inLanguage":"pl-PL"},{"@type":"WebPage","@id":"https:\/\/inzynier.rzeszow.pl\/index.php\/2025\/05\/31\/galeria-integracyjna-janusz-artur-skowron-z-zakamarkow-wyobrazni\/","url":"https:\/\/inzynier.rzeszow.pl\/index.php\/2025\/05\/31\/galeria-integracyjna-janusz-artur-skowron-z-zakamarkow-wyobrazni\/","name":"Galeria Integracyjna - Janusz & Artur Skowron - Z Zakamark\u00f3w Wyobra\u017ani - Podkarpacka Okregowa Izba Inzynierow Budownictwa","isPartOf":{"@id":"https:\/\/inzynier.rzeszow.pl\/#website"},"primaryImageOfPage":{"@id":"https:\/\/inzynier.rzeszow.pl\/index.php\/2025\/05\/31\/galeria-integracyjna-janusz-artur-skowron-z-zakamarkow-wyobrazni\/#primaryimage"},"image":{"@id":"https:\/\/inzynier.rzeszow.pl\/index.php\/2025\/05\/31\/galeria-integracyjna-janusz-artur-skowron-z-zakamarkow-wyobrazni\/#primaryimage"},"thumbnailUrl":"https:\/\/inzynier.rzeszow.pl\/wp-content\/uploads\/2025\/05\/obraz_2026-01-28_162308813.png","datePublished":"2025-05-31T13:01:23+00:00","dateModified":"2026-02-13T13:42:04+00:00","author":{"@id":"https:\/\/inzynier.rzeszow.pl\/#\/schema\/person\/21ca162d893bdc5760a95d704e9b1e39"},"breadcrumb":{"@id":"https:\/\/inzynier.rzeszow.pl\/index.php\/2025\/05\/31\/galeria-integracyjna-janusz-artur-skowron-z-zakamarkow-wyobrazni\/#breadcrumb"},"inLanguage":"pl-PL","potentialAction":[{"@type":"ReadAction","target":["https:\/\/inzynier.rzeszow.pl\/index.php\/2025\/05\/31\/galeria-integracyjna-janusz-artur-skowron-z-zakamarkow-wyobrazni\/"]}]},{"@type":"ImageObject","inLanguage":"pl-PL","@id":"https:\/\/inzynier.rzeszow.pl\/index.php\/2025\/05\/31\/galeria-integracyjna-janusz-artur-skowron-z-zakamarkow-wyobrazni\/#primaryimage","url":"https:\/\/inzynier.rzeszow.pl\/wp-content\/uploads\/2025\/05\/obraz_2026-01-28_162308813.png","contentUrl":"https:\/\/inzynier.rzeszow.pl\/wp-content\/uploads\/2025\/05\/obraz_2026-01-28_162308813.png","width":1920,"height":1080},{"@type":"BreadcrumbList","@id":"https:\/\/inzynier.rzeszow.pl\/index.php\/2025\/05\/31\/galeria-integracyjna-janusz-artur-skowron-z-zakamarkow-wyobrazni\/#breadcrumb","itemListElement":[{"@type":"ListItem","position":1,"name":"Strona g\u0142\u00f3wna","item":"https:\/\/inzynier.rzeszow.pl\/"},{"@type":"ListItem","position":2,"name":"Galeria Integracyjna &#8211; Janusz &#038; Artur Skowron &#8211; Z Zakamark\u00f3w Wyobra\u017ani"}]},{"@type":"WebSite","@id":"https:\/\/inzynier.rzeszow.pl\/#website","url":"https:\/\/inzynier.rzeszow.pl\/","name":"Podkarpacka Okregowa Izba Inzynierow Budownictwa","description":"","potentialAction":[{"@type":"SearchAction","target":{"@type":"EntryPoint","urlTemplate":"https:\/\/inzynier.rzeszow.pl\/?s={search_term_string}"},"query-input":{"@type":"PropertyValueSpecification","valueRequired":true,"valueName":"search_term_string"}}],"inLanguage":"pl-PL"},{"@type":"Person","@id":"https:\/\/inzynier.rzeszow.pl\/#\/schema\/person\/21ca162d893bdc5760a95d704e9b1e39","name":"admin","image":{"@type":"ImageObject","inLanguage":"pl-PL","@id":"https:\/\/secure.gravatar.com\/avatar\/d5d1959f10b94c8abcf928274f8bb5b8c7370b0dfadb0590911bacad18965f21?s=96&d=mm&r=g","url":"https:\/\/secure.gravatar.com\/avatar\/d5d1959f10b94c8abcf928274f8bb5b8c7370b0dfadb0590911bacad18965f21?s=96&d=mm&r=g","contentUrl":"https:\/\/secure.gravatar.com\/avatar\/d5d1959f10b94c8abcf928274f8bb5b8c7370b0dfadb0590911bacad18965f21?s=96&d=mm&r=g","caption":"admin"},"sameAs":["https:\/\/migracja.inzynier.rzeszow.pl"],"url":"https:\/\/inzynier.rzeszow.pl\/index.php\/author\/kwojcik\/"}]}},"rttpg_featured_image_url":{"full":["https:\/\/inzynier.rzeszow.pl\/wp-content\/uploads\/2025\/05\/obraz_2026-01-28_162308813.png",1920,1080,false],"landscape":["https:\/\/inzynier.rzeszow.pl\/wp-content\/uploads\/2025\/05\/obraz_2026-01-28_162308813.png",1920,1080,false],"portraits":["https:\/\/inzynier.rzeszow.pl\/wp-content\/uploads\/2025\/05\/obraz_2026-01-28_162308813.png",1920,1080,false],"thumbnail":["https:\/\/inzynier.rzeszow.pl\/wp-content\/uploads\/2025\/05\/obraz_2026-01-28_162308813-150x150.png",150,150,true],"medium":["https:\/\/inzynier.rzeszow.pl\/wp-content\/uploads\/2025\/05\/obraz_2026-01-28_162308813-300x169.png",300,169,true],"large":["https:\/\/inzynier.rzeszow.pl\/wp-content\/uploads\/2025\/05\/obraz_2026-01-28_162308813-1024x576.png",1024,576,true],"1536x1536":["https:\/\/inzynier.rzeszow.pl\/wp-content\/uploads\/2025\/05\/obraz_2026-01-28_162308813-1536x864.png",1536,864,true],"2048x2048":["https:\/\/inzynier.rzeszow.pl\/wp-content\/uploads\/2025\/05\/obraz_2026-01-28_162308813.png",1920,1080,false]},"rttpg_author":{"display_name":"admin","author_link":"https:\/\/inzynier.rzeszow.pl\/index.php\/author\/kwojcik\/"},"rttpg_comment":0,"rttpg_category":"<a href=\"https:\/\/inzynier.rzeszow.pl\/index.php\/category\/wydarzenia\/\" rel=\"category tag\">Wydarzenia<\/a> <a href=\"https:\/\/inzynier.rzeszow.pl\/index.php\/category\/z-zycia-izby\/\" rel=\"category tag\">Z \u017cycia izby<\/a> <a href=\"https:\/\/inzynier.rzeszow.pl\/index.php\/category\/z-zycia-izby\/z-zycia-izby-rok-2025\/\" rel=\"category tag\">Z \u017cycia Izby Rok 2025<\/a>","rttpg_excerpt":"W dniu 30 maja 2025 r. o godzinie 18.00 odby\u0142o si\u0119 otwarcie wystawy malarstwa i rysunk\u00f3w Janusza &amp; Artura Skowron [&hellip;]","_links":{"self":[{"href":"https:\/\/inzynier.rzeszow.pl\/index.php\/wp-json\/wp\/v2\/posts\/3206","targetHints":{"allow":["GET"]}}],"collection":[{"href":"https:\/\/inzynier.rzeszow.pl\/index.php\/wp-json\/wp\/v2\/posts"}],"about":[{"href":"https:\/\/inzynier.rzeszow.pl\/index.php\/wp-json\/wp\/v2\/types\/post"}],"author":[{"embeddable":true,"href":"https:\/\/inzynier.rzeszow.pl\/index.php\/wp-json\/wp\/v2\/users\/1"}],"replies":[{"embeddable":true,"href":"https:\/\/inzynier.rzeszow.pl\/index.php\/wp-json\/wp\/v2\/comments?post=3206"}],"version-history":[{"count":4,"href":"https:\/\/inzynier.rzeszow.pl\/index.php\/wp-json\/wp\/v2\/posts\/3206\/revisions"}],"predecessor-version":[{"id":3311,"href":"https:\/\/inzynier.rzeszow.pl\/index.php\/wp-json\/wp\/v2\/posts\/3206\/revisions\/3311"}],"wp:featuredmedia":[{"embeddable":true,"href":"https:\/\/inzynier.rzeszow.pl\/index.php\/wp-json\/wp\/v2\/media\/3299"}],"wp:attachment":[{"href":"https:\/\/inzynier.rzeszow.pl\/index.php\/wp-json\/wp\/v2\/media?parent=3206"}],"wp:term":[{"taxonomy":"category","embeddable":true,"href":"https:\/\/inzynier.rzeszow.pl\/index.php\/wp-json\/wp\/v2\/categories?post=3206"},{"taxonomy":"post_tag","embeddable":true,"href":"https:\/\/inzynier.rzeszow.pl\/index.php\/wp-json\/wp\/v2\/tags?post=3206"}],"curies":[{"name":"wp","href":"https:\/\/api.w.org\/{rel}","templated":true}]}}