{"id":3204,"date":"2025-05-31T14:18:14","date_gmt":"2025-05-31T14:18:14","guid":{"rendered":"https:\/\/migracja.inzynier.rzeszow.pl\/?p=3204"},"modified":"2026-02-13T13:42:04","modified_gmt":"2026-02-13T13:42:04","slug":"przedstawiciele-pdk-oiib-na-ix-konferencji-solina","status":"publish","type":"post","link":"https:\/\/inzynier.rzeszow.pl\/index.php\/2025\/05\/31\/przedstawiciele-pdk-oiib-na-ix-konferencji-solina\/","title":{"rendered":"Przedstawiciele PDK OIIB na IX Konferencji Solina"},"content":{"rendered":"\t\t<div data-elementor-type=\"wp-post\" data-elementor-id=\"3204\" class=\"elementor elementor-3204\" data-elementor-post-type=\"post\">\n\t\t\t\t<div class=\"elementor-element elementor-element-a86bb8d e-flex e-con-boxed e-con e-parent\" data-id=\"a86bb8d\" data-element_type=\"container\" data-e-type=\"container\">\n\t\t\t\t\t<div class=\"e-con-inner\">\n\t\t<div class=\"elementor-element elementor-element-410f3d0 e-con-full e-flex e-con e-child\" data-id=\"410f3d0\" data-element_type=\"container\" data-e-type=\"container\">\n\t\t<div class=\"elementor-element elementor-element-0161690 e-con-full e-flex e-con e-child\" data-id=\"0161690\" data-element_type=\"container\" data-e-type=\"container\">\n\t\t\t\t<div class=\"elementor-element elementor-element-833a258 elementor-widget elementor-widget-image\" data-id=\"833a258\" data-element_type=\"widget\" data-e-type=\"widget\" data-widget_type=\"image.default\">\n\t\t\t\t\t\t\t\t\t\t\t\t\t\t\t<img fetchpriority=\"high\" decoding=\"async\" width=\"1024\" height=\"576\" src=\"https:\/\/inzynier.rzeszow.pl\/wp-content\/uploads\/2025\/05\/obraz_2026-01-28_163324771-1024x576.png\" class=\"attachment-large size-large wp-image-3318\" alt=\"\" srcset=\"https:\/\/inzynier.rzeszow.pl\/wp-content\/uploads\/2025\/05\/obraz_2026-01-28_163324771-1024x576.png 1024w, https:\/\/inzynier.rzeszow.pl\/wp-content\/uploads\/2025\/05\/obraz_2026-01-28_163324771-300x169.png 300w, https:\/\/inzynier.rzeszow.pl\/wp-content\/uploads\/2025\/05\/obraz_2026-01-28_163324771-768x432.png 768w, https:\/\/inzynier.rzeszow.pl\/wp-content\/uploads\/2025\/05\/obraz_2026-01-28_163324771-1536x864.png 1536w, https:\/\/inzynier.rzeszow.pl\/wp-content\/uploads\/2025\/05\/obraz_2026-01-28_163324771.png 1600w\" sizes=\"(max-width: 1024px) 100vw, 1024px\" \/>\t\t\t\t\t\t\t\t\t\t\t\t\t\t\t<\/div>\n\t\t\t\t<\/div>\n\t\t<div class=\"elementor-element elementor-element-ba0eba7 e-con-full e-flex e-con e-child\" data-id=\"ba0eba7\" data-element_type=\"container\" data-e-type=\"container\">\n\t\t\t\t<div class=\"elementor-element elementor-element-43c5e2f elementor-widget elementor-widget-text-editor\" data-id=\"43c5e2f\" data-element_type=\"widget\" data-e-type=\"widget\" data-widget_type=\"text-editor.default\">\n\t\t\t\t\t\t\t\t\t<p>W dniach 27-31 maja 2025 r. odbywa\u0142a si\u0119 IX Konferencja Solina 2025, kt\u00f3rej organizatorem jest Katedra Budownictwa Og\u00f3lnego Politechnik Rzeszowskiej im. Ignacego \u0141ukasiewicza.<\/p><p>W wydarzeniu uczestniczyli przedstawiciele PDK OIIB zast\u0119pcy przewodnicz\u0105cego OR PDK OIIB Wac\u0142aw Kami\u0144ski i Jaros\u0142aw Suchora.<br \/><br \/><br \/>G\u0142\u00f3wny referat konferencyjny, otwieraj\u0105cy konferencj\u0119 wyg\u0142osi\u0142 prof. dr hab. in\u017c. Dariusz Heim z Katedry In\u017cynierii \u015arodowiska, Wydzia\u0142u In\u017cynierii Procesowej i Ochrony \u015arodowiska z Politechniki \u0141\u00f3dzkiej pt.: Aktualne tendencje w rozwi\u0105zaniach przegr\u00f3d budowlanych determinowane efektywno\u015bci\u0105 energetyczn\u0105 i zmianami klimatu.<\/p>\t\t\t\t\t\t\t\t<\/div>\n\t\t\t\t<\/div>\n\t\t\t\t<\/div>\n\t\t\t\t\t<\/div>\n\t\t\t\t<\/div>\n\t\t<div class=\"elementor-element elementor-element-2b2d875 e-con-full e-flex e-con e-parent\" data-id=\"2b2d875\" data-element_type=\"container\" data-e-type=\"container\">\n\t\t\t\t<div class=\"elementor-element elementor-element-27513f9 elementor-widget__width-initial elementor-widget elementor-widget-text-editor\" data-id=\"27513f9\" data-element_type=\"widget\" data-e-type=\"widget\" data-widget_type=\"text-editor.default\">\n\t\t\t\t\t\t\t\t\t<p>Konferencja Solina 2025 to wa\u017cna przestrze\u0144 wymiany do\u015bwiadcze\u0144 i prezentacji najnowszych trend\u00f3w w budownictwie. Obecno\u015b\u0107 naszych reprezentant\u00f3w podkre\u015bla zaanga\u017cowanie \u015brodowiska in\u017cynierskiego w rozw\u00f3j zr\u00f3wnowa\u017conych rozwi\u0105za\u0144 oraz tak wa\u017cne po\u0142\u0105czenie teorii z praktyk\u0105 in\u017cyniersk\u0105.<\/p>\t\t\t\t\t\t\t\t<\/div>\n\t\t\t\t<div class=\"elementor-element elementor-element-88b7f7b elementor-widget__width-initial elementor-widget elementor-widget-image\" data-id=\"88b7f7b\" data-element_type=\"widget\" data-e-type=\"widget\" data-widget_type=\"image.default\">\n\t\t\t\t\t\t\t\t\t\t\t\t\t\t\t<img decoding=\"async\" width=\"1024\" height=\"768\" src=\"https:\/\/inzynier.rzeszow.pl\/wp-content\/uploads\/2025\/05\/obraz_2026-01-28_163410515.png\" class=\"attachment-large size-large wp-image-3319\" alt=\"\" srcset=\"https:\/\/inzynier.rzeszow.pl\/wp-content\/uploads\/2025\/05\/obraz_2026-01-28_163410515.png 1024w, https:\/\/inzynier.rzeszow.pl\/wp-content\/uploads\/2025\/05\/obraz_2026-01-28_163410515-300x225.png 300w, https:\/\/inzynier.rzeszow.pl\/wp-content\/uploads\/2025\/05\/obraz_2026-01-28_163410515-768x576.png 768w\" sizes=\"(max-width: 1024px) 100vw, 1024px\" \/>\t\t\t\t\t\t\t\t\t\t\t\t\t\t\t<\/div>\n\t\t\t\t<\/div>\n\t\t\t\t<\/div>\n\t\t","protected":false},"excerpt":{"rendered":"<p>W dniach 27-31 maja 2025 r. odbywa\u0142a si\u0119 IX Konferencja Solina 2025, kt\u00f3rej organizatorem jest Katedra Budownictwa Og\u00f3lnego Politechnik Rzeszowskiej [&hellip;]<\/p>\n","protected":false},"author":1,"featured_media":3318,"comment_status":"closed","ping_status":"closed","sticky":false,"template":"","format":"standard","meta":{"site-sidebar-layout":"default","site-content-layout":"","ast-site-content-layout":"default","site-content-style":"default","site-sidebar-style":"default","ast-global-header-display":"","ast-banner-title-visibility":"","ast-main-header-display":"","ast-hfb-above-header-display":"","ast-hfb-below-header-display":"","ast-hfb-mobile-header-display":"","site-post-title":"","ast-breadcrumbs-content":"","ast-featured-img":"","footer-sml-layout":"","ast-disable-related-posts":"","theme-transparent-header-meta":"","adv-header-id-meta":"","stick-header-meta":"","header-above-stick-meta":"","header-main-stick-meta":"","header-below-stick-meta":"","astra-migrate-meta-layouts":"default","ast-page-background-enabled":"default","ast-page-background-meta":{"desktop":{"background-color":"var(--ast-global-color-5)","background-image":"","background-repeat":"repeat","background-position":"center center","background-size":"auto","background-attachment":"scroll","background-type":"","background-media":"","overlay-type":"","overlay-color":"","overlay-opacity":"","overlay-gradient":""},"tablet":{"background-color":"","background-image":"","background-repeat":"repeat","background-position":"center center","background-size":"auto","background-attachment":"scroll","background-type":"","background-media":"","overlay-type":"","overlay-color":"","overlay-opacity":"","overlay-gradient":""},"mobile":{"background-color":"","background-image":"","background-repeat":"repeat","background-position":"center center","background-size":"auto","background-attachment":"scroll","background-type":"","background-media":"","overlay-type":"","overlay-color":"","overlay-opacity":"","overlay-gradient":""}},"ast-content-background-meta":{"desktop":{"background-color":"var(--ast-global-color-4)","background-image":"","background-repeat":"repeat","background-position":"center center","background-size":"auto","background-attachment":"scroll","background-type":"","background-media":"","overlay-type":"","overlay-color":"","overlay-opacity":"","overlay-gradient":""},"tablet":{"background-color":"var(--ast-global-color-4)","background-image":"","background-repeat":"repeat","background-position":"center center","background-size":"auto","background-attachment":"scroll","background-type":"","background-media":"","overlay-type":"","overlay-color":"","overlay-opacity":"","overlay-gradient":""},"mobile":{"background-color":"var(--ast-global-color-4)","background-image":"","background-repeat":"repeat","background-position":"center center","background-size":"auto","background-attachment":"scroll","background-type":"","background-media":"","overlay-type":"","overlay-color":"","overlay-opacity":"","overlay-gradient":""}},"footnotes":""},"categories":[7,16,55],"tags":[],"class_list":["post-3204","post","type-post","status-publish","format-standard","has-post-thumbnail","hentry","category-wydarzenia","category-z-zycia-izby","category-z-zycia-izby-rok-2025"],"yoast_head":"<!-- This site is optimized with the Yoast SEO plugin v27.5 - https:\/\/yoast.com\/product\/yoast-seo-wordpress\/ -->\n<title>Przedstawiciele PDK OIIB na IX Konferencji Solina - Podkarpacka Okregowa Izba Inzynierow Budownictwa<\/title>\n<meta name=\"robots\" content=\"index, follow, max-snippet:-1, max-image-preview:large, max-video-preview:-1\" \/>\n<link rel=\"canonical\" href=\"https:\/\/inzynier.rzeszow.pl\/index.php\/2025\/05\/31\/przedstawiciele-pdk-oiib-na-ix-konferencji-solina\/\" \/>\n<meta property=\"og:locale\" content=\"pl_PL\" \/>\n<meta property=\"og:type\" content=\"article\" \/>\n<meta property=\"og:title\" content=\"Przedstawiciele PDK OIIB na IX Konferencji Solina - Podkarpacka Okregowa Izba Inzynierow Budownictwa\" \/>\n<meta property=\"og:description\" content=\"W dniach 27-31 maja 2025 r. odbywa\u0142a si\u0119 IX Konferencja Solina 2025, kt\u00f3rej organizatorem jest Katedra Budownictwa Og\u00f3lnego Politechnik Rzeszowskiej [&hellip;]\" \/>\n<meta property=\"og:url\" content=\"https:\/\/inzynier.rzeszow.pl\/index.php\/2025\/05\/31\/przedstawiciele-pdk-oiib-na-ix-konferencji-solina\/\" \/>\n<meta property=\"og:site_name\" content=\"Podkarpacka Okregowa Izba Inzynierow Budownictwa\" \/>\n<meta property=\"article:published_time\" content=\"2025-05-31T14:18:14+00:00\" \/>\n<meta property=\"article:modified_time\" content=\"2026-02-13T13:42:04+00:00\" \/>\n<meta property=\"og:image\" content=\"https:\/\/inzynier.rzeszow.pl\/wp-content\/uploads\/2025\/05\/obraz_2026-01-28_163324771.png\" \/>\n\t<meta property=\"og:image:width\" content=\"1600\" \/>\n\t<meta property=\"og:image:height\" content=\"900\" \/>\n\t<meta property=\"og:image:type\" content=\"image\/png\" \/>\n<meta name=\"author\" content=\"admin\" \/>\n<meta name=\"twitter:card\" content=\"summary_large_image\" \/>\n<meta name=\"twitter:label1\" content=\"Napisane przez\" \/>\n\t<meta name=\"twitter:data1\" content=\"admin\" \/>\n\t<meta name=\"twitter:label2\" content=\"Szacowany czas czytania\" \/>\n\t<meta name=\"twitter:data2\" content=\"1 minuta\" \/>\n<script type=\"application\/ld+json\" class=\"yoast-schema-graph\">{\"@context\":\"https:\\\/\\\/schema.org\",\"@graph\":[{\"@type\":\"Article\",\"@id\":\"https:\\\/\\\/inzynier.rzeszow.pl\\\/index.php\\\/2025\\\/05\\\/31\\\/przedstawiciele-pdk-oiib-na-ix-konferencji-solina\\\/#article\",\"isPartOf\":{\"@id\":\"https:\\\/\\\/inzynier.rzeszow.pl\\\/index.php\\\/2025\\\/05\\\/31\\\/przedstawiciele-pdk-oiib-na-ix-konferencji-solina\\\/\"},\"author\":{\"name\":\"admin\",\"@id\":\"https:\\\/\\\/inzynier.rzeszow.pl\\\/#\\\/schema\\\/person\\\/21ca162d893bdc5760a95d704e9b1e39\"},\"headline\":\"Przedstawiciele PDK OIIB na IX Konferencji Solina\",\"datePublished\":\"2025-05-31T14:18:14+00:00\",\"dateModified\":\"2026-02-13T13:42:04+00:00\",\"mainEntityOfPage\":{\"@id\":\"https:\\\/\\\/inzynier.rzeszow.pl\\\/index.php\\\/2025\\\/05\\\/31\\\/przedstawiciele-pdk-oiib-na-ix-konferencji-solina\\\/\"},\"wordCount\":145,\"image\":{\"@id\":\"https:\\\/\\\/inzynier.rzeszow.pl\\\/index.php\\\/2025\\\/05\\\/31\\\/przedstawiciele-pdk-oiib-na-ix-konferencji-solina\\\/#primaryimage\"},\"thumbnailUrl\":\"https:\\\/\\\/inzynier.rzeszow.pl\\\/wp-content\\\/uploads\\\/2025\\\/05\\\/obraz_2026-01-28_163324771.png\",\"articleSection\":[\"Wydarzenia\",\"Z \u017cycia izby\",\"Z \u017cycia Izby Rok 2025\"],\"inLanguage\":\"pl-PL\"},{\"@type\":\"WebPage\",\"@id\":\"https:\\\/\\\/inzynier.rzeszow.pl\\\/index.php\\\/2025\\\/05\\\/31\\\/przedstawiciele-pdk-oiib-na-ix-konferencji-solina\\\/\",\"url\":\"https:\\\/\\\/inzynier.rzeszow.pl\\\/index.php\\\/2025\\\/05\\\/31\\\/przedstawiciele-pdk-oiib-na-ix-konferencji-solina\\\/\",\"name\":\"Przedstawiciele PDK OIIB na IX Konferencji Solina - Podkarpacka Okregowa Izba Inzynierow Budownictwa\",\"isPartOf\":{\"@id\":\"https:\\\/\\\/inzynier.rzeszow.pl\\\/#website\"},\"primaryImageOfPage\":{\"@id\":\"https:\\\/\\\/inzynier.rzeszow.pl\\\/index.php\\\/2025\\\/05\\\/31\\\/przedstawiciele-pdk-oiib-na-ix-konferencji-solina\\\/#primaryimage\"},\"image\":{\"@id\":\"https:\\\/\\\/inzynier.rzeszow.pl\\\/index.php\\\/2025\\\/05\\\/31\\\/przedstawiciele-pdk-oiib-na-ix-konferencji-solina\\\/#primaryimage\"},\"thumbnailUrl\":\"https:\\\/\\\/inzynier.rzeszow.pl\\\/wp-content\\\/uploads\\\/2025\\\/05\\\/obraz_2026-01-28_163324771.png\",\"datePublished\":\"2025-05-31T14:18:14+00:00\",\"dateModified\":\"2026-02-13T13:42:04+00:00\",\"author\":{\"@id\":\"https:\\\/\\\/inzynier.rzeszow.pl\\\/#\\\/schema\\\/person\\\/21ca162d893bdc5760a95d704e9b1e39\"},\"breadcrumb\":{\"@id\":\"https:\\\/\\\/inzynier.rzeszow.pl\\\/index.php\\\/2025\\\/05\\\/31\\\/przedstawiciele-pdk-oiib-na-ix-konferencji-solina\\\/#breadcrumb\"},\"inLanguage\":\"pl-PL\",\"potentialAction\":[{\"@type\":\"ReadAction\",\"target\":[\"https:\\\/\\\/inzynier.rzeszow.pl\\\/index.php\\\/2025\\\/05\\\/31\\\/przedstawiciele-pdk-oiib-na-ix-konferencji-solina\\\/\"]}]},{\"@type\":\"ImageObject\",\"inLanguage\":\"pl-PL\",\"@id\":\"https:\\\/\\\/inzynier.rzeszow.pl\\\/index.php\\\/2025\\\/05\\\/31\\\/przedstawiciele-pdk-oiib-na-ix-konferencji-solina\\\/#primaryimage\",\"url\":\"https:\\\/\\\/inzynier.rzeszow.pl\\\/wp-content\\\/uploads\\\/2025\\\/05\\\/obraz_2026-01-28_163324771.png\",\"contentUrl\":\"https:\\\/\\\/inzynier.rzeszow.pl\\\/wp-content\\\/uploads\\\/2025\\\/05\\\/obraz_2026-01-28_163324771.png\",\"width\":1600,\"height\":900},{\"@type\":\"BreadcrumbList\",\"@id\":\"https:\\\/\\\/inzynier.rzeszow.pl\\\/index.php\\\/2025\\\/05\\\/31\\\/przedstawiciele-pdk-oiib-na-ix-konferencji-solina\\\/#breadcrumb\",\"itemListElement\":[{\"@type\":\"ListItem\",\"position\":1,\"name\":\"Strona g\u0142\u00f3wna\",\"item\":\"https:\\\/\\\/inzynier.rzeszow.pl\\\/\"},{\"@type\":\"ListItem\",\"position\":2,\"name\":\"Przedstawiciele PDK OIIB na IX Konferencji Solina\"}]},{\"@type\":\"WebSite\",\"@id\":\"https:\\\/\\\/inzynier.rzeszow.pl\\\/#website\",\"url\":\"https:\\\/\\\/inzynier.rzeszow.pl\\\/\",\"name\":\"Podkarpacka Okregowa Izba Inzynierow Budownictwa\",\"description\":\"\",\"potentialAction\":[{\"@type\":\"SearchAction\",\"target\":{\"@type\":\"EntryPoint\",\"urlTemplate\":\"https:\\\/\\\/inzynier.rzeszow.pl\\\/?s={search_term_string}\"},\"query-input\":{\"@type\":\"PropertyValueSpecification\",\"valueRequired\":true,\"valueName\":\"search_term_string\"}}],\"inLanguage\":\"pl-PL\"},{\"@type\":\"Person\",\"@id\":\"https:\\\/\\\/inzynier.rzeszow.pl\\\/#\\\/schema\\\/person\\\/21ca162d893bdc5760a95d704e9b1e39\",\"name\":\"admin\",\"image\":{\"@type\":\"ImageObject\",\"inLanguage\":\"pl-PL\",\"@id\":\"https:\\\/\\\/secure.gravatar.com\\\/avatar\\\/d5d1959f10b94c8abcf928274f8bb5b8c7370b0dfadb0590911bacad18965f21?s=96&d=mm&r=g\",\"url\":\"https:\\\/\\\/secure.gravatar.com\\\/avatar\\\/d5d1959f10b94c8abcf928274f8bb5b8c7370b0dfadb0590911bacad18965f21?s=96&d=mm&r=g\",\"contentUrl\":\"https:\\\/\\\/secure.gravatar.com\\\/avatar\\\/d5d1959f10b94c8abcf928274f8bb5b8c7370b0dfadb0590911bacad18965f21?s=96&d=mm&r=g\",\"caption\":\"admin\"},\"sameAs\":[\"https:\\\/\\\/migracja.inzynier.rzeszow.pl\"],\"url\":\"https:\\\/\\\/inzynier.rzeszow.pl\\\/index.php\\\/author\\\/kwojcik\\\/\"}]}<\/script>\n<!-- \/ Yoast SEO plugin. -->","yoast_head_json":{"title":"Przedstawiciele PDK OIIB na IX Konferencji Solina - Podkarpacka Okregowa Izba Inzynierow Budownictwa","robots":{"index":"index","follow":"follow","max-snippet":"max-snippet:-1","max-image-preview":"max-image-preview:large","max-video-preview":"max-video-preview:-1"},"canonical":"https:\/\/inzynier.rzeszow.pl\/index.php\/2025\/05\/31\/przedstawiciele-pdk-oiib-na-ix-konferencji-solina\/","og_locale":"pl_PL","og_type":"article","og_title":"Przedstawiciele PDK OIIB na IX Konferencji Solina - Podkarpacka Okregowa Izba Inzynierow Budownictwa","og_description":"W dniach 27-31 maja 2025 r. odbywa\u0142a si\u0119 IX Konferencja Solina 2025, kt\u00f3rej organizatorem jest Katedra Budownictwa Og\u00f3lnego Politechnik Rzeszowskiej [&hellip;]","og_url":"https:\/\/inzynier.rzeszow.pl\/index.php\/2025\/05\/31\/przedstawiciele-pdk-oiib-na-ix-konferencji-solina\/","og_site_name":"Podkarpacka Okregowa Izba Inzynierow Budownictwa","article_published_time":"2025-05-31T14:18:14+00:00","article_modified_time":"2026-02-13T13:42:04+00:00","og_image":[{"width":1600,"height":900,"url":"https:\/\/inzynier.rzeszow.pl\/wp-content\/uploads\/2025\/05\/obraz_2026-01-28_163324771.png","type":"image\/png"}],"author":"admin","twitter_card":"summary_large_image","twitter_misc":{"Napisane przez":"admin","Szacowany czas czytania":"1 minuta"},"schema":{"@context":"https:\/\/schema.org","@graph":[{"@type":"Article","@id":"https:\/\/inzynier.rzeszow.pl\/index.php\/2025\/05\/31\/przedstawiciele-pdk-oiib-na-ix-konferencji-solina\/#article","isPartOf":{"@id":"https:\/\/inzynier.rzeszow.pl\/index.php\/2025\/05\/31\/przedstawiciele-pdk-oiib-na-ix-konferencji-solina\/"},"author":{"name":"admin","@id":"https:\/\/inzynier.rzeszow.pl\/#\/schema\/person\/21ca162d893bdc5760a95d704e9b1e39"},"headline":"Przedstawiciele PDK OIIB na IX Konferencji Solina","datePublished":"2025-05-31T14:18:14+00:00","dateModified":"2026-02-13T13:42:04+00:00","mainEntityOfPage":{"@id":"https:\/\/inzynier.rzeszow.pl\/index.php\/2025\/05\/31\/przedstawiciele-pdk-oiib-na-ix-konferencji-solina\/"},"wordCount":145,"image":{"@id":"https:\/\/inzynier.rzeszow.pl\/index.php\/2025\/05\/31\/przedstawiciele-pdk-oiib-na-ix-konferencji-solina\/#primaryimage"},"thumbnailUrl":"https:\/\/inzynier.rzeszow.pl\/wp-content\/uploads\/2025\/05\/obraz_2026-01-28_163324771.png","articleSection":["Wydarzenia","Z \u017cycia izby","Z \u017cycia Izby Rok 2025"],"inLanguage":"pl-PL"},{"@type":"WebPage","@id":"https:\/\/inzynier.rzeszow.pl\/index.php\/2025\/05\/31\/przedstawiciele-pdk-oiib-na-ix-konferencji-solina\/","url":"https:\/\/inzynier.rzeszow.pl\/index.php\/2025\/05\/31\/przedstawiciele-pdk-oiib-na-ix-konferencji-solina\/","name":"Przedstawiciele PDK OIIB na IX Konferencji Solina - Podkarpacka Okregowa Izba Inzynierow Budownictwa","isPartOf":{"@id":"https:\/\/inzynier.rzeszow.pl\/#website"},"primaryImageOfPage":{"@id":"https:\/\/inzynier.rzeszow.pl\/index.php\/2025\/05\/31\/przedstawiciele-pdk-oiib-na-ix-konferencji-solina\/#primaryimage"},"image":{"@id":"https:\/\/inzynier.rzeszow.pl\/index.php\/2025\/05\/31\/przedstawiciele-pdk-oiib-na-ix-konferencji-solina\/#primaryimage"},"thumbnailUrl":"https:\/\/inzynier.rzeszow.pl\/wp-content\/uploads\/2025\/05\/obraz_2026-01-28_163324771.png","datePublished":"2025-05-31T14:18:14+00:00","dateModified":"2026-02-13T13:42:04+00:00","author":{"@id":"https:\/\/inzynier.rzeszow.pl\/#\/schema\/person\/21ca162d893bdc5760a95d704e9b1e39"},"breadcrumb":{"@id":"https:\/\/inzynier.rzeszow.pl\/index.php\/2025\/05\/31\/przedstawiciele-pdk-oiib-na-ix-konferencji-solina\/#breadcrumb"},"inLanguage":"pl-PL","potentialAction":[{"@type":"ReadAction","target":["https:\/\/inzynier.rzeszow.pl\/index.php\/2025\/05\/31\/przedstawiciele-pdk-oiib-na-ix-konferencji-solina\/"]}]},{"@type":"ImageObject","inLanguage":"pl-PL","@id":"https:\/\/inzynier.rzeszow.pl\/index.php\/2025\/05\/31\/przedstawiciele-pdk-oiib-na-ix-konferencji-solina\/#primaryimage","url":"https:\/\/inzynier.rzeszow.pl\/wp-content\/uploads\/2025\/05\/obraz_2026-01-28_163324771.png","contentUrl":"https:\/\/inzynier.rzeszow.pl\/wp-content\/uploads\/2025\/05\/obraz_2026-01-28_163324771.png","width":1600,"height":900},{"@type":"BreadcrumbList","@id":"https:\/\/inzynier.rzeszow.pl\/index.php\/2025\/05\/31\/przedstawiciele-pdk-oiib-na-ix-konferencji-solina\/#breadcrumb","itemListElement":[{"@type":"ListItem","position":1,"name":"Strona g\u0142\u00f3wna","item":"https:\/\/inzynier.rzeszow.pl\/"},{"@type":"ListItem","position":2,"name":"Przedstawiciele PDK OIIB na IX Konferencji Solina"}]},{"@type":"WebSite","@id":"https:\/\/inzynier.rzeszow.pl\/#website","url":"https:\/\/inzynier.rzeszow.pl\/","name":"Podkarpacka Okregowa Izba Inzynierow Budownictwa","description":"","potentialAction":[{"@type":"SearchAction","target":{"@type":"EntryPoint","urlTemplate":"https:\/\/inzynier.rzeszow.pl\/?s={search_term_string}"},"query-input":{"@type":"PropertyValueSpecification","valueRequired":true,"valueName":"search_term_string"}}],"inLanguage":"pl-PL"},{"@type":"Person","@id":"https:\/\/inzynier.rzeszow.pl\/#\/schema\/person\/21ca162d893bdc5760a95d704e9b1e39","name":"admin","image":{"@type":"ImageObject","inLanguage":"pl-PL","@id":"https:\/\/secure.gravatar.com\/avatar\/d5d1959f10b94c8abcf928274f8bb5b8c7370b0dfadb0590911bacad18965f21?s=96&d=mm&r=g","url":"https:\/\/secure.gravatar.com\/avatar\/d5d1959f10b94c8abcf928274f8bb5b8c7370b0dfadb0590911bacad18965f21?s=96&d=mm&r=g","contentUrl":"https:\/\/secure.gravatar.com\/avatar\/d5d1959f10b94c8abcf928274f8bb5b8c7370b0dfadb0590911bacad18965f21?s=96&d=mm&r=g","caption":"admin"},"sameAs":["https:\/\/migracja.inzynier.rzeszow.pl"],"url":"https:\/\/inzynier.rzeszow.pl\/index.php\/author\/kwojcik\/"}]}},"rttpg_featured_image_url":{"full":["https:\/\/inzynier.rzeszow.pl\/wp-content\/uploads\/2025\/05\/obraz_2026-01-28_163324771.png",1600,900,false],"landscape":["https:\/\/inzynier.rzeszow.pl\/wp-content\/uploads\/2025\/05\/obraz_2026-01-28_163324771.png",1600,900,false],"portraits":["https:\/\/inzynier.rzeszow.pl\/wp-content\/uploads\/2025\/05\/obraz_2026-01-28_163324771.png",1600,900,false],"thumbnail":["https:\/\/inzynier.rzeszow.pl\/wp-content\/uploads\/2025\/05\/obraz_2026-01-28_163324771-150x150.png",150,150,true],"medium":["https:\/\/inzynier.rzeszow.pl\/wp-content\/uploads\/2025\/05\/obraz_2026-01-28_163324771-300x169.png",300,169,true],"large":["https:\/\/inzynier.rzeszow.pl\/wp-content\/uploads\/2025\/05\/obraz_2026-01-28_163324771-1024x576.png",1024,576,true],"1536x1536":["https:\/\/inzynier.rzeszow.pl\/wp-content\/uploads\/2025\/05\/obraz_2026-01-28_163324771-1536x864.png",1536,864,true],"2048x2048":["https:\/\/inzynier.rzeszow.pl\/wp-content\/uploads\/2025\/05\/obraz_2026-01-28_163324771.png",1600,900,false]},"rttpg_author":{"display_name":"admin","author_link":"https:\/\/inzynier.rzeszow.pl\/index.php\/author\/kwojcik\/"},"rttpg_comment":0,"rttpg_category":"<a href=\"https:\/\/inzynier.rzeszow.pl\/index.php\/category\/wydarzenia\/\" rel=\"category tag\">Wydarzenia<\/a> <a href=\"https:\/\/inzynier.rzeszow.pl\/index.php\/category\/z-zycia-izby\/\" rel=\"category tag\">Z \u017cycia izby<\/a> <a href=\"https:\/\/inzynier.rzeszow.pl\/index.php\/category\/z-zycia-izby\/z-zycia-izby-rok-2025\/\" rel=\"category tag\">Z \u017cycia Izby Rok 2025<\/a>","rttpg_excerpt":"W dniach 27-31 maja 2025 r. odbywa\u0142a si\u0119 IX Konferencja Solina 2025, kt\u00f3rej organizatorem jest Katedra Budownictwa Og\u00f3lnego Politechnik Rzeszowskiej [&hellip;]","_links":{"self":[{"href":"https:\/\/inzynier.rzeszow.pl\/index.php\/wp-json\/wp\/v2\/posts\/3204","targetHints":{"allow":["GET"]}}],"collection":[{"href":"https:\/\/inzynier.rzeszow.pl\/index.php\/wp-json\/wp\/v2\/posts"}],"about":[{"href":"https:\/\/inzynier.rzeszow.pl\/index.php\/wp-json\/wp\/v2\/types\/post"}],"author":[{"embeddable":true,"href":"https:\/\/inzynier.rzeszow.pl\/index.php\/wp-json\/wp\/v2\/users\/1"}],"replies":[{"embeddable":true,"href":"https:\/\/inzynier.rzeszow.pl\/index.php\/wp-json\/wp\/v2\/comments?post=3204"}],"version-history":[{"count":4,"href":"https:\/\/inzynier.rzeszow.pl\/index.php\/wp-json\/wp\/v2\/posts\/3204\/revisions"}],"predecessor-version":[{"id":3322,"href":"https:\/\/inzynier.rzeszow.pl\/index.php\/wp-json\/wp\/v2\/posts\/3204\/revisions\/3322"}],"wp:featuredmedia":[{"embeddable":true,"href":"https:\/\/inzynier.rzeszow.pl\/index.php\/wp-json\/wp\/v2\/media\/3318"}],"wp:attachment":[{"href":"https:\/\/inzynier.rzeszow.pl\/index.php\/wp-json\/wp\/v2\/media?parent=3204"}],"wp:term":[{"taxonomy":"category","embeddable":true,"href":"https:\/\/inzynier.rzeszow.pl\/index.php\/wp-json\/wp\/v2\/categories?post=3204"},{"taxonomy":"post_tag","embeddable":true,"href":"https:\/\/inzynier.rzeszow.pl\/index.php\/wp-json\/wp\/v2\/tags?post=3204"}],"curies":[{"name":"wp","href":"https:\/\/api.w.org\/{rel}","templated":true}]}}