{"id":3203,"date":"2025-05-25T12:17:13","date_gmt":"2025-05-25T12:17:13","guid":{"rendered":"https:\/\/migracja.inzynier.rzeszow.pl\/?p=3203"},"modified":"2026-02-13T13:42:04","modified_gmt":"2026-02-13T13:42:04","slug":"spotkanie-informacyjno-integracyjne-czlonkow-naszej-izby-z-terenu-miasta-krosna-i-powiatu-krosnienskiego","status":"publish","type":"post","link":"https:\/\/inzynier.rzeszow.pl\/index.php\/2025\/05\/25\/spotkanie-informacyjno-integracyjne-czlonkow-naszej-izby-z-terenu-miasta-krosna-i-powiatu-krosnienskiego\/","title":{"rendered":"Spotkanie informacyjno-integracyjne cz\u0142onk\u00f3w naszej Izby z terenu miasta Krosna i powiatu kro\u015bnie\u0144skiego"},"content":{"rendered":"\t\t<div data-elementor-type=\"wp-post\" data-elementor-id=\"3203\" class=\"elementor elementor-3203\" data-elementor-post-type=\"post\">\n\t\t\t\t<div class=\"elementor-element elementor-element-a86bb8d e-flex e-con-boxed e-con e-parent\" data-id=\"a86bb8d\" data-element_type=\"container\" data-e-type=\"container\">\n\t\t\t\t\t<div class=\"e-con-inner\">\n\t\t<div class=\"elementor-element elementor-element-410f3d0 e-con-full e-flex e-con e-child\" data-id=\"410f3d0\" data-element_type=\"container\" data-e-type=\"container\">\n\t\t<div class=\"elementor-element elementor-element-0161690 e-con-full e-flex e-con e-child\" data-id=\"0161690\" data-element_type=\"container\" data-e-type=\"container\">\n\t\t\t\t<div class=\"elementor-element elementor-element-833a258 elementor-widget elementor-widget-image\" data-id=\"833a258\" data-element_type=\"widget\" data-e-type=\"widget\" data-widget_type=\"image.default\">\n\t\t\t\t\t\t\t\t\t\t\t\t\t\t\t<img fetchpriority=\"high\" decoding=\"async\" width=\"769\" height=\"1024\" src=\"https:\/\/inzynier.rzeszow.pl\/wp-content\/uploads\/2025\/05\/obraz_2026-01-28_163500937.png\" class=\"attachment-large size-large wp-image-3324\" alt=\"\" srcset=\"https:\/\/inzynier.rzeszow.pl\/wp-content\/uploads\/2025\/05\/obraz_2026-01-28_163500937.png 769w, https:\/\/inzynier.rzeszow.pl\/wp-content\/uploads\/2025\/05\/obraz_2026-01-28_163500937-225x300.png 225w\" sizes=\"(max-width: 769px) 100vw, 769px\" \/>\t\t\t\t\t\t\t\t\t\t\t\t\t\t\t<\/div>\n\t\t\t\t<\/div>\n\t\t<div class=\"elementor-element elementor-element-ba0eba7 e-con-full e-flex e-con e-child\" data-id=\"ba0eba7\" data-element_type=\"container\" data-e-type=\"container\">\n\t\t\t\t<div class=\"elementor-element elementor-element-43c5e2f elementor-widget elementor-widget-text-editor\" data-id=\"43c5e2f\" data-element_type=\"widget\" data-e-type=\"widget\" data-widget_type=\"text-editor.default\">\n\t\t\t\t\t\t\t\t\t<p style=\"font-weight: 400;\">W dniu 23 maja 2025 roku odby\u0142o si\u0119 spotkanie informacyjno \u2013 integracyjne cz\u0142onk\u00f3w naszej Izby z okr\u0119gu kro\u015bnie\u0144skiego.\u00a0Spotkanie rozpocz\u0119\u0142o si\u0119 o godz. 18:00 w Restauracji Portius w Kro\u015bnie przy ul.\u00a0Bursaki 29A.<\/p><p style=\"font-weight: 400;\">Cz\u0142onek Okr\u0119gowej Rady PDK OIIB Anna D\u0105browska-Lasko\u015b\u00a0jako organizator spotkania wraz zast\u0119pc\u0105 przewodnicz\u0105cego OKK Henrykiem Kaliszem\u00a0i przedstawicielami w\u0142adz PDK OIIB zast\u0119pcami przewodnicz\u0105cego PDK OIIB: Wac\u0142awem Kami\u0144skim i Jaros\u0142awem Suchor\u0105 powitali zaproszonych go\u015bci oraz cz\u0142onkinie i\u00a0cz\u0142onk\u00f3w naszej Izby, kt\u00f3rzy przybyli na spotkanie.<\/p><p style=\"font-weight: 400;\">Zast\u0119pcy przewodnicz\u0105cego PDK OIIB Wac\u0142aw Kami\u0144ski i Jaros\u0142aw Suchora przedstawili przygotowan\u0105 prezentacj\u0119 dotycz\u0105c\u0105 okr\u0119gu kro\u015bnie\u0144skiego, poinformowali o strukturze wiekowej, ilo\u015bci czynnych cz\u0142onk\u00f3w oraz ilo\u015bci cz\u0142onk\u00f3w w uj\u0119ciu bran\u017cowym, a tak\u017ce przedstawili zakresy dzia\u0142ania naszego samorz\u0105du.<\/p><p style=\"font-weight: 400;\">Podczas spotkania uhonorowany zosta\u0142 senior: Stanis\u0142aw Gazda, natomiast\u00a0\u00a0Srebrn\u0105 Odznak\u0119 Honorow\u0105 Polskiej Izby In\u017cynier\u00f3w Budownictwa otrzyma\u0142 kol. Stanis\u0142aw Kindel.<\/p><p style=\"font-weight: 400;\">Kol. Anna D\u0105browska-Lasko\u015b\u00a0zaprosi\u0142a zebranych do biesiady integracyjnej, kt\u00f3ra pozwoli\u0142a wszystkim na wymian\u0119 wspomnie\u0144, informacji oraz mi\u0142e sp\u0119dzenie czasu.\u00a0Spotkanie up\u0142yn\u0119\u0142o w bardzo mi\u0142ej i przyjacielskiej atmosferze, wszyscy przybyli uczestnicy opuszczali lokal w p\u00f3\u017anych godzinach wieczornych bardzo zadowoleni, jednocze\u015bnie wyra\u017cali nadziej\u0119, \u017ce takie spotkania b\u0119d\u0105 nadal organizowane cyklicznie.<br \/><br \/><strong><a href=\"https:\/\/www.facebook.com\/PodkarpackaOIIB\/posts\/pfbid0Kee452pbQo9DuebAck2M6dqZNUZMJzDnTxHoHYFrBqK23GiEFb3qhQovttt16nNDl\">Galeria fotograficzna z spotkania informacyjno-integracyjne cz\u0142onk\u00f3w naszej Izby z terenu miasta Krosna i powiatu kro\u015bnie\u0144skiego 23.05.2025 r. &gt;&gt;<\/a><\/strong><\/p><p style=\"font-weight: 400;\">Opracowanie: Anna D\u0105browska-Lasko\u015b<br \/>fot.:\u00a0Marek Lasko\u015b<\/p>\t\t\t\t\t\t\t\t<\/div>\n\t\t\t\t<\/div>\n\t\t\t\t<\/div>\n\t\t\t\t\t<\/div>\n\t\t\t\t<\/div>\n\t\t<div class=\"elementor-element elementor-element-97273c7 e-flex e-con-boxed e-con e-parent\" data-id=\"97273c7\" data-element_type=\"container\" data-e-type=\"container\">\n\t\t\t\t\t<div class=\"e-con-inner\">\n\t\t\t\t<div class=\"elementor-element elementor-element-8b0ca55 elementor-widget elementor-widget-gallery\" data-id=\"8b0ca55\" data-element_type=\"widget\" data-e-type=\"widget\" data-settings=\"{&quot;columns&quot;:3,&quot;lazyload&quot;:&quot;yes&quot;,&quot;gallery_layout&quot;:&quot;grid&quot;,&quot;columns_tablet&quot;:2,&quot;columns_mobile&quot;:1,&quot;gap&quot;:{&quot;unit&quot;:&quot;px&quot;,&quot;size&quot;:10,&quot;sizes&quot;:[]},&quot;gap_tablet&quot;:{&quot;unit&quot;:&quot;px&quot;,&quot;size&quot;:10,&quot;sizes&quot;:[]},&quot;gap_mobile&quot;:{&quot;unit&quot;:&quot;px&quot;,&quot;size&quot;:10,&quot;sizes&quot;:[]},&quot;link_to&quot;:&quot;file&quot;,&quot;aspect_ratio&quot;:&quot;3:2&quot;,&quot;overlay_background&quot;:&quot;yes&quot;,&quot;content_hover_animation&quot;:&quot;fade-in&quot;}\" data-widget_type=\"gallery.default\">\n\t\t\t\t\t\t\t<div class=\"elementor-gallery__container\">\n\t\t\t\t\t\t\t<a class=\"e-gallery-item elementor-gallery-item elementor-animated-content\" href=\"https:\/\/inzynier.rzeszow.pl\/wp-content\/uploads\/2025\/05\/obraz_2026-01-28_163723540.png\" data-elementor-open-lightbox=\"yes\" data-elementor-lightbox-slideshow=\"8b0ca55\" data-e-action-hash=\"#elementor-action%3Aaction%3Dlightbox%26settings%3DeyJpZCI6MzMyNiwidXJsIjoiaHR0cHM6XC9cL2luenluaWVyLnJ6ZXN6b3cucGxcL3dwLWNvbnRlbnRcL3VwbG9hZHNcLzIwMjVcLzA1XC9vYnJhel8yMDI2LTAxLTI4XzE2MzcyMzU0MC5wbmciLCJzbGlkZXNob3ciOiI4YjBjYTU1In0%3D\">\n\t\t\t\t\t<div class=\"e-gallery-image elementor-gallery-item__image\" data-thumbnail=\"https:\/\/inzynier.rzeszow.pl\/wp-content\/uploads\/2025\/05\/obraz_2026-01-28_163723540-768x1023.png\" data-width=\"768\" data-height=\"1023\" aria-label=\"\" role=\"img\" ><\/div>\n\t\t\t\t\t\t\t\t\t\t\t<div class=\"elementor-gallery-item__overlay\"><\/div>\n\t\t\t\t\t\t\t\t\t\t\t\t\t\t<\/a>\n\t\t\t\t\t\t\t<a class=\"e-gallery-item elementor-gallery-item elementor-animated-content\" href=\"https:\/\/inzynier.rzeszow.pl\/wp-content\/uploads\/2025\/05\/obraz_2026-01-28_163729484.png\" data-elementor-open-lightbox=\"yes\" data-elementor-lightbox-slideshow=\"8b0ca55\" data-e-action-hash=\"#elementor-action%3Aaction%3Dlightbox%26settings%3DeyJpZCI6MzMyNywidXJsIjoiaHR0cHM6XC9cL2luenluaWVyLnJ6ZXN6b3cucGxcL3dwLWNvbnRlbnRcL3VwbG9hZHNcLzIwMjVcLzA1XC9vYnJhel8yMDI2LTAxLTI4XzE2MzcyOTQ4NC5wbmciLCJzbGlkZXNob3ciOiI4YjBjYTU1In0%3D\">\n\t\t\t\t\t<div class=\"e-gallery-image elementor-gallery-item__image\" data-thumbnail=\"https:\/\/inzynier.rzeszow.pl\/wp-content\/uploads\/2025\/05\/obraz_2026-01-28_163729484-768x1023.png\" data-width=\"768\" data-height=\"1023\" aria-label=\"\" role=\"img\" ><\/div>\n\t\t\t\t\t\t\t\t\t\t\t<div class=\"elementor-gallery-item__overlay\"><\/div>\n\t\t\t\t\t\t\t\t\t\t\t\t\t\t<\/a>\n\t\t\t\t\t\t\t<a class=\"e-gallery-item elementor-gallery-item elementor-animated-content\" href=\"https:\/\/inzynier.rzeszow.pl\/wp-content\/uploads\/2025\/05\/obraz_2026-01-28_163735067.png\" data-elementor-open-lightbox=\"yes\" data-elementor-lightbox-slideshow=\"8b0ca55\" data-e-action-hash=\"#elementor-action%3Aaction%3Dlightbox%26settings%3DeyJpZCI6MzMyOCwidXJsIjoiaHR0cHM6XC9cL2luenluaWVyLnJ6ZXN6b3cucGxcL3dwLWNvbnRlbnRcL3VwbG9hZHNcLzIwMjVcLzA1XC9vYnJhel8yMDI2LTAxLTI4XzE2MzczNTA2Ny5wbmciLCJzbGlkZXNob3ciOiI4YjBjYTU1In0%3D\">\n\t\t\t\t\t<div class=\"e-gallery-image elementor-gallery-item__image\" data-thumbnail=\"https:\/\/inzynier.rzeszow.pl\/wp-content\/uploads\/2025\/05\/obraz_2026-01-28_163735067.png\" data-width=\"768\" data-height=\"1023\" aria-label=\"\" role=\"img\" ><\/div>\n\t\t\t\t\t\t\t\t\t\t\t<div class=\"elementor-gallery-item__overlay\"><\/div>\n\t\t\t\t\t\t\t\t\t\t\t\t\t\t<\/a>\n\t\t\t\t\t<\/div>\n\t\t\t\t\t<\/div>\n\t\t\t\t\t<\/div>\n\t\t\t\t<\/div>\n\t\t\t\t<\/div>\n\t\t","protected":false},"excerpt":{"rendered":"<p>W dniu 23 maja 2025 roku odby\u0142o si\u0119 spotkanie informacyjno \u2013 integracyjne cz\u0142onk\u00f3w naszej Izby z okr\u0119gu kro\u015bnie\u0144skiego.\u00a0Spotkanie rozpocz\u0119\u0142o si\u0119 [&hellip;]<\/p>\n","protected":false},"author":1,"featured_media":3324,"comment_status":"closed","ping_status":"closed","sticky":false,"template":"","format":"standard","meta":{"site-sidebar-layout":"default","site-content-layout":"","ast-site-content-layout":"default","site-content-style":"default","site-sidebar-style":"default","ast-global-header-display":"","ast-banner-title-visibility":"","ast-main-header-display":"","ast-hfb-above-header-display":"","ast-hfb-below-header-display":"","ast-hfb-mobile-header-display":"","site-post-title":"","ast-breadcrumbs-content":"","ast-featured-img":"","footer-sml-layout":"","ast-disable-related-posts":"","theme-transparent-header-meta":"","adv-header-id-meta":"","stick-header-meta":"","header-above-stick-meta":"","header-main-stick-meta":"","header-below-stick-meta":"","astra-migrate-meta-layouts":"default","ast-page-background-enabled":"default","ast-page-background-meta":{"desktop":{"background-color":"var(--ast-global-color-5)","background-image":"","background-repeat":"repeat","background-position":"center center","background-size":"auto","background-attachment":"scroll","background-type":"","background-media":"","overlay-type":"","overlay-color":"","overlay-opacity":"","overlay-gradient":""},"tablet":{"background-color":"","background-image":"","background-repeat":"repeat","background-position":"center center","background-size":"auto","background-attachment":"scroll","background-type":"","background-media":"","overlay-type":"","overlay-color":"","overlay-opacity":"","overlay-gradient":""},"mobile":{"background-color":"","background-image":"","background-repeat":"repeat","background-position":"center center","background-size":"auto","background-attachment":"scroll","background-type":"","background-media":"","overlay-type":"","overlay-color":"","overlay-opacity":"","overlay-gradient":""}},"ast-content-background-meta":{"desktop":{"background-color":"var(--ast-global-color-4)","background-image":"","background-repeat":"repeat","background-position":"center center","background-size":"auto","background-attachment":"scroll","background-type":"","background-media":"","overlay-type":"","overlay-color":"","overlay-opacity":"","overlay-gradient":""},"tablet":{"background-color":"var(--ast-global-color-4)","background-image":"","background-repeat":"repeat","background-position":"center center","background-size":"auto","background-attachment":"scroll","background-type":"","background-media":"","overlay-type":"","overlay-color":"","overlay-opacity":"","overlay-gradient":""},"mobile":{"background-color":"var(--ast-global-color-4)","background-image":"","background-repeat":"repeat","background-position":"center center","background-size":"auto","background-attachment":"scroll","background-type":"","background-media":"","overlay-type":"","overlay-color":"","overlay-opacity":"","overlay-gradient":""}},"footnotes":""},"categories":[7,16,55],"tags":[],"class_list":["post-3203","post","type-post","status-publish","format-standard","has-post-thumbnail","hentry","category-wydarzenia","category-z-zycia-izby","category-z-zycia-izby-rok-2025"],"yoast_head":"<!-- This site is optimized with the Yoast SEO plugin v27.5 - https:\/\/yoast.com\/product\/yoast-seo-wordpress\/ -->\n<title>Spotkanie informacyjno-integracyjne cz\u0142onk\u00f3w naszej Izby z terenu miasta Krosna i powiatu kro\u015bnie\u0144skiego - Podkarpacka Okregowa Izba Inzynierow Budownictwa<\/title>\n<meta name=\"robots\" content=\"index, follow, max-snippet:-1, max-image-preview:large, max-video-preview:-1\" \/>\n<link rel=\"canonical\" href=\"https:\/\/inzynier.rzeszow.pl\/index.php\/2025\/05\/25\/spotkanie-informacyjno-integracyjne-czlonkow-naszej-izby-z-terenu-miasta-krosna-i-powiatu-krosnienskiego\/\" \/>\n<meta property=\"og:locale\" content=\"pl_PL\" \/>\n<meta property=\"og:type\" content=\"article\" \/>\n<meta property=\"og:title\" content=\"Spotkanie informacyjno-integracyjne cz\u0142onk\u00f3w naszej Izby z terenu miasta Krosna i powiatu kro\u015bnie\u0144skiego - Podkarpacka Okregowa Izba Inzynierow Budownictwa\" \/>\n<meta property=\"og:description\" content=\"W dniu 23 maja 2025 roku odby\u0142o si\u0119 spotkanie informacyjno \u2013 integracyjne cz\u0142onk\u00f3w naszej Izby z okr\u0119gu kro\u015bnie\u0144skiego.\u00a0Spotkanie rozpocz\u0119\u0142o si\u0119 [&hellip;]\" \/>\n<meta property=\"og:url\" content=\"https:\/\/inzynier.rzeszow.pl\/index.php\/2025\/05\/25\/spotkanie-informacyjno-integracyjne-czlonkow-naszej-izby-z-terenu-miasta-krosna-i-powiatu-krosnienskiego\/\" \/>\n<meta property=\"og:site_name\" content=\"Podkarpacka Okregowa Izba Inzynierow Budownictwa\" \/>\n<meta property=\"article:published_time\" content=\"2025-05-25T12:17:13+00:00\" \/>\n<meta property=\"article:modified_time\" content=\"2026-02-13T13:42:04+00:00\" \/>\n<meta property=\"og:image\" content=\"https:\/\/inzynier.rzeszow.pl\/wp-content\/uploads\/2025\/05\/obraz_2026-01-28_163500937.png\" \/>\n\t<meta property=\"og:image:width\" content=\"769\" \/>\n\t<meta property=\"og:image:height\" content=\"1024\" \/>\n\t<meta property=\"og:image:type\" content=\"image\/png\" \/>\n<meta name=\"author\" content=\"admin\" \/>\n<meta name=\"twitter:card\" content=\"summary_large_image\" \/>\n<meta name=\"twitter:label1\" content=\"Napisane przez\" \/>\n\t<meta name=\"twitter:data1\" content=\"admin\" \/>\n\t<meta name=\"twitter:label2\" content=\"Szacowany czas czytania\" \/>\n\t<meta name=\"twitter:data2\" content=\"1 minuta\" \/>\n<script type=\"application\/ld+json\" class=\"yoast-schema-graph\">{\"@context\":\"https:\\\/\\\/schema.org\",\"@graph\":[{\"@type\":\"Article\",\"@id\":\"https:\\\/\\\/inzynier.rzeszow.pl\\\/index.php\\\/2025\\\/05\\\/25\\\/spotkanie-informacyjno-integracyjne-czlonkow-naszej-izby-z-terenu-miasta-krosna-i-powiatu-krosnienskiego\\\/#article\",\"isPartOf\":{\"@id\":\"https:\\\/\\\/inzynier.rzeszow.pl\\\/index.php\\\/2025\\\/05\\\/25\\\/spotkanie-informacyjno-integracyjne-czlonkow-naszej-izby-z-terenu-miasta-krosna-i-powiatu-krosnienskiego\\\/\"},\"author\":{\"name\":\"admin\",\"@id\":\"https:\\\/\\\/inzynier.rzeszow.pl\\\/#\\\/schema\\\/person\\\/21ca162d893bdc5760a95d704e9b1e39\"},\"headline\":\"Spotkanie informacyjno-integracyjne cz\u0142onk\u00f3w naszej Izby z terenu miasta Krosna i powiatu kro\u015bnie\u0144skiego\",\"datePublished\":\"2025-05-25T12:17:13+00:00\",\"dateModified\":\"2026-02-13T13:42:04+00:00\",\"mainEntityOfPage\":{\"@id\":\"https:\\\/\\\/inzynier.rzeszow.pl\\\/index.php\\\/2025\\\/05\\\/25\\\/spotkanie-informacyjno-integracyjne-czlonkow-naszej-izby-z-terenu-miasta-krosna-i-powiatu-krosnienskiego\\\/\"},\"wordCount\":280,\"image\":{\"@id\":\"https:\\\/\\\/inzynier.rzeszow.pl\\\/index.php\\\/2025\\\/05\\\/25\\\/spotkanie-informacyjno-integracyjne-czlonkow-naszej-izby-z-terenu-miasta-krosna-i-powiatu-krosnienskiego\\\/#primaryimage\"},\"thumbnailUrl\":\"https:\\\/\\\/inzynier.rzeszow.pl\\\/wp-content\\\/uploads\\\/2025\\\/05\\\/obraz_2026-01-28_163500937.png\",\"articleSection\":[\"Wydarzenia\",\"Z \u017cycia izby\",\"Z \u017cycia Izby Rok 2025\"],\"inLanguage\":\"pl-PL\"},{\"@type\":\"WebPage\",\"@id\":\"https:\\\/\\\/inzynier.rzeszow.pl\\\/index.php\\\/2025\\\/05\\\/25\\\/spotkanie-informacyjno-integracyjne-czlonkow-naszej-izby-z-terenu-miasta-krosna-i-powiatu-krosnienskiego\\\/\",\"url\":\"https:\\\/\\\/inzynier.rzeszow.pl\\\/index.php\\\/2025\\\/05\\\/25\\\/spotkanie-informacyjno-integracyjne-czlonkow-naszej-izby-z-terenu-miasta-krosna-i-powiatu-krosnienskiego\\\/\",\"name\":\"Spotkanie informacyjno-integracyjne cz\u0142onk\u00f3w naszej Izby z terenu miasta Krosna i powiatu kro\u015bnie\u0144skiego - Podkarpacka Okregowa Izba Inzynierow Budownictwa\",\"isPartOf\":{\"@id\":\"https:\\\/\\\/inzynier.rzeszow.pl\\\/#website\"},\"primaryImageOfPage\":{\"@id\":\"https:\\\/\\\/inzynier.rzeszow.pl\\\/index.php\\\/2025\\\/05\\\/25\\\/spotkanie-informacyjno-integracyjne-czlonkow-naszej-izby-z-terenu-miasta-krosna-i-powiatu-krosnienskiego\\\/#primaryimage\"},\"image\":{\"@id\":\"https:\\\/\\\/inzynier.rzeszow.pl\\\/index.php\\\/2025\\\/05\\\/25\\\/spotkanie-informacyjno-integracyjne-czlonkow-naszej-izby-z-terenu-miasta-krosna-i-powiatu-krosnienskiego\\\/#primaryimage\"},\"thumbnailUrl\":\"https:\\\/\\\/inzynier.rzeszow.pl\\\/wp-content\\\/uploads\\\/2025\\\/05\\\/obraz_2026-01-28_163500937.png\",\"datePublished\":\"2025-05-25T12:17:13+00:00\",\"dateModified\":\"2026-02-13T13:42:04+00:00\",\"author\":{\"@id\":\"https:\\\/\\\/inzynier.rzeszow.pl\\\/#\\\/schema\\\/person\\\/21ca162d893bdc5760a95d704e9b1e39\"},\"breadcrumb\":{\"@id\":\"https:\\\/\\\/inzynier.rzeszow.pl\\\/index.php\\\/2025\\\/05\\\/25\\\/spotkanie-informacyjno-integracyjne-czlonkow-naszej-izby-z-terenu-miasta-krosna-i-powiatu-krosnienskiego\\\/#breadcrumb\"},\"inLanguage\":\"pl-PL\",\"potentialAction\":[{\"@type\":\"ReadAction\",\"target\":[\"https:\\\/\\\/inzynier.rzeszow.pl\\\/index.php\\\/2025\\\/05\\\/25\\\/spotkanie-informacyjno-integracyjne-czlonkow-naszej-izby-z-terenu-miasta-krosna-i-powiatu-krosnienskiego\\\/\"]}]},{\"@type\":\"ImageObject\",\"inLanguage\":\"pl-PL\",\"@id\":\"https:\\\/\\\/inzynier.rzeszow.pl\\\/index.php\\\/2025\\\/05\\\/25\\\/spotkanie-informacyjno-integracyjne-czlonkow-naszej-izby-z-terenu-miasta-krosna-i-powiatu-krosnienskiego\\\/#primaryimage\",\"url\":\"https:\\\/\\\/inzynier.rzeszow.pl\\\/wp-content\\\/uploads\\\/2025\\\/05\\\/obraz_2026-01-28_163500937.png\",\"contentUrl\":\"https:\\\/\\\/inzynier.rzeszow.pl\\\/wp-content\\\/uploads\\\/2025\\\/05\\\/obraz_2026-01-28_163500937.png\",\"width\":769,\"height\":1024},{\"@type\":\"BreadcrumbList\",\"@id\":\"https:\\\/\\\/inzynier.rzeszow.pl\\\/index.php\\\/2025\\\/05\\\/25\\\/spotkanie-informacyjno-integracyjne-czlonkow-naszej-izby-z-terenu-miasta-krosna-i-powiatu-krosnienskiego\\\/#breadcrumb\",\"itemListElement\":[{\"@type\":\"ListItem\",\"position\":1,\"name\":\"Strona g\u0142\u00f3wna\",\"item\":\"https:\\\/\\\/inzynier.rzeszow.pl\\\/\"},{\"@type\":\"ListItem\",\"position\":2,\"name\":\"Spotkanie informacyjno-integracyjne cz\u0142onk\u00f3w naszej Izby z terenu miasta Krosna i powiatu kro\u015bnie\u0144skiego\"}]},{\"@type\":\"WebSite\",\"@id\":\"https:\\\/\\\/inzynier.rzeszow.pl\\\/#website\",\"url\":\"https:\\\/\\\/inzynier.rzeszow.pl\\\/\",\"name\":\"Podkarpacka Okregowa Izba Inzynierow Budownictwa\",\"description\":\"\",\"potentialAction\":[{\"@type\":\"SearchAction\",\"target\":{\"@type\":\"EntryPoint\",\"urlTemplate\":\"https:\\\/\\\/inzynier.rzeszow.pl\\\/?s={search_term_string}\"},\"query-input\":{\"@type\":\"PropertyValueSpecification\",\"valueRequired\":true,\"valueName\":\"search_term_string\"}}],\"inLanguage\":\"pl-PL\"},{\"@type\":\"Person\",\"@id\":\"https:\\\/\\\/inzynier.rzeszow.pl\\\/#\\\/schema\\\/person\\\/21ca162d893bdc5760a95d704e9b1e39\",\"name\":\"admin\",\"image\":{\"@type\":\"ImageObject\",\"inLanguage\":\"pl-PL\",\"@id\":\"https:\\\/\\\/secure.gravatar.com\\\/avatar\\\/d5d1959f10b94c8abcf928274f8bb5b8c7370b0dfadb0590911bacad18965f21?s=96&d=mm&r=g\",\"url\":\"https:\\\/\\\/secure.gravatar.com\\\/avatar\\\/d5d1959f10b94c8abcf928274f8bb5b8c7370b0dfadb0590911bacad18965f21?s=96&d=mm&r=g\",\"contentUrl\":\"https:\\\/\\\/secure.gravatar.com\\\/avatar\\\/d5d1959f10b94c8abcf928274f8bb5b8c7370b0dfadb0590911bacad18965f21?s=96&d=mm&r=g\",\"caption\":\"admin\"},\"sameAs\":[\"https:\\\/\\\/migracja.inzynier.rzeszow.pl\"],\"url\":\"https:\\\/\\\/inzynier.rzeszow.pl\\\/index.php\\\/author\\\/kwojcik\\\/\"}]}<\/script>\n<!-- \/ Yoast SEO plugin. -->","yoast_head_json":{"title":"Spotkanie informacyjno-integracyjne cz\u0142onk\u00f3w naszej Izby z terenu miasta Krosna i powiatu kro\u015bnie\u0144skiego - Podkarpacka Okregowa Izba Inzynierow Budownictwa","robots":{"index":"index","follow":"follow","max-snippet":"max-snippet:-1","max-image-preview":"max-image-preview:large","max-video-preview":"max-video-preview:-1"},"canonical":"https:\/\/inzynier.rzeszow.pl\/index.php\/2025\/05\/25\/spotkanie-informacyjno-integracyjne-czlonkow-naszej-izby-z-terenu-miasta-krosna-i-powiatu-krosnienskiego\/","og_locale":"pl_PL","og_type":"article","og_title":"Spotkanie informacyjno-integracyjne cz\u0142onk\u00f3w naszej Izby z terenu miasta Krosna i powiatu kro\u015bnie\u0144skiego - Podkarpacka Okregowa Izba Inzynierow Budownictwa","og_description":"W dniu 23 maja 2025 roku odby\u0142o si\u0119 spotkanie informacyjno \u2013 integracyjne cz\u0142onk\u00f3w naszej Izby z okr\u0119gu kro\u015bnie\u0144skiego.\u00a0Spotkanie rozpocz\u0119\u0142o si\u0119 [&hellip;]","og_url":"https:\/\/inzynier.rzeszow.pl\/index.php\/2025\/05\/25\/spotkanie-informacyjno-integracyjne-czlonkow-naszej-izby-z-terenu-miasta-krosna-i-powiatu-krosnienskiego\/","og_site_name":"Podkarpacka Okregowa Izba Inzynierow Budownictwa","article_published_time":"2025-05-25T12:17:13+00:00","article_modified_time":"2026-02-13T13:42:04+00:00","og_image":[{"width":769,"height":1024,"url":"https:\/\/inzynier.rzeszow.pl\/wp-content\/uploads\/2025\/05\/obraz_2026-01-28_163500937.png","type":"image\/png"}],"author":"admin","twitter_card":"summary_large_image","twitter_misc":{"Napisane przez":"admin","Szacowany czas czytania":"1 minuta"},"schema":{"@context":"https:\/\/schema.org","@graph":[{"@type":"Article","@id":"https:\/\/inzynier.rzeszow.pl\/index.php\/2025\/05\/25\/spotkanie-informacyjno-integracyjne-czlonkow-naszej-izby-z-terenu-miasta-krosna-i-powiatu-krosnienskiego\/#article","isPartOf":{"@id":"https:\/\/inzynier.rzeszow.pl\/index.php\/2025\/05\/25\/spotkanie-informacyjno-integracyjne-czlonkow-naszej-izby-z-terenu-miasta-krosna-i-powiatu-krosnienskiego\/"},"author":{"name":"admin","@id":"https:\/\/inzynier.rzeszow.pl\/#\/schema\/person\/21ca162d893bdc5760a95d704e9b1e39"},"headline":"Spotkanie informacyjno-integracyjne cz\u0142onk\u00f3w naszej Izby z terenu miasta Krosna i powiatu kro\u015bnie\u0144skiego","datePublished":"2025-05-25T12:17:13+00:00","dateModified":"2026-02-13T13:42:04+00:00","mainEntityOfPage":{"@id":"https:\/\/inzynier.rzeszow.pl\/index.php\/2025\/05\/25\/spotkanie-informacyjno-integracyjne-czlonkow-naszej-izby-z-terenu-miasta-krosna-i-powiatu-krosnienskiego\/"},"wordCount":280,"image":{"@id":"https:\/\/inzynier.rzeszow.pl\/index.php\/2025\/05\/25\/spotkanie-informacyjno-integracyjne-czlonkow-naszej-izby-z-terenu-miasta-krosna-i-powiatu-krosnienskiego\/#primaryimage"},"thumbnailUrl":"https:\/\/inzynier.rzeszow.pl\/wp-content\/uploads\/2025\/05\/obraz_2026-01-28_163500937.png","articleSection":["Wydarzenia","Z \u017cycia izby","Z \u017cycia Izby Rok 2025"],"inLanguage":"pl-PL"},{"@type":"WebPage","@id":"https:\/\/inzynier.rzeszow.pl\/index.php\/2025\/05\/25\/spotkanie-informacyjno-integracyjne-czlonkow-naszej-izby-z-terenu-miasta-krosna-i-powiatu-krosnienskiego\/","url":"https:\/\/inzynier.rzeszow.pl\/index.php\/2025\/05\/25\/spotkanie-informacyjno-integracyjne-czlonkow-naszej-izby-z-terenu-miasta-krosna-i-powiatu-krosnienskiego\/","name":"Spotkanie informacyjno-integracyjne cz\u0142onk\u00f3w naszej Izby z terenu miasta Krosna i powiatu kro\u015bnie\u0144skiego - Podkarpacka Okregowa Izba Inzynierow Budownictwa","isPartOf":{"@id":"https:\/\/inzynier.rzeszow.pl\/#website"},"primaryImageOfPage":{"@id":"https:\/\/inzynier.rzeszow.pl\/index.php\/2025\/05\/25\/spotkanie-informacyjno-integracyjne-czlonkow-naszej-izby-z-terenu-miasta-krosna-i-powiatu-krosnienskiego\/#primaryimage"},"image":{"@id":"https:\/\/inzynier.rzeszow.pl\/index.php\/2025\/05\/25\/spotkanie-informacyjno-integracyjne-czlonkow-naszej-izby-z-terenu-miasta-krosna-i-powiatu-krosnienskiego\/#primaryimage"},"thumbnailUrl":"https:\/\/inzynier.rzeszow.pl\/wp-content\/uploads\/2025\/05\/obraz_2026-01-28_163500937.png","datePublished":"2025-05-25T12:17:13+00:00","dateModified":"2026-02-13T13:42:04+00:00","author":{"@id":"https:\/\/inzynier.rzeszow.pl\/#\/schema\/person\/21ca162d893bdc5760a95d704e9b1e39"},"breadcrumb":{"@id":"https:\/\/inzynier.rzeszow.pl\/index.php\/2025\/05\/25\/spotkanie-informacyjno-integracyjne-czlonkow-naszej-izby-z-terenu-miasta-krosna-i-powiatu-krosnienskiego\/#breadcrumb"},"inLanguage":"pl-PL","potentialAction":[{"@type":"ReadAction","target":["https:\/\/inzynier.rzeszow.pl\/index.php\/2025\/05\/25\/spotkanie-informacyjno-integracyjne-czlonkow-naszej-izby-z-terenu-miasta-krosna-i-powiatu-krosnienskiego\/"]}]},{"@type":"ImageObject","inLanguage":"pl-PL","@id":"https:\/\/inzynier.rzeszow.pl\/index.php\/2025\/05\/25\/spotkanie-informacyjno-integracyjne-czlonkow-naszej-izby-z-terenu-miasta-krosna-i-powiatu-krosnienskiego\/#primaryimage","url":"https:\/\/inzynier.rzeszow.pl\/wp-content\/uploads\/2025\/05\/obraz_2026-01-28_163500937.png","contentUrl":"https:\/\/inzynier.rzeszow.pl\/wp-content\/uploads\/2025\/05\/obraz_2026-01-28_163500937.png","width":769,"height":1024},{"@type":"BreadcrumbList","@id":"https:\/\/inzynier.rzeszow.pl\/index.php\/2025\/05\/25\/spotkanie-informacyjno-integracyjne-czlonkow-naszej-izby-z-terenu-miasta-krosna-i-powiatu-krosnienskiego\/#breadcrumb","itemListElement":[{"@type":"ListItem","position":1,"name":"Strona g\u0142\u00f3wna","item":"https:\/\/inzynier.rzeszow.pl\/"},{"@type":"ListItem","position":2,"name":"Spotkanie informacyjno-integracyjne cz\u0142onk\u00f3w naszej Izby z terenu miasta Krosna i powiatu kro\u015bnie\u0144skiego"}]},{"@type":"WebSite","@id":"https:\/\/inzynier.rzeszow.pl\/#website","url":"https:\/\/inzynier.rzeszow.pl\/","name":"Podkarpacka Okregowa Izba Inzynierow Budownictwa","description":"","potentialAction":[{"@type":"SearchAction","target":{"@type":"EntryPoint","urlTemplate":"https:\/\/inzynier.rzeszow.pl\/?s={search_term_string}"},"query-input":{"@type":"PropertyValueSpecification","valueRequired":true,"valueName":"search_term_string"}}],"inLanguage":"pl-PL"},{"@type":"Person","@id":"https:\/\/inzynier.rzeszow.pl\/#\/schema\/person\/21ca162d893bdc5760a95d704e9b1e39","name":"admin","image":{"@type":"ImageObject","inLanguage":"pl-PL","@id":"https:\/\/secure.gravatar.com\/avatar\/d5d1959f10b94c8abcf928274f8bb5b8c7370b0dfadb0590911bacad18965f21?s=96&d=mm&r=g","url":"https:\/\/secure.gravatar.com\/avatar\/d5d1959f10b94c8abcf928274f8bb5b8c7370b0dfadb0590911bacad18965f21?s=96&d=mm&r=g","contentUrl":"https:\/\/secure.gravatar.com\/avatar\/d5d1959f10b94c8abcf928274f8bb5b8c7370b0dfadb0590911bacad18965f21?s=96&d=mm&r=g","caption":"admin"},"sameAs":["https:\/\/migracja.inzynier.rzeszow.pl"],"url":"https:\/\/inzynier.rzeszow.pl\/index.php\/author\/kwojcik\/"}]}},"rttpg_featured_image_url":{"full":["https:\/\/inzynier.rzeszow.pl\/wp-content\/uploads\/2025\/05\/obraz_2026-01-28_163500937.png",769,1024,false],"landscape":["https:\/\/inzynier.rzeszow.pl\/wp-content\/uploads\/2025\/05\/obraz_2026-01-28_163500937.png",769,1024,false],"portraits":["https:\/\/inzynier.rzeszow.pl\/wp-content\/uploads\/2025\/05\/obraz_2026-01-28_163500937.png",769,1024,false],"thumbnail":["https:\/\/inzynier.rzeszow.pl\/wp-content\/uploads\/2025\/05\/obraz_2026-01-28_163500937-150x150.png",150,150,true],"medium":["https:\/\/inzynier.rzeszow.pl\/wp-content\/uploads\/2025\/05\/obraz_2026-01-28_163500937-225x300.png",225,300,true],"large":["https:\/\/inzynier.rzeszow.pl\/wp-content\/uploads\/2025\/05\/obraz_2026-01-28_163500937.png",769,1024,false],"1536x1536":["https:\/\/inzynier.rzeszow.pl\/wp-content\/uploads\/2025\/05\/obraz_2026-01-28_163500937.png",769,1024,false],"2048x2048":["https:\/\/inzynier.rzeszow.pl\/wp-content\/uploads\/2025\/05\/obraz_2026-01-28_163500937.png",769,1024,false]},"rttpg_author":{"display_name":"admin","author_link":"https:\/\/inzynier.rzeszow.pl\/index.php\/author\/kwojcik\/"},"rttpg_comment":0,"rttpg_category":"<a href=\"https:\/\/inzynier.rzeszow.pl\/index.php\/category\/wydarzenia\/\" rel=\"category tag\">Wydarzenia<\/a> <a href=\"https:\/\/inzynier.rzeszow.pl\/index.php\/category\/z-zycia-izby\/\" rel=\"category tag\">Z \u017cycia izby<\/a> <a href=\"https:\/\/inzynier.rzeszow.pl\/index.php\/category\/z-zycia-izby\/z-zycia-izby-rok-2025\/\" rel=\"category tag\">Z \u017cycia Izby Rok 2025<\/a>","rttpg_excerpt":"W dniu 23 maja 2025 roku odby\u0142o si\u0119 spotkanie informacyjno \u2013 integracyjne cz\u0142onk\u00f3w naszej Izby z okr\u0119gu kro\u015bnie\u0144skiego.\u00a0Spotkanie rozpocz\u0119\u0142o si\u0119 [&hellip;]","_links":{"self":[{"href":"https:\/\/inzynier.rzeszow.pl\/index.php\/wp-json\/wp\/v2\/posts\/3203","targetHints":{"allow":["GET"]}}],"collection":[{"href":"https:\/\/inzynier.rzeszow.pl\/index.php\/wp-json\/wp\/v2\/posts"}],"about":[{"href":"https:\/\/inzynier.rzeszow.pl\/index.php\/wp-json\/wp\/v2\/types\/post"}],"author":[{"embeddable":true,"href":"https:\/\/inzynier.rzeszow.pl\/index.php\/wp-json\/wp\/v2\/users\/1"}],"replies":[{"embeddable":true,"href":"https:\/\/inzynier.rzeszow.pl\/index.php\/wp-json\/wp\/v2\/comments?post=3203"}],"version-history":[{"count":4,"href":"https:\/\/inzynier.rzeszow.pl\/index.php\/wp-json\/wp\/v2\/posts\/3203\/revisions"}],"predecessor-version":[{"id":3331,"href":"https:\/\/inzynier.rzeszow.pl\/index.php\/wp-json\/wp\/v2\/posts\/3203\/revisions\/3331"}],"wp:featuredmedia":[{"embeddable":true,"href":"https:\/\/inzynier.rzeszow.pl\/index.php\/wp-json\/wp\/v2\/media\/3324"}],"wp:attachment":[{"href":"https:\/\/inzynier.rzeszow.pl\/index.php\/wp-json\/wp\/v2\/media?parent=3203"}],"wp:term":[{"taxonomy":"category","embeddable":true,"href":"https:\/\/inzynier.rzeszow.pl\/index.php\/wp-json\/wp\/v2\/categories?post=3203"},{"taxonomy":"post_tag","embeddable":true,"href":"https:\/\/inzynier.rzeszow.pl\/index.php\/wp-json\/wp\/v2\/tags?post=3203"}],"curies":[{"name":"wp","href":"https:\/\/api.w.org\/{rel}","templated":true}]}}