{"id":3202,"date":"2025-05-11T10:34:10","date_gmt":"2025-05-11T10:34:10","guid":{"rendered":"https:\/\/migracja.inzynier.rzeszow.pl\/?p=3202"},"modified":"2026-02-13T13:42:04","modified_gmt":"2026-02-13T13:42:04","slug":"spotkanie-informacyjno-integracyjne-czlonkow-naszej-izby-z-terenu-powiatu-kolbuszowskiego","status":"publish","type":"post","link":"https:\/\/inzynier.rzeszow.pl\/index.php\/2025\/05\/11\/spotkanie-informacyjno-integracyjne-czlonkow-naszej-izby-z-terenu-powiatu-kolbuszowskiego\/","title":{"rendered":"Spotkanie informacyjno-integracyjne cz\u0142onk\u00f3w naszej Izby z terenu powiatu kolbuszowskiego"},"content":{"rendered":"\t\t<div data-elementor-type=\"wp-post\" data-elementor-id=\"3202\" class=\"elementor elementor-3202\" data-elementor-post-type=\"post\">\n\t\t\t\t<div class=\"elementor-element elementor-element-a86bb8d e-flex e-con-boxed e-con e-parent\" data-id=\"a86bb8d\" data-element_type=\"container\" data-e-type=\"container\">\n\t\t\t\t\t<div class=\"e-con-inner\">\n\t\t<div class=\"elementor-element elementor-element-410f3d0 e-con-full e-flex e-con e-child\" data-id=\"410f3d0\" data-element_type=\"container\" data-e-type=\"container\">\n\t\t<div class=\"elementor-element elementor-element-0161690 e-con-full e-flex e-con e-child\" data-id=\"0161690\" data-element_type=\"container\" data-e-type=\"container\">\n\t\t\t\t<div class=\"elementor-element elementor-element-833a258 elementor-widget elementor-widget-image\" data-id=\"833a258\" data-element_type=\"widget\" data-e-type=\"widget\" data-widget_type=\"image.default\">\n\t\t\t\t\t\t\t\t\t\t\t\t\t\t\t<img fetchpriority=\"high\" decoding=\"async\" width=\"1024\" height=\"768\" src=\"https:\/\/inzynier.rzeszow.pl\/wp-content\/uploads\/2025\/05\/obraz_2026-01-28_163853348.png\" class=\"attachment-large size-large wp-image-3333\" alt=\"\" srcset=\"https:\/\/inzynier.rzeszow.pl\/wp-content\/uploads\/2025\/05\/obraz_2026-01-28_163853348.png 1024w, https:\/\/inzynier.rzeszow.pl\/wp-content\/uploads\/2025\/05\/obraz_2026-01-28_163853348-300x225.png 300w, https:\/\/inzynier.rzeszow.pl\/wp-content\/uploads\/2025\/05\/obraz_2026-01-28_163853348-768x576.png 768w\" sizes=\"(max-width: 1024px) 100vw, 1024px\" \/>\t\t\t\t\t\t\t\t\t\t\t\t\t\t\t<\/div>\n\t\t\t\t<\/div>\n\t\t<div class=\"elementor-element elementor-element-ba0eba7 e-con-full e-flex e-con e-child\" data-id=\"ba0eba7\" data-element_type=\"container\" data-e-type=\"container\">\n\t\t\t\t<div class=\"elementor-element elementor-element-43c5e2f elementor-widget elementor-widget-text-editor\" data-id=\"43c5e2f\" data-element_type=\"widget\" data-e-type=\"widget\" data-widget_type=\"text-editor.default\">\n\t\t\t\t\t\t\t\t\t<p style=\"font-weight: 400;\">W dniu 9 maja 2025 r. w Restauracji \u201eWisienka\u201d w Kolbuszowej odby\u0142o si\u0119 jedenaste spotkanie informacyjno-integracyjne cz\u0142onk\u00f3w Podkarpackiej Okr\u0119gowej Izby In\u017cynier\u00f3w Budownictwa z powiatu kolbuszowskiego \u2013 wydarzenie, kt\u00f3re na sta\u0142e wpisa\u0142o si\u0119 w kalendarz \u015brodowiska in\u017cynierskiego regionu.<\/p><p>W spotkaniu z ramienia Izby wzi\u0105\u0142 udzia\u0142 przewodnicz\u0105cy OR PDK OIIB Grzegorz Dubik, zast\u0119pca przewodnicz\u0105cego OR PDK OIIB Wac\u0142aw Kami\u0144ski oraz otwieraj\u0105ca spotkanie sekretarz Okr\u0119gowej Rady PDK OIIB Liliana Serafin, kt\u00f3ra powita\u0142a licznie zgromadzonych cz\u0142onk\u00f3w samorz\u0105du zawodowego oraz przyby\u0142ych go\u015bci.<\/p><p style=\"font-weight: 400;\">W gronie obecnych nie zabrak\u0142o przedstawicieli lokalnych instytucji i urz\u0119d\u00f3w, takich jak: Zast\u0119pca Burmistrza Kolbuszowej Krzysztof W\u00f3jcicki, Powiatowy Inspektor Nadzoru Budowlanego w Kolbuszowej Teresa Skrzynecka- Skowron, Ekspert Nadzoru Budowlanego Agnieszka Wojdy\u0142o, Kierownik Wydzia\u0142u Architektury i Budownictwa Starostwa Powiatowego w Kolbuszowej Grzegorz\u00a0<\/p>\t\t\t\t\t\t\t\t<\/div>\n\t\t\t\t<\/div>\n\t\t\t\t<\/div>\n\t\t\t\t\t<\/div>\n\t\t\t\t<\/div>\n\t\t<div class=\"elementor-element elementor-element-2b2d875 e-con-full e-flex e-con e-parent\" data-id=\"2b2d875\" data-element_type=\"container\" data-e-type=\"container\">\n\t\t\t\t<div class=\"elementor-element elementor-element-27513f9 elementor-widget__width-initial elementor-widget elementor-widget-text-editor\" data-id=\"27513f9\" data-element_type=\"widget\" data-e-type=\"widget\" data-widget_type=\"text-editor.default\">\n\t\t\t\t\t\t\t\t\t<p style=\"font-weight: 400;\">Jaje, Inspektorzy Wydzia\u0142u Architektury i Budownictwa Starostwa Powiatowego w Kolbuszowej Agnieszka \u017barkowska i Andrzej Gil, Kierownik Referatu Inwestycji Gminnych Gmina Kolbuszowa Anna \u0141oboda.<\/p><p style=\"font-weight: 400;\">Tradycj\u0105 naszych spotka\u0144 integracyjnych jest uhonorowanie okoliczno\u015bciowym medalem nestor\u00f3w, lecz powiat kolbuszowski w tym roku okaza\u0142 si\u0119 wyj\u0105tkowo m\u0142ody duchem, dlatego z u\u015bmiechem czekamy na przysz\u0142y rok \u2013 mo\u017ce wtedy uda si\u0119 kogo\u015b zaskoczy\u0107 medalem seniora!<\/p><p style=\"font-weight: 400;\">Wydarzenie to, jak co roku, sta\u0142o si\u0119 okazj\u0105 do rozm\u00f3w, wymiany do\u015bwiadcze\u0144 oraz budowania wi\u0119zi \u015brodowiskowych w przyjaznej i serdecznej atmosferze.<br \/><br \/><strong><a href=\"https:\/\/www.facebook.com\/PodkarpackaOIIB\/posts\/pfbid02K9h1m73SguChpMQMK41G2w8nW8ditBYpCCzPg1MH3D6MVhoRizrHbgfoFmQcF53kl\">Galeria fotograficzna z spotkania informacyjno-integracyjnego cz\u0142onk\u00f3w naszej Izby z terenu powiatu kolbuszowskiego 09.05.2025 r. &gt;&gt;<\/a><\/strong><\/p><p style=\"font-weight: 400;\">Organizatorzy:<br \/>Liliana Serafin<br \/>Bogus\u0142aw Januszek<br \/>fot.: uczestnicy<\/p>\t\t\t\t\t\t\t\t<\/div>\n\t\t\t\t<div class=\"elementor-element elementor-element-88b7f7b elementor-widget__width-initial elementor-widget elementor-widget-image\" data-id=\"88b7f7b\" data-element_type=\"widget\" data-e-type=\"widget\" data-widget_type=\"image.default\">\n\t\t\t\t\t\t\t\t\t\t\t\t\t\t\t<img decoding=\"async\" width=\"1024\" height=\"768\" src=\"https:\/\/inzynier.rzeszow.pl\/wp-content\/uploads\/2025\/05\/obraz_2026-01-28_164019293.png\" class=\"attachment-large size-large wp-image-3334\" alt=\"\" srcset=\"https:\/\/inzynier.rzeszow.pl\/wp-content\/uploads\/2025\/05\/obraz_2026-01-28_164019293.png 1024w, https:\/\/inzynier.rzeszow.pl\/wp-content\/uploads\/2025\/05\/obraz_2026-01-28_164019293-300x225.png 300w, https:\/\/inzynier.rzeszow.pl\/wp-content\/uploads\/2025\/05\/obraz_2026-01-28_164019293-768x576.png 768w\" sizes=\"(max-width: 1024px) 100vw, 1024px\" \/>\t\t\t\t\t\t\t\t\t\t\t\t\t\t\t<\/div>\n\t\t\t\t<\/div>\n\t\t\t\t<\/div>\n\t\t","protected":false},"excerpt":{"rendered":"<p>W dniu 9 maja 2025 r. w Restauracji \u201eWisienka\u201d w Kolbuszowej odby\u0142o si\u0119 jedenaste spotkanie informacyjno-integracyjne cz\u0142onk\u00f3w Podkarpackiej Okr\u0119gowej Izby [&hellip;]<\/p>\n","protected":false},"author":1,"featured_media":3333,"comment_status":"closed","ping_status":"closed","sticky":false,"template":"","format":"standard","meta":{"site-sidebar-layout":"default","site-content-layout":"","ast-site-content-layout":"default","site-content-style":"default","site-sidebar-style":"default","ast-global-header-display":"","ast-banner-title-visibility":"","ast-main-header-display":"","ast-hfb-above-header-display":"","ast-hfb-below-header-display":"","ast-hfb-mobile-header-display":"","site-post-title":"","ast-breadcrumbs-content":"","ast-featured-img":"","footer-sml-layout":"","ast-disable-related-posts":"","theme-transparent-header-meta":"","adv-header-id-meta":"","stick-header-meta":"","header-above-stick-meta":"","header-main-stick-meta":"","header-below-stick-meta":"","astra-migrate-meta-layouts":"default","ast-page-background-enabled":"default","ast-page-background-meta":{"desktop":{"background-color":"var(--ast-global-color-5)","background-image":"","background-repeat":"repeat","background-position":"center center","background-size":"auto","background-attachment":"scroll","background-type":"","background-media":"","overlay-type":"","overlay-color":"","overlay-opacity":"","overlay-gradient":""},"tablet":{"background-color":"","background-image":"","background-repeat":"repeat","background-position":"center center","background-size":"auto","background-attachment":"scroll","background-type":"","background-media":"","overlay-type":"","overlay-color":"","overlay-opacity":"","overlay-gradient":""},"mobile":{"background-color":"","background-image":"","background-repeat":"repeat","background-position":"center center","background-size":"auto","background-attachment":"scroll","background-type":"","background-media":"","overlay-type":"","overlay-color":"","overlay-opacity":"","overlay-gradient":""}},"ast-content-background-meta":{"desktop":{"background-color":"var(--ast-global-color-4)","background-image":"","background-repeat":"repeat","background-position":"center center","background-size":"auto","background-attachment":"scroll","background-type":"","background-media":"","overlay-type":"","overlay-color":"","overlay-opacity":"","overlay-gradient":""},"tablet":{"background-color":"var(--ast-global-color-4)","background-image":"","background-repeat":"repeat","background-position":"center center","background-size":"auto","background-attachment":"scroll","background-type":"","background-media":"","overlay-type":"","overlay-color":"","overlay-opacity":"","overlay-gradient":""},"mobile":{"background-color":"var(--ast-global-color-4)","background-image":"","background-repeat":"repeat","background-position":"center center","background-size":"auto","background-attachment":"scroll","background-type":"","background-media":"","overlay-type":"","overlay-color":"","overlay-opacity":"","overlay-gradient":""}},"footnotes":""},"categories":[7,16,55],"tags":[],"class_list":["post-3202","post","type-post","status-publish","format-standard","has-post-thumbnail","hentry","category-wydarzenia","category-z-zycia-izby","category-z-zycia-izby-rok-2025"],"yoast_head":"<!-- This site is optimized with the Yoast SEO plugin v27.5 - https:\/\/yoast.com\/product\/yoast-seo-wordpress\/ -->\n<title>Spotkanie informacyjno-integracyjne cz\u0142onk\u00f3w naszej Izby z terenu powiatu kolbuszowskiego - Podkarpacka Okregowa Izba Inzynierow Budownictwa<\/title>\n<meta name=\"robots\" content=\"index, follow, max-snippet:-1, max-image-preview:large, max-video-preview:-1\" \/>\n<link rel=\"canonical\" href=\"https:\/\/inzynier.rzeszow.pl\/index.php\/2025\/05\/11\/spotkanie-informacyjno-integracyjne-czlonkow-naszej-izby-z-terenu-powiatu-kolbuszowskiego\/\" \/>\n<meta property=\"og:locale\" content=\"pl_PL\" \/>\n<meta property=\"og:type\" content=\"article\" \/>\n<meta property=\"og:title\" content=\"Spotkanie informacyjno-integracyjne cz\u0142onk\u00f3w naszej Izby z terenu powiatu kolbuszowskiego - Podkarpacka Okregowa Izba Inzynierow Budownictwa\" \/>\n<meta property=\"og:description\" content=\"W dniu 9 maja 2025 r. w Restauracji \u201eWisienka\u201d w Kolbuszowej odby\u0142o si\u0119 jedenaste spotkanie informacyjno-integracyjne cz\u0142onk\u00f3w Podkarpackiej Okr\u0119gowej Izby [&hellip;]\" \/>\n<meta property=\"og:url\" content=\"https:\/\/inzynier.rzeszow.pl\/index.php\/2025\/05\/11\/spotkanie-informacyjno-integracyjne-czlonkow-naszej-izby-z-terenu-powiatu-kolbuszowskiego\/\" \/>\n<meta property=\"og:site_name\" content=\"Podkarpacka Okregowa Izba Inzynierow Budownictwa\" \/>\n<meta property=\"article:published_time\" content=\"2025-05-11T10:34:10+00:00\" \/>\n<meta property=\"article:modified_time\" content=\"2026-02-13T13:42:04+00:00\" \/>\n<meta property=\"og:image\" content=\"https:\/\/inzynier.rzeszow.pl\/wp-content\/uploads\/2025\/05\/obraz_2026-01-28_163853348.png\" \/>\n\t<meta property=\"og:image:width\" content=\"1024\" \/>\n\t<meta property=\"og:image:height\" content=\"768\" \/>\n\t<meta property=\"og:image:type\" content=\"image\/png\" \/>\n<meta name=\"author\" content=\"admin\" \/>\n<meta name=\"twitter:card\" content=\"summary_large_image\" \/>\n<meta name=\"twitter:label1\" content=\"Napisane przez\" \/>\n\t<meta name=\"twitter:data1\" content=\"admin\" \/>\n\t<meta name=\"twitter:label2\" content=\"Szacowany czas czytania\" \/>\n\t<meta name=\"twitter:data2\" content=\"1 minuta\" \/>\n<script type=\"application\/ld+json\" class=\"yoast-schema-graph\">{\"@context\":\"https:\\\/\\\/schema.org\",\"@graph\":[{\"@type\":\"Article\",\"@id\":\"https:\\\/\\\/inzynier.rzeszow.pl\\\/index.php\\\/2025\\\/05\\\/11\\\/spotkanie-informacyjno-integracyjne-czlonkow-naszej-izby-z-terenu-powiatu-kolbuszowskiego\\\/#article\",\"isPartOf\":{\"@id\":\"https:\\\/\\\/inzynier.rzeszow.pl\\\/index.php\\\/2025\\\/05\\\/11\\\/spotkanie-informacyjno-integracyjne-czlonkow-naszej-izby-z-terenu-powiatu-kolbuszowskiego\\\/\"},\"author\":{\"name\":\"admin\",\"@id\":\"https:\\\/\\\/inzynier.rzeszow.pl\\\/#\\\/schema\\\/person\\\/21ca162d893bdc5760a95d704e9b1e39\"},\"headline\":\"Spotkanie informacyjno-integracyjne cz\u0142onk\u00f3w naszej Izby z terenu powiatu kolbuszowskiego\",\"datePublished\":\"2025-05-11T10:34:10+00:00\",\"dateModified\":\"2026-02-13T13:42:04+00:00\",\"mainEntityOfPage\":{\"@id\":\"https:\\\/\\\/inzynier.rzeszow.pl\\\/index.php\\\/2025\\\/05\\\/11\\\/spotkanie-informacyjno-integracyjne-czlonkow-naszej-izby-z-terenu-powiatu-kolbuszowskiego\\\/\"},\"wordCount\":271,\"image\":{\"@id\":\"https:\\\/\\\/inzynier.rzeszow.pl\\\/index.php\\\/2025\\\/05\\\/11\\\/spotkanie-informacyjno-integracyjne-czlonkow-naszej-izby-z-terenu-powiatu-kolbuszowskiego\\\/#primaryimage\"},\"thumbnailUrl\":\"https:\\\/\\\/inzynier.rzeszow.pl\\\/wp-content\\\/uploads\\\/2025\\\/05\\\/obraz_2026-01-28_163853348.png\",\"articleSection\":[\"Wydarzenia\",\"Z \u017cycia izby\",\"Z \u017cycia Izby Rok 2025\"],\"inLanguage\":\"pl-PL\"},{\"@type\":\"WebPage\",\"@id\":\"https:\\\/\\\/inzynier.rzeszow.pl\\\/index.php\\\/2025\\\/05\\\/11\\\/spotkanie-informacyjno-integracyjne-czlonkow-naszej-izby-z-terenu-powiatu-kolbuszowskiego\\\/\",\"url\":\"https:\\\/\\\/inzynier.rzeszow.pl\\\/index.php\\\/2025\\\/05\\\/11\\\/spotkanie-informacyjno-integracyjne-czlonkow-naszej-izby-z-terenu-powiatu-kolbuszowskiego\\\/\",\"name\":\"Spotkanie informacyjno-integracyjne cz\u0142onk\u00f3w naszej Izby z terenu powiatu kolbuszowskiego - Podkarpacka Okregowa Izba Inzynierow Budownictwa\",\"isPartOf\":{\"@id\":\"https:\\\/\\\/inzynier.rzeszow.pl\\\/#website\"},\"primaryImageOfPage\":{\"@id\":\"https:\\\/\\\/inzynier.rzeszow.pl\\\/index.php\\\/2025\\\/05\\\/11\\\/spotkanie-informacyjno-integracyjne-czlonkow-naszej-izby-z-terenu-powiatu-kolbuszowskiego\\\/#primaryimage\"},\"image\":{\"@id\":\"https:\\\/\\\/inzynier.rzeszow.pl\\\/index.php\\\/2025\\\/05\\\/11\\\/spotkanie-informacyjno-integracyjne-czlonkow-naszej-izby-z-terenu-powiatu-kolbuszowskiego\\\/#primaryimage\"},\"thumbnailUrl\":\"https:\\\/\\\/inzynier.rzeszow.pl\\\/wp-content\\\/uploads\\\/2025\\\/05\\\/obraz_2026-01-28_163853348.png\",\"datePublished\":\"2025-05-11T10:34:10+00:00\",\"dateModified\":\"2026-02-13T13:42:04+00:00\",\"author\":{\"@id\":\"https:\\\/\\\/inzynier.rzeszow.pl\\\/#\\\/schema\\\/person\\\/21ca162d893bdc5760a95d704e9b1e39\"},\"breadcrumb\":{\"@id\":\"https:\\\/\\\/inzynier.rzeszow.pl\\\/index.php\\\/2025\\\/05\\\/11\\\/spotkanie-informacyjno-integracyjne-czlonkow-naszej-izby-z-terenu-powiatu-kolbuszowskiego\\\/#breadcrumb\"},\"inLanguage\":\"pl-PL\",\"potentialAction\":[{\"@type\":\"ReadAction\",\"target\":[\"https:\\\/\\\/inzynier.rzeszow.pl\\\/index.php\\\/2025\\\/05\\\/11\\\/spotkanie-informacyjno-integracyjne-czlonkow-naszej-izby-z-terenu-powiatu-kolbuszowskiego\\\/\"]}]},{\"@type\":\"ImageObject\",\"inLanguage\":\"pl-PL\",\"@id\":\"https:\\\/\\\/inzynier.rzeszow.pl\\\/index.php\\\/2025\\\/05\\\/11\\\/spotkanie-informacyjno-integracyjne-czlonkow-naszej-izby-z-terenu-powiatu-kolbuszowskiego\\\/#primaryimage\",\"url\":\"https:\\\/\\\/inzynier.rzeszow.pl\\\/wp-content\\\/uploads\\\/2025\\\/05\\\/obraz_2026-01-28_163853348.png\",\"contentUrl\":\"https:\\\/\\\/inzynier.rzeszow.pl\\\/wp-content\\\/uploads\\\/2025\\\/05\\\/obraz_2026-01-28_163853348.png\",\"width\":1024,\"height\":768},{\"@type\":\"BreadcrumbList\",\"@id\":\"https:\\\/\\\/inzynier.rzeszow.pl\\\/index.php\\\/2025\\\/05\\\/11\\\/spotkanie-informacyjno-integracyjne-czlonkow-naszej-izby-z-terenu-powiatu-kolbuszowskiego\\\/#breadcrumb\",\"itemListElement\":[{\"@type\":\"ListItem\",\"position\":1,\"name\":\"Strona g\u0142\u00f3wna\",\"item\":\"https:\\\/\\\/inzynier.rzeszow.pl\\\/\"},{\"@type\":\"ListItem\",\"position\":2,\"name\":\"Spotkanie informacyjno-integracyjne cz\u0142onk\u00f3w naszej Izby z terenu powiatu kolbuszowskiego\"}]},{\"@type\":\"WebSite\",\"@id\":\"https:\\\/\\\/inzynier.rzeszow.pl\\\/#website\",\"url\":\"https:\\\/\\\/inzynier.rzeszow.pl\\\/\",\"name\":\"Podkarpacka Okregowa Izba Inzynierow Budownictwa\",\"description\":\"\",\"potentialAction\":[{\"@type\":\"SearchAction\",\"target\":{\"@type\":\"EntryPoint\",\"urlTemplate\":\"https:\\\/\\\/inzynier.rzeszow.pl\\\/?s={search_term_string}\"},\"query-input\":{\"@type\":\"PropertyValueSpecification\",\"valueRequired\":true,\"valueName\":\"search_term_string\"}}],\"inLanguage\":\"pl-PL\"},{\"@type\":\"Person\",\"@id\":\"https:\\\/\\\/inzynier.rzeszow.pl\\\/#\\\/schema\\\/person\\\/21ca162d893bdc5760a95d704e9b1e39\",\"name\":\"admin\",\"image\":{\"@type\":\"ImageObject\",\"inLanguage\":\"pl-PL\",\"@id\":\"https:\\\/\\\/secure.gravatar.com\\\/avatar\\\/d5d1959f10b94c8abcf928274f8bb5b8c7370b0dfadb0590911bacad18965f21?s=96&d=mm&r=g\",\"url\":\"https:\\\/\\\/secure.gravatar.com\\\/avatar\\\/d5d1959f10b94c8abcf928274f8bb5b8c7370b0dfadb0590911bacad18965f21?s=96&d=mm&r=g\",\"contentUrl\":\"https:\\\/\\\/secure.gravatar.com\\\/avatar\\\/d5d1959f10b94c8abcf928274f8bb5b8c7370b0dfadb0590911bacad18965f21?s=96&d=mm&r=g\",\"caption\":\"admin\"},\"sameAs\":[\"https:\\\/\\\/migracja.inzynier.rzeszow.pl\"],\"url\":\"https:\\\/\\\/inzynier.rzeszow.pl\\\/index.php\\\/author\\\/kwojcik\\\/\"}]}<\/script>\n<!-- \/ Yoast SEO plugin. -->","yoast_head_json":{"title":"Spotkanie informacyjno-integracyjne cz\u0142onk\u00f3w naszej Izby z terenu powiatu kolbuszowskiego - Podkarpacka Okregowa Izba Inzynierow Budownictwa","robots":{"index":"index","follow":"follow","max-snippet":"max-snippet:-1","max-image-preview":"max-image-preview:large","max-video-preview":"max-video-preview:-1"},"canonical":"https:\/\/inzynier.rzeszow.pl\/index.php\/2025\/05\/11\/spotkanie-informacyjno-integracyjne-czlonkow-naszej-izby-z-terenu-powiatu-kolbuszowskiego\/","og_locale":"pl_PL","og_type":"article","og_title":"Spotkanie informacyjno-integracyjne cz\u0142onk\u00f3w naszej Izby z terenu powiatu kolbuszowskiego - Podkarpacka Okregowa Izba Inzynierow Budownictwa","og_description":"W dniu 9 maja 2025 r. w Restauracji \u201eWisienka\u201d w Kolbuszowej odby\u0142o si\u0119 jedenaste spotkanie informacyjno-integracyjne cz\u0142onk\u00f3w Podkarpackiej Okr\u0119gowej Izby [&hellip;]","og_url":"https:\/\/inzynier.rzeszow.pl\/index.php\/2025\/05\/11\/spotkanie-informacyjno-integracyjne-czlonkow-naszej-izby-z-terenu-powiatu-kolbuszowskiego\/","og_site_name":"Podkarpacka Okregowa Izba Inzynierow Budownictwa","article_published_time":"2025-05-11T10:34:10+00:00","article_modified_time":"2026-02-13T13:42:04+00:00","og_image":[{"width":1024,"height":768,"url":"https:\/\/inzynier.rzeszow.pl\/wp-content\/uploads\/2025\/05\/obraz_2026-01-28_163853348.png","type":"image\/png"}],"author":"admin","twitter_card":"summary_large_image","twitter_misc":{"Napisane przez":"admin","Szacowany czas czytania":"1 minuta"},"schema":{"@context":"https:\/\/schema.org","@graph":[{"@type":"Article","@id":"https:\/\/inzynier.rzeszow.pl\/index.php\/2025\/05\/11\/spotkanie-informacyjno-integracyjne-czlonkow-naszej-izby-z-terenu-powiatu-kolbuszowskiego\/#article","isPartOf":{"@id":"https:\/\/inzynier.rzeszow.pl\/index.php\/2025\/05\/11\/spotkanie-informacyjno-integracyjne-czlonkow-naszej-izby-z-terenu-powiatu-kolbuszowskiego\/"},"author":{"name":"admin","@id":"https:\/\/inzynier.rzeszow.pl\/#\/schema\/person\/21ca162d893bdc5760a95d704e9b1e39"},"headline":"Spotkanie informacyjno-integracyjne cz\u0142onk\u00f3w naszej Izby z terenu powiatu kolbuszowskiego","datePublished":"2025-05-11T10:34:10+00:00","dateModified":"2026-02-13T13:42:04+00:00","mainEntityOfPage":{"@id":"https:\/\/inzynier.rzeszow.pl\/index.php\/2025\/05\/11\/spotkanie-informacyjno-integracyjne-czlonkow-naszej-izby-z-terenu-powiatu-kolbuszowskiego\/"},"wordCount":271,"image":{"@id":"https:\/\/inzynier.rzeszow.pl\/index.php\/2025\/05\/11\/spotkanie-informacyjno-integracyjne-czlonkow-naszej-izby-z-terenu-powiatu-kolbuszowskiego\/#primaryimage"},"thumbnailUrl":"https:\/\/inzynier.rzeszow.pl\/wp-content\/uploads\/2025\/05\/obraz_2026-01-28_163853348.png","articleSection":["Wydarzenia","Z \u017cycia izby","Z \u017cycia Izby Rok 2025"],"inLanguage":"pl-PL"},{"@type":"WebPage","@id":"https:\/\/inzynier.rzeszow.pl\/index.php\/2025\/05\/11\/spotkanie-informacyjno-integracyjne-czlonkow-naszej-izby-z-terenu-powiatu-kolbuszowskiego\/","url":"https:\/\/inzynier.rzeszow.pl\/index.php\/2025\/05\/11\/spotkanie-informacyjno-integracyjne-czlonkow-naszej-izby-z-terenu-powiatu-kolbuszowskiego\/","name":"Spotkanie informacyjno-integracyjne cz\u0142onk\u00f3w naszej Izby z terenu powiatu kolbuszowskiego - Podkarpacka Okregowa Izba Inzynierow Budownictwa","isPartOf":{"@id":"https:\/\/inzynier.rzeszow.pl\/#website"},"primaryImageOfPage":{"@id":"https:\/\/inzynier.rzeszow.pl\/index.php\/2025\/05\/11\/spotkanie-informacyjno-integracyjne-czlonkow-naszej-izby-z-terenu-powiatu-kolbuszowskiego\/#primaryimage"},"image":{"@id":"https:\/\/inzynier.rzeszow.pl\/index.php\/2025\/05\/11\/spotkanie-informacyjno-integracyjne-czlonkow-naszej-izby-z-terenu-powiatu-kolbuszowskiego\/#primaryimage"},"thumbnailUrl":"https:\/\/inzynier.rzeszow.pl\/wp-content\/uploads\/2025\/05\/obraz_2026-01-28_163853348.png","datePublished":"2025-05-11T10:34:10+00:00","dateModified":"2026-02-13T13:42:04+00:00","author":{"@id":"https:\/\/inzynier.rzeszow.pl\/#\/schema\/person\/21ca162d893bdc5760a95d704e9b1e39"},"breadcrumb":{"@id":"https:\/\/inzynier.rzeszow.pl\/index.php\/2025\/05\/11\/spotkanie-informacyjno-integracyjne-czlonkow-naszej-izby-z-terenu-powiatu-kolbuszowskiego\/#breadcrumb"},"inLanguage":"pl-PL","potentialAction":[{"@type":"ReadAction","target":["https:\/\/inzynier.rzeszow.pl\/index.php\/2025\/05\/11\/spotkanie-informacyjno-integracyjne-czlonkow-naszej-izby-z-terenu-powiatu-kolbuszowskiego\/"]}]},{"@type":"ImageObject","inLanguage":"pl-PL","@id":"https:\/\/inzynier.rzeszow.pl\/index.php\/2025\/05\/11\/spotkanie-informacyjno-integracyjne-czlonkow-naszej-izby-z-terenu-powiatu-kolbuszowskiego\/#primaryimage","url":"https:\/\/inzynier.rzeszow.pl\/wp-content\/uploads\/2025\/05\/obraz_2026-01-28_163853348.png","contentUrl":"https:\/\/inzynier.rzeszow.pl\/wp-content\/uploads\/2025\/05\/obraz_2026-01-28_163853348.png","width":1024,"height":768},{"@type":"BreadcrumbList","@id":"https:\/\/inzynier.rzeszow.pl\/index.php\/2025\/05\/11\/spotkanie-informacyjno-integracyjne-czlonkow-naszej-izby-z-terenu-powiatu-kolbuszowskiego\/#breadcrumb","itemListElement":[{"@type":"ListItem","position":1,"name":"Strona g\u0142\u00f3wna","item":"https:\/\/inzynier.rzeszow.pl\/"},{"@type":"ListItem","position":2,"name":"Spotkanie informacyjno-integracyjne cz\u0142onk\u00f3w naszej Izby z terenu powiatu kolbuszowskiego"}]},{"@type":"WebSite","@id":"https:\/\/inzynier.rzeszow.pl\/#website","url":"https:\/\/inzynier.rzeszow.pl\/","name":"Podkarpacka Okregowa Izba Inzynierow Budownictwa","description":"","potentialAction":[{"@type":"SearchAction","target":{"@type":"EntryPoint","urlTemplate":"https:\/\/inzynier.rzeszow.pl\/?s={search_term_string}"},"query-input":{"@type":"PropertyValueSpecification","valueRequired":true,"valueName":"search_term_string"}}],"inLanguage":"pl-PL"},{"@type":"Person","@id":"https:\/\/inzynier.rzeszow.pl\/#\/schema\/person\/21ca162d893bdc5760a95d704e9b1e39","name":"admin","image":{"@type":"ImageObject","inLanguage":"pl-PL","@id":"https:\/\/secure.gravatar.com\/avatar\/d5d1959f10b94c8abcf928274f8bb5b8c7370b0dfadb0590911bacad18965f21?s=96&d=mm&r=g","url":"https:\/\/secure.gravatar.com\/avatar\/d5d1959f10b94c8abcf928274f8bb5b8c7370b0dfadb0590911bacad18965f21?s=96&d=mm&r=g","contentUrl":"https:\/\/secure.gravatar.com\/avatar\/d5d1959f10b94c8abcf928274f8bb5b8c7370b0dfadb0590911bacad18965f21?s=96&d=mm&r=g","caption":"admin"},"sameAs":["https:\/\/migracja.inzynier.rzeszow.pl"],"url":"https:\/\/inzynier.rzeszow.pl\/index.php\/author\/kwojcik\/"}]}},"rttpg_featured_image_url":{"full":["https:\/\/inzynier.rzeszow.pl\/wp-content\/uploads\/2025\/05\/obraz_2026-01-28_163853348.png",1024,768,false],"landscape":["https:\/\/inzynier.rzeszow.pl\/wp-content\/uploads\/2025\/05\/obraz_2026-01-28_163853348.png",1024,768,false],"portraits":["https:\/\/inzynier.rzeszow.pl\/wp-content\/uploads\/2025\/05\/obraz_2026-01-28_163853348.png",1024,768,false],"thumbnail":["https:\/\/inzynier.rzeszow.pl\/wp-content\/uploads\/2025\/05\/obraz_2026-01-28_163853348-150x150.png",150,150,true],"medium":["https:\/\/inzynier.rzeszow.pl\/wp-content\/uploads\/2025\/05\/obraz_2026-01-28_163853348-300x225.png",300,225,true],"large":["https:\/\/inzynier.rzeszow.pl\/wp-content\/uploads\/2025\/05\/obraz_2026-01-28_163853348.png",1024,768,false],"1536x1536":["https:\/\/inzynier.rzeszow.pl\/wp-content\/uploads\/2025\/05\/obraz_2026-01-28_163853348.png",1024,768,false],"2048x2048":["https:\/\/inzynier.rzeszow.pl\/wp-content\/uploads\/2025\/05\/obraz_2026-01-28_163853348.png",1024,768,false]},"rttpg_author":{"display_name":"admin","author_link":"https:\/\/inzynier.rzeszow.pl\/index.php\/author\/kwojcik\/"},"rttpg_comment":0,"rttpg_category":"<a href=\"https:\/\/inzynier.rzeszow.pl\/index.php\/category\/wydarzenia\/\" rel=\"category tag\">Wydarzenia<\/a> <a href=\"https:\/\/inzynier.rzeszow.pl\/index.php\/category\/z-zycia-izby\/\" rel=\"category tag\">Z \u017cycia izby<\/a> <a href=\"https:\/\/inzynier.rzeszow.pl\/index.php\/category\/z-zycia-izby\/z-zycia-izby-rok-2025\/\" rel=\"category tag\">Z \u017cycia Izby Rok 2025<\/a>","rttpg_excerpt":"W dniu 9 maja 2025 r. w Restauracji \u201eWisienka\u201d w Kolbuszowej odby\u0142o si\u0119 jedenaste spotkanie informacyjno-integracyjne cz\u0142onk\u00f3w Podkarpackiej Okr\u0119gowej Izby [&hellip;]","_links":{"self":[{"href":"https:\/\/inzynier.rzeszow.pl\/index.php\/wp-json\/wp\/v2\/posts\/3202","targetHints":{"allow":["GET"]}}],"collection":[{"href":"https:\/\/inzynier.rzeszow.pl\/index.php\/wp-json\/wp\/v2\/posts"}],"about":[{"href":"https:\/\/inzynier.rzeszow.pl\/index.php\/wp-json\/wp\/v2\/types\/post"}],"author":[{"embeddable":true,"href":"https:\/\/inzynier.rzeszow.pl\/index.php\/wp-json\/wp\/v2\/users\/1"}],"replies":[{"embeddable":true,"href":"https:\/\/inzynier.rzeszow.pl\/index.php\/wp-json\/wp\/v2\/comments?post=3202"}],"version-history":[{"count":4,"href":"https:\/\/inzynier.rzeszow.pl\/index.php\/wp-json\/wp\/v2\/posts\/3202\/revisions"}],"predecessor-version":[{"id":3337,"href":"https:\/\/inzynier.rzeszow.pl\/index.php\/wp-json\/wp\/v2\/posts\/3202\/revisions\/3337"}],"wp:featuredmedia":[{"embeddable":true,"href":"https:\/\/inzynier.rzeszow.pl\/index.php\/wp-json\/wp\/v2\/media\/3333"}],"wp:attachment":[{"href":"https:\/\/inzynier.rzeszow.pl\/index.php\/wp-json\/wp\/v2\/media?parent=3202"}],"wp:term":[{"taxonomy":"category","embeddable":true,"href":"https:\/\/inzynier.rzeszow.pl\/index.php\/wp-json\/wp\/v2\/categories?post=3202"},{"taxonomy":"post_tag","embeddable":true,"href":"https:\/\/inzynier.rzeszow.pl\/index.php\/wp-json\/wp\/v2\/tags?post=3202"}],"curies":[{"name":"wp","href":"https:\/\/api.w.org\/{rel}","templated":true}]}}