{"id":3201,"date":"2025-05-11T11:52:07","date_gmt":"2025-05-11T11:52:07","guid":{"rendered":"https:\/\/migracja.inzynier.rzeszow.pl\/?p=3201"},"modified":"2026-02-13T13:42:04","modified_gmt":"2026-02-13T13:42:04","slug":"szkolenie-organow-oroz-i-osd-8-10-maj-2025-r-katowice","status":"publish","type":"post","link":"https:\/\/inzynier.rzeszow.pl\/index.php\/2025\/05\/11\/szkolenie-organow-oroz-i-osd-8-10-maj-2025-r-katowice\/","title":{"rendered":"Szkolenie organ\u00f3w OROZ i OSD &#8211; 8-10 maj 2025 r., Katowice"},"content":{"rendered":"\t\t<div data-elementor-type=\"wp-post\" data-elementor-id=\"3201\" class=\"elementor elementor-3201\" data-elementor-post-type=\"post\">\n\t\t\t\t<div class=\"elementor-element elementor-element-a86bb8d e-flex e-con-boxed e-con e-parent\" data-id=\"a86bb8d\" data-element_type=\"container\" data-e-type=\"container\">\n\t\t\t\t\t<div class=\"e-con-inner\">\n\t\t<div class=\"elementor-element elementor-element-410f3d0 e-con-full e-flex e-con e-child\" data-id=\"410f3d0\" data-element_type=\"container\" data-e-type=\"container\">\n\t\t<div class=\"elementor-element elementor-element-0161690 e-con-full e-flex e-con e-child\" data-id=\"0161690\" data-element_type=\"container\" data-e-type=\"container\">\n\t\t\t\t<div class=\"elementor-element elementor-element-833a258 elementor-widget elementor-widget-image\" data-id=\"833a258\" data-element_type=\"widget\" data-e-type=\"widget\" data-widget_type=\"image.default\">\n\t\t\t\t\t\t\t\t\t\t\t\t\t\t\t<img fetchpriority=\"high\" decoding=\"async\" width=\"1024\" height=\"472\" src=\"https:\/\/inzynier.rzeszow.pl\/wp-content\/uploads\/2025\/05\/obraz_2026-01-28_164137394-1024x472.png\" class=\"attachment-large size-large wp-image-3339\" alt=\"\" srcset=\"https:\/\/inzynier.rzeszow.pl\/wp-content\/uploads\/2025\/05\/obraz_2026-01-28_164137394-1024x472.png 1024w, https:\/\/inzynier.rzeszow.pl\/wp-content\/uploads\/2025\/05\/obraz_2026-01-28_164137394-300x138.png 300w, https:\/\/inzynier.rzeszow.pl\/wp-content\/uploads\/2025\/05\/obraz_2026-01-28_164137394-768x354.png 768w, https:\/\/inzynier.rzeszow.pl\/wp-content\/uploads\/2025\/05\/obraz_2026-01-28_164137394-1536x708.png 1536w, https:\/\/inzynier.rzeszow.pl\/wp-content\/uploads\/2025\/05\/obraz_2026-01-28_164137394.png 2000w\" sizes=\"(max-width: 1024px) 100vw, 1024px\" \/>\t\t\t\t\t\t\t\t\t\t\t\t\t\t\t<\/div>\n\t\t\t\t<\/div>\n\t\t<div class=\"elementor-element elementor-element-ba0eba7 e-con-full e-flex e-con e-child\" data-id=\"ba0eba7\" data-element_type=\"container\" data-e-type=\"container\">\n\t\t\t\t<div class=\"elementor-element elementor-element-43c5e2f elementor-widget elementor-widget-text-editor\" data-id=\"43c5e2f\" data-element_type=\"widget\" data-e-type=\"widget\" data-widget_type=\"text-editor.default\">\n\t\t\t\t\t\t\t\t\t<p>Na zaproszenie Przewodnicz\u0105cego Krajowego S\u0105du Dyscyplinarnego PIIB Mariana Zdunka oraz Krajowego Rzecznika Odpowiedzialno\u015bci Zawodowej PIIB Koordynatora Dariusza Walaska, przedstawiciele naszej Izby wzi\u0119li udzia\u0142 w szkoleniu organ\u00f3w. Podkarpack\u0105 OIIB reprezentowali mec. Artur Kosturek, cz\u0142onek Krajowego S\u0105du Dyscyplinarnego Krzysztof Cyrulik, przedstawiciele obu organ\u00f3w PDK OIIB: Okr\u0119gowy Rzecznik Odpowiedzialno\u015bci Zawodowej Ma\u0142gorzata Krajciewicz-\u017burek, przewodnicz\u0105cy Okr\u0119gowego S\u0105du Dyscyplinarnego Jerzy Madera oraz pracownice biura, pe\u0142ni\u0105ce obs\u0142ug\u0119 administracyjn\u0105 obu organ\u00f3w.<\/p>\t\t\t\t\t\t\t\t<\/div>\n\t\t\t\t<\/div>\n\t\t\t\t<\/div>\n\t\t\t\t\t<\/div>\n\t\t\t\t<\/div>\n\t\t<div class=\"elementor-element elementor-element-2b2d875 e-con-full e-flex e-con e-parent\" data-id=\"2b2d875\" data-element_type=\"container\" data-e-type=\"container\">\n\t\t\t\t<div class=\"elementor-element elementor-element-27513f9 elementor-widget__width-initial elementor-widget elementor-widget-text-editor\" data-id=\"27513f9\" data-element_type=\"widget\" data-e-type=\"widget\" data-widget_type=\"text-editor.default\">\n\t\t\t\t\t\t\t\t\t<p style=\"font-weight: 400;\">Tym razem warsztaty szkoleniowe zorganizowano w&nbsp;&nbsp;dniach 8-10 maja 2025 r. na go\u015bcinnym terenie \u015al\u0105ska w Katowicach. Zebranych uczestnik\u00f3w serdecznie powita\u0142 przewodnicz\u0105cy Okr\u0119gowej Rady SLK OIIB Roman Karwowski gospodarz terenu, kt\u00f3ry w skr\u00f3cie przedstawi\u0142 dzia\u0142ania \u015al\u0105skiej OIIB oraz zaprosi\u0142 uczestnik\u00f3w na kr\u00f3tk\u0105 wycieczk\u0119 po zabytkowym osiedlu Nikiszowiec, na spektakl do teatru Korez, a tak\u017ce na typowo \u015bl\u0105sk\u0105 kolacj\u0119 w dzielnicy Giszowiec. W tym miejscu dzi\u0119kujemy serdecznie \u015al\u0105skiej Okr\u0119gowej Izbie In\u017cynier\u00f3w Budownictwa za mi\u0142e przyj\u0119cie, organizacj\u0119&nbsp;&nbsp;oraz mo\u017cliwo\u015b\u0107 poznania&nbsp;&nbsp;architektury oraz lokalnej \u015bl\u0105skiej kultury.<\/p>\n<p style=\"font-weight: 400;\">W spotkaniu w Katowicach uczestniczyli r\u00f3wnie\u017c go\u015bcinnie przedstawiciele organ\u00f3w krajowych: Przewodnicz\u0105ca KKR PIIB Urszula Kallik, b\u0119d\u0105ca jednocze\u015bnie OROZ SLK OIIB, przewodnicz\u0105cy KKK PIIB Krzysztof Latoszek oraz Skarbnik Krajowej Rady PIIB El\u017cbieta Bry\u0142a-Kluczny.<\/p>\n<p style=\"font-weight: 400;\">Drugi dzie\u0144 by\u0142 czasem wyt\u0119\u017conej pracy, ca\u0142odziennych wyk\u0142ad\u00f3w oraz warsztat\u00f3w poprowadzonych przez prawnik\u00f3w z PIIB: mec. Jolant\u0119 Szewczyk oraz mec. Krzysztofa Zaj\u0105ca. Analizowano prawid\u0142owo\u015b\u0107 tre\u015bci dokument\u00f3w pod wzgl\u0119dem formalno-prawnym, takich jak: zawiadomienia o pope\u0142nieniu czynu zabronionego przez osob\u0119 pe\u0142ni\u0105c\u0105 samodzieln\u0105 funkcj\u0119 techniczn\u0105 w budownictwie, wnioski o ukaranie czy wszcz\u0119cie post\u0119powa\u0144 wyja\u015bniaj\u0105cych i ich kwalifikacja. Poruszono tak\u017ce istotne kwestie w\u0142a\u015bciwo\u015bci miejscowej, rzeczowej oraz funkcjonalnej, sprawdzenie kt\u00f3rych jest kluczowe przy podejmowaniu i prowadzeniu post\u0119powa\u0144 wyja\u015bniaj\u0105cych.<\/p>\n<p style=\"font-weight: 400;\">Po wyk\u0142adach dla wszystkich uczestnik\u00f3w szkolenia, zaproponowano&nbsp;&nbsp;warsztaty szkoleniowe, w trakcie kt\u00f3rych skupiono si\u0119 na praktycznych aspektach przeprowadzanych przes\u0142ucha\u0144&nbsp;&nbsp;na&nbsp;etapie postepowa\u0144 wyja\u015bniaj\u0105cych oraz przeprowadzania rozpraw przed OSD. Wyznaczeni na sali rzecznicy oraz s\u0119dziowie odgrywali role uczestnik\u00f3w procesu budowlanego w&nbsp;zainscenizowanych przes\u0142uchaniach \u015bwiadk\u00f3w oraz stron post\u0119powania. By\u0142a to okazja do zwr\u00f3cenia uwagi na poszczeg\u00f3lne aspekty i techniki przes\u0142ucha\u0144, zasady prawid\u0142owego formu\u0142owania pyta\u0144, tak aby nie nosi\u0142y one znamion tendencyjno\u015bci. Taka forma \u201e\u0107wicze\u0144 praktycznych\u201d przypad\u0142a do gustu uczestnikom wyk\u0142ad\u00f3w i b\u0119dzie kontynuowana na kolejnych spotkaniach.<\/p>\n<p style=\"font-weight: 400;\">Ostatni dzie\u0144 by\u0142 okazj\u0105 do podsumowa\u0144 przeprowadzonego szkolenia, poruszono zagadnienia prawne oraz sprawy organizacyjne, om\u00f3wiono bie\u017c\u0105c\u0105 dzia\u0142alno\u015b\u0107 organ\u00f3w zar\u00f3wno na&nbsp;szczeblu krajowym jak i w okr\u0119gach. Organizatorzy z ramienia PIIB podsumowali narad\u0119 szkoleniow\u0105 uznaj\u0105c j\u0105 za owocn\u0105, podzi\u0119kowali uczestnikom za liczne przybycie i aktywny udzia\u0142.<br><strong><br><a href=\"https:\/\/www.facebook.com\/PodkarpackaOIIB\/posts\/pfbid02HkDm4PHmohSeUGRGsSfE9UiLHcE8PAVDkq6RDCUNuFHQYvhvvVb8xFrcj3BqcuQ2l\">Galeria fotograficzna ze szkolenia organ\u00f3w OROZ i OSD &#8211;&nbsp; 8-10 maj 2025 r., Katowice&nbsp;<\/a><\/strong><\/p>\n<p style=\"font-weight: 400;\">opracowanie: Ma\u0142gorzata Krajciewicz-\u017burek<br>fot. : uczestnicy<\/p>\t\t\t\t\t\t\t\t<\/div>\n\t\t\t\t<\/div>\n\t\t<div class=\"elementor-element elementor-element-d7d26e1 e-flex e-con-boxed e-con e-parent\" data-id=\"d7d26e1\" data-element_type=\"container\" data-e-type=\"container\">\n\t\t\t\t\t<div class=\"e-con-inner\">\n\t\t\t\t<div class=\"elementor-element elementor-element-e6ecf5a elementor-widget elementor-widget-gallery\" data-id=\"e6ecf5a\" data-element_type=\"widget\" data-e-type=\"widget\" data-settings=\"{&quot;columns&quot;:2,&quot;lazyload&quot;:&quot;yes&quot;,&quot;gallery_layout&quot;:&quot;grid&quot;,&quot;columns_tablet&quot;:2,&quot;columns_mobile&quot;:1,&quot;gap&quot;:{&quot;unit&quot;:&quot;px&quot;,&quot;size&quot;:10,&quot;sizes&quot;:[]},&quot;gap_tablet&quot;:{&quot;unit&quot;:&quot;px&quot;,&quot;size&quot;:10,&quot;sizes&quot;:[]},&quot;gap_mobile&quot;:{&quot;unit&quot;:&quot;px&quot;,&quot;size&quot;:10,&quot;sizes&quot;:[]},&quot;link_to&quot;:&quot;file&quot;,&quot;aspect_ratio&quot;:&quot;3:2&quot;,&quot;overlay_background&quot;:&quot;yes&quot;,&quot;content_hover_animation&quot;:&quot;fade-in&quot;}\" data-widget_type=\"gallery.default\">\n\t\t\t\t\t\t\t<div class=\"elementor-gallery__container\">\n\t\t\t\t\t\t\t<a class=\"e-gallery-item elementor-gallery-item elementor-animated-content\" href=\"https:\/\/inzynier.rzeszow.pl\/wp-content\/uploads\/2025\/05\/obraz_2026-01-28_164306780.png\" data-elementor-open-lightbox=\"yes\" data-elementor-lightbox-slideshow=\"e6ecf5a\" data-e-action-hash=\"#elementor-action%3Aaction%3Dlightbox%26settings%3DeyJpZCI6MzM0MCwidXJsIjoiaHR0cHM6XC9cL2luenluaWVyLnJ6ZXN6b3cucGxcL3dwLWNvbnRlbnRcL3VwbG9hZHNcLzIwMjVcLzA1XC9vYnJhel8yMDI2LTAxLTI4XzE2NDMwNjc4MC5wbmciLCJzbGlkZXNob3ciOiJlNmVjZjVhIn0%3D\">\n\t\t\t\t\t<div class=\"e-gallery-image elementor-gallery-item__image\" data-thumbnail=\"https:\/\/inzynier.rzeszow.pl\/wp-content\/uploads\/2025\/05\/obraz_2026-01-28_164306780-768x354.png\" data-width=\"768\" data-height=\"354\" aria-label=\"\" role=\"img\" ><\/div>\n\t\t\t\t\t\t\t\t\t\t\t<div class=\"elementor-gallery-item__overlay\"><\/div>\n\t\t\t\t\t\t\t\t\t\t\t\t\t\t<\/a>\n\t\t\t\t\t\t\t<a class=\"e-gallery-item elementor-gallery-item elementor-animated-content\" href=\"https:\/\/inzynier.rzeszow.pl\/wp-content\/uploads\/2025\/05\/obraz_2026-01-28_164312929.png\" data-elementor-open-lightbox=\"yes\" data-elementor-lightbox-slideshow=\"e6ecf5a\" data-e-action-hash=\"#elementor-action%3Aaction%3Dlightbox%26settings%3DeyJpZCI6MzM0MSwidXJsIjoiaHR0cHM6XC9cL2luenluaWVyLnJ6ZXN6b3cucGxcL3dwLWNvbnRlbnRcL3VwbG9hZHNcLzIwMjVcLzA1XC9vYnJhel8yMDI2LTAxLTI4XzE2NDMxMjkyOS5wbmciLCJzbGlkZXNob3ciOiJlNmVjZjVhIn0%3D\">\n\t\t\t\t\t<div class=\"e-gallery-image elementor-gallery-item__image\" data-thumbnail=\"https:\/\/inzynier.rzeszow.pl\/wp-content\/uploads\/2025\/05\/obraz_2026-01-28_164312929-768x354.png\" data-width=\"768\" data-height=\"354\" aria-label=\"\" role=\"img\" ><\/div>\n\t\t\t\t\t\t\t\t\t\t\t<div class=\"elementor-gallery-item__overlay\"><\/div>\n\t\t\t\t\t\t\t\t\t\t\t\t\t\t<\/a>\n\t\t\t\t\t<\/div>\n\t\t\t\t\t<\/div>\n\t\t\t\t\t<\/div>\n\t\t\t\t<\/div>\n\t\t\t\t<\/div>\n\t\t","protected":false},"excerpt":{"rendered":"<p>Na zaproszenie Przewodnicz\u0105cego Krajowego S\u0105du Dyscyplinarnego PIIB Mariana Zdunka oraz Krajowego Rzecznika Odpowiedzialno\u015bci Zawodowej PIIB Koordynatora Dariusza Walaska, przedstawiciele naszej [&hellip;]<\/p>\n","protected":false},"author":1,"featured_media":3339,"comment_status":"closed","ping_status":"closed","sticky":false,"template":"","format":"standard","meta":{"site-sidebar-layout":"default","site-content-layout":"","ast-site-content-layout":"default","site-content-style":"default","site-sidebar-style":"default","ast-global-header-display":"","ast-banner-title-visibility":"","ast-main-header-display":"","ast-hfb-above-header-display":"","ast-hfb-below-header-display":"","ast-hfb-mobile-header-display":"","site-post-title":"","ast-breadcrumbs-content":"","ast-featured-img":"","footer-sml-layout":"","ast-disable-related-posts":"","theme-transparent-header-meta":"","adv-header-id-meta":"","stick-header-meta":"","header-above-stick-meta":"","header-main-stick-meta":"","header-below-stick-meta":"","astra-migrate-meta-layouts":"default","ast-page-background-enabled":"default","ast-page-background-meta":{"desktop":{"background-color":"var(--ast-global-color-5)","background-image":"","background-repeat":"repeat","background-position":"center center","background-size":"auto","background-attachment":"scroll","background-type":"","background-media":"","overlay-type":"","overlay-color":"","overlay-opacity":"","overlay-gradient":""},"tablet":{"background-color":"","background-image":"","background-repeat":"repeat","background-position":"center center","background-size":"auto","background-attachment":"scroll","background-type":"","background-media":"","overlay-type":"","overlay-color":"","overlay-opacity":"","overlay-gradient":""},"mobile":{"background-color":"","background-image":"","background-repeat":"repeat","background-position":"center center","background-size":"auto","background-attachment":"scroll","background-type":"","background-media":"","overlay-type":"","overlay-color":"","overlay-opacity":"","overlay-gradient":""}},"ast-content-background-meta":{"desktop":{"background-color":"var(--ast-global-color-4)","background-image":"","background-repeat":"repeat","background-position":"center center","background-size":"auto","background-attachment":"scroll","background-type":"","background-media":"","overlay-type":"","overlay-color":"","overlay-opacity":"","overlay-gradient":""},"tablet":{"background-color":"var(--ast-global-color-4)","background-image":"","background-repeat":"repeat","background-position":"center center","background-size":"auto","background-attachment":"scroll","background-type":"","background-media":"","overlay-type":"","overlay-color":"","overlay-opacity":"","overlay-gradient":""},"mobile":{"background-color":"var(--ast-global-color-4)","background-image":"","background-repeat":"repeat","background-position":"center center","background-size":"auto","background-attachment":"scroll","background-type":"","background-media":"","overlay-type":"","overlay-color":"","overlay-opacity":"","overlay-gradient":""}},"footnotes":""},"categories":[7,16,55],"tags":[],"class_list":["post-3201","post","type-post","status-publish","format-standard","has-post-thumbnail","hentry","category-wydarzenia","category-z-zycia-izby","category-z-zycia-izby-rok-2025"],"yoast_head":"<!-- This site is optimized with the Yoast SEO plugin v27.5 - https:\/\/yoast.com\/product\/yoast-seo-wordpress\/ -->\n<title>Szkolenie organ\u00f3w OROZ i OSD - 8-10 maj 2025 r., Katowice - Podkarpacka Okregowa Izba Inzynierow Budownictwa<\/title>\n<meta name=\"robots\" content=\"index, follow, max-snippet:-1, max-image-preview:large, max-video-preview:-1\" \/>\n<link rel=\"canonical\" href=\"https:\/\/inzynier.rzeszow.pl\/index.php\/2025\/05\/11\/szkolenie-organow-oroz-i-osd-8-10-maj-2025-r-katowice\/\" \/>\n<meta property=\"og:locale\" content=\"pl_PL\" \/>\n<meta property=\"og:type\" content=\"article\" \/>\n<meta property=\"og:title\" content=\"Szkolenie organ\u00f3w OROZ i OSD - 8-10 maj 2025 r., Katowice - Podkarpacka Okregowa Izba Inzynierow Budownictwa\" \/>\n<meta property=\"og:description\" content=\"Na zaproszenie Przewodnicz\u0105cego Krajowego S\u0105du Dyscyplinarnego PIIB Mariana Zdunka oraz Krajowego Rzecznika Odpowiedzialno\u015bci Zawodowej PIIB Koordynatora Dariusza Walaska, przedstawiciele naszej [&hellip;]\" \/>\n<meta property=\"og:url\" content=\"https:\/\/inzynier.rzeszow.pl\/index.php\/2025\/05\/11\/szkolenie-organow-oroz-i-osd-8-10-maj-2025-r-katowice\/\" \/>\n<meta property=\"og:site_name\" content=\"Podkarpacka Okregowa Izba Inzynierow Budownictwa\" \/>\n<meta property=\"article:published_time\" content=\"2025-05-11T11:52:07+00:00\" \/>\n<meta property=\"article:modified_time\" content=\"2026-02-13T13:42:04+00:00\" \/>\n<meta property=\"og:image\" content=\"https:\/\/inzynier.rzeszow.pl\/wp-content\/uploads\/2025\/05\/obraz_2026-01-28_164137394.png\" \/>\n\t<meta property=\"og:image:width\" content=\"2000\" \/>\n\t<meta property=\"og:image:height\" content=\"922\" \/>\n\t<meta property=\"og:image:type\" content=\"image\/png\" \/>\n<meta name=\"author\" content=\"admin\" \/>\n<meta name=\"twitter:card\" content=\"summary_large_image\" \/>\n<meta name=\"twitter:label1\" content=\"Napisane przez\" \/>\n\t<meta name=\"twitter:data1\" content=\"admin\" \/>\n\t<meta name=\"twitter:label2\" content=\"Szacowany czas czytania\" \/>\n\t<meta name=\"twitter:data2\" content=\"3 minuty\" \/>\n<script type=\"application\/ld+json\" class=\"yoast-schema-graph\">{\"@context\":\"https:\\\/\\\/schema.org\",\"@graph\":[{\"@type\":\"Article\",\"@id\":\"https:\\\/\\\/inzynier.rzeszow.pl\\\/index.php\\\/2025\\\/05\\\/11\\\/szkolenie-organow-oroz-i-osd-8-10-maj-2025-r-katowice\\\/#article\",\"isPartOf\":{\"@id\":\"https:\\\/\\\/inzynier.rzeszow.pl\\\/index.php\\\/2025\\\/05\\\/11\\\/szkolenie-organow-oroz-i-osd-8-10-maj-2025-r-katowice\\\/\"},\"author\":{\"name\":\"admin\",\"@id\":\"https:\\\/\\\/inzynier.rzeszow.pl\\\/#\\\/schema\\\/person\\\/21ca162d893bdc5760a95d704e9b1e39\"},\"headline\":\"Szkolenie organ\u00f3w OROZ i OSD &#8211; 8-10 maj 2025 r., Katowice\",\"datePublished\":\"2025-05-11T11:52:07+00:00\",\"dateModified\":\"2026-02-13T13:42:04+00:00\",\"mainEntityOfPage\":{\"@id\":\"https:\\\/\\\/inzynier.rzeszow.pl\\\/index.php\\\/2025\\\/05\\\/11\\\/szkolenie-organow-oroz-i-osd-8-10-maj-2025-r-katowice\\\/\"},\"wordCount\":533,\"image\":{\"@id\":\"https:\\\/\\\/inzynier.rzeszow.pl\\\/index.php\\\/2025\\\/05\\\/11\\\/szkolenie-organow-oroz-i-osd-8-10-maj-2025-r-katowice\\\/#primaryimage\"},\"thumbnailUrl\":\"https:\\\/\\\/inzynier.rzeszow.pl\\\/wp-content\\\/uploads\\\/2025\\\/05\\\/obraz_2026-01-28_164137394.png\",\"articleSection\":[\"Wydarzenia\",\"Z \u017cycia izby\",\"Z \u017cycia Izby Rok 2025\"],\"inLanguage\":\"pl-PL\"},{\"@type\":\"WebPage\",\"@id\":\"https:\\\/\\\/inzynier.rzeszow.pl\\\/index.php\\\/2025\\\/05\\\/11\\\/szkolenie-organow-oroz-i-osd-8-10-maj-2025-r-katowice\\\/\",\"url\":\"https:\\\/\\\/inzynier.rzeszow.pl\\\/index.php\\\/2025\\\/05\\\/11\\\/szkolenie-organow-oroz-i-osd-8-10-maj-2025-r-katowice\\\/\",\"name\":\"Szkolenie organ\u00f3w OROZ i OSD - 8-10 maj 2025 r., Katowice - Podkarpacka Okregowa Izba Inzynierow Budownictwa\",\"isPartOf\":{\"@id\":\"https:\\\/\\\/inzynier.rzeszow.pl\\\/#website\"},\"primaryImageOfPage\":{\"@id\":\"https:\\\/\\\/inzynier.rzeszow.pl\\\/index.php\\\/2025\\\/05\\\/11\\\/szkolenie-organow-oroz-i-osd-8-10-maj-2025-r-katowice\\\/#primaryimage\"},\"image\":{\"@id\":\"https:\\\/\\\/inzynier.rzeszow.pl\\\/index.php\\\/2025\\\/05\\\/11\\\/szkolenie-organow-oroz-i-osd-8-10-maj-2025-r-katowice\\\/#primaryimage\"},\"thumbnailUrl\":\"https:\\\/\\\/inzynier.rzeszow.pl\\\/wp-content\\\/uploads\\\/2025\\\/05\\\/obraz_2026-01-28_164137394.png\",\"datePublished\":\"2025-05-11T11:52:07+00:00\",\"dateModified\":\"2026-02-13T13:42:04+00:00\",\"author\":{\"@id\":\"https:\\\/\\\/inzynier.rzeszow.pl\\\/#\\\/schema\\\/person\\\/21ca162d893bdc5760a95d704e9b1e39\"},\"breadcrumb\":{\"@id\":\"https:\\\/\\\/inzynier.rzeszow.pl\\\/index.php\\\/2025\\\/05\\\/11\\\/szkolenie-organow-oroz-i-osd-8-10-maj-2025-r-katowice\\\/#breadcrumb\"},\"inLanguage\":\"pl-PL\",\"potentialAction\":[{\"@type\":\"ReadAction\",\"target\":[\"https:\\\/\\\/inzynier.rzeszow.pl\\\/index.php\\\/2025\\\/05\\\/11\\\/szkolenie-organow-oroz-i-osd-8-10-maj-2025-r-katowice\\\/\"]}]},{\"@type\":\"ImageObject\",\"inLanguage\":\"pl-PL\",\"@id\":\"https:\\\/\\\/inzynier.rzeszow.pl\\\/index.php\\\/2025\\\/05\\\/11\\\/szkolenie-organow-oroz-i-osd-8-10-maj-2025-r-katowice\\\/#primaryimage\",\"url\":\"https:\\\/\\\/inzynier.rzeszow.pl\\\/wp-content\\\/uploads\\\/2025\\\/05\\\/obraz_2026-01-28_164137394.png\",\"contentUrl\":\"https:\\\/\\\/inzynier.rzeszow.pl\\\/wp-content\\\/uploads\\\/2025\\\/05\\\/obraz_2026-01-28_164137394.png\",\"width\":2000,\"height\":922},{\"@type\":\"BreadcrumbList\",\"@id\":\"https:\\\/\\\/inzynier.rzeszow.pl\\\/index.php\\\/2025\\\/05\\\/11\\\/szkolenie-organow-oroz-i-osd-8-10-maj-2025-r-katowice\\\/#breadcrumb\",\"itemListElement\":[{\"@type\":\"ListItem\",\"position\":1,\"name\":\"Strona g\u0142\u00f3wna\",\"item\":\"https:\\\/\\\/inzynier.rzeszow.pl\\\/\"},{\"@type\":\"ListItem\",\"position\":2,\"name\":\"Szkolenie organ\u00f3w OROZ i OSD &#8211; 8-10 maj 2025 r., Katowice\"}]},{\"@type\":\"WebSite\",\"@id\":\"https:\\\/\\\/inzynier.rzeszow.pl\\\/#website\",\"url\":\"https:\\\/\\\/inzynier.rzeszow.pl\\\/\",\"name\":\"Podkarpacka Okregowa Izba Inzynierow Budownictwa\",\"description\":\"\",\"potentialAction\":[{\"@type\":\"SearchAction\",\"target\":{\"@type\":\"EntryPoint\",\"urlTemplate\":\"https:\\\/\\\/inzynier.rzeszow.pl\\\/?s={search_term_string}\"},\"query-input\":{\"@type\":\"PropertyValueSpecification\",\"valueRequired\":true,\"valueName\":\"search_term_string\"}}],\"inLanguage\":\"pl-PL\"},{\"@type\":\"Person\",\"@id\":\"https:\\\/\\\/inzynier.rzeszow.pl\\\/#\\\/schema\\\/person\\\/21ca162d893bdc5760a95d704e9b1e39\",\"name\":\"admin\",\"image\":{\"@type\":\"ImageObject\",\"inLanguage\":\"pl-PL\",\"@id\":\"https:\\\/\\\/secure.gravatar.com\\\/avatar\\\/d5d1959f10b94c8abcf928274f8bb5b8c7370b0dfadb0590911bacad18965f21?s=96&d=mm&r=g\",\"url\":\"https:\\\/\\\/secure.gravatar.com\\\/avatar\\\/d5d1959f10b94c8abcf928274f8bb5b8c7370b0dfadb0590911bacad18965f21?s=96&d=mm&r=g\",\"contentUrl\":\"https:\\\/\\\/secure.gravatar.com\\\/avatar\\\/d5d1959f10b94c8abcf928274f8bb5b8c7370b0dfadb0590911bacad18965f21?s=96&d=mm&r=g\",\"caption\":\"admin\"},\"sameAs\":[\"https:\\\/\\\/migracja.inzynier.rzeszow.pl\"],\"url\":\"https:\\\/\\\/inzynier.rzeszow.pl\\\/index.php\\\/author\\\/kwojcik\\\/\"}]}<\/script>\n<!-- \/ Yoast SEO plugin. -->","yoast_head_json":{"title":"Szkolenie organ\u00f3w OROZ i OSD - 8-10 maj 2025 r., Katowice - Podkarpacka Okregowa Izba Inzynierow Budownictwa","robots":{"index":"index","follow":"follow","max-snippet":"max-snippet:-1","max-image-preview":"max-image-preview:large","max-video-preview":"max-video-preview:-1"},"canonical":"https:\/\/inzynier.rzeszow.pl\/index.php\/2025\/05\/11\/szkolenie-organow-oroz-i-osd-8-10-maj-2025-r-katowice\/","og_locale":"pl_PL","og_type":"article","og_title":"Szkolenie organ\u00f3w OROZ i OSD - 8-10 maj 2025 r., Katowice - Podkarpacka Okregowa Izba Inzynierow Budownictwa","og_description":"Na zaproszenie Przewodnicz\u0105cego Krajowego S\u0105du Dyscyplinarnego PIIB Mariana Zdunka oraz Krajowego Rzecznika Odpowiedzialno\u015bci Zawodowej PIIB Koordynatora Dariusza Walaska, przedstawiciele naszej [&hellip;]","og_url":"https:\/\/inzynier.rzeszow.pl\/index.php\/2025\/05\/11\/szkolenie-organow-oroz-i-osd-8-10-maj-2025-r-katowice\/","og_site_name":"Podkarpacka Okregowa Izba Inzynierow Budownictwa","article_published_time":"2025-05-11T11:52:07+00:00","article_modified_time":"2026-02-13T13:42:04+00:00","og_image":[{"width":2000,"height":922,"url":"https:\/\/inzynier.rzeszow.pl\/wp-content\/uploads\/2025\/05\/obraz_2026-01-28_164137394.png","type":"image\/png"}],"author":"admin","twitter_card":"summary_large_image","twitter_misc":{"Napisane przez":"admin","Szacowany czas czytania":"3 minuty"},"schema":{"@context":"https:\/\/schema.org","@graph":[{"@type":"Article","@id":"https:\/\/inzynier.rzeszow.pl\/index.php\/2025\/05\/11\/szkolenie-organow-oroz-i-osd-8-10-maj-2025-r-katowice\/#article","isPartOf":{"@id":"https:\/\/inzynier.rzeszow.pl\/index.php\/2025\/05\/11\/szkolenie-organow-oroz-i-osd-8-10-maj-2025-r-katowice\/"},"author":{"name":"admin","@id":"https:\/\/inzynier.rzeszow.pl\/#\/schema\/person\/21ca162d893bdc5760a95d704e9b1e39"},"headline":"Szkolenie organ\u00f3w OROZ i OSD &#8211; 8-10 maj 2025 r., Katowice","datePublished":"2025-05-11T11:52:07+00:00","dateModified":"2026-02-13T13:42:04+00:00","mainEntityOfPage":{"@id":"https:\/\/inzynier.rzeszow.pl\/index.php\/2025\/05\/11\/szkolenie-organow-oroz-i-osd-8-10-maj-2025-r-katowice\/"},"wordCount":533,"image":{"@id":"https:\/\/inzynier.rzeszow.pl\/index.php\/2025\/05\/11\/szkolenie-organow-oroz-i-osd-8-10-maj-2025-r-katowice\/#primaryimage"},"thumbnailUrl":"https:\/\/inzynier.rzeszow.pl\/wp-content\/uploads\/2025\/05\/obraz_2026-01-28_164137394.png","articleSection":["Wydarzenia","Z \u017cycia izby","Z \u017cycia Izby Rok 2025"],"inLanguage":"pl-PL"},{"@type":"WebPage","@id":"https:\/\/inzynier.rzeszow.pl\/index.php\/2025\/05\/11\/szkolenie-organow-oroz-i-osd-8-10-maj-2025-r-katowice\/","url":"https:\/\/inzynier.rzeszow.pl\/index.php\/2025\/05\/11\/szkolenie-organow-oroz-i-osd-8-10-maj-2025-r-katowice\/","name":"Szkolenie organ\u00f3w OROZ i OSD - 8-10 maj 2025 r., Katowice - Podkarpacka Okregowa Izba Inzynierow Budownictwa","isPartOf":{"@id":"https:\/\/inzynier.rzeszow.pl\/#website"},"primaryImageOfPage":{"@id":"https:\/\/inzynier.rzeszow.pl\/index.php\/2025\/05\/11\/szkolenie-organow-oroz-i-osd-8-10-maj-2025-r-katowice\/#primaryimage"},"image":{"@id":"https:\/\/inzynier.rzeszow.pl\/index.php\/2025\/05\/11\/szkolenie-organow-oroz-i-osd-8-10-maj-2025-r-katowice\/#primaryimage"},"thumbnailUrl":"https:\/\/inzynier.rzeszow.pl\/wp-content\/uploads\/2025\/05\/obraz_2026-01-28_164137394.png","datePublished":"2025-05-11T11:52:07+00:00","dateModified":"2026-02-13T13:42:04+00:00","author":{"@id":"https:\/\/inzynier.rzeszow.pl\/#\/schema\/person\/21ca162d893bdc5760a95d704e9b1e39"},"breadcrumb":{"@id":"https:\/\/inzynier.rzeszow.pl\/index.php\/2025\/05\/11\/szkolenie-organow-oroz-i-osd-8-10-maj-2025-r-katowice\/#breadcrumb"},"inLanguage":"pl-PL","potentialAction":[{"@type":"ReadAction","target":["https:\/\/inzynier.rzeszow.pl\/index.php\/2025\/05\/11\/szkolenie-organow-oroz-i-osd-8-10-maj-2025-r-katowice\/"]}]},{"@type":"ImageObject","inLanguage":"pl-PL","@id":"https:\/\/inzynier.rzeszow.pl\/index.php\/2025\/05\/11\/szkolenie-organow-oroz-i-osd-8-10-maj-2025-r-katowice\/#primaryimage","url":"https:\/\/inzynier.rzeszow.pl\/wp-content\/uploads\/2025\/05\/obraz_2026-01-28_164137394.png","contentUrl":"https:\/\/inzynier.rzeszow.pl\/wp-content\/uploads\/2025\/05\/obraz_2026-01-28_164137394.png","width":2000,"height":922},{"@type":"BreadcrumbList","@id":"https:\/\/inzynier.rzeszow.pl\/index.php\/2025\/05\/11\/szkolenie-organow-oroz-i-osd-8-10-maj-2025-r-katowice\/#breadcrumb","itemListElement":[{"@type":"ListItem","position":1,"name":"Strona g\u0142\u00f3wna","item":"https:\/\/inzynier.rzeszow.pl\/"},{"@type":"ListItem","position":2,"name":"Szkolenie organ\u00f3w OROZ i OSD &#8211; 8-10 maj 2025 r., Katowice"}]},{"@type":"WebSite","@id":"https:\/\/inzynier.rzeszow.pl\/#website","url":"https:\/\/inzynier.rzeszow.pl\/","name":"Podkarpacka Okregowa Izba Inzynierow Budownictwa","description":"","potentialAction":[{"@type":"SearchAction","target":{"@type":"EntryPoint","urlTemplate":"https:\/\/inzynier.rzeszow.pl\/?s={search_term_string}"},"query-input":{"@type":"PropertyValueSpecification","valueRequired":true,"valueName":"search_term_string"}}],"inLanguage":"pl-PL"},{"@type":"Person","@id":"https:\/\/inzynier.rzeszow.pl\/#\/schema\/person\/21ca162d893bdc5760a95d704e9b1e39","name":"admin","image":{"@type":"ImageObject","inLanguage":"pl-PL","@id":"https:\/\/secure.gravatar.com\/avatar\/d5d1959f10b94c8abcf928274f8bb5b8c7370b0dfadb0590911bacad18965f21?s=96&d=mm&r=g","url":"https:\/\/secure.gravatar.com\/avatar\/d5d1959f10b94c8abcf928274f8bb5b8c7370b0dfadb0590911bacad18965f21?s=96&d=mm&r=g","contentUrl":"https:\/\/secure.gravatar.com\/avatar\/d5d1959f10b94c8abcf928274f8bb5b8c7370b0dfadb0590911bacad18965f21?s=96&d=mm&r=g","caption":"admin"},"sameAs":["https:\/\/migracja.inzynier.rzeszow.pl"],"url":"https:\/\/inzynier.rzeszow.pl\/index.php\/author\/kwojcik\/"}]}},"rttpg_featured_image_url":{"full":["https:\/\/inzynier.rzeszow.pl\/wp-content\/uploads\/2025\/05\/obraz_2026-01-28_164137394.png",2000,922,false],"landscape":["https:\/\/inzynier.rzeszow.pl\/wp-content\/uploads\/2025\/05\/obraz_2026-01-28_164137394.png",2000,922,false],"portraits":["https:\/\/inzynier.rzeszow.pl\/wp-content\/uploads\/2025\/05\/obraz_2026-01-28_164137394.png",2000,922,false],"thumbnail":["https:\/\/inzynier.rzeszow.pl\/wp-content\/uploads\/2025\/05\/obraz_2026-01-28_164137394-150x150.png",150,150,true],"medium":["https:\/\/inzynier.rzeszow.pl\/wp-content\/uploads\/2025\/05\/obraz_2026-01-28_164137394-300x138.png",300,138,true],"large":["https:\/\/inzynier.rzeszow.pl\/wp-content\/uploads\/2025\/05\/obraz_2026-01-28_164137394-1024x472.png",1024,472,true],"1536x1536":["https:\/\/inzynier.rzeszow.pl\/wp-content\/uploads\/2025\/05\/obraz_2026-01-28_164137394-1536x708.png",1536,708,true],"2048x2048":["https:\/\/inzynier.rzeszow.pl\/wp-content\/uploads\/2025\/05\/obraz_2026-01-28_164137394.png",2000,922,false]},"rttpg_author":{"display_name":"admin","author_link":"https:\/\/inzynier.rzeszow.pl\/index.php\/author\/kwojcik\/"},"rttpg_comment":0,"rttpg_category":"<a href=\"https:\/\/inzynier.rzeszow.pl\/index.php\/category\/wydarzenia\/\" rel=\"category tag\">Wydarzenia<\/a> <a href=\"https:\/\/inzynier.rzeszow.pl\/index.php\/category\/z-zycia-izby\/\" rel=\"category tag\">Z \u017cycia izby<\/a> <a href=\"https:\/\/inzynier.rzeszow.pl\/index.php\/category\/z-zycia-izby\/z-zycia-izby-rok-2025\/\" rel=\"category tag\">Z \u017cycia Izby Rok 2025<\/a>","rttpg_excerpt":"Na zaproszenie Przewodnicz\u0105cego Krajowego S\u0105du Dyscyplinarnego PIIB Mariana Zdunka oraz Krajowego Rzecznika Odpowiedzialno\u015bci Zawodowej PIIB Koordynatora Dariusza Walaska, przedstawiciele naszej [&hellip;]","_links":{"self":[{"href":"https:\/\/inzynier.rzeszow.pl\/index.php\/wp-json\/wp\/v2\/posts\/3201","targetHints":{"allow":["GET"]}}],"collection":[{"href":"https:\/\/inzynier.rzeszow.pl\/index.php\/wp-json\/wp\/v2\/posts"}],"about":[{"href":"https:\/\/inzynier.rzeszow.pl\/index.php\/wp-json\/wp\/v2\/types\/post"}],"author":[{"embeddable":true,"href":"https:\/\/inzynier.rzeszow.pl\/index.php\/wp-json\/wp\/v2\/users\/1"}],"replies":[{"embeddable":true,"href":"https:\/\/inzynier.rzeszow.pl\/index.php\/wp-json\/wp\/v2\/comments?post=3201"}],"version-history":[{"count":4,"href":"https:\/\/inzynier.rzeszow.pl\/index.php\/wp-json\/wp\/v2\/posts\/3201\/revisions"}],"predecessor-version":[{"id":3344,"href":"https:\/\/inzynier.rzeszow.pl\/index.php\/wp-json\/wp\/v2\/posts\/3201\/revisions\/3344"}],"wp:featuredmedia":[{"embeddable":true,"href":"https:\/\/inzynier.rzeszow.pl\/index.php\/wp-json\/wp\/v2\/media\/3339"}],"wp:attachment":[{"href":"https:\/\/inzynier.rzeszow.pl\/index.php\/wp-json\/wp\/v2\/media?parent=3201"}],"wp:term":[{"taxonomy":"category","embeddable":true,"href":"https:\/\/inzynier.rzeszow.pl\/index.php\/wp-json\/wp\/v2\/categories?post=3201"},{"taxonomy":"post_tag","embeddable":true,"href":"https:\/\/inzynier.rzeszow.pl\/index.php\/wp-json\/wp\/v2\/tags?post=3201"}],"curies":[{"name":"wp","href":"https:\/\/api.w.org\/{rel}","templated":true}]}}