{"id":3199,"date":"2025-04-28T14:17:02","date_gmt":"2025-04-28T14:17:02","guid":{"rendered":"https:\/\/migracja.inzynier.rzeszow.pl\/?p=3199"},"modified":"2026-02-13T13:42:04","modified_gmt":"2026-02-13T13:42:04","slug":"eliminacje-strzeleckie-na-strzelnicy-mysliwskiej-w-borze-w-rudej-malej","status":"publish","type":"post","link":"https:\/\/inzynier.rzeszow.pl\/index.php\/2025\/04\/28\/eliminacje-strzeleckie-na-strzelnicy-mysliwskiej-w-borze-w-rudej-malej\/","title":{"rendered":"Eliminacje strzeleckie na strzelnicy my\u015bliwskiej w Borze w Rudej Ma\u0142ej"},"content":{"rendered":"\t\t<div data-elementor-type=\"wp-post\" data-elementor-id=\"3199\" class=\"elementor elementor-3199\" data-elementor-post-type=\"post\">\n\t\t\t\t<div class=\"elementor-element elementor-element-a86bb8d e-flex e-con-boxed e-con e-parent\" data-id=\"a86bb8d\" data-element_type=\"container\" data-e-type=\"container\">\n\t\t\t\t\t<div class=\"e-con-inner\">\n\t\t<div class=\"elementor-element elementor-element-410f3d0 e-con-full e-flex e-con e-child\" data-id=\"410f3d0\" data-element_type=\"container\" data-e-type=\"container\">\n\t\t<div class=\"elementor-element elementor-element-0161690 e-con-full e-flex e-con e-child\" data-id=\"0161690\" data-element_type=\"container\" data-e-type=\"container\">\n\t\t\t\t<div class=\"elementor-element elementor-element-833a258 elementor-widget elementor-widget-image\" data-id=\"833a258\" data-element_type=\"widget\" data-e-type=\"widget\" data-widget_type=\"image.default\">\n\t\t\t\t\t\t\t\t\t\t\t\t\t\t\t<img fetchpriority=\"high\" decoding=\"async\" width=\"1024\" height=\"768\" src=\"https:\/\/inzynier.rzeszow.pl\/wp-content\/uploads\/2025\/04\/obraz_2026-01-28_165026877-1024x768.png\" class=\"attachment-large size-large wp-image-3352\" alt=\"\" srcset=\"https:\/\/inzynier.rzeszow.pl\/wp-content\/uploads\/2025\/04\/obraz_2026-01-28_165026877-1024x768.png 1024w, https:\/\/inzynier.rzeszow.pl\/wp-content\/uploads\/2025\/04\/obraz_2026-01-28_165026877-300x225.png 300w, https:\/\/inzynier.rzeszow.pl\/wp-content\/uploads\/2025\/04\/obraz_2026-01-28_165026877-768x576.png 768w, https:\/\/inzynier.rzeszow.pl\/wp-content\/uploads\/2025\/04\/obraz_2026-01-28_165026877-1536x1152.png 1536w, https:\/\/inzynier.rzeszow.pl\/wp-content\/uploads\/2025\/04\/obraz_2026-01-28_165026877.png 2000w\" sizes=\"(max-width: 1024px) 100vw, 1024px\" \/>\t\t\t\t\t\t\t\t\t\t\t\t\t\t\t<\/div>\n\t\t\t\t<\/div>\n\t\t<div class=\"elementor-element elementor-element-ba0eba7 e-con-full e-flex e-con e-child\" data-id=\"ba0eba7\" data-element_type=\"container\" data-e-type=\"container\">\n\t\t\t\t<div class=\"elementor-element elementor-element-43c5e2f elementor-widget elementor-widget-text-editor\" data-id=\"43c5e2f\" data-element_type=\"widget\" data-e-type=\"widget\" data-widget_type=\"text-editor.default\">\n\t\t\t\t\t\t\t\t\t<p>W dniu 26 kwietnia 2025 r. na strzelnicy my\u015bliwskiej w Borze w Rudnej Ma\u0142ej odby\u0142o si\u0119 szkolenie i eliminacje do 3-osobowej dru\u017cyny strzeleckiej PDK OIIB, kt\u00f3ra b\u0119dzie reprezentowa\u0107 Podkarpack\u0105 Izb\u0119 w\u00a0<a href=\"https:\/\/swk.piib.org.pl\/index.php\/2024\/03\/19\/v-mistrzostwa-polski-inzynierow-budownictwa-w-strzelectwie-sportowym-17-05-2024\/\">VI Mistrzostwach Polski In\u017cynier\u00f3w Budownictwa w Strzelectwie Sportowym<\/a>, kt\u00f3re odb\u0119d\u0105 si\u0119 w dniu 16 maja 2025 r. w Warszawie.<\/p><p>Szkolenie i eliminacje przeprowadzi\u0142 Krzysztof W\u0105troba, cz\u0142onek Izby z powiatu tarnobrzeskiego, prezes zarz\u0105du Klubu Strzeleckiego \u201eGrom&#8221; K\u017bR LOK Tarnobrzeg. Zawody wsp\u00f3\u0142organizowali przewodniczy Zespo\u0142u ds. Promocji i Integracji PDK OIIB \u0141ukasz Ze\u0144ko wraz z skarbnik PDK OIIB Iwon\u0105 Warzybok.<\/p><p>Na eliminacje w strzelectwie sportowym zg\u0142osi\u0142o si\u0119 16 os\u00f3b. Spotkanie przebieg\u0142o w bardzo mi\u0142ej i kole\u017ce\u0144skiej atmosferze, cho\u0107 walka o miejsca w dru\u017cynie by\u0142a bardzo zaci\u0119ta. Zawody by\u0142y prowadzone i oceniane w dw\u00f3ch konkurencjach: strzelano z pistoletu GLOCK w pozycji stoj\u0105cej oraz karabinku sportowego typu KBKS w pozycji le\u017c\u0105cej. Dodatkowo opr\u00f3cz prowadzonych eliminacji zawody mia\u0142y na celu integracje cz\u0142onk\u00f3w PDK OIIB o charakterze sportowym, popularyzacje strzelectwa sportowego w \u015brodowisku in\u017cynier\u00f3w oraz umo\u017cliwienie cz\u0142onkom Izby wsp\u00f3\u0142zawodnictwa w zakresie strzelania z broni.<\/p>\t\t\t\t\t\t\t\t<\/div>\n\t\t\t\t<\/div>\n\t\t\t\t<\/div>\n\t\t\t\t\t<\/div>\n\t\t\t\t<\/div>\n\t\t<div class=\"elementor-element elementor-element-2b2d875 e-con-full e-flex e-con e-parent\" data-id=\"2b2d875\" data-element_type=\"container\" data-e-type=\"container\">\n\t\t\t\t<div class=\"elementor-element elementor-element-27513f9 elementor-widget__width-initial elementor-widget elementor-widget-text-editor\" data-id=\"27513f9\" data-element_type=\"widget\" data-e-type=\"widget\" data-widget_type=\"text-editor.default\">\n\t\t\t\t\t\t\t\t\t<p>Najwi\u0119ksz\u0105 ilo\u015b\u0107 punkt\u00f3w zdobyli kolejno:<\/p><p>1. Dawid Rewers<br \/>2. Mateusz Sulima<br \/>3. Dawid G\u0142\u00f3d<\/p><p>Gratulujemy zwyci\u0119zcom!!! \u017byczymy powadzenia na zawodach w dniu 16 maja 2025 r. w Warszawie.<\/p><p>Krzysztofowi W\u0105trobie dzi\u0119kujemy za zorganizowanie i profesjonalne przeprowadzenie eliminacji i po\u015bwi\u0119cony czas.<\/p><p><strong><a href=\"https:\/\/www.facebook.com\/PodkarpackaOIIB\/posts\/pfbid0VVMeNwgGghM94fFo8GyaBG6kgR8g5jqGHk6htGACEBMjq45cqBausqQBCrKfexoKl\" target=\"_blank\" rel=\"noopener\">Galeria fotograficzna z eliminacji strzeleckich na strzelnicy my\u015bliwskiej w Borze w Rudej Ma\u0142ej &#8211; 26.04.2025 r. &gt;&gt;<\/a><br \/><\/strong><br \/>Opracowa\u0142:<br \/>\u0141ukasz Ze\u0144ko<br \/>fot.: Iwona Warzybok<\/p>\t\t\t\t\t\t\t\t<\/div>\n\t\t\t\t<div class=\"elementor-element elementor-element-88b7f7b elementor-widget__width-initial elementor-widget elementor-widget-image\" data-id=\"88b7f7b\" data-element_type=\"widget\" data-e-type=\"widget\" data-widget_type=\"image.default\">\n\t\t\t\t\t\t\t\t\t\t\t\t\t\t\t<img decoding=\"async\" width=\"1024\" height=\"768\" src=\"https:\/\/inzynier.rzeszow.pl\/wp-content\/uploads\/2025\/04\/obraz_2026-01-28_165139845-1024x768.png\" class=\"attachment-large size-large wp-image-3353\" alt=\"\" srcset=\"https:\/\/inzynier.rzeszow.pl\/wp-content\/uploads\/2025\/04\/obraz_2026-01-28_165139845-1024x768.png 1024w, https:\/\/inzynier.rzeszow.pl\/wp-content\/uploads\/2025\/04\/obraz_2026-01-28_165139845-300x225.png 300w, https:\/\/inzynier.rzeszow.pl\/wp-content\/uploads\/2025\/04\/obraz_2026-01-28_165139845-768x576.png 768w, https:\/\/inzynier.rzeszow.pl\/wp-content\/uploads\/2025\/04\/obraz_2026-01-28_165139845-1536x1152.png 1536w, https:\/\/inzynier.rzeszow.pl\/wp-content\/uploads\/2025\/04\/obraz_2026-01-28_165139845.png 2000w\" sizes=\"(max-width: 1024px) 100vw, 1024px\" \/>\t\t\t\t\t\t\t\t\t\t\t\t\t\t\t<\/div>\n\t\t\t\t<\/div>\n\t\t\t\t<\/div>\n\t\t","protected":false},"excerpt":{"rendered":"<p>W dniu 26 kwietnia 2025 r. na strzelnicy my\u015bliwskiej w Borze w Rudnej Ma\u0142ej odby\u0142o si\u0119 szkolenie i eliminacje do [&hellip;]<\/p>\n","protected":false},"author":1,"featured_media":3352,"comment_status":"closed","ping_status":"closed","sticky":false,"template":"","format":"standard","meta":{"site-sidebar-layout":"default","site-content-layout":"","ast-site-content-layout":"default","site-content-style":"default","site-sidebar-style":"default","ast-global-header-display":"","ast-banner-title-visibility":"","ast-main-header-display":"","ast-hfb-above-header-display":"","ast-hfb-below-header-display":"","ast-hfb-mobile-header-display":"","site-post-title":"","ast-breadcrumbs-content":"","ast-featured-img":"","footer-sml-layout":"","ast-disable-related-posts":"","theme-transparent-header-meta":"","adv-header-id-meta":"","stick-header-meta":"","header-above-stick-meta":"","header-main-stick-meta":"","header-below-stick-meta":"","astra-migrate-meta-layouts":"default","ast-page-background-enabled":"default","ast-page-background-meta":{"desktop":{"background-color":"var(--ast-global-color-5)","background-image":"","background-repeat":"repeat","background-position":"center center","background-size":"auto","background-attachment":"scroll","background-type":"","background-media":"","overlay-type":"","overlay-color":"","overlay-opacity":"","overlay-gradient":""},"tablet":{"background-color":"","background-image":"","background-repeat":"repeat","background-position":"center center","background-size":"auto","background-attachment":"scroll","background-type":"","background-media":"","overlay-type":"","overlay-color":"","overlay-opacity":"","overlay-gradient":""},"mobile":{"background-color":"","background-image":"","background-repeat":"repeat","background-position":"center center","background-size":"auto","background-attachment":"scroll","background-type":"","background-media":"","overlay-type":"","overlay-color":"","overlay-opacity":"","overlay-gradient":""}},"ast-content-background-meta":{"desktop":{"background-color":"var(--ast-global-color-4)","background-image":"","background-repeat":"repeat","background-position":"center center","background-size":"auto","background-attachment":"scroll","background-type":"","background-media":"","overlay-type":"","overlay-color":"","overlay-opacity":"","overlay-gradient":""},"tablet":{"background-color":"var(--ast-global-color-4)","background-image":"","background-repeat":"repeat","background-position":"center center","background-size":"auto","background-attachment":"scroll","background-type":"","background-media":"","overlay-type":"","overlay-color":"","overlay-opacity":"","overlay-gradient":""},"mobile":{"background-color":"var(--ast-global-color-4)","background-image":"","background-repeat":"repeat","background-position":"center center","background-size":"auto","background-attachment":"scroll","background-type":"","background-media":"","overlay-type":"","overlay-color":"","overlay-opacity":"","overlay-gradient":""}},"footnotes":""},"categories":[7,16,55],"tags":[],"class_list":["post-3199","post","type-post","status-publish","format-standard","has-post-thumbnail","hentry","category-wydarzenia","category-z-zycia-izby","category-z-zycia-izby-rok-2025"],"yoast_head":"<!-- This site is optimized with the Yoast SEO plugin v27.5 - https:\/\/yoast.com\/product\/yoast-seo-wordpress\/ -->\n<title>Eliminacje strzeleckie na strzelnicy my\u015bliwskiej w Borze w Rudej Ma\u0142ej - Podkarpacka Okregowa Izba Inzynierow Budownictwa<\/title>\n<meta name=\"robots\" content=\"index, follow, max-snippet:-1, max-image-preview:large, max-video-preview:-1\" \/>\n<link rel=\"canonical\" href=\"https:\/\/inzynier.rzeszow.pl\/index.php\/2025\/04\/28\/eliminacje-strzeleckie-na-strzelnicy-mysliwskiej-w-borze-w-rudej-malej\/\" \/>\n<meta property=\"og:locale\" content=\"pl_PL\" \/>\n<meta property=\"og:type\" content=\"article\" \/>\n<meta property=\"og:title\" content=\"Eliminacje strzeleckie na strzelnicy my\u015bliwskiej w Borze w Rudej Ma\u0142ej - Podkarpacka Okregowa Izba Inzynierow Budownictwa\" \/>\n<meta property=\"og:description\" content=\"W dniu 26 kwietnia 2025 r. na strzelnicy my\u015bliwskiej w Borze w Rudnej Ma\u0142ej odby\u0142o si\u0119 szkolenie i eliminacje do [&hellip;]\" \/>\n<meta property=\"og:url\" content=\"https:\/\/inzynier.rzeszow.pl\/index.php\/2025\/04\/28\/eliminacje-strzeleckie-na-strzelnicy-mysliwskiej-w-borze-w-rudej-malej\/\" \/>\n<meta property=\"og:site_name\" content=\"Podkarpacka Okregowa Izba Inzynierow Budownictwa\" \/>\n<meta property=\"article:published_time\" content=\"2025-04-28T14:17:02+00:00\" \/>\n<meta property=\"article:modified_time\" content=\"2026-02-13T13:42:04+00:00\" \/>\n<meta property=\"og:image\" content=\"https:\/\/inzynier.rzeszow.pl\/wp-content\/uploads\/2025\/04\/obraz_2026-01-28_165026877-1024x768.png\" \/>\n\t<meta property=\"og:image:width\" content=\"1024\" \/>\n\t<meta property=\"og:image:height\" content=\"768\" \/>\n\t<meta property=\"og:image:type\" content=\"image\/png\" \/>\n<meta name=\"author\" content=\"admin\" \/>\n<meta name=\"twitter:card\" content=\"summary_large_image\" \/>\n<meta name=\"twitter:label1\" content=\"Napisane przez\" \/>\n\t<meta name=\"twitter:data1\" content=\"admin\" \/>\n\t<meta name=\"twitter:label2\" content=\"Szacowany czas czytania\" \/>\n\t<meta name=\"twitter:data2\" content=\"1 minuta\" \/>\n<script type=\"application\/ld+json\" class=\"yoast-schema-graph\">{\"@context\":\"https:\\\/\\\/schema.org\",\"@graph\":[{\"@type\":\"Article\",\"@id\":\"https:\\\/\\\/inzynier.rzeszow.pl\\\/index.php\\\/2025\\\/04\\\/28\\\/eliminacje-strzeleckie-na-strzelnicy-mysliwskiej-w-borze-w-rudej-malej\\\/#article\",\"isPartOf\":{\"@id\":\"https:\\\/\\\/inzynier.rzeszow.pl\\\/index.php\\\/2025\\\/04\\\/28\\\/eliminacje-strzeleckie-na-strzelnicy-mysliwskiej-w-borze-w-rudej-malej\\\/\"},\"author\":{\"name\":\"admin\",\"@id\":\"https:\\\/\\\/inzynier.rzeszow.pl\\\/#\\\/schema\\\/person\\\/21ca162d893bdc5760a95d704e9b1e39\"},\"headline\":\"Eliminacje strzeleckie na strzelnicy my\u015bliwskiej w Borze w Rudej Ma\u0142ej\",\"datePublished\":\"2025-04-28T14:17:02+00:00\",\"dateModified\":\"2026-02-13T13:42:04+00:00\",\"mainEntityOfPage\":{\"@id\":\"https:\\\/\\\/inzynier.rzeszow.pl\\\/index.php\\\/2025\\\/04\\\/28\\\/eliminacje-strzeleckie-na-strzelnicy-mysliwskiej-w-borze-w-rudej-malej\\\/\"},\"wordCount\":283,\"image\":{\"@id\":\"https:\\\/\\\/inzynier.rzeszow.pl\\\/index.php\\\/2025\\\/04\\\/28\\\/eliminacje-strzeleckie-na-strzelnicy-mysliwskiej-w-borze-w-rudej-malej\\\/#primaryimage\"},\"thumbnailUrl\":\"https:\\\/\\\/inzynier.rzeszow.pl\\\/wp-content\\\/uploads\\\/2025\\\/04\\\/obraz_2026-01-28_165026877.png\",\"articleSection\":[\"Wydarzenia\",\"Z \u017cycia izby\",\"Z \u017cycia Izby Rok 2025\"],\"inLanguage\":\"pl-PL\"},{\"@type\":\"WebPage\",\"@id\":\"https:\\\/\\\/inzynier.rzeszow.pl\\\/index.php\\\/2025\\\/04\\\/28\\\/eliminacje-strzeleckie-na-strzelnicy-mysliwskiej-w-borze-w-rudej-malej\\\/\",\"url\":\"https:\\\/\\\/inzynier.rzeszow.pl\\\/index.php\\\/2025\\\/04\\\/28\\\/eliminacje-strzeleckie-na-strzelnicy-mysliwskiej-w-borze-w-rudej-malej\\\/\",\"name\":\"Eliminacje strzeleckie na strzelnicy my\u015bliwskiej w Borze w Rudej Ma\u0142ej - Podkarpacka Okregowa Izba Inzynierow Budownictwa\",\"isPartOf\":{\"@id\":\"https:\\\/\\\/inzynier.rzeszow.pl\\\/#website\"},\"primaryImageOfPage\":{\"@id\":\"https:\\\/\\\/inzynier.rzeszow.pl\\\/index.php\\\/2025\\\/04\\\/28\\\/eliminacje-strzeleckie-na-strzelnicy-mysliwskiej-w-borze-w-rudej-malej\\\/#primaryimage\"},\"image\":{\"@id\":\"https:\\\/\\\/inzynier.rzeszow.pl\\\/index.php\\\/2025\\\/04\\\/28\\\/eliminacje-strzeleckie-na-strzelnicy-mysliwskiej-w-borze-w-rudej-malej\\\/#primaryimage\"},\"thumbnailUrl\":\"https:\\\/\\\/inzynier.rzeszow.pl\\\/wp-content\\\/uploads\\\/2025\\\/04\\\/obraz_2026-01-28_165026877.png\",\"datePublished\":\"2025-04-28T14:17:02+00:00\",\"dateModified\":\"2026-02-13T13:42:04+00:00\",\"author\":{\"@id\":\"https:\\\/\\\/inzynier.rzeszow.pl\\\/#\\\/schema\\\/person\\\/21ca162d893bdc5760a95d704e9b1e39\"},\"breadcrumb\":{\"@id\":\"https:\\\/\\\/inzynier.rzeszow.pl\\\/index.php\\\/2025\\\/04\\\/28\\\/eliminacje-strzeleckie-na-strzelnicy-mysliwskiej-w-borze-w-rudej-malej\\\/#breadcrumb\"},\"inLanguage\":\"pl-PL\",\"potentialAction\":[{\"@type\":\"ReadAction\",\"target\":[\"https:\\\/\\\/inzynier.rzeszow.pl\\\/index.php\\\/2025\\\/04\\\/28\\\/eliminacje-strzeleckie-na-strzelnicy-mysliwskiej-w-borze-w-rudej-malej\\\/\"]}]},{\"@type\":\"ImageObject\",\"inLanguage\":\"pl-PL\",\"@id\":\"https:\\\/\\\/inzynier.rzeszow.pl\\\/index.php\\\/2025\\\/04\\\/28\\\/eliminacje-strzeleckie-na-strzelnicy-mysliwskiej-w-borze-w-rudej-malej\\\/#primaryimage\",\"url\":\"https:\\\/\\\/inzynier.rzeszow.pl\\\/wp-content\\\/uploads\\\/2025\\\/04\\\/obraz_2026-01-28_165026877.png\",\"contentUrl\":\"https:\\\/\\\/inzynier.rzeszow.pl\\\/wp-content\\\/uploads\\\/2025\\\/04\\\/obraz_2026-01-28_165026877.png\",\"width\":2000,\"height\":1500},{\"@type\":\"BreadcrumbList\",\"@id\":\"https:\\\/\\\/inzynier.rzeszow.pl\\\/index.php\\\/2025\\\/04\\\/28\\\/eliminacje-strzeleckie-na-strzelnicy-mysliwskiej-w-borze-w-rudej-malej\\\/#breadcrumb\",\"itemListElement\":[{\"@type\":\"ListItem\",\"position\":1,\"name\":\"Strona g\u0142\u00f3wna\",\"item\":\"https:\\\/\\\/inzynier.rzeszow.pl\\\/\"},{\"@type\":\"ListItem\",\"position\":2,\"name\":\"Eliminacje strzeleckie na strzelnicy my\u015bliwskiej w Borze w Rudej Ma\u0142ej\"}]},{\"@type\":\"WebSite\",\"@id\":\"https:\\\/\\\/inzynier.rzeszow.pl\\\/#website\",\"url\":\"https:\\\/\\\/inzynier.rzeszow.pl\\\/\",\"name\":\"Podkarpacka Okregowa Izba Inzynierow Budownictwa\",\"description\":\"\",\"potentialAction\":[{\"@type\":\"SearchAction\",\"target\":{\"@type\":\"EntryPoint\",\"urlTemplate\":\"https:\\\/\\\/inzynier.rzeszow.pl\\\/?s={search_term_string}\"},\"query-input\":{\"@type\":\"PropertyValueSpecification\",\"valueRequired\":true,\"valueName\":\"search_term_string\"}}],\"inLanguage\":\"pl-PL\"},{\"@type\":\"Person\",\"@id\":\"https:\\\/\\\/inzynier.rzeszow.pl\\\/#\\\/schema\\\/person\\\/21ca162d893bdc5760a95d704e9b1e39\",\"name\":\"admin\",\"image\":{\"@type\":\"ImageObject\",\"inLanguage\":\"pl-PL\",\"@id\":\"https:\\\/\\\/secure.gravatar.com\\\/avatar\\\/d5d1959f10b94c8abcf928274f8bb5b8c7370b0dfadb0590911bacad18965f21?s=96&d=mm&r=g\",\"url\":\"https:\\\/\\\/secure.gravatar.com\\\/avatar\\\/d5d1959f10b94c8abcf928274f8bb5b8c7370b0dfadb0590911bacad18965f21?s=96&d=mm&r=g\",\"contentUrl\":\"https:\\\/\\\/secure.gravatar.com\\\/avatar\\\/d5d1959f10b94c8abcf928274f8bb5b8c7370b0dfadb0590911bacad18965f21?s=96&d=mm&r=g\",\"caption\":\"admin\"},\"sameAs\":[\"https:\\\/\\\/migracja.inzynier.rzeszow.pl\"],\"url\":\"https:\\\/\\\/inzynier.rzeszow.pl\\\/index.php\\\/author\\\/kwojcik\\\/\"}]}<\/script>\n<!-- \/ Yoast SEO plugin. -->","yoast_head_json":{"title":"Eliminacje strzeleckie na strzelnicy my\u015bliwskiej w Borze w Rudej Ma\u0142ej - Podkarpacka Okregowa Izba Inzynierow Budownictwa","robots":{"index":"index","follow":"follow","max-snippet":"max-snippet:-1","max-image-preview":"max-image-preview:large","max-video-preview":"max-video-preview:-1"},"canonical":"https:\/\/inzynier.rzeszow.pl\/index.php\/2025\/04\/28\/eliminacje-strzeleckie-na-strzelnicy-mysliwskiej-w-borze-w-rudej-malej\/","og_locale":"pl_PL","og_type":"article","og_title":"Eliminacje strzeleckie na strzelnicy my\u015bliwskiej w Borze w Rudej Ma\u0142ej - Podkarpacka Okregowa Izba Inzynierow Budownictwa","og_description":"W dniu 26 kwietnia 2025 r. na strzelnicy my\u015bliwskiej w Borze w Rudnej Ma\u0142ej odby\u0142o si\u0119 szkolenie i eliminacje do [&hellip;]","og_url":"https:\/\/inzynier.rzeszow.pl\/index.php\/2025\/04\/28\/eliminacje-strzeleckie-na-strzelnicy-mysliwskiej-w-borze-w-rudej-malej\/","og_site_name":"Podkarpacka Okregowa Izba Inzynierow Budownictwa","article_published_time":"2025-04-28T14:17:02+00:00","article_modified_time":"2026-02-13T13:42:04+00:00","og_image":[{"width":1024,"height":768,"url":"https:\/\/inzynier.rzeszow.pl\/wp-content\/uploads\/2025\/04\/obraz_2026-01-28_165026877-1024x768.png","type":"image\/png"}],"author":"admin","twitter_card":"summary_large_image","twitter_misc":{"Napisane przez":"admin","Szacowany czas czytania":"1 minuta"},"schema":{"@context":"https:\/\/schema.org","@graph":[{"@type":"Article","@id":"https:\/\/inzynier.rzeszow.pl\/index.php\/2025\/04\/28\/eliminacje-strzeleckie-na-strzelnicy-mysliwskiej-w-borze-w-rudej-malej\/#article","isPartOf":{"@id":"https:\/\/inzynier.rzeszow.pl\/index.php\/2025\/04\/28\/eliminacje-strzeleckie-na-strzelnicy-mysliwskiej-w-borze-w-rudej-malej\/"},"author":{"name":"admin","@id":"https:\/\/inzynier.rzeszow.pl\/#\/schema\/person\/21ca162d893bdc5760a95d704e9b1e39"},"headline":"Eliminacje strzeleckie na strzelnicy my\u015bliwskiej w Borze w Rudej Ma\u0142ej","datePublished":"2025-04-28T14:17:02+00:00","dateModified":"2026-02-13T13:42:04+00:00","mainEntityOfPage":{"@id":"https:\/\/inzynier.rzeszow.pl\/index.php\/2025\/04\/28\/eliminacje-strzeleckie-na-strzelnicy-mysliwskiej-w-borze-w-rudej-malej\/"},"wordCount":283,"image":{"@id":"https:\/\/inzynier.rzeszow.pl\/index.php\/2025\/04\/28\/eliminacje-strzeleckie-na-strzelnicy-mysliwskiej-w-borze-w-rudej-malej\/#primaryimage"},"thumbnailUrl":"https:\/\/inzynier.rzeszow.pl\/wp-content\/uploads\/2025\/04\/obraz_2026-01-28_165026877.png","articleSection":["Wydarzenia","Z \u017cycia izby","Z \u017cycia Izby Rok 2025"],"inLanguage":"pl-PL"},{"@type":"WebPage","@id":"https:\/\/inzynier.rzeszow.pl\/index.php\/2025\/04\/28\/eliminacje-strzeleckie-na-strzelnicy-mysliwskiej-w-borze-w-rudej-malej\/","url":"https:\/\/inzynier.rzeszow.pl\/index.php\/2025\/04\/28\/eliminacje-strzeleckie-na-strzelnicy-mysliwskiej-w-borze-w-rudej-malej\/","name":"Eliminacje strzeleckie na strzelnicy my\u015bliwskiej w Borze w Rudej Ma\u0142ej - Podkarpacka Okregowa Izba Inzynierow Budownictwa","isPartOf":{"@id":"https:\/\/inzynier.rzeszow.pl\/#website"},"primaryImageOfPage":{"@id":"https:\/\/inzynier.rzeszow.pl\/index.php\/2025\/04\/28\/eliminacje-strzeleckie-na-strzelnicy-mysliwskiej-w-borze-w-rudej-malej\/#primaryimage"},"image":{"@id":"https:\/\/inzynier.rzeszow.pl\/index.php\/2025\/04\/28\/eliminacje-strzeleckie-na-strzelnicy-mysliwskiej-w-borze-w-rudej-malej\/#primaryimage"},"thumbnailUrl":"https:\/\/inzynier.rzeszow.pl\/wp-content\/uploads\/2025\/04\/obraz_2026-01-28_165026877.png","datePublished":"2025-04-28T14:17:02+00:00","dateModified":"2026-02-13T13:42:04+00:00","author":{"@id":"https:\/\/inzynier.rzeszow.pl\/#\/schema\/person\/21ca162d893bdc5760a95d704e9b1e39"},"breadcrumb":{"@id":"https:\/\/inzynier.rzeszow.pl\/index.php\/2025\/04\/28\/eliminacje-strzeleckie-na-strzelnicy-mysliwskiej-w-borze-w-rudej-malej\/#breadcrumb"},"inLanguage":"pl-PL","potentialAction":[{"@type":"ReadAction","target":["https:\/\/inzynier.rzeszow.pl\/index.php\/2025\/04\/28\/eliminacje-strzeleckie-na-strzelnicy-mysliwskiej-w-borze-w-rudej-malej\/"]}]},{"@type":"ImageObject","inLanguage":"pl-PL","@id":"https:\/\/inzynier.rzeszow.pl\/index.php\/2025\/04\/28\/eliminacje-strzeleckie-na-strzelnicy-mysliwskiej-w-borze-w-rudej-malej\/#primaryimage","url":"https:\/\/inzynier.rzeszow.pl\/wp-content\/uploads\/2025\/04\/obraz_2026-01-28_165026877.png","contentUrl":"https:\/\/inzynier.rzeszow.pl\/wp-content\/uploads\/2025\/04\/obraz_2026-01-28_165026877.png","width":2000,"height":1500},{"@type":"BreadcrumbList","@id":"https:\/\/inzynier.rzeszow.pl\/index.php\/2025\/04\/28\/eliminacje-strzeleckie-na-strzelnicy-mysliwskiej-w-borze-w-rudej-malej\/#breadcrumb","itemListElement":[{"@type":"ListItem","position":1,"name":"Strona g\u0142\u00f3wna","item":"https:\/\/inzynier.rzeszow.pl\/"},{"@type":"ListItem","position":2,"name":"Eliminacje strzeleckie na strzelnicy my\u015bliwskiej w Borze w Rudej Ma\u0142ej"}]},{"@type":"WebSite","@id":"https:\/\/inzynier.rzeszow.pl\/#website","url":"https:\/\/inzynier.rzeszow.pl\/","name":"Podkarpacka Okregowa Izba Inzynierow Budownictwa","description":"","potentialAction":[{"@type":"SearchAction","target":{"@type":"EntryPoint","urlTemplate":"https:\/\/inzynier.rzeszow.pl\/?s={search_term_string}"},"query-input":{"@type":"PropertyValueSpecification","valueRequired":true,"valueName":"search_term_string"}}],"inLanguage":"pl-PL"},{"@type":"Person","@id":"https:\/\/inzynier.rzeszow.pl\/#\/schema\/person\/21ca162d893bdc5760a95d704e9b1e39","name":"admin","image":{"@type":"ImageObject","inLanguage":"pl-PL","@id":"https:\/\/secure.gravatar.com\/avatar\/d5d1959f10b94c8abcf928274f8bb5b8c7370b0dfadb0590911bacad18965f21?s=96&d=mm&r=g","url":"https:\/\/secure.gravatar.com\/avatar\/d5d1959f10b94c8abcf928274f8bb5b8c7370b0dfadb0590911bacad18965f21?s=96&d=mm&r=g","contentUrl":"https:\/\/secure.gravatar.com\/avatar\/d5d1959f10b94c8abcf928274f8bb5b8c7370b0dfadb0590911bacad18965f21?s=96&d=mm&r=g","caption":"admin"},"sameAs":["https:\/\/migracja.inzynier.rzeszow.pl"],"url":"https:\/\/inzynier.rzeszow.pl\/index.php\/author\/kwojcik\/"}]}},"rttpg_featured_image_url":{"full":["https:\/\/inzynier.rzeszow.pl\/wp-content\/uploads\/2025\/04\/obraz_2026-01-28_165026877.png",2000,1500,false],"landscape":["https:\/\/inzynier.rzeszow.pl\/wp-content\/uploads\/2025\/04\/obraz_2026-01-28_165026877.png",2000,1500,false],"portraits":["https:\/\/inzynier.rzeszow.pl\/wp-content\/uploads\/2025\/04\/obraz_2026-01-28_165026877.png",2000,1500,false],"thumbnail":["https:\/\/inzynier.rzeszow.pl\/wp-content\/uploads\/2025\/04\/obraz_2026-01-28_165026877-150x150.png",150,150,true],"medium":["https:\/\/inzynier.rzeszow.pl\/wp-content\/uploads\/2025\/04\/obraz_2026-01-28_165026877-300x225.png",300,225,true],"large":["https:\/\/inzynier.rzeszow.pl\/wp-content\/uploads\/2025\/04\/obraz_2026-01-28_165026877-1024x768.png",1024,768,true],"1536x1536":["https:\/\/inzynier.rzeszow.pl\/wp-content\/uploads\/2025\/04\/obraz_2026-01-28_165026877-1536x1152.png",1536,1152,true],"2048x2048":["https:\/\/inzynier.rzeszow.pl\/wp-content\/uploads\/2025\/04\/obraz_2026-01-28_165026877.png",2000,1500,false]},"rttpg_author":{"display_name":"admin","author_link":"https:\/\/inzynier.rzeszow.pl\/index.php\/author\/kwojcik\/"},"rttpg_comment":0,"rttpg_category":"<a href=\"https:\/\/inzynier.rzeszow.pl\/index.php\/category\/wydarzenia\/\" rel=\"category tag\">Wydarzenia<\/a> <a href=\"https:\/\/inzynier.rzeszow.pl\/index.php\/category\/z-zycia-izby\/\" rel=\"category tag\">Z \u017cycia izby<\/a> <a href=\"https:\/\/inzynier.rzeszow.pl\/index.php\/category\/z-zycia-izby\/z-zycia-izby-rok-2025\/\" rel=\"category tag\">Z \u017cycia Izby Rok 2025<\/a>","rttpg_excerpt":"W dniu 26 kwietnia 2025 r. na strzelnicy my\u015bliwskiej w Borze w Rudnej Ma\u0142ej odby\u0142o si\u0119 szkolenie i eliminacje do [&hellip;]","_links":{"self":[{"href":"https:\/\/inzynier.rzeszow.pl\/index.php\/wp-json\/wp\/v2\/posts\/3199","targetHints":{"allow":["GET"]}}],"collection":[{"href":"https:\/\/inzynier.rzeszow.pl\/index.php\/wp-json\/wp\/v2\/posts"}],"about":[{"href":"https:\/\/inzynier.rzeszow.pl\/index.php\/wp-json\/wp\/v2\/types\/post"}],"author":[{"embeddable":true,"href":"https:\/\/inzynier.rzeszow.pl\/index.php\/wp-json\/wp\/v2\/users\/1"}],"replies":[{"embeddable":true,"href":"https:\/\/inzynier.rzeszow.pl\/index.php\/wp-json\/wp\/v2\/comments?post=3199"}],"version-history":[{"count":4,"href":"https:\/\/inzynier.rzeszow.pl\/index.php\/wp-json\/wp\/v2\/posts\/3199\/revisions"}],"predecessor-version":[{"id":3356,"href":"https:\/\/inzynier.rzeszow.pl\/index.php\/wp-json\/wp\/v2\/posts\/3199\/revisions\/3356"}],"wp:featuredmedia":[{"embeddable":true,"href":"https:\/\/inzynier.rzeszow.pl\/index.php\/wp-json\/wp\/v2\/media\/3352"}],"wp:attachment":[{"href":"https:\/\/inzynier.rzeszow.pl\/index.php\/wp-json\/wp\/v2\/media?parent=3199"}],"wp:term":[{"taxonomy":"category","embeddable":true,"href":"https:\/\/inzynier.rzeszow.pl\/index.php\/wp-json\/wp\/v2\/categories?post=3199"},{"taxonomy":"post_tag","embeddable":true,"href":"https:\/\/inzynier.rzeszow.pl\/index.php\/wp-json\/wp\/v2\/tags?post=3199"}],"curies":[{"name":"wp","href":"https:\/\/api.w.org\/{rel}","templated":true}]}}