{"id":3130,"date":"2025-09-19T10:57:11","date_gmt":"2025-09-19T10:57:11","guid":{"rendered":"https:\/\/migracja.inzynier.rzeszow.pl\/?p=3130"},"modified":"2026-02-13T13:36:55","modified_gmt":"2026-02-13T13:36:55","slug":"podkarpacka-oiib-organizatorem-szkolenia-organow-oroz-i-osd-oiib-polski-poludniowej-15-17-09-2025-r-arlamow","status":"publish","type":"post","link":"https:\/\/inzynier.rzeszow.pl\/index.php\/2025\/09\/19\/podkarpacka-oiib-organizatorem-szkolenia-organow-oroz-i-osd-oiib-polski-poludniowej-15-17-09-2025-r-arlamow\/","title":{"rendered":"Podkarpacka OIIB organizatorem szkolenia organ\u00f3w OROZ i OSD OIIB Polski Po\u0142udniowej \u2013 15-17.09.2025 r., Ar\u0142am\u00f3w"},"content":{"rendered":"\t\t<div data-elementor-type=\"wp-post\" data-elementor-id=\"3130\" class=\"elementor elementor-3130\" data-elementor-post-type=\"post\">\n\t\t\t\t<div class=\"elementor-element elementor-element-4f70bb6 e-flex e-con-boxed e-con e-parent\" data-id=\"4f70bb6\" data-element_type=\"container\" data-e-type=\"container\">\n\t\t\t\t\t<div class=\"e-con-inner\">\n\t\t<div class=\"elementor-element elementor-element-44b5713 e-con-full e-flex e-con e-child\" data-id=\"44b5713\" data-element_type=\"container\" data-e-type=\"container\">\n\t\t\t\t<div class=\"elementor-element elementor-element-f3497ff elementor-widget elementor-widget-image\" data-id=\"f3497ff\" data-element_type=\"widget\" data-e-type=\"widget\" data-widget_type=\"image.default\">\n\t\t\t\t\t\t\t\t\t\t\t\t\t\t\t<img fetchpriority=\"high\" decoding=\"async\" width=\"1024\" height=\"768\" src=\"https:\/\/inzynier.rzeszow.pl\/wp-content\/uploads\/2025\/09\/obraz_2026-01-27_115759996-1024x768.png\" class=\"attachment-large size-large wp-image-3132\" alt=\"\" srcset=\"https:\/\/inzynier.rzeszow.pl\/wp-content\/uploads\/2025\/09\/obraz_2026-01-27_115759996-1024x768.png 1024w, https:\/\/inzynier.rzeszow.pl\/wp-content\/uploads\/2025\/09\/obraz_2026-01-27_115759996-300x225.png 300w, https:\/\/inzynier.rzeszow.pl\/wp-content\/uploads\/2025\/09\/obraz_2026-01-27_115759996-768x576.png 768w, https:\/\/inzynier.rzeszow.pl\/wp-content\/uploads\/2025\/09\/obraz_2026-01-27_115759996-1536x1152.png 1536w, https:\/\/inzynier.rzeszow.pl\/wp-content\/uploads\/2025\/09\/obraz_2026-01-27_115759996.png 2048w\" sizes=\"(max-width: 1024px) 100vw, 1024px\" \/>\t\t\t\t\t\t\t\t\t\t\t\t\t\t\t<\/div>\n\t\t\t\t<\/div>\n\t\t<div class=\"elementor-element elementor-element-5c2e3bd e-con-full e-flex e-con e-child\" data-id=\"5c2e3bd\" data-element_type=\"container\" data-e-type=\"container\">\n\t\t\t\t<div class=\"elementor-element elementor-element-d681aaf elementor-widget elementor-widget-text-editor\" data-id=\"d681aaf\" data-element_type=\"widget\" data-e-type=\"widget\" data-widget_type=\"text-editor.default\">\n\t\t\t\t\t\t\t\t\t<p>Tym razem to naszej Podkarpackiej OIIB, przypad\u0142a w udziale organizacja szkolenia dla organ\u00f3w okr\u0119gowego rzecznika odpowiedzialno\u015bci zawodowej oraz okr\u0119gowych s\u0105d\u00f3w dyscyplinarnych Polski Po\u0142udniowej, tj. dla izb dolno\u015bl\u0105skiej, opolskiej, \u015bl\u0105skiej, ma\u0142opolskiej i podkarpackiej.\u00a0<br \/><br \/>Gospodarzem tegorocznej jesiennej edycji szkolenia jest prezydium OR PDK OIIB na czele z\u00a0przewodnicz\u0105cym Grzegorzem Dubikiem.\u00a0<span class=\"x193iq5w xeuugli x13faqbe x1vvkbs x1xmvt09 x1lliihq x1s928wv xhkezso x1gmr53x x1cpjm7i x1fgarty x1943h6x xudqn12 x3x7a5m x1f6kntn xvq8zen xo1l8bm xzsf02u x1yc453h\">Gospodarzami spotkania s\u0105 tak\u017ce\u00a0 Koordynator OROZ\u00a0<\/span><span class=\"x193iq5w xeuugli x13faqbe x1vvkbs x1xmvt09 x1lliihq x1s928wv xhkezso x1gmr53x x1cpjm7i x1fgarty x1943h6x xudqn12 x3x7a5m x1f6kntn xvq8zen xo1l8bm xzsf02u x1yc453h\">El\u017cbieta Kosior<\/span><span class=\"x193iq5w xeuugli x13faqbe x1vvkbs x1xmvt09 x1lliihq x1s928wv xhkezso x1gmr53x x1cpjm7i x1fgarty x1943h6x xudqn12 x3x7a5m x1f6kntn xvq8zen xo1l8bm xzsf02u x1yc453h\">\u00a0i przewodnicz\u0105cy OSD PDK OIIB\u00a0<\/span><span class=\"x193iq5w xeuugli x13faqbe x1vvkbs x1xmvt09 x1lliihq x1s928wv xhkezso x1gmr53x x1cpjm7i x1fgarty x1943h6x xudqn12 x3x7a5m x1f6kntn xvq8zen xo1l8bm xzsf02u x1yc453h\">Jerzy Madera.<\/span><\/p><p>W wydarzeniu bior\u0105 udzia\u0142 tak\u017ce przewodnicz\u0105cy OR SLK OIIB Roman Karwowski, przewodnicz\u0105cy OR MAP OIIB Miros\u0142aw Boryczko, a tak\u017ce przedstawiciele organ\u00f3w krajowych: przewodnicz\u0105cy Krajowego S\u0105du Dyscyplinarnego PIIB Marian Zdunek, Krajowy Rzecznik Odpowiedzialno\u015bci Zawodowej &#8211; Koordynator Dariusz Walasek, przewodnicz\u0105ca Krajowej Komisji Rewizyjnej Urszula Kallik, b\u0119d\u0105ca jednocze\u015bnie OROZ w \u00a0SLK OIIB, cz\u0142onkowie KSD PIIB: Renata \u0141ab\u0119d\u017a, Gilbert Okulicz-Kozaryn, Tadeusz Sopata i Krzysztof Cyrulik.\u00a0<\/p>\t\t\t\t\t\t\t\t<\/div>\n\t\t\t\t<\/div>\n\t\t\t\t\t<\/div>\n\t\t\t\t<\/div>\n\t\t<div class=\"elementor-element elementor-element-9e80422 e-flex e-con-boxed e-con e-parent\" data-id=\"9e80422\" data-element_type=\"container\" data-e-type=\"container\">\n\t\t\t\t\t<div class=\"e-con-inner\">\n\t\t\t\t<div class=\"elementor-element elementor-element-9d40443 elementor-widget elementor-widget-text-editor\" data-id=\"9d40443\" data-element_type=\"widget\" data-e-type=\"widget\" data-widget_type=\"text-editor.default\">\n\t\t\t\t\t\t\t\t\t<p>Ponadto organ Krajowego Rzecznika Odpowiedzialno\u015bci Zawodowej PIIB reprezentuj\u0105: Waldemar Szleper i\u00a0Ryszard Mes. Swoj\u0105 obecno\u015b\u0107 potwierdzili tak\u017ce prawnicy Polskiej Izby In\u017cynier\u00f3w Budownictwa: Jolanta Szewczyk i Krzysztof Zaj\u0105c.<\/p><p>Dwudniowe wyk\u0142ady i warsztaty dla uczestnik\u00f3w poprowadzi radca prawny i psycholog mec. Artur Kosturek wsp\u00f3\u0142pracuj\u0105cy z Podkarpack\u0105 OIIB.<br \/>Pierwszego dnia zebrani wys\u0142uchali ciekawego wyk\u0142adu pt.\u00a0<em>\u201eJak \u017cy\u0107 In\u017cynierze?&#8221;- filozoficzno-psychologiczno-prawne rozwa\u017cania oparte na faktach.<\/em><\/p>\t\t\t\t\t\t\t\t<\/div>\n\t\t\t\t\t<\/div>\n\t\t\t\t<\/div>\n\t\t<div class=\"elementor-element elementor-element-c92df10 e-flex e-con-boxed e-con e-parent\" data-id=\"c92df10\" data-element_type=\"container\" data-e-type=\"container\">\n\t\t\t\t\t<div class=\"e-con-inner\">\n\t\t\t\t<div class=\"elementor-element elementor-element-7432787 elementor-widget elementor-widget-gallery\" data-id=\"7432787\" data-element_type=\"widget\" data-e-type=\"widget\" data-settings=\"{&quot;columns&quot;:2,&quot;lazyload&quot;:&quot;yes&quot;,&quot;gallery_layout&quot;:&quot;grid&quot;,&quot;columns_tablet&quot;:2,&quot;columns_mobile&quot;:1,&quot;gap&quot;:{&quot;unit&quot;:&quot;px&quot;,&quot;size&quot;:10,&quot;sizes&quot;:[]},&quot;gap_tablet&quot;:{&quot;unit&quot;:&quot;px&quot;,&quot;size&quot;:10,&quot;sizes&quot;:[]},&quot;gap_mobile&quot;:{&quot;unit&quot;:&quot;px&quot;,&quot;size&quot;:10,&quot;sizes&quot;:[]},&quot;link_to&quot;:&quot;file&quot;,&quot;aspect_ratio&quot;:&quot;3:2&quot;,&quot;overlay_background&quot;:&quot;yes&quot;,&quot;content_hover_animation&quot;:&quot;fade-in&quot;}\" data-widget_type=\"gallery.default\">\n\t\t\t\t\t\t\t<div class=\"elementor-gallery__container\">\n\t\t\t\t\t\t\t<a class=\"e-gallery-item elementor-gallery-item elementor-animated-content\" href=\"https:\/\/inzynier.rzeszow.pl\/wp-content\/uploads\/2025\/09\/obraz_2026-01-27_120057401.png\" data-elementor-open-lightbox=\"yes\" data-elementor-lightbox-slideshow=\"7432787\" data-e-action-hash=\"#elementor-action%3Aaction%3Dlightbox%26settings%3DeyJpZCI6MzEzMywidXJsIjoiaHR0cHM6XC9cL2luenluaWVyLnJ6ZXN6b3cucGxcL3dwLWNvbnRlbnRcL3VwbG9hZHNcLzIwMjVcLzA5XC9vYnJhel8yMDI2LTAxLTI3XzEyMDA1NzQwMS5wbmciLCJzbGlkZXNob3ciOiI3NDMyNzg3In0%3D\">\n\t\t\t\t\t<div class=\"e-gallery-image elementor-gallery-item__image\" data-thumbnail=\"https:\/\/inzynier.rzeszow.pl\/wp-content\/uploads\/2025\/09\/obraz_2026-01-27_120057401-768x575.png\" data-width=\"768\" data-height=\"575\" aria-label=\"\" role=\"img\" ><\/div>\n\t\t\t\t\t\t\t\t\t\t\t<div class=\"elementor-gallery-item__overlay\"><\/div>\n\t\t\t\t\t\t\t\t\t\t\t\t\t\t<\/a>\n\t\t\t\t\t\t\t<a class=\"e-gallery-item elementor-gallery-item elementor-animated-content\" href=\"https:\/\/inzynier.rzeszow.pl\/wp-content\/uploads\/2025\/09\/obraz_2026-01-27_120102117.png\" data-elementor-open-lightbox=\"yes\" data-elementor-lightbox-slideshow=\"7432787\" data-e-action-hash=\"#elementor-action%3Aaction%3Dlightbox%26settings%3DeyJpZCI6MzEzNCwidXJsIjoiaHR0cHM6XC9cL2luenluaWVyLnJ6ZXN6b3cucGxcL3dwLWNvbnRlbnRcL3VwbG9hZHNcLzIwMjVcLzA5XC9vYnJhel8yMDI2LTAxLTI3XzEyMDEwMjExNy5wbmciLCJzbGlkZXNob3ciOiI3NDMyNzg3In0%3D\">\n\t\t\t\t\t<div class=\"e-gallery-image elementor-gallery-item__image\" data-thumbnail=\"https:\/\/inzynier.rzeszow.pl\/wp-content\/uploads\/2025\/09\/obraz_2026-01-27_120102117-768x576.png\" data-width=\"768\" data-height=\"576\" aria-label=\"\" role=\"img\" ><\/div>\n\t\t\t\t\t\t\t\t\t\t\t<div class=\"elementor-gallery-item__overlay\"><\/div>\n\t\t\t\t\t\t\t\t\t\t\t\t\t\t<\/a>\n\t\t\t\t\t<\/div>\n\t\t\t\t\t<\/div>\n\t\t\t\t\t<\/div>\n\t\t\t\t<\/div>\n\t\t<div class=\"elementor-element elementor-element-70640ab e-flex e-con-boxed e-con e-parent\" data-id=\"70640ab\" data-element_type=\"container\" data-e-type=\"container\">\n\t\t\t\t\t<div class=\"e-con-inner\">\n\t\t\t\t<div class=\"elementor-element elementor-element-999e08f elementor-widget elementor-widget-text-editor\" data-id=\"999e08f\" data-element_type=\"widget\" data-e-type=\"widget\" data-widget_type=\"text-editor.default\">\n\t\t\t\t\t\t\t\t\t<p>Natomiast w\u00a0drugim dniu zorganizowano ca\u0142odzienne warsztaty polegaj\u0105ce na inscenizacji przebiegu rozprawy z tytu\u0142u odpowiedzialno\u015bci zawodowej, kolejno zaproponowano dyskusj\u0119 dot. wykonywania orzecze\u0144 s\u0105d\u00f3w dyscyplinarnych. By\u0142a to \u015bwietna okazja do zaanga\u017cowania cz\u0142onk\u00f3w organ\u00f3w i przyby\u0142ych go\u015bci w aktywny udzia\u0142 w warsztatach.<\/p><p>Jednym z g\u0142\u00f3wnych zada\u0144 na\u0142o\u017conych na cz\u0142onk\u00f3w ww. organ\u00f3w, kt\u00f3re wymienione s\u0105 w\u00a0uchwalonych trybach post\u0119powania rzecznik\u00f3w odpowiedzialno\u015bci zawodowej i s\u0105d\u00f3w dyscyplinarnych w post\u0119powaniu w sprawach odpowiedzialno\u015bci zawodowej w budownictwie jest podnoszenie kwalifikacji, s\u0119dzi\u00f3w, rzecznik\u00f3w oraz pracownik\u00f3w obs\u0142ugi poprzez szkolenia. Jest to szczeg\u00f3lnie wa\u017cne przy zmieniaj\u0105cych si\u0119 przepisach prawnych i\u00a0regulaminach. Wa\u017cnym aspektem przeprowadzanych szkole\u0144 jest mo\u017cliwo\u015b\u0107 wymiany uwag i spostrze\u017ce\u0144 pomi\u0119dzy poszczeg\u00f3lnymi izbami, a rozmowy kuluarowe s\u0105 w takim przypadku warto\u015bci\u0105 dodan\u0105.\u00a0<br \/><br \/>Warto nadmieni\u0107, \u017ce spotkanie w Ar\u0142amowie jest ostatnim szkoleniem w tej kadencji i w takim sk\u0142adzie osobowym, wi\u0119c jest to doskona\u0142a okazja do wspomnie\u0144 i refleksji, a\u00a0przede wszystkim do dokonania podsumowa\u0144.<\/p><p>Dzi\u0119kujemy wszystkim za liczne przybycie i aktywny udzia\u0142, a okr\u0119gowym izbom za\u00a0wydelegowanie swoich przedstawicieli. Dodatkowo sk\u0142adamy podzi\u0119kowania podkarpackim samorz\u0105dom terytorialnym za udostepnienie i przygotowanie folder\u00f3w i broszur ukazuj\u0105cych walory, potencja\u0142 oraz dziedzictwo kulturowe Podkarpacia, natomiast sponsorom za materia\u0142y pi\u015bmiennicze i gad\u017cety,\u00a0 kt\u00f3re mogli\u015bmy przekaza\u0107 uczestnikom.<\/p><p>Natomiast w\u00a0drugim dniu zorganizowano ca\u0142odzienne warsztaty polegaj\u0105ce na inscenizacji przebiegu rozprawy z tytu\u0142u odpowiedzialno\u015bci zawodowej, kolejno zaproponowano dyskusj\u0119 dot. wykonywania orzecze\u0144 s\u0105d\u00f3w dyscyplinarnych. By\u0142a to \u015bwietna okazja do zaanga\u017cowania cz\u0142onk\u00f3w organ\u00f3w i przyby\u0142ych go\u015bci w aktywny udzia\u0142 w warsztatach.<\/p><p>Jednym z g\u0142\u00f3wnych zada\u0144 na\u0142o\u017conych na cz\u0142onk\u00f3w ww. organ\u00f3w, kt\u00f3re wymienione s\u0105 w\u00a0uchwalonych trybach post\u0119powania rzecznik\u00f3w odpowiedzialno\u015bci zawodowej i s\u0105d\u00f3w dyscyplinarnych w post\u0119powaniu w sprawach odpowiedzialno\u015bci zawodowej w budownictwie jest podnoszenie kwalifikacji, s\u0119dzi\u00f3w, rzecznik\u00f3w oraz pracownik\u00f3w obs\u0142ugi poprzez szkolenia. Jest to szczeg\u00f3lnie wa\u017cne przy zmieniaj\u0105cych si\u0119 przepisach prawnych i\u00a0regulaminach. Wa\u017cnym aspektem przeprowadzanych szkole\u0144 jest mo\u017cliwo\u015b\u0107 wymiany uwag i spostrze\u017ce\u0144 pomi\u0119dzy poszczeg\u00f3lnymi izbami, a rozmowy kuluarowe s\u0105 w takim przypadku warto\u015bci\u0105 dodan\u0105.\u00a0<br \/><br \/>Warto nadmieni\u0107, \u017ce spotkanie w Ar\u0142amowie jest ostatnim szkoleniem w tej kadencji i w takim sk\u0142adzie osobowym, wi\u0119c jest to doskona\u0142a okazja do wspomnie\u0144 i refleksji, a\u00a0przede wszystkim do dokonania podsumowa\u0144.<\/p><p>Dzi\u0119kujemy wszystkim za liczne przybycie i aktywny udzia\u0142, a okr\u0119gowym izbom za\u00a0wydelegowanie swoich przedstawicieli. Dodatkowo sk\u0142adamy podzi\u0119kowania podkarpackim samorz\u0105dom terytorialnym za udostepnienie i przygotowanie folder\u00f3w i broszur ukazuj\u0105cych walory, potencja\u0142 oraz dziedzictwo kulturowe Podkarpacia, natomiast sponsorom za materia\u0142y pi\u015bmiennicze i gad\u017cety,\u00a0 kt\u00f3re mogli\u015bmy przekaza\u0107 uczestnikom.<\/p>\t\t\t\t\t\t\t\t<\/div>\n\t\t\t\t\t<\/div>\n\t\t\t\t<\/div>\n\t\t<div class=\"elementor-element elementor-element-8e679a5 e-flex e-con-boxed e-con e-parent\" data-id=\"8e679a5\" data-element_type=\"container\" data-e-type=\"container\">\n\t\t\t\t\t<div class=\"e-con-inner\">\n\t\t\t\t<div class=\"elementor-element elementor-element-a449776 elementor-widget__width-inherit elementor-icon-list--layout-traditional elementor-list-item-link-full_width elementor-widget elementor-widget-icon-list\" data-id=\"a449776\" data-element_type=\"widget\" data-e-type=\"widget\" data-widget_type=\"icon-list.default\">\n\t\t\t\t\t\t\t<ul class=\"elementor-icon-list-items\">\n\t\t\t\t\t\t\t<li class=\"elementor-icon-list-item\">\n\t\t\t\t\t\t\t\t\t\t\t<a href=\"https:\/\/www.facebook.com\/PodkarpackaOIIB\/posts\/pfbid02251PBYGjtN4oZNTeuLsX6VSMiLfGbprugdWHxYc6tXHxzMzTj6yrLn11S9L2QfGcl\">\n\n\t\t\t\t\t\t\t\t\t\t\t\t<span class=\"elementor-icon-list-icon\">\n\t\t\t\t\t\t\t<svg aria-hidden=\"true\" class=\"e-font-icon-svg e-fas-arrow-circle-right\" viewBox=\"0 0 512 512\" xmlns=\"http:\/\/www.w3.org\/2000\/svg\"><path d=\"M256 8c137 0 248 111 248 248S393 504 256 504 8 393 8 256 119 8 256 8zm-28.9 143.6l75.5 72.4H120c-13.3 0-24 10.7-24 24v16c0 13.3 10.7 24 24 24h182.6l-75.5 72.4c-9.7 9.3-9.9 24.8-.4 34.3l11 10.9c9.4 9.4 24.6 9.4 33.9 0L404.3 273c9.4-9.4 9.4-24.6 0-33.9L271.6 106.3c-9.4-9.4-24.6-9.4-33.9 0l-11 10.9c-9.5 9.6-9.3 25.1.4 34.4z\"><\/path><\/svg>\t\t\t\t\t\t<\/span>\n\t\t\t\t\t\t\t\t\t\t<span class=\"elementor-icon-list-text\">Galeria fotograficzna z szkolenia organ\u00f3w OROZ i OSD OIIB Polski Po\u0142udniowej \u2013 15-17 wrze\u015bnia 2025 r., Ar\u0142am\u00f3w<\/span>\n\t\t\t\t\t\t\t\t\t\t\t<\/a>\n\t\t\t\t\t\t\t\t\t<\/li>\n\t\t\t\t\t\t<\/ul>\n\t\t\t\t\t\t<\/div>\n\t\t\t\t\t<\/div>\n\t\t\t\t<\/div>\n\t\t<div class=\"elementor-element elementor-element-80806fa e-flex e-con-boxed e-con e-parent\" data-id=\"80806fa\" data-element_type=\"container\" data-e-type=\"container\">\n\t\t\t\t\t<div class=\"e-con-inner\">\n\t\t\t\t<div class=\"elementor-element elementor-element-9f7d6b4 elementor-widget elementor-widget-gallery\" data-id=\"9f7d6b4\" data-element_type=\"widget\" data-e-type=\"widget\" data-settings=\"{&quot;columns&quot;:3,&quot;lazyload&quot;:&quot;yes&quot;,&quot;gallery_layout&quot;:&quot;grid&quot;,&quot;columns_tablet&quot;:2,&quot;columns_mobile&quot;:1,&quot;gap&quot;:{&quot;unit&quot;:&quot;px&quot;,&quot;size&quot;:10,&quot;sizes&quot;:[]},&quot;gap_tablet&quot;:{&quot;unit&quot;:&quot;px&quot;,&quot;size&quot;:10,&quot;sizes&quot;:[]},&quot;gap_mobile&quot;:{&quot;unit&quot;:&quot;px&quot;,&quot;size&quot;:10,&quot;sizes&quot;:[]},&quot;link_to&quot;:&quot;file&quot;,&quot;aspect_ratio&quot;:&quot;3:2&quot;,&quot;overlay_background&quot;:&quot;yes&quot;,&quot;content_hover_animation&quot;:&quot;fade-in&quot;}\" data-widget_type=\"gallery.default\">\n\t\t\t\t\t\t\t<div class=\"elementor-gallery__container\">\n\t\t\t\t\t\t\t<a class=\"e-gallery-item elementor-gallery-item elementor-animated-content\" href=\"https:\/\/inzynier.rzeszow.pl\/wp-content\/uploads\/2025\/09\/obraz_2026-01-27_120236164.png\" data-elementor-open-lightbox=\"yes\" data-elementor-lightbox-slideshow=\"9f7d6b4\" data-e-action-hash=\"#elementor-action%3Aaction%3Dlightbox%26settings%3DeyJpZCI6MzEzNSwidXJsIjoiaHR0cHM6XC9cL2luenluaWVyLnJ6ZXN6b3cucGxcL3dwLWNvbnRlbnRcL3VwbG9hZHNcLzIwMjVcLzA5XC9vYnJhel8yMDI2LTAxLTI3XzEyMDIzNjE2NC5wbmciLCJzbGlkZXNob3ciOiI5ZjdkNmI0In0%3D\">\n\t\t\t\t\t<div class=\"e-gallery-image elementor-gallery-item__image\" data-thumbnail=\"https:\/\/inzynier.rzeszow.pl\/wp-content\/uploads\/2025\/09\/obraz_2026-01-27_120236164-768x576.png\" data-width=\"768\" data-height=\"576\" aria-label=\"\" role=\"img\" ><\/div>\n\t\t\t\t\t\t\t\t\t\t\t<div class=\"elementor-gallery-item__overlay\"><\/div>\n\t\t\t\t\t\t\t\t\t\t\t\t\t\t<\/a>\n\t\t\t\t\t\t\t<a class=\"e-gallery-item elementor-gallery-item elementor-animated-content\" href=\"https:\/\/inzynier.rzeszow.pl\/wp-content\/uploads\/2025\/09\/obraz_2026-01-27_120241862.png\" data-elementor-open-lightbox=\"yes\" data-elementor-lightbox-slideshow=\"9f7d6b4\" data-e-action-hash=\"#elementor-action%3Aaction%3Dlightbox%26settings%3DeyJpZCI6MzEzNiwidXJsIjoiaHR0cHM6XC9cL2luenluaWVyLnJ6ZXN6b3cucGxcL3dwLWNvbnRlbnRcL3VwbG9hZHNcLzIwMjVcLzA5XC9vYnJhel8yMDI2LTAxLTI3XzEyMDI0MTg2Mi5wbmciLCJzbGlkZXNob3ciOiI5ZjdkNmI0In0%3D\">\n\t\t\t\t\t<div class=\"e-gallery-image elementor-gallery-item__image\" data-thumbnail=\"https:\/\/inzynier.rzeszow.pl\/wp-content\/uploads\/2025\/09\/obraz_2026-01-27_120241862-768x576.png\" data-width=\"768\" data-height=\"576\" aria-label=\"\" role=\"img\" ><\/div>\n\t\t\t\t\t\t\t\t\t\t\t<div class=\"elementor-gallery-item__overlay\"><\/div>\n\t\t\t\t\t\t\t\t\t\t\t\t\t\t<\/a>\n\t\t\t\t\t\t\t<a class=\"e-gallery-item elementor-gallery-item elementor-animated-content\" href=\"https:\/\/inzynier.rzeszow.pl\/wp-content\/uploads\/2025\/09\/obraz_2026-01-27_120247601.png\" data-elementor-open-lightbox=\"yes\" data-elementor-lightbox-slideshow=\"9f7d6b4\" data-e-action-hash=\"#elementor-action%3Aaction%3Dlightbox%26settings%3DeyJpZCI6MzEzNywidXJsIjoiaHR0cHM6XC9cL2luenluaWVyLnJ6ZXN6b3cucGxcL3dwLWNvbnRlbnRcL3VwbG9hZHNcLzIwMjVcLzA5XC9vYnJhel8yMDI2LTAxLTI3XzEyMDI0NzYwMS5wbmciLCJzbGlkZXNob3ciOiI5ZjdkNmI0In0%3D\">\n\t\t\t\t\t<div class=\"e-gallery-image elementor-gallery-item__image\" data-thumbnail=\"https:\/\/inzynier.rzeszow.pl\/wp-content\/uploads\/2025\/09\/obraz_2026-01-27_120247601-768x576.png\" data-width=\"768\" data-height=\"576\" aria-label=\"\" role=\"img\" ><\/div>\n\t\t\t\t\t\t\t\t\t\t\t<div class=\"elementor-gallery-item__overlay\"><\/div>\n\t\t\t\t\t\t\t\t\t\t\t\t\t\t<\/a>\n\t\t\t\t\t\t\t<a class=\"e-gallery-item elementor-gallery-item elementor-animated-content\" href=\"https:\/\/inzynier.rzeszow.pl\/wp-content\/uploads\/2025\/09\/obraz_2026-01-27_120253933.png\" data-elementor-open-lightbox=\"yes\" data-elementor-lightbox-slideshow=\"9f7d6b4\" data-e-action-hash=\"#elementor-action%3Aaction%3Dlightbox%26settings%3DeyJpZCI6MzEzOCwidXJsIjoiaHR0cHM6XC9cL2luenluaWVyLnJ6ZXN6b3cucGxcL3dwLWNvbnRlbnRcL3VwbG9hZHNcLzIwMjVcLzA5XC9vYnJhel8yMDI2LTAxLTI3XzEyMDI1MzkzMy5wbmciLCJzbGlkZXNob3ciOiI5ZjdkNmI0In0%3D\">\n\t\t\t\t\t<div class=\"e-gallery-image elementor-gallery-item__image\" data-thumbnail=\"https:\/\/inzynier.rzeszow.pl\/wp-content\/uploads\/2025\/09\/obraz_2026-01-27_120253933-768x576.png\" data-width=\"768\" data-height=\"576\" aria-label=\"\" role=\"img\" ><\/div>\n\t\t\t\t\t\t\t\t\t\t\t<div class=\"elementor-gallery-item__overlay\"><\/div>\n\t\t\t\t\t\t\t\t\t\t\t\t\t\t<\/a>\n\t\t\t\t\t\t\t<a class=\"e-gallery-item elementor-gallery-item elementor-animated-content\" href=\"https:\/\/inzynier.rzeszow.pl\/wp-content\/uploads\/2025\/09\/obraz_2026-01-27_120258880.png\" data-elementor-open-lightbox=\"yes\" data-elementor-lightbox-slideshow=\"9f7d6b4\" data-e-action-hash=\"#elementor-action%3Aaction%3Dlightbox%26settings%3DeyJpZCI6MzEzOSwidXJsIjoiaHR0cHM6XC9cL2luenluaWVyLnJ6ZXN6b3cucGxcL3dwLWNvbnRlbnRcL3VwbG9hZHNcLzIwMjVcLzA5XC9vYnJhel8yMDI2LTAxLTI3XzEyMDI1ODg4MC5wbmciLCJzbGlkZXNob3ciOiI5ZjdkNmI0In0%3D\">\n\t\t\t\t\t<div class=\"e-gallery-image elementor-gallery-item__image\" data-thumbnail=\"https:\/\/inzynier.rzeszow.pl\/wp-content\/uploads\/2025\/09\/obraz_2026-01-27_120258880-768x576.png\" data-width=\"768\" data-height=\"576\" aria-label=\"\" role=\"img\" ><\/div>\n\t\t\t\t\t\t\t\t\t\t\t<div class=\"elementor-gallery-item__overlay\"><\/div>\n\t\t\t\t\t\t\t\t\t\t\t\t\t\t<\/a>\n\t\t\t\t\t\t\t<a class=\"e-gallery-item elementor-gallery-item elementor-animated-content\" href=\"https:\/\/inzynier.rzeszow.pl\/wp-content\/uploads\/2025\/09\/obraz_2026-01-27_120304648.png\" data-elementor-open-lightbox=\"yes\" data-elementor-lightbox-slideshow=\"9f7d6b4\" data-e-action-hash=\"#elementor-action%3Aaction%3Dlightbox%26settings%3DeyJpZCI6MzE0MCwidXJsIjoiaHR0cHM6XC9cL2luenluaWVyLnJ6ZXN6b3cucGxcL3dwLWNvbnRlbnRcL3VwbG9hZHNcLzIwMjVcLzA5XC9vYnJhel8yMDI2LTAxLTI3XzEyMDMwNDY0OC5wbmciLCJzbGlkZXNob3ciOiI5ZjdkNmI0In0%3D\">\n\t\t\t\t\t<div class=\"e-gallery-image elementor-gallery-item__image\" data-thumbnail=\"https:\/\/inzynier.rzeszow.pl\/wp-content\/uploads\/2025\/09\/obraz_2026-01-27_120304648-768x576.png\" data-width=\"768\" data-height=\"576\" aria-label=\"\" role=\"img\" ><\/div>\n\t\t\t\t\t\t\t\t\t\t\t<div class=\"elementor-gallery-item__overlay\"><\/div>\n\t\t\t\t\t\t\t\t\t\t\t\t\t\t<\/a>\n\t\t\t\t\t<\/div>\n\t\t\t\t\t<\/div>\n\t\t\t\t\t<\/div>\n\t\t\t\t<\/div>\n\t\t\t\t<\/div>\n\t\t","protected":false},"excerpt":{"rendered":"<p>Tym razem to naszej Podkarpackiej OIIB, przypad\u0142a w udziale organizacja szkolenia dla organ\u00f3w okr\u0119gowego rzecznika odpowiedzialno\u015bci zawodowej oraz okr\u0119gowych s\u0105d\u00f3w [&hellip;]<\/p>\n","protected":false},"author":1,"featured_media":3132,"comment_status":"closed","ping_status":"closed","sticky":false,"template":"","format":"standard","meta":{"site-sidebar-layout":"default","site-content-layout":"","ast-site-content-layout":"default","site-content-style":"default","site-sidebar-style":"default","ast-global-header-display":"","ast-banner-title-visibility":"","ast-main-header-display":"","ast-hfb-above-header-display":"","ast-hfb-below-header-display":"","ast-hfb-mobile-header-display":"","site-post-title":"","ast-breadcrumbs-content":"","ast-featured-img":"","footer-sml-layout":"","ast-disable-related-posts":"","theme-transparent-header-meta":"","adv-header-id-meta":"","stick-header-meta":"","header-above-stick-meta":"","header-main-stick-meta":"","header-below-stick-meta":"","astra-migrate-meta-layouts":"default","ast-page-background-enabled":"default","ast-page-background-meta":{"desktop":{"background-color":"var(--ast-global-color-5)","background-image":"","background-repeat":"repeat","background-position":"center center","background-size":"auto","background-attachment":"scroll","background-type":"","background-media":"","overlay-type":"","overlay-color":"","overlay-opacity":"","overlay-gradient":""},"tablet":{"background-color":"","background-image":"","background-repeat":"repeat","background-position":"center center","background-size":"auto","background-attachment":"scroll","background-type":"","background-media":"","overlay-type":"","overlay-color":"","overlay-opacity":"","overlay-gradient":""},"mobile":{"background-color":"","background-image":"","background-repeat":"repeat","background-position":"center center","background-size":"auto","background-attachment":"scroll","background-type":"","background-media":"","overlay-type":"","overlay-color":"","overlay-opacity":"","overlay-gradient":""}},"ast-content-background-meta":{"desktop":{"background-color":"var(--ast-global-color-4)","background-image":"","background-repeat":"repeat","background-position":"center center","background-size":"auto","background-attachment":"scroll","background-type":"","background-media":"","overlay-type":"","overlay-color":"","overlay-opacity":"","overlay-gradient":""},"tablet":{"background-color":"var(--ast-global-color-4)","background-image":"","background-repeat":"repeat","background-position":"center center","background-size":"auto","background-attachment":"scroll","background-type":"","background-media":"","overlay-type":"","overlay-color":"","overlay-opacity":"","overlay-gradient":""},"mobile":{"background-color":"var(--ast-global-color-4)","background-image":"","background-repeat":"repeat","background-position":"center center","background-size":"auto","background-attachment":"scroll","background-type":"","background-media":"","overlay-type":"","overlay-color":"","overlay-opacity":"","overlay-gradient":""}},"footnotes":""},"categories":[7,16,55],"tags":[],"class_list":["post-3130","post","type-post","status-publish","format-standard","has-post-thumbnail","hentry","category-wydarzenia","category-z-zycia-izby","category-z-zycia-izby-rok-2025"],"yoast_head":"<!-- This site is optimized with the Yoast SEO plugin v27.5 - https:\/\/yoast.com\/product\/yoast-seo-wordpress\/ -->\n<title>Podkarpacka OIIB organizatorem szkolenia organ\u00f3w OROZ i OSD OIIB Polski Po\u0142udniowej \u2013 15-17.09.2025 r., Ar\u0142am\u00f3w - Podkarpacka Okregowa Izba Inzynierow Budownictwa<\/title>\n<meta name=\"robots\" content=\"index, follow, max-snippet:-1, max-image-preview:large, max-video-preview:-1\" \/>\n<link rel=\"canonical\" href=\"https:\/\/inzynier.rzeszow.pl\/index.php\/2025\/09\/19\/podkarpacka-oiib-organizatorem-szkolenia-organow-oroz-i-osd-oiib-polski-poludniowej-15-17-09-2025-r-arlamow\/\" \/>\n<meta property=\"og:locale\" content=\"pl_PL\" \/>\n<meta property=\"og:type\" content=\"article\" \/>\n<meta property=\"og:title\" content=\"Podkarpacka OIIB organizatorem szkolenia organ\u00f3w OROZ i OSD OIIB Polski Po\u0142udniowej \u2013 15-17.09.2025 r., Ar\u0142am\u00f3w - Podkarpacka Okregowa Izba Inzynierow Budownictwa\" \/>\n<meta property=\"og:description\" content=\"Tym razem to naszej Podkarpackiej OIIB, przypad\u0142a w udziale organizacja szkolenia dla organ\u00f3w okr\u0119gowego rzecznika odpowiedzialno\u015bci zawodowej oraz okr\u0119gowych s\u0105d\u00f3w [&hellip;]\" \/>\n<meta property=\"og:url\" content=\"https:\/\/inzynier.rzeszow.pl\/index.php\/2025\/09\/19\/podkarpacka-oiib-organizatorem-szkolenia-organow-oroz-i-osd-oiib-polski-poludniowej-15-17-09-2025-r-arlamow\/\" \/>\n<meta property=\"og:site_name\" content=\"Podkarpacka Okregowa Izba Inzynierow Budownictwa\" \/>\n<meta property=\"article:published_time\" content=\"2025-09-19T10:57:11+00:00\" \/>\n<meta property=\"article:modified_time\" content=\"2026-02-13T13:36:55+00:00\" \/>\n<meta property=\"og:image\" content=\"https:\/\/inzynier.rzeszow.pl\/wp-content\/uploads\/2025\/09\/obraz_2026-01-27_115759996.png\" \/>\n\t<meta property=\"og:image:width\" content=\"2048\" \/>\n\t<meta property=\"og:image:height\" content=\"1536\" \/>\n\t<meta property=\"og:image:type\" content=\"image\/png\" \/>\n<meta name=\"author\" content=\"admin\" \/>\n<meta name=\"twitter:card\" content=\"summary_large_image\" \/>\n<meta name=\"twitter:label1\" content=\"Napisane przez\" \/>\n\t<meta name=\"twitter:data1\" content=\"admin\" \/>\n\t<meta name=\"twitter:label2\" content=\"Szacowany czas czytania\" \/>\n\t<meta name=\"twitter:data2\" content=\"4 minuty\" \/>\n<script type=\"application\/ld+json\" class=\"yoast-schema-graph\">{\"@context\":\"https:\\\/\\\/schema.org\",\"@graph\":[{\"@type\":\"Article\",\"@id\":\"https:\\\/\\\/inzynier.rzeszow.pl\\\/index.php\\\/2025\\\/09\\\/19\\\/podkarpacka-oiib-organizatorem-szkolenia-organow-oroz-i-osd-oiib-polski-poludniowej-15-17-09-2025-r-arlamow\\\/#article\",\"isPartOf\":{\"@id\":\"https:\\\/\\\/inzynier.rzeszow.pl\\\/index.php\\\/2025\\\/09\\\/19\\\/podkarpacka-oiib-organizatorem-szkolenia-organow-oroz-i-osd-oiib-polski-poludniowej-15-17-09-2025-r-arlamow\\\/\"},\"author\":{\"name\":\"admin\",\"@id\":\"https:\\\/\\\/inzynier.rzeszow.pl\\\/#\\\/schema\\\/person\\\/21ca162d893bdc5760a95d704e9b1e39\"},\"headline\":\"Podkarpacka OIIB organizatorem szkolenia organ\u00f3w OROZ i OSD OIIB Polski Po\u0142udniowej \u2013 15-17.09.2025 r., Ar\u0142am\u00f3w\",\"datePublished\":\"2025-09-19T10:57:11+00:00\",\"dateModified\":\"2026-02-13T13:36:55+00:00\",\"mainEntityOfPage\":{\"@id\":\"https:\\\/\\\/inzynier.rzeszow.pl\\\/index.php\\\/2025\\\/09\\\/19\\\/podkarpacka-oiib-organizatorem-szkolenia-organow-oroz-i-osd-oiib-polski-poludniowej-15-17-09-2025-r-arlamow\\\/\"},\"wordCount\":763,\"image\":{\"@id\":\"https:\\\/\\\/inzynier.rzeszow.pl\\\/index.php\\\/2025\\\/09\\\/19\\\/podkarpacka-oiib-organizatorem-szkolenia-organow-oroz-i-osd-oiib-polski-poludniowej-15-17-09-2025-r-arlamow\\\/#primaryimage\"},\"thumbnailUrl\":\"https:\\\/\\\/inzynier.rzeszow.pl\\\/wp-content\\\/uploads\\\/2025\\\/09\\\/obraz_2026-01-27_115759996.png\",\"articleSection\":[\"Wydarzenia\",\"Z \u017cycia izby\",\"Z \u017cycia Izby Rok 2025\"],\"inLanguage\":\"pl-PL\"},{\"@type\":\"WebPage\",\"@id\":\"https:\\\/\\\/inzynier.rzeszow.pl\\\/index.php\\\/2025\\\/09\\\/19\\\/podkarpacka-oiib-organizatorem-szkolenia-organow-oroz-i-osd-oiib-polski-poludniowej-15-17-09-2025-r-arlamow\\\/\",\"url\":\"https:\\\/\\\/inzynier.rzeszow.pl\\\/index.php\\\/2025\\\/09\\\/19\\\/podkarpacka-oiib-organizatorem-szkolenia-organow-oroz-i-osd-oiib-polski-poludniowej-15-17-09-2025-r-arlamow\\\/\",\"name\":\"Podkarpacka OIIB organizatorem szkolenia organ\u00f3w OROZ i OSD OIIB Polski Po\u0142udniowej \u2013 15-17.09.2025 r., Ar\u0142am\u00f3w - Podkarpacka Okregowa Izba Inzynierow Budownictwa\",\"isPartOf\":{\"@id\":\"https:\\\/\\\/inzynier.rzeszow.pl\\\/#website\"},\"primaryImageOfPage\":{\"@id\":\"https:\\\/\\\/inzynier.rzeszow.pl\\\/index.php\\\/2025\\\/09\\\/19\\\/podkarpacka-oiib-organizatorem-szkolenia-organow-oroz-i-osd-oiib-polski-poludniowej-15-17-09-2025-r-arlamow\\\/#primaryimage\"},\"image\":{\"@id\":\"https:\\\/\\\/inzynier.rzeszow.pl\\\/index.php\\\/2025\\\/09\\\/19\\\/podkarpacka-oiib-organizatorem-szkolenia-organow-oroz-i-osd-oiib-polski-poludniowej-15-17-09-2025-r-arlamow\\\/#primaryimage\"},\"thumbnailUrl\":\"https:\\\/\\\/inzynier.rzeszow.pl\\\/wp-content\\\/uploads\\\/2025\\\/09\\\/obraz_2026-01-27_115759996.png\",\"datePublished\":\"2025-09-19T10:57:11+00:00\",\"dateModified\":\"2026-02-13T13:36:55+00:00\",\"author\":{\"@id\":\"https:\\\/\\\/inzynier.rzeszow.pl\\\/#\\\/schema\\\/person\\\/21ca162d893bdc5760a95d704e9b1e39\"},\"breadcrumb\":{\"@id\":\"https:\\\/\\\/inzynier.rzeszow.pl\\\/index.php\\\/2025\\\/09\\\/19\\\/podkarpacka-oiib-organizatorem-szkolenia-organow-oroz-i-osd-oiib-polski-poludniowej-15-17-09-2025-r-arlamow\\\/#breadcrumb\"},\"inLanguage\":\"pl-PL\",\"potentialAction\":[{\"@type\":\"ReadAction\",\"target\":[\"https:\\\/\\\/inzynier.rzeszow.pl\\\/index.php\\\/2025\\\/09\\\/19\\\/podkarpacka-oiib-organizatorem-szkolenia-organow-oroz-i-osd-oiib-polski-poludniowej-15-17-09-2025-r-arlamow\\\/\"]}]},{\"@type\":\"ImageObject\",\"inLanguage\":\"pl-PL\",\"@id\":\"https:\\\/\\\/inzynier.rzeszow.pl\\\/index.php\\\/2025\\\/09\\\/19\\\/podkarpacka-oiib-organizatorem-szkolenia-organow-oroz-i-osd-oiib-polski-poludniowej-15-17-09-2025-r-arlamow\\\/#primaryimage\",\"url\":\"https:\\\/\\\/inzynier.rzeszow.pl\\\/wp-content\\\/uploads\\\/2025\\\/09\\\/obraz_2026-01-27_115759996.png\",\"contentUrl\":\"https:\\\/\\\/inzynier.rzeszow.pl\\\/wp-content\\\/uploads\\\/2025\\\/09\\\/obraz_2026-01-27_115759996.png\",\"width\":2048,\"height\":1536},{\"@type\":\"BreadcrumbList\",\"@id\":\"https:\\\/\\\/inzynier.rzeszow.pl\\\/index.php\\\/2025\\\/09\\\/19\\\/podkarpacka-oiib-organizatorem-szkolenia-organow-oroz-i-osd-oiib-polski-poludniowej-15-17-09-2025-r-arlamow\\\/#breadcrumb\",\"itemListElement\":[{\"@type\":\"ListItem\",\"position\":1,\"name\":\"Strona g\u0142\u00f3wna\",\"item\":\"https:\\\/\\\/inzynier.rzeszow.pl\\\/\"},{\"@type\":\"ListItem\",\"position\":2,\"name\":\"Podkarpacka OIIB organizatorem szkolenia organ\u00f3w OROZ i OSD OIIB Polski Po\u0142udniowej \u2013 15-17.09.2025 r., Ar\u0142am\u00f3w\"}]},{\"@type\":\"WebSite\",\"@id\":\"https:\\\/\\\/inzynier.rzeszow.pl\\\/#website\",\"url\":\"https:\\\/\\\/inzynier.rzeszow.pl\\\/\",\"name\":\"Podkarpacka Okregowa Izba Inzynierow Budownictwa\",\"description\":\"\",\"potentialAction\":[{\"@type\":\"SearchAction\",\"target\":{\"@type\":\"EntryPoint\",\"urlTemplate\":\"https:\\\/\\\/inzynier.rzeszow.pl\\\/?s={search_term_string}\"},\"query-input\":{\"@type\":\"PropertyValueSpecification\",\"valueRequired\":true,\"valueName\":\"search_term_string\"}}],\"inLanguage\":\"pl-PL\"},{\"@type\":\"Person\",\"@id\":\"https:\\\/\\\/inzynier.rzeszow.pl\\\/#\\\/schema\\\/person\\\/21ca162d893bdc5760a95d704e9b1e39\",\"name\":\"admin\",\"image\":{\"@type\":\"ImageObject\",\"inLanguage\":\"pl-PL\",\"@id\":\"https:\\\/\\\/secure.gravatar.com\\\/avatar\\\/d5d1959f10b94c8abcf928274f8bb5b8c7370b0dfadb0590911bacad18965f21?s=96&d=mm&r=g\",\"url\":\"https:\\\/\\\/secure.gravatar.com\\\/avatar\\\/d5d1959f10b94c8abcf928274f8bb5b8c7370b0dfadb0590911bacad18965f21?s=96&d=mm&r=g\",\"contentUrl\":\"https:\\\/\\\/secure.gravatar.com\\\/avatar\\\/d5d1959f10b94c8abcf928274f8bb5b8c7370b0dfadb0590911bacad18965f21?s=96&d=mm&r=g\",\"caption\":\"admin\"},\"sameAs\":[\"https:\\\/\\\/migracja.inzynier.rzeszow.pl\"],\"url\":\"https:\\\/\\\/inzynier.rzeszow.pl\\\/index.php\\\/author\\\/kwojcik\\\/\"}]}<\/script>\n<!-- \/ Yoast SEO plugin. -->","yoast_head_json":{"title":"Podkarpacka OIIB organizatorem szkolenia organ\u00f3w OROZ i OSD OIIB Polski Po\u0142udniowej \u2013 15-17.09.2025 r., Ar\u0142am\u00f3w - Podkarpacka Okregowa Izba Inzynierow Budownictwa","robots":{"index":"index","follow":"follow","max-snippet":"max-snippet:-1","max-image-preview":"max-image-preview:large","max-video-preview":"max-video-preview:-1"},"canonical":"https:\/\/inzynier.rzeszow.pl\/index.php\/2025\/09\/19\/podkarpacka-oiib-organizatorem-szkolenia-organow-oroz-i-osd-oiib-polski-poludniowej-15-17-09-2025-r-arlamow\/","og_locale":"pl_PL","og_type":"article","og_title":"Podkarpacka OIIB organizatorem szkolenia organ\u00f3w OROZ i OSD OIIB Polski Po\u0142udniowej \u2013 15-17.09.2025 r., Ar\u0142am\u00f3w - Podkarpacka Okregowa Izba Inzynierow Budownictwa","og_description":"Tym razem to naszej Podkarpackiej OIIB, przypad\u0142a w udziale organizacja szkolenia dla organ\u00f3w okr\u0119gowego rzecznika odpowiedzialno\u015bci zawodowej oraz okr\u0119gowych s\u0105d\u00f3w [&hellip;]","og_url":"https:\/\/inzynier.rzeszow.pl\/index.php\/2025\/09\/19\/podkarpacka-oiib-organizatorem-szkolenia-organow-oroz-i-osd-oiib-polski-poludniowej-15-17-09-2025-r-arlamow\/","og_site_name":"Podkarpacka Okregowa Izba Inzynierow Budownictwa","article_published_time":"2025-09-19T10:57:11+00:00","article_modified_time":"2026-02-13T13:36:55+00:00","og_image":[{"width":2048,"height":1536,"url":"https:\/\/inzynier.rzeszow.pl\/wp-content\/uploads\/2025\/09\/obraz_2026-01-27_115759996.png","type":"image\/png"}],"author":"admin","twitter_card":"summary_large_image","twitter_misc":{"Napisane przez":"admin","Szacowany czas czytania":"4 minuty"},"schema":{"@context":"https:\/\/schema.org","@graph":[{"@type":"Article","@id":"https:\/\/inzynier.rzeszow.pl\/index.php\/2025\/09\/19\/podkarpacka-oiib-organizatorem-szkolenia-organow-oroz-i-osd-oiib-polski-poludniowej-15-17-09-2025-r-arlamow\/#article","isPartOf":{"@id":"https:\/\/inzynier.rzeszow.pl\/index.php\/2025\/09\/19\/podkarpacka-oiib-organizatorem-szkolenia-organow-oroz-i-osd-oiib-polski-poludniowej-15-17-09-2025-r-arlamow\/"},"author":{"name":"admin","@id":"https:\/\/inzynier.rzeszow.pl\/#\/schema\/person\/21ca162d893bdc5760a95d704e9b1e39"},"headline":"Podkarpacka OIIB organizatorem szkolenia organ\u00f3w OROZ i OSD OIIB Polski Po\u0142udniowej \u2013 15-17.09.2025 r., Ar\u0142am\u00f3w","datePublished":"2025-09-19T10:57:11+00:00","dateModified":"2026-02-13T13:36:55+00:00","mainEntityOfPage":{"@id":"https:\/\/inzynier.rzeszow.pl\/index.php\/2025\/09\/19\/podkarpacka-oiib-organizatorem-szkolenia-organow-oroz-i-osd-oiib-polski-poludniowej-15-17-09-2025-r-arlamow\/"},"wordCount":763,"image":{"@id":"https:\/\/inzynier.rzeszow.pl\/index.php\/2025\/09\/19\/podkarpacka-oiib-organizatorem-szkolenia-organow-oroz-i-osd-oiib-polski-poludniowej-15-17-09-2025-r-arlamow\/#primaryimage"},"thumbnailUrl":"https:\/\/inzynier.rzeszow.pl\/wp-content\/uploads\/2025\/09\/obraz_2026-01-27_115759996.png","articleSection":["Wydarzenia","Z \u017cycia izby","Z \u017cycia Izby Rok 2025"],"inLanguage":"pl-PL"},{"@type":"WebPage","@id":"https:\/\/inzynier.rzeszow.pl\/index.php\/2025\/09\/19\/podkarpacka-oiib-organizatorem-szkolenia-organow-oroz-i-osd-oiib-polski-poludniowej-15-17-09-2025-r-arlamow\/","url":"https:\/\/inzynier.rzeszow.pl\/index.php\/2025\/09\/19\/podkarpacka-oiib-organizatorem-szkolenia-organow-oroz-i-osd-oiib-polski-poludniowej-15-17-09-2025-r-arlamow\/","name":"Podkarpacka OIIB organizatorem szkolenia organ\u00f3w OROZ i OSD OIIB Polski Po\u0142udniowej \u2013 15-17.09.2025 r., Ar\u0142am\u00f3w - Podkarpacka Okregowa Izba Inzynierow Budownictwa","isPartOf":{"@id":"https:\/\/inzynier.rzeszow.pl\/#website"},"primaryImageOfPage":{"@id":"https:\/\/inzynier.rzeszow.pl\/index.php\/2025\/09\/19\/podkarpacka-oiib-organizatorem-szkolenia-organow-oroz-i-osd-oiib-polski-poludniowej-15-17-09-2025-r-arlamow\/#primaryimage"},"image":{"@id":"https:\/\/inzynier.rzeszow.pl\/index.php\/2025\/09\/19\/podkarpacka-oiib-organizatorem-szkolenia-organow-oroz-i-osd-oiib-polski-poludniowej-15-17-09-2025-r-arlamow\/#primaryimage"},"thumbnailUrl":"https:\/\/inzynier.rzeszow.pl\/wp-content\/uploads\/2025\/09\/obraz_2026-01-27_115759996.png","datePublished":"2025-09-19T10:57:11+00:00","dateModified":"2026-02-13T13:36:55+00:00","author":{"@id":"https:\/\/inzynier.rzeszow.pl\/#\/schema\/person\/21ca162d893bdc5760a95d704e9b1e39"},"breadcrumb":{"@id":"https:\/\/inzynier.rzeszow.pl\/index.php\/2025\/09\/19\/podkarpacka-oiib-organizatorem-szkolenia-organow-oroz-i-osd-oiib-polski-poludniowej-15-17-09-2025-r-arlamow\/#breadcrumb"},"inLanguage":"pl-PL","potentialAction":[{"@type":"ReadAction","target":["https:\/\/inzynier.rzeszow.pl\/index.php\/2025\/09\/19\/podkarpacka-oiib-organizatorem-szkolenia-organow-oroz-i-osd-oiib-polski-poludniowej-15-17-09-2025-r-arlamow\/"]}]},{"@type":"ImageObject","inLanguage":"pl-PL","@id":"https:\/\/inzynier.rzeszow.pl\/index.php\/2025\/09\/19\/podkarpacka-oiib-organizatorem-szkolenia-organow-oroz-i-osd-oiib-polski-poludniowej-15-17-09-2025-r-arlamow\/#primaryimage","url":"https:\/\/inzynier.rzeszow.pl\/wp-content\/uploads\/2025\/09\/obraz_2026-01-27_115759996.png","contentUrl":"https:\/\/inzynier.rzeszow.pl\/wp-content\/uploads\/2025\/09\/obraz_2026-01-27_115759996.png","width":2048,"height":1536},{"@type":"BreadcrumbList","@id":"https:\/\/inzynier.rzeszow.pl\/index.php\/2025\/09\/19\/podkarpacka-oiib-organizatorem-szkolenia-organow-oroz-i-osd-oiib-polski-poludniowej-15-17-09-2025-r-arlamow\/#breadcrumb","itemListElement":[{"@type":"ListItem","position":1,"name":"Strona g\u0142\u00f3wna","item":"https:\/\/inzynier.rzeszow.pl\/"},{"@type":"ListItem","position":2,"name":"Podkarpacka OIIB organizatorem szkolenia organ\u00f3w OROZ i OSD OIIB Polski Po\u0142udniowej \u2013 15-17.09.2025 r., Ar\u0142am\u00f3w"}]},{"@type":"WebSite","@id":"https:\/\/inzynier.rzeszow.pl\/#website","url":"https:\/\/inzynier.rzeszow.pl\/","name":"Podkarpacka Okregowa Izba Inzynierow Budownictwa","description":"","potentialAction":[{"@type":"SearchAction","target":{"@type":"EntryPoint","urlTemplate":"https:\/\/inzynier.rzeszow.pl\/?s={search_term_string}"},"query-input":{"@type":"PropertyValueSpecification","valueRequired":true,"valueName":"search_term_string"}}],"inLanguage":"pl-PL"},{"@type":"Person","@id":"https:\/\/inzynier.rzeszow.pl\/#\/schema\/person\/21ca162d893bdc5760a95d704e9b1e39","name":"admin","image":{"@type":"ImageObject","inLanguage":"pl-PL","@id":"https:\/\/secure.gravatar.com\/avatar\/d5d1959f10b94c8abcf928274f8bb5b8c7370b0dfadb0590911bacad18965f21?s=96&d=mm&r=g","url":"https:\/\/secure.gravatar.com\/avatar\/d5d1959f10b94c8abcf928274f8bb5b8c7370b0dfadb0590911bacad18965f21?s=96&d=mm&r=g","contentUrl":"https:\/\/secure.gravatar.com\/avatar\/d5d1959f10b94c8abcf928274f8bb5b8c7370b0dfadb0590911bacad18965f21?s=96&d=mm&r=g","caption":"admin"},"sameAs":["https:\/\/migracja.inzynier.rzeszow.pl"],"url":"https:\/\/inzynier.rzeszow.pl\/index.php\/author\/kwojcik\/"}]}},"rttpg_featured_image_url":{"full":["https:\/\/inzynier.rzeszow.pl\/wp-content\/uploads\/2025\/09\/obraz_2026-01-27_115759996.png",2048,1536,false],"landscape":["https:\/\/inzynier.rzeszow.pl\/wp-content\/uploads\/2025\/09\/obraz_2026-01-27_115759996.png",2048,1536,false],"portraits":["https:\/\/inzynier.rzeszow.pl\/wp-content\/uploads\/2025\/09\/obraz_2026-01-27_115759996.png",2048,1536,false],"thumbnail":["https:\/\/inzynier.rzeszow.pl\/wp-content\/uploads\/2025\/09\/obraz_2026-01-27_115759996-150x150.png",150,150,true],"medium":["https:\/\/inzynier.rzeszow.pl\/wp-content\/uploads\/2025\/09\/obraz_2026-01-27_115759996-300x225.png",300,225,true],"large":["https:\/\/inzynier.rzeszow.pl\/wp-content\/uploads\/2025\/09\/obraz_2026-01-27_115759996-1024x768.png",1024,768,true],"1536x1536":["https:\/\/inzynier.rzeszow.pl\/wp-content\/uploads\/2025\/09\/obraz_2026-01-27_115759996-1536x1152.png",1536,1152,true],"2048x2048":["https:\/\/inzynier.rzeszow.pl\/wp-content\/uploads\/2025\/09\/obraz_2026-01-27_115759996.png",2048,1536,false]},"rttpg_author":{"display_name":"admin","author_link":"https:\/\/inzynier.rzeszow.pl\/index.php\/author\/kwojcik\/"},"rttpg_comment":0,"rttpg_category":"<a href=\"https:\/\/inzynier.rzeszow.pl\/index.php\/category\/wydarzenia\/\" rel=\"category tag\">Wydarzenia<\/a> <a href=\"https:\/\/inzynier.rzeszow.pl\/index.php\/category\/z-zycia-izby\/\" rel=\"category tag\">Z \u017cycia izby<\/a> <a href=\"https:\/\/inzynier.rzeszow.pl\/index.php\/category\/z-zycia-izby\/z-zycia-izby-rok-2025\/\" rel=\"category tag\">Z \u017cycia Izby Rok 2025<\/a>","rttpg_excerpt":"Tym razem to naszej Podkarpackiej OIIB, przypad\u0142a w udziale organizacja szkolenia dla organ\u00f3w okr\u0119gowego rzecznika odpowiedzialno\u015bci zawodowej oraz okr\u0119gowych s\u0105d\u00f3w [&hellip;]","_links":{"self":[{"href":"https:\/\/inzynier.rzeszow.pl\/index.php\/wp-json\/wp\/v2\/posts\/3130","targetHints":{"allow":["GET"]}}],"collection":[{"href":"https:\/\/inzynier.rzeszow.pl\/index.php\/wp-json\/wp\/v2\/posts"}],"about":[{"href":"https:\/\/inzynier.rzeszow.pl\/index.php\/wp-json\/wp\/v2\/types\/post"}],"author":[{"embeddable":true,"href":"https:\/\/inzynier.rzeszow.pl\/index.php\/wp-json\/wp\/v2\/users\/1"}],"replies":[{"embeddable":true,"href":"https:\/\/inzynier.rzeszow.pl\/index.php\/wp-json\/wp\/v2\/comments?post=3130"}],"version-history":[{"count":4,"href":"https:\/\/inzynier.rzeszow.pl\/index.php\/wp-json\/wp\/v2\/posts\/3130\/revisions"}],"predecessor-version":[{"id":3143,"href":"https:\/\/inzynier.rzeszow.pl\/index.php\/wp-json\/wp\/v2\/posts\/3130\/revisions\/3143"}],"wp:featuredmedia":[{"embeddable":true,"href":"https:\/\/inzynier.rzeszow.pl\/index.php\/wp-json\/wp\/v2\/media\/3132"}],"wp:attachment":[{"href":"https:\/\/inzynier.rzeszow.pl\/index.php\/wp-json\/wp\/v2\/media?parent=3130"}],"wp:term":[{"taxonomy":"category","embeddable":true,"href":"https:\/\/inzynier.rzeszow.pl\/index.php\/wp-json\/wp\/v2\/categories?post=3130"},{"taxonomy":"post_tag","embeddable":true,"href":"https:\/\/inzynier.rzeszow.pl\/index.php\/wp-json\/wp\/v2\/tags?post=3130"}],"curies":[{"name":"wp","href":"https:\/\/api.w.org\/{rel}","templated":true}]}}