{"id":3127,"date":"2025-09-13T12:51:03","date_gmt":"2025-09-13T12:51:03","guid":{"rendered":"https:\/\/migracja.inzynier.rzeszow.pl\/?p=3127"},"modified":"2026-02-13T13:36:55","modified_gmt":"2026-02-13T13:36:55","slug":"spotkanie-informacyjno-integracyjne-czynnych-czlonkow-pdk-oiib-powiatu-stalowowolskiego","status":"publish","type":"post","link":"https:\/\/inzynier.rzeszow.pl\/index.php\/2025\/09\/13\/spotkanie-informacyjno-integracyjne-czynnych-czlonkow-pdk-oiib-powiatu-stalowowolskiego\/","title":{"rendered":"Spotkanie informacyjno-integracyjne czynnych cz\u0142onk\u00f3w PDK OIIB powiatu stalowowolskiego"},"content":{"rendered":"\t\t<div data-elementor-type=\"wp-post\" data-elementor-id=\"3127\" class=\"elementor elementor-3127\" data-elementor-post-type=\"post\">\n\t\t\t\t<div class=\"elementor-element elementor-element-4f70bb6 e-flex e-con-boxed e-con e-parent\" data-id=\"4f70bb6\" data-element_type=\"container\" data-e-type=\"container\">\n\t\t\t\t\t<div class=\"e-con-inner\">\n\t\t<div class=\"elementor-element elementor-element-44b5713 e-con-full e-flex e-con e-child\" data-id=\"44b5713\" data-element_type=\"container\" data-e-type=\"container\">\n\t\t\t\t<div class=\"elementor-element elementor-element-f3497ff elementor-widget elementor-widget-image\" data-id=\"f3497ff\" data-element_type=\"widget\" data-e-type=\"widget\" data-widget_type=\"image.default\">\n\t\t\t\t\t\t\t\t\t\t\t\t\t\t\t<img fetchpriority=\"high\" decoding=\"async\" width=\"768\" height=\"1024\" src=\"https:\/\/inzynier.rzeszow.pl\/wp-content\/uploads\/2025\/09\/obraz_2026-01-27_121220004-768x1024.png\" class=\"attachment-large size-large wp-image-3162\" alt=\"\" srcset=\"https:\/\/inzynier.rzeszow.pl\/wp-content\/uploads\/2025\/09\/obraz_2026-01-27_121220004-768x1024.png 768w, https:\/\/inzynier.rzeszow.pl\/wp-content\/uploads\/2025\/09\/obraz_2026-01-27_121220004-225x300.png 225w, https:\/\/inzynier.rzeszow.pl\/wp-content\/uploads\/2025\/09\/obraz_2026-01-27_121220004-1152x1536.png 1152w, https:\/\/inzynier.rzeszow.pl\/wp-content\/uploads\/2025\/09\/obraz_2026-01-27_121220004.png 1500w\" sizes=\"(max-width: 768px) 100vw, 768px\" \/>\t\t\t\t\t\t\t\t\t\t\t\t\t\t\t<\/div>\n\t\t\t\t<\/div>\n\t\t<div class=\"elementor-element elementor-element-5c2e3bd e-con-full e-flex e-con e-child\" data-id=\"5c2e3bd\" data-element_type=\"container\" data-e-type=\"container\">\n\t\t\t\t<div class=\"elementor-element elementor-element-d681aaf elementor-widget elementor-widget-text-editor\" data-id=\"d681aaf\" data-element_type=\"widget\" data-e-type=\"widget\" data-widget_type=\"text-editor.default\">\n\t\t\t\t\t\t\t\t\t<p>W dniu 12 wrze\u015bnia 2025 r.<strong>\u00a0<\/strong>odby\u0142o si\u0119 spotkanie informacyjno-integracyjne czynnych cz\u0142onk\u00f3w PDK OIIB powiatu stalowowolskiego w Zaje\u017adzie Sezam przy ul. Komisji Edukacji Narodowej w Stalowej Woli. Przyby\u0142ych go\u015bci oraz liczn\u0105 grup\u0119 naszych cz\u0142onk\u00f3w z tego powiatu przywitali przewodnicz\u0105cy OR PDK OIIB Grzegorz Dubik wraz z zast\u0119pc\u0105 przewodnicz\u0105cego OR PDK OIIB Ann\u0105 Malinowsk\u0105.\u00a0<br \/>W\u015br\u00f3d uczestnik\u00f3w spotkania byli r\u00f3wnie\u017c: zast\u0119pca przewodnicz\u0105cego Okr\u0119gowej Komisji Kwalifikacyjnej PDK OIIB Andrzej Tarczy\u0144ski i przewodnicz\u0105cy Zespo\u0142u ds. Portalu Internetowego PDK OIIB Pawe\u0142 Dul.<\/p><p>Go\u015b\u0107mi wydarzenia byli reprezentanci lokalnych instytucji zwi\u0105zanych z budownictwem:<br \/>&#8211; Renata Knap &#8211; Prezes Zarz\u0105du Spo\u0142ecznej Inicjatywy Mieszkaniowej w Stalowej Woli i Wiceprzewodnicz\u0105ca Sejmiku Wojew\u00f3dztwa Podkarpackiego,<br \/>&#8211; Beata Wdowiak &#8211; Powiatowy Inspektor Nadzoru Budowlanego w Stalowej Woli,<br \/>&#8211; Inspektorzy Nadzoru Budowlanego w Stalowej Woli oraz<br \/>&#8211; Inspektorzy Wydzia\u0142u Architektoniczno-Budowlanego w Stalowej Woli.<\/p><p>Spotkanie by\u0142o znakomit\u0105 okazj\u0105 do z\u0142o\u017cenia podzi\u0119kowa\u0144 za wieloletni\u0105 wsp\u00f3\u0142prac\u0119 Marianowi P\u0119dlowskiemu, wieloletniemu Powiatowemu Inspektorowi Nadzoru Budowlanego w Stalowej Woli, kt\u00f3ry obecnie w ramach szkole\u0144 prowadzonych dla cz\u0142onk\u00f3w naszego samorz\u0105du s\u0142u\u017cy nadal swoj\u0105 wiedz\u0105 i zaanga\u017cowaniem.<\/p><p>Podczas wydarzenia specjalne wyr\u00f3\u017cnienia otrzymali seniorzy z powiatu stalowowolskiego: Andrzej Tarczy\u0144ski i Jan S\u0142owik. Kol. Andrzej Tarczy\u0144ski uczestnicz\u0105cy w spotkaniu osobi\u015bcie odebra\u0142 pami\u0105tkowy medal.<\/p><p>Spotkanie by\u0142o doskona\u0142\u0105 okazj\u0105 do przybli\u017cenia uczestnikom bie\u017c\u0105cej dzia\u0142alno\u015bci Podkarpackiej OIIB oraz zach\u0119cenia do aktywnego uczestnictwa w organizowanych wydarzeniach, oraz przedstawienia , ilo\u015bci czynnych cz\u0142onk\u00f3w, struktury wiekowej oraz ilo\u015bci cz\u0142onk\u00f3w w uj\u0119ciu bran\u017cowym w powiecie stalowowolskim.<\/p>\t\t\t\t\t\t\t\t<\/div>\n\t\t\t\t<\/div>\n\t\t\t\t\t<\/div>\n\t\t\t\t<\/div>\n\t\t<div class=\"elementor-element elementor-element-9e80422 e-flex e-con-boxed e-con e-parent\" data-id=\"9e80422\" data-element_type=\"container\" data-e-type=\"container\">\n\t\t\t\t\t<div class=\"e-con-inner\">\n\t\t\t\t<div class=\"elementor-element elementor-element-9d40443 elementor-widget elementor-widget-text-editor\" data-id=\"9d40443\" data-element_type=\"widget\" data-e-type=\"widget\" data-widget_type=\"text-editor.default\">\n\t\t\t\t\t\t\t\t\t<p>Pozytywna energia i zaanga\u017cowanie wszystkich uczestnik\u00f3w sprawi\u0142y, \u017ce wydarzenie mo\u017cna uzna\u0107 za niezwykle udane. up\u0142yn\u0119\u0142o w mi\u0142ej i serdecznej atmosferze, sprzyjaj\u0105cej zar\u00f3wno wymianie cennych informacji, jak i budowaniu relacji. Tego typu inicjatywy niew\u0105tpliwie s\u0142u\u017c\u0105 integracji in\u017cynier\u00f3w i technik\u00f3w budownictwa w powiatach.<\/p>\t\t\t\t\t\t\t\t<\/div>\n\t\t\t\t\t<\/div>\n\t\t\t\t<\/div>\n\t\t<div class=\"elementor-element elementor-element-f81227d e-flex e-con-boxed e-con e-parent\" data-id=\"f81227d\" data-element_type=\"container\" data-e-type=\"container\">\n\t\t\t\t\t<div class=\"e-con-inner\">\n\t\t\t\t<div class=\"elementor-element elementor-element-1a9c223 elementor-widget__width-inherit elementor-icon-list--layout-traditional elementor-list-item-link-full_width elementor-widget elementor-widget-icon-list\" data-id=\"1a9c223\" data-element_type=\"widget\" data-e-type=\"widget\" data-widget_type=\"icon-list.default\">\n\t\t\t\t\t\t\t<ul class=\"elementor-icon-list-items\">\n\t\t\t\t\t\t\t<li class=\"elementor-icon-list-item\">\n\t\t\t\t\t\t\t\t\t\t\t<a href=\"https:\/\/www.facebook.com\/media\/set\/?set=a.1225644616267270&#038;type=3\" target=\"_blank\">\n\n\t\t\t\t\t\t\t\t\t\t\t\t<span class=\"elementor-icon-list-icon\">\n\t\t\t\t\t\t\t<svg aria-hidden=\"true\" class=\"e-font-icon-svg e-fas-arrow-circle-right\" viewBox=\"0 0 512 512\" xmlns=\"http:\/\/www.w3.org\/2000\/svg\"><path d=\"M256 8c137 0 248 111 248 248S393 504 256 504 8 393 8 256 119 8 256 8zm-28.9 143.6l75.5 72.4H120c-13.3 0-24 10.7-24 24v16c0 13.3 10.7 24 24 24h182.6l-75.5 72.4c-9.7 9.3-9.9 24.8-.4 34.3l11 10.9c9.4 9.4 24.6 9.4 33.9 0L404.3 273c9.4-9.4 9.4-24.6 0-33.9L271.6 106.3c-9.4-9.4-24.6-9.4-33.9 0l-11 10.9c-9.5 9.6-9.3 25.1.4 34.4z\"><\/path><\/svg>\t\t\t\t\t\t<\/span>\n\t\t\t\t\t\t\t\t\t\t<span class=\"elementor-icon-list-text\">Galeria fotograficzna z Spotkanie informacyjno-integracyjne czynnych cz\u0142onk\u00f3w PDK OIIB powiatu stalowowolskiego - 12.09.2025 r.<\/span>\n\t\t\t\t\t\t\t\t\t\t\t<\/a>\n\t\t\t\t\t\t\t\t\t<\/li>\n\t\t\t\t\t\t<\/ul>\n\t\t\t\t\t\t<\/div>\n\t\t\t\t\t<\/div>\n\t\t\t\t<\/div>\n\t\t<div class=\"elementor-element elementor-element-c92df10 e-flex e-con-boxed e-con e-parent\" data-id=\"c92df10\" data-element_type=\"container\" data-e-type=\"container\">\n\t\t\t\t\t<div class=\"e-con-inner\">\n\t\t\t\t<div class=\"elementor-element elementor-element-7432787 elementor-widget elementor-widget-gallery\" data-id=\"7432787\" data-element_type=\"widget\" data-e-type=\"widget\" data-settings=\"{&quot;columns&quot;:2,&quot;lazyload&quot;:&quot;yes&quot;,&quot;gallery_layout&quot;:&quot;grid&quot;,&quot;columns_tablet&quot;:2,&quot;columns_mobile&quot;:1,&quot;gap&quot;:{&quot;unit&quot;:&quot;px&quot;,&quot;size&quot;:10,&quot;sizes&quot;:[]},&quot;gap_tablet&quot;:{&quot;unit&quot;:&quot;px&quot;,&quot;size&quot;:10,&quot;sizes&quot;:[]},&quot;gap_mobile&quot;:{&quot;unit&quot;:&quot;px&quot;,&quot;size&quot;:10,&quot;sizes&quot;:[]},&quot;link_to&quot;:&quot;file&quot;,&quot;aspect_ratio&quot;:&quot;3:2&quot;,&quot;overlay_background&quot;:&quot;yes&quot;,&quot;content_hover_animation&quot;:&quot;fade-in&quot;}\" data-widget_type=\"gallery.default\">\n\t\t\t\t\t\t\t<div class=\"elementor-gallery__container\">\n\t\t\t\t\t\t\t<a class=\"e-gallery-item elementor-gallery-item elementor-animated-content\" href=\"https:\/\/inzynier.rzeszow.pl\/wp-content\/uploads\/2025\/09\/obraz_2026-01-27_121433340.png\" data-elementor-open-lightbox=\"yes\" data-elementor-lightbox-slideshow=\"7432787\" data-e-action-hash=\"#elementor-action%3Aaction%3Dlightbox%26settings%3DeyJpZCI6MzE2MywidXJsIjoiaHR0cHM6XC9cL2luenluaWVyLnJ6ZXN6b3cucGxcL3dwLWNvbnRlbnRcL3VwbG9hZHNcLzIwMjVcLzA5XC9vYnJhel8yMDI2LTAxLTI3XzEyMTQzMzM0MC5wbmciLCJzbGlkZXNob3ciOiI3NDMyNzg3In0%3D\">\n\t\t\t\t\t<div class=\"e-gallery-image elementor-gallery-item__image\" data-thumbnail=\"https:\/\/inzynier.rzeszow.pl\/wp-content\/uploads\/2025\/09\/obraz_2026-01-27_121433340-768x576.png\" data-width=\"768\" data-height=\"576\" aria-label=\"\" role=\"img\" ><\/div>\n\t\t\t\t\t\t\t\t\t\t\t<div class=\"elementor-gallery-item__overlay\"><\/div>\n\t\t\t\t\t\t\t\t\t\t\t\t\t\t<\/a>\n\t\t\t\t\t\t\t<a class=\"e-gallery-item elementor-gallery-item elementor-animated-content\" href=\"https:\/\/inzynier.rzeszow.pl\/wp-content\/uploads\/2025\/09\/obraz_2026-01-27_121442131.png\" data-elementor-open-lightbox=\"yes\" data-elementor-lightbox-slideshow=\"7432787\" data-e-action-hash=\"#elementor-action%3Aaction%3Dlightbox%26settings%3DeyJpZCI6MzE2NCwidXJsIjoiaHR0cHM6XC9cL2luenluaWVyLnJ6ZXN6b3cucGxcL3dwLWNvbnRlbnRcL3VwbG9hZHNcLzIwMjVcLzA5XC9vYnJhel8yMDI2LTAxLTI3XzEyMTQ0MjEzMS5wbmciLCJzbGlkZXNob3ciOiI3NDMyNzg3In0%3D\">\n\t\t\t\t\t<div class=\"e-gallery-image elementor-gallery-item__image\" data-thumbnail=\"https:\/\/inzynier.rzeszow.pl\/wp-content\/uploads\/2025\/09\/obraz_2026-01-27_121442131-768x576.png\" data-width=\"768\" data-height=\"576\" aria-label=\"\" role=\"img\" ><\/div>\n\t\t\t\t\t\t\t\t\t\t\t<div class=\"elementor-gallery-item__overlay\"><\/div>\n\t\t\t\t\t\t\t\t\t\t\t\t\t\t<\/a>\n\t\t\t\t\t<\/div>\n\t\t\t\t\t<\/div>\n\t\t\t\t\t<\/div>\n\t\t\t\t<\/div>\n\t\t\t\t<\/div>\n\t\t","protected":false},"excerpt":{"rendered":"<p>W dniu 12 wrze\u015bnia 2025 r.\u00a0odby\u0142o si\u0119 spotkanie informacyjno-integracyjne czynnych cz\u0142onk\u00f3w PDK OIIB powiatu stalowowolskiego w Zaje\u017adzie Sezam przy ul. [&hellip;]<\/p>\n","protected":false},"author":1,"featured_media":3161,"comment_status":"closed","ping_status":"closed","sticky":false,"template":"","format":"standard","meta":{"site-sidebar-layout":"default","site-content-layout":"","ast-site-content-layout":"default","site-content-style":"default","site-sidebar-style":"default","ast-global-header-display":"","ast-banner-title-visibility":"","ast-main-header-display":"","ast-hfb-above-header-display":"","ast-hfb-below-header-display":"","ast-hfb-mobile-header-display":"","site-post-title":"","ast-breadcrumbs-content":"","ast-featured-img":"","footer-sml-layout":"","ast-disable-related-posts":"","theme-transparent-header-meta":"","adv-header-id-meta":"","stick-header-meta":"","header-above-stick-meta":"","header-main-stick-meta":"","header-below-stick-meta":"","astra-migrate-meta-layouts":"default","ast-page-background-enabled":"default","ast-page-background-meta":{"desktop":{"background-color":"var(--ast-global-color-5)","background-image":"","background-repeat":"repeat","background-position":"center center","background-size":"auto","background-attachment":"scroll","background-type":"","background-media":"","overlay-type":"","overlay-color":"","overlay-opacity":"","overlay-gradient":""},"tablet":{"background-color":"","background-image":"","background-repeat":"repeat","background-position":"center center","background-size":"auto","background-attachment":"scroll","background-type":"","background-media":"","overlay-type":"","overlay-color":"","overlay-opacity":"","overlay-gradient":""},"mobile":{"background-color":"","background-image":"","background-repeat":"repeat","background-position":"center center","background-size":"auto","background-attachment":"scroll","background-type":"","background-media":"","overlay-type":"","overlay-color":"","overlay-opacity":"","overlay-gradient":""}},"ast-content-background-meta":{"desktop":{"background-color":"var(--ast-global-color-4)","background-image":"","background-repeat":"repeat","background-position":"center center","background-size":"auto","background-attachment":"scroll","background-type":"","background-media":"","overlay-type":"","overlay-color":"","overlay-opacity":"","overlay-gradient":""},"tablet":{"background-color":"var(--ast-global-color-4)","background-image":"","background-repeat":"repeat","background-position":"center center","background-size":"auto","background-attachment":"scroll","background-type":"","background-media":"","overlay-type":"","overlay-color":"","overlay-opacity":"","overlay-gradient":""},"mobile":{"background-color":"var(--ast-global-color-4)","background-image":"","background-repeat":"repeat","background-position":"center center","background-size":"auto","background-attachment":"scroll","background-type":"","background-media":"","overlay-type":"","overlay-color":"","overlay-opacity":"","overlay-gradient":""}},"footnotes":""},"categories":[7,16,55],"tags":[],"class_list":["post-3127","post","type-post","status-publish","format-standard","has-post-thumbnail","hentry","category-wydarzenia","category-z-zycia-izby","category-z-zycia-izby-rok-2025"],"yoast_head":"<!-- This site is optimized with the Yoast SEO plugin v27.5 - https:\/\/yoast.com\/product\/yoast-seo-wordpress\/ -->\n<title>Spotkanie informacyjno-integracyjne czynnych cz\u0142onk\u00f3w PDK OIIB powiatu stalowowolskiego - Podkarpacka Okregowa Izba Inzynierow Budownictwa<\/title>\n<meta name=\"robots\" content=\"index, follow, max-snippet:-1, max-image-preview:large, max-video-preview:-1\" \/>\n<link rel=\"canonical\" href=\"https:\/\/inzynier.rzeszow.pl\/index.php\/2025\/09\/13\/spotkanie-informacyjno-integracyjne-czynnych-czlonkow-pdk-oiib-powiatu-stalowowolskiego\/\" \/>\n<meta property=\"og:locale\" content=\"pl_PL\" \/>\n<meta property=\"og:type\" content=\"article\" \/>\n<meta property=\"og:title\" content=\"Spotkanie informacyjno-integracyjne czynnych cz\u0142onk\u00f3w PDK OIIB powiatu stalowowolskiego - Podkarpacka Okregowa Izba Inzynierow Budownictwa\" \/>\n<meta property=\"og:description\" content=\"W dniu 12 wrze\u015bnia 2025 r.\u00a0odby\u0142o si\u0119 spotkanie informacyjno-integracyjne czynnych cz\u0142onk\u00f3w PDK OIIB powiatu stalowowolskiego w Zaje\u017adzie Sezam przy ul. [&hellip;]\" \/>\n<meta property=\"og:url\" content=\"https:\/\/inzynier.rzeszow.pl\/index.php\/2025\/09\/13\/spotkanie-informacyjno-integracyjne-czynnych-czlonkow-pdk-oiib-powiatu-stalowowolskiego\/\" \/>\n<meta property=\"og:site_name\" content=\"Podkarpacka Okregowa Izba Inzynierow Budownictwa\" \/>\n<meta property=\"article:published_time\" content=\"2025-09-13T12:51:03+00:00\" \/>\n<meta property=\"article:modified_time\" content=\"2026-02-13T13:36:55+00:00\" \/>\n<meta property=\"og:image\" content=\"https:\/\/inzynier.rzeszow.pl\/wp-content\/uploads\/2025\/09\/obraz_2026-01-27_121154534.png\" \/>\n\t<meta property=\"og:image:width\" content=\"1500\" \/>\n\t<meta property=\"og:image:height\" content=\"2000\" \/>\n\t<meta property=\"og:image:type\" content=\"image\/png\" \/>\n<meta name=\"author\" content=\"admin\" \/>\n<meta name=\"twitter:card\" content=\"summary_large_image\" \/>\n<meta name=\"twitter:label1\" content=\"Napisane przez\" \/>\n\t<meta name=\"twitter:data1\" content=\"admin\" \/>\n\t<meta name=\"twitter:label2\" content=\"Szacowany czas czytania\" \/>\n\t<meta name=\"twitter:data2\" content=\"2 minuty\" \/>\n<script type=\"application\/ld+json\" class=\"yoast-schema-graph\">{\"@context\":\"https:\\\/\\\/schema.org\",\"@graph\":[{\"@type\":\"Article\",\"@id\":\"https:\\\/\\\/inzynier.rzeszow.pl\\\/index.php\\\/2025\\\/09\\\/13\\\/spotkanie-informacyjno-integracyjne-czynnych-czlonkow-pdk-oiib-powiatu-stalowowolskiego\\\/#article\",\"isPartOf\":{\"@id\":\"https:\\\/\\\/inzynier.rzeszow.pl\\\/index.php\\\/2025\\\/09\\\/13\\\/spotkanie-informacyjno-integracyjne-czynnych-czlonkow-pdk-oiib-powiatu-stalowowolskiego\\\/\"},\"author\":{\"name\":\"admin\",\"@id\":\"https:\\\/\\\/inzynier.rzeszow.pl\\\/#\\\/schema\\\/person\\\/21ca162d893bdc5760a95d704e9b1e39\"},\"headline\":\"Spotkanie informacyjno-integracyjne czynnych cz\u0142onk\u00f3w PDK OIIB powiatu stalowowolskiego\",\"datePublished\":\"2025-09-13T12:51:03+00:00\",\"dateModified\":\"2026-02-13T13:36:55+00:00\",\"mainEntityOfPage\":{\"@id\":\"https:\\\/\\\/inzynier.rzeszow.pl\\\/index.php\\\/2025\\\/09\\\/13\\\/spotkanie-informacyjno-integracyjne-czynnych-czlonkow-pdk-oiib-powiatu-stalowowolskiego\\\/\"},\"wordCount\":364,\"image\":{\"@id\":\"https:\\\/\\\/inzynier.rzeszow.pl\\\/index.php\\\/2025\\\/09\\\/13\\\/spotkanie-informacyjno-integracyjne-czynnych-czlonkow-pdk-oiib-powiatu-stalowowolskiego\\\/#primaryimage\"},\"thumbnailUrl\":\"https:\\\/\\\/inzynier.rzeszow.pl\\\/wp-content\\\/uploads\\\/2025\\\/09\\\/obraz_2026-01-27_121154534.png\",\"articleSection\":[\"Wydarzenia\",\"Z \u017cycia izby\",\"Z \u017cycia Izby Rok 2025\"],\"inLanguage\":\"pl-PL\"},{\"@type\":\"WebPage\",\"@id\":\"https:\\\/\\\/inzynier.rzeszow.pl\\\/index.php\\\/2025\\\/09\\\/13\\\/spotkanie-informacyjno-integracyjne-czynnych-czlonkow-pdk-oiib-powiatu-stalowowolskiego\\\/\",\"url\":\"https:\\\/\\\/inzynier.rzeszow.pl\\\/index.php\\\/2025\\\/09\\\/13\\\/spotkanie-informacyjno-integracyjne-czynnych-czlonkow-pdk-oiib-powiatu-stalowowolskiego\\\/\",\"name\":\"Spotkanie informacyjno-integracyjne czynnych cz\u0142onk\u00f3w PDK OIIB powiatu stalowowolskiego - Podkarpacka Okregowa Izba Inzynierow Budownictwa\",\"isPartOf\":{\"@id\":\"https:\\\/\\\/inzynier.rzeszow.pl\\\/#website\"},\"primaryImageOfPage\":{\"@id\":\"https:\\\/\\\/inzynier.rzeszow.pl\\\/index.php\\\/2025\\\/09\\\/13\\\/spotkanie-informacyjno-integracyjne-czynnych-czlonkow-pdk-oiib-powiatu-stalowowolskiego\\\/#primaryimage\"},\"image\":{\"@id\":\"https:\\\/\\\/inzynier.rzeszow.pl\\\/index.php\\\/2025\\\/09\\\/13\\\/spotkanie-informacyjno-integracyjne-czynnych-czlonkow-pdk-oiib-powiatu-stalowowolskiego\\\/#primaryimage\"},\"thumbnailUrl\":\"https:\\\/\\\/inzynier.rzeszow.pl\\\/wp-content\\\/uploads\\\/2025\\\/09\\\/obraz_2026-01-27_121154534.png\",\"datePublished\":\"2025-09-13T12:51:03+00:00\",\"dateModified\":\"2026-02-13T13:36:55+00:00\",\"author\":{\"@id\":\"https:\\\/\\\/inzynier.rzeszow.pl\\\/#\\\/schema\\\/person\\\/21ca162d893bdc5760a95d704e9b1e39\"},\"breadcrumb\":{\"@id\":\"https:\\\/\\\/inzynier.rzeszow.pl\\\/index.php\\\/2025\\\/09\\\/13\\\/spotkanie-informacyjno-integracyjne-czynnych-czlonkow-pdk-oiib-powiatu-stalowowolskiego\\\/#breadcrumb\"},\"inLanguage\":\"pl-PL\",\"potentialAction\":[{\"@type\":\"ReadAction\",\"target\":[\"https:\\\/\\\/inzynier.rzeszow.pl\\\/index.php\\\/2025\\\/09\\\/13\\\/spotkanie-informacyjno-integracyjne-czynnych-czlonkow-pdk-oiib-powiatu-stalowowolskiego\\\/\"]}]},{\"@type\":\"ImageObject\",\"inLanguage\":\"pl-PL\",\"@id\":\"https:\\\/\\\/inzynier.rzeszow.pl\\\/index.php\\\/2025\\\/09\\\/13\\\/spotkanie-informacyjno-integracyjne-czynnych-czlonkow-pdk-oiib-powiatu-stalowowolskiego\\\/#primaryimage\",\"url\":\"https:\\\/\\\/inzynier.rzeszow.pl\\\/wp-content\\\/uploads\\\/2025\\\/09\\\/obraz_2026-01-27_121154534.png\",\"contentUrl\":\"https:\\\/\\\/inzynier.rzeszow.pl\\\/wp-content\\\/uploads\\\/2025\\\/09\\\/obraz_2026-01-27_121154534.png\",\"width\":1500,\"height\":2000},{\"@type\":\"BreadcrumbList\",\"@id\":\"https:\\\/\\\/inzynier.rzeszow.pl\\\/index.php\\\/2025\\\/09\\\/13\\\/spotkanie-informacyjno-integracyjne-czynnych-czlonkow-pdk-oiib-powiatu-stalowowolskiego\\\/#breadcrumb\",\"itemListElement\":[{\"@type\":\"ListItem\",\"position\":1,\"name\":\"Strona g\u0142\u00f3wna\",\"item\":\"https:\\\/\\\/inzynier.rzeszow.pl\\\/\"},{\"@type\":\"ListItem\",\"position\":2,\"name\":\"Spotkanie informacyjno-integracyjne czynnych cz\u0142onk\u00f3w PDK OIIB powiatu stalowowolskiego\"}]},{\"@type\":\"WebSite\",\"@id\":\"https:\\\/\\\/inzynier.rzeszow.pl\\\/#website\",\"url\":\"https:\\\/\\\/inzynier.rzeszow.pl\\\/\",\"name\":\"Podkarpacka Okregowa Izba Inzynierow Budownictwa\",\"description\":\"\",\"potentialAction\":[{\"@type\":\"SearchAction\",\"target\":{\"@type\":\"EntryPoint\",\"urlTemplate\":\"https:\\\/\\\/inzynier.rzeszow.pl\\\/?s={search_term_string}\"},\"query-input\":{\"@type\":\"PropertyValueSpecification\",\"valueRequired\":true,\"valueName\":\"search_term_string\"}}],\"inLanguage\":\"pl-PL\"},{\"@type\":\"Person\",\"@id\":\"https:\\\/\\\/inzynier.rzeszow.pl\\\/#\\\/schema\\\/person\\\/21ca162d893bdc5760a95d704e9b1e39\",\"name\":\"admin\",\"image\":{\"@type\":\"ImageObject\",\"inLanguage\":\"pl-PL\",\"@id\":\"https:\\\/\\\/secure.gravatar.com\\\/avatar\\\/d5d1959f10b94c8abcf928274f8bb5b8c7370b0dfadb0590911bacad18965f21?s=96&d=mm&r=g\",\"url\":\"https:\\\/\\\/secure.gravatar.com\\\/avatar\\\/d5d1959f10b94c8abcf928274f8bb5b8c7370b0dfadb0590911bacad18965f21?s=96&d=mm&r=g\",\"contentUrl\":\"https:\\\/\\\/secure.gravatar.com\\\/avatar\\\/d5d1959f10b94c8abcf928274f8bb5b8c7370b0dfadb0590911bacad18965f21?s=96&d=mm&r=g\",\"caption\":\"admin\"},\"sameAs\":[\"https:\\\/\\\/migracja.inzynier.rzeszow.pl\"],\"url\":\"https:\\\/\\\/inzynier.rzeszow.pl\\\/index.php\\\/author\\\/kwojcik\\\/\"}]}<\/script>\n<!-- \/ Yoast SEO plugin. -->","yoast_head_json":{"title":"Spotkanie informacyjno-integracyjne czynnych cz\u0142onk\u00f3w PDK OIIB powiatu stalowowolskiego - Podkarpacka Okregowa Izba Inzynierow Budownictwa","robots":{"index":"index","follow":"follow","max-snippet":"max-snippet:-1","max-image-preview":"max-image-preview:large","max-video-preview":"max-video-preview:-1"},"canonical":"https:\/\/inzynier.rzeszow.pl\/index.php\/2025\/09\/13\/spotkanie-informacyjno-integracyjne-czynnych-czlonkow-pdk-oiib-powiatu-stalowowolskiego\/","og_locale":"pl_PL","og_type":"article","og_title":"Spotkanie informacyjno-integracyjne czynnych cz\u0142onk\u00f3w PDK OIIB powiatu stalowowolskiego - Podkarpacka Okregowa Izba Inzynierow Budownictwa","og_description":"W dniu 12 wrze\u015bnia 2025 r.\u00a0odby\u0142o si\u0119 spotkanie informacyjno-integracyjne czynnych cz\u0142onk\u00f3w PDK OIIB powiatu stalowowolskiego w Zaje\u017adzie Sezam przy ul. [&hellip;]","og_url":"https:\/\/inzynier.rzeszow.pl\/index.php\/2025\/09\/13\/spotkanie-informacyjno-integracyjne-czynnych-czlonkow-pdk-oiib-powiatu-stalowowolskiego\/","og_site_name":"Podkarpacka Okregowa Izba Inzynierow Budownictwa","article_published_time":"2025-09-13T12:51:03+00:00","article_modified_time":"2026-02-13T13:36:55+00:00","og_image":[{"width":1500,"height":2000,"url":"https:\/\/inzynier.rzeszow.pl\/wp-content\/uploads\/2025\/09\/obraz_2026-01-27_121154534.png","type":"image\/png"}],"author":"admin","twitter_card":"summary_large_image","twitter_misc":{"Napisane przez":"admin","Szacowany czas czytania":"2 minuty"},"schema":{"@context":"https:\/\/schema.org","@graph":[{"@type":"Article","@id":"https:\/\/inzynier.rzeszow.pl\/index.php\/2025\/09\/13\/spotkanie-informacyjno-integracyjne-czynnych-czlonkow-pdk-oiib-powiatu-stalowowolskiego\/#article","isPartOf":{"@id":"https:\/\/inzynier.rzeszow.pl\/index.php\/2025\/09\/13\/spotkanie-informacyjno-integracyjne-czynnych-czlonkow-pdk-oiib-powiatu-stalowowolskiego\/"},"author":{"name":"admin","@id":"https:\/\/inzynier.rzeszow.pl\/#\/schema\/person\/21ca162d893bdc5760a95d704e9b1e39"},"headline":"Spotkanie informacyjno-integracyjne czynnych cz\u0142onk\u00f3w PDK OIIB powiatu stalowowolskiego","datePublished":"2025-09-13T12:51:03+00:00","dateModified":"2026-02-13T13:36:55+00:00","mainEntityOfPage":{"@id":"https:\/\/inzynier.rzeszow.pl\/index.php\/2025\/09\/13\/spotkanie-informacyjno-integracyjne-czynnych-czlonkow-pdk-oiib-powiatu-stalowowolskiego\/"},"wordCount":364,"image":{"@id":"https:\/\/inzynier.rzeszow.pl\/index.php\/2025\/09\/13\/spotkanie-informacyjno-integracyjne-czynnych-czlonkow-pdk-oiib-powiatu-stalowowolskiego\/#primaryimage"},"thumbnailUrl":"https:\/\/inzynier.rzeszow.pl\/wp-content\/uploads\/2025\/09\/obraz_2026-01-27_121154534.png","articleSection":["Wydarzenia","Z \u017cycia izby","Z \u017cycia Izby Rok 2025"],"inLanguage":"pl-PL"},{"@type":"WebPage","@id":"https:\/\/inzynier.rzeszow.pl\/index.php\/2025\/09\/13\/spotkanie-informacyjno-integracyjne-czynnych-czlonkow-pdk-oiib-powiatu-stalowowolskiego\/","url":"https:\/\/inzynier.rzeszow.pl\/index.php\/2025\/09\/13\/spotkanie-informacyjno-integracyjne-czynnych-czlonkow-pdk-oiib-powiatu-stalowowolskiego\/","name":"Spotkanie informacyjno-integracyjne czynnych cz\u0142onk\u00f3w PDK OIIB powiatu stalowowolskiego - Podkarpacka Okregowa Izba Inzynierow Budownictwa","isPartOf":{"@id":"https:\/\/inzynier.rzeszow.pl\/#website"},"primaryImageOfPage":{"@id":"https:\/\/inzynier.rzeszow.pl\/index.php\/2025\/09\/13\/spotkanie-informacyjno-integracyjne-czynnych-czlonkow-pdk-oiib-powiatu-stalowowolskiego\/#primaryimage"},"image":{"@id":"https:\/\/inzynier.rzeszow.pl\/index.php\/2025\/09\/13\/spotkanie-informacyjno-integracyjne-czynnych-czlonkow-pdk-oiib-powiatu-stalowowolskiego\/#primaryimage"},"thumbnailUrl":"https:\/\/inzynier.rzeszow.pl\/wp-content\/uploads\/2025\/09\/obraz_2026-01-27_121154534.png","datePublished":"2025-09-13T12:51:03+00:00","dateModified":"2026-02-13T13:36:55+00:00","author":{"@id":"https:\/\/inzynier.rzeszow.pl\/#\/schema\/person\/21ca162d893bdc5760a95d704e9b1e39"},"breadcrumb":{"@id":"https:\/\/inzynier.rzeszow.pl\/index.php\/2025\/09\/13\/spotkanie-informacyjno-integracyjne-czynnych-czlonkow-pdk-oiib-powiatu-stalowowolskiego\/#breadcrumb"},"inLanguage":"pl-PL","potentialAction":[{"@type":"ReadAction","target":["https:\/\/inzynier.rzeszow.pl\/index.php\/2025\/09\/13\/spotkanie-informacyjno-integracyjne-czynnych-czlonkow-pdk-oiib-powiatu-stalowowolskiego\/"]}]},{"@type":"ImageObject","inLanguage":"pl-PL","@id":"https:\/\/inzynier.rzeszow.pl\/index.php\/2025\/09\/13\/spotkanie-informacyjno-integracyjne-czynnych-czlonkow-pdk-oiib-powiatu-stalowowolskiego\/#primaryimage","url":"https:\/\/inzynier.rzeszow.pl\/wp-content\/uploads\/2025\/09\/obraz_2026-01-27_121154534.png","contentUrl":"https:\/\/inzynier.rzeszow.pl\/wp-content\/uploads\/2025\/09\/obraz_2026-01-27_121154534.png","width":1500,"height":2000},{"@type":"BreadcrumbList","@id":"https:\/\/inzynier.rzeszow.pl\/index.php\/2025\/09\/13\/spotkanie-informacyjno-integracyjne-czynnych-czlonkow-pdk-oiib-powiatu-stalowowolskiego\/#breadcrumb","itemListElement":[{"@type":"ListItem","position":1,"name":"Strona g\u0142\u00f3wna","item":"https:\/\/inzynier.rzeszow.pl\/"},{"@type":"ListItem","position":2,"name":"Spotkanie informacyjno-integracyjne czynnych cz\u0142onk\u00f3w PDK OIIB powiatu stalowowolskiego"}]},{"@type":"WebSite","@id":"https:\/\/inzynier.rzeszow.pl\/#website","url":"https:\/\/inzynier.rzeszow.pl\/","name":"Podkarpacka Okregowa Izba Inzynierow Budownictwa","description":"","potentialAction":[{"@type":"SearchAction","target":{"@type":"EntryPoint","urlTemplate":"https:\/\/inzynier.rzeszow.pl\/?s={search_term_string}"},"query-input":{"@type":"PropertyValueSpecification","valueRequired":true,"valueName":"search_term_string"}}],"inLanguage":"pl-PL"},{"@type":"Person","@id":"https:\/\/inzynier.rzeszow.pl\/#\/schema\/person\/21ca162d893bdc5760a95d704e9b1e39","name":"admin","image":{"@type":"ImageObject","inLanguage":"pl-PL","@id":"https:\/\/secure.gravatar.com\/avatar\/d5d1959f10b94c8abcf928274f8bb5b8c7370b0dfadb0590911bacad18965f21?s=96&d=mm&r=g","url":"https:\/\/secure.gravatar.com\/avatar\/d5d1959f10b94c8abcf928274f8bb5b8c7370b0dfadb0590911bacad18965f21?s=96&d=mm&r=g","contentUrl":"https:\/\/secure.gravatar.com\/avatar\/d5d1959f10b94c8abcf928274f8bb5b8c7370b0dfadb0590911bacad18965f21?s=96&d=mm&r=g","caption":"admin"},"sameAs":["https:\/\/migracja.inzynier.rzeszow.pl"],"url":"https:\/\/inzynier.rzeszow.pl\/index.php\/author\/kwojcik\/"}]}},"rttpg_featured_image_url":{"full":["https:\/\/inzynier.rzeszow.pl\/wp-content\/uploads\/2025\/09\/obraz_2026-01-27_121154534.png",1500,2000,false],"landscape":["https:\/\/inzynier.rzeszow.pl\/wp-content\/uploads\/2025\/09\/obraz_2026-01-27_121154534.png",1500,2000,false],"portraits":["https:\/\/inzynier.rzeszow.pl\/wp-content\/uploads\/2025\/09\/obraz_2026-01-27_121154534.png",1500,2000,false],"thumbnail":["https:\/\/inzynier.rzeszow.pl\/wp-content\/uploads\/2025\/09\/obraz_2026-01-27_121154534-150x150.png",150,150,true],"medium":["https:\/\/inzynier.rzeszow.pl\/wp-content\/uploads\/2025\/09\/obraz_2026-01-27_121154534-225x300.png",225,300,true],"large":["https:\/\/inzynier.rzeszow.pl\/wp-content\/uploads\/2025\/09\/obraz_2026-01-27_121154534-768x1024.png",768,1024,true],"1536x1536":["https:\/\/inzynier.rzeszow.pl\/wp-content\/uploads\/2025\/09\/obraz_2026-01-27_121154534-1152x1536.png",1152,1536,true],"2048x2048":["https:\/\/inzynier.rzeszow.pl\/wp-content\/uploads\/2025\/09\/obraz_2026-01-27_121154534.png",1500,2000,false]},"rttpg_author":{"display_name":"admin","author_link":"https:\/\/inzynier.rzeszow.pl\/index.php\/author\/kwojcik\/"},"rttpg_comment":0,"rttpg_category":"<a href=\"https:\/\/inzynier.rzeszow.pl\/index.php\/category\/wydarzenia\/\" rel=\"category tag\">Wydarzenia<\/a> <a href=\"https:\/\/inzynier.rzeszow.pl\/index.php\/category\/z-zycia-izby\/\" rel=\"category tag\">Z \u017cycia izby<\/a> <a href=\"https:\/\/inzynier.rzeszow.pl\/index.php\/category\/z-zycia-izby\/z-zycia-izby-rok-2025\/\" rel=\"category tag\">Z \u017cycia Izby Rok 2025<\/a>","rttpg_excerpt":"W dniu 12 wrze\u015bnia 2025 r.\u00a0odby\u0142o si\u0119 spotkanie informacyjno-integracyjne czynnych cz\u0142onk\u00f3w PDK OIIB powiatu stalowowolskiego w Zaje\u017adzie Sezam przy ul. [&hellip;]","_links":{"self":[{"href":"https:\/\/inzynier.rzeszow.pl\/index.php\/wp-json\/wp\/v2\/posts\/3127","targetHints":{"allow":["GET"]}}],"collection":[{"href":"https:\/\/inzynier.rzeszow.pl\/index.php\/wp-json\/wp\/v2\/posts"}],"about":[{"href":"https:\/\/inzynier.rzeszow.pl\/index.php\/wp-json\/wp\/v2\/types\/post"}],"author":[{"embeddable":true,"href":"https:\/\/inzynier.rzeszow.pl\/index.php\/wp-json\/wp\/v2\/users\/1"}],"replies":[{"embeddable":true,"href":"https:\/\/inzynier.rzeszow.pl\/index.php\/wp-json\/wp\/v2\/comments?post=3127"}],"version-history":[{"count":4,"href":"https:\/\/inzynier.rzeszow.pl\/index.php\/wp-json\/wp\/v2\/posts\/3127\/revisions"}],"predecessor-version":[{"id":3167,"href":"https:\/\/inzynier.rzeszow.pl\/index.php\/wp-json\/wp\/v2\/posts\/3127\/revisions\/3167"}],"wp:featuredmedia":[{"embeddable":true,"href":"https:\/\/inzynier.rzeszow.pl\/index.php\/wp-json\/wp\/v2\/media\/3161"}],"wp:attachment":[{"href":"https:\/\/inzynier.rzeszow.pl\/index.php\/wp-json\/wp\/v2\/media?parent=3127"}],"wp:term":[{"taxonomy":"category","embeddable":true,"href":"https:\/\/inzynier.rzeszow.pl\/index.php\/wp-json\/wp\/v2\/categories?post=3127"},{"taxonomy":"post_tag","embeddable":true,"href":"https:\/\/inzynier.rzeszow.pl\/index.php\/wp-json\/wp\/v2\/tags?post=3127"}],"curies":[{"name":"wp","href":"https:\/\/api.w.org\/{rel}","templated":true}]}}