{"id":3125,"date":"2025-09-06T14:42:50","date_gmt":"2025-09-06T14:42:50","guid":{"rendered":"https:\/\/migracja.inzynier.rzeszow.pl\/?p=3125"},"modified":"2026-02-13T13:36:55","modified_gmt":"2026-02-13T13:36:55","slug":"z-wizyta-w-lubuskiej-oiib-lubuski-dzien-budowlanych","status":"publish","type":"post","link":"https:\/\/inzynier.rzeszow.pl\/index.php\/2025\/09\/06\/z-wizyta-w-lubuskiej-oiib-lubuski-dzien-budowlanych\/","title":{"rendered":"Z wizyt\u0105 w Lubuskiej OIIB &#8211; Lubuski Dzie\u0144 Budowlanych"},"content":{"rendered":"\t\t<div data-elementor-type=\"wp-post\" data-elementor-id=\"3125\" class=\"elementor elementor-3125\" data-elementor-post-type=\"post\">\n\t\t\t\t<div class=\"elementor-element elementor-element-4f70bb6 e-flex e-con-boxed e-con e-parent\" data-id=\"4f70bb6\" data-element_type=\"container\" data-e-type=\"container\">\n\t\t\t\t\t<div class=\"e-con-inner\">\n\t\t<div class=\"elementor-element elementor-element-44b5713 e-con-full e-flex e-con e-child\" data-id=\"44b5713\" data-element_type=\"container\" data-e-type=\"container\">\n\t\t\t\t<div class=\"elementor-element elementor-element-f3497ff elementor-widget elementor-widget-image\" data-id=\"f3497ff\" data-element_type=\"widget\" data-e-type=\"widget\" data-widget_type=\"image.default\">\n\t\t\t\t\t\t\t\t\t\t\t\t\t\t\t<img fetchpriority=\"high\" decoding=\"async\" width=\"756\" height=\"1024\" src=\"https:\/\/inzynier.rzeszow.pl\/wp-content\/uploads\/2025\/09\/obraz_2026-01-27_122331433-756x1024.png\" class=\"attachment-large size-large wp-image-3177\" alt=\"\" srcset=\"https:\/\/inzynier.rzeszow.pl\/wp-content\/uploads\/2025\/09\/obraz_2026-01-27_122331433-756x1024.png 756w, https:\/\/inzynier.rzeszow.pl\/wp-content\/uploads\/2025\/09\/obraz_2026-01-27_122331433-221x300.png 221w, https:\/\/inzynier.rzeszow.pl\/wp-content\/uploads\/2025\/09\/obraz_2026-01-27_122331433-768x1041.png 768w, https:\/\/inzynier.rzeszow.pl\/wp-content\/uploads\/2025\/09\/obraz_2026-01-27_122331433-1134x1536.png 1134w, https:\/\/inzynier.rzeszow.pl\/wp-content\/uploads\/2025\/09\/obraz_2026-01-27_122331433.png 1394w\" sizes=\"(max-width: 756px) 100vw, 756px\" \/>\t\t\t\t\t\t\t\t\t\t\t\t\t\t\t<\/div>\n\t\t\t\t<\/div>\n\t\t<div class=\"elementor-element elementor-element-5c2e3bd e-con-full e-flex e-con e-child\" data-id=\"5c2e3bd\" data-element_type=\"container\" data-e-type=\"container\">\n\t\t\t\t<div class=\"elementor-element elementor-element-d681aaf elementor-widget elementor-widget-text-editor\" data-id=\"d681aaf\" data-element_type=\"widget\" data-e-type=\"widget\" data-widget_type=\"text-editor.default\">\n\t\t\t\t\t\t\t\t\t<p style=\"font-weight: 400;\">W dniu 05 wrze\u015bnia 2025 r. przewodnicz\u0105cy OR PDK OIIB Grzegorz Dubik uczestniczy\u0142 w Lubuskim Dniu Budowlanych w Mierz\u0119cinie. Wielu znakomitych go\u015bci powita\u0142 przewodnicz\u0105cy OR LOIIB Wojciech Por\u0119ba.\u00a0<br \/><br \/>Wydarzenie by\u0142o doskona\u0142\u0105 okazj\u0105 do wymiany do\u015bwiadcze\u0144 i zapoznania si\u0119 z najnowszymi trendami w bran\u017cy dzi\u0119ki cyklowi merytorycznych prelekcji: \u201eBudujemy rzeki, jeziora i robimy pr\u0105d\u201d- IMMERBAU Sp. z o.o.; HZBUD Sp. z o.o.; KLP Sp. z o.o; ELTECH POLSKA Sp. z o.o. \u201eKiedy przyroda m\u00f3wi NIE, a budowa m\u00f3wi TAK\u201d &#8211; O\u015b Eko Sp. z o.o. oraz \u201eBezpiecze\u0144stwo pod wp\u0142ywem \u2013 z\u0142udzenie czy rzeczywisto\u015b\u0107?\u201d- SELA Sp. z o.o.<br \/><br \/>Serdecznie dzi\u0119kujemy Lubuskiej OIIB za zaproszenie i wzorow\u0105 organizacj\u0119 spotkania, kt\u00f3re z pewno\u015bci\u0105 przyczyni si\u0119 do dalszej integracji i rozwoju \u015brodowiska budowlanego w regionie.<\/p><p style=\"font-weight: 400;\">\u00a0<\/p><p style=\"font-weight: 400; text-align: right;\">\u00a0 \u00a0 \u00a0 \u00a0 \u00a0 \u00a0 \u00a0 \u00a0 \u00a0 \u00a0 \u00a0 \u00a0 \u00a0 \u00a0 \u00a0 \u00a0 \u00a0 \u00a0 \u00a0 \u00a0 \u00a0 \u00a0 \u00a0 \u00a0 \u00a0 \u00a0 \u00a0 \u00a0 \u00a0 \u00a0 \u00a0 \u00a0 \u00a0 \u00a0 \u00a0 \u00a0 \u00a0 \u00a0 \u00a0 \u00a0 \u00a0 \u00a0 \u00a0 \u00a0 \u00a0 \u00a0fot.: Lubuska OIIB<\/p>\t\t\t\t\t\t\t\t<\/div>\n\t\t\t\t<\/div>\n\t\t\t\t\t<\/div>\n\t\t\t\t<\/div>\n\t\t<div class=\"elementor-element elementor-element-c92df10 e-flex e-con-boxed e-con e-parent\" data-id=\"c92df10\" data-element_type=\"container\" data-e-type=\"container\">\n\t\t\t\t\t<div class=\"e-con-inner\">\n\t\t\t\t<div class=\"elementor-element elementor-element-7432787 elementor-widget elementor-widget-gallery\" data-id=\"7432787\" data-element_type=\"widget\" data-e-type=\"widget\" data-settings=\"{&quot;columns&quot;:2,&quot;lazyload&quot;:&quot;yes&quot;,&quot;gallery_layout&quot;:&quot;grid&quot;,&quot;columns_tablet&quot;:2,&quot;columns_mobile&quot;:1,&quot;gap&quot;:{&quot;unit&quot;:&quot;px&quot;,&quot;size&quot;:10,&quot;sizes&quot;:[]},&quot;gap_tablet&quot;:{&quot;unit&quot;:&quot;px&quot;,&quot;size&quot;:10,&quot;sizes&quot;:[]},&quot;gap_mobile&quot;:{&quot;unit&quot;:&quot;px&quot;,&quot;size&quot;:10,&quot;sizes&quot;:[]},&quot;link_to&quot;:&quot;file&quot;,&quot;aspect_ratio&quot;:&quot;3:2&quot;,&quot;overlay_background&quot;:&quot;yes&quot;,&quot;content_hover_animation&quot;:&quot;fade-in&quot;}\" data-widget_type=\"gallery.default\">\n\t\t\t\t\t\t\t<div class=\"elementor-gallery__container\">\n\t\t\t\t\t\t\t<a class=\"e-gallery-item elementor-gallery-item elementor-animated-content\" href=\"https:\/\/inzynier.rzeszow.pl\/wp-content\/uploads\/2025\/09\/obraz_2026-01-27_122432974.png\" data-elementor-open-lightbox=\"yes\" data-elementor-lightbox-slideshow=\"7432787\" data-e-action-hash=\"#elementor-action%3Aaction%3Dlightbox%26settings%3DeyJpZCI6MzE3OCwidXJsIjoiaHR0cHM6XC9cL2luenluaWVyLnJ6ZXN6b3cucGxcL3dwLWNvbnRlbnRcL3VwbG9hZHNcLzIwMjVcLzA5XC9vYnJhel8yMDI2LTAxLTI3XzEyMjQzMjk3NC5wbmciLCJzbGlkZXNob3ciOiI3NDMyNzg3In0%3D\">\n\t\t\t\t\t<div class=\"e-gallery-image elementor-gallery-item__image\" data-thumbnail=\"https:\/\/inzynier.rzeszow.pl\/wp-content\/uploads\/2025\/09\/obraz_2026-01-27_122432974-768x432.png\" data-width=\"768\" data-height=\"432\" aria-label=\"\" role=\"img\" ><\/div>\n\t\t\t\t\t\t\t\t\t\t\t<div class=\"elementor-gallery-item__overlay\"><\/div>\n\t\t\t\t\t\t\t\t\t\t\t\t\t\t<\/a>\n\t\t\t\t\t\t\t<a class=\"e-gallery-item elementor-gallery-item elementor-animated-content\" href=\"https:\/\/inzynier.rzeszow.pl\/wp-content\/uploads\/2025\/09\/obraz_2026-01-27_122444975.png\" data-elementor-open-lightbox=\"yes\" data-elementor-lightbox-slideshow=\"7432787\" data-e-action-hash=\"#elementor-action%3Aaction%3Dlightbox%26settings%3DeyJpZCI6MzE3OSwidXJsIjoiaHR0cHM6XC9cL2luenluaWVyLnJ6ZXN6b3cucGxcL3dwLWNvbnRlbnRcL3VwbG9hZHNcLzIwMjVcLzA5XC9vYnJhel8yMDI2LTAxLTI3XzEyMjQ0NDk3NS5wbmciLCJzbGlkZXNob3ciOiI3NDMyNzg3In0%3D\">\n\t\t\t\t\t<div class=\"e-gallery-image elementor-gallery-item__image\" data-thumbnail=\"https:\/\/inzynier.rzeszow.pl\/wp-content\/uploads\/2025\/09\/obraz_2026-01-27_122444975-768x432.png\" data-width=\"768\" data-height=\"432\" aria-label=\"\" role=\"img\" ><\/div>\n\t\t\t\t\t\t\t\t\t\t\t<div class=\"elementor-gallery-item__overlay\"><\/div>\n\t\t\t\t\t\t\t\t\t\t\t\t\t\t<\/a>\n\t\t\t\t\t<\/div>\n\t\t\t\t\t<\/div>\n\t\t\t\t\t<\/div>\n\t\t\t\t<\/div>\n\t\t\t\t<\/div>\n\t\t","protected":false},"excerpt":{"rendered":"<p>W dniu 05 wrze\u015bnia 2025 r. przewodnicz\u0105cy OR PDK OIIB Grzegorz Dubik uczestniczy\u0142 w Lubuskim Dniu Budowlanych w Mierz\u0119cinie. Wielu [&hellip;]<\/p>\n","protected":false},"author":1,"featured_media":3177,"comment_status":"closed","ping_status":"closed","sticky":false,"template":"","format":"standard","meta":{"site-sidebar-layout":"default","site-content-layout":"","ast-site-content-layout":"default","site-content-style":"default","site-sidebar-style":"default","ast-global-header-display":"","ast-banner-title-visibility":"","ast-main-header-display":"","ast-hfb-above-header-display":"","ast-hfb-below-header-display":"","ast-hfb-mobile-header-display":"","site-post-title":"","ast-breadcrumbs-content":"","ast-featured-img":"","footer-sml-layout":"","ast-disable-related-posts":"","theme-transparent-header-meta":"","adv-header-id-meta":"","stick-header-meta":"","header-above-stick-meta":"","header-main-stick-meta":"","header-below-stick-meta":"","astra-migrate-meta-layouts":"default","ast-page-background-enabled":"default","ast-page-background-meta":{"desktop":{"background-color":"var(--ast-global-color-5)","background-image":"","background-repeat":"repeat","background-position":"center center","background-size":"auto","background-attachment":"scroll","background-type":"","background-media":"","overlay-type":"","overlay-color":"","overlay-opacity":"","overlay-gradient":""},"tablet":{"background-color":"","background-image":"","background-repeat":"repeat","background-position":"center center","background-size":"auto","background-attachment":"scroll","background-type":"","background-media":"","overlay-type":"","overlay-color":"","overlay-opacity":"","overlay-gradient":""},"mobile":{"background-color":"","background-image":"","background-repeat":"repeat","background-position":"center center","background-size":"auto","background-attachment":"scroll","background-type":"","background-media":"","overlay-type":"","overlay-color":"","overlay-opacity":"","overlay-gradient":""}},"ast-content-background-meta":{"desktop":{"background-color":"var(--ast-global-color-4)","background-image":"","background-repeat":"repeat","background-position":"center center","background-size":"auto","background-attachment":"scroll","background-type":"","background-media":"","overlay-type":"","overlay-color":"","overlay-opacity":"","overlay-gradient":""},"tablet":{"background-color":"var(--ast-global-color-4)","background-image":"","background-repeat":"repeat","background-position":"center center","background-size":"auto","background-attachment":"scroll","background-type":"","background-media":"","overlay-type":"","overlay-color":"","overlay-opacity":"","overlay-gradient":""},"mobile":{"background-color":"var(--ast-global-color-4)","background-image":"","background-repeat":"repeat","background-position":"center center","background-size":"auto","background-attachment":"scroll","background-type":"","background-media":"","overlay-type":"","overlay-color":"","overlay-opacity":"","overlay-gradient":""}},"footnotes":""},"categories":[7,16,55],"tags":[],"class_list":["post-3125","post","type-post","status-publish","format-standard","has-post-thumbnail","hentry","category-wydarzenia","category-z-zycia-izby","category-z-zycia-izby-rok-2025"],"yoast_head":"<!-- This site is optimized with the Yoast SEO plugin v27.5 - https:\/\/yoast.com\/product\/yoast-seo-wordpress\/ -->\n<title>Z wizyt\u0105 w Lubuskiej OIIB - Lubuski Dzie\u0144 Budowlanych - Podkarpacka Okregowa Izba Inzynierow Budownictwa<\/title>\n<meta name=\"robots\" content=\"index, follow, max-snippet:-1, max-image-preview:large, max-video-preview:-1\" \/>\n<link rel=\"canonical\" href=\"https:\/\/inzynier.rzeszow.pl\/index.php\/2025\/09\/06\/z-wizyta-w-lubuskiej-oiib-lubuski-dzien-budowlanych\/\" \/>\n<meta property=\"og:locale\" content=\"pl_PL\" \/>\n<meta property=\"og:type\" content=\"article\" \/>\n<meta property=\"og:title\" content=\"Z wizyt\u0105 w Lubuskiej OIIB - Lubuski Dzie\u0144 Budowlanych - Podkarpacka Okregowa Izba Inzynierow Budownictwa\" \/>\n<meta property=\"og:description\" content=\"W dniu 05 wrze\u015bnia 2025 r. przewodnicz\u0105cy OR PDK OIIB Grzegorz Dubik uczestniczy\u0142 w Lubuskim Dniu Budowlanych w Mierz\u0119cinie. Wielu [&hellip;]\" \/>\n<meta property=\"og:url\" content=\"https:\/\/inzynier.rzeszow.pl\/index.php\/2025\/09\/06\/z-wizyta-w-lubuskiej-oiib-lubuski-dzien-budowlanych\/\" \/>\n<meta property=\"og:site_name\" content=\"Podkarpacka Okregowa Izba Inzynierow Budownictwa\" \/>\n<meta property=\"article:published_time\" content=\"2025-09-06T14:42:50+00:00\" \/>\n<meta property=\"article:modified_time\" content=\"2026-02-13T13:36:55+00:00\" \/>\n<meta property=\"og:image\" content=\"https:\/\/inzynier.rzeszow.pl\/wp-content\/uploads\/2025\/09\/obraz_2026-01-27_122331433-756x1024.png\" \/>\n\t<meta property=\"og:image:width\" content=\"756\" \/>\n\t<meta property=\"og:image:height\" content=\"1024\" \/>\n\t<meta property=\"og:image:type\" content=\"image\/png\" \/>\n<meta name=\"author\" content=\"admin\" \/>\n<meta name=\"twitter:card\" content=\"summary_large_image\" \/>\n<meta name=\"twitter:label1\" content=\"Napisane przez\" \/>\n\t<meta name=\"twitter:data1\" content=\"admin\" \/>\n\t<meta name=\"twitter:label2\" content=\"Szacowany czas czytania\" \/>\n\t<meta name=\"twitter:data2\" content=\"1 minuta\" \/>\n<script type=\"application\/ld+json\" class=\"yoast-schema-graph\">{\"@context\":\"https:\\\/\\\/schema.org\",\"@graph\":[{\"@type\":\"Article\",\"@id\":\"https:\\\/\\\/inzynier.rzeszow.pl\\\/index.php\\\/2025\\\/09\\\/06\\\/z-wizyta-w-lubuskiej-oiib-lubuski-dzien-budowlanych\\\/#article\",\"isPartOf\":{\"@id\":\"https:\\\/\\\/inzynier.rzeszow.pl\\\/index.php\\\/2025\\\/09\\\/06\\\/z-wizyta-w-lubuskiej-oiib-lubuski-dzien-budowlanych\\\/\"},\"author\":{\"name\":\"admin\",\"@id\":\"https:\\\/\\\/inzynier.rzeszow.pl\\\/#\\\/schema\\\/person\\\/21ca162d893bdc5760a95d704e9b1e39\"},\"headline\":\"Z wizyt\u0105 w Lubuskiej OIIB &#8211; Lubuski Dzie\u0144 Budowlanych\",\"datePublished\":\"2025-09-06T14:42:50+00:00\",\"dateModified\":\"2026-02-13T13:36:55+00:00\",\"mainEntityOfPage\":{\"@id\":\"https:\\\/\\\/inzynier.rzeszow.pl\\\/index.php\\\/2025\\\/09\\\/06\\\/z-wizyta-w-lubuskiej-oiib-lubuski-dzien-budowlanych\\\/\"},\"wordCount\":156,\"image\":{\"@id\":\"https:\\\/\\\/inzynier.rzeszow.pl\\\/index.php\\\/2025\\\/09\\\/06\\\/z-wizyta-w-lubuskiej-oiib-lubuski-dzien-budowlanych\\\/#primaryimage\"},\"thumbnailUrl\":\"https:\\\/\\\/inzynier.rzeszow.pl\\\/wp-content\\\/uploads\\\/2025\\\/09\\\/obraz_2026-01-27_122331433.png\",\"articleSection\":[\"Wydarzenia\",\"Z \u017cycia izby\",\"Z \u017cycia Izby Rok 2025\"],\"inLanguage\":\"pl-PL\"},{\"@type\":\"WebPage\",\"@id\":\"https:\\\/\\\/inzynier.rzeszow.pl\\\/index.php\\\/2025\\\/09\\\/06\\\/z-wizyta-w-lubuskiej-oiib-lubuski-dzien-budowlanych\\\/\",\"url\":\"https:\\\/\\\/inzynier.rzeszow.pl\\\/index.php\\\/2025\\\/09\\\/06\\\/z-wizyta-w-lubuskiej-oiib-lubuski-dzien-budowlanych\\\/\",\"name\":\"Z wizyt\u0105 w Lubuskiej OIIB - Lubuski Dzie\u0144 Budowlanych - Podkarpacka Okregowa Izba Inzynierow Budownictwa\",\"isPartOf\":{\"@id\":\"https:\\\/\\\/inzynier.rzeszow.pl\\\/#website\"},\"primaryImageOfPage\":{\"@id\":\"https:\\\/\\\/inzynier.rzeszow.pl\\\/index.php\\\/2025\\\/09\\\/06\\\/z-wizyta-w-lubuskiej-oiib-lubuski-dzien-budowlanych\\\/#primaryimage\"},\"image\":{\"@id\":\"https:\\\/\\\/inzynier.rzeszow.pl\\\/index.php\\\/2025\\\/09\\\/06\\\/z-wizyta-w-lubuskiej-oiib-lubuski-dzien-budowlanych\\\/#primaryimage\"},\"thumbnailUrl\":\"https:\\\/\\\/inzynier.rzeszow.pl\\\/wp-content\\\/uploads\\\/2025\\\/09\\\/obraz_2026-01-27_122331433.png\",\"datePublished\":\"2025-09-06T14:42:50+00:00\",\"dateModified\":\"2026-02-13T13:36:55+00:00\",\"author\":{\"@id\":\"https:\\\/\\\/inzynier.rzeszow.pl\\\/#\\\/schema\\\/person\\\/21ca162d893bdc5760a95d704e9b1e39\"},\"breadcrumb\":{\"@id\":\"https:\\\/\\\/inzynier.rzeszow.pl\\\/index.php\\\/2025\\\/09\\\/06\\\/z-wizyta-w-lubuskiej-oiib-lubuski-dzien-budowlanych\\\/#breadcrumb\"},\"inLanguage\":\"pl-PL\",\"potentialAction\":[{\"@type\":\"ReadAction\",\"target\":[\"https:\\\/\\\/inzynier.rzeszow.pl\\\/index.php\\\/2025\\\/09\\\/06\\\/z-wizyta-w-lubuskiej-oiib-lubuski-dzien-budowlanych\\\/\"]}]},{\"@type\":\"ImageObject\",\"inLanguage\":\"pl-PL\",\"@id\":\"https:\\\/\\\/inzynier.rzeszow.pl\\\/index.php\\\/2025\\\/09\\\/06\\\/z-wizyta-w-lubuskiej-oiib-lubuski-dzien-budowlanych\\\/#primaryimage\",\"url\":\"https:\\\/\\\/inzynier.rzeszow.pl\\\/wp-content\\\/uploads\\\/2025\\\/09\\\/obraz_2026-01-27_122331433.png\",\"contentUrl\":\"https:\\\/\\\/inzynier.rzeszow.pl\\\/wp-content\\\/uploads\\\/2025\\\/09\\\/obraz_2026-01-27_122331433.png\",\"width\":1394,\"height\":1889},{\"@type\":\"BreadcrumbList\",\"@id\":\"https:\\\/\\\/inzynier.rzeszow.pl\\\/index.php\\\/2025\\\/09\\\/06\\\/z-wizyta-w-lubuskiej-oiib-lubuski-dzien-budowlanych\\\/#breadcrumb\",\"itemListElement\":[{\"@type\":\"ListItem\",\"position\":1,\"name\":\"Strona g\u0142\u00f3wna\",\"item\":\"https:\\\/\\\/inzynier.rzeszow.pl\\\/\"},{\"@type\":\"ListItem\",\"position\":2,\"name\":\"Z wizyt\u0105 w Lubuskiej OIIB &#8211; Lubuski Dzie\u0144 Budowlanych\"}]},{\"@type\":\"WebSite\",\"@id\":\"https:\\\/\\\/inzynier.rzeszow.pl\\\/#website\",\"url\":\"https:\\\/\\\/inzynier.rzeszow.pl\\\/\",\"name\":\"Podkarpacka Okregowa Izba Inzynierow Budownictwa\",\"description\":\"\",\"potentialAction\":[{\"@type\":\"SearchAction\",\"target\":{\"@type\":\"EntryPoint\",\"urlTemplate\":\"https:\\\/\\\/inzynier.rzeszow.pl\\\/?s={search_term_string}\"},\"query-input\":{\"@type\":\"PropertyValueSpecification\",\"valueRequired\":true,\"valueName\":\"search_term_string\"}}],\"inLanguage\":\"pl-PL\"},{\"@type\":\"Person\",\"@id\":\"https:\\\/\\\/inzynier.rzeszow.pl\\\/#\\\/schema\\\/person\\\/21ca162d893bdc5760a95d704e9b1e39\",\"name\":\"admin\",\"image\":{\"@type\":\"ImageObject\",\"inLanguage\":\"pl-PL\",\"@id\":\"https:\\\/\\\/secure.gravatar.com\\\/avatar\\\/d5d1959f10b94c8abcf928274f8bb5b8c7370b0dfadb0590911bacad18965f21?s=96&d=mm&r=g\",\"url\":\"https:\\\/\\\/secure.gravatar.com\\\/avatar\\\/d5d1959f10b94c8abcf928274f8bb5b8c7370b0dfadb0590911bacad18965f21?s=96&d=mm&r=g\",\"contentUrl\":\"https:\\\/\\\/secure.gravatar.com\\\/avatar\\\/d5d1959f10b94c8abcf928274f8bb5b8c7370b0dfadb0590911bacad18965f21?s=96&d=mm&r=g\",\"caption\":\"admin\"},\"sameAs\":[\"https:\\\/\\\/migracja.inzynier.rzeszow.pl\"],\"url\":\"https:\\\/\\\/inzynier.rzeszow.pl\\\/index.php\\\/author\\\/kwojcik\\\/\"}]}<\/script>\n<!-- \/ Yoast SEO plugin. -->","yoast_head_json":{"title":"Z wizyt\u0105 w Lubuskiej OIIB - Lubuski Dzie\u0144 Budowlanych - Podkarpacka Okregowa Izba Inzynierow Budownictwa","robots":{"index":"index","follow":"follow","max-snippet":"max-snippet:-1","max-image-preview":"max-image-preview:large","max-video-preview":"max-video-preview:-1"},"canonical":"https:\/\/inzynier.rzeszow.pl\/index.php\/2025\/09\/06\/z-wizyta-w-lubuskiej-oiib-lubuski-dzien-budowlanych\/","og_locale":"pl_PL","og_type":"article","og_title":"Z wizyt\u0105 w Lubuskiej OIIB - Lubuski Dzie\u0144 Budowlanych - Podkarpacka Okregowa Izba Inzynierow Budownictwa","og_description":"W dniu 05 wrze\u015bnia 2025 r. przewodnicz\u0105cy OR PDK OIIB Grzegorz Dubik uczestniczy\u0142 w Lubuskim Dniu Budowlanych w Mierz\u0119cinie. Wielu [&hellip;]","og_url":"https:\/\/inzynier.rzeszow.pl\/index.php\/2025\/09\/06\/z-wizyta-w-lubuskiej-oiib-lubuski-dzien-budowlanych\/","og_site_name":"Podkarpacka Okregowa Izba Inzynierow Budownictwa","article_published_time":"2025-09-06T14:42:50+00:00","article_modified_time":"2026-02-13T13:36:55+00:00","og_image":[{"width":756,"height":1024,"url":"https:\/\/inzynier.rzeszow.pl\/wp-content\/uploads\/2025\/09\/obraz_2026-01-27_122331433-756x1024.png","type":"image\/png"}],"author":"admin","twitter_card":"summary_large_image","twitter_misc":{"Napisane przez":"admin","Szacowany czas czytania":"1 minuta"},"schema":{"@context":"https:\/\/schema.org","@graph":[{"@type":"Article","@id":"https:\/\/inzynier.rzeszow.pl\/index.php\/2025\/09\/06\/z-wizyta-w-lubuskiej-oiib-lubuski-dzien-budowlanych\/#article","isPartOf":{"@id":"https:\/\/inzynier.rzeszow.pl\/index.php\/2025\/09\/06\/z-wizyta-w-lubuskiej-oiib-lubuski-dzien-budowlanych\/"},"author":{"name":"admin","@id":"https:\/\/inzynier.rzeszow.pl\/#\/schema\/person\/21ca162d893bdc5760a95d704e9b1e39"},"headline":"Z wizyt\u0105 w Lubuskiej OIIB &#8211; Lubuski Dzie\u0144 Budowlanych","datePublished":"2025-09-06T14:42:50+00:00","dateModified":"2026-02-13T13:36:55+00:00","mainEntityOfPage":{"@id":"https:\/\/inzynier.rzeszow.pl\/index.php\/2025\/09\/06\/z-wizyta-w-lubuskiej-oiib-lubuski-dzien-budowlanych\/"},"wordCount":156,"image":{"@id":"https:\/\/inzynier.rzeszow.pl\/index.php\/2025\/09\/06\/z-wizyta-w-lubuskiej-oiib-lubuski-dzien-budowlanych\/#primaryimage"},"thumbnailUrl":"https:\/\/inzynier.rzeszow.pl\/wp-content\/uploads\/2025\/09\/obraz_2026-01-27_122331433.png","articleSection":["Wydarzenia","Z \u017cycia izby","Z \u017cycia Izby Rok 2025"],"inLanguage":"pl-PL"},{"@type":"WebPage","@id":"https:\/\/inzynier.rzeszow.pl\/index.php\/2025\/09\/06\/z-wizyta-w-lubuskiej-oiib-lubuski-dzien-budowlanych\/","url":"https:\/\/inzynier.rzeszow.pl\/index.php\/2025\/09\/06\/z-wizyta-w-lubuskiej-oiib-lubuski-dzien-budowlanych\/","name":"Z wizyt\u0105 w Lubuskiej OIIB - Lubuski Dzie\u0144 Budowlanych - Podkarpacka Okregowa Izba Inzynierow Budownictwa","isPartOf":{"@id":"https:\/\/inzynier.rzeszow.pl\/#website"},"primaryImageOfPage":{"@id":"https:\/\/inzynier.rzeszow.pl\/index.php\/2025\/09\/06\/z-wizyta-w-lubuskiej-oiib-lubuski-dzien-budowlanych\/#primaryimage"},"image":{"@id":"https:\/\/inzynier.rzeszow.pl\/index.php\/2025\/09\/06\/z-wizyta-w-lubuskiej-oiib-lubuski-dzien-budowlanych\/#primaryimage"},"thumbnailUrl":"https:\/\/inzynier.rzeszow.pl\/wp-content\/uploads\/2025\/09\/obraz_2026-01-27_122331433.png","datePublished":"2025-09-06T14:42:50+00:00","dateModified":"2026-02-13T13:36:55+00:00","author":{"@id":"https:\/\/inzynier.rzeszow.pl\/#\/schema\/person\/21ca162d893bdc5760a95d704e9b1e39"},"breadcrumb":{"@id":"https:\/\/inzynier.rzeszow.pl\/index.php\/2025\/09\/06\/z-wizyta-w-lubuskiej-oiib-lubuski-dzien-budowlanych\/#breadcrumb"},"inLanguage":"pl-PL","potentialAction":[{"@type":"ReadAction","target":["https:\/\/inzynier.rzeszow.pl\/index.php\/2025\/09\/06\/z-wizyta-w-lubuskiej-oiib-lubuski-dzien-budowlanych\/"]}]},{"@type":"ImageObject","inLanguage":"pl-PL","@id":"https:\/\/inzynier.rzeszow.pl\/index.php\/2025\/09\/06\/z-wizyta-w-lubuskiej-oiib-lubuski-dzien-budowlanych\/#primaryimage","url":"https:\/\/inzynier.rzeszow.pl\/wp-content\/uploads\/2025\/09\/obraz_2026-01-27_122331433.png","contentUrl":"https:\/\/inzynier.rzeszow.pl\/wp-content\/uploads\/2025\/09\/obraz_2026-01-27_122331433.png","width":1394,"height":1889},{"@type":"BreadcrumbList","@id":"https:\/\/inzynier.rzeszow.pl\/index.php\/2025\/09\/06\/z-wizyta-w-lubuskiej-oiib-lubuski-dzien-budowlanych\/#breadcrumb","itemListElement":[{"@type":"ListItem","position":1,"name":"Strona g\u0142\u00f3wna","item":"https:\/\/inzynier.rzeszow.pl\/"},{"@type":"ListItem","position":2,"name":"Z wizyt\u0105 w Lubuskiej OIIB &#8211; Lubuski Dzie\u0144 Budowlanych"}]},{"@type":"WebSite","@id":"https:\/\/inzynier.rzeszow.pl\/#website","url":"https:\/\/inzynier.rzeszow.pl\/","name":"Podkarpacka Okregowa Izba Inzynierow Budownictwa","description":"","potentialAction":[{"@type":"SearchAction","target":{"@type":"EntryPoint","urlTemplate":"https:\/\/inzynier.rzeszow.pl\/?s={search_term_string}"},"query-input":{"@type":"PropertyValueSpecification","valueRequired":true,"valueName":"search_term_string"}}],"inLanguage":"pl-PL"},{"@type":"Person","@id":"https:\/\/inzynier.rzeszow.pl\/#\/schema\/person\/21ca162d893bdc5760a95d704e9b1e39","name":"admin","image":{"@type":"ImageObject","inLanguage":"pl-PL","@id":"https:\/\/secure.gravatar.com\/avatar\/d5d1959f10b94c8abcf928274f8bb5b8c7370b0dfadb0590911bacad18965f21?s=96&d=mm&r=g","url":"https:\/\/secure.gravatar.com\/avatar\/d5d1959f10b94c8abcf928274f8bb5b8c7370b0dfadb0590911bacad18965f21?s=96&d=mm&r=g","contentUrl":"https:\/\/secure.gravatar.com\/avatar\/d5d1959f10b94c8abcf928274f8bb5b8c7370b0dfadb0590911bacad18965f21?s=96&d=mm&r=g","caption":"admin"},"sameAs":["https:\/\/migracja.inzynier.rzeszow.pl"],"url":"https:\/\/inzynier.rzeszow.pl\/index.php\/author\/kwojcik\/"}]}},"rttpg_featured_image_url":{"full":["https:\/\/inzynier.rzeszow.pl\/wp-content\/uploads\/2025\/09\/obraz_2026-01-27_122331433.png",1394,1889,false],"landscape":["https:\/\/inzynier.rzeszow.pl\/wp-content\/uploads\/2025\/09\/obraz_2026-01-27_122331433.png",1394,1889,false],"portraits":["https:\/\/inzynier.rzeszow.pl\/wp-content\/uploads\/2025\/09\/obraz_2026-01-27_122331433.png",1394,1889,false],"thumbnail":["https:\/\/inzynier.rzeszow.pl\/wp-content\/uploads\/2025\/09\/obraz_2026-01-27_122331433-150x150.png",150,150,true],"medium":["https:\/\/inzynier.rzeszow.pl\/wp-content\/uploads\/2025\/09\/obraz_2026-01-27_122331433-221x300.png",221,300,true],"large":["https:\/\/inzynier.rzeszow.pl\/wp-content\/uploads\/2025\/09\/obraz_2026-01-27_122331433-756x1024.png",756,1024,true],"1536x1536":["https:\/\/inzynier.rzeszow.pl\/wp-content\/uploads\/2025\/09\/obraz_2026-01-27_122331433-1134x1536.png",1134,1536,true],"2048x2048":["https:\/\/inzynier.rzeszow.pl\/wp-content\/uploads\/2025\/09\/obraz_2026-01-27_122331433.png",1394,1889,false]},"rttpg_author":{"display_name":"admin","author_link":"https:\/\/inzynier.rzeszow.pl\/index.php\/author\/kwojcik\/"},"rttpg_comment":0,"rttpg_category":"<a href=\"https:\/\/inzynier.rzeszow.pl\/index.php\/category\/wydarzenia\/\" rel=\"category tag\">Wydarzenia<\/a> <a href=\"https:\/\/inzynier.rzeszow.pl\/index.php\/category\/z-zycia-izby\/\" rel=\"category tag\">Z \u017cycia izby<\/a> <a href=\"https:\/\/inzynier.rzeszow.pl\/index.php\/category\/z-zycia-izby\/z-zycia-izby-rok-2025\/\" rel=\"category tag\">Z \u017cycia Izby Rok 2025<\/a>","rttpg_excerpt":"W dniu 05 wrze\u015bnia 2025 r. przewodnicz\u0105cy OR PDK OIIB Grzegorz Dubik uczestniczy\u0142 w Lubuskim Dniu Budowlanych w Mierz\u0119cinie. Wielu [&hellip;]","_links":{"self":[{"href":"https:\/\/inzynier.rzeszow.pl\/index.php\/wp-json\/wp\/v2\/posts\/3125","targetHints":{"allow":["GET"]}}],"collection":[{"href":"https:\/\/inzynier.rzeszow.pl\/index.php\/wp-json\/wp\/v2\/posts"}],"about":[{"href":"https:\/\/inzynier.rzeszow.pl\/index.php\/wp-json\/wp\/v2\/types\/post"}],"author":[{"embeddable":true,"href":"https:\/\/inzynier.rzeszow.pl\/index.php\/wp-json\/wp\/v2\/users\/1"}],"replies":[{"embeddable":true,"href":"https:\/\/inzynier.rzeszow.pl\/index.php\/wp-json\/wp\/v2\/comments?post=3125"}],"version-history":[{"count":4,"href":"https:\/\/inzynier.rzeszow.pl\/index.php\/wp-json\/wp\/v2\/posts\/3125\/revisions"}],"predecessor-version":[{"id":3182,"href":"https:\/\/inzynier.rzeszow.pl\/index.php\/wp-json\/wp\/v2\/posts\/3125\/revisions\/3182"}],"wp:featuredmedia":[{"embeddable":true,"href":"https:\/\/inzynier.rzeszow.pl\/index.php\/wp-json\/wp\/v2\/media\/3177"}],"wp:attachment":[{"href":"https:\/\/inzynier.rzeszow.pl\/index.php\/wp-json\/wp\/v2\/media?parent=3125"}],"wp:term":[{"taxonomy":"category","embeddable":true,"href":"https:\/\/inzynier.rzeszow.pl\/index.php\/wp-json\/wp\/v2\/categories?post=3125"},{"taxonomy":"post_tag","embeddable":true,"href":"https:\/\/inzynier.rzeszow.pl\/index.php\/wp-json\/wp\/v2\/tags?post=3125"}],"curies":[{"name":"wp","href":"https:\/\/api.w.org\/{rel}","templated":true}]}}