{"id":3093,"date":"2025-10-03T15:53:28","date_gmt":"2025-10-03T15:53:28","guid":{"rendered":"https:\/\/migracja.inzynier.rzeszow.pl\/?p=3093"},"modified":"2026-02-13T13:36:29","modified_gmt":"2026-02-13T13:36:29","slug":"75-inauguracja-roku-akademickiego-2025-2026-politechnika-rzeszowska","status":"publish","type":"post","link":"https:\/\/inzynier.rzeszow.pl\/index.php\/2025\/10\/03\/75-inauguracja-roku-akademickiego-2025-2026-politechnika-rzeszowska\/","title":{"rendered":"75. Inauguracja Roku Akademickiego 2025\/2026 &#8211; Politechnika Rzeszowska"},"content":{"rendered":"\t\t<div data-elementor-type=\"wp-post\" data-elementor-id=\"3093\" class=\"elementor elementor-3093\" data-elementor-post-type=\"post\">\n\t\t\t\t<div class=\"elementor-element elementor-element-4f70bb6 e-flex e-con-boxed e-con e-parent\" data-id=\"4f70bb6\" data-element_type=\"container\" data-e-type=\"container\">\n\t\t\t\t\t<div class=\"e-con-inner\">\n\t\t<div class=\"elementor-element elementor-element-44b5713 e-con-full e-flex e-con e-child\" data-id=\"44b5713\" data-element_type=\"container\" data-e-type=\"container\">\n\t\t\t\t<div class=\"elementor-element elementor-element-f3497ff elementor-widget elementor-widget-image\" data-id=\"f3497ff\" data-element_type=\"widget\" data-e-type=\"widget\" data-widget_type=\"image.default\">\n\t\t\t\t\t\t\t\t\t\t\t\t\t\t\t<img fetchpriority=\"high\" decoding=\"async\" width=\"454\" height=\"260\" src=\"https:\/\/inzynier.rzeszow.pl\/wp-content\/uploads\/2025\/10\/obraz_2026-01-27_112407246.png\" class=\"attachment-large size-large wp-image-3095\" alt=\"\" srcset=\"https:\/\/inzynier.rzeszow.pl\/wp-content\/uploads\/2025\/10\/obraz_2026-01-27_112407246.png 454w, https:\/\/inzynier.rzeszow.pl\/wp-content\/uploads\/2025\/10\/obraz_2026-01-27_112407246-300x172.png 300w\" sizes=\"(max-width: 454px) 100vw, 454px\" \/>\t\t\t\t\t\t\t\t\t\t\t\t\t\t\t<\/div>\n\t\t\t\t<\/div>\n\t\t<div class=\"elementor-element elementor-element-5c2e3bd e-con-full e-flex e-con e-child\" data-id=\"5c2e3bd\" data-element_type=\"container\" data-e-type=\"container\">\n\t\t\t\t<div class=\"elementor-element elementor-element-d681aaf elementor-widget elementor-widget-text-editor\" data-id=\"d681aaf\" data-element_type=\"widget\" data-e-type=\"widget\" data-widget_type=\"text-editor.default\">\n\t\t\t\t\t\t\t\t\t<div dir=\"auto\">Przewodnicz\u0105cy OR PDK OIIB Grzegorz Dubik uczestniczy\u0142 w dniu 03 pa\u017adxierniak 2025 r. w Inauguracji Roku Akademickiego 2025\/2026\u00a0<span class=\"html-span xdj266r x14z9mp xat24cr x1lziwak xexx8yu xyri2b x18d9i69 x1c1uobl x1hl2dhg x16tdsg8 x1vvkbs\"><span class=\"xt0psk2\"><span class=\"xjp7ctv\">Politechniki Rzeszowskiej im. Ign<\/span><\/span><span class=\"xt0psk2\"><span class=\"xjp7ctv\">a<\/span><\/span><span class=\"xt0psk2\"><span class=\"xjp7ctv\">cego \u0141<\/span><\/span><\/span>ukasiewicza.<\/div><div dir=\"auto\"><br \/>75. jubileuszowa inauguracja odbywa si\u0119 w Regionalnym Centrum Dydaktyczno-Konferencyjnym i Biblioteczno-Administracyjnym przy al. Powsta\u0144c\u00f3w Warszawy 12 w Rzeszowie.<\/div><div dir=\"auto\"><br \/>Transmisja\u00a0<strong><a href=\"https:\/\/www.facebook.com\/PodkarpackaOIIB\/posts\/pfbid02zgduYKxfeUWiHzA6HQ6Z2AMNT3zpQAqroT8MmoYisSvAVAybtaWSFiYSUzkNmYDAl\" target=\"_blank\" rel=\"noopener\">on-line z tego wydarzenia &gt;&gt;<\/a><\/strong><\/div><div dir=\"auto\">\u00a0<\/div><div dir=\"auto\">Uroczysto\u015b\u0107 rozpocz\u0119\u0142o wej\u015bcie orszaku z pocztem sztandarowym, w\u0142adzami uczelni i cz\u0142onkami Senatu. Po od\u015bpiewaniu hymnu pa\u0144stwowego JM Rektor prof. dr hab. in\u017c. Piotr Koszelnik wyg\u0142osi\u0142 przem\u00f3wienie inauguracyjne.<\/div>\t\t\t\t\t\t\t\t<\/div>\n\t\t\t\t<\/div>\n\t\t\t\t\t<\/div>\n\t\t\t\t<\/div>\n\t\t<div class=\"elementor-element elementor-element-f05af7e e-flex e-con-boxed e-con e-parent\" data-id=\"f05af7e\" data-element_type=\"container\" data-e-type=\"container\">\n\t\t\t\t\t<div class=\"e-con-inner\">\n\t\t<div class=\"elementor-element elementor-element-55b4abe e-con-full e-flex e-con e-child\" data-id=\"55b4abe\" data-element_type=\"container\" data-e-type=\"container\">\n\t\t\t\t<div class=\"elementor-element elementor-element-3996e53 elementor-widget elementor-widget-image\" data-id=\"3996e53\" data-element_type=\"widget\" data-e-type=\"widget\" data-widget_type=\"image.default\">\n\t\t\t\t\t\t\t\t\t\t\t\t\t\t\t<img decoding=\"async\" width=\"1024\" height=\"590\" src=\"https:\/\/inzynier.rzeszow.pl\/wp-content\/uploads\/2025\/10\/obraz_2026-01-27_112625578-1024x590.png\" class=\"attachment-large size-large wp-image-3096\" alt=\"\" srcset=\"https:\/\/inzynier.rzeszow.pl\/wp-content\/uploads\/2025\/10\/obraz_2026-01-27_112625578-1024x590.png 1024w, https:\/\/inzynier.rzeszow.pl\/wp-content\/uploads\/2025\/10\/obraz_2026-01-27_112625578-300x173.png 300w, https:\/\/inzynier.rzeszow.pl\/wp-content\/uploads\/2025\/10\/obraz_2026-01-27_112625578-768x442.png 768w, https:\/\/inzynier.rzeszow.pl\/wp-content\/uploads\/2025\/10\/obraz_2026-01-27_112625578.png 1320w\" sizes=\"(max-width: 1024px) 100vw, 1024px\" \/>\t\t\t\t\t\t\t\t\t\t\t\t\t\t\t<\/div>\n\t\t\t\t<\/div>\n\t\t<div class=\"elementor-element elementor-element-369716b e-con-full e-flex e-con e-child\" data-id=\"369716b\" data-element_type=\"container\" data-e-type=\"container\">\n\t\t\t\t<div class=\"elementor-element elementor-element-ac59134 elementor-widget elementor-widget-text-editor\" data-id=\"ac59134\" data-element_type=\"widget\" data-e-type=\"widget\" data-widget_type=\"text-editor.default\">\n\t\t\t\t\t\t\t\t\t<div dir=\"auto\">Tradycyjnie odby\u0142o si\u0119 uroczyste \u015blubowanie przedstawicieli studentek i student\u00f3w pierwszego roku oraz przedstawicieli doktorantek i doktorant\u00f3w, jak r\u00f3wnie\u017c promocja studentek i student\u00f3w specjalno\u015bci &#8222;pilota\u017c&#8221;. Wydarzenia zako\u0144czy\u0142o &#8222;Gaudeamus Igitur&#8221; w wykonaniu Ch\u00f3ru Akademickiego Politechniki Rzeszowskiej.<br \/><br \/>\u0179r\u00f3d\u0142o: <strong class=\"html-b xdj266r x14z9mp xat24cr x1lziwak xexx8yu xyri2b x18d9i69 x1c1uobl x1hl2dhg x16tdsg8 x1vvkbs x1s688f\" style=\"font-size: 20.8px;\"><span class=\"xt0psk2\"><span class=\"xjp7ctv\"><span class=\"html-span xdj266r x14z9mp xat24cr x1lziwak xexx8yu xyri2b x18d9i69 x1c1uobl x1hl2dhg x16tdsg8 x1vvkbs\"><a href=\"https:\/\/www.facebook.com\/oficjalnypolitechnikarzeszowska?__cft__[0]=AZXNy4BXexkzgi1kqaKazKUgamroXURH_wsDej6tfmVz4Y6R1xX2jc_FR2HSDtc17eT0YjJYLZX-bA9NEDYbQMuBgxts9jMnJuIyLe7-uF8gGd6sO0p9KaA81ivUjU_hqtrIZm3PIq2kyUbsukUwByDt9v5muAvQEPqnD6CJ7dDQFawd08PdlvTGvC79E0YVc2k&amp;__tn__=-]C%2CP-y-R\">Politechnika Rzeszowska im. Ignacego \u0141ukasiewicza<\/a><\/span><\/span><\/span><\/strong><\/div>\t\t\t\t\t\t\t\t<\/div>\n\t\t\t\t<\/div>\n\t\t\t\t\t<\/div>\n\t\t\t\t<\/div>\n\t\t\t\t<\/div>\n\t\t","protected":false},"excerpt":{"rendered":"<p>Przewodnicz\u0105cy OR PDK OIIB Grzegorz Dubik uczestniczy\u0142 w dniu 03 pa\u017adxierniak 2025 r. w Inauguracji Roku Akademickiego 2025\/2026\u00a0Politechniki Rzeszowskiej im. [&hellip;]<\/p>\n","protected":false},"author":1,"featured_media":3095,"comment_status":"closed","ping_status":"closed","sticky":false,"template":"","format":"standard","meta":{"site-sidebar-layout":"default","site-content-layout":"","ast-site-content-layout":"default","site-content-style":"default","site-sidebar-style":"default","ast-global-header-display":"","ast-banner-title-visibility":"","ast-main-header-display":"","ast-hfb-above-header-display":"","ast-hfb-below-header-display":"","ast-hfb-mobile-header-display":"","site-post-title":"","ast-breadcrumbs-content":"","ast-featured-img":"","footer-sml-layout":"","ast-disable-related-posts":"","theme-transparent-header-meta":"","adv-header-id-meta":"","stick-header-meta":"","header-above-stick-meta":"","header-main-stick-meta":"","header-below-stick-meta":"","astra-migrate-meta-layouts":"default","ast-page-background-enabled":"default","ast-page-background-meta":{"desktop":{"background-color":"var(--ast-global-color-5)","background-image":"","background-repeat":"repeat","background-position":"center center","background-size":"auto","background-attachment":"scroll","background-type":"","background-media":"","overlay-type":"","overlay-color":"","overlay-opacity":"","overlay-gradient":""},"tablet":{"background-color":"","background-image":"","background-repeat":"repeat","background-position":"center center","background-size":"auto","background-attachment":"scroll","background-type":"","background-media":"","overlay-type":"","overlay-color":"","overlay-opacity":"","overlay-gradient":""},"mobile":{"background-color":"","background-image":"","background-repeat":"repeat","background-position":"center center","background-size":"auto","background-attachment":"scroll","background-type":"","background-media":"","overlay-type":"","overlay-color":"","overlay-opacity":"","overlay-gradient":""}},"ast-content-background-meta":{"desktop":{"background-color":"var(--ast-global-color-4)","background-image":"","background-repeat":"repeat","background-position":"center center","background-size":"auto","background-attachment":"scroll","background-type":"","background-media":"","overlay-type":"","overlay-color":"","overlay-opacity":"","overlay-gradient":""},"tablet":{"background-color":"var(--ast-global-color-4)","background-image":"","background-repeat":"repeat","background-position":"center center","background-size":"auto","background-attachment":"scroll","background-type":"","background-media":"","overlay-type":"","overlay-color":"","overlay-opacity":"","overlay-gradient":""},"mobile":{"background-color":"var(--ast-global-color-4)","background-image":"","background-repeat":"repeat","background-position":"center center","background-size":"auto","background-attachment":"scroll","background-type":"","background-media":"","overlay-type":"","overlay-color":"","overlay-opacity":"","overlay-gradient":""}},"footnotes":""},"categories":[7,16,55],"tags":[],"class_list":["post-3093","post","type-post","status-publish","format-standard","has-post-thumbnail","hentry","category-wydarzenia","category-z-zycia-izby","category-z-zycia-izby-rok-2025"],"yoast_head":"<!-- This site is optimized with the Yoast SEO plugin v27.5 - https:\/\/yoast.com\/product\/yoast-seo-wordpress\/ -->\n<title>75. Inauguracja Roku Akademickiego 2025\/2026 - Politechnika Rzeszowska - Podkarpacka Okregowa Izba Inzynierow Budownictwa<\/title>\n<meta name=\"robots\" content=\"index, follow, max-snippet:-1, max-image-preview:large, max-video-preview:-1\" \/>\n<link rel=\"canonical\" href=\"https:\/\/inzynier.rzeszow.pl\/index.php\/2025\/10\/03\/75-inauguracja-roku-akademickiego-2025-2026-politechnika-rzeszowska\/\" \/>\n<meta property=\"og:locale\" content=\"pl_PL\" \/>\n<meta property=\"og:type\" content=\"article\" \/>\n<meta property=\"og:title\" content=\"75. Inauguracja Roku Akademickiego 2025\/2026 - Politechnika Rzeszowska - Podkarpacka Okregowa Izba Inzynierow Budownictwa\" \/>\n<meta property=\"og:description\" content=\"Przewodnicz\u0105cy OR PDK OIIB Grzegorz Dubik uczestniczy\u0142 w dniu 03 pa\u017adxierniak 2025 r. w Inauguracji Roku Akademickiego 2025\/2026\u00a0Politechniki Rzeszowskiej im. [&hellip;]\" \/>\n<meta property=\"og:url\" content=\"https:\/\/inzynier.rzeszow.pl\/index.php\/2025\/10\/03\/75-inauguracja-roku-akademickiego-2025-2026-politechnika-rzeszowska\/\" \/>\n<meta property=\"og:site_name\" content=\"Podkarpacka Okregowa Izba Inzynierow Budownictwa\" \/>\n<meta property=\"article:published_time\" content=\"2025-10-03T15:53:28+00:00\" \/>\n<meta property=\"article:modified_time\" content=\"2026-02-13T13:36:29+00:00\" \/>\n<meta property=\"og:image\" content=\"https:\/\/inzynier.rzeszow.pl\/wp-content\/uploads\/2025\/10\/obraz_2026-01-27_112407246.png\" \/>\n\t<meta property=\"og:image:width\" content=\"454\" \/>\n\t<meta property=\"og:image:height\" content=\"260\" \/>\n\t<meta property=\"og:image:type\" content=\"image\/png\" \/>\n<meta name=\"author\" content=\"admin\" \/>\n<meta name=\"twitter:card\" content=\"summary_large_image\" \/>\n<meta name=\"twitter:label1\" content=\"Napisane przez\" \/>\n\t<meta name=\"twitter:data1\" content=\"admin\" \/>\n\t<meta name=\"twitter:label2\" content=\"Szacowany czas czytania\" \/>\n\t<meta name=\"twitter:data2\" content=\"1 minuta\" \/>\n<script type=\"application\/ld+json\" class=\"yoast-schema-graph\">{\"@context\":\"https:\\\/\\\/schema.org\",\"@graph\":[{\"@type\":\"Article\",\"@id\":\"https:\\\/\\\/inzynier.rzeszow.pl\\\/index.php\\\/2025\\\/10\\\/03\\\/75-inauguracja-roku-akademickiego-2025-2026-politechnika-rzeszowska\\\/#article\",\"isPartOf\":{\"@id\":\"https:\\\/\\\/inzynier.rzeszow.pl\\\/index.php\\\/2025\\\/10\\\/03\\\/75-inauguracja-roku-akademickiego-2025-2026-politechnika-rzeszowska\\\/\"},\"author\":{\"name\":\"admin\",\"@id\":\"https:\\\/\\\/inzynier.rzeszow.pl\\\/#\\\/schema\\\/person\\\/21ca162d893bdc5760a95d704e9b1e39\"},\"headline\":\"75. Inauguracja Roku Akademickiego 2025\\\/2026 &#8211; Politechnika Rzeszowska\",\"datePublished\":\"2025-10-03T15:53:28+00:00\",\"dateModified\":\"2026-02-13T13:36:29+00:00\",\"mainEntityOfPage\":{\"@id\":\"https:\\\/\\\/inzynier.rzeszow.pl\\\/index.php\\\/2025\\\/10\\\/03\\\/75-inauguracja-roku-akademickiego-2025-2026-politechnika-rzeszowska\\\/\"},\"wordCount\":139,\"image\":{\"@id\":\"https:\\\/\\\/inzynier.rzeszow.pl\\\/index.php\\\/2025\\\/10\\\/03\\\/75-inauguracja-roku-akademickiego-2025-2026-politechnika-rzeszowska\\\/#primaryimage\"},\"thumbnailUrl\":\"https:\\\/\\\/inzynier.rzeszow.pl\\\/wp-content\\\/uploads\\\/2025\\\/10\\\/obraz_2026-01-27_112407246.png\",\"articleSection\":[\"Wydarzenia\",\"Z \u017cycia izby\",\"Z \u017cycia Izby Rok 2025\"],\"inLanguage\":\"pl-PL\"},{\"@type\":\"WebPage\",\"@id\":\"https:\\\/\\\/inzynier.rzeszow.pl\\\/index.php\\\/2025\\\/10\\\/03\\\/75-inauguracja-roku-akademickiego-2025-2026-politechnika-rzeszowska\\\/\",\"url\":\"https:\\\/\\\/inzynier.rzeszow.pl\\\/index.php\\\/2025\\\/10\\\/03\\\/75-inauguracja-roku-akademickiego-2025-2026-politechnika-rzeszowska\\\/\",\"name\":\"75. Inauguracja Roku Akademickiego 2025\\\/2026 - Politechnika Rzeszowska - Podkarpacka Okregowa Izba Inzynierow Budownictwa\",\"isPartOf\":{\"@id\":\"https:\\\/\\\/inzynier.rzeszow.pl\\\/#website\"},\"primaryImageOfPage\":{\"@id\":\"https:\\\/\\\/inzynier.rzeszow.pl\\\/index.php\\\/2025\\\/10\\\/03\\\/75-inauguracja-roku-akademickiego-2025-2026-politechnika-rzeszowska\\\/#primaryimage\"},\"image\":{\"@id\":\"https:\\\/\\\/inzynier.rzeszow.pl\\\/index.php\\\/2025\\\/10\\\/03\\\/75-inauguracja-roku-akademickiego-2025-2026-politechnika-rzeszowska\\\/#primaryimage\"},\"thumbnailUrl\":\"https:\\\/\\\/inzynier.rzeszow.pl\\\/wp-content\\\/uploads\\\/2025\\\/10\\\/obraz_2026-01-27_112407246.png\",\"datePublished\":\"2025-10-03T15:53:28+00:00\",\"dateModified\":\"2026-02-13T13:36:29+00:00\",\"author\":{\"@id\":\"https:\\\/\\\/inzynier.rzeszow.pl\\\/#\\\/schema\\\/person\\\/21ca162d893bdc5760a95d704e9b1e39\"},\"breadcrumb\":{\"@id\":\"https:\\\/\\\/inzynier.rzeszow.pl\\\/index.php\\\/2025\\\/10\\\/03\\\/75-inauguracja-roku-akademickiego-2025-2026-politechnika-rzeszowska\\\/#breadcrumb\"},\"inLanguage\":\"pl-PL\",\"potentialAction\":[{\"@type\":\"ReadAction\",\"target\":[\"https:\\\/\\\/inzynier.rzeszow.pl\\\/index.php\\\/2025\\\/10\\\/03\\\/75-inauguracja-roku-akademickiego-2025-2026-politechnika-rzeszowska\\\/\"]}]},{\"@type\":\"ImageObject\",\"inLanguage\":\"pl-PL\",\"@id\":\"https:\\\/\\\/inzynier.rzeszow.pl\\\/index.php\\\/2025\\\/10\\\/03\\\/75-inauguracja-roku-akademickiego-2025-2026-politechnika-rzeszowska\\\/#primaryimage\",\"url\":\"https:\\\/\\\/inzynier.rzeszow.pl\\\/wp-content\\\/uploads\\\/2025\\\/10\\\/obraz_2026-01-27_112407246.png\",\"contentUrl\":\"https:\\\/\\\/inzynier.rzeszow.pl\\\/wp-content\\\/uploads\\\/2025\\\/10\\\/obraz_2026-01-27_112407246.png\",\"width\":454,\"height\":260},{\"@type\":\"BreadcrumbList\",\"@id\":\"https:\\\/\\\/inzynier.rzeszow.pl\\\/index.php\\\/2025\\\/10\\\/03\\\/75-inauguracja-roku-akademickiego-2025-2026-politechnika-rzeszowska\\\/#breadcrumb\",\"itemListElement\":[{\"@type\":\"ListItem\",\"position\":1,\"name\":\"Strona g\u0142\u00f3wna\",\"item\":\"https:\\\/\\\/inzynier.rzeszow.pl\\\/\"},{\"@type\":\"ListItem\",\"position\":2,\"name\":\"75. Inauguracja Roku Akademickiego 2025\\\/2026 &#8211; Politechnika Rzeszowska\"}]},{\"@type\":\"WebSite\",\"@id\":\"https:\\\/\\\/inzynier.rzeszow.pl\\\/#website\",\"url\":\"https:\\\/\\\/inzynier.rzeszow.pl\\\/\",\"name\":\"Podkarpacka Okregowa Izba Inzynierow Budownictwa\",\"description\":\"\",\"potentialAction\":[{\"@type\":\"SearchAction\",\"target\":{\"@type\":\"EntryPoint\",\"urlTemplate\":\"https:\\\/\\\/inzynier.rzeszow.pl\\\/?s={search_term_string}\"},\"query-input\":{\"@type\":\"PropertyValueSpecification\",\"valueRequired\":true,\"valueName\":\"search_term_string\"}}],\"inLanguage\":\"pl-PL\"},{\"@type\":\"Person\",\"@id\":\"https:\\\/\\\/inzynier.rzeszow.pl\\\/#\\\/schema\\\/person\\\/21ca162d893bdc5760a95d704e9b1e39\",\"name\":\"admin\",\"image\":{\"@type\":\"ImageObject\",\"inLanguage\":\"pl-PL\",\"@id\":\"https:\\\/\\\/secure.gravatar.com\\\/avatar\\\/d5d1959f10b94c8abcf928274f8bb5b8c7370b0dfadb0590911bacad18965f21?s=96&d=mm&r=g\",\"url\":\"https:\\\/\\\/secure.gravatar.com\\\/avatar\\\/d5d1959f10b94c8abcf928274f8bb5b8c7370b0dfadb0590911bacad18965f21?s=96&d=mm&r=g\",\"contentUrl\":\"https:\\\/\\\/secure.gravatar.com\\\/avatar\\\/d5d1959f10b94c8abcf928274f8bb5b8c7370b0dfadb0590911bacad18965f21?s=96&d=mm&r=g\",\"caption\":\"admin\"},\"sameAs\":[\"https:\\\/\\\/migracja.inzynier.rzeszow.pl\"],\"url\":\"https:\\\/\\\/inzynier.rzeszow.pl\\\/index.php\\\/author\\\/kwojcik\\\/\"}]}<\/script>\n<!-- \/ Yoast SEO plugin. -->","yoast_head_json":{"title":"75. Inauguracja Roku Akademickiego 2025\/2026 - Politechnika Rzeszowska - Podkarpacka Okregowa Izba Inzynierow Budownictwa","robots":{"index":"index","follow":"follow","max-snippet":"max-snippet:-1","max-image-preview":"max-image-preview:large","max-video-preview":"max-video-preview:-1"},"canonical":"https:\/\/inzynier.rzeszow.pl\/index.php\/2025\/10\/03\/75-inauguracja-roku-akademickiego-2025-2026-politechnika-rzeszowska\/","og_locale":"pl_PL","og_type":"article","og_title":"75. Inauguracja Roku Akademickiego 2025\/2026 - Politechnika Rzeszowska - Podkarpacka Okregowa Izba Inzynierow Budownictwa","og_description":"Przewodnicz\u0105cy OR PDK OIIB Grzegorz Dubik uczestniczy\u0142 w dniu 03 pa\u017adxierniak 2025 r. w Inauguracji Roku Akademickiego 2025\/2026\u00a0Politechniki Rzeszowskiej im. [&hellip;]","og_url":"https:\/\/inzynier.rzeszow.pl\/index.php\/2025\/10\/03\/75-inauguracja-roku-akademickiego-2025-2026-politechnika-rzeszowska\/","og_site_name":"Podkarpacka Okregowa Izba Inzynierow Budownictwa","article_published_time":"2025-10-03T15:53:28+00:00","article_modified_time":"2026-02-13T13:36:29+00:00","og_image":[{"width":454,"height":260,"url":"https:\/\/inzynier.rzeszow.pl\/wp-content\/uploads\/2025\/10\/obraz_2026-01-27_112407246.png","type":"image\/png"}],"author":"admin","twitter_card":"summary_large_image","twitter_misc":{"Napisane przez":"admin","Szacowany czas czytania":"1 minuta"},"schema":{"@context":"https:\/\/schema.org","@graph":[{"@type":"Article","@id":"https:\/\/inzynier.rzeszow.pl\/index.php\/2025\/10\/03\/75-inauguracja-roku-akademickiego-2025-2026-politechnika-rzeszowska\/#article","isPartOf":{"@id":"https:\/\/inzynier.rzeszow.pl\/index.php\/2025\/10\/03\/75-inauguracja-roku-akademickiego-2025-2026-politechnika-rzeszowska\/"},"author":{"name":"admin","@id":"https:\/\/inzynier.rzeszow.pl\/#\/schema\/person\/21ca162d893bdc5760a95d704e9b1e39"},"headline":"75. Inauguracja Roku Akademickiego 2025\/2026 &#8211; Politechnika Rzeszowska","datePublished":"2025-10-03T15:53:28+00:00","dateModified":"2026-02-13T13:36:29+00:00","mainEntityOfPage":{"@id":"https:\/\/inzynier.rzeszow.pl\/index.php\/2025\/10\/03\/75-inauguracja-roku-akademickiego-2025-2026-politechnika-rzeszowska\/"},"wordCount":139,"image":{"@id":"https:\/\/inzynier.rzeszow.pl\/index.php\/2025\/10\/03\/75-inauguracja-roku-akademickiego-2025-2026-politechnika-rzeszowska\/#primaryimage"},"thumbnailUrl":"https:\/\/inzynier.rzeszow.pl\/wp-content\/uploads\/2025\/10\/obraz_2026-01-27_112407246.png","articleSection":["Wydarzenia","Z \u017cycia izby","Z \u017cycia Izby Rok 2025"],"inLanguage":"pl-PL"},{"@type":"WebPage","@id":"https:\/\/inzynier.rzeszow.pl\/index.php\/2025\/10\/03\/75-inauguracja-roku-akademickiego-2025-2026-politechnika-rzeszowska\/","url":"https:\/\/inzynier.rzeszow.pl\/index.php\/2025\/10\/03\/75-inauguracja-roku-akademickiego-2025-2026-politechnika-rzeszowska\/","name":"75. Inauguracja Roku Akademickiego 2025\/2026 - Politechnika Rzeszowska - Podkarpacka Okregowa Izba Inzynierow Budownictwa","isPartOf":{"@id":"https:\/\/inzynier.rzeszow.pl\/#website"},"primaryImageOfPage":{"@id":"https:\/\/inzynier.rzeszow.pl\/index.php\/2025\/10\/03\/75-inauguracja-roku-akademickiego-2025-2026-politechnika-rzeszowska\/#primaryimage"},"image":{"@id":"https:\/\/inzynier.rzeszow.pl\/index.php\/2025\/10\/03\/75-inauguracja-roku-akademickiego-2025-2026-politechnika-rzeszowska\/#primaryimage"},"thumbnailUrl":"https:\/\/inzynier.rzeszow.pl\/wp-content\/uploads\/2025\/10\/obraz_2026-01-27_112407246.png","datePublished":"2025-10-03T15:53:28+00:00","dateModified":"2026-02-13T13:36:29+00:00","author":{"@id":"https:\/\/inzynier.rzeszow.pl\/#\/schema\/person\/21ca162d893bdc5760a95d704e9b1e39"},"breadcrumb":{"@id":"https:\/\/inzynier.rzeszow.pl\/index.php\/2025\/10\/03\/75-inauguracja-roku-akademickiego-2025-2026-politechnika-rzeszowska\/#breadcrumb"},"inLanguage":"pl-PL","potentialAction":[{"@type":"ReadAction","target":["https:\/\/inzynier.rzeszow.pl\/index.php\/2025\/10\/03\/75-inauguracja-roku-akademickiego-2025-2026-politechnika-rzeszowska\/"]}]},{"@type":"ImageObject","inLanguage":"pl-PL","@id":"https:\/\/inzynier.rzeszow.pl\/index.php\/2025\/10\/03\/75-inauguracja-roku-akademickiego-2025-2026-politechnika-rzeszowska\/#primaryimage","url":"https:\/\/inzynier.rzeszow.pl\/wp-content\/uploads\/2025\/10\/obraz_2026-01-27_112407246.png","contentUrl":"https:\/\/inzynier.rzeszow.pl\/wp-content\/uploads\/2025\/10\/obraz_2026-01-27_112407246.png","width":454,"height":260},{"@type":"BreadcrumbList","@id":"https:\/\/inzynier.rzeszow.pl\/index.php\/2025\/10\/03\/75-inauguracja-roku-akademickiego-2025-2026-politechnika-rzeszowska\/#breadcrumb","itemListElement":[{"@type":"ListItem","position":1,"name":"Strona g\u0142\u00f3wna","item":"https:\/\/inzynier.rzeszow.pl\/"},{"@type":"ListItem","position":2,"name":"75. Inauguracja Roku Akademickiego 2025\/2026 &#8211; Politechnika Rzeszowska"}]},{"@type":"WebSite","@id":"https:\/\/inzynier.rzeszow.pl\/#website","url":"https:\/\/inzynier.rzeszow.pl\/","name":"Podkarpacka Okregowa Izba Inzynierow Budownictwa","description":"","potentialAction":[{"@type":"SearchAction","target":{"@type":"EntryPoint","urlTemplate":"https:\/\/inzynier.rzeszow.pl\/?s={search_term_string}"},"query-input":{"@type":"PropertyValueSpecification","valueRequired":true,"valueName":"search_term_string"}}],"inLanguage":"pl-PL"},{"@type":"Person","@id":"https:\/\/inzynier.rzeszow.pl\/#\/schema\/person\/21ca162d893bdc5760a95d704e9b1e39","name":"admin","image":{"@type":"ImageObject","inLanguage":"pl-PL","@id":"https:\/\/secure.gravatar.com\/avatar\/d5d1959f10b94c8abcf928274f8bb5b8c7370b0dfadb0590911bacad18965f21?s=96&d=mm&r=g","url":"https:\/\/secure.gravatar.com\/avatar\/d5d1959f10b94c8abcf928274f8bb5b8c7370b0dfadb0590911bacad18965f21?s=96&d=mm&r=g","contentUrl":"https:\/\/secure.gravatar.com\/avatar\/d5d1959f10b94c8abcf928274f8bb5b8c7370b0dfadb0590911bacad18965f21?s=96&d=mm&r=g","caption":"admin"},"sameAs":["https:\/\/migracja.inzynier.rzeszow.pl"],"url":"https:\/\/inzynier.rzeszow.pl\/index.php\/author\/kwojcik\/"}]}},"rttpg_featured_image_url":{"full":["https:\/\/inzynier.rzeszow.pl\/wp-content\/uploads\/2025\/10\/obraz_2026-01-27_112407246.png",454,260,false],"landscape":["https:\/\/inzynier.rzeszow.pl\/wp-content\/uploads\/2025\/10\/obraz_2026-01-27_112407246.png",454,260,false],"portraits":["https:\/\/inzynier.rzeszow.pl\/wp-content\/uploads\/2025\/10\/obraz_2026-01-27_112407246.png",454,260,false],"thumbnail":["https:\/\/inzynier.rzeszow.pl\/wp-content\/uploads\/2025\/10\/obraz_2026-01-27_112407246-150x150.png",150,150,true],"medium":["https:\/\/inzynier.rzeszow.pl\/wp-content\/uploads\/2025\/10\/obraz_2026-01-27_112407246-300x172.png",300,172,true],"large":["https:\/\/inzynier.rzeszow.pl\/wp-content\/uploads\/2025\/10\/obraz_2026-01-27_112407246.png",454,260,false],"1536x1536":["https:\/\/inzynier.rzeszow.pl\/wp-content\/uploads\/2025\/10\/obraz_2026-01-27_112407246.png",454,260,false],"2048x2048":["https:\/\/inzynier.rzeszow.pl\/wp-content\/uploads\/2025\/10\/obraz_2026-01-27_112407246.png",454,260,false]},"rttpg_author":{"display_name":"admin","author_link":"https:\/\/inzynier.rzeszow.pl\/index.php\/author\/kwojcik\/"},"rttpg_comment":0,"rttpg_category":"<a href=\"https:\/\/inzynier.rzeszow.pl\/index.php\/category\/wydarzenia\/\" rel=\"category tag\">Wydarzenia<\/a> <a href=\"https:\/\/inzynier.rzeszow.pl\/index.php\/category\/z-zycia-izby\/\" rel=\"category tag\">Z \u017cycia izby<\/a> <a href=\"https:\/\/inzynier.rzeszow.pl\/index.php\/category\/z-zycia-izby\/z-zycia-izby-rok-2025\/\" rel=\"category tag\">Z \u017cycia Izby Rok 2025<\/a>","rttpg_excerpt":"Przewodnicz\u0105cy OR PDK OIIB Grzegorz Dubik uczestniczy\u0142 w dniu 03 pa\u017adxierniak 2025 r. w Inauguracji Roku Akademickiego 2025\/2026\u00a0Politechniki Rzeszowskiej im. [&hellip;]","_links":{"self":[{"href":"https:\/\/inzynier.rzeszow.pl\/index.php\/wp-json\/wp\/v2\/posts\/3093","targetHints":{"allow":["GET"]}}],"collection":[{"href":"https:\/\/inzynier.rzeszow.pl\/index.php\/wp-json\/wp\/v2\/posts"}],"about":[{"href":"https:\/\/inzynier.rzeszow.pl\/index.php\/wp-json\/wp\/v2\/types\/post"}],"author":[{"embeddable":true,"href":"https:\/\/inzynier.rzeszow.pl\/index.php\/wp-json\/wp\/v2\/users\/1"}],"replies":[{"embeddable":true,"href":"https:\/\/inzynier.rzeszow.pl\/index.php\/wp-json\/wp\/v2\/comments?post=3093"}],"version-history":[{"count":4,"href":"https:\/\/inzynier.rzeszow.pl\/index.php\/wp-json\/wp\/v2\/posts\/3093\/revisions"}],"predecessor-version":[{"id":3099,"href":"https:\/\/inzynier.rzeszow.pl\/index.php\/wp-json\/wp\/v2\/posts\/3093\/revisions\/3099"}],"wp:featuredmedia":[{"embeddable":true,"href":"https:\/\/inzynier.rzeszow.pl\/index.php\/wp-json\/wp\/v2\/media\/3095"}],"wp:attachment":[{"href":"https:\/\/inzynier.rzeszow.pl\/index.php\/wp-json\/wp\/v2\/media?parent=3093"}],"wp:term":[{"taxonomy":"category","embeddable":true,"href":"https:\/\/inzynier.rzeszow.pl\/index.php\/wp-json\/wp\/v2\/categories?post=3093"},{"taxonomy":"post_tag","embeddable":true,"href":"https:\/\/inzynier.rzeszow.pl\/index.php\/wp-json\/wp\/v2\/tags?post=3093"}],"curies":[{"name":"wp","href":"https:\/\/api.w.org\/{rel}","templated":true}]}}