{"id":3092,"date":"2025-10-01T11:23:25","date_gmt":"2025-10-01T11:23:25","guid":{"rendered":"https:\/\/migracja.inzynier.rzeszow.pl\/?p=3092"},"modified":"2026-03-17T13:44:44","modified_gmt":"2026-03-17T12:44:44","slug":"debata-dunsko-polska-warsztaty-symbioza-miasto-przemysl-w-rzeszowie","status":"publish","type":"post","link":"https:\/\/inzynier.rzeszow.pl\/index.php\/2025\/10\/01\/debata-dunsko-polska-warsztaty-symbioza-miasto-przemysl-w-rzeszowie\/","title":{"rendered":"Debata Du\u0144sko &#8211; Polska &#038; Warsztaty &#8211; Symbioza Miasto \u2013 Przemys\u0142 w Rzeszowie"},"content":{"rendered":"\t\t<div data-elementor-type=\"wp-post\" data-elementor-id=\"3092\" class=\"elementor elementor-3092\" data-elementor-post-type=\"post\">\n\t\t\t\t<div class=\"elementor-element elementor-element-4f70bb6 e-flex e-con-boxed e-con e-parent\" data-id=\"4f70bb6\" data-element_type=\"container\" data-e-type=\"container\">\n\t\t\t\t\t<div class=\"e-con-inner\">\n\t\t<div class=\"elementor-element elementor-element-44b5713 e-con-full e-flex e-con e-child\" data-id=\"44b5713\" data-element_type=\"container\" data-e-type=\"container\">\n\t\t\t\t<div class=\"elementor-element elementor-element-f3497ff elementor-widget elementor-widget-image\" data-id=\"f3497ff\" data-element_type=\"widget\" data-e-type=\"widget\" data-widget_type=\"image.default\">\n\t\t\t\t\t\t\t\t\t\t\t\t\t\t\t<img fetchpriority=\"high\" decoding=\"async\" width=\"1024\" height=\"767\" src=\"https:\/\/inzynier.rzeszow.pl\/wp-content\/uploads\/2025\/10\/obraz_2026-01-27_112741793-1024x767.png\" class=\"attachment-large size-large wp-image-3101\" alt=\"\" srcset=\"https:\/\/inzynier.rzeszow.pl\/wp-content\/uploads\/2025\/10\/obraz_2026-01-27_112741793-1024x767.png 1024w, https:\/\/inzynier.rzeszow.pl\/wp-content\/uploads\/2025\/10\/obraz_2026-01-27_112741793-300x225.png 300w, https:\/\/inzynier.rzeszow.pl\/wp-content\/uploads\/2025\/10\/obraz_2026-01-27_112741793-768x575.png 768w, https:\/\/inzynier.rzeszow.pl\/wp-content\/uploads\/2025\/10\/obraz_2026-01-27_112741793-1536x1150.png 1536w, https:\/\/inzynier.rzeszow.pl\/wp-content\/uploads\/2025\/10\/obraz_2026-01-27_112741793.png 2000w\" sizes=\"(max-width: 1024px) 100vw, 1024px\" \/>\t\t\t\t\t\t\t\t\t\t\t\t\t\t\t<\/div>\n\t\t\t\t<\/div>\n\t\t<div class=\"elementor-element elementor-element-5c2e3bd e-con-full e-flex e-con e-child\" data-id=\"5c2e3bd\" data-element_type=\"container\" data-e-type=\"container\">\n\t\t\t\t<div class=\"elementor-element elementor-element-d681aaf elementor-widget elementor-widget-text-editor\" data-id=\"d681aaf\" data-element_type=\"widget\" data-e-type=\"widget\" data-widget_type=\"text-editor.default\">\n\t\t\t\t\t\t\t\t\t<p>W dniu 30 wrze\u015bnia 2025 r. Urz\u0105d Miasta Rzeszowa wraz z Ambasad\u0105 Kr\u00f3lestwa Danii w ramach wsp\u00f3\u0142pracy podj\u0119\u0142o inicjatyw\u0119 przeprowadzenia warsztat\u00f3w<strong>:\u00a0<\/strong>Symbioza Miasto &#8211; Przemys\u0142 w Rzeszowie &#8211;\u00a0Debata Du\u0144sko &#8211; Polska &amp; Warsztaty w siedzibie Podkarpackiej OIIB.\u00a0\u00a0<strong><br \/><\/strong><br \/>Zast\u0119pca przewodnicz\u0105cego OR PDK OIIB Wac\u0142aw Kami\u0144ski powita\u0142 w tym dniu szczeg\u00f3lnych go\u015bci w osobach:<\/p><p>&#8211; Krzysztofa Sta\u0144ko &#8211; Zast\u0119pc\u0119 Prezydenta Miasta Rzeszowa\u00a0<br \/>&#8211; Thomasa Romanowskiego &#8211; Senior Commercial Advisor, Ambasada Kr\u00f3lestwa Danii wraz z zespo\u0142em<br \/>delegacji z Danii:<br \/>&#8211; Allan Pilgaard-Jensen, Managing Director, ProjectZero S\u00f8nderborg,<br \/>&#8211; Torben Hede Hansen, Consultant, Danish Technological Institute,<br \/>&#8211; Jakob Christian Legarth S\u00f8ndergaard, Head of Section, Danish Technological Institute,<br \/>&#8211; Sebastian Brzoza, Dyrektor Dzia\u0142u Aplikacji i Wsparcia Technicznego Region Europa, Danfoss,<\/p>\t\t\t\t\t\t\t\t<\/div>\n\t\t\t\t<\/div>\n\t\t\t\t\t<\/div>\n\t\t\t\t<\/div>\n\t\t<div class=\"elementor-element elementor-element-120394c e-flex e-con-boxed e-con e-parent\" data-id=\"120394c\" data-element_type=\"container\" data-e-type=\"container\">\n\t\t\t\t\t<div class=\"e-con-inner\">\n\t\t<div class=\"elementor-element elementor-element-c8bdd15 e-con-full e-flex e-con e-child\" data-id=\"c8bdd15\" data-element_type=\"container\" data-e-type=\"container\">\n\t\t\t\t<div class=\"elementor-element elementor-element-ef2af46 elementor-widget elementor-widget-image\" data-id=\"ef2af46\" data-element_type=\"widget\" data-e-type=\"widget\" data-widget_type=\"image.default\">\n\t\t\t\t\t\t\t\t\t\t\t\t\t\t\t<img decoding=\"async\" width=\"1024\" height=\"768\" src=\"https:\/\/inzynier.rzeszow.pl\/wp-content\/uploads\/2025\/10\/obraz_2026-01-27_112951281-1024x768.png\" class=\"attachment-large size-large wp-image-3102\" alt=\"\" srcset=\"https:\/\/inzynier.rzeszow.pl\/wp-content\/uploads\/2025\/10\/obraz_2026-01-27_112951281-1024x768.png 1024w, https:\/\/inzynier.rzeszow.pl\/wp-content\/uploads\/2025\/10\/obraz_2026-01-27_112951281-300x225.png 300w, https:\/\/inzynier.rzeszow.pl\/wp-content\/uploads\/2025\/10\/obraz_2026-01-27_112951281-768x576.png 768w, https:\/\/inzynier.rzeszow.pl\/wp-content\/uploads\/2025\/10\/obraz_2026-01-27_112951281-1536x1152.png 1536w, https:\/\/inzynier.rzeszow.pl\/wp-content\/uploads\/2025\/10\/obraz_2026-01-27_112951281.png 2000w\" sizes=\"(max-width: 1024px) 100vw, 1024px\" \/>\t\t\t\t\t\t\t\t\t\t\t\t\t\t\t<\/div>\n\t\t\t\t<div class=\"elementor-element elementor-element-5c20710 elementor-widget elementor-widget-image\" data-id=\"5c20710\" data-element_type=\"widget\" data-e-type=\"widget\" data-widget_type=\"image.default\">\n\t\t\t\t\t\t\t\t\t\t\t\t\t\t\t<img decoding=\"async\" width=\"768\" height=\"1075\" src=\"https:\/\/inzynier.rzeszow.pl\/wp-content\/uploads\/2025\/10\/obraz_2026-01-27_113052037-768x1075.png\" class=\"attachment-medium_large size-medium_large wp-image-3103\" alt=\"\" srcset=\"https:\/\/inzynier.rzeszow.pl\/wp-content\/uploads\/2025\/10\/obraz_2026-01-27_113052037-768x1075.png 768w, https:\/\/inzynier.rzeszow.pl\/wp-content\/uploads\/2025\/10\/obraz_2026-01-27_113052037-214x300.png 214w, https:\/\/inzynier.rzeszow.pl\/wp-content\/uploads\/2025\/10\/obraz_2026-01-27_113052037-732x1024.png 732w, https:\/\/inzynier.rzeszow.pl\/wp-content\/uploads\/2025\/10\/obraz_2026-01-27_113052037-1097x1536.png 1097w, https:\/\/inzynier.rzeszow.pl\/wp-content\/uploads\/2025\/10\/obraz_2026-01-27_113052037.png 1429w\" sizes=\"(max-width: 768px) 100vw, 768px\" \/>\t\t\t\t\t\t\t\t\t\t\t\t\t\t\t<\/div>\n\t\t\t\t<\/div>\n\t\t<div class=\"elementor-element elementor-element-9cf9377 e-con-full e-flex e-con e-child\" data-id=\"9cf9377\" data-element_type=\"container\" data-e-type=\"container\">\n\t\t\t\t<div class=\"elementor-element elementor-element-9b2d75d elementor-widget elementor-widget-text-editor\" data-id=\"9b2d75d\" data-element_type=\"widget\" data-e-type=\"widget\" data-widget_type=\"text-editor.default\">\n\t\t\t\t\t\t\t\t\t<p>&#8211; Tanya Tzigularova, Distribution Channel Manager, Milestone Systems A\/S,<br \/>&#8211; Wojciech Grabo\u0144, Channel Business Manager, Milestone Systems A\/S.<\/p><p>&#8211; Ma\u0142gorzat\u0119 Lorenc Fibrain Sp. z o.o.<\/p><p>&#8211; Jakuba Lind\u0119 Polimakry Sp. z o.o.<\/p><p>&#8211; Przedstawicieli Firm.<\/p><p>&#8211; Przedstawicieli Urz\u0119du Miasta Rzeszowa, Miejskich Sp\u00f3\u0142ek, Urz\u0119du Marsza\u0142kowskiego Wojew\u00f3dztwa Podkarpackiego,\u00a0 Rzeszowskiego Obszaru Funkcjonalnego oraz Politechniki Rzeszowskiej.<\/p><p><strong>SYMBIOZA MIASTO-PRZEMYS\u0141 W RZESZOWIE<\/strong><br \/><strong>DEBATA DK-PL &amp; WARSZTATY<\/strong><\/p><p><strong>29-30 wrze\u015bnia 2025<\/strong>\u00a0r.,\u00a0<strong>Rzesz\u00f3w<\/strong><\/p><p><strong>&#8211; 29.09, 16:00-18:30 &#8211; URBAN LAB RZESZ\u00d3W<\/strong><br \/>Powitalny networking i debata \u201eKontrakty Klimatyczne w Praktyce: Wyzwania i Szanse Polskich Miast&#8221;<\/p><p><strong>&#8211; 30.09, 8:30-15:30 &#8211; PODKARPACKA OKR\u0118GOWA IZBA IN\u017bYNIER\u00d3W BUDOWNICTWA<\/strong><br \/>Warsztaty nt. tworzenia symbiozy miasto-przemys\u0142<\/p><p>Tematy: zielona i cyfrowa transformacja miast, wykorzystanie nadwy\u017cek ciep\u0142a, optymalizacja energetyczna budynk\u00f3w publicznych, partnerstwa publiczno-prywatne. Inspiracje z Kalundborg Symbiosis (Dania), Green Lab Skive i Project Zero z S\u00f8nderborg.<\/p><p><strong>Grupa docelowa<\/strong>:<\/p><p>&#8211; Samorz\u0105dy i miejskie wydzia\u0142y inwestycji oraz infrastruktury\u00a0<br \/>&#8211; In\u017cynierowie ds. energii w przemy\u015ble, zarz\u0105dcy budynk\u00f3w publicznych<br \/>&#8211; Przedsi\u0119biorcy z podregionu rzeszowskiego<br \/>&#8211; \u015arodowisko akademickie\u00a0<\/p>\t\t\t\t\t\t\t\t<\/div>\n\t\t\t\t<\/div>\n\t\t\t\t\t<\/div>\n\t\t\t\t<\/div>\n\t\t<div class=\"elementor-element elementor-element-4184e2d e-flex e-con-boxed e-con e-parent\" data-id=\"4184e2d\" data-element_type=\"container\" data-e-type=\"container\">\n\t\t\t\t\t<div class=\"e-con-inner\">\n\t\t\t\t<div class=\"elementor-element elementor-element-b027d23 elementor-widget elementor-widget-text-editor\" data-id=\"b027d23\" data-element_type=\"widget\" data-e-type=\"widget\" data-widget_type=\"text-editor.default\">\n\t\t\t\t\t\t\t\t\t<p><strong><u>PROGRAM:<\/u><\/strong><strong><br \/><\/strong><br \/>Szczeg\u00f3\u0142owy program debaty i warsztat\u00f3w:\u00a0<br \/><strong><a href=\"https:\/\/inzynier.rzeszow.pl\/download\/z_zycia\/Rzeszow_program_DK_PL.pdf\" target=\"_blank\" rel=\"noopener\">Agenda<br \/><\/a><\/strong><\/p><p><img loading=\"lazy\" decoding=\"async\" src=\"https:\/\/inzynier.rzeszow.pl\/download\/z_zycia\/amb_dani.png\" width=\"271\" height=\"62\" border=\"0\" \/><br \/><br \/><img loading=\"lazy\" decoding=\"async\" src=\"https:\/\/inzynier.rzeszow.pl\/download\/z_zycia\/um_rz.jpg\" width=\"143\" height=\"83\" border=\"0\" \/><\/p>\t\t\t\t\t\t\t\t<\/div>\n\t\t\t\t\t<\/div>\n\t\t\t\t<\/div>\n\t\t\t\t<\/div>\n\t\t","protected":false},"excerpt":{"rendered":"<p>W dniu 30 wrze\u015bnia 2025 r. Urz\u0105d Miasta Rzeszowa wraz z Ambasad\u0105 Kr\u00f3lestwa Danii w ramach wsp\u00f3\u0142pracy podj\u0119\u0142o inicjatyw\u0119 przeprowadzenia [&hellip;]<\/p>\n","protected":false},"author":1,"featured_media":3101,"comment_status":"closed","ping_status":"closed","sticky":false,"template":"","format":"standard","meta":{"site-sidebar-layout":"default","site-content-layout":"","ast-site-content-layout":"default","site-content-style":"default","site-sidebar-style":"default","ast-global-header-display":"","ast-banner-title-visibility":"","ast-main-header-display":"","ast-hfb-above-header-display":"","ast-hfb-below-header-display":"","ast-hfb-mobile-header-display":"","site-post-title":"","ast-breadcrumbs-content":"","ast-featured-img":"","footer-sml-layout":"","ast-disable-related-posts":"","theme-transparent-header-meta":"","adv-header-id-meta":"","stick-header-meta":"","header-above-stick-meta":"","header-main-stick-meta":"","header-below-stick-meta":"","astra-migrate-meta-layouts":"default","ast-page-background-enabled":"default","ast-page-background-meta":{"desktop":{"background-color":"var(--ast-global-color-5)","background-image":"","background-repeat":"repeat","background-position":"center center","background-size":"auto","background-attachment":"scroll","background-type":"","background-media":"","overlay-type":"","overlay-color":"","overlay-opacity":"","overlay-gradient":""},"tablet":{"background-color":"","background-image":"","background-repeat":"repeat","background-position":"center center","background-size":"auto","background-attachment":"scroll","background-type":"","background-media":"","overlay-type":"","overlay-color":"","overlay-opacity":"","overlay-gradient":""},"mobile":{"background-color":"","background-image":"","background-repeat":"repeat","background-position":"center center","background-size":"auto","background-attachment":"scroll","background-type":"","background-media":"","overlay-type":"","overlay-color":"","overlay-opacity":"","overlay-gradient":""}},"ast-content-background-meta":{"desktop":{"background-color":"var(--ast-global-color-4)","background-image":"","background-repeat":"repeat","background-position":"center center","background-size":"auto","background-attachment":"scroll","background-type":"","background-media":"","overlay-type":"","overlay-color":"","overlay-opacity":"","overlay-gradient":""},"tablet":{"background-color":"var(--ast-global-color-4)","background-image":"","background-repeat":"repeat","background-position":"center center","background-size":"auto","background-attachment":"scroll","background-type":"","background-media":"","overlay-type":"","overlay-color":"","overlay-opacity":"","overlay-gradient":""},"mobile":{"background-color":"var(--ast-global-color-4)","background-image":"","background-repeat":"repeat","background-position":"center center","background-size":"auto","background-attachment":"scroll","background-type":"","background-media":"","overlay-type":"","overlay-color":"","overlay-opacity":"","overlay-gradient":""}},"footnotes":""},"categories":[63,7,16,55],"tags":[],"class_list":["post-3092","post","type-post","status-publish","format-standard","has-post-thumbnail","hentry","category-targi-i-konferencje","category-wydarzenia","category-z-zycia-izby","category-z-zycia-izby-rok-2025"],"yoast_head":"<!-- This site is optimized with the Yoast SEO plugin v27.5 - https:\/\/yoast.com\/product\/yoast-seo-wordpress\/ -->\n<title>Debata Du\u0144sko - Polska &amp; Warsztaty - Symbioza Miasto \u2013 Przemys\u0142 w Rzeszowie - Podkarpacka Okregowa Izba Inzynierow Budownictwa<\/title>\n<meta name=\"robots\" content=\"index, follow, max-snippet:-1, max-image-preview:large, max-video-preview:-1\" \/>\n<link rel=\"canonical\" href=\"https:\/\/inzynier.rzeszow.pl\/index.php\/2025\/10\/01\/debata-dunsko-polska-warsztaty-symbioza-miasto-przemysl-w-rzeszowie\/\" \/>\n<meta property=\"og:locale\" content=\"pl_PL\" \/>\n<meta property=\"og:type\" content=\"article\" \/>\n<meta property=\"og:title\" content=\"Debata Du\u0144sko - Polska &amp; Warsztaty - Symbioza Miasto \u2013 Przemys\u0142 w Rzeszowie - Podkarpacka Okregowa Izba Inzynierow Budownictwa\" \/>\n<meta property=\"og:description\" content=\"W dniu 30 wrze\u015bnia 2025 r. Urz\u0105d Miasta Rzeszowa wraz z Ambasad\u0105 Kr\u00f3lestwa Danii w ramach wsp\u00f3\u0142pracy podj\u0119\u0142o inicjatyw\u0119 przeprowadzenia [&hellip;]\" \/>\n<meta property=\"og:url\" content=\"https:\/\/inzynier.rzeszow.pl\/index.php\/2025\/10\/01\/debata-dunsko-polska-warsztaty-symbioza-miasto-przemysl-w-rzeszowie\/\" \/>\n<meta property=\"og:site_name\" content=\"Podkarpacka Okregowa Izba Inzynierow Budownictwa\" \/>\n<meta property=\"article:published_time\" content=\"2025-10-01T11:23:25+00:00\" \/>\n<meta property=\"article:modified_time\" content=\"2026-03-17T12:44:44+00:00\" \/>\n<meta property=\"og:image\" content=\"https:\/\/inzynier.rzeszow.pl\/wp-content\/uploads\/2025\/10\/obraz_2026-01-27_112741793-1024x767.png\" \/>\n\t<meta property=\"og:image:width\" content=\"1024\" \/>\n\t<meta property=\"og:image:height\" content=\"767\" \/>\n\t<meta property=\"og:image:type\" content=\"image\/png\" \/>\n<meta name=\"author\" content=\"admin\" \/>\n<meta name=\"twitter:card\" content=\"summary_large_image\" \/>\n<meta name=\"twitter:label1\" content=\"Napisane przez\" \/>\n\t<meta name=\"twitter:data1\" content=\"admin\" \/>\n\t<meta name=\"twitter:label2\" content=\"Szacowany czas czytania\" \/>\n\t<meta name=\"twitter:data2\" content=\"2 minuty\" \/>\n<script type=\"application\/ld+json\" class=\"yoast-schema-graph\">{\"@context\":\"https:\\\/\\\/schema.org\",\"@graph\":[{\"@type\":\"Article\",\"@id\":\"https:\\\/\\\/inzynier.rzeszow.pl\\\/index.php\\\/2025\\\/10\\\/01\\\/debata-dunsko-polska-warsztaty-symbioza-miasto-przemysl-w-rzeszowie\\\/#article\",\"isPartOf\":{\"@id\":\"https:\\\/\\\/inzynier.rzeszow.pl\\\/index.php\\\/2025\\\/10\\\/01\\\/debata-dunsko-polska-warsztaty-symbioza-miasto-przemysl-w-rzeszowie\\\/\"},\"author\":{\"name\":\"admin\",\"@id\":\"https:\\\/\\\/inzynier.rzeszow.pl\\\/#\\\/schema\\\/person\\\/21ca162d893bdc5760a95d704e9b1e39\"},\"headline\":\"Debata Du\u0144sko &#8211; Polska &#038; Warsztaty &#8211; Symbioza Miasto \u2013 Przemys\u0142 w Rzeszowie\",\"datePublished\":\"2025-10-01T11:23:25+00:00\",\"dateModified\":\"2026-03-17T12:44:44+00:00\",\"mainEntityOfPage\":{\"@id\":\"https:\\\/\\\/inzynier.rzeszow.pl\\\/index.php\\\/2025\\\/10\\\/01\\\/debata-dunsko-polska-warsztaty-symbioza-miasto-przemysl-w-rzeszowie\\\/\"},\"wordCount\":329,\"image\":{\"@id\":\"https:\\\/\\\/inzynier.rzeszow.pl\\\/index.php\\\/2025\\\/10\\\/01\\\/debata-dunsko-polska-warsztaty-symbioza-miasto-przemysl-w-rzeszowie\\\/#primaryimage\"},\"thumbnailUrl\":\"https:\\\/\\\/inzynier.rzeszow.pl\\\/wp-content\\\/uploads\\\/2025\\\/10\\\/obraz_2026-01-27_112741793.png\",\"articleSection\":[\"Targi i konferencje\",\"Wydarzenia\",\"Z \u017cycia izby\",\"Z \u017cycia Izby Rok 2025\"],\"inLanguage\":\"pl-PL\"},{\"@type\":\"WebPage\",\"@id\":\"https:\\\/\\\/inzynier.rzeszow.pl\\\/index.php\\\/2025\\\/10\\\/01\\\/debata-dunsko-polska-warsztaty-symbioza-miasto-przemysl-w-rzeszowie\\\/\",\"url\":\"https:\\\/\\\/inzynier.rzeszow.pl\\\/index.php\\\/2025\\\/10\\\/01\\\/debata-dunsko-polska-warsztaty-symbioza-miasto-przemysl-w-rzeszowie\\\/\",\"name\":\"Debata Du\u0144sko - Polska & Warsztaty - Symbioza Miasto \u2013 Przemys\u0142 w Rzeszowie - Podkarpacka Okregowa Izba Inzynierow Budownictwa\",\"isPartOf\":{\"@id\":\"https:\\\/\\\/inzynier.rzeszow.pl\\\/#website\"},\"primaryImageOfPage\":{\"@id\":\"https:\\\/\\\/inzynier.rzeszow.pl\\\/index.php\\\/2025\\\/10\\\/01\\\/debata-dunsko-polska-warsztaty-symbioza-miasto-przemysl-w-rzeszowie\\\/#primaryimage\"},\"image\":{\"@id\":\"https:\\\/\\\/inzynier.rzeszow.pl\\\/index.php\\\/2025\\\/10\\\/01\\\/debata-dunsko-polska-warsztaty-symbioza-miasto-przemysl-w-rzeszowie\\\/#primaryimage\"},\"thumbnailUrl\":\"https:\\\/\\\/inzynier.rzeszow.pl\\\/wp-content\\\/uploads\\\/2025\\\/10\\\/obraz_2026-01-27_112741793.png\",\"datePublished\":\"2025-10-01T11:23:25+00:00\",\"dateModified\":\"2026-03-17T12:44:44+00:00\",\"author\":{\"@id\":\"https:\\\/\\\/inzynier.rzeszow.pl\\\/#\\\/schema\\\/person\\\/21ca162d893bdc5760a95d704e9b1e39\"},\"breadcrumb\":{\"@id\":\"https:\\\/\\\/inzynier.rzeszow.pl\\\/index.php\\\/2025\\\/10\\\/01\\\/debata-dunsko-polska-warsztaty-symbioza-miasto-przemysl-w-rzeszowie\\\/#breadcrumb\"},\"inLanguage\":\"pl-PL\",\"potentialAction\":[{\"@type\":\"ReadAction\",\"target\":[\"https:\\\/\\\/inzynier.rzeszow.pl\\\/index.php\\\/2025\\\/10\\\/01\\\/debata-dunsko-polska-warsztaty-symbioza-miasto-przemysl-w-rzeszowie\\\/\"]}]},{\"@type\":\"ImageObject\",\"inLanguage\":\"pl-PL\",\"@id\":\"https:\\\/\\\/inzynier.rzeszow.pl\\\/index.php\\\/2025\\\/10\\\/01\\\/debata-dunsko-polska-warsztaty-symbioza-miasto-przemysl-w-rzeszowie\\\/#primaryimage\",\"url\":\"https:\\\/\\\/inzynier.rzeszow.pl\\\/wp-content\\\/uploads\\\/2025\\\/10\\\/obraz_2026-01-27_112741793.png\",\"contentUrl\":\"https:\\\/\\\/inzynier.rzeszow.pl\\\/wp-content\\\/uploads\\\/2025\\\/10\\\/obraz_2026-01-27_112741793.png\",\"width\":2000,\"height\":1498},{\"@type\":\"BreadcrumbList\",\"@id\":\"https:\\\/\\\/inzynier.rzeszow.pl\\\/index.php\\\/2025\\\/10\\\/01\\\/debata-dunsko-polska-warsztaty-symbioza-miasto-przemysl-w-rzeszowie\\\/#breadcrumb\",\"itemListElement\":[{\"@type\":\"ListItem\",\"position\":1,\"name\":\"Strona g\u0142\u00f3wna\",\"item\":\"https:\\\/\\\/inzynier.rzeszow.pl\\\/\"},{\"@type\":\"ListItem\",\"position\":2,\"name\":\"Debata Du\u0144sko &#8211; Polska &#038; Warsztaty &#8211; Symbioza Miasto \u2013 Przemys\u0142 w Rzeszowie\"}]},{\"@type\":\"WebSite\",\"@id\":\"https:\\\/\\\/inzynier.rzeszow.pl\\\/#website\",\"url\":\"https:\\\/\\\/inzynier.rzeszow.pl\\\/\",\"name\":\"Podkarpacka Okregowa Izba Inzynierow Budownictwa\",\"description\":\"\",\"potentialAction\":[{\"@type\":\"SearchAction\",\"target\":{\"@type\":\"EntryPoint\",\"urlTemplate\":\"https:\\\/\\\/inzynier.rzeszow.pl\\\/?s={search_term_string}\"},\"query-input\":{\"@type\":\"PropertyValueSpecification\",\"valueRequired\":true,\"valueName\":\"search_term_string\"}}],\"inLanguage\":\"pl-PL\"},{\"@type\":\"Person\",\"@id\":\"https:\\\/\\\/inzynier.rzeszow.pl\\\/#\\\/schema\\\/person\\\/21ca162d893bdc5760a95d704e9b1e39\",\"name\":\"admin\",\"image\":{\"@type\":\"ImageObject\",\"inLanguage\":\"pl-PL\",\"@id\":\"https:\\\/\\\/secure.gravatar.com\\\/avatar\\\/d5d1959f10b94c8abcf928274f8bb5b8c7370b0dfadb0590911bacad18965f21?s=96&d=mm&r=g\",\"url\":\"https:\\\/\\\/secure.gravatar.com\\\/avatar\\\/d5d1959f10b94c8abcf928274f8bb5b8c7370b0dfadb0590911bacad18965f21?s=96&d=mm&r=g\",\"contentUrl\":\"https:\\\/\\\/secure.gravatar.com\\\/avatar\\\/d5d1959f10b94c8abcf928274f8bb5b8c7370b0dfadb0590911bacad18965f21?s=96&d=mm&r=g\",\"caption\":\"admin\"},\"sameAs\":[\"https:\\\/\\\/migracja.inzynier.rzeszow.pl\"],\"url\":\"https:\\\/\\\/inzynier.rzeszow.pl\\\/index.php\\\/author\\\/kwojcik\\\/\"}]}<\/script>\n<!-- \/ Yoast SEO plugin. -->","yoast_head_json":{"title":"Debata Du\u0144sko - Polska & Warsztaty - Symbioza Miasto \u2013 Przemys\u0142 w Rzeszowie - Podkarpacka Okregowa Izba Inzynierow Budownictwa","robots":{"index":"index","follow":"follow","max-snippet":"max-snippet:-1","max-image-preview":"max-image-preview:large","max-video-preview":"max-video-preview:-1"},"canonical":"https:\/\/inzynier.rzeszow.pl\/index.php\/2025\/10\/01\/debata-dunsko-polska-warsztaty-symbioza-miasto-przemysl-w-rzeszowie\/","og_locale":"pl_PL","og_type":"article","og_title":"Debata Du\u0144sko - Polska & Warsztaty - Symbioza Miasto \u2013 Przemys\u0142 w Rzeszowie - Podkarpacka Okregowa Izba Inzynierow Budownictwa","og_description":"W dniu 30 wrze\u015bnia 2025 r. Urz\u0105d Miasta Rzeszowa wraz z Ambasad\u0105 Kr\u00f3lestwa Danii w ramach wsp\u00f3\u0142pracy podj\u0119\u0142o inicjatyw\u0119 przeprowadzenia [&hellip;]","og_url":"https:\/\/inzynier.rzeszow.pl\/index.php\/2025\/10\/01\/debata-dunsko-polska-warsztaty-symbioza-miasto-przemysl-w-rzeszowie\/","og_site_name":"Podkarpacka Okregowa Izba Inzynierow Budownictwa","article_published_time":"2025-10-01T11:23:25+00:00","article_modified_time":"2026-03-17T12:44:44+00:00","og_image":[{"width":1024,"height":767,"url":"https:\/\/inzynier.rzeszow.pl\/wp-content\/uploads\/2025\/10\/obraz_2026-01-27_112741793-1024x767.png","type":"image\/png"}],"author":"admin","twitter_card":"summary_large_image","twitter_misc":{"Napisane przez":"admin","Szacowany czas czytania":"2 minuty"},"schema":{"@context":"https:\/\/schema.org","@graph":[{"@type":"Article","@id":"https:\/\/inzynier.rzeszow.pl\/index.php\/2025\/10\/01\/debata-dunsko-polska-warsztaty-symbioza-miasto-przemysl-w-rzeszowie\/#article","isPartOf":{"@id":"https:\/\/inzynier.rzeszow.pl\/index.php\/2025\/10\/01\/debata-dunsko-polska-warsztaty-symbioza-miasto-przemysl-w-rzeszowie\/"},"author":{"name":"admin","@id":"https:\/\/inzynier.rzeszow.pl\/#\/schema\/person\/21ca162d893bdc5760a95d704e9b1e39"},"headline":"Debata Du\u0144sko &#8211; Polska &#038; Warsztaty &#8211; Symbioza Miasto \u2013 Przemys\u0142 w Rzeszowie","datePublished":"2025-10-01T11:23:25+00:00","dateModified":"2026-03-17T12:44:44+00:00","mainEntityOfPage":{"@id":"https:\/\/inzynier.rzeszow.pl\/index.php\/2025\/10\/01\/debata-dunsko-polska-warsztaty-symbioza-miasto-przemysl-w-rzeszowie\/"},"wordCount":329,"image":{"@id":"https:\/\/inzynier.rzeszow.pl\/index.php\/2025\/10\/01\/debata-dunsko-polska-warsztaty-symbioza-miasto-przemysl-w-rzeszowie\/#primaryimage"},"thumbnailUrl":"https:\/\/inzynier.rzeszow.pl\/wp-content\/uploads\/2025\/10\/obraz_2026-01-27_112741793.png","articleSection":["Targi i konferencje","Wydarzenia","Z \u017cycia izby","Z \u017cycia Izby Rok 2025"],"inLanguage":"pl-PL"},{"@type":"WebPage","@id":"https:\/\/inzynier.rzeszow.pl\/index.php\/2025\/10\/01\/debata-dunsko-polska-warsztaty-symbioza-miasto-przemysl-w-rzeszowie\/","url":"https:\/\/inzynier.rzeszow.pl\/index.php\/2025\/10\/01\/debata-dunsko-polska-warsztaty-symbioza-miasto-przemysl-w-rzeszowie\/","name":"Debata Du\u0144sko - Polska & Warsztaty - Symbioza Miasto \u2013 Przemys\u0142 w Rzeszowie - Podkarpacka Okregowa Izba Inzynierow Budownictwa","isPartOf":{"@id":"https:\/\/inzynier.rzeszow.pl\/#website"},"primaryImageOfPage":{"@id":"https:\/\/inzynier.rzeszow.pl\/index.php\/2025\/10\/01\/debata-dunsko-polska-warsztaty-symbioza-miasto-przemysl-w-rzeszowie\/#primaryimage"},"image":{"@id":"https:\/\/inzynier.rzeszow.pl\/index.php\/2025\/10\/01\/debata-dunsko-polska-warsztaty-symbioza-miasto-przemysl-w-rzeszowie\/#primaryimage"},"thumbnailUrl":"https:\/\/inzynier.rzeszow.pl\/wp-content\/uploads\/2025\/10\/obraz_2026-01-27_112741793.png","datePublished":"2025-10-01T11:23:25+00:00","dateModified":"2026-03-17T12:44:44+00:00","author":{"@id":"https:\/\/inzynier.rzeszow.pl\/#\/schema\/person\/21ca162d893bdc5760a95d704e9b1e39"},"breadcrumb":{"@id":"https:\/\/inzynier.rzeszow.pl\/index.php\/2025\/10\/01\/debata-dunsko-polska-warsztaty-symbioza-miasto-przemysl-w-rzeszowie\/#breadcrumb"},"inLanguage":"pl-PL","potentialAction":[{"@type":"ReadAction","target":["https:\/\/inzynier.rzeszow.pl\/index.php\/2025\/10\/01\/debata-dunsko-polska-warsztaty-symbioza-miasto-przemysl-w-rzeszowie\/"]}]},{"@type":"ImageObject","inLanguage":"pl-PL","@id":"https:\/\/inzynier.rzeszow.pl\/index.php\/2025\/10\/01\/debata-dunsko-polska-warsztaty-symbioza-miasto-przemysl-w-rzeszowie\/#primaryimage","url":"https:\/\/inzynier.rzeszow.pl\/wp-content\/uploads\/2025\/10\/obraz_2026-01-27_112741793.png","contentUrl":"https:\/\/inzynier.rzeszow.pl\/wp-content\/uploads\/2025\/10\/obraz_2026-01-27_112741793.png","width":2000,"height":1498},{"@type":"BreadcrumbList","@id":"https:\/\/inzynier.rzeszow.pl\/index.php\/2025\/10\/01\/debata-dunsko-polska-warsztaty-symbioza-miasto-przemysl-w-rzeszowie\/#breadcrumb","itemListElement":[{"@type":"ListItem","position":1,"name":"Strona g\u0142\u00f3wna","item":"https:\/\/inzynier.rzeszow.pl\/"},{"@type":"ListItem","position":2,"name":"Debata Du\u0144sko &#8211; Polska &#038; Warsztaty &#8211; Symbioza Miasto \u2013 Przemys\u0142 w Rzeszowie"}]},{"@type":"WebSite","@id":"https:\/\/inzynier.rzeszow.pl\/#website","url":"https:\/\/inzynier.rzeszow.pl\/","name":"Podkarpacka Okregowa Izba Inzynierow Budownictwa","description":"","potentialAction":[{"@type":"SearchAction","target":{"@type":"EntryPoint","urlTemplate":"https:\/\/inzynier.rzeszow.pl\/?s={search_term_string}"},"query-input":{"@type":"PropertyValueSpecification","valueRequired":true,"valueName":"search_term_string"}}],"inLanguage":"pl-PL"},{"@type":"Person","@id":"https:\/\/inzynier.rzeszow.pl\/#\/schema\/person\/21ca162d893bdc5760a95d704e9b1e39","name":"admin","image":{"@type":"ImageObject","inLanguage":"pl-PL","@id":"https:\/\/secure.gravatar.com\/avatar\/d5d1959f10b94c8abcf928274f8bb5b8c7370b0dfadb0590911bacad18965f21?s=96&d=mm&r=g","url":"https:\/\/secure.gravatar.com\/avatar\/d5d1959f10b94c8abcf928274f8bb5b8c7370b0dfadb0590911bacad18965f21?s=96&d=mm&r=g","contentUrl":"https:\/\/secure.gravatar.com\/avatar\/d5d1959f10b94c8abcf928274f8bb5b8c7370b0dfadb0590911bacad18965f21?s=96&d=mm&r=g","caption":"admin"},"sameAs":["https:\/\/migracja.inzynier.rzeszow.pl"],"url":"https:\/\/inzynier.rzeszow.pl\/index.php\/author\/kwojcik\/"}]}},"rttpg_featured_image_url":{"full":["https:\/\/inzynier.rzeszow.pl\/wp-content\/uploads\/2025\/10\/obraz_2026-01-27_112741793.png",2000,1498,false],"landscape":["https:\/\/inzynier.rzeszow.pl\/wp-content\/uploads\/2025\/10\/obraz_2026-01-27_112741793.png",2000,1498,false],"portraits":["https:\/\/inzynier.rzeszow.pl\/wp-content\/uploads\/2025\/10\/obraz_2026-01-27_112741793.png",2000,1498,false],"thumbnail":["https:\/\/inzynier.rzeszow.pl\/wp-content\/uploads\/2025\/10\/obraz_2026-01-27_112741793-150x150.png",150,150,true],"medium":["https:\/\/inzynier.rzeszow.pl\/wp-content\/uploads\/2025\/10\/obraz_2026-01-27_112741793-300x225.png",300,225,true],"large":["https:\/\/inzynier.rzeszow.pl\/wp-content\/uploads\/2025\/10\/obraz_2026-01-27_112741793-1024x767.png",1024,767,true],"1536x1536":["https:\/\/inzynier.rzeszow.pl\/wp-content\/uploads\/2025\/10\/obraz_2026-01-27_112741793-1536x1150.png",1536,1150,true],"2048x2048":["https:\/\/inzynier.rzeszow.pl\/wp-content\/uploads\/2025\/10\/obraz_2026-01-27_112741793.png",2000,1498,false]},"rttpg_author":{"display_name":"admin","author_link":"https:\/\/inzynier.rzeszow.pl\/index.php\/author\/kwojcik\/"},"rttpg_comment":0,"rttpg_category":"<a href=\"https:\/\/inzynier.rzeszow.pl\/index.php\/category\/targi-i-konferencje\/\" rel=\"category tag\">Targi i konferencje<\/a> <a href=\"https:\/\/inzynier.rzeszow.pl\/index.php\/category\/wydarzenia\/\" rel=\"category tag\">Wydarzenia<\/a> <a href=\"https:\/\/inzynier.rzeszow.pl\/index.php\/category\/z-zycia-izby\/\" rel=\"category tag\">Z \u017cycia izby<\/a> <a href=\"https:\/\/inzynier.rzeszow.pl\/index.php\/category\/z-zycia-izby\/z-zycia-izby-rok-2025\/\" rel=\"category tag\">Z \u017cycia Izby Rok 2025<\/a>","rttpg_excerpt":"W dniu 30 wrze\u015bnia 2025 r. Urz\u0105d Miasta Rzeszowa wraz z Ambasad\u0105 Kr\u00f3lestwa Danii w ramach wsp\u00f3\u0142pracy podj\u0119\u0142o inicjatyw\u0119 przeprowadzenia [&hellip;]","_links":{"self":[{"href":"https:\/\/inzynier.rzeszow.pl\/index.php\/wp-json\/wp\/v2\/posts\/3092","targetHints":{"allow":["GET"]}}],"collection":[{"href":"https:\/\/inzynier.rzeszow.pl\/index.php\/wp-json\/wp\/v2\/posts"}],"about":[{"href":"https:\/\/inzynier.rzeszow.pl\/index.php\/wp-json\/wp\/v2\/types\/post"}],"author":[{"embeddable":true,"href":"https:\/\/inzynier.rzeszow.pl\/index.php\/wp-json\/wp\/v2\/users\/1"}],"replies":[{"embeddable":true,"href":"https:\/\/inzynier.rzeszow.pl\/index.php\/wp-json\/wp\/v2\/comments?post=3092"}],"version-history":[{"count":4,"href":"https:\/\/inzynier.rzeszow.pl\/index.php\/wp-json\/wp\/v2\/posts\/3092\/revisions"}],"predecessor-version":[{"id":3106,"href":"https:\/\/inzynier.rzeszow.pl\/index.php\/wp-json\/wp\/v2\/posts\/3092\/revisions\/3106"}],"wp:featuredmedia":[{"embeddable":true,"href":"https:\/\/inzynier.rzeszow.pl\/index.php\/wp-json\/wp\/v2\/media\/3101"}],"wp:attachment":[{"href":"https:\/\/inzynier.rzeszow.pl\/index.php\/wp-json\/wp\/v2\/media?parent=3092"}],"wp:term":[{"taxonomy":"category","embeddable":true,"href":"https:\/\/inzynier.rzeszow.pl\/index.php\/wp-json\/wp\/v2\/categories?post=3092"},{"taxonomy":"post_tag","embeddable":true,"href":"https:\/\/inzynier.rzeszow.pl\/index.php\/wp-json\/wp\/v2\/tags?post=3092"}],"curies":[{"name":"wp","href":"https:\/\/api.w.org\/{rel}","templated":true}]}}