{"id":3089,"date":"2025-09-22T13:13:09","date_gmt":"2025-09-22T13:13:09","guid":{"rendered":"https:\/\/migracja.inzynier.rzeszow.pl\/?p=3089"},"modified":"2026-02-13T13:36:54","modified_gmt":"2026-02-13T13:36:54","slug":"z-wizyta-w-kujawsko-pomorskiej-oiib-dni-budowlanych","status":"publish","type":"post","link":"https:\/\/inzynier.rzeszow.pl\/index.php\/2025\/09\/22\/z-wizyta-w-kujawsko-pomorskiej-oiib-dni-budowlanych\/","title":{"rendered":"Z wizyt\u0105 w Kujawsko-Pomorskiej OIIB &#8211; Dni Budowlanych"},"content":{"rendered":"\t\t<div data-elementor-type=\"wp-post\" data-elementor-id=\"3089\" class=\"elementor elementor-3089\" data-elementor-post-type=\"post\">\n\t\t\t\t<div class=\"elementor-element elementor-element-4f70bb6 e-flex e-con-boxed e-con e-parent\" data-id=\"4f70bb6\" data-element_type=\"container\" data-e-type=\"container\">\n\t\t\t\t\t<div class=\"e-con-inner\">\n\t\t<div class=\"elementor-element elementor-element-44b5713 e-con-full e-flex e-con e-child\" data-id=\"44b5713\" data-element_type=\"container\" data-e-type=\"container\">\n\t\t\t\t<div class=\"elementor-element elementor-element-f3497ff elementor-widget elementor-widget-image\" data-id=\"f3497ff\" data-element_type=\"widget\" data-e-type=\"widget\" data-widget_type=\"image.default\">\n\t\t\t\t\t\t\t\t\t\t\t\t\t\t\t<img fetchpriority=\"high\" decoding=\"async\" width=\"1024\" height=\"768\" src=\"https:\/\/inzynier.rzeszow.pl\/wp-content\/uploads\/0205\/09\/obraz_2026-01-27_115528361-1024x768.png\" class=\"attachment-large size-large wp-image-3121\" alt=\"\" srcset=\"https:\/\/inzynier.rzeszow.pl\/wp-content\/uploads\/0205\/09\/obraz_2026-01-27_115528361-1024x768.png 1024w, https:\/\/inzynier.rzeszow.pl\/wp-content\/uploads\/0205\/09\/obraz_2026-01-27_115528361-300x225.png 300w, https:\/\/inzynier.rzeszow.pl\/wp-content\/uploads\/0205\/09\/obraz_2026-01-27_115528361-768x576.png 768w, https:\/\/inzynier.rzeszow.pl\/wp-content\/uploads\/0205\/09\/obraz_2026-01-27_115528361.png 1080w\" sizes=\"(max-width: 1024px) 100vw, 1024px\" \/>\t\t\t\t\t\t\t\t\t\t\t\t\t\t\t<\/div>\n\t\t\t\t<\/div>\n\t\t<div class=\"elementor-element elementor-element-5c2e3bd e-con-full e-flex e-con e-child\" data-id=\"5c2e3bd\" data-element_type=\"container\" data-e-type=\"container\">\n\t\t\t\t<div class=\"elementor-element elementor-element-d681aaf elementor-widget elementor-widget-text-editor\" data-id=\"d681aaf\" data-element_type=\"widget\" data-e-type=\"widget\" data-widget_type=\"text-editor.default\">\n\t\t\t\t\t\t\t\t\t<p>W dniach 19-20 wrze\u015bnia 2025 r. mia\u0142a miejsce wizyta w Kujawsko-Pomorskiej Okr\u0119gowej Izbie In\u017cynier\u00f3w Budownictwa. Przewodnicz\u0105cy OR PDK OIIB Grzegorz Dubik mia\u0142 przyjemno\u015b\u0107 uczestniczy\u0107 w uroczystych obchodach Dnia Budowlanych w Bydgoszczy.<\/p><p>By\u0142 to doskona\u0142y moment na wymian\u0119 do\u015bwiadcze\u0144, pog\u0142\u0119bienie wsp\u00f3\u0142pracy oraz z\u0142o\u017cenie najlepszych \u017cycze\u0144 ca\u0142emu \u015brodowisku budowlanemu z okazji jego \u015bwi\u0119ta.<\/p><p>Serdecznie dzi\u0119kujemy Kujawsko-Pomorskiej OIIB za ciep\u0142e przyj\u0119cie i zaproszenie.<\/p>\t\t\t\t\t\t\t\t<\/div>\n\t\t\t\t<\/div>\n\t\t\t\t\t<\/div>\n\t\t\t\t<\/div>\n\t\t\t\t<\/div>\n\t\t","protected":false},"excerpt":{"rendered":"<p>W dniach 19-20 wrze\u015bnia 2025 r. mia\u0142a miejsce wizyta w Kujawsko-Pomorskiej Okr\u0119gowej Izbie In\u017cynier\u00f3w Budownictwa. Przewodnicz\u0105cy OR PDK OIIB Grzegorz [&hellip;]<\/p>\n","protected":false},"author":1,"featured_media":3121,"comment_status":"closed","ping_status":"closed","sticky":false,"template":"","format":"standard","meta":{"site-sidebar-layout":"default","site-content-layout":"","ast-site-content-layout":"default","site-content-style":"default","site-sidebar-style":"default","ast-global-header-display":"","ast-banner-title-visibility":"","ast-main-header-display":"","ast-hfb-above-header-display":"","ast-hfb-below-header-display":"","ast-hfb-mobile-header-display":"","site-post-title":"","ast-breadcrumbs-content":"","ast-featured-img":"","footer-sml-layout":"","ast-disable-related-posts":"","theme-transparent-header-meta":"","adv-header-id-meta":"","stick-header-meta":"","header-above-stick-meta":"","header-main-stick-meta":"","header-below-stick-meta":"","astra-migrate-meta-layouts":"default","ast-page-background-enabled":"default","ast-page-background-meta":{"desktop":{"background-color":"var(--ast-global-color-5)","background-image":"","background-repeat":"repeat","background-position":"center center","background-size":"auto","background-attachment":"scroll","background-type":"","background-media":"","overlay-type":"","overlay-color":"","overlay-opacity":"","overlay-gradient":""},"tablet":{"background-color":"","background-image":"","background-repeat":"repeat","background-position":"center center","background-size":"auto","background-attachment":"scroll","background-type":"","background-media":"","overlay-type":"","overlay-color":"","overlay-opacity":"","overlay-gradient":""},"mobile":{"background-color":"","background-image":"","background-repeat":"repeat","background-position":"center center","background-size":"auto","background-attachment":"scroll","background-type":"","background-media":"","overlay-type":"","overlay-color":"","overlay-opacity":"","overlay-gradient":""}},"ast-content-background-meta":{"desktop":{"background-color":"var(--ast-global-color-4)","background-image":"","background-repeat":"repeat","background-position":"center center","background-size":"auto","background-attachment":"scroll","background-type":"","background-media":"","overlay-type":"","overlay-color":"","overlay-opacity":"","overlay-gradient":""},"tablet":{"background-color":"var(--ast-global-color-4)","background-image":"","background-repeat":"repeat","background-position":"center center","background-size":"auto","background-attachment":"scroll","background-type":"","background-media":"","overlay-type":"","overlay-color":"","overlay-opacity":"","overlay-gradient":""},"mobile":{"background-color":"var(--ast-global-color-4)","background-image":"","background-repeat":"repeat","background-position":"center center","background-size":"auto","background-attachment":"scroll","background-type":"","background-media":"","overlay-type":"","overlay-color":"","overlay-opacity":"","overlay-gradient":""}},"footnotes":""},"categories":[7,16,55],"tags":[],"class_list":["post-3089","post","type-post","status-publish","format-standard","has-post-thumbnail","hentry","category-wydarzenia","category-z-zycia-izby","category-z-zycia-izby-rok-2025"],"yoast_head":"<!-- This site is optimized with the Yoast SEO plugin v27.5 - https:\/\/yoast.com\/product\/yoast-seo-wordpress\/ -->\n<title>Z wizyt\u0105 w Kujawsko-Pomorskiej OIIB - Dni Budowlanych - Podkarpacka Okregowa Izba Inzynierow Budownictwa<\/title>\n<meta name=\"robots\" content=\"index, follow, max-snippet:-1, max-image-preview:large, max-video-preview:-1\" \/>\n<link rel=\"canonical\" href=\"https:\/\/inzynier.rzeszow.pl\/index.php\/2025\/09\/22\/z-wizyta-w-kujawsko-pomorskiej-oiib-dni-budowlanych\/\" \/>\n<meta property=\"og:locale\" content=\"pl_PL\" \/>\n<meta property=\"og:type\" content=\"article\" \/>\n<meta property=\"og:title\" content=\"Z wizyt\u0105 w Kujawsko-Pomorskiej OIIB - Dni Budowlanych - Podkarpacka Okregowa Izba Inzynierow Budownictwa\" \/>\n<meta property=\"og:description\" content=\"W dniach 19-20 wrze\u015bnia 2025 r. mia\u0142a miejsce wizyta w Kujawsko-Pomorskiej Okr\u0119gowej Izbie In\u017cynier\u00f3w Budownictwa. Przewodnicz\u0105cy OR PDK OIIB Grzegorz [&hellip;]\" \/>\n<meta property=\"og:url\" content=\"https:\/\/inzynier.rzeszow.pl\/index.php\/2025\/09\/22\/z-wizyta-w-kujawsko-pomorskiej-oiib-dni-budowlanych\/\" \/>\n<meta property=\"og:site_name\" content=\"Podkarpacka Okregowa Izba Inzynierow Budownictwa\" \/>\n<meta property=\"article:published_time\" content=\"2025-09-22T13:13:09+00:00\" \/>\n<meta property=\"article:modified_time\" content=\"2026-02-13T13:36:54+00:00\" \/>\n<meta property=\"og:image\" content=\"https:\/\/inzynier.rzeszow.pl\/wp-content\/uploads\/0205\/09\/obraz_2026-01-27_115528361.png\" \/>\n\t<meta property=\"og:image:width\" content=\"1080\" \/>\n\t<meta property=\"og:image:height\" content=\"810\" \/>\n\t<meta property=\"og:image:type\" content=\"image\/png\" \/>\n<meta name=\"author\" content=\"admin\" \/>\n<meta name=\"twitter:card\" content=\"summary_large_image\" \/>\n<meta name=\"twitter:label1\" content=\"Napisane przez\" \/>\n\t<meta name=\"twitter:data1\" content=\"admin\" \/>\n<script type=\"application\/ld+json\" class=\"yoast-schema-graph\">{\"@context\":\"https:\\\/\\\/schema.org\",\"@graph\":[{\"@type\":\"Article\",\"@id\":\"https:\\\/\\\/inzynier.rzeszow.pl\\\/index.php\\\/2025\\\/09\\\/22\\\/z-wizyta-w-kujawsko-pomorskiej-oiib-dni-budowlanych\\\/#article\",\"isPartOf\":{\"@id\":\"https:\\\/\\\/inzynier.rzeszow.pl\\\/index.php\\\/2025\\\/09\\\/22\\\/z-wizyta-w-kujawsko-pomorskiej-oiib-dni-budowlanych\\\/\"},\"author\":{\"name\":\"admin\",\"@id\":\"https:\\\/\\\/inzynier.rzeszow.pl\\\/#\\\/schema\\\/person\\\/21ca162d893bdc5760a95d704e9b1e39\"},\"headline\":\"Z wizyt\u0105 w Kujawsko-Pomorskiej OIIB &#8211; Dni Budowlanych\",\"datePublished\":\"2025-09-22T13:13:09+00:00\",\"dateModified\":\"2026-02-13T13:36:54+00:00\",\"mainEntityOfPage\":{\"@id\":\"https:\\\/\\\/inzynier.rzeszow.pl\\\/index.php\\\/2025\\\/09\\\/22\\\/z-wizyta-w-kujawsko-pomorskiej-oiib-dni-budowlanych\\\/\"},\"wordCount\":84,\"image\":{\"@id\":\"https:\\\/\\\/inzynier.rzeszow.pl\\\/index.php\\\/2025\\\/09\\\/22\\\/z-wizyta-w-kujawsko-pomorskiej-oiib-dni-budowlanych\\\/#primaryimage\"},\"thumbnailUrl\":\"https:\\\/\\\/inzynier.rzeszow.pl\\\/wp-content\\\/uploads\\\/0205\\\/09\\\/obraz_2026-01-27_115528361.png\",\"articleSection\":[\"Wydarzenia\",\"Z \u017cycia izby\",\"Z \u017cycia Izby Rok 2025\"],\"inLanguage\":\"pl-PL\"},{\"@type\":\"WebPage\",\"@id\":\"https:\\\/\\\/inzynier.rzeszow.pl\\\/index.php\\\/2025\\\/09\\\/22\\\/z-wizyta-w-kujawsko-pomorskiej-oiib-dni-budowlanych\\\/\",\"url\":\"https:\\\/\\\/inzynier.rzeszow.pl\\\/index.php\\\/2025\\\/09\\\/22\\\/z-wizyta-w-kujawsko-pomorskiej-oiib-dni-budowlanych\\\/\",\"name\":\"Z wizyt\u0105 w Kujawsko-Pomorskiej OIIB - Dni Budowlanych - Podkarpacka Okregowa Izba Inzynierow Budownictwa\",\"isPartOf\":{\"@id\":\"https:\\\/\\\/inzynier.rzeszow.pl\\\/#website\"},\"primaryImageOfPage\":{\"@id\":\"https:\\\/\\\/inzynier.rzeszow.pl\\\/index.php\\\/2025\\\/09\\\/22\\\/z-wizyta-w-kujawsko-pomorskiej-oiib-dni-budowlanych\\\/#primaryimage\"},\"image\":{\"@id\":\"https:\\\/\\\/inzynier.rzeszow.pl\\\/index.php\\\/2025\\\/09\\\/22\\\/z-wizyta-w-kujawsko-pomorskiej-oiib-dni-budowlanych\\\/#primaryimage\"},\"thumbnailUrl\":\"https:\\\/\\\/inzynier.rzeszow.pl\\\/wp-content\\\/uploads\\\/0205\\\/09\\\/obraz_2026-01-27_115528361.png\",\"datePublished\":\"2025-09-22T13:13:09+00:00\",\"dateModified\":\"2026-02-13T13:36:54+00:00\",\"author\":{\"@id\":\"https:\\\/\\\/inzynier.rzeszow.pl\\\/#\\\/schema\\\/person\\\/21ca162d893bdc5760a95d704e9b1e39\"},\"breadcrumb\":{\"@id\":\"https:\\\/\\\/inzynier.rzeszow.pl\\\/index.php\\\/2025\\\/09\\\/22\\\/z-wizyta-w-kujawsko-pomorskiej-oiib-dni-budowlanych\\\/#breadcrumb\"},\"inLanguage\":\"pl-PL\",\"potentialAction\":[{\"@type\":\"ReadAction\",\"target\":[\"https:\\\/\\\/inzynier.rzeszow.pl\\\/index.php\\\/2025\\\/09\\\/22\\\/z-wizyta-w-kujawsko-pomorskiej-oiib-dni-budowlanych\\\/\"]}]},{\"@type\":\"ImageObject\",\"inLanguage\":\"pl-PL\",\"@id\":\"https:\\\/\\\/inzynier.rzeszow.pl\\\/index.php\\\/2025\\\/09\\\/22\\\/z-wizyta-w-kujawsko-pomorskiej-oiib-dni-budowlanych\\\/#primaryimage\",\"url\":\"https:\\\/\\\/inzynier.rzeszow.pl\\\/wp-content\\\/uploads\\\/0205\\\/09\\\/obraz_2026-01-27_115528361.png\",\"contentUrl\":\"https:\\\/\\\/inzynier.rzeszow.pl\\\/wp-content\\\/uploads\\\/0205\\\/09\\\/obraz_2026-01-27_115528361.png\",\"width\":1080,\"height\":810},{\"@type\":\"BreadcrumbList\",\"@id\":\"https:\\\/\\\/inzynier.rzeszow.pl\\\/index.php\\\/2025\\\/09\\\/22\\\/z-wizyta-w-kujawsko-pomorskiej-oiib-dni-budowlanych\\\/#breadcrumb\",\"itemListElement\":[{\"@type\":\"ListItem\",\"position\":1,\"name\":\"Strona g\u0142\u00f3wna\",\"item\":\"https:\\\/\\\/inzynier.rzeszow.pl\\\/\"},{\"@type\":\"ListItem\",\"position\":2,\"name\":\"Z wizyt\u0105 w Kujawsko-Pomorskiej OIIB &#8211; Dni Budowlanych\"}]},{\"@type\":\"WebSite\",\"@id\":\"https:\\\/\\\/inzynier.rzeszow.pl\\\/#website\",\"url\":\"https:\\\/\\\/inzynier.rzeszow.pl\\\/\",\"name\":\"Podkarpacka Okregowa Izba Inzynierow Budownictwa\",\"description\":\"\",\"potentialAction\":[{\"@type\":\"SearchAction\",\"target\":{\"@type\":\"EntryPoint\",\"urlTemplate\":\"https:\\\/\\\/inzynier.rzeszow.pl\\\/?s={search_term_string}\"},\"query-input\":{\"@type\":\"PropertyValueSpecification\",\"valueRequired\":true,\"valueName\":\"search_term_string\"}}],\"inLanguage\":\"pl-PL\"},{\"@type\":\"Person\",\"@id\":\"https:\\\/\\\/inzynier.rzeszow.pl\\\/#\\\/schema\\\/person\\\/21ca162d893bdc5760a95d704e9b1e39\",\"name\":\"admin\",\"image\":{\"@type\":\"ImageObject\",\"inLanguage\":\"pl-PL\",\"@id\":\"https:\\\/\\\/secure.gravatar.com\\\/avatar\\\/d5d1959f10b94c8abcf928274f8bb5b8c7370b0dfadb0590911bacad18965f21?s=96&d=mm&r=g\",\"url\":\"https:\\\/\\\/secure.gravatar.com\\\/avatar\\\/d5d1959f10b94c8abcf928274f8bb5b8c7370b0dfadb0590911bacad18965f21?s=96&d=mm&r=g\",\"contentUrl\":\"https:\\\/\\\/secure.gravatar.com\\\/avatar\\\/d5d1959f10b94c8abcf928274f8bb5b8c7370b0dfadb0590911bacad18965f21?s=96&d=mm&r=g\",\"caption\":\"admin\"},\"sameAs\":[\"https:\\\/\\\/migracja.inzynier.rzeszow.pl\"],\"url\":\"https:\\\/\\\/inzynier.rzeszow.pl\\\/index.php\\\/author\\\/kwojcik\\\/\"}]}<\/script>\n<!-- \/ Yoast SEO plugin. -->","yoast_head_json":{"title":"Z wizyt\u0105 w Kujawsko-Pomorskiej OIIB - Dni Budowlanych - Podkarpacka Okregowa Izba Inzynierow Budownictwa","robots":{"index":"index","follow":"follow","max-snippet":"max-snippet:-1","max-image-preview":"max-image-preview:large","max-video-preview":"max-video-preview:-1"},"canonical":"https:\/\/inzynier.rzeszow.pl\/index.php\/2025\/09\/22\/z-wizyta-w-kujawsko-pomorskiej-oiib-dni-budowlanych\/","og_locale":"pl_PL","og_type":"article","og_title":"Z wizyt\u0105 w Kujawsko-Pomorskiej OIIB - Dni Budowlanych - Podkarpacka Okregowa Izba Inzynierow Budownictwa","og_description":"W dniach 19-20 wrze\u015bnia 2025 r. mia\u0142a miejsce wizyta w Kujawsko-Pomorskiej Okr\u0119gowej Izbie In\u017cynier\u00f3w Budownictwa. Przewodnicz\u0105cy OR PDK OIIB Grzegorz [&hellip;]","og_url":"https:\/\/inzynier.rzeszow.pl\/index.php\/2025\/09\/22\/z-wizyta-w-kujawsko-pomorskiej-oiib-dni-budowlanych\/","og_site_name":"Podkarpacka Okregowa Izba Inzynierow Budownictwa","article_published_time":"2025-09-22T13:13:09+00:00","article_modified_time":"2026-02-13T13:36:54+00:00","og_image":[{"width":1080,"height":810,"url":"https:\/\/inzynier.rzeszow.pl\/wp-content\/uploads\/0205\/09\/obraz_2026-01-27_115528361.png","type":"image\/png"}],"author":"admin","twitter_card":"summary_large_image","twitter_misc":{"Napisane przez":"admin"},"schema":{"@context":"https:\/\/schema.org","@graph":[{"@type":"Article","@id":"https:\/\/inzynier.rzeszow.pl\/index.php\/2025\/09\/22\/z-wizyta-w-kujawsko-pomorskiej-oiib-dni-budowlanych\/#article","isPartOf":{"@id":"https:\/\/inzynier.rzeszow.pl\/index.php\/2025\/09\/22\/z-wizyta-w-kujawsko-pomorskiej-oiib-dni-budowlanych\/"},"author":{"name":"admin","@id":"https:\/\/inzynier.rzeszow.pl\/#\/schema\/person\/21ca162d893bdc5760a95d704e9b1e39"},"headline":"Z wizyt\u0105 w Kujawsko-Pomorskiej OIIB &#8211; Dni Budowlanych","datePublished":"2025-09-22T13:13:09+00:00","dateModified":"2026-02-13T13:36:54+00:00","mainEntityOfPage":{"@id":"https:\/\/inzynier.rzeszow.pl\/index.php\/2025\/09\/22\/z-wizyta-w-kujawsko-pomorskiej-oiib-dni-budowlanych\/"},"wordCount":84,"image":{"@id":"https:\/\/inzynier.rzeszow.pl\/index.php\/2025\/09\/22\/z-wizyta-w-kujawsko-pomorskiej-oiib-dni-budowlanych\/#primaryimage"},"thumbnailUrl":"https:\/\/inzynier.rzeszow.pl\/wp-content\/uploads\/0205\/09\/obraz_2026-01-27_115528361.png","articleSection":["Wydarzenia","Z \u017cycia izby","Z \u017cycia Izby Rok 2025"],"inLanguage":"pl-PL"},{"@type":"WebPage","@id":"https:\/\/inzynier.rzeszow.pl\/index.php\/2025\/09\/22\/z-wizyta-w-kujawsko-pomorskiej-oiib-dni-budowlanych\/","url":"https:\/\/inzynier.rzeszow.pl\/index.php\/2025\/09\/22\/z-wizyta-w-kujawsko-pomorskiej-oiib-dni-budowlanych\/","name":"Z wizyt\u0105 w Kujawsko-Pomorskiej OIIB - Dni Budowlanych - Podkarpacka Okregowa Izba Inzynierow Budownictwa","isPartOf":{"@id":"https:\/\/inzynier.rzeszow.pl\/#website"},"primaryImageOfPage":{"@id":"https:\/\/inzynier.rzeszow.pl\/index.php\/2025\/09\/22\/z-wizyta-w-kujawsko-pomorskiej-oiib-dni-budowlanych\/#primaryimage"},"image":{"@id":"https:\/\/inzynier.rzeszow.pl\/index.php\/2025\/09\/22\/z-wizyta-w-kujawsko-pomorskiej-oiib-dni-budowlanych\/#primaryimage"},"thumbnailUrl":"https:\/\/inzynier.rzeszow.pl\/wp-content\/uploads\/0205\/09\/obraz_2026-01-27_115528361.png","datePublished":"2025-09-22T13:13:09+00:00","dateModified":"2026-02-13T13:36:54+00:00","author":{"@id":"https:\/\/inzynier.rzeszow.pl\/#\/schema\/person\/21ca162d893bdc5760a95d704e9b1e39"},"breadcrumb":{"@id":"https:\/\/inzynier.rzeszow.pl\/index.php\/2025\/09\/22\/z-wizyta-w-kujawsko-pomorskiej-oiib-dni-budowlanych\/#breadcrumb"},"inLanguage":"pl-PL","potentialAction":[{"@type":"ReadAction","target":["https:\/\/inzynier.rzeszow.pl\/index.php\/2025\/09\/22\/z-wizyta-w-kujawsko-pomorskiej-oiib-dni-budowlanych\/"]}]},{"@type":"ImageObject","inLanguage":"pl-PL","@id":"https:\/\/inzynier.rzeszow.pl\/index.php\/2025\/09\/22\/z-wizyta-w-kujawsko-pomorskiej-oiib-dni-budowlanych\/#primaryimage","url":"https:\/\/inzynier.rzeszow.pl\/wp-content\/uploads\/0205\/09\/obraz_2026-01-27_115528361.png","contentUrl":"https:\/\/inzynier.rzeszow.pl\/wp-content\/uploads\/0205\/09\/obraz_2026-01-27_115528361.png","width":1080,"height":810},{"@type":"BreadcrumbList","@id":"https:\/\/inzynier.rzeszow.pl\/index.php\/2025\/09\/22\/z-wizyta-w-kujawsko-pomorskiej-oiib-dni-budowlanych\/#breadcrumb","itemListElement":[{"@type":"ListItem","position":1,"name":"Strona g\u0142\u00f3wna","item":"https:\/\/inzynier.rzeszow.pl\/"},{"@type":"ListItem","position":2,"name":"Z wizyt\u0105 w Kujawsko-Pomorskiej OIIB &#8211; Dni Budowlanych"}]},{"@type":"WebSite","@id":"https:\/\/inzynier.rzeszow.pl\/#website","url":"https:\/\/inzynier.rzeszow.pl\/","name":"Podkarpacka Okregowa Izba Inzynierow Budownictwa","description":"","potentialAction":[{"@type":"SearchAction","target":{"@type":"EntryPoint","urlTemplate":"https:\/\/inzynier.rzeszow.pl\/?s={search_term_string}"},"query-input":{"@type":"PropertyValueSpecification","valueRequired":true,"valueName":"search_term_string"}}],"inLanguage":"pl-PL"},{"@type":"Person","@id":"https:\/\/inzynier.rzeszow.pl\/#\/schema\/person\/21ca162d893bdc5760a95d704e9b1e39","name":"admin","image":{"@type":"ImageObject","inLanguage":"pl-PL","@id":"https:\/\/secure.gravatar.com\/avatar\/d5d1959f10b94c8abcf928274f8bb5b8c7370b0dfadb0590911bacad18965f21?s=96&d=mm&r=g","url":"https:\/\/secure.gravatar.com\/avatar\/d5d1959f10b94c8abcf928274f8bb5b8c7370b0dfadb0590911bacad18965f21?s=96&d=mm&r=g","contentUrl":"https:\/\/secure.gravatar.com\/avatar\/d5d1959f10b94c8abcf928274f8bb5b8c7370b0dfadb0590911bacad18965f21?s=96&d=mm&r=g","caption":"admin"},"sameAs":["https:\/\/migracja.inzynier.rzeszow.pl"],"url":"https:\/\/inzynier.rzeszow.pl\/index.php\/author\/kwojcik\/"}]}},"rttpg_featured_image_url":{"full":["https:\/\/inzynier.rzeszow.pl\/wp-content\/uploads\/0205\/09\/obraz_2026-01-27_115528361.png",1080,810,false],"landscape":["https:\/\/inzynier.rzeszow.pl\/wp-content\/uploads\/0205\/09\/obraz_2026-01-27_115528361.png",1080,810,false],"portraits":["https:\/\/inzynier.rzeszow.pl\/wp-content\/uploads\/0205\/09\/obraz_2026-01-27_115528361.png",1080,810,false],"thumbnail":["https:\/\/inzynier.rzeszow.pl\/wp-content\/uploads\/0205\/09\/obraz_2026-01-27_115528361-150x150.png",150,150,true],"medium":["https:\/\/inzynier.rzeszow.pl\/wp-content\/uploads\/0205\/09\/obraz_2026-01-27_115528361-300x225.png",300,225,true],"large":["https:\/\/inzynier.rzeszow.pl\/wp-content\/uploads\/0205\/09\/obraz_2026-01-27_115528361-1024x768.png",1024,768,true],"1536x1536":["https:\/\/inzynier.rzeszow.pl\/wp-content\/uploads\/0205\/09\/obraz_2026-01-27_115528361.png",1080,810,false],"2048x2048":["https:\/\/inzynier.rzeszow.pl\/wp-content\/uploads\/0205\/09\/obraz_2026-01-27_115528361.png",1080,810,false]},"rttpg_author":{"display_name":"admin","author_link":"https:\/\/inzynier.rzeszow.pl\/index.php\/author\/kwojcik\/"},"rttpg_comment":0,"rttpg_category":"<a href=\"https:\/\/inzynier.rzeszow.pl\/index.php\/category\/wydarzenia\/\" rel=\"category tag\">Wydarzenia<\/a> <a href=\"https:\/\/inzynier.rzeszow.pl\/index.php\/category\/z-zycia-izby\/\" rel=\"category tag\">Z \u017cycia izby<\/a> <a href=\"https:\/\/inzynier.rzeszow.pl\/index.php\/category\/z-zycia-izby\/z-zycia-izby-rok-2025\/\" rel=\"category tag\">Z \u017cycia Izby Rok 2025<\/a>","rttpg_excerpt":"W dniach 19-20 wrze\u015bnia 2025 r. mia\u0142a miejsce wizyta w Kujawsko-Pomorskiej Okr\u0119gowej Izbie In\u017cynier\u00f3w Budownictwa. Przewodnicz\u0105cy OR PDK OIIB Grzegorz [&hellip;]","_links":{"self":[{"href":"https:\/\/inzynier.rzeszow.pl\/index.php\/wp-json\/wp\/v2\/posts\/3089","targetHints":{"allow":["GET"]}}],"collection":[{"href":"https:\/\/inzynier.rzeszow.pl\/index.php\/wp-json\/wp\/v2\/posts"}],"about":[{"href":"https:\/\/inzynier.rzeszow.pl\/index.php\/wp-json\/wp\/v2\/types\/post"}],"author":[{"embeddable":true,"href":"https:\/\/inzynier.rzeszow.pl\/index.php\/wp-json\/wp\/v2\/users\/1"}],"replies":[{"embeddable":true,"href":"https:\/\/inzynier.rzeszow.pl\/index.php\/wp-json\/wp\/v2\/comments?post=3089"}],"version-history":[{"count":4,"href":"https:\/\/inzynier.rzeszow.pl\/index.php\/wp-json\/wp\/v2\/posts\/3089\/revisions"}],"predecessor-version":[{"id":3124,"href":"https:\/\/inzynier.rzeszow.pl\/index.php\/wp-json\/wp\/v2\/posts\/3089\/revisions\/3124"}],"wp:featuredmedia":[{"embeddable":true,"href":"https:\/\/inzynier.rzeszow.pl\/index.php\/wp-json\/wp\/v2\/media\/3121"}],"wp:attachment":[{"href":"https:\/\/inzynier.rzeszow.pl\/index.php\/wp-json\/wp\/v2\/media?parent=3089"}],"wp:term":[{"taxonomy":"category","embeddable":true,"href":"https:\/\/inzynier.rzeszow.pl\/index.php\/wp-json\/wp\/v2\/categories?post=3089"},{"taxonomy":"post_tag","embeddable":true,"href":"https:\/\/inzynier.rzeszow.pl\/index.php\/wp-json\/wp\/v2\/tags?post=3089"}],"curies":[{"name":"wp","href":"https:\/\/api.w.org\/{rel}","templated":true}]}}