{"id":3054,"date":"2025-10-15T13:04:51","date_gmt":"2025-10-15T13:04:51","guid":{"rendered":"https:\/\/migracja.inzynier.rzeszow.pl\/?p=3054"},"modified":"2026-02-13T13:36:28","modified_gmt":"2026-02-13T13:36:28","slug":"inauguracja-roku-akademickiego-w-panstwowej-akademii-nauk-stosowanych-w-krosnie","status":"publish","type":"post","link":"https:\/\/inzynier.rzeszow.pl\/index.php\/2025\/10\/15\/inauguracja-roku-akademickiego-w-panstwowej-akademii-nauk-stosowanych-w-krosnie\/","title":{"rendered":"Inauguracja Roku Akademickiego w Pa\u0144stwowej Akademii Nauk Stosowanych w Kro\u015bnie"},"content":{"rendered":"\t\t<div data-elementor-type=\"wp-post\" data-elementor-id=\"3054\" class=\"elementor elementor-3054\" data-elementor-post-type=\"post\">\n\t\t\t\t<div class=\"elementor-element elementor-element-4f70bb6 e-flex e-con-boxed e-con e-parent\" data-id=\"4f70bb6\" data-element_type=\"container\" data-e-type=\"container\">\n\t\t\t\t\t<div class=\"e-con-inner\">\n\t\t<div class=\"elementor-element elementor-element-44b5713 e-con-full e-flex e-con e-child\" data-id=\"44b5713\" data-element_type=\"container\" data-e-type=\"container\">\n\t\t\t\t<div class=\"elementor-element elementor-element-f3497ff elementor-widget elementor-widget-image\" data-id=\"f3497ff\" data-element_type=\"widget\" data-e-type=\"widget\" data-widget_type=\"image.default\">\n\t\t\t\t\t\t\t\t\t\t\t\t\t\t\t<img fetchpriority=\"high\" decoding=\"async\" width=\"1024\" height=\"769\" src=\"https:\/\/inzynier.rzeszow.pl\/wp-content\/uploads\/2025\/10\/obraz_2026-01-27_111532305-1024x769.png\" class=\"attachment-large size-large wp-image-3072\" alt=\"\" srcset=\"https:\/\/inzynier.rzeszow.pl\/wp-content\/uploads\/2025\/10\/obraz_2026-01-27_111532305-1024x769.png 1024w, https:\/\/inzynier.rzeszow.pl\/wp-content\/uploads\/2025\/10\/obraz_2026-01-27_111532305-300x225.png 300w, https:\/\/inzynier.rzeszow.pl\/wp-content\/uploads\/2025\/10\/obraz_2026-01-27_111532305-768x577.png 768w, https:\/\/inzynier.rzeszow.pl\/wp-content\/uploads\/2025\/10\/obraz_2026-01-27_111532305.png 1352w\" sizes=\"(max-width: 1024px) 100vw, 1024px\" \/>\t\t\t\t\t\t\t\t\t\t\t\t\t\t\t<\/div>\n\t\t\t\t<\/div>\n\t\t<div class=\"elementor-element elementor-element-5c2e3bd e-con-full e-flex e-con e-child\" data-id=\"5c2e3bd\" data-element_type=\"container\" data-e-type=\"container\">\n\t\t\t\t<div class=\"elementor-element elementor-element-d681aaf elementor-widget elementor-widget-text-editor\" data-id=\"d681aaf\" data-element_type=\"widget\" data-e-type=\"widget\" data-widget_type=\"text-editor.default\">\n\t\t\t\t\t\t\t\t\t<div dir=\"auto\"><p>14 pa\u017adziernika 2025 roku Pa\u0144stwowa Akademia Nauk Stosowanych w Kro\u015bnie zainaugurowa\u0142a sw\u00f3j 27. rok akademicki. W uroczysto\u015bci, kt\u00f3ra zgromadzi\u0142a przedstawicieli w\u0142adz i \u015brodowiska naukowego, wzi\u0119\u0142a udzia\u0142 przedstawicielka Okr\u0119gowej Rady PDK OIIB Anna D\u0105browska-Lasko\u015b. Uczelnia, kontynuuj\u0105c tradycj\u0119 zapocz\u0105tkowan\u0105 jako Pa\u0144stwowa Wy\u017csza Szko\u0142a Zawodowa (do 2020 r.), a nast\u0119pnie Karpacka Pa\u0144stwowa Uczelnia (do 2022 r.), po raz kolejny rozpocz\u0119\u0142a nowy rozdzia\u0142 swojej dzia\u0142alno\u015bci dydaktycznej.<\/p><p>Na uroczysto\u015b\u0107 przyby\u0142o wielu go\u015bci, a w\u015br\u00f3d nich: przewodnicz\u0105cy Sejmiku Wojew\u00f3dztwa Podkarpackiego Jerzy Borcz, Radny Sejmiku Wojew\u00f3dztwa Podkarpackiego Bronis\u0142aw Baran, Prezydent Miasta Krosna Piotr\u00a0 Przytocki, przewodnicz\u0105cy Rady Miasta Krosna Zbigniew Kubit, starostowie, burmistrzowie, w\u00f3jtowie miejscowo\u015bci o\u015bciennych, przedstawiciele niekt\u00f3rych polskich uczelni wy\u017cszych, przedstawiciele s\u0142u\u017cb mundurowych i instytucji wsp\u00f3\u0142pracuj\u0105cych z uczelni\u0105, dyrektorzy szk\u00f3\u0142 \u015brednich.<\/p><p>Na wst\u0119pie\u00a0 wybrzmia\u0142\u00a0 hymn \u201eGaude Mater Polonia&#8221;, a inauguracj\u0119 rozpocz\u0105\u0142 rektor prof. dr hab. Zbigniew Barabasz.<\/p><\/div>\t\t\t\t\t\t\t\t<\/div>\n\t\t\t\t<\/div>\n\t\t\t\t\t<\/div>\n\t\t\t\t<\/div>\n\t\t<div class=\"elementor-element elementor-element-d5c9ad8 e-flex e-con-boxed e-con e-parent\" data-id=\"d5c9ad8\" data-element_type=\"container\" data-e-type=\"container\">\n\t\t\t\t\t<div class=\"e-con-inner\">\n\t\t<div class=\"elementor-element elementor-element-3553bf0 e-con-full e-flex e-con e-child\" data-id=\"3553bf0\" data-element_type=\"container\" data-e-type=\"container\">\n\t\t\t\t<div class=\"elementor-element elementor-element-54b1bf6 elementor-widget elementor-widget-image\" data-id=\"54b1bf6\" data-element_type=\"widget\" data-e-type=\"widget\" data-widget_type=\"image.default\">\n\t\t\t\t\t\t\t\t\t\t\t\t\t\t\t<img decoding=\"async\" width=\"1024\" height=\"768\" src=\"https:\/\/inzynier.rzeszow.pl\/wp-content\/uploads\/2025\/10\/obraz_2026-01-27_111652093-1024x768.png\" class=\"attachment-large size-large wp-image-3073\" alt=\"\" srcset=\"https:\/\/inzynier.rzeszow.pl\/wp-content\/uploads\/2025\/10\/obraz_2026-01-27_111652093-1024x768.png 1024w, https:\/\/inzynier.rzeszow.pl\/wp-content\/uploads\/2025\/10\/obraz_2026-01-27_111652093-300x225.png 300w, https:\/\/inzynier.rzeszow.pl\/wp-content\/uploads\/2025\/10\/obraz_2026-01-27_111652093-768x576.png 768w, https:\/\/inzynier.rzeszow.pl\/wp-content\/uploads\/2025\/10\/obraz_2026-01-27_111652093.png 1505w\" sizes=\"(max-width: 1024px) 100vw, 1024px\" \/>\t\t\t\t\t\t\t\t\t\t\t\t\t\t\t<\/div>\n\t\t\t\t<\/div>\n\t\t<div class=\"elementor-element elementor-element-33de24a e-con-full e-flex e-con e-child\" data-id=\"33de24a\" data-element_type=\"container\" data-e-type=\"container\">\n\t\t\t\t<div class=\"elementor-element elementor-element-304f38a elementor-widget elementor-widget-text-editor\" data-id=\"304f38a\" data-element_type=\"widget\" data-e-type=\"widget\" data-widget_type=\"text-editor.default\">\n\t\t\t\t\t\t\t\t\t<div dir=\"auto\"><p>W swojej przemowie powita\u0142 przyby\u0142ych go\u015bci, pracownik\u00f3w i student\u00f3w uczelni. Podkre\u015bli\u0142, \u017ce inauguracja roku akademickiego jest wielkim \u015bwi\u0119tem uczelni oraz przypomnia\u0142 najwa\u017cniejsze wydarzenia i osi\u0105gni\u0119cia minionego roku. Zgromadzeni uczestnicy wys\u0142uchali r\u00f3wnie\u017c wyst\u0105pie\u0144 Przewodnicz\u0105cego Rady Uczelni Janusza Fica i przewodnicz\u0105cego Sejmiku Wojew\u00f3dztwa Podkarpackiego Jerzego Borcza oraz Prezydenta Miasta Krosna Piotra\u00a0 Przytockiego.\u00a0\u00a0<br \/>Niew\u0105tpliwe wa\u017cn\u0105 cz\u0119\u015bci\u0105 uroczysto\u015bci by\u0142o \u015blubowanie reprezentant\u00f3w student\u00f3w pierwszego roku. Po immatrykulacji student\u00f3w wys\u0142uchano pie\u015bni \u201eGaudeamus Igitur&#8221;.<\/p><p>Podczas uroczysto\u015bci wr\u0119czono r\u00f3wnie\u017c nagrody i odznaczenia. Ostatnim elementem uroczysto\u015bci by\u0142 interesuj\u0105cy wyk\u0142ad inauguracyjny \u201eDzieci\u0144stwo w czasach smartfon\u00f3w a zachowania zdrowotne&#8221;, kt\u00f3ry wyg\u0142osi\u0142a dr hab. Danuta Zarzycka, profesor PANS.<\/p><p>JM Rektor og\u0142osi\u0142 rok akademicki 2025\/2026 na Pa\u0144stwowej Akademii Nauk Stosowanych w Kro\u015bnie za rozpocz\u0119ty, uderzaj\u0105c zgodnie ze zwyczajem trzy razy ber\u0142em. Na zako\u0144czenie uroczysto\u015bci od\u015bpiewano hymn pa\u0144stwowy.\u00a0<br \/><a href=\"https:\/\/www.facebook.com\/PodkarpackaOIIB\/posts\/pfbid0UATY6GbWZv9PStbCKsQHALLPrwUZmq8qrZpuM84X8kLZ6tyujKjTKxBBB7T7HdDNl\" target=\"_blank\" rel=\"noopener\"><br \/><strong>Galeria fotograficzna z Inauguracji Roku Akademickiego w Pa\u0144stwowej Akademii Nauk Stosowanych w Kro\u015bnie &#8211; 14.10.2025 r. <\/strong><\/a><\/p><p>Opracowa\u0142a, fot.:\u00a0<br \/>Anna D\u0105browska-Lasko\u015b<\/p><\/div>\t\t\t\t\t\t\t\t<\/div>\n\t\t\t\t<\/div>\n\t\t\t\t\t<\/div>\n\t\t\t\t<\/div>\n\t\t\t\t<\/div>\n\t\t","protected":false},"excerpt":{"rendered":"<p>14 pa\u017adziernika 2025 roku Pa\u0144stwowa Akademia Nauk Stosowanych w Kro\u015bnie zainaugurowa\u0142a sw\u00f3j 27. rok akademicki. W uroczysto\u015bci, kt\u00f3ra zgromadzi\u0142a przedstawicieli [&hellip;]<\/p>\n","protected":false},"author":1,"featured_media":3072,"comment_status":"closed","ping_status":"closed","sticky":false,"template":"","format":"standard","meta":{"site-sidebar-layout":"default","site-content-layout":"","ast-site-content-layout":"default","site-content-style":"default","site-sidebar-style":"default","ast-global-header-display":"","ast-banner-title-visibility":"","ast-main-header-display":"","ast-hfb-above-header-display":"","ast-hfb-below-header-display":"","ast-hfb-mobile-header-display":"","site-post-title":"","ast-breadcrumbs-content":"","ast-featured-img":"","footer-sml-layout":"","ast-disable-related-posts":"","theme-transparent-header-meta":"","adv-header-id-meta":"","stick-header-meta":"","header-above-stick-meta":"","header-main-stick-meta":"","header-below-stick-meta":"","astra-migrate-meta-layouts":"default","ast-page-background-enabled":"default","ast-page-background-meta":{"desktop":{"background-color":"var(--ast-global-color-5)","background-image":"","background-repeat":"repeat","background-position":"center center","background-size":"auto","background-attachment":"scroll","background-type":"","background-media":"","overlay-type":"","overlay-color":"","overlay-opacity":"","overlay-gradient":""},"tablet":{"background-color":"","background-image":"","background-repeat":"repeat","background-position":"center center","background-size":"auto","background-attachment":"scroll","background-type":"","background-media":"","overlay-type":"","overlay-color":"","overlay-opacity":"","overlay-gradient":""},"mobile":{"background-color":"","background-image":"","background-repeat":"repeat","background-position":"center center","background-size":"auto","background-attachment":"scroll","background-type":"","background-media":"","overlay-type":"","overlay-color":"","overlay-opacity":"","overlay-gradient":""}},"ast-content-background-meta":{"desktop":{"background-color":"var(--ast-global-color-4)","background-image":"","background-repeat":"repeat","background-position":"center center","background-size":"auto","background-attachment":"scroll","background-type":"","background-media":"","overlay-type":"","overlay-color":"","overlay-opacity":"","overlay-gradient":""},"tablet":{"background-color":"var(--ast-global-color-4)","background-image":"","background-repeat":"repeat","background-position":"center center","background-size":"auto","background-attachment":"scroll","background-type":"","background-media":"","overlay-type":"","overlay-color":"","overlay-opacity":"","overlay-gradient":""},"mobile":{"background-color":"var(--ast-global-color-4)","background-image":"","background-repeat":"repeat","background-position":"center center","background-size":"auto","background-attachment":"scroll","background-type":"","background-media":"","overlay-type":"","overlay-color":"","overlay-opacity":"","overlay-gradient":""}},"footnotes":""},"categories":[7,16,55],"tags":[],"class_list":["post-3054","post","type-post","status-publish","format-standard","has-post-thumbnail","hentry","category-wydarzenia","category-z-zycia-izby","category-z-zycia-izby-rok-2025"],"yoast_head":"<!-- This site is optimized with the Yoast SEO plugin v27.5 - https:\/\/yoast.com\/product\/yoast-seo-wordpress\/ -->\n<title>Inauguracja Roku Akademickiego w Pa\u0144stwowej Akademii Nauk Stosowanych w Kro\u015bnie - Podkarpacka Okregowa Izba Inzynierow Budownictwa<\/title>\n<meta name=\"robots\" content=\"index, follow, max-snippet:-1, max-image-preview:large, max-video-preview:-1\" \/>\n<link rel=\"canonical\" href=\"https:\/\/inzynier.rzeszow.pl\/index.php\/2025\/10\/15\/inauguracja-roku-akademickiego-w-panstwowej-akademii-nauk-stosowanych-w-krosnie\/\" \/>\n<meta property=\"og:locale\" content=\"pl_PL\" \/>\n<meta property=\"og:type\" content=\"article\" \/>\n<meta property=\"og:title\" content=\"Inauguracja Roku Akademickiego w Pa\u0144stwowej Akademii Nauk Stosowanych w Kro\u015bnie - Podkarpacka Okregowa Izba Inzynierow Budownictwa\" \/>\n<meta property=\"og:description\" content=\"14 pa\u017adziernika 2025 roku Pa\u0144stwowa Akademia Nauk Stosowanych w Kro\u015bnie zainaugurowa\u0142a sw\u00f3j 27. rok akademicki. W uroczysto\u015bci, kt\u00f3ra zgromadzi\u0142a przedstawicieli [&hellip;]\" \/>\n<meta property=\"og:url\" content=\"https:\/\/inzynier.rzeszow.pl\/index.php\/2025\/10\/15\/inauguracja-roku-akademickiego-w-panstwowej-akademii-nauk-stosowanych-w-krosnie\/\" \/>\n<meta property=\"og:site_name\" content=\"Podkarpacka Okregowa Izba Inzynierow Budownictwa\" \/>\n<meta property=\"article:published_time\" content=\"2025-10-15T13:04:51+00:00\" \/>\n<meta property=\"article:modified_time\" content=\"2026-02-13T13:36:28+00:00\" \/>\n<meta property=\"og:image\" content=\"https:\/\/inzynier.rzeszow.pl\/wp-content\/uploads\/2025\/10\/obraz_2026-01-27_111532305.png\" \/>\n\t<meta property=\"og:image:width\" content=\"1352\" \/>\n\t<meta property=\"og:image:height\" content=\"1015\" \/>\n\t<meta property=\"og:image:type\" content=\"image\/png\" \/>\n<meta name=\"author\" content=\"admin\" \/>\n<meta name=\"twitter:card\" content=\"summary_large_image\" \/>\n<meta name=\"twitter:label1\" content=\"Napisane przez\" \/>\n\t<meta name=\"twitter:data1\" content=\"admin\" \/>\n\t<meta name=\"twitter:label2\" content=\"Szacowany czas czytania\" \/>\n\t<meta name=\"twitter:data2\" content=\"2 minuty\" \/>\n<script type=\"application\/ld+json\" class=\"yoast-schema-graph\">{\"@context\":\"https:\\\/\\\/schema.org\",\"@graph\":[{\"@type\":\"Article\",\"@id\":\"https:\\\/\\\/inzynier.rzeszow.pl\\\/index.php\\\/2025\\\/10\\\/15\\\/inauguracja-roku-akademickiego-w-panstwowej-akademii-nauk-stosowanych-w-krosnie\\\/#article\",\"isPartOf\":{\"@id\":\"https:\\\/\\\/inzynier.rzeszow.pl\\\/index.php\\\/2025\\\/10\\\/15\\\/inauguracja-roku-akademickiego-w-panstwowej-akademii-nauk-stosowanych-w-krosnie\\\/\"},\"author\":{\"name\":\"admin\",\"@id\":\"https:\\\/\\\/inzynier.rzeszow.pl\\\/#\\\/schema\\\/person\\\/21ca162d893bdc5760a95d704e9b1e39\"},\"headline\":\"Inauguracja Roku Akademickiego w Pa\u0144stwowej Akademii Nauk Stosowanych w Kro\u015bnie\",\"datePublished\":\"2025-10-15T13:04:51+00:00\",\"dateModified\":\"2026-02-13T13:36:28+00:00\",\"mainEntityOfPage\":{\"@id\":\"https:\\\/\\\/inzynier.rzeszow.pl\\\/index.php\\\/2025\\\/10\\\/15\\\/inauguracja-roku-akademickiego-w-panstwowej-akademii-nauk-stosowanych-w-krosnie\\\/\"},\"wordCount\":370,\"image\":{\"@id\":\"https:\\\/\\\/inzynier.rzeszow.pl\\\/index.php\\\/2025\\\/10\\\/15\\\/inauguracja-roku-akademickiego-w-panstwowej-akademii-nauk-stosowanych-w-krosnie\\\/#primaryimage\"},\"thumbnailUrl\":\"https:\\\/\\\/inzynier.rzeszow.pl\\\/wp-content\\\/uploads\\\/2025\\\/10\\\/obraz_2026-01-27_111532305.png\",\"articleSection\":[\"Wydarzenia\",\"Z \u017cycia izby\",\"Z \u017cycia Izby Rok 2025\"],\"inLanguage\":\"pl-PL\"},{\"@type\":\"WebPage\",\"@id\":\"https:\\\/\\\/inzynier.rzeszow.pl\\\/index.php\\\/2025\\\/10\\\/15\\\/inauguracja-roku-akademickiego-w-panstwowej-akademii-nauk-stosowanych-w-krosnie\\\/\",\"url\":\"https:\\\/\\\/inzynier.rzeszow.pl\\\/index.php\\\/2025\\\/10\\\/15\\\/inauguracja-roku-akademickiego-w-panstwowej-akademii-nauk-stosowanych-w-krosnie\\\/\",\"name\":\"Inauguracja Roku Akademickiego w Pa\u0144stwowej Akademii Nauk Stosowanych w Kro\u015bnie - Podkarpacka Okregowa Izba Inzynierow Budownictwa\",\"isPartOf\":{\"@id\":\"https:\\\/\\\/inzynier.rzeszow.pl\\\/#website\"},\"primaryImageOfPage\":{\"@id\":\"https:\\\/\\\/inzynier.rzeszow.pl\\\/index.php\\\/2025\\\/10\\\/15\\\/inauguracja-roku-akademickiego-w-panstwowej-akademii-nauk-stosowanych-w-krosnie\\\/#primaryimage\"},\"image\":{\"@id\":\"https:\\\/\\\/inzynier.rzeszow.pl\\\/index.php\\\/2025\\\/10\\\/15\\\/inauguracja-roku-akademickiego-w-panstwowej-akademii-nauk-stosowanych-w-krosnie\\\/#primaryimage\"},\"thumbnailUrl\":\"https:\\\/\\\/inzynier.rzeszow.pl\\\/wp-content\\\/uploads\\\/2025\\\/10\\\/obraz_2026-01-27_111532305.png\",\"datePublished\":\"2025-10-15T13:04:51+00:00\",\"dateModified\":\"2026-02-13T13:36:28+00:00\",\"author\":{\"@id\":\"https:\\\/\\\/inzynier.rzeszow.pl\\\/#\\\/schema\\\/person\\\/21ca162d893bdc5760a95d704e9b1e39\"},\"breadcrumb\":{\"@id\":\"https:\\\/\\\/inzynier.rzeszow.pl\\\/index.php\\\/2025\\\/10\\\/15\\\/inauguracja-roku-akademickiego-w-panstwowej-akademii-nauk-stosowanych-w-krosnie\\\/#breadcrumb\"},\"inLanguage\":\"pl-PL\",\"potentialAction\":[{\"@type\":\"ReadAction\",\"target\":[\"https:\\\/\\\/inzynier.rzeszow.pl\\\/index.php\\\/2025\\\/10\\\/15\\\/inauguracja-roku-akademickiego-w-panstwowej-akademii-nauk-stosowanych-w-krosnie\\\/\"]}]},{\"@type\":\"ImageObject\",\"inLanguage\":\"pl-PL\",\"@id\":\"https:\\\/\\\/inzynier.rzeszow.pl\\\/index.php\\\/2025\\\/10\\\/15\\\/inauguracja-roku-akademickiego-w-panstwowej-akademii-nauk-stosowanych-w-krosnie\\\/#primaryimage\",\"url\":\"https:\\\/\\\/inzynier.rzeszow.pl\\\/wp-content\\\/uploads\\\/2025\\\/10\\\/obraz_2026-01-27_111532305.png\",\"contentUrl\":\"https:\\\/\\\/inzynier.rzeszow.pl\\\/wp-content\\\/uploads\\\/2025\\\/10\\\/obraz_2026-01-27_111532305.png\",\"width\":1352,\"height\":1015},{\"@type\":\"BreadcrumbList\",\"@id\":\"https:\\\/\\\/inzynier.rzeszow.pl\\\/index.php\\\/2025\\\/10\\\/15\\\/inauguracja-roku-akademickiego-w-panstwowej-akademii-nauk-stosowanych-w-krosnie\\\/#breadcrumb\",\"itemListElement\":[{\"@type\":\"ListItem\",\"position\":1,\"name\":\"Strona g\u0142\u00f3wna\",\"item\":\"https:\\\/\\\/inzynier.rzeszow.pl\\\/\"},{\"@type\":\"ListItem\",\"position\":2,\"name\":\"Inauguracja Roku Akademickiego w Pa\u0144stwowej Akademii Nauk Stosowanych w Kro\u015bnie\"}]},{\"@type\":\"WebSite\",\"@id\":\"https:\\\/\\\/inzynier.rzeszow.pl\\\/#website\",\"url\":\"https:\\\/\\\/inzynier.rzeszow.pl\\\/\",\"name\":\"Podkarpacka Okregowa Izba Inzynierow Budownictwa\",\"description\":\"\",\"potentialAction\":[{\"@type\":\"SearchAction\",\"target\":{\"@type\":\"EntryPoint\",\"urlTemplate\":\"https:\\\/\\\/inzynier.rzeszow.pl\\\/?s={search_term_string}\"},\"query-input\":{\"@type\":\"PropertyValueSpecification\",\"valueRequired\":true,\"valueName\":\"search_term_string\"}}],\"inLanguage\":\"pl-PL\"},{\"@type\":\"Person\",\"@id\":\"https:\\\/\\\/inzynier.rzeszow.pl\\\/#\\\/schema\\\/person\\\/21ca162d893bdc5760a95d704e9b1e39\",\"name\":\"admin\",\"image\":{\"@type\":\"ImageObject\",\"inLanguage\":\"pl-PL\",\"@id\":\"https:\\\/\\\/secure.gravatar.com\\\/avatar\\\/d5d1959f10b94c8abcf928274f8bb5b8c7370b0dfadb0590911bacad18965f21?s=96&d=mm&r=g\",\"url\":\"https:\\\/\\\/secure.gravatar.com\\\/avatar\\\/d5d1959f10b94c8abcf928274f8bb5b8c7370b0dfadb0590911bacad18965f21?s=96&d=mm&r=g\",\"contentUrl\":\"https:\\\/\\\/secure.gravatar.com\\\/avatar\\\/d5d1959f10b94c8abcf928274f8bb5b8c7370b0dfadb0590911bacad18965f21?s=96&d=mm&r=g\",\"caption\":\"admin\"},\"sameAs\":[\"https:\\\/\\\/migracja.inzynier.rzeszow.pl\"],\"url\":\"https:\\\/\\\/inzynier.rzeszow.pl\\\/index.php\\\/author\\\/kwojcik\\\/\"}]}<\/script>\n<!-- \/ Yoast SEO plugin. -->","yoast_head_json":{"title":"Inauguracja Roku Akademickiego w Pa\u0144stwowej Akademii Nauk Stosowanych w Kro\u015bnie - Podkarpacka Okregowa Izba Inzynierow Budownictwa","robots":{"index":"index","follow":"follow","max-snippet":"max-snippet:-1","max-image-preview":"max-image-preview:large","max-video-preview":"max-video-preview:-1"},"canonical":"https:\/\/inzynier.rzeszow.pl\/index.php\/2025\/10\/15\/inauguracja-roku-akademickiego-w-panstwowej-akademii-nauk-stosowanych-w-krosnie\/","og_locale":"pl_PL","og_type":"article","og_title":"Inauguracja Roku Akademickiego w Pa\u0144stwowej Akademii Nauk Stosowanych w Kro\u015bnie - Podkarpacka Okregowa Izba Inzynierow Budownictwa","og_description":"14 pa\u017adziernika 2025 roku Pa\u0144stwowa Akademia Nauk Stosowanych w Kro\u015bnie zainaugurowa\u0142a sw\u00f3j 27. rok akademicki. W uroczysto\u015bci, kt\u00f3ra zgromadzi\u0142a przedstawicieli [&hellip;]","og_url":"https:\/\/inzynier.rzeszow.pl\/index.php\/2025\/10\/15\/inauguracja-roku-akademickiego-w-panstwowej-akademii-nauk-stosowanych-w-krosnie\/","og_site_name":"Podkarpacka Okregowa Izba Inzynierow Budownictwa","article_published_time":"2025-10-15T13:04:51+00:00","article_modified_time":"2026-02-13T13:36:28+00:00","og_image":[{"width":1352,"height":1015,"url":"https:\/\/inzynier.rzeszow.pl\/wp-content\/uploads\/2025\/10\/obraz_2026-01-27_111532305.png","type":"image\/png"}],"author":"admin","twitter_card":"summary_large_image","twitter_misc":{"Napisane przez":"admin","Szacowany czas czytania":"2 minuty"},"schema":{"@context":"https:\/\/schema.org","@graph":[{"@type":"Article","@id":"https:\/\/inzynier.rzeszow.pl\/index.php\/2025\/10\/15\/inauguracja-roku-akademickiego-w-panstwowej-akademii-nauk-stosowanych-w-krosnie\/#article","isPartOf":{"@id":"https:\/\/inzynier.rzeszow.pl\/index.php\/2025\/10\/15\/inauguracja-roku-akademickiego-w-panstwowej-akademii-nauk-stosowanych-w-krosnie\/"},"author":{"name":"admin","@id":"https:\/\/inzynier.rzeszow.pl\/#\/schema\/person\/21ca162d893bdc5760a95d704e9b1e39"},"headline":"Inauguracja Roku Akademickiego w Pa\u0144stwowej Akademii Nauk Stosowanych w Kro\u015bnie","datePublished":"2025-10-15T13:04:51+00:00","dateModified":"2026-02-13T13:36:28+00:00","mainEntityOfPage":{"@id":"https:\/\/inzynier.rzeszow.pl\/index.php\/2025\/10\/15\/inauguracja-roku-akademickiego-w-panstwowej-akademii-nauk-stosowanych-w-krosnie\/"},"wordCount":370,"image":{"@id":"https:\/\/inzynier.rzeszow.pl\/index.php\/2025\/10\/15\/inauguracja-roku-akademickiego-w-panstwowej-akademii-nauk-stosowanych-w-krosnie\/#primaryimage"},"thumbnailUrl":"https:\/\/inzynier.rzeszow.pl\/wp-content\/uploads\/2025\/10\/obraz_2026-01-27_111532305.png","articleSection":["Wydarzenia","Z \u017cycia izby","Z \u017cycia Izby Rok 2025"],"inLanguage":"pl-PL"},{"@type":"WebPage","@id":"https:\/\/inzynier.rzeszow.pl\/index.php\/2025\/10\/15\/inauguracja-roku-akademickiego-w-panstwowej-akademii-nauk-stosowanych-w-krosnie\/","url":"https:\/\/inzynier.rzeszow.pl\/index.php\/2025\/10\/15\/inauguracja-roku-akademickiego-w-panstwowej-akademii-nauk-stosowanych-w-krosnie\/","name":"Inauguracja Roku Akademickiego w Pa\u0144stwowej Akademii Nauk Stosowanych w Kro\u015bnie - Podkarpacka Okregowa Izba Inzynierow Budownictwa","isPartOf":{"@id":"https:\/\/inzynier.rzeszow.pl\/#website"},"primaryImageOfPage":{"@id":"https:\/\/inzynier.rzeszow.pl\/index.php\/2025\/10\/15\/inauguracja-roku-akademickiego-w-panstwowej-akademii-nauk-stosowanych-w-krosnie\/#primaryimage"},"image":{"@id":"https:\/\/inzynier.rzeszow.pl\/index.php\/2025\/10\/15\/inauguracja-roku-akademickiego-w-panstwowej-akademii-nauk-stosowanych-w-krosnie\/#primaryimage"},"thumbnailUrl":"https:\/\/inzynier.rzeszow.pl\/wp-content\/uploads\/2025\/10\/obraz_2026-01-27_111532305.png","datePublished":"2025-10-15T13:04:51+00:00","dateModified":"2026-02-13T13:36:28+00:00","author":{"@id":"https:\/\/inzynier.rzeszow.pl\/#\/schema\/person\/21ca162d893bdc5760a95d704e9b1e39"},"breadcrumb":{"@id":"https:\/\/inzynier.rzeszow.pl\/index.php\/2025\/10\/15\/inauguracja-roku-akademickiego-w-panstwowej-akademii-nauk-stosowanych-w-krosnie\/#breadcrumb"},"inLanguage":"pl-PL","potentialAction":[{"@type":"ReadAction","target":["https:\/\/inzynier.rzeszow.pl\/index.php\/2025\/10\/15\/inauguracja-roku-akademickiego-w-panstwowej-akademii-nauk-stosowanych-w-krosnie\/"]}]},{"@type":"ImageObject","inLanguage":"pl-PL","@id":"https:\/\/inzynier.rzeszow.pl\/index.php\/2025\/10\/15\/inauguracja-roku-akademickiego-w-panstwowej-akademii-nauk-stosowanych-w-krosnie\/#primaryimage","url":"https:\/\/inzynier.rzeszow.pl\/wp-content\/uploads\/2025\/10\/obraz_2026-01-27_111532305.png","contentUrl":"https:\/\/inzynier.rzeszow.pl\/wp-content\/uploads\/2025\/10\/obraz_2026-01-27_111532305.png","width":1352,"height":1015},{"@type":"BreadcrumbList","@id":"https:\/\/inzynier.rzeszow.pl\/index.php\/2025\/10\/15\/inauguracja-roku-akademickiego-w-panstwowej-akademii-nauk-stosowanych-w-krosnie\/#breadcrumb","itemListElement":[{"@type":"ListItem","position":1,"name":"Strona g\u0142\u00f3wna","item":"https:\/\/inzynier.rzeszow.pl\/"},{"@type":"ListItem","position":2,"name":"Inauguracja Roku Akademickiego w Pa\u0144stwowej Akademii Nauk Stosowanych w Kro\u015bnie"}]},{"@type":"WebSite","@id":"https:\/\/inzynier.rzeszow.pl\/#website","url":"https:\/\/inzynier.rzeszow.pl\/","name":"Podkarpacka Okregowa Izba Inzynierow Budownictwa","description":"","potentialAction":[{"@type":"SearchAction","target":{"@type":"EntryPoint","urlTemplate":"https:\/\/inzynier.rzeszow.pl\/?s={search_term_string}"},"query-input":{"@type":"PropertyValueSpecification","valueRequired":true,"valueName":"search_term_string"}}],"inLanguage":"pl-PL"},{"@type":"Person","@id":"https:\/\/inzynier.rzeszow.pl\/#\/schema\/person\/21ca162d893bdc5760a95d704e9b1e39","name":"admin","image":{"@type":"ImageObject","inLanguage":"pl-PL","@id":"https:\/\/secure.gravatar.com\/avatar\/d5d1959f10b94c8abcf928274f8bb5b8c7370b0dfadb0590911bacad18965f21?s=96&d=mm&r=g","url":"https:\/\/secure.gravatar.com\/avatar\/d5d1959f10b94c8abcf928274f8bb5b8c7370b0dfadb0590911bacad18965f21?s=96&d=mm&r=g","contentUrl":"https:\/\/secure.gravatar.com\/avatar\/d5d1959f10b94c8abcf928274f8bb5b8c7370b0dfadb0590911bacad18965f21?s=96&d=mm&r=g","caption":"admin"},"sameAs":["https:\/\/migracja.inzynier.rzeszow.pl"],"url":"https:\/\/inzynier.rzeszow.pl\/index.php\/author\/kwojcik\/"}]}},"rttpg_featured_image_url":{"full":["https:\/\/inzynier.rzeszow.pl\/wp-content\/uploads\/2025\/10\/obraz_2026-01-27_111532305.png",1352,1015,false],"landscape":["https:\/\/inzynier.rzeszow.pl\/wp-content\/uploads\/2025\/10\/obraz_2026-01-27_111532305.png",1352,1015,false],"portraits":["https:\/\/inzynier.rzeszow.pl\/wp-content\/uploads\/2025\/10\/obraz_2026-01-27_111532305.png",1352,1015,false],"thumbnail":["https:\/\/inzynier.rzeszow.pl\/wp-content\/uploads\/2025\/10\/obraz_2026-01-27_111532305-150x150.png",150,150,true],"medium":["https:\/\/inzynier.rzeszow.pl\/wp-content\/uploads\/2025\/10\/obraz_2026-01-27_111532305-300x225.png",300,225,true],"large":["https:\/\/inzynier.rzeszow.pl\/wp-content\/uploads\/2025\/10\/obraz_2026-01-27_111532305-1024x769.png",1024,769,true],"1536x1536":["https:\/\/inzynier.rzeszow.pl\/wp-content\/uploads\/2025\/10\/obraz_2026-01-27_111532305.png",1352,1015,false],"2048x2048":["https:\/\/inzynier.rzeszow.pl\/wp-content\/uploads\/2025\/10\/obraz_2026-01-27_111532305.png",1352,1015,false]},"rttpg_author":{"display_name":"admin","author_link":"https:\/\/inzynier.rzeszow.pl\/index.php\/author\/kwojcik\/"},"rttpg_comment":0,"rttpg_category":"<a href=\"https:\/\/inzynier.rzeszow.pl\/index.php\/category\/wydarzenia\/\" rel=\"category tag\">Wydarzenia<\/a> <a href=\"https:\/\/inzynier.rzeszow.pl\/index.php\/category\/z-zycia-izby\/\" rel=\"category tag\">Z \u017cycia izby<\/a> <a href=\"https:\/\/inzynier.rzeszow.pl\/index.php\/category\/z-zycia-izby\/z-zycia-izby-rok-2025\/\" rel=\"category tag\">Z \u017cycia Izby Rok 2025<\/a>","rttpg_excerpt":"14 pa\u017adziernika 2025 roku Pa\u0144stwowa Akademia Nauk Stosowanych w Kro\u015bnie zainaugurowa\u0142a sw\u00f3j 27. rok akademicki. W uroczysto\u015bci, kt\u00f3ra zgromadzi\u0142a przedstawicieli [&hellip;]","_links":{"self":[{"href":"https:\/\/inzynier.rzeszow.pl\/index.php\/wp-json\/wp\/v2\/posts\/3054","targetHints":{"allow":["GET"]}}],"collection":[{"href":"https:\/\/inzynier.rzeszow.pl\/index.php\/wp-json\/wp\/v2\/posts"}],"about":[{"href":"https:\/\/inzynier.rzeszow.pl\/index.php\/wp-json\/wp\/v2\/types\/post"}],"author":[{"embeddable":true,"href":"https:\/\/inzynier.rzeszow.pl\/index.php\/wp-json\/wp\/v2\/users\/1"}],"replies":[{"embeddable":true,"href":"https:\/\/inzynier.rzeszow.pl\/index.php\/wp-json\/wp\/v2\/comments?post=3054"}],"version-history":[{"count":4,"href":"https:\/\/inzynier.rzeszow.pl\/index.php\/wp-json\/wp\/v2\/posts\/3054\/revisions"}],"predecessor-version":[{"id":3076,"href":"https:\/\/inzynier.rzeszow.pl\/index.php\/wp-json\/wp\/v2\/posts\/3054\/revisions\/3076"}],"wp:featuredmedia":[{"embeddable":true,"href":"https:\/\/inzynier.rzeszow.pl\/index.php\/wp-json\/wp\/v2\/media\/3072"}],"wp:attachment":[{"href":"https:\/\/inzynier.rzeszow.pl\/index.php\/wp-json\/wp\/v2\/media?parent=3054"}],"wp:term":[{"taxonomy":"category","embeddable":true,"href":"https:\/\/inzynier.rzeszow.pl\/index.php\/wp-json\/wp\/v2\/categories?post=3054"},{"taxonomy":"post_tag","embeddable":true,"href":"https:\/\/inzynier.rzeszow.pl\/index.php\/wp-json\/wp\/v2\/tags?post=3054"}],"curies":[{"name":"wp","href":"https:\/\/api.w.org\/{rel}","templated":true}]}}