{"id":3039,"date":"2025-10-25T13:21:01","date_gmt":"2025-10-25T13:21:01","guid":{"rendered":"https:\/\/migracja.inzynier.rzeszow.pl\/?p=3039"},"modified":"2026-02-13T13:36:28","modified_gmt":"2026-02-13T13:36:28","slug":"z-wizyta-w-lubelskiej-oiib-gala-z-okazji-dnia-budowlanych","status":"publish","type":"post","link":"https:\/\/inzynier.rzeszow.pl\/index.php\/2025\/10\/25\/z-wizyta-w-lubelskiej-oiib-gala-z-okazji-dnia-budowlanych\/","title":{"rendered":"Z wizyt\u0105 w Lubelskiej OIIB &#8211; Gala z okazji Dnia Budowlanych"},"content":{"rendered":"\t\t<div data-elementor-type=\"wp-post\" data-elementor-id=\"3039\" class=\"elementor elementor-3039\" data-elementor-post-type=\"post\">\n\t\t\t\t<div class=\"elementor-element elementor-element-4f70bb6 e-flex e-con-boxed e-con e-parent\" data-id=\"4f70bb6\" data-element_type=\"container\" data-e-type=\"container\">\n\t\t\t\t\t<div class=\"e-con-inner\">\n\t\t<div class=\"elementor-element elementor-element-44b5713 e-con-full e-flex e-con e-child\" data-id=\"44b5713\" data-element_type=\"container\" data-e-type=\"container\">\n\t\t\t\t<div class=\"elementor-element elementor-element-f3497ff elementor-widget elementor-widget-image\" data-id=\"f3497ff\" data-element_type=\"widget\" data-e-type=\"widget\" data-widget_type=\"image.default\">\n\t\t\t\t\t\t\t\t\t\t\t\t\t\t\t<img fetchpriority=\"high\" decoding=\"async\" width=\"1024\" height=\"768\" src=\"https:\/\/inzynier.rzeszow.pl\/wp-content\/uploads\/2025\/10\/obraz_2026-01-27_002142230-1024x768.png\" class=\"attachment-large size-large wp-image-3041\" alt=\"\" srcset=\"https:\/\/inzynier.rzeszow.pl\/wp-content\/uploads\/2025\/10\/obraz_2026-01-27_002142230-1024x768.png 1024w, https:\/\/inzynier.rzeszow.pl\/wp-content\/uploads\/2025\/10\/obraz_2026-01-27_002142230-300x225.png 300w, https:\/\/inzynier.rzeszow.pl\/wp-content\/uploads\/2025\/10\/obraz_2026-01-27_002142230-768x576.png 768w, https:\/\/inzynier.rzeszow.pl\/wp-content\/uploads\/2025\/10\/obraz_2026-01-27_002142230-1536x1152.png 1536w, https:\/\/inzynier.rzeszow.pl\/wp-content\/uploads\/2025\/10\/obraz_2026-01-27_002142230.png 1720w\" sizes=\"(max-width: 1024px) 100vw, 1024px\" \/>\t\t\t\t\t\t\t\t\t\t\t\t\t\t\t<\/div>\n\t\t\t\t<\/div>\n\t\t<div class=\"elementor-element elementor-element-5c2e3bd e-con-full e-flex e-con e-child\" data-id=\"5c2e3bd\" data-element_type=\"container\" data-e-type=\"container\">\n\t\t\t\t<div class=\"elementor-element elementor-element-d681aaf elementor-widget elementor-widget-text-editor\" data-id=\"d681aaf\" data-element_type=\"widget\" data-e-type=\"widget\" data-widget_type=\"text-editor.default\">\n\t\t\t\t\t\t\t\t\t<div dir=\"auto\"><div dir=\"auto\">Przewodnicz\u0105cy OR PDK OIIB Grzegorz Dubik mia\u0142 przyjemno\u015b\u0107 uczestniczy\u0107 w wyj\u0105tkowej Gali z okazji Dnia Budowlanych zorganizowanej przez\u00a0<span class=\"html-span xdj266r x14z9mp xat24cr x1lziwak xexx8yu xyri2b x18d9i69 x1c1uobl x1hl2dhg x16tdsg8 x1vvkbs\"><span class=\"xt0psk2\"><span class=\"xjp7ctv\">Lubelsk\u0105 Okr\u0119gow\u0105 Izba In\u017cynier\u00f3w Budownictwa<\/span><\/span><\/span>.\u00a0<br \/><br \/>Wydarzenie odby\u0142o si\u0119 24 pa\u017adziernika w Centrum Kongresowym Uniwersytetu Przyrodniczego w Lublinie.<\/div><div dir=\"auto\"><br \/>Podczas uroczysto\u015bci wielokrotnie pada\u0142y s\u0142owa o kompetencjach in\u017cynier\u00f3w, projektant\u00f3w i budowniczych, kt\u00f3rych codzienna praca przedk\u0142ada si\u0119 na konkretne rozwi\u0105zania techniczne, inwestycje i realizacje.\u00a0<br \/><br \/>Podczas Gali wr\u0119czone zosta\u0142y wyj\u0105tkowe odznaczenia,\u00a0podczas gali wr\u0119czone zosta\u0142y Medale Lubelskiej Okr\u0119gowej Izby In\u017cynier\u00f3w Budownictwa. a uczestnicy mieli okazj\u0119 do wys\u0142uchania koncertu Kameralnej Orkiestry Akordeonowej Arti Sentemo.<\/div><\/div>\t\t\t\t\t\t\t\t<\/div>\n\t\t\t\t<div class=\"elementor-element elementor-element-d49c19c elementor-widget__width-inherit elementor-icon-list--layout-traditional elementor-list-item-link-full_width elementor-widget elementor-widget-icon-list\" data-id=\"d49c19c\" data-element_type=\"widget\" data-e-type=\"widget\" data-widget_type=\"icon-list.default\">\n\t\t\t\t\t\t\t<ul class=\"elementor-icon-list-items\">\n\t\t\t\t\t\t\t<li class=\"elementor-icon-list-item\">\n\t\t\t\t\t\t\t\t\t\t\t<a href=\"https:\/\/www.facebook.com\/PodkarpackaOIIB\/posts\/pfbid02C5vFpEFRDqMZbF6dk8LfZzw6mZwEDxCKZ8EPb2keyAhizdcK6KbYND4EHx9UjZgCl\">\n\n\t\t\t\t\t\t\t\t\t\t\t\t<span class=\"elementor-icon-list-icon\">\n\t\t\t\t\t\t\t<svg aria-hidden=\"true\" class=\"e-font-icon-svg e-fas-arrow-circle-right\" viewBox=\"0 0 512 512\" xmlns=\"http:\/\/www.w3.org\/2000\/svg\"><path d=\"M256 8c137 0 248 111 248 248S393 504 256 504 8 393 8 256 119 8 256 8zm-28.9 143.6l75.5 72.4H120c-13.3 0-24 10.7-24 24v16c0 13.3 10.7 24 24 24h182.6l-75.5 72.4c-9.7 9.3-9.9 24.8-.4 34.3l11 10.9c9.4 9.4 24.6 9.4 33.9 0L404.3 273c9.4-9.4 9.4-24.6 0-33.9L271.6 106.3c-9.4-9.4-24.6-9.4-33.9 0l-11 10.9c-9.5 9.6-9.3 25.1.4 34.4z\"><\/path><\/svg>\t\t\t\t\t\t<\/span>\n\t\t\t\t\t\t\t\t\t\t<span class=\"elementor-icon-list-text\">Galeria fotograficzna z wizyty w Lubelskiej OIIB - Gala z okazji Dnia Budowlanych - 24.10.2025 r.<\/span>\n\t\t\t\t\t\t\t\t\t\t\t<\/a>\n\t\t\t\t\t\t\t\t\t<\/li>\n\t\t\t\t\t\t<\/ul>\n\t\t\t\t\t\t<\/div>\n\t\t\t\t<div class=\"elementor-element elementor-element-d40a503 elementor-widget elementor-widget-text-editor\" data-id=\"d40a503\" data-element_type=\"widget\" data-e-type=\"widget\" data-widget_type=\"text-editor.default\">\n\t\t\t\t\t\t\t\t\t<div dir=\"auto\"><div dir=\"auto\"><p>\u017ar\u00f3d\u0142o:\u00a0<a href=\"https:\/\/lub.piib.org.pl\/gala-z-okazji-dnia-budowlanych\/?fbclid=IwY2xjawNr5B5leHRuA2FlbQIxMABicmlkETBBY1VacnNlZDVTRTF2WWFsAR67Vnro-Xxe_2Wf2lcJdfZi5oQT6KiczNOssYsmymTu8Nu8QGleNrNp3xZgxA_aem_O2FuQ8aetlJ1JoSzbj_MpA\" target=\"_blank\" rel=\"noopener\">Lubelska OIIB\u00a0<\/a><\/p><\/div><\/div>\t\t\t\t\t\t\t\t<\/div>\n\t\t\t\t<\/div>\n\t\t\t\t\t<\/div>\n\t\t\t\t<\/div>\n\t\t<div class=\"elementor-element elementor-element-c853d88 e-flex e-con-boxed e-con e-parent\" data-id=\"c853d88\" data-element_type=\"container\" data-e-type=\"container\">\n\t\t\t\t\t<div class=\"e-con-inner\">\n\t\t<div class=\"elementor-element elementor-element-d07c09f e-con-full e-flex e-con e-child\" data-id=\"d07c09f\" data-element_type=\"container\" data-e-type=\"container\">\n\t\t\t\t<div class=\"elementor-element elementor-element-df3ac98 elementor-widget elementor-widget-image\" data-id=\"df3ac98\" data-element_type=\"widget\" data-e-type=\"widget\" data-widget_type=\"image.default\">\n\t\t\t\t\t\t\t\t\t\t\t\t\t\t\t<img decoding=\"async\" width=\"1024\" height=\"683\" src=\"https:\/\/inzynier.rzeszow.pl\/wp-content\/uploads\/2025\/10\/obraz_2026-01-27_002336387-1024x683.png\" class=\"attachment-large size-large wp-image-3042\" alt=\"\" srcset=\"https:\/\/inzynier.rzeszow.pl\/wp-content\/uploads\/2025\/10\/obraz_2026-01-27_002336387-1024x683.png 1024w, https:\/\/inzynier.rzeszow.pl\/wp-content\/uploads\/2025\/10\/obraz_2026-01-27_002336387-300x200.png 300w, https:\/\/inzynier.rzeszow.pl\/wp-content\/uploads\/2025\/10\/obraz_2026-01-27_002336387-768x513.png 768w, https:\/\/inzynier.rzeszow.pl\/wp-content\/uploads\/2025\/10\/obraz_2026-01-27_002336387.png 1536w\" sizes=\"(max-width: 1024px) 100vw, 1024px\" \/>\t\t\t\t\t\t\t\t\t\t\t\t\t\t\t<\/div>\n\t\t\t\t<\/div>\n\t\t<div class=\"elementor-element elementor-element-2caa584 e-con-full e-flex e-con e-child\" data-id=\"2caa584\" data-element_type=\"container\" data-e-type=\"container\">\n\t\t\t\t<\/div>\n\t\t\t\t\t<\/div>\n\t\t\t\t<\/div>\n\t\t\t\t<\/div>\n\t\t","protected":false},"excerpt":{"rendered":"<p>Przewodnicz\u0105cy OR PDK OIIB Grzegorz Dubik mia\u0142 przyjemno\u015b\u0107 uczestniczy\u0107 w wyj\u0105tkowej Gali z okazji Dnia Budowlanych zorganizowanej przez\u00a0Lubelsk\u0105 Okr\u0119gow\u0105 Izba [&hellip;]<\/p>\n","protected":false},"author":1,"featured_media":3041,"comment_status":"closed","ping_status":"closed","sticky":false,"template":"","format":"standard","meta":{"site-sidebar-layout":"default","site-content-layout":"","ast-site-content-layout":"default","site-content-style":"default","site-sidebar-style":"default","ast-global-header-display":"","ast-banner-title-visibility":"","ast-main-header-display":"","ast-hfb-above-header-display":"","ast-hfb-below-header-display":"","ast-hfb-mobile-header-display":"","site-post-title":"","ast-breadcrumbs-content":"","ast-featured-img":"","footer-sml-layout":"","ast-disable-related-posts":"","theme-transparent-header-meta":"","adv-header-id-meta":"","stick-header-meta":"","header-above-stick-meta":"","header-main-stick-meta":"","header-below-stick-meta":"","astra-migrate-meta-layouts":"default","ast-page-background-enabled":"default","ast-page-background-meta":{"desktop":{"background-color":"var(--ast-global-color-5)","background-image":"","background-repeat":"repeat","background-position":"center center","background-size":"auto","background-attachment":"scroll","background-type":"","background-media":"","overlay-type":"","overlay-color":"","overlay-opacity":"","overlay-gradient":""},"tablet":{"background-color":"","background-image":"","background-repeat":"repeat","background-position":"center center","background-size":"auto","background-attachment":"scroll","background-type":"","background-media":"","overlay-type":"","overlay-color":"","overlay-opacity":"","overlay-gradient":""},"mobile":{"background-color":"","background-image":"","background-repeat":"repeat","background-position":"center center","background-size":"auto","background-attachment":"scroll","background-type":"","background-media":"","overlay-type":"","overlay-color":"","overlay-opacity":"","overlay-gradient":""}},"ast-content-background-meta":{"desktop":{"background-color":"var(--ast-global-color-4)","background-image":"","background-repeat":"repeat","background-position":"center center","background-size":"auto","background-attachment":"scroll","background-type":"","background-media":"","overlay-type":"","overlay-color":"","overlay-opacity":"","overlay-gradient":""},"tablet":{"background-color":"var(--ast-global-color-4)","background-image":"","background-repeat":"repeat","background-position":"center center","background-size":"auto","background-attachment":"scroll","background-type":"","background-media":"","overlay-type":"","overlay-color":"","overlay-opacity":"","overlay-gradient":""},"mobile":{"background-color":"var(--ast-global-color-4)","background-image":"","background-repeat":"repeat","background-position":"center center","background-size":"auto","background-attachment":"scroll","background-type":"","background-media":"","overlay-type":"","overlay-color":"","overlay-opacity":"","overlay-gradient":""}},"footnotes":""},"categories":[7,16,55],"tags":[],"class_list":["post-3039","post","type-post","status-publish","format-standard","has-post-thumbnail","hentry","category-wydarzenia","category-z-zycia-izby","category-z-zycia-izby-rok-2025"],"yoast_head":"<!-- This site is optimized with the Yoast SEO plugin v27.5 - https:\/\/yoast.com\/product\/yoast-seo-wordpress\/ -->\n<title>Z wizyt\u0105 w Lubelskiej OIIB - Gala z okazji Dnia Budowlanych - Podkarpacka Okregowa Izba Inzynierow Budownictwa<\/title>\n<meta name=\"robots\" content=\"index, follow, max-snippet:-1, max-image-preview:large, max-video-preview:-1\" \/>\n<link rel=\"canonical\" href=\"https:\/\/inzynier.rzeszow.pl\/index.php\/2025\/10\/25\/z-wizyta-w-lubelskiej-oiib-gala-z-okazji-dnia-budowlanych\/\" \/>\n<meta property=\"og:locale\" content=\"pl_PL\" \/>\n<meta property=\"og:type\" content=\"article\" \/>\n<meta property=\"og:title\" content=\"Z wizyt\u0105 w Lubelskiej OIIB - Gala z okazji Dnia Budowlanych - Podkarpacka Okregowa Izba Inzynierow Budownictwa\" \/>\n<meta property=\"og:description\" content=\"Przewodnicz\u0105cy OR PDK OIIB Grzegorz Dubik mia\u0142 przyjemno\u015b\u0107 uczestniczy\u0107 w wyj\u0105tkowej Gali z okazji Dnia Budowlanych zorganizowanej przez\u00a0Lubelsk\u0105 Okr\u0119gow\u0105 Izba [&hellip;]\" \/>\n<meta property=\"og:url\" content=\"https:\/\/inzynier.rzeszow.pl\/index.php\/2025\/10\/25\/z-wizyta-w-lubelskiej-oiib-gala-z-okazji-dnia-budowlanych\/\" \/>\n<meta property=\"og:site_name\" content=\"Podkarpacka Okregowa Izba Inzynierow Budownictwa\" \/>\n<meta property=\"article:published_time\" content=\"2025-10-25T13:21:01+00:00\" \/>\n<meta property=\"article:modified_time\" content=\"2026-02-13T13:36:28+00:00\" \/>\n<meta property=\"og:image\" content=\"https:\/\/inzynier.rzeszow.pl\/wp-content\/uploads\/2025\/10\/obraz_2026-01-27_002142230-1024x768.png\" \/>\n\t<meta property=\"og:image:width\" content=\"1024\" \/>\n\t<meta property=\"og:image:height\" content=\"768\" \/>\n\t<meta property=\"og:image:type\" content=\"image\/png\" \/>\n<meta name=\"author\" content=\"admin\" \/>\n<meta name=\"twitter:card\" content=\"summary_large_image\" \/>\n<meta name=\"twitter:label1\" content=\"Napisane przez\" \/>\n\t<meta name=\"twitter:data1\" content=\"admin\" \/>\n\t<meta name=\"twitter:label2\" content=\"Szacowany czas czytania\" \/>\n\t<meta name=\"twitter:data2\" content=\"1 minuta\" \/>\n<script type=\"application\/ld+json\" class=\"yoast-schema-graph\">{\"@context\":\"https:\\\/\\\/schema.org\",\"@graph\":[{\"@type\":\"Article\",\"@id\":\"https:\\\/\\\/inzynier.rzeszow.pl\\\/index.php\\\/2025\\\/10\\\/25\\\/z-wizyta-w-lubelskiej-oiib-gala-z-okazji-dnia-budowlanych\\\/#article\",\"isPartOf\":{\"@id\":\"https:\\\/\\\/inzynier.rzeszow.pl\\\/index.php\\\/2025\\\/10\\\/25\\\/z-wizyta-w-lubelskiej-oiib-gala-z-okazji-dnia-budowlanych\\\/\"},\"author\":{\"name\":\"admin\",\"@id\":\"https:\\\/\\\/inzynier.rzeszow.pl\\\/#\\\/schema\\\/person\\\/21ca162d893bdc5760a95d704e9b1e39\"},\"headline\":\"Z wizyt\u0105 w Lubelskiej OIIB &#8211; Gala z okazji Dnia Budowlanych\",\"datePublished\":\"2025-10-25T13:21:01+00:00\",\"dateModified\":\"2026-02-13T13:36:28+00:00\",\"mainEntityOfPage\":{\"@id\":\"https:\\\/\\\/inzynier.rzeszow.pl\\\/index.php\\\/2025\\\/10\\\/25\\\/z-wizyta-w-lubelskiej-oiib-gala-z-okazji-dnia-budowlanych\\\/\"},\"wordCount\":141,\"image\":{\"@id\":\"https:\\\/\\\/inzynier.rzeszow.pl\\\/index.php\\\/2025\\\/10\\\/25\\\/z-wizyta-w-lubelskiej-oiib-gala-z-okazji-dnia-budowlanych\\\/#primaryimage\"},\"thumbnailUrl\":\"https:\\\/\\\/inzynier.rzeszow.pl\\\/wp-content\\\/uploads\\\/2025\\\/10\\\/obraz_2026-01-27_002142230.png\",\"articleSection\":[\"Wydarzenia\",\"Z \u017cycia izby\",\"Z \u017cycia Izby Rok 2025\"],\"inLanguage\":\"pl-PL\"},{\"@type\":\"WebPage\",\"@id\":\"https:\\\/\\\/inzynier.rzeszow.pl\\\/index.php\\\/2025\\\/10\\\/25\\\/z-wizyta-w-lubelskiej-oiib-gala-z-okazji-dnia-budowlanych\\\/\",\"url\":\"https:\\\/\\\/inzynier.rzeszow.pl\\\/index.php\\\/2025\\\/10\\\/25\\\/z-wizyta-w-lubelskiej-oiib-gala-z-okazji-dnia-budowlanych\\\/\",\"name\":\"Z wizyt\u0105 w Lubelskiej OIIB - Gala z okazji Dnia Budowlanych - Podkarpacka Okregowa Izba Inzynierow Budownictwa\",\"isPartOf\":{\"@id\":\"https:\\\/\\\/inzynier.rzeszow.pl\\\/#website\"},\"primaryImageOfPage\":{\"@id\":\"https:\\\/\\\/inzynier.rzeszow.pl\\\/index.php\\\/2025\\\/10\\\/25\\\/z-wizyta-w-lubelskiej-oiib-gala-z-okazji-dnia-budowlanych\\\/#primaryimage\"},\"image\":{\"@id\":\"https:\\\/\\\/inzynier.rzeszow.pl\\\/index.php\\\/2025\\\/10\\\/25\\\/z-wizyta-w-lubelskiej-oiib-gala-z-okazji-dnia-budowlanych\\\/#primaryimage\"},\"thumbnailUrl\":\"https:\\\/\\\/inzynier.rzeszow.pl\\\/wp-content\\\/uploads\\\/2025\\\/10\\\/obraz_2026-01-27_002142230.png\",\"datePublished\":\"2025-10-25T13:21:01+00:00\",\"dateModified\":\"2026-02-13T13:36:28+00:00\",\"author\":{\"@id\":\"https:\\\/\\\/inzynier.rzeszow.pl\\\/#\\\/schema\\\/person\\\/21ca162d893bdc5760a95d704e9b1e39\"},\"breadcrumb\":{\"@id\":\"https:\\\/\\\/inzynier.rzeszow.pl\\\/index.php\\\/2025\\\/10\\\/25\\\/z-wizyta-w-lubelskiej-oiib-gala-z-okazji-dnia-budowlanych\\\/#breadcrumb\"},\"inLanguage\":\"pl-PL\",\"potentialAction\":[{\"@type\":\"ReadAction\",\"target\":[\"https:\\\/\\\/inzynier.rzeszow.pl\\\/index.php\\\/2025\\\/10\\\/25\\\/z-wizyta-w-lubelskiej-oiib-gala-z-okazji-dnia-budowlanych\\\/\"]}]},{\"@type\":\"ImageObject\",\"inLanguage\":\"pl-PL\",\"@id\":\"https:\\\/\\\/inzynier.rzeszow.pl\\\/index.php\\\/2025\\\/10\\\/25\\\/z-wizyta-w-lubelskiej-oiib-gala-z-okazji-dnia-budowlanych\\\/#primaryimage\",\"url\":\"https:\\\/\\\/inzynier.rzeszow.pl\\\/wp-content\\\/uploads\\\/2025\\\/10\\\/obraz_2026-01-27_002142230.png\",\"contentUrl\":\"https:\\\/\\\/inzynier.rzeszow.pl\\\/wp-content\\\/uploads\\\/2025\\\/10\\\/obraz_2026-01-27_002142230.png\",\"width\":1720,\"height\":1290},{\"@type\":\"BreadcrumbList\",\"@id\":\"https:\\\/\\\/inzynier.rzeszow.pl\\\/index.php\\\/2025\\\/10\\\/25\\\/z-wizyta-w-lubelskiej-oiib-gala-z-okazji-dnia-budowlanych\\\/#breadcrumb\",\"itemListElement\":[{\"@type\":\"ListItem\",\"position\":1,\"name\":\"Strona g\u0142\u00f3wna\",\"item\":\"https:\\\/\\\/inzynier.rzeszow.pl\\\/\"},{\"@type\":\"ListItem\",\"position\":2,\"name\":\"Z wizyt\u0105 w Lubelskiej OIIB &#8211; Gala z okazji Dnia Budowlanych\"}]},{\"@type\":\"WebSite\",\"@id\":\"https:\\\/\\\/inzynier.rzeszow.pl\\\/#website\",\"url\":\"https:\\\/\\\/inzynier.rzeszow.pl\\\/\",\"name\":\"Podkarpacka Okregowa Izba Inzynierow Budownictwa\",\"description\":\"\",\"potentialAction\":[{\"@type\":\"SearchAction\",\"target\":{\"@type\":\"EntryPoint\",\"urlTemplate\":\"https:\\\/\\\/inzynier.rzeszow.pl\\\/?s={search_term_string}\"},\"query-input\":{\"@type\":\"PropertyValueSpecification\",\"valueRequired\":true,\"valueName\":\"search_term_string\"}}],\"inLanguage\":\"pl-PL\"},{\"@type\":\"Person\",\"@id\":\"https:\\\/\\\/inzynier.rzeszow.pl\\\/#\\\/schema\\\/person\\\/21ca162d893bdc5760a95d704e9b1e39\",\"name\":\"admin\",\"image\":{\"@type\":\"ImageObject\",\"inLanguage\":\"pl-PL\",\"@id\":\"https:\\\/\\\/secure.gravatar.com\\\/avatar\\\/d5d1959f10b94c8abcf928274f8bb5b8c7370b0dfadb0590911bacad18965f21?s=96&d=mm&r=g\",\"url\":\"https:\\\/\\\/secure.gravatar.com\\\/avatar\\\/d5d1959f10b94c8abcf928274f8bb5b8c7370b0dfadb0590911bacad18965f21?s=96&d=mm&r=g\",\"contentUrl\":\"https:\\\/\\\/secure.gravatar.com\\\/avatar\\\/d5d1959f10b94c8abcf928274f8bb5b8c7370b0dfadb0590911bacad18965f21?s=96&d=mm&r=g\",\"caption\":\"admin\"},\"sameAs\":[\"https:\\\/\\\/migracja.inzynier.rzeszow.pl\"],\"url\":\"https:\\\/\\\/inzynier.rzeszow.pl\\\/index.php\\\/author\\\/kwojcik\\\/\"}]}<\/script>\n<!-- \/ Yoast SEO plugin. -->","yoast_head_json":{"title":"Z wizyt\u0105 w Lubelskiej OIIB - Gala z okazji Dnia Budowlanych - Podkarpacka Okregowa Izba Inzynierow Budownictwa","robots":{"index":"index","follow":"follow","max-snippet":"max-snippet:-1","max-image-preview":"max-image-preview:large","max-video-preview":"max-video-preview:-1"},"canonical":"https:\/\/inzynier.rzeszow.pl\/index.php\/2025\/10\/25\/z-wizyta-w-lubelskiej-oiib-gala-z-okazji-dnia-budowlanych\/","og_locale":"pl_PL","og_type":"article","og_title":"Z wizyt\u0105 w Lubelskiej OIIB - Gala z okazji Dnia Budowlanych - Podkarpacka Okregowa Izba Inzynierow Budownictwa","og_description":"Przewodnicz\u0105cy OR PDK OIIB Grzegorz Dubik mia\u0142 przyjemno\u015b\u0107 uczestniczy\u0107 w wyj\u0105tkowej Gali z okazji Dnia Budowlanych zorganizowanej przez\u00a0Lubelsk\u0105 Okr\u0119gow\u0105 Izba [&hellip;]","og_url":"https:\/\/inzynier.rzeszow.pl\/index.php\/2025\/10\/25\/z-wizyta-w-lubelskiej-oiib-gala-z-okazji-dnia-budowlanych\/","og_site_name":"Podkarpacka Okregowa Izba Inzynierow Budownictwa","article_published_time":"2025-10-25T13:21:01+00:00","article_modified_time":"2026-02-13T13:36:28+00:00","og_image":[{"width":1024,"height":768,"url":"https:\/\/inzynier.rzeszow.pl\/wp-content\/uploads\/2025\/10\/obraz_2026-01-27_002142230-1024x768.png","type":"image\/png"}],"author":"admin","twitter_card":"summary_large_image","twitter_misc":{"Napisane przez":"admin","Szacowany czas czytania":"1 minuta"},"schema":{"@context":"https:\/\/schema.org","@graph":[{"@type":"Article","@id":"https:\/\/inzynier.rzeszow.pl\/index.php\/2025\/10\/25\/z-wizyta-w-lubelskiej-oiib-gala-z-okazji-dnia-budowlanych\/#article","isPartOf":{"@id":"https:\/\/inzynier.rzeszow.pl\/index.php\/2025\/10\/25\/z-wizyta-w-lubelskiej-oiib-gala-z-okazji-dnia-budowlanych\/"},"author":{"name":"admin","@id":"https:\/\/inzynier.rzeszow.pl\/#\/schema\/person\/21ca162d893bdc5760a95d704e9b1e39"},"headline":"Z wizyt\u0105 w Lubelskiej OIIB &#8211; Gala z okazji Dnia Budowlanych","datePublished":"2025-10-25T13:21:01+00:00","dateModified":"2026-02-13T13:36:28+00:00","mainEntityOfPage":{"@id":"https:\/\/inzynier.rzeszow.pl\/index.php\/2025\/10\/25\/z-wizyta-w-lubelskiej-oiib-gala-z-okazji-dnia-budowlanych\/"},"wordCount":141,"image":{"@id":"https:\/\/inzynier.rzeszow.pl\/index.php\/2025\/10\/25\/z-wizyta-w-lubelskiej-oiib-gala-z-okazji-dnia-budowlanych\/#primaryimage"},"thumbnailUrl":"https:\/\/inzynier.rzeszow.pl\/wp-content\/uploads\/2025\/10\/obraz_2026-01-27_002142230.png","articleSection":["Wydarzenia","Z \u017cycia izby","Z \u017cycia Izby Rok 2025"],"inLanguage":"pl-PL"},{"@type":"WebPage","@id":"https:\/\/inzynier.rzeszow.pl\/index.php\/2025\/10\/25\/z-wizyta-w-lubelskiej-oiib-gala-z-okazji-dnia-budowlanych\/","url":"https:\/\/inzynier.rzeszow.pl\/index.php\/2025\/10\/25\/z-wizyta-w-lubelskiej-oiib-gala-z-okazji-dnia-budowlanych\/","name":"Z wizyt\u0105 w Lubelskiej OIIB - Gala z okazji Dnia Budowlanych - Podkarpacka Okregowa Izba Inzynierow Budownictwa","isPartOf":{"@id":"https:\/\/inzynier.rzeszow.pl\/#website"},"primaryImageOfPage":{"@id":"https:\/\/inzynier.rzeszow.pl\/index.php\/2025\/10\/25\/z-wizyta-w-lubelskiej-oiib-gala-z-okazji-dnia-budowlanych\/#primaryimage"},"image":{"@id":"https:\/\/inzynier.rzeszow.pl\/index.php\/2025\/10\/25\/z-wizyta-w-lubelskiej-oiib-gala-z-okazji-dnia-budowlanych\/#primaryimage"},"thumbnailUrl":"https:\/\/inzynier.rzeszow.pl\/wp-content\/uploads\/2025\/10\/obraz_2026-01-27_002142230.png","datePublished":"2025-10-25T13:21:01+00:00","dateModified":"2026-02-13T13:36:28+00:00","author":{"@id":"https:\/\/inzynier.rzeszow.pl\/#\/schema\/person\/21ca162d893bdc5760a95d704e9b1e39"},"breadcrumb":{"@id":"https:\/\/inzynier.rzeszow.pl\/index.php\/2025\/10\/25\/z-wizyta-w-lubelskiej-oiib-gala-z-okazji-dnia-budowlanych\/#breadcrumb"},"inLanguage":"pl-PL","potentialAction":[{"@type":"ReadAction","target":["https:\/\/inzynier.rzeszow.pl\/index.php\/2025\/10\/25\/z-wizyta-w-lubelskiej-oiib-gala-z-okazji-dnia-budowlanych\/"]}]},{"@type":"ImageObject","inLanguage":"pl-PL","@id":"https:\/\/inzynier.rzeszow.pl\/index.php\/2025\/10\/25\/z-wizyta-w-lubelskiej-oiib-gala-z-okazji-dnia-budowlanych\/#primaryimage","url":"https:\/\/inzynier.rzeszow.pl\/wp-content\/uploads\/2025\/10\/obraz_2026-01-27_002142230.png","contentUrl":"https:\/\/inzynier.rzeszow.pl\/wp-content\/uploads\/2025\/10\/obraz_2026-01-27_002142230.png","width":1720,"height":1290},{"@type":"BreadcrumbList","@id":"https:\/\/inzynier.rzeszow.pl\/index.php\/2025\/10\/25\/z-wizyta-w-lubelskiej-oiib-gala-z-okazji-dnia-budowlanych\/#breadcrumb","itemListElement":[{"@type":"ListItem","position":1,"name":"Strona g\u0142\u00f3wna","item":"https:\/\/inzynier.rzeszow.pl\/"},{"@type":"ListItem","position":2,"name":"Z wizyt\u0105 w Lubelskiej OIIB &#8211; Gala z okazji Dnia Budowlanych"}]},{"@type":"WebSite","@id":"https:\/\/inzynier.rzeszow.pl\/#website","url":"https:\/\/inzynier.rzeszow.pl\/","name":"Podkarpacka Okregowa Izba Inzynierow Budownictwa","description":"","potentialAction":[{"@type":"SearchAction","target":{"@type":"EntryPoint","urlTemplate":"https:\/\/inzynier.rzeszow.pl\/?s={search_term_string}"},"query-input":{"@type":"PropertyValueSpecification","valueRequired":true,"valueName":"search_term_string"}}],"inLanguage":"pl-PL"},{"@type":"Person","@id":"https:\/\/inzynier.rzeszow.pl\/#\/schema\/person\/21ca162d893bdc5760a95d704e9b1e39","name":"admin","image":{"@type":"ImageObject","inLanguage":"pl-PL","@id":"https:\/\/secure.gravatar.com\/avatar\/d5d1959f10b94c8abcf928274f8bb5b8c7370b0dfadb0590911bacad18965f21?s=96&d=mm&r=g","url":"https:\/\/secure.gravatar.com\/avatar\/d5d1959f10b94c8abcf928274f8bb5b8c7370b0dfadb0590911bacad18965f21?s=96&d=mm&r=g","contentUrl":"https:\/\/secure.gravatar.com\/avatar\/d5d1959f10b94c8abcf928274f8bb5b8c7370b0dfadb0590911bacad18965f21?s=96&d=mm&r=g","caption":"admin"},"sameAs":["https:\/\/migracja.inzynier.rzeszow.pl"],"url":"https:\/\/inzynier.rzeszow.pl\/index.php\/author\/kwojcik\/"}]}},"rttpg_featured_image_url":{"full":["https:\/\/inzynier.rzeszow.pl\/wp-content\/uploads\/2025\/10\/obraz_2026-01-27_002142230.png",1720,1290,false],"landscape":["https:\/\/inzynier.rzeszow.pl\/wp-content\/uploads\/2025\/10\/obraz_2026-01-27_002142230.png",1720,1290,false],"portraits":["https:\/\/inzynier.rzeszow.pl\/wp-content\/uploads\/2025\/10\/obraz_2026-01-27_002142230.png",1720,1290,false],"thumbnail":["https:\/\/inzynier.rzeszow.pl\/wp-content\/uploads\/2025\/10\/obraz_2026-01-27_002142230-150x150.png",150,150,true],"medium":["https:\/\/inzynier.rzeszow.pl\/wp-content\/uploads\/2025\/10\/obraz_2026-01-27_002142230-300x225.png",300,225,true],"large":["https:\/\/inzynier.rzeszow.pl\/wp-content\/uploads\/2025\/10\/obraz_2026-01-27_002142230-1024x768.png",1024,768,true],"1536x1536":["https:\/\/inzynier.rzeszow.pl\/wp-content\/uploads\/2025\/10\/obraz_2026-01-27_002142230-1536x1152.png",1536,1152,true],"2048x2048":["https:\/\/inzynier.rzeszow.pl\/wp-content\/uploads\/2025\/10\/obraz_2026-01-27_002142230.png",1720,1290,false]},"rttpg_author":{"display_name":"admin","author_link":"https:\/\/inzynier.rzeszow.pl\/index.php\/author\/kwojcik\/"},"rttpg_comment":0,"rttpg_category":"<a href=\"https:\/\/inzynier.rzeszow.pl\/index.php\/category\/wydarzenia\/\" rel=\"category tag\">Wydarzenia<\/a> <a href=\"https:\/\/inzynier.rzeszow.pl\/index.php\/category\/z-zycia-izby\/\" rel=\"category tag\">Z \u017cycia izby<\/a> <a href=\"https:\/\/inzynier.rzeszow.pl\/index.php\/category\/z-zycia-izby\/z-zycia-izby-rok-2025\/\" rel=\"category tag\">Z \u017cycia Izby Rok 2025<\/a>","rttpg_excerpt":"Przewodnicz\u0105cy OR PDK OIIB Grzegorz Dubik mia\u0142 przyjemno\u015b\u0107 uczestniczy\u0107 w wyj\u0105tkowej Gali z okazji Dnia Budowlanych zorganizowanej przez\u00a0Lubelsk\u0105 Okr\u0119gow\u0105 Izba [&hellip;]","_links":{"self":[{"href":"https:\/\/inzynier.rzeszow.pl\/index.php\/wp-json\/wp\/v2\/posts\/3039","targetHints":{"allow":["GET"]}}],"collection":[{"href":"https:\/\/inzynier.rzeszow.pl\/index.php\/wp-json\/wp\/v2\/posts"}],"about":[{"href":"https:\/\/inzynier.rzeszow.pl\/index.php\/wp-json\/wp\/v2\/types\/post"}],"author":[{"embeddable":true,"href":"https:\/\/inzynier.rzeszow.pl\/index.php\/wp-json\/wp\/v2\/users\/1"}],"replies":[{"embeddable":true,"href":"https:\/\/inzynier.rzeszow.pl\/index.php\/wp-json\/wp\/v2\/comments?post=3039"}],"version-history":[{"count":4,"href":"https:\/\/inzynier.rzeszow.pl\/index.php\/wp-json\/wp\/v2\/posts\/3039\/revisions"}],"predecessor-version":[{"id":3045,"href":"https:\/\/inzynier.rzeszow.pl\/index.php\/wp-json\/wp\/v2\/posts\/3039\/revisions\/3045"}],"wp:featuredmedia":[{"embeddable":true,"href":"https:\/\/inzynier.rzeszow.pl\/index.php\/wp-json\/wp\/v2\/media\/3041"}],"wp:attachment":[{"href":"https:\/\/inzynier.rzeszow.pl\/index.php\/wp-json\/wp\/v2\/media?parent=3039"}],"wp:term":[{"taxonomy":"category","embeddable":true,"href":"https:\/\/inzynier.rzeszow.pl\/index.php\/wp-json\/wp\/v2\/categories?post=3039"},{"taxonomy":"post_tag","embeddable":true,"href":"https:\/\/inzynier.rzeszow.pl\/index.php\/wp-json\/wp\/v2\/tags?post=3039"}],"curies":[{"name":"wp","href":"https:\/\/api.w.org\/{rel}","templated":true}]}}