{"id":2952,"date":"2025-12-16T13:21:10","date_gmt":"2025-12-16T13:21:10","guid":{"rendered":"https:\/\/migracja.inzynier.rzeszow.pl\/?p=2952"},"modified":"2026-02-13T13:36:28","modified_gmt":"2026-02-13T13:36:28","slug":"uroczyste-posiedzenie-okregowej-rady-pdk-oiib-15-grudnia","status":"publish","type":"post","link":"https:\/\/inzynier.rzeszow.pl\/index.php\/2025\/12\/16\/uroczyste-posiedzenie-okregowej-rady-pdk-oiib-15-grudnia\/","title":{"rendered":"Uroczyste posiedzenie Okr\u0119gowej Rady PDK OIIB"},"content":{"rendered":"\t\t<div data-elementor-type=\"wp-post\" data-elementor-id=\"2952\" class=\"elementor elementor-2952\" data-elementor-post-type=\"post\">\n\t\t\t\t<div class=\"elementor-element elementor-element-4f70bb6 e-flex e-con-boxed e-con e-parent\" data-id=\"4f70bb6\" data-element_type=\"container\" data-e-type=\"container\">\n\t\t\t\t\t<div class=\"e-con-inner\">\n\t\t<div class=\"elementor-element elementor-element-44b5713 e-con-full e-flex e-con e-child\" data-id=\"44b5713\" data-element_type=\"container\" data-e-type=\"container\">\n\t\t\t\t<div class=\"elementor-element elementor-element-f3497ff elementor-widget elementor-widget-image\" data-id=\"f3497ff\" data-element_type=\"widget\" data-e-type=\"widget\" data-widget_type=\"image.default\">\n\t\t\t\t\t\t\t\t\t\t\t\t\t\t\t<img fetchpriority=\"high\" decoding=\"async\" width=\"1024\" height=\"680\" src=\"https:\/\/inzynier.rzeszow.pl\/wp-content\/uploads\/2025\/12\/obraz_2026-01-26_213420575-1024x680.png\" class=\"attachment-large size-large wp-image-2961\" alt=\"\" srcset=\"https:\/\/inzynier.rzeszow.pl\/wp-content\/uploads\/2025\/12\/obraz_2026-01-26_213420575-1024x680.png 1024w, https:\/\/inzynier.rzeszow.pl\/wp-content\/uploads\/2025\/12\/obraz_2026-01-26_213420575-300x199.png 300w, https:\/\/inzynier.rzeszow.pl\/wp-content\/uploads\/2025\/12\/obraz_2026-01-26_213420575-768x510.png 768w, https:\/\/inzynier.rzeszow.pl\/wp-content\/uploads\/2025\/12\/obraz_2026-01-26_213420575-1536x1020.png 1536w, https:\/\/inzynier.rzeszow.pl\/wp-content\/uploads\/2025\/12\/obraz_2026-01-26_213420575.png 2000w\" sizes=\"(max-width: 1024px) 100vw, 1024px\" \/>\t\t\t\t\t\t\t\t\t\t\t\t\t\t\t<\/div>\n\t\t\t\t<\/div>\n\t\t<div class=\"elementor-element elementor-element-5c2e3bd e-con-full e-flex e-con e-child\" data-id=\"5c2e3bd\" data-element_type=\"container\" data-e-type=\"container\">\n\t\t\t\t<div class=\"elementor-element elementor-element-d681aaf elementor-widget elementor-widget-text-editor\" data-id=\"d681aaf\" data-element_type=\"widget\" data-e-type=\"widget\" data-widget_type=\"text-editor.default\">\n\t\t\t\t\t\t\t\t\t<p>15 grudnia 2025 r. w trybie hybrydowym odby\u0142o si\u0119 \u00a0\u201e\u015bwi\u0105teczne&#8221; posiedzenie Okr\u0119gowej Rady PDK OIIB<strong>.<\/strong>\u00a0W posiedzeniu opr\u00f3cz cz\u0142onk\u00f3w Okr\u0119gowej Rady uczestniczy\u0142 przewodnicz\u0105cy Okr\u0119gowej Komisji Rewizyjnej PDK OIIB Dariusz Nowakowski oraz przewodnicz\u0105cy Okr\u0119gowego\u00a0 S\u0105du Dyscyplinarnego PDK OIIB Jerzy Madera.<\/p><p>Na posiedzenie przyby\u0142o r\u00f3wnie\u017c grono naszych cz\u0142onk\u00f3w, kt\u00f3rzy w bie\u017c\u0105cym roku reprezentowali Podkarpack\u0105 Izb\u0119 na zawodach sportowych organizowanych przez inne izby okr\u0119gowe, aktywnie uczestniczyli w naszych wydarzeniach sportowych oraz laureaci konkursu fotograficznego.<\/p><p>Przewodnicz\u0105cy Okr\u0119gowej Rady PDK OIIB Grzegorz Dubik przedstawi\u0142 prezentacj\u0119 z tegorocznymi osi\u0105gni\u0119ciami sportowymi naszej Izby w \u017ceglarstwie, marszu na orientacj\u0119, strzelectwie sportowym, p\u0142ywaniu, kolarstwie, badmintonie, tenisie sto\u0142owym, biegach, nordic walking, gokartach, siatk\u00f3wce, pi\u0142ce no\u017cnej oraz w bryd\u017cu sportowym i pogratulowa\u0142 wszystkim zawodnikom.<\/p>\t\t\t\t\t\t\t\t<\/div>\n\t\t\t\t<\/div>\n\t\t\t\t\t<\/div>\n\t\t\t\t<\/div>\n\t\t<div class=\"elementor-element elementor-element-9e80422 e-flex e-con-boxed e-con e-parent\" data-id=\"9e80422\" data-element_type=\"container\" data-e-type=\"container\">\n\t\t\t\t\t<div class=\"e-con-inner\">\n\t\t\t\t<div class=\"elementor-element elementor-element-9d40443 elementor-widget elementor-widget-text-editor\" data-id=\"9d40443\" data-element_type=\"widget\" data-e-type=\"widget\" data-widget_type=\"text-editor.default\">\n\t\t\t\t\t\t\t\t\t<p>W \u201eroboczej&#8217; cz\u0119\u015bci posiedzenia cz\u0142onkowie Okr\u0119gowej Rady PDK OIIB podj\u0119li 3 uchwa\u0142y :<\/p><p>&#8211; Uchwa\u0142\u0119 nr PDK\/OR\/0028\/2025 w sprawie przyj\u0119cia oferty Biura Rachunkowo-Ksi\u0119gowego Optymalni;<\/p><p>&#8211; Uchwa\u0142\u0119 nr PDK\/OR\/0029\/2025 w sprawie ekwiwalent\u00f3w i wynagrodze\u0144;<\/p><p>&#8211; Uchwa\u0142\u0119 nr PDK\/OR\/0030\/2025 w sprawie<strong>\u00a0<\/strong>zmian w Regulaminie wspierania doskonalenia zawodowego czynnych cz\u0142onk\u00f3w PDK OIIB.<\/p><p>Na zako\u0144czenie przewodnicz\u0105cy Okr\u0119gowej Rady PDK OIIB Grzegorz Dubik z\u0142o\u017cy\u0142 wszystkim \u015bwi\u0105teczne \u017cyczenia, wr\u0119czy\u0142 drobne upominki i zaprosi\u0142 na wigilijny barszczyk.<\/p><p>Podj\u0119te uchwa\u0142y b\u0119d\u0105 dost\u0119pne na stronie w zak\u0142adce \u201eUchwa\u0142y Rady w sprawach og\u00f3lnych&#8221;<\/p><p align=\"right\">Liliana Serafin<br \/>sekretarz Okr\u0119gowej Rady PDK OIIB<\/p>\t\t\t\t\t\t\t\t<\/div>\n\t\t\t\t\t<\/div>\n\t\t\t\t<\/div>\n\t\t<div class=\"elementor-element elementor-element-f846719 e-flex e-con-boxed e-con e-parent\" data-id=\"f846719\" data-element_type=\"container\" data-e-type=\"container\">\n\t\t\t\t\t<div class=\"e-con-inner\">\n\t\t\t\t<div class=\"elementor-element elementor-element-08c5a25 elementor-widget__width-inherit elementor-icon-list--layout-traditional elementor-list-item-link-full_width elementor-widget elementor-widget-icon-list\" data-id=\"08c5a25\" data-element_type=\"widget\" data-e-type=\"widget\" data-widget_type=\"icon-list.default\">\n\t\t\t\t\t\t\t<ul class=\"elementor-icon-list-items\">\n\t\t\t\t\t\t\t<li class=\"elementor-icon-list-item\">\n\t\t\t\t\t\t\t\t\t\t\t<a href=\"https:\/\/www.facebook.com\/PodkarpackaOIIB\/posts\/pfbid02sg6A1AdMoey7y1DzYJAh6HzgLq3wExjZEUSyDtG9P9gqEqfhaTZTWibwVewqDK5Zl\">\n\n\t\t\t\t\t\t\t\t\t\t\t\t<span class=\"elementor-icon-list-icon\">\n\t\t\t\t\t\t\t<svg aria-hidden=\"true\" class=\"e-font-icon-svg e-fas-arrow-circle-right\" viewBox=\"0 0 512 512\" xmlns=\"http:\/\/www.w3.org\/2000\/svg\"><path d=\"M256 8c137 0 248 111 248 248S393 504 256 504 8 393 8 256 119 8 256 8zm-28.9 143.6l75.5 72.4H120c-13.3 0-24 10.7-24 24v16c0 13.3 10.7 24 24 24h182.6l-75.5 72.4c-9.7 9.3-9.9 24.8-.4 34.3l11 10.9c9.4 9.4 24.6 9.4 33.9 0L404.3 273c9.4-9.4 9.4-24.6 0-33.9L271.6 106.3c-9.4-9.4-24.6-9.4-33.9 0l-11 10.9c-9.5 9.6-9.3 25.1.4 34.4z\"><\/path><\/svg>\t\t\t\t\t\t<\/span>\n\t\t\t\t\t\t\t\t\t\t<span class=\"elementor-icon-list-text\">Galeria fotograficzna z uroczystego posiedzenia Okr\u0119gowej Rady PDK OIIB - 15 grudnia 2025 r.<\/span>\n\t\t\t\t\t\t\t\t\t\t\t<\/a>\n\t\t\t\t\t\t\t\t\t<\/li>\n\t\t\t\t\t\t<\/ul>\n\t\t\t\t\t\t<\/div>\n\t\t\t\t\t<\/div>\n\t\t\t\t<\/div>\n\t\t<div class=\"elementor-element elementor-element-c92df10 e-flex e-con-boxed e-con e-parent\" data-id=\"c92df10\" data-element_type=\"container\" data-e-type=\"container\">\n\t\t\t\t\t<div class=\"e-con-inner\">\n\t\t\t\t<div class=\"elementor-element elementor-element-7432787 elementor-widget elementor-widget-gallery\" data-id=\"7432787\" data-element_type=\"widget\" data-e-type=\"widget\" data-settings=\"{&quot;columns&quot;:3,&quot;lazyload&quot;:&quot;yes&quot;,&quot;gallery_layout&quot;:&quot;grid&quot;,&quot;columns_tablet&quot;:2,&quot;columns_mobile&quot;:1,&quot;gap&quot;:{&quot;unit&quot;:&quot;px&quot;,&quot;size&quot;:10,&quot;sizes&quot;:[]},&quot;gap_tablet&quot;:{&quot;unit&quot;:&quot;px&quot;,&quot;size&quot;:10,&quot;sizes&quot;:[]},&quot;gap_mobile&quot;:{&quot;unit&quot;:&quot;px&quot;,&quot;size&quot;:10,&quot;sizes&quot;:[]},&quot;link_to&quot;:&quot;file&quot;,&quot;aspect_ratio&quot;:&quot;3:2&quot;,&quot;overlay_background&quot;:&quot;yes&quot;,&quot;content_hover_animation&quot;:&quot;fade-in&quot;}\" data-widget_type=\"gallery.default\">\n\t\t\t\t\t\t\t<div class=\"elementor-gallery__container\">\n\t\t\t\t\t\t\t<a class=\"e-gallery-item elementor-gallery-item elementor-animated-content\" href=\"https:\/\/inzynier.rzeszow.pl\/wp-content\/uploads\/2025\/12\/obraz_2026-01-26_213644028.png\" data-elementor-open-lightbox=\"yes\" data-elementor-lightbox-slideshow=\"7432787\" data-e-action-hash=\"#elementor-action%3Aaction%3Dlightbox%26settings%3DeyJpZCI6Mjk2MiwidXJsIjoiaHR0cHM6XC9cL2luenluaWVyLnJ6ZXN6b3cucGxcL3dwLWNvbnRlbnRcL3VwbG9hZHNcLzIwMjVcLzEyXC9vYnJhel8yMDI2LTAxLTI2XzIxMzY0NDAyOC5wbmciLCJzbGlkZXNob3ciOiI3NDMyNzg3In0%3D\">\n\t\t\t\t\t<div class=\"e-gallery-image elementor-gallery-item__image\" data-thumbnail=\"https:\/\/inzynier.rzeszow.pl\/wp-content\/uploads\/2025\/12\/obraz_2026-01-26_213644028-300x199.png\" data-width=\"300\" data-height=\"199\" aria-label=\"\" role=\"img\" ><\/div>\n\t\t\t\t\t\t\t\t\t\t\t<div class=\"elementor-gallery-item__overlay\"><\/div>\n\t\t\t\t\t\t\t\t\t\t\t\t\t\t<\/a>\n\t\t\t\t\t\t\t<a class=\"e-gallery-item elementor-gallery-item elementor-animated-content\" href=\"https:\/\/inzynier.rzeszow.pl\/wp-content\/uploads\/2025\/12\/obraz_2026-01-26_213652914.png\" data-elementor-open-lightbox=\"yes\" data-elementor-lightbox-slideshow=\"7432787\" data-e-action-hash=\"#elementor-action%3Aaction%3Dlightbox%26settings%3DeyJpZCI6Mjk2MywidXJsIjoiaHR0cHM6XC9cL2luenluaWVyLnJ6ZXN6b3cucGxcL3dwLWNvbnRlbnRcL3VwbG9hZHNcLzIwMjVcLzEyXC9vYnJhel8yMDI2LTAxLTI2XzIxMzY1MjkxNC5wbmciLCJzbGlkZXNob3ciOiI3NDMyNzg3In0%3D\">\n\t\t\t\t\t<div class=\"e-gallery-image elementor-gallery-item__image\" data-thumbnail=\"https:\/\/inzynier.rzeszow.pl\/wp-content\/uploads\/2025\/12\/obraz_2026-01-26_213652914-300x199.png\" data-width=\"300\" data-height=\"199\" aria-label=\"\" role=\"img\" ><\/div>\n\t\t\t\t\t\t\t\t\t\t\t<div class=\"elementor-gallery-item__overlay\"><\/div>\n\t\t\t\t\t\t\t\t\t\t\t\t\t\t<\/a>\n\t\t\t\t\t\t\t<a class=\"e-gallery-item elementor-gallery-item elementor-animated-content\" href=\"https:\/\/inzynier.rzeszow.pl\/wp-content\/uploads\/2025\/12\/obraz_2026-01-26_213701451.png\" data-elementor-open-lightbox=\"yes\" data-elementor-lightbox-slideshow=\"7432787\" data-e-action-hash=\"#elementor-action%3Aaction%3Dlightbox%26settings%3DeyJpZCI6Mjk2NCwidXJsIjoiaHR0cHM6XC9cL2luenluaWVyLnJ6ZXN6b3cucGxcL3dwLWNvbnRlbnRcL3VwbG9hZHNcLzIwMjVcLzEyXC9vYnJhel8yMDI2LTAxLTI2XzIxMzcwMTQ1MS5wbmciLCJzbGlkZXNob3ciOiI3NDMyNzg3In0%3D\">\n\t\t\t\t\t<div class=\"e-gallery-image elementor-gallery-item__image\" data-thumbnail=\"https:\/\/inzynier.rzeszow.pl\/wp-content\/uploads\/2025\/12\/obraz_2026-01-26_213701451-300x199.png\" data-width=\"300\" data-height=\"199\" aria-label=\"\" role=\"img\" ><\/div>\n\t\t\t\t\t\t\t\t\t\t\t<div class=\"elementor-gallery-item__overlay\"><\/div>\n\t\t\t\t\t\t\t\t\t\t\t\t\t\t<\/a>\n\t\t\t\t\t\t\t<a class=\"e-gallery-item elementor-gallery-item elementor-animated-content\" href=\"https:\/\/inzynier.rzeszow.pl\/wp-content\/uploads\/2025\/12\/obraz_2026-01-26_213709823.png\" data-elementor-open-lightbox=\"yes\" data-elementor-lightbox-slideshow=\"7432787\" data-e-action-hash=\"#elementor-action%3Aaction%3Dlightbox%26settings%3DeyJpZCI6Mjk2NSwidXJsIjoiaHR0cHM6XC9cL2luenluaWVyLnJ6ZXN6b3cucGxcL3dwLWNvbnRlbnRcL3VwbG9hZHNcLzIwMjVcLzEyXC9vYnJhel8yMDI2LTAxLTI2XzIxMzcwOTgyMy5wbmciLCJzbGlkZXNob3ciOiI3NDMyNzg3In0%3D\">\n\t\t\t\t\t<div class=\"e-gallery-image elementor-gallery-item__image\" data-thumbnail=\"https:\/\/inzynier.rzeszow.pl\/wp-content\/uploads\/2025\/12\/obraz_2026-01-26_213709823-300x199.png\" data-width=\"300\" data-height=\"199\" aria-label=\"\" role=\"img\" ><\/div>\n\t\t\t\t\t\t\t\t\t\t\t<div class=\"elementor-gallery-item__overlay\"><\/div>\n\t\t\t\t\t\t\t\t\t\t\t\t\t\t<\/a>\n\t\t\t\t\t\t\t<a class=\"e-gallery-item elementor-gallery-item elementor-animated-content\" href=\"https:\/\/inzynier.rzeszow.pl\/wp-content\/uploads\/2025\/12\/obraz_2026-01-26_213717738.png\" data-elementor-open-lightbox=\"yes\" data-elementor-lightbox-slideshow=\"7432787\" data-e-action-hash=\"#elementor-action%3Aaction%3Dlightbox%26settings%3DeyJpZCI6Mjk2NiwidXJsIjoiaHR0cHM6XC9cL2luenluaWVyLnJ6ZXN6b3cucGxcL3dwLWNvbnRlbnRcL3VwbG9hZHNcLzIwMjVcLzEyXC9vYnJhel8yMDI2LTAxLTI2XzIxMzcxNzczOC5wbmciLCJzbGlkZXNob3ciOiI3NDMyNzg3In0%3D\">\n\t\t\t\t\t<div class=\"e-gallery-image elementor-gallery-item__image\" data-thumbnail=\"https:\/\/inzynier.rzeszow.pl\/wp-content\/uploads\/2025\/12\/obraz_2026-01-26_213717738-300x199.png\" data-width=\"300\" data-height=\"199\" aria-label=\"\" role=\"img\" ><\/div>\n\t\t\t\t\t\t\t\t\t\t\t<div class=\"elementor-gallery-item__overlay\"><\/div>\n\t\t\t\t\t\t\t\t\t\t\t\t\t\t<\/a>\n\t\t\t\t\t\t\t<a class=\"e-gallery-item elementor-gallery-item elementor-animated-content\" href=\"https:\/\/inzynier.rzeszow.pl\/wp-content\/uploads\/2025\/12\/obraz_2026-01-26_213723869.png\" data-elementor-open-lightbox=\"yes\" data-elementor-lightbox-slideshow=\"7432787\" data-e-action-hash=\"#elementor-action%3Aaction%3Dlightbox%26settings%3DeyJpZCI6Mjk2NywidXJsIjoiaHR0cHM6XC9cL2luenluaWVyLnJ6ZXN6b3cucGxcL3dwLWNvbnRlbnRcL3VwbG9hZHNcLzIwMjVcLzEyXC9vYnJhel8yMDI2LTAxLTI2XzIxMzcyMzg2OS5wbmciLCJzbGlkZXNob3ciOiI3NDMyNzg3In0%3D\">\n\t\t\t\t\t<div class=\"e-gallery-image elementor-gallery-item__image\" data-thumbnail=\"https:\/\/inzynier.rzeszow.pl\/wp-content\/uploads\/2025\/12\/obraz_2026-01-26_213723869-300x199.png\" data-width=\"300\" data-height=\"199\" aria-label=\"\" role=\"img\" ><\/div>\n\t\t\t\t\t\t\t\t\t\t\t<div class=\"elementor-gallery-item__overlay\"><\/div>\n\t\t\t\t\t\t\t\t\t\t\t\t\t\t<\/a>\n\t\t\t\t\t<\/div>\n\t\t\t\t\t<\/div>\n\t\t\t\t\t<\/div>\n\t\t\t\t<\/div>\n\t\t\t\t<\/div>\n\t\t","protected":false},"excerpt":{"rendered":"<p>15 grudnia 2025 r. w trybie hybrydowym odby\u0142o si\u0119 \u00a0\u201e\u015bwi\u0105teczne&#8221; posiedzenie Okr\u0119gowej Rady PDK OIIB.\u00a0W posiedzeniu opr\u00f3cz cz\u0142onk\u00f3w Okr\u0119gowej Rady [&hellip;]<\/p>\n","protected":false},"author":1,"featured_media":2961,"comment_status":"closed","ping_status":"closed","sticky":false,"template":"","format":"standard","meta":{"site-sidebar-layout":"default","site-content-layout":"","ast-site-content-layout":"default","site-content-style":"default","site-sidebar-style":"default","ast-global-header-display":"","ast-banner-title-visibility":"","ast-main-header-display":"","ast-hfb-above-header-display":"","ast-hfb-below-header-display":"","ast-hfb-mobile-header-display":"","site-post-title":"","ast-breadcrumbs-content":"","ast-featured-img":"","footer-sml-layout":"","ast-disable-related-posts":"","theme-transparent-header-meta":"","adv-header-id-meta":"","stick-header-meta":"","header-above-stick-meta":"","header-main-stick-meta":"","header-below-stick-meta":"","astra-migrate-meta-layouts":"default","ast-page-background-enabled":"default","ast-page-background-meta":{"desktop":{"background-color":"var(--ast-global-color-5)","background-image":"","background-repeat":"repeat","background-position":"center center","background-size":"auto","background-attachment":"scroll","background-type":"","background-media":"","overlay-type":"","overlay-color":"","overlay-opacity":"","overlay-gradient":""},"tablet":{"background-color":"","background-image":"","background-repeat":"repeat","background-position":"center center","background-size":"auto","background-attachment":"scroll","background-type":"","background-media":"","overlay-type":"","overlay-color":"","overlay-opacity":"","overlay-gradient":""},"mobile":{"background-color":"","background-image":"","background-repeat":"repeat","background-position":"center center","background-size":"auto","background-attachment":"scroll","background-type":"","background-media":"","overlay-type":"","overlay-color":"","overlay-opacity":"","overlay-gradient":""}},"ast-content-background-meta":{"desktop":{"background-color":"var(--ast-global-color-4)","background-image":"","background-repeat":"repeat","background-position":"center center","background-size":"auto","background-attachment":"scroll","background-type":"","background-media":"","overlay-type":"","overlay-color":"","overlay-opacity":"","overlay-gradient":""},"tablet":{"background-color":"var(--ast-global-color-4)","background-image":"","background-repeat":"repeat","background-position":"center center","background-size":"auto","background-attachment":"scroll","background-type":"","background-media":"","overlay-type":"","overlay-color":"","overlay-opacity":"","overlay-gradient":""},"mobile":{"background-color":"var(--ast-global-color-4)","background-image":"","background-repeat":"repeat","background-position":"center center","background-size":"auto","background-attachment":"scroll","background-type":"","background-media":"","overlay-type":"","overlay-color":"","overlay-opacity":"","overlay-gradient":""}},"footnotes":""},"categories":[7,16,55],"tags":[],"class_list":["post-2952","post","type-post","status-publish","format-standard","has-post-thumbnail","hentry","category-wydarzenia","category-z-zycia-izby","category-z-zycia-izby-rok-2025"],"yoast_head":"<!-- This site is optimized with the Yoast SEO plugin v27.5 - https:\/\/yoast.com\/product\/yoast-seo-wordpress\/ -->\n<title>Uroczyste posiedzenie Okr\u0119gowej Rady PDK OIIB - Podkarpacka Okregowa Izba Inzynierow Budownictwa<\/title>\n<meta name=\"robots\" content=\"index, follow, max-snippet:-1, max-image-preview:large, max-video-preview:-1\" \/>\n<link rel=\"canonical\" href=\"https:\/\/inzynier.rzeszow.pl\/index.php\/2025\/12\/16\/uroczyste-posiedzenie-okregowej-rady-pdk-oiib-15-grudnia\/\" \/>\n<meta property=\"og:locale\" content=\"pl_PL\" \/>\n<meta property=\"og:type\" content=\"article\" \/>\n<meta property=\"og:title\" content=\"Uroczyste posiedzenie Okr\u0119gowej Rady PDK OIIB - Podkarpacka Okregowa Izba Inzynierow Budownictwa\" \/>\n<meta property=\"og:description\" content=\"15 grudnia 2025 r. w trybie hybrydowym odby\u0142o si\u0119 \u00a0\u201e\u015bwi\u0105teczne&#8221; posiedzenie Okr\u0119gowej Rady PDK OIIB.\u00a0W posiedzeniu opr\u00f3cz cz\u0142onk\u00f3w Okr\u0119gowej Rady [&hellip;]\" \/>\n<meta property=\"og:url\" content=\"https:\/\/inzynier.rzeszow.pl\/index.php\/2025\/12\/16\/uroczyste-posiedzenie-okregowej-rady-pdk-oiib-15-grudnia\/\" \/>\n<meta property=\"og:site_name\" content=\"Podkarpacka Okregowa Izba Inzynierow Budownictwa\" \/>\n<meta property=\"article:published_time\" content=\"2025-12-16T13:21:10+00:00\" \/>\n<meta property=\"article:modified_time\" content=\"2026-02-13T13:36:28+00:00\" \/>\n<meta property=\"og:image\" content=\"https:\/\/inzynier.rzeszow.pl\/wp-content\/uploads\/2025\/12\/obraz_2026-01-26_213420575-1024x680.png\" \/>\n\t<meta property=\"og:image:width\" content=\"1024\" \/>\n\t<meta property=\"og:image:height\" content=\"680\" \/>\n\t<meta property=\"og:image:type\" content=\"image\/png\" \/>\n<meta name=\"author\" content=\"admin\" \/>\n<meta name=\"twitter:card\" content=\"summary_large_image\" \/>\n<meta name=\"twitter:label1\" content=\"Napisane przez\" \/>\n\t<meta name=\"twitter:data1\" content=\"admin\" \/>\n\t<meta name=\"twitter:label2\" content=\"Szacowany czas czytania\" \/>\n\t<meta name=\"twitter:data2\" content=\"1 minuta\" \/>\n<script type=\"application\/ld+json\" class=\"yoast-schema-graph\">{\"@context\":\"https:\\\/\\\/schema.org\",\"@graph\":[{\"@type\":\"Article\",\"@id\":\"https:\\\/\\\/inzynier.rzeszow.pl\\\/index.php\\\/2025\\\/12\\\/16\\\/uroczyste-posiedzenie-okregowej-rady-pdk-oiib-15-grudnia\\\/#article\",\"isPartOf\":{\"@id\":\"https:\\\/\\\/inzynier.rzeszow.pl\\\/index.php\\\/2025\\\/12\\\/16\\\/uroczyste-posiedzenie-okregowej-rady-pdk-oiib-15-grudnia\\\/\"},\"author\":{\"name\":\"admin\",\"@id\":\"https:\\\/\\\/inzynier.rzeszow.pl\\\/#\\\/schema\\\/person\\\/21ca162d893bdc5760a95d704e9b1e39\"},\"headline\":\"Uroczyste posiedzenie Okr\u0119gowej Rady PDK OIIB\",\"datePublished\":\"2025-12-16T13:21:10+00:00\",\"dateModified\":\"2026-02-13T13:36:28+00:00\",\"mainEntityOfPage\":{\"@id\":\"https:\\\/\\\/inzynier.rzeszow.pl\\\/index.php\\\/2025\\\/12\\\/16\\\/uroczyste-posiedzenie-okregowej-rady-pdk-oiib-15-grudnia\\\/\"},\"wordCount\":275,\"image\":{\"@id\":\"https:\\\/\\\/inzynier.rzeszow.pl\\\/index.php\\\/2025\\\/12\\\/16\\\/uroczyste-posiedzenie-okregowej-rady-pdk-oiib-15-grudnia\\\/#primaryimage\"},\"thumbnailUrl\":\"https:\\\/\\\/inzynier.rzeszow.pl\\\/wp-content\\\/uploads\\\/2025\\\/12\\\/obraz_2026-01-26_213420575.png\",\"articleSection\":[\"Wydarzenia\",\"Z \u017cycia izby\",\"Z \u017cycia Izby Rok 2025\"],\"inLanguage\":\"pl-PL\"},{\"@type\":\"WebPage\",\"@id\":\"https:\\\/\\\/inzynier.rzeszow.pl\\\/index.php\\\/2025\\\/12\\\/16\\\/uroczyste-posiedzenie-okregowej-rady-pdk-oiib-15-grudnia\\\/\",\"url\":\"https:\\\/\\\/inzynier.rzeszow.pl\\\/index.php\\\/2025\\\/12\\\/16\\\/uroczyste-posiedzenie-okregowej-rady-pdk-oiib-15-grudnia\\\/\",\"name\":\"Uroczyste posiedzenie Okr\u0119gowej Rady PDK OIIB - Podkarpacka Okregowa Izba Inzynierow Budownictwa\",\"isPartOf\":{\"@id\":\"https:\\\/\\\/inzynier.rzeszow.pl\\\/#website\"},\"primaryImageOfPage\":{\"@id\":\"https:\\\/\\\/inzynier.rzeszow.pl\\\/index.php\\\/2025\\\/12\\\/16\\\/uroczyste-posiedzenie-okregowej-rady-pdk-oiib-15-grudnia\\\/#primaryimage\"},\"image\":{\"@id\":\"https:\\\/\\\/inzynier.rzeszow.pl\\\/index.php\\\/2025\\\/12\\\/16\\\/uroczyste-posiedzenie-okregowej-rady-pdk-oiib-15-grudnia\\\/#primaryimage\"},\"thumbnailUrl\":\"https:\\\/\\\/inzynier.rzeszow.pl\\\/wp-content\\\/uploads\\\/2025\\\/12\\\/obraz_2026-01-26_213420575.png\",\"datePublished\":\"2025-12-16T13:21:10+00:00\",\"dateModified\":\"2026-02-13T13:36:28+00:00\",\"author\":{\"@id\":\"https:\\\/\\\/inzynier.rzeszow.pl\\\/#\\\/schema\\\/person\\\/21ca162d893bdc5760a95d704e9b1e39\"},\"breadcrumb\":{\"@id\":\"https:\\\/\\\/inzynier.rzeszow.pl\\\/index.php\\\/2025\\\/12\\\/16\\\/uroczyste-posiedzenie-okregowej-rady-pdk-oiib-15-grudnia\\\/#breadcrumb\"},\"inLanguage\":\"pl-PL\",\"potentialAction\":[{\"@type\":\"ReadAction\",\"target\":[\"https:\\\/\\\/inzynier.rzeszow.pl\\\/index.php\\\/2025\\\/12\\\/16\\\/uroczyste-posiedzenie-okregowej-rady-pdk-oiib-15-grudnia\\\/\"]}]},{\"@type\":\"ImageObject\",\"inLanguage\":\"pl-PL\",\"@id\":\"https:\\\/\\\/inzynier.rzeszow.pl\\\/index.php\\\/2025\\\/12\\\/16\\\/uroczyste-posiedzenie-okregowej-rady-pdk-oiib-15-grudnia\\\/#primaryimage\",\"url\":\"https:\\\/\\\/inzynier.rzeszow.pl\\\/wp-content\\\/uploads\\\/2025\\\/12\\\/obraz_2026-01-26_213420575.png\",\"contentUrl\":\"https:\\\/\\\/inzynier.rzeszow.pl\\\/wp-content\\\/uploads\\\/2025\\\/12\\\/obraz_2026-01-26_213420575.png\",\"width\":2000,\"height\":1328},{\"@type\":\"BreadcrumbList\",\"@id\":\"https:\\\/\\\/inzynier.rzeszow.pl\\\/index.php\\\/2025\\\/12\\\/16\\\/uroczyste-posiedzenie-okregowej-rady-pdk-oiib-15-grudnia\\\/#breadcrumb\",\"itemListElement\":[{\"@type\":\"ListItem\",\"position\":1,\"name\":\"Strona g\u0142\u00f3wna\",\"item\":\"https:\\\/\\\/inzynier.rzeszow.pl\\\/\"},{\"@type\":\"ListItem\",\"position\":2,\"name\":\"Uroczyste posiedzenie Okr\u0119gowej Rady PDK OIIB\"}]},{\"@type\":\"WebSite\",\"@id\":\"https:\\\/\\\/inzynier.rzeszow.pl\\\/#website\",\"url\":\"https:\\\/\\\/inzynier.rzeszow.pl\\\/\",\"name\":\"Podkarpacka Okregowa Izba Inzynierow Budownictwa\",\"description\":\"\",\"potentialAction\":[{\"@type\":\"SearchAction\",\"target\":{\"@type\":\"EntryPoint\",\"urlTemplate\":\"https:\\\/\\\/inzynier.rzeszow.pl\\\/?s={search_term_string}\"},\"query-input\":{\"@type\":\"PropertyValueSpecification\",\"valueRequired\":true,\"valueName\":\"search_term_string\"}}],\"inLanguage\":\"pl-PL\"},{\"@type\":\"Person\",\"@id\":\"https:\\\/\\\/inzynier.rzeszow.pl\\\/#\\\/schema\\\/person\\\/21ca162d893bdc5760a95d704e9b1e39\",\"name\":\"admin\",\"image\":{\"@type\":\"ImageObject\",\"inLanguage\":\"pl-PL\",\"@id\":\"https:\\\/\\\/secure.gravatar.com\\\/avatar\\\/d5d1959f10b94c8abcf928274f8bb5b8c7370b0dfadb0590911bacad18965f21?s=96&d=mm&r=g\",\"url\":\"https:\\\/\\\/secure.gravatar.com\\\/avatar\\\/d5d1959f10b94c8abcf928274f8bb5b8c7370b0dfadb0590911bacad18965f21?s=96&d=mm&r=g\",\"contentUrl\":\"https:\\\/\\\/secure.gravatar.com\\\/avatar\\\/d5d1959f10b94c8abcf928274f8bb5b8c7370b0dfadb0590911bacad18965f21?s=96&d=mm&r=g\",\"caption\":\"admin\"},\"sameAs\":[\"https:\\\/\\\/migracja.inzynier.rzeszow.pl\"],\"url\":\"https:\\\/\\\/inzynier.rzeszow.pl\\\/index.php\\\/author\\\/kwojcik\\\/\"}]}<\/script>\n<!-- \/ Yoast SEO plugin. -->","yoast_head_json":{"title":"Uroczyste posiedzenie Okr\u0119gowej Rady PDK OIIB - Podkarpacka Okregowa Izba Inzynierow Budownictwa","robots":{"index":"index","follow":"follow","max-snippet":"max-snippet:-1","max-image-preview":"max-image-preview:large","max-video-preview":"max-video-preview:-1"},"canonical":"https:\/\/inzynier.rzeszow.pl\/index.php\/2025\/12\/16\/uroczyste-posiedzenie-okregowej-rady-pdk-oiib-15-grudnia\/","og_locale":"pl_PL","og_type":"article","og_title":"Uroczyste posiedzenie Okr\u0119gowej Rady PDK OIIB - Podkarpacka Okregowa Izba Inzynierow Budownictwa","og_description":"15 grudnia 2025 r. w trybie hybrydowym odby\u0142o si\u0119 \u00a0\u201e\u015bwi\u0105teczne&#8221; posiedzenie Okr\u0119gowej Rady PDK OIIB.\u00a0W posiedzeniu opr\u00f3cz cz\u0142onk\u00f3w Okr\u0119gowej Rady [&hellip;]","og_url":"https:\/\/inzynier.rzeszow.pl\/index.php\/2025\/12\/16\/uroczyste-posiedzenie-okregowej-rady-pdk-oiib-15-grudnia\/","og_site_name":"Podkarpacka Okregowa Izba Inzynierow Budownictwa","article_published_time":"2025-12-16T13:21:10+00:00","article_modified_time":"2026-02-13T13:36:28+00:00","og_image":[{"width":1024,"height":680,"url":"https:\/\/inzynier.rzeszow.pl\/wp-content\/uploads\/2025\/12\/obraz_2026-01-26_213420575-1024x680.png","type":"image\/png"}],"author":"admin","twitter_card":"summary_large_image","twitter_misc":{"Napisane przez":"admin","Szacowany czas czytania":"1 minuta"},"schema":{"@context":"https:\/\/schema.org","@graph":[{"@type":"Article","@id":"https:\/\/inzynier.rzeszow.pl\/index.php\/2025\/12\/16\/uroczyste-posiedzenie-okregowej-rady-pdk-oiib-15-grudnia\/#article","isPartOf":{"@id":"https:\/\/inzynier.rzeszow.pl\/index.php\/2025\/12\/16\/uroczyste-posiedzenie-okregowej-rady-pdk-oiib-15-grudnia\/"},"author":{"name":"admin","@id":"https:\/\/inzynier.rzeszow.pl\/#\/schema\/person\/21ca162d893bdc5760a95d704e9b1e39"},"headline":"Uroczyste posiedzenie Okr\u0119gowej Rady PDK OIIB","datePublished":"2025-12-16T13:21:10+00:00","dateModified":"2026-02-13T13:36:28+00:00","mainEntityOfPage":{"@id":"https:\/\/inzynier.rzeszow.pl\/index.php\/2025\/12\/16\/uroczyste-posiedzenie-okregowej-rady-pdk-oiib-15-grudnia\/"},"wordCount":275,"image":{"@id":"https:\/\/inzynier.rzeszow.pl\/index.php\/2025\/12\/16\/uroczyste-posiedzenie-okregowej-rady-pdk-oiib-15-grudnia\/#primaryimage"},"thumbnailUrl":"https:\/\/inzynier.rzeszow.pl\/wp-content\/uploads\/2025\/12\/obraz_2026-01-26_213420575.png","articleSection":["Wydarzenia","Z \u017cycia izby","Z \u017cycia Izby Rok 2025"],"inLanguage":"pl-PL"},{"@type":"WebPage","@id":"https:\/\/inzynier.rzeszow.pl\/index.php\/2025\/12\/16\/uroczyste-posiedzenie-okregowej-rady-pdk-oiib-15-grudnia\/","url":"https:\/\/inzynier.rzeszow.pl\/index.php\/2025\/12\/16\/uroczyste-posiedzenie-okregowej-rady-pdk-oiib-15-grudnia\/","name":"Uroczyste posiedzenie Okr\u0119gowej Rady PDK OIIB - Podkarpacka Okregowa Izba Inzynierow Budownictwa","isPartOf":{"@id":"https:\/\/inzynier.rzeszow.pl\/#website"},"primaryImageOfPage":{"@id":"https:\/\/inzynier.rzeszow.pl\/index.php\/2025\/12\/16\/uroczyste-posiedzenie-okregowej-rady-pdk-oiib-15-grudnia\/#primaryimage"},"image":{"@id":"https:\/\/inzynier.rzeszow.pl\/index.php\/2025\/12\/16\/uroczyste-posiedzenie-okregowej-rady-pdk-oiib-15-grudnia\/#primaryimage"},"thumbnailUrl":"https:\/\/inzynier.rzeszow.pl\/wp-content\/uploads\/2025\/12\/obraz_2026-01-26_213420575.png","datePublished":"2025-12-16T13:21:10+00:00","dateModified":"2026-02-13T13:36:28+00:00","author":{"@id":"https:\/\/inzynier.rzeszow.pl\/#\/schema\/person\/21ca162d893bdc5760a95d704e9b1e39"},"breadcrumb":{"@id":"https:\/\/inzynier.rzeszow.pl\/index.php\/2025\/12\/16\/uroczyste-posiedzenie-okregowej-rady-pdk-oiib-15-grudnia\/#breadcrumb"},"inLanguage":"pl-PL","potentialAction":[{"@type":"ReadAction","target":["https:\/\/inzynier.rzeszow.pl\/index.php\/2025\/12\/16\/uroczyste-posiedzenie-okregowej-rady-pdk-oiib-15-grudnia\/"]}]},{"@type":"ImageObject","inLanguage":"pl-PL","@id":"https:\/\/inzynier.rzeszow.pl\/index.php\/2025\/12\/16\/uroczyste-posiedzenie-okregowej-rady-pdk-oiib-15-grudnia\/#primaryimage","url":"https:\/\/inzynier.rzeszow.pl\/wp-content\/uploads\/2025\/12\/obraz_2026-01-26_213420575.png","contentUrl":"https:\/\/inzynier.rzeszow.pl\/wp-content\/uploads\/2025\/12\/obraz_2026-01-26_213420575.png","width":2000,"height":1328},{"@type":"BreadcrumbList","@id":"https:\/\/inzynier.rzeszow.pl\/index.php\/2025\/12\/16\/uroczyste-posiedzenie-okregowej-rady-pdk-oiib-15-grudnia\/#breadcrumb","itemListElement":[{"@type":"ListItem","position":1,"name":"Strona g\u0142\u00f3wna","item":"https:\/\/inzynier.rzeszow.pl\/"},{"@type":"ListItem","position":2,"name":"Uroczyste posiedzenie Okr\u0119gowej Rady PDK OIIB"}]},{"@type":"WebSite","@id":"https:\/\/inzynier.rzeszow.pl\/#website","url":"https:\/\/inzynier.rzeszow.pl\/","name":"Podkarpacka Okregowa Izba Inzynierow Budownictwa","description":"","potentialAction":[{"@type":"SearchAction","target":{"@type":"EntryPoint","urlTemplate":"https:\/\/inzynier.rzeszow.pl\/?s={search_term_string}"},"query-input":{"@type":"PropertyValueSpecification","valueRequired":true,"valueName":"search_term_string"}}],"inLanguage":"pl-PL"},{"@type":"Person","@id":"https:\/\/inzynier.rzeszow.pl\/#\/schema\/person\/21ca162d893bdc5760a95d704e9b1e39","name":"admin","image":{"@type":"ImageObject","inLanguage":"pl-PL","@id":"https:\/\/secure.gravatar.com\/avatar\/d5d1959f10b94c8abcf928274f8bb5b8c7370b0dfadb0590911bacad18965f21?s=96&d=mm&r=g","url":"https:\/\/secure.gravatar.com\/avatar\/d5d1959f10b94c8abcf928274f8bb5b8c7370b0dfadb0590911bacad18965f21?s=96&d=mm&r=g","contentUrl":"https:\/\/secure.gravatar.com\/avatar\/d5d1959f10b94c8abcf928274f8bb5b8c7370b0dfadb0590911bacad18965f21?s=96&d=mm&r=g","caption":"admin"},"sameAs":["https:\/\/migracja.inzynier.rzeszow.pl"],"url":"https:\/\/inzynier.rzeszow.pl\/index.php\/author\/kwojcik\/"}]}},"rttpg_featured_image_url":{"full":["https:\/\/inzynier.rzeszow.pl\/wp-content\/uploads\/2025\/12\/obraz_2026-01-26_213420575.png",2000,1328,false],"landscape":["https:\/\/inzynier.rzeszow.pl\/wp-content\/uploads\/2025\/12\/obraz_2026-01-26_213420575.png",2000,1328,false],"portraits":["https:\/\/inzynier.rzeszow.pl\/wp-content\/uploads\/2025\/12\/obraz_2026-01-26_213420575.png",2000,1328,false],"thumbnail":["https:\/\/inzynier.rzeszow.pl\/wp-content\/uploads\/2025\/12\/obraz_2026-01-26_213420575-150x150.png",150,150,true],"medium":["https:\/\/inzynier.rzeszow.pl\/wp-content\/uploads\/2025\/12\/obraz_2026-01-26_213420575-300x199.png",300,199,true],"large":["https:\/\/inzynier.rzeszow.pl\/wp-content\/uploads\/2025\/12\/obraz_2026-01-26_213420575-1024x680.png",1024,680,true],"1536x1536":["https:\/\/inzynier.rzeszow.pl\/wp-content\/uploads\/2025\/12\/obraz_2026-01-26_213420575-1536x1020.png",1536,1020,true],"2048x2048":["https:\/\/inzynier.rzeszow.pl\/wp-content\/uploads\/2025\/12\/obraz_2026-01-26_213420575.png",2000,1328,false]},"rttpg_author":{"display_name":"admin","author_link":"https:\/\/inzynier.rzeszow.pl\/index.php\/author\/kwojcik\/"},"rttpg_comment":0,"rttpg_category":"<a href=\"https:\/\/inzynier.rzeszow.pl\/index.php\/category\/wydarzenia\/\" rel=\"category tag\">Wydarzenia<\/a> <a href=\"https:\/\/inzynier.rzeszow.pl\/index.php\/category\/z-zycia-izby\/\" rel=\"category tag\">Z \u017cycia izby<\/a> <a href=\"https:\/\/inzynier.rzeszow.pl\/index.php\/category\/z-zycia-izby\/z-zycia-izby-rok-2025\/\" rel=\"category tag\">Z \u017cycia Izby Rok 2025<\/a>","rttpg_excerpt":"15 grudnia 2025 r. w trybie hybrydowym odby\u0142o si\u0119 \u00a0\u201e\u015bwi\u0105teczne&#8221; posiedzenie Okr\u0119gowej Rady PDK OIIB.\u00a0W posiedzeniu opr\u00f3cz cz\u0142onk\u00f3w Okr\u0119gowej Rady [&hellip;]","_links":{"self":[{"href":"https:\/\/inzynier.rzeszow.pl\/index.php\/wp-json\/wp\/v2\/posts\/2952","targetHints":{"allow":["GET"]}}],"collection":[{"href":"https:\/\/inzynier.rzeszow.pl\/index.php\/wp-json\/wp\/v2\/posts"}],"about":[{"href":"https:\/\/inzynier.rzeszow.pl\/index.php\/wp-json\/wp\/v2\/types\/post"}],"author":[{"embeddable":true,"href":"https:\/\/inzynier.rzeszow.pl\/index.php\/wp-json\/wp\/v2\/users\/1"}],"replies":[{"embeddable":true,"href":"https:\/\/inzynier.rzeszow.pl\/index.php\/wp-json\/wp\/v2\/comments?post=2952"}],"version-history":[{"count":5,"href":"https:\/\/inzynier.rzeszow.pl\/index.php\/wp-json\/wp\/v2\/posts\/2952\/revisions"}],"predecessor-version":[{"id":2971,"href":"https:\/\/inzynier.rzeszow.pl\/index.php\/wp-json\/wp\/v2\/posts\/2952\/revisions\/2971"}],"wp:featuredmedia":[{"embeddable":true,"href":"https:\/\/inzynier.rzeszow.pl\/index.php\/wp-json\/wp\/v2\/media\/2961"}],"wp:attachment":[{"href":"https:\/\/inzynier.rzeszow.pl\/index.php\/wp-json\/wp\/v2\/media?parent=2952"}],"wp:term":[{"taxonomy":"category","embeddable":true,"href":"https:\/\/inzynier.rzeszow.pl\/index.php\/wp-json\/wp\/v2\/categories?post=2952"},{"taxonomy":"post_tag","embeddable":true,"href":"https:\/\/inzynier.rzeszow.pl\/index.php\/wp-json\/wp\/v2\/tags?post=2952"}],"curies":[{"name":"wp","href":"https:\/\/api.w.org\/{rel}","templated":true}]}}