{"id":2947,"date":"2025-11-30T08:53:30","date_gmt":"2025-11-30T08:53:30","guid":{"rendered":"https:\/\/migracja.inzynier.rzeszow.pl\/?p=2947"},"modified":"2026-02-13T13:36:28","modified_gmt":"2026-02-13T13:36:28","slug":"z-wizyta-w-slaskiej-oiib","status":"publish","type":"post","link":"https:\/\/inzynier.rzeszow.pl\/index.php\/2025\/11\/30\/z-wizyta-w-slaskiej-oiib\/","title":{"rendered":"Z wizyt\u0105 w \u015al\u0105skiej OIIB"},"content":{"rendered":"\t\t<div data-elementor-type=\"wp-post\" data-elementor-id=\"2947\" class=\"elementor elementor-2947\" data-elementor-post-type=\"post\">\n\t\t\t\t<div class=\"elementor-element elementor-element-4f70bb6 e-flex e-con-boxed e-con e-parent\" data-id=\"4f70bb6\" data-element_type=\"container\" data-e-type=\"container\">\n\t\t\t\t\t<div class=\"e-con-inner\">\n\t\t<div class=\"elementor-element elementor-element-44b5713 e-con-full e-flex e-con e-child\" data-id=\"44b5713\" data-element_type=\"container\" data-e-type=\"container\">\n\t\t\t\t<div class=\"elementor-element elementor-element-f3497ff elementor-widget elementor-widget-image\" data-id=\"f3497ff\" data-element_type=\"widget\" data-e-type=\"widget\" data-widget_type=\"image.default\">\n\t\t\t\t\t\t\t\t\t\t\t\t\t\t\t<img fetchpriority=\"high\" decoding=\"async\" width=\"1024\" height=\"768\" src=\"https:\/\/inzynier.rzeszow.pl\/wp-content\/uploads\/2025\/11\/obraz_2026-01-26_220107277-1024x768.png\" class=\"attachment-large size-large wp-image-3000\" alt=\"\" srcset=\"https:\/\/inzynier.rzeszow.pl\/wp-content\/uploads\/2025\/11\/obraz_2026-01-26_220107277-1024x768.png 1024w, https:\/\/inzynier.rzeszow.pl\/wp-content\/uploads\/2025\/11\/obraz_2026-01-26_220107277-300x225.png 300w, https:\/\/inzynier.rzeszow.pl\/wp-content\/uploads\/2025\/11\/obraz_2026-01-26_220107277-768x576.png 768w, https:\/\/inzynier.rzeszow.pl\/wp-content\/uploads\/2025\/11\/obraz_2026-01-26_220107277-1536x1152.png 1536w, https:\/\/inzynier.rzeszow.pl\/wp-content\/uploads\/2025\/11\/obraz_2026-01-26_220107277.png 1600w\" sizes=\"(max-width: 1024px) 100vw, 1024px\" \/>\t\t\t\t\t\t\t\t\t\t\t\t\t\t\t<\/div>\n\t\t\t\t<\/div>\n\t\t<div class=\"elementor-element elementor-element-5c2e3bd e-con-full e-flex e-con e-child\" data-id=\"5c2e3bd\" data-element_type=\"container\" data-e-type=\"container\">\n\t\t\t\t<div class=\"elementor-element elementor-element-d681aaf elementor-widget elementor-widget-text-editor\" data-id=\"d681aaf\" data-element_type=\"widget\" data-e-type=\"widget\" data-widget_type=\"text-editor.default\">\n\t\t\t\t\t\t\t\t\t<p><span class=\"x193iq5w\">W Filharmonii \u015al\u0105skiej w Katowicach odby\u0142a si\u0119 w dniu 29 listopada 2025 r. 27 \u015al\u0105ska Gala Budownictwa organizowana przez \u015al\u0105sk\u0105 OIIB. Jest to integracja \u015brodowiska budowlanego, ale te\u017c wyr\u00f3\u017cnienia dla in\u017cynier\u00f3w!\u00a0<\/span><br \/><br \/>Podczas uroczysto\u015bci zosta\u0142y uhonorowane osobowo\u015bci, kt\u00f3re na co dzie\u0144 kszta\u0142tuj\u0105 nasz samorz\u0105d zawodowy. W\u015br\u00f3d grona nagrodzonych jest przewodnicz\u0105cy OR PDK OIIB Grzegorz Dubik, kt\u00f3ry otrzyma\u0142 z tej okazji pami\u0105tkowy medal i podzi\u0119kowanie za wieloletni\u0105 wsp\u00f3\u0142prac\u0119:\u00a0<br \/><span class=\"x193iq5w\"><br \/><em>\u2026Niech ten medal b\u0119dzie podzi\u0119kowaniem za o\u015bmioletni\u0105 wsp\u00f3\u0142prac\u0119 ze \u015al\u0105sk\u0105 Okr\u0119gowa Izb\u0105 In\u017cynier\u00f3w Budownictwa, za ka\u017cde wyzwanie, kt\u00f3re podejmowali\u015bmy razem i za ka\u017cdy sukces, kt\u00f3ry sta\u0142 si\u0119 naszym wsp\u00f3lnym dzie\u0142em. A nasz a praca i wsp\u00f3\u0142praca niech pozostan\u0105 \u015bwiadectwem tego, \u017ce budowanie to tak\u017ce tworzenie wi\u0119zi, kt\u00f3re trwaj\u0105 przez lata\u2026\u201d Roman Karwowski przewodnicz\u0105cy OR \u015al\u0105skiej OIIB.<br \/><\/em><\/span><\/p>\t\t\t\t\t\t\t\t<\/div>\n\t\t\t\t<\/div>\n\t\t\t\t\t<\/div>\n\t\t\t\t<\/div>\n\t\t<div class=\"elementor-element elementor-element-c92df10 e-flex e-con-boxed e-con e-parent\" data-id=\"c92df10\" data-element_type=\"container\" data-e-type=\"container\">\n\t\t\t\t\t<div class=\"e-con-inner\">\n\t\t\t\t<div class=\"elementor-element elementor-element-7432787 elementor-widget elementor-widget-gallery\" data-id=\"7432787\" data-element_type=\"widget\" data-e-type=\"widget\" data-settings=\"{&quot;columns&quot;:3,&quot;lazyload&quot;:&quot;yes&quot;,&quot;gallery_layout&quot;:&quot;grid&quot;,&quot;columns_tablet&quot;:2,&quot;columns_mobile&quot;:1,&quot;gap&quot;:{&quot;unit&quot;:&quot;px&quot;,&quot;size&quot;:10,&quot;sizes&quot;:[]},&quot;gap_tablet&quot;:{&quot;unit&quot;:&quot;px&quot;,&quot;size&quot;:10,&quot;sizes&quot;:[]},&quot;gap_mobile&quot;:{&quot;unit&quot;:&quot;px&quot;,&quot;size&quot;:10,&quot;sizes&quot;:[]},&quot;link_to&quot;:&quot;file&quot;,&quot;aspect_ratio&quot;:&quot;3:2&quot;,&quot;overlay_background&quot;:&quot;yes&quot;,&quot;content_hover_animation&quot;:&quot;fade-in&quot;}\" data-widget_type=\"gallery.default\">\n\t\t\t\t\t\t\t<div class=\"elementor-gallery__container\">\n\t\t\t\t\t\t\t<a class=\"e-gallery-item elementor-gallery-item elementor-animated-content\" href=\"https:\/\/inzynier.rzeszow.pl\/wp-content\/uploads\/2025\/11\/obraz_2026-01-26_220215867.png\" data-elementor-open-lightbox=\"yes\" data-elementor-lightbox-slideshow=\"7432787\" data-e-action-hash=\"#elementor-action%3Aaction%3Dlightbox%26settings%3DeyJpZCI6MzAwMSwidXJsIjoiaHR0cHM6XC9cL2luenluaWVyLnJ6ZXN6b3cucGxcL3dwLWNvbnRlbnRcL3VwbG9hZHNcLzIwMjVcLzExXC9vYnJhel8yMDI2LTAxLTI2XzIyMDIxNTg2Ny5wbmciLCJzbGlkZXNob3ciOiI3NDMyNzg3In0%3D\">\n\t\t\t\t\t<div class=\"e-gallery-image elementor-gallery-item__image\" data-thumbnail=\"https:\/\/inzynier.rzeszow.pl\/wp-content\/uploads\/2025\/11\/obraz_2026-01-26_220215867-768x1048.png\" data-width=\"768\" data-height=\"1048\" aria-label=\"\" role=\"img\" ><\/div>\n\t\t\t\t\t\t\t\t\t\t\t<div class=\"elementor-gallery-item__overlay\"><\/div>\n\t\t\t\t\t\t\t\t\t\t\t\t\t\t<\/a>\n\t\t\t\t\t\t\t<a class=\"e-gallery-item elementor-gallery-item elementor-animated-content\" href=\"https:\/\/inzynier.rzeszow.pl\/wp-content\/uploads\/2025\/11\/obraz_2026-01-26_220220937.png\" data-elementor-open-lightbox=\"yes\" data-elementor-lightbox-slideshow=\"7432787\" data-e-action-hash=\"#elementor-action%3Aaction%3Dlightbox%26settings%3DeyJpZCI6MzAwMiwidXJsIjoiaHR0cHM6XC9cL2luenluaWVyLnJ6ZXN6b3cucGxcL3dwLWNvbnRlbnRcL3VwbG9hZHNcLzIwMjVcLzExXC9vYnJhel8yMDI2LTAxLTI2XzIyMDIyMDkzNy5wbmciLCJzbGlkZXNob3ciOiI3NDMyNzg3In0%3D\">\n\t\t\t\t\t<div class=\"e-gallery-image elementor-gallery-item__image\" data-thumbnail=\"https:\/\/inzynier.rzeszow.pl\/wp-content\/uploads\/2025\/11\/obraz_2026-01-26_220220937-768x1004.png\" data-width=\"768\" data-height=\"1004\" aria-label=\"\" role=\"img\" ><\/div>\n\t\t\t\t\t\t\t\t\t\t\t<div class=\"elementor-gallery-item__overlay\"><\/div>\n\t\t\t\t\t\t\t\t\t\t\t\t\t\t<\/a>\n\t\t\t\t\t\t\t<a class=\"e-gallery-item elementor-gallery-item elementor-animated-content\" href=\"https:\/\/inzynier.rzeszow.pl\/wp-content\/uploads\/2025\/11\/obraz_2026-01-26_220226217.png\" data-elementor-open-lightbox=\"yes\" data-elementor-lightbox-slideshow=\"7432787\" data-e-action-hash=\"#elementor-action%3Aaction%3Dlightbox%26settings%3DeyJpZCI6MzAwMywidXJsIjoiaHR0cHM6XC9cL2luenluaWVyLnJ6ZXN6b3cucGxcL3dwLWNvbnRlbnRcL3VwbG9hZHNcLzIwMjVcLzExXC9vYnJhel8yMDI2LTAxLTI2XzIyMDIyNjIxNy5wbmciLCJzbGlkZXNob3ciOiI3NDMyNzg3In0%3D\">\n\t\t\t\t\t<div class=\"e-gallery-image elementor-gallery-item__image\" data-thumbnail=\"https:\/\/inzynier.rzeszow.pl\/wp-content\/uploads\/2025\/11\/obraz_2026-01-26_220226217-768x1024.png\" data-width=\"768\" data-height=\"1024\" aria-label=\"\" role=\"img\" ><\/div>\n\t\t\t\t\t\t\t\t\t\t\t<div class=\"elementor-gallery-item__overlay\"><\/div>\n\t\t\t\t\t\t\t\t\t\t\t\t\t\t<\/a>\n\t\t\t\t\t<\/div>\n\t\t\t\t\t<\/div>\n\t\t\t\t\t<\/div>\n\t\t\t\t<\/div>\n\t\t\t\t<\/div>\n\t\t","protected":false},"excerpt":{"rendered":"<p>W Filharmonii \u015al\u0105skiej w Katowicach odby\u0142a si\u0119 w dniu 29 listopada 2025 r. 27 \u015al\u0105ska Gala Budownictwa organizowana przez \u015al\u0105sk\u0105 [&hellip;]<\/p>\n","protected":false},"author":1,"featured_media":3000,"comment_status":"closed","ping_status":"closed","sticky":false,"template":"","format":"standard","meta":{"site-sidebar-layout":"default","site-content-layout":"","ast-site-content-layout":"default","site-content-style":"default","site-sidebar-style":"default","ast-global-header-display":"","ast-banner-title-visibility":"","ast-main-header-display":"","ast-hfb-above-header-display":"","ast-hfb-below-header-display":"","ast-hfb-mobile-header-display":"","site-post-title":"","ast-breadcrumbs-content":"","ast-featured-img":"","footer-sml-layout":"","ast-disable-related-posts":"","theme-transparent-header-meta":"","adv-header-id-meta":"","stick-header-meta":"","header-above-stick-meta":"","header-main-stick-meta":"","header-below-stick-meta":"","astra-migrate-meta-layouts":"default","ast-page-background-enabled":"default","ast-page-background-meta":{"desktop":{"background-color":"var(--ast-global-color-5)","background-image":"","background-repeat":"repeat","background-position":"center center","background-size":"auto","background-attachment":"scroll","background-type":"","background-media":"","overlay-type":"","overlay-color":"","overlay-opacity":"","overlay-gradient":""},"tablet":{"background-color":"","background-image":"","background-repeat":"repeat","background-position":"center center","background-size":"auto","background-attachment":"scroll","background-type":"","background-media":"","overlay-type":"","overlay-color":"","overlay-opacity":"","overlay-gradient":""},"mobile":{"background-color":"","background-image":"","background-repeat":"repeat","background-position":"center center","background-size":"auto","background-attachment":"scroll","background-type":"","background-media":"","overlay-type":"","overlay-color":"","overlay-opacity":"","overlay-gradient":""}},"ast-content-background-meta":{"desktop":{"background-color":"var(--ast-global-color-4)","background-image":"","background-repeat":"repeat","background-position":"center center","background-size":"auto","background-attachment":"scroll","background-type":"","background-media":"","overlay-type":"","overlay-color":"","overlay-opacity":"","overlay-gradient":""},"tablet":{"background-color":"var(--ast-global-color-4)","background-image":"","background-repeat":"repeat","background-position":"center center","background-size":"auto","background-attachment":"scroll","background-type":"","background-media":"","overlay-type":"","overlay-color":"","overlay-opacity":"","overlay-gradient":""},"mobile":{"background-color":"var(--ast-global-color-4)","background-image":"","background-repeat":"repeat","background-position":"center center","background-size":"auto","background-attachment":"scroll","background-type":"","background-media":"","overlay-type":"","overlay-color":"","overlay-opacity":"","overlay-gradient":""}},"footnotes":""},"categories":[7,16,55],"tags":[],"class_list":["post-2947","post","type-post","status-publish","format-standard","has-post-thumbnail","hentry","category-wydarzenia","category-z-zycia-izby","category-z-zycia-izby-rok-2025"],"yoast_head":"<!-- This site is optimized with the Yoast SEO plugin v27.5 - https:\/\/yoast.com\/product\/yoast-seo-wordpress\/ -->\n<title>Z wizyt\u0105 w \u015al\u0105skiej OIIB - Podkarpacka Okregowa Izba Inzynierow Budownictwa<\/title>\n<meta name=\"robots\" content=\"index, follow, max-snippet:-1, max-image-preview:large, max-video-preview:-1\" \/>\n<link rel=\"canonical\" href=\"https:\/\/inzynier.rzeszow.pl\/index.php\/2025\/11\/30\/z-wizyta-w-slaskiej-oiib\/\" \/>\n<meta property=\"og:locale\" content=\"pl_PL\" \/>\n<meta property=\"og:type\" content=\"article\" \/>\n<meta property=\"og:title\" content=\"Z wizyt\u0105 w \u015al\u0105skiej OIIB - Podkarpacka Okregowa Izba Inzynierow Budownictwa\" \/>\n<meta property=\"og:description\" content=\"W Filharmonii \u015al\u0105skiej w Katowicach odby\u0142a si\u0119 w dniu 29 listopada 2025 r. 27 \u015al\u0105ska Gala Budownictwa organizowana przez \u015al\u0105sk\u0105 [&hellip;]\" \/>\n<meta property=\"og:url\" content=\"https:\/\/inzynier.rzeszow.pl\/index.php\/2025\/11\/30\/z-wizyta-w-slaskiej-oiib\/\" \/>\n<meta property=\"og:site_name\" content=\"Podkarpacka Okregowa Izba Inzynierow Budownictwa\" \/>\n<meta property=\"article:published_time\" content=\"2025-11-30T08:53:30+00:00\" \/>\n<meta property=\"article:modified_time\" content=\"2026-02-13T13:36:28+00:00\" \/>\n<meta property=\"og:image\" content=\"https:\/\/inzynier.rzeszow.pl\/wp-content\/uploads\/2025\/11\/obraz_2026-01-26_220107277.png\" \/>\n\t<meta property=\"og:image:width\" content=\"1600\" \/>\n\t<meta property=\"og:image:height\" content=\"1200\" \/>\n\t<meta property=\"og:image:type\" content=\"image\/png\" \/>\n<meta name=\"author\" content=\"admin\" \/>\n<meta name=\"twitter:card\" content=\"summary_large_image\" \/>\n<meta name=\"twitter:label1\" content=\"Napisane przez\" \/>\n\t<meta name=\"twitter:data1\" content=\"admin\" \/>\n\t<meta name=\"twitter:label2\" content=\"Szacowany czas czytania\" \/>\n\t<meta name=\"twitter:data2\" content=\"1 minuta\" \/>\n<script type=\"application\/ld+json\" class=\"yoast-schema-graph\">{\"@context\":\"https:\\\/\\\/schema.org\",\"@graph\":[{\"@type\":\"Article\",\"@id\":\"https:\\\/\\\/inzynier.rzeszow.pl\\\/index.php\\\/2025\\\/11\\\/30\\\/z-wizyta-w-slaskiej-oiib\\\/#article\",\"isPartOf\":{\"@id\":\"https:\\\/\\\/inzynier.rzeszow.pl\\\/index.php\\\/2025\\\/11\\\/30\\\/z-wizyta-w-slaskiej-oiib\\\/\"},\"author\":{\"name\":\"admin\",\"@id\":\"https:\\\/\\\/inzynier.rzeszow.pl\\\/#\\\/schema\\\/person\\\/21ca162d893bdc5760a95d704e9b1e39\"},\"headline\":\"Z wizyt\u0105 w \u015al\u0105skiej OIIB\",\"datePublished\":\"2025-11-30T08:53:30+00:00\",\"dateModified\":\"2026-02-13T13:36:28+00:00\",\"mainEntityOfPage\":{\"@id\":\"https:\\\/\\\/inzynier.rzeszow.pl\\\/index.php\\\/2025\\\/11\\\/30\\\/z-wizyta-w-slaskiej-oiib\\\/\"},\"wordCount\":166,\"image\":{\"@id\":\"https:\\\/\\\/inzynier.rzeszow.pl\\\/index.php\\\/2025\\\/11\\\/30\\\/z-wizyta-w-slaskiej-oiib\\\/#primaryimage\"},\"thumbnailUrl\":\"https:\\\/\\\/inzynier.rzeszow.pl\\\/wp-content\\\/uploads\\\/2025\\\/11\\\/obraz_2026-01-26_220107277.png\",\"articleSection\":[\"Wydarzenia\",\"Z \u017cycia izby\",\"Z \u017cycia Izby Rok 2025\"],\"inLanguage\":\"pl-PL\"},{\"@type\":\"WebPage\",\"@id\":\"https:\\\/\\\/inzynier.rzeszow.pl\\\/index.php\\\/2025\\\/11\\\/30\\\/z-wizyta-w-slaskiej-oiib\\\/\",\"url\":\"https:\\\/\\\/inzynier.rzeszow.pl\\\/index.php\\\/2025\\\/11\\\/30\\\/z-wizyta-w-slaskiej-oiib\\\/\",\"name\":\"Z wizyt\u0105 w \u015al\u0105skiej OIIB - Podkarpacka Okregowa Izba Inzynierow Budownictwa\",\"isPartOf\":{\"@id\":\"https:\\\/\\\/inzynier.rzeszow.pl\\\/#website\"},\"primaryImageOfPage\":{\"@id\":\"https:\\\/\\\/inzynier.rzeszow.pl\\\/index.php\\\/2025\\\/11\\\/30\\\/z-wizyta-w-slaskiej-oiib\\\/#primaryimage\"},\"image\":{\"@id\":\"https:\\\/\\\/inzynier.rzeszow.pl\\\/index.php\\\/2025\\\/11\\\/30\\\/z-wizyta-w-slaskiej-oiib\\\/#primaryimage\"},\"thumbnailUrl\":\"https:\\\/\\\/inzynier.rzeszow.pl\\\/wp-content\\\/uploads\\\/2025\\\/11\\\/obraz_2026-01-26_220107277.png\",\"datePublished\":\"2025-11-30T08:53:30+00:00\",\"dateModified\":\"2026-02-13T13:36:28+00:00\",\"author\":{\"@id\":\"https:\\\/\\\/inzynier.rzeszow.pl\\\/#\\\/schema\\\/person\\\/21ca162d893bdc5760a95d704e9b1e39\"},\"breadcrumb\":{\"@id\":\"https:\\\/\\\/inzynier.rzeszow.pl\\\/index.php\\\/2025\\\/11\\\/30\\\/z-wizyta-w-slaskiej-oiib\\\/#breadcrumb\"},\"inLanguage\":\"pl-PL\",\"potentialAction\":[{\"@type\":\"ReadAction\",\"target\":[\"https:\\\/\\\/inzynier.rzeszow.pl\\\/index.php\\\/2025\\\/11\\\/30\\\/z-wizyta-w-slaskiej-oiib\\\/\"]}]},{\"@type\":\"ImageObject\",\"inLanguage\":\"pl-PL\",\"@id\":\"https:\\\/\\\/inzynier.rzeszow.pl\\\/index.php\\\/2025\\\/11\\\/30\\\/z-wizyta-w-slaskiej-oiib\\\/#primaryimage\",\"url\":\"https:\\\/\\\/inzynier.rzeszow.pl\\\/wp-content\\\/uploads\\\/2025\\\/11\\\/obraz_2026-01-26_220107277.png\",\"contentUrl\":\"https:\\\/\\\/inzynier.rzeszow.pl\\\/wp-content\\\/uploads\\\/2025\\\/11\\\/obraz_2026-01-26_220107277.png\",\"width\":1600,\"height\":1200},{\"@type\":\"BreadcrumbList\",\"@id\":\"https:\\\/\\\/inzynier.rzeszow.pl\\\/index.php\\\/2025\\\/11\\\/30\\\/z-wizyta-w-slaskiej-oiib\\\/#breadcrumb\",\"itemListElement\":[{\"@type\":\"ListItem\",\"position\":1,\"name\":\"Strona g\u0142\u00f3wna\",\"item\":\"https:\\\/\\\/inzynier.rzeszow.pl\\\/\"},{\"@type\":\"ListItem\",\"position\":2,\"name\":\"Z wizyt\u0105 w \u015al\u0105skiej OIIB\"}]},{\"@type\":\"WebSite\",\"@id\":\"https:\\\/\\\/inzynier.rzeszow.pl\\\/#website\",\"url\":\"https:\\\/\\\/inzynier.rzeszow.pl\\\/\",\"name\":\"Podkarpacka Okregowa Izba Inzynierow Budownictwa\",\"description\":\"\",\"potentialAction\":[{\"@type\":\"SearchAction\",\"target\":{\"@type\":\"EntryPoint\",\"urlTemplate\":\"https:\\\/\\\/inzynier.rzeszow.pl\\\/?s={search_term_string}\"},\"query-input\":{\"@type\":\"PropertyValueSpecification\",\"valueRequired\":true,\"valueName\":\"search_term_string\"}}],\"inLanguage\":\"pl-PL\"},{\"@type\":\"Person\",\"@id\":\"https:\\\/\\\/inzynier.rzeszow.pl\\\/#\\\/schema\\\/person\\\/21ca162d893bdc5760a95d704e9b1e39\",\"name\":\"admin\",\"image\":{\"@type\":\"ImageObject\",\"inLanguage\":\"pl-PL\",\"@id\":\"https:\\\/\\\/secure.gravatar.com\\\/avatar\\\/d5d1959f10b94c8abcf928274f8bb5b8c7370b0dfadb0590911bacad18965f21?s=96&d=mm&r=g\",\"url\":\"https:\\\/\\\/secure.gravatar.com\\\/avatar\\\/d5d1959f10b94c8abcf928274f8bb5b8c7370b0dfadb0590911bacad18965f21?s=96&d=mm&r=g\",\"contentUrl\":\"https:\\\/\\\/secure.gravatar.com\\\/avatar\\\/d5d1959f10b94c8abcf928274f8bb5b8c7370b0dfadb0590911bacad18965f21?s=96&d=mm&r=g\",\"caption\":\"admin\"},\"sameAs\":[\"https:\\\/\\\/migracja.inzynier.rzeszow.pl\"],\"url\":\"https:\\\/\\\/inzynier.rzeszow.pl\\\/index.php\\\/author\\\/kwojcik\\\/\"}]}<\/script>\n<!-- \/ Yoast SEO plugin. -->","yoast_head_json":{"title":"Z wizyt\u0105 w \u015al\u0105skiej OIIB - Podkarpacka Okregowa Izba Inzynierow Budownictwa","robots":{"index":"index","follow":"follow","max-snippet":"max-snippet:-1","max-image-preview":"max-image-preview:large","max-video-preview":"max-video-preview:-1"},"canonical":"https:\/\/inzynier.rzeszow.pl\/index.php\/2025\/11\/30\/z-wizyta-w-slaskiej-oiib\/","og_locale":"pl_PL","og_type":"article","og_title":"Z wizyt\u0105 w \u015al\u0105skiej OIIB - Podkarpacka Okregowa Izba Inzynierow Budownictwa","og_description":"W Filharmonii \u015al\u0105skiej w Katowicach odby\u0142a si\u0119 w dniu 29 listopada 2025 r. 27 \u015al\u0105ska Gala Budownictwa organizowana przez \u015al\u0105sk\u0105 [&hellip;]","og_url":"https:\/\/inzynier.rzeszow.pl\/index.php\/2025\/11\/30\/z-wizyta-w-slaskiej-oiib\/","og_site_name":"Podkarpacka Okregowa Izba Inzynierow Budownictwa","article_published_time":"2025-11-30T08:53:30+00:00","article_modified_time":"2026-02-13T13:36:28+00:00","og_image":[{"width":1600,"height":1200,"url":"https:\/\/inzynier.rzeszow.pl\/wp-content\/uploads\/2025\/11\/obraz_2026-01-26_220107277.png","type":"image\/png"}],"author":"admin","twitter_card":"summary_large_image","twitter_misc":{"Napisane przez":"admin","Szacowany czas czytania":"1 minuta"},"schema":{"@context":"https:\/\/schema.org","@graph":[{"@type":"Article","@id":"https:\/\/inzynier.rzeszow.pl\/index.php\/2025\/11\/30\/z-wizyta-w-slaskiej-oiib\/#article","isPartOf":{"@id":"https:\/\/inzynier.rzeszow.pl\/index.php\/2025\/11\/30\/z-wizyta-w-slaskiej-oiib\/"},"author":{"name":"admin","@id":"https:\/\/inzynier.rzeszow.pl\/#\/schema\/person\/21ca162d893bdc5760a95d704e9b1e39"},"headline":"Z wizyt\u0105 w \u015al\u0105skiej OIIB","datePublished":"2025-11-30T08:53:30+00:00","dateModified":"2026-02-13T13:36:28+00:00","mainEntityOfPage":{"@id":"https:\/\/inzynier.rzeszow.pl\/index.php\/2025\/11\/30\/z-wizyta-w-slaskiej-oiib\/"},"wordCount":166,"image":{"@id":"https:\/\/inzynier.rzeszow.pl\/index.php\/2025\/11\/30\/z-wizyta-w-slaskiej-oiib\/#primaryimage"},"thumbnailUrl":"https:\/\/inzynier.rzeszow.pl\/wp-content\/uploads\/2025\/11\/obraz_2026-01-26_220107277.png","articleSection":["Wydarzenia","Z \u017cycia izby","Z \u017cycia Izby Rok 2025"],"inLanguage":"pl-PL"},{"@type":"WebPage","@id":"https:\/\/inzynier.rzeszow.pl\/index.php\/2025\/11\/30\/z-wizyta-w-slaskiej-oiib\/","url":"https:\/\/inzynier.rzeszow.pl\/index.php\/2025\/11\/30\/z-wizyta-w-slaskiej-oiib\/","name":"Z wizyt\u0105 w \u015al\u0105skiej OIIB - Podkarpacka Okregowa Izba Inzynierow Budownictwa","isPartOf":{"@id":"https:\/\/inzynier.rzeszow.pl\/#website"},"primaryImageOfPage":{"@id":"https:\/\/inzynier.rzeszow.pl\/index.php\/2025\/11\/30\/z-wizyta-w-slaskiej-oiib\/#primaryimage"},"image":{"@id":"https:\/\/inzynier.rzeszow.pl\/index.php\/2025\/11\/30\/z-wizyta-w-slaskiej-oiib\/#primaryimage"},"thumbnailUrl":"https:\/\/inzynier.rzeszow.pl\/wp-content\/uploads\/2025\/11\/obraz_2026-01-26_220107277.png","datePublished":"2025-11-30T08:53:30+00:00","dateModified":"2026-02-13T13:36:28+00:00","author":{"@id":"https:\/\/inzynier.rzeszow.pl\/#\/schema\/person\/21ca162d893bdc5760a95d704e9b1e39"},"breadcrumb":{"@id":"https:\/\/inzynier.rzeszow.pl\/index.php\/2025\/11\/30\/z-wizyta-w-slaskiej-oiib\/#breadcrumb"},"inLanguage":"pl-PL","potentialAction":[{"@type":"ReadAction","target":["https:\/\/inzynier.rzeszow.pl\/index.php\/2025\/11\/30\/z-wizyta-w-slaskiej-oiib\/"]}]},{"@type":"ImageObject","inLanguage":"pl-PL","@id":"https:\/\/inzynier.rzeszow.pl\/index.php\/2025\/11\/30\/z-wizyta-w-slaskiej-oiib\/#primaryimage","url":"https:\/\/inzynier.rzeszow.pl\/wp-content\/uploads\/2025\/11\/obraz_2026-01-26_220107277.png","contentUrl":"https:\/\/inzynier.rzeszow.pl\/wp-content\/uploads\/2025\/11\/obraz_2026-01-26_220107277.png","width":1600,"height":1200},{"@type":"BreadcrumbList","@id":"https:\/\/inzynier.rzeszow.pl\/index.php\/2025\/11\/30\/z-wizyta-w-slaskiej-oiib\/#breadcrumb","itemListElement":[{"@type":"ListItem","position":1,"name":"Strona g\u0142\u00f3wna","item":"https:\/\/inzynier.rzeszow.pl\/"},{"@type":"ListItem","position":2,"name":"Z wizyt\u0105 w \u015al\u0105skiej OIIB"}]},{"@type":"WebSite","@id":"https:\/\/inzynier.rzeszow.pl\/#website","url":"https:\/\/inzynier.rzeszow.pl\/","name":"Podkarpacka Okregowa Izba Inzynierow Budownictwa","description":"","potentialAction":[{"@type":"SearchAction","target":{"@type":"EntryPoint","urlTemplate":"https:\/\/inzynier.rzeszow.pl\/?s={search_term_string}"},"query-input":{"@type":"PropertyValueSpecification","valueRequired":true,"valueName":"search_term_string"}}],"inLanguage":"pl-PL"},{"@type":"Person","@id":"https:\/\/inzynier.rzeszow.pl\/#\/schema\/person\/21ca162d893bdc5760a95d704e9b1e39","name":"admin","image":{"@type":"ImageObject","inLanguage":"pl-PL","@id":"https:\/\/secure.gravatar.com\/avatar\/d5d1959f10b94c8abcf928274f8bb5b8c7370b0dfadb0590911bacad18965f21?s=96&d=mm&r=g","url":"https:\/\/secure.gravatar.com\/avatar\/d5d1959f10b94c8abcf928274f8bb5b8c7370b0dfadb0590911bacad18965f21?s=96&d=mm&r=g","contentUrl":"https:\/\/secure.gravatar.com\/avatar\/d5d1959f10b94c8abcf928274f8bb5b8c7370b0dfadb0590911bacad18965f21?s=96&d=mm&r=g","caption":"admin"},"sameAs":["https:\/\/migracja.inzynier.rzeszow.pl"],"url":"https:\/\/inzynier.rzeszow.pl\/index.php\/author\/kwojcik\/"}]}},"rttpg_featured_image_url":{"full":["https:\/\/inzynier.rzeszow.pl\/wp-content\/uploads\/2025\/11\/obraz_2026-01-26_220107277.png",1600,1200,false],"landscape":["https:\/\/inzynier.rzeszow.pl\/wp-content\/uploads\/2025\/11\/obraz_2026-01-26_220107277.png",1600,1200,false],"portraits":["https:\/\/inzynier.rzeszow.pl\/wp-content\/uploads\/2025\/11\/obraz_2026-01-26_220107277.png",1600,1200,false],"thumbnail":["https:\/\/inzynier.rzeszow.pl\/wp-content\/uploads\/2025\/11\/obraz_2026-01-26_220107277-150x150.png",150,150,true],"medium":["https:\/\/inzynier.rzeszow.pl\/wp-content\/uploads\/2025\/11\/obraz_2026-01-26_220107277-300x225.png",300,225,true],"large":["https:\/\/inzynier.rzeszow.pl\/wp-content\/uploads\/2025\/11\/obraz_2026-01-26_220107277-1024x768.png",1024,768,true],"1536x1536":["https:\/\/inzynier.rzeszow.pl\/wp-content\/uploads\/2025\/11\/obraz_2026-01-26_220107277-1536x1152.png",1536,1152,true],"2048x2048":["https:\/\/inzynier.rzeszow.pl\/wp-content\/uploads\/2025\/11\/obraz_2026-01-26_220107277.png",1600,1200,false]},"rttpg_author":{"display_name":"admin","author_link":"https:\/\/inzynier.rzeszow.pl\/index.php\/author\/kwojcik\/"},"rttpg_comment":0,"rttpg_category":"<a href=\"https:\/\/inzynier.rzeszow.pl\/index.php\/category\/wydarzenia\/\" rel=\"category tag\">Wydarzenia<\/a> <a href=\"https:\/\/inzynier.rzeszow.pl\/index.php\/category\/z-zycia-izby\/\" rel=\"category tag\">Z \u017cycia izby<\/a> <a href=\"https:\/\/inzynier.rzeszow.pl\/index.php\/category\/z-zycia-izby\/z-zycia-izby-rok-2025\/\" rel=\"category tag\">Z \u017cycia Izby Rok 2025<\/a>","rttpg_excerpt":"W Filharmonii \u015al\u0105skiej w Katowicach odby\u0142a si\u0119 w dniu 29 listopada 2025 r. 27 \u015al\u0105ska Gala Budownictwa organizowana przez \u015al\u0105sk\u0105 [&hellip;]","_links":{"self":[{"href":"https:\/\/inzynier.rzeszow.pl\/index.php\/wp-json\/wp\/v2\/posts\/2947","targetHints":{"allow":["GET"]}}],"collection":[{"href":"https:\/\/inzynier.rzeszow.pl\/index.php\/wp-json\/wp\/v2\/posts"}],"about":[{"href":"https:\/\/inzynier.rzeszow.pl\/index.php\/wp-json\/wp\/v2\/types\/post"}],"author":[{"embeddable":true,"href":"https:\/\/inzynier.rzeszow.pl\/index.php\/wp-json\/wp\/v2\/users\/1"}],"replies":[{"embeddable":true,"href":"https:\/\/inzynier.rzeszow.pl\/index.php\/wp-json\/wp\/v2\/comments?post=2947"}],"version-history":[{"count":4,"href":"https:\/\/inzynier.rzeszow.pl\/index.php\/wp-json\/wp\/v2\/posts\/2947\/revisions"}],"predecessor-version":[{"id":3006,"href":"https:\/\/inzynier.rzeszow.pl\/index.php\/wp-json\/wp\/v2\/posts\/2947\/revisions\/3006"}],"wp:featuredmedia":[{"embeddable":true,"href":"https:\/\/inzynier.rzeszow.pl\/index.php\/wp-json\/wp\/v2\/media\/3000"}],"wp:attachment":[{"href":"https:\/\/inzynier.rzeszow.pl\/index.php\/wp-json\/wp\/v2\/media?parent=2947"}],"wp:term":[{"taxonomy":"category","embeddable":true,"href":"https:\/\/inzynier.rzeszow.pl\/index.php\/wp-json\/wp\/v2\/categories?post=2947"},{"taxonomy":"post_tag","embeddable":true,"href":"https:\/\/inzynier.rzeszow.pl\/index.php\/wp-json\/wp\/v2\/tags?post=2947"}],"curies":[{"name":"wp","href":"https:\/\/api.w.org\/{rel}","templated":true}]}}