{"id":2946,"date":"2025-11-19T12:34:27","date_gmt":"2025-11-19T12:34:27","guid":{"rendered":"https:\/\/migracja.inzynier.rzeszow.pl\/?p=2946"},"modified":"2026-02-13T13:36:28","modified_gmt":"2026-02-13T13:36:28","slug":"podsumowanie-dzialalnosci-promocyjno-prewencyjnej-okregowego-inspektoratu-pracy-w-rzeszowie-w-2025-r","status":"publish","type":"post","link":"https:\/\/inzynier.rzeszow.pl\/index.php\/2025\/11\/19\/podsumowanie-dzialalnosci-promocyjno-prewencyjnej-okregowego-inspektoratu-pracy-w-rzeszowie-w-2025-r\/","title":{"rendered":"Podsumowanie dzia\u0142alno\u015bci promocyjno-prewencyjnej Okr\u0119gowego Inspektoratu Pracy w Rzeszowie w 2025 r."},"content":{"rendered":"\t\t<div data-elementor-type=\"wp-post\" data-elementor-id=\"2946\" class=\"elementor elementor-2946\" data-elementor-post-type=\"post\">\n\t\t\t\t<div class=\"elementor-element elementor-element-4f70bb6 e-flex e-con-boxed e-con e-parent\" data-id=\"4f70bb6\" data-element_type=\"container\" data-e-type=\"container\">\n\t\t\t\t\t<div class=\"e-con-inner\">\n\t\t<div class=\"elementor-element elementor-element-44b5713 e-con-full e-flex e-con e-child\" data-id=\"44b5713\" data-element_type=\"container\" data-e-type=\"container\">\n\t\t\t\t<div class=\"elementor-element elementor-element-f3497ff elementor-widget elementor-widget-image\" data-id=\"f3497ff\" data-element_type=\"widget\" data-e-type=\"widget\" data-widget_type=\"image.default\">\n\t\t\t\t\t\t\t\t\t\t\t\t\t\t\t<img fetchpriority=\"high\" decoding=\"async\" width=\"1024\" height=\"681\" src=\"https:\/\/inzynier.rzeszow.pl\/wp-content\/uploads\/2025\/11\/obraz_2026-01-26_220426445-1024x681.png\" class=\"attachment-large size-large wp-image-3008\" alt=\"\" srcset=\"https:\/\/inzynier.rzeszow.pl\/wp-content\/uploads\/2025\/11\/obraz_2026-01-26_220426445-1024x681.png 1024w, https:\/\/inzynier.rzeszow.pl\/wp-content\/uploads\/2025\/11\/obraz_2026-01-26_220426445-300x200.png 300w, https:\/\/inzynier.rzeszow.pl\/wp-content\/uploads\/2025\/11\/obraz_2026-01-26_220426445-768x511.png 768w, https:\/\/inzynier.rzeszow.pl\/wp-content\/uploads\/2025\/11\/obraz_2026-01-26_220426445.png 1275w\" sizes=\"(max-width: 1024px) 100vw, 1024px\" \/>\t\t\t\t\t\t\t\t\t\t\t\t\t\t\t<\/div>\n\t\t\t\t<\/div>\n\t\t<div class=\"elementor-element elementor-element-5c2e3bd e-con-full e-flex e-con e-child\" data-id=\"5c2e3bd\" data-element_type=\"container\" data-e-type=\"container\">\n\t\t\t\t<div class=\"elementor-element elementor-element-d681aaf elementor-widget elementor-widget-text-editor\" data-id=\"d681aaf\" data-element_type=\"widget\" data-e-type=\"widget\" data-widget_type=\"text-editor.default\">\n\t\t\t\t\t\t\t\t\t<p>Skarbnik PDK OIIB Iwona Warzybok w dniu 18 listopada 2025 r. uczestniczy\u0142a w uroczystej gali w Filharmonii Podkarpackiej, podczas kt\u00f3rej Okr\u0119gowy Inspektorat Pracy w Rzeszowie podsumowa\u0142 tegoroczn\u0105 dzia\u0142alno\u015b\u0107 prewencyjno-promocyjn\u0105.<br \/><br \/>Podczas wydarzenia zosta\u0142y wr\u0119czone nagrody<strong>\u00a0<\/strong>laureatom konkurs\u00f3w: \u201ePracodawca &#8211; Organizator Pracy Bezpiecznej&#8221;, \u201eBuduj bezpiecznie&#8221;, \u201eNajaktywniejszy Spo\u0142eczny Inspektor Pracy&#8221; oraz programu \u201eZdob\u0105d\u017a dyplom Pa\u0144stwowej Inspekcji Pracy&#8221; i &#8222;Bezpieczny warsztat szkolny&#8221;.<br \/><br \/>Zast\u0119pca G\u0142\u00f3wnego Inspektora Pracy Aneta Gronowicz w swoim wyst\u0105pieniu podkre\u015bli\u0142a, \u017ce\u00a0 \u017cycie i zdrowie ludzkie powinno by\u0107 w naszych dzia\u0142aniach celem nadrz\u0119dnym. \u00a0Inspektor Dawid Baran zaznaczy\u0142, \u017ce warunki pracy w zak\u0142adach poprawiaj\u0105 si\u0119, co skutkuje mniejsz\u0105 liczb\u0105 wypadk\u00f3w.<\/p>\t\t\t\t\t\t\t\t<\/div>\n\t\t\t\t<\/div>\n\t\t\t\t\t<\/div>\n\t\t\t\t<\/div>\n\t\t<div class=\"elementor-element elementor-element-9e80422 e-flex e-con-boxed e-con e-parent\" data-id=\"9e80422\" data-element_type=\"container\" data-e-type=\"container\">\n\t\t\t\t\t<div class=\"e-con-inner\">\n\t\t\t\t<div class=\"elementor-element elementor-element-9d40443 elementor-widget elementor-widget-text-editor\" data-id=\"9d40443\" data-element_type=\"widget\" data-e-type=\"widget\" data-widget_type=\"text-editor.default\">\n\t\t\t\t\t\t\t\t\t<p><strong>Laureaci konkursu \u201eBuduj bezpiecznie&#8221;:<\/strong><\/p><p>&#8211; I miejsce &#8211; Budowa bazy obs\u0142ugi technicznej samolot\u00f3w na terenie Portu Lotniczego w Jasionce, realizowana przez Polimex Infrastruktura Sp. z o.o. z siedzib\u0105 w Warszawie.<\/p><p>&#8211; II miejsce &#8211; Budowa odcinka drogi G od skrzy\u017cowania z drog\u0105 krajow\u0105 nr 28 do skrzy\u017cowania z ul. Sikorskiego wraz z budow\u0105 wiaduktu nad lini\u0105 kolejow\u0105 nr 108 w Kro\u015bnie, realizowana przez Primost Po\u0142udnie Sp. z o.o. z siedzib\u0105 w B\u0119dzinie.<\/p><p>&#8211; III miejsce &#8211; Budowa centrum handlowo-us\u0142ugowego \u201eGaleria Tarnobrzeg&#8221; przy ul. Sikorskiego w Tarnobrzegu z siedzib\u0105 w Pruszkowie.<br \/><br \/>Celem konkursu jest upowszechnianie bezpiecznych i higienicznych warunk\u00f3w pracy na placach bud\u00f3w, w tym promowanie wykonawc\u00f3w rob\u00f3t budowlanych, kt\u00f3rzy zapewniaj\u0105 bezpieczne stanowiska pracy w procesie realizacji obiekt\u00f3w budowlanych oraz przyczyniaj\u0105 si\u0119 do og\u00f3lnego wzrostu poziomu bezpiecze\u0144stwa pracy w budownictwie w skali kraju.<\/p><p><a href=\"https:\/\/rzeszow.pip.gov.pl\/aktualnosci\/podsumowanie-dzialalnosci-promocyjno-prewencyjnej-okregowego-inspektoratu-pracy-w-rzeszowie-w-2025-r\" target=\"_blank\" rel=\"noopener\"><strong>Laureaci pozosta\u0142ych konkurs\u00f3w <\/strong><\/a><\/p><p align=\"right\">\u017ar\u00f3d\u0142o:\u00a0<a href=\"https:\/\/rzeszow.pip.gov.pl\/aktualnosci\/podsumowanie-dzialalnosci-promocyjno-prewencyjnej-okregowego-inspektoratu-pracy-w-rzeszowie-w-2025-r\" target=\"_blank\" rel=\"noopener\">PIP Rzesz\u00f3w<\/a><\/p>\t\t\t\t\t\t\t\t<\/div>\n\t\t\t\t\t<\/div>\n\t\t\t\t<\/div>\n\t\t<div class=\"elementor-element elementor-element-ef361ba e-flex e-con-boxed e-con e-parent\" data-id=\"ef361ba\" data-element_type=\"container\" data-e-type=\"container\">\n\t\t\t\t\t<div class=\"e-con-inner\">\n\t\t\t\t<div class=\"elementor-element elementor-element-a3f61e0 elementor-widget__width-inherit elementor-icon-list--layout-traditional elementor-list-item-link-full_width elementor-widget elementor-widget-icon-list\" data-id=\"a3f61e0\" data-element_type=\"widget\" data-e-type=\"widget\" data-widget_type=\"icon-list.default\">\n\t\t\t\t\t\t\t<ul class=\"elementor-icon-list-items\">\n\t\t\t\t\t\t\t<li class=\"elementor-icon-list-item\">\n\t\t\t\t\t\t\t\t\t\t\t<a href=\"https:\/\/www.facebook.com\/PodkarpackaOIIB\/posts\/pfbid019XpW1DkpgDSidtKBpHAWDSXJrxJCqQq77MK6uEaihARuCRuotkp7LNxdSkokTShl\">\n\n\t\t\t\t\t\t\t\t\t\t\t\t<span class=\"elementor-icon-list-icon\">\n\t\t\t\t\t\t\t<svg aria-hidden=\"true\" class=\"e-font-icon-svg e-fas-arrow-circle-right\" viewBox=\"0 0 512 512\" xmlns=\"http:\/\/www.w3.org\/2000\/svg\"><path d=\"M256 8c137 0 248 111 248 248S393 504 256 504 8 393 8 256 119 8 256 8zm-28.9 143.6l75.5 72.4H120c-13.3 0-24 10.7-24 24v16c0 13.3 10.7 24 24 24h182.6l-75.5 72.4c-9.7 9.3-9.9 24.8-.4 34.3l11 10.9c9.4 9.4 24.6 9.4 33.9 0L404.3 273c9.4-9.4 9.4-24.6 0-33.9L271.6 106.3c-9.4-9.4-24.6-9.4-33.9 0l-11 10.9c-9.5 9.6-9.3 25.1.4 34.4z\"><\/path><\/svg>\t\t\t\t\t\t<\/span>\n\t\t\t\t\t\t\t\t\t\t<span class=\"elementor-icon-list-text\">Galeria fotograficzna z podsumowanie dzia\u0142alno\u015bci promocyjno-prewencyjnej Okr\u0119gowego Inspektoratu Pracy w Rzeszowie - 18.11.2025 r.<\/span>\n\t\t\t\t\t\t\t\t\t\t\t<\/a>\n\t\t\t\t\t\t\t\t\t<\/li>\n\t\t\t\t\t\t<\/ul>\n\t\t\t\t\t\t<\/div>\n\t\t\t\t\t<\/div>\n\t\t\t\t<\/div>\n\t\t<div class=\"elementor-element elementor-element-c92df10 e-flex e-con-boxed e-con e-parent\" data-id=\"c92df10\" data-element_type=\"container\" data-e-type=\"container\">\n\t\t\t\t\t<div class=\"e-con-inner\">\n\t\t\t\t<div class=\"elementor-element elementor-element-7432787 elementor-widget elementor-widget-gallery\" data-id=\"7432787\" data-element_type=\"widget\" data-e-type=\"widget\" data-settings=\"{&quot;columns&quot;:2,&quot;lazyload&quot;:&quot;yes&quot;,&quot;gallery_layout&quot;:&quot;grid&quot;,&quot;columns_tablet&quot;:2,&quot;columns_mobile&quot;:1,&quot;gap&quot;:{&quot;unit&quot;:&quot;px&quot;,&quot;size&quot;:10,&quot;sizes&quot;:[]},&quot;gap_tablet&quot;:{&quot;unit&quot;:&quot;px&quot;,&quot;size&quot;:10,&quot;sizes&quot;:[]},&quot;gap_mobile&quot;:{&quot;unit&quot;:&quot;px&quot;,&quot;size&quot;:10,&quot;sizes&quot;:[]},&quot;link_to&quot;:&quot;file&quot;,&quot;aspect_ratio&quot;:&quot;3:2&quot;,&quot;overlay_background&quot;:&quot;yes&quot;,&quot;content_hover_animation&quot;:&quot;fade-in&quot;}\" data-widget_type=\"gallery.default\">\n\t\t\t\t\t\t\t<div class=\"elementor-gallery__container\">\n\t\t\t\t\t\t\t<a class=\"e-gallery-item elementor-gallery-item elementor-animated-content\" href=\"https:\/\/inzynier.rzeszow.pl\/wp-content\/uploads\/2025\/11\/obraz_2026-01-26_220654840.png\" data-elementor-open-lightbox=\"yes\" data-elementor-lightbox-slideshow=\"7432787\" data-e-action-hash=\"#elementor-action%3Aaction%3Dlightbox%26settings%3DeyJpZCI6MzAwOSwidXJsIjoiaHR0cHM6XC9cL2luenluaWVyLnJ6ZXN6b3cucGxcL3dwLWNvbnRlbnRcL3VwbG9hZHNcLzIwMjVcLzExXC9vYnJhel8yMDI2LTAxLTI2XzIyMDY1NDg0MC5wbmciLCJzbGlkZXNob3ciOiI3NDMyNzg3In0%3D\">\n\t\t\t\t\t<div class=\"e-gallery-image elementor-gallery-item__image\" data-thumbnail=\"https:\/\/inzynier.rzeszow.pl\/wp-content\/uploads\/2025\/11\/obraz_2026-01-26_220654840-768x516.png\" data-width=\"768\" data-height=\"516\" aria-label=\"\" role=\"img\" ><\/div>\n\t\t\t\t\t\t\t\t\t\t\t<div class=\"elementor-gallery-item__overlay\"><\/div>\n\t\t\t\t\t\t\t\t\t\t\t\t\t\t<\/a>\n\t\t\t\t\t\t\t<a class=\"e-gallery-item elementor-gallery-item elementor-animated-content\" href=\"https:\/\/inzynier.rzeszow.pl\/wp-content\/uploads\/2025\/11\/obraz_2026-01-26_220700646.png\" data-elementor-open-lightbox=\"yes\" data-elementor-lightbox-slideshow=\"7432787\" data-e-action-hash=\"#elementor-action%3Aaction%3Dlightbox%26settings%3DeyJpZCI6MzAxMCwidXJsIjoiaHR0cHM6XC9cL2luenluaWVyLnJ6ZXN6b3cucGxcL3dwLWNvbnRlbnRcL3VwbG9hZHNcLzIwMjVcLzExXC9vYnJhel8yMDI2LTAxLTI2XzIyMDcwMDY0Ni5wbmciLCJzbGlkZXNob3ciOiI3NDMyNzg3In0%3D\">\n\t\t\t\t\t<div class=\"e-gallery-image elementor-gallery-item__image\" data-thumbnail=\"https:\/\/inzynier.rzeszow.pl\/wp-content\/uploads\/2025\/11\/obraz_2026-01-26_220700646-768x519.png\" data-width=\"768\" data-height=\"519\" aria-label=\"\" role=\"img\" ><\/div>\n\t\t\t\t\t\t\t\t\t\t\t<div class=\"elementor-gallery-item__overlay\"><\/div>\n\t\t\t\t\t\t\t\t\t\t\t\t\t\t<\/a>\n\t\t\t\t\t<\/div>\n\t\t\t\t\t<\/div>\n\t\t\t\t\t<\/div>\n\t\t\t\t<\/div>\n\t\t\t\t<\/div>\n\t\t","protected":false},"excerpt":{"rendered":"<p>Skarbnik PDK OIIB Iwona Warzybok w dniu 18 listopada 2025 r. uczestniczy\u0142a w uroczystej gali w Filharmonii Podkarpackiej, podczas kt\u00f3rej [&hellip;]<\/p>\n","protected":false},"author":1,"featured_media":3008,"comment_status":"closed","ping_status":"closed","sticky":false,"template":"","format":"standard","meta":{"site-sidebar-layout":"default","site-content-layout":"","ast-site-content-layout":"default","site-content-style":"default","site-sidebar-style":"default","ast-global-header-display":"","ast-banner-title-visibility":"","ast-main-header-display":"","ast-hfb-above-header-display":"","ast-hfb-below-header-display":"","ast-hfb-mobile-header-display":"","site-post-title":"","ast-breadcrumbs-content":"","ast-featured-img":"","footer-sml-layout":"","ast-disable-related-posts":"","theme-transparent-header-meta":"","adv-header-id-meta":"","stick-header-meta":"","header-above-stick-meta":"","header-main-stick-meta":"","header-below-stick-meta":"","astra-migrate-meta-layouts":"default","ast-page-background-enabled":"default","ast-page-background-meta":{"desktop":{"background-color":"var(--ast-global-color-5)","background-image":"","background-repeat":"repeat","background-position":"center center","background-size":"auto","background-attachment":"scroll","background-type":"","background-media":"","overlay-type":"","overlay-color":"","overlay-opacity":"","overlay-gradient":""},"tablet":{"background-color":"","background-image":"","background-repeat":"repeat","background-position":"center center","background-size":"auto","background-attachment":"scroll","background-type":"","background-media":"","overlay-type":"","overlay-color":"","overlay-opacity":"","overlay-gradient":""},"mobile":{"background-color":"","background-image":"","background-repeat":"repeat","background-position":"center center","background-size":"auto","background-attachment":"scroll","background-type":"","background-media":"","overlay-type":"","overlay-color":"","overlay-opacity":"","overlay-gradient":""}},"ast-content-background-meta":{"desktop":{"background-color":"var(--ast-global-color-4)","background-image":"","background-repeat":"repeat","background-position":"center center","background-size":"auto","background-attachment":"scroll","background-type":"","background-media":"","overlay-type":"","overlay-color":"","overlay-opacity":"","overlay-gradient":""},"tablet":{"background-color":"var(--ast-global-color-4)","background-image":"","background-repeat":"repeat","background-position":"center center","background-size":"auto","background-attachment":"scroll","background-type":"","background-media":"","overlay-type":"","overlay-color":"","overlay-opacity":"","overlay-gradient":""},"mobile":{"background-color":"var(--ast-global-color-4)","background-image":"","background-repeat":"repeat","background-position":"center center","background-size":"auto","background-attachment":"scroll","background-type":"","background-media":"","overlay-type":"","overlay-color":"","overlay-opacity":"","overlay-gradient":""}},"footnotes":""},"categories":[7,16,55],"tags":[],"class_list":["post-2946","post","type-post","status-publish","format-standard","has-post-thumbnail","hentry","category-wydarzenia","category-z-zycia-izby","category-z-zycia-izby-rok-2025"],"yoast_head":"<!-- This site is optimized with the Yoast SEO plugin v27.5 - https:\/\/yoast.com\/product\/yoast-seo-wordpress\/ -->\n<title>Podsumowanie dzia\u0142alno\u015bci promocyjno-prewencyjnej Okr\u0119gowego Inspektoratu Pracy w Rzeszowie w 2025 r. - Podkarpacka Okregowa Izba Inzynierow Budownictwa<\/title>\n<meta name=\"robots\" content=\"index, follow, max-snippet:-1, max-image-preview:large, max-video-preview:-1\" \/>\n<link rel=\"canonical\" href=\"https:\/\/inzynier.rzeszow.pl\/index.php\/2025\/11\/19\/podsumowanie-dzialalnosci-promocyjno-prewencyjnej-okregowego-inspektoratu-pracy-w-rzeszowie-w-2025-r\/\" \/>\n<meta property=\"og:locale\" content=\"pl_PL\" \/>\n<meta property=\"og:type\" content=\"article\" \/>\n<meta property=\"og:title\" content=\"Podsumowanie dzia\u0142alno\u015bci promocyjno-prewencyjnej Okr\u0119gowego Inspektoratu Pracy w Rzeszowie w 2025 r. - Podkarpacka Okregowa Izba Inzynierow Budownictwa\" \/>\n<meta property=\"og:description\" content=\"Skarbnik PDK OIIB Iwona Warzybok w dniu 18 listopada 2025 r. uczestniczy\u0142a w uroczystej gali w Filharmonii Podkarpackiej, podczas kt\u00f3rej [&hellip;]\" \/>\n<meta property=\"og:url\" content=\"https:\/\/inzynier.rzeszow.pl\/index.php\/2025\/11\/19\/podsumowanie-dzialalnosci-promocyjno-prewencyjnej-okregowego-inspektoratu-pracy-w-rzeszowie-w-2025-r\/\" \/>\n<meta property=\"og:site_name\" content=\"Podkarpacka Okregowa Izba Inzynierow Budownictwa\" \/>\n<meta property=\"article:published_time\" content=\"2025-11-19T12:34:27+00:00\" \/>\n<meta property=\"article:modified_time\" content=\"2026-02-13T13:36:28+00:00\" \/>\n<meta property=\"og:image\" content=\"https:\/\/inzynier.rzeszow.pl\/wp-content\/uploads\/2025\/11\/obraz_2026-01-26_220426445.png\" \/>\n\t<meta property=\"og:image:width\" content=\"1275\" \/>\n\t<meta property=\"og:image:height\" content=\"848\" \/>\n\t<meta property=\"og:image:type\" content=\"image\/png\" \/>\n<meta name=\"author\" content=\"admin\" \/>\n<meta name=\"twitter:card\" content=\"summary_large_image\" \/>\n<meta name=\"twitter:label1\" content=\"Napisane przez\" \/>\n\t<meta name=\"twitter:data1\" content=\"admin\" \/>\n\t<meta name=\"twitter:label2\" content=\"Szacowany czas czytania\" \/>\n\t<meta name=\"twitter:data2\" content=\"1 minuta\" \/>\n<script type=\"application\/ld+json\" class=\"yoast-schema-graph\">{\"@context\":\"https:\\\/\\\/schema.org\",\"@graph\":[{\"@type\":\"Article\",\"@id\":\"https:\\\/\\\/inzynier.rzeszow.pl\\\/index.php\\\/2025\\\/11\\\/19\\\/podsumowanie-dzialalnosci-promocyjno-prewencyjnej-okregowego-inspektoratu-pracy-w-rzeszowie-w-2025-r\\\/#article\",\"isPartOf\":{\"@id\":\"https:\\\/\\\/inzynier.rzeszow.pl\\\/index.php\\\/2025\\\/11\\\/19\\\/podsumowanie-dzialalnosci-promocyjno-prewencyjnej-okregowego-inspektoratu-pracy-w-rzeszowie-w-2025-r\\\/\"},\"author\":{\"name\":\"admin\",\"@id\":\"https:\\\/\\\/inzynier.rzeszow.pl\\\/#\\\/schema\\\/person\\\/21ca162d893bdc5760a95d704e9b1e39\"},\"headline\":\"Podsumowanie dzia\u0142alno\u015bci promocyjno-prewencyjnej Okr\u0119gowego Inspektoratu Pracy w Rzeszowie w 2025 r.\",\"datePublished\":\"2025-11-19T12:34:27+00:00\",\"dateModified\":\"2026-02-13T13:36:28+00:00\",\"mainEntityOfPage\":{\"@id\":\"https:\\\/\\\/inzynier.rzeszow.pl\\\/index.php\\\/2025\\\/11\\\/19\\\/podsumowanie-dzialalnosci-promocyjno-prewencyjnej-okregowego-inspektoratu-pracy-w-rzeszowie-w-2025-r\\\/\"},\"wordCount\":301,\"image\":{\"@id\":\"https:\\\/\\\/inzynier.rzeszow.pl\\\/index.php\\\/2025\\\/11\\\/19\\\/podsumowanie-dzialalnosci-promocyjno-prewencyjnej-okregowego-inspektoratu-pracy-w-rzeszowie-w-2025-r\\\/#primaryimage\"},\"thumbnailUrl\":\"https:\\\/\\\/inzynier.rzeszow.pl\\\/wp-content\\\/uploads\\\/2025\\\/11\\\/obraz_2026-01-26_220426445.png\",\"articleSection\":[\"Wydarzenia\",\"Z \u017cycia izby\",\"Z \u017cycia Izby Rok 2025\"],\"inLanguage\":\"pl-PL\"},{\"@type\":\"WebPage\",\"@id\":\"https:\\\/\\\/inzynier.rzeszow.pl\\\/index.php\\\/2025\\\/11\\\/19\\\/podsumowanie-dzialalnosci-promocyjno-prewencyjnej-okregowego-inspektoratu-pracy-w-rzeszowie-w-2025-r\\\/\",\"url\":\"https:\\\/\\\/inzynier.rzeszow.pl\\\/index.php\\\/2025\\\/11\\\/19\\\/podsumowanie-dzialalnosci-promocyjno-prewencyjnej-okregowego-inspektoratu-pracy-w-rzeszowie-w-2025-r\\\/\",\"name\":\"Podsumowanie dzia\u0142alno\u015bci promocyjno-prewencyjnej Okr\u0119gowego Inspektoratu Pracy w Rzeszowie w 2025 r. - Podkarpacka Okregowa Izba Inzynierow Budownictwa\",\"isPartOf\":{\"@id\":\"https:\\\/\\\/inzynier.rzeszow.pl\\\/#website\"},\"primaryImageOfPage\":{\"@id\":\"https:\\\/\\\/inzynier.rzeszow.pl\\\/index.php\\\/2025\\\/11\\\/19\\\/podsumowanie-dzialalnosci-promocyjno-prewencyjnej-okregowego-inspektoratu-pracy-w-rzeszowie-w-2025-r\\\/#primaryimage\"},\"image\":{\"@id\":\"https:\\\/\\\/inzynier.rzeszow.pl\\\/index.php\\\/2025\\\/11\\\/19\\\/podsumowanie-dzialalnosci-promocyjno-prewencyjnej-okregowego-inspektoratu-pracy-w-rzeszowie-w-2025-r\\\/#primaryimage\"},\"thumbnailUrl\":\"https:\\\/\\\/inzynier.rzeszow.pl\\\/wp-content\\\/uploads\\\/2025\\\/11\\\/obraz_2026-01-26_220426445.png\",\"datePublished\":\"2025-11-19T12:34:27+00:00\",\"dateModified\":\"2026-02-13T13:36:28+00:00\",\"author\":{\"@id\":\"https:\\\/\\\/inzynier.rzeszow.pl\\\/#\\\/schema\\\/person\\\/21ca162d893bdc5760a95d704e9b1e39\"},\"breadcrumb\":{\"@id\":\"https:\\\/\\\/inzynier.rzeszow.pl\\\/index.php\\\/2025\\\/11\\\/19\\\/podsumowanie-dzialalnosci-promocyjno-prewencyjnej-okregowego-inspektoratu-pracy-w-rzeszowie-w-2025-r\\\/#breadcrumb\"},\"inLanguage\":\"pl-PL\",\"potentialAction\":[{\"@type\":\"ReadAction\",\"target\":[\"https:\\\/\\\/inzynier.rzeszow.pl\\\/index.php\\\/2025\\\/11\\\/19\\\/podsumowanie-dzialalnosci-promocyjno-prewencyjnej-okregowego-inspektoratu-pracy-w-rzeszowie-w-2025-r\\\/\"]}]},{\"@type\":\"ImageObject\",\"inLanguage\":\"pl-PL\",\"@id\":\"https:\\\/\\\/inzynier.rzeszow.pl\\\/index.php\\\/2025\\\/11\\\/19\\\/podsumowanie-dzialalnosci-promocyjno-prewencyjnej-okregowego-inspektoratu-pracy-w-rzeszowie-w-2025-r\\\/#primaryimage\",\"url\":\"https:\\\/\\\/inzynier.rzeszow.pl\\\/wp-content\\\/uploads\\\/2025\\\/11\\\/obraz_2026-01-26_220426445.png\",\"contentUrl\":\"https:\\\/\\\/inzynier.rzeszow.pl\\\/wp-content\\\/uploads\\\/2025\\\/11\\\/obraz_2026-01-26_220426445.png\",\"width\":1275,\"height\":848},{\"@type\":\"BreadcrumbList\",\"@id\":\"https:\\\/\\\/inzynier.rzeszow.pl\\\/index.php\\\/2025\\\/11\\\/19\\\/podsumowanie-dzialalnosci-promocyjno-prewencyjnej-okregowego-inspektoratu-pracy-w-rzeszowie-w-2025-r\\\/#breadcrumb\",\"itemListElement\":[{\"@type\":\"ListItem\",\"position\":1,\"name\":\"Strona g\u0142\u00f3wna\",\"item\":\"https:\\\/\\\/inzynier.rzeszow.pl\\\/\"},{\"@type\":\"ListItem\",\"position\":2,\"name\":\"Podsumowanie dzia\u0142alno\u015bci promocyjno-prewencyjnej Okr\u0119gowego Inspektoratu Pracy w Rzeszowie w 2025 r.\"}]},{\"@type\":\"WebSite\",\"@id\":\"https:\\\/\\\/inzynier.rzeszow.pl\\\/#website\",\"url\":\"https:\\\/\\\/inzynier.rzeszow.pl\\\/\",\"name\":\"Podkarpacka Okregowa Izba Inzynierow Budownictwa\",\"description\":\"\",\"potentialAction\":[{\"@type\":\"SearchAction\",\"target\":{\"@type\":\"EntryPoint\",\"urlTemplate\":\"https:\\\/\\\/inzynier.rzeszow.pl\\\/?s={search_term_string}\"},\"query-input\":{\"@type\":\"PropertyValueSpecification\",\"valueRequired\":true,\"valueName\":\"search_term_string\"}}],\"inLanguage\":\"pl-PL\"},{\"@type\":\"Person\",\"@id\":\"https:\\\/\\\/inzynier.rzeszow.pl\\\/#\\\/schema\\\/person\\\/21ca162d893bdc5760a95d704e9b1e39\",\"name\":\"admin\",\"image\":{\"@type\":\"ImageObject\",\"inLanguage\":\"pl-PL\",\"@id\":\"https:\\\/\\\/secure.gravatar.com\\\/avatar\\\/d5d1959f10b94c8abcf928274f8bb5b8c7370b0dfadb0590911bacad18965f21?s=96&d=mm&r=g\",\"url\":\"https:\\\/\\\/secure.gravatar.com\\\/avatar\\\/d5d1959f10b94c8abcf928274f8bb5b8c7370b0dfadb0590911bacad18965f21?s=96&d=mm&r=g\",\"contentUrl\":\"https:\\\/\\\/secure.gravatar.com\\\/avatar\\\/d5d1959f10b94c8abcf928274f8bb5b8c7370b0dfadb0590911bacad18965f21?s=96&d=mm&r=g\",\"caption\":\"admin\"},\"sameAs\":[\"https:\\\/\\\/migracja.inzynier.rzeszow.pl\"],\"url\":\"https:\\\/\\\/inzynier.rzeszow.pl\\\/index.php\\\/author\\\/kwojcik\\\/\"}]}<\/script>\n<!-- \/ Yoast SEO plugin. -->","yoast_head_json":{"title":"Podsumowanie dzia\u0142alno\u015bci promocyjno-prewencyjnej Okr\u0119gowego Inspektoratu Pracy w Rzeszowie w 2025 r. - Podkarpacka Okregowa Izba Inzynierow Budownictwa","robots":{"index":"index","follow":"follow","max-snippet":"max-snippet:-1","max-image-preview":"max-image-preview:large","max-video-preview":"max-video-preview:-1"},"canonical":"https:\/\/inzynier.rzeszow.pl\/index.php\/2025\/11\/19\/podsumowanie-dzialalnosci-promocyjno-prewencyjnej-okregowego-inspektoratu-pracy-w-rzeszowie-w-2025-r\/","og_locale":"pl_PL","og_type":"article","og_title":"Podsumowanie dzia\u0142alno\u015bci promocyjno-prewencyjnej Okr\u0119gowego Inspektoratu Pracy w Rzeszowie w 2025 r. - Podkarpacka Okregowa Izba Inzynierow Budownictwa","og_description":"Skarbnik PDK OIIB Iwona Warzybok w dniu 18 listopada 2025 r. uczestniczy\u0142a w uroczystej gali w Filharmonii Podkarpackiej, podczas kt\u00f3rej [&hellip;]","og_url":"https:\/\/inzynier.rzeszow.pl\/index.php\/2025\/11\/19\/podsumowanie-dzialalnosci-promocyjno-prewencyjnej-okregowego-inspektoratu-pracy-w-rzeszowie-w-2025-r\/","og_site_name":"Podkarpacka Okregowa Izba Inzynierow Budownictwa","article_published_time":"2025-11-19T12:34:27+00:00","article_modified_time":"2026-02-13T13:36:28+00:00","og_image":[{"width":1275,"height":848,"url":"https:\/\/inzynier.rzeszow.pl\/wp-content\/uploads\/2025\/11\/obraz_2026-01-26_220426445.png","type":"image\/png"}],"author":"admin","twitter_card":"summary_large_image","twitter_misc":{"Napisane przez":"admin","Szacowany czas czytania":"1 minuta"},"schema":{"@context":"https:\/\/schema.org","@graph":[{"@type":"Article","@id":"https:\/\/inzynier.rzeszow.pl\/index.php\/2025\/11\/19\/podsumowanie-dzialalnosci-promocyjno-prewencyjnej-okregowego-inspektoratu-pracy-w-rzeszowie-w-2025-r\/#article","isPartOf":{"@id":"https:\/\/inzynier.rzeszow.pl\/index.php\/2025\/11\/19\/podsumowanie-dzialalnosci-promocyjno-prewencyjnej-okregowego-inspektoratu-pracy-w-rzeszowie-w-2025-r\/"},"author":{"name":"admin","@id":"https:\/\/inzynier.rzeszow.pl\/#\/schema\/person\/21ca162d893bdc5760a95d704e9b1e39"},"headline":"Podsumowanie dzia\u0142alno\u015bci promocyjno-prewencyjnej Okr\u0119gowego Inspektoratu Pracy w Rzeszowie w 2025 r.","datePublished":"2025-11-19T12:34:27+00:00","dateModified":"2026-02-13T13:36:28+00:00","mainEntityOfPage":{"@id":"https:\/\/inzynier.rzeszow.pl\/index.php\/2025\/11\/19\/podsumowanie-dzialalnosci-promocyjno-prewencyjnej-okregowego-inspektoratu-pracy-w-rzeszowie-w-2025-r\/"},"wordCount":301,"image":{"@id":"https:\/\/inzynier.rzeszow.pl\/index.php\/2025\/11\/19\/podsumowanie-dzialalnosci-promocyjno-prewencyjnej-okregowego-inspektoratu-pracy-w-rzeszowie-w-2025-r\/#primaryimage"},"thumbnailUrl":"https:\/\/inzynier.rzeszow.pl\/wp-content\/uploads\/2025\/11\/obraz_2026-01-26_220426445.png","articleSection":["Wydarzenia","Z \u017cycia izby","Z \u017cycia Izby Rok 2025"],"inLanguage":"pl-PL"},{"@type":"WebPage","@id":"https:\/\/inzynier.rzeszow.pl\/index.php\/2025\/11\/19\/podsumowanie-dzialalnosci-promocyjno-prewencyjnej-okregowego-inspektoratu-pracy-w-rzeszowie-w-2025-r\/","url":"https:\/\/inzynier.rzeszow.pl\/index.php\/2025\/11\/19\/podsumowanie-dzialalnosci-promocyjno-prewencyjnej-okregowego-inspektoratu-pracy-w-rzeszowie-w-2025-r\/","name":"Podsumowanie dzia\u0142alno\u015bci promocyjno-prewencyjnej Okr\u0119gowego Inspektoratu Pracy w Rzeszowie w 2025 r. - Podkarpacka Okregowa Izba Inzynierow Budownictwa","isPartOf":{"@id":"https:\/\/inzynier.rzeszow.pl\/#website"},"primaryImageOfPage":{"@id":"https:\/\/inzynier.rzeszow.pl\/index.php\/2025\/11\/19\/podsumowanie-dzialalnosci-promocyjno-prewencyjnej-okregowego-inspektoratu-pracy-w-rzeszowie-w-2025-r\/#primaryimage"},"image":{"@id":"https:\/\/inzynier.rzeszow.pl\/index.php\/2025\/11\/19\/podsumowanie-dzialalnosci-promocyjno-prewencyjnej-okregowego-inspektoratu-pracy-w-rzeszowie-w-2025-r\/#primaryimage"},"thumbnailUrl":"https:\/\/inzynier.rzeszow.pl\/wp-content\/uploads\/2025\/11\/obraz_2026-01-26_220426445.png","datePublished":"2025-11-19T12:34:27+00:00","dateModified":"2026-02-13T13:36:28+00:00","author":{"@id":"https:\/\/inzynier.rzeszow.pl\/#\/schema\/person\/21ca162d893bdc5760a95d704e9b1e39"},"breadcrumb":{"@id":"https:\/\/inzynier.rzeszow.pl\/index.php\/2025\/11\/19\/podsumowanie-dzialalnosci-promocyjno-prewencyjnej-okregowego-inspektoratu-pracy-w-rzeszowie-w-2025-r\/#breadcrumb"},"inLanguage":"pl-PL","potentialAction":[{"@type":"ReadAction","target":["https:\/\/inzynier.rzeszow.pl\/index.php\/2025\/11\/19\/podsumowanie-dzialalnosci-promocyjno-prewencyjnej-okregowego-inspektoratu-pracy-w-rzeszowie-w-2025-r\/"]}]},{"@type":"ImageObject","inLanguage":"pl-PL","@id":"https:\/\/inzynier.rzeszow.pl\/index.php\/2025\/11\/19\/podsumowanie-dzialalnosci-promocyjno-prewencyjnej-okregowego-inspektoratu-pracy-w-rzeszowie-w-2025-r\/#primaryimage","url":"https:\/\/inzynier.rzeszow.pl\/wp-content\/uploads\/2025\/11\/obraz_2026-01-26_220426445.png","contentUrl":"https:\/\/inzynier.rzeszow.pl\/wp-content\/uploads\/2025\/11\/obraz_2026-01-26_220426445.png","width":1275,"height":848},{"@type":"BreadcrumbList","@id":"https:\/\/inzynier.rzeszow.pl\/index.php\/2025\/11\/19\/podsumowanie-dzialalnosci-promocyjno-prewencyjnej-okregowego-inspektoratu-pracy-w-rzeszowie-w-2025-r\/#breadcrumb","itemListElement":[{"@type":"ListItem","position":1,"name":"Strona g\u0142\u00f3wna","item":"https:\/\/inzynier.rzeszow.pl\/"},{"@type":"ListItem","position":2,"name":"Podsumowanie dzia\u0142alno\u015bci promocyjno-prewencyjnej Okr\u0119gowego Inspektoratu Pracy w Rzeszowie w 2025 r."}]},{"@type":"WebSite","@id":"https:\/\/inzynier.rzeszow.pl\/#website","url":"https:\/\/inzynier.rzeszow.pl\/","name":"Podkarpacka Okregowa Izba Inzynierow Budownictwa","description":"","potentialAction":[{"@type":"SearchAction","target":{"@type":"EntryPoint","urlTemplate":"https:\/\/inzynier.rzeszow.pl\/?s={search_term_string}"},"query-input":{"@type":"PropertyValueSpecification","valueRequired":true,"valueName":"search_term_string"}}],"inLanguage":"pl-PL"},{"@type":"Person","@id":"https:\/\/inzynier.rzeszow.pl\/#\/schema\/person\/21ca162d893bdc5760a95d704e9b1e39","name":"admin","image":{"@type":"ImageObject","inLanguage":"pl-PL","@id":"https:\/\/secure.gravatar.com\/avatar\/d5d1959f10b94c8abcf928274f8bb5b8c7370b0dfadb0590911bacad18965f21?s=96&d=mm&r=g","url":"https:\/\/secure.gravatar.com\/avatar\/d5d1959f10b94c8abcf928274f8bb5b8c7370b0dfadb0590911bacad18965f21?s=96&d=mm&r=g","contentUrl":"https:\/\/secure.gravatar.com\/avatar\/d5d1959f10b94c8abcf928274f8bb5b8c7370b0dfadb0590911bacad18965f21?s=96&d=mm&r=g","caption":"admin"},"sameAs":["https:\/\/migracja.inzynier.rzeszow.pl"],"url":"https:\/\/inzynier.rzeszow.pl\/index.php\/author\/kwojcik\/"}]}},"rttpg_featured_image_url":{"full":["https:\/\/inzynier.rzeszow.pl\/wp-content\/uploads\/2025\/11\/obraz_2026-01-26_220426445.png",1275,848,false],"landscape":["https:\/\/inzynier.rzeszow.pl\/wp-content\/uploads\/2025\/11\/obraz_2026-01-26_220426445.png",1275,848,false],"portraits":["https:\/\/inzynier.rzeszow.pl\/wp-content\/uploads\/2025\/11\/obraz_2026-01-26_220426445.png",1275,848,false],"thumbnail":["https:\/\/inzynier.rzeszow.pl\/wp-content\/uploads\/2025\/11\/obraz_2026-01-26_220426445-150x150.png",150,150,true],"medium":["https:\/\/inzynier.rzeszow.pl\/wp-content\/uploads\/2025\/11\/obraz_2026-01-26_220426445-300x200.png",300,200,true],"large":["https:\/\/inzynier.rzeszow.pl\/wp-content\/uploads\/2025\/11\/obraz_2026-01-26_220426445-1024x681.png",1024,681,true],"1536x1536":["https:\/\/inzynier.rzeszow.pl\/wp-content\/uploads\/2025\/11\/obraz_2026-01-26_220426445.png",1275,848,false],"2048x2048":["https:\/\/inzynier.rzeszow.pl\/wp-content\/uploads\/2025\/11\/obraz_2026-01-26_220426445.png",1275,848,false]},"rttpg_author":{"display_name":"admin","author_link":"https:\/\/inzynier.rzeszow.pl\/index.php\/author\/kwojcik\/"},"rttpg_comment":0,"rttpg_category":"<a href=\"https:\/\/inzynier.rzeszow.pl\/index.php\/category\/wydarzenia\/\" rel=\"category tag\">Wydarzenia<\/a> <a href=\"https:\/\/inzynier.rzeszow.pl\/index.php\/category\/z-zycia-izby\/\" rel=\"category tag\">Z \u017cycia izby<\/a> <a href=\"https:\/\/inzynier.rzeszow.pl\/index.php\/category\/z-zycia-izby\/z-zycia-izby-rok-2025\/\" rel=\"category tag\">Z \u017cycia Izby Rok 2025<\/a>","rttpg_excerpt":"Skarbnik PDK OIIB Iwona Warzybok w dniu 18 listopada 2025 r. uczestniczy\u0142a w uroczystej gali w Filharmonii Podkarpackiej, podczas kt\u00f3rej [&hellip;]","_links":{"self":[{"href":"https:\/\/inzynier.rzeszow.pl\/index.php\/wp-json\/wp\/v2\/posts\/2946","targetHints":{"allow":["GET"]}}],"collection":[{"href":"https:\/\/inzynier.rzeszow.pl\/index.php\/wp-json\/wp\/v2\/posts"}],"about":[{"href":"https:\/\/inzynier.rzeszow.pl\/index.php\/wp-json\/wp\/v2\/types\/post"}],"author":[{"embeddable":true,"href":"https:\/\/inzynier.rzeszow.pl\/index.php\/wp-json\/wp\/v2\/users\/1"}],"replies":[{"embeddable":true,"href":"https:\/\/inzynier.rzeszow.pl\/index.php\/wp-json\/wp\/v2\/comments?post=2946"}],"version-history":[{"count":4,"href":"https:\/\/inzynier.rzeszow.pl\/index.php\/wp-json\/wp\/v2\/posts\/2946\/revisions"}],"predecessor-version":[{"id":3013,"href":"https:\/\/inzynier.rzeszow.pl\/index.php\/wp-json\/wp\/v2\/posts\/2946\/revisions\/3013"}],"wp:featuredmedia":[{"embeddable":true,"href":"https:\/\/inzynier.rzeszow.pl\/index.php\/wp-json\/wp\/v2\/media\/3008"}],"wp:attachment":[{"href":"https:\/\/inzynier.rzeszow.pl\/index.php\/wp-json\/wp\/v2\/media?parent=2946"}],"wp:term":[{"taxonomy":"category","embeddable":true,"href":"https:\/\/inzynier.rzeszow.pl\/index.php\/wp-json\/wp\/v2\/categories?post=2946"},{"taxonomy":"post_tag","embeddable":true,"href":"https:\/\/inzynier.rzeszow.pl\/index.php\/wp-json\/wp\/v2\/tags?post=2946"}],"curies":[{"name":"wp","href":"https:\/\/api.w.org\/{rel}","templated":true}]}}