{"id":2945,"date":"2025-11-15T11:43:24","date_gmt":"2025-11-15T11:43:24","guid":{"rendered":"https:\/\/migracja.inzynier.rzeszow.pl\/?p=2945"},"modified":"2026-02-13T13:36:28","modified_gmt":"2026-02-13T13:36:28","slug":"spotkanie-informacyjno-integracyjne-czlonkow-naszej-izby-z-terenu-powiatu-przeworskiego-2025-r","status":"publish","type":"post","link":"https:\/\/inzynier.rzeszow.pl\/index.php\/2025\/11\/15\/spotkanie-informacyjno-integracyjne-czlonkow-naszej-izby-z-terenu-powiatu-przeworskiego-2025-r\/","title":{"rendered":"Spotkanie informacyjno-integracyjne cz\u0142onk\u00f3w naszej Izby z terenu powiatu przeworskiego 2025 r."},"content":{"rendered":"\t\t<div data-elementor-type=\"wp-post\" data-elementor-id=\"2945\" class=\"elementor elementor-2945\" data-elementor-post-type=\"post\">\n\t\t\t\t<div class=\"elementor-element elementor-element-4f70bb6 e-flex e-con-boxed e-con e-parent\" data-id=\"4f70bb6\" data-element_type=\"container\" data-e-type=\"container\">\n\t\t\t\t\t<div class=\"e-con-inner\">\n\t\t<div class=\"elementor-element elementor-element-44b5713 e-con-full e-flex e-con e-child\" data-id=\"44b5713\" data-element_type=\"container\" data-e-type=\"container\">\n\t\t\t\t<div class=\"elementor-element elementor-element-f3497ff elementor-widget elementor-widget-image\" data-id=\"f3497ff\" data-element_type=\"widget\" data-e-type=\"widget\" data-widget_type=\"image.default\">\n\t\t\t\t\t\t\t\t\t\t\t\t\t\t\t<img fetchpriority=\"high\" decoding=\"async\" width=\"1024\" height=\"576\" src=\"https:\/\/inzynier.rzeszow.pl\/wp-content\/uploads\/0205\/11\/obraz_2026-01-26_220833750-1024x576.png\" class=\"attachment-large size-large wp-image-3015\" alt=\"\" srcset=\"https:\/\/inzynier.rzeszow.pl\/wp-content\/uploads\/0205\/11\/obraz_2026-01-26_220833750-1024x576.png 1024w, https:\/\/inzynier.rzeszow.pl\/wp-content\/uploads\/0205\/11\/obraz_2026-01-26_220833750-300x169.png 300w, https:\/\/inzynier.rzeszow.pl\/wp-content\/uploads\/0205\/11\/obraz_2026-01-26_220833750-768x432.png 768w, https:\/\/inzynier.rzeszow.pl\/wp-content\/uploads\/0205\/11\/obraz_2026-01-26_220833750-1536x864.png 1536w, https:\/\/inzynier.rzeszow.pl\/wp-content\/uploads\/0205\/11\/obraz_2026-01-26_220833750.png 2000w\" sizes=\"(max-width: 1024px) 100vw, 1024px\" \/>\t\t\t\t\t\t\t\t\t\t\t\t\t\t\t<\/div>\n\t\t\t\t<\/div>\n\t\t<div class=\"elementor-element elementor-element-5c2e3bd e-con-full e-flex e-con e-child\" data-id=\"5c2e3bd\" data-element_type=\"container\" data-e-type=\"container\">\n\t\t\t\t<div class=\"elementor-element elementor-element-d681aaf elementor-widget elementor-widget-text-editor\" data-id=\"d681aaf\" data-element_type=\"widget\" data-e-type=\"widget\" data-widget_type=\"text-editor.default\">\n\t\t\t\t\t\t\t\t\t<p>Dnia 14 listopada 2025 roku w restauracji Leliwa w Przeworsku odby\u0142o si\u0119 kolejne spotkanie informacyjno &#8211; integracyjne cz\u0142onk\u00f3w Podkarpackiej Okr\u0119gowej Izby In\u017cynier\u00f3w Budownictwa z powiatu przeworskiego.<\/p><p>Z ramienia prezydium Okr\u0119gowej Rady PDK OIIB w spotkaniu uczestniczy\u0142 zast\u0119pca przewodnicz\u0105cego OR PDK OIIB Wac\u0142aw Kami\u0144ski, kt\u00f3ry przywita\u0142 zaproszonych go\u015bci oraz cz\u0142onk\u00f3w Izby przyby\u0142ych na spotkanie.<\/p><p>Swoj\u0105 obecno\u015bci\u0105 zaszczycili nas: Dariusz \u0141apa &#8211; Starosta Przeworski, Wojciech Superson &#8211; Zast\u0119pca Burmistrza Miasta Przeworska, Wiktor Koba- Radny Sejmiku Wojew\u00f3dztwa Podkarpackiego, Bartosz Wlaz\u0142o &#8211; Powiatowy Inspektor Nadzoru Budowlanego, Natalia Pi\u0105tek &#8211; Naczelnik Wydzia\u0142u Budownictwa i Ochrony \u015arodowiska Starostwa Powiatowego, Agnieszka Bukowa-Jedynak &#8211; Kierownik Referatu Przedsi\u0119wzi\u0119\u0107 Publicznych, Inwestycji i Remont\u00f3w Gminy Przeworsk oraz Dariusz Krzan &#8211; Kierownik Referatu Inwestycji i Infrastruktury Technicznej Miasta Przeworska.<\/p>\t\t\t\t\t\t\t\t<\/div>\n\t\t\t\t<\/div>\n\t\t\t\t\t<\/div>\n\t\t\t\t<\/div>\n\t\t<div class=\"elementor-element elementor-element-82b1b07 e-flex e-con-boxed e-con e-parent\" data-id=\"82b1b07\" data-element_type=\"container\" data-e-type=\"container\">\n\t\t\t\t\t<div class=\"e-con-inner\">\n\t\t<div class=\"elementor-element elementor-element-6e6c7cf e-con-full e-flex e-con e-child\" data-id=\"6e6c7cf\" data-element_type=\"container\" data-e-type=\"container\">\n\t\t\t\t<div class=\"elementor-element elementor-element-dc8f1c6 elementor-widget elementor-widget-image\" data-id=\"dc8f1c6\" data-element_type=\"widget\" data-e-type=\"widget\" data-widget_type=\"image.default\">\n\t\t\t\t\t\t\t\t\t\t\t\t\t\t\t<img decoding=\"async\" width=\"1024\" height=\"576\" src=\"https:\/\/inzynier.rzeszow.pl\/wp-content\/uploads\/0205\/11\/obraz_2026-01-26_221257601-1024x576.png\" class=\"attachment-large size-large wp-image-3017\" alt=\"\" srcset=\"https:\/\/inzynier.rzeszow.pl\/wp-content\/uploads\/0205\/11\/obraz_2026-01-26_221257601-1024x576.png 1024w, https:\/\/inzynier.rzeszow.pl\/wp-content\/uploads\/0205\/11\/obraz_2026-01-26_221257601-300x169.png 300w, https:\/\/inzynier.rzeszow.pl\/wp-content\/uploads\/0205\/11\/obraz_2026-01-26_221257601-768x432.png 768w, https:\/\/inzynier.rzeszow.pl\/wp-content\/uploads\/0205\/11\/obraz_2026-01-26_221257601-1536x864.png 1536w, https:\/\/inzynier.rzeszow.pl\/wp-content\/uploads\/0205\/11\/obraz_2026-01-26_221257601.png 2000w\" sizes=\"(max-width: 1024px) 100vw, 1024px\" \/>\t\t\t\t\t\t\t\t\t\t\t\t\t\t\t<\/div>\n\t\t\t\t<\/div>\n\t\t<div class=\"elementor-element elementor-element-c8b0d2f e-con-full e-flex e-con e-child\" data-id=\"c8b0d2f\" data-element_type=\"container\" data-e-type=\"container\">\n\t\t\t\t<div class=\"elementor-element elementor-element-837d3d2 elementor-widget elementor-widget-text-editor\" data-id=\"837d3d2\" data-element_type=\"widget\" data-e-type=\"widget\" data-widget_type=\"text-editor.default\">\n\t\t\t\t\t\t\t\t\t<p>Zast\u0119pca przewodnicz\u0105cego Wac\u0142aw Kami\u0144ski w prezentacji multimedialnej przedstawi\u0142 ciekawe informacje dotycz\u0105ce cz\u0142onk\u00f3w powiatu przeworskiego, m.in. na temat struktury wiekowej, ilo\u015bci czynnych cz\u0142onk\u00f3w oraz ilo\u015bci cz\u0142onk\u00f3w w uj\u0119ciu bran\u017cowym. Du\u017co miejsca w swoim wyst\u0105pieniu po\u015bwi\u0119ci\u0142 mo\u017cliwo\u015bciom jakie oferuje Podkarpacka OIIB, zach\u0119caj\u0105c do uczestnictwa we wszelkiego rodzaju aktywno\u015bciach organizowanych przez Izb\u0119. Przedstawi\u0142 kalendarz wydarze\u0144 sportowych PDK OIIB jakie odby\u0142y si\u0119 w 2025 roku i zaprosi\u0142 na kolejne w zbli\u017caj\u0105cym si\u0119 nowym roku.<\/p><p>Pami\u0105tkowe medale i podzi\u0119kowania otrzymali w trakcie spotkania nestorzy z terenu powiatu przeworskiego kol.: W\u0142adys\u0142aw Masztalerz, W\u0142adys\u0142aw Mo\u017cd\u017ce\u0144 i Wies\u0142aw Sk\u00f3rski.<\/p>\t\t\t\t\t\t\t\t<\/div>\n\t\t\t\t<\/div>\n\t\t\t\t\t<\/div>\n\t\t\t\t<\/div>\n\t\t<div class=\"elementor-element elementor-element-a924c08 e-flex e-con-boxed e-con e-parent\" data-id=\"a924c08\" data-element_type=\"container\" data-e-type=\"container\">\n\t\t\t\t\t<div class=\"e-con-inner\">\n\t\t\t\t<div class=\"elementor-element elementor-element-0011204 elementor-widget elementor-widget-text-editor\" data-id=\"0011204\" data-element_type=\"widget\" data-e-type=\"widget\" data-widget_type=\"text-editor.default\">\n\t\t\t\t\t\t\t\t\t<p>Po cz\u0119\u015bci otwieraj\u0105cej spotkanie nast\u0105pi\u0142a uroczysta kolacja integracyjna, po kt\u00f3rej wszyscy zebrani mogli przyst\u0105pi\u0107 do swobodnych rozm\u00f3w, o tematyce zawodowej i nie tylko, a przede wszystkim do zawierania nowych znajomo\u015bci.<\/p><p>Po kolacji g\u0142os zabra\u0142 Starosta Dariusz \u0141apa, w swoim wyst\u0105pieniu omawiaj\u0105c znaczenie zawodu in\u017cyniera oraz przybli\u017caj\u0105c zebranym kr\u00f3tki rys historyczny budowy kolejki w\u0105skotorowej.<\/p><p>Spotkanie odby\u0142o si\u0119 w bardzo mi\u0142ej, kole\u017ce\u0144skiej atmosferze i trwa\u0142o do p\u00f3\u017anych godzin wieczornych.<\/p><p>Dzi\u0119kujemy serdecznie wszystkim za przybycie, a szczeg\u00f3lnie zast\u0119pcy przewodnicz\u0105cego OR PDK Wac\u0142awowi Kami\u0144skiemu. Do zobaczenia za rok.<\/p>\t\t\t\t\t\t\t\t<\/div>\n\t\t\t\t\t<\/div>\n\t\t\t\t<\/div>\n\t\t<div class=\"elementor-element elementor-element-80ed44e e-flex e-con-boxed e-con e-parent\" data-id=\"80ed44e\" data-element_type=\"container\" data-e-type=\"container\">\n\t\t\t\t\t<div class=\"e-con-inner\">\n\t\t\t\t<div class=\"elementor-element elementor-element-efc4c30 elementor-widget__width-inherit elementor-icon-list--layout-traditional elementor-list-item-link-full_width elementor-widget elementor-widget-icon-list\" data-id=\"efc4c30\" data-element_type=\"widget\" data-e-type=\"widget\" data-widget_type=\"icon-list.default\">\n\t\t\t\t\t\t\t<ul class=\"elementor-icon-list-items\">\n\t\t\t\t\t\t\t<li class=\"elementor-icon-list-item\">\n\t\t\t\t\t\t\t\t\t\t\t<a href=\"https:\/\/www.facebook.com\/PodkarpackaOIIB\/posts\/pfbid045uJHaSn7sNsPnx6Ygsfjh1LpqsHKEDqoFSE6biSh6ozqaJBXXoqoipVHxQrmuuvl\">\n\n\t\t\t\t\t\t\t\t\t\t\t\t<span class=\"elementor-icon-list-icon\">\n\t\t\t\t\t\t\t<svg aria-hidden=\"true\" class=\"e-font-icon-svg e-fas-arrow-circle-right\" viewBox=\"0 0 512 512\" xmlns=\"http:\/\/www.w3.org\/2000\/svg\"><path d=\"M256 8c137 0 248 111 248 248S393 504 256 504 8 393 8 256 119 8 256 8zm-28.9 143.6l75.5 72.4H120c-13.3 0-24 10.7-24 24v16c0 13.3 10.7 24 24 24h182.6l-75.5 72.4c-9.7 9.3-9.9 24.8-.4 34.3l11 10.9c9.4 9.4 24.6 9.4 33.9 0L404.3 273c9.4-9.4 9.4-24.6 0-33.9L271.6 106.3c-9.4-9.4-24.6-9.4-33.9 0l-11 10.9c-9.5 9.6-9.3 25.1.4 34.4z\"><\/path><\/svg>\t\t\t\t\t\t<\/span>\n\t\t\t\t\t\t\t\t\t\t<span class=\"elementor-icon-list-text\">Galeria fotograficzna z spotkania informacyjno-integracyjnego cz\u0142onk\u00f3w naszej Izby z terenu powiatu przeworskiego 14.11.2025 r. <\/span>\n\t\t\t\t\t\t\t\t\t\t\t<\/a>\n\t\t\t\t\t\t\t\t\t<\/li>\n\t\t\t\t\t\t<\/ul>\n\t\t\t\t\t\t<\/div>\n\t\t\t\t\t<\/div>\n\t\t\t\t<\/div>\n\t\t\t\t<\/div>\n\t\t","protected":false},"excerpt":{"rendered":"<p>Dnia 14 listopada 2025 roku w restauracji Leliwa w Przeworsku odby\u0142o si\u0119 kolejne spotkanie informacyjno &#8211; integracyjne cz\u0142onk\u00f3w Podkarpackiej Okr\u0119gowej [&hellip;]<\/p>\n","protected":false},"author":1,"featured_media":3015,"comment_status":"closed","ping_status":"closed","sticky":false,"template":"","format":"standard","meta":{"site-sidebar-layout":"default","site-content-layout":"","ast-site-content-layout":"default","site-content-style":"default","site-sidebar-style":"default","ast-global-header-display":"","ast-banner-title-visibility":"","ast-main-header-display":"","ast-hfb-above-header-display":"","ast-hfb-below-header-display":"","ast-hfb-mobile-header-display":"","site-post-title":"","ast-breadcrumbs-content":"","ast-featured-img":"","footer-sml-layout":"","ast-disable-related-posts":"","theme-transparent-header-meta":"","adv-header-id-meta":"","stick-header-meta":"","header-above-stick-meta":"","header-main-stick-meta":"","header-below-stick-meta":"","astra-migrate-meta-layouts":"default","ast-page-background-enabled":"default","ast-page-background-meta":{"desktop":{"background-color":"var(--ast-global-color-5)","background-image":"","background-repeat":"repeat","background-position":"center center","background-size":"auto","background-attachment":"scroll","background-type":"","background-media":"","overlay-type":"","overlay-color":"","overlay-opacity":"","overlay-gradient":""},"tablet":{"background-color":"","background-image":"","background-repeat":"repeat","background-position":"center center","background-size":"auto","background-attachment":"scroll","background-type":"","background-media":"","overlay-type":"","overlay-color":"","overlay-opacity":"","overlay-gradient":""},"mobile":{"background-color":"","background-image":"","background-repeat":"repeat","background-position":"center center","background-size":"auto","background-attachment":"scroll","background-type":"","background-media":"","overlay-type":"","overlay-color":"","overlay-opacity":"","overlay-gradient":""}},"ast-content-background-meta":{"desktop":{"background-color":"var(--ast-global-color-4)","background-image":"","background-repeat":"repeat","background-position":"center center","background-size":"auto","background-attachment":"scroll","background-type":"","background-media":"","overlay-type":"","overlay-color":"","overlay-opacity":"","overlay-gradient":""},"tablet":{"background-color":"var(--ast-global-color-4)","background-image":"","background-repeat":"repeat","background-position":"center center","background-size":"auto","background-attachment":"scroll","background-type":"","background-media":"","overlay-type":"","overlay-color":"","overlay-opacity":"","overlay-gradient":""},"mobile":{"background-color":"var(--ast-global-color-4)","background-image":"","background-repeat":"repeat","background-position":"center center","background-size":"auto","background-attachment":"scroll","background-type":"","background-media":"","overlay-type":"","overlay-color":"","overlay-opacity":"","overlay-gradient":""}},"footnotes":""},"categories":[7,16,55],"tags":[],"class_list":["post-2945","post","type-post","status-publish","format-standard","has-post-thumbnail","hentry","category-wydarzenia","category-z-zycia-izby","category-z-zycia-izby-rok-2025"],"yoast_head":"<!-- This site is optimized with the Yoast SEO plugin v27.5 - https:\/\/yoast.com\/product\/yoast-seo-wordpress\/ -->\n<title>Spotkanie informacyjno-integracyjne cz\u0142onk\u00f3w naszej Izby z terenu powiatu przeworskiego 2025 r. - Podkarpacka Okregowa Izba Inzynierow Budownictwa<\/title>\n<meta name=\"robots\" content=\"index, follow, max-snippet:-1, max-image-preview:large, max-video-preview:-1\" \/>\n<link rel=\"canonical\" href=\"https:\/\/inzynier.rzeszow.pl\/index.php\/2025\/11\/15\/spotkanie-informacyjno-integracyjne-czlonkow-naszej-izby-z-terenu-powiatu-przeworskiego-2025-r\/\" \/>\n<meta property=\"og:locale\" content=\"pl_PL\" \/>\n<meta property=\"og:type\" content=\"article\" \/>\n<meta property=\"og:title\" content=\"Spotkanie informacyjno-integracyjne cz\u0142onk\u00f3w naszej Izby z terenu powiatu przeworskiego 2025 r. - Podkarpacka Okregowa Izba Inzynierow Budownictwa\" \/>\n<meta property=\"og:description\" content=\"Dnia 14 listopada 2025 roku w restauracji Leliwa w Przeworsku odby\u0142o si\u0119 kolejne spotkanie informacyjno &#8211; integracyjne cz\u0142onk\u00f3w Podkarpackiej Okr\u0119gowej [&hellip;]\" \/>\n<meta property=\"og:url\" content=\"https:\/\/inzynier.rzeszow.pl\/index.php\/2025\/11\/15\/spotkanie-informacyjno-integracyjne-czlonkow-naszej-izby-z-terenu-powiatu-przeworskiego-2025-r\/\" \/>\n<meta property=\"og:site_name\" content=\"Podkarpacka Okregowa Izba Inzynierow Budownictwa\" \/>\n<meta property=\"article:published_time\" content=\"2025-11-15T11:43:24+00:00\" \/>\n<meta property=\"article:modified_time\" content=\"2026-02-13T13:36:28+00:00\" \/>\n<meta property=\"og:image\" content=\"https:\/\/inzynier.rzeszow.pl\/wp-content\/uploads\/0205\/11\/obraz_2026-01-26_220833750-1024x576.png\" \/>\n\t<meta property=\"og:image:width\" content=\"1024\" \/>\n\t<meta property=\"og:image:height\" content=\"576\" \/>\n\t<meta property=\"og:image:type\" content=\"image\/png\" \/>\n<meta name=\"author\" content=\"admin\" \/>\n<meta name=\"twitter:card\" content=\"summary_large_image\" \/>\n<meta name=\"twitter:label1\" content=\"Napisane przez\" \/>\n\t<meta name=\"twitter:data1\" content=\"admin\" \/>\n\t<meta name=\"twitter:label2\" content=\"Szacowany czas czytania\" \/>\n\t<meta name=\"twitter:data2\" content=\"2 minuty\" \/>\n<script type=\"application\/ld+json\" class=\"yoast-schema-graph\">{\"@context\":\"https:\\\/\\\/schema.org\",\"@graph\":[{\"@type\":\"Article\",\"@id\":\"https:\\\/\\\/inzynier.rzeszow.pl\\\/index.php\\\/2025\\\/11\\\/15\\\/spotkanie-informacyjno-integracyjne-czlonkow-naszej-izby-z-terenu-powiatu-przeworskiego-2025-r\\\/#article\",\"isPartOf\":{\"@id\":\"https:\\\/\\\/inzynier.rzeszow.pl\\\/index.php\\\/2025\\\/11\\\/15\\\/spotkanie-informacyjno-integracyjne-czlonkow-naszej-izby-z-terenu-powiatu-przeworskiego-2025-r\\\/\"},\"author\":{\"name\":\"admin\",\"@id\":\"https:\\\/\\\/inzynier.rzeszow.pl\\\/#\\\/schema\\\/person\\\/21ca162d893bdc5760a95d704e9b1e39\"},\"headline\":\"Spotkanie informacyjno-integracyjne cz\u0142onk\u00f3w naszej Izby z terenu powiatu przeworskiego 2025 r.\",\"datePublished\":\"2025-11-15T11:43:24+00:00\",\"dateModified\":\"2026-02-13T13:36:28+00:00\",\"mainEntityOfPage\":{\"@id\":\"https:\\\/\\\/inzynier.rzeszow.pl\\\/index.php\\\/2025\\\/11\\\/15\\\/spotkanie-informacyjno-integracyjne-czlonkow-naszej-izby-z-terenu-powiatu-przeworskiego-2025-r\\\/\"},\"wordCount\":406,\"image\":{\"@id\":\"https:\\\/\\\/inzynier.rzeszow.pl\\\/index.php\\\/2025\\\/11\\\/15\\\/spotkanie-informacyjno-integracyjne-czlonkow-naszej-izby-z-terenu-powiatu-przeworskiego-2025-r\\\/#primaryimage\"},\"thumbnailUrl\":\"https:\\\/\\\/inzynier.rzeszow.pl\\\/wp-content\\\/uploads\\\/0205\\\/11\\\/obraz_2026-01-26_220833750.png\",\"articleSection\":[\"Wydarzenia\",\"Z \u017cycia izby\",\"Z \u017cycia Izby Rok 2025\"],\"inLanguage\":\"pl-PL\"},{\"@type\":\"WebPage\",\"@id\":\"https:\\\/\\\/inzynier.rzeszow.pl\\\/index.php\\\/2025\\\/11\\\/15\\\/spotkanie-informacyjno-integracyjne-czlonkow-naszej-izby-z-terenu-powiatu-przeworskiego-2025-r\\\/\",\"url\":\"https:\\\/\\\/inzynier.rzeszow.pl\\\/index.php\\\/2025\\\/11\\\/15\\\/spotkanie-informacyjno-integracyjne-czlonkow-naszej-izby-z-terenu-powiatu-przeworskiego-2025-r\\\/\",\"name\":\"Spotkanie informacyjno-integracyjne cz\u0142onk\u00f3w naszej Izby z terenu powiatu przeworskiego 2025 r. - Podkarpacka Okregowa Izba Inzynierow Budownictwa\",\"isPartOf\":{\"@id\":\"https:\\\/\\\/inzynier.rzeszow.pl\\\/#website\"},\"primaryImageOfPage\":{\"@id\":\"https:\\\/\\\/inzynier.rzeszow.pl\\\/index.php\\\/2025\\\/11\\\/15\\\/spotkanie-informacyjno-integracyjne-czlonkow-naszej-izby-z-terenu-powiatu-przeworskiego-2025-r\\\/#primaryimage\"},\"image\":{\"@id\":\"https:\\\/\\\/inzynier.rzeszow.pl\\\/index.php\\\/2025\\\/11\\\/15\\\/spotkanie-informacyjno-integracyjne-czlonkow-naszej-izby-z-terenu-powiatu-przeworskiego-2025-r\\\/#primaryimage\"},\"thumbnailUrl\":\"https:\\\/\\\/inzynier.rzeszow.pl\\\/wp-content\\\/uploads\\\/0205\\\/11\\\/obraz_2026-01-26_220833750.png\",\"datePublished\":\"2025-11-15T11:43:24+00:00\",\"dateModified\":\"2026-02-13T13:36:28+00:00\",\"author\":{\"@id\":\"https:\\\/\\\/inzynier.rzeszow.pl\\\/#\\\/schema\\\/person\\\/21ca162d893bdc5760a95d704e9b1e39\"},\"breadcrumb\":{\"@id\":\"https:\\\/\\\/inzynier.rzeszow.pl\\\/index.php\\\/2025\\\/11\\\/15\\\/spotkanie-informacyjno-integracyjne-czlonkow-naszej-izby-z-terenu-powiatu-przeworskiego-2025-r\\\/#breadcrumb\"},\"inLanguage\":\"pl-PL\",\"potentialAction\":[{\"@type\":\"ReadAction\",\"target\":[\"https:\\\/\\\/inzynier.rzeszow.pl\\\/index.php\\\/2025\\\/11\\\/15\\\/spotkanie-informacyjno-integracyjne-czlonkow-naszej-izby-z-terenu-powiatu-przeworskiego-2025-r\\\/\"]}]},{\"@type\":\"ImageObject\",\"inLanguage\":\"pl-PL\",\"@id\":\"https:\\\/\\\/inzynier.rzeszow.pl\\\/index.php\\\/2025\\\/11\\\/15\\\/spotkanie-informacyjno-integracyjne-czlonkow-naszej-izby-z-terenu-powiatu-przeworskiego-2025-r\\\/#primaryimage\",\"url\":\"https:\\\/\\\/inzynier.rzeszow.pl\\\/wp-content\\\/uploads\\\/0205\\\/11\\\/obraz_2026-01-26_220833750.png\",\"contentUrl\":\"https:\\\/\\\/inzynier.rzeszow.pl\\\/wp-content\\\/uploads\\\/0205\\\/11\\\/obraz_2026-01-26_220833750.png\",\"width\":2000,\"height\":1125},{\"@type\":\"BreadcrumbList\",\"@id\":\"https:\\\/\\\/inzynier.rzeszow.pl\\\/index.php\\\/2025\\\/11\\\/15\\\/spotkanie-informacyjno-integracyjne-czlonkow-naszej-izby-z-terenu-powiatu-przeworskiego-2025-r\\\/#breadcrumb\",\"itemListElement\":[{\"@type\":\"ListItem\",\"position\":1,\"name\":\"Strona g\u0142\u00f3wna\",\"item\":\"https:\\\/\\\/inzynier.rzeszow.pl\\\/\"},{\"@type\":\"ListItem\",\"position\":2,\"name\":\"Spotkanie informacyjno-integracyjne cz\u0142onk\u00f3w naszej Izby z terenu powiatu przeworskiego 2025 r.\"}]},{\"@type\":\"WebSite\",\"@id\":\"https:\\\/\\\/inzynier.rzeszow.pl\\\/#website\",\"url\":\"https:\\\/\\\/inzynier.rzeszow.pl\\\/\",\"name\":\"Podkarpacka Okregowa Izba Inzynierow Budownictwa\",\"description\":\"\",\"potentialAction\":[{\"@type\":\"SearchAction\",\"target\":{\"@type\":\"EntryPoint\",\"urlTemplate\":\"https:\\\/\\\/inzynier.rzeszow.pl\\\/?s={search_term_string}\"},\"query-input\":{\"@type\":\"PropertyValueSpecification\",\"valueRequired\":true,\"valueName\":\"search_term_string\"}}],\"inLanguage\":\"pl-PL\"},{\"@type\":\"Person\",\"@id\":\"https:\\\/\\\/inzynier.rzeszow.pl\\\/#\\\/schema\\\/person\\\/21ca162d893bdc5760a95d704e9b1e39\",\"name\":\"admin\",\"image\":{\"@type\":\"ImageObject\",\"inLanguage\":\"pl-PL\",\"@id\":\"https:\\\/\\\/secure.gravatar.com\\\/avatar\\\/d5d1959f10b94c8abcf928274f8bb5b8c7370b0dfadb0590911bacad18965f21?s=96&d=mm&r=g\",\"url\":\"https:\\\/\\\/secure.gravatar.com\\\/avatar\\\/d5d1959f10b94c8abcf928274f8bb5b8c7370b0dfadb0590911bacad18965f21?s=96&d=mm&r=g\",\"contentUrl\":\"https:\\\/\\\/secure.gravatar.com\\\/avatar\\\/d5d1959f10b94c8abcf928274f8bb5b8c7370b0dfadb0590911bacad18965f21?s=96&d=mm&r=g\",\"caption\":\"admin\"},\"sameAs\":[\"https:\\\/\\\/migracja.inzynier.rzeszow.pl\"],\"url\":\"https:\\\/\\\/inzynier.rzeszow.pl\\\/index.php\\\/author\\\/kwojcik\\\/\"}]}<\/script>\n<!-- \/ Yoast SEO plugin. -->","yoast_head_json":{"title":"Spotkanie informacyjno-integracyjne cz\u0142onk\u00f3w naszej Izby z terenu powiatu przeworskiego 2025 r. - Podkarpacka Okregowa Izba Inzynierow Budownictwa","robots":{"index":"index","follow":"follow","max-snippet":"max-snippet:-1","max-image-preview":"max-image-preview:large","max-video-preview":"max-video-preview:-1"},"canonical":"https:\/\/inzynier.rzeszow.pl\/index.php\/2025\/11\/15\/spotkanie-informacyjno-integracyjne-czlonkow-naszej-izby-z-terenu-powiatu-przeworskiego-2025-r\/","og_locale":"pl_PL","og_type":"article","og_title":"Spotkanie informacyjno-integracyjne cz\u0142onk\u00f3w naszej Izby z terenu powiatu przeworskiego 2025 r. - Podkarpacka Okregowa Izba Inzynierow Budownictwa","og_description":"Dnia 14 listopada 2025 roku w restauracji Leliwa w Przeworsku odby\u0142o si\u0119 kolejne spotkanie informacyjno &#8211; integracyjne cz\u0142onk\u00f3w Podkarpackiej Okr\u0119gowej [&hellip;]","og_url":"https:\/\/inzynier.rzeszow.pl\/index.php\/2025\/11\/15\/spotkanie-informacyjno-integracyjne-czlonkow-naszej-izby-z-terenu-powiatu-przeworskiego-2025-r\/","og_site_name":"Podkarpacka Okregowa Izba Inzynierow Budownictwa","article_published_time":"2025-11-15T11:43:24+00:00","article_modified_time":"2026-02-13T13:36:28+00:00","og_image":[{"width":1024,"height":576,"url":"https:\/\/inzynier.rzeszow.pl\/wp-content\/uploads\/0205\/11\/obraz_2026-01-26_220833750-1024x576.png","type":"image\/png"}],"author":"admin","twitter_card":"summary_large_image","twitter_misc":{"Napisane przez":"admin","Szacowany czas czytania":"2 minuty"},"schema":{"@context":"https:\/\/schema.org","@graph":[{"@type":"Article","@id":"https:\/\/inzynier.rzeszow.pl\/index.php\/2025\/11\/15\/spotkanie-informacyjno-integracyjne-czlonkow-naszej-izby-z-terenu-powiatu-przeworskiego-2025-r\/#article","isPartOf":{"@id":"https:\/\/inzynier.rzeszow.pl\/index.php\/2025\/11\/15\/spotkanie-informacyjno-integracyjne-czlonkow-naszej-izby-z-terenu-powiatu-przeworskiego-2025-r\/"},"author":{"name":"admin","@id":"https:\/\/inzynier.rzeszow.pl\/#\/schema\/person\/21ca162d893bdc5760a95d704e9b1e39"},"headline":"Spotkanie informacyjno-integracyjne cz\u0142onk\u00f3w naszej Izby z terenu powiatu przeworskiego 2025 r.","datePublished":"2025-11-15T11:43:24+00:00","dateModified":"2026-02-13T13:36:28+00:00","mainEntityOfPage":{"@id":"https:\/\/inzynier.rzeszow.pl\/index.php\/2025\/11\/15\/spotkanie-informacyjno-integracyjne-czlonkow-naszej-izby-z-terenu-powiatu-przeworskiego-2025-r\/"},"wordCount":406,"image":{"@id":"https:\/\/inzynier.rzeszow.pl\/index.php\/2025\/11\/15\/spotkanie-informacyjno-integracyjne-czlonkow-naszej-izby-z-terenu-powiatu-przeworskiego-2025-r\/#primaryimage"},"thumbnailUrl":"https:\/\/inzynier.rzeszow.pl\/wp-content\/uploads\/0205\/11\/obraz_2026-01-26_220833750.png","articleSection":["Wydarzenia","Z \u017cycia izby","Z \u017cycia Izby Rok 2025"],"inLanguage":"pl-PL"},{"@type":"WebPage","@id":"https:\/\/inzynier.rzeszow.pl\/index.php\/2025\/11\/15\/spotkanie-informacyjno-integracyjne-czlonkow-naszej-izby-z-terenu-powiatu-przeworskiego-2025-r\/","url":"https:\/\/inzynier.rzeszow.pl\/index.php\/2025\/11\/15\/spotkanie-informacyjno-integracyjne-czlonkow-naszej-izby-z-terenu-powiatu-przeworskiego-2025-r\/","name":"Spotkanie informacyjno-integracyjne cz\u0142onk\u00f3w naszej Izby z terenu powiatu przeworskiego 2025 r. - Podkarpacka Okregowa Izba Inzynierow Budownictwa","isPartOf":{"@id":"https:\/\/inzynier.rzeszow.pl\/#website"},"primaryImageOfPage":{"@id":"https:\/\/inzynier.rzeszow.pl\/index.php\/2025\/11\/15\/spotkanie-informacyjno-integracyjne-czlonkow-naszej-izby-z-terenu-powiatu-przeworskiego-2025-r\/#primaryimage"},"image":{"@id":"https:\/\/inzynier.rzeszow.pl\/index.php\/2025\/11\/15\/spotkanie-informacyjno-integracyjne-czlonkow-naszej-izby-z-terenu-powiatu-przeworskiego-2025-r\/#primaryimage"},"thumbnailUrl":"https:\/\/inzynier.rzeszow.pl\/wp-content\/uploads\/0205\/11\/obraz_2026-01-26_220833750.png","datePublished":"2025-11-15T11:43:24+00:00","dateModified":"2026-02-13T13:36:28+00:00","author":{"@id":"https:\/\/inzynier.rzeszow.pl\/#\/schema\/person\/21ca162d893bdc5760a95d704e9b1e39"},"breadcrumb":{"@id":"https:\/\/inzynier.rzeszow.pl\/index.php\/2025\/11\/15\/spotkanie-informacyjno-integracyjne-czlonkow-naszej-izby-z-terenu-powiatu-przeworskiego-2025-r\/#breadcrumb"},"inLanguage":"pl-PL","potentialAction":[{"@type":"ReadAction","target":["https:\/\/inzynier.rzeszow.pl\/index.php\/2025\/11\/15\/spotkanie-informacyjno-integracyjne-czlonkow-naszej-izby-z-terenu-powiatu-przeworskiego-2025-r\/"]}]},{"@type":"ImageObject","inLanguage":"pl-PL","@id":"https:\/\/inzynier.rzeszow.pl\/index.php\/2025\/11\/15\/spotkanie-informacyjno-integracyjne-czlonkow-naszej-izby-z-terenu-powiatu-przeworskiego-2025-r\/#primaryimage","url":"https:\/\/inzynier.rzeszow.pl\/wp-content\/uploads\/0205\/11\/obraz_2026-01-26_220833750.png","contentUrl":"https:\/\/inzynier.rzeszow.pl\/wp-content\/uploads\/0205\/11\/obraz_2026-01-26_220833750.png","width":2000,"height":1125},{"@type":"BreadcrumbList","@id":"https:\/\/inzynier.rzeszow.pl\/index.php\/2025\/11\/15\/spotkanie-informacyjno-integracyjne-czlonkow-naszej-izby-z-terenu-powiatu-przeworskiego-2025-r\/#breadcrumb","itemListElement":[{"@type":"ListItem","position":1,"name":"Strona g\u0142\u00f3wna","item":"https:\/\/inzynier.rzeszow.pl\/"},{"@type":"ListItem","position":2,"name":"Spotkanie informacyjno-integracyjne cz\u0142onk\u00f3w naszej Izby z terenu powiatu przeworskiego 2025 r."}]},{"@type":"WebSite","@id":"https:\/\/inzynier.rzeszow.pl\/#website","url":"https:\/\/inzynier.rzeszow.pl\/","name":"Podkarpacka Okregowa Izba Inzynierow Budownictwa","description":"","potentialAction":[{"@type":"SearchAction","target":{"@type":"EntryPoint","urlTemplate":"https:\/\/inzynier.rzeszow.pl\/?s={search_term_string}"},"query-input":{"@type":"PropertyValueSpecification","valueRequired":true,"valueName":"search_term_string"}}],"inLanguage":"pl-PL"},{"@type":"Person","@id":"https:\/\/inzynier.rzeszow.pl\/#\/schema\/person\/21ca162d893bdc5760a95d704e9b1e39","name":"admin","image":{"@type":"ImageObject","inLanguage":"pl-PL","@id":"https:\/\/secure.gravatar.com\/avatar\/d5d1959f10b94c8abcf928274f8bb5b8c7370b0dfadb0590911bacad18965f21?s=96&d=mm&r=g","url":"https:\/\/secure.gravatar.com\/avatar\/d5d1959f10b94c8abcf928274f8bb5b8c7370b0dfadb0590911bacad18965f21?s=96&d=mm&r=g","contentUrl":"https:\/\/secure.gravatar.com\/avatar\/d5d1959f10b94c8abcf928274f8bb5b8c7370b0dfadb0590911bacad18965f21?s=96&d=mm&r=g","caption":"admin"},"sameAs":["https:\/\/migracja.inzynier.rzeszow.pl"],"url":"https:\/\/inzynier.rzeszow.pl\/index.php\/author\/kwojcik\/"}]}},"rttpg_featured_image_url":{"full":["https:\/\/inzynier.rzeszow.pl\/wp-content\/uploads\/0205\/11\/obraz_2026-01-26_220833750.png",2000,1125,false],"landscape":["https:\/\/inzynier.rzeszow.pl\/wp-content\/uploads\/0205\/11\/obraz_2026-01-26_220833750.png",2000,1125,false],"portraits":["https:\/\/inzynier.rzeszow.pl\/wp-content\/uploads\/0205\/11\/obraz_2026-01-26_220833750.png",2000,1125,false],"thumbnail":["https:\/\/inzynier.rzeszow.pl\/wp-content\/uploads\/0205\/11\/obraz_2026-01-26_220833750-150x150.png",150,150,true],"medium":["https:\/\/inzynier.rzeszow.pl\/wp-content\/uploads\/0205\/11\/obraz_2026-01-26_220833750-300x169.png",300,169,true],"large":["https:\/\/inzynier.rzeszow.pl\/wp-content\/uploads\/0205\/11\/obraz_2026-01-26_220833750-1024x576.png",1024,576,true],"1536x1536":["https:\/\/inzynier.rzeszow.pl\/wp-content\/uploads\/0205\/11\/obraz_2026-01-26_220833750-1536x864.png",1536,864,true],"2048x2048":["https:\/\/inzynier.rzeszow.pl\/wp-content\/uploads\/0205\/11\/obraz_2026-01-26_220833750.png",2000,1125,false]},"rttpg_author":{"display_name":"admin","author_link":"https:\/\/inzynier.rzeszow.pl\/index.php\/author\/kwojcik\/"},"rttpg_comment":0,"rttpg_category":"<a href=\"https:\/\/inzynier.rzeszow.pl\/index.php\/category\/wydarzenia\/\" rel=\"category tag\">Wydarzenia<\/a> <a href=\"https:\/\/inzynier.rzeszow.pl\/index.php\/category\/z-zycia-izby\/\" rel=\"category tag\">Z \u017cycia izby<\/a> <a href=\"https:\/\/inzynier.rzeszow.pl\/index.php\/category\/z-zycia-izby\/z-zycia-izby-rok-2025\/\" rel=\"category tag\">Z \u017cycia Izby Rok 2025<\/a>","rttpg_excerpt":"Dnia 14 listopada 2025 roku w restauracji Leliwa w Przeworsku odby\u0142o si\u0119 kolejne spotkanie informacyjno &#8211; integracyjne cz\u0142onk\u00f3w Podkarpackiej Okr\u0119gowej [&hellip;]","_links":{"self":[{"href":"https:\/\/inzynier.rzeszow.pl\/index.php\/wp-json\/wp\/v2\/posts\/2945","targetHints":{"allow":["GET"]}}],"collection":[{"href":"https:\/\/inzynier.rzeszow.pl\/index.php\/wp-json\/wp\/v2\/posts"}],"about":[{"href":"https:\/\/inzynier.rzeszow.pl\/index.php\/wp-json\/wp\/v2\/types\/post"}],"author":[{"embeddable":true,"href":"https:\/\/inzynier.rzeszow.pl\/index.php\/wp-json\/wp\/v2\/users\/1"}],"replies":[{"embeddable":true,"href":"https:\/\/inzynier.rzeszow.pl\/index.php\/wp-json\/wp\/v2\/comments?post=2945"}],"version-history":[{"count":4,"href":"https:\/\/inzynier.rzeszow.pl\/index.php\/wp-json\/wp\/v2\/posts\/2945\/revisions"}],"predecessor-version":[{"id":3020,"href":"https:\/\/inzynier.rzeszow.pl\/index.php\/wp-json\/wp\/v2\/posts\/2945\/revisions\/3020"}],"wp:featuredmedia":[{"embeddable":true,"href":"https:\/\/inzynier.rzeszow.pl\/index.php\/wp-json\/wp\/v2\/media\/3015"}],"wp:attachment":[{"href":"https:\/\/inzynier.rzeszow.pl\/index.php\/wp-json\/wp\/v2\/media?parent=2945"}],"wp:term":[{"taxonomy":"category","embeddable":true,"href":"https:\/\/inzynier.rzeszow.pl\/index.php\/wp-json\/wp\/v2\/categories?post=2945"},{"taxonomy":"post_tag","embeddable":true,"href":"https:\/\/inzynier.rzeszow.pl\/index.php\/wp-json\/wp\/v2\/tags?post=2945"}],"curies":[{"name":"wp","href":"https:\/\/api.w.org\/{rel}","templated":true}]}}