{"id":2944,"date":"2025-11-08T14:56:19","date_gmt":"2025-11-08T14:56:19","guid":{"rendered":"https:\/\/migracja.inzynier.rzeszow.pl\/?p=2944"},"modified":"2026-02-13T13:36:28","modified_gmt":"2026-02-13T13:36:28","slug":"galeria-integracyjna-znaki-geometrii-abstrakcja-dyskursywna","status":"publish","type":"post","link":"https:\/\/inzynier.rzeszow.pl\/index.php\/2025\/11\/08\/galeria-integracyjna-znaki-geometrii-abstrakcja-dyskursywna\/","title":{"rendered":"Galeria Integracyjna &#8211; Znaki Geometrii &#8211; Abstrakcja Dyskursywna"},"content":{"rendered":"\t\t<div data-elementor-type=\"wp-post\" data-elementor-id=\"2944\" class=\"elementor elementor-2944\" data-elementor-post-type=\"post\">\n\t\t\t\t<div class=\"elementor-element elementor-element-4f70bb6 e-flex e-con-boxed e-con e-parent\" data-id=\"4f70bb6\" data-element_type=\"container\" data-e-type=\"container\">\n\t\t\t\t\t<div class=\"e-con-inner\">\n\t\t<div class=\"elementor-element elementor-element-44b5713 e-con-full e-flex e-con e-child\" data-id=\"44b5713\" data-element_type=\"container\" data-e-type=\"container\">\n\t\t\t\t<div class=\"elementor-element elementor-element-f3497ff elementor-widget elementor-widget-image\" data-id=\"f3497ff\" data-element_type=\"widget\" data-e-type=\"widget\" data-widget_type=\"image.default\">\n\t\t\t\t\t\t\t\t\t\t\t\t\t\t\t<img fetchpriority=\"high\" decoding=\"async\" width=\"1024\" height=\"582\" src=\"https:\/\/inzynier.rzeszow.pl\/wp-content\/uploads\/2025\/11\/obraz_2026-01-26_221831509-1024x582.png\" class=\"attachment-large size-large wp-image-3022\" alt=\"\" srcset=\"https:\/\/inzynier.rzeszow.pl\/wp-content\/uploads\/2025\/11\/obraz_2026-01-26_221831509-1024x582.png 1024w, https:\/\/inzynier.rzeszow.pl\/wp-content\/uploads\/2025\/11\/obraz_2026-01-26_221831509-300x171.png 300w, https:\/\/inzynier.rzeszow.pl\/wp-content\/uploads\/2025\/11\/obraz_2026-01-26_221831509-768x437.png 768w, https:\/\/inzynier.rzeszow.pl\/wp-content\/uploads\/2025\/11\/obraz_2026-01-26_221831509-1536x873.png 1536w, https:\/\/inzynier.rzeszow.pl\/wp-content\/uploads\/2025\/11\/obraz_2026-01-26_221831509.png 1900w\" sizes=\"(max-width: 1024px) 100vw, 1024px\" \/>\t\t\t\t\t\t\t\t\t\t\t\t\t\t\t<\/div>\n\t\t\t\t<\/div>\n\t\t<div class=\"elementor-element elementor-element-5c2e3bd e-con-full e-flex e-con e-child\" data-id=\"5c2e3bd\" data-element_type=\"container\" data-e-type=\"container\">\n\t\t\t\t<div class=\"elementor-element elementor-element-d681aaf elementor-widget elementor-widget-text-editor\" data-id=\"d681aaf\" data-element_type=\"widget\" data-e-type=\"widget\" data-widget_type=\"text-editor.default\">\n\t\t\t\t\t\t\t\t\t<p style=\"font-weight: 400;\">W dniu 07 listopada 2025 r. odby\u0142o si\u0119 w artystycznej Galerii Integracyjnej w siedzibie Podkarpackiej Okr\u0119gowej Izby In\u017cynier\u00f3w Budownictwa w Rzeszowie otwarcie Mi\u0119dzynarodowej Wystawy Malarstwa, Grafiki, Rze\u017aby zatytu\u0142owanej: ZNAKI GEOMETRII &#8211; ABSTRAKCJA DYSKURSYWNA.<\/p><p style=\"font-weight: 400;\">Przyby\u0142ych go\u015bci powita\u0142 przewodnicz\u0105cy OR PDK OIIB Grzegorz Dubik, a kurator wystawy dr hab. Anna Baran, wprowadzi\u0142a uczestnik\u00f3w w \u015bwiat tw\u00f3rczo\u015bci artyst\u00f3w, dzi\u0119kuj\u0105c Marcinowi Lubera za udzia\u0142 w przygotowaniu wystawy.\u00a0<br \/><br \/>Z okazji wydarzenia na r\u0119ce przewodnicz\u0105cego wp\u0142yn\u0105\u0142 list gratulacyjny od Prezydenta Miasta Rzeszowa wr\u0119czony przez przedstawicielk\u0119 oficjalnego profilu &#8211; Kultura w Rzeszowie &#8211; prowadzonego przez Wydzia\u0142 Kultury i Dziedzictwa Narodowego Urz\u0119du Miasta Rzeszowa.\u00a0<\/p>\t\t\t\t\t\t\t\t<\/div>\n\t\t\t\t<\/div>\n\t\t\t\t\t<\/div>\n\t\t\t\t<\/div>\n\t\t<div class=\"elementor-element elementor-element-9e80422 e-flex e-con-boxed e-con e-parent\" data-id=\"9e80422\" data-element_type=\"container\" data-e-type=\"container\">\n\t\t\t\t\t<div class=\"e-con-inner\">\n\t\t\t\t<div class=\"elementor-element elementor-element-9d40443 elementor-widget elementor-widget-text-editor\" data-id=\"9d40443\" data-element_type=\"widget\" data-e-type=\"widget\" data-widget_type=\"text-editor.default\">\n\t\t\t\t\t\t\t\t\t<p style=\"font-weight: 400;\">W trakcie spotkania niezwykle ciekawe wyst\u0105pienie prof. Wies\u0142awa \u0141uczaja z Akademii Sztuk Pi\u0119knych w \u0141odzi, prezesa Stowarzyszenia Abstrakcjonist\u00f3w Geometrycznych \u2013 Abstrakcja Dyskursywna, skutkowa\u0142o o\u017cywion\u0105 dyskusj\u0105 ze zgromadzonymi go\u015b\u0107mi.<\/p><p style=\"font-weight: 400;\"><em>W sztuce artyst\u00f3w pos\u0142uguj\u0105cych si\u0119 j\u0119zykiem geometrii zawsze by\u0142y, s\u0105 i pozostan\u0105 warto\u015bciami podstawowymi i niezmiennymi: \u0142ad, jako odbicie porz\u0105dku praw rz\u0105dz\u0105cych uniwersum, pi\u0119kno jako emanacja duchowo\u015bci &#8211; harmonia form i barw, oraz metafizyczna, niedefiniowalna si\u0142a sk\u0142aniaj\u0105ca do medytacji.<\/em><\/p><p style=\"font-weight: 400; text-align: right;\"><em>Bo\u017cena Kowalska<\/em><\/p>\t\t\t\t\t\t\t\t<\/div>\n\t\t\t\t\t<\/div>\n\t\t\t\t<\/div>\n\t\t<div class=\"elementor-element elementor-element-afc600c e-flex e-con-boxed e-con e-parent\" data-id=\"afc600c\" data-element_type=\"container\" data-e-type=\"container\">\n\t\t\t\t\t<div class=\"e-con-inner\">\n\t\t\t\t<div class=\"elementor-element elementor-element-6c5f7f6 elementor-widget elementor-widget-text-editor\" data-id=\"6c5f7f6\" data-element_type=\"widget\" data-e-type=\"widget\" data-widget_type=\"text-editor.default\">\n\t\t\t\t\t\t\t\t\t<table border=\"0\" width=\"100%\" align=\"center\"><tbody><tr><td colspan=\"2\" align=\"center\"><p>\u00a0<strong>\u00a0Arty\u015bci, kt\u00f3rych prace prezentuje wystawa<\/strong><\/p><\/td><td align=\"center\"><strong>List gratulacyjny<br \/>od Prezydenta Miasta Rzeszowa<\/strong><strong>\u00a0<\/strong><\/td><\/tr><tr><td><p>1. Agnieszka WASIAK (PL),\u00a0 \u00a0 \u00a0 \u00a0 \u00a0 \u00a0<\/p><p>2. Carol-Ann BRAUN (FR),\u00a0 \u00a0 \u00a0 \u00a0 \u00a0 \u00a0 \u00a0 \u00a0 \u00a0<\/p><p>3. Gabriel DE GAUDI (IT),\u00a0 \u00a0 \u00a0 \u00a0 \u00a0 \u00a0 \u00a0 \u00a0 \u00a0<\/p><p>4. Grzegorz MROCZKOWSKI (PL),\u00a0 \u00a0 \u00a0\u00a0<\/p><p>5. J\u00e1nos Sz\u00e1sz SAXON (HU),\u00a0<\/p><p>6. Jean-Luc MANGUIN (FR),\u00a0 \u00a0 \u00a0 \u00a0 \u00a0 \u00a0 \u00a0 \u00a0<\/p><p>7. Jesus GALVAN (MEX),\u00a0 \u00a0 \u00a0 \u00a0 \u00a0\u00a0<\/p><p>8. Joa ZAK (PL),\u00a0 \u00a0 \u00a0 \u00a0 \u00a0 \u00a0 \u00a0 \u00a0 \u00a0 \u00a0 \u00a0 \u00a0\u00a0<\/p><p>9. Jose Antonio PICAZO (ES),\u00a0 \u00a0\u00a0<\/p><p>10. Judith DUQUEMIN (AUS),\u00a0 \u00a0 \u00a0 \u00a0 \u00a0 \u00a0\u00a0<\/p><p>11. J\u00fcrgen WOLFF (DE),\u00a0 \u00a0 \u00a0 \u00a0 \u00a0 \u00a0 \u00a0<\/p><p>12. Katharina FISCHBORN (DE),\u00a0 \u00a0 \u00a0 \u00a0<\/p><p>13. Kleopatra MOURSELA (GR),\u00a0 \u00a0 \u00a0 \u00a0 \u00a0<\/p><p>14. Magdalena GRYSKA (PL),\u00a0 \u00a0 \u00a0 \u00a0 \u00a0 \u00a0 \u00a0 \u00a0 \u00a0\u00a0<\/p><\/td><td><p>15. Magdalena SNARSKA (PL),\u00a0 \u00a0\u00a0<\/p><p>16. Marcin LUBERA (PL),\u00a0 \u00a0 \u00a0 \u00a0 \u00a0<\/p><p>17. Maria CUEVAS (ES),<\/p><p>18. Mariusz DRZEWI\u0143SKI (PL),<\/p><p>19. Mark STAREL (PL),<\/p><p>20. Michel CALEMBERT (BE),<\/p><p>21. Moniek VOULON (NL),<\/p><p>22. Przemys\u0142aw SULIGA (PL),<\/p><p>23. Rados\u0142aw CZARKOWSKI (PL),<\/p><p>24. Renate BORGEN (DK),<\/p><p>25. Roman LANG (DE),<\/p><p>26. S\u0142awomir PLEWKO (PL),<\/p><p>27. \u0160tefan BAL\u00c1ZS (SK),<\/p><p>28. Xenia MIRANDA (IT)<\/p><\/td><td align=\"center\"><p><strong><br \/><\/strong>\u00a0<\/p><p><a href=\"https:\/\/inzynier.rzeszow.pl\/download\/galeria_integracyjna\/list_gratulacyjny_abstrakcja_25.jpg\" target=\"_blank\" rel=\"noopener\"><img decoding=\"async\" src=\"https:\/\/inzynier.rzeszow.pl\/download\/galeria_integracyjna\/list_gratulacyjny_abstrakcja_25.jpg\" width=\"212\" height=\"300\" border=\"0\" \/><\/a>\u00a0\u00a0<\/p><\/td><\/tr><\/tbody><\/table><p>Wystawa czynna od 20 pa\u017adziernika do 31 grudnia 2025 r.<\/p>\t\t\t\t\t\t\t\t<\/div>\n\t\t\t\t\t<\/div>\n\t\t\t\t<\/div>\n\t\t<div class=\"elementor-element elementor-element-af53aa4 e-flex e-con-boxed e-con e-parent\" data-id=\"af53aa4\" data-element_type=\"container\" data-e-type=\"container\">\n\t\t\t\t\t<div class=\"e-con-inner\">\n\t\t\t\t<div class=\"elementor-element elementor-element-49849b4 elementor-widget elementor-widget-text-editor\" data-id=\"49849b4\" data-element_type=\"widget\" data-e-type=\"widget\" data-widget_type=\"text-editor.default\">\n\t\t\t\t\t\t\t\t\t<table border=\"0\"><tbody><tr><td align=\"center\"><strong>Serwis informacyjny Urz\u0119du Miasta Rzeszowa &#8211; zaprasza do Galerii Integracyjnej PDK OIIB<\/strong><\/td><td>\u00a0<\/td><td align=\"center\"><strong>Geometria, kt\u00f3ra przemawia do in\u017cynierskiego umys\u0142u\u00a0<\/strong><\/td><\/tr><tr><td><a href=\"https:\/\/erzeszow.pl\/41-miasto-rzeszow\/6241-kalendarz-imprez.html#tresc\" target=\"_blank\" rel=\"noopener\"><img decoding=\"async\" src=\"https:\/\/inzynier.rzeszow.pl\/Files\/News\/wernisaz_07-11-25.png\" width=\"240\" height=\"160\" align=\"left\" border=\"0\" hspace=\"5\" vspace=\"5\" \/><\/a><\/td><td>\u00a0<\/td><td><img loading=\"lazy\" decoding=\"async\" src=\"https:\/\/inzynier.rzeszow.pl\/download\/galeria_integracyjna\/gal_integr_geom_25.png\" width=\"240\" height=\"160\" align=\"left\" border=\"0\" hspace=\"5\" vspace=\"5\" \/>Czy sztuka wsp\u00f3\u0142czesna mo\u017ce m\u00f3wi\u0107 j\u0119zykiem precyzji, logiki i harmonii? Czy mo\u017ce by\u0107 tak satysfakcjonuj\u0105ca dla umys\u0142u \u015bcis\u0142ego, jak eleganckie rozwi\u0105zanie techniczne? Udowodnimy, \u017ce tak! Zapraszamy na otwarcie wyj\u0105tkowej wystawy, kt\u00f3ra jest spotkaniem dw\u00f3ch \u015bwiat\u00f3w: sztuki i in\u017cynierii. Mi\u0119dzynarodowa Wystawa Malarstwa, Grafiki, Rze\u017aby:\u00a0ZNAKI GEOMETRII &#8211; ABSTRAKCJA DYSKURSYWNA\u00a0<strong><a href=\"https:\/\/inzynier.rzeszow.pl\/download\/galeria_integracyjna\/galeria_geometria.mp4\" target=\"_blank\" rel=\"noopener\">&#8230;wi\u0119cej&gt;&gt;<\/a>\u00a0<\/strong>\u00a0<\/td><\/tr><\/tbody><\/table>\t\t\t\t\t\t\t\t<\/div>\n\t\t\t\t\t<\/div>\n\t\t\t\t<\/div>\n\t\t<div class=\"elementor-element elementor-element-a5fca31 e-flex e-con-boxed e-con e-parent\" data-id=\"a5fca31\" data-element_type=\"container\" data-e-type=\"container\">\n\t\t\t\t\t<div class=\"e-con-inner\">\n\t\t\t\t<div class=\"elementor-element elementor-element-06b4e48 elementor-widget__width-inherit elementor-icon-list--layout-traditional elementor-list-item-link-full_width elementor-widget elementor-widget-icon-list\" data-id=\"06b4e48\" data-element_type=\"widget\" data-e-type=\"widget\" data-widget_type=\"icon-list.default\">\n\t\t\t\t\t\t\t<ul class=\"elementor-icon-list-items\">\n\t\t\t\t\t\t\t<li class=\"elementor-icon-list-item\">\n\t\t\t\t\t\t\t\t\t\t\t<a href=\"https:\/\/www.facebook.com\/PodkarpackaOIIB\/posts\/pfbid0pTS17gYFiH4pFJU9AMbjcGX2pWZBj4hCd2LyR4nRWZSVDvdcqoFLEio2TKVK73U2l\">\n\n\t\t\t\t\t\t\t\t\t\t\t\t<span class=\"elementor-icon-list-icon\">\n\t\t\t\t\t\t\t<svg aria-hidden=\"true\" class=\"e-font-icon-svg e-fas-arrow-circle-right\" viewBox=\"0 0 512 512\" xmlns=\"http:\/\/www.w3.org\/2000\/svg\"><path d=\"M256 8c137 0 248 111 248 248S393 504 256 504 8 393 8 256 119 8 256 8zm-28.9 143.6l75.5 72.4H120c-13.3 0-24 10.7-24 24v16c0 13.3 10.7 24 24 24h182.6l-75.5 72.4c-9.7 9.3-9.9 24.8-.4 34.3l11 10.9c9.4 9.4 24.6 9.4 33.9 0L404.3 273c9.4-9.4 9.4-24.6 0-33.9L271.6 106.3c-9.4-9.4-24.6-9.4-33.9 0l-11 10.9c-9.5 9.6-9.3 25.1.4 34.4z\"><\/path><\/svg>\t\t\t\t\t\t<\/span>\n\t\t\t\t\t\t\t\t\t\t<span class=\"elementor-icon-list-text\">Galeria fotograficzna z Galeria Integracyjna - Znaki Geometrii - Abstrakcja Dyskursywna - 07.11.2025 r.<\/span>\n\t\t\t\t\t\t\t\t\t\t\t<\/a>\n\t\t\t\t\t\t\t\t\t<\/li>\n\t\t\t\t\t\t<\/ul>\n\t\t\t\t\t\t<\/div>\n\t\t\t\t\t<\/div>\n\t\t\t\t<\/div>\n\t\t<div class=\"elementor-element elementor-element-c92df10 e-flex e-con-boxed e-con e-parent\" data-id=\"c92df10\" data-element_type=\"container\" data-e-type=\"container\">\n\t\t\t\t\t<div class=\"e-con-inner\">\n\t\t\t\t<div class=\"elementor-element elementor-element-7432787 elementor-widget elementor-widget-gallery\" data-id=\"7432787\" data-element_type=\"widget\" data-e-type=\"widget\" data-settings=\"{&quot;columns&quot;:3,&quot;lazyload&quot;:&quot;yes&quot;,&quot;gallery_layout&quot;:&quot;grid&quot;,&quot;columns_tablet&quot;:2,&quot;columns_mobile&quot;:1,&quot;gap&quot;:{&quot;unit&quot;:&quot;px&quot;,&quot;size&quot;:10,&quot;sizes&quot;:[]},&quot;gap_tablet&quot;:{&quot;unit&quot;:&quot;px&quot;,&quot;size&quot;:10,&quot;sizes&quot;:[]},&quot;gap_mobile&quot;:{&quot;unit&quot;:&quot;px&quot;,&quot;size&quot;:10,&quot;sizes&quot;:[]},&quot;link_to&quot;:&quot;file&quot;,&quot;aspect_ratio&quot;:&quot;3:2&quot;,&quot;overlay_background&quot;:&quot;yes&quot;,&quot;content_hover_animation&quot;:&quot;fade-in&quot;}\" data-widget_type=\"gallery.default\">\n\t\t\t\t\t\t\t<div class=\"elementor-gallery__container\">\n\t\t\t\t\t\t\t<a class=\"e-gallery-item elementor-gallery-item elementor-animated-content\" href=\"https:\/\/inzynier.rzeszow.pl\/wp-content\/uploads\/2025\/11\/obraz_2026-01-26_222430305.png\" data-elementor-open-lightbox=\"yes\" data-elementor-lightbox-slideshow=\"7432787\" data-e-action-hash=\"#elementor-action%3Aaction%3Dlightbox%26settings%3DeyJpZCI6MzAyNCwidXJsIjoiaHR0cHM6XC9cL2luenluaWVyLnJ6ZXN6b3cucGxcL3dwLWNvbnRlbnRcL3VwbG9hZHNcLzIwMjVcLzExXC9vYnJhel8yMDI2LTAxLTI2XzIyMjQzMDMwNS5wbmciLCJzbGlkZXNob3ciOiI3NDMyNzg3In0%3D\">\n\t\t\t\t\t<div class=\"e-gallery-image elementor-gallery-item__image\" data-thumbnail=\"https:\/\/inzynier.rzeszow.pl\/wp-content\/uploads\/2025\/11\/obraz_2026-01-26_222430305-300x199.png\" data-width=\"300\" data-height=\"199\" aria-label=\"\" role=\"img\" ><\/div>\n\t\t\t\t\t\t\t\t\t\t\t<div class=\"elementor-gallery-item__overlay\"><\/div>\n\t\t\t\t\t\t\t\t\t\t\t\t\t\t<\/a>\n\t\t\t\t\t\t\t<a class=\"e-gallery-item elementor-gallery-item elementor-animated-content\" href=\"https:\/\/inzynier.rzeszow.pl\/wp-content\/uploads\/2025\/11\/obraz_2026-01-26_222438833.png\" data-elementor-open-lightbox=\"yes\" data-elementor-lightbox-slideshow=\"7432787\" data-e-action-hash=\"#elementor-action%3Aaction%3Dlightbox%26settings%3DeyJpZCI6MzAyNSwidXJsIjoiaHR0cHM6XC9cL2luenluaWVyLnJ6ZXN6b3cucGxcL3dwLWNvbnRlbnRcL3VwbG9hZHNcLzIwMjVcLzExXC9vYnJhel8yMDI2LTAxLTI2XzIyMjQzODgzMy5wbmciLCJzbGlkZXNob3ciOiI3NDMyNzg3In0%3D\">\n\t\t\t\t\t<div class=\"e-gallery-image elementor-gallery-item__image\" data-thumbnail=\"https:\/\/inzynier.rzeszow.pl\/wp-content\/uploads\/2025\/11\/obraz_2026-01-26_222438833-300x199.png\" data-width=\"300\" data-height=\"199\" aria-label=\"\" role=\"img\" ><\/div>\n\t\t\t\t\t\t\t\t\t\t\t<div class=\"elementor-gallery-item__overlay\"><\/div>\n\t\t\t\t\t\t\t\t\t\t\t\t\t\t<\/a>\n\t\t\t\t\t\t\t<a class=\"e-gallery-item elementor-gallery-item elementor-animated-content\" href=\"https:\/\/inzynier.rzeszow.pl\/wp-content\/uploads\/2025\/11\/obraz_2026-01-26_222616441.png\" data-elementor-open-lightbox=\"yes\" data-elementor-lightbox-slideshow=\"7432787\" data-e-action-hash=\"#elementor-action%3Aaction%3Dlightbox%26settings%3DeyJpZCI6MzAyNiwidXJsIjoiaHR0cHM6XC9cL2luenluaWVyLnJ6ZXN6b3cucGxcL3dwLWNvbnRlbnRcL3VwbG9hZHNcLzIwMjVcLzExXC9vYnJhel8yMDI2LTAxLTI2XzIyMjYxNjQ0MS5wbmciLCJzbGlkZXNob3ciOiI3NDMyNzg3In0%3D\">\n\t\t\t\t\t<div class=\"e-gallery-image elementor-gallery-item__image\" data-thumbnail=\"https:\/\/inzynier.rzeszow.pl\/wp-content\/uploads\/2025\/11\/obraz_2026-01-26_222616441-300x199.png\" data-width=\"300\" data-height=\"199\" aria-label=\"\" role=\"img\" ><\/div>\n\t\t\t\t\t\t\t\t\t\t\t<div class=\"elementor-gallery-item__overlay\"><\/div>\n\t\t\t\t\t\t\t\t\t\t\t\t\t\t<\/a>\n\t\t\t\t\t\t\t<a class=\"e-gallery-item elementor-gallery-item elementor-animated-content\" href=\"https:\/\/inzynier.rzeszow.pl\/wp-content\/uploads\/2025\/11\/obraz_2026-01-26_222623976.png\" data-elementor-open-lightbox=\"yes\" data-elementor-lightbox-slideshow=\"7432787\" data-e-action-hash=\"#elementor-action%3Aaction%3Dlightbox%26settings%3DeyJpZCI6MzAyNywidXJsIjoiaHR0cHM6XC9cL2luenluaWVyLnJ6ZXN6b3cucGxcL3dwLWNvbnRlbnRcL3VwbG9hZHNcLzIwMjVcLzExXC9vYnJhel8yMDI2LTAxLTI2XzIyMjYyMzk3Ni5wbmciLCJzbGlkZXNob3ciOiI3NDMyNzg3In0%3D\">\n\t\t\t\t\t<div class=\"e-gallery-image elementor-gallery-item__image\" data-thumbnail=\"https:\/\/inzynier.rzeszow.pl\/wp-content\/uploads\/2025\/11\/obraz_2026-01-26_222623976-300x199.png\" data-width=\"300\" data-height=\"199\" aria-label=\"\" role=\"img\" ><\/div>\n\t\t\t\t\t\t\t\t\t\t\t<div class=\"elementor-gallery-item__overlay\"><\/div>\n\t\t\t\t\t\t\t\t\t\t\t\t\t\t<\/a>\n\t\t\t\t\t\t\t<a class=\"e-gallery-item elementor-gallery-item elementor-animated-content\" href=\"https:\/\/inzynier.rzeszow.pl\/wp-content\/uploads\/2025\/11\/obraz_2026-01-26_222629426.png\" data-elementor-open-lightbox=\"yes\" data-elementor-lightbox-slideshow=\"7432787\" data-e-action-hash=\"#elementor-action%3Aaction%3Dlightbox%26settings%3DeyJpZCI6MzAyOCwidXJsIjoiaHR0cHM6XC9cL2luenluaWVyLnJ6ZXN6b3cucGxcL3dwLWNvbnRlbnRcL3VwbG9hZHNcLzIwMjVcLzExXC9vYnJhel8yMDI2LTAxLTI2XzIyMjYyOTQyNi5wbmciLCJzbGlkZXNob3ciOiI3NDMyNzg3In0%3D\">\n\t\t\t\t\t<div class=\"e-gallery-image elementor-gallery-item__image\" data-thumbnail=\"https:\/\/inzynier.rzeszow.pl\/wp-content\/uploads\/2025\/11\/obraz_2026-01-26_222629426-300x199.png\" data-width=\"300\" data-height=\"199\" aria-label=\"\" role=\"img\" ><\/div>\n\t\t\t\t\t\t\t\t\t\t\t<div class=\"elementor-gallery-item__overlay\"><\/div>\n\t\t\t\t\t\t\t\t\t\t\t\t\t\t<\/a>\n\t\t\t\t\t\t\t<a class=\"e-gallery-item elementor-gallery-item elementor-animated-content\" href=\"https:\/\/inzynier.rzeszow.pl\/wp-content\/uploads\/2025\/11\/obraz_2026-01-26_222635504.png\" data-elementor-open-lightbox=\"yes\" data-elementor-lightbox-slideshow=\"7432787\" data-e-action-hash=\"#elementor-action%3Aaction%3Dlightbox%26settings%3DeyJpZCI6MzAyOSwidXJsIjoiaHR0cHM6XC9cL2luenluaWVyLnJ6ZXN6b3cucGxcL3dwLWNvbnRlbnRcL3VwbG9hZHNcLzIwMjVcLzExXC9vYnJhel8yMDI2LTAxLTI2XzIyMjYzNTUwNC5wbmciLCJzbGlkZXNob3ciOiI3NDMyNzg3In0%3D\">\n\t\t\t\t\t<div class=\"e-gallery-image elementor-gallery-item__image\" data-thumbnail=\"https:\/\/inzynier.rzeszow.pl\/wp-content\/uploads\/2025\/11\/obraz_2026-01-26_222635504-300x199.png\" data-width=\"300\" data-height=\"199\" aria-label=\"\" role=\"img\" ><\/div>\n\t\t\t\t\t\t\t\t\t\t\t<div class=\"elementor-gallery-item__overlay\"><\/div>\n\t\t\t\t\t\t\t\t\t\t\t\t\t\t<\/a>\n\t\t\t\t\t<\/div>\n\t\t\t\t\t<\/div>\n\t\t\t\t\t<\/div>\n\t\t\t\t<\/div>\n\t\t\t\t<\/div>\n\t\t","protected":false},"excerpt":{"rendered":"<p>W dniu 07 listopada 2025 r. odby\u0142o si\u0119 w artystycznej Galerii Integracyjnej w siedzibie Podkarpackiej Okr\u0119gowej Izby In\u017cynier\u00f3w Budownictwa w [&hellip;]<\/p>\n","protected":false},"author":1,"featured_media":3022,"comment_status":"closed","ping_status":"closed","sticky":false,"template":"","format":"standard","meta":{"site-sidebar-layout":"default","site-content-layout":"","ast-site-content-layout":"default","site-content-style":"default","site-sidebar-style":"default","ast-global-header-display":"","ast-banner-title-visibility":"","ast-main-header-display":"","ast-hfb-above-header-display":"","ast-hfb-below-header-display":"","ast-hfb-mobile-header-display":"","site-post-title":"","ast-breadcrumbs-content":"","ast-featured-img":"","footer-sml-layout":"","ast-disable-related-posts":"","theme-transparent-header-meta":"","adv-header-id-meta":"","stick-header-meta":"","header-above-stick-meta":"","header-main-stick-meta":"","header-below-stick-meta":"","astra-migrate-meta-layouts":"default","ast-page-background-enabled":"default","ast-page-background-meta":{"desktop":{"background-color":"var(--ast-global-color-5)","background-image":"","background-repeat":"repeat","background-position":"center center","background-size":"auto","background-attachment":"scroll","background-type":"","background-media":"","overlay-type":"","overlay-color":"","overlay-opacity":"","overlay-gradient":""},"tablet":{"background-color":"","background-image":"","background-repeat":"repeat","background-position":"center center","background-size":"auto","background-attachment":"scroll","background-type":"","background-media":"","overlay-type":"","overlay-color":"","overlay-opacity":"","overlay-gradient":""},"mobile":{"background-color":"","background-image":"","background-repeat":"repeat","background-position":"center center","background-size":"auto","background-attachment":"scroll","background-type":"","background-media":"","overlay-type":"","overlay-color":"","overlay-opacity":"","overlay-gradient":""}},"ast-content-background-meta":{"desktop":{"background-color":"var(--ast-global-color-4)","background-image":"","background-repeat":"repeat","background-position":"center center","background-size":"auto","background-attachment":"scroll","background-type":"","background-media":"","overlay-type":"","overlay-color":"","overlay-opacity":"","overlay-gradient":""},"tablet":{"background-color":"var(--ast-global-color-4)","background-image":"","background-repeat":"repeat","background-position":"center center","background-size":"auto","background-attachment":"scroll","background-type":"","background-media":"","overlay-type":"","overlay-color":"","overlay-opacity":"","overlay-gradient":""},"mobile":{"background-color":"var(--ast-global-color-4)","background-image":"","background-repeat":"repeat","background-position":"center center","background-size":"auto","background-attachment":"scroll","background-type":"","background-media":"","overlay-type":"","overlay-color":"","overlay-opacity":"","overlay-gradient":""}},"footnotes":""},"categories":[7,16,55],"tags":[],"class_list":["post-2944","post","type-post","status-publish","format-standard","has-post-thumbnail","hentry","category-wydarzenia","category-z-zycia-izby","category-z-zycia-izby-rok-2025"],"yoast_head":"<!-- This site is optimized with the Yoast SEO plugin v27.5 - https:\/\/yoast.com\/product\/yoast-seo-wordpress\/ -->\n<title>Galeria Integracyjna - Znaki Geometrii - Abstrakcja Dyskursywna - Podkarpacka Okregowa Izba Inzynierow Budownictwa<\/title>\n<meta name=\"robots\" content=\"index, follow, max-snippet:-1, max-image-preview:large, max-video-preview:-1\" \/>\n<link rel=\"canonical\" href=\"https:\/\/inzynier.rzeszow.pl\/index.php\/2025\/11\/08\/galeria-integracyjna-znaki-geometrii-abstrakcja-dyskursywna\/\" \/>\n<meta property=\"og:locale\" content=\"pl_PL\" \/>\n<meta property=\"og:type\" content=\"article\" \/>\n<meta property=\"og:title\" content=\"Galeria Integracyjna - Znaki Geometrii - Abstrakcja Dyskursywna - Podkarpacka Okregowa Izba Inzynierow Budownictwa\" \/>\n<meta property=\"og:description\" content=\"W dniu 07 listopada 2025 r. odby\u0142o si\u0119 w artystycznej Galerii Integracyjnej w siedzibie Podkarpackiej Okr\u0119gowej Izby In\u017cynier\u00f3w Budownictwa w [&hellip;]\" \/>\n<meta property=\"og:url\" content=\"https:\/\/inzynier.rzeszow.pl\/index.php\/2025\/11\/08\/galeria-integracyjna-znaki-geometrii-abstrakcja-dyskursywna\/\" \/>\n<meta property=\"og:site_name\" content=\"Podkarpacka Okregowa Izba Inzynierow Budownictwa\" \/>\n<meta property=\"article:published_time\" content=\"2025-11-08T14:56:19+00:00\" \/>\n<meta property=\"article:modified_time\" content=\"2026-02-13T13:36:28+00:00\" \/>\n<meta property=\"og:image\" content=\"https:\/\/inzynier.rzeszow.pl\/wp-content\/uploads\/2025\/11\/obraz_2026-01-26_221831509.png\" \/>\n\t<meta property=\"og:image:width\" content=\"1900\" \/>\n\t<meta property=\"og:image:height\" content=\"1080\" \/>\n\t<meta property=\"og:image:type\" content=\"image\/png\" \/>\n<meta name=\"author\" content=\"admin\" \/>\n<meta name=\"twitter:card\" content=\"summary_large_image\" \/>\n<meta name=\"twitter:label1\" content=\"Napisane przez\" \/>\n\t<meta name=\"twitter:data1\" content=\"admin\" \/>\n\t<meta name=\"twitter:label2\" content=\"Szacowany czas czytania\" \/>\n\t<meta name=\"twitter:data2\" content=\"2 minuty\" \/>\n<script type=\"application\/ld+json\" class=\"yoast-schema-graph\">{\"@context\":\"https:\\\/\\\/schema.org\",\"@graph\":[{\"@type\":\"Article\",\"@id\":\"https:\\\/\\\/inzynier.rzeszow.pl\\\/index.php\\\/2025\\\/11\\\/08\\\/galeria-integracyjna-znaki-geometrii-abstrakcja-dyskursywna\\\/#article\",\"isPartOf\":{\"@id\":\"https:\\\/\\\/inzynier.rzeszow.pl\\\/index.php\\\/2025\\\/11\\\/08\\\/galeria-integracyjna-znaki-geometrii-abstrakcja-dyskursywna\\\/\"},\"author\":{\"name\":\"admin\",\"@id\":\"https:\\\/\\\/inzynier.rzeszow.pl\\\/#\\\/schema\\\/person\\\/21ca162d893bdc5760a95d704e9b1e39\"},\"headline\":\"Galeria Integracyjna &#8211; Znaki Geometrii &#8211; Abstrakcja Dyskursywna\",\"datePublished\":\"2025-11-08T14:56:19+00:00\",\"dateModified\":\"2026-02-13T13:36:28+00:00\",\"mainEntityOfPage\":{\"@id\":\"https:\\\/\\\/inzynier.rzeszow.pl\\\/index.php\\\/2025\\\/11\\\/08\\\/galeria-integracyjna-znaki-geometrii-abstrakcja-dyskursywna\\\/\"},\"wordCount\":432,\"image\":{\"@id\":\"https:\\\/\\\/inzynier.rzeszow.pl\\\/index.php\\\/2025\\\/11\\\/08\\\/galeria-integracyjna-znaki-geometrii-abstrakcja-dyskursywna\\\/#primaryimage\"},\"thumbnailUrl\":\"https:\\\/\\\/inzynier.rzeszow.pl\\\/wp-content\\\/uploads\\\/2025\\\/11\\\/obraz_2026-01-26_221831509.png\",\"articleSection\":[\"Wydarzenia\",\"Z \u017cycia izby\",\"Z \u017cycia Izby Rok 2025\"],\"inLanguage\":\"pl-PL\"},{\"@type\":\"WebPage\",\"@id\":\"https:\\\/\\\/inzynier.rzeszow.pl\\\/index.php\\\/2025\\\/11\\\/08\\\/galeria-integracyjna-znaki-geometrii-abstrakcja-dyskursywna\\\/\",\"url\":\"https:\\\/\\\/inzynier.rzeszow.pl\\\/index.php\\\/2025\\\/11\\\/08\\\/galeria-integracyjna-znaki-geometrii-abstrakcja-dyskursywna\\\/\",\"name\":\"Galeria Integracyjna - Znaki Geometrii - Abstrakcja Dyskursywna - Podkarpacka Okregowa Izba Inzynierow Budownictwa\",\"isPartOf\":{\"@id\":\"https:\\\/\\\/inzynier.rzeszow.pl\\\/#website\"},\"primaryImageOfPage\":{\"@id\":\"https:\\\/\\\/inzynier.rzeszow.pl\\\/index.php\\\/2025\\\/11\\\/08\\\/galeria-integracyjna-znaki-geometrii-abstrakcja-dyskursywna\\\/#primaryimage\"},\"image\":{\"@id\":\"https:\\\/\\\/inzynier.rzeszow.pl\\\/index.php\\\/2025\\\/11\\\/08\\\/galeria-integracyjna-znaki-geometrii-abstrakcja-dyskursywna\\\/#primaryimage\"},\"thumbnailUrl\":\"https:\\\/\\\/inzynier.rzeszow.pl\\\/wp-content\\\/uploads\\\/2025\\\/11\\\/obraz_2026-01-26_221831509.png\",\"datePublished\":\"2025-11-08T14:56:19+00:00\",\"dateModified\":\"2026-02-13T13:36:28+00:00\",\"author\":{\"@id\":\"https:\\\/\\\/inzynier.rzeszow.pl\\\/#\\\/schema\\\/person\\\/21ca162d893bdc5760a95d704e9b1e39\"},\"breadcrumb\":{\"@id\":\"https:\\\/\\\/inzynier.rzeszow.pl\\\/index.php\\\/2025\\\/11\\\/08\\\/galeria-integracyjna-znaki-geometrii-abstrakcja-dyskursywna\\\/#breadcrumb\"},\"inLanguage\":\"pl-PL\",\"potentialAction\":[{\"@type\":\"ReadAction\",\"target\":[\"https:\\\/\\\/inzynier.rzeszow.pl\\\/index.php\\\/2025\\\/11\\\/08\\\/galeria-integracyjna-znaki-geometrii-abstrakcja-dyskursywna\\\/\"]}]},{\"@type\":\"ImageObject\",\"inLanguage\":\"pl-PL\",\"@id\":\"https:\\\/\\\/inzynier.rzeszow.pl\\\/index.php\\\/2025\\\/11\\\/08\\\/galeria-integracyjna-znaki-geometrii-abstrakcja-dyskursywna\\\/#primaryimage\",\"url\":\"https:\\\/\\\/inzynier.rzeszow.pl\\\/wp-content\\\/uploads\\\/2025\\\/11\\\/obraz_2026-01-26_221831509.png\",\"contentUrl\":\"https:\\\/\\\/inzynier.rzeszow.pl\\\/wp-content\\\/uploads\\\/2025\\\/11\\\/obraz_2026-01-26_221831509.png\",\"width\":1900,\"height\":1080},{\"@type\":\"BreadcrumbList\",\"@id\":\"https:\\\/\\\/inzynier.rzeszow.pl\\\/index.php\\\/2025\\\/11\\\/08\\\/galeria-integracyjna-znaki-geometrii-abstrakcja-dyskursywna\\\/#breadcrumb\",\"itemListElement\":[{\"@type\":\"ListItem\",\"position\":1,\"name\":\"Strona g\u0142\u00f3wna\",\"item\":\"https:\\\/\\\/inzynier.rzeszow.pl\\\/\"},{\"@type\":\"ListItem\",\"position\":2,\"name\":\"Galeria Integracyjna &#8211; Znaki Geometrii &#8211; Abstrakcja Dyskursywna\"}]},{\"@type\":\"WebSite\",\"@id\":\"https:\\\/\\\/inzynier.rzeszow.pl\\\/#website\",\"url\":\"https:\\\/\\\/inzynier.rzeszow.pl\\\/\",\"name\":\"Podkarpacka Okregowa Izba Inzynierow Budownictwa\",\"description\":\"\",\"potentialAction\":[{\"@type\":\"SearchAction\",\"target\":{\"@type\":\"EntryPoint\",\"urlTemplate\":\"https:\\\/\\\/inzynier.rzeszow.pl\\\/?s={search_term_string}\"},\"query-input\":{\"@type\":\"PropertyValueSpecification\",\"valueRequired\":true,\"valueName\":\"search_term_string\"}}],\"inLanguage\":\"pl-PL\"},{\"@type\":\"Person\",\"@id\":\"https:\\\/\\\/inzynier.rzeszow.pl\\\/#\\\/schema\\\/person\\\/21ca162d893bdc5760a95d704e9b1e39\",\"name\":\"admin\",\"image\":{\"@type\":\"ImageObject\",\"inLanguage\":\"pl-PL\",\"@id\":\"https:\\\/\\\/secure.gravatar.com\\\/avatar\\\/d5d1959f10b94c8abcf928274f8bb5b8c7370b0dfadb0590911bacad18965f21?s=96&d=mm&r=g\",\"url\":\"https:\\\/\\\/secure.gravatar.com\\\/avatar\\\/d5d1959f10b94c8abcf928274f8bb5b8c7370b0dfadb0590911bacad18965f21?s=96&d=mm&r=g\",\"contentUrl\":\"https:\\\/\\\/secure.gravatar.com\\\/avatar\\\/d5d1959f10b94c8abcf928274f8bb5b8c7370b0dfadb0590911bacad18965f21?s=96&d=mm&r=g\",\"caption\":\"admin\"},\"sameAs\":[\"https:\\\/\\\/migracja.inzynier.rzeszow.pl\"],\"url\":\"https:\\\/\\\/inzynier.rzeszow.pl\\\/index.php\\\/author\\\/kwojcik\\\/\"}]}<\/script>\n<!-- \/ Yoast SEO plugin. -->","yoast_head_json":{"title":"Galeria Integracyjna - Znaki Geometrii - Abstrakcja Dyskursywna - Podkarpacka Okregowa Izba Inzynierow Budownictwa","robots":{"index":"index","follow":"follow","max-snippet":"max-snippet:-1","max-image-preview":"max-image-preview:large","max-video-preview":"max-video-preview:-1"},"canonical":"https:\/\/inzynier.rzeszow.pl\/index.php\/2025\/11\/08\/galeria-integracyjna-znaki-geometrii-abstrakcja-dyskursywna\/","og_locale":"pl_PL","og_type":"article","og_title":"Galeria Integracyjna - Znaki Geometrii - Abstrakcja Dyskursywna - Podkarpacka Okregowa Izba Inzynierow Budownictwa","og_description":"W dniu 07 listopada 2025 r. odby\u0142o si\u0119 w artystycznej Galerii Integracyjnej w siedzibie Podkarpackiej Okr\u0119gowej Izby In\u017cynier\u00f3w Budownictwa w [&hellip;]","og_url":"https:\/\/inzynier.rzeszow.pl\/index.php\/2025\/11\/08\/galeria-integracyjna-znaki-geometrii-abstrakcja-dyskursywna\/","og_site_name":"Podkarpacka Okregowa Izba Inzynierow Budownictwa","article_published_time":"2025-11-08T14:56:19+00:00","article_modified_time":"2026-02-13T13:36:28+00:00","og_image":[{"width":1900,"height":1080,"url":"https:\/\/inzynier.rzeszow.pl\/wp-content\/uploads\/2025\/11\/obraz_2026-01-26_221831509.png","type":"image\/png"}],"author":"admin","twitter_card":"summary_large_image","twitter_misc":{"Napisane przez":"admin","Szacowany czas czytania":"2 minuty"},"schema":{"@context":"https:\/\/schema.org","@graph":[{"@type":"Article","@id":"https:\/\/inzynier.rzeszow.pl\/index.php\/2025\/11\/08\/galeria-integracyjna-znaki-geometrii-abstrakcja-dyskursywna\/#article","isPartOf":{"@id":"https:\/\/inzynier.rzeszow.pl\/index.php\/2025\/11\/08\/galeria-integracyjna-znaki-geometrii-abstrakcja-dyskursywna\/"},"author":{"name":"admin","@id":"https:\/\/inzynier.rzeszow.pl\/#\/schema\/person\/21ca162d893bdc5760a95d704e9b1e39"},"headline":"Galeria Integracyjna &#8211; Znaki Geometrii &#8211; Abstrakcja Dyskursywna","datePublished":"2025-11-08T14:56:19+00:00","dateModified":"2026-02-13T13:36:28+00:00","mainEntityOfPage":{"@id":"https:\/\/inzynier.rzeszow.pl\/index.php\/2025\/11\/08\/galeria-integracyjna-znaki-geometrii-abstrakcja-dyskursywna\/"},"wordCount":432,"image":{"@id":"https:\/\/inzynier.rzeszow.pl\/index.php\/2025\/11\/08\/galeria-integracyjna-znaki-geometrii-abstrakcja-dyskursywna\/#primaryimage"},"thumbnailUrl":"https:\/\/inzynier.rzeszow.pl\/wp-content\/uploads\/2025\/11\/obraz_2026-01-26_221831509.png","articleSection":["Wydarzenia","Z \u017cycia izby","Z \u017cycia Izby Rok 2025"],"inLanguage":"pl-PL"},{"@type":"WebPage","@id":"https:\/\/inzynier.rzeszow.pl\/index.php\/2025\/11\/08\/galeria-integracyjna-znaki-geometrii-abstrakcja-dyskursywna\/","url":"https:\/\/inzynier.rzeszow.pl\/index.php\/2025\/11\/08\/galeria-integracyjna-znaki-geometrii-abstrakcja-dyskursywna\/","name":"Galeria Integracyjna - Znaki Geometrii - Abstrakcja Dyskursywna - Podkarpacka Okregowa Izba Inzynierow Budownictwa","isPartOf":{"@id":"https:\/\/inzynier.rzeszow.pl\/#website"},"primaryImageOfPage":{"@id":"https:\/\/inzynier.rzeszow.pl\/index.php\/2025\/11\/08\/galeria-integracyjna-znaki-geometrii-abstrakcja-dyskursywna\/#primaryimage"},"image":{"@id":"https:\/\/inzynier.rzeszow.pl\/index.php\/2025\/11\/08\/galeria-integracyjna-znaki-geometrii-abstrakcja-dyskursywna\/#primaryimage"},"thumbnailUrl":"https:\/\/inzynier.rzeszow.pl\/wp-content\/uploads\/2025\/11\/obraz_2026-01-26_221831509.png","datePublished":"2025-11-08T14:56:19+00:00","dateModified":"2026-02-13T13:36:28+00:00","author":{"@id":"https:\/\/inzynier.rzeszow.pl\/#\/schema\/person\/21ca162d893bdc5760a95d704e9b1e39"},"breadcrumb":{"@id":"https:\/\/inzynier.rzeszow.pl\/index.php\/2025\/11\/08\/galeria-integracyjna-znaki-geometrii-abstrakcja-dyskursywna\/#breadcrumb"},"inLanguage":"pl-PL","potentialAction":[{"@type":"ReadAction","target":["https:\/\/inzynier.rzeszow.pl\/index.php\/2025\/11\/08\/galeria-integracyjna-znaki-geometrii-abstrakcja-dyskursywna\/"]}]},{"@type":"ImageObject","inLanguage":"pl-PL","@id":"https:\/\/inzynier.rzeszow.pl\/index.php\/2025\/11\/08\/galeria-integracyjna-znaki-geometrii-abstrakcja-dyskursywna\/#primaryimage","url":"https:\/\/inzynier.rzeszow.pl\/wp-content\/uploads\/2025\/11\/obraz_2026-01-26_221831509.png","contentUrl":"https:\/\/inzynier.rzeszow.pl\/wp-content\/uploads\/2025\/11\/obraz_2026-01-26_221831509.png","width":1900,"height":1080},{"@type":"BreadcrumbList","@id":"https:\/\/inzynier.rzeszow.pl\/index.php\/2025\/11\/08\/galeria-integracyjna-znaki-geometrii-abstrakcja-dyskursywna\/#breadcrumb","itemListElement":[{"@type":"ListItem","position":1,"name":"Strona g\u0142\u00f3wna","item":"https:\/\/inzynier.rzeszow.pl\/"},{"@type":"ListItem","position":2,"name":"Galeria Integracyjna &#8211; Znaki Geometrii &#8211; Abstrakcja Dyskursywna"}]},{"@type":"WebSite","@id":"https:\/\/inzynier.rzeszow.pl\/#website","url":"https:\/\/inzynier.rzeszow.pl\/","name":"Podkarpacka Okregowa Izba Inzynierow Budownictwa","description":"","potentialAction":[{"@type":"SearchAction","target":{"@type":"EntryPoint","urlTemplate":"https:\/\/inzynier.rzeszow.pl\/?s={search_term_string}"},"query-input":{"@type":"PropertyValueSpecification","valueRequired":true,"valueName":"search_term_string"}}],"inLanguage":"pl-PL"},{"@type":"Person","@id":"https:\/\/inzynier.rzeszow.pl\/#\/schema\/person\/21ca162d893bdc5760a95d704e9b1e39","name":"admin","image":{"@type":"ImageObject","inLanguage":"pl-PL","@id":"https:\/\/secure.gravatar.com\/avatar\/d5d1959f10b94c8abcf928274f8bb5b8c7370b0dfadb0590911bacad18965f21?s=96&d=mm&r=g","url":"https:\/\/secure.gravatar.com\/avatar\/d5d1959f10b94c8abcf928274f8bb5b8c7370b0dfadb0590911bacad18965f21?s=96&d=mm&r=g","contentUrl":"https:\/\/secure.gravatar.com\/avatar\/d5d1959f10b94c8abcf928274f8bb5b8c7370b0dfadb0590911bacad18965f21?s=96&d=mm&r=g","caption":"admin"},"sameAs":["https:\/\/migracja.inzynier.rzeszow.pl"],"url":"https:\/\/inzynier.rzeszow.pl\/index.php\/author\/kwojcik\/"}]}},"rttpg_featured_image_url":{"full":["https:\/\/inzynier.rzeszow.pl\/wp-content\/uploads\/2025\/11\/obraz_2026-01-26_221831509.png",1900,1080,false],"landscape":["https:\/\/inzynier.rzeszow.pl\/wp-content\/uploads\/2025\/11\/obraz_2026-01-26_221831509.png",1900,1080,false],"portraits":["https:\/\/inzynier.rzeszow.pl\/wp-content\/uploads\/2025\/11\/obraz_2026-01-26_221831509.png",1900,1080,false],"thumbnail":["https:\/\/inzynier.rzeszow.pl\/wp-content\/uploads\/2025\/11\/obraz_2026-01-26_221831509-150x150.png",150,150,true],"medium":["https:\/\/inzynier.rzeszow.pl\/wp-content\/uploads\/2025\/11\/obraz_2026-01-26_221831509-300x171.png",300,171,true],"large":["https:\/\/inzynier.rzeszow.pl\/wp-content\/uploads\/2025\/11\/obraz_2026-01-26_221831509-1024x582.png",1024,582,true],"1536x1536":["https:\/\/inzynier.rzeszow.pl\/wp-content\/uploads\/2025\/11\/obraz_2026-01-26_221831509-1536x873.png",1536,873,true],"2048x2048":["https:\/\/inzynier.rzeszow.pl\/wp-content\/uploads\/2025\/11\/obraz_2026-01-26_221831509.png",1900,1080,false]},"rttpg_author":{"display_name":"admin","author_link":"https:\/\/inzynier.rzeszow.pl\/index.php\/author\/kwojcik\/"},"rttpg_comment":0,"rttpg_category":"<a href=\"https:\/\/inzynier.rzeszow.pl\/index.php\/category\/wydarzenia\/\" rel=\"category tag\">Wydarzenia<\/a> <a href=\"https:\/\/inzynier.rzeszow.pl\/index.php\/category\/z-zycia-izby\/\" rel=\"category tag\">Z \u017cycia izby<\/a> <a href=\"https:\/\/inzynier.rzeszow.pl\/index.php\/category\/z-zycia-izby\/z-zycia-izby-rok-2025\/\" rel=\"category tag\">Z \u017cycia Izby Rok 2025<\/a>","rttpg_excerpt":"W dniu 07 listopada 2025 r. odby\u0142o si\u0119 w artystycznej Galerii Integracyjnej w siedzibie Podkarpackiej Okr\u0119gowej Izby In\u017cynier\u00f3w Budownictwa w [&hellip;]","_links":{"self":[{"href":"https:\/\/inzynier.rzeszow.pl\/index.php\/wp-json\/wp\/v2\/posts\/2944","targetHints":{"allow":["GET"]}}],"collection":[{"href":"https:\/\/inzynier.rzeszow.pl\/index.php\/wp-json\/wp\/v2\/posts"}],"about":[{"href":"https:\/\/inzynier.rzeszow.pl\/index.php\/wp-json\/wp\/v2\/types\/post"}],"author":[{"embeddable":true,"href":"https:\/\/inzynier.rzeszow.pl\/index.php\/wp-json\/wp\/v2\/users\/1"}],"replies":[{"embeddable":true,"href":"https:\/\/inzynier.rzeszow.pl\/index.php\/wp-json\/wp\/v2\/comments?post=2944"}],"version-history":[{"count":4,"href":"https:\/\/inzynier.rzeszow.pl\/index.php\/wp-json\/wp\/v2\/posts\/2944\/revisions"}],"predecessor-version":[{"id":3032,"href":"https:\/\/inzynier.rzeszow.pl\/index.php\/wp-json\/wp\/v2\/posts\/2944\/revisions\/3032"}],"wp:featuredmedia":[{"embeddable":true,"href":"https:\/\/inzynier.rzeszow.pl\/index.php\/wp-json\/wp\/v2\/media\/3022"}],"wp:attachment":[{"href":"https:\/\/inzynier.rzeszow.pl\/index.php\/wp-json\/wp\/v2\/media?parent=2944"}],"wp:term":[{"taxonomy":"category","embeddable":true,"href":"https:\/\/inzynier.rzeszow.pl\/index.php\/wp-json\/wp\/v2\/categories?post=2944"},{"taxonomy":"post_tag","embeddable":true,"href":"https:\/\/inzynier.rzeszow.pl\/index.php\/wp-json\/wp\/v2\/tags?post=2944"}],"curies":[{"name":"wp","href":"https:\/\/api.w.org\/{rel}","templated":true}]}}