{"id":2806,"date":"2025-09-30T13:47:48","date_gmt":"2025-09-30T13:47:48","guid":{"rendered":"https:\/\/migracja.inzynier.rzeszow.pl\/?p=2806"},"modified":"2026-01-25T11:49:34","modified_gmt":"2026-01-25T11:49:34","slug":"wietnam-w-terminie-28-29-11-2025-r-13-12-2025-r","status":"publish","type":"post","link":"https:\/\/inzynier.rzeszow.pl\/index.php\/2025\/09\/30\/wietnam-w-terminie-28-29-11-2025-r-13-12-2025-r\/","title":{"rendered":"WIETNAM w terminie 28\/29.11.2025 r. &#8211; 13.12.2025 r."},"content":{"rendered":"\t\t<div data-elementor-type=\"wp-post\" data-elementor-id=\"2806\" class=\"elementor elementor-2806\" data-elementor-post-type=\"post\">\n\t\t\t\t<div class=\"elementor-element elementor-element-a86bb8d e-flex e-con-boxed e-con e-parent\" data-id=\"a86bb8d\" data-element_type=\"container\" data-e-type=\"container\">\n\t\t\t\t\t<div class=\"e-con-inner\">\n\t\t<div class=\"elementor-element elementor-element-410f3d0 e-con-full e-flex e-con e-child\" data-id=\"410f3d0\" data-element_type=\"container\" data-e-type=\"container\">\n\t\t<div class=\"elementor-element elementor-element-0161690 e-con-full e-flex e-con e-child\" data-id=\"0161690\" data-element_type=\"container\" data-e-type=\"container\">\n\t\t\t\t<div class=\"elementor-element elementor-element-833a258 elementor-widget elementor-widget-image\" data-id=\"833a258\" data-element_type=\"widget\" data-e-type=\"widget\" data-widget_type=\"image.default\">\n\t\t\t\t\t\t\t\t\t\t\t\t\t\t\t<img fetchpriority=\"high\" decoding=\"async\" width=\"1024\" height=\"683\" src=\"https:\/\/inzynier.rzeszow.pl\/wp-content\/uploads\/2025\/09\/obraz_2026-01-25_124823039-1024x683.png\" class=\"attachment-large size-large wp-image-2808\" alt=\"\" srcset=\"https:\/\/inzynier.rzeszow.pl\/wp-content\/uploads\/2025\/09\/obraz_2026-01-25_124823039-1024x683.png 1024w, https:\/\/inzynier.rzeszow.pl\/wp-content\/uploads\/2025\/09\/obraz_2026-01-25_124823039-300x200.png 300w, https:\/\/inzynier.rzeszow.pl\/wp-content\/uploads\/2025\/09\/obraz_2026-01-25_124823039-768x512.png 768w, https:\/\/inzynier.rzeszow.pl\/wp-content\/uploads\/2025\/09\/obraz_2026-01-25_124823039.png 1200w\" sizes=\"(max-width: 1024px) 100vw, 1024px\" \/>\t\t\t\t\t\t\t\t\t\t\t\t\t\t\t<\/div>\n\t\t\t\t<\/div>\n\t\t<div class=\"elementor-element elementor-element-ba0eba7 e-con-full e-flex e-con e-child\" data-id=\"ba0eba7\" data-element_type=\"container\" data-e-type=\"container\">\n\t\t\t\t<div class=\"elementor-element elementor-element-43c5e2f elementor-widget elementor-widget-text-editor\" data-id=\"43c5e2f\" data-element_type=\"widget\" data-e-type=\"widget\" data-widget_type=\"text-editor.default\">\n\t\t\t\t\t\t\t\t\t<p style=\"font-weight: 400;\">Podkarpacka Okr\u0119gowa Izba In\u017cynier\u00f3w Budownictwa zaprasza czynnych cz\u0142onk\u00f3w wraz z osobami towarzysz\u0105cymi na wycieczk\u0119 do\u00a0<strong>WIETNAMU w terminie 28\/29.11.2025 r. &#8211; 13.12.2025 r.<\/strong>\u00a0organizowan\u0105 przez Biuro podr\u00f3\u017cy RAINBOW.<\/p><p style=\"font-weight: 400;\"><strong>Nab\u00f3r wniosk\u00f3w do 18.04.2025 r. (pi\u0105tek) do godz. 11:00 lub do wcze\u015bniejszego wyczerpania miejsc.<\/strong><br \/><strong><br \/>Nab\u00f3r wniosk\u00f3w w terminie: od 09.04.2025 r. (\u015broda) do 14.04.2025 r. (poniedzia\u0142ek) do godz. 14:00 lub do wcze\u015bniejszego wyczerpania miejsc.<\/strong><\/p><p style=\"font-weight: 400;\"><strong><u>SZCZEG\u00d3\u0141Y WYCIECZKI:<\/u><\/strong><\/p><p style=\"font-weight: 400;\"><strong>Termin: 28\/29.11.2025 &#8211; 13.12.2025<\/strong><\/p>\t\t\t\t\t\t\t\t<\/div>\n\t\t\t\t<\/div>\n\t\t\t\t<\/div>\n\t\t\t\t\t<\/div>\n\t\t\t\t<\/div>\n\t\t<div class=\"elementor-element elementor-element-8f0fe26 e-flex e-con-boxed e-con e-parent\" data-id=\"8f0fe26\" data-element_type=\"container\" data-e-type=\"container\">\n\t\t\t\t\t<div class=\"e-con-inner\">\n\t\t\t\t<div class=\"elementor-element elementor-element-7ea9a2c elementor-widget elementor-widget-text-editor\" data-id=\"7ea9a2c\" data-element_type=\"widget\" data-e-type=\"widget\" data-widget_type=\"text-editor.default\">\n\t\t\t\t\t\t\t\t\t<p><strong>Hotel: objazd 11 nocy 4* + 3 noce w SOL by Melia Phu Quoc 5*<\/strong><\/p><p><strong>Wy\u017cywienie: wed\u0142ug programu + BB<\/strong><\/p><p><strong>Wylot: Warszawa<\/strong>\u00a0(<strong>baga\u017c na ka\u017cd\u0105 osob\u0119: 20 kg baga\u017c rejestrowany + 5 kg baga\u017c podr\u0119czny)<\/strong><\/p><p><strong>Cena za osob\u0119 w pok. 2-os standard: 10 779,00 PLN + ok. 295 USD\/os.<\/strong><\/p><p><strong>Cena za osob\u0119 w pok. 1-os standard: 12 239,00 PLN + ok. 295 USD\/os.<\/strong><\/p><p><strong>Cena obejmuje:<\/strong>\u00a0<\/p><p style=\"font-weight: 400;\">&#8211; przelot samolotem czarterowym PLL LOTlub Plus Ultra<strong>(REJS BEZPO\u015aREDNI Z WARSZAWY)\u00a0<\/strong>na Phu Quoc,<br \/>&#8211; przelot lokalnymi liniami wg programu,<br \/>&#8211; op\u0142aty lotniskowe,<br \/>&#8211; zakwaterowanie w hotelach (14 rozpocz\u0119tych d\u00f3b hotelowych),<br \/>&#8211; transfery klimatyzowanym autokarem\/mikrobusem,<br \/>&#8211; wy\u017cywienie wed\u0142ug programu + BB<br \/>&#8211; obs\u0142ug\u0119 polskiego przedstawiciela podczas odprawy na lotnisku w Polsce,<br \/>&#8211; opiek\u0119 polskiego pilota podczas zwiedzania,<br \/>&#8211; program turystyczny jn.<br \/>&#8211; ubezpieczenie TU Europa (wariant podstawowy: NNW, KL i baga\u017c)<br \/>&#8211; koszt bilet\u00f3w wst\u0119pu do zwiedzanych obiekt\u00f3w, wynagrodzenie lokalnych przewodnik\u00f3w, napiwki dla kierowc\u00f3w, baga\u017cowych i pozosta\u0142ej obs\u0142ugi, system TGS (\u0142\u0105cznie ok. 295 USD\/os., p\u0142atne pilotowi imprezy).<\/p><p><strong>Cena\u00a0nie obejmuje:\u00a0<\/strong><\/p><ul class=\"unIndentedList\"><li>zakupu wycieczek fakultatywnych wymienionych w programie:<ul><li>wycieczka do Ninh Binh &#8211; ok. 50 USD\/osoba<\/li><li>wycieczki skuterowa po mie\u015bcie Sajgon &#8211; ok. 55 USD\/osoba<\/li><\/ul><\/li><li>zakupu pozosta\u0142ych wycieczek fakultatywnych:<ul><li>\u201eWyprawa kajakami na rajsk\u0105 pla\u017c\u0119 Ham Rong&#8221; &#8211; od 459 z\u0142\/os.<\/li><li>\u201eChod\u017amy na rowery&#8221; &#8211; od 459 z\u0142\/os.<\/li><li>\u201eKolejk\u0105 linow\u0105 i motor\u00f3wk\u0105 &#8211; poznaj 4 wyspy&#8221; &#8211; od 509 z\u0142\/os.<\/li><li>\u201eEsencja wyspy Phu Quoc&#8221; &#8211; od 319 z\u0142\/os.<\/li><li>\u201eNurkowanie na Phu Quoc &#8211; odkrywaj podwodny \u015bwiat&#8221; &#8211; od 709 z\u0142\/os.<\/li><\/ul><\/li><li>dodatkowych posi\u0142k\u00f3w podczas wycieczki,<\/li><li>napoj\u00f3w do posi\u0142k\u00f3w oraz innych wydatk\u00f3w osobistych.<\/li><\/ul><p>\u00a0<\/p><p><strong><u>PLAN WYCIECZKI:<\/u><\/strong><\/p><p><strong>Dzie\u0144 1 &#8211; Rozpocz\u0119cie podr\u00f3\u017cy: wylot z Warszawy do Wietnamu<\/strong><\/p><p>Zbi\u00f3rka przy stanowisku odpraw Rainbow na 3 godz. przed wylotem samolotu.<\/p><p><strong>Dzie\u0144 2 &#8211; Przybycie na wysp\u0119 Phu Quoc<\/strong><\/p><p>Przylot na wysp\u0119 Phu Quoc. Odprawa wizowo-paszportowa. Zakwaterowanie i nocleg w hotelu na wyspie.<\/p><p><strong>Dzie\u0144 3 &#8211; Relaks na pla\u017cy i fakultatywne wycieczki<\/strong><\/p><p>\u015aniadanie. Czas wolny na k\u0105piele morskie i s\u0142oneczne. Mo\u017cliwo\u015b\u0107 korzystania z wycieczek fakultatywnych.<\/p><p><strong>Dzie\u0144 4 &#8211; Hanoi i zatoka Ha Long: okiem podr\u00f3\u017cnika<\/strong><\/p><p>Po \u015bniadaniu wykwaterowanie i transfer na lotnisko, przelot do Hanoi. Zwiedzanie miasta: Mauzoleum Ho Chi Minha (z zewn\u0105trz), pa\u0142ac prezydencki (z zewn\u0105trz), \u201eDomek na Palach&#8221; &#8211; rezydencja Ho Chi Minha, \u015awi\u0105tynia na Jednej Kolumnie oraz \u015awi\u0105tynia Literatury. W czasie zwiedzania lunch. Po po\u0142udniu przejazd w rejon zatoki Ha Long. Zakwaterowanie i nocleg w hotelu.<\/p><p><strong>Dzie\u0144 5 &#8211; Ha Long i Hanoi: magiczne krajobrazy Wietnamu<\/strong><\/p><p>Po wykwaterowaniu i \u015bniadaniu, ok. czterogodzinny rejs po zatoce Ha Long. Ten wyj\u0105tkowy akwen, wpisany na list\u0119 UNESCO, pe\u0142en jest niesamowitych formacji skalnych, wysepek, jaski\u0144. Na pok\u0142adzie serwowany b\u0119dzie lunch z owoc\u00f3w morza. W czasie rejsu odwiedzimy jedn\u0105 z jaski\u0144. Tego dnia r\u00f3nie\u017c b\u0119dziemy mieli okazj\u0119 pozna\u0107 w jaki spos\u00f3b powstaj\u0105 najs\u0142ynniejsze w Wietnamie per\u0142y. P\u00f3\u017anym popo\u0142udniem przejazd do Hanoi, zobaczymy r\u00f3wnie\u017c XVII-wieczn\u0105 \u015bwi\u0105tyni\u0119 Ngoc Son po\u0142o\u017con\u0105 na malowniczej wyspie na jeziorze Hoan Kiem. Wieczorem pokaz s\u0142ynnych \u201ekukie\u0142ek wodnych&#8221; b\u0119d\u0105cych specjalno\u015bci\u0105 p\u00f3\u0142nocnego Wietnamu.\u00a0 Zakwaterowanie w hotelu w Hanoi i nocleg. (Trasa ok. 150 km).\u00a0<\/p><p><strong>Dzie\u0144 6 &#8211; Hanoi i Ninh Binh: mi\u0119dzy urbanistyk\u0105 a natur\u0105<\/strong><\/p><p>Po \u015bniadaniu, czas wolny na samodzielne zwiedzanie Hanoi lub dla ch\u0119tnych wycieczka opcjonalna do Ninh Binh zwanego przez Wietnamczyk\u00f3w 'Halongiem na l\u0105dzie&#8217;.\u00a0 W Ninh Binh czeka nas rejs tradycyjnymi azjatyckimi \u0142odziami typu sampan. P\u0142yn\u0105c z nurtem rzeki b\u0119dziemy mogli podziwia\u0107 okoliczne, zielone poletka ry\u017cowe. Trasa b\u0119dzie prowadzi\u0107 rozlewiskami w\u015br\u00f3d wapiennych osta\u0144c\u00f3w. Zobaczymy te\u017c urokliw\u0105 \u015bwi\u0105tyni\u0119 Bich Dong, cz\u0119\u015bciowo mieszcz\u0105ca si\u0119 w jaskini. W czasie wycieczki lunch w Ninh Binh (Cena ok 50 USD). Nocleg w Hanoi.<\/p><p><strong>Dzie\u0144 7 &#8211; Lot do Danang i malownicze krajobrazy Wietnamu<\/strong><\/p><p>Po \u015bniadaniu transfer na lotnisko i przelot do Danang. B\u0119dziemy mieli okazj\u0119 zobaczy\u0107 buddyjsk\u0105\u00a0pagod\u0119 Linh Ung oraz podziwia\u0107 roztaczaj\u0105ce si\u0119 wok\u00f3\u0142 malownicze krajobrazy. Lunch. Przejazd do Hoi An, zakwaterowanie i nocleg.<\/p><p><strong>Dzie\u0144 8 &#8211; Staro\u017cytne \u015bwi\u0105tynie My Son i urokliwe uliczki Hoi An<\/strong><\/p><p>Po \u015bniadaniu wyjazd do My Son, gdzie zobaczymy pozosta\u0142o\u015bci po kompleksie \u015bwi\u0105ty\u0144 ludu Cham, powsta\u0142e mi\u0119dzy VII-XIII w n.e. My Son jest wpisane na list\u0119 UNESCO. Powr\u00f3t do Hoi An. Lunch w lokalnej restauracji i wycieczka po Hoi An. W programie spacer po w\u0105skich uliczkach starego miasta, zwiedzanie Domu Zgromadze\u0144 Phuc Kien &#8211; jednego z najstarszych dom\u00f3w w Hoi An, Tan Ky, Mostu Japo\u0144skiego oraz wizyta na targu. Odwiedzimy r\u00f3wnie\u017c pracownie lokalnych rzemie\u015blnik\u00f3w. Powr\u00f3t do hotelu na nocleg. (Trasa ok. 120 km).<\/p><p><strong>Dzie\u0144 9 &#8211; Hue: w g\u0142\u0119bi cesarskiego Wietnamu<\/strong><\/p><p>Po \u015bniadaniu wyjazd w kierunku Hue. Po drodze udamy si\u0119 do mauzoleum cesarzy z dynastii Nguyen: Minh Mang i Khai Dinh. Lunch w Hue. Nast\u0119pnie zwiedzimy cz\u0119\u015bciowo odbudowan\u0105 ze zniszcze\u0144 wojennych Cytadel\u0119 &#8211; dawn\u0105 rezydencj\u0119 cesarsk\u0105.\u00a0Lunch.\u00a0Na koniec zwiedzanie pagody Thien Mu. Zakwaterowanie i nocleg w hotelu w Hue.\u00a0 (Trasa ok. 130 km)<\/p><p><strong>Dzie\u0144 10 &#8211; Sajgon: miasto pami\u0105tek wojennych i kolonialnej architektury<\/strong><\/p><p>Po \u015bniadaniu przelot do Sajgonu. Zwiedzanie Miasta Ho Chi Minha: katedra Notre Dame, Pa\u0142ac Zjednoczenia, zabytkowa Poczta G\u0142\u00f3wna, Ratusz (wszystkie wymienione obiekty ogl\u0105damy z zewn\u0105trz) oraz \u015bwi\u0105tynia Jadeitowego Cesarza i bazar Benh Than. Zobaczymy te\u017c Muzeum Pozosta\u0142o\u015bci Wojennych. W trakcie zwiedzania lunch. Nast\u0119pnie transfer do hotelu. Zakwaterowanie w hotelu i nocleg.<\/p><p><strong>Dzie\u0144 11 &#8211; \u015alady wojny i sakralne sekrety wok\u00f3\u0142 Ho Chi Minha<\/strong><\/p><p>\u015aniadanie, ca\u0142odzienna wycieczka w okolice Miasta Ho Chi Minha. Zobaczymy s\u0142ynne partyzanckie tunele Cu Chi &#8211; symbol walki Viet Congu z obcymi wojskami. Tunele s\u0142u\u017cy\u0142y podczas wojny za schrony, drogi zaopatrzenia, magazyny broni, szpitale. Zwiedzimy tak\u017ce niezwyk\u0142\u0105 \u015bwi\u0105tyni\u0119 w Tay Ninh b\u0119d\u0105c\u0105 g\u0142\u00f3wnym o\u015brodkiem synkretycznej religii Cao Dai. Podczas zwiedzania lunch. Powr\u00f3t do hotelu. Tego wieczora jest mo\u017cliwo\u015b\u0107 skorzystania z niesamowitej opcjonalnej wycieczki skuterowej, podczas kt\u00f3rej roz\u015bwietlone miasto Sajgon zachwyca feeri\u0105 barw. W trakcie wyprawy poznamy \u017cycie zwyk\u0142ych mieszka\u0144c\u00f3w aglomeracji. Odkryjemy te\u017c znaczenie wyra\u017cenia &#8222;ale Sajgon..&#8221; (koszt ok. 55 USD\/os.). Nocleg w Sajgonie.<\/p><p><strong>Dzie\u0144 12 &#8211; Rejs po labiryncie rzeki Mekong<\/strong><\/p><p>Po \u015bniadaniu przejazd do Delty Mekongu. Zaczniemy od rejsu \u0142odzi\u0105 po rzece Mekong, kt\u00f3ra tworzy tu niesamowity labirynt odn\u00f3g i kana\u0142\u00f3w. W czasie rejsu wizyta na jednej z wysp w lokalnej wiosce i lunch. Zakwaterowanie i nocleg w Can Tho.<\/p><p><strong>Dzie\u0144 13 &#8211; Przeprawa na wysp\u0119 Phu Quoc<\/strong><\/p><p>Po \u015bniadaniu przejazd do portu i przeprawa promowa na wysp\u0119 Phu Quoc. Zakwaterowanie i nocleg w hotelu.<\/p><p><strong>Dzie\u0144 14-15 &#8211; Relaks na pla\u017cy i opcjonalne wycieczki<\/strong><\/p><p>Czas wolny na k\u0105piele morskie i s\u0142oneczne. Mo\u017cliwo\u015b\u0107 korzystania z wycieczek fakultatywnych.<\/p><p><strong>Dzie\u0144 16 &#8211; Powr\u00f3t do Polski<\/strong><\/p><p>\u015aniadanie, wykwaterowanie z hotelu i transfer na lotnisko. Przelot do Polski.<\/p><p><strong><u>WA\u017bNE INFORMACJE ODNO\u015aNIE REZERWACJI I PRZELOT\u00d3W:<\/u><\/strong><\/p><p>&#8211; Kolejno\u015b\u0107 realizacji punkt\u00f3w programu mo\u017ce ulec zmianie lub odwr\u00f3ceniu.<br \/>&#8211; Limit baga\u017cu g\u0142\u00f3wnego na przelotach wewn\u0119trznych to 20 kg.<br \/>&#8211; Uwaga: na rezerwacji nale\u017cy poda\u0107 pe\u0142ne dane tj. imi\u0119, drugie imi\u0119 (je\u015bli takie jest) oraz nazwisko, \u017ce wzgl\u0119du na wym\u00f3g wprowadzony przez linie lotnicze realizuj\u0105ce przeloty wewn\u0119trzne.<\/p><p>&#8211; Zaliczka w wysoko\u015bci 30% p\u0142atna przelewem do 7 dni po podpisaniu umowy<br \/>-Pozosta\u0142a p\u0142atno\u015b\u0107 p\u0142atna przelewem na 30 dni przed wyjazdem<\/p><p><strong><u>PRZYDATNE INFORMACJE:<\/u><\/strong><\/p><p>&#8211;\u00a0<strong>Wiza wietnamska<\/strong>\u00a0&#8211; w dniu 15 stycznia 2025 rz\u0105d Wietnamu podj\u0105\u0142 decyzj\u0119 o tymczasowym zniesieniu obowi\u0105zku wizowego dla obywateli Polski (dotyczy wy\u0142\u0105cznie wycieczek zorganizowanych<strong>). Od 1 marca 2025 do 31 grudnia 2025 roku, osoby posiadaj\u0105ce polski paszport b\u0119d\u0105 mog\u0142y wje\u017cd\u017ca\u0107 na terytorium Wietnamu i przebywa\u0107 do 45 dni w celach turystycznych, bez konieczno\u015bci ubiegania si\u0119 o wiz\u0119.\u00a0<\/strong><\/p><p>&#8211;\u00a0<strong>Waluty<\/strong>\u00a0&#8211; zalecamy zabranie dolar\u00f3w ameryka\u0144skich, cho\u0107 mo\u017cna r\u00f3wnie\u017c wymienia\u0107 euro lub inne powszechnie akceptowane waluty. Pieni\u0105dze mo\u017cna wymieni\u0107 w bankach i kantorach oraz w niekt\u00f3rych hotelach. Konieczne jest, \u017ceby banknoty by\u0142y w dobrym stanie: w krajach Azji Pd.-Wsch. nie s\u0105 akceptowane banknoty zniszczone, naddarte, poplamione itp. &#8211; kantory i banki odmawiaj\u0105 ich wymiany. W przypadku dolar\u00f3w ameryka\u0144skich nale\u017cy zwr\u00f3ci\u0107 uwag\u0119, \u017ceby by\u0142y to banknoty najnowszych emisji, tzw. seria \u201ekolorowa&#8221;. Starsze cz\u0119sto nie s\u0105 przyjmowane lub wymieniane po ni\u017cszym kursie.<\/p><p>&#8211;<strong>Telefony &#8211;\u00a0<\/strong>zalecamy przed wyjazdem sprawdzenie u swojego operatora telefonii kom\u00f3rkowej czy roaming na Wietnam jest standardowo w\u0142\u0105czony. U cz\u0119\u015bci operator\u00f3w telekomunikacyjnych jest konieczne wyst\u0105pienie o uruchomienie roamingu na Wietnam.<\/p><p><strong>&#8211; Papierosy elektroniczne i vape&#8217;y &#8211;\u00a0<\/strong>od 2025 roku rz\u0105d Wietnamu wprowadzi\u0142 zakaz produkcji, sprzeda\u017cy, importu, u\u017cywania, a tak\u017ce posiadania papieros\u00f3w elektronicznych (e-papieros\u00f3w) oraz vape&#8217;\u00f3w na terenie kraju.<\/p><p><span style=\"color: #ff0000;\">Dla zainteresowanych wyjazdem informujemy, \u017ce wnioski przyjmowane b\u0119d\u0105<strong>\u00a0do 18.04.2025 r. lub do wcze\u015bniejszego wyczerpania miejsc.<\/strong><br \/><\/span><span style=\"color: #999999;\"><br \/>Dla zainteresowanych wyjazdem informujemy, \u017ce wnioski przyjmowane b\u0119d\u0105\u00a0<strong>od 09.04.2025 r. (\u015broda) do 14.04.2025 r. (poniedzia\u0142ek) do godz. 14:00 lub do wcze\u015bniejszego wyczerpania miejsc.<\/strong><\/span><\/p><p>Decyduje kolejno\u015b\u0107 zg\u0142osze\u0144. Wnioski z\u0142o\u017cone po wyznaczonym terminie nie b\u0119d\u0105 brane pod uwag\u0119.\u00a0<br \/><br \/>Zg\u0142oszenia ch\u0119ci uczestnictwa w wyje\u017adzie (wnioski) prosimy przesy\u0142a\u0107 na druku\u00a0<a href=\"https:\/\/inzynier.rzeszow.pl\/pliki_do_pobrania\/Szkolenia\/wniosek%20o%20dofinansowanie%20wycieczki%20(organizowanej%20lub%20wspolorganizowanej%20przez%20PDK%20OIIB).doc\" target=\"_blank\" rel=\"noopener\">wniosek o dofinansowanie wycieczki<\/a>\u00a0(organizowanej przez PDK OIIB) w terminie wy\u017cej opisanym do biura PDK OIIB:<\/p><p>&#8211; drog\u0105 elektroniczn\u0105 na adres e-mailowy:\u00a0<a href=\"mailto:dofinansowania@inzynier.rzeszow.pl\" target=\"_blank\" rel=\"noopener\">dofinansowania@inzynier.rzeszow.pl<\/a><br \/>&#8211; osobi\u015bcie: ul Krakowska 289, pok. 108, tel. 17\u00a0777 64 55.<\/p><p><em>Zgodnie Regulaminem wspierania doskonalenia zawodowego ka\u017cdy czynny cz\u0142onek Izby mo\u017ce z\u0142o\u017cy\u0107 wniosek do Komisji Doskonalenia Zawodowego i uzyska\u0107 dofinansowanie do 50% koszt\u00f3w wyjazdu, lecz nie wi\u0119cej ni\u017c 650 z\u0142 w zale\u017cno\u015bci od wykorzystanego ju\u017c w danym roku dofinansowania.<\/em><\/p><p><em>Osob\u0119 towarzysz\u0105c\u0105 nale\u017cy zg\u0142asza\u0107 na wniosku wraz z cz\u0142onkiem Izby. Odp\u0142atno\u015b\u0107 za udzia\u0142 os\u00f3b towarzysz\u0105cych nieb\u0119d\u0105cych cz\u0142onkami PDK OIIB wynosi 100% koszt\u00f3w wycieczki.<\/em><\/p><p><em>Ponadto:<br \/>W przypadku rezygnacji uczestnika &#8211; cz\u0142onka PDK OIIB po terminie rezygnacji okre\u015blonym przez organizatora wyjazdu i bez wykupienia polisy ubezpieczeniowej &#8211; zwrot koszt\u00f3w w przypadku rezygnacji, uczestnik mo\u017ce na swoje miejsce znale\u017a\u0107 osob\u0119 na zast\u0119pstwo &#8211; cz\u0142onka PDK OIIB.<br \/>Osobie, kt\u00f3ra zast\u0105pi uczestnika przys\u0142uguje dofinansowanie przys\u0142uguj\u0105ce jej na dany rok.<\/em><\/p><p><em>Uczestnik, kt\u00f3ry zrezygnowa\u0142 po terminie okre\u015blonym przez organizatora, w kt\u00f3rym mo\u017cna odst\u0105pi\u0107 od udzia\u0142u w wyje\u017adzie, nie wykupi\u0142 polisy ubezpieczeniowej &#8211; zwrot koszt\u00f3w w przypadku rezygnacji i nie znalaz\u0142 osoby &#8211; cz\u0142onka PDK OIIB na zast\u0119pstwo nie otrzymuje zwrotu wp\u0142aconych pieni\u0119dzy tytu\u0142em udzia\u0142u w wyje\u017adzie i traci przyznane dofinansowanie na dany rok.<\/em><\/p><p><em>Powy\u017csze informacje dotycz\u0105 r\u00f3wnie\u017c os\u00f3b towarzysz\u0105cych.<\/em><\/p>\t\t\t\t\t\t\t\t<\/div>\n\t\t\t\t\t<\/div>\n\t\t\t\t<\/div>\n\t\t\t\t<\/div>\n\t\t","protected":false},"excerpt":{"rendered":"<p>Podkarpacka Okr\u0119gowa Izba In\u017cynier\u00f3w Budownictwa zaprasza czynnych cz\u0142onk\u00f3w wraz z osobami towarzysz\u0105cymi na wycieczk\u0119 do\u00a0WIETNAMU w terminie 28\/29.11.2025 r. &#8211; [&hellip;]<\/p>\n","protected":false},"author":1,"featured_media":2808,"comment_status":"closed","ping_status":"closed","sticky":false,"template":"","format":"standard","meta":{"site-sidebar-layout":"default","site-content-layout":"","ast-site-content-layout":"default","site-content-style":"default","site-sidebar-style":"default","ast-global-header-display":"","ast-banner-title-visibility":"","ast-main-header-display":"","ast-hfb-above-header-display":"","ast-hfb-below-header-display":"","ast-hfb-mobile-header-display":"","site-post-title":"","ast-breadcrumbs-content":"","ast-featured-img":"","footer-sml-layout":"","ast-disable-related-posts":"","theme-transparent-header-meta":"","adv-header-id-meta":"","stick-header-meta":"","header-above-stick-meta":"","header-main-stick-meta":"","header-below-stick-meta":"","astra-migrate-meta-layouts":"default","ast-page-background-enabled":"default","ast-page-background-meta":{"desktop":{"background-color":"var(--ast-global-color-5)","background-image":"","background-repeat":"repeat","background-position":"center center","background-size":"auto","background-attachment":"scroll","background-type":"","background-media":"","overlay-type":"","overlay-color":"","overlay-opacity":"","overlay-gradient":""},"tablet":{"background-color":"","background-image":"","background-repeat":"repeat","background-position":"center center","background-size":"auto","background-attachment":"scroll","background-type":"","background-media":"","overlay-type":"","overlay-color":"","overlay-opacity":"","overlay-gradient":""},"mobile":{"background-color":"","background-image":"","background-repeat":"repeat","background-position":"center center","background-size":"auto","background-attachment":"scroll","background-type":"","background-media":"","overlay-type":"","overlay-color":"","overlay-opacity":"","overlay-gradient":""}},"ast-content-background-meta":{"desktop":{"background-color":"var(--ast-global-color-4)","background-image":"","background-repeat":"repeat","background-position":"center center","background-size":"auto","background-attachment":"scroll","background-type":"","background-media":"","overlay-type":"","overlay-color":"","overlay-opacity":"","overlay-gradient":""},"tablet":{"background-color":"var(--ast-global-color-4)","background-image":"","background-repeat":"repeat","background-position":"center center","background-size":"auto","background-attachment":"scroll","background-type":"","background-media":"","overlay-type":"","overlay-color":"","overlay-opacity":"","overlay-gradient":""},"mobile":{"background-color":"var(--ast-global-color-4)","background-image":"","background-repeat":"repeat","background-position":"center center","background-size":"auto","background-attachment":"scroll","background-type":"","background-media":"","overlay-type":"","overlay-color":"","overlay-opacity":"","overlay-gradient":""}},"footnotes":""},"categories":[9,10,16],"tags":[],"class_list":["post-2806","post","type-post","status-publish","format-standard","has-post-thumbnail","hentry","category-wycieczki","category-wycieczki-integracyjne-rok-2025","category-z-zycia-izby"],"yoast_head":"<!-- This site is optimized with the Yoast SEO plugin v27.5 - https:\/\/yoast.com\/product\/yoast-seo-wordpress\/ -->\n<title>WIETNAM w terminie 28\/29.11.2025 r. - 13.12.2025 r. - Podkarpacka Okregowa Izba Inzynierow Budownictwa<\/title>\n<meta name=\"robots\" content=\"index, follow, max-snippet:-1, max-image-preview:large, max-video-preview:-1\" \/>\n<link rel=\"canonical\" href=\"https:\/\/inzynier.rzeszow.pl\/index.php\/2025\/09\/30\/wietnam-w-terminie-28-29-11-2025-r-13-12-2025-r\/\" \/>\n<meta property=\"og:locale\" content=\"pl_PL\" \/>\n<meta property=\"og:type\" content=\"article\" \/>\n<meta property=\"og:title\" content=\"WIETNAM w terminie 28\/29.11.2025 r. - 13.12.2025 r. - Podkarpacka Okregowa Izba Inzynierow Budownictwa\" \/>\n<meta property=\"og:description\" content=\"Podkarpacka Okr\u0119gowa Izba In\u017cynier\u00f3w Budownictwa zaprasza czynnych cz\u0142onk\u00f3w wraz z osobami towarzysz\u0105cymi na wycieczk\u0119 do\u00a0WIETNAMU w terminie 28\/29.11.2025 r. &#8211; [&hellip;]\" \/>\n<meta property=\"og:url\" content=\"https:\/\/inzynier.rzeszow.pl\/index.php\/2025\/09\/30\/wietnam-w-terminie-28-29-11-2025-r-13-12-2025-r\/\" \/>\n<meta property=\"og:site_name\" content=\"Podkarpacka Okregowa Izba Inzynierow Budownictwa\" \/>\n<meta property=\"article:published_time\" content=\"2025-09-30T13:47:48+00:00\" \/>\n<meta property=\"article:modified_time\" content=\"2026-01-25T11:49:34+00:00\" \/>\n<meta property=\"og:image\" content=\"https:\/\/inzynier.rzeszow.pl\/wp-content\/uploads\/2025\/09\/obraz_2026-01-25_124823039.png\" \/>\n\t<meta property=\"og:image:width\" content=\"1200\" \/>\n\t<meta property=\"og:image:height\" content=\"800\" \/>\n\t<meta property=\"og:image:type\" content=\"image\/png\" \/>\n<meta name=\"author\" content=\"admin\" \/>\n<meta name=\"twitter:card\" content=\"summary_large_image\" \/>\n<meta name=\"twitter:label1\" content=\"Napisane przez\" \/>\n\t<meta name=\"twitter:data1\" content=\"admin\" \/>\n\t<meta name=\"twitter:label2\" content=\"Szacowany czas czytania\" \/>\n\t<meta name=\"twitter:data2\" content=\"9 minut\" \/>\n<script type=\"application\/ld+json\" class=\"yoast-schema-graph\">{\"@context\":\"https:\\\/\\\/schema.org\",\"@graph\":[{\"@type\":\"Article\",\"@id\":\"https:\\\/\\\/inzynier.rzeszow.pl\\\/index.php\\\/2025\\\/09\\\/30\\\/wietnam-w-terminie-28-29-11-2025-r-13-12-2025-r\\\/#article\",\"isPartOf\":{\"@id\":\"https:\\\/\\\/inzynier.rzeszow.pl\\\/index.php\\\/2025\\\/09\\\/30\\\/wietnam-w-terminie-28-29-11-2025-r-13-12-2025-r\\\/\"},\"author\":{\"name\":\"admin\",\"@id\":\"https:\\\/\\\/inzynier.rzeszow.pl\\\/#\\\/schema\\\/person\\\/21ca162d893bdc5760a95d704e9b1e39\"},\"headline\":\"WIETNAM w terminie 28\\\/29.11.2025 r. &#8211; 13.12.2025 r.\",\"datePublished\":\"2025-09-30T13:47:48+00:00\",\"dateModified\":\"2026-01-25T11:49:34+00:00\",\"mainEntityOfPage\":{\"@id\":\"https:\\\/\\\/inzynier.rzeszow.pl\\\/index.php\\\/2025\\\/09\\\/30\\\/wietnam-w-terminie-28-29-11-2025-r-13-12-2025-r\\\/\"},\"wordCount\":1878,\"image\":{\"@id\":\"https:\\\/\\\/inzynier.rzeszow.pl\\\/index.php\\\/2025\\\/09\\\/30\\\/wietnam-w-terminie-28-29-11-2025-r-13-12-2025-r\\\/#primaryimage\"},\"thumbnailUrl\":\"https:\\\/\\\/inzynier.rzeszow.pl\\\/wp-content\\\/uploads\\\/2025\\\/09\\\/obraz_2026-01-25_124823039.png\",\"articleSection\":[\"Wycieczki\",\"Wycieczki integracyjne Rok 2025\",\"Z \u017cycia izby\"],\"inLanguage\":\"pl-PL\"},{\"@type\":\"WebPage\",\"@id\":\"https:\\\/\\\/inzynier.rzeszow.pl\\\/index.php\\\/2025\\\/09\\\/30\\\/wietnam-w-terminie-28-29-11-2025-r-13-12-2025-r\\\/\",\"url\":\"https:\\\/\\\/inzynier.rzeszow.pl\\\/index.php\\\/2025\\\/09\\\/30\\\/wietnam-w-terminie-28-29-11-2025-r-13-12-2025-r\\\/\",\"name\":\"WIETNAM w terminie 28\\\/29.11.2025 r. - 13.12.2025 r. - Podkarpacka Okregowa Izba Inzynierow Budownictwa\",\"isPartOf\":{\"@id\":\"https:\\\/\\\/inzynier.rzeszow.pl\\\/#website\"},\"primaryImageOfPage\":{\"@id\":\"https:\\\/\\\/inzynier.rzeszow.pl\\\/index.php\\\/2025\\\/09\\\/30\\\/wietnam-w-terminie-28-29-11-2025-r-13-12-2025-r\\\/#primaryimage\"},\"image\":{\"@id\":\"https:\\\/\\\/inzynier.rzeszow.pl\\\/index.php\\\/2025\\\/09\\\/30\\\/wietnam-w-terminie-28-29-11-2025-r-13-12-2025-r\\\/#primaryimage\"},\"thumbnailUrl\":\"https:\\\/\\\/inzynier.rzeszow.pl\\\/wp-content\\\/uploads\\\/2025\\\/09\\\/obraz_2026-01-25_124823039.png\",\"datePublished\":\"2025-09-30T13:47:48+00:00\",\"dateModified\":\"2026-01-25T11:49:34+00:00\",\"author\":{\"@id\":\"https:\\\/\\\/inzynier.rzeszow.pl\\\/#\\\/schema\\\/person\\\/21ca162d893bdc5760a95d704e9b1e39\"},\"breadcrumb\":{\"@id\":\"https:\\\/\\\/inzynier.rzeszow.pl\\\/index.php\\\/2025\\\/09\\\/30\\\/wietnam-w-terminie-28-29-11-2025-r-13-12-2025-r\\\/#breadcrumb\"},\"inLanguage\":\"pl-PL\",\"potentialAction\":[{\"@type\":\"ReadAction\",\"target\":[\"https:\\\/\\\/inzynier.rzeszow.pl\\\/index.php\\\/2025\\\/09\\\/30\\\/wietnam-w-terminie-28-29-11-2025-r-13-12-2025-r\\\/\"]}]},{\"@type\":\"ImageObject\",\"inLanguage\":\"pl-PL\",\"@id\":\"https:\\\/\\\/inzynier.rzeszow.pl\\\/index.php\\\/2025\\\/09\\\/30\\\/wietnam-w-terminie-28-29-11-2025-r-13-12-2025-r\\\/#primaryimage\",\"url\":\"https:\\\/\\\/inzynier.rzeszow.pl\\\/wp-content\\\/uploads\\\/2025\\\/09\\\/obraz_2026-01-25_124823039.png\",\"contentUrl\":\"https:\\\/\\\/inzynier.rzeszow.pl\\\/wp-content\\\/uploads\\\/2025\\\/09\\\/obraz_2026-01-25_124823039.png\",\"width\":1200,\"height\":800},{\"@type\":\"BreadcrumbList\",\"@id\":\"https:\\\/\\\/inzynier.rzeszow.pl\\\/index.php\\\/2025\\\/09\\\/30\\\/wietnam-w-terminie-28-29-11-2025-r-13-12-2025-r\\\/#breadcrumb\",\"itemListElement\":[{\"@type\":\"ListItem\",\"position\":1,\"name\":\"Strona g\u0142\u00f3wna\",\"item\":\"https:\\\/\\\/inzynier.rzeszow.pl\\\/\"},{\"@type\":\"ListItem\",\"position\":2,\"name\":\"WIETNAM w terminie 28\\\/29.11.2025 r. &#8211; 13.12.2025 r.\"}]},{\"@type\":\"WebSite\",\"@id\":\"https:\\\/\\\/inzynier.rzeszow.pl\\\/#website\",\"url\":\"https:\\\/\\\/inzynier.rzeszow.pl\\\/\",\"name\":\"Podkarpacka Okregowa Izba Inzynierow Budownictwa\",\"description\":\"\",\"potentialAction\":[{\"@type\":\"SearchAction\",\"target\":{\"@type\":\"EntryPoint\",\"urlTemplate\":\"https:\\\/\\\/inzynier.rzeszow.pl\\\/?s={search_term_string}\"},\"query-input\":{\"@type\":\"PropertyValueSpecification\",\"valueRequired\":true,\"valueName\":\"search_term_string\"}}],\"inLanguage\":\"pl-PL\"},{\"@type\":\"Person\",\"@id\":\"https:\\\/\\\/inzynier.rzeszow.pl\\\/#\\\/schema\\\/person\\\/21ca162d893bdc5760a95d704e9b1e39\",\"name\":\"admin\",\"image\":{\"@type\":\"ImageObject\",\"inLanguage\":\"pl-PL\",\"@id\":\"https:\\\/\\\/secure.gravatar.com\\\/avatar\\\/d5d1959f10b94c8abcf928274f8bb5b8c7370b0dfadb0590911bacad18965f21?s=96&d=mm&r=g\",\"url\":\"https:\\\/\\\/secure.gravatar.com\\\/avatar\\\/d5d1959f10b94c8abcf928274f8bb5b8c7370b0dfadb0590911bacad18965f21?s=96&d=mm&r=g\",\"contentUrl\":\"https:\\\/\\\/secure.gravatar.com\\\/avatar\\\/d5d1959f10b94c8abcf928274f8bb5b8c7370b0dfadb0590911bacad18965f21?s=96&d=mm&r=g\",\"caption\":\"admin\"},\"sameAs\":[\"https:\\\/\\\/migracja.inzynier.rzeszow.pl\"],\"url\":\"https:\\\/\\\/inzynier.rzeszow.pl\\\/index.php\\\/author\\\/kwojcik\\\/\"}]}<\/script>\n<!-- \/ Yoast SEO plugin. -->","yoast_head_json":{"title":"WIETNAM w terminie 28\/29.11.2025 r. - 13.12.2025 r. - Podkarpacka Okregowa Izba Inzynierow Budownictwa","robots":{"index":"index","follow":"follow","max-snippet":"max-snippet:-1","max-image-preview":"max-image-preview:large","max-video-preview":"max-video-preview:-1"},"canonical":"https:\/\/inzynier.rzeszow.pl\/index.php\/2025\/09\/30\/wietnam-w-terminie-28-29-11-2025-r-13-12-2025-r\/","og_locale":"pl_PL","og_type":"article","og_title":"WIETNAM w terminie 28\/29.11.2025 r. - 13.12.2025 r. - Podkarpacka Okregowa Izba Inzynierow Budownictwa","og_description":"Podkarpacka Okr\u0119gowa Izba In\u017cynier\u00f3w Budownictwa zaprasza czynnych cz\u0142onk\u00f3w wraz z osobami towarzysz\u0105cymi na wycieczk\u0119 do\u00a0WIETNAMU w terminie 28\/29.11.2025 r. &#8211; [&hellip;]","og_url":"https:\/\/inzynier.rzeszow.pl\/index.php\/2025\/09\/30\/wietnam-w-terminie-28-29-11-2025-r-13-12-2025-r\/","og_site_name":"Podkarpacka Okregowa Izba Inzynierow Budownictwa","article_published_time":"2025-09-30T13:47:48+00:00","article_modified_time":"2026-01-25T11:49:34+00:00","og_image":[{"width":1200,"height":800,"url":"https:\/\/inzynier.rzeszow.pl\/wp-content\/uploads\/2025\/09\/obraz_2026-01-25_124823039.png","type":"image\/png"}],"author":"admin","twitter_card":"summary_large_image","twitter_misc":{"Napisane przez":"admin","Szacowany czas czytania":"9 minut"},"schema":{"@context":"https:\/\/schema.org","@graph":[{"@type":"Article","@id":"https:\/\/inzynier.rzeszow.pl\/index.php\/2025\/09\/30\/wietnam-w-terminie-28-29-11-2025-r-13-12-2025-r\/#article","isPartOf":{"@id":"https:\/\/inzynier.rzeszow.pl\/index.php\/2025\/09\/30\/wietnam-w-terminie-28-29-11-2025-r-13-12-2025-r\/"},"author":{"name":"admin","@id":"https:\/\/inzynier.rzeszow.pl\/#\/schema\/person\/21ca162d893bdc5760a95d704e9b1e39"},"headline":"WIETNAM w terminie 28\/29.11.2025 r. &#8211; 13.12.2025 r.","datePublished":"2025-09-30T13:47:48+00:00","dateModified":"2026-01-25T11:49:34+00:00","mainEntityOfPage":{"@id":"https:\/\/inzynier.rzeszow.pl\/index.php\/2025\/09\/30\/wietnam-w-terminie-28-29-11-2025-r-13-12-2025-r\/"},"wordCount":1878,"image":{"@id":"https:\/\/inzynier.rzeszow.pl\/index.php\/2025\/09\/30\/wietnam-w-terminie-28-29-11-2025-r-13-12-2025-r\/#primaryimage"},"thumbnailUrl":"https:\/\/inzynier.rzeszow.pl\/wp-content\/uploads\/2025\/09\/obraz_2026-01-25_124823039.png","articleSection":["Wycieczki","Wycieczki integracyjne Rok 2025","Z \u017cycia izby"],"inLanguage":"pl-PL"},{"@type":"WebPage","@id":"https:\/\/inzynier.rzeszow.pl\/index.php\/2025\/09\/30\/wietnam-w-terminie-28-29-11-2025-r-13-12-2025-r\/","url":"https:\/\/inzynier.rzeszow.pl\/index.php\/2025\/09\/30\/wietnam-w-terminie-28-29-11-2025-r-13-12-2025-r\/","name":"WIETNAM w terminie 28\/29.11.2025 r. - 13.12.2025 r. - Podkarpacka Okregowa Izba Inzynierow Budownictwa","isPartOf":{"@id":"https:\/\/inzynier.rzeszow.pl\/#website"},"primaryImageOfPage":{"@id":"https:\/\/inzynier.rzeszow.pl\/index.php\/2025\/09\/30\/wietnam-w-terminie-28-29-11-2025-r-13-12-2025-r\/#primaryimage"},"image":{"@id":"https:\/\/inzynier.rzeszow.pl\/index.php\/2025\/09\/30\/wietnam-w-terminie-28-29-11-2025-r-13-12-2025-r\/#primaryimage"},"thumbnailUrl":"https:\/\/inzynier.rzeszow.pl\/wp-content\/uploads\/2025\/09\/obraz_2026-01-25_124823039.png","datePublished":"2025-09-30T13:47:48+00:00","dateModified":"2026-01-25T11:49:34+00:00","author":{"@id":"https:\/\/inzynier.rzeszow.pl\/#\/schema\/person\/21ca162d893bdc5760a95d704e9b1e39"},"breadcrumb":{"@id":"https:\/\/inzynier.rzeszow.pl\/index.php\/2025\/09\/30\/wietnam-w-terminie-28-29-11-2025-r-13-12-2025-r\/#breadcrumb"},"inLanguage":"pl-PL","potentialAction":[{"@type":"ReadAction","target":["https:\/\/inzynier.rzeszow.pl\/index.php\/2025\/09\/30\/wietnam-w-terminie-28-29-11-2025-r-13-12-2025-r\/"]}]},{"@type":"ImageObject","inLanguage":"pl-PL","@id":"https:\/\/inzynier.rzeszow.pl\/index.php\/2025\/09\/30\/wietnam-w-terminie-28-29-11-2025-r-13-12-2025-r\/#primaryimage","url":"https:\/\/inzynier.rzeszow.pl\/wp-content\/uploads\/2025\/09\/obraz_2026-01-25_124823039.png","contentUrl":"https:\/\/inzynier.rzeszow.pl\/wp-content\/uploads\/2025\/09\/obraz_2026-01-25_124823039.png","width":1200,"height":800},{"@type":"BreadcrumbList","@id":"https:\/\/inzynier.rzeszow.pl\/index.php\/2025\/09\/30\/wietnam-w-terminie-28-29-11-2025-r-13-12-2025-r\/#breadcrumb","itemListElement":[{"@type":"ListItem","position":1,"name":"Strona g\u0142\u00f3wna","item":"https:\/\/inzynier.rzeszow.pl\/"},{"@type":"ListItem","position":2,"name":"WIETNAM w terminie 28\/29.11.2025 r. &#8211; 13.12.2025 r."}]},{"@type":"WebSite","@id":"https:\/\/inzynier.rzeszow.pl\/#website","url":"https:\/\/inzynier.rzeszow.pl\/","name":"Podkarpacka Okregowa Izba Inzynierow Budownictwa","description":"","potentialAction":[{"@type":"SearchAction","target":{"@type":"EntryPoint","urlTemplate":"https:\/\/inzynier.rzeszow.pl\/?s={search_term_string}"},"query-input":{"@type":"PropertyValueSpecification","valueRequired":true,"valueName":"search_term_string"}}],"inLanguage":"pl-PL"},{"@type":"Person","@id":"https:\/\/inzynier.rzeszow.pl\/#\/schema\/person\/21ca162d893bdc5760a95d704e9b1e39","name":"admin","image":{"@type":"ImageObject","inLanguage":"pl-PL","@id":"https:\/\/secure.gravatar.com\/avatar\/d5d1959f10b94c8abcf928274f8bb5b8c7370b0dfadb0590911bacad18965f21?s=96&d=mm&r=g","url":"https:\/\/secure.gravatar.com\/avatar\/d5d1959f10b94c8abcf928274f8bb5b8c7370b0dfadb0590911bacad18965f21?s=96&d=mm&r=g","contentUrl":"https:\/\/secure.gravatar.com\/avatar\/d5d1959f10b94c8abcf928274f8bb5b8c7370b0dfadb0590911bacad18965f21?s=96&d=mm&r=g","caption":"admin"},"sameAs":["https:\/\/migracja.inzynier.rzeszow.pl"],"url":"https:\/\/inzynier.rzeszow.pl\/index.php\/author\/kwojcik\/"}]}},"rttpg_featured_image_url":{"full":["https:\/\/inzynier.rzeszow.pl\/wp-content\/uploads\/2025\/09\/obraz_2026-01-25_124823039.png",1200,800,false],"landscape":["https:\/\/inzynier.rzeszow.pl\/wp-content\/uploads\/2025\/09\/obraz_2026-01-25_124823039.png",1200,800,false],"portraits":["https:\/\/inzynier.rzeszow.pl\/wp-content\/uploads\/2025\/09\/obraz_2026-01-25_124823039.png",1200,800,false],"thumbnail":["https:\/\/inzynier.rzeszow.pl\/wp-content\/uploads\/2025\/09\/obraz_2026-01-25_124823039-150x150.png",150,150,true],"medium":["https:\/\/inzynier.rzeszow.pl\/wp-content\/uploads\/2025\/09\/obraz_2026-01-25_124823039-300x200.png",300,200,true],"large":["https:\/\/inzynier.rzeszow.pl\/wp-content\/uploads\/2025\/09\/obraz_2026-01-25_124823039-1024x683.png",1024,683,true],"1536x1536":["https:\/\/inzynier.rzeszow.pl\/wp-content\/uploads\/2025\/09\/obraz_2026-01-25_124823039.png",1200,800,false],"2048x2048":["https:\/\/inzynier.rzeszow.pl\/wp-content\/uploads\/2025\/09\/obraz_2026-01-25_124823039.png",1200,800,false]},"rttpg_author":{"display_name":"admin","author_link":"https:\/\/inzynier.rzeszow.pl\/index.php\/author\/kwojcik\/"},"rttpg_comment":0,"rttpg_category":"<a href=\"https:\/\/inzynier.rzeszow.pl\/index.php\/category\/wycieczki\/\" rel=\"category tag\">Wycieczki<\/a> <a href=\"https:\/\/inzynier.rzeszow.pl\/index.php\/category\/wycieczki\/wycieczki-integracyjne-rok-2025\/\" rel=\"category tag\">Wycieczki integracyjne Rok 2025<\/a> <a href=\"https:\/\/inzynier.rzeszow.pl\/index.php\/category\/z-zycia-izby\/\" rel=\"category tag\">Z \u017cycia izby<\/a>","rttpg_excerpt":"Podkarpacka Okr\u0119gowa Izba In\u017cynier\u00f3w Budownictwa zaprasza czynnych cz\u0142onk\u00f3w wraz z osobami towarzysz\u0105cymi na wycieczk\u0119 do\u00a0WIETNAMU w terminie 28\/29.11.2025 r. &#8211; [&hellip;]","_links":{"self":[{"href":"https:\/\/inzynier.rzeszow.pl\/index.php\/wp-json\/wp\/v2\/posts\/2806","targetHints":{"allow":["GET"]}}],"collection":[{"href":"https:\/\/inzynier.rzeszow.pl\/index.php\/wp-json\/wp\/v2\/posts"}],"about":[{"href":"https:\/\/inzynier.rzeszow.pl\/index.php\/wp-json\/wp\/v2\/types\/post"}],"author":[{"embeddable":true,"href":"https:\/\/inzynier.rzeszow.pl\/index.php\/wp-json\/wp\/v2\/users\/1"}],"replies":[{"embeddable":true,"href":"https:\/\/inzynier.rzeszow.pl\/index.php\/wp-json\/wp\/v2\/comments?post=2806"}],"version-history":[{"count":7,"href":"https:\/\/inzynier.rzeszow.pl\/index.php\/wp-json\/wp\/v2\/posts\/2806\/revisions"}],"predecessor-version":[{"id":2814,"href":"https:\/\/inzynier.rzeszow.pl\/index.php\/wp-json\/wp\/v2\/posts\/2806\/revisions\/2814"}],"wp:featuredmedia":[{"embeddable":true,"href":"https:\/\/inzynier.rzeszow.pl\/index.php\/wp-json\/wp\/v2\/media\/2808"}],"wp:attachment":[{"href":"https:\/\/inzynier.rzeszow.pl\/index.php\/wp-json\/wp\/v2\/media?parent=2806"}],"wp:term":[{"taxonomy":"category","embeddable":true,"href":"https:\/\/inzynier.rzeszow.pl\/index.php\/wp-json\/wp\/v2\/categories?post=2806"},{"taxonomy":"post_tag","embeddable":true,"href":"https:\/\/inzynier.rzeszow.pl\/index.php\/wp-json\/wp\/v2\/tags?post=2806"}],"curies":[{"name":"wp","href":"https:\/\/api.w.org\/{rel}","templated":true}]}}