{"id":2800,"date":"2025-09-28T11:45:54","date_gmt":"2025-09-28T11:45:54","guid":{"rendered":"https:\/\/migracja.inzynier.rzeszow.pl\/?p=2800"},"modified":"2026-01-25T11:47:02","modified_gmt":"2026-01-25T11:47:02","slug":"wyjazd-szlakiem-winnym-na-wegrzech-w-terminie-18-21-09-2025-r","status":"publish","type":"post","link":"https:\/\/inzynier.rzeszow.pl\/index.php\/2025\/09\/28\/wyjazd-szlakiem-winnym-na-wegrzech-w-terminie-18-21-09-2025-r\/","title":{"rendered":"Wyjazd SZLAKIEM WINNYM NA W\u0118GRZECH w terminie 18 \u2013 21.09.2025 r."},"content":{"rendered":"\t\t<div data-elementor-type=\"wp-post\" data-elementor-id=\"2800\" class=\"elementor elementor-2800\" data-elementor-post-type=\"post\">\n\t\t\t\t<div class=\"elementor-element elementor-element-a86bb8d e-flex e-con-boxed e-con e-parent\" data-id=\"a86bb8d\" data-element_type=\"container\" data-e-type=\"container\">\n\t\t\t\t\t<div class=\"e-con-inner\">\n\t\t<div class=\"elementor-element elementor-element-410f3d0 e-con-full e-flex e-con e-child\" data-id=\"410f3d0\" data-element_type=\"container\" data-e-type=\"container\">\n\t\t<div class=\"elementor-element elementor-element-0161690 e-con-full e-flex e-con e-child\" data-id=\"0161690\" data-element_type=\"container\" data-e-type=\"container\">\n\t\t\t\t<div class=\"elementor-element elementor-element-833a258 elementor-widget elementor-widget-image\" data-id=\"833a258\" data-element_type=\"widget\" data-e-type=\"widget\" data-widget_type=\"image.default\">\n\t\t\t\t\t\t\t\t\t\t\t\t\t\t\t<img fetchpriority=\"high\" decoding=\"async\" width=\"1024\" height=\"536\" src=\"https:\/\/inzynier.rzeszow.pl\/wp-content\/uploads\/2025\/09\/obraz_2026-01-25_124626191-1024x536.png\" class=\"attachment-large size-large wp-image-2802\" alt=\"\" srcset=\"https:\/\/inzynier.rzeszow.pl\/wp-content\/uploads\/2025\/09\/obraz_2026-01-25_124626191-1024x536.png 1024w, https:\/\/inzynier.rzeszow.pl\/wp-content\/uploads\/2025\/09\/obraz_2026-01-25_124626191-300x157.png 300w, https:\/\/inzynier.rzeszow.pl\/wp-content\/uploads\/2025\/09\/obraz_2026-01-25_124626191-768x402.png 768w, https:\/\/inzynier.rzeszow.pl\/wp-content\/uploads\/2025\/09\/obraz_2026-01-25_124626191.png 1200w\" sizes=\"(max-width: 1024px) 100vw, 1024px\" \/>\t\t\t\t\t\t\t\t\t\t\t\t\t\t\t<\/div>\n\t\t\t\t<\/div>\n\t\t<div class=\"elementor-element elementor-element-ba0eba7 e-con-full e-flex e-con e-child\" data-id=\"ba0eba7\" data-element_type=\"container\" data-e-type=\"container\">\n\t\t\t\t<div class=\"elementor-element elementor-element-43c5e2f elementor-widget elementor-widget-text-editor\" data-id=\"43c5e2f\" data-element_type=\"widget\" data-e-type=\"widget\" data-widget_type=\"text-editor.default\">\n\t\t\t\t\t\t\t\t\t<p><span style=\"font-weight: 400;\">Podkarpacka Okr\u0119gowa Izba In\u017cynier\u00f3w Budownictwa zaprasza wszystkich cz\u0142onk\u00f3w wraz z osobami towarzysz\u0105cymi na wycieczk\u0119\u00a0<\/span><strong>SZLAKIEM WINNYM NA W\u0118GRZECH<\/strong><span style=\"font-weight: 400;\">, organizowan\u0105 przez BTP Frater.<\/span><\/p><p style=\"font-weight: 400;\"><strong>Nab\u00f3r wniosk\u00f3w do 28.04.2025 r. (poniedzia\u0142ek) lub do wcze\u015bniejszego wyczerpania miejsc.<br \/><\/strong><br \/><strong>Nab\u00f3r wniosk\u00f3w w terminie: od 07.03.2025 r. (pi\u0105tek) do 07.04.2025 r. (poniedzia\u0142ek) lub do wcze\u015bniejszego wyczerpania miejsc.<\/strong><\/p><p style=\"font-weight: 400;\"><strong>TERMIN: 18 &#8211; 21.09.2025 r.<\/strong><\/p>\t\t\t\t\t\t\t\t<\/div>\n\t\t\t\t<\/div>\n\t\t\t\t<\/div>\n\t\t\t\t\t<\/div>\n\t\t\t\t<\/div>\n\t\t<div class=\"elementor-element elementor-element-8f0fe26 e-flex e-con-boxed e-con e-parent\" data-id=\"8f0fe26\" data-element_type=\"container\" data-e-type=\"container\">\n\t\t\t\t\t<div class=\"e-con-inner\">\n\t\t\t\t<div class=\"elementor-element elementor-element-7ea9a2c elementor-widget elementor-widget-text-editor\" data-id=\"7ea9a2c\" data-element_type=\"widget\" data-e-type=\"widget\" data-widget_type=\"text-editor.default\">\n\t\t\t\t\t\t\t\t\t<p style=\"font-weight: 400;\"><strong>CENA*:<br \/><\/strong>&#8211; 1700 PLN + 120 EUR (przy grupie 35 os\u00f3b)<br \/>&#8211; 1580 PLN + 120 EUR przy grupie 40 os\u00f3b)<br \/>&#8211; 1480 PLN + 120 EUR (przy grupie 45 os\u00f3b)<\/p><p style=\"font-weight: 400;\"><strong><a href=\"https:\/\/inzynier.rzeszow.pl\/download\/szkolenie_2025\/Szlakiem_winnym_na_W%C4%99grzech_4dni.pdf\">RAMOWY PROGRAM WYJAZDU &gt;&gt;<\/a>\u00a0:<\/strong><br \/><strong><br \/>DZIE\u0143 1<\/strong><\/p><p style=\"font-weight: 400;\">Zbi\u00f3rka uczestnik\u00f3w i wyjazd z Rzeszowa we wczesnych godzinach porannych. Przejazd do Tokaju &#8211; stolicy tokajskiego regionu winiarskiego, wpisanego w 2002 r. na List\u0119 \u015awiatowego Dziedzictwa Kulturowego i Przyrodniczego UNESCO. Spacer po urokliwym miasteczku &#8211; \u015ar\u00f3dmie\u015bcie Tokaju stanowi niewielki plac Kossutha wraz z fontann\u0105. Nast\u0119pnie degustacja s\u0142ynnego \u201ewina kr\u00f3l\u00f3w&#8221; w jednej z piwnic winnych. Przejazd na obiadokolacj\u0119 i nocleg.<\/p><p style=\"font-weight: 400;\"><strong>DZIE\u0143 2<\/strong><\/p><p style=\"font-weight: 400;\">\u015aniadanie, po kt\u00f3rym przejazd do Szentendre &#8211; zwiedzanie Muzeum Marcepanu, panorama z punktu widokowego. Spacer po miasteczku. Nast\u0119pnie przejazd do Wyszehradu &#8211; \u015bredniowiecznej stolicy kr\u00f3l\u00f3w w\u0119gierskich. Zobaczymy: ruiny kr\u00f3lewskiego pa\u0142acu, cytadele oraz panoram\u0119 doliny Dunaju z pobliskich wzg\u00f3rz. Kolejno udamy si\u0119 do kolebki katolicyzmu na W\u0119grzech i miejsca narodzin \u015bw. Stefana &#8211; Esztergom nad Dunajem. Zwiedzanie najwi\u0119kszej w tym kraju i pi\u0105tej co do wielko\u015bci na \u015bwiecie bazyliki i kr\u00f3tki spacer po mie\u015bcie. Przejazd do miejscowo\u015bci Gyongyospata w regionie Matra. Ten unikalny region charakteryzuje si\u0119 doskona\u0142ymi winami i fascynuj\u0105c\u0105 histori\u0105. Wizyta w winiarni wraz z degustacj\u0105 lokalnego wina. Powr\u00f3t na obiadokolacj\u0119 i nocleg.<\/p><p style=\"font-weight: 400;\"><strong>DZIE\u0143 3<\/strong><\/p><p style=\"font-weight: 400;\">\u015aniadanie. Przejazd do Egeru, zaliczanego do najpi\u0119kniejszych miast barokowych W\u0119gier. Zobaczymy neoklasycystyczn\u0105 bazylik\u0119 z lat 1831-1836, drug\u0105 co do wielko\u015bci na W\u0119grzech. Ponadto zobaczymy tak\u017ce: \u015bredniowieczny zamek obronny, minaret turecki, pa\u0142ac biskupi. Nast\u0119pnie udamy si\u0119 na Termy Egerskie, nale\u017c\u0105ce do najpi\u0119kniejszych na W\u0119grzech. W sk\u0142ad kompleksu na powierzchni ok. 5 ha wchodzi 13 basen\u00f3w, w tym basen kamykowy, basen z ciep\u0142\u0105 wod\u0105, k\u0105piel b\u0142otna w stylu w\u0142oskiego renesansu, p\u00f3\u0142odkryty basen rekreacyjny. Udamy si\u0119 tak\u017ce do \u0142a\u017ani tureckiej znajduj\u0105cej si\u0119 na terenie kompleksu. Wizyta w \u201eDolinie Pi\u0119knej Pani&#8221; &#8211; mo\u017cliwo\u015b\u0107 degustacji i zakupu wina. Eger to mekka winiarskich smakoszy w tej cz\u0119\u015bci Europy, a w Dolinie dzia\u0142a kilkadziesi\u0105t winiarni, kt\u00f3rych wej\u015bcia wbudowane s\u0105 w zbocza otaczaj\u0105cych to miejsce wzg\u00f3rz. Kolejno uroczysta obiadokolacja w w\u0119gierskiej czardzie. Nocleg w Egerze lub okolicy.<\/p><p style=\"font-weight: 400;\"><strong>DZIE\u0143 4<\/strong><\/p><p style=\"font-weight: 400;\">\u015aniadanie. Przejazd do Miszkolca. Spacer po uzdrowiskowej dzielnicy miasta Miszkolc &#8211; Tapolca &#8211; po\u0142o\u017conej w\u015br\u00f3d park\u00f3w i las\u00f3w. Nast\u0119pnie udamy si\u0119 na degustacje wina. Czas wolny. Przejazd do Koszyc &#8211; spacer po Starym Mie\u015bcie, zobaczymy: \u015bredniowieczne mury obronne, zabytkowe kamienice, gotyck\u0105 katedr\u0119 \u015bw. El\u017cbiety, Wie\u017c\u0119 Urbana, kaplic\u0119 \u015bw. Micha\u0142a, Teatr Pa\u0144stwowy, Pos\u0105g Marato\u0144czyka. Wyjazd w drog\u0119 powrotn\u0105. Zako\u0144czenie wycieczki w p\u00f3\u017anych godzinach wieczornych.<\/p><p style=\"font-weight: 400;\"><strong>CENA ZAWIERA:<\/strong><\/p><ul style=\"font-weight: 400;\"><li>komfortowy przejazd na ca\u0142ej trasie<\/li><li>3 noclegi w hotelach**\/ ***, pokoje 2- os. z \u0142azienkami<\/li><li>3 \u015bniadania, 3 obiadokolacje (w tym jedna uroczysta w w\u0119gierskiej czardzie)<\/li><li>opiek\u0119 i informacj\u0119 turystyczn\u0105 pilota<\/li><li>ubezpieczenie KL wraz z nast\u0119pstwem chor\u00f3b przewlek\u0142ych do 20 000 \u20ac i NNW do 15 000 z\u0142, do 10 000 z\u0142 w RP<\/li><li>op\u0142at\u0119 na TFG i TFP<\/li><li>bilety wst\u0119pu, lokalnych przewodnik\u00f3w i inne wydatki programowe<\/li><\/ul><p style=\"font-weight: 400;\"><strong>UWAGI:\u00a0<\/strong><\/p><ul style=\"font-weight: 400;\"><li>program jest ramowy i mo\u017ce ulec drobnym zmianom<\/li><li>dokument niezb\u0119dny: dow\u00f3d osobisty lub paszport<\/li><\/ul><p style=\"font-weight: 400;\"><strong><u>ISTNIEJE MO\u017bLIWO\u015a\u0106 WYKUPIENIA UBEZPIECZENIA OD KOSZT\u00d3W REZYGNACJI.<\/u><\/strong><\/p><p style=\"font-weight: 400;\"><em>Dane dotycz\u0105ce szczeg\u00f3\u0142\u00f3w ubezpieczenia zostan\u0105 przekazane e-mailowo do os\u00f3b zakwalifikowanych do udzia\u0142u w wyje\u017adzie<\/em><\/p><p style=\"font-weight: 400;\"><strong><u>Zach\u0119camy do wyrobienia\u00a0<\/u><\/strong><a href=\"https:\/\/pacjent.gov.pl\/ekuz\"><strong>Europejskiej Karty Ubezpieczenia Zdrowotnego<\/strong><\/a><\/p><p>Dla zainteresowanych wyjazdem informujemy, \u017ce wnioski przyjmowane b\u0119d\u0105<strong>\u00a0do 28.04.2025 r. lub do wcze\u015bniejszego wyczerpania miejsc.<br \/><\/strong><br \/>Dla zainteresowanych wyjazdem informujemy, \u017ce wnioski przyjmowane b\u0119d\u0105\u00a0<strong>od 07.03.2025 r. (pi\u0105tek) do 07.04.2025 r. (poniedzia\u0142ek) lub do wcze\u015bniejszego wyczerpania miejsc.<\/strong><\/p><p style=\"font-weight: 400;\">Decyduje kolejno\u015b\u0107 zg\u0142osze\u0144. Wnioski z\u0142o\u017cone po wyznaczonym terminie nie b\u0119d\u0105 brane pod uwag\u0119.\u00a0<br \/><br \/>Zg\u0142oszenia ch\u0119ci uczestnictwa w wyje\u017adzie (wnioski) prosimy przesy\u0142a\u0107 na druku\u00a0<a href=\"https:\/\/inzynier.rzeszow.pl\/pliki_do_pobrania\/Szkolenia\/wniosek%20o%20dofinansowanie%20wycieczki%20(organizowanej%20lub%20wspolorganizowanej%20przez%20PDK%20OIIB).doc\">wniosek o dofinansowanie wycieczki<\/a>\u00a0(organizowanej przez PDK OIIB) w terminie wy\u017cej opisanym do biura PDK OIIB:<\/p><p style=\"font-weight: 400;\">&#8211; drog\u0105 elektroniczn\u0105 na adres e-mailowy:\u00a0<a href=\"mailto:dofinansowania@inzynier.rzeszow.pl\">dofinansowania@inzynier.rzeszow.pl<\/a><br \/>&#8211; osobi\u015bcie: ul Krakowska 289, pok. 108, tel. 17\u00a0777 64 55.<\/p><p style=\"font-weight: 400;\"><em>Zgodnie Regulaminem wspierania doskonalenia zawodowego ka\u017cdy czynny cz\u0142onek Izby mo\u017ce z\u0142o\u017cy\u0107 wniosek do Komisji Doskonalenia Zawodowego i uzyska\u0107 dofinansowanie do 50% koszt\u00f3w wyjazdu, lecz nie wi\u0119cej ni\u017c 650 z\u0142 w zale\u017cno\u015bci od wykorzystanego ju\u017c w danym roku dofinansowania.<\/em><\/p><p style=\"font-weight: 400;\"><em>Osob\u0119 towarzysz\u0105c\u0105 nale\u017cy zg\u0142asza\u0107 na wniosku wraz z cz\u0142onkiem Izby. Odp\u0142atno\u015b\u0107 za udzia\u0142 os\u00f3b towarzysz\u0105cych nieb\u0119d\u0105cych cz\u0142onkami PDK OIIB wynosi 100% koszt\u00f3w wycieczki.<\/em><\/p><p style=\"font-weight: 400;\"><em>Ponadto:<br \/>W przypadku rezygnacji uczestnika &#8211; cz\u0142onka PDK OIIB po terminie rezygnacji okre\u015blonym przez organizatora wyjazdu i bez wykupienia polisy ubezpieczeniowej &#8211; zwrot koszt\u00f3w w przypadku rezygnacji, uczestnik mo\u017ce na swoje miejsce znale\u017a\u0107 osob\u0119 na zast\u0119pstwo &#8211; cz\u0142onka PDK OIIB.<br \/>Osobie, kt\u00f3ra zast\u0105pi uczestnika przys\u0142uguje dofinansowanie przys\u0142uguj\u0105ce jej na dany rok.<\/em><\/p><p style=\"font-weight: 400;\"><em>Uczestnik, kt\u00f3ry zrezygnowa\u0142 po terminie okre\u015blonym przez organizatora, w kt\u00f3rym mo\u017cna odst\u0105pi\u0107 od udzia\u0142u w wyje\u017adzie, nie wykupi\u0142 polisy ubezpieczeniowej &#8211; zwrot koszt\u00f3w w przypadku rezygnacji i nie znalaz\u0142 osoby &#8211; cz\u0142onka PDK OIIB na zast\u0119pstwo nie otrzymuje zwrotu wp\u0142aconych pieni\u0119dzy tytu\u0142em udzia\u0142u w wyje\u017adzie i traci przyznane dofinansowanie na dany rok.<\/em><\/p><p style=\"font-weight: 400;\"><em>Powy\u017csze informacje dotycz\u0105 r\u00f3wnie\u017c os\u00f3b towarzysz\u0105cych.<\/em><\/p>\t\t\t\t\t\t\t\t<\/div>\n\t\t\t\t\t<\/div>\n\t\t\t\t<\/div>\n\t\t\t\t<\/div>\n\t\t","protected":false},"excerpt":{"rendered":"<p>Podkarpacka Okr\u0119gowa Izba In\u017cynier\u00f3w Budownictwa zaprasza wszystkich cz\u0142onk\u00f3w wraz z osobami towarzysz\u0105cymi na wycieczk\u0119\u00a0SZLAKIEM WINNYM NA W\u0118GRZECH, organizowan\u0105 przez BTP [&hellip;]<\/p>\n","protected":false},"author":1,"featured_media":2802,"comment_status":"closed","ping_status":"closed","sticky":false,"template":"","format":"standard","meta":{"site-sidebar-layout":"default","site-content-layout":"","ast-site-content-layout":"default","site-content-style":"default","site-sidebar-style":"default","ast-global-header-display":"","ast-banner-title-visibility":"","ast-main-header-display":"","ast-hfb-above-header-display":"","ast-hfb-below-header-display":"","ast-hfb-mobile-header-display":"","site-post-title":"","ast-breadcrumbs-content":"","ast-featured-img":"","footer-sml-layout":"","ast-disable-related-posts":"","theme-transparent-header-meta":"","adv-header-id-meta":"","stick-header-meta":"","header-above-stick-meta":"","header-main-stick-meta":"","header-below-stick-meta":"","astra-migrate-meta-layouts":"default","ast-page-background-enabled":"default","ast-page-background-meta":{"desktop":{"background-color":"var(--ast-global-color-5)","background-image":"","background-repeat":"repeat","background-position":"center center","background-size":"auto","background-attachment":"scroll","background-type":"","background-media":"","overlay-type":"","overlay-color":"","overlay-opacity":"","overlay-gradient":""},"tablet":{"background-color":"","background-image":"","background-repeat":"repeat","background-position":"center center","background-size":"auto","background-attachment":"scroll","background-type":"","background-media":"","overlay-type":"","overlay-color":"","overlay-opacity":"","overlay-gradient":""},"mobile":{"background-color":"","background-image":"","background-repeat":"repeat","background-position":"center center","background-size":"auto","background-attachment":"scroll","background-type":"","background-media":"","overlay-type":"","overlay-color":"","overlay-opacity":"","overlay-gradient":""}},"ast-content-background-meta":{"desktop":{"background-color":"var(--ast-global-color-4)","background-image":"","background-repeat":"repeat","background-position":"center center","background-size":"auto","background-attachment":"scroll","background-type":"","background-media":"","overlay-type":"","overlay-color":"","overlay-opacity":"","overlay-gradient":""},"tablet":{"background-color":"var(--ast-global-color-4)","background-image":"","background-repeat":"repeat","background-position":"center center","background-size":"auto","background-attachment":"scroll","background-type":"","background-media":"","overlay-type":"","overlay-color":"","overlay-opacity":"","overlay-gradient":""},"mobile":{"background-color":"var(--ast-global-color-4)","background-image":"","background-repeat":"repeat","background-position":"center center","background-size":"auto","background-attachment":"scroll","background-type":"","background-media":"","overlay-type":"","overlay-color":"","overlay-opacity":"","overlay-gradient":""}},"footnotes":""},"categories":[9,10,16],"tags":[],"class_list":["post-2800","post","type-post","status-publish","format-standard","has-post-thumbnail","hentry","category-wycieczki","category-wycieczki-integracyjne-rok-2025","category-z-zycia-izby"],"yoast_head":"<!-- This site is optimized with the Yoast SEO plugin v27.5 - https:\/\/yoast.com\/product\/yoast-seo-wordpress\/ -->\n<title>Wyjazd SZLAKIEM WINNYM NA W\u0118GRZECH w terminie 18 \u2013 21.09.2025 r. - Podkarpacka Okregowa Izba Inzynierow Budownictwa<\/title>\n<meta name=\"robots\" content=\"index, follow, max-snippet:-1, max-image-preview:large, max-video-preview:-1\" \/>\n<link rel=\"canonical\" href=\"https:\/\/inzynier.rzeszow.pl\/index.php\/2025\/09\/28\/wyjazd-szlakiem-winnym-na-wegrzech-w-terminie-18-21-09-2025-r\/\" \/>\n<meta property=\"og:locale\" content=\"pl_PL\" \/>\n<meta property=\"og:type\" content=\"article\" \/>\n<meta property=\"og:title\" content=\"Wyjazd SZLAKIEM WINNYM NA W\u0118GRZECH w terminie 18 \u2013 21.09.2025 r. - Podkarpacka Okregowa Izba Inzynierow Budownictwa\" \/>\n<meta property=\"og:description\" content=\"Podkarpacka Okr\u0119gowa Izba In\u017cynier\u00f3w Budownictwa zaprasza wszystkich cz\u0142onk\u00f3w wraz z osobami towarzysz\u0105cymi na wycieczk\u0119\u00a0SZLAKIEM WINNYM NA W\u0118GRZECH, organizowan\u0105 przez BTP [&hellip;]\" \/>\n<meta property=\"og:url\" content=\"https:\/\/inzynier.rzeszow.pl\/index.php\/2025\/09\/28\/wyjazd-szlakiem-winnym-na-wegrzech-w-terminie-18-21-09-2025-r\/\" \/>\n<meta property=\"og:site_name\" content=\"Podkarpacka Okregowa Izba Inzynierow Budownictwa\" \/>\n<meta property=\"article:published_time\" content=\"2025-09-28T11:45:54+00:00\" \/>\n<meta property=\"article:modified_time\" content=\"2026-01-25T11:47:02+00:00\" \/>\n<meta property=\"og:image\" content=\"https:\/\/inzynier.rzeszow.pl\/wp-content\/uploads\/2025\/09\/obraz_2026-01-25_124626191.png\" \/>\n\t<meta property=\"og:image:width\" content=\"1200\" \/>\n\t<meta property=\"og:image:height\" content=\"628\" \/>\n\t<meta property=\"og:image:type\" content=\"image\/png\" \/>\n<meta name=\"author\" content=\"admin\" \/>\n<meta name=\"twitter:card\" content=\"summary_large_image\" \/>\n<meta name=\"twitter:label1\" content=\"Napisane przez\" \/>\n\t<meta name=\"twitter:data1\" content=\"admin\" \/>\n\t<meta name=\"twitter:label2\" content=\"Szacowany czas czytania\" \/>\n\t<meta name=\"twitter:data2\" content=\"5 minut\" \/>\n<script type=\"application\/ld+json\" class=\"yoast-schema-graph\">{\"@context\":\"https:\\\/\\\/schema.org\",\"@graph\":[{\"@type\":\"Article\",\"@id\":\"https:\\\/\\\/inzynier.rzeszow.pl\\\/index.php\\\/2025\\\/09\\\/28\\\/wyjazd-szlakiem-winnym-na-wegrzech-w-terminie-18-21-09-2025-r\\\/#article\",\"isPartOf\":{\"@id\":\"https:\\\/\\\/inzynier.rzeszow.pl\\\/index.php\\\/2025\\\/09\\\/28\\\/wyjazd-szlakiem-winnym-na-wegrzech-w-terminie-18-21-09-2025-r\\\/\"},\"author\":{\"name\":\"admin\",\"@id\":\"https:\\\/\\\/inzynier.rzeszow.pl\\\/#\\\/schema\\\/person\\\/21ca162d893bdc5760a95d704e9b1e39\"},\"headline\":\"Wyjazd SZLAKIEM WINNYM NA W\u0118GRZECH w terminie 18 \u2013 21.09.2025 r.\",\"datePublished\":\"2025-09-28T11:45:54+00:00\",\"dateModified\":\"2026-01-25T11:47:02+00:00\",\"mainEntityOfPage\":{\"@id\":\"https:\\\/\\\/inzynier.rzeszow.pl\\\/index.php\\\/2025\\\/09\\\/28\\\/wyjazd-szlakiem-winnym-na-wegrzech-w-terminie-18-21-09-2025-r\\\/\"},\"wordCount\":969,\"image\":{\"@id\":\"https:\\\/\\\/inzynier.rzeszow.pl\\\/index.php\\\/2025\\\/09\\\/28\\\/wyjazd-szlakiem-winnym-na-wegrzech-w-terminie-18-21-09-2025-r\\\/#primaryimage\"},\"thumbnailUrl\":\"https:\\\/\\\/inzynier.rzeszow.pl\\\/wp-content\\\/uploads\\\/2025\\\/09\\\/obraz_2026-01-25_124626191.png\",\"articleSection\":[\"Wycieczki\",\"Wycieczki integracyjne Rok 2025\",\"Z \u017cycia izby\"],\"inLanguage\":\"pl-PL\"},{\"@type\":\"WebPage\",\"@id\":\"https:\\\/\\\/inzynier.rzeszow.pl\\\/index.php\\\/2025\\\/09\\\/28\\\/wyjazd-szlakiem-winnym-na-wegrzech-w-terminie-18-21-09-2025-r\\\/\",\"url\":\"https:\\\/\\\/inzynier.rzeszow.pl\\\/index.php\\\/2025\\\/09\\\/28\\\/wyjazd-szlakiem-winnym-na-wegrzech-w-terminie-18-21-09-2025-r\\\/\",\"name\":\"Wyjazd SZLAKIEM WINNYM NA W\u0118GRZECH w terminie 18 \u2013 21.09.2025 r. - Podkarpacka Okregowa Izba Inzynierow Budownictwa\",\"isPartOf\":{\"@id\":\"https:\\\/\\\/inzynier.rzeszow.pl\\\/#website\"},\"primaryImageOfPage\":{\"@id\":\"https:\\\/\\\/inzynier.rzeszow.pl\\\/index.php\\\/2025\\\/09\\\/28\\\/wyjazd-szlakiem-winnym-na-wegrzech-w-terminie-18-21-09-2025-r\\\/#primaryimage\"},\"image\":{\"@id\":\"https:\\\/\\\/inzynier.rzeszow.pl\\\/index.php\\\/2025\\\/09\\\/28\\\/wyjazd-szlakiem-winnym-na-wegrzech-w-terminie-18-21-09-2025-r\\\/#primaryimage\"},\"thumbnailUrl\":\"https:\\\/\\\/inzynier.rzeszow.pl\\\/wp-content\\\/uploads\\\/2025\\\/09\\\/obraz_2026-01-25_124626191.png\",\"datePublished\":\"2025-09-28T11:45:54+00:00\",\"dateModified\":\"2026-01-25T11:47:02+00:00\",\"author\":{\"@id\":\"https:\\\/\\\/inzynier.rzeszow.pl\\\/#\\\/schema\\\/person\\\/21ca162d893bdc5760a95d704e9b1e39\"},\"breadcrumb\":{\"@id\":\"https:\\\/\\\/inzynier.rzeszow.pl\\\/index.php\\\/2025\\\/09\\\/28\\\/wyjazd-szlakiem-winnym-na-wegrzech-w-terminie-18-21-09-2025-r\\\/#breadcrumb\"},\"inLanguage\":\"pl-PL\",\"potentialAction\":[{\"@type\":\"ReadAction\",\"target\":[\"https:\\\/\\\/inzynier.rzeszow.pl\\\/index.php\\\/2025\\\/09\\\/28\\\/wyjazd-szlakiem-winnym-na-wegrzech-w-terminie-18-21-09-2025-r\\\/\"]}]},{\"@type\":\"ImageObject\",\"inLanguage\":\"pl-PL\",\"@id\":\"https:\\\/\\\/inzynier.rzeszow.pl\\\/index.php\\\/2025\\\/09\\\/28\\\/wyjazd-szlakiem-winnym-na-wegrzech-w-terminie-18-21-09-2025-r\\\/#primaryimage\",\"url\":\"https:\\\/\\\/inzynier.rzeszow.pl\\\/wp-content\\\/uploads\\\/2025\\\/09\\\/obraz_2026-01-25_124626191.png\",\"contentUrl\":\"https:\\\/\\\/inzynier.rzeszow.pl\\\/wp-content\\\/uploads\\\/2025\\\/09\\\/obraz_2026-01-25_124626191.png\",\"width\":1200,\"height\":628},{\"@type\":\"BreadcrumbList\",\"@id\":\"https:\\\/\\\/inzynier.rzeszow.pl\\\/index.php\\\/2025\\\/09\\\/28\\\/wyjazd-szlakiem-winnym-na-wegrzech-w-terminie-18-21-09-2025-r\\\/#breadcrumb\",\"itemListElement\":[{\"@type\":\"ListItem\",\"position\":1,\"name\":\"Strona g\u0142\u00f3wna\",\"item\":\"https:\\\/\\\/inzynier.rzeszow.pl\\\/\"},{\"@type\":\"ListItem\",\"position\":2,\"name\":\"Wyjazd SZLAKIEM WINNYM NA W\u0118GRZECH w terminie 18 \u2013 21.09.2025 r.\"}]},{\"@type\":\"WebSite\",\"@id\":\"https:\\\/\\\/inzynier.rzeszow.pl\\\/#website\",\"url\":\"https:\\\/\\\/inzynier.rzeszow.pl\\\/\",\"name\":\"Podkarpacka Okregowa Izba Inzynierow Budownictwa\",\"description\":\"\",\"potentialAction\":[{\"@type\":\"SearchAction\",\"target\":{\"@type\":\"EntryPoint\",\"urlTemplate\":\"https:\\\/\\\/inzynier.rzeszow.pl\\\/?s={search_term_string}\"},\"query-input\":{\"@type\":\"PropertyValueSpecification\",\"valueRequired\":true,\"valueName\":\"search_term_string\"}}],\"inLanguage\":\"pl-PL\"},{\"@type\":\"Person\",\"@id\":\"https:\\\/\\\/inzynier.rzeszow.pl\\\/#\\\/schema\\\/person\\\/21ca162d893bdc5760a95d704e9b1e39\",\"name\":\"admin\",\"image\":{\"@type\":\"ImageObject\",\"inLanguage\":\"pl-PL\",\"@id\":\"https:\\\/\\\/secure.gravatar.com\\\/avatar\\\/d5d1959f10b94c8abcf928274f8bb5b8c7370b0dfadb0590911bacad18965f21?s=96&d=mm&r=g\",\"url\":\"https:\\\/\\\/secure.gravatar.com\\\/avatar\\\/d5d1959f10b94c8abcf928274f8bb5b8c7370b0dfadb0590911bacad18965f21?s=96&d=mm&r=g\",\"contentUrl\":\"https:\\\/\\\/secure.gravatar.com\\\/avatar\\\/d5d1959f10b94c8abcf928274f8bb5b8c7370b0dfadb0590911bacad18965f21?s=96&d=mm&r=g\",\"caption\":\"admin\"},\"sameAs\":[\"https:\\\/\\\/migracja.inzynier.rzeszow.pl\"],\"url\":\"https:\\\/\\\/inzynier.rzeszow.pl\\\/index.php\\\/author\\\/kwojcik\\\/\"}]}<\/script>\n<!-- \/ Yoast SEO plugin. -->","yoast_head_json":{"title":"Wyjazd SZLAKIEM WINNYM NA W\u0118GRZECH w terminie 18 \u2013 21.09.2025 r. - Podkarpacka Okregowa Izba Inzynierow Budownictwa","robots":{"index":"index","follow":"follow","max-snippet":"max-snippet:-1","max-image-preview":"max-image-preview:large","max-video-preview":"max-video-preview:-1"},"canonical":"https:\/\/inzynier.rzeszow.pl\/index.php\/2025\/09\/28\/wyjazd-szlakiem-winnym-na-wegrzech-w-terminie-18-21-09-2025-r\/","og_locale":"pl_PL","og_type":"article","og_title":"Wyjazd SZLAKIEM WINNYM NA W\u0118GRZECH w terminie 18 \u2013 21.09.2025 r. - Podkarpacka Okregowa Izba Inzynierow Budownictwa","og_description":"Podkarpacka Okr\u0119gowa Izba In\u017cynier\u00f3w Budownictwa zaprasza wszystkich cz\u0142onk\u00f3w wraz z osobami towarzysz\u0105cymi na wycieczk\u0119\u00a0SZLAKIEM WINNYM NA W\u0118GRZECH, organizowan\u0105 przez BTP [&hellip;]","og_url":"https:\/\/inzynier.rzeszow.pl\/index.php\/2025\/09\/28\/wyjazd-szlakiem-winnym-na-wegrzech-w-terminie-18-21-09-2025-r\/","og_site_name":"Podkarpacka Okregowa Izba Inzynierow Budownictwa","article_published_time":"2025-09-28T11:45:54+00:00","article_modified_time":"2026-01-25T11:47:02+00:00","og_image":[{"width":1200,"height":628,"url":"https:\/\/inzynier.rzeszow.pl\/wp-content\/uploads\/2025\/09\/obraz_2026-01-25_124626191.png","type":"image\/png"}],"author":"admin","twitter_card":"summary_large_image","twitter_misc":{"Napisane przez":"admin","Szacowany czas czytania":"5 minut"},"schema":{"@context":"https:\/\/schema.org","@graph":[{"@type":"Article","@id":"https:\/\/inzynier.rzeszow.pl\/index.php\/2025\/09\/28\/wyjazd-szlakiem-winnym-na-wegrzech-w-terminie-18-21-09-2025-r\/#article","isPartOf":{"@id":"https:\/\/inzynier.rzeszow.pl\/index.php\/2025\/09\/28\/wyjazd-szlakiem-winnym-na-wegrzech-w-terminie-18-21-09-2025-r\/"},"author":{"name":"admin","@id":"https:\/\/inzynier.rzeszow.pl\/#\/schema\/person\/21ca162d893bdc5760a95d704e9b1e39"},"headline":"Wyjazd SZLAKIEM WINNYM NA W\u0118GRZECH w terminie 18 \u2013 21.09.2025 r.","datePublished":"2025-09-28T11:45:54+00:00","dateModified":"2026-01-25T11:47:02+00:00","mainEntityOfPage":{"@id":"https:\/\/inzynier.rzeszow.pl\/index.php\/2025\/09\/28\/wyjazd-szlakiem-winnym-na-wegrzech-w-terminie-18-21-09-2025-r\/"},"wordCount":969,"image":{"@id":"https:\/\/inzynier.rzeszow.pl\/index.php\/2025\/09\/28\/wyjazd-szlakiem-winnym-na-wegrzech-w-terminie-18-21-09-2025-r\/#primaryimage"},"thumbnailUrl":"https:\/\/inzynier.rzeszow.pl\/wp-content\/uploads\/2025\/09\/obraz_2026-01-25_124626191.png","articleSection":["Wycieczki","Wycieczki integracyjne Rok 2025","Z \u017cycia izby"],"inLanguage":"pl-PL"},{"@type":"WebPage","@id":"https:\/\/inzynier.rzeszow.pl\/index.php\/2025\/09\/28\/wyjazd-szlakiem-winnym-na-wegrzech-w-terminie-18-21-09-2025-r\/","url":"https:\/\/inzynier.rzeszow.pl\/index.php\/2025\/09\/28\/wyjazd-szlakiem-winnym-na-wegrzech-w-terminie-18-21-09-2025-r\/","name":"Wyjazd SZLAKIEM WINNYM NA W\u0118GRZECH w terminie 18 \u2013 21.09.2025 r. - Podkarpacka Okregowa Izba Inzynierow Budownictwa","isPartOf":{"@id":"https:\/\/inzynier.rzeszow.pl\/#website"},"primaryImageOfPage":{"@id":"https:\/\/inzynier.rzeszow.pl\/index.php\/2025\/09\/28\/wyjazd-szlakiem-winnym-na-wegrzech-w-terminie-18-21-09-2025-r\/#primaryimage"},"image":{"@id":"https:\/\/inzynier.rzeszow.pl\/index.php\/2025\/09\/28\/wyjazd-szlakiem-winnym-na-wegrzech-w-terminie-18-21-09-2025-r\/#primaryimage"},"thumbnailUrl":"https:\/\/inzynier.rzeszow.pl\/wp-content\/uploads\/2025\/09\/obraz_2026-01-25_124626191.png","datePublished":"2025-09-28T11:45:54+00:00","dateModified":"2026-01-25T11:47:02+00:00","author":{"@id":"https:\/\/inzynier.rzeszow.pl\/#\/schema\/person\/21ca162d893bdc5760a95d704e9b1e39"},"breadcrumb":{"@id":"https:\/\/inzynier.rzeszow.pl\/index.php\/2025\/09\/28\/wyjazd-szlakiem-winnym-na-wegrzech-w-terminie-18-21-09-2025-r\/#breadcrumb"},"inLanguage":"pl-PL","potentialAction":[{"@type":"ReadAction","target":["https:\/\/inzynier.rzeszow.pl\/index.php\/2025\/09\/28\/wyjazd-szlakiem-winnym-na-wegrzech-w-terminie-18-21-09-2025-r\/"]}]},{"@type":"ImageObject","inLanguage":"pl-PL","@id":"https:\/\/inzynier.rzeszow.pl\/index.php\/2025\/09\/28\/wyjazd-szlakiem-winnym-na-wegrzech-w-terminie-18-21-09-2025-r\/#primaryimage","url":"https:\/\/inzynier.rzeszow.pl\/wp-content\/uploads\/2025\/09\/obraz_2026-01-25_124626191.png","contentUrl":"https:\/\/inzynier.rzeszow.pl\/wp-content\/uploads\/2025\/09\/obraz_2026-01-25_124626191.png","width":1200,"height":628},{"@type":"BreadcrumbList","@id":"https:\/\/inzynier.rzeszow.pl\/index.php\/2025\/09\/28\/wyjazd-szlakiem-winnym-na-wegrzech-w-terminie-18-21-09-2025-r\/#breadcrumb","itemListElement":[{"@type":"ListItem","position":1,"name":"Strona g\u0142\u00f3wna","item":"https:\/\/inzynier.rzeszow.pl\/"},{"@type":"ListItem","position":2,"name":"Wyjazd SZLAKIEM WINNYM NA W\u0118GRZECH w terminie 18 \u2013 21.09.2025 r."}]},{"@type":"WebSite","@id":"https:\/\/inzynier.rzeszow.pl\/#website","url":"https:\/\/inzynier.rzeszow.pl\/","name":"Podkarpacka Okregowa Izba Inzynierow Budownictwa","description":"","potentialAction":[{"@type":"SearchAction","target":{"@type":"EntryPoint","urlTemplate":"https:\/\/inzynier.rzeszow.pl\/?s={search_term_string}"},"query-input":{"@type":"PropertyValueSpecification","valueRequired":true,"valueName":"search_term_string"}}],"inLanguage":"pl-PL"},{"@type":"Person","@id":"https:\/\/inzynier.rzeszow.pl\/#\/schema\/person\/21ca162d893bdc5760a95d704e9b1e39","name":"admin","image":{"@type":"ImageObject","inLanguage":"pl-PL","@id":"https:\/\/secure.gravatar.com\/avatar\/d5d1959f10b94c8abcf928274f8bb5b8c7370b0dfadb0590911bacad18965f21?s=96&d=mm&r=g","url":"https:\/\/secure.gravatar.com\/avatar\/d5d1959f10b94c8abcf928274f8bb5b8c7370b0dfadb0590911bacad18965f21?s=96&d=mm&r=g","contentUrl":"https:\/\/secure.gravatar.com\/avatar\/d5d1959f10b94c8abcf928274f8bb5b8c7370b0dfadb0590911bacad18965f21?s=96&d=mm&r=g","caption":"admin"},"sameAs":["https:\/\/migracja.inzynier.rzeszow.pl"],"url":"https:\/\/inzynier.rzeszow.pl\/index.php\/author\/kwojcik\/"}]}},"rttpg_featured_image_url":{"full":["https:\/\/inzynier.rzeszow.pl\/wp-content\/uploads\/2025\/09\/obraz_2026-01-25_124626191.png",1200,628,false],"landscape":["https:\/\/inzynier.rzeszow.pl\/wp-content\/uploads\/2025\/09\/obraz_2026-01-25_124626191.png",1200,628,false],"portraits":["https:\/\/inzynier.rzeszow.pl\/wp-content\/uploads\/2025\/09\/obraz_2026-01-25_124626191.png",1200,628,false],"thumbnail":["https:\/\/inzynier.rzeszow.pl\/wp-content\/uploads\/2025\/09\/obraz_2026-01-25_124626191-150x150.png",150,150,true],"medium":["https:\/\/inzynier.rzeszow.pl\/wp-content\/uploads\/2025\/09\/obraz_2026-01-25_124626191-300x157.png",300,157,true],"large":["https:\/\/inzynier.rzeszow.pl\/wp-content\/uploads\/2025\/09\/obraz_2026-01-25_124626191-1024x536.png",1024,536,true],"1536x1536":["https:\/\/inzynier.rzeszow.pl\/wp-content\/uploads\/2025\/09\/obraz_2026-01-25_124626191.png",1200,628,false],"2048x2048":["https:\/\/inzynier.rzeszow.pl\/wp-content\/uploads\/2025\/09\/obraz_2026-01-25_124626191.png",1200,628,false]},"rttpg_author":{"display_name":"admin","author_link":"https:\/\/inzynier.rzeszow.pl\/index.php\/author\/kwojcik\/"},"rttpg_comment":0,"rttpg_category":"<a href=\"https:\/\/inzynier.rzeszow.pl\/index.php\/category\/wycieczki\/\" rel=\"category tag\">Wycieczki<\/a> <a href=\"https:\/\/inzynier.rzeszow.pl\/index.php\/category\/wycieczki\/wycieczki-integracyjne-rok-2025\/\" rel=\"category tag\">Wycieczki integracyjne Rok 2025<\/a> <a href=\"https:\/\/inzynier.rzeszow.pl\/index.php\/category\/z-zycia-izby\/\" rel=\"category tag\">Z \u017cycia izby<\/a>","rttpg_excerpt":"Podkarpacka Okr\u0119gowa Izba In\u017cynier\u00f3w Budownictwa zaprasza wszystkich cz\u0142onk\u00f3w wraz z osobami towarzysz\u0105cymi na wycieczk\u0119\u00a0SZLAKIEM WINNYM NA W\u0118GRZECH, organizowan\u0105 przez BTP [&hellip;]","_links":{"self":[{"href":"https:\/\/inzynier.rzeszow.pl\/index.php\/wp-json\/wp\/v2\/posts\/2800","targetHints":{"allow":["GET"]}}],"collection":[{"href":"https:\/\/inzynier.rzeszow.pl\/index.php\/wp-json\/wp\/v2\/posts"}],"about":[{"href":"https:\/\/inzynier.rzeszow.pl\/index.php\/wp-json\/wp\/v2\/types\/post"}],"author":[{"embeddable":true,"href":"https:\/\/inzynier.rzeszow.pl\/index.php\/wp-json\/wp\/v2\/users\/1"}],"replies":[{"embeddable":true,"href":"https:\/\/inzynier.rzeszow.pl\/index.php\/wp-json\/wp\/v2\/comments?post=2800"}],"version-history":[{"count":4,"href":"https:\/\/inzynier.rzeszow.pl\/index.php\/wp-json\/wp\/v2\/posts\/2800\/revisions"}],"predecessor-version":[{"id":2805,"href":"https:\/\/inzynier.rzeszow.pl\/index.php\/wp-json\/wp\/v2\/posts\/2800\/revisions\/2805"}],"wp:featuredmedia":[{"embeddable":true,"href":"https:\/\/inzynier.rzeszow.pl\/index.php\/wp-json\/wp\/v2\/media\/2802"}],"wp:attachment":[{"href":"https:\/\/inzynier.rzeszow.pl\/index.php\/wp-json\/wp\/v2\/media?parent=2800"}],"wp:term":[{"taxonomy":"category","embeddable":true,"href":"https:\/\/inzynier.rzeszow.pl\/index.php\/wp-json\/wp\/v2\/categories?post=2800"},{"taxonomy":"post_tag","embeddable":true,"href":"https:\/\/inzynier.rzeszow.pl\/index.php\/wp-json\/wp\/v2\/tags?post=2800"}],"curies":[{"name":"wp","href":"https:\/\/api.w.org\/{rel}","templated":true}]}}