{"id":2794,"date":"2025-08-12T11:43:33","date_gmt":"2025-08-12T11:43:33","guid":{"rendered":"https:\/\/migracja.inzynier.rzeszow.pl\/?p=2794"},"modified":"2026-01-25T11:45:03","modified_gmt":"2026-01-25T11:45:03","slug":"wyjazd-barcelona-w-terminie-08-12-10-2025-r","status":"publish","type":"post","link":"https:\/\/inzynier.rzeszow.pl\/index.php\/2025\/08\/12\/wyjazd-barcelona-w-terminie-08-12-10-2025-r\/","title":{"rendered":"Wyjazd BARCELONA w terminie 08 \u2013 12.10.2025 r."},"content":{"rendered":"\t\t<div data-elementor-type=\"wp-post\" data-elementor-id=\"2794\" class=\"elementor elementor-2794\" data-elementor-post-type=\"post\">\n\t\t\t\t<div class=\"elementor-element elementor-element-a86bb8d e-flex e-con-boxed e-con e-parent\" data-id=\"a86bb8d\" data-element_type=\"container\" data-e-type=\"container\">\n\t\t\t\t\t<div class=\"e-con-inner\">\n\t\t<div class=\"elementor-element elementor-element-410f3d0 e-con-full e-flex e-con e-child\" data-id=\"410f3d0\" data-element_type=\"container\" data-e-type=\"container\">\n\t\t<div class=\"elementor-element elementor-element-0161690 e-con-full e-flex e-con e-child\" data-id=\"0161690\" data-element_type=\"container\" data-e-type=\"container\">\n\t\t\t\t<div class=\"elementor-element elementor-element-833a258 elementor-widget elementor-widget-image\" data-id=\"833a258\" data-element_type=\"widget\" data-e-type=\"widget\" data-widget_type=\"image.default\">\n\t\t\t\t\t\t\t\t\t\t\t\t\t\t\t<img fetchpriority=\"high\" decoding=\"async\" width=\"1024\" height=\"536\" src=\"https:\/\/inzynier.rzeszow.pl\/wp-content\/uploads\/2025\/08\/obraz_2026-01-25_124411839-1024x536.png\" class=\"attachment-large size-large wp-image-2796\" alt=\"\" srcset=\"https:\/\/inzynier.rzeszow.pl\/wp-content\/uploads\/2025\/08\/obraz_2026-01-25_124411839-1024x536.png 1024w, https:\/\/inzynier.rzeszow.pl\/wp-content\/uploads\/2025\/08\/obraz_2026-01-25_124411839-300x157.png 300w, https:\/\/inzynier.rzeszow.pl\/wp-content\/uploads\/2025\/08\/obraz_2026-01-25_124411839-768x402.png 768w, https:\/\/inzynier.rzeszow.pl\/wp-content\/uploads\/2025\/08\/obraz_2026-01-25_124411839.png 1200w\" sizes=\"(max-width: 1024px) 100vw, 1024px\" \/>\t\t\t\t\t\t\t\t\t\t\t\t\t\t\t<\/div>\n\t\t\t\t<\/div>\n\t\t<div class=\"elementor-element elementor-element-ba0eba7 e-con-full e-flex e-con e-child\" data-id=\"ba0eba7\" data-element_type=\"container\" data-e-type=\"container\">\n\t\t\t\t<div class=\"elementor-element elementor-element-43c5e2f elementor-widget elementor-widget-text-editor\" data-id=\"43c5e2f\" data-element_type=\"widget\" data-e-type=\"widget\" data-widget_type=\"text-editor.default\">\n\t\t\t\t\t\t\t\t\t<p>Podkarpacka Okr\u0119gowa Izba In\u017cynier\u00f3w Budownictwa zaprasza wszystkich cz\u0142onk\u00f3w wraz z osobami towarzysz\u0105cymi na wycieczk\u0119 do<strong>\u00a0BARCELONY<\/strong>, organizowan\u0105 przez BTP Frater.<\/p><p><span style=\"color: #ff0000;\"><strong>Nab\u00f3r wniosk\u00f3w do<\/strong>\u00a0<strong>22.04.2025 r. (wtorek) lub do wcze\u015bniejszego wyczerpania miejsc (z KONIECZNO\u015aCI\u0104 WP\u0141ATY ZALICZKI w wysoko\u015bci 1 100,00 z\u0142\/os. do dnia 22.04.2025 r.)<\/strong><\/span><\/p><p><strong><span style=\"color: #999999;\">Nab\u00f3r wniosk\u00f3w w terminie: od 07.03.2025 r. (pi\u0105tek) do 21.03.2025 r. (pi\u0105tek) lub do wcze\u015bniejszego wyczerpania miejsc.<\/span><\/strong><\/p><p><strong>TERMIN: 08 &#8211; 12.10.2025 r.<\/strong><\/p>\t\t\t\t\t\t\t\t<\/div>\n\t\t\t\t<\/div>\n\t\t\t\t<\/div>\n\t\t\t\t\t<\/div>\n\t\t\t\t<\/div>\n\t\t<div class=\"elementor-element elementor-element-8f0fe26 e-flex e-con-boxed e-con e-parent\" data-id=\"8f0fe26\" data-element_type=\"container\" data-e-type=\"container\">\n\t\t\t\t\t<div class=\"e-con-inner\">\n\t\t\t\t<div class=\"elementor-element elementor-element-7ea9a2c elementor-widget elementor-widget-text-editor\" data-id=\"7ea9a2c\" data-element_type=\"widget\" data-e-type=\"widget\" data-widget_type=\"text-editor.default\">\n\t\t\t\t\t\t\t\t\t<p style=\"font-weight: 400;\"><strong>CENA*:<\/strong><\/p><p style=\"font-weight: 400;\">&#8211; 4030 PLN + 130 EUR (przy grupie 35 os\u00f3b)<br \/>&#8211; 3840 PLN + 130 EUR przy grupie 40 os\u00f3b)<br \/>&#8211; 3680 PLN + 130 EUR (przy grupie 45 os\u00f3b)<\/p><p style=\"font-weight: 400;\"><strong><a href=\"https:\/\/inzynier.rzeszow.pl\/download\/szkolenie_2025\/Barcelona.pdf\">RAMOWY PROGRAM WYJAZDU &gt;&gt;<\/a><\/strong>:<br \/><strong><br \/>DZIE\u0143 1<\/strong><\/p><p style=\"font-weight: 400;\">Zbi\u00f3rka uczestnik\u00f3w przy ul. Krakowskiej 289, Rzesz\u00f3w i transfer na lotnisko w Krakowie. Przelot do Barcelony. Przejazd na obiadokolacj\u0119 i nocleg na Costa del Maresme.<\/p><p style=\"font-weight: 400;\"><strong>DZIE\u0143 2<\/strong><\/p><p style=\"font-weight: 400;\">\u015aniadanie. Zwiedzanie stolicy Katalonii rozpoczniemy od majestatycznego placu Katalo\u0144skiego i g\u0142\u00f3wnego deptaku &#8211; promenady Rambla, na kt\u00f3rym gromadz\u0105 si\u0119 uliczni arty\u015bci i kt\u00f3ry Victor Hugo nazwa\u0142 najbarwniejsz\u0105 i najciekawsz\u0105 ulic\u0105 Europy. Przejdziemy do kolumny Krzysztofa Kolumba, a nast\u0119pnie w kierunku portu olimpijskiego, nad kt\u00f3rym g\u00f3ruje rze\u017aba sardynki. Wizyta w Muzeum Morskim ze zwiedzaniem szkuneru Santa Eulalia. Po po\u0142udniu udamy si\u0119 do dzielnicy gotyckiej, zachwycaj\u0105cej urokiem niezwykle malowniczych, w\u0105skich, \u015bredniowiecznych uliczek. Zwiedzimy gotyck\u0105 katedr\u0119 \u015bw. Eulalii z XII-XV w. &#8211; jeden z cenniejszych przyk\u0142ad\u00f3w tego stylu w Hiszpanii. Zobaczymy w pobli\u017cu Wielki Pa\u0142ac Kr\u00f3lewski, dawn\u0105 siedzib\u0119 hrabi\u00f3w Barcelony i kr\u00f3l\u00f3w Aragony. Powr\u00f3t na obiadokolacj\u0119 i nocleg.<\/p><p style=\"font-weight: 400;\"><strong>DZIE\u0143 3<\/strong><\/p><p style=\"font-weight: 400;\">\u015aniadanie, po kt\u00f3rym przejazd do Barcelony. Dzie\u0144 przeznaczymy na zapoznanie si\u0119 z arcydzie\u0142ami Antonia Gaudiego. Zwiedzimy dzielnic\u0119 Eixample, gdzie znajduj\u0105 si\u0119 najs\u0142ynniejsze budynki zaprojektowane przez wybitnego architekta. Odwiedzimy park G\u00fcell &#8211; spacer po niepor\u00f3wnywalnym do innych ogrodzie z fantazyjn\u0105 ro\u015blinno\u015bci\u0105 i architektur\u0105 ogrodow\u0105. Zobaczymy tak\u017ce dom, w kt\u00f3rym mieszka\u0142 Gaudi &#8211; obecnie muzeum artysty z licznymi pami\u0105tkami po wielkim tw\u00f3rcy. Nast\u0119pnie podziwia\u0107 b\u0119dziemy najwi\u0119ksze dzie\u0142o artysty \u015bwi\u0105tyni\u0119 Sagrada Familia. Spacer po Passeig de Gracia, przy kt\u00f3rej zobaczymy dalsze obiekty zaprojektowane przez wybitnego artyst\u0119, wpisane na list\u0119 UNESCO: Casa Mil\u00e0, Casa Batllo (z zewn\u0105trz). Kolejnym punktem programu b\u0119dzie przejazd na wzg\u00f3rze Montjuic z kompleksem obiekt\u00f3w kulturalnych i sportowych. Ze wzg\u00f3rza podziwia\u0107 b\u0119dziemy imponuj\u0105cy widok na Barcelon\u0119. Powr\u00f3t na obiadokolacj\u0119 i nocleg.<\/p><p style=\"font-weight: 400;\"><strong>DZIE\u0143 4<\/strong><\/p><p style=\"font-weight: 400;\">\u015aniadanie. Przejazd do Girony, kt\u00f3rej historia si\u0119ga jeszcze czas\u00f3w staro\u017cytnych. Spacer po Starym Mie\u015bcie &#8211; jednej z pi\u0119ciu najlepiej zachowanych star\u00f3wek w ca\u0142ej Hiszpanii, zobaczymy: Plac Katalo\u0144ski (po\u0142o\u017cono nietypowo na szerokim mo\u015bcie nad rzek\u0105), g\u00f3ruj\u0105c\u0105 nad miastem gotyck\u0105 katedr\u0119, \u0142\u0105cz\u0105c\u0105 w sobie r\u00f3\u017cne style architektoniczne, z imponuj\u0105c\u0105 barokow\u0105 fasad\u0105 oraz najwi\u0119ksz\u0105 na \u015bwiecie naw\u0105 g\u0142\u00f3wn\u0105, wczesno roma\u0144ski klasztor Benedyktyn\u00f3w z XII wieku z mieszcz\u0105cym si\u0119 w nim obecnie muzeum archeologicznym, \u201eArabskie \u0141a\u017anie&#8221;, zachwycaj\u0105ce malownicze widoki na rzek\u0119 Onyar. Przejazd do miejscowo\u015bci Blanes. Znajduje si\u0119 tu ogr\u00f3d za\u0142o\u017cony w 1921r. przez Carlosa Fausta. Cz\u0119\u015b\u0107 \u015bcie\u017cek poprowadzona jest tak by podziwia\u0107 cudowne klify oraz turkusowe morze. Przejazd do centrum miasteczka. Kr\u00f3tki spacer promenad\u0105. Powr\u00f3t na obiadokolacj\u0119 i nocleg.<\/p><p style=\"font-weight: 400;\"><strong>DZIE\u0143 5<\/strong><\/p><p style=\"font-weight: 400;\">\u015aniadanie. W zale\u017cno\u015bci od godziny wylotu &#8211; wypoczynek na Costa del Maresme. Przejazd na lotnisko. Przelot powrotny. Transfer do Rzeszowa. Zako\u0144czenie wycieczki.<\/p><p style=\"font-weight: 400;\"><strong>CENA ZAWIERA:<\/strong><\/p><ul style=\"font-weight: 400;\"><li>przelot wraz z op\u0142atami lotniskowymi<\/li><li>transfer z miejsca zbi\u00f3rki na lotnisko i z powrotem<\/li><li>przejazd komfortowym autokarem<\/li><li>4 noclegi w hotelu **\/***, pokoje 2 os. z \u0142azienkami<\/li><li>4 \u015bniadania, 4 obiadokolacje<\/li><li>opiek\u0119 i informacj\u0119 turystyczn\u0105 pilota<\/li><li>ubezpieczenie KL + Assistance wraz z KL chor\u00f3b przewlek\u0142ych do 20 000 \u20ac i NNW do 15000 z\u0142, do 10 000 z\u0142 w RP<\/li><li>bilety wst\u0119pu, op\u0142aty drogowe, wjazdy do miast, parkingi, przewodnik\u00f3w lokalnych i inne wydatki programowe<\/li><li>op\u0142aty na TFG i TFP<\/li><\/ul><p style=\"font-weight: 400;\"><strong>UWAGI:\u00a0<\/strong><\/p><ul style=\"font-weight: 400;\"><li>program jest ramowy i mo\u017ce ulec drobnym zmianom.<\/li><li>niezb\u0119dny dokument: paszport lub dow\u00f3d osobisty<\/li><li>zaliczka w wysoko\u015bci 1100 z\u0142\/os p\u0142atna do 31.03.2025, pozosta\u0142a cz\u0119\u015b\u0107 kwoty p\u0142atna do 08.09.2025<\/li><\/ul><p style=\"font-weight: 400;\"><em>*Koszt wycieczki skalkulowany na podstawie bie\u017c\u0105cych cen linii lotniczych. Cena przelotu mo\u017ce ulec zmianie w terminie zakupu biletu na przelot.<\/em><\/p><p style=\"font-weight: 400;\"><strong><u><br \/>ISTNIEJE MO\u017bLIWO\u015a\u0106 WYKUPIENIA UBEZPIECZENIA OD KOSZT\u00d3W REZYGNACJI.<\/u><\/strong><\/p><p style=\"font-weight: 400;\"><em>Dane dotycz\u0105ce szczeg\u00f3\u0142\u00f3w ubezpieczenia zostan\u0105 przekazane e-mailowo do os\u00f3b zakwalifikowanych do udzia\u0142u w wyje\u017adzie<\/em><\/p><p style=\"font-weight: 400;\"><strong><u>Zach\u0119camy do wyrobienia\u00a0<\/u><\/strong><a href=\"https:\/\/pacjent.gov.pl\/ekuz\"><strong>Europejskiej Karty Ubezpieczenia Zdrowotnego<\/strong><\/a><\/p><p>Dla zainteresowanych wyjazdem informujemy, \u017ce wnioski przyjmowane b\u0119d\u0105<strong>\u00a0do 22.04.2025 r. lub do wcze\u015bniejszego wyczerpania miejsc.<\/strong><\/p><p style=\"font-weight: 400;\">Dla zainteresowanych wyjazdem informujemy, \u017ce wnioski przyjmowane b\u0119d\u0105\u00a0<strong>od 07.03.2025 r. (pi\u0105tek) do 21.03.2025 r. (pi\u0105tek) lub do wcze\u015bniejszego wyczerpania miejsc.<\/strong><\/p><p style=\"font-weight: 400;\">Decyduje kolejno\u015b\u0107 zg\u0142osze\u0144. Wnioski z\u0142o\u017cone po wyznaczonym terminie nie b\u0119d\u0105 brane pod uwag\u0119.\u00a0\u00a0<\/p><p style=\"font-weight: 400;\"><strong>UWAGA!<br \/>W zwi\u0105zku z konieczno\u015bci\u0105 wp\u0142aty zaliczki na poczet rezerwacji informujemy, \u017ce osoby zg\u0142aszaj\u0105ce ch\u0119\u0107 uczestnictwa w wyje\u017adzie zobowi\u0105zane s\u0105 do bezzw\u0142ocznego uiszczenia wp\u0142aty zaliczki na konto PDK OIIB.<\/strong><\/p><p style=\"font-weight: 400;\"><strong>Potwierdzenia wp\u0142aty nale\u017cy z\u0142o\u017cy\u0107 razem z wnioskiem o dofinansowanie wycieczki w terminie do dnia 22.04.2025 r.*<\/strong><br \/><em>*Wnioski z\u0142o\u017cone po terminie oraz wnioski bez potwierdzenia wp\u0142aty nie b\u0119d\u0105 rozpatrywane<\/em><\/p><p style=\"font-weight: 400;\"><strong>Dane do wp\u0142at:<em><br \/><\/em>Podkarpacka Okr\u0119gowa Izba In\u017cynier\u00f3w Budownictwa<br \/>61 1500 1100 1211 0005 2361 0000<br \/>Kwota: 1\u00a0100,00 z\u0142\/osoba<\/strong><\/p><p style=\"font-weight: 400;\"><strong>Tytu\u0142em: Barcelona (zaliczka)<\/strong><br \/><br \/>Zg\u0142oszenia ch\u0119ci uczestnictwa w wyje\u017adzie (wnioski) prosimy przesy\u0142a\u0107 na druku\u00a0<a href=\"https:\/\/inzynier.rzeszow.pl\/pliki_do_pobrania\/Szkolenia\/wniosek%20o%20dofinansowanie%20wycieczki%20(organizowanej%20lub%20wspolorganizowanej%20przez%20PDK%20OIIB).doc\">wniosek o dofinansowanie wycieczki<\/a>\u00a0(organizowanej przez PDK OIIB) w terminie wy\u017cej opisanym do biura PDK OIIB:<\/p><p style=\"font-weight: 400;\">&#8211; drog\u0105 elektroniczn\u0105 na adres e-mailowy:\u00a0<a href=\"mailto:dofinansowania@inzynier.rzeszow.pl\">dofinansowania@inzynier.rzeszow.pl<\/a><br \/>&#8211; osobi\u015bcie: ul Krakowska 289, pok. 108, tel. 17\u00a0777 64 55.<\/p><p style=\"font-weight: 400;\"><em>Zgodnie Regulaminem wspierania doskonalenia zawodowego ka\u017cdy czynny cz\u0142onek Izby mo\u017ce z\u0142o\u017cy\u0107 wniosek do Komisji Doskonalenia Zawodowego i uzyska\u0107 dofinansowanie do 50% koszt\u00f3w wyjazdu, lecz nie wi\u0119cej ni\u017c 650 z\u0142 w zale\u017cno\u015bci od wykorzystanego ju\u017c w danym roku dofinansowania.<\/em><\/p><p style=\"font-weight: 400;\"><em>Osob\u0119 towarzysz\u0105c\u0105 nale\u017cy zg\u0142asza\u0107 na wniosku wraz z cz\u0142onkiem Izby. Odp\u0142atno\u015b\u0107 za udzia\u0142 os\u00f3b towarzysz\u0105cych nieb\u0119d\u0105cych cz\u0142onkami PDK OIIB wynosi 100% koszt\u00f3w wycieczki.<\/em><\/p><p style=\"font-weight: 400;\"><em>Ponadto:<br \/>W przypadku rezygnacji uczestnika &#8211; cz\u0142onka PDK OIIB po terminie rezygnacji okre\u015blonym przez organizatora wyjazdu i bez wykupienia polisy ubezpieczeniowej &#8211; zwrot koszt\u00f3w w przypadku rezygnacji, uczestnik mo\u017ce na swoje miejsce znale\u017a\u0107 osob\u0119 na zast\u0119pstwo &#8211; cz\u0142onka PDK OIIB.<br \/>Osobie, kt\u00f3ra zast\u0105pi uczestnika przys\u0142uguje dofinansowanie przys\u0142uguj\u0105ce jej na dany rok.<\/em><\/p><p style=\"font-weight: 400;\"><em>Uczestnik, kt\u00f3ry zrezygnowa\u0142 po terminie okre\u015blonym przez organizatora, w kt\u00f3rym mo\u017cna odst\u0105pi\u0107 od udzia\u0142u w wyje\u017adzie, nie wykupi\u0142 polisy ubezpieczeniowej &#8211; zwrot koszt\u00f3w w przypadku rezygnacji i nie znalaz\u0142 osoby &#8211; cz\u0142onka PDK OIIB na zast\u0119pstwo nie otrzymuje zwrotu wp\u0142aconych pieni\u0119dzy tytu\u0142em udzia\u0142u w wyje\u017adzie i traci przyznane dofinansowanie na dany rok.<\/em><\/p><p style=\"font-weight: 400;\"><em>Powy\u017csze informacje dotycz\u0105 r\u00f3wnie\u017c os\u00f3b towarzysz\u0105cych.<\/em><\/p>\t\t\t\t\t\t\t\t<\/div>\n\t\t\t\t\t<\/div>\n\t\t\t\t<\/div>\n\t\t\t\t<\/div>\n\t\t","protected":false},"excerpt":{"rendered":"<p>Podkarpacka Okr\u0119gowa Izba In\u017cynier\u00f3w Budownictwa zaprasza wszystkich cz\u0142onk\u00f3w wraz z osobami towarzysz\u0105cymi na wycieczk\u0119 do\u00a0BARCELONY, organizowan\u0105 przez BTP Frater. Nab\u00f3r [&hellip;]<\/p>\n","protected":false},"author":1,"featured_media":2796,"comment_status":"closed","ping_status":"closed","sticky":false,"template":"","format":"standard","meta":{"site-sidebar-layout":"default","site-content-layout":"","ast-site-content-layout":"default","site-content-style":"default","site-sidebar-style":"default","ast-global-header-display":"","ast-banner-title-visibility":"","ast-main-header-display":"","ast-hfb-above-header-display":"","ast-hfb-below-header-display":"","ast-hfb-mobile-header-display":"","site-post-title":"","ast-breadcrumbs-content":"","ast-featured-img":"","footer-sml-layout":"","ast-disable-related-posts":"","theme-transparent-header-meta":"","adv-header-id-meta":"","stick-header-meta":"","header-above-stick-meta":"","header-main-stick-meta":"","header-below-stick-meta":"","astra-migrate-meta-layouts":"default","ast-page-background-enabled":"default","ast-page-background-meta":{"desktop":{"background-color":"var(--ast-global-color-5)","background-image":"","background-repeat":"repeat","background-position":"center center","background-size":"auto","background-attachment":"scroll","background-type":"","background-media":"","overlay-type":"","overlay-color":"","overlay-opacity":"","overlay-gradient":""},"tablet":{"background-color":"","background-image":"","background-repeat":"repeat","background-position":"center center","background-size":"auto","background-attachment":"scroll","background-type":"","background-media":"","overlay-type":"","overlay-color":"","overlay-opacity":"","overlay-gradient":""},"mobile":{"background-color":"","background-image":"","background-repeat":"repeat","background-position":"center center","background-size":"auto","background-attachment":"scroll","background-type":"","background-media":"","overlay-type":"","overlay-color":"","overlay-opacity":"","overlay-gradient":""}},"ast-content-background-meta":{"desktop":{"background-color":"var(--ast-global-color-4)","background-image":"","background-repeat":"repeat","background-position":"center center","background-size":"auto","background-attachment":"scroll","background-type":"","background-media":"","overlay-type":"","overlay-color":"","overlay-opacity":"","overlay-gradient":""},"tablet":{"background-color":"var(--ast-global-color-4)","background-image":"","background-repeat":"repeat","background-position":"center center","background-size":"auto","background-attachment":"scroll","background-type":"","background-media":"","overlay-type":"","overlay-color":"","overlay-opacity":"","overlay-gradient":""},"mobile":{"background-color":"var(--ast-global-color-4)","background-image":"","background-repeat":"repeat","background-position":"center center","background-size":"auto","background-attachment":"scroll","background-type":"","background-media":"","overlay-type":"","overlay-color":"","overlay-opacity":"","overlay-gradient":""}},"footnotes":""},"categories":[9,10,16],"tags":[],"class_list":["post-2794","post","type-post","status-publish","format-standard","has-post-thumbnail","hentry","category-wycieczki","category-wycieczki-integracyjne-rok-2025","category-z-zycia-izby"],"yoast_head":"<!-- This site is optimized with the Yoast SEO plugin v27.5 - https:\/\/yoast.com\/product\/yoast-seo-wordpress\/ -->\n<title>Wyjazd BARCELONA w terminie 08 \u2013 12.10.2025 r. - Podkarpacka Okregowa Izba Inzynierow Budownictwa<\/title>\n<meta name=\"robots\" content=\"index, follow, max-snippet:-1, max-image-preview:large, max-video-preview:-1\" \/>\n<link rel=\"canonical\" href=\"https:\/\/inzynier.rzeszow.pl\/index.php\/2025\/08\/12\/wyjazd-barcelona-w-terminie-08-12-10-2025-r\/\" \/>\n<meta property=\"og:locale\" content=\"pl_PL\" \/>\n<meta property=\"og:type\" content=\"article\" \/>\n<meta property=\"og:title\" content=\"Wyjazd BARCELONA w terminie 08 \u2013 12.10.2025 r. - Podkarpacka Okregowa Izba Inzynierow Budownictwa\" \/>\n<meta property=\"og:description\" content=\"Podkarpacka Okr\u0119gowa Izba In\u017cynier\u00f3w Budownictwa zaprasza wszystkich cz\u0142onk\u00f3w wraz z osobami towarzysz\u0105cymi na wycieczk\u0119 do\u00a0BARCELONY, organizowan\u0105 przez BTP Frater. Nab\u00f3r [&hellip;]\" \/>\n<meta property=\"og:url\" content=\"https:\/\/inzynier.rzeszow.pl\/index.php\/2025\/08\/12\/wyjazd-barcelona-w-terminie-08-12-10-2025-r\/\" \/>\n<meta property=\"og:site_name\" content=\"Podkarpacka Okregowa Izba Inzynierow Budownictwa\" \/>\n<meta property=\"article:published_time\" content=\"2025-08-12T11:43:33+00:00\" \/>\n<meta property=\"article:modified_time\" content=\"2026-01-25T11:45:03+00:00\" \/>\n<meta property=\"og:image\" content=\"https:\/\/inzynier.rzeszow.pl\/wp-content\/uploads\/2025\/08\/obraz_2026-01-25_124411839.png\" \/>\n\t<meta property=\"og:image:width\" content=\"1200\" \/>\n\t<meta property=\"og:image:height\" content=\"628\" \/>\n\t<meta property=\"og:image:type\" content=\"image\/png\" \/>\n<meta name=\"author\" content=\"admin\" \/>\n<meta name=\"twitter:card\" content=\"summary_large_image\" \/>\n<meta name=\"twitter:label1\" content=\"Napisane przez\" \/>\n\t<meta name=\"twitter:data1\" content=\"admin\" \/>\n\t<meta name=\"twitter:label2\" content=\"Szacowany czas czytania\" \/>\n\t<meta name=\"twitter:data2\" content=\"6 minut\" \/>\n<script type=\"application\/ld+json\" class=\"yoast-schema-graph\">{\"@context\":\"https:\\\/\\\/schema.org\",\"@graph\":[{\"@type\":\"Article\",\"@id\":\"https:\\\/\\\/inzynier.rzeszow.pl\\\/index.php\\\/2025\\\/08\\\/12\\\/wyjazd-barcelona-w-terminie-08-12-10-2025-r\\\/#article\",\"isPartOf\":{\"@id\":\"https:\\\/\\\/inzynier.rzeszow.pl\\\/index.php\\\/2025\\\/08\\\/12\\\/wyjazd-barcelona-w-terminie-08-12-10-2025-r\\\/\"},\"author\":{\"name\":\"admin\",\"@id\":\"https:\\\/\\\/inzynier.rzeszow.pl\\\/#\\\/schema\\\/person\\\/21ca162d893bdc5760a95d704e9b1e39\"},\"headline\":\"Wyjazd BARCELONA w terminie 08 \u2013 12.10.2025 r.\",\"datePublished\":\"2025-08-12T11:43:33+00:00\",\"dateModified\":\"2026-01-25T11:45:03+00:00\",\"mainEntityOfPage\":{\"@id\":\"https:\\\/\\\/inzynier.rzeszow.pl\\\/index.php\\\/2025\\\/08\\\/12\\\/wyjazd-barcelona-w-terminie-08-12-10-2025-r\\\/\"},\"wordCount\":1166,\"image\":{\"@id\":\"https:\\\/\\\/inzynier.rzeszow.pl\\\/index.php\\\/2025\\\/08\\\/12\\\/wyjazd-barcelona-w-terminie-08-12-10-2025-r\\\/#primaryimage\"},\"thumbnailUrl\":\"https:\\\/\\\/inzynier.rzeszow.pl\\\/wp-content\\\/uploads\\\/2025\\\/08\\\/obraz_2026-01-25_124411839.png\",\"articleSection\":[\"Wycieczki\",\"Wycieczki integracyjne Rok 2025\",\"Z \u017cycia izby\"],\"inLanguage\":\"pl-PL\"},{\"@type\":\"WebPage\",\"@id\":\"https:\\\/\\\/inzynier.rzeszow.pl\\\/index.php\\\/2025\\\/08\\\/12\\\/wyjazd-barcelona-w-terminie-08-12-10-2025-r\\\/\",\"url\":\"https:\\\/\\\/inzynier.rzeszow.pl\\\/index.php\\\/2025\\\/08\\\/12\\\/wyjazd-barcelona-w-terminie-08-12-10-2025-r\\\/\",\"name\":\"Wyjazd BARCELONA w terminie 08 \u2013 12.10.2025 r. - Podkarpacka Okregowa Izba Inzynierow Budownictwa\",\"isPartOf\":{\"@id\":\"https:\\\/\\\/inzynier.rzeszow.pl\\\/#website\"},\"primaryImageOfPage\":{\"@id\":\"https:\\\/\\\/inzynier.rzeszow.pl\\\/index.php\\\/2025\\\/08\\\/12\\\/wyjazd-barcelona-w-terminie-08-12-10-2025-r\\\/#primaryimage\"},\"image\":{\"@id\":\"https:\\\/\\\/inzynier.rzeszow.pl\\\/index.php\\\/2025\\\/08\\\/12\\\/wyjazd-barcelona-w-terminie-08-12-10-2025-r\\\/#primaryimage\"},\"thumbnailUrl\":\"https:\\\/\\\/inzynier.rzeszow.pl\\\/wp-content\\\/uploads\\\/2025\\\/08\\\/obraz_2026-01-25_124411839.png\",\"datePublished\":\"2025-08-12T11:43:33+00:00\",\"dateModified\":\"2026-01-25T11:45:03+00:00\",\"author\":{\"@id\":\"https:\\\/\\\/inzynier.rzeszow.pl\\\/#\\\/schema\\\/person\\\/21ca162d893bdc5760a95d704e9b1e39\"},\"breadcrumb\":{\"@id\":\"https:\\\/\\\/inzynier.rzeszow.pl\\\/index.php\\\/2025\\\/08\\\/12\\\/wyjazd-barcelona-w-terminie-08-12-10-2025-r\\\/#breadcrumb\"},\"inLanguage\":\"pl-PL\",\"potentialAction\":[{\"@type\":\"ReadAction\",\"target\":[\"https:\\\/\\\/inzynier.rzeszow.pl\\\/index.php\\\/2025\\\/08\\\/12\\\/wyjazd-barcelona-w-terminie-08-12-10-2025-r\\\/\"]}]},{\"@type\":\"ImageObject\",\"inLanguage\":\"pl-PL\",\"@id\":\"https:\\\/\\\/inzynier.rzeszow.pl\\\/index.php\\\/2025\\\/08\\\/12\\\/wyjazd-barcelona-w-terminie-08-12-10-2025-r\\\/#primaryimage\",\"url\":\"https:\\\/\\\/inzynier.rzeszow.pl\\\/wp-content\\\/uploads\\\/2025\\\/08\\\/obraz_2026-01-25_124411839.png\",\"contentUrl\":\"https:\\\/\\\/inzynier.rzeszow.pl\\\/wp-content\\\/uploads\\\/2025\\\/08\\\/obraz_2026-01-25_124411839.png\",\"width\":1200,\"height\":628},{\"@type\":\"BreadcrumbList\",\"@id\":\"https:\\\/\\\/inzynier.rzeszow.pl\\\/index.php\\\/2025\\\/08\\\/12\\\/wyjazd-barcelona-w-terminie-08-12-10-2025-r\\\/#breadcrumb\",\"itemListElement\":[{\"@type\":\"ListItem\",\"position\":1,\"name\":\"Strona g\u0142\u00f3wna\",\"item\":\"https:\\\/\\\/inzynier.rzeszow.pl\\\/\"},{\"@type\":\"ListItem\",\"position\":2,\"name\":\"Wyjazd BARCELONA w terminie 08 \u2013 12.10.2025 r.\"}]},{\"@type\":\"WebSite\",\"@id\":\"https:\\\/\\\/inzynier.rzeszow.pl\\\/#website\",\"url\":\"https:\\\/\\\/inzynier.rzeszow.pl\\\/\",\"name\":\"Podkarpacka Okregowa Izba Inzynierow Budownictwa\",\"description\":\"\",\"potentialAction\":[{\"@type\":\"SearchAction\",\"target\":{\"@type\":\"EntryPoint\",\"urlTemplate\":\"https:\\\/\\\/inzynier.rzeszow.pl\\\/?s={search_term_string}\"},\"query-input\":{\"@type\":\"PropertyValueSpecification\",\"valueRequired\":true,\"valueName\":\"search_term_string\"}}],\"inLanguage\":\"pl-PL\"},{\"@type\":\"Person\",\"@id\":\"https:\\\/\\\/inzynier.rzeszow.pl\\\/#\\\/schema\\\/person\\\/21ca162d893bdc5760a95d704e9b1e39\",\"name\":\"admin\",\"image\":{\"@type\":\"ImageObject\",\"inLanguage\":\"pl-PL\",\"@id\":\"https:\\\/\\\/secure.gravatar.com\\\/avatar\\\/d5d1959f10b94c8abcf928274f8bb5b8c7370b0dfadb0590911bacad18965f21?s=96&d=mm&r=g\",\"url\":\"https:\\\/\\\/secure.gravatar.com\\\/avatar\\\/d5d1959f10b94c8abcf928274f8bb5b8c7370b0dfadb0590911bacad18965f21?s=96&d=mm&r=g\",\"contentUrl\":\"https:\\\/\\\/secure.gravatar.com\\\/avatar\\\/d5d1959f10b94c8abcf928274f8bb5b8c7370b0dfadb0590911bacad18965f21?s=96&d=mm&r=g\",\"caption\":\"admin\"},\"sameAs\":[\"https:\\\/\\\/migracja.inzynier.rzeszow.pl\"],\"url\":\"https:\\\/\\\/inzynier.rzeszow.pl\\\/index.php\\\/author\\\/kwojcik\\\/\"}]}<\/script>\n<!-- \/ Yoast SEO plugin. -->","yoast_head_json":{"title":"Wyjazd BARCELONA w terminie 08 \u2013 12.10.2025 r. - Podkarpacka Okregowa Izba Inzynierow Budownictwa","robots":{"index":"index","follow":"follow","max-snippet":"max-snippet:-1","max-image-preview":"max-image-preview:large","max-video-preview":"max-video-preview:-1"},"canonical":"https:\/\/inzynier.rzeszow.pl\/index.php\/2025\/08\/12\/wyjazd-barcelona-w-terminie-08-12-10-2025-r\/","og_locale":"pl_PL","og_type":"article","og_title":"Wyjazd BARCELONA w terminie 08 \u2013 12.10.2025 r. - Podkarpacka Okregowa Izba Inzynierow Budownictwa","og_description":"Podkarpacka Okr\u0119gowa Izba In\u017cynier\u00f3w Budownictwa zaprasza wszystkich cz\u0142onk\u00f3w wraz z osobami towarzysz\u0105cymi na wycieczk\u0119 do\u00a0BARCELONY, organizowan\u0105 przez BTP Frater. Nab\u00f3r [&hellip;]","og_url":"https:\/\/inzynier.rzeszow.pl\/index.php\/2025\/08\/12\/wyjazd-barcelona-w-terminie-08-12-10-2025-r\/","og_site_name":"Podkarpacka Okregowa Izba Inzynierow Budownictwa","article_published_time":"2025-08-12T11:43:33+00:00","article_modified_time":"2026-01-25T11:45:03+00:00","og_image":[{"width":1200,"height":628,"url":"https:\/\/inzynier.rzeszow.pl\/wp-content\/uploads\/2025\/08\/obraz_2026-01-25_124411839.png","type":"image\/png"}],"author":"admin","twitter_card":"summary_large_image","twitter_misc":{"Napisane przez":"admin","Szacowany czas czytania":"6 minut"},"schema":{"@context":"https:\/\/schema.org","@graph":[{"@type":"Article","@id":"https:\/\/inzynier.rzeszow.pl\/index.php\/2025\/08\/12\/wyjazd-barcelona-w-terminie-08-12-10-2025-r\/#article","isPartOf":{"@id":"https:\/\/inzynier.rzeszow.pl\/index.php\/2025\/08\/12\/wyjazd-barcelona-w-terminie-08-12-10-2025-r\/"},"author":{"name":"admin","@id":"https:\/\/inzynier.rzeszow.pl\/#\/schema\/person\/21ca162d893bdc5760a95d704e9b1e39"},"headline":"Wyjazd BARCELONA w terminie 08 \u2013 12.10.2025 r.","datePublished":"2025-08-12T11:43:33+00:00","dateModified":"2026-01-25T11:45:03+00:00","mainEntityOfPage":{"@id":"https:\/\/inzynier.rzeszow.pl\/index.php\/2025\/08\/12\/wyjazd-barcelona-w-terminie-08-12-10-2025-r\/"},"wordCount":1166,"image":{"@id":"https:\/\/inzynier.rzeszow.pl\/index.php\/2025\/08\/12\/wyjazd-barcelona-w-terminie-08-12-10-2025-r\/#primaryimage"},"thumbnailUrl":"https:\/\/inzynier.rzeszow.pl\/wp-content\/uploads\/2025\/08\/obraz_2026-01-25_124411839.png","articleSection":["Wycieczki","Wycieczki integracyjne Rok 2025","Z \u017cycia izby"],"inLanguage":"pl-PL"},{"@type":"WebPage","@id":"https:\/\/inzynier.rzeszow.pl\/index.php\/2025\/08\/12\/wyjazd-barcelona-w-terminie-08-12-10-2025-r\/","url":"https:\/\/inzynier.rzeszow.pl\/index.php\/2025\/08\/12\/wyjazd-barcelona-w-terminie-08-12-10-2025-r\/","name":"Wyjazd BARCELONA w terminie 08 \u2013 12.10.2025 r. - Podkarpacka Okregowa Izba Inzynierow Budownictwa","isPartOf":{"@id":"https:\/\/inzynier.rzeszow.pl\/#website"},"primaryImageOfPage":{"@id":"https:\/\/inzynier.rzeszow.pl\/index.php\/2025\/08\/12\/wyjazd-barcelona-w-terminie-08-12-10-2025-r\/#primaryimage"},"image":{"@id":"https:\/\/inzynier.rzeszow.pl\/index.php\/2025\/08\/12\/wyjazd-barcelona-w-terminie-08-12-10-2025-r\/#primaryimage"},"thumbnailUrl":"https:\/\/inzynier.rzeszow.pl\/wp-content\/uploads\/2025\/08\/obraz_2026-01-25_124411839.png","datePublished":"2025-08-12T11:43:33+00:00","dateModified":"2026-01-25T11:45:03+00:00","author":{"@id":"https:\/\/inzynier.rzeszow.pl\/#\/schema\/person\/21ca162d893bdc5760a95d704e9b1e39"},"breadcrumb":{"@id":"https:\/\/inzynier.rzeszow.pl\/index.php\/2025\/08\/12\/wyjazd-barcelona-w-terminie-08-12-10-2025-r\/#breadcrumb"},"inLanguage":"pl-PL","potentialAction":[{"@type":"ReadAction","target":["https:\/\/inzynier.rzeszow.pl\/index.php\/2025\/08\/12\/wyjazd-barcelona-w-terminie-08-12-10-2025-r\/"]}]},{"@type":"ImageObject","inLanguage":"pl-PL","@id":"https:\/\/inzynier.rzeszow.pl\/index.php\/2025\/08\/12\/wyjazd-barcelona-w-terminie-08-12-10-2025-r\/#primaryimage","url":"https:\/\/inzynier.rzeszow.pl\/wp-content\/uploads\/2025\/08\/obraz_2026-01-25_124411839.png","contentUrl":"https:\/\/inzynier.rzeszow.pl\/wp-content\/uploads\/2025\/08\/obraz_2026-01-25_124411839.png","width":1200,"height":628},{"@type":"BreadcrumbList","@id":"https:\/\/inzynier.rzeszow.pl\/index.php\/2025\/08\/12\/wyjazd-barcelona-w-terminie-08-12-10-2025-r\/#breadcrumb","itemListElement":[{"@type":"ListItem","position":1,"name":"Strona g\u0142\u00f3wna","item":"https:\/\/inzynier.rzeszow.pl\/"},{"@type":"ListItem","position":2,"name":"Wyjazd BARCELONA w terminie 08 \u2013 12.10.2025 r."}]},{"@type":"WebSite","@id":"https:\/\/inzynier.rzeszow.pl\/#website","url":"https:\/\/inzynier.rzeszow.pl\/","name":"Podkarpacka Okregowa Izba Inzynierow Budownictwa","description":"","potentialAction":[{"@type":"SearchAction","target":{"@type":"EntryPoint","urlTemplate":"https:\/\/inzynier.rzeszow.pl\/?s={search_term_string}"},"query-input":{"@type":"PropertyValueSpecification","valueRequired":true,"valueName":"search_term_string"}}],"inLanguage":"pl-PL"},{"@type":"Person","@id":"https:\/\/inzynier.rzeszow.pl\/#\/schema\/person\/21ca162d893bdc5760a95d704e9b1e39","name":"admin","image":{"@type":"ImageObject","inLanguage":"pl-PL","@id":"https:\/\/secure.gravatar.com\/avatar\/d5d1959f10b94c8abcf928274f8bb5b8c7370b0dfadb0590911bacad18965f21?s=96&d=mm&r=g","url":"https:\/\/secure.gravatar.com\/avatar\/d5d1959f10b94c8abcf928274f8bb5b8c7370b0dfadb0590911bacad18965f21?s=96&d=mm&r=g","contentUrl":"https:\/\/secure.gravatar.com\/avatar\/d5d1959f10b94c8abcf928274f8bb5b8c7370b0dfadb0590911bacad18965f21?s=96&d=mm&r=g","caption":"admin"},"sameAs":["https:\/\/migracja.inzynier.rzeszow.pl"],"url":"https:\/\/inzynier.rzeszow.pl\/index.php\/author\/kwojcik\/"}]}},"rttpg_featured_image_url":{"full":["https:\/\/inzynier.rzeszow.pl\/wp-content\/uploads\/2025\/08\/obraz_2026-01-25_124411839.png",1200,628,false],"landscape":["https:\/\/inzynier.rzeszow.pl\/wp-content\/uploads\/2025\/08\/obraz_2026-01-25_124411839.png",1200,628,false],"portraits":["https:\/\/inzynier.rzeszow.pl\/wp-content\/uploads\/2025\/08\/obraz_2026-01-25_124411839.png",1200,628,false],"thumbnail":["https:\/\/inzynier.rzeszow.pl\/wp-content\/uploads\/2025\/08\/obraz_2026-01-25_124411839-150x150.png",150,150,true],"medium":["https:\/\/inzynier.rzeszow.pl\/wp-content\/uploads\/2025\/08\/obraz_2026-01-25_124411839-300x157.png",300,157,true],"large":["https:\/\/inzynier.rzeszow.pl\/wp-content\/uploads\/2025\/08\/obraz_2026-01-25_124411839-1024x536.png",1024,536,true],"1536x1536":["https:\/\/inzynier.rzeszow.pl\/wp-content\/uploads\/2025\/08\/obraz_2026-01-25_124411839.png",1200,628,false],"2048x2048":["https:\/\/inzynier.rzeszow.pl\/wp-content\/uploads\/2025\/08\/obraz_2026-01-25_124411839.png",1200,628,false]},"rttpg_author":{"display_name":"admin","author_link":"https:\/\/inzynier.rzeszow.pl\/index.php\/author\/kwojcik\/"},"rttpg_comment":0,"rttpg_category":"<a href=\"https:\/\/inzynier.rzeszow.pl\/index.php\/category\/wycieczki\/\" rel=\"category tag\">Wycieczki<\/a> <a href=\"https:\/\/inzynier.rzeszow.pl\/index.php\/category\/wycieczki\/wycieczki-integracyjne-rok-2025\/\" rel=\"category tag\">Wycieczki integracyjne Rok 2025<\/a> <a href=\"https:\/\/inzynier.rzeszow.pl\/index.php\/category\/z-zycia-izby\/\" rel=\"category tag\">Z \u017cycia izby<\/a>","rttpg_excerpt":"Podkarpacka Okr\u0119gowa Izba In\u017cynier\u00f3w Budownictwa zaprasza wszystkich cz\u0142onk\u00f3w wraz z osobami towarzysz\u0105cymi na wycieczk\u0119 do\u00a0BARCELONY, organizowan\u0105 przez BTP Frater. Nab\u00f3r [&hellip;]","_links":{"self":[{"href":"https:\/\/inzynier.rzeszow.pl\/index.php\/wp-json\/wp\/v2\/posts\/2794","targetHints":{"allow":["GET"]}}],"collection":[{"href":"https:\/\/inzynier.rzeszow.pl\/index.php\/wp-json\/wp\/v2\/posts"}],"about":[{"href":"https:\/\/inzynier.rzeszow.pl\/index.php\/wp-json\/wp\/v2\/types\/post"}],"author":[{"embeddable":true,"href":"https:\/\/inzynier.rzeszow.pl\/index.php\/wp-json\/wp\/v2\/users\/1"}],"replies":[{"embeddable":true,"href":"https:\/\/inzynier.rzeszow.pl\/index.php\/wp-json\/wp\/v2\/comments?post=2794"}],"version-history":[{"count":4,"href":"https:\/\/inzynier.rzeszow.pl\/index.php\/wp-json\/wp\/v2\/posts\/2794\/revisions"}],"predecessor-version":[{"id":2799,"href":"https:\/\/inzynier.rzeszow.pl\/index.php\/wp-json\/wp\/v2\/posts\/2794\/revisions\/2799"}],"wp:featuredmedia":[{"embeddable":true,"href":"https:\/\/inzynier.rzeszow.pl\/index.php\/wp-json\/wp\/v2\/media\/2796"}],"wp:attachment":[{"href":"https:\/\/inzynier.rzeszow.pl\/index.php\/wp-json\/wp\/v2\/media?parent=2794"}],"wp:term":[{"taxonomy":"category","embeddable":true,"href":"https:\/\/inzynier.rzeszow.pl\/index.php\/wp-json\/wp\/v2\/categories?post=2794"},{"taxonomy":"post_tag","embeddable":true,"href":"https:\/\/inzynier.rzeszow.pl\/index.php\/wp-json\/wp\/v2\/tags?post=2794"}],"curies":[{"name":"wp","href":"https:\/\/api.w.org\/{rel}","templated":true}]}}