{"id":2782,"date":"2025-08-25T13:39:42","date_gmt":"2025-08-25T13:39:42","guid":{"rendered":"https:\/\/migracja.inzynier.rzeszow.pl\/?p=2782"},"modified":"2026-01-25T11:41:05","modified_gmt":"2026-01-25T11:41:05","slug":"wyjazd-sanatoryjny-swierkowy-zdroj-medical-spa-w-rymanowie-zdroju-18-09-01-10-2025-r","status":"publish","type":"post","link":"https:\/\/inzynier.rzeszow.pl\/index.php\/2025\/08\/25\/wyjazd-sanatoryjny-swierkowy-zdroj-medical-spa-w-rymanowie-zdroju-18-09-01-10-2025-r\/","title":{"rendered":"Wyjazd sanatoryjny \u015awierkowy Zdr\u00f3j Medical Spa w Rymanowie Zdroju &#8211; 18.09-01.10.2025 r."},"content":{"rendered":"\t\t<div data-elementor-type=\"wp-post\" data-elementor-id=\"2782\" class=\"elementor elementor-2782\" data-elementor-post-type=\"post\">\n\t\t\t\t<div class=\"elementor-element elementor-element-6a02907 e-flex e-con-boxed e-con e-parent\" data-id=\"6a02907\" data-element_type=\"container\" data-e-type=\"container\">\n\t\t\t\t\t<div class=\"e-con-inner\">\n\t\t<div class=\"elementor-element elementor-element-e30c90b e-con-full e-flex e-con e-child\" data-id=\"e30c90b\" data-element_type=\"container\" data-e-type=\"container\">\n\t\t\t\t<div class=\"elementor-element elementor-element-791f709 elementor-widget__width-inherit elementor-widget elementor-widget-heading\" data-id=\"791f709\" data-element_type=\"widget\" data-e-type=\"widget\" data-widget_type=\"heading.default\">\n\t\t\t\t\t<h1 class=\"elementor-heading-title elementor-size-default\">Wyjazd sanatoryjny \u015awierkowy Zdr\u00f3j Medical Spa w Rymanowie Zdroju - 18.09-01.10.2025 r. - przed\u0142u\u017cony termin sk\u0142adania wniosk\u00f3w do 31.03.2025 r.<\/h1>\t\t\t\t<\/div>\n\t\t\t\t<\/div>\n\t\t\t\t\t<\/div>\n\t\t\t\t<\/div>\n\t\t<div class=\"elementor-element elementor-element-a86bb8d e-flex e-con-boxed e-con e-parent\" data-id=\"a86bb8d\" data-element_type=\"container\" data-e-type=\"container\">\n\t\t\t\t\t<div class=\"e-con-inner\">\n\t\t<div class=\"elementor-element elementor-element-410f3d0 e-con-full e-flex e-con e-child\" data-id=\"410f3d0\" data-element_type=\"container\" data-e-type=\"container\">\n\t\t<div class=\"elementor-element elementor-element-0161690 e-con-full e-flex e-con e-child\" data-id=\"0161690\" data-element_type=\"container\" data-e-type=\"container\">\n\t\t\t\t<div class=\"elementor-element elementor-element-833a258 elementor-widget elementor-widget-image\" data-id=\"833a258\" data-element_type=\"widget\" data-e-type=\"widget\" data-widget_type=\"image.default\">\n\t\t\t\t\t\t\t\t\t\t\t\t\t\t\t<img fetchpriority=\"high\" decoding=\"async\" width=\"680\" height=\"453\" src=\"https:\/\/inzynier.rzeszow.pl\/wp-content\/uploads\/2026\/01\/obraz_2026-01-25_123616828.png\" class=\"attachment-large size-large wp-image-2778\" alt=\"\" srcset=\"https:\/\/inzynier.rzeszow.pl\/wp-content\/uploads\/2026\/01\/obraz_2026-01-25_123616828.png 680w, https:\/\/inzynier.rzeszow.pl\/wp-content\/uploads\/2026\/01\/obraz_2026-01-25_123616828-300x200.png 300w\" sizes=\"(max-width: 680px) 100vw, 680px\" \/>\t\t\t\t\t\t\t\t\t\t\t\t\t\t\t<\/div>\n\t\t\t\t<\/div>\n\t\t<div class=\"elementor-element elementor-element-ba0eba7 e-con-full e-flex e-con e-child\" data-id=\"ba0eba7\" data-element_type=\"container\" data-e-type=\"container\">\n\t\t\t\t<div class=\"elementor-element elementor-element-43c5e2f elementor-widget elementor-widget-text-editor\" data-id=\"43c5e2f\" data-element_type=\"widget\" data-e-type=\"widget\" data-widget_type=\"text-editor.default\">\n\t\t\t\t\t\t\t\t\t<p>Podkarpacka Okr\u0119gowa Izba In\u017cynier\u00f3w Budownictwa zaprasza czynnych cz\u0142onk\u00f3w wraz z osobami towarzysz\u0105cymi na WYJAZD SANATORYJNY do o\u015brodka \u015awierkowy Zdr\u00f3j Medical Spa w Rymanowie Zdroju.<\/p><p><strong><span style=\"color: #ff0000;\">Przed\u0142u\u017cony termin sk\u0142adania wniosk\u00f3w do 31.03.2025 r.<br \/><\/span><\/strong><strong><span style=\"color: #ff0000;\">Nab\u00f3r wniosk\u00f3w w terminie: od 24.02.2025 do 12.03.2025 r. lub do wcze\u015bniejszego wyczerpania miejsc.<\/span><\/strong><\/p><p><strong>TERMIN: 18.09-01.10.2025 r.\u00a0<\/strong>(14 dni &#8211; 13 nocleg\u00f3w)<\/p><p><strong>CENA:<br \/><\/strong><strong><br \/>&#8211; 5 005,00 z\u0142<\/strong>\u00a0za osob\u0119 w pokoju dwuosobowym<br \/><strong>&#8211; 5 265,00 z\u0142<\/strong>\u00a0za pok\u00f3j jednoosobowy<\/p>\t\t\t\t\t\t\t\t<\/div>\n\t\t\t\t<\/div>\n\t\t\t\t<\/div>\n\t\t\t\t\t<\/div>\n\t\t\t\t<\/div>\n\t\t<div class=\"elementor-element elementor-element-8f0fe26 e-flex e-con-boxed e-con e-parent\" data-id=\"8f0fe26\" data-element_type=\"container\" data-e-type=\"container\">\n\t\t\t\t\t<div class=\"e-con-inner\">\n\t\t\t\t<div class=\"elementor-element elementor-element-7ea9a2c elementor-widget elementor-widget-text-editor\" data-id=\"7ea9a2c\" data-element_type=\"widget\" data-e-type=\"widget\" data-widget_type=\"text-editor.default\">\n\t\t\t\t\t\t\t\t\t<p><strong>CENA ZAWIERA:<\/strong><\/p><p>&#8211; Zakwaterowanie (w pokojach szlafrok i zestaw powitalny)<br \/>&#8211; Wy\u017cywienie (\u015bniadania, obiadokolacje)<br \/><strong>&#8211; Trzy zabiegi lecznicze dziennie<\/strong>, zaordynowane przez lekarza O\u015brodka\u00a0<em>(zabiegi lecznicze nie s\u0105 wykonywane w niedziele i \u015bwi\u0119ta)<\/em><br \/>&#8211; 10 x seans w grocie solnej z t\u0119\u017cni\u0105 solankow\u0105 w pobycie 14 dniowym (seans trwa 30 minut)<br \/>&#8211; Wej\u015bcie do Mini Gym (30 minut) 2 razy w trakcie pobytu 14 dniowego<br \/>&#8211; Ca\u0142odobow\u0105 opiek\u0119 piel\u0119gniarsk\u0105<br \/>&#8211; Dost\u0119p do Internetu<br \/>&#8211; 4 wej\u015bcia do strefy basenowej (basen i jacuzzi) dla ka\u017cdej osoby<\/p><p><strong>CENA NIE ZAWIERA<br \/><\/strong><br \/>&#8211; Op\u0142aty uzdrowiskowej &#8211; 6,30 z\u0142\/osoba\/doba<\/p><p>Dla zainteresowanych wyjazdem informujemy, \u017ce wnioski przyjmowane b\u0119d\u0105\u00a0<strong>od 24.02.2025 do 12.03.2025 r. lub do wcze\u015bniejszego wyczerpania miejsc.<\/strong><\/p><p>Decyduje kolejno\u015b\u0107 zg\u0142osze\u0144. Wnioski z\u0142o\u017cone przed i po wyznaczonym terminie nie b\u0119d\u0105 brane pod uwag\u0119.\u00a0Osob\u0119 towarzysz\u0105c\u0105 nale\u017cy zg\u0142asza\u0107 na wniosku wraz z cz\u0142onkiem Izby.<\/p><p>Zg\u0142oszenia ch\u0119ci uczestnictwa w wyje\u017adzie (wnioski) prosimy przesy\u0142a\u0107 na druku\u00a0<a href=\"https:\/\/inzynier.rzeszow.pl\/pliki_do_pobrania\/Szkolenia\/wniosek%20o%20dofinansowanie%20udzialu%20w%20turnusach%20sanat.lub%20rehabil.%20dla%20poratowania%20zdrowia.doc\">wniosek o dofinansowanie turnusu sanatoryjnego lub rehabilitacyjnego<\/a>\u00a0(organizowanego przez PDK OIIB) w terminie wy\u017cej opisanym do biura PDK OIIB:<br \/><br \/>&#8211; drog\u0105 elektroniczn\u0105 na adres e-mailowy:<a href=\"mailto:dofinansowania@inzynier.rzeszow.pl\" target=\"_blank\" rel=\"noopener\">\u00a0dofinansowania@inzynier.rzeszow.pl<br \/><\/a>&#8211; osobi\u015bcie: ul Krakowska 289, pok. 108, tel. 17777 64 55<\/p><p>\u00a0<\/p><p><em>Zgodnie Regulaminem wspierania doskonalenia zawodowego ka\u017cdy czynny cz\u0142onek Izby mo\u017ce z\u0142o\u017cy\u0107 wniosek do Komisji Doskonalenia Zawodowego i uzyska\u0107 dofinansowanie do 50% koszt\u00f3w wyjazdu, lecz nie wi\u0119cej ni\u017c 650 z\u0142 w zale\u017cno\u015bci od wykorzystanego ju\u017c w danym roku dofinansowania.<\/em><\/p><p><em>Osob\u0119 towarzysz\u0105c\u0105 nale\u017cy zg\u0142asza\u0107 na wniosku wraz z cz\u0142onkiem Izby. Odp\u0142atno\u015b\u0107 za udzia\u0142 os\u00f3b towarzysz\u0105cych nieb\u0119d\u0105cych cz\u0142onkami PDK OIIB wynosi 100% koszt\u00f3w wycieczki.<\/em><\/p><p><em>Ponadto:<\/em><em><br \/><\/em><em>W przypadku rezygnacji uczestnika &#8211; cz\u0142onka PDK OIIB po terminie rezygnacji okre\u015blonym przez organizatora wyjazdu i bez wykupienia polisy ubezpieczeniowej &#8211; zwrot koszt\u00f3w w przypadku rezygnacji, uczestnik mo\u017ce na swoje miejsce znale\u017a\u0107 osob\u0119 na zast\u0119pstwo &#8211; cz\u0142onka PDK OIIB*.<\/em><em><br \/><\/em><em>Osobie, kt\u00f3ra zast\u0105pi uczestnika przys\u0142uguje dofinansowanie przys\u0142uguj\u0105ce jej na dany rok.<\/em><\/p><p><em>Uczestnik, kt\u00f3ry zrezygnowa\u0142 po terminie okre\u015blonym przez organizatora, w kt\u00f3rym mo\u017cna odst\u0105pi\u0107 od udzia\u0142u w wyje\u017adzie, nie wykupi\u0142 polisy ubezpieczeniowej &#8211; zwrot koszt\u00f3w w przypadku rezygnacji i nie znalaz\u0142 osoby &#8211; cz\u0142onka PDK OIIB na zast\u0119pstwo nie otrzymuje zwrotu wp\u0142aconych pieni\u0119dzy tytu\u0142em udzia\u0142u w wyje\u017adzie i traci przyznane dofinansowanie na dany rok.<\/em><\/p><p><em>Powy\u017csze informacje dotycz\u0105 r\u00f3wnie\u017c os\u00f3b towarzysz\u0105cych.<\/em><\/p>\t\t\t\t\t\t\t\t<\/div>\n\t\t\t\t\t<\/div>\n\t\t\t\t<\/div>\n\t\t\t\t<\/div>\n\t\t","protected":false},"excerpt":{"rendered":"<p>Wyjazd sanatoryjny \u015awierkowy Zdr\u00f3j Medical Spa w Rymanowie Zdroju &#8211; 18.09-01.10.2025 r. &#8211; przed\u0142u\u017cony termin sk\u0142adania wniosk\u00f3w do 31.03.2025 r. [&hellip;]<\/p>\n","protected":false},"author":1,"featured_media":2784,"comment_status":"closed","ping_status":"closed","sticky":false,"template":"","format":"standard","meta":{"site-sidebar-layout":"default","site-content-layout":"","ast-site-content-layout":"default","site-content-style":"default","site-sidebar-style":"default","ast-global-header-display":"","ast-banner-title-visibility":"","ast-main-header-display":"","ast-hfb-above-header-display":"","ast-hfb-below-header-display":"","ast-hfb-mobile-header-display":"","site-post-title":"","ast-breadcrumbs-content":"","ast-featured-img":"","footer-sml-layout":"","ast-disable-related-posts":"","theme-transparent-header-meta":"","adv-header-id-meta":"","stick-header-meta":"","header-above-stick-meta":"","header-main-stick-meta":"","header-below-stick-meta":"","astra-migrate-meta-layouts":"default","ast-page-background-enabled":"default","ast-page-background-meta":{"desktop":{"background-color":"var(--ast-global-color-5)","background-image":"","background-repeat":"repeat","background-position":"center center","background-size":"auto","background-attachment":"scroll","background-type":"","background-media":"","overlay-type":"","overlay-color":"","overlay-opacity":"","overlay-gradient":""},"tablet":{"background-color":"","background-image":"","background-repeat":"repeat","background-position":"center center","background-size":"auto","background-attachment":"scroll","background-type":"","background-media":"","overlay-type":"","overlay-color":"","overlay-opacity":"","overlay-gradient":""},"mobile":{"background-color":"","background-image":"","background-repeat":"repeat","background-position":"center center","background-size":"auto","background-attachment":"scroll","background-type":"","background-media":"","overlay-type":"","overlay-color":"","overlay-opacity":"","overlay-gradient":""}},"ast-content-background-meta":{"desktop":{"background-color":"var(--ast-global-color-4)","background-image":"","background-repeat":"repeat","background-position":"center center","background-size":"auto","background-attachment":"scroll","background-type":"","background-media":"","overlay-type":"","overlay-color":"","overlay-opacity":"","overlay-gradient":""},"tablet":{"background-color":"var(--ast-global-color-4)","background-image":"","background-repeat":"repeat","background-position":"center center","background-size":"auto","background-attachment":"scroll","background-type":"","background-media":"","overlay-type":"","overlay-color":"","overlay-opacity":"","overlay-gradient":""},"mobile":{"background-color":"var(--ast-global-color-4)","background-image":"","background-repeat":"repeat","background-position":"center center","background-size":"auto","background-attachment":"scroll","background-type":"","background-media":"","overlay-type":"","overlay-color":"","overlay-opacity":"","overlay-gradient":""}},"footnotes":""},"categories":[9,10,16],"tags":[],"class_list":["post-2782","post","type-post","status-publish","format-standard","has-post-thumbnail","hentry","category-wycieczki","category-wycieczki-integracyjne-rok-2025","category-z-zycia-izby"],"yoast_head":"<!-- This site is optimized with the Yoast SEO plugin v27.5 - https:\/\/yoast.com\/product\/yoast-seo-wordpress\/ -->\n<title>Wyjazd sanatoryjny \u015awierkowy Zdr\u00f3j Medical Spa w Rymanowie Zdroju - 18.09-01.10.2025 r. - Podkarpacka Okregowa Izba Inzynierow Budownictwa<\/title>\n<meta name=\"robots\" content=\"index, follow, max-snippet:-1, max-image-preview:large, max-video-preview:-1\" \/>\n<link rel=\"canonical\" href=\"https:\/\/inzynier.rzeszow.pl\/index.php\/2025\/08\/25\/wyjazd-sanatoryjny-swierkowy-zdroj-medical-spa-w-rymanowie-zdroju-18-09-01-10-2025-r\/\" \/>\n<meta property=\"og:locale\" content=\"pl_PL\" \/>\n<meta property=\"og:type\" content=\"article\" \/>\n<meta property=\"og:title\" content=\"Wyjazd sanatoryjny \u015awierkowy Zdr\u00f3j Medical Spa w Rymanowie Zdroju - 18.09-01.10.2025 r. - Podkarpacka Okregowa Izba Inzynierow Budownictwa\" \/>\n<meta property=\"og:description\" content=\"Wyjazd sanatoryjny \u015awierkowy Zdr\u00f3j Medical Spa w Rymanowie Zdroju &#8211; 18.09-01.10.2025 r. &#8211; przed\u0142u\u017cony termin sk\u0142adania wniosk\u00f3w do 31.03.2025 r. [&hellip;]\" \/>\n<meta property=\"og:url\" content=\"https:\/\/inzynier.rzeszow.pl\/index.php\/2025\/08\/25\/wyjazd-sanatoryjny-swierkowy-zdroj-medical-spa-w-rymanowie-zdroju-18-09-01-10-2025-r\/\" \/>\n<meta property=\"og:site_name\" content=\"Podkarpacka Okregowa Izba Inzynierow Budownictwa\" \/>\n<meta property=\"article:published_time\" content=\"2025-08-25T13:39:42+00:00\" \/>\n<meta property=\"article:modified_time\" content=\"2026-01-25T11:41:05+00:00\" \/>\n<meta property=\"og:image\" content=\"https:\/\/inzynier.rzeszow.pl\/wp-content\/uploads\/2025\/08\/obraz_2026-01-25_124024050.png\" \/>\n\t<meta property=\"og:image:width\" content=\"476\" \/>\n\t<meta property=\"og:image:height\" content=\"317\" \/>\n\t<meta property=\"og:image:type\" content=\"image\/png\" \/>\n<meta name=\"author\" content=\"admin\" \/>\n<meta name=\"twitter:card\" content=\"summary_large_image\" \/>\n<meta name=\"twitter:label1\" content=\"Napisane przez\" \/>\n\t<meta name=\"twitter:data1\" content=\"admin\" \/>\n\t<meta name=\"twitter:label2\" content=\"Szacowany czas czytania\" \/>\n\t<meta name=\"twitter:data2\" content=\"3 minuty\" \/>\n<script type=\"application\/ld+json\" class=\"yoast-schema-graph\">{\"@context\":\"https:\\\/\\\/schema.org\",\"@graph\":[{\"@type\":\"Article\",\"@id\":\"https:\\\/\\\/inzynier.rzeszow.pl\\\/index.php\\\/2025\\\/08\\\/25\\\/wyjazd-sanatoryjny-swierkowy-zdroj-medical-spa-w-rymanowie-zdroju-18-09-01-10-2025-r\\\/#article\",\"isPartOf\":{\"@id\":\"https:\\\/\\\/inzynier.rzeszow.pl\\\/index.php\\\/2025\\\/08\\\/25\\\/wyjazd-sanatoryjny-swierkowy-zdroj-medical-spa-w-rymanowie-zdroju-18-09-01-10-2025-r\\\/\"},\"author\":{\"name\":\"admin\",\"@id\":\"https:\\\/\\\/inzynier.rzeszow.pl\\\/#\\\/schema\\\/person\\\/21ca162d893bdc5760a95d704e9b1e39\"},\"headline\":\"Wyjazd sanatoryjny \u015awierkowy Zdr\u00f3j Medical Spa w Rymanowie Zdroju &#8211; 18.09-01.10.2025 r.\",\"datePublished\":\"2025-08-25T13:39:42+00:00\",\"dateModified\":\"2026-01-25T11:41:05+00:00\",\"mainEntityOfPage\":{\"@id\":\"https:\\\/\\\/inzynier.rzeszow.pl\\\/index.php\\\/2025\\\/08\\\/25\\\/wyjazd-sanatoryjny-swierkowy-zdroj-medical-spa-w-rymanowie-zdroju-18-09-01-10-2025-r\\\/\"},\"wordCount\":530,\"image\":{\"@id\":\"https:\\\/\\\/inzynier.rzeszow.pl\\\/index.php\\\/2025\\\/08\\\/25\\\/wyjazd-sanatoryjny-swierkowy-zdroj-medical-spa-w-rymanowie-zdroju-18-09-01-10-2025-r\\\/#primaryimage\"},\"thumbnailUrl\":\"https:\\\/\\\/inzynier.rzeszow.pl\\\/wp-content\\\/uploads\\\/2025\\\/08\\\/obraz_2026-01-25_124024050.png\",\"articleSection\":[\"Wycieczki\",\"Wycieczki integracyjne Rok 2025\",\"Z \u017cycia izby\"],\"inLanguage\":\"pl-PL\"},{\"@type\":\"WebPage\",\"@id\":\"https:\\\/\\\/inzynier.rzeszow.pl\\\/index.php\\\/2025\\\/08\\\/25\\\/wyjazd-sanatoryjny-swierkowy-zdroj-medical-spa-w-rymanowie-zdroju-18-09-01-10-2025-r\\\/\",\"url\":\"https:\\\/\\\/inzynier.rzeszow.pl\\\/index.php\\\/2025\\\/08\\\/25\\\/wyjazd-sanatoryjny-swierkowy-zdroj-medical-spa-w-rymanowie-zdroju-18-09-01-10-2025-r\\\/\",\"name\":\"Wyjazd sanatoryjny \u015awierkowy Zdr\u00f3j Medical Spa w Rymanowie Zdroju - 18.09-01.10.2025 r. - Podkarpacka Okregowa Izba Inzynierow Budownictwa\",\"isPartOf\":{\"@id\":\"https:\\\/\\\/inzynier.rzeszow.pl\\\/#website\"},\"primaryImageOfPage\":{\"@id\":\"https:\\\/\\\/inzynier.rzeszow.pl\\\/index.php\\\/2025\\\/08\\\/25\\\/wyjazd-sanatoryjny-swierkowy-zdroj-medical-spa-w-rymanowie-zdroju-18-09-01-10-2025-r\\\/#primaryimage\"},\"image\":{\"@id\":\"https:\\\/\\\/inzynier.rzeszow.pl\\\/index.php\\\/2025\\\/08\\\/25\\\/wyjazd-sanatoryjny-swierkowy-zdroj-medical-spa-w-rymanowie-zdroju-18-09-01-10-2025-r\\\/#primaryimage\"},\"thumbnailUrl\":\"https:\\\/\\\/inzynier.rzeszow.pl\\\/wp-content\\\/uploads\\\/2025\\\/08\\\/obraz_2026-01-25_124024050.png\",\"datePublished\":\"2025-08-25T13:39:42+00:00\",\"dateModified\":\"2026-01-25T11:41:05+00:00\",\"author\":{\"@id\":\"https:\\\/\\\/inzynier.rzeszow.pl\\\/#\\\/schema\\\/person\\\/21ca162d893bdc5760a95d704e9b1e39\"},\"breadcrumb\":{\"@id\":\"https:\\\/\\\/inzynier.rzeszow.pl\\\/index.php\\\/2025\\\/08\\\/25\\\/wyjazd-sanatoryjny-swierkowy-zdroj-medical-spa-w-rymanowie-zdroju-18-09-01-10-2025-r\\\/#breadcrumb\"},\"inLanguage\":\"pl-PL\",\"potentialAction\":[{\"@type\":\"ReadAction\",\"target\":[\"https:\\\/\\\/inzynier.rzeszow.pl\\\/index.php\\\/2025\\\/08\\\/25\\\/wyjazd-sanatoryjny-swierkowy-zdroj-medical-spa-w-rymanowie-zdroju-18-09-01-10-2025-r\\\/\"]}]},{\"@type\":\"ImageObject\",\"inLanguage\":\"pl-PL\",\"@id\":\"https:\\\/\\\/inzynier.rzeszow.pl\\\/index.php\\\/2025\\\/08\\\/25\\\/wyjazd-sanatoryjny-swierkowy-zdroj-medical-spa-w-rymanowie-zdroju-18-09-01-10-2025-r\\\/#primaryimage\",\"url\":\"https:\\\/\\\/inzynier.rzeszow.pl\\\/wp-content\\\/uploads\\\/2025\\\/08\\\/obraz_2026-01-25_124024050.png\",\"contentUrl\":\"https:\\\/\\\/inzynier.rzeszow.pl\\\/wp-content\\\/uploads\\\/2025\\\/08\\\/obraz_2026-01-25_124024050.png\",\"width\":476,\"height\":317},{\"@type\":\"BreadcrumbList\",\"@id\":\"https:\\\/\\\/inzynier.rzeszow.pl\\\/index.php\\\/2025\\\/08\\\/25\\\/wyjazd-sanatoryjny-swierkowy-zdroj-medical-spa-w-rymanowie-zdroju-18-09-01-10-2025-r\\\/#breadcrumb\",\"itemListElement\":[{\"@type\":\"ListItem\",\"position\":1,\"name\":\"Strona g\u0142\u00f3wna\",\"item\":\"https:\\\/\\\/inzynier.rzeszow.pl\\\/\"},{\"@type\":\"ListItem\",\"position\":2,\"name\":\"Wyjazd sanatoryjny \u015awierkowy Zdr\u00f3j Medical Spa w Rymanowie Zdroju &#8211; 18.09-01.10.2025 r.\"}]},{\"@type\":\"WebSite\",\"@id\":\"https:\\\/\\\/inzynier.rzeszow.pl\\\/#website\",\"url\":\"https:\\\/\\\/inzynier.rzeszow.pl\\\/\",\"name\":\"Podkarpacka Okregowa Izba Inzynierow Budownictwa\",\"description\":\"\",\"potentialAction\":[{\"@type\":\"SearchAction\",\"target\":{\"@type\":\"EntryPoint\",\"urlTemplate\":\"https:\\\/\\\/inzynier.rzeszow.pl\\\/?s={search_term_string}\"},\"query-input\":{\"@type\":\"PropertyValueSpecification\",\"valueRequired\":true,\"valueName\":\"search_term_string\"}}],\"inLanguage\":\"pl-PL\"},{\"@type\":\"Person\",\"@id\":\"https:\\\/\\\/inzynier.rzeszow.pl\\\/#\\\/schema\\\/person\\\/21ca162d893bdc5760a95d704e9b1e39\",\"name\":\"admin\",\"image\":{\"@type\":\"ImageObject\",\"inLanguage\":\"pl-PL\",\"@id\":\"https:\\\/\\\/secure.gravatar.com\\\/avatar\\\/d5d1959f10b94c8abcf928274f8bb5b8c7370b0dfadb0590911bacad18965f21?s=96&d=mm&r=g\",\"url\":\"https:\\\/\\\/secure.gravatar.com\\\/avatar\\\/d5d1959f10b94c8abcf928274f8bb5b8c7370b0dfadb0590911bacad18965f21?s=96&d=mm&r=g\",\"contentUrl\":\"https:\\\/\\\/secure.gravatar.com\\\/avatar\\\/d5d1959f10b94c8abcf928274f8bb5b8c7370b0dfadb0590911bacad18965f21?s=96&d=mm&r=g\",\"caption\":\"admin\"},\"sameAs\":[\"https:\\\/\\\/migracja.inzynier.rzeszow.pl\"],\"url\":\"https:\\\/\\\/inzynier.rzeszow.pl\\\/index.php\\\/author\\\/kwojcik\\\/\"}]}<\/script>\n<!-- \/ Yoast SEO plugin. -->","yoast_head_json":{"title":"Wyjazd sanatoryjny \u015awierkowy Zdr\u00f3j Medical Spa w Rymanowie Zdroju - 18.09-01.10.2025 r. - Podkarpacka Okregowa Izba Inzynierow Budownictwa","robots":{"index":"index","follow":"follow","max-snippet":"max-snippet:-1","max-image-preview":"max-image-preview:large","max-video-preview":"max-video-preview:-1"},"canonical":"https:\/\/inzynier.rzeszow.pl\/index.php\/2025\/08\/25\/wyjazd-sanatoryjny-swierkowy-zdroj-medical-spa-w-rymanowie-zdroju-18-09-01-10-2025-r\/","og_locale":"pl_PL","og_type":"article","og_title":"Wyjazd sanatoryjny \u015awierkowy Zdr\u00f3j Medical Spa w Rymanowie Zdroju - 18.09-01.10.2025 r. - Podkarpacka Okregowa Izba Inzynierow Budownictwa","og_description":"Wyjazd sanatoryjny \u015awierkowy Zdr\u00f3j Medical Spa w Rymanowie Zdroju &#8211; 18.09-01.10.2025 r. &#8211; przed\u0142u\u017cony termin sk\u0142adania wniosk\u00f3w do 31.03.2025 r. [&hellip;]","og_url":"https:\/\/inzynier.rzeszow.pl\/index.php\/2025\/08\/25\/wyjazd-sanatoryjny-swierkowy-zdroj-medical-spa-w-rymanowie-zdroju-18-09-01-10-2025-r\/","og_site_name":"Podkarpacka Okregowa Izba Inzynierow Budownictwa","article_published_time":"2025-08-25T13:39:42+00:00","article_modified_time":"2026-01-25T11:41:05+00:00","og_image":[{"width":476,"height":317,"url":"https:\/\/inzynier.rzeszow.pl\/wp-content\/uploads\/2025\/08\/obraz_2026-01-25_124024050.png","type":"image\/png"}],"author":"admin","twitter_card":"summary_large_image","twitter_misc":{"Napisane przez":"admin","Szacowany czas czytania":"3 minuty"},"schema":{"@context":"https:\/\/schema.org","@graph":[{"@type":"Article","@id":"https:\/\/inzynier.rzeszow.pl\/index.php\/2025\/08\/25\/wyjazd-sanatoryjny-swierkowy-zdroj-medical-spa-w-rymanowie-zdroju-18-09-01-10-2025-r\/#article","isPartOf":{"@id":"https:\/\/inzynier.rzeszow.pl\/index.php\/2025\/08\/25\/wyjazd-sanatoryjny-swierkowy-zdroj-medical-spa-w-rymanowie-zdroju-18-09-01-10-2025-r\/"},"author":{"name":"admin","@id":"https:\/\/inzynier.rzeszow.pl\/#\/schema\/person\/21ca162d893bdc5760a95d704e9b1e39"},"headline":"Wyjazd sanatoryjny \u015awierkowy Zdr\u00f3j Medical Spa w Rymanowie Zdroju &#8211; 18.09-01.10.2025 r.","datePublished":"2025-08-25T13:39:42+00:00","dateModified":"2026-01-25T11:41:05+00:00","mainEntityOfPage":{"@id":"https:\/\/inzynier.rzeszow.pl\/index.php\/2025\/08\/25\/wyjazd-sanatoryjny-swierkowy-zdroj-medical-spa-w-rymanowie-zdroju-18-09-01-10-2025-r\/"},"wordCount":530,"image":{"@id":"https:\/\/inzynier.rzeszow.pl\/index.php\/2025\/08\/25\/wyjazd-sanatoryjny-swierkowy-zdroj-medical-spa-w-rymanowie-zdroju-18-09-01-10-2025-r\/#primaryimage"},"thumbnailUrl":"https:\/\/inzynier.rzeszow.pl\/wp-content\/uploads\/2025\/08\/obraz_2026-01-25_124024050.png","articleSection":["Wycieczki","Wycieczki integracyjne Rok 2025","Z \u017cycia izby"],"inLanguage":"pl-PL"},{"@type":"WebPage","@id":"https:\/\/inzynier.rzeszow.pl\/index.php\/2025\/08\/25\/wyjazd-sanatoryjny-swierkowy-zdroj-medical-spa-w-rymanowie-zdroju-18-09-01-10-2025-r\/","url":"https:\/\/inzynier.rzeszow.pl\/index.php\/2025\/08\/25\/wyjazd-sanatoryjny-swierkowy-zdroj-medical-spa-w-rymanowie-zdroju-18-09-01-10-2025-r\/","name":"Wyjazd sanatoryjny \u015awierkowy Zdr\u00f3j Medical Spa w Rymanowie Zdroju - 18.09-01.10.2025 r. - Podkarpacka Okregowa Izba Inzynierow Budownictwa","isPartOf":{"@id":"https:\/\/inzynier.rzeszow.pl\/#website"},"primaryImageOfPage":{"@id":"https:\/\/inzynier.rzeszow.pl\/index.php\/2025\/08\/25\/wyjazd-sanatoryjny-swierkowy-zdroj-medical-spa-w-rymanowie-zdroju-18-09-01-10-2025-r\/#primaryimage"},"image":{"@id":"https:\/\/inzynier.rzeszow.pl\/index.php\/2025\/08\/25\/wyjazd-sanatoryjny-swierkowy-zdroj-medical-spa-w-rymanowie-zdroju-18-09-01-10-2025-r\/#primaryimage"},"thumbnailUrl":"https:\/\/inzynier.rzeszow.pl\/wp-content\/uploads\/2025\/08\/obraz_2026-01-25_124024050.png","datePublished":"2025-08-25T13:39:42+00:00","dateModified":"2026-01-25T11:41:05+00:00","author":{"@id":"https:\/\/inzynier.rzeszow.pl\/#\/schema\/person\/21ca162d893bdc5760a95d704e9b1e39"},"breadcrumb":{"@id":"https:\/\/inzynier.rzeszow.pl\/index.php\/2025\/08\/25\/wyjazd-sanatoryjny-swierkowy-zdroj-medical-spa-w-rymanowie-zdroju-18-09-01-10-2025-r\/#breadcrumb"},"inLanguage":"pl-PL","potentialAction":[{"@type":"ReadAction","target":["https:\/\/inzynier.rzeszow.pl\/index.php\/2025\/08\/25\/wyjazd-sanatoryjny-swierkowy-zdroj-medical-spa-w-rymanowie-zdroju-18-09-01-10-2025-r\/"]}]},{"@type":"ImageObject","inLanguage":"pl-PL","@id":"https:\/\/inzynier.rzeszow.pl\/index.php\/2025\/08\/25\/wyjazd-sanatoryjny-swierkowy-zdroj-medical-spa-w-rymanowie-zdroju-18-09-01-10-2025-r\/#primaryimage","url":"https:\/\/inzynier.rzeszow.pl\/wp-content\/uploads\/2025\/08\/obraz_2026-01-25_124024050.png","contentUrl":"https:\/\/inzynier.rzeszow.pl\/wp-content\/uploads\/2025\/08\/obraz_2026-01-25_124024050.png","width":476,"height":317},{"@type":"BreadcrumbList","@id":"https:\/\/inzynier.rzeszow.pl\/index.php\/2025\/08\/25\/wyjazd-sanatoryjny-swierkowy-zdroj-medical-spa-w-rymanowie-zdroju-18-09-01-10-2025-r\/#breadcrumb","itemListElement":[{"@type":"ListItem","position":1,"name":"Strona g\u0142\u00f3wna","item":"https:\/\/inzynier.rzeszow.pl\/"},{"@type":"ListItem","position":2,"name":"Wyjazd sanatoryjny \u015awierkowy Zdr\u00f3j Medical Spa w Rymanowie Zdroju &#8211; 18.09-01.10.2025 r."}]},{"@type":"WebSite","@id":"https:\/\/inzynier.rzeszow.pl\/#website","url":"https:\/\/inzynier.rzeszow.pl\/","name":"Podkarpacka Okregowa Izba Inzynierow Budownictwa","description":"","potentialAction":[{"@type":"SearchAction","target":{"@type":"EntryPoint","urlTemplate":"https:\/\/inzynier.rzeszow.pl\/?s={search_term_string}"},"query-input":{"@type":"PropertyValueSpecification","valueRequired":true,"valueName":"search_term_string"}}],"inLanguage":"pl-PL"},{"@type":"Person","@id":"https:\/\/inzynier.rzeszow.pl\/#\/schema\/person\/21ca162d893bdc5760a95d704e9b1e39","name":"admin","image":{"@type":"ImageObject","inLanguage":"pl-PL","@id":"https:\/\/secure.gravatar.com\/avatar\/d5d1959f10b94c8abcf928274f8bb5b8c7370b0dfadb0590911bacad18965f21?s=96&d=mm&r=g","url":"https:\/\/secure.gravatar.com\/avatar\/d5d1959f10b94c8abcf928274f8bb5b8c7370b0dfadb0590911bacad18965f21?s=96&d=mm&r=g","contentUrl":"https:\/\/secure.gravatar.com\/avatar\/d5d1959f10b94c8abcf928274f8bb5b8c7370b0dfadb0590911bacad18965f21?s=96&d=mm&r=g","caption":"admin"},"sameAs":["https:\/\/migracja.inzynier.rzeszow.pl"],"url":"https:\/\/inzynier.rzeszow.pl\/index.php\/author\/kwojcik\/"}]}},"rttpg_featured_image_url":{"full":["https:\/\/inzynier.rzeszow.pl\/wp-content\/uploads\/2025\/08\/obraz_2026-01-25_124024050.png",476,317,false],"landscape":["https:\/\/inzynier.rzeszow.pl\/wp-content\/uploads\/2025\/08\/obraz_2026-01-25_124024050.png",476,317,false],"portraits":["https:\/\/inzynier.rzeszow.pl\/wp-content\/uploads\/2025\/08\/obraz_2026-01-25_124024050.png",476,317,false],"thumbnail":["https:\/\/inzynier.rzeszow.pl\/wp-content\/uploads\/2025\/08\/obraz_2026-01-25_124024050-150x150.png",150,150,true],"medium":["https:\/\/inzynier.rzeszow.pl\/wp-content\/uploads\/2025\/08\/obraz_2026-01-25_124024050-300x200.png",300,200,true],"large":["https:\/\/inzynier.rzeszow.pl\/wp-content\/uploads\/2025\/08\/obraz_2026-01-25_124024050.png",476,317,false],"1536x1536":["https:\/\/inzynier.rzeszow.pl\/wp-content\/uploads\/2025\/08\/obraz_2026-01-25_124024050.png",476,317,false],"2048x2048":["https:\/\/inzynier.rzeszow.pl\/wp-content\/uploads\/2025\/08\/obraz_2026-01-25_124024050.png",476,317,false]},"rttpg_author":{"display_name":"admin","author_link":"https:\/\/inzynier.rzeszow.pl\/index.php\/author\/kwojcik\/"},"rttpg_comment":0,"rttpg_category":"<a href=\"https:\/\/inzynier.rzeszow.pl\/index.php\/category\/wycieczki\/\" rel=\"category tag\">Wycieczki<\/a> <a href=\"https:\/\/inzynier.rzeszow.pl\/index.php\/category\/wycieczki\/wycieczki-integracyjne-rok-2025\/\" rel=\"category tag\">Wycieczki integracyjne Rok 2025<\/a> <a href=\"https:\/\/inzynier.rzeszow.pl\/index.php\/category\/z-zycia-izby\/\" rel=\"category tag\">Z \u017cycia izby<\/a>","rttpg_excerpt":"Wyjazd sanatoryjny \u015awierkowy Zdr\u00f3j Medical Spa w Rymanowie Zdroju &#8211; 18.09-01.10.2025 r. &#8211; przed\u0142u\u017cony termin sk\u0142adania wniosk\u00f3w do 31.03.2025 r. [&hellip;]","_links":{"self":[{"href":"https:\/\/inzynier.rzeszow.pl\/index.php\/wp-json\/wp\/v2\/posts\/2782","targetHints":{"allow":["GET"]}}],"collection":[{"href":"https:\/\/inzynier.rzeszow.pl\/index.php\/wp-json\/wp\/v2\/posts"}],"about":[{"href":"https:\/\/inzynier.rzeszow.pl\/index.php\/wp-json\/wp\/v2\/types\/post"}],"author":[{"embeddable":true,"href":"https:\/\/inzynier.rzeszow.pl\/index.php\/wp-json\/wp\/v2\/users\/1"}],"replies":[{"embeddable":true,"href":"https:\/\/inzynier.rzeszow.pl\/index.php\/wp-json\/wp\/v2\/comments?post=2782"}],"version-history":[{"count":4,"href":"https:\/\/inzynier.rzeszow.pl\/index.php\/wp-json\/wp\/v2\/posts\/2782\/revisions"}],"predecessor-version":[{"id":2787,"href":"https:\/\/inzynier.rzeszow.pl\/index.php\/wp-json\/wp\/v2\/posts\/2782\/revisions\/2787"}],"wp:featuredmedia":[{"embeddable":true,"href":"https:\/\/inzynier.rzeszow.pl\/index.php\/wp-json\/wp\/v2\/media\/2784"}],"wp:attachment":[{"href":"https:\/\/inzynier.rzeszow.pl\/index.php\/wp-json\/wp\/v2\/media?parent=2782"}],"wp:term":[{"taxonomy":"category","embeddable":true,"href":"https:\/\/inzynier.rzeszow.pl\/index.php\/wp-json\/wp\/v2\/categories?post=2782"},{"taxonomy":"post_tag","embeddable":true,"href":"https:\/\/inzynier.rzeszow.pl\/index.php\/wp-json\/wp\/v2\/tags?post=2782"}],"curies":[{"name":"wp","href":"https:\/\/api.w.org\/{rel}","templated":true}]}}