{"id":2750,"date":"2025-01-29T14:18:19","date_gmt":"2025-01-29T14:18:19","guid":{"rendered":"https:\/\/migracja.inzynier.rzeszow.pl\/?p=2750"},"modified":"2026-01-25T11:31:08","modified_gmt":"2026-01-25T11:31:08","slug":"wycieczka-na-narty-wlochy-val-di-sole-autokar-samolot-marzec-2025-r","status":"publish","type":"post","link":"https:\/\/inzynier.rzeszow.pl\/index.php\/2025\/01\/29\/wycieczka-na-narty-wlochy-val-di-sole-autokar-samolot-marzec-2025-r\/","title":{"rendered":"Wycieczka na narty W\u0142ochy &#8211; Val di Sole &#8211; autokar, samolot &#8211; marzec 2025 r."},"content":{"rendered":"\t\t<div data-elementor-type=\"wp-post\" data-elementor-id=\"2750\" class=\"elementor elementor-2750\" data-elementor-post-type=\"post\">\n\t\t\t\t<div class=\"elementor-element elementor-element-a86bb8d e-flex e-con-boxed e-con e-parent\" data-id=\"a86bb8d\" data-element_type=\"container\" data-e-type=\"container\">\n\t\t\t\t\t<div class=\"e-con-inner\">\n\t\t<div class=\"elementor-element elementor-element-410f3d0 e-con-full e-flex e-con e-child\" data-id=\"410f3d0\" data-element_type=\"container\" data-e-type=\"container\">\n\t\t<div class=\"elementor-element elementor-element-0161690 e-con-full e-flex e-con e-child\" data-id=\"0161690\" data-element_type=\"container\" data-e-type=\"container\">\n\t\t\t\t<div class=\"elementor-element elementor-element-833a258 elementor-widget elementor-widget-image\" data-id=\"833a258\" data-element_type=\"widget\" data-e-type=\"widget\" data-widget_type=\"image.default\">\n\t\t\t\t\t\t\t\t\t\t\t\t\t\t\t<img fetchpriority=\"high\" decoding=\"async\" width=\"1024\" height=\"562\" src=\"https:\/\/inzynier.rzeszow.pl\/wp-content\/uploads\/2025\/01\/obraz_2026-01-25_122008644-1024x562.png\" class=\"attachment-large size-large wp-image-2752\" alt=\"\" srcset=\"https:\/\/inzynier.rzeszow.pl\/wp-content\/uploads\/2025\/01\/obraz_2026-01-25_122008644-1024x562.png 1024w, https:\/\/inzynier.rzeszow.pl\/wp-content\/uploads\/2025\/01\/obraz_2026-01-25_122008644-300x165.png 300w, https:\/\/inzynier.rzeszow.pl\/wp-content\/uploads\/2025\/01\/obraz_2026-01-25_122008644-768x422.png 768w, https:\/\/inzynier.rzeszow.pl\/wp-content\/uploads\/2025\/01\/obraz_2026-01-25_122008644.png 1200w\" sizes=\"(max-width: 1024px) 100vw, 1024px\" \/>\t\t\t\t\t\t\t\t\t\t\t\t\t\t\t<\/div>\n\t\t\t\t<\/div>\n\t\t<div class=\"elementor-element elementor-element-ba0eba7 e-con-full e-flex e-con e-child\" data-id=\"ba0eba7\" data-element_type=\"container\" data-e-type=\"container\">\n\t\t\t\t<div class=\"elementor-element elementor-element-43c5e2f elementor-widget elementor-widget-text-editor\" data-id=\"43c5e2f\" data-element_type=\"widget\" data-e-type=\"widget\" data-widget_type=\"text-editor.default\">\n\t\t\t\t\t\t\t\t\t<p><strong><span style=\"color: #ff0000;\">Podkarpacka Okr\u0119gowa Izba In\u017cynier\u00f3w Budownictwa informuje o przed\u0142u\u017ceniu naboru sk\u0142adania wniosk\u00f3w o dofinansowanie na wyjazd na narty &#8211; W\u0142ochy &#8211; Val di Sole.<br \/>Nab\u00f3r wniosk\u00f3w trwa do 15.11.2024 r. (pi\u0105tek) do godz. 10.00 lub do wcze\u015bniejszego wyczerpania miejsc.<\/span><\/strong><\/p><p>Podkarpacka Okr\u0119gowa Izba In\u017cynier\u00f3w Budownictwa zaprasza czynnych cz\u0142onk\u00f3w PDK OIIB wraz z osobami towarzysz\u0105cymi na wyjazd na\u00a0<strong>narty &#8211; W\u0142ochy &#8211; Val di Sole<\/strong>, organizowany przez Biuro Podr\u00f3\u017cy NaStok.pl<\/p><p><strong><span style=\"color: #ff0000;\">Nab\u00f3r wniosk\u00f3w w terminie:<br \/>od 02.10.2024 r. (\u015broda) do 14.10.2024 r. (poniedzia\u0142ek) do godz. 10.00<br \/>lub do wcze\u015bniejszego wyczerpania miejsc.<\/span><\/strong><\/p>\t\t\t\t\t\t\t\t<\/div>\n\t\t\t\t<\/div>\n\t\t\t\t<\/div>\n\t\t\t\t\t<\/div>\n\t\t\t\t<\/div>\n\t\t<div class=\"elementor-element elementor-element-a0217b1 e-flex e-con-boxed e-con e-parent\" data-id=\"a0217b1\" data-element_type=\"container\" data-e-type=\"container\">\n\t\t\t\t\t<div class=\"e-con-inner\">\n\t\t\t\t<div class=\"elementor-element elementor-element-0b10924 elementor-widget elementor-widget-text-editor\" data-id=\"0b10924\" data-element_type=\"widget\" data-e-type=\"widget\" data-widget_type=\"text-editor.default\">\n\t\t\t\t\t\t\t\t\t<p align=\"center\">PRZEDSTAWIAMY\u00a0<a href=\"https:\/\/nastok.pl\/oferty\/?region=valdisole&amp;hotel=pezotti\" target=\"_blank\" rel=\"noopener\"><strong>OFERT\u0118 WYJAZDU*<\/strong><\/a>\u00a0Z DWOMA WARIANTAMI DOJAZDU NA MIEJSCE<br \/>&#8211; Z MO\u017bLIWO\u015aCI\u0104 WYBORU (<em>wyjazd b\u0119dzie realizowany dla dw\u00f3ch wariant\u00f3w dojazdu)<br \/><\/em><strong><em><u>*Prosimy o zapoznanie z informacjami zawartymi w powy\u017cszym linku<\/u><\/em><\/strong><\/p><p><strong>1.\u00a0\u00a0\u00a0\u00a0<\/strong><strong>W\u0141OCHY &#8211; VAL DI SOLE &#8211; Hotel Pezzotti *** &#8211; przejazd autokarem &#8211; 07.03.2025r. &#8211; 16.03.2025r.<\/strong><\/p><p><strong><u>KOSZT: 4 650,00 z\u0142 za osob\u0119<\/u><\/strong><\/p><p>&#8211;\u00a0 \u00a0 dop\u0142ata do pokoju jednoosobowego &#8211; 550,00 z\u0142<\/p><p><strong>Ramowy program (wyjazd autokarowy):<\/strong><\/p><p>1 dzie\u0144 &#8211; wyjazd z Rzeszowa (siedziba PDK OIIB), przejazd przez Czechy, Austri\u0119 do W\u0142och<br \/>2 dzie\u0144 &#8211; przyjazd do Hotelu, zakwaterowanie od godziny 14.00<br \/>3-8 dzie\u0144 BIA\u0141E SZALE\u0143STWO!!!<br \/>9 dzie\u0144 &#8211; \u015bniadanie, wykwaterowanie z hotelu, przejazd przez W\u0142ochy, Austri\u0119 w kierunku Czech<br \/>10 dzie\u0144 &#8211; przyjazd do kraju w godzinach porannych.<br \/><br \/><\/p><p><strong>Cena zawiera:<\/strong><br \/>&#8211; transport lux autokarem<br \/>&#8211;\u00a0<strong>skipass Skiarea &#8211; Madonna, Marilleva, Folgarida, Pinzolo<\/strong><br \/>&#8211; skibus &#8211; przy hotelu<br \/>&#8211; zakwaterowanie<br \/>&#8211; wy\u017cywienie &#8211; \u015bniadania, obiadokolacje<br \/>&#8211; wst\u0119p na welness<br \/>&#8211; korzystanie z narciarni<br \/>&#8211; opiek\u0119 pilota &#8211; rezydenta<br \/>&#8211; ubezpieczenie KL (25.000 Euro), ratownictwo i poszukiwania (10.000 Euro), NNW (3500 Euro), baga\u017c 350 Euro, kontynuacja leczenia po powrocie (1.000 PLN) zawiera opcj\u0119 sporty zimowe<br \/>&#8211; kolacja regionalna<\/p><p><strong>Cena nie zawiera:<\/strong><br \/>&#8211; napoj\u00f3w do obiadokolacji<br \/>&#8211; taksy klimatycznej<br \/>&#8211; ubezpieczenia od koszt\u00f3w rezygnacji z wyjazdu<\/p><p><strong>2.\u00a0\u00a0\u00a0\u00a0<\/strong><strong>W\u0141OCHY &#8211; VAL DI SOLE &#8211; Hotel Pezzotti *** &#8211; przelot samolotem &#8211; 08.03.2025r. &#8211; 15.03.2025r.<\/strong><\/p><p><strong><u>KOSZT:<\/u><\/strong><strong><br \/>&#8211; 5890 z\u0142 za osob\u0119 z baga\u017cem (tj. sprz\u0119t narciarski oraz baga\u017c do 20 kg) nadanym autokarem<br \/>&#8211; 6350 z\u0142 za osob\u0119 z baga\u017cem w samolocie\u00a0<\/strong><\/p><p>&#8211;\u00a0\u00a0\u00a0 dop\u0142ata do pokoju jednoosobowego &#8211; 550,00 z\u0142<\/p><p><strong>Ramowy program (przelot samolotem):<\/strong><\/p><p>1 dzie\u0144 &#8211; wylot z Krakowa do Bergamo, transfer do hotelu, zakwaterowanie<br \/>2-7 dzie\u0144 BIA\u0141E SZALE\u0143STWO!!!<br \/>8 dzie\u0144 &#8211; \u015bniadanie, wykwaterowanie z hotelu, transfer na lotnisko, wylot z Bergamo do Krakowa<\/p><p><strong>Cena zawiera:<\/strong><br \/>&#8211; transfery: lotnisko Bergamo-hotel Pezzotti; hotel Pezzotti- lotnisko Bergamo<br \/>&#8211;\u00a0<strong>skipass Skiarea &#8211; Madonna, Marilleva, Folgarida, Pinzolo<\/strong><br \/>&#8211; skibus &#8211; przy hotelu<br \/>&#8211; zakwaterowanie<br \/>&#8211; wy\u017cywienie &#8211; \u015bniadania, obiadokolacje<br \/>&#8211; wst\u0119p na welness<br \/>&#8211; korzystanie z narciarni<br \/>&#8211; opiek\u0119 pilota &#8211; rezydenta<br \/>&#8211; ubezpieczenie KL (25.000 Euro), ratownictwo i poszukiwania (10.000 Euro), NNW (3500 Euro), baga\u017c 350 Euro, kontynuacja leczenia po powrocie (1.000 PLN) zawiera opcj\u0119 sporty zimowe<br \/>&#8211; kolacja regionalna<\/p><p><strong>Cena nie zawiera:<\/strong><br \/>&#8211; napoj\u00f3w do obiadokolacji<br \/>&#8211; taksy klimatycznej<br \/>&#8211; ubezpieczenia od koszt\u00f3w rezygnacji z wyjazdu<\/p><p>Dla zainteresowanych wyjazdem informujemy, \u017ce wnioski przyjmowane b\u0119d\u0105\u00a0<strong>od 02.10.2024 r. (\u015broda) do 14.10.2024 r. (poniedzia\u0142ek) do godz. 10.00 lub do wcze\u015bniejszego wyczerpania miejsc.<\/strong><\/p><p>Decyduje kolejno\u015b\u0107 zg\u0142osze\u0144. Wnioski z\u0142o\u017cone przed i po wyznaczonym terminie nie b\u0119d\u0105 brane pod uwag\u0119.\u00a0<\/p><p>W zwi\u0105zku z konieczno\u015bci\u0105 wp\u0142aty\u00a0<strong>zaliczki\u00a0<\/strong>na poczet rezerwacji informujemy, \u017ce osoby zg\u0142aszaj\u0105ce ch\u0119\u0107 uczestnictwa w wyje\u017adzie i zakwalifikowane wst\u0119pnie na list\u0119 uczestnik\u00f3w &#8211;\u00a0<strong>zostan\u0105 zobowi\u0105zane do bezzw\u0142ocznego uiszczenia wp\u0142aty 30% ca\u0142ej kwoty\u00a0<\/strong>oraz\u00a0<em>(dla ch\u0119tnych) 3% lub 6% warto\u015bci wyjazdu na poczet ubezpieczenia od koszt\u00f3w rezygnacji<strong>.<\/strong><\/em><strong><br \/><\/strong><em>Dane dotycz\u0105ce wp\u0142at zostan\u0105 przekazane e-mailowo do os\u00f3b zakwalifikowanych do udzia\u0142u w wyje\u017adzie<\/em>.<\/p><p><strong><u>Zach\u0119camy do wyrobienia\u00a0<\/u><\/strong><a href=\"https:\/\/pacjent.gov.pl\/ekuz\" target=\"_blank\" rel=\"noopener\"><strong>Europejskiej Karty Ubezpieczenia Zdrowotnego<\/strong><\/a><strong><u>.<\/u><\/strong><\/p><p>Zg\u0142oszenia ch\u0119ci uczestnictwa w wyje\u017adzie (wnioski) prosimy przesy\u0142a\u0107 na druku\u00a0<a href=\"https:\/\/inzynier.rzeszow.pl\/pliki_do_pobrania\/Szkolenia\/wniosek%20o%20dofinansowanie%20wycieczki%20(organizowanej%20lub%20wspolorganizowanej%20przez%20PDK%20OIIB).doc\" target=\"_blank\" rel=\"noopener\">wniosek o dofinansowanie wycieczki<\/a>\u00a0(organizowanej przez PDK OIIB) w terminie wy\u017cej opisanym do biura PDK OIIB:<\/p><p>&#8211; drog\u0105 elektroniczn\u0105 na adres e-mailowy:\u00a0<a href=\"mailto:dofinansowania@inzynier.rzeszow.pl\" target=\"_blank\" rel=\"noopener\">dofinansowania@inzynier.rzeszow.pl<\/a><br \/>&#8211; osobi\u015bcie: ul Krakowska 289, pok. 108, tel. 17\u00a0777 64 55<\/p><p><span style=\"color: #ff0000;\"><strong>W zg\u0142oszeniu prosimy wskaza\u0107:<\/strong><strong><br \/>&#8211;\u00a0kt\u00f3ry wariant przejazdu Pa\u0144stwo wybieracie<br \/>&#8211; jaki pok\u00f3j Pa\u0144stwo wybieracie (dwuosobowy\/jednoosobowy (+dop\u0142ata 550,00 z\u0142)<\/strong><\/span><\/p><p><br \/><em>Zgodnie Regulaminem wspierania doskonalenia zawodowego ka\u017cdy czynny cz\u0142onek Izby mo\u017ce z\u0142o\u017cy\u0107 wniosek do Komisji Doskonalenia Zawodowego i uzyska\u0107 dofinansowanie do 50% koszt\u00f3w wyjazdu, lecz nie wi\u0119cej ni\u017c 500 z\u0142 w zale\u017cno\u015bci od wykorzystanego ju\u017c w danym roku dofinansowania.<\/em><\/p><p><em>Osob\u0119 towarzysz\u0105c\u0105 nale\u017cy zg\u0142asza\u0107 na wniosku wraz z cz\u0142onkiem Izby.<\/em><em><br \/>Odp\u0142atno\u015b\u0107 za udzia\u0142 os\u00f3b towarzysz\u0105cych nieb\u0119d\u0105cych cz\u0142onkami PDK OIIB wynosi 100% koszt\u00f3w wycieczki.<\/em><\/p><p><em>Ponadto:<\/em><\/p><p><em>W przypadku rezygnacji uczestnika &#8211; cz\u0142onka PDK OIIB po terminie rezygnacji okre\u015blonym przez organizatora wyjazdu i bez wykupienia polisy ubezpieczeniowej &#8211; zwrot koszt\u00f3w w przypadku rezygnacji, uczestnik mo\u017ce na swoje miejsce znale\u017a\u0107 osob\u0119 na zast\u0119pstwo &#8211; cz\u0142onka PDK OIIB*. Osobie, kt\u00f3ra zast\u0105pi uczestnika przys\u0142uguje dofinansowanie przys\u0142uguj\u0105ce jej na dany rok.<\/em><\/p><p><em>Uczestnik, kt\u00f3ry zrezygnowa\u0142 po terminie okre\u015blonym przez organizatora, w kt\u00f3rym mo\u017cna odst\u0105pi\u0107 od udzia\u0142u w wyje\u017adzie, nie wykupi\u0142 polisy ubezpieczeniowej &#8211; zwrot koszt\u00f3w w przypadku rezygnacji i nie znalaz\u0142 osoby &#8211; cz\u0142onka PDK OIIB na zast\u0119pstwo nie otrzymuje zwrotu wp\u0142aconych pieni\u0119dzy tytu\u0142em udzia\u0142u w wyje\u017adzie i traci przyznane dofinansowanie na dany rok.<\/em><em><br \/><br \/>Powy\u017csze informacje dotycz\u0105 r\u00f3wnie\u017c os\u00f3b towarzysz\u0105cych.<\/em><\/p>\t\t\t\t\t\t\t\t<\/div>\n\t\t\t\t\t<\/div>\n\t\t\t\t<\/div>\n\t\t\t\t<\/div>\n\t\t","protected":false},"excerpt":{"rendered":"<p>Podkarpacka Okr\u0119gowa Izba In\u017cynier\u00f3w Budownictwa informuje o przed\u0142u\u017ceniu naboru sk\u0142adania wniosk\u00f3w o dofinansowanie na wyjazd na narty &#8211; W\u0142ochy &#8211; [&hellip;]<\/p>\n","protected":false},"author":1,"featured_media":2752,"comment_status":"closed","ping_status":"closed","sticky":false,"template":"","format":"standard","meta":{"site-sidebar-layout":"default","site-content-layout":"","ast-site-content-layout":"default","site-content-style":"default","site-sidebar-style":"default","ast-global-header-display":"","ast-banner-title-visibility":"","ast-main-header-display":"","ast-hfb-above-header-display":"","ast-hfb-below-header-display":"","ast-hfb-mobile-header-display":"","site-post-title":"","ast-breadcrumbs-content":"","ast-featured-img":"","footer-sml-layout":"","ast-disable-related-posts":"","theme-transparent-header-meta":"","adv-header-id-meta":"","stick-header-meta":"","header-above-stick-meta":"","header-main-stick-meta":"","header-below-stick-meta":"","astra-migrate-meta-layouts":"default","ast-page-background-enabled":"default","ast-page-background-meta":{"desktop":{"background-color":"var(--ast-global-color-5)","background-image":"","background-repeat":"repeat","background-position":"center center","background-size":"auto","background-attachment":"scroll","background-type":"","background-media":"","overlay-type":"","overlay-color":"","overlay-opacity":"","overlay-gradient":""},"tablet":{"background-color":"","background-image":"","background-repeat":"repeat","background-position":"center center","background-size":"auto","background-attachment":"scroll","background-type":"","background-media":"","overlay-type":"","overlay-color":"","overlay-opacity":"","overlay-gradient":""},"mobile":{"background-color":"","background-image":"","background-repeat":"repeat","background-position":"center center","background-size":"auto","background-attachment":"scroll","background-type":"","background-media":"","overlay-type":"","overlay-color":"","overlay-opacity":"","overlay-gradient":""}},"ast-content-background-meta":{"desktop":{"background-color":"var(--ast-global-color-4)","background-image":"","background-repeat":"repeat","background-position":"center center","background-size":"auto","background-attachment":"scroll","background-type":"","background-media":"","overlay-type":"","overlay-color":"","overlay-opacity":"","overlay-gradient":""},"tablet":{"background-color":"var(--ast-global-color-4)","background-image":"","background-repeat":"repeat","background-position":"center center","background-size":"auto","background-attachment":"scroll","background-type":"","background-media":"","overlay-type":"","overlay-color":"","overlay-opacity":"","overlay-gradient":""},"mobile":{"background-color":"var(--ast-global-color-4)","background-image":"","background-repeat":"repeat","background-position":"center center","background-size":"auto","background-attachment":"scroll","background-type":"","background-media":"","overlay-type":"","overlay-color":"","overlay-opacity":"","overlay-gradient":""}},"footnotes":""},"categories":[9,10,16],"tags":[],"class_list":["post-2750","post","type-post","status-publish","format-standard","has-post-thumbnail","hentry","category-wycieczki","category-wycieczki-integracyjne-rok-2025","category-z-zycia-izby"],"yoast_head":"<!-- This site is optimized with the Yoast SEO plugin v27.5 - https:\/\/yoast.com\/product\/yoast-seo-wordpress\/ -->\n<title>Wycieczka na narty W\u0142ochy - Val di Sole - autokar, samolot - marzec 2025 r. - Podkarpacka Okregowa Izba Inzynierow Budownictwa<\/title>\n<meta name=\"robots\" content=\"index, follow, max-snippet:-1, max-image-preview:large, max-video-preview:-1\" \/>\n<link rel=\"canonical\" href=\"https:\/\/inzynier.rzeszow.pl\/index.php\/2025\/01\/29\/wycieczka-na-narty-wlochy-val-di-sole-autokar-samolot-marzec-2025-r\/\" \/>\n<meta property=\"og:locale\" content=\"pl_PL\" \/>\n<meta property=\"og:type\" content=\"article\" \/>\n<meta property=\"og:title\" content=\"Wycieczka na narty W\u0142ochy - Val di Sole - autokar, samolot - marzec 2025 r. - Podkarpacka Okregowa Izba Inzynierow Budownictwa\" \/>\n<meta property=\"og:description\" content=\"Podkarpacka Okr\u0119gowa Izba In\u017cynier\u00f3w Budownictwa informuje o przed\u0142u\u017ceniu naboru sk\u0142adania wniosk\u00f3w o dofinansowanie na wyjazd na narty &#8211; W\u0142ochy &#8211; [&hellip;]\" \/>\n<meta property=\"og:url\" content=\"https:\/\/inzynier.rzeszow.pl\/index.php\/2025\/01\/29\/wycieczka-na-narty-wlochy-val-di-sole-autokar-samolot-marzec-2025-r\/\" \/>\n<meta property=\"og:site_name\" content=\"Podkarpacka Okregowa Izba Inzynierow Budownictwa\" \/>\n<meta property=\"article:published_time\" content=\"2025-01-29T14:18:19+00:00\" \/>\n<meta property=\"article:modified_time\" content=\"2026-01-25T11:31:08+00:00\" \/>\n<meta property=\"og:image\" content=\"https:\/\/inzynier.rzeszow.pl\/wp-content\/uploads\/2025\/01\/obraz_2026-01-25_122008644.png\" \/>\n\t<meta property=\"og:image:width\" content=\"1200\" \/>\n\t<meta property=\"og:image:height\" content=\"659\" \/>\n\t<meta property=\"og:image:type\" content=\"image\/png\" \/>\n<meta name=\"author\" content=\"admin\" \/>\n<meta name=\"twitter:card\" content=\"summary_large_image\" \/>\n<meta name=\"twitter:label1\" content=\"Napisane przez\" \/>\n\t<meta name=\"twitter:data1\" content=\"admin\" \/>\n\t<meta name=\"twitter:label2\" content=\"Szacowany czas czytania\" \/>\n\t<meta name=\"twitter:data2\" content=\"4 minuty\" \/>\n<script type=\"application\/ld+json\" class=\"yoast-schema-graph\">{\"@context\":\"https:\\\/\\\/schema.org\",\"@graph\":[{\"@type\":\"Article\",\"@id\":\"https:\\\/\\\/inzynier.rzeszow.pl\\\/index.php\\\/2025\\\/01\\\/29\\\/wycieczka-na-narty-wlochy-val-di-sole-autokar-samolot-marzec-2025-r\\\/#article\",\"isPartOf\":{\"@id\":\"https:\\\/\\\/inzynier.rzeszow.pl\\\/index.php\\\/2025\\\/01\\\/29\\\/wycieczka-na-narty-wlochy-val-di-sole-autokar-samolot-marzec-2025-r\\\/\"},\"author\":{\"name\":\"admin\",\"@id\":\"https:\\\/\\\/inzynier.rzeszow.pl\\\/#\\\/schema\\\/person\\\/21ca162d893bdc5760a95d704e9b1e39\"},\"headline\":\"Wycieczka na narty W\u0142ochy &#8211; Val di Sole &#8211; autokar, samolot &#8211; marzec 2025 r.\",\"datePublished\":\"2025-01-29T14:18:19+00:00\",\"dateModified\":\"2026-01-25T11:31:08+00:00\",\"mainEntityOfPage\":{\"@id\":\"https:\\\/\\\/inzynier.rzeszow.pl\\\/index.php\\\/2025\\\/01\\\/29\\\/wycieczka-na-narty-wlochy-val-di-sole-autokar-samolot-marzec-2025-r\\\/\"},\"wordCount\":894,\"image\":{\"@id\":\"https:\\\/\\\/inzynier.rzeszow.pl\\\/index.php\\\/2025\\\/01\\\/29\\\/wycieczka-na-narty-wlochy-val-di-sole-autokar-samolot-marzec-2025-r\\\/#primaryimage\"},\"thumbnailUrl\":\"https:\\\/\\\/inzynier.rzeszow.pl\\\/wp-content\\\/uploads\\\/2025\\\/01\\\/obraz_2026-01-25_122008644.png\",\"articleSection\":[\"Wycieczki\",\"Wycieczki integracyjne Rok 2025\",\"Z \u017cycia izby\"],\"inLanguage\":\"pl-PL\"},{\"@type\":\"WebPage\",\"@id\":\"https:\\\/\\\/inzynier.rzeszow.pl\\\/index.php\\\/2025\\\/01\\\/29\\\/wycieczka-na-narty-wlochy-val-di-sole-autokar-samolot-marzec-2025-r\\\/\",\"url\":\"https:\\\/\\\/inzynier.rzeszow.pl\\\/index.php\\\/2025\\\/01\\\/29\\\/wycieczka-na-narty-wlochy-val-di-sole-autokar-samolot-marzec-2025-r\\\/\",\"name\":\"Wycieczka na narty W\u0142ochy - Val di Sole - autokar, samolot - marzec 2025 r. - Podkarpacka Okregowa Izba Inzynierow Budownictwa\",\"isPartOf\":{\"@id\":\"https:\\\/\\\/inzynier.rzeszow.pl\\\/#website\"},\"primaryImageOfPage\":{\"@id\":\"https:\\\/\\\/inzynier.rzeszow.pl\\\/index.php\\\/2025\\\/01\\\/29\\\/wycieczka-na-narty-wlochy-val-di-sole-autokar-samolot-marzec-2025-r\\\/#primaryimage\"},\"image\":{\"@id\":\"https:\\\/\\\/inzynier.rzeszow.pl\\\/index.php\\\/2025\\\/01\\\/29\\\/wycieczka-na-narty-wlochy-val-di-sole-autokar-samolot-marzec-2025-r\\\/#primaryimage\"},\"thumbnailUrl\":\"https:\\\/\\\/inzynier.rzeszow.pl\\\/wp-content\\\/uploads\\\/2025\\\/01\\\/obraz_2026-01-25_122008644.png\",\"datePublished\":\"2025-01-29T14:18:19+00:00\",\"dateModified\":\"2026-01-25T11:31:08+00:00\",\"author\":{\"@id\":\"https:\\\/\\\/inzynier.rzeszow.pl\\\/#\\\/schema\\\/person\\\/21ca162d893bdc5760a95d704e9b1e39\"},\"breadcrumb\":{\"@id\":\"https:\\\/\\\/inzynier.rzeszow.pl\\\/index.php\\\/2025\\\/01\\\/29\\\/wycieczka-na-narty-wlochy-val-di-sole-autokar-samolot-marzec-2025-r\\\/#breadcrumb\"},\"inLanguage\":\"pl-PL\",\"potentialAction\":[{\"@type\":\"ReadAction\",\"target\":[\"https:\\\/\\\/inzynier.rzeszow.pl\\\/index.php\\\/2025\\\/01\\\/29\\\/wycieczka-na-narty-wlochy-val-di-sole-autokar-samolot-marzec-2025-r\\\/\"]}]},{\"@type\":\"ImageObject\",\"inLanguage\":\"pl-PL\",\"@id\":\"https:\\\/\\\/inzynier.rzeszow.pl\\\/index.php\\\/2025\\\/01\\\/29\\\/wycieczka-na-narty-wlochy-val-di-sole-autokar-samolot-marzec-2025-r\\\/#primaryimage\",\"url\":\"https:\\\/\\\/inzynier.rzeszow.pl\\\/wp-content\\\/uploads\\\/2025\\\/01\\\/obraz_2026-01-25_122008644.png\",\"contentUrl\":\"https:\\\/\\\/inzynier.rzeszow.pl\\\/wp-content\\\/uploads\\\/2025\\\/01\\\/obraz_2026-01-25_122008644.png\",\"width\":1200,\"height\":659},{\"@type\":\"BreadcrumbList\",\"@id\":\"https:\\\/\\\/inzynier.rzeszow.pl\\\/index.php\\\/2025\\\/01\\\/29\\\/wycieczka-na-narty-wlochy-val-di-sole-autokar-samolot-marzec-2025-r\\\/#breadcrumb\",\"itemListElement\":[{\"@type\":\"ListItem\",\"position\":1,\"name\":\"Strona g\u0142\u00f3wna\",\"item\":\"https:\\\/\\\/inzynier.rzeszow.pl\\\/\"},{\"@type\":\"ListItem\",\"position\":2,\"name\":\"Wycieczka na narty W\u0142ochy &#8211; Val di Sole &#8211; autokar, samolot &#8211; marzec 2025 r.\"}]},{\"@type\":\"WebSite\",\"@id\":\"https:\\\/\\\/inzynier.rzeszow.pl\\\/#website\",\"url\":\"https:\\\/\\\/inzynier.rzeszow.pl\\\/\",\"name\":\"Podkarpacka Okregowa Izba Inzynierow Budownictwa\",\"description\":\"\",\"potentialAction\":[{\"@type\":\"SearchAction\",\"target\":{\"@type\":\"EntryPoint\",\"urlTemplate\":\"https:\\\/\\\/inzynier.rzeszow.pl\\\/?s={search_term_string}\"},\"query-input\":{\"@type\":\"PropertyValueSpecification\",\"valueRequired\":true,\"valueName\":\"search_term_string\"}}],\"inLanguage\":\"pl-PL\"},{\"@type\":\"Person\",\"@id\":\"https:\\\/\\\/inzynier.rzeszow.pl\\\/#\\\/schema\\\/person\\\/21ca162d893bdc5760a95d704e9b1e39\",\"name\":\"admin\",\"image\":{\"@type\":\"ImageObject\",\"inLanguage\":\"pl-PL\",\"@id\":\"https:\\\/\\\/secure.gravatar.com\\\/avatar\\\/d5d1959f10b94c8abcf928274f8bb5b8c7370b0dfadb0590911bacad18965f21?s=96&d=mm&r=g\",\"url\":\"https:\\\/\\\/secure.gravatar.com\\\/avatar\\\/d5d1959f10b94c8abcf928274f8bb5b8c7370b0dfadb0590911bacad18965f21?s=96&d=mm&r=g\",\"contentUrl\":\"https:\\\/\\\/secure.gravatar.com\\\/avatar\\\/d5d1959f10b94c8abcf928274f8bb5b8c7370b0dfadb0590911bacad18965f21?s=96&d=mm&r=g\",\"caption\":\"admin\"},\"sameAs\":[\"https:\\\/\\\/migracja.inzynier.rzeszow.pl\"],\"url\":\"https:\\\/\\\/inzynier.rzeszow.pl\\\/index.php\\\/author\\\/kwojcik\\\/\"}]}<\/script>\n<!-- \/ Yoast SEO plugin. -->","yoast_head_json":{"title":"Wycieczka na narty W\u0142ochy - Val di Sole - autokar, samolot - marzec 2025 r. - Podkarpacka Okregowa Izba Inzynierow Budownictwa","robots":{"index":"index","follow":"follow","max-snippet":"max-snippet:-1","max-image-preview":"max-image-preview:large","max-video-preview":"max-video-preview:-1"},"canonical":"https:\/\/inzynier.rzeszow.pl\/index.php\/2025\/01\/29\/wycieczka-na-narty-wlochy-val-di-sole-autokar-samolot-marzec-2025-r\/","og_locale":"pl_PL","og_type":"article","og_title":"Wycieczka na narty W\u0142ochy - Val di Sole - autokar, samolot - marzec 2025 r. - Podkarpacka Okregowa Izba Inzynierow Budownictwa","og_description":"Podkarpacka Okr\u0119gowa Izba In\u017cynier\u00f3w Budownictwa informuje o przed\u0142u\u017ceniu naboru sk\u0142adania wniosk\u00f3w o dofinansowanie na wyjazd na narty &#8211; W\u0142ochy &#8211; [&hellip;]","og_url":"https:\/\/inzynier.rzeszow.pl\/index.php\/2025\/01\/29\/wycieczka-na-narty-wlochy-val-di-sole-autokar-samolot-marzec-2025-r\/","og_site_name":"Podkarpacka Okregowa Izba Inzynierow Budownictwa","article_published_time":"2025-01-29T14:18:19+00:00","article_modified_time":"2026-01-25T11:31:08+00:00","og_image":[{"width":1200,"height":659,"url":"https:\/\/inzynier.rzeszow.pl\/wp-content\/uploads\/2025\/01\/obraz_2026-01-25_122008644.png","type":"image\/png"}],"author":"admin","twitter_card":"summary_large_image","twitter_misc":{"Napisane przez":"admin","Szacowany czas czytania":"4 minuty"},"schema":{"@context":"https:\/\/schema.org","@graph":[{"@type":"Article","@id":"https:\/\/inzynier.rzeszow.pl\/index.php\/2025\/01\/29\/wycieczka-na-narty-wlochy-val-di-sole-autokar-samolot-marzec-2025-r\/#article","isPartOf":{"@id":"https:\/\/inzynier.rzeszow.pl\/index.php\/2025\/01\/29\/wycieczka-na-narty-wlochy-val-di-sole-autokar-samolot-marzec-2025-r\/"},"author":{"name":"admin","@id":"https:\/\/inzynier.rzeszow.pl\/#\/schema\/person\/21ca162d893bdc5760a95d704e9b1e39"},"headline":"Wycieczka na narty W\u0142ochy &#8211; Val di Sole &#8211; autokar, samolot &#8211; marzec 2025 r.","datePublished":"2025-01-29T14:18:19+00:00","dateModified":"2026-01-25T11:31:08+00:00","mainEntityOfPage":{"@id":"https:\/\/inzynier.rzeszow.pl\/index.php\/2025\/01\/29\/wycieczka-na-narty-wlochy-val-di-sole-autokar-samolot-marzec-2025-r\/"},"wordCount":894,"image":{"@id":"https:\/\/inzynier.rzeszow.pl\/index.php\/2025\/01\/29\/wycieczka-na-narty-wlochy-val-di-sole-autokar-samolot-marzec-2025-r\/#primaryimage"},"thumbnailUrl":"https:\/\/inzynier.rzeszow.pl\/wp-content\/uploads\/2025\/01\/obraz_2026-01-25_122008644.png","articleSection":["Wycieczki","Wycieczki integracyjne Rok 2025","Z \u017cycia izby"],"inLanguage":"pl-PL"},{"@type":"WebPage","@id":"https:\/\/inzynier.rzeszow.pl\/index.php\/2025\/01\/29\/wycieczka-na-narty-wlochy-val-di-sole-autokar-samolot-marzec-2025-r\/","url":"https:\/\/inzynier.rzeszow.pl\/index.php\/2025\/01\/29\/wycieczka-na-narty-wlochy-val-di-sole-autokar-samolot-marzec-2025-r\/","name":"Wycieczka na narty W\u0142ochy - Val di Sole - autokar, samolot - marzec 2025 r. - Podkarpacka Okregowa Izba Inzynierow Budownictwa","isPartOf":{"@id":"https:\/\/inzynier.rzeszow.pl\/#website"},"primaryImageOfPage":{"@id":"https:\/\/inzynier.rzeszow.pl\/index.php\/2025\/01\/29\/wycieczka-na-narty-wlochy-val-di-sole-autokar-samolot-marzec-2025-r\/#primaryimage"},"image":{"@id":"https:\/\/inzynier.rzeszow.pl\/index.php\/2025\/01\/29\/wycieczka-na-narty-wlochy-val-di-sole-autokar-samolot-marzec-2025-r\/#primaryimage"},"thumbnailUrl":"https:\/\/inzynier.rzeszow.pl\/wp-content\/uploads\/2025\/01\/obraz_2026-01-25_122008644.png","datePublished":"2025-01-29T14:18:19+00:00","dateModified":"2026-01-25T11:31:08+00:00","author":{"@id":"https:\/\/inzynier.rzeszow.pl\/#\/schema\/person\/21ca162d893bdc5760a95d704e9b1e39"},"breadcrumb":{"@id":"https:\/\/inzynier.rzeszow.pl\/index.php\/2025\/01\/29\/wycieczka-na-narty-wlochy-val-di-sole-autokar-samolot-marzec-2025-r\/#breadcrumb"},"inLanguage":"pl-PL","potentialAction":[{"@type":"ReadAction","target":["https:\/\/inzynier.rzeszow.pl\/index.php\/2025\/01\/29\/wycieczka-na-narty-wlochy-val-di-sole-autokar-samolot-marzec-2025-r\/"]}]},{"@type":"ImageObject","inLanguage":"pl-PL","@id":"https:\/\/inzynier.rzeszow.pl\/index.php\/2025\/01\/29\/wycieczka-na-narty-wlochy-val-di-sole-autokar-samolot-marzec-2025-r\/#primaryimage","url":"https:\/\/inzynier.rzeszow.pl\/wp-content\/uploads\/2025\/01\/obraz_2026-01-25_122008644.png","contentUrl":"https:\/\/inzynier.rzeszow.pl\/wp-content\/uploads\/2025\/01\/obraz_2026-01-25_122008644.png","width":1200,"height":659},{"@type":"BreadcrumbList","@id":"https:\/\/inzynier.rzeszow.pl\/index.php\/2025\/01\/29\/wycieczka-na-narty-wlochy-val-di-sole-autokar-samolot-marzec-2025-r\/#breadcrumb","itemListElement":[{"@type":"ListItem","position":1,"name":"Strona g\u0142\u00f3wna","item":"https:\/\/inzynier.rzeszow.pl\/"},{"@type":"ListItem","position":2,"name":"Wycieczka na narty W\u0142ochy &#8211; Val di Sole &#8211; autokar, samolot &#8211; marzec 2025 r."}]},{"@type":"WebSite","@id":"https:\/\/inzynier.rzeszow.pl\/#website","url":"https:\/\/inzynier.rzeszow.pl\/","name":"Podkarpacka Okregowa Izba Inzynierow Budownictwa","description":"","potentialAction":[{"@type":"SearchAction","target":{"@type":"EntryPoint","urlTemplate":"https:\/\/inzynier.rzeszow.pl\/?s={search_term_string}"},"query-input":{"@type":"PropertyValueSpecification","valueRequired":true,"valueName":"search_term_string"}}],"inLanguage":"pl-PL"},{"@type":"Person","@id":"https:\/\/inzynier.rzeszow.pl\/#\/schema\/person\/21ca162d893bdc5760a95d704e9b1e39","name":"admin","image":{"@type":"ImageObject","inLanguage":"pl-PL","@id":"https:\/\/secure.gravatar.com\/avatar\/d5d1959f10b94c8abcf928274f8bb5b8c7370b0dfadb0590911bacad18965f21?s=96&d=mm&r=g","url":"https:\/\/secure.gravatar.com\/avatar\/d5d1959f10b94c8abcf928274f8bb5b8c7370b0dfadb0590911bacad18965f21?s=96&d=mm&r=g","contentUrl":"https:\/\/secure.gravatar.com\/avatar\/d5d1959f10b94c8abcf928274f8bb5b8c7370b0dfadb0590911bacad18965f21?s=96&d=mm&r=g","caption":"admin"},"sameAs":["https:\/\/migracja.inzynier.rzeszow.pl"],"url":"https:\/\/inzynier.rzeszow.pl\/index.php\/author\/kwojcik\/"}]}},"rttpg_featured_image_url":{"full":["https:\/\/inzynier.rzeszow.pl\/wp-content\/uploads\/2025\/01\/obraz_2026-01-25_122008644.png",1200,659,false],"landscape":["https:\/\/inzynier.rzeszow.pl\/wp-content\/uploads\/2025\/01\/obraz_2026-01-25_122008644.png",1200,659,false],"portraits":["https:\/\/inzynier.rzeszow.pl\/wp-content\/uploads\/2025\/01\/obraz_2026-01-25_122008644.png",1200,659,false],"thumbnail":["https:\/\/inzynier.rzeszow.pl\/wp-content\/uploads\/2025\/01\/obraz_2026-01-25_122008644-150x150.png",150,150,true],"medium":["https:\/\/inzynier.rzeszow.pl\/wp-content\/uploads\/2025\/01\/obraz_2026-01-25_122008644-300x165.png",300,165,true],"large":["https:\/\/inzynier.rzeszow.pl\/wp-content\/uploads\/2025\/01\/obraz_2026-01-25_122008644-1024x562.png",1024,562,true],"1536x1536":["https:\/\/inzynier.rzeszow.pl\/wp-content\/uploads\/2025\/01\/obraz_2026-01-25_122008644.png",1200,659,false],"2048x2048":["https:\/\/inzynier.rzeszow.pl\/wp-content\/uploads\/2025\/01\/obraz_2026-01-25_122008644.png",1200,659,false]},"rttpg_author":{"display_name":"admin","author_link":"https:\/\/inzynier.rzeszow.pl\/index.php\/author\/kwojcik\/"},"rttpg_comment":0,"rttpg_category":"<a href=\"https:\/\/inzynier.rzeszow.pl\/index.php\/category\/wycieczki\/\" rel=\"category tag\">Wycieczki<\/a> <a href=\"https:\/\/inzynier.rzeszow.pl\/index.php\/category\/wycieczki\/wycieczki-integracyjne-rok-2025\/\" rel=\"category tag\">Wycieczki integracyjne Rok 2025<\/a> <a href=\"https:\/\/inzynier.rzeszow.pl\/index.php\/category\/z-zycia-izby\/\" rel=\"category tag\">Z \u017cycia izby<\/a>","rttpg_excerpt":"Podkarpacka Okr\u0119gowa Izba In\u017cynier\u00f3w Budownictwa informuje o przed\u0142u\u017ceniu naboru sk\u0142adania wniosk\u00f3w o dofinansowanie na wyjazd na narty &#8211; W\u0142ochy &#8211; [&hellip;]","_links":{"self":[{"href":"https:\/\/inzynier.rzeszow.pl\/index.php\/wp-json\/wp\/v2\/posts\/2750","targetHints":{"allow":["GET"]}}],"collection":[{"href":"https:\/\/inzynier.rzeszow.pl\/index.php\/wp-json\/wp\/v2\/posts"}],"about":[{"href":"https:\/\/inzynier.rzeszow.pl\/index.php\/wp-json\/wp\/v2\/types\/post"}],"author":[{"embeddable":true,"href":"https:\/\/inzynier.rzeszow.pl\/index.php\/wp-json\/wp\/v2\/users\/1"}],"replies":[{"embeddable":true,"href":"https:\/\/inzynier.rzeszow.pl\/index.php\/wp-json\/wp\/v2\/comments?post=2750"}],"version-history":[{"count":5,"href":"https:\/\/inzynier.rzeszow.pl\/index.php\/wp-json\/wp\/v2\/posts\/2750\/revisions"}],"predecessor-version":[{"id":2766,"href":"https:\/\/inzynier.rzeszow.pl\/index.php\/wp-json\/wp\/v2\/posts\/2750\/revisions\/2766"}],"wp:featuredmedia":[{"embeddable":true,"href":"https:\/\/inzynier.rzeszow.pl\/index.php\/wp-json\/wp\/v2\/media\/2752"}],"wp:attachment":[{"href":"https:\/\/inzynier.rzeszow.pl\/index.php\/wp-json\/wp\/v2\/media?parent=2750"}],"wp:term":[{"taxonomy":"category","embeddable":true,"href":"https:\/\/inzynier.rzeszow.pl\/index.php\/wp-json\/wp\/v2\/categories?post=2750"},{"taxonomy":"post_tag","embeddable":true,"href":"https:\/\/inzynier.rzeszow.pl\/index.php\/wp-json\/wp\/v2\/tags?post=2750"}],"curies":[{"name":"wp","href":"https:\/\/api.w.org\/{rel}","templated":true}]}}